{"id":28223,"date":"2025-02-13T21:39:23","date_gmt":"2025-02-13T21:39:23","guid":{"rendered":"https:\/\/avrupapress.com\/main\/?p=28223"},"modified":"2025-05-19T21:32:37","modified_gmt":"2025-05-19T21:32:37","slug":"tigad-cankirida-yeni-nesil-gazetecilik-konferansi-duzenliyor","status":"publish","type":"post","link":"https:\/\/avrupapress.com\/main\/2025\/02\/13\/tigad-cankirida-yeni-nesil-gazetecilik-konferansi-duzenliyor\/","title":{"rendered":"T\u0130GAD, \u00c7ank\u0131r\u0131\u2019da \u201cyeni nesil gazetecilik\u201d konferans\u0131 d\u00fczenliyor"},"content":{"rendered":"<p>T\u00fcrkiye \u0130nternet Gazetecili\u011fi Derne\u011fi\u2019nin (T\u0130GAD) \u201cyeni nesil gazetecilik \u00e7al\u0131\u015ftaylar\u0131\u201d serisi devam ediyor. T\u0130GAD\u2019\u0131n yeni \u00e7al\u0131\u015ftay dura\u011f\u0131 \u00c7ank\u0131r\u0131 olacak. T\u0130GAD \u00f6nc\u00fcl\u00fc\u011f\u00fcnde 21-24 \u015eubat tarihleri aras\u0131nda \u00c7ank\u0131r\u0131\u2019da d\u00fczenlenecek \u201cT\u0130GAD Yeni Nesil Gazetecilik ve Dijital Medya \u00c7al\u0131\u015ftay\u0131 &#8211; \u00c7ank\u0131r\u0131 Tarihi, K\u00fclt\u00fcrel ve Gastronomi De\u011ferlerini Tan\u0131tma Etkinli\u011fi\u201dne 100\u2019den fazla gazetecinin kat\u0131lmas\u0131 bekleniyor.<\/p>\n<p>T\u0130GAD organizasyonu ile d\u00fczenlenecek \u00e7al\u0131\u015ftay, \u00c7ank\u0131r\u0131 Valili\u011fi ve \u00c7ank\u0131r\u0131 Belediyesi\u2019nin deste\u011fi ile ger\u00e7ekle\u015ftiriliyor. Uluslararas\u0131 Sosyal Medya Kullan\u0131c\u0131lar\u0131 Derne\u011fi (USMEK), T\u00fcrkiye Radyo Televizyon ve \u0130nternet Habercileri Derne\u011fi (TVDER), T\u00fcrkiye \u0130nternet Gazetecili\u011fi Federasyonu (T\u0130GAF) ve OX Medya\u2019n\u0131n i\u015f birli\u011fi ile \u00e7al\u0131\u015ftaya \u00c7ank\u0131r\u0131\u2019daki baz\u0131 sivil toplum kurulu\u015flar\u0131 ve i\u015f insanlar\u0131 da destek veriyor. T\u0130GAD Genel Ba\u015fkan Yard\u0131mc\u0131s\u0131 Bayram Polat ve T\u0130GAD \u00c7ank\u0131r\u0131 \u0130l Temsilcisi Sedat \u00d6zt\u00fcrk\u2019\u00fcn organizasyonu ile ger\u00e7ekle\u015ftirilecek \u00e7al\u0131\u015ftayda deneyimli gazeteciler yeni nesil gazetecili\u011fi konu\u015facak. Program kapsam\u0131nda \u00c7ank\u0131r\u0131\u2019n\u0131n tarihi, turistik ve k\u00fclt\u00fcrel meka<\/p>\n<div style=\"overflow: auto; position: absolute; height: 0pt; width: 0pt;\">\n<a href=\"https:\/\/www.ankaraaltin.com\" title=\"ankara escort bayan\" rel=\"dofollow\" target=\"_blank\">ankara escort bayan<\/a><br \/>\n<a href=\"http:\/\/www.sincanburada.com\" title=\"Ankara s\u0131n\u0131rs\u0131z escort\" rel=\"dofollow\" target=\"_blank\">Ankara s\u0131n\u0131rs\u0131z escort<\/a><br \/>\n<a href=\"http:\/\/www.cankayadans.com\" title=\"\u00c7ankaya elden \u00f6deme alan escort\" rel=\"dofollow\" target=\"_blank\">\u00c7ankaya elden \u00f6deme alan escort<\/a>\n<\/div>\n<p> nlar\u0131n\u0131n da ziyaret edilece\u011fi gezi d\u00fczenlenecek.<\/p>\n<p>Yeni nesil gazetecilik \u00e7al\u0131\u015ftay\u0131nda deneyimli gazeteciler konu\u015facak<\/p>\n<p>T\u0130GAD\u2019\u0131n \u00c7ank\u0131r\u0131 program\u0131 kapsam\u0131nda \u00c7ank\u0131r\u0131 Selahattin \u0130nal G\u00fczel Sanatlar Lisesi Konferans Salonunda \u201cYeni Nesil Gazetecilik ve Dijital Medya \u00c7al\u0131\u015ftay\u0131\u201d d\u00fczenlenecek. \u00c7al\u0131\u015ftayda deneyimli isimle yeni nesil gazetecili\u011fi konu\u015facak. Haberler.com ve Sondakika.com Y\u00f6netim Kurulu Ba\u015fkan\u0131 Dr. Ekrem Teymur\u2019un moderat\u00f6rl\u00fc\u011f\u00fcnde d\u00fczenlenecek \u00e7al\u0131\u015ftayda konu\u015fmac\u0131lar ve ele alacaklar\u0131 konular \u015f\u00f6yle;<\/p>\n<p>\u00b7 H\u00fcrriyet Gazetesi Ankara Haber Koordinat\u00f6r\u00fc Murat Y\u0131lmaz (B\u00fcy\u00fck\u015fehirde Yerel ve Ulusal Medya)<\/p>\n<p>\u00b7 Haberler.com Yaz\u0131 \u0130\u015fleri M\u00fcd\u00fcr\u00fc Ay\u00e7a Elal (Dijital Medyan\u0131n Etik De\u011ferler S\u0131nav\u0131)<\/p>\n<p>\u00b7 TRT Haber Muhabiri Aynur Bayram (Kamu Yay\u0131nc\u0131l\u0131\u011f\u0131 ve Muhabirlik)<\/p>\n<p>\u00b7 Kanal D Haber Muhabiri \u0130brahim Konar (TV Haber Muhabirli\u011fi)<\/p>\n<p>\u00b7 Kanal 7 Haber Sunucusu Meryem Nas Mercan (TV Gazetecili\u011fi ve \u0130hbar Hatt\u0131)<\/p>\n<p>\u00b7 Ulusal Kanal Genel Yay\u0131n Y\u00f6netmeni Mustafa \u0130lker Y\u00fccel (Geleneksel Medyadan Dijital Medyaya Ge\u00e7i\u015f)<\/p>\n<p>\u00b7 A Haber ve ATV Haber B\u00f6lge M\u00fcd\u00fcr\u00fc Mehmet Ge\u00e7gel (Sava\u015f ve Saha Muhabirli\u011fi)<\/p>\n<p>\u00b7 Karaman Gazeteciler Cemiyeti Ba\u015fkan\u0131 ve T\u0130GAD Karaman \u0130l Temsilcisi Adem Kocat\u00fcrk (Yerelde internet Habercili\u011fi)<\/p>\n<p>\u00b7 \u00c7ank\u0131r\u0131 \u00c7al\u0131\u015fan Gazeteciler Derne\u011fi Ba\u015fkan\u0131 Murat Demir (Geleneksel Gazetecilik ve Gelece\u011fi)<\/p>\n<p>T\u0130GAD \u00c7ank\u0131r\u0131 program\u0131nda neler var?<\/p>\n<p>T\u0130GAD\u2019\u0131n \u00c7ank\u0131r\u0131 \u00e7al\u0131\u015ftay\u0131 ve gezi program\u0131 21-24 \u015eubat 2025 tarihleri aras\u0131nda d\u00fczenleniyor. Davetli gazeteciler \u00c7ank\u0131r\u0131 B\u00fcy\u00fck Otel\u2019de konaklayacak. Program kapsam\u0131nda T\u0130GAD heyeti, 21 \u015eubat Cuma g\u00fcn\u00fc T\u0130GAD heyeti \u00c7ank\u0131r\u0131 Valisi M. F\u0131rat Ta\u015folar\u2019\u0131 makam\u0131nda ziyaret edecek. Ard\u0131ndan \u201cYeni Nesil Gazetecilik ve Dijital Medya \u00c7al\u0131\u015ftay\u0131\u201d d\u00fczenlenecek. AK Parti \u00c7ank\u0131r\u0131 \u0130l Ba\u015fkan\u0131 Koray Erdo\u011fan ve \u0130l Genel Meclis Ba\u015fkan\u0131 Ahmet Ulusoy&rsquo;un deste\u011fi ile d\u00fczenlenecek ak\u015fam yeme\u011finin ard\u0131ndan \u00c7ank\u0131r\u0131 B\u00fcy\u00fck Otel\u2019de \u201cT\u0130GAD Genel Kurulu ve \u0130l Temsilcileri \u0130sti\u015fare Toplant\u0131s\u0131\u201d ger\u00e7ekle\u015ftirilecek.<\/p>\n<p>Gazeteciler, \u00c7ank\u0131r\u0131\u2019n\u0131n de\u011ferlerini ke\u015ffedecek<\/p>\n<p>Programa kat\u0131lan gazeteciler i\u00e7in ikinci g\u00fcn gezi program\u0131 da organize edildi. Bu kapsamda \u00c7ank\u0131r\u0131\u2019n\u0131n tarihi, turistik ve k\u00fclt\u00fcrel mekanlar\u0131 ziyaret edilecek. Gezi program\u0131ndaki yerler \u015funlar; \u00c7ank\u0131r\u0131 Yeralt\u0131 Tuz \u015eehri, \u00c7ank\u0131r\u0131 Kalesi, Ta\u015fmescit, \u00c7ank\u0131r\u0131 M\u00fczesi, \u00c7ank\u0131r\u0131 \u015eehitler M\u00fczesi, \u00c7ank\u0131r\u0131 Yaren Evi ziyareti, \u00c7ivit\u00e7io\u011flu Medresesi, Bu\u011fday Pazar\u0131 Medresesi, Ferit Akal\u0131n Radyo ve \u0130leti\u015fim M\u00fczesi, \u0130maret Uzunyol Caddesi, Haz\u0131miye Gazozcusu, \u0130maret Kahvecisi ziyareti, Ulu Cami, Tuzcular Arastas\u0131, Tarihi \u00c7ama\u015f\u0131rhane, \u00c7an Saati.<\/p>\n<p>\u015eaban\u00f6z\u00fc\u2019nde yaren meclisi, Ilgaz\u2019da kayak<\/p>\n<p>T\u0130GAD heyeti, \u00c7ank\u0131r\u0131 Belediye Ba\u015fkan\u0131 \u0130smail Hakk\u0131 Esen ile \u00f6\u011fle yeme\u011finde bir araya gelecek. Ak\u015fam da \u015eaban\u00f6z\u00fc il\u00e7esindeki T\u00fcrkiye\u2019nin en b\u00fcy\u00fck T\u00fcrkmen \u00c7ad\u0131r\u0131 ve Yaren Evinde \u201cG\u00fcrp\u0131nar Yaren Meclisi\u201dne kat\u0131l\u0131m sa\u011flanacak. Yaren meclisine \u00c7ank\u0131r\u0131 protokol\u00fc de kat\u0131lacak. Program\u0131n \u00fc\u00e7\u00fcnc\u00fc g\u00fcn\u00fc \u00c7erke\u015f Belediye Ba\u015fkan\u0131 Hasan Sopac\u0131\u2019n\u0131n ev sahipli\u011finde \u00c7erke\u015f I\u015f\u0131klar Kona\u011f\u0131\u2019nda d\u00fczenlenecek y\u00f6resel kahvalt\u0131n\u0131n ard\u0131ndan gazeteciler Ilgaz Y\u0131ld\u0131ztepe Kayak Merkezi\u2019nde teleferik, telesiyej, zipline, kayak ve k\u0131zak etkinliklerine kat\u0131lacak. Daha sonra Ilgaz Belediye Ba\u015fkan\u0131 Mehmed \u00d6zt\u00fcrk\u2019\u00fcn ev sahipli\u011finde Ilgaz Y\u0131ld\u0131ztepe\u2019de \u00f6\u011fle yeme\u011fi program\u0131 d\u00fczenlenecek. Ard\u0131ndan \u00c7ank\u0131r\u0131 Konfederasyonu Ba\u015fkan\u0131 Kaptan Mustafa Can ve \u00c7ank\u0131r\u0131 Dernekler Federasyonu Ba\u015fkan\u0131 Adem Can\u2019\u0131n kat\u0131l\u0131m\u0131 ile Ilgaz Y\u0131ld\u0131ztepe\u2019deki Nolana Otel\u2019de ak\u015fam yeme\u011fi program\u0131 ger\u00e7ekle\u015ftirilecek.<\/p>\n<p>Okan Ge\u00e7gel: T\u0130GAD, dijital ve geleneksel medyaya \u00f6nemli bir katk\u0131 sunuyor<\/p>\n<p>T\u0130GAD Genel Ba\u015fkan\u0131 Okan Ge\u00e7gel, \u00c7ank\u0131r\u0131 program\u0131n\u0131n organizasyonunu \u00fcstlenen T\u0130GAD Genel Ba\u015fkan Yard\u0131mc\u0131s\u0131 Bayram Polat ve T\u0130GAD \u00c7ank\u0131r\u0131 \u0130l Temsilcisi Sedat \u00d6zt\u00fcrk\u2019e te\u015fekk\u00fcr etti. Ge\u00e7gel, T\u0130GAD olarak dijital medya odakl\u0131 programlar organize ettiklerini belirterek, \u201cT\u0130GAD, salt bir dernek olmaktan \u00f6te mesle\u011fin sorunlar\u0131na odaklanan etkinlikleri ile dijital ve geleneksel medyaya \u00f6nemli bir katk\u0131 sunuyor. Deneyimli gazeteci arkada\u015flar\u0131m\u0131z\u0131 \u00e7al\u0131\u015ftaylarda bir araya getirerek, i\u015fin mutfa\u011f\u0131ndan deneyimler payla\u015fmalar\u0131n\u0131 sa\u011fl\u0131yoruz. Ayr\u0131ca, farkl\u0131 mecralarda ve farkl\u0131 fikirlerde olan gazeteciler aras\u0131nda dayan\u0131\u015fma zemini olu\u015fturuyoruz. Bu \u00e7er\u00e7evede \u00e7al\u0131\u015ftay ve k\u00fclt\u00fcr gezileri programlar\u0131m\u0131z\u0131 devam edecek. Bizi yaln\u0131z b\u0131rakmayan kurumlara, kurulu\u015flara, \u015firketlere ve t\u00fcm destek\u00e7ilerimize y\u00f6netim kurulum ad\u0131na \u015f\u00fckranlar\u0131m\u0131 sunuyorum.\u201d s\u00f6zlerini kaydetti.<\/p>\n<p>Bayram Polat: Gazeteci arkada\u015flar\u0131m\u0131z \u00c7ank\u0131r\u0131&rsquo;n\u0131n sesini T\u00fcrkiye\u2019ye ve d\u00fcnyaya duyuracak<\/p>\n<p>T\u0130GAD Genel Ba\u015fkan Yard\u0131mc\u0131s\u0131 Bayram Polat da, T\u00fcrkiye&rsquo;nin d\u00f6rt bir yan\u0131ndan yerel ve ulusal bas\u0131n-yay\u0131n kurulu\u015flar\u0131nda g\u00f6rev yapan 100\u2019den fazla gazeteciyi \u00c7ank\u0131r\u0131\u2019da a\u011f\u0131rlayacaklar\u0131n\u0131 belirterek, \u015funlar\u0131 s\u00f6yledi: \u201cGazeteciler, konusunda uzman birbirinden de\u011ferli isimlerin sunum yapaca\u011f\u0131 \u00e7al\u0131\u015ftay ile mesleki kazan\u0131mlar\u0131n\u0131 geli\u015ftirmekle kalmay\u0131p, \u00c7ank\u0131r\u0131\u2019da kald\u0131klar\u0131 s\u00fcre boyunca bu kadim \u015fehri adeta teneff\u00fcs edecekler. G\u00f6rd\u00fcklerini, ya\u015fad\u0131klar\u0131n\u0131 ve hissiyatlar\u0131n\u0131 kendi bak\u0131\u015f a\u00e7\u0131lar\u0131 ile g\u00f6rev yapt\u0131klar\u0131 yay\u0131n organlar\u0131nda anlatacak, \u00c7ank\u0131r\u0131\u2019n\u0131n ke\u015ffedilmeyi bekleyen g\u00fczelliklerini t\u00fcm y\u00f6nleriyle ele alacaklar. Gazeteci arkada\u015flar\u0131m\u0131z, \u00c7ank\u0131r\u0131\u2019n\u0131n tarihi, k\u00fclt\u00fcrel ve gastronomi de\u011ferlerini ke\u015ffedecek, bu g\u00fczellikleri milyonlara aktaracak. \u00c7ank\u0131r\u0131&rsquo;n\u0131n sesini T\u00fcrkiye\u2019ye ve d\u00fcnyaya duyuracak.\u201d<\/p>\n<p>Bayram Polat, organizasyona destek veren \u00c7ank\u0131r\u0131 Valili\u011fi, \u00c7ank\u0131r\u0131 Belediyesi, yerel y\u00f6netimler, sivil toplum kurulu\u015flar\u0131 ve \u00c7ank\u0131r\u0131l\u0131 i\u015f insanlar\u0131na minnettar olduklar\u0131n\u0131 belirterek, \u201cBu b\u00fcy\u00fck organizasyon, \u00c7ank\u0131r\u0131\u2019n\u0131n sadece bir ge\u00e7i\u015f g\u00fczerg\u00e2h\u0131 de\u011fil, ke\u015ffedilmeyi bekleyen bir turizm cenneti oldu\u011funu herkese g\u00f6sterecek.\u201d ifadelerini kulland\u0131. Polat, gazetecilere kap\u0131lar\u0131n\u0131 a\u00e7arak \u00fccretsiz konaklama imkan\u0131 sa\u011flayan \u00c7ank\u0131r\u0131 B\u00fcy\u00fck Otel i\u015fletmecisi Kadir Sezgin<\/p>\n<p><img loading=\"lazy\" decoding=\"async\" class=\"alignnone size-medium wp-image-28224\" src=\"https:\/\/avrupapress.com\/main\/wp-content\/uploads\/2025\/02\/IMG-20250213-WA0065-169x300.jpg\" alt=\"\" width=\"169\" height=\"300\" srcset=\"https:\/\/avrupapress.com\/main\/wp-content\/uploads\/2025\/02\/IMG-20250213-WA0065-169x300.jpg 169w, https:\/\/avrupapress.com\/main\/wp-content\/uploads\/2025\/02\/IMG-20250213-WA0065-575x1024.jpg 575w, https:\/\/avrupapress.com\/main\/wp-content\/uploads\/2025\/02\/IMG-20250213-WA0065-768x1367.jpg 768w, https:\/\/avrupapress.com\/main\/wp-content\/uploads\/2025\/02\/IMG-20250213-WA0065-863x1536.jpg 863w, https:\/\/avrupapress.com\/main\/wp-content\/uploads\/2025\/02\/IMG-20250213-WA0065.jpg 899w\" sizes=\"auto, (max-width: 169px) 100vw, 169px\" \/><\/p>\n<p>&nbsp;<\/p>\n<p><strong>Bilgin Ozcifci\u00a0 \u00a0 \u00a0\/\u00a0 \u00a0 \u00a0AVRUPAPRESS<\/strong><\/p>\n<p><strong>Bilgin Ozcifci\u00a0 \u00a0 \u00a0\/\u00a0 \u00a0 \u00a0 AVRUPAPRESS<\/strong><\/p>\n","protected":false},"excerpt":{"rendered":"<p>T\u00fcrkiye \u0130nternet Gazetecili\u011fi Derne\u011fi\u2019nin (T\u0130GAD) \u201cyeni nesil gazetecilik \u00e7al\u0131\u015ftaylar\u0131\u201d serisi devam ediyor. T\u0130GAD\u2019\u0131n yeni \u00e7al\u0131\u015ftay dura\u011f\u0131 \u00c7ank\u0131r\u0131 olacak. T\u0130GAD \u00f6nc\u00fcl\u00fc\u011f\u00fcnde 21-24 \u015eubat tarihleri aras\u0131nda \u00c7ank\u0131r\u0131\u2019da d\u00fczenlenecek \u201cT\u0130GAD Yeni Nesil Gazetecilik ve Dijital Medya \u00c7al\u0131\u015ftay\u0131 &#8211; \u00c7ank\u0131r\u0131 Tarihi, K\u00fclt\u00fcrel ve Gastronomi De\u011ferlerini Tan\u0131tma Etkinli\u011fi\u201dne 100\u2019den fazla gazetecinin kat\u0131lmas\u0131 bekleniyor. T\u0130GAD organizasyonu ile d\u00fczenlenecek \u00e7al\u0131\u015ftay, \u00c7ank\u0131r\u0131 Valili\u011fi [&hellip;]<\/p>\n","protected":false},"author":3,"featured_media":28225,"comment_status":"closed","ping_status":"open","sticky":false,"template":"","format":"standard","meta":{"footnotes":""},"categories":[14,16,3,17,18,15,19,2,1],"tags":[],"class_list":["post-28223","post","type-post","status-publish","format-standard","has-post-thumbnail","hentry","category-avrupa","category-belcika","category-dunya","category-ekonomi","category-kultur-sanat","category-spor","category-tanitim","category-turkiye","category-uncategorized"],"yoast_head":"<!-- This site is optimized with the Yoast SEO plugin v26.9 - https:\/\/yoast.com\/product\/yoast-seo-wordpress\/ -->\n<title>T\u0130GAD, \u00c7ank\u0131r\u0131\u2019da \u201cyeni nesil gazetecilik\u201d konferans\u0131 d\u00fczenliyor - AvrupaPress<\/title>\n<meta name=\"robots\" content=\"index, follow, max-snippet:-1, max-image-preview:large, max-video-preview:-1\" \/>\n<link rel=\"canonical\" href=\"https:\/\/avrupapress.com\/main\/2025\/02\/13\/tigad-cankirida-yeni-nesil-gazetecilik-konferansi-duzenliyor\/\" \/>\n<meta property=\"og:locale\" content=\"fr_FR\" \/>\n<meta property=\"og:type\" content=\"article\" \/>\n<meta property=\"og:title\" content=\"T\u0130GAD, \u00c7ank\u0131r\u0131\u2019da \u201cyeni nesil gazetecilik\u201d konferans\u0131 d\u00fczenliyor - AvrupaPress\" \/>\n<meta property=\"og:description\" content=\"T\u00fcrkiye \u0130nternet Gazetecili\u011fi Derne\u011fi\u2019nin (T\u0130GAD) \u201cyeni nesil gazetecilik \u00e7al\u0131\u015ftaylar\u0131\u201d serisi devam ediyor. T\u0130GAD\u2019\u0131n yeni \u00e7al\u0131\u015ftay dura\u011f\u0131 \u00c7ank\u0131r\u0131 olacak. T\u0130GAD \u00f6nc\u00fcl\u00fc\u011f\u00fcnde 21-24 \u015eubat tarihleri aras\u0131nda \u00c7ank\u0131r\u0131\u2019da d\u00fczenlenecek \u201cT\u0130GAD Yeni Nesil Gazetecilik ve Dijital Medya \u00c7al\u0131\u015ftay\u0131 &#8211; \u00c7ank\u0131r\u0131 Tarihi, K\u00fclt\u00fcrel ve Gastronomi De\u011ferlerini Tan\u0131tma Etkinli\u011fi\u201dne 100\u2019den fazla gazetecinin kat\u0131lmas\u0131 bekleniyor. T\u0130GAD organizasyonu ile d\u00fczenlenecek \u00e7al\u0131\u015ftay, \u00c7ank\u0131r\u0131 Valili\u011fi [&hellip;]\" \/>\n<meta property=\"og:url\" content=\"https:\/\/avrupapress.com\/main\/2025\/02\/13\/tigad-cankirida-yeni-nesil-gazetecilik-konferansi-duzenliyor\/\" \/>\n<meta property=\"og:site_name\" content=\"AvrupaPress\" \/>\n<meta property=\"article:published_time\" content=\"2025-02-13T21:39:23+00:00\" \/>\n<meta property=\"article:modified_time\" content=\"2025-05-19T21:32:37+00:00\" \/>\n<meta property=\"og:image\" content=\"https:\/\/avrupapress.com\/main\/wp-content\/uploads\/2025\/02\/IMG-20250213-WA0064.jpg\" \/>\n\t<meta property=\"og:image:width\" content=\"1500\" \/>\n\t<meta property=\"og:image:height\" content=\"1500\" \/>\n\t<meta property=\"og:image:type\" content=\"image\/jpeg\" \/>\n<meta name=\"author\" content=\"Edit\u00f6r\" \/>\n<meta name=\"twitter:card\" content=\"summary_large_image\" \/>\n<meta name=\"twitter:label1\" content=\"\u00c9crit par\" \/>\n\t<meta name=\"twitter:data1\" content=\"Edit\u00f6r\" \/>\n\t<meta name=\"twitter:label2\" content=\"Dur\u00e9e de lecture est.\" \/>\n\t<meta name=\"twitter:data2\" content=\"5 minutes\" \/>\n<script type=\"application\/ld+json\" class=\"yoast-schema-graph\">{\"@context\":\"https:\/\/schema.org\",\"@graph\":[{\"@type\":\"Article\",\"@id\":\"https:\/\/avrupapress.com\/main\/2025\/02\/13\/tigad-cankirida-yeni-nesil-gazetecilik-konferansi-duzenliyor\/#article\",\"isPartOf\":{\"@id\":\"https:\/\/avrupapress.com\/main\/2025\/02\/13\/tigad-cankirida-yeni-nesil-gazetecilik-konferansi-duzenliyor\/\"},\"author\":{\"name\":\"Edit\u00f6r\",\"@id\":\"https:\/\/avrupapress.com\/#\/schema\/person\/68428444ec60970d1e1b700cf4ca1e8f\"},\"headline\":\"T\u0130GAD, \u00c7ank\u0131r\u0131\u2019da \u201cyeni nesil gazetecilik\u201d konferans\u0131 d\u00fczenliyor\",\"datePublished\":\"2025-02-13T21:39:23+00:00\",\"dateModified\":\"2025-05-19T21:32:37+00:00\",\"mainEntityOfPage\":{\"@id\":\"https:\/\/avrupapress.com\/main\/2025\/02\/13\/tigad-cankirida-yeni-nesil-gazetecilik-konferansi-duzenliyor\/\"},\"wordCount\":1279,\"publisher\":{\"@id\":\"https:\/\/avrupapress.com\/#\/schema\/person\/0223dca19c72c43575bf30d1a2d8f4fa\"},\"image\":{\"@id\":\"https:\/\/avrupapress.com\/main\/2025\/02\/13\/tigad-cankirida-yeni-nesil-gazetecilik-konferansi-duzenliyor\/#primaryimage\"},\"thumbnailUrl\":\"https:\/\/avrupapress.com\/main\/wp-content\/uploads\/2025\/02\/IMG-20250213-WA0064.jpg\",\"articleSection\":[\"Avrupa\",\"Bel\u00e7ika\",\"D\u00fcnya\",\"Ekonomi\",\"K\u00fclt\u00fcr-Sanat\",\"Spor\",\"Tan\u0131t\u0131m\",\"T\u00fcrkiye\",\"Uncategorized\"],\"inLanguage\":\"fr-BE\"},{\"@type\":\"WebPage\",\"@id\":\"https:\/\/avrupapress.com\/main\/2025\/02\/13\/tigad-cankirida-yeni-nesil-gazetecilik-konferansi-duzenliyor\/\",\"url\":\"https:\/\/avrupapress.com\/main\/2025\/02\/13\/tigad-cankirida-yeni-nesil-gazetecilik-konferansi-duzenliyor\/\",\"name\":\"T\u0130GAD, \u00c7ank\u0131r\u0131\u2019da \u201cyeni nesil gazetecilik\u201d konferans\u0131 d\u00fczenliyor - AvrupaPress\",\"isPartOf\":{\"@id\":\"https:\/\/avrupapress.com\/#website\"},\"primaryImageOfPage\":{\"@id\":\"https:\/\/avrupapress.com\/main\/2025\/02\/13\/tigad-cankirida-yeni-nesil-gazetecilik-konferansi-duzenliyor\/#primaryimage\"},\"image\":{\"@id\":\"https:\/\/avrupapress.com\/main\/2025\/02\/13\/tigad-cankirida-yeni-nesil-gazetecilik-konferansi-duzenliyor\/#primaryimage\"},\"thumbnailUrl\":\"https:\/\/avrupapress.com\/main\/wp-content\/uploads\/2025\/02\/IMG-20250213-WA0064.jpg\",\"datePublished\":\"2025-02-13T21:39:23+00:00\",\"dateModified\":\"2025-05-19T21:32:37+00:00\",\"breadcrumb\":{\"@id\":\"https:\/\/avrupapress.com\/main\/2025\/02\/13\/tigad-cankirida-yeni-nesil-gazetecilik-konferansi-duzenliyor\/#breadcrumb\"},\"inLanguage\":\"fr-BE\",\"potentialAction\":[{\"@type\":\"ReadAction\",\"target\":[\"https:\/\/avrupapress.com\/main\/2025\/02\/13\/tigad-cankirida-yeni-nesil-gazetecilik-konferansi-duzenliyor\/\"]}]},{\"@type\":\"ImageObject\",\"inLanguage\":\"fr-BE\",\"@id\":\"https:\/\/avrupapress.com\/main\/2025\/02\/13\/tigad-cankirida-yeni-nesil-gazetecilik-konferansi-duzenliyor\/#primaryimage\",\"url\":\"https:\/\/avrupapress.com\/main\/wp-content\/uploads\/2025\/02\/IMG-20250213-WA0064.jpg\",\"contentUrl\":\"https:\/\/avrupapress.com\/main\/wp-content\/uploads\/2025\/02\/IMG-20250213-WA0064.jpg\",\"width\":1500,\"height\":1500},{\"@type\":\"BreadcrumbList\",\"@id\":\"https:\/\/avrupapress.com\/main\/2025\/02\/13\/tigad-cankirida-yeni-nesil-gazetecilik-konferansi-duzenliyor\/#breadcrumb\",\"itemListElement\":[{\"@type\":\"ListItem\",\"position\":1,\"name\":\"Anasayfa\",\"item\":\"https:\/\/avrupapress.com\/\"},{\"@type\":\"ListItem\",\"position\":2,\"name\":\"T\u0130GAD, \u00c7ank\u0131r\u0131\u2019da \u201cyeni nesil gazetecilik\u201d konferans\u0131 d\u00fczenliyor\"}]},{\"@type\":\"WebSite\",\"@id\":\"https:\/\/avrupapress.com\/#website\",\"url\":\"https:\/\/avrupapress.com\/\",\"name\":\"AvrupaPress\",\"description\":\"Haberin Adresi\",\"publisher\":{\"@id\":\"https:\/\/avrupapress.com\/#\/schema\/person\/0223dca19c72c43575bf30d1a2d8f4fa\"},\"potentialAction\":[{\"@type\":\"SearchAction\",\"target\":{\"@type\":\"EntryPoint\",\"urlTemplate\":\"https:\/\/avrupapress.com\/?s={search_term_string}\"},\"query-input\":{\"@type\":\"PropertyValueSpecification\",\"valueRequired\":true,\"valueName\":\"search_term_string\"}}],\"inLanguage\":\"fr-BE\"},{\"@type\":[\"Person\",\"Organization\"],\"@id\":\"https:\/\/avrupapress.com\/#\/schema\/person\/0223dca19c72c43575bf30d1a2d8f4fa\",\"name\":\"Bilgin \u00d6z\u00e7ift\u00e7i\",\"image\":{\"@type\":\"ImageObject\",\"inLanguage\":\"fr-BE\",\"@id\":\"https:\/\/avrupapress.com\/#\/schema\/person\/image\/\",\"url\":\"https:\/\/secure.gravatar.com\/avatar\/0f23b280433a21e1ea7a0adcc46ed0ad16afe3ad8e630fd13d8a017dcbd54ef3?s=96&d=mm&r=g\",\"contentUrl\":\"https:\/\/secure.gravatar.com\/avatar\/0f23b280433a21e1ea7a0adcc46ed0ad16afe3ad8e630fd13d8a017dcbd54ef3?s=96&d=mm&r=g\",\"caption\":\"Bilgin \u00d6z\u00e7ift\u00e7i\"},\"logo\":{\"@id\":\"https:\/\/avrupapress.com\/#\/schema\/person\/image\/\"},\"description\":\"Ne ben, nede sen... Biz ancak \\\"biz\\\" olursak g\u00fc\u00e7l\u00fc olabiliriz\"},{\"@type\":\"Person\",\"@id\":\"https:\/\/avrupapress.com\/#\/schema\/person\/68428444ec60970d1e1b700cf4ca1e8f\",\"name\":\"Edit\u00f6r\",\"image\":{\"@type\":\"ImageObject\",\"inLanguage\":\"fr-BE\",\"@id\":\"https:\/\/avrupapress.com\/#\/schema\/person\/image\/\",\"url\":\"https:\/\/secure.gravatar.com\/avatar\/74996b0977aa5f1559ba9883776652508b229005c0d78fb2597897f0bd651c09?s=96&d=mm&r=g\",\"contentUrl\":\"https:\/\/secure.gravatar.com\/avatar\/74996b0977aa5f1559ba9883776652508b229005c0d78fb2597897f0bd651c09?s=96&d=mm&r=g\",\"caption\":\"Edit\u00f6r\"},\"sameAs\":[\"http:\/\/www.avrupapress.com\"],\"url\":\"https:\/\/avrupapress.com\/main\/author\/editor\/\"}]}<\/script>\n<!-- \/ Yoast SEO plugin. -->","yoast_head_json":{"title":"T\u0130GAD, \u00c7ank\u0131r\u0131\u2019da \u201cyeni nesil gazetecilik\u201d konferans\u0131 d\u00fczenliyor - AvrupaPress","robots":{"index":"index","follow":"follow","max-snippet":"max-snippet:-1","max-image-preview":"max-image-preview:large","max-video-preview":"max-video-preview:-1"},"canonical":"https:\/\/avrupapress.com\/main\/2025\/02\/13\/tigad-cankirida-yeni-nesil-gazetecilik-konferansi-duzenliyor\/","og_locale":"fr_FR","og_type":"article","og_title":"T\u0130GAD, \u00c7ank\u0131r\u0131\u2019da \u201cyeni nesil gazetecilik\u201d konferans\u0131 d\u00fczenliyor - AvrupaPress","og_description":"T\u00fcrkiye \u0130nternet Gazetecili\u011fi Derne\u011fi\u2019nin (T\u0130GAD) \u201cyeni nesil gazetecilik \u00e7al\u0131\u015ftaylar\u0131\u201d serisi devam ediyor. T\u0130GAD\u2019\u0131n yeni \u00e7al\u0131\u015ftay dura\u011f\u0131 \u00c7ank\u0131r\u0131 olacak. T\u0130GAD \u00f6nc\u00fcl\u00fc\u011f\u00fcnde 21-24 \u015eubat tarihleri aras\u0131nda \u00c7ank\u0131r\u0131\u2019da d\u00fczenlenecek \u201cT\u0130GAD Yeni Nesil Gazetecilik ve Dijital Medya \u00c7al\u0131\u015ftay\u0131 &#8211; \u00c7ank\u0131r\u0131 Tarihi, K\u00fclt\u00fcrel ve Gastronomi De\u011ferlerini Tan\u0131tma Etkinli\u011fi\u201dne 100\u2019den fazla gazetecinin kat\u0131lmas\u0131 bekleniyor. T\u0130GAD organizasyonu ile d\u00fczenlenecek \u00e7al\u0131\u015ftay, \u00c7ank\u0131r\u0131 Valili\u011fi [&hellip;]","og_url":"https:\/\/avrupapress.com\/main\/2025\/02\/13\/tigad-cankirida-yeni-nesil-gazetecilik-konferansi-duzenliyor\/","og_site_name":"AvrupaPress","article_published_time":"2025-02-13T21:39:23+00:00","article_modified_time":"2025-05-19T21:32:37+00:00","og_image":[{"width":1500,"height":1500,"url":"https:\/\/avrupapress.com\/main\/wp-content\/uploads\/2025\/02\/IMG-20250213-WA0064.jpg","type":"image\/jpeg"}],"author":"Edit\u00f6r","twitter_card":"summary_large_image","twitter_misc":{"\u00c9crit par":"Edit\u00f6r","Dur\u00e9e de lecture est.":"5 minutes"},"schema":{"@context":"https:\/\/schema.org","@graph":[{"@type":"Article","@id":"https:\/\/avrupapress.com\/main\/2025\/02\/13\/tigad-cankirida-yeni-nesil-gazetecilik-konferansi-duzenliyor\/#article","isPartOf":{"@id":"https:\/\/avrupapress.com\/main\/2025\/02\/13\/tigad-cankirida-yeni-nesil-gazetecilik-konferansi-duzenliyor\/"},"author":{"name":"Edit\u00f6r","@id":"https:\/\/avrupapress.com\/#\/schema\/person\/68428444ec60970d1e1b700cf4ca1e8f"},"headline":"T\u0130GAD, \u00c7ank\u0131r\u0131\u2019da \u201cyeni nesil gazetecilik\u201d konferans\u0131 d\u00fczenliyor","datePublished":"2025-02-13T21:39:23+00:00","dateModified":"2025-05-19T21:32:37+00:00","mainEntityOfPage":{"@id":"https:\/\/avrupapress.com\/main\/2025\/02\/13\/tigad-cankirida-yeni-nesil-gazetecilik-konferansi-duzenliyor\/"},"wordCount":1279,"publisher":{"@id":"https:\/\/avrupapress.com\/#\/schema\/person\/0223dca19c72c43575bf30d1a2d8f4fa"},"image":{"@id":"https:\/\/avrupapress.com\/main\/2025\/02\/13\/tigad-cankirida-yeni-nesil-gazetecilik-konferansi-duzenliyor\/#primaryimage"},"thumbnailUrl":"https:\/\/avrupapress.com\/main\/wp-content\/uploads\/2025\/02\/IMG-20250213-WA0064.jpg","articleSection":["Avrupa","Bel\u00e7ika","D\u00fcnya","Ekonomi","K\u00fclt\u00fcr-Sanat","Spor","Tan\u0131t\u0131m","T\u00fcrkiye","Uncategorized"],"inLanguage":"fr-BE"},{"@type":"WebPage","@id":"https:\/\/avrupapress.com\/main\/2025\/02\/13\/tigad-cankirida-yeni-nesil-gazetecilik-konferansi-duzenliyor\/","url":"https:\/\/avrupapress.com\/main\/2025\/02\/13\/tigad-cankirida-yeni-nesil-gazetecilik-konferansi-duzenliyor\/","name":"T\u0130GAD, \u00c7ank\u0131r\u0131\u2019da \u201cyeni nesil gazetecilik\u201d konferans\u0131 d\u00fczenliyor - AvrupaPress","isPartOf":{"@id":"https:\/\/avrupapress.com\/#website"},"primaryImageOfPage":{"@id":"https:\/\/avrupapress.com\/main\/2025\/02\/13\/tigad-cankirida-yeni-nesil-gazetecilik-konferansi-duzenliyor\/#primaryimage"},"image":{"@id":"https:\/\/avrupapress.com\/main\/2025\/02\/13\/tigad-cankirida-yeni-nesil-gazetecilik-konferansi-duzenliyor\/#primaryimage"},"thumbnailUrl":"https:\/\/avrupapress.com\/main\/wp-content\/uploads\/2025\/02\/IMG-20250213-WA0064.jpg","datePublished":"2025-02-13T21:39:23+00:00","dateModified":"2025-05-19T21:32:37+00:00","breadcrumb":{"@id":"https:\/\/avrupapress.com\/main\/2025\/02\/13\/tigad-cankirida-yeni-nesil-gazetecilik-konferansi-duzenliyor\/#breadcrumb"},"inLanguage":"fr-BE","potentialAction":[{"@type":"ReadAction","target":["https:\/\/avrupapress.com\/main\/2025\/02\/13\/tigad-cankirida-yeni-nesil-gazetecilik-konferansi-duzenliyor\/"]}]},{"@type":"ImageObject","inLanguage":"fr-BE","@id":"https:\/\/avrupapress.com\/main\/2025\/02\/13\/tigad-cankirida-yeni-nesil-gazetecilik-konferansi-duzenliyor\/#primaryimage","url":"https:\/\/avrupapress.com\/main\/wp-content\/uploads\/2025\/02\/IMG-20250213-WA0064.jpg","contentUrl":"https:\/\/avrupapress.com\/main\/wp-content\/uploads\/2025\/02\/IMG-20250213-WA0064.jpg","width":1500,"height":1500},{"@type":"BreadcrumbList","@id":"https:\/\/avrupapress.com\/main\/2025\/02\/13\/tigad-cankirida-yeni-nesil-gazetecilik-konferansi-duzenliyor\/#breadcrumb","itemListElement":[{"@type":"ListItem","position":1,"name":"Anasayfa","item":"https:\/\/avrupapress.com\/"},{"@type":"ListItem","position":2,"name":"T\u0130GAD, \u00c7ank\u0131r\u0131\u2019da \u201cyeni nesil gazetecilik\u201d konferans\u0131 d\u00fczenliyor"}]},{"@type":"WebSite","@id":"https:\/\/avrupapress.com\/#website","url":"https:\/\/avrupapress.com\/","name":"AvrupaPress","description":"Haberin Adresi","publisher":{"@id":"https:\/\/avrupapress.com\/#\/schema\/person\/0223dca19c72c43575bf30d1a2d8f4fa"},"potentialAction":[{"@type":"SearchAction","target":{"@type":"EntryPoint","urlTemplate":"https:\/\/avrupapress.com\/?s={search_term_string}"},"query-input":{"@type":"PropertyValueSpecification","valueRequired":true,"valueName":"search_term_string"}}],"inLanguage":"fr-BE"},{"@type":["Person","Organization"],"@id":"https:\/\/avrupapress.com\/#\/schema\/person\/0223dca19c72c43575bf30d1a2d8f4fa","name":"Bilgin \u00d6z\u00e7ift\u00e7i","image":{"@type":"ImageObject","inLanguage":"fr-BE","@id":"https:\/\/avrupapress.com\/#\/schema\/person\/image\/","url":"https:\/\/secure.gravatar.com\/avatar\/0f23b280433a21e1ea7a0adcc46ed0ad16afe3ad8e630fd13d8a017dcbd54ef3?s=96&d=mm&r=g","contentUrl":"https:\/\/secure.gravatar.com\/avatar\/0f23b280433a21e1ea7a0adcc46ed0ad16afe3ad8e630fd13d8a017dcbd54ef3?s=96&d=mm&r=g","caption":"Bilgin \u00d6z\u00e7ift\u00e7i"},"logo":{"@id":"https:\/\/avrupapress.com\/#\/schema\/person\/image\/"},"description":"Ne ben, nede sen... Biz ancak \"biz\" olursak g\u00fc\u00e7l\u00fc olabiliriz"},{"@type":"Person","@id":"https:\/\/avrupapress.com\/#\/schema\/person\/68428444ec60970d1e1b700cf4ca1e8f","name":"Edit\u00f6r","image":{"@type":"ImageObject","inLanguage":"fr-BE","@id":"https:\/\/avrupapress.com\/#\/schema\/person\/image\/","url":"https:\/\/secure.gravatar.com\/avatar\/74996b0977aa5f1559ba9883776652508b229005c0d78fb2597897f0bd651c09?s=96&d=mm&r=g","contentUrl":"https:\/\/secure.gravatar.com\/avatar\/74996b0977aa5f1559ba9883776652508b229005c0d78fb2597897f0bd651c09?s=96&d=mm&r=g","caption":"Edit\u00f6r"},"sameAs":["http:\/\/www.avrupapress.com"],"url":"https:\/\/avrupapress.com\/main\/author\/editor\/"}]}},"_links":{"self":[{"href":"https:\/\/avrupapress.com\/main\/wp-json\/wp\/v2\/posts\/28223","targetHints":{"allow":["GET"]}}],"collection":[{"href":"https:\/\/avrupapress.com\/main\/wp-json\/wp\/v2\/posts"}],"about":[{"href":"https:\/\/avrupapress.com\/main\/wp-json\/wp\/v2\/types\/post"}],"author":[{"embeddable":true,"href":"https:\/\/avrupapress.com\/main\/wp-json\/wp\/v2\/users\/3"}],"replies":[{"embeddable":true,"href":"https:\/\/avrupapress.com\/main\/wp-json\/wp\/v2\/comments?post=28223"}],"version-history":[{"count":2,"href":"https:\/\/avrupapress.com\/main\/wp-json\/wp\/v2\/posts\/28223\/revisions"}],"predecessor-version":[{"id":29549,"href":"https:\/\/avrupapress.com\/main\/wp-json\/wp\/v2\/posts\/28223\/revisions\/29549"}],"wp:featuredmedia":[{"embeddable":true,"href":"https:\/\/avrupapress.com\/main\/wp-json\/wp\/v2\/media\/28225"}],"wp:attachment":[{"href":"https:\/\/avrupapress.com\/main\/wp-json\/wp\/v2\/media?parent=28223"}],"wp:term":[{"taxonomy":"category","embeddable":true,"href":"https:\/\/avrupapress.com\/main\/wp-json\/wp\/v2\/categories?post=28223"},{"taxonomy":"post_tag","embeddable":true,"href":"https:\/\/avrupapress.com\/main\/wp-json\/wp\/v2\/tags?post=28223"}],"curies":[{"name":"wp","href":"https:\/\/api.w.org\/{rel}","templated":true}]}}