{"id":28213,"date":"2025-02-12T21:30:51","date_gmt":"2025-02-12T21:30:51","guid":{"rendered":"https:\/\/avrupapress.com\/main\/?p=28213"},"modified":"2025-05-20T08:00:43","modified_gmt":"2025-05-20T08:00:43","slug":"28213","status":"publish","type":"post","link":"https:\/\/avrupapress.com\/main\/2025\/02\/12\/28213\/","title":{"rendered":"BERAT KAND\u0130LiNIZ KUTLU OLSUN&#8230;."},"content":{"rendered":"<p><strong>Ramazan&rsquo;\u0131n m\u00fcjdecisi olarak kabul edilen Berat Kandili heyecanla bekleniyor. Berat Kandili, 1 Ocak&rsquo;ta ba\u015flayan \u00ab\u00a0\u00fc\u00e7 aylar\u00a0\u00bb\u0131n ikincisi olan \u015faban ay\u0131n\u0131n 15&rsquo;inci gecesine denk geliyor.Islam&rsquo;a g\u00f6re \u00ab\u00a0berat\u00a0\u00bb g\u00fcnahlardan ar\u0131nma, temize \u00e7\u0131kma, ilahi af ve rahmete nail olma anlamlar\u0131na geliyor. \u0130\u015fte, 2025 Berat Kandili tarihi&#8230;<\/strong><\/p>\n<p>Berat Kandili, 13 \u015eubat 2025 Per\u015fembe g\u00fcn\u00fc idrak edilecek.<\/p>\n<p><strong>BERAT KAND\u0130L\u0130&rsquo;N\u0130N \u00d6NEM\u0130<\/strong><\/p>\n<div style=\"overflow: auto; position: absolute; height: 0pt; width: 0pt;\">\n<a href=\"https:\/\/www.ankaraaltin.com\" title=\"ankara escort bayan\" rel=\"dofollow\" target=\"_blank\">ankara escort bayan<\/a><br \/>\n<a href=\"http:\/\/www.sincanburada.com\" title=\"Turan g\u00fcne\u015f escort\" rel=\"dofollow\" target=\"_blank\">Turan g\u00fcne\u015f escort<\/a><br \/>\n<a href=\"http:\/\/www.cankayadans.com\" title=\"\u00c7ankaya \u00f6zel escort\" rel=\"dofollow\" target=\"_blank\">\u00c7ankaya \u00f6zel escort<\/a>\n<\/div>\n<p>Hazreti Muhammed&rsquo;in, Berat Kandiline ili\u015fkin \u015f\u00f6yle buyurdu\u011fu ifade ediliyor:<\/p>\n<p>\u00ab\u00a0\u015eaban ay\u0131n\u0131n 15&rsquo;inci gecesini ibadetle ge\u00e7irin, g\u00fcnd\u00fcz\u00fcnde de oru\u00e7 tutun. \u00c7\u00fcnk\u00fc Y\u00fcce Allah, bu gece d\u00fcnya semas\u0131na rahmetiyle tecelli eder ve &lsquo;Yok mu t\u00f6vbe eden, t\u00f6vbesini kabul edeyim. Yok mu r\u0131z\u0131k isteyen, r\u0131z\u0131k vereyim. Yok mu \u015fifa isteyen, \u015fifa vereyim. Yok mu ba\u015fka iste\u011fi olan ona da istedi\u011fini vereyim&rsquo; buyurur.\u00a0\u00bb<\/p>\n<p>\u0130slam d\u00fcnyas\u0131nda y\u0131l\u0131n en \u00f6nemli dini gecelerinden biri olan Berat Kandili y\u0131l\u0131nda \u015fubat ay\u0131nda idrak edilecek. Berat Kandili, \u0130slam takviminde \u015eaban ay\u0131n\u0131n 15. gecesine denk gelir ve pek \u00e7ok M\u00fcsl\u00fcman taraf\u0131ndan, ge\u00e7mi\u015fteki hatalardan ar\u0131nmak ve Allah\u2019tan af dilemek amac\u0131yla ibadetle ge\u00e7irilir.<\/p>\n<p><strong>BERAT KAND\u0130L\u0130 NE ZAMAN, HANG\u0130 G\u00dcN?<\/strong><\/p>\n<p>Berat Kandili\u00a0<strong>13 \u015eubat 2025 Per\u015fembe<\/strong>\u00a0g\u00fcn\u00fc idrak edilecek. Berat Kandili, \u00ab\u00a0berat\u00a0\u00bb kelimesiyle ba\u011flant\u0131l\u0131 olarak, ki\u015finin g\u00fcnahlar\u0131ndan affedilmesi ve Allah\u2019\u0131n rahmetiyle temizlenmesi anlam\u0131na gelir. Bu gece, Allah\u2019\u0131n rahmet kap\u0131lar\u0131n\u0131n sonuna kadar a\u00e7\u0131ld\u0131\u011f\u0131 ve dualar\u0131n kabul oldu\u011fu bir zaman dilimi olarak kabul edilir. Berat Kandili, ayn\u0131 zamanda, insanlar\u0131n gelecekteki ya\u015famlar\u0131yla ilgili yazg\u0131lar\u0131n\u0131n belirlenmeye ba\u015fland\u0131\u011f\u0131, k\u0131sacas\u0131 hayatlar\u0131na dair b\u00fcy\u00fck de\u011fi\u015fimlerin \u015fekillendi\u011fi bir gecedir.<\/p>\n<p><img loading=\"lazy\" decoding=\"async\" class=\"alignnone size-medium wp-image-28214\" src=\"https:\/\/avrupapress.com\/main\/wp-content\/uploads\/2025\/02\/berat-kandili-mesajlari-1-300x195.webp\" alt=\"\" width=\"300\" height=\"195\" srcset=\"https:\/\/avrupapress.com\/main\/wp-content\/uploads\/2025\/02\/berat-kandili-mesajlari-1-300x195.webp 300w, https:\/\/avrupapress.com\/main\/wp-content\/uploads\/2025\/02\/berat-kandili-mesajlari-1.webp 550w\" sizes=\"auto, (max-width: 300px) 100vw, 300px\" \/><\/p>\n<p>&nbsp;<\/p>\n<p><strong>Bilgin Ozcifci\u00a0 \u00a0 \u00a0\/\u00a0 \u00a0 \u00a0AVRUPAPRESS<\/strong><\/p>\n","protected":false},"excerpt":{"rendered":"<p>Ramazan&rsquo;\u0131n m\u00fcjdecisi olarak kabul edilen Berat Kandili heyecanla bekleniyor. Berat Kandili, 1 Ocak&rsquo;ta ba\u015flayan \u00ab\u00a0\u00fc\u00e7 aylar\u00a0\u00bb\u0131n ikincisi olan \u015faban ay\u0131n\u0131n 15&rsquo;inci gecesine denk geliyor.Islam&rsquo;a g\u00f6re \u00ab\u00a0berat\u00a0\u00bb g\u00fcnahlardan ar\u0131nma, temize \u00e7\u0131kma, ilahi af ve rahmete nail olma anlamlar\u0131na geliyor. \u0130\u015fte, 2025 Berat Kandili tarihi&#8230; Berat Kandili, 13 \u015eubat 2025 Per\u015fembe g\u00fcn\u00fc idrak edilecek. BERAT KAND\u0130L\u0130&rsquo;N\u0130N \u00d6NEM\u0130 [&hellip;]<\/p>\n","protected":false},"author":3,"featured_media":28214,"comment_status":"closed","ping_status":"open","sticky":false,"template":"","format":"standard","meta":{"footnotes":""},"categories":[14,16,3,17,18,15,19,2,1],"tags":[],"class_list":["post-28213","post","type-post","status-publish","format-standard","has-post-thumbnail","hentry","category-avrupa","category-belcika","category-dunya","category-ekonomi","category-kultur-sanat","category-spor","category-tanitim","category-turkiye","category-uncategorized"],"yoast_head":"<!-- This site is optimized with the Yoast SEO plugin v26.9 - https:\/\/yoast.com\/product\/yoast-seo-wordpress\/ -->\n<title>BERAT KAND\u0130LiNIZ KUTLU OLSUN.... - AvrupaPress<\/title>\n<meta name=\"robots\" content=\"index, follow, max-snippet:-1, max-image-preview:large, max-video-preview:-1\" \/>\n<link rel=\"canonical\" href=\"https:\/\/avrupapress.com\/main\/2025\/02\/12\/28213\/\" \/>\n<meta property=\"og:locale\" content=\"fr_FR\" \/>\n<meta property=\"og:type\" content=\"article\" \/>\n<meta property=\"og:title\" content=\"BERAT KAND\u0130LiNIZ KUTLU OLSUN.... - AvrupaPress\" \/>\n<meta property=\"og:description\" content=\"Ramazan&rsquo;\u0131n m\u00fcjdecisi olarak kabul edilen Berat Kandili heyecanla bekleniyor. Berat Kandili, 1 Ocak&rsquo;ta ba\u015flayan \u00ab\u00a0\u00fc\u00e7 aylar\u00a0\u00bb\u0131n ikincisi olan \u015faban ay\u0131n\u0131n 15&rsquo;inci gecesine denk geliyor.Islam&rsquo;a g\u00f6re \u00ab\u00a0berat\u00a0\u00bb g\u00fcnahlardan ar\u0131nma, temize \u00e7\u0131kma, ilahi af ve rahmete nail olma anlamlar\u0131na geliyor. \u0130\u015fte, 2025 Berat Kandili tarihi&#8230; Berat Kandili, 13 \u015eubat 2025 Per\u015fembe g\u00fcn\u00fc idrak edilecek. BERAT KAND\u0130L\u0130&rsquo;N\u0130N \u00d6NEM\u0130 [&hellip;]\" \/>\n<meta property=\"og:url\" content=\"https:\/\/avrupapress.com\/main\/2025\/02\/12\/28213\/\" \/>\n<meta property=\"og:site_name\" content=\"AvrupaPress\" \/>\n<meta property=\"article:published_time\" content=\"2025-02-12T21:30:51+00:00\" \/>\n<meta property=\"article:modified_time\" content=\"2025-05-20T08:00:43+00:00\" \/>\n<meta property=\"og:image\" content=\"https:\/\/avrupapress.com\/main\/wp-content\/uploads\/2025\/02\/berat-kandili-mesajlari-1.webp\" \/>\n\t<meta property=\"og:image:width\" content=\"550\" \/>\n\t<meta property=\"og:image:height\" content=\"357\" \/>\n\t<meta property=\"og:image:type\" content=\"image\/webp\" \/>\n<meta name=\"author\" content=\"Edit\u00f6r\" \/>\n<meta name=\"twitter:card\" content=\"summary_large_image\" \/>\n<meta name=\"twitter:label1\" content=\"\u00c9crit par\" \/>\n\t<meta name=\"twitter:data1\" content=\"Edit\u00f6r\" \/>\n\t<meta name=\"twitter:label2\" content=\"Dur\u00e9e de lecture est.\" \/>\n\t<meta name=\"twitter:data2\" content=\"2 minutes\" \/>\n<script type=\"application\/ld+json\" class=\"yoast-schema-graph\">{\"@context\":\"https:\/\/schema.org\",\"@graph\":[{\"@type\":\"Article\",\"@id\":\"https:\/\/avrupapress.com\/main\/2025\/02\/12\/28213\/#article\",\"isPartOf\":{\"@id\":\"https:\/\/avrupapress.com\/main\/2025\/02\/12\/28213\/\"},\"author\":{\"name\":\"Edit\u00f6r\",\"@id\":\"https:\/\/avrupapress.com\/#\/schema\/person\/68428444ec60970d1e1b700cf4ca1e8f\"},\"headline\":\"BERAT KAND\u0130LiNIZ KUTLU OLSUN&#8230;.\",\"datePublished\":\"2025-02-12T21:30:51+00:00\",\"dateModified\":\"2025-05-20T08:00:43+00:00\",\"mainEntityOfPage\":{\"@id\":\"https:\/\/avrupapress.com\/main\/2025\/02\/12\/28213\/\"},\"wordCount\":319,\"publisher\":{\"@id\":\"https:\/\/avrupapress.com\/#\/schema\/person\/0223dca19c72c43575bf30d1a2d8f4fa\"},\"image\":{\"@id\":\"https:\/\/avrupapress.com\/main\/2025\/02\/12\/28213\/#primaryimage\"},\"thumbnailUrl\":\"https:\/\/avrupapress.com\/main\/wp-content\/uploads\/2025\/02\/berat-kandili-mesajlari-1.webp\",\"articleSection\":[\"Avrupa\",\"Bel\u00e7ika\",\"D\u00fcnya\",\"Ekonomi\",\"K\u00fclt\u00fcr-Sanat\",\"Spor\",\"Tan\u0131t\u0131m\",\"T\u00fcrkiye\",\"Uncategorized\"],\"inLanguage\":\"fr-BE\"},{\"@type\":\"WebPage\",\"@id\":\"https:\/\/avrupapress.com\/main\/2025\/02\/12\/28213\/\",\"url\":\"https:\/\/avrupapress.com\/main\/2025\/02\/12\/28213\/\",\"name\":\"BERAT KAND\u0130LiNIZ KUTLU OLSUN.... - AvrupaPress\",\"isPartOf\":{\"@id\":\"https:\/\/avrupapress.com\/#website\"},\"primaryImageOfPage\":{\"@id\":\"https:\/\/avrupapress.com\/main\/2025\/02\/12\/28213\/#primaryimage\"},\"image\":{\"@id\":\"https:\/\/avrupapress.com\/main\/2025\/02\/12\/28213\/#primaryimage\"},\"thumbnailUrl\":\"https:\/\/avrupapress.com\/main\/wp-content\/uploads\/2025\/02\/berat-kandili-mesajlari-1.webp\",\"datePublished\":\"2025-02-12T21:30:51+00:00\",\"dateModified\":\"2025-05-20T08:00:43+00:00\",\"breadcrumb\":{\"@id\":\"https:\/\/avrupapress.com\/main\/2025\/02\/12\/28213\/#breadcrumb\"},\"inLanguage\":\"fr-BE\",\"potentialAction\":[{\"@type\":\"ReadAction\",\"target\":[\"https:\/\/avrupapress.com\/main\/2025\/02\/12\/28213\/\"]}]},{\"@type\":\"ImageObject\",\"inLanguage\":\"fr-BE\",\"@id\":\"https:\/\/avrupapress.com\/main\/2025\/02\/12\/28213\/#primaryimage\",\"url\":\"https:\/\/avrupapress.com\/main\/wp-content\/uploads\/2025\/02\/berat-kandili-mesajlari-1.webp\",\"contentUrl\":\"https:\/\/avrupapress.com\/main\/wp-content\/uploads\/2025\/02\/berat-kandili-mesajlari-1.webp\",\"width\":550,\"height\":357},{\"@type\":\"BreadcrumbList\",\"@id\":\"https:\/\/avrupapress.com\/main\/2025\/02\/12\/28213\/#breadcrumb\",\"itemListElement\":[{\"@type\":\"ListItem\",\"position\":1,\"name\":\"Anasayfa\",\"item\":\"https:\/\/avrupapress.com\/\"},{\"@type\":\"ListItem\",\"position\":2,\"name\":\"BERAT KAND\u0130LiNIZ KUTLU OLSUN&#8230;.\"}]},{\"@type\":\"WebSite\",\"@id\":\"https:\/\/avrupapress.com\/#website\",\"url\":\"https:\/\/avrupapress.com\/\",\"name\":\"AvrupaPress\",\"description\":\"Haberin Adresi\",\"publisher\":{\"@id\":\"https:\/\/avrupapress.com\/#\/schema\/person\/0223dca19c72c43575bf30d1a2d8f4fa\"},\"potentialAction\":[{\"@type\":\"SearchAction\",\"target\":{\"@type\":\"EntryPoint\",\"urlTemplate\":\"https:\/\/avrupapress.com\/?s={search_term_string}\"},\"query-input\":{\"@type\":\"PropertyValueSpecification\",\"valueRequired\":true,\"valueName\":\"search_term_string\"}}],\"inLanguage\":\"fr-BE\"},{\"@type\":[\"Person\",\"Organization\"],\"@id\":\"https:\/\/avrupapress.com\/#\/schema\/person\/0223dca19c72c43575bf30d1a2d8f4fa\",\"name\":\"Bilgin \u00d6z\u00e7ift\u00e7i\",\"image\":{\"@type\":\"ImageObject\",\"inLanguage\":\"fr-BE\",\"@id\":\"https:\/\/avrupapress.com\/#\/schema\/person\/image\/\",\"url\":\"https:\/\/secure.gravatar.com\/avatar\/0f23b280433a21e1ea7a0adcc46ed0ad16afe3ad8e630fd13d8a017dcbd54ef3?s=96&d=mm&r=g\",\"contentUrl\":\"https:\/\/secure.gravatar.com\/avatar\/0f23b280433a21e1ea7a0adcc46ed0ad16afe3ad8e630fd13d8a017dcbd54ef3?s=96&d=mm&r=g\",\"caption\":\"Bilgin \u00d6z\u00e7ift\u00e7i\"},\"logo\":{\"@id\":\"https:\/\/avrupapress.com\/#\/schema\/person\/image\/\"},\"description\":\"Ne ben, nede sen... Biz ancak \\\"biz\\\" olursak g\u00fc\u00e7l\u00fc olabiliriz\"},{\"@type\":\"Person\",\"@id\":\"https:\/\/avrupapress.com\/#\/schema\/person\/68428444ec60970d1e1b700cf4ca1e8f\",\"name\":\"Edit\u00f6r\",\"image\":{\"@type\":\"ImageObject\",\"inLanguage\":\"fr-BE\",\"@id\":\"https:\/\/avrupapress.com\/#\/schema\/person\/image\/\",\"url\":\"https:\/\/secure.gravatar.com\/avatar\/74996b0977aa5f1559ba9883776652508b229005c0d78fb2597897f0bd651c09?s=96&d=mm&r=g\",\"contentUrl\":\"https:\/\/secure.gravatar.com\/avatar\/74996b0977aa5f1559ba9883776652508b229005c0d78fb2597897f0bd651c09?s=96&d=mm&r=g\",\"caption\":\"Edit\u00f6r\"},\"sameAs\":[\"http:\/\/www.avrupapress.com\"],\"url\":\"https:\/\/avrupapress.com\/main\/author\/editor\/\"}]}<\/script>\n<!-- \/ Yoast SEO plugin. -->","yoast_head_json":{"title":"BERAT KAND\u0130LiNIZ KUTLU OLSUN.... - AvrupaPress","robots":{"index":"index","follow":"follow","max-snippet":"max-snippet:-1","max-image-preview":"max-image-preview:large","max-video-preview":"max-video-preview:-1"},"canonical":"https:\/\/avrupapress.com\/main\/2025\/02\/12\/28213\/","og_locale":"fr_FR","og_type":"article","og_title":"BERAT KAND\u0130LiNIZ KUTLU OLSUN.... - AvrupaPress","og_description":"Ramazan&rsquo;\u0131n m\u00fcjdecisi olarak kabul edilen Berat Kandili heyecanla bekleniyor. Berat Kandili, 1 Ocak&rsquo;ta ba\u015flayan \u00ab\u00a0\u00fc\u00e7 aylar\u00a0\u00bb\u0131n ikincisi olan \u015faban ay\u0131n\u0131n 15&rsquo;inci gecesine denk geliyor.Islam&rsquo;a g\u00f6re \u00ab\u00a0berat\u00a0\u00bb g\u00fcnahlardan ar\u0131nma, temize \u00e7\u0131kma, ilahi af ve rahmete nail olma anlamlar\u0131na geliyor. \u0130\u015fte, 2025 Berat Kandili tarihi&#8230; Berat Kandili, 13 \u015eubat 2025 Per\u015fembe g\u00fcn\u00fc idrak edilecek. BERAT KAND\u0130L\u0130&rsquo;N\u0130N \u00d6NEM\u0130 [&hellip;]","og_url":"https:\/\/avrupapress.com\/main\/2025\/02\/12\/28213\/","og_site_name":"AvrupaPress","article_published_time":"2025-02-12T21:30:51+00:00","article_modified_time":"2025-05-20T08:00:43+00:00","og_image":[{"width":550,"height":357,"url":"https:\/\/avrupapress.com\/main\/wp-content\/uploads\/2025\/02\/berat-kandili-mesajlari-1.webp","type":"image\/webp"}],"author":"Edit\u00f6r","twitter_card":"summary_large_image","twitter_misc":{"\u00c9crit par":"Edit\u00f6r","Dur\u00e9e de lecture est.":"2 minutes"},"schema":{"@context":"https:\/\/schema.org","@graph":[{"@type":"Article","@id":"https:\/\/avrupapress.com\/main\/2025\/02\/12\/28213\/#article","isPartOf":{"@id":"https:\/\/avrupapress.com\/main\/2025\/02\/12\/28213\/"},"author":{"name":"Edit\u00f6r","@id":"https:\/\/avrupapress.com\/#\/schema\/person\/68428444ec60970d1e1b700cf4ca1e8f"},"headline":"BERAT KAND\u0130LiNIZ KUTLU OLSUN&#8230;.","datePublished":"2025-02-12T21:30:51+00:00","dateModified":"2025-05-20T08:00:43+00:00","mainEntityOfPage":{"@id":"https:\/\/avrupapress.com\/main\/2025\/02\/12\/28213\/"},"wordCount":319,"publisher":{"@id":"https:\/\/avrupapress.com\/#\/schema\/person\/0223dca19c72c43575bf30d1a2d8f4fa"},"image":{"@id":"https:\/\/avrupapress.com\/main\/2025\/02\/12\/28213\/#primaryimage"},"thumbnailUrl":"https:\/\/avrupapress.com\/main\/wp-content\/uploads\/2025\/02\/berat-kandili-mesajlari-1.webp","articleSection":["Avrupa","Bel\u00e7ika","D\u00fcnya","Ekonomi","K\u00fclt\u00fcr-Sanat","Spor","Tan\u0131t\u0131m","T\u00fcrkiye","Uncategorized"],"inLanguage":"fr-BE"},{"@type":"WebPage","@id":"https:\/\/avrupapress.com\/main\/2025\/02\/12\/28213\/","url":"https:\/\/avrupapress.com\/main\/2025\/02\/12\/28213\/","name":"BERAT KAND\u0130LiNIZ KUTLU OLSUN.... - AvrupaPress","isPartOf":{"@id":"https:\/\/avrupapress.com\/#website"},"primaryImageOfPage":{"@id":"https:\/\/avrupapress.com\/main\/2025\/02\/12\/28213\/#primaryimage"},"image":{"@id":"https:\/\/avrupapress.com\/main\/2025\/02\/12\/28213\/#primaryimage"},"thumbnailUrl":"https:\/\/avrupapress.com\/main\/wp-content\/uploads\/2025\/02\/berat-kandili-mesajlari-1.webp","datePublished":"2025-02-12T21:30:51+00:00","dateModified":"2025-05-20T08:00:43+00:00","breadcrumb":{"@id":"https:\/\/avrupapress.com\/main\/2025\/02\/12\/28213\/#breadcrumb"},"inLanguage":"fr-BE","potentialAction":[{"@type":"ReadAction","target":["https:\/\/avrupapress.com\/main\/2025\/02\/12\/28213\/"]}]},{"@type":"ImageObject","inLanguage":"fr-BE","@id":"https:\/\/avrupapress.com\/main\/2025\/02\/12\/28213\/#primaryimage","url":"https:\/\/avrupapress.com\/main\/wp-content\/uploads\/2025\/02\/berat-kandili-mesajlari-1.webp","contentUrl":"https:\/\/avrupapress.com\/main\/wp-content\/uploads\/2025\/02\/berat-kandili-mesajlari-1.webp","width":550,"height":357},{"@type":"BreadcrumbList","@id":"https:\/\/avrupapress.com\/main\/2025\/02\/12\/28213\/#breadcrumb","itemListElement":[{"@type":"ListItem","position":1,"name":"Anasayfa","item":"https:\/\/avrupapress.com\/"},{"@type":"ListItem","position":2,"name":"BERAT KAND\u0130LiNIZ KUTLU OLSUN&#8230;."}]},{"@type":"WebSite","@id":"https:\/\/avrupapress.com\/#website","url":"https:\/\/avrupapress.com\/","name":"AvrupaPress","description":"Haberin Adresi","publisher":{"@id":"https:\/\/avrupapress.com\/#\/schema\/person\/0223dca19c72c43575bf30d1a2d8f4fa"},"potentialAction":[{"@type":"SearchAction","target":{"@type":"EntryPoint","urlTemplate":"https:\/\/avrupapress.com\/?s={search_term_string}"},"query-input":{"@type":"PropertyValueSpecification","valueRequired":true,"valueName":"search_term_string"}}],"inLanguage":"fr-BE"},{"@type":["Person","Organization"],"@id":"https:\/\/avrupapress.com\/#\/schema\/person\/0223dca19c72c43575bf30d1a2d8f4fa","name":"Bilgin \u00d6z\u00e7ift\u00e7i","image":{"@type":"ImageObject","inLanguage":"fr-BE","@id":"https:\/\/avrupapress.com\/#\/schema\/person\/image\/","url":"https:\/\/secure.gravatar.com\/avatar\/0f23b280433a21e1ea7a0adcc46ed0ad16afe3ad8e630fd13d8a017dcbd54ef3?s=96&d=mm&r=g","contentUrl":"https:\/\/secure.gravatar.com\/avatar\/0f23b280433a21e1ea7a0adcc46ed0ad16afe3ad8e630fd13d8a017dcbd54ef3?s=96&d=mm&r=g","caption":"Bilgin \u00d6z\u00e7ift\u00e7i"},"logo":{"@id":"https:\/\/avrupapress.com\/#\/schema\/person\/image\/"},"description":"Ne ben, nede sen... Biz ancak \"biz\" olursak g\u00fc\u00e7l\u00fc olabiliriz"},{"@type":"Person","@id":"https:\/\/avrupapress.com\/#\/schema\/person\/68428444ec60970d1e1b700cf4ca1e8f","name":"Edit\u00f6r","image":{"@type":"ImageObject","inLanguage":"fr-BE","@id":"https:\/\/avrupapress.com\/#\/schema\/person\/image\/","url":"https:\/\/secure.gravatar.com\/avatar\/74996b0977aa5f1559ba9883776652508b229005c0d78fb2597897f0bd651c09?s=96&d=mm&r=g","contentUrl":"https:\/\/secure.gravatar.com\/avatar\/74996b0977aa5f1559ba9883776652508b229005c0d78fb2597897f0bd651c09?s=96&d=mm&r=g","caption":"Edit\u00f6r"},"sameAs":["http:\/\/www.avrupapress.com"],"url":"https:\/\/avrupapress.com\/main\/author\/editor\/"}]}},"_links":{"self":[{"href":"https:\/\/avrupapress.com\/main\/wp-json\/wp\/v2\/posts\/28213","targetHints":{"allow":["GET"]}}],"collection":[{"href":"https:\/\/avrupapress.com\/main\/wp-json\/wp\/v2\/posts"}],"about":[{"href":"https:\/\/avrupapress.com\/main\/wp-json\/wp\/v2\/types\/post"}],"author":[{"embeddable":true,"href":"https:\/\/avrupapress.com\/main\/wp-json\/wp\/v2\/users\/3"}],"replies":[{"embeddable":true,"href":"https:\/\/avrupapress.com\/main\/wp-json\/wp\/v2\/comments?post=28213"}],"version-history":[{"count":3,"href":"https:\/\/avrupapress.com\/main\/wp-json\/wp\/v2\/posts\/28213\/revisions"}],"predecessor-version":[{"id":29552,"href":"https:\/\/avrupapress.com\/main\/wp-json\/wp\/v2\/posts\/28213\/revisions\/29552"}],"wp:featuredmedia":[{"embeddable":true,"href":"https:\/\/avrupapress.com\/main\/wp-json\/wp\/v2\/media\/28214"}],"wp:attachment":[{"href":"https:\/\/avrupapress.com\/main\/wp-json\/wp\/v2\/media?parent=28213"}],"wp:term":[{"taxonomy":"category","embeddable":true,"href":"https:\/\/avrupapress.com\/main\/wp-json\/wp\/v2\/categories?post=28213"},{"taxonomy":"post_tag","embeddable":true,"href":"https:\/\/avrupapress.com\/main\/wp-json\/wp\/v2\/tags?post=28213"}],"curies":[{"name":"wp","href":"https:\/\/api.w.org\/{rel}","templated":true}]}}