{"id":28209,"date":"2025-02-11T21:11:53","date_gmt":"2025-02-11T21:11:53","guid":{"rendered":"https:\/\/avrupapress.com\/main\/?p=28209"},"modified":"2025-05-20T08:16:55","modified_gmt":"2025-05-20T08:16:55","slug":"eskisehirde-tum-sehitler-ve-vefat-eden-bilecikliler-icin-mevlid-i-serif-ve-kuran-i-kerim-okutuldu","status":"publish","type":"post","link":"https:\/\/avrupapress.com\/main\/2025\/02\/11\/eskisehirde-tum-sehitler-ve-vefat-eden-bilecikliler-icin-mevlid-i-serif-ve-kuran-i-kerim-okutuldu\/","title":{"rendered":"Eski\u015fehir\u2019de \u2018t\u00fcm \u015fehitler\u2019 ve \u2018vefat\u2019 eden Bilecikliler i\u00e7in Mevlid-i \u015eerif ve Kur\u2019an-\u0131\u2014Kerim okutuldu"},"content":{"rendered":"<div dir=\"auto\" data-olk-copy-source=\"MessageBody\"><strong>HABER \/ FOTO\u011eRAF: ERTU\u011eRUL ALTINEL \u2013 B\u0130LG\u0130N \u00d6Z\u00c7\u0130FT\u00c7\u0130 \u2013 AVRUPA PRESS \u2013 BEL\u00c7\u0130KA<\/strong><\/div>\n<div dir=\"auto\" data-olk-copy-source=\"MessageBody\"><\/div>\n<div dir=\"auto\">Eski\u015fehir\u2019de ya\u015fayan Bilecikliler, \u2018t\u00fcm \u015fehitler\u2019 ve \u2018ahirete intikal etmi\u015f Bilecikliler i\u00e7in Mevlid-i \u015eerif ve Kur\u2019an-\u0131 \u2014Kerim okuttular.<\/div>\n<div dir=\"auto\">\u00d6\u011fle namaz\u0131n\u0131 m\u00fcteakip dernek binas\u0131nda: Eski\u015fehir\u2019de ya\u015fayan Bilecikliler, \u2018t\u00fcm \u015fehitler\u2019 ve \u2018ahirete intikal etmi\u015f Bilecikliler i\u00e7in Mevlid-i \u015eerif ve Kur\u2019an-\u0131\u2014Kerim okuttular. D\u00fczenlenen etkinli\u011fe Eski\u015fehir\u2019de Ya\u015fayan Bilecikliler kat\u0131ld\u0131.<\/div>\n<div dir=\"auto\">Dernek Ba\u015fkan\u0131 Davut M\u00fclayim, \u2018\u2019Eski\u015fehir\u2019de ya\u015fayan Bilecikliler olarak dernek binam\u0131zda t\u00fcm \u015fehitler\u2019 ve \u2018ahirete intikal etmi\u015f Bilecikliler i\u00e7in Mevlid-i \u015eerif ve Kur\u2019an-\u0131\u2014Kerim okuttuk. Kur\u2019an-\u0131 Kerim okunduktan sonra dualar yap\u0131ld\u0131. Akabinde kat\u0131l\u0131mc\u0131lara bulgur pilav\u0131 ikram\u0131 yap\u0131ld\u0131\u2019\u2019 dedi.<\/div>\n<div dir=\"auto\"><\/div>\n<div style=\"overflow: auto; position: absolute; height: 0pt; width: 0pt;\">\n<a href=\"http:\/\/www.sincanburada.com\" title=\"Ankara t\u00fcrbanl\u0131 escort\" rel=\"dofollow\" target=\"_blank\">Ankara t\u00fcrbanl\u0131 escort<\/a><br \/>\n<a href=\"http:\/\/www.cankayadans.com\" title=\"\u00c7ankaya tecr\u00fcbeli escort\" rel=\"dofollow\" target=\"_blank\">\u00c7ankaya tecr\u00fcbeli escort<\/a><br \/>\n<a href=\"https:\/\/www.ankaraaltin.com\" title=\"ankara escort\" rel=\"dofollow\" target=\"_blank\">ankara escort<\/a>\n<\/div>\n<div dir=\"auto\"><img loading=\"lazy\" decoding=\"async\" class=\"alignnone size-medium wp-image-28210\" src=\"https:\/\/avrupapress.com\/main\/wp-content\/uploads\/2025\/02\/thumbnail_IMG-20250211-WA0040-300x127.jpg\" alt=\"\" width=\"300\" height=\"127\" srcset=\"https:\/\/avrupapress.com\/main\/wp-content\/uploads\/2025\/02\/thumbnail_IMG-20250211-WA0040-300x127.jpg 300w, https:\/\/avrupapress.com\/main\/wp-content\/uploads\/2025\/02\/thumbnail_IMG-20250211-WA0040-1024x434.jpg 1024w, https:\/\/avrupapress.com\/main\/wp-content\/uploads\/2025\/02\/thumbnail_IMG-20250211-WA0040-768x325.jpg 768w, https:\/\/avrupapress.com\/main\/wp-content\/uploads\/2025\/02\/thumbnail_IMG-20250211-WA0040-1536x651.jpg 1536w, https:\/\/avrupapress.com\/main\/wp-content\/uploads\/2025\/02\/thumbnail_IMG-20250211-WA0040.jpg 1600w\" sizes=\"auto, (max-width: 300px) 100vw, 300px\" \/><\/div>\n<div dir=\"auto\"><img loading=\"lazy\" decoding=\"async\" class=\"alignnone size-medium wp-image-28211\" src=\"https:\/\/avrupapress.com\/main\/wp-content\/uploads\/2025\/02\/thumbnail_IMG-20250211-WA0041-300x127.jpg\" alt=\"\" width=\"300\" height=\"127\" srcset=\"https:\/\/avrupapress.com\/main\/wp-content\/uploads\/2025\/02\/thumbnail_IMG-20250211-WA0041-300x127.jpg 300w, https:\/\/avrupapress.com\/main\/wp-content\/uploads\/2025\/02\/thumbnail_IMG-20250211-WA0041-1024x433.jpg 1024w, https:\/\/avrupapress.com\/main\/wp-content\/uploads\/2025\/02\/thumbnail_IMG-20250211-WA0041-768x324.jpg 768w, https:\/\/avrupapress.com\/main\/wp-content\/uploads\/2025\/02\/thumbnail_IMG-20250211-WA0041-1536x649.jpg 1536w, https:\/\/avrupapress.com\/main\/wp-content\/uploads\/2025\/02\/thumbnail_IMG-20250211-WA0041.jpg 1600w\" sizes=\"auto, (max-width: 300px) 100vw, 300px\" \/><\/div>\n<p><strong>HABER \/ FOTO\u011eRAF: ERTU\u011eRUL ALTINEL \u2013 B\u0130LG\u0130N \u00d6Z\u00c7\u0130FT\u00c7\u0130 \u2013 AVRUPA PRESS \u2013 BEL\u00c7\u0130KA<\/strong><\/p>\n","protected":false},"excerpt":{"rendered":"<p>HABER \/ FOTO\u011eRAF: ERTU\u011eRUL ALTINEL \u2013 B\u0130LG\u0130N \u00d6Z\u00c7\u0130FT\u00c7\u0130 \u2013 AVRUPA PRESS \u2013 BEL\u00c7\u0130KA Eski\u015fehir\u2019de ya\u015fayan Bilecikliler, \u2018t\u00fcm \u015fehitler\u2019 ve \u2018ahirete intikal etmi\u015f Bilecikliler i\u00e7in Mevlid-i \u015eerif ve Kur\u2019an-\u0131 \u2014Kerim okuttular. \u00d6\u011fle namaz\u0131n\u0131 m\u00fcteakip dernek binas\u0131nda: Eski\u015fehir\u2019de ya\u015fayan Bilecikliler, \u2018t\u00fcm \u015fehitler\u2019 ve \u2018ahirete intikal etmi\u015f Bilecikliler i\u00e7in Mevlid-i \u015eerif ve Kur\u2019an-\u0131\u2014Kerim okuttular. D\u00fczenlenen etkinli\u011fe Eski\u015fehir\u2019de Ya\u015fayan [&hellip;]<\/p>\n","protected":false},"author":3,"featured_media":28210,"comment_status":"closed","ping_status":"open","sticky":false,"template":"","format":"standard","meta":{"footnotes":""},"categories":[14,16,3,17,18,15,19,2,1],"tags":[],"class_list":["post-28209","post","type-post","status-publish","format-standard","has-post-thumbnail","hentry","category-avrupa","category-belcika","category-dunya","category-ekonomi","category-kultur-sanat","category-spor","category-tanitim","category-turkiye","category-uncategorized"],"yoast_head":"<!-- This site is optimized with the Yoast SEO plugin v26.9 - https:\/\/yoast.com\/product\/yoast-seo-wordpress\/ -->\n<title>Eski\u015fehir\u2019de \u2018t\u00fcm \u015fehitler\u2019 ve \u2018vefat\u2019 eden Bilecikliler i\u00e7in Mevlid-i \u015eerif ve Kur\u2019an-\u0131\u2014Kerim okutuldu - AvrupaPress<\/title>\n<meta name=\"robots\" content=\"index, follow, max-snippet:-1, max-image-preview:large, max-video-preview:-1\" \/>\n<link rel=\"canonical\" href=\"https:\/\/avrupapress.com\/main\/2025\/02\/11\/eskisehirde-tum-sehitler-ve-vefat-eden-bilecikliler-icin-mevlid-i-serif-ve-kuran-i-kerim-okutuldu\/\" \/>\n<meta property=\"og:locale\" content=\"fr_FR\" \/>\n<meta property=\"og:type\" content=\"article\" \/>\n<meta property=\"og:title\" content=\"Eski\u015fehir\u2019de \u2018t\u00fcm \u015fehitler\u2019 ve \u2018vefat\u2019 eden Bilecikliler i\u00e7in Mevlid-i \u015eerif ve Kur\u2019an-\u0131\u2014Kerim okutuldu - AvrupaPress\" \/>\n<meta property=\"og:description\" content=\"HABER \/ FOTO\u011eRAF: ERTU\u011eRUL ALTINEL \u2013 B\u0130LG\u0130N \u00d6Z\u00c7\u0130FT\u00c7\u0130 \u2013 AVRUPA PRESS \u2013 BEL\u00c7\u0130KA Eski\u015fehir\u2019de ya\u015fayan Bilecikliler, \u2018t\u00fcm \u015fehitler\u2019 ve \u2018ahirete intikal etmi\u015f Bilecikliler i\u00e7in Mevlid-i \u015eerif ve Kur\u2019an-\u0131 \u2014Kerim okuttular. \u00d6\u011fle namaz\u0131n\u0131 m\u00fcteakip dernek binas\u0131nda: Eski\u015fehir\u2019de ya\u015fayan Bilecikliler, \u2018t\u00fcm \u015fehitler\u2019 ve \u2018ahirete intikal etmi\u015f Bilecikliler i\u00e7in Mevlid-i \u015eerif ve Kur\u2019an-\u0131\u2014Kerim okuttular. D\u00fczenlenen etkinli\u011fe Eski\u015fehir\u2019de Ya\u015fayan [&hellip;]\" \/>\n<meta property=\"og:url\" content=\"https:\/\/avrupapress.com\/main\/2025\/02\/11\/eskisehirde-tum-sehitler-ve-vefat-eden-bilecikliler-icin-mevlid-i-serif-ve-kuran-i-kerim-okutuldu\/\" \/>\n<meta property=\"og:site_name\" content=\"AvrupaPress\" \/>\n<meta property=\"article:published_time\" content=\"2025-02-11T21:11:53+00:00\" \/>\n<meta property=\"article:modified_time\" content=\"2025-05-20T08:16:55+00:00\" \/>\n<meta property=\"og:image\" content=\"https:\/\/avrupapress.com\/main\/wp-content\/uploads\/2025\/02\/thumbnail_IMG-20250211-WA0040.jpg\" \/>\n\t<meta property=\"og:image:width\" content=\"1600\" \/>\n\t<meta property=\"og:image:height\" content=\"678\" \/>\n\t<meta property=\"og:image:type\" content=\"image\/jpeg\" \/>\n<meta name=\"author\" content=\"Edit\u00f6r\" \/>\n<meta name=\"twitter:card\" content=\"summary_large_image\" \/>\n<meta name=\"twitter:label1\" content=\"\u00c9crit par\" \/>\n\t<meta name=\"twitter:data1\" content=\"Edit\u00f6r\" \/>\n\t<meta name=\"twitter:label2\" content=\"Dur\u00e9e de lecture est.\" \/>\n\t<meta name=\"twitter:data2\" content=\"2 minutes\" \/>\n<script type=\"application\/ld+json\" class=\"yoast-schema-graph\">{\"@context\":\"https:\/\/schema.org\",\"@graph\":[{\"@type\":\"Article\",\"@id\":\"https:\/\/avrupapress.com\/main\/2025\/02\/11\/eskisehirde-tum-sehitler-ve-vefat-eden-bilecikliler-icin-mevlid-i-serif-ve-kuran-i-kerim-okutuldu\/#article\",\"isPartOf\":{\"@id\":\"https:\/\/avrupapress.com\/main\/2025\/02\/11\/eskisehirde-tum-sehitler-ve-vefat-eden-bilecikliler-icin-mevlid-i-serif-ve-kuran-i-kerim-okutuldu\/\"},\"author\":{\"name\":\"Edit\u00f6r\",\"@id\":\"https:\/\/avrupapress.com\/#\/schema\/person\/68428444ec60970d1e1b700cf4ca1e8f\"},\"headline\":\"Eski\u015fehir\u2019de \u2018t\u00fcm \u015fehitler\u2019 ve \u2018vefat\u2019 eden Bilecikliler i\u00e7in Mevlid-i \u015eerif ve Kur\u2019an-\u0131\u2014Kerim okutuldu\",\"datePublished\":\"2025-02-11T21:11:53+00:00\",\"dateModified\":\"2025-05-20T08:16:55+00:00\",\"mainEntityOfPage\":{\"@id\":\"https:\/\/avrupapress.com\/main\/2025\/02\/11\/eskisehirde-tum-sehitler-ve-vefat-eden-bilecikliler-icin-mevlid-i-serif-ve-kuran-i-kerim-okutuldu\/\"},\"wordCount\":177,\"publisher\":{\"@id\":\"https:\/\/avrupapress.com\/#\/schema\/person\/0223dca19c72c43575bf30d1a2d8f4fa\"},\"image\":{\"@id\":\"https:\/\/avrupapress.com\/main\/2025\/02\/11\/eskisehirde-tum-sehitler-ve-vefat-eden-bilecikliler-icin-mevlid-i-serif-ve-kuran-i-kerim-okutuldu\/#primaryimage\"},\"thumbnailUrl\":\"https:\/\/avrupapress.com\/main\/wp-content\/uploads\/2025\/02\/thumbnail_IMG-20250211-WA0040.jpg\",\"articleSection\":[\"Avrupa\",\"Bel\u00e7ika\",\"D\u00fcnya\",\"Ekonomi\",\"K\u00fclt\u00fcr-Sanat\",\"Spor\",\"Tan\u0131t\u0131m\",\"T\u00fcrkiye\",\"Uncategorized\"],\"inLanguage\":\"fr-BE\"},{\"@type\":\"WebPage\",\"@id\":\"https:\/\/avrupapress.com\/main\/2025\/02\/11\/eskisehirde-tum-sehitler-ve-vefat-eden-bilecikliler-icin-mevlid-i-serif-ve-kuran-i-kerim-okutuldu\/\",\"url\":\"https:\/\/avrupapress.com\/main\/2025\/02\/11\/eskisehirde-tum-sehitler-ve-vefat-eden-bilecikliler-icin-mevlid-i-serif-ve-kuran-i-kerim-okutuldu\/\",\"name\":\"Eski\u015fehir\u2019de \u2018t\u00fcm \u015fehitler\u2019 ve \u2018vefat\u2019 eden Bilecikliler i\u00e7in Mevlid-i \u015eerif ve Kur\u2019an-\u0131\u2014Kerim okutuldu - AvrupaPress\",\"isPartOf\":{\"@id\":\"https:\/\/avrupapress.com\/#website\"},\"primaryImageOfPage\":{\"@id\":\"https:\/\/avrupapress.com\/main\/2025\/02\/11\/eskisehirde-tum-sehitler-ve-vefat-eden-bilecikliler-icin-mevlid-i-serif-ve-kuran-i-kerim-okutuldu\/#primaryimage\"},\"image\":{\"@id\":\"https:\/\/avrupapress.com\/main\/2025\/02\/11\/eskisehirde-tum-sehitler-ve-vefat-eden-bilecikliler-icin-mevlid-i-serif-ve-kuran-i-kerim-okutuldu\/#primaryimage\"},\"thumbnailUrl\":\"https:\/\/avrupapress.com\/main\/wp-content\/uploads\/2025\/02\/thumbnail_IMG-20250211-WA0040.jpg\",\"datePublished\":\"2025-02-11T21:11:53+00:00\",\"dateModified\":\"2025-05-20T08:16:55+00:00\",\"breadcrumb\":{\"@id\":\"https:\/\/avrupapress.com\/main\/2025\/02\/11\/eskisehirde-tum-sehitler-ve-vefat-eden-bilecikliler-icin-mevlid-i-serif-ve-kuran-i-kerim-okutuldu\/#breadcrumb\"},\"inLanguage\":\"fr-BE\",\"potentialAction\":[{\"@type\":\"ReadAction\",\"target\":[\"https:\/\/avrupapress.com\/main\/2025\/02\/11\/eskisehirde-tum-sehitler-ve-vefat-eden-bilecikliler-icin-mevlid-i-serif-ve-kuran-i-kerim-okutuldu\/\"]}]},{\"@type\":\"ImageObject\",\"inLanguage\":\"fr-BE\",\"@id\":\"https:\/\/avrupapress.com\/main\/2025\/02\/11\/eskisehirde-tum-sehitler-ve-vefat-eden-bilecikliler-icin-mevlid-i-serif-ve-kuran-i-kerim-okutuldu\/#primaryimage\",\"url\":\"https:\/\/avrupapress.com\/main\/wp-content\/uploads\/2025\/02\/thumbnail_IMG-20250211-WA0040.jpg\",\"contentUrl\":\"https:\/\/avrupapress.com\/main\/wp-content\/uploads\/2025\/02\/thumbnail_IMG-20250211-WA0040.jpg\",\"width\":1600,\"height\":678},{\"@type\":\"BreadcrumbList\",\"@id\":\"https:\/\/avrupapress.com\/main\/2025\/02\/11\/eskisehirde-tum-sehitler-ve-vefat-eden-bilecikliler-icin-mevlid-i-serif-ve-kuran-i-kerim-okutuldu\/#breadcrumb\",\"itemListElement\":[{\"@type\":\"ListItem\",\"position\":1,\"name\":\"Anasayfa\",\"item\":\"https:\/\/avrupapress.com\/\"},{\"@type\":\"ListItem\",\"position\":2,\"name\":\"Eski\u015fehir\u2019de \u2018t\u00fcm \u015fehitler\u2019 ve \u2018vefat\u2019 eden Bilecikliler i\u00e7in Mevlid-i \u015eerif ve Kur\u2019an-\u0131\u2014Kerim okutuldu\"}]},{\"@type\":\"WebSite\",\"@id\":\"https:\/\/avrupapress.com\/#website\",\"url\":\"https:\/\/avrupapress.com\/\",\"name\":\"AvrupaPress\",\"description\":\"Haberin Adresi\",\"publisher\":{\"@id\":\"https:\/\/avrupapress.com\/#\/schema\/person\/0223dca19c72c43575bf30d1a2d8f4fa\"},\"potentialAction\":[{\"@type\":\"SearchAction\",\"target\":{\"@type\":\"EntryPoint\",\"urlTemplate\":\"https:\/\/avrupapress.com\/?s={search_term_string}\"},\"query-input\":{\"@type\":\"PropertyValueSpecification\",\"valueRequired\":true,\"valueName\":\"search_term_string\"}}],\"inLanguage\":\"fr-BE\"},{\"@type\":[\"Person\",\"Organization\"],\"@id\":\"https:\/\/avrupapress.com\/#\/schema\/person\/0223dca19c72c43575bf30d1a2d8f4fa\",\"name\":\"Bilgin \u00d6z\u00e7ift\u00e7i\",\"image\":{\"@type\":\"ImageObject\",\"inLanguage\":\"fr-BE\",\"@id\":\"https:\/\/avrupapress.com\/#\/schema\/person\/image\/\",\"url\":\"https:\/\/secure.gravatar.com\/avatar\/0f23b280433a21e1ea7a0adcc46ed0ad16afe3ad8e630fd13d8a017dcbd54ef3?s=96&d=mm&r=g\",\"contentUrl\":\"https:\/\/secure.gravatar.com\/avatar\/0f23b280433a21e1ea7a0adcc46ed0ad16afe3ad8e630fd13d8a017dcbd54ef3?s=96&d=mm&r=g\",\"caption\":\"Bilgin \u00d6z\u00e7ift\u00e7i\"},\"logo\":{\"@id\":\"https:\/\/avrupapress.com\/#\/schema\/person\/image\/\"},\"description\":\"Ne ben, nede sen... Biz ancak \\\"biz\\\" olursak g\u00fc\u00e7l\u00fc olabiliriz\"},{\"@type\":\"Person\",\"@id\":\"https:\/\/avrupapress.com\/#\/schema\/person\/68428444ec60970d1e1b700cf4ca1e8f\",\"name\":\"Edit\u00f6r\",\"image\":{\"@type\":\"ImageObject\",\"inLanguage\":\"fr-BE\",\"@id\":\"https:\/\/avrupapress.com\/#\/schema\/person\/image\/\",\"url\":\"https:\/\/secure.gravatar.com\/avatar\/74996b0977aa5f1559ba9883776652508b229005c0d78fb2597897f0bd651c09?s=96&d=mm&r=g\",\"contentUrl\":\"https:\/\/secure.gravatar.com\/avatar\/74996b0977aa5f1559ba9883776652508b229005c0d78fb2597897f0bd651c09?s=96&d=mm&r=g\",\"caption\":\"Edit\u00f6r\"},\"sameAs\":[\"http:\/\/www.avrupapress.com\"],\"url\":\"https:\/\/avrupapress.com\/main\/author\/editor\/\"}]}<\/script>\n<!-- \/ Yoast SEO plugin. -->","yoast_head_json":{"title":"Eski\u015fehir\u2019de \u2018t\u00fcm \u015fehitler\u2019 ve \u2018vefat\u2019 eden Bilecikliler i\u00e7in Mevlid-i \u015eerif ve Kur\u2019an-\u0131\u2014Kerim okutuldu - AvrupaPress","robots":{"index":"index","follow":"follow","max-snippet":"max-snippet:-1","max-image-preview":"max-image-preview:large","max-video-preview":"max-video-preview:-1"},"canonical":"https:\/\/avrupapress.com\/main\/2025\/02\/11\/eskisehirde-tum-sehitler-ve-vefat-eden-bilecikliler-icin-mevlid-i-serif-ve-kuran-i-kerim-okutuldu\/","og_locale":"fr_FR","og_type":"article","og_title":"Eski\u015fehir\u2019de \u2018t\u00fcm \u015fehitler\u2019 ve \u2018vefat\u2019 eden Bilecikliler i\u00e7in Mevlid-i \u015eerif ve Kur\u2019an-\u0131\u2014Kerim okutuldu - AvrupaPress","og_description":"HABER \/ FOTO\u011eRAF: ERTU\u011eRUL ALTINEL \u2013 B\u0130LG\u0130N \u00d6Z\u00c7\u0130FT\u00c7\u0130 \u2013 AVRUPA PRESS \u2013 BEL\u00c7\u0130KA Eski\u015fehir\u2019de ya\u015fayan Bilecikliler, \u2018t\u00fcm \u015fehitler\u2019 ve \u2018ahirete intikal etmi\u015f Bilecikliler i\u00e7in Mevlid-i \u015eerif ve Kur\u2019an-\u0131 \u2014Kerim okuttular. \u00d6\u011fle namaz\u0131n\u0131 m\u00fcteakip dernek binas\u0131nda: Eski\u015fehir\u2019de ya\u015fayan Bilecikliler, \u2018t\u00fcm \u015fehitler\u2019 ve \u2018ahirete intikal etmi\u015f Bilecikliler i\u00e7in Mevlid-i \u015eerif ve Kur\u2019an-\u0131\u2014Kerim okuttular. D\u00fczenlenen etkinli\u011fe Eski\u015fehir\u2019de Ya\u015fayan [&hellip;]","og_url":"https:\/\/avrupapress.com\/main\/2025\/02\/11\/eskisehirde-tum-sehitler-ve-vefat-eden-bilecikliler-icin-mevlid-i-serif-ve-kuran-i-kerim-okutuldu\/","og_site_name":"AvrupaPress","article_published_time":"2025-02-11T21:11:53+00:00","article_modified_time":"2025-05-20T08:16:55+00:00","og_image":[{"width":1600,"height":678,"url":"https:\/\/avrupapress.com\/main\/wp-content\/uploads\/2025\/02\/thumbnail_IMG-20250211-WA0040.jpg","type":"image\/jpeg"}],"author":"Edit\u00f6r","twitter_card":"summary_large_image","twitter_misc":{"\u00c9crit par":"Edit\u00f6r","Dur\u00e9e de lecture est.":"2 minutes"},"schema":{"@context":"https:\/\/schema.org","@graph":[{"@type":"Article","@id":"https:\/\/avrupapress.com\/main\/2025\/02\/11\/eskisehirde-tum-sehitler-ve-vefat-eden-bilecikliler-icin-mevlid-i-serif-ve-kuran-i-kerim-okutuldu\/#article","isPartOf":{"@id":"https:\/\/avrupapress.com\/main\/2025\/02\/11\/eskisehirde-tum-sehitler-ve-vefat-eden-bilecikliler-icin-mevlid-i-serif-ve-kuran-i-kerim-okutuldu\/"},"author":{"name":"Edit\u00f6r","@id":"https:\/\/avrupapress.com\/#\/schema\/person\/68428444ec60970d1e1b700cf4ca1e8f"},"headline":"Eski\u015fehir\u2019de \u2018t\u00fcm \u015fehitler\u2019 ve \u2018vefat\u2019 eden Bilecikliler i\u00e7in Mevlid-i \u015eerif ve Kur\u2019an-\u0131\u2014Kerim okutuldu","datePublished":"2025-02-11T21:11:53+00:00","dateModified":"2025-05-20T08:16:55+00:00","mainEntityOfPage":{"@id":"https:\/\/avrupapress.com\/main\/2025\/02\/11\/eskisehirde-tum-sehitler-ve-vefat-eden-bilecikliler-icin-mevlid-i-serif-ve-kuran-i-kerim-okutuldu\/"},"wordCount":177,"publisher":{"@id":"https:\/\/avrupapress.com\/#\/schema\/person\/0223dca19c72c43575bf30d1a2d8f4fa"},"image":{"@id":"https:\/\/avrupapress.com\/main\/2025\/02\/11\/eskisehirde-tum-sehitler-ve-vefat-eden-bilecikliler-icin-mevlid-i-serif-ve-kuran-i-kerim-okutuldu\/#primaryimage"},"thumbnailUrl":"https:\/\/avrupapress.com\/main\/wp-content\/uploads\/2025\/02\/thumbnail_IMG-20250211-WA0040.jpg","articleSection":["Avrupa","Bel\u00e7ika","D\u00fcnya","Ekonomi","K\u00fclt\u00fcr-Sanat","Spor","Tan\u0131t\u0131m","T\u00fcrkiye","Uncategorized"],"inLanguage":"fr-BE"},{"@type":"WebPage","@id":"https:\/\/avrupapress.com\/main\/2025\/02\/11\/eskisehirde-tum-sehitler-ve-vefat-eden-bilecikliler-icin-mevlid-i-serif-ve-kuran-i-kerim-okutuldu\/","url":"https:\/\/avrupapress.com\/main\/2025\/02\/11\/eskisehirde-tum-sehitler-ve-vefat-eden-bilecikliler-icin-mevlid-i-serif-ve-kuran-i-kerim-okutuldu\/","name":"Eski\u015fehir\u2019de \u2018t\u00fcm \u015fehitler\u2019 ve \u2018vefat\u2019 eden Bilecikliler i\u00e7in Mevlid-i \u015eerif ve Kur\u2019an-\u0131\u2014Kerim okutuldu - AvrupaPress","isPartOf":{"@id":"https:\/\/avrupapress.com\/#website"},"primaryImageOfPage":{"@id":"https:\/\/avrupapress.com\/main\/2025\/02\/11\/eskisehirde-tum-sehitler-ve-vefat-eden-bilecikliler-icin-mevlid-i-serif-ve-kuran-i-kerim-okutuldu\/#primaryimage"},"image":{"@id":"https:\/\/avrupapress.com\/main\/2025\/02\/11\/eskisehirde-tum-sehitler-ve-vefat-eden-bilecikliler-icin-mevlid-i-serif-ve-kuran-i-kerim-okutuldu\/#primaryimage"},"thumbnailUrl":"https:\/\/avrupapress.com\/main\/wp-content\/uploads\/2025\/02\/thumbnail_IMG-20250211-WA0040.jpg","datePublished":"2025-02-11T21:11:53+00:00","dateModified":"2025-05-20T08:16:55+00:00","breadcrumb":{"@id":"https:\/\/avrupapress.com\/main\/2025\/02\/11\/eskisehirde-tum-sehitler-ve-vefat-eden-bilecikliler-icin-mevlid-i-serif-ve-kuran-i-kerim-okutuldu\/#breadcrumb"},"inLanguage":"fr-BE","potentialAction":[{"@type":"ReadAction","target":["https:\/\/avrupapress.com\/main\/2025\/02\/11\/eskisehirde-tum-sehitler-ve-vefat-eden-bilecikliler-icin-mevlid-i-serif-ve-kuran-i-kerim-okutuldu\/"]}]},{"@type":"ImageObject","inLanguage":"fr-BE","@id":"https:\/\/avrupapress.com\/main\/2025\/02\/11\/eskisehirde-tum-sehitler-ve-vefat-eden-bilecikliler-icin-mevlid-i-serif-ve-kuran-i-kerim-okutuldu\/#primaryimage","url":"https:\/\/avrupapress.com\/main\/wp-content\/uploads\/2025\/02\/thumbnail_IMG-20250211-WA0040.jpg","contentUrl":"https:\/\/avrupapress.com\/main\/wp-content\/uploads\/2025\/02\/thumbnail_IMG-20250211-WA0040.jpg","width":1600,"height":678},{"@type":"BreadcrumbList","@id":"https:\/\/avrupapress.com\/main\/2025\/02\/11\/eskisehirde-tum-sehitler-ve-vefat-eden-bilecikliler-icin-mevlid-i-serif-ve-kuran-i-kerim-okutuldu\/#breadcrumb","itemListElement":[{"@type":"ListItem","position":1,"name":"Anasayfa","item":"https:\/\/avrupapress.com\/"},{"@type":"ListItem","position":2,"name":"Eski\u015fehir\u2019de \u2018t\u00fcm \u015fehitler\u2019 ve \u2018vefat\u2019 eden Bilecikliler i\u00e7in Mevlid-i \u015eerif ve Kur\u2019an-\u0131\u2014Kerim okutuldu"}]},{"@type":"WebSite","@id":"https:\/\/avrupapress.com\/#website","url":"https:\/\/avrupapress.com\/","name":"AvrupaPress","description":"Haberin Adresi","publisher":{"@id":"https:\/\/avrupapress.com\/#\/schema\/person\/0223dca19c72c43575bf30d1a2d8f4fa"},"potentialAction":[{"@type":"SearchAction","target":{"@type":"EntryPoint","urlTemplate":"https:\/\/avrupapress.com\/?s={search_term_string}"},"query-input":{"@type":"PropertyValueSpecification","valueRequired":true,"valueName":"search_term_string"}}],"inLanguage":"fr-BE"},{"@type":["Person","Organization"],"@id":"https:\/\/avrupapress.com\/#\/schema\/person\/0223dca19c72c43575bf30d1a2d8f4fa","name":"Bilgin \u00d6z\u00e7ift\u00e7i","image":{"@type":"ImageObject","inLanguage":"fr-BE","@id":"https:\/\/avrupapress.com\/#\/schema\/person\/image\/","url":"https:\/\/secure.gravatar.com\/avatar\/0f23b280433a21e1ea7a0adcc46ed0ad16afe3ad8e630fd13d8a017dcbd54ef3?s=96&d=mm&r=g","contentUrl":"https:\/\/secure.gravatar.com\/avatar\/0f23b280433a21e1ea7a0adcc46ed0ad16afe3ad8e630fd13d8a017dcbd54ef3?s=96&d=mm&r=g","caption":"Bilgin \u00d6z\u00e7ift\u00e7i"},"logo":{"@id":"https:\/\/avrupapress.com\/#\/schema\/person\/image\/"},"description":"Ne ben, nede sen... Biz ancak \"biz\" olursak g\u00fc\u00e7l\u00fc olabiliriz"},{"@type":"Person","@id":"https:\/\/avrupapress.com\/#\/schema\/person\/68428444ec60970d1e1b700cf4ca1e8f","name":"Edit\u00f6r","image":{"@type":"ImageObject","inLanguage":"fr-BE","@id":"https:\/\/avrupapress.com\/#\/schema\/person\/image\/","url":"https:\/\/secure.gravatar.com\/avatar\/74996b0977aa5f1559ba9883776652508b229005c0d78fb2597897f0bd651c09?s=96&d=mm&r=g","contentUrl":"https:\/\/secure.gravatar.com\/avatar\/74996b0977aa5f1559ba9883776652508b229005c0d78fb2597897f0bd651c09?s=96&d=mm&r=g","caption":"Edit\u00f6r"},"sameAs":["http:\/\/www.avrupapress.com"],"url":"https:\/\/avrupapress.com\/main\/author\/editor\/"}]}},"_links":{"self":[{"href":"https:\/\/avrupapress.com\/main\/wp-json\/wp\/v2\/posts\/28209","targetHints":{"allow":["GET"]}}],"collection":[{"href":"https:\/\/avrupapress.com\/main\/wp-json\/wp\/v2\/posts"}],"about":[{"href":"https:\/\/avrupapress.com\/main\/wp-json\/wp\/v2\/types\/post"}],"author":[{"embeddable":true,"href":"https:\/\/avrupapress.com\/main\/wp-json\/wp\/v2\/users\/3"}],"replies":[{"embeddable":true,"href":"https:\/\/avrupapress.com\/main\/wp-json\/wp\/v2\/comments?post=28209"}],"version-history":[{"count":2,"href":"https:\/\/avrupapress.com\/main\/wp-json\/wp\/v2\/posts\/28209\/revisions"}],"predecessor-version":[{"id":29553,"href":"https:\/\/avrupapress.com\/main\/wp-json\/wp\/v2\/posts\/28209\/revisions\/29553"}],"wp:featuredmedia":[{"embeddable":true,"href":"https:\/\/avrupapress.com\/main\/wp-json\/wp\/v2\/media\/28210"}],"wp:attachment":[{"href":"https:\/\/avrupapress.com\/main\/wp-json\/wp\/v2\/media?parent=28209"}],"wp:term":[{"taxonomy":"category","embeddable":true,"href":"https:\/\/avrupapress.com\/main\/wp-json\/wp\/v2\/categories?post=28209"},{"taxonomy":"post_tag","embeddable":true,"href":"https:\/\/avrupapress.com\/main\/wp-json\/wp\/v2\/tags?post=28209"}],"curies":[{"name":"wp","href":"https:\/\/api.w.org\/{rel}","templated":true}]}}