{"id":28200,"date":"2025-02-09T21:04:23","date_gmt":"2025-02-09T21:04:23","guid":{"rendered":"https:\/\/avrupapress.com\/main\/?p=28200"},"modified":"2025-05-20T09:43:25","modified_gmt":"2025-05-20T09:43:25","slug":"etna-yanardaginda-lav-akisi-basladi","status":"publish","type":"post","link":"https:\/\/avrupapress.com\/main\/2025\/02\/09\/etna-yanardaginda-lav-akisi-basladi\/","title":{"rendered":"Etna yanarda\u011f\u0131nda lav ak\u0131\u015f\u0131 ba\u015flad\u0131"},"content":{"rendered":"<p><strong>\u0130talya&rsquo;n\u0131n g\u00fcneyindeki aktif yanarda\u011flardan Etna&rsquo;da lav ak\u0131\u015f\u0131 meydana geldi.<\/strong><\/p>\n<p>Sicilya Adas\u0131&rsquo;nda yakla\u015f\u0131k 3 bin 300 metre y\u00fcksekli\u011fe sahip Etna Yanarda\u011f\u0131&rsquo;n\u0131n \u2018Bocca Nuova (Yeni A\u011f\u0131z)\u2019 isimli kraterinin g\u00fcney yamac\u0131nda olu\u015fan bir \u00e7atlaktan d\u00fcn ak\u015fam saatlerinde g\u00fc\u00e7l\u00fc bir lav ak\u0131\u015f\u0131 ger\u00e7ekle\u015fti\u011fi kaydedildi. Yanarda\u011fda son g\u00fcnlerde aral\u0131kl\u0131 olarak k\u00fcl p\u00fcsk\u00fcrtme faaliyeti g\u00f6zlendi\u011fi de belirtildi.<\/p>\n<p><a class=\"keyword\" title=\"\u0130talya Haberleri, \u0130talya Haberi, \u0130talya Haber\" href=\"https:\/\/www.haberler.com\/italya\/\"><strong>\u0130talya<\/strong><\/a>&lsquo;daki aktif yanarda\u011flardan biri olan Etna Yanarda\u011f\u0131&rsquo;n\u0131n lav ak\u0131nt\u0131s\u0131, b\u00f6lge halk\u0131n\u0131 g\u00fcnden g\u00fcne daha \u00e7ok tedirgin ediyor.<\/p>\n<div style=\"overflow: auto; position: absolute; height: 0pt; width: 0pt;\">\n<a href=\"https:\/\/www.ankaraaltin.com\" title=\"ankara escort\" rel=\"dofollow\" target=\"_blank\">ankara escort<\/a><br \/>\n<a href=\"http:\/\/www.sincanburada.com\" title=\"Ankara \u00dcniversiteli  escort\" rel=\"dofollow\" target=\"_blank\">Ankara \u00dcniversiteli escort<\/a><br \/>\n<a href=\"http:\/\/www.cankayadans.com\" title=\"\u00c7ankaya evi olan ucuz escort\" rel=\"dofollow\" target=\"_blank\">\u00c7ankaya evi olan ucuz escort<\/a>\n<\/div>\n<p><img loading=\"lazy\" decoding=\"async\" class=\"hbptMainImage lazyload ImgDetay\" src=\"https:\/\/foto.haberler.com\/crop\/640x426\/haber\/2025\/02\/09\/etna-yanardagi-nda-guclu-lav-akintisi-meydana-18354465_9720_m.jpg\" alt=\"Etna Yanarda\u011f\u0131'nda G\u00fc\u00e7l\u00fc Lav Ak\u0131nt\u0131s\u0131 Meydana Geldi\" width=\"300\" height=\"200\" data-src=\"https:\/\/foto.haberler.com\/crop\/640x426\/haber\/2025\/02\/09\/etna-yanardagi-nda-guclu-lav-akintisi-meydana-18354465_9720_m.jpg\" \/><\/p>\n<div id=\"teads0\" class=\"teads-player native\"><\/div>\n<h3>G\u00dc\u00c7L\u00dc B\u0130R LAV AKI\u015eI GER\u00c7EKLE\u015eT\u0130<\/h3>\n<p>\u0130talyan bas\u0131n\u0131nda yer alan haberlerde, Sicilya Adas\u0131&rsquo;nda yakla\u015f\u0131k 3 bin 300 metre y\u00fcksekli\u011fe sahip yanarda\u011f\u0131n \u00ab\u00a0Bocca Nuova (Yeni A\u011f\u0131z)\u00a0\u00bb isimli kraterinin g\u00fcney yamac\u0131nda olu\u015fan bir \u00e7atlaktan d\u00fcn ak\u015fam saatlerinde g\u00fc\u00e7l\u00fc bir lav ak\u0131\u015f\u0131 ger\u00e7ekle\u015fti\u011fi belirtildi. Yanarda\u011fda son g\u00fcnlerde aral\u0131kl\u0131 \u015fekilde k\u00fcl p\u00fcsk\u00fcrtme faaliyeti de g\u00f6zlendi\u011fi ifade edildi.<\/p>\n<p><img loading=\"lazy\" decoding=\"async\" class=\"hbptMainImage lazyload ImgDetay\" src=\"https:\/\/foto.haberler.com\/crop\/640x320\/haber\/2025\/02\/09\/etna-yanardagi-nda-guclu-lav-akintisi-meydana-18354465_9038_m.jpg\" alt=\"Etna Yanarda\u011f\u0131'nda G\u00fc\u00e7l\u00fc Lav Ak\u0131nt\u0131s\u0131 Meydana Geldi\" width=\"300\" height=\"200\" data-src=\"https:\/\/foto.haberler.com\/crop\/640x320\/haber\/2025\/02\/09\/etna-yanardagi-nda-guclu-lav-akintisi-meydana-18354465_9038_m.jpg\" \/><\/p>\n<h3>2024&rsquo;TE DE AKT\u0130F DURUMA GELM\u0130\u015eT\u0130<\/h3>\n<p>K\u0131ta Avrupas\u0131&rsquo;n\u0131n en y\u00fcksek aktif yanarda\u011f\u0131 olma \u00f6zelli\u011fi ta\u015f\u0131yan Etna Yanarda\u011f\u0131&rsquo;nda 2024&rsquo;\u00fcn yaz aylar\u0131nda \u015fiddetli k\u00fcl ve lav p\u00fcsk\u00fcrtme gibi volkanik faaliyetler kaydedilmi\u015fti.<\/p>\n<figure class=\"type:primaryimage hbhOrder\"><img loading=\"lazy\" decoding=\"async\" id=\"HaberImage\" class=\"hbptMainImage\" src=\"https:\/\/foto.haberler.com\/crop\/648x436\/haber\/2025\/02\/09\/etna-yanardagi-nda-guclu-lav-akintisi-meydana-18354465_4629_amp.jpg\" alt=\"Etna Yanarda\u011f\u0131'nda g\u00fc\u00e7l\u00fc lav ak\u0131nt\u0131s\u0131 meydana geldi\" width=\"648\" height=\"436\" \/><\/figure>\n","protected":false},"excerpt":{"rendered":"<p>\u0130talya&rsquo;n\u0131n g\u00fcneyindeki aktif yanarda\u011flardan Etna&rsquo;da lav ak\u0131\u015f\u0131 meydana geldi. Sicilya Adas\u0131&rsquo;nda yakla\u015f\u0131k 3 bin 300 metre y\u00fcksekli\u011fe sahip Etna Yanarda\u011f\u0131&rsquo;n\u0131n \u2018Bocca Nuova (Yeni A\u011f\u0131z)\u2019 isimli kraterinin g\u00fcney yamac\u0131nda olu\u015fan bir \u00e7atlaktan d\u00fcn ak\u015fam saatlerinde g\u00fc\u00e7l\u00fc bir lav ak\u0131\u015f\u0131 ger\u00e7ekle\u015fti\u011fi kaydedildi. Yanarda\u011fda son g\u00fcnlerde aral\u0131kl\u0131 olarak k\u00fcl p\u00fcsk\u00fcrtme faaliyeti g\u00f6zlendi\u011fi de belirtildi. \u0130talya&lsquo;daki aktif yanarda\u011flardan biri [&hellip;]<\/p>\n","protected":false},"author":3,"featured_media":28201,"comment_status":"closed","ping_status":"open","sticky":false,"template":"","format":"standard","meta":{"footnotes":""},"categories":[14,16,3,17,18,15,19,2,1],"tags":[],"class_list":["post-28200","post","type-post","status-publish","format-standard","has-post-thumbnail","hentry","category-avrupa","category-belcika","category-dunya","category-ekonomi","category-kultur-sanat","category-spor","category-tanitim","category-turkiye","category-uncategorized"],"yoast_head":"<!-- This site is optimized with the Yoast SEO plugin v26.9 - https:\/\/yoast.com\/product\/yoast-seo-wordpress\/ -->\n<title>Etna yanarda\u011f\u0131nda lav ak\u0131\u015f\u0131 ba\u015flad\u0131 - AvrupaPress<\/title>\n<meta name=\"robots\" content=\"index, follow, max-snippet:-1, max-image-preview:large, max-video-preview:-1\" \/>\n<link rel=\"canonical\" href=\"https:\/\/avrupapress.com\/main\/2025\/02\/09\/etna-yanardaginda-lav-akisi-basladi\/\" \/>\n<meta property=\"og:locale\" content=\"fr_FR\" \/>\n<meta property=\"og:type\" content=\"article\" \/>\n<meta property=\"og:title\" content=\"Etna yanarda\u011f\u0131nda lav ak\u0131\u015f\u0131 ba\u015flad\u0131 - AvrupaPress\" \/>\n<meta property=\"og:description\" content=\"\u0130talya&rsquo;n\u0131n g\u00fcneyindeki aktif yanarda\u011flardan Etna&rsquo;da lav ak\u0131\u015f\u0131 meydana geldi. Sicilya Adas\u0131&rsquo;nda yakla\u015f\u0131k 3 bin 300 metre y\u00fcksekli\u011fe sahip Etna Yanarda\u011f\u0131&rsquo;n\u0131n \u2018Bocca Nuova (Yeni A\u011f\u0131z)\u2019 isimli kraterinin g\u00fcney yamac\u0131nda olu\u015fan bir \u00e7atlaktan d\u00fcn ak\u015fam saatlerinde g\u00fc\u00e7l\u00fc bir lav ak\u0131\u015f\u0131 ger\u00e7ekle\u015fti\u011fi kaydedildi. Yanarda\u011fda son g\u00fcnlerde aral\u0131kl\u0131 olarak k\u00fcl p\u00fcsk\u00fcrtme faaliyeti g\u00f6zlendi\u011fi de belirtildi. \u0130talya&lsquo;daki aktif yanarda\u011flardan biri [&hellip;]\" \/>\n<meta property=\"og:url\" content=\"https:\/\/avrupapress.com\/main\/2025\/02\/09\/etna-yanardaginda-lav-akisi-basladi\/\" \/>\n<meta property=\"og:site_name\" content=\"AvrupaPress\" \/>\n<meta property=\"article:published_time\" content=\"2025-02-09T21:04:23+00:00\" \/>\n<meta property=\"article:modified_time\" content=\"2025-05-20T09:43:25+00:00\" \/>\n<meta property=\"og:image\" content=\"https:\/\/avrupapress.com\/main\/wp-content\/uploads\/2025\/02\/etna-yanardagi-nda-guclu-lav-akintisi-meydana-18354465_4629_amp.webp\" \/>\n\t<meta property=\"og:image:width\" content=\"648\" \/>\n\t<meta property=\"og:image:height\" content=\"436\" \/>\n\t<meta property=\"og:image:type\" content=\"image\/webp\" \/>\n<meta name=\"author\" content=\"Edit\u00f6r\" \/>\n<meta name=\"twitter:card\" content=\"summary_large_image\" \/>\n<meta name=\"twitter:label1\" content=\"\u00c9crit par\" \/>\n\t<meta name=\"twitter:data1\" content=\"Edit\u00f6r\" \/>\n\t<meta name=\"twitter:label2\" content=\"Dur\u00e9e de lecture est.\" \/>\n\t<meta name=\"twitter:data2\" content=\"2 minutes\" \/>\n<script type=\"application\/ld+json\" class=\"yoast-schema-graph\">{\"@context\":\"https:\/\/schema.org\",\"@graph\":[{\"@type\":\"Article\",\"@id\":\"https:\/\/avrupapress.com\/main\/2025\/02\/09\/etna-yanardaginda-lav-akisi-basladi\/#article\",\"isPartOf\":{\"@id\":\"https:\/\/avrupapress.com\/main\/2025\/02\/09\/etna-yanardaginda-lav-akisi-basladi\/\"},\"author\":{\"name\":\"Edit\u00f6r\",\"@id\":\"https:\/\/avrupapress.com\/#\/schema\/person\/68428444ec60970d1e1b700cf4ca1e8f\"},\"headline\":\"Etna yanarda\u011f\u0131nda lav ak\u0131\u015f\u0131 ba\u015flad\u0131\",\"datePublished\":\"2025-02-09T21:04:23+00:00\",\"dateModified\":\"2025-05-20T09:43:25+00:00\",\"mainEntityOfPage\":{\"@id\":\"https:\/\/avrupapress.com\/main\/2025\/02\/09\/etna-yanardaginda-lav-akisi-basladi\/\"},\"wordCount\":243,\"publisher\":{\"@id\":\"https:\/\/avrupapress.com\/#\/schema\/person\/0223dca19c72c43575bf30d1a2d8f4fa\"},\"image\":{\"@id\":\"https:\/\/avrupapress.com\/main\/2025\/02\/09\/etna-yanardaginda-lav-akisi-basladi\/#primaryimage\"},\"thumbnailUrl\":\"https:\/\/avrupapress.com\/main\/wp-content\/uploads\/2025\/02\/etna-yanardagi-nda-guclu-lav-akintisi-meydana-18354465_4629_amp.webp\",\"articleSection\":[\"Avrupa\",\"Bel\u00e7ika\",\"D\u00fcnya\",\"Ekonomi\",\"K\u00fclt\u00fcr-Sanat\",\"Spor\",\"Tan\u0131t\u0131m\",\"T\u00fcrkiye\",\"Uncategorized\"],\"inLanguage\":\"fr-BE\"},{\"@type\":\"WebPage\",\"@id\":\"https:\/\/avrupapress.com\/main\/2025\/02\/09\/etna-yanardaginda-lav-akisi-basladi\/\",\"url\":\"https:\/\/avrupapress.com\/main\/2025\/02\/09\/etna-yanardaginda-lav-akisi-basladi\/\",\"name\":\"Etna yanarda\u011f\u0131nda lav ak\u0131\u015f\u0131 ba\u015flad\u0131 - AvrupaPress\",\"isPartOf\":{\"@id\":\"https:\/\/avrupapress.com\/#website\"},\"primaryImageOfPage\":{\"@id\":\"https:\/\/avrupapress.com\/main\/2025\/02\/09\/etna-yanardaginda-lav-akisi-basladi\/#primaryimage\"},\"image\":{\"@id\":\"https:\/\/avrupapress.com\/main\/2025\/02\/09\/etna-yanardaginda-lav-akisi-basladi\/#primaryimage\"},\"thumbnailUrl\":\"https:\/\/avrupapress.com\/main\/wp-content\/uploads\/2025\/02\/etna-yanardagi-nda-guclu-lav-akintisi-meydana-18354465_4629_amp.webp\",\"datePublished\":\"2025-02-09T21:04:23+00:00\",\"dateModified\":\"2025-05-20T09:43:25+00:00\",\"breadcrumb\":{\"@id\":\"https:\/\/avrupapress.com\/main\/2025\/02\/09\/etna-yanardaginda-lav-akisi-basladi\/#breadcrumb\"},\"inLanguage\":\"fr-BE\",\"potentialAction\":[{\"@type\":\"ReadAction\",\"target\":[\"https:\/\/avrupapress.com\/main\/2025\/02\/09\/etna-yanardaginda-lav-akisi-basladi\/\"]}]},{\"@type\":\"ImageObject\",\"inLanguage\":\"fr-BE\",\"@id\":\"https:\/\/avrupapress.com\/main\/2025\/02\/09\/etna-yanardaginda-lav-akisi-basladi\/#primaryimage\",\"url\":\"https:\/\/avrupapress.com\/main\/wp-content\/uploads\/2025\/02\/etna-yanardagi-nda-guclu-lav-akintisi-meydana-18354465_4629_amp.webp\",\"contentUrl\":\"https:\/\/avrupapress.com\/main\/wp-content\/uploads\/2025\/02\/etna-yanardagi-nda-guclu-lav-akintisi-meydana-18354465_4629_amp.webp\",\"width\":648,\"height\":436},{\"@type\":\"BreadcrumbList\",\"@id\":\"https:\/\/avrupapress.com\/main\/2025\/02\/09\/etna-yanardaginda-lav-akisi-basladi\/#breadcrumb\",\"itemListElement\":[{\"@type\":\"ListItem\",\"position\":1,\"name\":\"Anasayfa\",\"item\":\"https:\/\/avrupapress.com\/\"},{\"@type\":\"ListItem\",\"position\":2,\"name\":\"Etna yanarda\u011f\u0131nda lav ak\u0131\u015f\u0131 ba\u015flad\u0131\"}]},{\"@type\":\"WebSite\",\"@id\":\"https:\/\/avrupapress.com\/#website\",\"url\":\"https:\/\/avrupapress.com\/\",\"name\":\"AvrupaPress\",\"description\":\"Haberin Adresi\",\"publisher\":{\"@id\":\"https:\/\/avrupapress.com\/#\/schema\/person\/0223dca19c72c43575bf30d1a2d8f4fa\"},\"potentialAction\":[{\"@type\":\"SearchAction\",\"target\":{\"@type\":\"EntryPoint\",\"urlTemplate\":\"https:\/\/avrupapress.com\/?s={search_term_string}\"},\"query-input\":{\"@type\":\"PropertyValueSpecification\",\"valueRequired\":true,\"valueName\":\"search_term_string\"}}],\"inLanguage\":\"fr-BE\"},{\"@type\":[\"Person\",\"Organization\"],\"@id\":\"https:\/\/avrupapress.com\/#\/schema\/person\/0223dca19c72c43575bf30d1a2d8f4fa\",\"name\":\"Bilgin \u00d6z\u00e7ift\u00e7i\",\"image\":{\"@type\":\"ImageObject\",\"inLanguage\":\"fr-BE\",\"@id\":\"https:\/\/avrupapress.com\/#\/schema\/person\/image\/\",\"url\":\"https:\/\/secure.gravatar.com\/avatar\/0f23b280433a21e1ea7a0adcc46ed0ad16afe3ad8e630fd13d8a017dcbd54ef3?s=96&d=mm&r=g\",\"contentUrl\":\"https:\/\/secure.gravatar.com\/avatar\/0f23b280433a21e1ea7a0adcc46ed0ad16afe3ad8e630fd13d8a017dcbd54ef3?s=96&d=mm&r=g\",\"caption\":\"Bilgin \u00d6z\u00e7ift\u00e7i\"},\"logo\":{\"@id\":\"https:\/\/avrupapress.com\/#\/schema\/person\/image\/\"},\"description\":\"Ne ben, nede sen... Biz ancak \\\"biz\\\" olursak g\u00fc\u00e7l\u00fc olabiliriz\"},{\"@type\":\"Person\",\"@id\":\"https:\/\/avrupapress.com\/#\/schema\/person\/68428444ec60970d1e1b700cf4ca1e8f\",\"name\":\"Edit\u00f6r\",\"image\":{\"@type\":\"ImageObject\",\"inLanguage\":\"fr-BE\",\"@id\":\"https:\/\/avrupapress.com\/#\/schema\/person\/image\/\",\"url\":\"https:\/\/secure.gravatar.com\/avatar\/74996b0977aa5f1559ba9883776652508b229005c0d78fb2597897f0bd651c09?s=96&d=mm&r=g\",\"contentUrl\":\"https:\/\/secure.gravatar.com\/avatar\/74996b0977aa5f1559ba9883776652508b229005c0d78fb2597897f0bd651c09?s=96&d=mm&r=g\",\"caption\":\"Edit\u00f6r\"},\"sameAs\":[\"http:\/\/www.avrupapress.com\"],\"url\":\"https:\/\/avrupapress.com\/main\/author\/editor\/\"}]}<\/script>\n<!-- \/ Yoast SEO plugin. -->","yoast_head_json":{"title":"Etna yanarda\u011f\u0131nda lav ak\u0131\u015f\u0131 ba\u015flad\u0131 - AvrupaPress","robots":{"index":"index","follow":"follow","max-snippet":"max-snippet:-1","max-image-preview":"max-image-preview:large","max-video-preview":"max-video-preview:-1"},"canonical":"https:\/\/avrupapress.com\/main\/2025\/02\/09\/etna-yanardaginda-lav-akisi-basladi\/","og_locale":"fr_FR","og_type":"article","og_title":"Etna yanarda\u011f\u0131nda lav ak\u0131\u015f\u0131 ba\u015flad\u0131 - AvrupaPress","og_description":"\u0130talya&rsquo;n\u0131n g\u00fcneyindeki aktif yanarda\u011flardan Etna&rsquo;da lav ak\u0131\u015f\u0131 meydana geldi. Sicilya Adas\u0131&rsquo;nda yakla\u015f\u0131k 3 bin 300 metre y\u00fcksekli\u011fe sahip Etna Yanarda\u011f\u0131&rsquo;n\u0131n \u2018Bocca Nuova (Yeni A\u011f\u0131z)\u2019 isimli kraterinin g\u00fcney yamac\u0131nda olu\u015fan bir \u00e7atlaktan d\u00fcn ak\u015fam saatlerinde g\u00fc\u00e7l\u00fc bir lav ak\u0131\u015f\u0131 ger\u00e7ekle\u015fti\u011fi kaydedildi. Yanarda\u011fda son g\u00fcnlerde aral\u0131kl\u0131 olarak k\u00fcl p\u00fcsk\u00fcrtme faaliyeti g\u00f6zlendi\u011fi de belirtildi. \u0130talya&lsquo;daki aktif yanarda\u011flardan biri [&hellip;]","og_url":"https:\/\/avrupapress.com\/main\/2025\/02\/09\/etna-yanardaginda-lav-akisi-basladi\/","og_site_name":"AvrupaPress","article_published_time":"2025-02-09T21:04:23+00:00","article_modified_time":"2025-05-20T09:43:25+00:00","og_image":[{"width":648,"height":436,"url":"https:\/\/avrupapress.com\/main\/wp-content\/uploads\/2025\/02\/etna-yanardagi-nda-guclu-lav-akintisi-meydana-18354465_4629_amp.webp","type":"image\/webp"}],"author":"Edit\u00f6r","twitter_card":"summary_large_image","twitter_misc":{"\u00c9crit par":"Edit\u00f6r","Dur\u00e9e de lecture est.":"2 minutes"},"schema":{"@context":"https:\/\/schema.org","@graph":[{"@type":"Article","@id":"https:\/\/avrupapress.com\/main\/2025\/02\/09\/etna-yanardaginda-lav-akisi-basladi\/#article","isPartOf":{"@id":"https:\/\/avrupapress.com\/main\/2025\/02\/09\/etna-yanardaginda-lav-akisi-basladi\/"},"author":{"name":"Edit\u00f6r","@id":"https:\/\/avrupapress.com\/#\/schema\/person\/68428444ec60970d1e1b700cf4ca1e8f"},"headline":"Etna yanarda\u011f\u0131nda lav ak\u0131\u015f\u0131 ba\u015flad\u0131","datePublished":"2025-02-09T21:04:23+00:00","dateModified":"2025-05-20T09:43:25+00:00","mainEntityOfPage":{"@id":"https:\/\/avrupapress.com\/main\/2025\/02\/09\/etna-yanardaginda-lav-akisi-basladi\/"},"wordCount":243,"publisher":{"@id":"https:\/\/avrupapress.com\/#\/schema\/person\/0223dca19c72c43575bf30d1a2d8f4fa"},"image":{"@id":"https:\/\/avrupapress.com\/main\/2025\/02\/09\/etna-yanardaginda-lav-akisi-basladi\/#primaryimage"},"thumbnailUrl":"https:\/\/avrupapress.com\/main\/wp-content\/uploads\/2025\/02\/etna-yanardagi-nda-guclu-lav-akintisi-meydana-18354465_4629_amp.webp","articleSection":["Avrupa","Bel\u00e7ika","D\u00fcnya","Ekonomi","K\u00fclt\u00fcr-Sanat","Spor","Tan\u0131t\u0131m","T\u00fcrkiye","Uncategorized"],"inLanguage":"fr-BE"},{"@type":"WebPage","@id":"https:\/\/avrupapress.com\/main\/2025\/02\/09\/etna-yanardaginda-lav-akisi-basladi\/","url":"https:\/\/avrupapress.com\/main\/2025\/02\/09\/etna-yanardaginda-lav-akisi-basladi\/","name":"Etna yanarda\u011f\u0131nda lav ak\u0131\u015f\u0131 ba\u015flad\u0131 - AvrupaPress","isPartOf":{"@id":"https:\/\/avrupapress.com\/#website"},"primaryImageOfPage":{"@id":"https:\/\/avrupapress.com\/main\/2025\/02\/09\/etna-yanardaginda-lav-akisi-basladi\/#primaryimage"},"image":{"@id":"https:\/\/avrupapress.com\/main\/2025\/02\/09\/etna-yanardaginda-lav-akisi-basladi\/#primaryimage"},"thumbnailUrl":"https:\/\/avrupapress.com\/main\/wp-content\/uploads\/2025\/02\/etna-yanardagi-nda-guclu-lav-akintisi-meydana-18354465_4629_amp.webp","datePublished":"2025-02-09T21:04:23+00:00","dateModified":"2025-05-20T09:43:25+00:00","breadcrumb":{"@id":"https:\/\/avrupapress.com\/main\/2025\/02\/09\/etna-yanardaginda-lav-akisi-basladi\/#breadcrumb"},"inLanguage":"fr-BE","potentialAction":[{"@type":"ReadAction","target":["https:\/\/avrupapress.com\/main\/2025\/02\/09\/etna-yanardaginda-lav-akisi-basladi\/"]}]},{"@type":"ImageObject","inLanguage":"fr-BE","@id":"https:\/\/avrupapress.com\/main\/2025\/02\/09\/etna-yanardaginda-lav-akisi-basladi\/#primaryimage","url":"https:\/\/avrupapress.com\/main\/wp-content\/uploads\/2025\/02\/etna-yanardagi-nda-guclu-lav-akintisi-meydana-18354465_4629_amp.webp","contentUrl":"https:\/\/avrupapress.com\/main\/wp-content\/uploads\/2025\/02\/etna-yanardagi-nda-guclu-lav-akintisi-meydana-18354465_4629_amp.webp","width":648,"height":436},{"@type":"BreadcrumbList","@id":"https:\/\/avrupapress.com\/main\/2025\/02\/09\/etna-yanardaginda-lav-akisi-basladi\/#breadcrumb","itemListElement":[{"@type":"ListItem","position":1,"name":"Anasayfa","item":"https:\/\/avrupapress.com\/"},{"@type":"ListItem","position":2,"name":"Etna yanarda\u011f\u0131nda lav ak\u0131\u015f\u0131 ba\u015flad\u0131"}]},{"@type":"WebSite","@id":"https:\/\/avrupapress.com\/#website","url":"https:\/\/avrupapress.com\/","name":"AvrupaPress","description":"Haberin Adresi","publisher":{"@id":"https:\/\/avrupapress.com\/#\/schema\/person\/0223dca19c72c43575bf30d1a2d8f4fa"},"potentialAction":[{"@type":"SearchAction","target":{"@type":"EntryPoint","urlTemplate":"https:\/\/avrupapress.com\/?s={search_term_string}"},"query-input":{"@type":"PropertyValueSpecification","valueRequired":true,"valueName":"search_term_string"}}],"inLanguage":"fr-BE"},{"@type":["Person","Organization"],"@id":"https:\/\/avrupapress.com\/#\/schema\/person\/0223dca19c72c43575bf30d1a2d8f4fa","name":"Bilgin \u00d6z\u00e7ift\u00e7i","image":{"@type":"ImageObject","inLanguage":"fr-BE","@id":"https:\/\/avrupapress.com\/#\/schema\/person\/image\/","url":"https:\/\/secure.gravatar.com\/avatar\/0f23b280433a21e1ea7a0adcc46ed0ad16afe3ad8e630fd13d8a017dcbd54ef3?s=96&d=mm&r=g","contentUrl":"https:\/\/secure.gravatar.com\/avatar\/0f23b280433a21e1ea7a0adcc46ed0ad16afe3ad8e630fd13d8a017dcbd54ef3?s=96&d=mm&r=g","caption":"Bilgin \u00d6z\u00e7ift\u00e7i"},"logo":{"@id":"https:\/\/avrupapress.com\/#\/schema\/person\/image\/"},"description":"Ne ben, nede sen... Biz ancak \"biz\" olursak g\u00fc\u00e7l\u00fc olabiliriz"},{"@type":"Person","@id":"https:\/\/avrupapress.com\/#\/schema\/person\/68428444ec60970d1e1b700cf4ca1e8f","name":"Edit\u00f6r","image":{"@type":"ImageObject","inLanguage":"fr-BE","@id":"https:\/\/avrupapress.com\/#\/schema\/person\/image\/","url":"https:\/\/secure.gravatar.com\/avatar\/74996b0977aa5f1559ba9883776652508b229005c0d78fb2597897f0bd651c09?s=96&d=mm&r=g","contentUrl":"https:\/\/secure.gravatar.com\/avatar\/74996b0977aa5f1559ba9883776652508b229005c0d78fb2597897f0bd651c09?s=96&d=mm&r=g","caption":"Edit\u00f6r"},"sameAs":["http:\/\/www.avrupapress.com"],"url":"https:\/\/avrupapress.com\/main\/author\/editor\/"}]}},"_links":{"self":[{"href":"https:\/\/avrupapress.com\/main\/wp-json\/wp\/v2\/posts\/28200","targetHints":{"allow":["GET"]}}],"collection":[{"href":"https:\/\/avrupapress.com\/main\/wp-json\/wp\/v2\/posts"}],"about":[{"href":"https:\/\/avrupapress.com\/main\/wp-json\/wp\/v2\/types\/post"}],"author":[{"embeddable":true,"href":"https:\/\/avrupapress.com\/main\/wp-json\/wp\/v2\/users\/3"}],"replies":[{"embeddable":true,"href":"https:\/\/avrupapress.com\/main\/wp-json\/wp\/v2\/comments?post=28200"}],"version-history":[{"count":3,"href":"https:\/\/avrupapress.com\/main\/wp-json\/wp\/v2\/posts\/28200\/revisions"}],"predecessor-version":[{"id":29555,"href":"https:\/\/avrupapress.com\/main\/wp-json\/wp\/v2\/posts\/28200\/revisions\/29555"}],"wp:featuredmedia":[{"embeddable":true,"href":"https:\/\/avrupapress.com\/main\/wp-json\/wp\/v2\/media\/28201"}],"wp:attachment":[{"href":"https:\/\/avrupapress.com\/main\/wp-json\/wp\/v2\/media?parent=28200"}],"wp:term":[{"taxonomy":"category","embeddable":true,"href":"https:\/\/avrupapress.com\/main\/wp-json\/wp\/v2\/categories?post=28200"},{"taxonomy":"post_tag","embeddable":true,"href":"https:\/\/avrupapress.com\/main\/wp-json\/wp\/v2\/tags?post=28200"}],"curies":[{"name":"wp","href":"https:\/\/api.w.org\/{rel}","templated":true}]}}