{"id":28199,"date":"2025-02-09T21:17:41","date_gmt":"2025-02-09T21:17:41","guid":{"rendered":"https:\/\/avrupapress.com\/main\/?p=28199"},"modified":"2025-05-20T09:28:35","modified_gmt":"2025-05-20T09:28:35","slug":"emirdagli-gazeteci-celil-karaca-hala-daha-onun-gibisi-gelmedi","status":"publish","type":"post","link":"https:\/\/avrupapress.com\/main\/2025\/02\/09\/emirdagli-gazeteci-celil-karaca-hala-daha-onun-gibisi-gelmedi\/","title":{"rendered":"Emirda\u011fl\u0131 gazeteci Celil Karaca (H\u00e2l\u00e2 daha onun gibisi gelmedi)"},"content":{"rendered":"<p>Emirda\u011fl\u0131 gazeteci Celil Karaca<\/p>\n<div dir=\"auto\">(H\u00e2l\u00e2 daha onun gibisi gelmedi)<\/div>\n<div style=\"overflow: auto; position: absolute; height: 0pt; width: 0pt;\">\n<a href=\"http:\/\/www.sincanburada.com\" title=\"Ankara Ukraynal\u0131 escort\" rel=\"dofollow\" target=\"_blank\">Ankara Ukraynal\u0131 escort<\/a><br \/>\n<a href=\"http:\/\/www.cankayadans.com\" title=\"\u00c7ankaya sevgili tad\u0131nda escort\" rel=\"dofollow\" target=\"_blank\">\u00c7ankaya sevgili tad\u0131nda escort<\/a><br \/>\n<a href=\"https:\/\/www.ankaraaltin.com\" title=\"ankara escort\" rel=\"dofollow\" target=\"_blank\">ankara escort<\/a>\n<\/div>\n<div dir=\"auto\"><\/div>\n<div dir=\"auto\">Kendisine &lsquo;Emirda\u011fl\u0131 Deli Celil&rsquo; lakab\u0131n\u0131 takan Emirda\u011f&rsquo;\u0131n ilk gazetecisi Celil Karaca<\/div>\n<div dir=\"auto\"><\/div>\n<div dir=\"auto\">\u00a0 Yi\u011fit dedi\u011fin biraz deli olmal\u0131. Deli olmazsa bir i\u015fe girerken \u00e7ok fazla hesap yapar. Fazla hesap kitap yapan da hi\u00e7bir i\u015fin \u00fcstesinden gelemez. Ellili y\u0131llarda Emirda\u011f&rsquo;\u0131nda matbaa kurup gazete \u00e7\u0131kartmak herhalde ak\u0131ll\u0131 adam i\u015fi olamazd\u0131. Bunu becerebilene deli demeyeceksin de ne diyeceksin?<\/div>\n<div dir=\"auto\"><\/div>\n<div dir=\"auto\">(\u00a0\u00bbKe\u015fke Emirda\u011f&rsquo;\u0131n\u0131n Celil Karaca ayar\u0131nda \u00fc\u00e7 be\u015f delisi daha olsayd\u0131!\u00a0\u00bb Alper AKSOY )<\/div>\n<div dir=\"auto\"><\/div>\n<div dir=\"auto\">Siz s\u0131radan bir insan de\u011filsiniz. Hatta zaman zaman bilge bir ki\u015fi intibah\u0131n\u0131 veriyorsunuz.Siz kendinizi bir dahi olarak m\u0131 g\u00f6r\u00fcyorsunuz, yoksa bir deli misiniz? Sorusuna \u015f\u00f6yle cevap vermi\u015ftir:<\/div>\n<div dir=\"auto\">Dahilik kim, biz kimiz. Bir deli oldu\u011fumuz kesin de z\u0131r deli mi, z\u0131r z\u0131r deli mi, hangisi oldu\u011funu ben de tam bir yere oturtam\u0131yorum; ama h\u0131nz\u0131r delilik a\u011f\u0131r bas\u0131yor. K\u0131saca deli olmaktan ho\u015flan\u0131yorum.<\/div>\n<div dir=\"auto\"><\/div>\n<div dir=\"auto\">Emirda\u011f ve Emirda\u011fl\u0131lar\u0131n bulundu\u011fu yerden hi\u00e7 kopmad\u0131m.Ben do\u011fdu\u011fum \u015fehri ve hem\u015fehrilerini \u00e7ok seven bir insan\u0131m. Benim sevgime Emirda\u011fl\u0131lar fazlas\u0131yla kar\u015f\u0131l\u0131k verdiler. Koca Yunus&rsquo;un 21. y\u00fczy\u0131lda milyonlarca seveninden biriyim. \u0130nsanlar\u0131 severim.<\/div>\n<div dir=\"auto\"><\/div>\n<div dir=\"auto\">Emirda\u011f&rsquo;\u0131n\u0131 ger\u00e7ek sevenlerle, sever g\u00f6r\u00fcnenleri ay\u0131rt edebildi\u011fimiz g\u00fcn, Emirda\u011f b\u00fcy\u00fck, \u00e7ok b\u00fcy\u00fck olacakt\u0131r<\/div>\n<div dir=\"auto\"><\/div>\n<div dir=\"auto\">Ankara&rsquo;da ve Eski\u015fehir&rsquo;de bir\u00e7ok gazetenin sorumlu yaz\u0131 i\u015fleri m\u00fcd\u00fcr\u00fc ve Emirda\u011f&rsquo;da ilk kez yay\u0131nlanan \u00ab\u00a0Emirda\u011f Gazetesi\u00a0\u00bbni \u00a0yay\u0131nlayan ki\u015fi<\/div>\n<div dir=\"auto\">Celil Karaca<\/div>\n<p>Allah rahmet eylesin mekan\u0131 cennet olsun in\u015fallah<\/p>\n<p><img loading=\"lazy\" decoding=\"async\" class=\"alignnone size-medium wp-image-28205\" src=\"https:\/\/avrupapress.com\/main\/wp-content\/uploads\/2025\/02\/thumbnail_Screenshot_20250209_221245_Facebook-300x172.jpg\" alt=\"\" width=\"300\" height=\"172\" srcset=\"https:\/\/avrupapress.com\/main\/wp-content\/uploads\/2025\/02\/thumbnail_Screenshot_20250209_221245_Facebook-300x172.jpg 300w, https:\/\/avrupapress.com\/main\/wp-content\/uploads\/2025\/02\/thumbnail_Screenshot_20250209_221245_Facebook-1024x586.jpg 1024w, https:\/\/avrupapress.com\/main\/wp-content\/uploads\/2025\/02\/thumbnail_Screenshot_20250209_221245_Facebook-768x439.jpg 768w, https:\/\/avrupapress.com\/main\/wp-content\/uploads\/2025\/02\/thumbnail_Screenshot_20250209_221245_Facebook-1536x878.jpg 1536w, https:\/\/avrupapress.com\/main\/wp-content\/uploads\/2025\/02\/thumbnail_Screenshot_20250209_221245_Facebook.jpg 1920w\" sizes=\"auto, (max-width: 300px) 100vw, 300px\" \/><\/p>\n<p><strong>Emirdag Turkuleri<\/strong><\/p>\n<p><strong>Metin Demirkapu\u00a0 \u00a0 \u00a0\/\u00a0 \u00a0 \u00a0AVRUPAPRESS<\/strong><\/p>\n<p>&nbsp;<\/p>\n","protected":false},"excerpt":{"rendered":"<p>Emirda\u011fl\u0131 gazeteci Celil Karaca (H\u00e2l\u00e2 daha onun gibisi gelmedi) Ankara Ukraynal\u0131 escort \u00c7ankaya sevgili tad\u0131nda escort ankara escort Kendisine &lsquo;Emirda\u011fl\u0131 Deli Celil&rsquo; lakab\u0131n\u0131 takan Emirda\u011f&rsquo;\u0131n ilk gazetecisi Celil Karaca \u00a0 Yi\u011fit dedi\u011fin biraz deli olmal\u0131. Deli olmazsa bir i\u015fe girerken \u00e7ok fazla hesap yapar. Fazla hesap kitap yapan da hi\u00e7bir i\u015fin \u00fcstesinden gelemez. Ellili y\u0131llarda [&hellip;]<\/p>\n","protected":false},"author":3,"featured_media":28205,"comment_status":"closed","ping_status":"open","sticky":false,"template":"","format":"standard","meta":{"footnotes":""},"categories":[14,16,3,17,18,15,19,2,1],"tags":[],"class_list":["post-28199","post","type-post","status-publish","format-standard","has-post-thumbnail","hentry","category-avrupa","category-belcika","category-dunya","category-ekonomi","category-kultur-sanat","category-spor","category-tanitim","category-turkiye","category-uncategorized"],"yoast_head":"<!-- This site is optimized with the Yoast SEO plugin v26.9 - https:\/\/yoast.com\/product\/yoast-seo-wordpress\/ -->\n<title>Emirda\u011fl\u0131 gazeteci Celil Karaca (H\u00e2l\u00e2 daha onun gibisi gelmedi) - AvrupaPress<\/title>\n<meta name=\"robots\" content=\"index, follow, max-snippet:-1, max-image-preview:large, max-video-preview:-1\" \/>\n<link rel=\"canonical\" href=\"https:\/\/avrupapress.com\/main\/2025\/02\/09\/emirdagli-gazeteci-celil-karaca-hala-daha-onun-gibisi-gelmedi\/\" \/>\n<meta property=\"og:locale\" content=\"fr_FR\" \/>\n<meta property=\"og:type\" content=\"article\" \/>\n<meta property=\"og:title\" content=\"Emirda\u011fl\u0131 gazeteci Celil Karaca (H\u00e2l\u00e2 daha onun gibisi gelmedi) - AvrupaPress\" \/>\n<meta property=\"og:description\" content=\"Emirda\u011fl\u0131 gazeteci Celil Karaca (H\u00e2l\u00e2 daha onun gibisi gelmedi) Ankara Ukraynal\u0131 escort \u00c7ankaya sevgili tad\u0131nda escort ankara escort Kendisine &lsquo;Emirda\u011fl\u0131 Deli Celil&rsquo; lakab\u0131n\u0131 takan Emirda\u011f&rsquo;\u0131n ilk gazetecisi Celil Karaca \u00a0 Yi\u011fit dedi\u011fin biraz deli olmal\u0131. Deli olmazsa bir i\u015fe girerken \u00e7ok fazla hesap yapar. Fazla hesap kitap yapan da hi\u00e7bir i\u015fin \u00fcstesinden gelemez. Ellili y\u0131llarda [&hellip;]\" \/>\n<meta property=\"og:url\" content=\"https:\/\/avrupapress.com\/main\/2025\/02\/09\/emirdagli-gazeteci-celil-karaca-hala-daha-onun-gibisi-gelmedi\/\" \/>\n<meta property=\"og:site_name\" content=\"AvrupaPress\" \/>\n<meta property=\"article:published_time\" content=\"2025-02-09T21:17:41+00:00\" \/>\n<meta property=\"article:modified_time\" content=\"2025-05-20T09:28:35+00:00\" \/>\n<meta property=\"og:image\" content=\"https:\/\/avrupapress.com\/main\/wp-content\/uploads\/2025\/02\/thumbnail_Screenshot_20250209_221245_Facebook.jpg\" \/>\n\t<meta property=\"og:image:width\" content=\"1920\" \/>\n\t<meta property=\"og:image:height\" content=\"1098\" \/>\n\t<meta property=\"og:image:type\" content=\"image\/jpeg\" \/>\n<meta name=\"author\" content=\"Edit\u00f6r\" \/>\n<meta name=\"twitter:card\" content=\"summary_large_image\" \/>\n<meta name=\"twitter:label1\" content=\"\u00c9crit par\" \/>\n\t<meta name=\"twitter:data1\" content=\"Edit\u00f6r\" \/>\n\t<meta name=\"twitter:label2\" content=\"Dur\u00e9e de lecture est.\" \/>\n\t<meta name=\"twitter:data2\" content=\"2 minutes\" \/>\n<script type=\"application\/ld+json\" class=\"yoast-schema-graph\">{\"@context\":\"https:\/\/schema.org\",\"@graph\":[{\"@type\":\"Article\",\"@id\":\"https:\/\/avrupapress.com\/main\/2025\/02\/09\/emirdagli-gazeteci-celil-karaca-hala-daha-onun-gibisi-gelmedi\/#article\",\"isPartOf\":{\"@id\":\"https:\/\/avrupapress.com\/main\/2025\/02\/09\/emirdagli-gazeteci-celil-karaca-hala-daha-onun-gibisi-gelmedi\/\"},\"author\":{\"name\":\"Edit\u00f6r\",\"@id\":\"https:\/\/avrupapress.com\/#\/schema\/person\/68428444ec60970d1e1b700cf4ca1e8f\"},\"headline\":\"Emirda\u011fl\u0131 gazeteci Celil Karaca (H\u00e2l\u00e2 daha onun gibisi gelmedi)\",\"datePublished\":\"2025-02-09T21:17:41+00:00\",\"dateModified\":\"2025-05-20T09:28:35+00:00\",\"mainEntityOfPage\":{\"@id\":\"https:\/\/avrupapress.com\/main\/2025\/02\/09\/emirdagli-gazeteci-celil-karaca-hala-daha-onun-gibisi-gelmedi\/\"},\"wordCount\":312,\"publisher\":{\"@id\":\"https:\/\/avrupapress.com\/#\/schema\/person\/0223dca19c72c43575bf30d1a2d8f4fa\"},\"image\":{\"@id\":\"https:\/\/avrupapress.com\/main\/2025\/02\/09\/emirdagli-gazeteci-celil-karaca-hala-daha-onun-gibisi-gelmedi\/#primaryimage\"},\"thumbnailUrl\":\"https:\/\/avrupapress.com\/main\/wp-content\/uploads\/2025\/02\/thumbnail_Screenshot_20250209_221245_Facebook.jpg\",\"articleSection\":[\"Avrupa\",\"Bel\u00e7ika\",\"D\u00fcnya\",\"Ekonomi\",\"K\u00fclt\u00fcr-Sanat\",\"Spor\",\"Tan\u0131t\u0131m\",\"T\u00fcrkiye\",\"Uncategorized\"],\"inLanguage\":\"fr-BE\"},{\"@type\":\"WebPage\",\"@id\":\"https:\/\/avrupapress.com\/main\/2025\/02\/09\/emirdagli-gazeteci-celil-karaca-hala-daha-onun-gibisi-gelmedi\/\",\"url\":\"https:\/\/avrupapress.com\/main\/2025\/02\/09\/emirdagli-gazeteci-celil-karaca-hala-daha-onun-gibisi-gelmedi\/\",\"name\":\"Emirda\u011fl\u0131 gazeteci Celil Karaca (H\u00e2l\u00e2 daha onun gibisi gelmedi) - AvrupaPress\",\"isPartOf\":{\"@id\":\"https:\/\/avrupapress.com\/#website\"},\"primaryImageOfPage\":{\"@id\":\"https:\/\/avrupapress.com\/main\/2025\/02\/09\/emirdagli-gazeteci-celil-karaca-hala-daha-onun-gibisi-gelmedi\/#primaryimage\"},\"image\":{\"@id\":\"https:\/\/avrupapress.com\/main\/2025\/02\/09\/emirdagli-gazeteci-celil-karaca-hala-daha-onun-gibisi-gelmedi\/#primaryimage\"},\"thumbnailUrl\":\"https:\/\/avrupapress.com\/main\/wp-content\/uploads\/2025\/02\/thumbnail_Screenshot_20250209_221245_Facebook.jpg\",\"datePublished\":\"2025-02-09T21:17:41+00:00\",\"dateModified\":\"2025-05-20T09:28:35+00:00\",\"breadcrumb\":{\"@id\":\"https:\/\/avrupapress.com\/main\/2025\/02\/09\/emirdagli-gazeteci-celil-karaca-hala-daha-onun-gibisi-gelmedi\/#breadcrumb\"},\"inLanguage\":\"fr-BE\",\"potentialAction\":[{\"@type\":\"ReadAction\",\"target\":[\"https:\/\/avrupapress.com\/main\/2025\/02\/09\/emirdagli-gazeteci-celil-karaca-hala-daha-onun-gibisi-gelmedi\/\"]}]},{\"@type\":\"ImageObject\",\"inLanguage\":\"fr-BE\",\"@id\":\"https:\/\/avrupapress.com\/main\/2025\/02\/09\/emirdagli-gazeteci-celil-karaca-hala-daha-onun-gibisi-gelmedi\/#primaryimage\",\"url\":\"https:\/\/avrupapress.com\/main\/wp-content\/uploads\/2025\/02\/thumbnail_Screenshot_20250209_221245_Facebook.jpg\",\"contentUrl\":\"https:\/\/avrupapress.com\/main\/wp-content\/uploads\/2025\/02\/thumbnail_Screenshot_20250209_221245_Facebook.jpg\",\"width\":1920,\"height\":1098},{\"@type\":\"BreadcrumbList\",\"@id\":\"https:\/\/avrupapress.com\/main\/2025\/02\/09\/emirdagli-gazeteci-celil-karaca-hala-daha-onun-gibisi-gelmedi\/#breadcrumb\",\"itemListElement\":[{\"@type\":\"ListItem\",\"position\":1,\"name\":\"Anasayfa\",\"item\":\"https:\/\/avrupapress.com\/\"},{\"@type\":\"ListItem\",\"position\":2,\"name\":\"Emirda\u011fl\u0131 gazeteci Celil Karaca (H\u00e2l\u00e2 daha onun gibisi gelmedi)\"}]},{\"@type\":\"WebSite\",\"@id\":\"https:\/\/avrupapress.com\/#website\",\"url\":\"https:\/\/avrupapress.com\/\",\"name\":\"AvrupaPress\",\"description\":\"Haberin Adresi\",\"publisher\":{\"@id\":\"https:\/\/avrupapress.com\/#\/schema\/person\/0223dca19c72c43575bf30d1a2d8f4fa\"},\"potentialAction\":[{\"@type\":\"SearchAction\",\"target\":{\"@type\":\"EntryPoint\",\"urlTemplate\":\"https:\/\/avrupapress.com\/?s={search_term_string}\"},\"query-input\":{\"@type\":\"PropertyValueSpecification\",\"valueRequired\":true,\"valueName\":\"search_term_string\"}}],\"inLanguage\":\"fr-BE\"},{\"@type\":[\"Person\",\"Organization\"],\"@id\":\"https:\/\/avrupapress.com\/#\/schema\/person\/0223dca19c72c43575bf30d1a2d8f4fa\",\"name\":\"Bilgin \u00d6z\u00e7ift\u00e7i\",\"image\":{\"@type\":\"ImageObject\",\"inLanguage\":\"fr-BE\",\"@id\":\"https:\/\/avrupapress.com\/#\/schema\/person\/image\/\",\"url\":\"https:\/\/secure.gravatar.com\/avatar\/0f23b280433a21e1ea7a0adcc46ed0ad16afe3ad8e630fd13d8a017dcbd54ef3?s=96&d=mm&r=g\",\"contentUrl\":\"https:\/\/secure.gravatar.com\/avatar\/0f23b280433a21e1ea7a0adcc46ed0ad16afe3ad8e630fd13d8a017dcbd54ef3?s=96&d=mm&r=g\",\"caption\":\"Bilgin \u00d6z\u00e7ift\u00e7i\"},\"logo\":{\"@id\":\"https:\/\/avrupapress.com\/#\/schema\/person\/image\/\"},\"description\":\"Ne ben, nede sen... Biz ancak \\\"biz\\\" olursak g\u00fc\u00e7l\u00fc olabiliriz\"},{\"@type\":\"Person\",\"@id\":\"https:\/\/avrupapress.com\/#\/schema\/person\/68428444ec60970d1e1b700cf4ca1e8f\",\"name\":\"Edit\u00f6r\",\"image\":{\"@type\":\"ImageObject\",\"inLanguage\":\"fr-BE\",\"@id\":\"https:\/\/avrupapress.com\/#\/schema\/person\/image\/\",\"url\":\"https:\/\/secure.gravatar.com\/avatar\/74996b0977aa5f1559ba9883776652508b229005c0d78fb2597897f0bd651c09?s=96&d=mm&r=g\",\"contentUrl\":\"https:\/\/secure.gravatar.com\/avatar\/74996b0977aa5f1559ba9883776652508b229005c0d78fb2597897f0bd651c09?s=96&d=mm&r=g\",\"caption\":\"Edit\u00f6r\"},\"sameAs\":[\"http:\/\/www.avrupapress.com\"],\"url\":\"https:\/\/avrupapress.com\/main\/author\/editor\/\"}]}<\/script>\n<!-- \/ Yoast SEO plugin. -->","yoast_head_json":{"title":"Emirda\u011fl\u0131 gazeteci Celil Karaca (H\u00e2l\u00e2 daha onun gibisi gelmedi) - AvrupaPress","robots":{"index":"index","follow":"follow","max-snippet":"max-snippet:-1","max-image-preview":"max-image-preview:large","max-video-preview":"max-video-preview:-1"},"canonical":"https:\/\/avrupapress.com\/main\/2025\/02\/09\/emirdagli-gazeteci-celil-karaca-hala-daha-onun-gibisi-gelmedi\/","og_locale":"fr_FR","og_type":"article","og_title":"Emirda\u011fl\u0131 gazeteci Celil Karaca (H\u00e2l\u00e2 daha onun gibisi gelmedi) - AvrupaPress","og_description":"Emirda\u011fl\u0131 gazeteci Celil Karaca (H\u00e2l\u00e2 daha onun gibisi gelmedi) Ankara Ukraynal\u0131 escort \u00c7ankaya sevgili tad\u0131nda escort ankara escort Kendisine &lsquo;Emirda\u011fl\u0131 Deli Celil&rsquo; lakab\u0131n\u0131 takan Emirda\u011f&rsquo;\u0131n ilk gazetecisi Celil Karaca \u00a0 Yi\u011fit dedi\u011fin biraz deli olmal\u0131. Deli olmazsa bir i\u015fe girerken \u00e7ok fazla hesap yapar. Fazla hesap kitap yapan da hi\u00e7bir i\u015fin \u00fcstesinden gelemez. Ellili y\u0131llarda [&hellip;]","og_url":"https:\/\/avrupapress.com\/main\/2025\/02\/09\/emirdagli-gazeteci-celil-karaca-hala-daha-onun-gibisi-gelmedi\/","og_site_name":"AvrupaPress","article_published_time":"2025-02-09T21:17:41+00:00","article_modified_time":"2025-05-20T09:28:35+00:00","og_image":[{"width":1920,"height":1098,"url":"https:\/\/avrupapress.com\/main\/wp-content\/uploads\/2025\/02\/thumbnail_Screenshot_20250209_221245_Facebook.jpg","type":"image\/jpeg"}],"author":"Edit\u00f6r","twitter_card":"summary_large_image","twitter_misc":{"\u00c9crit par":"Edit\u00f6r","Dur\u00e9e de lecture est.":"2 minutes"},"schema":{"@context":"https:\/\/schema.org","@graph":[{"@type":"Article","@id":"https:\/\/avrupapress.com\/main\/2025\/02\/09\/emirdagli-gazeteci-celil-karaca-hala-daha-onun-gibisi-gelmedi\/#article","isPartOf":{"@id":"https:\/\/avrupapress.com\/main\/2025\/02\/09\/emirdagli-gazeteci-celil-karaca-hala-daha-onun-gibisi-gelmedi\/"},"author":{"name":"Edit\u00f6r","@id":"https:\/\/avrupapress.com\/#\/schema\/person\/68428444ec60970d1e1b700cf4ca1e8f"},"headline":"Emirda\u011fl\u0131 gazeteci Celil Karaca (H\u00e2l\u00e2 daha onun gibisi gelmedi)","datePublished":"2025-02-09T21:17:41+00:00","dateModified":"2025-05-20T09:28:35+00:00","mainEntityOfPage":{"@id":"https:\/\/avrupapress.com\/main\/2025\/02\/09\/emirdagli-gazeteci-celil-karaca-hala-daha-onun-gibisi-gelmedi\/"},"wordCount":312,"publisher":{"@id":"https:\/\/avrupapress.com\/#\/schema\/person\/0223dca19c72c43575bf30d1a2d8f4fa"},"image":{"@id":"https:\/\/avrupapress.com\/main\/2025\/02\/09\/emirdagli-gazeteci-celil-karaca-hala-daha-onun-gibisi-gelmedi\/#primaryimage"},"thumbnailUrl":"https:\/\/avrupapress.com\/main\/wp-content\/uploads\/2025\/02\/thumbnail_Screenshot_20250209_221245_Facebook.jpg","articleSection":["Avrupa","Bel\u00e7ika","D\u00fcnya","Ekonomi","K\u00fclt\u00fcr-Sanat","Spor","Tan\u0131t\u0131m","T\u00fcrkiye","Uncategorized"],"inLanguage":"fr-BE"},{"@type":"WebPage","@id":"https:\/\/avrupapress.com\/main\/2025\/02\/09\/emirdagli-gazeteci-celil-karaca-hala-daha-onun-gibisi-gelmedi\/","url":"https:\/\/avrupapress.com\/main\/2025\/02\/09\/emirdagli-gazeteci-celil-karaca-hala-daha-onun-gibisi-gelmedi\/","name":"Emirda\u011fl\u0131 gazeteci Celil Karaca (H\u00e2l\u00e2 daha onun gibisi gelmedi) - AvrupaPress","isPartOf":{"@id":"https:\/\/avrupapress.com\/#website"},"primaryImageOfPage":{"@id":"https:\/\/avrupapress.com\/main\/2025\/02\/09\/emirdagli-gazeteci-celil-karaca-hala-daha-onun-gibisi-gelmedi\/#primaryimage"},"image":{"@id":"https:\/\/avrupapress.com\/main\/2025\/02\/09\/emirdagli-gazeteci-celil-karaca-hala-daha-onun-gibisi-gelmedi\/#primaryimage"},"thumbnailUrl":"https:\/\/avrupapress.com\/main\/wp-content\/uploads\/2025\/02\/thumbnail_Screenshot_20250209_221245_Facebook.jpg","datePublished":"2025-02-09T21:17:41+00:00","dateModified":"2025-05-20T09:28:35+00:00","breadcrumb":{"@id":"https:\/\/avrupapress.com\/main\/2025\/02\/09\/emirdagli-gazeteci-celil-karaca-hala-daha-onun-gibisi-gelmedi\/#breadcrumb"},"inLanguage":"fr-BE","potentialAction":[{"@type":"ReadAction","target":["https:\/\/avrupapress.com\/main\/2025\/02\/09\/emirdagli-gazeteci-celil-karaca-hala-daha-onun-gibisi-gelmedi\/"]}]},{"@type":"ImageObject","inLanguage":"fr-BE","@id":"https:\/\/avrupapress.com\/main\/2025\/02\/09\/emirdagli-gazeteci-celil-karaca-hala-daha-onun-gibisi-gelmedi\/#primaryimage","url":"https:\/\/avrupapress.com\/main\/wp-content\/uploads\/2025\/02\/thumbnail_Screenshot_20250209_221245_Facebook.jpg","contentUrl":"https:\/\/avrupapress.com\/main\/wp-content\/uploads\/2025\/02\/thumbnail_Screenshot_20250209_221245_Facebook.jpg","width":1920,"height":1098},{"@type":"BreadcrumbList","@id":"https:\/\/avrupapress.com\/main\/2025\/02\/09\/emirdagli-gazeteci-celil-karaca-hala-daha-onun-gibisi-gelmedi\/#breadcrumb","itemListElement":[{"@type":"ListItem","position":1,"name":"Anasayfa","item":"https:\/\/avrupapress.com\/"},{"@type":"ListItem","position":2,"name":"Emirda\u011fl\u0131 gazeteci Celil Karaca (H\u00e2l\u00e2 daha onun gibisi gelmedi)"}]},{"@type":"WebSite","@id":"https:\/\/avrupapress.com\/#website","url":"https:\/\/avrupapress.com\/","name":"AvrupaPress","description":"Haberin Adresi","publisher":{"@id":"https:\/\/avrupapress.com\/#\/schema\/person\/0223dca19c72c43575bf30d1a2d8f4fa"},"potentialAction":[{"@type":"SearchAction","target":{"@type":"EntryPoint","urlTemplate":"https:\/\/avrupapress.com\/?s={search_term_string}"},"query-input":{"@type":"PropertyValueSpecification","valueRequired":true,"valueName":"search_term_string"}}],"inLanguage":"fr-BE"},{"@type":["Person","Organization"],"@id":"https:\/\/avrupapress.com\/#\/schema\/person\/0223dca19c72c43575bf30d1a2d8f4fa","name":"Bilgin \u00d6z\u00e7ift\u00e7i","image":{"@type":"ImageObject","inLanguage":"fr-BE","@id":"https:\/\/avrupapress.com\/#\/schema\/person\/image\/","url":"https:\/\/secure.gravatar.com\/avatar\/0f23b280433a21e1ea7a0adcc46ed0ad16afe3ad8e630fd13d8a017dcbd54ef3?s=96&d=mm&r=g","contentUrl":"https:\/\/secure.gravatar.com\/avatar\/0f23b280433a21e1ea7a0adcc46ed0ad16afe3ad8e630fd13d8a017dcbd54ef3?s=96&d=mm&r=g","caption":"Bilgin \u00d6z\u00e7ift\u00e7i"},"logo":{"@id":"https:\/\/avrupapress.com\/#\/schema\/person\/image\/"},"description":"Ne ben, nede sen... Biz ancak \"biz\" olursak g\u00fc\u00e7l\u00fc olabiliriz"},{"@type":"Person","@id":"https:\/\/avrupapress.com\/#\/schema\/person\/68428444ec60970d1e1b700cf4ca1e8f","name":"Edit\u00f6r","image":{"@type":"ImageObject","inLanguage":"fr-BE","@id":"https:\/\/avrupapress.com\/#\/schema\/person\/image\/","url":"https:\/\/secure.gravatar.com\/avatar\/74996b0977aa5f1559ba9883776652508b229005c0d78fb2597897f0bd651c09?s=96&d=mm&r=g","contentUrl":"https:\/\/secure.gravatar.com\/avatar\/74996b0977aa5f1559ba9883776652508b229005c0d78fb2597897f0bd651c09?s=96&d=mm&r=g","caption":"Edit\u00f6r"},"sameAs":["http:\/\/www.avrupapress.com"],"url":"https:\/\/avrupapress.com\/main\/author\/editor\/"}]}},"_links":{"self":[{"href":"https:\/\/avrupapress.com\/main\/wp-json\/wp\/v2\/posts\/28199","targetHints":{"allow":["GET"]}}],"collection":[{"href":"https:\/\/avrupapress.com\/main\/wp-json\/wp\/v2\/posts"}],"about":[{"href":"https:\/\/avrupapress.com\/main\/wp-json\/wp\/v2\/types\/post"}],"author":[{"embeddable":true,"href":"https:\/\/avrupapress.com\/main\/wp-json\/wp\/v2\/users\/3"}],"replies":[{"embeddable":true,"href":"https:\/\/avrupapress.com\/main\/wp-json\/wp\/v2\/comments?post=28199"}],"version-history":[{"count":4,"href":"https:\/\/avrupapress.com\/main\/wp-json\/wp\/v2\/posts\/28199\/revisions"}],"predecessor-version":[{"id":29554,"href":"https:\/\/avrupapress.com\/main\/wp-json\/wp\/v2\/posts\/28199\/revisions\/29554"}],"wp:featuredmedia":[{"embeddable":true,"href":"https:\/\/avrupapress.com\/main\/wp-json\/wp\/v2\/media\/28205"}],"wp:attachment":[{"href":"https:\/\/avrupapress.com\/main\/wp-json\/wp\/v2\/media?parent=28199"}],"wp:term":[{"taxonomy":"category","embeddable":true,"href":"https:\/\/avrupapress.com\/main\/wp-json\/wp\/v2\/categories?post=28199"},{"taxonomy":"post_tag","embeddable":true,"href":"https:\/\/avrupapress.com\/main\/wp-json\/wp\/v2\/tags?post=28199"}],"curies":[{"name":"wp","href":"https:\/\/api.w.org\/{rel}","templated":true}]}}