{"id":28191,"date":"2025-02-09T09:04:24","date_gmt":"2025-02-09T09:04:24","guid":{"rendered":"https:\/\/avrupapress.com\/main\/?p=28191"},"modified":"2025-02-09T09:05:50","modified_gmt":"2025-02-09T09:05:50","slug":"bugun-saint-jossede-secim-var-oylarinizi-dikkatli-kullanin","status":"publish","type":"post","link":"https:\/\/avrupapress.com\/main\/2025\/02\/09\/bugun-saint-jossede-secim-var-oylarinizi-dikkatli-kullanin\/","title":{"rendered":"Bug\u00fcn : \u201cSaint-Josse\u2019de Secim var Oylarinizi dikkatli kullanin&#8230;.."},"content":{"rendered":"<h1>\u0130brahim Danku\u015f: \u201cSaint-Josse\u2019de Aile Her \u015eeyden \u00d6nce Gelir\u201d<\/h1>\n<p><img loading=\"lazy\" decoding=\"async\" class=\"alignnone size-medium wp-image-28192\" src=\"https:\/\/avrupapress.com\/main\/wp-content\/uploads\/2025\/02\/IMG-20250208-WA0015-300x225.jpg\" alt=\"\" width=\"300\" height=\"225\" srcset=\"https:\/\/avrupapress.com\/main\/wp-content\/uploads\/2025\/02\/IMG-20250208-WA0015-300x225.jpg 300w, https:\/\/avrupapress.com\/main\/wp-content\/uploads\/2025\/02\/IMG-20250208-WA0015-1024x768.jpg 1024w, https:\/\/avrupapress.com\/main\/wp-content\/uploads\/2025\/02\/IMG-20250208-WA0015-768x576.jpg 768w, https:\/\/avrupapress.com\/main\/wp-content\/uploads\/2025\/02\/IMG-20250208-WA0015-1536x1152.jpg 1536w, https:\/\/avrupapress.com\/main\/wp-content\/uploads\/2025\/02\/IMG-20250208-WA0015.jpg 1600w\" sizes=\"auto, (max-width: 300px) 100vw, 300px\" \/><\/p>\n<div dir=\"auto\" data-olk-copy-source=\"MessageBody\">Saint-Josse B\u00f6lgesi Belediye Ba\u015fkan Aday\u0131 \u0130brahim Danku\u015f, yakla\u015fan se\u00e7imler \u00f6ncesi \u00f6nemli mesajlar i\u00e7eren bir bas\u0131n a\u00e7\u0131klamas\u0131 yapt\u0131. T\u00fcrk k\u00f6kenli aday Danku\u015f, a\u00e7\u0131klamas\u0131nda ailenin toplumun temel ta\u015f\u0131 oldu\u011funu vurgulayarak, b\u00f6lge sakinlerine y\u00f6nelik projelerini payla\u015ft\u0131.<\/div>\n<div dir=\"auto\"><\/div>\n<div dir=\"auto\">Danku\u015f, Saint-Josse\u2019nin her ailenin kendini g\u00fcvende ve desteklenmi\u015f hissetti\u011fi bir yer olmas\u0131 gerekti\u011finin alt\u0131n\u0131 \u00e7izdi. \u201c\u00c7ocuklar\u0131m\u0131z\u0131n g\u00fcvenli ve te\u015fvik edici bir ortamda b\u00fcy\u00fcd\u00fc\u011f\u00fc, ya\u015fl\u0131lar\u0131m\u0131z\u0131n ise sayg\u0131 g\u00f6rd\u00fc\u011f\u00fc ve desteklendi\u011fi bir Saint-Josse hayalim var\u201d ifadelerini kullanan Danku\u015f, b\u00f6lge halk\u0131na \u015fu vaatlerde bulundu:<\/div>\n<div dir=\"auto\"><img loading=\"lazy\" decoding=\"async\" class=\"alignnone size-medium wp-image-28195\" src=\"https:\/\/avrupapress.com\/main\/wp-content\/uploads\/2025\/02\/thumbnail_IMG-20250203-WA0027-740x420-2-300x170.jpg\" alt=\"\" width=\"300\" height=\"170\" srcset=\"https:\/\/avrupapress.com\/main\/wp-content\/uploads\/2025\/02\/thumbnail_IMG-20250203-WA0027-740x420-2-300x170.jpg 300w, https:\/\/avrupapress.com\/main\/wp-content\/uploads\/2025\/02\/thumbnail_IMG-20250203-WA0027-740x420-2.jpg 740w\" sizes=\"auto, (max-width: 300px) 100vw, 300px\" \/><\/div>\n<div dir=\"auto\">\n<div dir=\"auto\">\n<div dir=\"auto\">Danku\u015f, b\u00f6lge halk\u0131na \u015fu vaatlerde bulundu:<\/div>\n<div dir=\"auto\">\u2002\u2002\u2002\u2002\u2002\u2002\u2022\u2002\u2002\u2002\u2002\u2002Kaliteli Kre\u015fler ve Okullar: Her \u00e7ocu\u011fun kaliteli e\u011fitime eri\u015febilmesi ve potansiyelini ger\u00e7ekle\u015ftirebilmesi i\u00e7in e\u011fitim altyap\u0131s\u0131n\u0131n g\u00fc\u00e7lendirilece\u011fini belirtti.<\/div>\n<div dir=\"auto\">\u2002\u2002\u2002\u2002\u2002\u2002\u2022\u2002\u2002\u2002\u2002\u2002Uygun Fiyatl\u0131 Konutlar: Ailelerin onurlu ve huzurlu bir \u015fekilde konut sahibi olabilmesi amac\u0131yla uygun fiyatl\u0131 konut projelerinin hayata ge\u00e7irilece\u011fini ifade etti.<\/div>\n<div dir=\"auto\">\u2002\u2002\u2002\u2002\u2002\u2002\u2022\u2002\u2002\u2002\u2002\u2002Ye\u015fil Alanlar ve Spor Tesisleri: \u00c7ocuklar\u0131n sa\u011fl\u0131kl\u0131 ve keyifli bir ortamda b\u00fcy\u00fcyebilmesi i\u00e7in Saint-Josse\u2019de yeni ye\u015fil alanlar ve modern spor tesisleri olu\u015fturulaca\u011f\u0131n\u0131 duyurdu.<\/div>\n<div dir=\"auto\">\u2002\u2002\u2002\u2002\u2002\u2002\u2022\u2002\u2002\u2002\u2002\u2002Zorda Kalan Ailelere Destek: \u201cKimseyi geride b\u0131rakmayaca\u011f\u0131z\u201d diyen Danku\u015f, zor durumda olan ailelere y\u00f6nelik sosyal desteklerin art\u0131r\u0131laca\u011f\u0131n\u0131 belirtti.<\/div>\n<div dir=\"auto\"><\/div>\n<div dir=\"auto\"><\/div>\n<div dir=\"auto\">A\u00e7\u0131klamas\u0131n\u0131n sonunda mevcut Belediye Ba\u015fkan\u0131 Emir K\u0131r\u2019a da te\u015fekk\u00fcr eden Danku\u015f, \u201cEmir K\u0131r, demokratik bir el uzatarak \u00f6nemli bir duyarl\u0131l\u0131k g\u00f6sterdi. Bu yakla\u015f\u0131mla demokratik bir anlay\u0131\u015f i\u00e7erisinde se\u00e7imlere gidiyoruz,\u201d dedi.<\/div>\n<div dir=\"auto\"><\/div>\n<div dir=\"auto\">Danku\u015f, s\u00f6zlerini \u201cBirlikte, ailenin hayat\u0131n merkezinde oldu\u011fu bir Saint-Josse in\u015fa edelim\u201d diyerek tamamlad\u0131 ve se\u00e7menlerden 9 \u015eubat\u2019ta TEAM FOUAD AHIDAR Listesi 11\u2019e oy vermeleri \u00e7a\u011fr\u0131s\u0131nda bulundu.<\/div>\n<div dir=\"auto\"><\/div>\n<p>Danku\u015f\u2019un a\u00e7\u0131klamalar\u0131, b\u00f6lgede ya\u015fayan T\u00fcrk toplumu ve di\u011fer kesimlerden olumlu tepkiler almaya devam ediyor.<\/p>\n<\/div>\n<div><\/div>\n<div><img loading=\"lazy\" decoding=\"async\" class=\"alignnone size-medium wp-image-28126\" src=\"https:\/\/avrupapress.com\/main\/wp-content\/uploads\/2025\/02\/thumbnail_IMG-20250203-WA0027-300x217.jpg\" sizes=\"auto, (max-width: 300px) 100vw, 300px\" srcset=\"https:\/\/avrupapress.com\/main\/wp-content\/uploads\/2025\/02\/thumbnail_IMG-20250203-WA0027-300x217.jpg 300w, https:\/\/avrupapress.com\/main\/wp-content\/uploads\/2025\/02\/thumbnail_IMG-20250203-WA0027-1024x742.jpg 1024w, https:\/\/avrupapress.com\/main\/wp-content\/uploads\/2025\/02\/thumbnail_IMG-20250203-WA0027-768x556.jpg 768w, https:\/\/avrupapress.com\/main\/wp-content\/uploads\/2025\/02\/thumbnail_IMG-20250203-WA0027.jpg 1084w\" alt=\"\" width=\"300\" height=\"217\" \/><\/div>\n<div><strong>Bilgin Ozcifci\u00a0 \u00a0 \u00a0\/\u00a0 \u00a0 \u00a0AVRUPAPRESS<\/strong><\/div>\n<\/div>\n","protected":false},"excerpt":{"rendered":"<p>\u0130brahim Danku\u015f: \u201cSaint-Josse\u2019de Aile Her \u015eeyden \u00d6nce Gelir\u201d Saint-Josse B\u00f6lgesi Belediye Ba\u015fkan Aday\u0131 \u0130brahim Danku\u015f, yakla\u015fan se\u00e7imler \u00f6ncesi \u00f6nemli mesajlar i\u00e7eren bir bas\u0131n a\u00e7\u0131klamas\u0131 yapt\u0131. T\u00fcrk k\u00f6kenli aday Danku\u015f, a\u00e7\u0131klamas\u0131nda ailenin toplumun temel ta\u015f\u0131 oldu\u011funu vurgulayarak, b\u00f6lge sakinlerine y\u00f6nelik projelerini payla\u015ft\u0131. Danku\u015f, Saint-Josse\u2019nin her ailenin kendini g\u00fcvende ve desteklenmi\u015f hissetti\u011fi bir yer olmas\u0131 gerekti\u011finin alt\u0131n\u0131 [&hellip;]<\/p>\n","protected":false},"author":3,"featured_media":28192,"comment_status":"closed","ping_status":"open","sticky":false,"template":"","format":"standard","meta":{"footnotes":""},"categories":[14,16,3,17,18,15,19,2,1],"tags":[],"class_list":["post-28191","post","type-post","status-publish","format-standard","has-post-thumbnail","hentry","category-avrupa","category-belcika","category-dunya","category-ekonomi","category-kultur-sanat","category-spor","category-tanitim","category-turkiye","category-uncategorized"],"yoast_head":"<!-- This site is optimized with the Yoast SEO plugin v26.9 - https:\/\/yoast.com\/product\/yoast-seo-wordpress\/ -->\n<title>Bug\u00fcn : \u201cSaint-Josse\u2019de Secim var Oylarinizi dikkatli kullanin..... - AvrupaPress<\/title>\n<meta name=\"robots\" content=\"index, follow, max-snippet:-1, max-image-preview:large, max-video-preview:-1\" \/>\n<link rel=\"canonical\" href=\"https:\/\/avrupapress.com\/main\/2025\/02\/09\/bugun-saint-jossede-secim-var-oylarinizi-dikkatli-kullanin\/\" \/>\n<meta property=\"og:locale\" content=\"fr_FR\" \/>\n<meta property=\"og:type\" content=\"article\" \/>\n<meta property=\"og:title\" content=\"Bug\u00fcn : \u201cSaint-Josse\u2019de Secim var Oylarinizi dikkatli kullanin..... - AvrupaPress\" \/>\n<meta property=\"og:description\" content=\"\u0130brahim Danku\u015f: \u201cSaint-Josse\u2019de Aile Her \u015eeyden \u00d6nce Gelir\u201d Saint-Josse B\u00f6lgesi Belediye Ba\u015fkan Aday\u0131 \u0130brahim Danku\u015f, yakla\u015fan se\u00e7imler \u00f6ncesi \u00f6nemli mesajlar i\u00e7eren bir bas\u0131n a\u00e7\u0131klamas\u0131 yapt\u0131. T\u00fcrk k\u00f6kenli aday Danku\u015f, a\u00e7\u0131klamas\u0131nda ailenin toplumun temel ta\u015f\u0131 oldu\u011funu vurgulayarak, b\u00f6lge sakinlerine y\u00f6nelik projelerini payla\u015ft\u0131. Danku\u015f, Saint-Josse\u2019nin her ailenin kendini g\u00fcvende ve desteklenmi\u015f hissetti\u011fi bir yer olmas\u0131 gerekti\u011finin alt\u0131n\u0131 [&hellip;]\" \/>\n<meta property=\"og:url\" content=\"https:\/\/avrupapress.com\/main\/2025\/02\/09\/bugun-saint-jossede-secim-var-oylarinizi-dikkatli-kullanin\/\" \/>\n<meta property=\"og:site_name\" content=\"AvrupaPress\" \/>\n<meta property=\"article:published_time\" content=\"2025-02-09T09:04:24+00:00\" \/>\n<meta property=\"article:modified_time\" content=\"2025-02-09T09:05:50+00:00\" \/>\n<meta property=\"og:image\" content=\"https:\/\/avrupapress.com\/main\/wp-content\/uploads\/2025\/02\/IMG-20250208-WA0015.jpg\" \/>\n\t<meta property=\"og:image:width\" content=\"1600\" \/>\n\t<meta property=\"og:image:height\" content=\"1200\" \/>\n\t<meta property=\"og:image:type\" content=\"image\/jpeg\" \/>\n<meta name=\"author\" content=\"Edit\u00f6r\" \/>\n<meta name=\"twitter:card\" content=\"summary_large_image\" \/>\n<meta name=\"twitter:label1\" content=\"\u00c9crit par\" \/>\n\t<meta name=\"twitter:data1\" content=\"Edit\u00f6r\" \/>\n\t<meta name=\"twitter:label2\" content=\"Dur\u00e9e de lecture est.\" \/>\n\t<meta name=\"twitter:data2\" content=\"3 minutes\" \/>\n<script type=\"application\/ld+json\" class=\"yoast-schema-graph\">{\"@context\":\"https:\/\/schema.org\",\"@graph\":[{\"@type\":\"Article\",\"@id\":\"https:\/\/avrupapress.com\/main\/2025\/02\/09\/bugun-saint-jossede-secim-var-oylarinizi-dikkatli-kullanin\/#article\",\"isPartOf\":{\"@id\":\"https:\/\/avrupapress.com\/main\/2025\/02\/09\/bugun-saint-jossede-secim-var-oylarinizi-dikkatli-kullanin\/\"},\"author\":{\"name\":\"Edit\u00f6r\",\"@id\":\"https:\/\/avrupapress.com\/#\/schema\/person\/68428444ec60970d1e1b700cf4ca1e8f\"},\"headline\":\"Bug\u00fcn : \u201cSaint-Josse\u2019de Secim var Oylarinizi dikkatli kullanin&#8230;..\",\"datePublished\":\"2025-02-09T09:04:24+00:00\",\"dateModified\":\"2025-02-09T09:05:50+00:00\",\"mainEntityOfPage\":{\"@id\":\"https:\/\/avrupapress.com\/main\/2025\/02\/09\/bugun-saint-jossede-secim-var-oylarinizi-dikkatli-kullanin\/\"},\"wordCount\":350,\"publisher\":{\"@id\":\"https:\/\/avrupapress.com\/#\/schema\/person\/0223dca19c72c43575bf30d1a2d8f4fa\"},\"image\":{\"@id\":\"https:\/\/avrupapress.com\/main\/2025\/02\/09\/bugun-saint-jossede-secim-var-oylarinizi-dikkatli-kullanin\/#primaryimage\"},\"thumbnailUrl\":\"https:\/\/avrupapress.com\/main\/wp-content\/uploads\/2025\/02\/IMG-20250208-WA0015.jpg\",\"articleSection\":[\"Avrupa\",\"Bel\u00e7ika\",\"D\u00fcnya\",\"Ekonomi\",\"K\u00fclt\u00fcr-Sanat\",\"Spor\",\"Tan\u0131t\u0131m\",\"T\u00fcrkiye\",\"Uncategorized\"],\"inLanguage\":\"fr-BE\"},{\"@type\":\"WebPage\",\"@id\":\"https:\/\/avrupapress.com\/main\/2025\/02\/09\/bugun-saint-jossede-secim-var-oylarinizi-dikkatli-kullanin\/\",\"url\":\"https:\/\/avrupapress.com\/main\/2025\/02\/09\/bugun-saint-jossede-secim-var-oylarinizi-dikkatli-kullanin\/\",\"name\":\"Bug\u00fcn : \u201cSaint-Josse\u2019de Secim var Oylarinizi dikkatli kullanin..... - AvrupaPress\",\"isPartOf\":{\"@id\":\"https:\/\/avrupapress.com\/#website\"},\"primaryImageOfPage\":{\"@id\":\"https:\/\/avrupapress.com\/main\/2025\/02\/09\/bugun-saint-jossede-secim-var-oylarinizi-dikkatli-kullanin\/#primaryimage\"},\"image\":{\"@id\":\"https:\/\/avrupapress.com\/main\/2025\/02\/09\/bugun-saint-jossede-secim-var-oylarinizi-dikkatli-kullanin\/#primaryimage\"},\"thumbnailUrl\":\"https:\/\/avrupapress.com\/main\/wp-content\/uploads\/2025\/02\/IMG-20250208-WA0015.jpg\",\"datePublished\":\"2025-02-09T09:04:24+00:00\",\"dateModified\":\"2025-02-09T09:05:50+00:00\",\"breadcrumb\":{\"@id\":\"https:\/\/avrupapress.com\/main\/2025\/02\/09\/bugun-saint-jossede-secim-var-oylarinizi-dikkatli-kullanin\/#breadcrumb\"},\"inLanguage\":\"fr-BE\",\"potentialAction\":[{\"@type\":\"ReadAction\",\"target\":[\"https:\/\/avrupapress.com\/main\/2025\/02\/09\/bugun-saint-jossede-secim-var-oylarinizi-dikkatli-kullanin\/\"]}]},{\"@type\":\"ImageObject\",\"inLanguage\":\"fr-BE\",\"@id\":\"https:\/\/avrupapress.com\/main\/2025\/02\/09\/bugun-saint-jossede-secim-var-oylarinizi-dikkatli-kullanin\/#primaryimage\",\"url\":\"https:\/\/avrupapress.com\/main\/wp-content\/uploads\/2025\/02\/IMG-20250208-WA0015.jpg\",\"contentUrl\":\"https:\/\/avrupapress.com\/main\/wp-content\/uploads\/2025\/02\/IMG-20250208-WA0015.jpg\",\"width\":1600,\"height\":1200},{\"@type\":\"BreadcrumbList\",\"@id\":\"https:\/\/avrupapress.com\/main\/2025\/02\/09\/bugun-saint-jossede-secim-var-oylarinizi-dikkatli-kullanin\/#breadcrumb\",\"itemListElement\":[{\"@type\":\"ListItem\",\"position\":1,\"name\":\"Anasayfa\",\"item\":\"https:\/\/avrupapress.com\/\"},{\"@type\":\"ListItem\",\"position\":2,\"name\":\"Bug\u00fcn : \u201cSaint-Josse\u2019de Secim var Oylarinizi dikkatli kullanin&#8230;..\"}]},{\"@type\":\"WebSite\",\"@id\":\"https:\/\/avrupapress.com\/#website\",\"url\":\"https:\/\/avrupapress.com\/\",\"name\":\"AvrupaPress\",\"description\":\"Haberin Adresi\",\"publisher\":{\"@id\":\"https:\/\/avrupapress.com\/#\/schema\/person\/0223dca19c72c43575bf30d1a2d8f4fa\"},\"potentialAction\":[{\"@type\":\"SearchAction\",\"target\":{\"@type\":\"EntryPoint\",\"urlTemplate\":\"https:\/\/avrupapress.com\/?s={search_term_string}\"},\"query-input\":{\"@type\":\"PropertyValueSpecification\",\"valueRequired\":true,\"valueName\":\"search_term_string\"}}],\"inLanguage\":\"fr-BE\"},{\"@type\":[\"Person\",\"Organization\"],\"@id\":\"https:\/\/avrupapress.com\/#\/schema\/person\/0223dca19c72c43575bf30d1a2d8f4fa\",\"name\":\"Bilgin \u00d6z\u00e7ift\u00e7i\",\"image\":{\"@type\":\"ImageObject\",\"inLanguage\":\"fr-BE\",\"@id\":\"https:\/\/avrupapress.com\/#\/schema\/person\/image\/\",\"url\":\"https:\/\/secure.gravatar.com\/avatar\/0f23b280433a21e1ea7a0adcc46ed0ad16afe3ad8e630fd13d8a017dcbd54ef3?s=96&d=mm&r=g\",\"contentUrl\":\"https:\/\/secure.gravatar.com\/avatar\/0f23b280433a21e1ea7a0adcc46ed0ad16afe3ad8e630fd13d8a017dcbd54ef3?s=96&d=mm&r=g\",\"caption\":\"Bilgin \u00d6z\u00e7ift\u00e7i\"},\"logo\":{\"@id\":\"https:\/\/avrupapress.com\/#\/schema\/person\/image\/\"},\"description\":\"Ne ben, nede sen... Biz ancak \\\"biz\\\" olursak g\u00fc\u00e7l\u00fc olabiliriz\"},{\"@type\":\"Person\",\"@id\":\"https:\/\/avrupapress.com\/#\/schema\/person\/68428444ec60970d1e1b700cf4ca1e8f\",\"name\":\"Edit\u00f6r\",\"image\":{\"@type\":\"ImageObject\",\"inLanguage\":\"fr-BE\",\"@id\":\"https:\/\/avrupapress.com\/#\/schema\/person\/image\/\",\"url\":\"https:\/\/secure.gravatar.com\/avatar\/74996b0977aa5f1559ba9883776652508b229005c0d78fb2597897f0bd651c09?s=96&d=mm&r=g\",\"contentUrl\":\"https:\/\/secure.gravatar.com\/avatar\/74996b0977aa5f1559ba9883776652508b229005c0d78fb2597897f0bd651c09?s=96&d=mm&r=g\",\"caption\":\"Edit\u00f6r\"},\"sameAs\":[\"http:\/\/www.avrupapress.com\"],\"url\":\"https:\/\/avrupapress.com\/main\/author\/editor\/\"}]}<\/script>\n<!-- \/ Yoast SEO plugin. -->","yoast_head_json":{"title":"Bug\u00fcn : \u201cSaint-Josse\u2019de Secim var Oylarinizi dikkatli kullanin..... - AvrupaPress","robots":{"index":"index","follow":"follow","max-snippet":"max-snippet:-1","max-image-preview":"max-image-preview:large","max-video-preview":"max-video-preview:-1"},"canonical":"https:\/\/avrupapress.com\/main\/2025\/02\/09\/bugun-saint-jossede-secim-var-oylarinizi-dikkatli-kullanin\/","og_locale":"fr_FR","og_type":"article","og_title":"Bug\u00fcn : \u201cSaint-Josse\u2019de Secim var Oylarinizi dikkatli kullanin..... - AvrupaPress","og_description":"\u0130brahim Danku\u015f: \u201cSaint-Josse\u2019de Aile Her \u015eeyden \u00d6nce Gelir\u201d Saint-Josse B\u00f6lgesi Belediye Ba\u015fkan Aday\u0131 \u0130brahim Danku\u015f, yakla\u015fan se\u00e7imler \u00f6ncesi \u00f6nemli mesajlar i\u00e7eren bir bas\u0131n a\u00e7\u0131klamas\u0131 yapt\u0131. T\u00fcrk k\u00f6kenli aday Danku\u015f, a\u00e7\u0131klamas\u0131nda ailenin toplumun temel ta\u015f\u0131 oldu\u011funu vurgulayarak, b\u00f6lge sakinlerine y\u00f6nelik projelerini payla\u015ft\u0131. Danku\u015f, Saint-Josse\u2019nin her ailenin kendini g\u00fcvende ve desteklenmi\u015f hissetti\u011fi bir yer olmas\u0131 gerekti\u011finin alt\u0131n\u0131 [&hellip;]","og_url":"https:\/\/avrupapress.com\/main\/2025\/02\/09\/bugun-saint-jossede-secim-var-oylarinizi-dikkatli-kullanin\/","og_site_name":"AvrupaPress","article_published_time":"2025-02-09T09:04:24+00:00","article_modified_time":"2025-02-09T09:05:50+00:00","og_image":[{"width":1600,"height":1200,"url":"https:\/\/avrupapress.com\/main\/wp-content\/uploads\/2025\/02\/IMG-20250208-WA0015.jpg","type":"image\/jpeg"}],"author":"Edit\u00f6r","twitter_card":"summary_large_image","twitter_misc":{"\u00c9crit par":"Edit\u00f6r","Dur\u00e9e de lecture est.":"3 minutes"},"schema":{"@context":"https:\/\/schema.org","@graph":[{"@type":"Article","@id":"https:\/\/avrupapress.com\/main\/2025\/02\/09\/bugun-saint-jossede-secim-var-oylarinizi-dikkatli-kullanin\/#article","isPartOf":{"@id":"https:\/\/avrupapress.com\/main\/2025\/02\/09\/bugun-saint-jossede-secim-var-oylarinizi-dikkatli-kullanin\/"},"author":{"name":"Edit\u00f6r","@id":"https:\/\/avrupapress.com\/#\/schema\/person\/68428444ec60970d1e1b700cf4ca1e8f"},"headline":"Bug\u00fcn : \u201cSaint-Josse\u2019de Secim var Oylarinizi dikkatli kullanin&#8230;..","datePublished":"2025-02-09T09:04:24+00:00","dateModified":"2025-02-09T09:05:50+00:00","mainEntityOfPage":{"@id":"https:\/\/avrupapress.com\/main\/2025\/02\/09\/bugun-saint-jossede-secim-var-oylarinizi-dikkatli-kullanin\/"},"wordCount":350,"publisher":{"@id":"https:\/\/avrupapress.com\/#\/schema\/person\/0223dca19c72c43575bf30d1a2d8f4fa"},"image":{"@id":"https:\/\/avrupapress.com\/main\/2025\/02\/09\/bugun-saint-jossede-secim-var-oylarinizi-dikkatli-kullanin\/#primaryimage"},"thumbnailUrl":"https:\/\/avrupapress.com\/main\/wp-content\/uploads\/2025\/02\/IMG-20250208-WA0015.jpg","articleSection":["Avrupa","Bel\u00e7ika","D\u00fcnya","Ekonomi","K\u00fclt\u00fcr-Sanat","Spor","Tan\u0131t\u0131m","T\u00fcrkiye","Uncategorized"],"inLanguage":"fr-BE"},{"@type":"WebPage","@id":"https:\/\/avrupapress.com\/main\/2025\/02\/09\/bugun-saint-jossede-secim-var-oylarinizi-dikkatli-kullanin\/","url":"https:\/\/avrupapress.com\/main\/2025\/02\/09\/bugun-saint-jossede-secim-var-oylarinizi-dikkatli-kullanin\/","name":"Bug\u00fcn : \u201cSaint-Josse\u2019de Secim var Oylarinizi dikkatli kullanin..... - AvrupaPress","isPartOf":{"@id":"https:\/\/avrupapress.com\/#website"},"primaryImageOfPage":{"@id":"https:\/\/avrupapress.com\/main\/2025\/02\/09\/bugun-saint-jossede-secim-var-oylarinizi-dikkatli-kullanin\/#primaryimage"},"image":{"@id":"https:\/\/avrupapress.com\/main\/2025\/02\/09\/bugun-saint-jossede-secim-var-oylarinizi-dikkatli-kullanin\/#primaryimage"},"thumbnailUrl":"https:\/\/avrupapress.com\/main\/wp-content\/uploads\/2025\/02\/IMG-20250208-WA0015.jpg","datePublished":"2025-02-09T09:04:24+00:00","dateModified":"2025-02-09T09:05:50+00:00","breadcrumb":{"@id":"https:\/\/avrupapress.com\/main\/2025\/02\/09\/bugun-saint-jossede-secim-var-oylarinizi-dikkatli-kullanin\/#breadcrumb"},"inLanguage":"fr-BE","potentialAction":[{"@type":"ReadAction","target":["https:\/\/avrupapress.com\/main\/2025\/02\/09\/bugun-saint-jossede-secim-var-oylarinizi-dikkatli-kullanin\/"]}]},{"@type":"ImageObject","inLanguage":"fr-BE","@id":"https:\/\/avrupapress.com\/main\/2025\/02\/09\/bugun-saint-jossede-secim-var-oylarinizi-dikkatli-kullanin\/#primaryimage","url":"https:\/\/avrupapress.com\/main\/wp-content\/uploads\/2025\/02\/IMG-20250208-WA0015.jpg","contentUrl":"https:\/\/avrupapress.com\/main\/wp-content\/uploads\/2025\/02\/IMG-20250208-WA0015.jpg","width":1600,"height":1200},{"@type":"BreadcrumbList","@id":"https:\/\/avrupapress.com\/main\/2025\/02\/09\/bugun-saint-jossede-secim-var-oylarinizi-dikkatli-kullanin\/#breadcrumb","itemListElement":[{"@type":"ListItem","position":1,"name":"Anasayfa","item":"https:\/\/avrupapress.com\/"},{"@type":"ListItem","position":2,"name":"Bug\u00fcn : \u201cSaint-Josse\u2019de Secim var Oylarinizi dikkatli kullanin&#8230;.."}]},{"@type":"WebSite","@id":"https:\/\/avrupapress.com\/#website","url":"https:\/\/avrupapress.com\/","name":"AvrupaPress","description":"Haberin Adresi","publisher":{"@id":"https:\/\/avrupapress.com\/#\/schema\/person\/0223dca19c72c43575bf30d1a2d8f4fa"},"potentialAction":[{"@type":"SearchAction","target":{"@type":"EntryPoint","urlTemplate":"https:\/\/avrupapress.com\/?s={search_term_string}"},"query-input":{"@type":"PropertyValueSpecification","valueRequired":true,"valueName":"search_term_string"}}],"inLanguage":"fr-BE"},{"@type":["Person","Organization"],"@id":"https:\/\/avrupapress.com\/#\/schema\/person\/0223dca19c72c43575bf30d1a2d8f4fa","name":"Bilgin \u00d6z\u00e7ift\u00e7i","image":{"@type":"ImageObject","inLanguage":"fr-BE","@id":"https:\/\/avrupapress.com\/#\/schema\/person\/image\/","url":"https:\/\/secure.gravatar.com\/avatar\/0f23b280433a21e1ea7a0adcc46ed0ad16afe3ad8e630fd13d8a017dcbd54ef3?s=96&d=mm&r=g","contentUrl":"https:\/\/secure.gravatar.com\/avatar\/0f23b280433a21e1ea7a0adcc46ed0ad16afe3ad8e630fd13d8a017dcbd54ef3?s=96&d=mm&r=g","caption":"Bilgin \u00d6z\u00e7ift\u00e7i"},"logo":{"@id":"https:\/\/avrupapress.com\/#\/schema\/person\/image\/"},"description":"Ne ben, nede sen... Biz ancak \"biz\" olursak g\u00fc\u00e7l\u00fc olabiliriz"},{"@type":"Person","@id":"https:\/\/avrupapress.com\/#\/schema\/person\/68428444ec60970d1e1b700cf4ca1e8f","name":"Edit\u00f6r","image":{"@type":"ImageObject","inLanguage":"fr-BE","@id":"https:\/\/avrupapress.com\/#\/schema\/person\/image\/","url":"https:\/\/secure.gravatar.com\/avatar\/74996b0977aa5f1559ba9883776652508b229005c0d78fb2597897f0bd651c09?s=96&d=mm&r=g","contentUrl":"https:\/\/secure.gravatar.com\/avatar\/74996b0977aa5f1559ba9883776652508b229005c0d78fb2597897f0bd651c09?s=96&d=mm&r=g","caption":"Edit\u00f6r"},"sameAs":["http:\/\/www.avrupapress.com"],"url":"https:\/\/avrupapress.com\/main\/author\/editor\/"}]}},"_links":{"self":[{"href":"https:\/\/avrupapress.com\/main\/wp-json\/wp\/v2\/posts\/28191","targetHints":{"allow":["GET"]}}],"collection":[{"href":"https:\/\/avrupapress.com\/main\/wp-json\/wp\/v2\/posts"}],"about":[{"href":"https:\/\/avrupapress.com\/main\/wp-json\/wp\/v2\/types\/post"}],"author":[{"embeddable":true,"href":"https:\/\/avrupapress.com\/main\/wp-json\/wp\/v2\/users\/3"}],"replies":[{"embeddable":true,"href":"https:\/\/avrupapress.com\/main\/wp-json\/wp\/v2\/comments?post=28191"}],"version-history":[{"count":3,"href":"https:\/\/avrupapress.com\/main\/wp-json\/wp\/v2\/posts\/28191\/revisions"}],"predecessor-version":[{"id":28198,"href":"https:\/\/avrupapress.com\/main\/wp-json\/wp\/v2\/posts\/28191\/revisions\/28198"}],"wp:featuredmedia":[{"embeddable":true,"href":"https:\/\/avrupapress.com\/main\/wp-json\/wp\/v2\/media\/28192"}],"wp:attachment":[{"href":"https:\/\/avrupapress.com\/main\/wp-json\/wp\/v2\/media?parent=28191"}],"wp:term":[{"taxonomy":"category","embeddable":true,"href":"https:\/\/avrupapress.com\/main\/wp-json\/wp\/v2\/categories?post=28191"},{"taxonomy":"post_tag","embeddable":true,"href":"https:\/\/avrupapress.com\/main\/wp-json\/wp\/v2\/tags?post=28191"}],"curies":[{"name":"wp","href":"https:\/\/api.w.org\/{rel}","templated":true}]}}