{"id":28187,"date":"2025-02-09T08:56:19","date_gmt":"2025-02-09T08:56:19","guid":{"rendered":"https:\/\/avrupapress.com\/main\/?p=28187"},"modified":"2025-02-09T08:56:27","modified_gmt":"2025-02-09T08:56:27","slug":"girib-kocaeli-subesinde-is-sagligi-ve-guvenligi-semineri-duzenlendi","status":"publish","type":"post","link":"https:\/\/avrupapress.com\/main\/2025\/02\/09\/girib-kocaeli-subesinde-is-sagligi-ve-guvenligi-semineri-duzenlendi\/","title":{"rendered":"G\u0130R\u0130B Kocaeli \u015eubesi&rsquo;nde \u0130\u015f Sa\u011fl\u0131\u011f\u0131 ve G\u00fcvenli\u011fi Semineri D\u00fczenlendi"},"content":{"rendered":"<p><strong>\u00d6zg\u00fcr Ye\u015fil: \u00ab\u00a0\u0130\u015f Sa\u011fl\u0131\u011f\u0131 ve G\u00fcvenli\u011fi Bir Hak ve Sorumluluktur\u00a0\u00bb<\/strong><\/p>\n<div dir=\"auto\" data-olk-copy-source=\"MessageBody\">Giresun \u0130\u015f \u0130nsanlar\u0131 ve B\u00fcrokratlar Derne\u011fi (G\u0130R\u0130B) Kocaeli \u015eubesi taraf\u0131ndan d\u00fczenlenen \u201c\u0130\u015f Sa\u011fl\u0131\u011f\u0131 ve G\u00fcvenli\u011fi\u201d semineri, geni\u015f bir kat\u0131l\u0131mla ger\u00e7ekle\u015ftirildi. Kahvalt\u0131l\u0131 toplant\u0131 format\u0131nda d\u00fczenlenen etkinlikte, i\u015f d\u00fcnyas\u0131ndan ve siyasetten \u00f6nemli isimler bir araya geldi.<\/div>\n<div dir=\"auto\"><\/div>\n<div dir=\"auto\">Protokol \u00dcyeleri ve Kat\u0131l\u0131mc\u0131lar<\/div>\n<div dir=\"auto\"><\/div>\n<div dir=\"auto\">Seminere; Giresun Yavuzkemal Belediye Ba\u015fkan\u0131 Adem \u00d6nal , Yeniden Refah Partisi Gebze \u0130l\u00e7e Ba\u015fkan\u0131 Engin K\u0131l\u0131\u00e7, AK Parti Gebze \u0130l\u00e7e Ba\u015fkan Yard\u0131mc\u0131s\u0131 Musa \u00c7\u0131nar, G\u0130R\u0130B Genel Ba\u015fkan\u0131 Kemal Tokmak, Giresun Dernekler Federasyonu Ba\u015fkan\u0131 Mehmet Elmas, Dernekler Toplulu\u011fu Ba\u015fkan\u0131 Hatem Soysal, Yap\u0131l\u0131dereliler Dernek Ba\u015fkan\u0131 Engin G\u00fcng\u00f6r, Giresunspor Taraftarlar Dernek Ba\u015fkan\u0131 Adem \u00c7oruh, H\u00fcrriyet Mahallesi Muhtar\u0131 Ahmet Aslan, T\u00fcrkiye \u0130nternet Gazetecili\u011fi Derne\u011fi Kocaeli Temsilcisi Mustafa Can ve i\u015f d\u00fcnyas\u0131ndan bir\u00e7ok temsilci kat\u0131ld\u0131.<\/div>\n<div dir=\"auto\"><\/div>\n<div dir=\"auto\">\u00d6zg\u00fcr Ye\u015fil: \u00ab\u00a0\u0130\u015f G\u00fcvenli\u011fi K\u00fclt\u00fcr\u00fc Yayg\u0131nla\u015fmal\u0131\u00a0\u00bb<\/div>\n<div dir=\"auto\"><\/div>\n<div dir=\"auto\">G\u0130R\u0130B Kocaeli \u015eube Ba\u015fkan\u0131 \u00d6zg\u00fcr Ye\u015fil, a\u00e7\u0131l\u0131\u015f konu\u015fmas\u0131nda i\u015f sa\u011fl\u0131\u011f\u0131 ve g\u00fcvenli\u011finin sadece bir yasal zorunluluk de\u011fil, ayn\u0131 zamanda insani bir sorumluluk ve hak oldu\u011funu vurgulad\u0131. Ye\u015fil, \u015funlar\u0131 s\u00f6yledi:<\/div>\n<div dir=\"auto\"><\/div>\n<div dir=\"auto\">&gt; \u201cHerkesin sa\u011fl\u0131kl\u0131 ve g\u00fcvenli bir ortamda \u00e7al\u0131\u015fma hakk\u0131 vard\u0131r. \u0130\u015f kazalar\u0131n\u0131n ve meslek hastal\u0131klar\u0131n\u0131n \u00f6nlenmesi, bireysel ve toplumsal refah\u0131n artmas\u0131 a\u00e7\u0131s\u0131ndan kritik bir konudur. \u0130\u015f sa\u011fl\u0131\u011f\u0131 ve g\u00fcvenli\u011fi alan\u0131nda bilin\u00e7lenmek, i\u015f d\u00fcnyas\u0131nda s\u00fcrd\u00fcr\u00fclebilir kalk\u0131nman\u0131n temel ta\u015flar\u0131ndan biridir.\u201d<\/div>\n<div dir=\"auto\"><\/div>\n<div dir=\"auto\"><\/div>\n<div dir=\"auto\"><\/div>\n<div dir=\"auto\">Ye\u015fil ayr\u0131ca, T\u00fcrkiye\u2019nin i\u015f sa\u011fl\u0131\u011f\u0131 ve g\u00fcvenli\u011fi mevzuat\u0131na uyum sa\u011flamas\u0131 gerekti\u011fini ve bu alandaki eksikliklerin giderilmesinin ekonomik geli\u015fmi\u015fli\u011fe katk\u0131 sunaca\u011f\u0131n\u0131 belirtti.<\/div>\n<div dir=\"auto\"><\/div>\n<div dir=\"auto\">Asist Ortak G\u00fcvenlik Birimi Y\u00f6netim Kurulu Ba\u015fkan\u0131 Ahu T\u00fclay Taylan\u2019dan Kapsaml\u0131 Sunum<\/div>\n<div dir=\"auto\"><\/div>\n<div dir=\"auto\">Seminerin ana konu\u015fmac\u0131s\u0131, Asist Ortak G\u00fcvenlik Birimi Y\u00f6netim Kurulu Ba\u015fkan\u0131 Ahu T\u00fclay Taylan oldu. Taylan, yeni yasal d\u00fczenlemeler \u00e7er\u00e7evesinde i\u015f g\u00fcvenli\u011finin \u00f6nemine de\u011finerek, \u00e7al\u0131\u015fanlar\u0131n i\u015f yerinde kar\u015f\u0131la\u015fabilece\u011fi riskler, al\u0131nmas\u0131 gereken \u00f6nlemler ve i\u015f g\u00fcvenli\u011fi k\u00fclt\u00fcr\u00fcn\u00fcn olu\u015fturulmas\u0131 hakk\u0131nda detayl\u0131 bilgiler verdi.<\/div>\n<div dir=\"auto\"><\/div>\n<div dir=\"auto\">Taylan konu\u015fmas\u0131nda, 6331 Say\u0131l\u0131 \u0130\u015f Sa\u011fl\u0131\u011f\u0131 ve G\u00fcvenli\u011fi Kanunu kapsam\u0131nda i\u015fletmelerin y\u00fck\u00fcml\u00fcl\u00fcklerine dikkat \u00e7ekti. \u0130\u015fverenlerin ve \u00e7al\u0131\u015fanlar\u0131n sorumluluklar\u0131n\u0131 vurgulayarak, g\u00fcvenlik \u00f6nlemlerinin sadece mevzuata uygunluk a\u00e7\u0131s\u0131ndan de\u011fil, i\u015f verimlili\u011fi ve s\u00fcrd\u00fcr\u00fclebilirli\u011fi a\u00e7\u0131s\u0131ndan da b\u00fcy\u00fck \u00f6nem ta\u015f\u0131d\u0131\u011f\u0131n\u0131 belirtti.<\/div>\n<div dir=\"auto\"><\/div>\n<div dir=\"auto\">&gt; \u201c\u0130\u015f kazalar\u0131n\u0131n \u00e7o\u011fu, bilin\u00e7sizlik ve ihmal nedeniyle meydana geliyor. \u0130\u015f sa\u011fl\u0131\u011f\u0131 ve g\u00fcvenli\u011fi bilincinin yayg\u0131nla\u015ft\u0131r\u0131lmas\u0131, e\u011fitimlerin art\u0131r\u0131lmas\u0131 ve yasal d\u00fczenlemelere tam uyum sa\u011flanmas\u0131, kazalar\u0131n \u00f6n\u00fcne ge\u00e7mede en etkili y\u00f6ntemdir.\u201d<\/div>\n<div dir=\"auto\"><\/div>\n<div dir=\"auto\"><\/div>\n<div dir=\"auto\"><\/div>\n<div dir=\"auto\">\u0130\u015f Sa\u011fl\u0131\u011f\u0131 ve G\u00fcvenli\u011fi Alan\u0131nda Bilin\u00e7lendirme \u00c7al\u0131\u015fmalar\u0131 Devam Edecek<\/div>\n<div dir=\"auto\"><\/div>\n<div dir=\"auto\">Seminerin sonunda, i\u015f sa\u011fl\u0131\u011f\u0131 ve g\u00fcvenli\u011finin hem bireysel hem de kurumsal d\u00fczeyde benimsenmesi gerekti\u011fi vurguland\u0131. G\u0130R\u0130B Kocaeli \u015eube y\u00f6netimi, bu t\u00fcr bilin\u00e7lendirme etkinliklerinin artarak devam edece\u011fini ifade etti.<\/div>\n<div dir=\"auto\"><\/div>\n<div dir=\"auto\">&gt; \u00ab\u00a0\u0130\u015f g\u00fcvenli\u011fi k\u00fclt\u00fcr\u00fcn\u00fcn yayg\u0131nla\u015fmas\u0131 i\u00e7in t\u00fcm payda\u015flar\u0131m\u0131zla i\u015f birli\u011fi i\u00e7inde olmaya devam edece\u011fiz. Bug\u00fcnk\u00fc seminerimizin, yeni mevzuata dair fark\u0131ndal\u0131k yaratmas\u0131n\u0131 ve i\u015fletmelerin uyum s\u00fcrecine katk\u0131 sa\u011flamas\u0131n\u0131 diliyoruz.\u00a0\u00bb<\/div>\n<div dir=\"auto\"><\/div>\n<div dir=\"auto\"><\/div>\n<div dir=\"auto\"><\/div>\n<p>Kat\u0131l\u0131mc\u0131lar, seminerin olduk\u00e7a verimli ge\u00e7ti\u011fini belirterek, i\u015f g\u00fcvenli\u011fi konusunda fark\u0131ndal\u0131k yarat\u0131lmas\u0131n\u0131n \u00f6nemine vurgu yapt\u0131. G\u0130R\u0130B Kocaeli \u015eubesi, \u00f6n\u00fcm\u00fczdeki d\u00f6nemde farkl\u0131 alanlarda da bilgilendirici etkinlikler d\u00fczenlemeye devam edecek.<\/p>\n<p>&nbsp;<\/p>\n<p><img loading=\"lazy\" decoding=\"async\" class=\"alignnone size-medium wp-image-28188\" src=\"https:\/\/avrupapress.com\/main\/wp-content\/uploads\/2025\/02\/thumbnail_IMG-20250208-WA0018-300x200.jpg\" alt=\"\" width=\"300\" height=\"200\" srcset=\"https:\/\/avrupapress.com\/main\/wp-content\/uploads\/2025\/02\/thumbnail_IMG-20250208-WA0018-300x200.jpg 300w, https:\/\/avrupapress.com\/main\/wp-content\/uploads\/2025\/02\/thumbnail_IMG-20250208-WA0018-1024x682.jpg 1024w, https:\/\/avrupapress.com\/main\/wp-content\/uploads\/2025\/02\/thumbnail_IMG-20250208-WA0018-768x512.jpg 768w, https:\/\/avrupapress.com\/main\/wp-content\/uploads\/2025\/02\/thumbnail_IMG-20250208-WA0018-1536x1023.jpg 1536w, https:\/\/avrupapress.com\/main\/wp-content\/uploads\/2025\/02\/thumbnail_IMG-20250208-WA0018.jpg 1600w\" sizes=\"auto, (max-width: 300px) 100vw, 300px\" \/><\/p>\n<p><img loading=\"lazy\" decoding=\"async\" class=\"alignnone size-medium wp-image-28189\" src=\"https:\/\/avrupapress.com\/main\/wp-content\/uploads\/2025\/02\/IMG-20250208-WA0019-300x200.jpg\" alt=\"\" width=\"300\" height=\"200\" srcset=\"https:\/\/avrupapress.com\/main\/wp-content\/uploads\/2025\/02\/IMG-20250208-WA0019-300x200.jpg 300w, https:\/\/avrupapress.com\/main\/wp-content\/uploads\/2025\/02\/IMG-20250208-WA0019-1024x683.jpg 1024w, https:\/\/avrupapress.com\/main\/wp-content\/uploads\/2025\/02\/IMG-20250208-WA0019-768x512.jpg 768w, https:\/\/avrupapress.com\/main\/wp-content\/uploads\/2025\/02\/IMG-20250208-WA0019-1536x1024.jpg 1536w, https:\/\/avrupapress.com\/main\/wp-content\/uploads\/2025\/02\/IMG-20250208-WA0019.jpg 1599w\" sizes=\"auto, (max-width: 300px) 100vw, 300px\" \/><\/p>\n<p><strong>Bilgin Ozcifci\u00a0 \u00a0 \u00a0\/\u00a0 \u00a0 \u00a0AVRUPAPRESS<\/strong><\/p>\n","protected":false},"excerpt":{"rendered":"<p>\u00d6zg\u00fcr Ye\u015fil: \u00ab\u00a0\u0130\u015f Sa\u011fl\u0131\u011f\u0131 ve G\u00fcvenli\u011fi Bir Hak ve Sorumluluktur\u00a0\u00bb Giresun \u0130\u015f \u0130nsanlar\u0131 ve B\u00fcrokratlar Derne\u011fi (G\u0130R\u0130B) Kocaeli \u015eubesi taraf\u0131ndan d\u00fczenlenen \u201c\u0130\u015f Sa\u011fl\u0131\u011f\u0131 ve G\u00fcvenli\u011fi\u201d semineri, geni\u015f bir kat\u0131l\u0131mla ger\u00e7ekle\u015ftirildi. Kahvalt\u0131l\u0131 toplant\u0131 format\u0131nda d\u00fczenlenen etkinlikte, i\u015f d\u00fcnyas\u0131ndan ve siyasetten \u00f6nemli isimler bir araya geldi. Protokol \u00dcyeleri ve Kat\u0131l\u0131mc\u0131lar Seminere; Giresun Yavuzkemal Belediye Ba\u015fkan\u0131 Adem \u00d6nal [&hellip;]<\/p>\n","protected":false},"author":3,"featured_media":28189,"comment_status":"closed","ping_status":"open","sticky":false,"template":"","format":"standard","meta":{"footnotes":""},"categories":[14,16,3,17,18,15,19,2,1],"tags":[],"class_list":["post-28187","post","type-post","status-publish","format-standard","has-post-thumbnail","hentry","category-avrupa","category-belcika","category-dunya","category-ekonomi","category-kultur-sanat","category-spor","category-tanitim","category-turkiye","category-uncategorized"],"yoast_head":"<!-- This site is optimized with the Yoast SEO plugin v26.9 - https:\/\/yoast.com\/product\/yoast-seo-wordpress\/ -->\n<title>G\u0130R\u0130B Kocaeli \u015eubesi&#039;nde \u0130\u015f Sa\u011fl\u0131\u011f\u0131 ve G\u00fcvenli\u011fi Semineri D\u00fczenlendi - AvrupaPress<\/title>\n<meta name=\"robots\" content=\"index, follow, max-snippet:-1, max-image-preview:large, max-video-preview:-1\" \/>\n<link rel=\"canonical\" href=\"https:\/\/avrupapress.com\/main\/2025\/02\/09\/girib-kocaeli-subesinde-is-sagligi-ve-guvenligi-semineri-duzenlendi\/\" \/>\n<meta property=\"og:locale\" content=\"fr_FR\" \/>\n<meta property=\"og:type\" content=\"article\" \/>\n<meta property=\"og:title\" content=\"G\u0130R\u0130B Kocaeli \u015eubesi&#039;nde \u0130\u015f Sa\u011fl\u0131\u011f\u0131 ve G\u00fcvenli\u011fi Semineri D\u00fczenlendi - AvrupaPress\" \/>\n<meta property=\"og:description\" content=\"\u00d6zg\u00fcr Ye\u015fil: \u00ab\u00a0\u0130\u015f Sa\u011fl\u0131\u011f\u0131 ve G\u00fcvenli\u011fi Bir Hak ve Sorumluluktur\u00a0\u00bb Giresun \u0130\u015f \u0130nsanlar\u0131 ve B\u00fcrokratlar Derne\u011fi (G\u0130R\u0130B) Kocaeli \u015eubesi taraf\u0131ndan d\u00fczenlenen \u201c\u0130\u015f Sa\u011fl\u0131\u011f\u0131 ve G\u00fcvenli\u011fi\u201d semineri, geni\u015f bir kat\u0131l\u0131mla ger\u00e7ekle\u015ftirildi. Kahvalt\u0131l\u0131 toplant\u0131 format\u0131nda d\u00fczenlenen etkinlikte, i\u015f d\u00fcnyas\u0131ndan ve siyasetten \u00f6nemli isimler bir araya geldi. Protokol \u00dcyeleri ve Kat\u0131l\u0131mc\u0131lar Seminere; Giresun Yavuzkemal Belediye Ba\u015fkan\u0131 Adem \u00d6nal [&hellip;]\" \/>\n<meta property=\"og:url\" content=\"https:\/\/avrupapress.com\/main\/2025\/02\/09\/girib-kocaeli-subesinde-is-sagligi-ve-guvenligi-semineri-duzenlendi\/\" \/>\n<meta property=\"og:site_name\" content=\"AvrupaPress\" \/>\n<meta property=\"article:published_time\" content=\"2025-02-09T08:56:19+00:00\" \/>\n<meta property=\"article:modified_time\" content=\"2025-02-09T08:56:27+00:00\" \/>\n<meta property=\"og:image\" content=\"https:\/\/avrupapress.com\/main\/wp-content\/uploads\/2025\/02\/IMG-20250208-WA0019.jpg\" \/>\n\t<meta property=\"og:image:width\" content=\"1599\" \/>\n\t<meta property=\"og:image:height\" content=\"1066\" \/>\n\t<meta property=\"og:image:type\" content=\"image\/jpeg\" \/>\n<meta name=\"author\" content=\"Edit\u00f6r\" \/>\n<meta name=\"twitter:card\" content=\"summary_large_image\" \/>\n<meta name=\"twitter:label1\" content=\"\u00c9crit par\" \/>\n\t<meta name=\"twitter:data1\" content=\"Edit\u00f6r\" \/>\n\t<meta name=\"twitter:label2\" content=\"Dur\u00e9e de lecture est.\" \/>\n\t<meta name=\"twitter:data2\" content=\"3 minutes\" \/>\n<script type=\"application\/ld+json\" class=\"yoast-schema-graph\">{\"@context\":\"https:\/\/schema.org\",\"@graph\":[{\"@type\":\"Article\",\"@id\":\"https:\/\/avrupapress.com\/main\/2025\/02\/09\/girib-kocaeli-subesinde-is-sagligi-ve-guvenligi-semineri-duzenlendi\/#article\",\"isPartOf\":{\"@id\":\"https:\/\/avrupapress.com\/main\/2025\/02\/09\/girib-kocaeli-subesinde-is-sagligi-ve-guvenligi-semineri-duzenlendi\/\"},\"author\":{\"name\":\"Edit\u00f6r\",\"@id\":\"https:\/\/avrupapress.com\/#\/schema\/person\/68428444ec60970d1e1b700cf4ca1e8f\"},\"headline\":\"G\u0130R\u0130B Kocaeli \u015eubesi&rsquo;nde \u0130\u015f Sa\u011fl\u0131\u011f\u0131 ve G\u00fcvenli\u011fi Semineri D\u00fczenlendi\",\"datePublished\":\"2025-02-09T08:56:19+00:00\",\"dateModified\":\"2025-02-09T08:56:27+00:00\",\"mainEntityOfPage\":{\"@id\":\"https:\/\/avrupapress.com\/main\/2025\/02\/09\/girib-kocaeli-subesinde-is-sagligi-ve-guvenligi-semineri-duzenlendi\/\"},\"wordCount\":685,\"publisher\":{\"@id\":\"https:\/\/avrupapress.com\/#\/schema\/person\/0223dca19c72c43575bf30d1a2d8f4fa\"},\"image\":{\"@id\":\"https:\/\/avrupapress.com\/main\/2025\/02\/09\/girib-kocaeli-subesinde-is-sagligi-ve-guvenligi-semineri-duzenlendi\/#primaryimage\"},\"thumbnailUrl\":\"https:\/\/avrupapress.com\/main\/wp-content\/uploads\/2025\/02\/IMG-20250208-WA0019.jpg\",\"articleSection\":[\"Avrupa\",\"Bel\u00e7ika\",\"D\u00fcnya\",\"Ekonomi\",\"K\u00fclt\u00fcr-Sanat\",\"Spor\",\"Tan\u0131t\u0131m\",\"T\u00fcrkiye\",\"Uncategorized\"],\"inLanguage\":\"fr-BE\"},{\"@type\":\"WebPage\",\"@id\":\"https:\/\/avrupapress.com\/main\/2025\/02\/09\/girib-kocaeli-subesinde-is-sagligi-ve-guvenligi-semineri-duzenlendi\/\",\"url\":\"https:\/\/avrupapress.com\/main\/2025\/02\/09\/girib-kocaeli-subesinde-is-sagligi-ve-guvenligi-semineri-duzenlendi\/\",\"name\":\"G\u0130R\u0130B Kocaeli \u015eubesi'nde \u0130\u015f Sa\u011fl\u0131\u011f\u0131 ve G\u00fcvenli\u011fi Semineri D\u00fczenlendi - AvrupaPress\",\"isPartOf\":{\"@id\":\"https:\/\/avrupapress.com\/#website\"},\"primaryImageOfPage\":{\"@id\":\"https:\/\/avrupapress.com\/main\/2025\/02\/09\/girib-kocaeli-subesinde-is-sagligi-ve-guvenligi-semineri-duzenlendi\/#primaryimage\"},\"image\":{\"@id\":\"https:\/\/avrupapress.com\/main\/2025\/02\/09\/girib-kocaeli-subesinde-is-sagligi-ve-guvenligi-semineri-duzenlendi\/#primaryimage\"},\"thumbnailUrl\":\"https:\/\/avrupapress.com\/main\/wp-content\/uploads\/2025\/02\/IMG-20250208-WA0019.jpg\",\"datePublished\":\"2025-02-09T08:56:19+00:00\",\"dateModified\":\"2025-02-09T08:56:27+00:00\",\"breadcrumb\":{\"@id\":\"https:\/\/avrupapress.com\/main\/2025\/02\/09\/girib-kocaeli-subesinde-is-sagligi-ve-guvenligi-semineri-duzenlendi\/#breadcrumb\"},\"inLanguage\":\"fr-BE\",\"potentialAction\":[{\"@type\":\"ReadAction\",\"target\":[\"https:\/\/avrupapress.com\/main\/2025\/02\/09\/girib-kocaeli-subesinde-is-sagligi-ve-guvenligi-semineri-duzenlendi\/\"]}]},{\"@type\":\"ImageObject\",\"inLanguage\":\"fr-BE\",\"@id\":\"https:\/\/avrupapress.com\/main\/2025\/02\/09\/girib-kocaeli-subesinde-is-sagligi-ve-guvenligi-semineri-duzenlendi\/#primaryimage\",\"url\":\"https:\/\/avrupapress.com\/main\/wp-content\/uploads\/2025\/02\/IMG-20250208-WA0019.jpg\",\"contentUrl\":\"https:\/\/avrupapress.com\/main\/wp-content\/uploads\/2025\/02\/IMG-20250208-WA0019.jpg\",\"width\":1599,\"height\":1066},{\"@type\":\"BreadcrumbList\",\"@id\":\"https:\/\/avrupapress.com\/main\/2025\/02\/09\/girib-kocaeli-subesinde-is-sagligi-ve-guvenligi-semineri-duzenlendi\/#breadcrumb\",\"itemListElement\":[{\"@type\":\"ListItem\",\"position\":1,\"name\":\"Anasayfa\",\"item\":\"https:\/\/avrupapress.com\/\"},{\"@type\":\"ListItem\",\"position\":2,\"name\":\"G\u0130R\u0130B Kocaeli \u015eubesi&rsquo;nde \u0130\u015f Sa\u011fl\u0131\u011f\u0131 ve G\u00fcvenli\u011fi Semineri D\u00fczenlendi\"}]},{\"@type\":\"WebSite\",\"@id\":\"https:\/\/avrupapress.com\/#website\",\"url\":\"https:\/\/avrupapress.com\/\",\"name\":\"AvrupaPress\",\"description\":\"Haberin Adresi\",\"publisher\":{\"@id\":\"https:\/\/avrupapress.com\/#\/schema\/person\/0223dca19c72c43575bf30d1a2d8f4fa\"},\"potentialAction\":[{\"@type\":\"SearchAction\",\"target\":{\"@type\":\"EntryPoint\",\"urlTemplate\":\"https:\/\/avrupapress.com\/?s={search_term_string}\"},\"query-input\":{\"@type\":\"PropertyValueSpecification\",\"valueRequired\":true,\"valueName\":\"search_term_string\"}}],\"inLanguage\":\"fr-BE\"},{\"@type\":[\"Person\",\"Organization\"],\"@id\":\"https:\/\/avrupapress.com\/#\/schema\/person\/0223dca19c72c43575bf30d1a2d8f4fa\",\"name\":\"Bilgin \u00d6z\u00e7ift\u00e7i\",\"image\":{\"@type\":\"ImageObject\",\"inLanguage\":\"fr-BE\",\"@id\":\"https:\/\/avrupapress.com\/#\/schema\/person\/image\/\",\"url\":\"https:\/\/secure.gravatar.com\/avatar\/0f23b280433a21e1ea7a0adcc46ed0ad16afe3ad8e630fd13d8a017dcbd54ef3?s=96&d=mm&r=g\",\"contentUrl\":\"https:\/\/secure.gravatar.com\/avatar\/0f23b280433a21e1ea7a0adcc46ed0ad16afe3ad8e630fd13d8a017dcbd54ef3?s=96&d=mm&r=g\",\"caption\":\"Bilgin \u00d6z\u00e7ift\u00e7i\"},\"logo\":{\"@id\":\"https:\/\/avrupapress.com\/#\/schema\/person\/image\/\"},\"description\":\"Ne ben, nede sen... Biz ancak \\\"biz\\\" olursak g\u00fc\u00e7l\u00fc olabiliriz\"},{\"@type\":\"Person\",\"@id\":\"https:\/\/avrupapress.com\/#\/schema\/person\/68428444ec60970d1e1b700cf4ca1e8f\",\"name\":\"Edit\u00f6r\",\"image\":{\"@type\":\"ImageObject\",\"inLanguage\":\"fr-BE\",\"@id\":\"https:\/\/avrupapress.com\/#\/schema\/person\/image\/\",\"url\":\"https:\/\/secure.gravatar.com\/avatar\/74996b0977aa5f1559ba9883776652508b229005c0d78fb2597897f0bd651c09?s=96&d=mm&r=g\",\"contentUrl\":\"https:\/\/secure.gravatar.com\/avatar\/74996b0977aa5f1559ba9883776652508b229005c0d78fb2597897f0bd651c09?s=96&d=mm&r=g\",\"caption\":\"Edit\u00f6r\"},\"sameAs\":[\"http:\/\/www.avrupapress.com\"],\"url\":\"https:\/\/avrupapress.com\/main\/author\/editor\/\"}]}<\/script>\n<!-- \/ Yoast SEO plugin. -->","yoast_head_json":{"title":"G\u0130R\u0130B Kocaeli \u015eubesi'nde \u0130\u015f Sa\u011fl\u0131\u011f\u0131 ve G\u00fcvenli\u011fi Semineri D\u00fczenlendi - AvrupaPress","robots":{"index":"index","follow":"follow","max-snippet":"max-snippet:-1","max-image-preview":"max-image-preview:large","max-video-preview":"max-video-preview:-1"},"canonical":"https:\/\/avrupapress.com\/main\/2025\/02\/09\/girib-kocaeli-subesinde-is-sagligi-ve-guvenligi-semineri-duzenlendi\/","og_locale":"fr_FR","og_type":"article","og_title":"G\u0130R\u0130B Kocaeli \u015eubesi'nde \u0130\u015f Sa\u011fl\u0131\u011f\u0131 ve G\u00fcvenli\u011fi Semineri D\u00fczenlendi - AvrupaPress","og_description":"\u00d6zg\u00fcr Ye\u015fil: \u00ab\u00a0\u0130\u015f Sa\u011fl\u0131\u011f\u0131 ve G\u00fcvenli\u011fi Bir Hak ve Sorumluluktur\u00a0\u00bb Giresun \u0130\u015f \u0130nsanlar\u0131 ve B\u00fcrokratlar Derne\u011fi (G\u0130R\u0130B) Kocaeli \u015eubesi taraf\u0131ndan d\u00fczenlenen \u201c\u0130\u015f Sa\u011fl\u0131\u011f\u0131 ve G\u00fcvenli\u011fi\u201d semineri, geni\u015f bir kat\u0131l\u0131mla ger\u00e7ekle\u015ftirildi. Kahvalt\u0131l\u0131 toplant\u0131 format\u0131nda d\u00fczenlenen etkinlikte, i\u015f d\u00fcnyas\u0131ndan ve siyasetten \u00f6nemli isimler bir araya geldi. Protokol \u00dcyeleri ve Kat\u0131l\u0131mc\u0131lar Seminere; Giresun Yavuzkemal Belediye Ba\u015fkan\u0131 Adem \u00d6nal [&hellip;]","og_url":"https:\/\/avrupapress.com\/main\/2025\/02\/09\/girib-kocaeli-subesinde-is-sagligi-ve-guvenligi-semineri-duzenlendi\/","og_site_name":"AvrupaPress","article_published_time":"2025-02-09T08:56:19+00:00","article_modified_time":"2025-02-09T08:56:27+00:00","og_image":[{"width":1599,"height":1066,"url":"https:\/\/avrupapress.com\/main\/wp-content\/uploads\/2025\/02\/IMG-20250208-WA0019.jpg","type":"image\/jpeg"}],"author":"Edit\u00f6r","twitter_card":"summary_large_image","twitter_misc":{"\u00c9crit par":"Edit\u00f6r","Dur\u00e9e de lecture est.":"3 minutes"},"schema":{"@context":"https:\/\/schema.org","@graph":[{"@type":"Article","@id":"https:\/\/avrupapress.com\/main\/2025\/02\/09\/girib-kocaeli-subesinde-is-sagligi-ve-guvenligi-semineri-duzenlendi\/#article","isPartOf":{"@id":"https:\/\/avrupapress.com\/main\/2025\/02\/09\/girib-kocaeli-subesinde-is-sagligi-ve-guvenligi-semineri-duzenlendi\/"},"author":{"name":"Edit\u00f6r","@id":"https:\/\/avrupapress.com\/#\/schema\/person\/68428444ec60970d1e1b700cf4ca1e8f"},"headline":"G\u0130R\u0130B Kocaeli \u015eubesi&rsquo;nde \u0130\u015f Sa\u011fl\u0131\u011f\u0131 ve G\u00fcvenli\u011fi Semineri D\u00fczenlendi","datePublished":"2025-02-09T08:56:19+00:00","dateModified":"2025-02-09T08:56:27+00:00","mainEntityOfPage":{"@id":"https:\/\/avrupapress.com\/main\/2025\/02\/09\/girib-kocaeli-subesinde-is-sagligi-ve-guvenligi-semineri-duzenlendi\/"},"wordCount":685,"publisher":{"@id":"https:\/\/avrupapress.com\/#\/schema\/person\/0223dca19c72c43575bf30d1a2d8f4fa"},"image":{"@id":"https:\/\/avrupapress.com\/main\/2025\/02\/09\/girib-kocaeli-subesinde-is-sagligi-ve-guvenligi-semineri-duzenlendi\/#primaryimage"},"thumbnailUrl":"https:\/\/avrupapress.com\/main\/wp-content\/uploads\/2025\/02\/IMG-20250208-WA0019.jpg","articleSection":["Avrupa","Bel\u00e7ika","D\u00fcnya","Ekonomi","K\u00fclt\u00fcr-Sanat","Spor","Tan\u0131t\u0131m","T\u00fcrkiye","Uncategorized"],"inLanguage":"fr-BE"},{"@type":"WebPage","@id":"https:\/\/avrupapress.com\/main\/2025\/02\/09\/girib-kocaeli-subesinde-is-sagligi-ve-guvenligi-semineri-duzenlendi\/","url":"https:\/\/avrupapress.com\/main\/2025\/02\/09\/girib-kocaeli-subesinde-is-sagligi-ve-guvenligi-semineri-duzenlendi\/","name":"G\u0130R\u0130B Kocaeli \u015eubesi'nde \u0130\u015f Sa\u011fl\u0131\u011f\u0131 ve G\u00fcvenli\u011fi Semineri D\u00fczenlendi - AvrupaPress","isPartOf":{"@id":"https:\/\/avrupapress.com\/#website"},"primaryImageOfPage":{"@id":"https:\/\/avrupapress.com\/main\/2025\/02\/09\/girib-kocaeli-subesinde-is-sagligi-ve-guvenligi-semineri-duzenlendi\/#primaryimage"},"image":{"@id":"https:\/\/avrupapress.com\/main\/2025\/02\/09\/girib-kocaeli-subesinde-is-sagligi-ve-guvenligi-semineri-duzenlendi\/#primaryimage"},"thumbnailUrl":"https:\/\/avrupapress.com\/main\/wp-content\/uploads\/2025\/02\/IMG-20250208-WA0019.jpg","datePublished":"2025-02-09T08:56:19+00:00","dateModified":"2025-02-09T08:56:27+00:00","breadcrumb":{"@id":"https:\/\/avrupapress.com\/main\/2025\/02\/09\/girib-kocaeli-subesinde-is-sagligi-ve-guvenligi-semineri-duzenlendi\/#breadcrumb"},"inLanguage":"fr-BE","potentialAction":[{"@type":"ReadAction","target":["https:\/\/avrupapress.com\/main\/2025\/02\/09\/girib-kocaeli-subesinde-is-sagligi-ve-guvenligi-semineri-duzenlendi\/"]}]},{"@type":"ImageObject","inLanguage":"fr-BE","@id":"https:\/\/avrupapress.com\/main\/2025\/02\/09\/girib-kocaeli-subesinde-is-sagligi-ve-guvenligi-semineri-duzenlendi\/#primaryimage","url":"https:\/\/avrupapress.com\/main\/wp-content\/uploads\/2025\/02\/IMG-20250208-WA0019.jpg","contentUrl":"https:\/\/avrupapress.com\/main\/wp-content\/uploads\/2025\/02\/IMG-20250208-WA0019.jpg","width":1599,"height":1066},{"@type":"BreadcrumbList","@id":"https:\/\/avrupapress.com\/main\/2025\/02\/09\/girib-kocaeli-subesinde-is-sagligi-ve-guvenligi-semineri-duzenlendi\/#breadcrumb","itemListElement":[{"@type":"ListItem","position":1,"name":"Anasayfa","item":"https:\/\/avrupapress.com\/"},{"@type":"ListItem","position":2,"name":"G\u0130R\u0130B Kocaeli \u015eubesi&rsquo;nde \u0130\u015f Sa\u011fl\u0131\u011f\u0131 ve G\u00fcvenli\u011fi Semineri D\u00fczenlendi"}]},{"@type":"WebSite","@id":"https:\/\/avrupapress.com\/#website","url":"https:\/\/avrupapress.com\/","name":"AvrupaPress","description":"Haberin Adresi","publisher":{"@id":"https:\/\/avrupapress.com\/#\/schema\/person\/0223dca19c72c43575bf30d1a2d8f4fa"},"potentialAction":[{"@type":"SearchAction","target":{"@type":"EntryPoint","urlTemplate":"https:\/\/avrupapress.com\/?s={search_term_string}"},"query-input":{"@type":"PropertyValueSpecification","valueRequired":true,"valueName":"search_term_string"}}],"inLanguage":"fr-BE"},{"@type":["Person","Organization"],"@id":"https:\/\/avrupapress.com\/#\/schema\/person\/0223dca19c72c43575bf30d1a2d8f4fa","name":"Bilgin \u00d6z\u00e7ift\u00e7i","image":{"@type":"ImageObject","inLanguage":"fr-BE","@id":"https:\/\/avrupapress.com\/#\/schema\/person\/image\/","url":"https:\/\/secure.gravatar.com\/avatar\/0f23b280433a21e1ea7a0adcc46ed0ad16afe3ad8e630fd13d8a017dcbd54ef3?s=96&d=mm&r=g","contentUrl":"https:\/\/secure.gravatar.com\/avatar\/0f23b280433a21e1ea7a0adcc46ed0ad16afe3ad8e630fd13d8a017dcbd54ef3?s=96&d=mm&r=g","caption":"Bilgin \u00d6z\u00e7ift\u00e7i"},"logo":{"@id":"https:\/\/avrupapress.com\/#\/schema\/person\/image\/"},"description":"Ne ben, nede sen... Biz ancak \"biz\" olursak g\u00fc\u00e7l\u00fc olabiliriz"},{"@type":"Person","@id":"https:\/\/avrupapress.com\/#\/schema\/person\/68428444ec60970d1e1b700cf4ca1e8f","name":"Edit\u00f6r","image":{"@type":"ImageObject","inLanguage":"fr-BE","@id":"https:\/\/avrupapress.com\/#\/schema\/person\/image\/","url":"https:\/\/secure.gravatar.com\/avatar\/74996b0977aa5f1559ba9883776652508b229005c0d78fb2597897f0bd651c09?s=96&d=mm&r=g","contentUrl":"https:\/\/secure.gravatar.com\/avatar\/74996b0977aa5f1559ba9883776652508b229005c0d78fb2597897f0bd651c09?s=96&d=mm&r=g","caption":"Edit\u00f6r"},"sameAs":["http:\/\/www.avrupapress.com"],"url":"https:\/\/avrupapress.com\/main\/author\/editor\/"}]}},"_links":{"self":[{"href":"https:\/\/avrupapress.com\/main\/wp-json\/wp\/v2\/posts\/28187","targetHints":{"allow":["GET"]}}],"collection":[{"href":"https:\/\/avrupapress.com\/main\/wp-json\/wp\/v2\/posts"}],"about":[{"href":"https:\/\/avrupapress.com\/main\/wp-json\/wp\/v2\/types\/post"}],"author":[{"embeddable":true,"href":"https:\/\/avrupapress.com\/main\/wp-json\/wp\/v2\/users\/3"}],"replies":[{"embeddable":true,"href":"https:\/\/avrupapress.com\/main\/wp-json\/wp\/v2\/comments?post=28187"}],"version-history":[{"count":1,"href":"https:\/\/avrupapress.com\/main\/wp-json\/wp\/v2\/posts\/28187\/revisions"}],"predecessor-version":[{"id":28190,"href":"https:\/\/avrupapress.com\/main\/wp-json\/wp\/v2\/posts\/28187\/revisions\/28190"}],"wp:featuredmedia":[{"embeddable":true,"href":"https:\/\/avrupapress.com\/main\/wp-json\/wp\/v2\/media\/28189"}],"wp:attachment":[{"href":"https:\/\/avrupapress.com\/main\/wp-json\/wp\/v2\/media?parent=28187"}],"wp:term":[{"taxonomy":"category","embeddable":true,"href":"https:\/\/avrupapress.com\/main\/wp-json\/wp\/v2\/categories?post=28187"},{"taxonomy":"post_tag","embeddable":true,"href":"https:\/\/avrupapress.com\/main\/wp-json\/wp\/v2\/tags?post=28187"}],"curies":[{"name":"wp","href":"https:\/\/api.w.org\/{rel}","templated":true}]}}