{"id":28184,"date":"2025-02-08T20:53:52","date_gmt":"2025-02-08T20:53:52","guid":{"rendered":"https:\/\/avrupapress.com\/main\/?p=28184"},"modified":"2025-02-08T20:53:58","modified_gmt":"2025-02-08T20:53:58","slug":"yarin-st-josse-belediyesinde-secim-var","status":"publish","type":"post","link":"https:\/\/avrupapress.com\/main\/2025\/02\/08\/yarin-st-josse-belediyesinde-secim-var\/","title":{"rendered":"Yar\u0131n St Josse belediyesinde se\u00e7im var."},"content":{"rendered":"<p><span data-olk-copy-source=\"MessageBody\"><strong>Yar\u0131n St Josse belediyesinde se\u00e7im var.<\/strong> <\/span><\/p>\n<p><span data-olk-copy-source=\"MessageBody\">Bel\u00e7ikada 580&rsquo;ne yak\u0131n belediye var ve ne hikmetse sadece ST JOSSE&rsquo;da se\u00e7ime tekrar gidiliyor.<\/span><\/p>\n<p><span data-olk-copy-source=\"MessageBody\"> Bence bu bizim demokrasi ay\u0131b\u0131m\u0131z olarak g\u00f6r\u00fcyorum. Se\u00e7ime tekrar gitme sebebi a\u015fikard\u0131r ve oylar\u0131n \u00e7al\u0131nmas\u0131 y\u00fcz\u00fcndendir. Sadece birisini egosunu tatmin etmek i\u00e7in \u00e7ok g\u00fcl\u00fcn\u00e7 duruma d\u00fc\u015ft\u00fc\u011f\u00fcm\u00fcz\u00fcn fark\u0131nm\u0131y\u0131z acaba?<\/span><\/p>\n<p><span data-olk-copy-source=\"MessageBody\"> Bu konuda hi\u00e7 gururlanacak de\u011filiz ve \u00a0Bel\u00e7ikal\u0131lar taraf\u0131ndan \u00e7ok k\u00f6t\u00fc ele\u015ftirelere maruz kald\u0131\u011f\u0131m\u0131da belirtmek isterim. Neyse bu devran b\u00f6yle devam eder ve hi\u00e7 kimse ders almaz yine ayn\u0131 despotizmi kabul edip belirili \u015fah\u0131slar\u0131n menfaati i\u00e7in 3600 e yak\u0131n<\/span><\/p>\n<p><span data-olk-copy-source=\"MessageBody\"> T\u00fcrk k\u00f6kenli se\u00e7meni koyun s\u00fcr\u00fcs\u00fc yurduna koyanlar sefaletini s\u00fcrd\u00fcre dursun derim.Hepinize iyi se\u00e7imler temenni ederim. Haa unutmayal\u0131m se\u00e7im listelerinde ba\u015fka ba\u015fka de\u011ferli adaylar oldu\u011funuda belirtmek gerekir.<\/span><\/p>\n<p><img loading=\"lazy\" decoding=\"async\" class=\"alignnone size-full wp-image-28185\" src=\"https:\/\/avrupapress.com\/main\/wp-content\/uploads\/2025\/02\/thumbnail_facebook_1739044455508_7294081115918807299.jpg\" alt=\"\" width=\"200\" height=\"267\" \/><\/p>\n","protected":false},"excerpt":{"rendered":"<p>Yar\u0131n St Josse belediyesinde se\u00e7im var. Bel\u00e7ikada 580&rsquo;ne yak\u0131n belediye var ve ne hikmetse sadece ST JOSSE&rsquo;da se\u00e7ime tekrar gidiliyor. Bence bu bizim demokrasi ay\u0131b\u0131m\u0131z olarak g\u00f6r\u00fcyorum. Se\u00e7ime tekrar gitme sebebi a\u015fikard\u0131r ve oylar\u0131n \u00e7al\u0131nmas\u0131 y\u00fcz\u00fcndendir. Sadece birisini egosunu tatmin etmek i\u00e7in \u00e7ok g\u00fcl\u00fcn\u00e7 duruma d\u00fc\u015ft\u00fc\u011f\u00fcm\u00fcz\u00fcn fark\u0131nm\u0131y\u0131z acaba? Bu konuda hi\u00e7 gururlanacak de\u011filiz ve \u00a0Bel\u00e7ikal\u0131lar [&hellip;]<\/p>\n","protected":false},"author":3,"featured_media":28185,"comment_status":"closed","ping_status":"open","sticky":false,"template":"","format":"standard","meta":{"footnotes":""},"categories":[14,16,3,17,18,15,19,2,1],"tags":[],"class_list":["post-28184","post","type-post","status-publish","format-standard","has-post-thumbnail","hentry","category-avrupa","category-belcika","category-dunya","category-ekonomi","category-kultur-sanat","category-spor","category-tanitim","category-turkiye","category-uncategorized"],"yoast_head":"<!-- This site is optimized with the Yoast SEO plugin v26.9 - https:\/\/yoast.com\/product\/yoast-seo-wordpress\/ -->\n<title>Yar\u0131n St Josse belediyesinde se\u00e7im var. - AvrupaPress<\/title>\n<meta name=\"robots\" content=\"index, follow, max-snippet:-1, max-image-preview:large, max-video-preview:-1\" \/>\n<link rel=\"canonical\" href=\"https:\/\/avrupapress.com\/main\/2025\/02\/08\/yarin-st-josse-belediyesinde-secim-var\/\" \/>\n<meta property=\"og:locale\" content=\"fr_FR\" \/>\n<meta property=\"og:type\" content=\"article\" \/>\n<meta property=\"og:title\" content=\"Yar\u0131n St Josse belediyesinde se\u00e7im var. - AvrupaPress\" \/>\n<meta property=\"og:description\" content=\"Yar\u0131n St Josse belediyesinde se\u00e7im var. Bel\u00e7ikada 580&rsquo;ne yak\u0131n belediye var ve ne hikmetse sadece ST JOSSE&rsquo;da se\u00e7ime tekrar gidiliyor. Bence bu bizim demokrasi ay\u0131b\u0131m\u0131z olarak g\u00f6r\u00fcyorum. Se\u00e7ime tekrar gitme sebebi a\u015fikard\u0131r ve oylar\u0131n \u00e7al\u0131nmas\u0131 y\u00fcz\u00fcndendir. Sadece birisini egosunu tatmin etmek i\u00e7in \u00e7ok g\u00fcl\u00fcn\u00e7 duruma d\u00fc\u015ft\u00fc\u011f\u00fcm\u00fcz\u00fcn fark\u0131nm\u0131y\u0131z acaba? Bu konuda hi\u00e7 gururlanacak de\u011filiz ve \u00a0Bel\u00e7ikal\u0131lar [&hellip;]\" \/>\n<meta property=\"og:url\" content=\"https:\/\/avrupapress.com\/main\/2025\/02\/08\/yarin-st-josse-belediyesinde-secim-var\/\" \/>\n<meta property=\"og:site_name\" content=\"AvrupaPress\" \/>\n<meta property=\"article:published_time\" content=\"2025-02-08T20:53:52+00:00\" \/>\n<meta property=\"article:modified_time\" content=\"2025-02-08T20:53:58+00:00\" \/>\n<meta property=\"og:image\" content=\"https:\/\/avrupapress.com\/main\/wp-content\/uploads\/2025\/02\/thumbnail_facebook_1739044455508_7294081115918807299-e1739048022358.jpg\" \/>\n\t<meta property=\"og:image:width\" content=\"200\" \/>\n\t<meta property=\"og:image:height\" content=\"135\" \/>\n\t<meta property=\"og:image:type\" content=\"image\/jpeg\" \/>\n<meta name=\"author\" content=\"Edit\u00f6r\" \/>\n<meta name=\"twitter:card\" content=\"summary_large_image\" \/>\n<meta name=\"twitter:label1\" content=\"\u00c9crit par\" \/>\n\t<meta name=\"twitter:data1\" content=\"Edit\u00f6r\" \/>\n\t<meta name=\"twitter:label2\" content=\"Dur\u00e9e de lecture est.\" \/>\n\t<meta name=\"twitter:data2\" content=\"1 minute\" \/>\n<script type=\"application\/ld+json\" class=\"yoast-schema-graph\">{\"@context\":\"https:\/\/schema.org\",\"@graph\":[{\"@type\":\"Article\",\"@id\":\"https:\/\/avrupapress.com\/main\/2025\/02\/08\/yarin-st-josse-belediyesinde-secim-var\/#article\",\"isPartOf\":{\"@id\":\"https:\/\/avrupapress.com\/main\/2025\/02\/08\/yarin-st-josse-belediyesinde-secim-var\/\"},\"author\":{\"name\":\"Edit\u00f6r\",\"@id\":\"https:\/\/avrupapress.com\/#\/schema\/person\/68428444ec60970d1e1b700cf4ca1e8f\"},\"headline\":\"Yar\u0131n St Josse belediyesinde se\u00e7im var.\",\"datePublished\":\"2025-02-08T20:53:52+00:00\",\"dateModified\":\"2025-02-08T20:53:58+00:00\",\"mainEntityOfPage\":{\"@id\":\"https:\/\/avrupapress.com\/main\/2025\/02\/08\/yarin-st-josse-belediyesinde-secim-var\/\"},\"wordCount\":174,\"publisher\":{\"@id\":\"https:\/\/avrupapress.com\/#\/schema\/person\/0223dca19c72c43575bf30d1a2d8f4fa\"},\"image\":{\"@id\":\"https:\/\/avrupapress.com\/main\/2025\/02\/08\/yarin-st-josse-belediyesinde-secim-var\/#primaryimage\"},\"thumbnailUrl\":\"https:\/\/avrupapress.com\/main\/wp-content\/uploads\/2025\/02\/thumbnail_facebook_1739044455508_7294081115918807299-e1739048022358.jpg\",\"articleSection\":[\"Avrupa\",\"Bel\u00e7ika\",\"D\u00fcnya\",\"Ekonomi\",\"K\u00fclt\u00fcr-Sanat\",\"Spor\",\"Tan\u0131t\u0131m\",\"T\u00fcrkiye\",\"Uncategorized\"],\"inLanguage\":\"fr-BE\"},{\"@type\":\"WebPage\",\"@id\":\"https:\/\/avrupapress.com\/main\/2025\/02\/08\/yarin-st-josse-belediyesinde-secim-var\/\",\"url\":\"https:\/\/avrupapress.com\/main\/2025\/02\/08\/yarin-st-josse-belediyesinde-secim-var\/\",\"name\":\"Yar\u0131n St Josse belediyesinde se\u00e7im var. - AvrupaPress\",\"isPartOf\":{\"@id\":\"https:\/\/avrupapress.com\/#website\"},\"primaryImageOfPage\":{\"@id\":\"https:\/\/avrupapress.com\/main\/2025\/02\/08\/yarin-st-josse-belediyesinde-secim-var\/#primaryimage\"},\"image\":{\"@id\":\"https:\/\/avrupapress.com\/main\/2025\/02\/08\/yarin-st-josse-belediyesinde-secim-var\/#primaryimage\"},\"thumbnailUrl\":\"https:\/\/avrupapress.com\/main\/wp-content\/uploads\/2025\/02\/thumbnail_facebook_1739044455508_7294081115918807299-e1739048022358.jpg\",\"datePublished\":\"2025-02-08T20:53:52+00:00\",\"dateModified\":\"2025-02-08T20:53:58+00:00\",\"breadcrumb\":{\"@id\":\"https:\/\/avrupapress.com\/main\/2025\/02\/08\/yarin-st-josse-belediyesinde-secim-var\/#breadcrumb\"},\"inLanguage\":\"fr-BE\",\"potentialAction\":[{\"@type\":\"ReadAction\",\"target\":[\"https:\/\/avrupapress.com\/main\/2025\/02\/08\/yarin-st-josse-belediyesinde-secim-var\/\"]}]},{\"@type\":\"ImageObject\",\"inLanguage\":\"fr-BE\",\"@id\":\"https:\/\/avrupapress.com\/main\/2025\/02\/08\/yarin-st-josse-belediyesinde-secim-var\/#primaryimage\",\"url\":\"https:\/\/avrupapress.com\/main\/wp-content\/uploads\/2025\/02\/thumbnail_facebook_1739044455508_7294081115918807299-e1739048022358.jpg\",\"contentUrl\":\"https:\/\/avrupapress.com\/main\/wp-content\/uploads\/2025\/02\/thumbnail_facebook_1739044455508_7294081115918807299-e1739048022358.jpg\",\"width\":200,\"height\":135},{\"@type\":\"BreadcrumbList\",\"@id\":\"https:\/\/avrupapress.com\/main\/2025\/02\/08\/yarin-st-josse-belediyesinde-secim-var\/#breadcrumb\",\"itemListElement\":[{\"@type\":\"ListItem\",\"position\":1,\"name\":\"Anasayfa\",\"item\":\"https:\/\/avrupapress.com\/\"},{\"@type\":\"ListItem\",\"position\":2,\"name\":\"Yar\u0131n St Josse belediyesinde se\u00e7im var.\"}]},{\"@type\":\"WebSite\",\"@id\":\"https:\/\/avrupapress.com\/#website\",\"url\":\"https:\/\/avrupapress.com\/\",\"name\":\"AvrupaPress\",\"description\":\"Haberin Adresi\",\"publisher\":{\"@id\":\"https:\/\/avrupapress.com\/#\/schema\/person\/0223dca19c72c43575bf30d1a2d8f4fa\"},\"potentialAction\":[{\"@type\":\"SearchAction\",\"target\":{\"@type\":\"EntryPoint\",\"urlTemplate\":\"https:\/\/avrupapress.com\/?s={search_term_string}\"},\"query-input\":{\"@type\":\"PropertyValueSpecification\",\"valueRequired\":true,\"valueName\":\"search_term_string\"}}],\"inLanguage\":\"fr-BE\"},{\"@type\":[\"Person\",\"Organization\"],\"@id\":\"https:\/\/avrupapress.com\/#\/schema\/person\/0223dca19c72c43575bf30d1a2d8f4fa\",\"name\":\"Bilgin \u00d6z\u00e7ift\u00e7i\",\"image\":{\"@type\":\"ImageObject\",\"inLanguage\":\"fr-BE\",\"@id\":\"https:\/\/avrupapress.com\/#\/schema\/person\/image\/\",\"url\":\"https:\/\/secure.gravatar.com\/avatar\/0f23b280433a21e1ea7a0adcc46ed0ad16afe3ad8e630fd13d8a017dcbd54ef3?s=96&d=mm&r=g\",\"contentUrl\":\"https:\/\/secure.gravatar.com\/avatar\/0f23b280433a21e1ea7a0adcc46ed0ad16afe3ad8e630fd13d8a017dcbd54ef3?s=96&d=mm&r=g\",\"caption\":\"Bilgin \u00d6z\u00e7ift\u00e7i\"},\"logo\":{\"@id\":\"https:\/\/avrupapress.com\/#\/schema\/person\/image\/\"},\"description\":\"Ne ben, nede sen... Biz ancak \\\"biz\\\" olursak g\u00fc\u00e7l\u00fc olabiliriz\"},{\"@type\":\"Person\",\"@id\":\"https:\/\/avrupapress.com\/#\/schema\/person\/68428444ec60970d1e1b700cf4ca1e8f\",\"name\":\"Edit\u00f6r\",\"image\":{\"@type\":\"ImageObject\",\"inLanguage\":\"fr-BE\",\"@id\":\"https:\/\/avrupapress.com\/#\/schema\/person\/image\/\",\"url\":\"https:\/\/secure.gravatar.com\/avatar\/74996b0977aa5f1559ba9883776652508b229005c0d78fb2597897f0bd651c09?s=96&d=mm&r=g\",\"contentUrl\":\"https:\/\/secure.gravatar.com\/avatar\/74996b0977aa5f1559ba9883776652508b229005c0d78fb2597897f0bd651c09?s=96&d=mm&r=g\",\"caption\":\"Edit\u00f6r\"},\"sameAs\":[\"http:\/\/www.avrupapress.com\"],\"url\":\"https:\/\/avrupapress.com\/main\/author\/editor\/\"}]}<\/script>\n<!-- \/ Yoast SEO plugin. -->","yoast_head_json":{"title":"Yar\u0131n St Josse belediyesinde se\u00e7im var. - AvrupaPress","robots":{"index":"index","follow":"follow","max-snippet":"max-snippet:-1","max-image-preview":"max-image-preview:large","max-video-preview":"max-video-preview:-1"},"canonical":"https:\/\/avrupapress.com\/main\/2025\/02\/08\/yarin-st-josse-belediyesinde-secim-var\/","og_locale":"fr_FR","og_type":"article","og_title":"Yar\u0131n St Josse belediyesinde se\u00e7im var. - AvrupaPress","og_description":"Yar\u0131n St Josse belediyesinde se\u00e7im var. Bel\u00e7ikada 580&rsquo;ne yak\u0131n belediye var ve ne hikmetse sadece ST JOSSE&rsquo;da se\u00e7ime tekrar gidiliyor. Bence bu bizim demokrasi ay\u0131b\u0131m\u0131z olarak g\u00f6r\u00fcyorum. Se\u00e7ime tekrar gitme sebebi a\u015fikard\u0131r ve oylar\u0131n \u00e7al\u0131nmas\u0131 y\u00fcz\u00fcndendir. Sadece birisini egosunu tatmin etmek i\u00e7in \u00e7ok g\u00fcl\u00fcn\u00e7 duruma d\u00fc\u015ft\u00fc\u011f\u00fcm\u00fcz\u00fcn fark\u0131nm\u0131y\u0131z acaba? Bu konuda hi\u00e7 gururlanacak de\u011filiz ve \u00a0Bel\u00e7ikal\u0131lar [&hellip;]","og_url":"https:\/\/avrupapress.com\/main\/2025\/02\/08\/yarin-st-josse-belediyesinde-secim-var\/","og_site_name":"AvrupaPress","article_published_time":"2025-02-08T20:53:52+00:00","article_modified_time":"2025-02-08T20:53:58+00:00","og_image":[{"width":200,"height":135,"url":"https:\/\/avrupapress.com\/main\/wp-content\/uploads\/2025\/02\/thumbnail_facebook_1739044455508_7294081115918807299-e1739048022358.jpg","type":"image\/jpeg"}],"author":"Edit\u00f6r","twitter_card":"summary_large_image","twitter_misc":{"\u00c9crit par":"Edit\u00f6r","Dur\u00e9e de lecture est.":"1 minute"},"schema":{"@context":"https:\/\/schema.org","@graph":[{"@type":"Article","@id":"https:\/\/avrupapress.com\/main\/2025\/02\/08\/yarin-st-josse-belediyesinde-secim-var\/#article","isPartOf":{"@id":"https:\/\/avrupapress.com\/main\/2025\/02\/08\/yarin-st-josse-belediyesinde-secim-var\/"},"author":{"name":"Edit\u00f6r","@id":"https:\/\/avrupapress.com\/#\/schema\/person\/68428444ec60970d1e1b700cf4ca1e8f"},"headline":"Yar\u0131n St Josse belediyesinde se\u00e7im var.","datePublished":"2025-02-08T20:53:52+00:00","dateModified":"2025-02-08T20:53:58+00:00","mainEntityOfPage":{"@id":"https:\/\/avrupapress.com\/main\/2025\/02\/08\/yarin-st-josse-belediyesinde-secim-var\/"},"wordCount":174,"publisher":{"@id":"https:\/\/avrupapress.com\/#\/schema\/person\/0223dca19c72c43575bf30d1a2d8f4fa"},"image":{"@id":"https:\/\/avrupapress.com\/main\/2025\/02\/08\/yarin-st-josse-belediyesinde-secim-var\/#primaryimage"},"thumbnailUrl":"https:\/\/avrupapress.com\/main\/wp-content\/uploads\/2025\/02\/thumbnail_facebook_1739044455508_7294081115918807299-e1739048022358.jpg","articleSection":["Avrupa","Bel\u00e7ika","D\u00fcnya","Ekonomi","K\u00fclt\u00fcr-Sanat","Spor","Tan\u0131t\u0131m","T\u00fcrkiye","Uncategorized"],"inLanguage":"fr-BE"},{"@type":"WebPage","@id":"https:\/\/avrupapress.com\/main\/2025\/02\/08\/yarin-st-josse-belediyesinde-secim-var\/","url":"https:\/\/avrupapress.com\/main\/2025\/02\/08\/yarin-st-josse-belediyesinde-secim-var\/","name":"Yar\u0131n St Josse belediyesinde se\u00e7im var. - AvrupaPress","isPartOf":{"@id":"https:\/\/avrupapress.com\/#website"},"primaryImageOfPage":{"@id":"https:\/\/avrupapress.com\/main\/2025\/02\/08\/yarin-st-josse-belediyesinde-secim-var\/#primaryimage"},"image":{"@id":"https:\/\/avrupapress.com\/main\/2025\/02\/08\/yarin-st-josse-belediyesinde-secim-var\/#primaryimage"},"thumbnailUrl":"https:\/\/avrupapress.com\/main\/wp-content\/uploads\/2025\/02\/thumbnail_facebook_1739044455508_7294081115918807299-e1739048022358.jpg","datePublished":"2025-02-08T20:53:52+00:00","dateModified":"2025-02-08T20:53:58+00:00","breadcrumb":{"@id":"https:\/\/avrupapress.com\/main\/2025\/02\/08\/yarin-st-josse-belediyesinde-secim-var\/#breadcrumb"},"inLanguage":"fr-BE","potentialAction":[{"@type":"ReadAction","target":["https:\/\/avrupapress.com\/main\/2025\/02\/08\/yarin-st-josse-belediyesinde-secim-var\/"]}]},{"@type":"ImageObject","inLanguage":"fr-BE","@id":"https:\/\/avrupapress.com\/main\/2025\/02\/08\/yarin-st-josse-belediyesinde-secim-var\/#primaryimage","url":"https:\/\/avrupapress.com\/main\/wp-content\/uploads\/2025\/02\/thumbnail_facebook_1739044455508_7294081115918807299-e1739048022358.jpg","contentUrl":"https:\/\/avrupapress.com\/main\/wp-content\/uploads\/2025\/02\/thumbnail_facebook_1739044455508_7294081115918807299-e1739048022358.jpg","width":200,"height":135},{"@type":"BreadcrumbList","@id":"https:\/\/avrupapress.com\/main\/2025\/02\/08\/yarin-st-josse-belediyesinde-secim-var\/#breadcrumb","itemListElement":[{"@type":"ListItem","position":1,"name":"Anasayfa","item":"https:\/\/avrupapress.com\/"},{"@type":"ListItem","position":2,"name":"Yar\u0131n St Josse belediyesinde se\u00e7im var."}]},{"@type":"WebSite","@id":"https:\/\/avrupapress.com\/#website","url":"https:\/\/avrupapress.com\/","name":"AvrupaPress","description":"Haberin Adresi","publisher":{"@id":"https:\/\/avrupapress.com\/#\/schema\/person\/0223dca19c72c43575bf30d1a2d8f4fa"},"potentialAction":[{"@type":"SearchAction","target":{"@type":"EntryPoint","urlTemplate":"https:\/\/avrupapress.com\/?s={search_term_string}"},"query-input":{"@type":"PropertyValueSpecification","valueRequired":true,"valueName":"search_term_string"}}],"inLanguage":"fr-BE"},{"@type":["Person","Organization"],"@id":"https:\/\/avrupapress.com\/#\/schema\/person\/0223dca19c72c43575bf30d1a2d8f4fa","name":"Bilgin \u00d6z\u00e7ift\u00e7i","image":{"@type":"ImageObject","inLanguage":"fr-BE","@id":"https:\/\/avrupapress.com\/#\/schema\/person\/image\/","url":"https:\/\/secure.gravatar.com\/avatar\/0f23b280433a21e1ea7a0adcc46ed0ad16afe3ad8e630fd13d8a017dcbd54ef3?s=96&d=mm&r=g","contentUrl":"https:\/\/secure.gravatar.com\/avatar\/0f23b280433a21e1ea7a0adcc46ed0ad16afe3ad8e630fd13d8a017dcbd54ef3?s=96&d=mm&r=g","caption":"Bilgin \u00d6z\u00e7ift\u00e7i"},"logo":{"@id":"https:\/\/avrupapress.com\/#\/schema\/person\/image\/"},"description":"Ne ben, nede sen... Biz ancak \"biz\" olursak g\u00fc\u00e7l\u00fc olabiliriz"},{"@type":"Person","@id":"https:\/\/avrupapress.com\/#\/schema\/person\/68428444ec60970d1e1b700cf4ca1e8f","name":"Edit\u00f6r","image":{"@type":"ImageObject","inLanguage":"fr-BE","@id":"https:\/\/avrupapress.com\/#\/schema\/person\/image\/","url":"https:\/\/secure.gravatar.com\/avatar\/74996b0977aa5f1559ba9883776652508b229005c0d78fb2597897f0bd651c09?s=96&d=mm&r=g","contentUrl":"https:\/\/secure.gravatar.com\/avatar\/74996b0977aa5f1559ba9883776652508b229005c0d78fb2597897f0bd651c09?s=96&d=mm&r=g","caption":"Edit\u00f6r"},"sameAs":["http:\/\/www.avrupapress.com"],"url":"https:\/\/avrupapress.com\/main\/author\/editor\/"}]}},"_links":{"self":[{"href":"https:\/\/avrupapress.com\/main\/wp-json\/wp\/v2\/posts\/28184","targetHints":{"allow":["GET"]}}],"collection":[{"href":"https:\/\/avrupapress.com\/main\/wp-json\/wp\/v2\/posts"}],"about":[{"href":"https:\/\/avrupapress.com\/main\/wp-json\/wp\/v2\/types\/post"}],"author":[{"embeddable":true,"href":"https:\/\/avrupapress.com\/main\/wp-json\/wp\/v2\/users\/3"}],"replies":[{"embeddable":true,"href":"https:\/\/avrupapress.com\/main\/wp-json\/wp\/v2\/comments?post=28184"}],"version-history":[{"count":1,"href":"https:\/\/avrupapress.com\/main\/wp-json\/wp\/v2\/posts\/28184\/revisions"}],"predecessor-version":[{"id":28186,"href":"https:\/\/avrupapress.com\/main\/wp-json\/wp\/v2\/posts\/28184\/revisions\/28186"}],"wp:featuredmedia":[{"embeddable":true,"href":"https:\/\/avrupapress.com\/main\/wp-json\/wp\/v2\/media\/28185"}],"wp:attachment":[{"href":"https:\/\/avrupapress.com\/main\/wp-json\/wp\/v2\/media?parent=28184"}],"wp:term":[{"taxonomy":"category","embeddable":true,"href":"https:\/\/avrupapress.com\/main\/wp-json\/wp\/v2\/categories?post=28184"},{"taxonomy":"post_tag","embeddable":true,"href":"https:\/\/avrupapress.com\/main\/wp-json\/wp\/v2\/tags?post=28184"}],"curies":[{"name":"wp","href":"https:\/\/api.w.org\/{rel}","templated":true}]}}