{"id":28169,"date":"2025-02-06T19:19:03","date_gmt":"2025-02-06T19:19:03","guid":{"rendered":"https:\/\/avrupapress.com\/main\/?p=28169"},"modified":"2025-02-06T19:19:15","modified_gmt":"2025-02-06T19:19:15","slug":"elazig-arslanlidan-iraka-guclu-ihracat-hamlesi","status":"publish","type":"post","link":"https:\/\/avrupapress.com\/main\/2025\/02\/06\/elazig-arslanlidan-iraka-guclu-ihracat-hamlesi\/","title":{"rendered":"Elaz\u0131\u011f Arslanl\u0131\u2019dan Irak\u2019a G\u00fc\u00e7l\u00fc \u0130hracat Hamlesi"},"content":{"rendered":"<div dir=\"auto\">\n<div dir=\"auto\" data-olk-copy-source=\"MessageBody\">Elaz\u0131\u011f\u2019\u0131n uluslararas\u0131 alandaki g\u00fc\u00e7l\u00fc temsilcilerinden biri olan Arslanl\u0131 A.\u015e., Irak\u2019a y\u00f6nelik ihracat \u00e7al\u0131\u015fmalar\u0131n\u0131 h\u0131z kesmeden s\u00fcrd\u00fcr\u00fcyor. Kolo\u011flu Holding i\u015ftiraki olan ve yap\u0131 kimyasallar\u0131, al\u00e7\u0131 ve al\u00e7\u0131 plaka \u00fcretiminde \u00f6nc\u00fc konumda bulunan Arslanl\u0131 A.\u015e., Irak pazar\u0131ndaki etkinli\u011fini art\u0131rmak amac\u0131yla \u00f6nemli temaslarda bulundu.<\/div>\n<div dir=\"auto\"><\/div>\n<div dir=\"auto\">Arslanl\u0131 A.\u015e. \u0130hracat Genel Sorumlusu Mustafa Sinan Duymu\u015f ve \u015firketin Irak distrib\u00fct\u00f6r\u00fc Aslan Global Life \/ Sare Sher Company Irak Koordinat\u00f6r\u00fc Halil Azizo\u011flu, Irak\u2019a ger\u00e7ekle\u015ftirecekleri ziyaret \u00f6ncesinde Cizre Ticaret ve Sanayi Odas\u0131 (TSO) Ba\u015fkan\u0131 \u00d6mer Faruk Y\u0131ld\u0131r\u0131m\u2019\u0131 ziyaret etti. G\u00f6r\u00fc\u015fmede, Irak\u2019a yap\u0131lan ihracat\u0131n mevcut durumu, sekt\u00f6r\u00fcn geli\u015fimi ve yeni i\u015f f\u0131rsatlar\u0131 ele al\u0131nd\u0131. Ayr\u0131ca Arslanl\u0131 A.\u015e.\u2019nin yenilik\u00e7i \u00fcr\u00fcnleri hakk\u0131nda detayl\u0131 bilgilendirme yap\u0131ld\u0131.<\/div>\n<div dir=\"auto\"><\/div>\n<div dir=\"auto\">Cizre\u2019deki temaslar\u0131n\u0131n ard\u0131ndan Irak\u2019a ge\u00e7en heyet, IKBY T\u00fcrkmen Devlet Bakan\u0131 Ayd\u0131n Maruf ve T\u00fcrkiye Cumhuriyeti Erbil Ticaret Ate\u015fesi Kemal Bahad\u0131r ile bir araya geldi. Yap\u0131lan g\u00f6r\u00fc\u015fmelerde, T\u00fcrkiye\u2019den Irak\u2019a ger\u00e7ekle\u015ftirilen ihracat\u0131n art\u0131r\u0131lmas\u0131, lojistik s\u00fcre\u00e7lerin iyile\u015ftirilmesi ve sekt\u00f6rdeki mevcut sorunlar\u0131n \u00e7\u00f6z\u00fcm\u00fcne y\u00f6nelik isti\u015farelerde bulunuldu. Arslanl\u0131 A.\u015e. yetkilileri, \u015firketin \u00fcretim kapasitesi ve ihracat \u00e7al\u0131\u015fmalar\u0131 hakk\u0131nda detayl\u0131 bilgiler vererek, i\u015f birli\u011fi f\u0131rsatlar\u0131n\u0131 de\u011ferlendirdi.<\/div>\n<div dir=\"auto\"><\/div>\n<div dir=\"auto\">Arslanl\u0131 A.\u015e. \u0130hracat Genel Sorumlusu Mustafa Sinan Duymu\u015f, kendilerine g\u00f6sterilen ilgiden dolay\u0131 te\u015fekk\u00fcr ederek, T\u00fcrkiye ile Irak aras\u0131ndaki ticari ili\u015fkilerin g\u00fc\u00e7lenmesi ad\u0131na \u00e7al\u0131\u015fmalar\u0131n\u0131 s\u00fcrd\u00fcreceklerini belirtti.<\/div>\n<div dir=\"auto\"><\/div>\n<div dir=\"auto\">Arslanl\u0131 A.\u015e., yenilik\u00e7i ve kaliteli \u00fcr\u00fcnleriyle uluslararas\u0131 pazarlarda b\u00fcy\u00fcmeye devam ederken, Irak pazar\u0131ndaki etkinli\u011fini art\u0131rma yolunda emin ad\u0131mlarla ilerliyor.<\/div>\n<div dir=\"auto\"><\/div>\n<p>Heyetin resmi ziyaretlerinin ard\u0131ndan Devlet Bakan\u0131 Ayd\u0131n Maruf, Erbil\u2019deki tarihi Kayseri \u00c7ar\u015f\u0131s\u0131n\u0131 birlikte gezdiler..<\/p>\n<\/div>\n<div><\/div>\n<div><strong>Bilgin Ozcifci\u00a0 \u00a0 \u00a0\/\u00a0 \u00a0 \u00a0 AVRUPAPRESS<\/strong><\/div>\n<div><\/div>\n<div><img loading=\"lazy\" decoding=\"async\" class=\"alignnone size-medium wp-image-28170\" src=\"https:\/\/avrupapress.com\/main\/wp-content\/uploads\/2025\/02\/IMG-20250206-WA0021-300x200.jpg\" alt=\"\" width=\"300\" height=\"200\" srcset=\"https:\/\/avrupapress.com\/main\/wp-content\/uploads\/2025\/02\/IMG-20250206-WA0021-300x200.jpg 300w, https:\/\/avrupapress.com\/main\/wp-content\/uploads\/2025\/02\/IMG-20250206-WA0021-1024x682.jpg 1024w, https:\/\/avrupapress.com\/main\/wp-content\/uploads\/2025\/02\/IMG-20250206-WA0021-768x512.jpg 768w, https:\/\/avrupapress.com\/main\/wp-content\/uploads\/2025\/02\/IMG-20250206-WA0021-1536x1023.jpg 1536w, https:\/\/avrupapress.com\/main\/wp-content\/uploads\/2025\/02\/IMG-20250206-WA0021.jpg 1600w\" sizes=\"auto, (max-width: 300px) 100vw, 300px\" \/><\/div>\n<div><img loading=\"lazy\" decoding=\"async\" class=\"alignnone size-medium wp-image-28171\" src=\"https:\/\/avrupapress.com\/main\/wp-content\/uploads\/2025\/02\/IMG-20250206-WA0022-300x225.jpg\" alt=\"\" width=\"300\" height=\"225\" srcset=\"https:\/\/avrupapress.com\/main\/wp-content\/uploads\/2025\/02\/IMG-20250206-WA0022-300x225.jpg 300w, https:\/\/avrupapress.com\/main\/wp-content\/uploads\/2025\/02\/IMG-20250206-WA0022-1024x768.jpg 1024w, https:\/\/avrupapress.com\/main\/wp-content\/uploads\/2025\/02\/IMG-20250206-WA0022-768x576.jpg 768w, https:\/\/avrupapress.com\/main\/wp-content\/uploads\/2025\/02\/IMG-20250206-WA0022-1536x1152.jpg 1536w, https:\/\/avrupapress.com\/main\/wp-content\/uploads\/2025\/02\/IMG-20250206-WA0022.jpg 1600w\" sizes=\"auto, (max-width: 300px) 100vw, 300px\" \/><\/div>\n<div><img loading=\"lazy\" decoding=\"async\" class=\"alignnone size-medium wp-image-28172\" src=\"https:\/\/avrupapress.com\/main\/wp-content\/uploads\/2025\/02\/IMG-20250206-WA0019-300x225.jpg\" alt=\"\" width=\"300\" height=\"225\" srcset=\"https:\/\/avrupapress.com\/main\/wp-content\/uploads\/2025\/02\/IMG-20250206-WA0019-300x225.jpg 300w, https:\/\/avrupapress.com\/main\/wp-content\/uploads\/2025\/02\/IMG-20250206-WA0019-1024x768.jpg 1024w, https:\/\/avrupapress.com\/main\/wp-content\/uploads\/2025\/02\/IMG-20250206-WA0019-768x576.jpg 768w, https:\/\/avrupapress.com\/main\/wp-content\/uploads\/2025\/02\/IMG-20250206-WA0019.jpg 1080w\" sizes=\"auto, (max-width: 300px) 100vw, 300px\" \/><\/div>\n<div><img loading=\"lazy\" decoding=\"async\" class=\"alignnone size-medium wp-image-28173\" src=\"https:\/\/avrupapress.com\/main\/wp-content\/uploads\/2025\/02\/IMG-20250206-WA0018-300x225.jpg\" alt=\"\" width=\"300\" height=\"225\" srcset=\"https:\/\/avrupapress.com\/main\/wp-content\/uploads\/2025\/02\/IMG-20250206-WA0018-300x225.jpg 300w, https:\/\/avrupapress.com\/main\/wp-content\/uploads\/2025\/02\/IMG-20250206-WA0018-1024x768.jpg 1024w, https:\/\/avrupapress.com\/main\/wp-content\/uploads\/2025\/02\/IMG-20250206-WA0018-768x576.jpg 768w, https:\/\/avrupapress.com\/main\/wp-content\/uploads\/2025\/02\/IMG-20250206-WA0018.jpg 1080w\" sizes=\"auto, (max-width: 300px) 100vw, 300px\" \/><\/div>\n<div><img loading=\"lazy\" decoding=\"async\" class=\"alignnone size-medium wp-image-28174\" src=\"https:\/\/avrupapress.com\/main\/wp-content\/uploads\/2025\/02\/IMG-20250206-WA0017-300x225.jpg\" alt=\"\" width=\"300\" height=\"225\" srcset=\"https:\/\/avrupapress.com\/main\/wp-content\/uploads\/2025\/02\/IMG-20250206-WA0017-300x225.jpg 300w, https:\/\/avrupapress.com\/main\/wp-content\/uploads\/2025\/02\/IMG-20250206-WA0017-1024x768.jpg 1024w, https:\/\/avrupapress.com\/main\/wp-content\/uploads\/2025\/02\/IMG-20250206-WA0017-768x576.jpg 768w, https:\/\/avrupapress.com\/main\/wp-content\/uploads\/2025\/02\/IMG-20250206-WA0017.jpg 1080w\" sizes=\"auto, (max-width: 300px) 100vw, 300px\" \/><\/div>\n<div><img loading=\"lazy\" decoding=\"async\" class=\"alignnone size-medium wp-image-28175\" src=\"https:\/\/avrupapress.com\/main\/wp-content\/uploads\/2025\/02\/IMG-20250206-WA0016-300x225.jpg\" alt=\"\" width=\"300\" height=\"225\" srcset=\"https:\/\/avrupapress.com\/main\/wp-content\/uploads\/2025\/02\/IMG-20250206-WA0016-300x225.jpg 300w, https:\/\/avrupapress.com\/main\/wp-content\/uploads\/2025\/02\/IMG-20250206-WA0016-1024x768.jpg 1024w, https:\/\/avrupapress.com\/main\/wp-content\/uploads\/2025\/02\/IMG-20250206-WA0016-768x576.jpg 768w, https:\/\/avrupapress.com\/main\/wp-content\/uploads\/2025\/02\/IMG-20250206-WA0016.jpg 1080w\" sizes=\"auto, (max-width: 300px) 100vw, 300px\" \/><\/div>\n<div><img loading=\"lazy\" decoding=\"async\" class=\"alignnone size-medium wp-image-28176\" src=\"https:\/\/avrupapress.com\/main\/wp-content\/uploads\/2025\/02\/IMG-20250206-WA0020-300x225.jpg\" alt=\"\" width=\"300\" height=\"225\" srcset=\"https:\/\/avrupapress.com\/main\/wp-content\/uploads\/2025\/02\/IMG-20250206-WA0020-300x225.jpg 300w, https:\/\/avrupapress.com\/main\/wp-content\/uploads\/2025\/02\/IMG-20250206-WA0020-1024x768.jpg 1024w, https:\/\/avrupapress.com\/main\/wp-content\/uploads\/2025\/02\/IMG-20250206-WA0020-768x576.jpg 768w, https:\/\/avrupapress.com\/main\/wp-content\/uploads\/2025\/02\/IMG-20250206-WA0020.jpg 1080w\" sizes=\"auto, (max-width: 300px) 100vw, 300px\" \/><\/div>\n<div><strong>Bilgin Ozcifci\u00a0 \u00a0 \u00a0\/\u00a0 \u00a0 \u00a0 AVRUPAPRESS<\/strong><\/div>\n","protected":false},"excerpt":{"rendered":"<p>Elaz\u0131\u011f\u2019\u0131n uluslararas\u0131 alandaki g\u00fc\u00e7l\u00fc temsilcilerinden biri olan Arslanl\u0131 A.\u015e., Irak\u2019a y\u00f6nelik ihracat \u00e7al\u0131\u015fmalar\u0131n\u0131 h\u0131z kesmeden s\u00fcrd\u00fcr\u00fcyor. Kolo\u011flu Holding i\u015ftiraki olan ve yap\u0131 kimyasallar\u0131, al\u00e7\u0131 ve al\u00e7\u0131 plaka \u00fcretiminde \u00f6nc\u00fc konumda bulunan Arslanl\u0131 A.\u015e., Irak pazar\u0131ndaki etkinli\u011fini art\u0131rmak amac\u0131yla \u00f6nemli temaslarda bulundu. Arslanl\u0131 A.\u015e. \u0130hracat Genel Sorumlusu Mustafa Sinan Duymu\u015f ve \u015firketin Irak distrib\u00fct\u00f6r\u00fc Aslan Global [&hellip;]<\/p>\n","protected":false},"author":3,"featured_media":28170,"comment_status":"closed","ping_status":"open","sticky":false,"template":"","format":"standard","meta":{"footnotes":""},"categories":[14,16,3,17,18,15,19,2,1],"tags":[],"class_list":["post-28169","post","type-post","status-publish","format-standard","has-post-thumbnail","hentry","category-avrupa","category-belcika","category-dunya","category-ekonomi","category-kultur-sanat","category-spor","category-tanitim","category-turkiye","category-uncategorized"],"yoast_head":"<!-- This site is optimized with the Yoast SEO plugin v26.9 - https:\/\/yoast.com\/product\/yoast-seo-wordpress\/ -->\n<title>Elaz\u0131\u011f Arslanl\u0131\u2019dan Irak\u2019a G\u00fc\u00e7l\u00fc \u0130hracat Hamlesi - AvrupaPress<\/title>\n<meta name=\"robots\" content=\"index, follow, max-snippet:-1, max-image-preview:large, max-video-preview:-1\" \/>\n<link rel=\"canonical\" href=\"https:\/\/avrupapress.com\/main\/2025\/02\/06\/elazig-arslanlidan-iraka-guclu-ihracat-hamlesi\/\" \/>\n<meta property=\"og:locale\" content=\"fr_FR\" \/>\n<meta property=\"og:type\" content=\"article\" \/>\n<meta property=\"og:title\" content=\"Elaz\u0131\u011f Arslanl\u0131\u2019dan Irak\u2019a G\u00fc\u00e7l\u00fc \u0130hracat Hamlesi - AvrupaPress\" \/>\n<meta property=\"og:description\" content=\"Elaz\u0131\u011f\u2019\u0131n uluslararas\u0131 alandaki g\u00fc\u00e7l\u00fc temsilcilerinden biri olan Arslanl\u0131 A.\u015e., Irak\u2019a y\u00f6nelik ihracat \u00e7al\u0131\u015fmalar\u0131n\u0131 h\u0131z kesmeden s\u00fcrd\u00fcr\u00fcyor. Kolo\u011flu Holding i\u015ftiraki olan ve yap\u0131 kimyasallar\u0131, al\u00e7\u0131 ve al\u00e7\u0131 plaka \u00fcretiminde \u00f6nc\u00fc konumda bulunan Arslanl\u0131 A.\u015e., Irak pazar\u0131ndaki etkinli\u011fini art\u0131rmak amac\u0131yla \u00f6nemli temaslarda bulundu. Arslanl\u0131 A.\u015e. \u0130hracat Genel Sorumlusu Mustafa Sinan Duymu\u015f ve \u015firketin Irak distrib\u00fct\u00f6r\u00fc Aslan Global [&hellip;]\" \/>\n<meta property=\"og:url\" content=\"https:\/\/avrupapress.com\/main\/2025\/02\/06\/elazig-arslanlidan-iraka-guclu-ihracat-hamlesi\/\" \/>\n<meta property=\"og:site_name\" content=\"AvrupaPress\" \/>\n<meta property=\"article:published_time\" content=\"2025-02-06T19:19:03+00:00\" \/>\n<meta property=\"article:modified_time\" content=\"2025-02-06T19:19:15+00:00\" \/>\n<meta property=\"og:image\" content=\"https:\/\/avrupapress.com\/main\/wp-content\/uploads\/2025\/02\/IMG-20250206-WA0021.jpg\" \/>\n\t<meta property=\"og:image:width\" content=\"1600\" \/>\n\t<meta property=\"og:image:height\" content=\"1066\" \/>\n\t<meta property=\"og:image:type\" content=\"image\/jpeg\" \/>\n<meta name=\"author\" content=\"Edit\u00f6r\" \/>\n<meta name=\"twitter:card\" content=\"summary_large_image\" \/>\n<meta name=\"twitter:label1\" content=\"\u00c9crit par\" \/>\n\t<meta name=\"twitter:data1\" content=\"Edit\u00f6r\" \/>\n\t<meta name=\"twitter:label2\" content=\"Dur\u00e9e de lecture est.\" \/>\n\t<meta name=\"twitter:data2\" content=\"3 minutes\" \/>\n<script type=\"application\/ld+json\" class=\"yoast-schema-graph\">{\"@context\":\"https:\/\/schema.org\",\"@graph\":[{\"@type\":\"Article\",\"@id\":\"https:\/\/avrupapress.com\/main\/2025\/02\/06\/elazig-arslanlidan-iraka-guclu-ihracat-hamlesi\/#article\",\"isPartOf\":{\"@id\":\"https:\/\/avrupapress.com\/main\/2025\/02\/06\/elazig-arslanlidan-iraka-guclu-ihracat-hamlesi\/\"},\"author\":{\"name\":\"Edit\u00f6r\",\"@id\":\"https:\/\/avrupapress.com\/#\/schema\/person\/68428444ec60970d1e1b700cf4ca1e8f\"},\"headline\":\"Elaz\u0131\u011f Arslanl\u0131\u2019dan Irak\u2019a G\u00fc\u00e7l\u00fc \u0130hracat Hamlesi\",\"datePublished\":\"2025-02-06T19:19:03+00:00\",\"dateModified\":\"2025-02-06T19:19:15+00:00\",\"mainEntityOfPage\":{\"@id\":\"https:\/\/avrupapress.com\/main\/2025\/02\/06\/elazig-arslanlidan-iraka-guclu-ihracat-hamlesi\/\"},\"wordCount\":339,\"publisher\":{\"@id\":\"https:\/\/avrupapress.com\/#\/schema\/person\/0223dca19c72c43575bf30d1a2d8f4fa\"},\"image\":{\"@id\":\"https:\/\/avrupapress.com\/main\/2025\/02\/06\/elazig-arslanlidan-iraka-guclu-ihracat-hamlesi\/#primaryimage\"},\"thumbnailUrl\":\"https:\/\/avrupapress.com\/main\/wp-content\/uploads\/2025\/02\/IMG-20250206-WA0021.jpg\",\"articleSection\":[\"Avrupa\",\"Bel\u00e7ika\",\"D\u00fcnya\",\"Ekonomi\",\"K\u00fclt\u00fcr-Sanat\",\"Spor\",\"Tan\u0131t\u0131m\",\"T\u00fcrkiye\",\"Uncategorized\"],\"inLanguage\":\"fr-BE\"},{\"@type\":\"WebPage\",\"@id\":\"https:\/\/avrupapress.com\/main\/2025\/02\/06\/elazig-arslanlidan-iraka-guclu-ihracat-hamlesi\/\",\"url\":\"https:\/\/avrupapress.com\/main\/2025\/02\/06\/elazig-arslanlidan-iraka-guclu-ihracat-hamlesi\/\",\"name\":\"Elaz\u0131\u011f Arslanl\u0131\u2019dan Irak\u2019a G\u00fc\u00e7l\u00fc \u0130hracat Hamlesi - AvrupaPress\",\"isPartOf\":{\"@id\":\"https:\/\/avrupapress.com\/#website\"},\"primaryImageOfPage\":{\"@id\":\"https:\/\/avrupapress.com\/main\/2025\/02\/06\/elazig-arslanlidan-iraka-guclu-ihracat-hamlesi\/#primaryimage\"},\"image\":{\"@id\":\"https:\/\/avrupapress.com\/main\/2025\/02\/06\/elazig-arslanlidan-iraka-guclu-ihracat-hamlesi\/#primaryimage\"},\"thumbnailUrl\":\"https:\/\/avrupapress.com\/main\/wp-content\/uploads\/2025\/02\/IMG-20250206-WA0021.jpg\",\"datePublished\":\"2025-02-06T19:19:03+00:00\",\"dateModified\":\"2025-02-06T19:19:15+00:00\",\"breadcrumb\":{\"@id\":\"https:\/\/avrupapress.com\/main\/2025\/02\/06\/elazig-arslanlidan-iraka-guclu-ihracat-hamlesi\/#breadcrumb\"},\"inLanguage\":\"fr-BE\",\"potentialAction\":[{\"@type\":\"ReadAction\",\"target\":[\"https:\/\/avrupapress.com\/main\/2025\/02\/06\/elazig-arslanlidan-iraka-guclu-ihracat-hamlesi\/\"]}]},{\"@type\":\"ImageObject\",\"inLanguage\":\"fr-BE\",\"@id\":\"https:\/\/avrupapress.com\/main\/2025\/02\/06\/elazig-arslanlidan-iraka-guclu-ihracat-hamlesi\/#primaryimage\",\"url\":\"https:\/\/avrupapress.com\/main\/wp-content\/uploads\/2025\/02\/IMG-20250206-WA0021.jpg\",\"contentUrl\":\"https:\/\/avrupapress.com\/main\/wp-content\/uploads\/2025\/02\/IMG-20250206-WA0021.jpg\",\"width\":1600,\"height\":1066},{\"@type\":\"BreadcrumbList\",\"@id\":\"https:\/\/avrupapress.com\/main\/2025\/02\/06\/elazig-arslanlidan-iraka-guclu-ihracat-hamlesi\/#breadcrumb\",\"itemListElement\":[{\"@type\":\"ListItem\",\"position\":1,\"name\":\"Anasayfa\",\"item\":\"https:\/\/avrupapress.com\/\"},{\"@type\":\"ListItem\",\"position\":2,\"name\":\"Elaz\u0131\u011f Arslanl\u0131\u2019dan Irak\u2019a G\u00fc\u00e7l\u00fc \u0130hracat Hamlesi\"}]},{\"@type\":\"WebSite\",\"@id\":\"https:\/\/avrupapress.com\/#website\",\"url\":\"https:\/\/avrupapress.com\/\",\"name\":\"AvrupaPress\",\"description\":\"Haberin Adresi\",\"publisher\":{\"@id\":\"https:\/\/avrupapress.com\/#\/schema\/person\/0223dca19c72c43575bf30d1a2d8f4fa\"},\"potentialAction\":[{\"@type\":\"SearchAction\",\"target\":{\"@type\":\"EntryPoint\",\"urlTemplate\":\"https:\/\/avrupapress.com\/?s={search_term_string}\"},\"query-input\":{\"@type\":\"PropertyValueSpecification\",\"valueRequired\":true,\"valueName\":\"search_term_string\"}}],\"inLanguage\":\"fr-BE\"},{\"@type\":[\"Person\",\"Organization\"],\"@id\":\"https:\/\/avrupapress.com\/#\/schema\/person\/0223dca19c72c43575bf30d1a2d8f4fa\",\"name\":\"Bilgin \u00d6z\u00e7ift\u00e7i\",\"image\":{\"@type\":\"ImageObject\",\"inLanguage\":\"fr-BE\",\"@id\":\"https:\/\/avrupapress.com\/#\/schema\/person\/image\/\",\"url\":\"https:\/\/secure.gravatar.com\/avatar\/0f23b280433a21e1ea7a0adcc46ed0ad16afe3ad8e630fd13d8a017dcbd54ef3?s=96&d=mm&r=g\",\"contentUrl\":\"https:\/\/secure.gravatar.com\/avatar\/0f23b280433a21e1ea7a0adcc46ed0ad16afe3ad8e630fd13d8a017dcbd54ef3?s=96&d=mm&r=g\",\"caption\":\"Bilgin \u00d6z\u00e7ift\u00e7i\"},\"logo\":{\"@id\":\"https:\/\/avrupapress.com\/#\/schema\/person\/image\/\"},\"description\":\"Ne ben, nede sen... Biz ancak \\\"biz\\\" olursak g\u00fc\u00e7l\u00fc olabiliriz\"},{\"@type\":\"Person\",\"@id\":\"https:\/\/avrupapress.com\/#\/schema\/person\/68428444ec60970d1e1b700cf4ca1e8f\",\"name\":\"Edit\u00f6r\",\"image\":{\"@type\":\"ImageObject\",\"inLanguage\":\"fr-BE\",\"@id\":\"https:\/\/avrupapress.com\/#\/schema\/person\/image\/\",\"url\":\"https:\/\/secure.gravatar.com\/avatar\/74996b0977aa5f1559ba9883776652508b229005c0d78fb2597897f0bd651c09?s=96&d=mm&r=g\",\"contentUrl\":\"https:\/\/secure.gravatar.com\/avatar\/74996b0977aa5f1559ba9883776652508b229005c0d78fb2597897f0bd651c09?s=96&d=mm&r=g\",\"caption\":\"Edit\u00f6r\"},\"sameAs\":[\"http:\/\/www.avrupapress.com\"],\"url\":\"https:\/\/avrupapress.com\/main\/author\/editor\/\"}]}<\/script>\n<!-- \/ Yoast SEO plugin. -->","yoast_head_json":{"title":"Elaz\u0131\u011f Arslanl\u0131\u2019dan Irak\u2019a G\u00fc\u00e7l\u00fc \u0130hracat Hamlesi - AvrupaPress","robots":{"index":"index","follow":"follow","max-snippet":"max-snippet:-1","max-image-preview":"max-image-preview:large","max-video-preview":"max-video-preview:-1"},"canonical":"https:\/\/avrupapress.com\/main\/2025\/02\/06\/elazig-arslanlidan-iraka-guclu-ihracat-hamlesi\/","og_locale":"fr_FR","og_type":"article","og_title":"Elaz\u0131\u011f Arslanl\u0131\u2019dan Irak\u2019a G\u00fc\u00e7l\u00fc \u0130hracat Hamlesi - AvrupaPress","og_description":"Elaz\u0131\u011f\u2019\u0131n uluslararas\u0131 alandaki g\u00fc\u00e7l\u00fc temsilcilerinden biri olan Arslanl\u0131 A.\u015e., Irak\u2019a y\u00f6nelik ihracat \u00e7al\u0131\u015fmalar\u0131n\u0131 h\u0131z kesmeden s\u00fcrd\u00fcr\u00fcyor. Kolo\u011flu Holding i\u015ftiraki olan ve yap\u0131 kimyasallar\u0131, al\u00e7\u0131 ve al\u00e7\u0131 plaka \u00fcretiminde \u00f6nc\u00fc konumda bulunan Arslanl\u0131 A.\u015e., Irak pazar\u0131ndaki etkinli\u011fini art\u0131rmak amac\u0131yla \u00f6nemli temaslarda bulundu. Arslanl\u0131 A.\u015e. \u0130hracat Genel Sorumlusu Mustafa Sinan Duymu\u015f ve \u015firketin Irak distrib\u00fct\u00f6r\u00fc Aslan Global [&hellip;]","og_url":"https:\/\/avrupapress.com\/main\/2025\/02\/06\/elazig-arslanlidan-iraka-guclu-ihracat-hamlesi\/","og_site_name":"AvrupaPress","article_published_time":"2025-02-06T19:19:03+00:00","article_modified_time":"2025-02-06T19:19:15+00:00","og_image":[{"width":1600,"height":1066,"url":"https:\/\/avrupapress.com\/main\/wp-content\/uploads\/2025\/02\/IMG-20250206-WA0021.jpg","type":"image\/jpeg"}],"author":"Edit\u00f6r","twitter_card":"summary_large_image","twitter_misc":{"\u00c9crit par":"Edit\u00f6r","Dur\u00e9e de lecture est.":"3 minutes"},"schema":{"@context":"https:\/\/schema.org","@graph":[{"@type":"Article","@id":"https:\/\/avrupapress.com\/main\/2025\/02\/06\/elazig-arslanlidan-iraka-guclu-ihracat-hamlesi\/#article","isPartOf":{"@id":"https:\/\/avrupapress.com\/main\/2025\/02\/06\/elazig-arslanlidan-iraka-guclu-ihracat-hamlesi\/"},"author":{"name":"Edit\u00f6r","@id":"https:\/\/avrupapress.com\/#\/schema\/person\/68428444ec60970d1e1b700cf4ca1e8f"},"headline":"Elaz\u0131\u011f Arslanl\u0131\u2019dan Irak\u2019a G\u00fc\u00e7l\u00fc \u0130hracat Hamlesi","datePublished":"2025-02-06T19:19:03+00:00","dateModified":"2025-02-06T19:19:15+00:00","mainEntityOfPage":{"@id":"https:\/\/avrupapress.com\/main\/2025\/02\/06\/elazig-arslanlidan-iraka-guclu-ihracat-hamlesi\/"},"wordCount":339,"publisher":{"@id":"https:\/\/avrupapress.com\/#\/schema\/person\/0223dca19c72c43575bf30d1a2d8f4fa"},"image":{"@id":"https:\/\/avrupapress.com\/main\/2025\/02\/06\/elazig-arslanlidan-iraka-guclu-ihracat-hamlesi\/#primaryimage"},"thumbnailUrl":"https:\/\/avrupapress.com\/main\/wp-content\/uploads\/2025\/02\/IMG-20250206-WA0021.jpg","articleSection":["Avrupa","Bel\u00e7ika","D\u00fcnya","Ekonomi","K\u00fclt\u00fcr-Sanat","Spor","Tan\u0131t\u0131m","T\u00fcrkiye","Uncategorized"],"inLanguage":"fr-BE"},{"@type":"WebPage","@id":"https:\/\/avrupapress.com\/main\/2025\/02\/06\/elazig-arslanlidan-iraka-guclu-ihracat-hamlesi\/","url":"https:\/\/avrupapress.com\/main\/2025\/02\/06\/elazig-arslanlidan-iraka-guclu-ihracat-hamlesi\/","name":"Elaz\u0131\u011f Arslanl\u0131\u2019dan Irak\u2019a G\u00fc\u00e7l\u00fc \u0130hracat Hamlesi - AvrupaPress","isPartOf":{"@id":"https:\/\/avrupapress.com\/#website"},"primaryImageOfPage":{"@id":"https:\/\/avrupapress.com\/main\/2025\/02\/06\/elazig-arslanlidan-iraka-guclu-ihracat-hamlesi\/#primaryimage"},"image":{"@id":"https:\/\/avrupapress.com\/main\/2025\/02\/06\/elazig-arslanlidan-iraka-guclu-ihracat-hamlesi\/#primaryimage"},"thumbnailUrl":"https:\/\/avrupapress.com\/main\/wp-content\/uploads\/2025\/02\/IMG-20250206-WA0021.jpg","datePublished":"2025-02-06T19:19:03+00:00","dateModified":"2025-02-06T19:19:15+00:00","breadcrumb":{"@id":"https:\/\/avrupapress.com\/main\/2025\/02\/06\/elazig-arslanlidan-iraka-guclu-ihracat-hamlesi\/#breadcrumb"},"inLanguage":"fr-BE","potentialAction":[{"@type":"ReadAction","target":["https:\/\/avrupapress.com\/main\/2025\/02\/06\/elazig-arslanlidan-iraka-guclu-ihracat-hamlesi\/"]}]},{"@type":"ImageObject","inLanguage":"fr-BE","@id":"https:\/\/avrupapress.com\/main\/2025\/02\/06\/elazig-arslanlidan-iraka-guclu-ihracat-hamlesi\/#primaryimage","url":"https:\/\/avrupapress.com\/main\/wp-content\/uploads\/2025\/02\/IMG-20250206-WA0021.jpg","contentUrl":"https:\/\/avrupapress.com\/main\/wp-content\/uploads\/2025\/02\/IMG-20250206-WA0021.jpg","width":1600,"height":1066},{"@type":"BreadcrumbList","@id":"https:\/\/avrupapress.com\/main\/2025\/02\/06\/elazig-arslanlidan-iraka-guclu-ihracat-hamlesi\/#breadcrumb","itemListElement":[{"@type":"ListItem","position":1,"name":"Anasayfa","item":"https:\/\/avrupapress.com\/"},{"@type":"ListItem","position":2,"name":"Elaz\u0131\u011f Arslanl\u0131\u2019dan Irak\u2019a G\u00fc\u00e7l\u00fc \u0130hracat Hamlesi"}]},{"@type":"WebSite","@id":"https:\/\/avrupapress.com\/#website","url":"https:\/\/avrupapress.com\/","name":"AvrupaPress","description":"Haberin Adresi","publisher":{"@id":"https:\/\/avrupapress.com\/#\/schema\/person\/0223dca19c72c43575bf30d1a2d8f4fa"},"potentialAction":[{"@type":"SearchAction","target":{"@type":"EntryPoint","urlTemplate":"https:\/\/avrupapress.com\/?s={search_term_string}"},"query-input":{"@type":"PropertyValueSpecification","valueRequired":true,"valueName":"search_term_string"}}],"inLanguage":"fr-BE"},{"@type":["Person","Organization"],"@id":"https:\/\/avrupapress.com\/#\/schema\/person\/0223dca19c72c43575bf30d1a2d8f4fa","name":"Bilgin \u00d6z\u00e7ift\u00e7i","image":{"@type":"ImageObject","inLanguage":"fr-BE","@id":"https:\/\/avrupapress.com\/#\/schema\/person\/image\/","url":"https:\/\/secure.gravatar.com\/avatar\/0f23b280433a21e1ea7a0adcc46ed0ad16afe3ad8e630fd13d8a017dcbd54ef3?s=96&d=mm&r=g","contentUrl":"https:\/\/secure.gravatar.com\/avatar\/0f23b280433a21e1ea7a0adcc46ed0ad16afe3ad8e630fd13d8a017dcbd54ef3?s=96&d=mm&r=g","caption":"Bilgin \u00d6z\u00e7ift\u00e7i"},"logo":{"@id":"https:\/\/avrupapress.com\/#\/schema\/person\/image\/"},"description":"Ne ben, nede sen... Biz ancak \"biz\" olursak g\u00fc\u00e7l\u00fc olabiliriz"},{"@type":"Person","@id":"https:\/\/avrupapress.com\/#\/schema\/person\/68428444ec60970d1e1b700cf4ca1e8f","name":"Edit\u00f6r","image":{"@type":"ImageObject","inLanguage":"fr-BE","@id":"https:\/\/avrupapress.com\/#\/schema\/person\/image\/","url":"https:\/\/secure.gravatar.com\/avatar\/74996b0977aa5f1559ba9883776652508b229005c0d78fb2597897f0bd651c09?s=96&d=mm&r=g","contentUrl":"https:\/\/secure.gravatar.com\/avatar\/74996b0977aa5f1559ba9883776652508b229005c0d78fb2597897f0bd651c09?s=96&d=mm&r=g","caption":"Edit\u00f6r"},"sameAs":["http:\/\/www.avrupapress.com"],"url":"https:\/\/avrupapress.com\/main\/author\/editor\/"}]}},"_links":{"self":[{"href":"https:\/\/avrupapress.com\/main\/wp-json\/wp\/v2\/posts\/28169","targetHints":{"allow":["GET"]}}],"collection":[{"href":"https:\/\/avrupapress.com\/main\/wp-json\/wp\/v2\/posts"}],"about":[{"href":"https:\/\/avrupapress.com\/main\/wp-json\/wp\/v2\/types\/post"}],"author":[{"embeddable":true,"href":"https:\/\/avrupapress.com\/main\/wp-json\/wp\/v2\/users\/3"}],"replies":[{"embeddable":true,"href":"https:\/\/avrupapress.com\/main\/wp-json\/wp\/v2\/comments?post=28169"}],"version-history":[{"count":2,"href":"https:\/\/avrupapress.com\/main\/wp-json\/wp\/v2\/posts\/28169\/revisions"}],"predecessor-version":[{"id":28178,"href":"https:\/\/avrupapress.com\/main\/wp-json\/wp\/v2\/posts\/28169\/revisions\/28178"}],"wp:featuredmedia":[{"embeddable":true,"href":"https:\/\/avrupapress.com\/main\/wp-json\/wp\/v2\/media\/28170"}],"wp:attachment":[{"href":"https:\/\/avrupapress.com\/main\/wp-json\/wp\/v2\/media?parent=28169"}],"wp:term":[{"taxonomy":"category","embeddable":true,"href":"https:\/\/avrupapress.com\/main\/wp-json\/wp\/v2\/categories?post=28169"},{"taxonomy":"post_tag","embeddable":true,"href":"https:\/\/avrupapress.com\/main\/wp-json\/wp\/v2\/tags?post=28169"}],"curies":[{"name":"wp","href":"https:\/\/api.w.org\/{rel}","templated":true}]}}