{"id":28141,"date":"2025-02-04T19:04:02","date_gmt":"2025-02-04T19:04:02","guid":{"rendered":"https:\/\/avrupapress.com\/main\/?p=28141"},"modified":"2025-02-04T19:11:54","modified_gmt":"2025-02-04T19:11:54","slug":"brukselde-5-yasindaki-bir-turk-cocuga-yonelik-cinsel-istismar-iddiasi-nedeniyle-tepkiler-cig-artiyor","status":"publish","type":"post","link":"https:\/\/avrupapress.com\/main\/2025\/02\/04\/brukselde-5-yasindaki-bir-turk-cocuga-yonelik-cinsel-istismar-iddiasi-nedeniyle-tepkiler-cig-artiyor\/","title":{"rendered":"Br\u00fcksel\u2019de 5 Ya\u015f\u0131ndaki bir T\u00fcrk \u00e7ocu\u011fa y\u00f6nelik cinsel istismar iddias\u0131 nedeniyle tepkiler \u00e7\u0131\u011f gibi art\u0131yor"},"content":{"rendered":"<p><strong>Br\u00fcksel\u2019de 5 Ya\u015f\u0131ndaki bir T\u00fcrk \u00e7ocu\u011fa y\u00f6nelik cinsel istismar iddias\u0131 nedeniyle tepkiler \u00e7\u0131\u011f\u00a0 gibi art\u0131yor\u00a0 <\/strong><\/p>\n<p><strong>Strombeek-Bever\u2019deki okul, cinsel istismar \u015fikayeti sonras\u0131 protesto ve vandalizm nedeniyle kapat\u0131ld\u0131<\/strong><\/p>\n<p>Br\u00fcksel Grimbergen\u2019deki Sint-Jozefs okulu \u00f6n\u00fcnde\u00a0 yakla\u015f\u0131k 150 ki\u015finin kat\u0131ld\u0131\u011f\u0131 protesto eyleminde, okul y\u00f6netimi ve tacizde bulundu\u011fu iddia edilen \u00f6\u011fretmen i\u00e7in sloganlar at\u0131ld\u0131.<\/p>\n<p><strong>Siyaset\u00e7i Halis K\u00f6kten: \u201cSavc\u0131l\u0131k olay\u0131 Ara\u015ft\u0131r\u0131yor, sakin olmal\u0131y\u0131z\u201d<\/strong><\/p>\n<p>Siyaset\u00e7i Halis K\u00f6kten, Bel\u00e7ika\u2019n\u0131n Grimbergen \u015fehrinde bir ilkokulda 5 ya\u015f\u0131ndaki T\u00fcrk k\u0131z \u00e7ocu\u011funa y\u00f6nelik cinsel istismar iddias\u0131n\u0131n savc\u0131l\u0131\u011fa intikal etti\u011fini belirterek, toplumun sakin kalmas\u0131 gerekti\u011fini vurgulad\u0131. K\u00f6kten, \u201cNe yaz\u0131k ki b\u00fcy\u00fck bir \u00fcz\u00fcnt\u00fc i\u00e7indeyiz. 5 ya\u015f\u0131ndaki T\u00fcrk k\u0131z\u0131m\u0131za y\u00f6nelik cinsel istismar iddias\u0131 hepimizi derinden sarsm\u0131\u015ft\u0131r. Elbette \u00e7ocuklar\u0131n\u0131 okula g\u00f6nderen aileler tedirgin ve bu durum son derece do\u011fald\u0131r. Ancak bu s\u00fcre\u00e7te \u015fiddet ve vandalizme ba\u015fvurman\u0131n hi\u00e7bir faydas\u0131 yoktur. Savc\u0131l\u0131k olay\u0131 titizlikle ara\u015ft\u0131rmaktad\u0131r, hepimiz sonu\u00e7lar\u0131 beklemeliyiz. Su\u00e7lu olan mutlaka cezas\u0131n\u0131 \u00e7ekmelidir,\u201d dedi. A\u00e7\u0131klamas\u0131nda Bel\u00e7ika\u2019daki cinsel istismar vakalar\u0131n\u0131n s\u0131kl\u0131kla g\u00fcndeme geldi\u011fine de dikkat \u00e7eken K\u00f6kten, \u201cNe yaz\u0131k ki burada bu t\u00fcr olaylarla s\u0131k kar\u015f\u0131la\u015f\u0131yoruz. En b\u00fcy\u00fck \u00fcz\u00fcnt\u00fcm\u00fcz ise faillerin genellikle a\u011f\u0131r cezalar almamas\u0131,\u201d ifadelerini kulland\u0131.<img loading=\"lazy\" decoding=\"async\" class=\"alignnone size-medium wp-image-28142\" src=\"https:\/\/avrupapress.com\/main\/wp-content\/uploads\/2025\/02\/IMG-20250204-WA0019-226x300.jpg\" alt=\"\" width=\"226\" height=\"300\" srcset=\"https:\/\/avrupapress.com\/main\/wp-content\/uploads\/2025\/02\/IMG-20250204-WA0019-226x300.jpg 226w, https:\/\/avrupapress.com\/main\/wp-content\/uploads\/2025\/02\/IMG-20250204-WA0019-772x1024.jpg 772w, https:\/\/avrupapress.com\/main\/wp-content\/uploads\/2025\/02\/IMG-20250204-WA0019-768x1019.jpg 768w, https:\/\/avrupapress.com\/main\/wp-content\/uploads\/2025\/02\/IMG-20250204-WA0019-1157x1536.jpg 1157w, https:\/\/avrupapress.com\/main\/wp-content\/uploads\/2025\/02\/IMG-20250204-WA0019.jpg 1220w\" sizes=\"auto, (max-width: 226px) 100vw, 226px\" \/><\/p>\n<p>Savc\u0131l\u0131k Soru\u015fturma Ba\u015flatt\u0131, Aileden S\u00fck\u00fbnet \u00c7a\u011fr\u0131s\u0131<\/p>\n<div dir=\"auto\">Halle-Vilvoorde savc\u0131l\u0131\u011f\u0131, istismar \u015fikayetinin yap\u0131ld\u0131\u011f\u0131n\u0131 do\u011frularken, devam eden soru\u015fturma nedeniyle ayr\u0131nt\u0131 payla\u015fmad\u0131. \u00d6te yandan, \u00e7ocu\u011fun ailesi sosyal medya \u00fczerinden s\u00fck\u00fbnet \u00e7a\u011fr\u0131s\u0131nda bulunarak, soru\u015fturman\u0131n spek\u00fclasyonlarla g\u00f6lgelenmemesi gerekti\u011fini vurgulad\u0131.<\/div>\n<p>Savc\u0131l\u0131k ve belediye y\u00f6netimi de kamuoyundan itidal talep ederek, s\u00fcrecin hukuki yollarla ilerlemesi gerekti\u011fini belirtti. Okul m\u00fcd\u00fcr\u00fc Van de Velde, \u201cPolis ve savc\u0131l\u0131k, kimsenin hukukun \u00fcst\u00fcnde olmad\u0131\u011f\u0131n\u0131 ve ki\u015filerin kendi elleriyle adalet sa\u011flamaya \u00e7al\u0131\u015fmamas\u0131 gerekti\u011fini vurguluyor,\u201d ifadelerini kulland\u0131.<\/p>\n<p><img loading=\"lazy\" decoding=\"async\" class=\"alignnone size-medium wp-image-28143\" src=\"https:\/\/avrupapress.com\/main\/wp-content\/uploads\/2025\/02\/IMG-20250204-WA0021-242x300.jpg\" alt=\"\" width=\"242\" height=\"300\" srcset=\"https:\/\/avrupapress.com\/main\/wp-content\/uploads\/2025\/02\/IMG-20250204-WA0021-242x300.jpg 242w, https:\/\/avrupapress.com\/main\/wp-content\/uploads\/2025\/02\/IMG-20250204-WA0021-826x1024.jpg 826w, https:\/\/avrupapress.com\/main\/wp-content\/uploads\/2025\/02\/IMG-20250204-WA0021-768x952.jpg 768w, https:\/\/avrupapress.com\/main\/wp-content\/uploads\/2025\/02\/IMG-20250204-WA0021.jpg 1220w\" sizes=\"auto, (max-width: 242px) 100vw, 242px\" \/><\/p>\n<p><strong>Ma\u011fdur Aile ile dayan\u0131\u015fmaya bir tek Halis K\u00f6kten ko\u015ftu!<\/strong><\/p>\n<p>Velilere duayen siyaset\u00e7i Halis K\u00f6kten\u2019de bizzat, okul \u00f6n\u00fcne giderek kat\u0131ld\u0131.<br \/>\nMegafonunu alarak, sabah saatlerinde hi\u00e7 \u00fc\u015fenmeden okul \u00f6n\u00fcne gelen Halis K\u00f6kten, ma\u011fdur Ailei ile tan\u0131\u015farak, ge\u00e7mi\u015f olsun dileklerini iletti ve durum hakk\u0131nda bilgi ald\u0131.<\/p>\n<p><img loading=\"lazy\" decoding=\"async\" class=\"alignnone size-medium wp-image-28144\" src=\"https:\/\/avrupapress.com\/main\/wp-content\/uploads\/2025\/02\/IMG-20250203-WA0031-135x300.jpg\" alt=\"\" width=\"135\" height=\"300\" \/><\/p>\n<p><span data-olk-copy-source=\"MessageBody\">Tepki a\u015famas\u0131nda kalabal\u0131k i\u00e7inde T\u00fcrk stklari ve politikac\u0131lar\u0131n yok olmas\u0131 b\u00fcy\u00fck tepkilere yol a\u00e7t\u0131<\/span><\/p>\n<p><span data-olk-copy-source=\"MessageBody\">Vatanda\u015f bizi temsil edenler sadece d\u00fc\u011f\u00fcnlerde ve snack a\u00e7\u0131l\u0131\u015f\u0131nda boy g\u00f6steriyorlar. Halk\u0131n sorunlar\u0131ndan uzaklar ve sadece maa\u015flar\u0131n\u0131 d\u00fc\u015f\u00fcnmeleri i\u00e7ler ac\u0131s\u0131 diye tepki verdiler<\/span><\/p>\n<p><span data-olk-copy-source=\"MessageBody\">\u00d6te yanda \u00e7ar\u015famba ak\u015fam\u0131 konsolos yetkilileri aileye ziyaret edece\u011fi bildirildi.<\/span><\/p>\n<p><strong>Bakan G\u00f6kta\u015f, Bel\u00e7ika\u2019da \u0130stismara U\u011frad\u0131\u011f\u0131 \u0130ddia Edilen \u00c7ocu\u011fun Ailesiyle G\u00f6r\u00fc\u015ft\u00fc<\/strong><\/p>\n<p>Aile ve Sosyal Hizmetler Bakan\u0131 Mahinur \u00d6zdemir G\u00f6kta\u015f, Bel\u00e7ika\u2019n\u0131n ba\u015fkenti Br\u00fcksel\u2019e ba\u011fl\u0131 Grimbergen \u015fehrinde, e\u011fitim g\u00f6rd\u00fc\u011f\u00fc okulda \u00f6\u011fretmeni taraf\u0131ndan istismara u\u011frad\u0131\u011f\u0131 iddia edilen 5 ya\u015f\u0131ndaki T\u00fcrk k\u0131z \u00e7ocu\u011funun annesiyle telefonda g\u00f6r\u00fc\u015ft\u00fc.<\/p>\n<p>Olay hakk\u0131nda bilgi alan Bakan G\u00f6kta\u015f, T\u00fcrkiye Cumhuriyeti Devleti olarak s\u00fcrecin yak\u0131n takip\u00e7isi olacaklar\u0131n\u0131 belirterek, ailenin yan\u0131nda olduklar\u0131n\u0131 vurgulad\u0131.<\/p>\n<p><strong>\u201cHukuki S\u00fcrecin Takip\u00e7isi Olaca\u011f\u0131z\u201d<\/strong><\/p>\n<p>Bakan G\u00f6kta\u015f, T\u00fcrkiye\u2019nin Br\u00fcksel B\u00fcy\u00fckel\u00e7ili\u011fi ve Ba\u015fkonsoloslu\u011fu\u2019nun yan\u0131 s\u0131ra Bel\u00e7ika\u2019daki T\u00fcrk toplumunun da s\u00fcreci yak\u0131ndan takip etti\u011fini belirtti. Konuyla ilgili Bel\u00e7ikal\u0131 yetkililerle de g\u00f6r\u00fc\u015fece\u011fini a\u00e7\u0131klayan G\u00f6kta\u015f, \u201cT\u00fcrkiye olarak bu t\u00fcr olaylar\u0131n cezas\u0131z kalmamas\u0131 i\u00e7in hukuki s\u00fcrecin titizlikle y\u00fcr\u00fct\u00fclmesini sa\u011flayaca\u011f\u0131z. K\u0131z\u0131m\u0131z\u0131n ve ailesinin yan\u0131nday\u0131z,\u201d ifadelerini kulland\u0131. Olayla ilgili soru\u015fturma devam ederken, T\u00fcrkiye\u2019nin Bel\u00e7ika\u2019daki diplomatik temsilcilikleri ve ilgili yetkililer s\u00fcrecin sa\u011fl\u0131kl\u0131 bir \u015fekilde ilerlemesi i\u00e7in giri\u015fimlerini s\u00fcrd\u00fcr\u00fcyor.<\/p>\n<p>&nbsp;<\/p>\n","protected":false},"excerpt":{"rendered":"<p>Br\u00fcksel\u2019de 5 Ya\u015f\u0131ndaki bir T\u00fcrk \u00e7ocu\u011fa y\u00f6nelik cinsel istismar iddias\u0131 nedeniyle tepkiler \u00e7\u0131\u011f\u00a0 gibi art\u0131yor\u00a0 Strombeek-Bever\u2019deki okul, cinsel istismar \u015fikayeti sonras\u0131 protesto ve vandalizm nedeniyle kapat\u0131ld\u0131 Br\u00fcksel Grimbergen\u2019deki Sint-Jozefs okulu \u00f6n\u00fcnde\u00a0 yakla\u015f\u0131k 150 ki\u015finin kat\u0131ld\u0131\u011f\u0131 protesto eyleminde, okul y\u00f6netimi ve tacizde bulundu\u011fu iddia edilen \u00f6\u011fretmen i\u00e7in sloganlar at\u0131ld\u0131. Siyaset\u00e7i Halis K\u00f6kten: \u201cSavc\u0131l\u0131k olay\u0131 Ara\u015ft\u0131r\u0131yor, sakin [&hellip;]<\/p>\n","protected":false},"author":3,"featured_media":28144,"comment_status":"closed","ping_status":"open","sticky":false,"template":"","format":"standard","meta":{"footnotes":""},"categories":[14,16,3,17,18,15,19,2,1],"tags":[],"class_list":["post-28141","post","type-post","status-publish","format-standard","has-post-thumbnail","hentry","category-avrupa","category-belcika","category-dunya","category-ekonomi","category-kultur-sanat","category-spor","category-tanitim","category-turkiye","category-uncategorized"],"yoast_head":"<!-- This site is optimized with the Yoast SEO plugin v26.9 - https:\/\/yoast.com\/product\/yoast-seo-wordpress\/ -->\n<title>Br\u00fcksel\u2019de 5 Ya\u015f\u0131ndaki bir T\u00fcrk \u00e7ocu\u011fa y\u00f6nelik cinsel istismar iddias\u0131 nedeniyle tepkiler \u00e7\u0131\u011f gibi art\u0131yor - AvrupaPress<\/title>\n<meta name=\"robots\" content=\"index, follow, max-snippet:-1, max-image-preview:large, max-video-preview:-1\" \/>\n<link rel=\"canonical\" href=\"https:\/\/avrupapress.com\/main\/2025\/02\/04\/brukselde-5-yasindaki-bir-turk-cocuga-yonelik-cinsel-istismar-iddiasi-nedeniyle-tepkiler-cig-artiyor\/\" \/>\n<meta property=\"og:locale\" content=\"fr_FR\" \/>\n<meta property=\"og:type\" content=\"article\" \/>\n<meta property=\"og:title\" content=\"Br\u00fcksel\u2019de 5 Ya\u015f\u0131ndaki bir T\u00fcrk \u00e7ocu\u011fa y\u00f6nelik cinsel istismar iddias\u0131 nedeniyle tepkiler \u00e7\u0131\u011f gibi art\u0131yor - AvrupaPress\" \/>\n<meta property=\"og:description\" content=\"Br\u00fcksel\u2019de 5 Ya\u015f\u0131ndaki bir T\u00fcrk \u00e7ocu\u011fa y\u00f6nelik cinsel istismar iddias\u0131 nedeniyle tepkiler \u00e7\u0131\u011f\u00a0 gibi art\u0131yor\u00a0 Strombeek-Bever\u2019deki okul, cinsel istismar \u015fikayeti sonras\u0131 protesto ve vandalizm nedeniyle kapat\u0131ld\u0131 Br\u00fcksel Grimbergen\u2019deki Sint-Jozefs okulu \u00f6n\u00fcnde\u00a0 yakla\u015f\u0131k 150 ki\u015finin kat\u0131ld\u0131\u011f\u0131 protesto eyleminde, okul y\u00f6netimi ve tacizde bulundu\u011fu iddia edilen \u00f6\u011fretmen i\u00e7in sloganlar at\u0131ld\u0131. Siyaset\u00e7i Halis K\u00f6kten: \u201cSavc\u0131l\u0131k olay\u0131 Ara\u015ft\u0131r\u0131yor, sakin [&hellip;]\" \/>\n<meta property=\"og:url\" content=\"https:\/\/avrupapress.com\/main\/2025\/02\/04\/brukselde-5-yasindaki-bir-turk-cocuga-yonelik-cinsel-istismar-iddiasi-nedeniyle-tepkiler-cig-artiyor\/\" \/>\n<meta property=\"og:site_name\" content=\"AvrupaPress\" \/>\n<meta property=\"article:published_time\" content=\"2025-02-04T19:04:02+00:00\" \/>\n<meta property=\"article:modified_time\" content=\"2025-02-04T19:11:54+00:00\" \/>\n<meta property=\"og:image\" content=\"https:\/\/avrupapress.com\/main\/wp-content\/uploads\/2025\/02\/IMG-20250203-WA0031-e1738696235840.jpg\" \/>\n\t<meta property=\"og:image:width\" content=\"920\" \/>\n\t<meta property=\"og:image:height\" content=\"746\" \/>\n\t<meta property=\"og:image:type\" content=\"image\/jpeg\" \/>\n<meta name=\"author\" content=\"Edit\u00f6r\" \/>\n<meta name=\"twitter:card\" content=\"summary_large_image\" \/>\n<meta name=\"twitter:label1\" content=\"\u00c9crit par\" \/>\n\t<meta name=\"twitter:data1\" content=\"Edit\u00f6r\" \/>\n\t<meta name=\"twitter:label2\" content=\"Dur\u00e9e de lecture est.\" \/>\n\t<meta name=\"twitter:data2\" content=\"4 minutes\" \/>\n<script type=\"application\/ld+json\" class=\"yoast-schema-graph\">{\"@context\":\"https:\/\/schema.org\",\"@graph\":[{\"@type\":\"Article\",\"@id\":\"https:\/\/avrupapress.com\/main\/2025\/02\/04\/brukselde-5-yasindaki-bir-turk-cocuga-yonelik-cinsel-istismar-iddiasi-nedeniyle-tepkiler-cig-artiyor\/#article\",\"isPartOf\":{\"@id\":\"https:\/\/avrupapress.com\/main\/2025\/02\/04\/brukselde-5-yasindaki-bir-turk-cocuga-yonelik-cinsel-istismar-iddiasi-nedeniyle-tepkiler-cig-artiyor\/\"},\"author\":{\"name\":\"Edit\u00f6r\",\"@id\":\"https:\/\/avrupapress.com\/#\/schema\/person\/68428444ec60970d1e1b700cf4ca1e8f\"},\"headline\":\"Br\u00fcksel\u2019de 5 Ya\u015f\u0131ndaki bir T\u00fcrk \u00e7ocu\u011fa y\u00f6nelik cinsel istismar iddias\u0131 nedeniyle tepkiler \u00e7\u0131\u011f gibi art\u0131yor\",\"datePublished\":\"2025-02-04T19:04:02+00:00\",\"dateModified\":\"2025-02-04T19:11:54+00:00\",\"mainEntityOfPage\":{\"@id\":\"https:\/\/avrupapress.com\/main\/2025\/02\/04\/brukselde-5-yasindaki-bir-turk-cocuga-yonelik-cinsel-istismar-iddiasi-nedeniyle-tepkiler-cig-artiyor\/\"},\"wordCount\":741,\"publisher\":{\"@id\":\"https:\/\/avrupapress.com\/#\/schema\/person\/0223dca19c72c43575bf30d1a2d8f4fa\"},\"image\":{\"@id\":\"https:\/\/avrupapress.com\/main\/2025\/02\/04\/brukselde-5-yasindaki-bir-turk-cocuga-yonelik-cinsel-istismar-iddiasi-nedeniyle-tepkiler-cig-artiyor\/#primaryimage\"},\"thumbnailUrl\":\"https:\/\/avrupapress.com\/main\/wp-content\/uploads\/2025\/02\/IMG-20250203-WA0031-e1738696235840.jpg\",\"articleSection\":[\"Avrupa\",\"Bel\u00e7ika\",\"D\u00fcnya\",\"Ekonomi\",\"K\u00fclt\u00fcr-Sanat\",\"Spor\",\"Tan\u0131t\u0131m\",\"T\u00fcrkiye\",\"Uncategorized\"],\"inLanguage\":\"fr-BE\"},{\"@type\":\"WebPage\",\"@id\":\"https:\/\/avrupapress.com\/main\/2025\/02\/04\/brukselde-5-yasindaki-bir-turk-cocuga-yonelik-cinsel-istismar-iddiasi-nedeniyle-tepkiler-cig-artiyor\/\",\"url\":\"https:\/\/avrupapress.com\/main\/2025\/02\/04\/brukselde-5-yasindaki-bir-turk-cocuga-yonelik-cinsel-istismar-iddiasi-nedeniyle-tepkiler-cig-artiyor\/\",\"name\":\"Br\u00fcksel\u2019de 5 Ya\u015f\u0131ndaki bir T\u00fcrk \u00e7ocu\u011fa y\u00f6nelik cinsel istismar iddias\u0131 nedeniyle tepkiler \u00e7\u0131\u011f gibi art\u0131yor - AvrupaPress\",\"isPartOf\":{\"@id\":\"https:\/\/avrupapress.com\/#website\"},\"primaryImageOfPage\":{\"@id\":\"https:\/\/avrupapress.com\/main\/2025\/02\/04\/brukselde-5-yasindaki-bir-turk-cocuga-yonelik-cinsel-istismar-iddiasi-nedeniyle-tepkiler-cig-artiyor\/#primaryimage\"},\"image\":{\"@id\":\"https:\/\/avrupapress.com\/main\/2025\/02\/04\/brukselde-5-yasindaki-bir-turk-cocuga-yonelik-cinsel-istismar-iddiasi-nedeniyle-tepkiler-cig-artiyor\/#primaryimage\"},\"thumbnailUrl\":\"https:\/\/avrupapress.com\/main\/wp-content\/uploads\/2025\/02\/IMG-20250203-WA0031-e1738696235840.jpg\",\"datePublished\":\"2025-02-04T19:04:02+00:00\",\"dateModified\":\"2025-02-04T19:11:54+00:00\",\"breadcrumb\":{\"@id\":\"https:\/\/avrupapress.com\/main\/2025\/02\/04\/brukselde-5-yasindaki-bir-turk-cocuga-yonelik-cinsel-istismar-iddiasi-nedeniyle-tepkiler-cig-artiyor\/#breadcrumb\"},\"inLanguage\":\"fr-BE\",\"potentialAction\":[{\"@type\":\"ReadAction\",\"target\":[\"https:\/\/avrupapress.com\/main\/2025\/02\/04\/brukselde-5-yasindaki-bir-turk-cocuga-yonelik-cinsel-istismar-iddiasi-nedeniyle-tepkiler-cig-artiyor\/\"]}]},{\"@type\":\"ImageObject\",\"inLanguage\":\"fr-BE\",\"@id\":\"https:\/\/avrupapress.com\/main\/2025\/02\/04\/brukselde-5-yasindaki-bir-turk-cocuga-yonelik-cinsel-istismar-iddiasi-nedeniyle-tepkiler-cig-artiyor\/#primaryimage\",\"url\":\"https:\/\/avrupapress.com\/main\/wp-content\/uploads\/2025\/02\/IMG-20250203-WA0031-e1738696235840.jpg\",\"contentUrl\":\"https:\/\/avrupapress.com\/main\/wp-content\/uploads\/2025\/02\/IMG-20250203-WA0031-e1738696235840.jpg\",\"width\":920,\"height\":746},{\"@type\":\"BreadcrumbList\",\"@id\":\"https:\/\/avrupapress.com\/main\/2025\/02\/04\/brukselde-5-yasindaki-bir-turk-cocuga-yonelik-cinsel-istismar-iddiasi-nedeniyle-tepkiler-cig-artiyor\/#breadcrumb\",\"itemListElement\":[{\"@type\":\"ListItem\",\"position\":1,\"name\":\"Anasayfa\",\"item\":\"https:\/\/avrupapress.com\/\"},{\"@type\":\"ListItem\",\"position\":2,\"name\":\"Br\u00fcksel\u2019de 5 Ya\u015f\u0131ndaki bir T\u00fcrk \u00e7ocu\u011fa y\u00f6nelik cinsel istismar iddias\u0131 nedeniyle tepkiler \u00e7\u0131\u011f gibi art\u0131yor\"}]},{\"@type\":\"WebSite\",\"@id\":\"https:\/\/avrupapress.com\/#website\",\"url\":\"https:\/\/avrupapress.com\/\",\"name\":\"AvrupaPress\",\"description\":\"Haberin Adresi\",\"publisher\":{\"@id\":\"https:\/\/avrupapress.com\/#\/schema\/person\/0223dca19c72c43575bf30d1a2d8f4fa\"},\"potentialAction\":[{\"@type\":\"SearchAction\",\"target\":{\"@type\":\"EntryPoint\",\"urlTemplate\":\"https:\/\/avrupapress.com\/?s={search_term_string}\"},\"query-input\":{\"@type\":\"PropertyValueSpecification\",\"valueRequired\":true,\"valueName\":\"search_term_string\"}}],\"inLanguage\":\"fr-BE\"},{\"@type\":[\"Person\",\"Organization\"],\"@id\":\"https:\/\/avrupapress.com\/#\/schema\/person\/0223dca19c72c43575bf30d1a2d8f4fa\",\"name\":\"Bilgin \u00d6z\u00e7ift\u00e7i\",\"image\":{\"@type\":\"ImageObject\",\"inLanguage\":\"fr-BE\",\"@id\":\"https:\/\/avrupapress.com\/#\/schema\/person\/image\/\",\"url\":\"https:\/\/secure.gravatar.com\/avatar\/0f23b280433a21e1ea7a0adcc46ed0ad16afe3ad8e630fd13d8a017dcbd54ef3?s=96&d=mm&r=g\",\"contentUrl\":\"https:\/\/secure.gravatar.com\/avatar\/0f23b280433a21e1ea7a0adcc46ed0ad16afe3ad8e630fd13d8a017dcbd54ef3?s=96&d=mm&r=g\",\"caption\":\"Bilgin \u00d6z\u00e7ift\u00e7i\"},\"logo\":{\"@id\":\"https:\/\/avrupapress.com\/#\/schema\/person\/image\/\"},\"description\":\"Ne ben, nede sen... Biz ancak \\\"biz\\\" olursak g\u00fc\u00e7l\u00fc olabiliriz\"},{\"@type\":\"Person\",\"@id\":\"https:\/\/avrupapress.com\/#\/schema\/person\/68428444ec60970d1e1b700cf4ca1e8f\",\"name\":\"Edit\u00f6r\",\"image\":{\"@type\":\"ImageObject\",\"inLanguage\":\"fr-BE\",\"@id\":\"https:\/\/avrupapress.com\/#\/schema\/person\/image\/\",\"url\":\"https:\/\/secure.gravatar.com\/avatar\/74996b0977aa5f1559ba9883776652508b229005c0d78fb2597897f0bd651c09?s=96&d=mm&r=g\",\"contentUrl\":\"https:\/\/secure.gravatar.com\/avatar\/74996b0977aa5f1559ba9883776652508b229005c0d78fb2597897f0bd651c09?s=96&d=mm&r=g\",\"caption\":\"Edit\u00f6r\"},\"sameAs\":[\"http:\/\/www.avrupapress.com\"],\"url\":\"https:\/\/avrupapress.com\/main\/author\/editor\/\"}]}<\/script>\n<!-- \/ Yoast SEO plugin. -->","yoast_head_json":{"title":"Br\u00fcksel\u2019de 5 Ya\u015f\u0131ndaki bir T\u00fcrk \u00e7ocu\u011fa y\u00f6nelik cinsel istismar iddias\u0131 nedeniyle tepkiler \u00e7\u0131\u011f gibi art\u0131yor - AvrupaPress","robots":{"index":"index","follow":"follow","max-snippet":"max-snippet:-1","max-image-preview":"max-image-preview:large","max-video-preview":"max-video-preview:-1"},"canonical":"https:\/\/avrupapress.com\/main\/2025\/02\/04\/brukselde-5-yasindaki-bir-turk-cocuga-yonelik-cinsel-istismar-iddiasi-nedeniyle-tepkiler-cig-artiyor\/","og_locale":"fr_FR","og_type":"article","og_title":"Br\u00fcksel\u2019de 5 Ya\u015f\u0131ndaki bir T\u00fcrk \u00e7ocu\u011fa y\u00f6nelik cinsel istismar iddias\u0131 nedeniyle tepkiler \u00e7\u0131\u011f gibi art\u0131yor - AvrupaPress","og_description":"Br\u00fcksel\u2019de 5 Ya\u015f\u0131ndaki bir T\u00fcrk \u00e7ocu\u011fa y\u00f6nelik cinsel istismar iddias\u0131 nedeniyle tepkiler \u00e7\u0131\u011f\u00a0 gibi art\u0131yor\u00a0 Strombeek-Bever\u2019deki okul, cinsel istismar \u015fikayeti sonras\u0131 protesto ve vandalizm nedeniyle kapat\u0131ld\u0131 Br\u00fcksel Grimbergen\u2019deki Sint-Jozefs okulu \u00f6n\u00fcnde\u00a0 yakla\u015f\u0131k 150 ki\u015finin kat\u0131ld\u0131\u011f\u0131 protesto eyleminde, okul y\u00f6netimi ve tacizde bulundu\u011fu iddia edilen \u00f6\u011fretmen i\u00e7in sloganlar at\u0131ld\u0131. Siyaset\u00e7i Halis K\u00f6kten: \u201cSavc\u0131l\u0131k olay\u0131 Ara\u015ft\u0131r\u0131yor, sakin [&hellip;]","og_url":"https:\/\/avrupapress.com\/main\/2025\/02\/04\/brukselde-5-yasindaki-bir-turk-cocuga-yonelik-cinsel-istismar-iddiasi-nedeniyle-tepkiler-cig-artiyor\/","og_site_name":"AvrupaPress","article_published_time":"2025-02-04T19:04:02+00:00","article_modified_time":"2025-02-04T19:11:54+00:00","og_image":[{"width":920,"height":746,"url":"https:\/\/avrupapress.com\/main\/wp-content\/uploads\/2025\/02\/IMG-20250203-WA0031-e1738696235840.jpg","type":"image\/jpeg"}],"author":"Edit\u00f6r","twitter_card":"summary_large_image","twitter_misc":{"\u00c9crit par":"Edit\u00f6r","Dur\u00e9e de lecture est.":"4 minutes"},"schema":{"@context":"https:\/\/schema.org","@graph":[{"@type":"Article","@id":"https:\/\/avrupapress.com\/main\/2025\/02\/04\/brukselde-5-yasindaki-bir-turk-cocuga-yonelik-cinsel-istismar-iddiasi-nedeniyle-tepkiler-cig-artiyor\/#article","isPartOf":{"@id":"https:\/\/avrupapress.com\/main\/2025\/02\/04\/brukselde-5-yasindaki-bir-turk-cocuga-yonelik-cinsel-istismar-iddiasi-nedeniyle-tepkiler-cig-artiyor\/"},"author":{"name":"Edit\u00f6r","@id":"https:\/\/avrupapress.com\/#\/schema\/person\/68428444ec60970d1e1b700cf4ca1e8f"},"headline":"Br\u00fcksel\u2019de 5 Ya\u015f\u0131ndaki bir T\u00fcrk \u00e7ocu\u011fa y\u00f6nelik cinsel istismar iddias\u0131 nedeniyle tepkiler \u00e7\u0131\u011f gibi art\u0131yor","datePublished":"2025-02-04T19:04:02+00:00","dateModified":"2025-02-04T19:11:54+00:00","mainEntityOfPage":{"@id":"https:\/\/avrupapress.com\/main\/2025\/02\/04\/brukselde-5-yasindaki-bir-turk-cocuga-yonelik-cinsel-istismar-iddiasi-nedeniyle-tepkiler-cig-artiyor\/"},"wordCount":741,"publisher":{"@id":"https:\/\/avrupapress.com\/#\/schema\/person\/0223dca19c72c43575bf30d1a2d8f4fa"},"image":{"@id":"https:\/\/avrupapress.com\/main\/2025\/02\/04\/brukselde-5-yasindaki-bir-turk-cocuga-yonelik-cinsel-istismar-iddiasi-nedeniyle-tepkiler-cig-artiyor\/#primaryimage"},"thumbnailUrl":"https:\/\/avrupapress.com\/main\/wp-content\/uploads\/2025\/02\/IMG-20250203-WA0031-e1738696235840.jpg","articleSection":["Avrupa","Bel\u00e7ika","D\u00fcnya","Ekonomi","K\u00fclt\u00fcr-Sanat","Spor","Tan\u0131t\u0131m","T\u00fcrkiye","Uncategorized"],"inLanguage":"fr-BE"},{"@type":"WebPage","@id":"https:\/\/avrupapress.com\/main\/2025\/02\/04\/brukselde-5-yasindaki-bir-turk-cocuga-yonelik-cinsel-istismar-iddiasi-nedeniyle-tepkiler-cig-artiyor\/","url":"https:\/\/avrupapress.com\/main\/2025\/02\/04\/brukselde-5-yasindaki-bir-turk-cocuga-yonelik-cinsel-istismar-iddiasi-nedeniyle-tepkiler-cig-artiyor\/","name":"Br\u00fcksel\u2019de 5 Ya\u015f\u0131ndaki bir T\u00fcrk \u00e7ocu\u011fa y\u00f6nelik cinsel istismar iddias\u0131 nedeniyle tepkiler \u00e7\u0131\u011f gibi art\u0131yor - AvrupaPress","isPartOf":{"@id":"https:\/\/avrupapress.com\/#website"},"primaryImageOfPage":{"@id":"https:\/\/avrupapress.com\/main\/2025\/02\/04\/brukselde-5-yasindaki-bir-turk-cocuga-yonelik-cinsel-istismar-iddiasi-nedeniyle-tepkiler-cig-artiyor\/#primaryimage"},"image":{"@id":"https:\/\/avrupapress.com\/main\/2025\/02\/04\/brukselde-5-yasindaki-bir-turk-cocuga-yonelik-cinsel-istismar-iddiasi-nedeniyle-tepkiler-cig-artiyor\/#primaryimage"},"thumbnailUrl":"https:\/\/avrupapress.com\/main\/wp-content\/uploads\/2025\/02\/IMG-20250203-WA0031-e1738696235840.jpg","datePublished":"2025-02-04T19:04:02+00:00","dateModified":"2025-02-04T19:11:54+00:00","breadcrumb":{"@id":"https:\/\/avrupapress.com\/main\/2025\/02\/04\/brukselde-5-yasindaki-bir-turk-cocuga-yonelik-cinsel-istismar-iddiasi-nedeniyle-tepkiler-cig-artiyor\/#breadcrumb"},"inLanguage":"fr-BE","potentialAction":[{"@type":"ReadAction","target":["https:\/\/avrupapress.com\/main\/2025\/02\/04\/brukselde-5-yasindaki-bir-turk-cocuga-yonelik-cinsel-istismar-iddiasi-nedeniyle-tepkiler-cig-artiyor\/"]}]},{"@type":"ImageObject","inLanguage":"fr-BE","@id":"https:\/\/avrupapress.com\/main\/2025\/02\/04\/brukselde-5-yasindaki-bir-turk-cocuga-yonelik-cinsel-istismar-iddiasi-nedeniyle-tepkiler-cig-artiyor\/#primaryimage","url":"https:\/\/avrupapress.com\/main\/wp-content\/uploads\/2025\/02\/IMG-20250203-WA0031-e1738696235840.jpg","contentUrl":"https:\/\/avrupapress.com\/main\/wp-content\/uploads\/2025\/02\/IMG-20250203-WA0031-e1738696235840.jpg","width":920,"height":746},{"@type":"BreadcrumbList","@id":"https:\/\/avrupapress.com\/main\/2025\/02\/04\/brukselde-5-yasindaki-bir-turk-cocuga-yonelik-cinsel-istismar-iddiasi-nedeniyle-tepkiler-cig-artiyor\/#breadcrumb","itemListElement":[{"@type":"ListItem","position":1,"name":"Anasayfa","item":"https:\/\/avrupapress.com\/"},{"@type":"ListItem","position":2,"name":"Br\u00fcksel\u2019de 5 Ya\u015f\u0131ndaki bir T\u00fcrk \u00e7ocu\u011fa y\u00f6nelik cinsel istismar iddias\u0131 nedeniyle tepkiler \u00e7\u0131\u011f gibi art\u0131yor"}]},{"@type":"WebSite","@id":"https:\/\/avrupapress.com\/#website","url":"https:\/\/avrupapress.com\/","name":"AvrupaPress","description":"Haberin Adresi","publisher":{"@id":"https:\/\/avrupapress.com\/#\/schema\/person\/0223dca19c72c43575bf30d1a2d8f4fa"},"potentialAction":[{"@type":"SearchAction","target":{"@type":"EntryPoint","urlTemplate":"https:\/\/avrupapress.com\/?s={search_term_string}"},"query-input":{"@type":"PropertyValueSpecification","valueRequired":true,"valueName":"search_term_string"}}],"inLanguage":"fr-BE"},{"@type":["Person","Organization"],"@id":"https:\/\/avrupapress.com\/#\/schema\/person\/0223dca19c72c43575bf30d1a2d8f4fa","name":"Bilgin \u00d6z\u00e7ift\u00e7i","image":{"@type":"ImageObject","inLanguage":"fr-BE","@id":"https:\/\/avrupapress.com\/#\/schema\/person\/image\/","url":"https:\/\/secure.gravatar.com\/avatar\/0f23b280433a21e1ea7a0adcc46ed0ad16afe3ad8e630fd13d8a017dcbd54ef3?s=96&d=mm&r=g","contentUrl":"https:\/\/secure.gravatar.com\/avatar\/0f23b280433a21e1ea7a0adcc46ed0ad16afe3ad8e630fd13d8a017dcbd54ef3?s=96&d=mm&r=g","caption":"Bilgin \u00d6z\u00e7ift\u00e7i"},"logo":{"@id":"https:\/\/avrupapress.com\/#\/schema\/person\/image\/"},"description":"Ne ben, nede sen... Biz ancak \"biz\" olursak g\u00fc\u00e7l\u00fc olabiliriz"},{"@type":"Person","@id":"https:\/\/avrupapress.com\/#\/schema\/person\/68428444ec60970d1e1b700cf4ca1e8f","name":"Edit\u00f6r","image":{"@type":"ImageObject","inLanguage":"fr-BE","@id":"https:\/\/avrupapress.com\/#\/schema\/person\/image\/","url":"https:\/\/secure.gravatar.com\/avatar\/74996b0977aa5f1559ba9883776652508b229005c0d78fb2597897f0bd651c09?s=96&d=mm&r=g","contentUrl":"https:\/\/secure.gravatar.com\/avatar\/74996b0977aa5f1559ba9883776652508b229005c0d78fb2597897f0bd651c09?s=96&d=mm&r=g","caption":"Edit\u00f6r"},"sameAs":["http:\/\/www.avrupapress.com"],"url":"https:\/\/avrupapress.com\/main\/author\/editor\/"}]}},"_links":{"self":[{"href":"https:\/\/avrupapress.com\/main\/wp-json\/wp\/v2\/posts\/28141","targetHints":{"allow":["GET"]}}],"collection":[{"href":"https:\/\/avrupapress.com\/main\/wp-json\/wp\/v2\/posts"}],"about":[{"href":"https:\/\/avrupapress.com\/main\/wp-json\/wp\/v2\/types\/post"}],"author":[{"embeddable":true,"href":"https:\/\/avrupapress.com\/main\/wp-json\/wp\/v2\/users\/3"}],"replies":[{"embeddable":true,"href":"https:\/\/avrupapress.com\/main\/wp-json\/wp\/v2\/comments?post=28141"}],"version-history":[{"count":5,"href":"https:\/\/avrupapress.com\/main\/wp-json\/wp\/v2\/posts\/28141\/revisions"}],"predecessor-version":[{"id":28149,"href":"https:\/\/avrupapress.com\/main\/wp-json\/wp\/v2\/posts\/28141\/revisions\/28149"}],"wp:featuredmedia":[{"embeddable":true,"href":"https:\/\/avrupapress.com\/main\/wp-json\/wp\/v2\/media\/28144"}],"wp:attachment":[{"href":"https:\/\/avrupapress.com\/main\/wp-json\/wp\/v2\/media?parent=28141"}],"wp:term":[{"taxonomy":"category","embeddable":true,"href":"https:\/\/avrupapress.com\/main\/wp-json\/wp\/v2\/categories?post=28141"},{"taxonomy":"post_tag","embeddable":true,"href":"https:\/\/avrupapress.com\/main\/wp-json\/wp\/v2\/tags?post=28141"}],"curies":[{"name":"wp","href":"https:\/\/api.w.org\/{rel}","templated":true}]}}