{"id":28132,"date":"2025-02-03T21:36:34","date_gmt":"2025-02-03T21:36:34","guid":{"rendered":"https:\/\/avrupapress.com\/main\/?p=28132"},"modified":"2025-02-03T21:36:44","modified_gmt":"2025-02-03T21:36:44","slug":"koprubasi-edebiyat-dergisinden-coskulu-3-yil-kutlamasi","status":"publish","type":"post","link":"https:\/\/avrupapress.com\/main\/2025\/02\/03\/koprubasi-edebiyat-dergisinden-coskulu-3-yil-kutlamasi\/","title":{"rendered":"K\u00d6PR\u00dcBA\u015eI EDEB\u0130YAT DERG\u0130S\u0130NDEN CO\u015eKULU 3.YIL KUTLAMASI"},"content":{"rendered":"<p>Eski\u015fehir merkezli olarak yay\u0131nlanan K\u00f6pr\u00fcba\u015f\u0131 Edebiyat Dergisi kurulu\u015funun 3. Y\u0131l\u0131n\u0131 etkinliklerle kutlad\u0131. Ta\u015fba\u015f\u0131 K\u00fclt\u00fcr Merkezi K\u0131rm\u0131z\u0131 Salonda ger\u00e7ekle\u015ftirilen resim sergisi ve \u015fiir dinletisi protokol ve sanatseverlerin yo\u011fun ilgisiyle kar\u015f\u0131land\u0131. Etkinliklere; Odunpazar\u0131 Belediye Ba\u015fkan\u0131 Kaz\u0131m Kurt ve Mihal\u0131\u00e7\u00e7\u0131k Belediye Ba\u015fkan\u0131 Haydar \u00c7orum ile Eski\u015fehir\u2019de kurulu bulunan sanat, edebiyat ve k\u00fclt\u00fcr derneklerinin ba\u015fkanlar\u0131yla \u00fcyeleri de kat\u0131ld\u0131. Programlara; dergi ve gazetelerin yazarlar ve \u015fairleri de yo\u011fun ilgi g\u00f6sterdi.<\/p>\n<p>Etkinlikler, resim sergisinin a\u00e7\u0131l\u0131\u015f\u0131yla ba\u015flad\u0131. Sergide ilkokul, ortaokul ve lise \u00f6\u011frencilerinin farkl\u0131 tekniklerle yapt\u0131klar\u0131 \u00f6zg\u00fcn resimler yer alt\u0131. Ahmet Urfal\u0131, yapt\u0131\u011f\u0131 a\u00e7\u0131l\u0131\u015f konu\u015fmas\u0131nda; \u2018\u2019Gen\u00e7 yeteneklere imk\u00e2n tan\u0131ma ve f\u0131rsat verme temel g\u00f6revlerimiz aras\u0131ndad\u0131r. Onlara kol-kanat gererek gelece\u011fin sanat\u00e7\u0131lar\u0131 olarak g\u00f6rmek bizleri mutlu edecektir.\u2019\u2019dedi.<\/p>\n<p>Serginin ard\u0131ndan sunuculu\u011funu M\u00fcjgan Sara\u00e7 Y\u0131lmazba\u015f\u2019\u0131n yapt\u0131\u011f\u0131 \u015fiir dinletisine ge\u00e7ildi. A\u00e7\u0131l\u0131\u015f konu\u015fmas\u0131n\u0131 yapan Ahmet Urfal\u0131; \u2018\u2019K\u00f6pr\u00fcba\u015f\u0131 Edebiyat Dergimizin 3.y\u0131l\u0131n\u0131 siz konuklar\u0131m\u0131zla kutlamaktan memnun ve bahtiyar\u0131z. Etkinliklerimiz, dosya konular\u0131m\u0131z, yaz\u0131 ve \u015fiir i\u00e7eriklerimizde dopdolu iki y\u0131l ya\u015fad\u0131k. Yerelden ulusala, ulusaldan da evrensele edebiyat d\u00fcnyam\u0131zda sayg\u0131n bir yer edindik. Yurt i\u00e7inde ve yurt d\u0131\u015f\u0131nda tan\u0131n\u0131rl\u0131\u011f\u0131m\u0131z \u00fcst seviyelere ula\u015fm\u0131\u015ft\u0131r. \u00d6n\u00fcm\u00fczdeki y\u0131llarda da yeni projelerimiz, \u00f6zg\u00fcn dosya konular\u0131m\u0131z, yaz\u0131 ve \u015fiirlerimizle sizlerle olaca\u011f\u0131z. Yaz\u0131 kurulumuza, dergimizde yer alan \u015fair ve yazarlar\u0131m\u0131za, dergimizin sahibi ve Yaz\u0131 \u0130\u015fleri M\u00fcd\u00fcr\u00fc Rukiye \u00d6zdemir\u2019e huzurlar\u0131n\u0131zda te\u015fekk\u00fcr ederim.\u2019\u2019dedi.<\/p>\n<p>K\u00f6pr\u00fcba\u015f\u0131 Edebiyat Dergisinin Sahibi ve Yaz\u0131 \u0130\u015fleri M\u00fcd\u00fcr\u00fc Rukiye \u00d6zdemir, yapt\u0131\u011f\u0131 te\u015fekk\u00fcr konu\u015fmas\u0131nda; \u2018\u2019 Dergi olarak b\u00fct\u00fcn sanat dallar\u0131nda eserler \u00fcreten sanat\u00e7\u0131lar\u0131m\u0131z\u0131n yan\u0131nday\u0131z. Etkinliklerimizde \u00f6zellikle gen\u00e7lere yer vermemiz bunun bir g\u00f6stergesidir. Varl\u0131klar\u0131yla bizlere destek olan Belediye Ba\u015fkanlar\u0131m\u0131za, dernek y\u00f6neticilerimize, konuklar\u0131m\u0131za, \u015fair ve yazar dostlar\u0131m\u0131za \u015f\u00fckranlar\u0131m\u0131 sunar\u0131m.\u2019\u2019 Dedi.<\/p>\n<p>K\u00f6pr\u00fcba\u015f\u0131 Edebiyat Dergisi Yay\u0131n Kurulu \u00dcyesi \u00c7ocuk Edebiyat\u0131n\u0131n tan\u0131nm\u0131\u015f yazar\u0131 \u00dcmit G\u00fcr konu\u015fmas\u0131n\u0131; \u2018\u2019Sa\u011fl\u0131kl\u0131 gelece\u011fi kurulmas\u0131 \u00e7ocuklar\u0131m\u0131z\u0131 iyi yeti\u015ftirmekle m\u00fcmk\u00fcnd\u00fcr. K\u00fclt\u00fcr, sanat ve edebiyat daha g\u00fczel bir d\u00fcnyaya kavu\u015fman\u0131n yegane yoludur.\u2019\u2019 S\u00f6zleriyle tamamlad\u0131.<\/p>\n<p>\u015eiir dinletisine; ilk, orta, lise ve \u00fcniversite \u00f6\u011frencileri gen\u00e7 \u015fairlerin \u015fiirlerini okumas\u0131yla devam edildi. Ard\u0131ndan yetkin \u015fairler \u015fiirlerini okudu. Program kat\u0131l\u0131mc\u0131 sanat\u00e7\u0131lara belgelerinin verilmesiyle sona erdi.<\/p>\n<p><img loading=\"lazy\" decoding=\"async\" class=\"alignnone size-medium wp-image-28133\" src=\"https:\/\/avrupapress.com\/main\/wp-content\/uploads\/2025\/02\/thumbnail_IMG-20250203-WA0013-300x225.jpg\" alt=\"\" width=\"300\" height=\"225\" srcset=\"https:\/\/avrupapress.com\/main\/wp-content\/uploads\/2025\/02\/thumbnail_IMG-20250203-WA0013-300x225.jpg 300w, https:\/\/avrupapress.com\/main\/wp-content\/uploads\/2025\/02\/thumbnail_IMG-20250203-WA0013-1024x768.jpg 1024w, https:\/\/avrupapress.com\/main\/wp-content\/uploads\/2025\/02\/thumbnail_IMG-20250203-WA0013-768x576.jpg 768w, https:\/\/avrupapress.com\/main\/wp-content\/uploads\/2025\/02\/thumbnail_IMG-20250203-WA0013-1536x1152.jpg 1536w, https:\/\/avrupapress.com\/main\/wp-content\/uploads\/2025\/02\/thumbnail_IMG-20250203-WA0013.jpg 1600w\" sizes=\"auto, (max-width: 300px) 100vw, 300px\" \/><\/p>\n<p><img loading=\"lazy\" decoding=\"async\" class=\"alignnone size-medium wp-image-28134\" src=\"https:\/\/avrupapress.com\/main\/wp-content\/uploads\/2025\/02\/thumbnail_IMG-20250203-WA0014-237x300.jpg\" alt=\"\" width=\"237\" height=\"300\" srcset=\"https:\/\/avrupapress.com\/main\/wp-content\/uploads\/2025\/02\/thumbnail_IMG-20250203-WA0014-237x300.jpg 237w, https:\/\/avrupapress.com\/main\/wp-content\/uploads\/2025\/02\/thumbnail_IMG-20250203-WA0014-808x1024.jpg 808w, https:\/\/avrupapress.com\/main\/wp-content\/uploads\/2025\/02\/thumbnail_IMG-20250203-WA0014-768x973.jpg 768w, https:\/\/avrupapress.com\/main\/wp-content\/uploads\/2025\/02\/thumbnail_IMG-20250203-WA0014.jpg 901w\" sizes=\"auto, (max-width: 237px) 100vw, 237px\" \/><\/p>\n<p><img loading=\"lazy\" decoding=\"async\" class=\"alignnone size-medium wp-image-28136\" src=\"https:\/\/avrupapress.com\/main\/wp-content\/uploads\/2025\/02\/thumbnail_IMG-20250203-WA0015-1-300x169.jpg\" alt=\"\" width=\"300\" height=\"169\" srcset=\"https:\/\/avrupapress.com\/main\/wp-content\/uploads\/2025\/02\/thumbnail_IMG-20250203-WA0015-1-300x169.jpg 300w, https:\/\/avrupapress.com\/main\/wp-content\/uploads\/2025\/02\/thumbnail_IMG-20250203-WA0015-1-1024x577.jpg 1024w, https:\/\/avrupapress.com\/main\/wp-content\/uploads\/2025\/02\/thumbnail_IMG-20250203-WA0015-1-768x432.jpg 768w, https:\/\/avrupapress.com\/main\/wp-content\/uploads\/2025\/02\/thumbnail_IMG-20250203-WA0015-1-1536x865.jpg 1536w, https:\/\/avrupapress.com\/main\/wp-content\/uploads\/2025\/02\/thumbnail_IMG-20250203-WA0015-1-740x420.jpg 740w, https:\/\/avrupapress.com\/main\/wp-content\/uploads\/2025\/02\/thumbnail_IMG-20250203-WA0015-1.jpg 1600w\" sizes=\"auto, (max-width: 300px) 100vw, 300px\" \/><\/p>\n<p><img loading=\"lazy\" decoding=\"async\" class=\"alignnone size-medium wp-image-28137\" src=\"https:\/\/avrupapress.com\/main\/wp-content\/uploads\/2025\/02\/IMG-20250203-WA0011-300x300.jpg\" alt=\"\" width=\"300\" height=\"300\" srcset=\"https:\/\/avrupapress.com\/main\/wp-content\/uploads\/2025\/02\/IMG-20250203-WA0011-300x300.jpg 300w, https:\/\/avrupapress.com\/main\/wp-content\/uploads\/2025\/02\/IMG-20250203-WA0011-1024x1024.jpg 1024w, https:\/\/avrupapress.com\/main\/wp-content\/uploads\/2025\/02\/IMG-20250203-WA0011-150x150.jpg 150w, https:\/\/avrupapress.com\/main\/wp-content\/uploads\/2025\/02\/IMG-20250203-WA0011-768x768.jpg 768w, https:\/\/avrupapress.com\/main\/wp-content\/uploads\/2025\/02\/IMG-20250203-WA0011.jpg 1440w\" sizes=\"auto, (max-width: 300px) 100vw, 300px\" \/><\/p>\n<p><img loading=\"lazy\" decoding=\"async\" class=\"alignnone size-medium wp-image-28138\" src=\"https:\/\/avrupapress.com\/main\/wp-content\/uploads\/2025\/02\/IMG-20250203-WA0012-300x300.jpg\" alt=\"\" width=\"300\" height=\"300\" srcset=\"https:\/\/avrupapress.com\/main\/wp-content\/uploads\/2025\/02\/IMG-20250203-WA0012-300x300.jpg 300w, https:\/\/avrupapress.com\/main\/wp-content\/uploads\/2025\/02\/IMG-20250203-WA0012-1024x1024.jpg 1024w, https:\/\/avrupapress.com\/main\/wp-content\/uploads\/2025\/02\/IMG-20250203-WA0012-150x150.jpg 150w, https:\/\/avrupapress.com\/main\/wp-content\/uploads\/2025\/02\/IMG-20250203-WA0012-768x768.jpg 768w, https:\/\/avrupapress.com\/main\/wp-content\/uploads\/2025\/02\/IMG-20250203-WA0012.jpg 1440w\" sizes=\"auto, (max-width: 300px) 100vw, 300px\" \/><\/p>\n<p><strong>Ahmet Urfali\u00a0 \u00a0 \u00a0\/\u00a0 \u00a0 \u00a0AVRUPAPRESS<\/strong><\/p>\n<p>&nbsp;<\/p>\n","protected":false},"excerpt":{"rendered":"<p>Eski\u015fehir merkezli olarak yay\u0131nlanan K\u00f6pr\u00fcba\u015f\u0131 Edebiyat Dergisi kurulu\u015funun 3. Y\u0131l\u0131n\u0131 etkinliklerle kutlad\u0131. Ta\u015fba\u015f\u0131 K\u00fclt\u00fcr Merkezi K\u0131rm\u0131z\u0131 Salonda ger\u00e7ekle\u015ftirilen resim sergisi ve \u015fiir dinletisi protokol ve sanatseverlerin yo\u011fun ilgisiyle kar\u015f\u0131land\u0131. Etkinliklere; Odunpazar\u0131 Belediye Ba\u015fkan\u0131 Kaz\u0131m Kurt ve Mihal\u0131\u00e7\u00e7\u0131k Belediye Ba\u015fkan\u0131 Haydar \u00c7orum ile Eski\u015fehir\u2019de kurulu bulunan sanat, edebiyat ve k\u00fclt\u00fcr derneklerinin ba\u015fkanlar\u0131yla \u00fcyeleri de kat\u0131ld\u0131. Programlara; [&hellip;]<\/p>\n","protected":false},"author":3,"featured_media":28133,"comment_status":"closed","ping_status":"open","sticky":false,"template":"","format":"standard","meta":{"footnotes":""},"categories":[14,16,3,17,18,15,19,2,1],"tags":[],"class_list":["post-28132","post","type-post","status-publish","format-standard","has-post-thumbnail","hentry","category-avrupa","category-belcika","category-dunya","category-ekonomi","category-kultur-sanat","category-spor","category-tanitim","category-turkiye","category-uncategorized"],"yoast_head":"<!-- This site is optimized with the Yoast SEO plugin v26.9 - https:\/\/yoast.com\/product\/yoast-seo-wordpress\/ -->\n<title>K\u00d6PR\u00dcBA\u015eI EDEB\u0130YAT DERG\u0130S\u0130NDEN CO\u015eKULU 3.YIL KUTLAMASI - AvrupaPress<\/title>\n<meta name=\"robots\" content=\"index, follow, max-snippet:-1, max-image-preview:large, max-video-preview:-1\" \/>\n<link rel=\"canonical\" href=\"https:\/\/avrupapress.com\/main\/2025\/02\/03\/koprubasi-edebiyat-dergisinden-coskulu-3-yil-kutlamasi\/\" \/>\n<meta property=\"og:locale\" content=\"fr_FR\" \/>\n<meta property=\"og:type\" content=\"article\" \/>\n<meta property=\"og:title\" content=\"K\u00d6PR\u00dcBA\u015eI EDEB\u0130YAT DERG\u0130S\u0130NDEN CO\u015eKULU 3.YIL KUTLAMASI - AvrupaPress\" \/>\n<meta property=\"og:description\" content=\"Eski\u015fehir merkezli olarak yay\u0131nlanan K\u00f6pr\u00fcba\u015f\u0131 Edebiyat Dergisi kurulu\u015funun 3. Y\u0131l\u0131n\u0131 etkinliklerle kutlad\u0131. Ta\u015fba\u015f\u0131 K\u00fclt\u00fcr Merkezi K\u0131rm\u0131z\u0131 Salonda ger\u00e7ekle\u015ftirilen resim sergisi ve \u015fiir dinletisi protokol ve sanatseverlerin yo\u011fun ilgisiyle kar\u015f\u0131land\u0131. Etkinliklere; Odunpazar\u0131 Belediye Ba\u015fkan\u0131 Kaz\u0131m Kurt ve Mihal\u0131\u00e7\u00e7\u0131k Belediye Ba\u015fkan\u0131 Haydar \u00c7orum ile Eski\u015fehir\u2019de kurulu bulunan sanat, edebiyat ve k\u00fclt\u00fcr derneklerinin ba\u015fkanlar\u0131yla \u00fcyeleri de kat\u0131ld\u0131. Programlara; [&hellip;]\" \/>\n<meta property=\"og:url\" content=\"https:\/\/avrupapress.com\/main\/2025\/02\/03\/koprubasi-edebiyat-dergisinden-coskulu-3-yil-kutlamasi\/\" \/>\n<meta property=\"og:site_name\" content=\"AvrupaPress\" \/>\n<meta property=\"article:published_time\" content=\"2025-02-03T21:36:34+00:00\" \/>\n<meta property=\"article:modified_time\" content=\"2025-02-03T21:36:44+00:00\" \/>\n<meta property=\"og:image\" content=\"https:\/\/avrupapress.com\/main\/wp-content\/uploads\/2025\/02\/thumbnail_IMG-20250203-WA0013.jpg\" \/>\n\t<meta property=\"og:image:width\" content=\"1600\" \/>\n\t<meta property=\"og:image:height\" content=\"1200\" \/>\n\t<meta property=\"og:image:type\" content=\"image\/jpeg\" \/>\n<meta name=\"author\" content=\"Edit\u00f6r\" \/>\n<meta name=\"twitter:card\" content=\"summary_large_image\" \/>\n<meta name=\"twitter:label1\" content=\"\u00c9crit par\" \/>\n\t<meta name=\"twitter:data1\" content=\"Edit\u00f6r\" \/>\n\t<meta name=\"twitter:label2\" content=\"Dur\u00e9e de lecture est.\" \/>\n\t<meta name=\"twitter:data2\" content=\"3 minutes\" \/>\n<script type=\"application\/ld+json\" class=\"yoast-schema-graph\">{\"@context\":\"https:\/\/schema.org\",\"@graph\":[{\"@type\":\"Article\",\"@id\":\"https:\/\/avrupapress.com\/main\/2025\/02\/03\/koprubasi-edebiyat-dergisinden-coskulu-3-yil-kutlamasi\/#article\",\"isPartOf\":{\"@id\":\"https:\/\/avrupapress.com\/main\/2025\/02\/03\/koprubasi-edebiyat-dergisinden-coskulu-3-yil-kutlamasi\/\"},\"author\":{\"name\":\"Edit\u00f6r\",\"@id\":\"https:\/\/avrupapress.com\/#\/schema\/person\/68428444ec60970d1e1b700cf4ca1e8f\"},\"headline\":\"K\u00d6PR\u00dcBA\u015eI EDEB\u0130YAT DERG\u0130S\u0130NDEN CO\u015eKULU 3.YIL KUTLAMASI\",\"datePublished\":\"2025-02-03T21:36:34+00:00\",\"dateModified\":\"2025-02-03T21:36:44+00:00\",\"mainEntityOfPage\":{\"@id\":\"https:\/\/avrupapress.com\/main\/2025\/02\/03\/koprubasi-edebiyat-dergisinden-coskulu-3-yil-kutlamasi\/\"},\"wordCount\":476,\"publisher\":{\"@id\":\"https:\/\/avrupapress.com\/#\/schema\/person\/0223dca19c72c43575bf30d1a2d8f4fa\"},\"image\":{\"@id\":\"https:\/\/avrupapress.com\/main\/2025\/02\/03\/koprubasi-edebiyat-dergisinden-coskulu-3-yil-kutlamasi\/#primaryimage\"},\"thumbnailUrl\":\"https:\/\/avrupapress.com\/main\/wp-content\/uploads\/2025\/02\/thumbnail_IMG-20250203-WA0013.jpg\",\"articleSection\":[\"Avrupa\",\"Bel\u00e7ika\",\"D\u00fcnya\",\"Ekonomi\",\"K\u00fclt\u00fcr-Sanat\",\"Spor\",\"Tan\u0131t\u0131m\",\"T\u00fcrkiye\",\"Uncategorized\"],\"inLanguage\":\"fr-BE\"},{\"@type\":\"WebPage\",\"@id\":\"https:\/\/avrupapress.com\/main\/2025\/02\/03\/koprubasi-edebiyat-dergisinden-coskulu-3-yil-kutlamasi\/\",\"url\":\"https:\/\/avrupapress.com\/main\/2025\/02\/03\/koprubasi-edebiyat-dergisinden-coskulu-3-yil-kutlamasi\/\",\"name\":\"K\u00d6PR\u00dcBA\u015eI EDEB\u0130YAT DERG\u0130S\u0130NDEN CO\u015eKULU 3.YIL KUTLAMASI - AvrupaPress\",\"isPartOf\":{\"@id\":\"https:\/\/avrupapress.com\/#website\"},\"primaryImageOfPage\":{\"@id\":\"https:\/\/avrupapress.com\/main\/2025\/02\/03\/koprubasi-edebiyat-dergisinden-coskulu-3-yil-kutlamasi\/#primaryimage\"},\"image\":{\"@id\":\"https:\/\/avrupapress.com\/main\/2025\/02\/03\/koprubasi-edebiyat-dergisinden-coskulu-3-yil-kutlamasi\/#primaryimage\"},\"thumbnailUrl\":\"https:\/\/avrupapress.com\/main\/wp-content\/uploads\/2025\/02\/thumbnail_IMG-20250203-WA0013.jpg\",\"datePublished\":\"2025-02-03T21:36:34+00:00\",\"dateModified\":\"2025-02-03T21:36:44+00:00\",\"breadcrumb\":{\"@id\":\"https:\/\/avrupapress.com\/main\/2025\/02\/03\/koprubasi-edebiyat-dergisinden-coskulu-3-yil-kutlamasi\/#breadcrumb\"},\"inLanguage\":\"fr-BE\",\"potentialAction\":[{\"@type\":\"ReadAction\",\"target\":[\"https:\/\/avrupapress.com\/main\/2025\/02\/03\/koprubasi-edebiyat-dergisinden-coskulu-3-yil-kutlamasi\/\"]}]},{\"@type\":\"ImageObject\",\"inLanguage\":\"fr-BE\",\"@id\":\"https:\/\/avrupapress.com\/main\/2025\/02\/03\/koprubasi-edebiyat-dergisinden-coskulu-3-yil-kutlamasi\/#primaryimage\",\"url\":\"https:\/\/avrupapress.com\/main\/wp-content\/uploads\/2025\/02\/thumbnail_IMG-20250203-WA0013.jpg\",\"contentUrl\":\"https:\/\/avrupapress.com\/main\/wp-content\/uploads\/2025\/02\/thumbnail_IMG-20250203-WA0013.jpg\",\"width\":1600,\"height\":1200},{\"@type\":\"BreadcrumbList\",\"@id\":\"https:\/\/avrupapress.com\/main\/2025\/02\/03\/koprubasi-edebiyat-dergisinden-coskulu-3-yil-kutlamasi\/#breadcrumb\",\"itemListElement\":[{\"@type\":\"ListItem\",\"position\":1,\"name\":\"Anasayfa\",\"item\":\"https:\/\/avrupapress.com\/\"},{\"@type\":\"ListItem\",\"position\":2,\"name\":\"K\u00d6PR\u00dcBA\u015eI EDEB\u0130YAT DERG\u0130S\u0130NDEN CO\u015eKULU 3.YIL KUTLAMASI\"}]},{\"@type\":\"WebSite\",\"@id\":\"https:\/\/avrupapress.com\/#website\",\"url\":\"https:\/\/avrupapress.com\/\",\"name\":\"AvrupaPress\",\"description\":\"Haberin Adresi\",\"publisher\":{\"@id\":\"https:\/\/avrupapress.com\/#\/schema\/person\/0223dca19c72c43575bf30d1a2d8f4fa\"},\"potentialAction\":[{\"@type\":\"SearchAction\",\"target\":{\"@type\":\"EntryPoint\",\"urlTemplate\":\"https:\/\/avrupapress.com\/?s={search_term_string}\"},\"query-input\":{\"@type\":\"PropertyValueSpecification\",\"valueRequired\":true,\"valueName\":\"search_term_string\"}}],\"inLanguage\":\"fr-BE\"},{\"@type\":[\"Person\",\"Organization\"],\"@id\":\"https:\/\/avrupapress.com\/#\/schema\/person\/0223dca19c72c43575bf30d1a2d8f4fa\",\"name\":\"Bilgin \u00d6z\u00e7ift\u00e7i\",\"image\":{\"@type\":\"ImageObject\",\"inLanguage\":\"fr-BE\",\"@id\":\"https:\/\/avrupapress.com\/#\/schema\/person\/image\/\",\"url\":\"https:\/\/secure.gravatar.com\/avatar\/0f23b280433a21e1ea7a0adcc46ed0ad16afe3ad8e630fd13d8a017dcbd54ef3?s=96&d=mm&r=g\",\"contentUrl\":\"https:\/\/secure.gravatar.com\/avatar\/0f23b280433a21e1ea7a0adcc46ed0ad16afe3ad8e630fd13d8a017dcbd54ef3?s=96&d=mm&r=g\",\"caption\":\"Bilgin \u00d6z\u00e7ift\u00e7i\"},\"logo\":{\"@id\":\"https:\/\/avrupapress.com\/#\/schema\/person\/image\/\"},\"description\":\"Ne ben, nede sen... Biz ancak \\\"biz\\\" olursak g\u00fc\u00e7l\u00fc olabiliriz\"},{\"@type\":\"Person\",\"@id\":\"https:\/\/avrupapress.com\/#\/schema\/person\/68428444ec60970d1e1b700cf4ca1e8f\",\"name\":\"Edit\u00f6r\",\"image\":{\"@type\":\"ImageObject\",\"inLanguage\":\"fr-BE\",\"@id\":\"https:\/\/avrupapress.com\/#\/schema\/person\/image\/\",\"url\":\"https:\/\/secure.gravatar.com\/avatar\/74996b0977aa5f1559ba9883776652508b229005c0d78fb2597897f0bd651c09?s=96&d=mm&r=g\",\"contentUrl\":\"https:\/\/secure.gravatar.com\/avatar\/74996b0977aa5f1559ba9883776652508b229005c0d78fb2597897f0bd651c09?s=96&d=mm&r=g\",\"caption\":\"Edit\u00f6r\"},\"sameAs\":[\"http:\/\/www.avrupapress.com\"],\"url\":\"https:\/\/avrupapress.com\/main\/author\/editor\/\"}]}<\/script>\n<!-- \/ Yoast SEO plugin. -->","yoast_head_json":{"title":"K\u00d6PR\u00dcBA\u015eI EDEB\u0130YAT DERG\u0130S\u0130NDEN CO\u015eKULU 3.YIL KUTLAMASI - AvrupaPress","robots":{"index":"index","follow":"follow","max-snippet":"max-snippet:-1","max-image-preview":"max-image-preview:large","max-video-preview":"max-video-preview:-1"},"canonical":"https:\/\/avrupapress.com\/main\/2025\/02\/03\/koprubasi-edebiyat-dergisinden-coskulu-3-yil-kutlamasi\/","og_locale":"fr_FR","og_type":"article","og_title":"K\u00d6PR\u00dcBA\u015eI EDEB\u0130YAT DERG\u0130S\u0130NDEN CO\u015eKULU 3.YIL KUTLAMASI - AvrupaPress","og_description":"Eski\u015fehir merkezli olarak yay\u0131nlanan K\u00f6pr\u00fcba\u015f\u0131 Edebiyat Dergisi kurulu\u015funun 3. Y\u0131l\u0131n\u0131 etkinliklerle kutlad\u0131. Ta\u015fba\u015f\u0131 K\u00fclt\u00fcr Merkezi K\u0131rm\u0131z\u0131 Salonda ger\u00e7ekle\u015ftirilen resim sergisi ve \u015fiir dinletisi protokol ve sanatseverlerin yo\u011fun ilgisiyle kar\u015f\u0131land\u0131. Etkinliklere; Odunpazar\u0131 Belediye Ba\u015fkan\u0131 Kaz\u0131m Kurt ve Mihal\u0131\u00e7\u00e7\u0131k Belediye Ba\u015fkan\u0131 Haydar \u00c7orum ile Eski\u015fehir\u2019de kurulu bulunan sanat, edebiyat ve k\u00fclt\u00fcr derneklerinin ba\u015fkanlar\u0131yla \u00fcyeleri de kat\u0131ld\u0131. Programlara; [&hellip;]","og_url":"https:\/\/avrupapress.com\/main\/2025\/02\/03\/koprubasi-edebiyat-dergisinden-coskulu-3-yil-kutlamasi\/","og_site_name":"AvrupaPress","article_published_time":"2025-02-03T21:36:34+00:00","article_modified_time":"2025-02-03T21:36:44+00:00","og_image":[{"width":1600,"height":1200,"url":"https:\/\/avrupapress.com\/main\/wp-content\/uploads\/2025\/02\/thumbnail_IMG-20250203-WA0013.jpg","type":"image\/jpeg"}],"author":"Edit\u00f6r","twitter_card":"summary_large_image","twitter_misc":{"\u00c9crit par":"Edit\u00f6r","Dur\u00e9e de lecture est.":"3 minutes"},"schema":{"@context":"https:\/\/schema.org","@graph":[{"@type":"Article","@id":"https:\/\/avrupapress.com\/main\/2025\/02\/03\/koprubasi-edebiyat-dergisinden-coskulu-3-yil-kutlamasi\/#article","isPartOf":{"@id":"https:\/\/avrupapress.com\/main\/2025\/02\/03\/koprubasi-edebiyat-dergisinden-coskulu-3-yil-kutlamasi\/"},"author":{"name":"Edit\u00f6r","@id":"https:\/\/avrupapress.com\/#\/schema\/person\/68428444ec60970d1e1b700cf4ca1e8f"},"headline":"K\u00d6PR\u00dcBA\u015eI EDEB\u0130YAT DERG\u0130S\u0130NDEN CO\u015eKULU 3.YIL KUTLAMASI","datePublished":"2025-02-03T21:36:34+00:00","dateModified":"2025-02-03T21:36:44+00:00","mainEntityOfPage":{"@id":"https:\/\/avrupapress.com\/main\/2025\/02\/03\/koprubasi-edebiyat-dergisinden-coskulu-3-yil-kutlamasi\/"},"wordCount":476,"publisher":{"@id":"https:\/\/avrupapress.com\/#\/schema\/person\/0223dca19c72c43575bf30d1a2d8f4fa"},"image":{"@id":"https:\/\/avrupapress.com\/main\/2025\/02\/03\/koprubasi-edebiyat-dergisinden-coskulu-3-yil-kutlamasi\/#primaryimage"},"thumbnailUrl":"https:\/\/avrupapress.com\/main\/wp-content\/uploads\/2025\/02\/thumbnail_IMG-20250203-WA0013.jpg","articleSection":["Avrupa","Bel\u00e7ika","D\u00fcnya","Ekonomi","K\u00fclt\u00fcr-Sanat","Spor","Tan\u0131t\u0131m","T\u00fcrkiye","Uncategorized"],"inLanguage":"fr-BE"},{"@type":"WebPage","@id":"https:\/\/avrupapress.com\/main\/2025\/02\/03\/koprubasi-edebiyat-dergisinden-coskulu-3-yil-kutlamasi\/","url":"https:\/\/avrupapress.com\/main\/2025\/02\/03\/koprubasi-edebiyat-dergisinden-coskulu-3-yil-kutlamasi\/","name":"K\u00d6PR\u00dcBA\u015eI EDEB\u0130YAT DERG\u0130S\u0130NDEN CO\u015eKULU 3.YIL KUTLAMASI - AvrupaPress","isPartOf":{"@id":"https:\/\/avrupapress.com\/#website"},"primaryImageOfPage":{"@id":"https:\/\/avrupapress.com\/main\/2025\/02\/03\/koprubasi-edebiyat-dergisinden-coskulu-3-yil-kutlamasi\/#primaryimage"},"image":{"@id":"https:\/\/avrupapress.com\/main\/2025\/02\/03\/koprubasi-edebiyat-dergisinden-coskulu-3-yil-kutlamasi\/#primaryimage"},"thumbnailUrl":"https:\/\/avrupapress.com\/main\/wp-content\/uploads\/2025\/02\/thumbnail_IMG-20250203-WA0013.jpg","datePublished":"2025-02-03T21:36:34+00:00","dateModified":"2025-02-03T21:36:44+00:00","breadcrumb":{"@id":"https:\/\/avrupapress.com\/main\/2025\/02\/03\/koprubasi-edebiyat-dergisinden-coskulu-3-yil-kutlamasi\/#breadcrumb"},"inLanguage":"fr-BE","potentialAction":[{"@type":"ReadAction","target":["https:\/\/avrupapress.com\/main\/2025\/02\/03\/koprubasi-edebiyat-dergisinden-coskulu-3-yil-kutlamasi\/"]}]},{"@type":"ImageObject","inLanguage":"fr-BE","@id":"https:\/\/avrupapress.com\/main\/2025\/02\/03\/koprubasi-edebiyat-dergisinden-coskulu-3-yil-kutlamasi\/#primaryimage","url":"https:\/\/avrupapress.com\/main\/wp-content\/uploads\/2025\/02\/thumbnail_IMG-20250203-WA0013.jpg","contentUrl":"https:\/\/avrupapress.com\/main\/wp-content\/uploads\/2025\/02\/thumbnail_IMG-20250203-WA0013.jpg","width":1600,"height":1200},{"@type":"BreadcrumbList","@id":"https:\/\/avrupapress.com\/main\/2025\/02\/03\/koprubasi-edebiyat-dergisinden-coskulu-3-yil-kutlamasi\/#breadcrumb","itemListElement":[{"@type":"ListItem","position":1,"name":"Anasayfa","item":"https:\/\/avrupapress.com\/"},{"@type":"ListItem","position":2,"name":"K\u00d6PR\u00dcBA\u015eI EDEB\u0130YAT DERG\u0130S\u0130NDEN CO\u015eKULU 3.YIL KUTLAMASI"}]},{"@type":"WebSite","@id":"https:\/\/avrupapress.com\/#website","url":"https:\/\/avrupapress.com\/","name":"AvrupaPress","description":"Haberin Adresi","publisher":{"@id":"https:\/\/avrupapress.com\/#\/schema\/person\/0223dca19c72c43575bf30d1a2d8f4fa"},"potentialAction":[{"@type":"SearchAction","target":{"@type":"EntryPoint","urlTemplate":"https:\/\/avrupapress.com\/?s={search_term_string}"},"query-input":{"@type":"PropertyValueSpecification","valueRequired":true,"valueName":"search_term_string"}}],"inLanguage":"fr-BE"},{"@type":["Person","Organization"],"@id":"https:\/\/avrupapress.com\/#\/schema\/person\/0223dca19c72c43575bf30d1a2d8f4fa","name":"Bilgin \u00d6z\u00e7ift\u00e7i","image":{"@type":"ImageObject","inLanguage":"fr-BE","@id":"https:\/\/avrupapress.com\/#\/schema\/person\/image\/","url":"https:\/\/secure.gravatar.com\/avatar\/0f23b280433a21e1ea7a0adcc46ed0ad16afe3ad8e630fd13d8a017dcbd54ef3?s=96&d=mm&r=g","contentUrl":"https:\/\/secure.gravatar.com\/avatar\/0f23b280433a21e1ea7a0adcc46ed0ad16afe3ad8e630fd13d8a017dcbd54ef3?s=96&d=mm&r=g","caption":"Bilgin \u00d6z\u00e7ift\u00e7i"},"logo":{"@id":"https:\/\/avrupapress.com\/#\/schema\/person\/image\/"},"description":"Ne ben, nede sen... Biz ancak \"biz\" olursak g\u00fc\u00e7l\u00fc olabiliriz"},{"@type":"Person","@id":"https:\/\/avrupapress.com\/#\/schema\/person\/68428444ec60970d1e1b700cf4ca1e8f","name":"Edit\u00f6r","image":{"@type":"ImageObject","inLanguage":"fr-BE","@id":"https:\/\/avrupapress.com\/#\/schema\/person\/image\/","url":"https:\/\/secure.gravatar.com\/avatar\/74996b0977aa5f1559ba9883776652508b229005c0d78fb2597897f0bd651c09?s=96&d=mm&r=g","contentUrl":"https:\/\/secure.gravatar.com\/avatar\/74996b0977aa5f1559ba9883776652508b229005c0d78fb2597897f0bd651c09?s=96&d=mm&r=g","caption":"Edit\u00f6r"},"sameAs":["http:\/\/www.avrupapress.com"],"url":"https:\/\/avrupapress.com\/main\/author\/editor\/"}]}},"_links":{"self":[{"href":"https:\/\/avrupapress.com\/main\/wp-json\/wp\/v2\/posts\/28132","targetHints":{"allow":["GET"]}}],"collection":[{"href":"https:\/\/avrupapress.com\/main\/wp-json\/wp\/v2\/posts"}],"about":[{"href":"https:\/\/avrupapress.com\/main\/wp-json\/wp\/v2\/types\/post"}],"author":[{"embeddable":true,"href":"https:\/\/avrupapress.com\/main\/wp-json\/wp\/v2\/users\/3"}],"replies":[{"embeddable":true,"href":"https:\/\/avrupapress.com\/main\/wp-json\/wp\/v2\/comments?post=28132"}],"version-history":[{"count":1,"href":"https:\/\/avrupapress.com\/main\/wp-json\/wp\/v2\/posts\/28132\/revisions"}],"predecessor-version":[{"id":28139,"href":"https:\/\/avrupapress.com\/main\/wp-json\/wp\/v2\/posts\/28132\/revisions\/28139"}],"wp:featuredmedia":[{"embeddable":true,"href":"https:\/\/avrupapress.com\/main\/wp-json\/wp\/v2\/media\/28133"}],"wp:attachment":[{"href":"https:\/\/avrupapress.com\/main\/wp-json\/wp\/v2\/media?parent=28132"}],"wp:term":[{"taxonomy":"category","embeddable":true,"href":"https:\/\/avrupapress.com\/main\/wp-json\/wp\/v2\/categories?post=28132"},{"taxonomy":"post_tag","embeddable":true,"href":"https:\/\/avrupapress.com\/main\/wp-json\/wp\/v2\/tags?post=28132"}],"curies":[{"name":"wp","href":"https:\/\/api.w.org\/{rel}","templated":true}]}}