{"id":27869,"date":"2025-01-03T21:00:20","date_gmt":"2025-01-03T21:00:20","guid":{"rendered":"https:\/\/avrupapress.com\/main\/?p=27869"},"modified":"2025-01-03T21:00:27","modified_gmt":"2025-01-03T21:00:27","slug":"tiroit-ve-iyot-iliskisi-sagligimiz-icin-cok-onemlidir","status":"publish","type":"post","link":"https:\/\/avrupapress.com\/main\/2025\/01\/03\/tiroit-ve-iyot-iliskisi-sagligimiz-icin-cok-onemlidir\/","title":{"rendered":"\u2018\u2019T\u0130RO\u0130T ve \u0130YOT \u0130L\u0130\u015eK\u0130S\u0130\u2019\u2019 SA\u011eLI\u011eIMIZ \u0130\u00c7\u0130N \u00c7OK \u00d6NEML\u0130D\u0130R"},"content":{"rendered":"<div dir=\"auto\">\n<div dir=\"auto\" data-olk-copy-source=\"MessageBody\">HABER \/ FOTO\u011eRAF: ERTU\u011eRUL ALTINEL -B\u0130LG\u0130N \u00d6Z\u00c7\u0130FT\u00c7\u0130 \u2013 AVRUPA PRESS \u2013 BEL\u00c7\u0130KA.<\/div>\n<div dir=\"auto\"><\/div>\n<div dir=\"auto\">Op. Dr. Kay\u0131han \u00c7a\u011flar (\u00dcnl\u00fc Cerrah)<\/div>\n<div dir=\"auto\"><\/div>\n<div dir=\"auto\">ANADOLU HASTANES\u0130- ESK\u0130\u015eEH\u0130R<\/div>\n<div dir=\"auto\"><\/div>\n<div dir=\"auto\">\u0130YOT; insan hayat\u0131 i\u00e7in \u00f6nemli bir eser elementtir. V\u00fccudumuzda boynumuzun \u00f6n taraf\u0131nda bulunan tiroit bezinin yeterli hormon salg\u0131layabilmesi i\u00e7in g\u00fcnl\u00fck en az 150 mikrogram (bir \u00e7ay ka\u015f\u0131\u011f\u0131) iyodun g\u0131dalar ve suyla al\u0131nmas\u0131 gerekir. T\u00fcrkiye&rsquo;de b\u00f6lgelere g\u00f6re de\u011fi\u015fmek \u00fczere %5-56 oran\u0131nda guatr (tiroit bezinin b\u00fcy\u00fcmesi hastal\u0131\u011f\u0131) vard\u0131r. Endemik guatr yani belli bir b\u00f6lgede salg\u0131n olmaks\u0131z\u0131n s\u0131k g\u00f6r\u00fclen guatr sebepleri aras\u0131nda beslenmeyle al\u0131nan baz\u0131 maddeler, baz\u0131 mikroorganizmalar veya iyot d\u0131\u015f\u0131 birtak\u0131m eser elementler su\u00e7lansa da etkisi gayet iyi bilinen ve koruyucu ve \u00f6nleyici yakla\u015f\u0131mlarla guatr s\u0131kl\u0131\u011f\u0131n\u0131n azald\u0131\u011f\u0131 g\u00f6sterilen en \u00f6nemli unsur, iyot eksikli\u011fidir (\u0130E).<\/div>\n<div dir=\"auto\"><\/div>\n<div dir=\"auto\">Ancak \u0130E\u2019 nin endemik guatr d\u0131\u015f\u0131nda da \u00e7ok \u00f6nemli sonu\u00e7lar\u0131 vard\u0131r ve bunlar iyot eksikli\u011fi hastal\u0131klar\u0131 (\u0130EH) olarak adland\u0131r\u0131l\u0131r. \u0130EH\u2019 lar\u0131 genel kan\u0131n\u0131n aksine sadece guatr ile k\u0131s\u0131tl\u0131 de\u011fildir, \u00e7ok \u00e7e\u015fitli ve geri d\u00f6n\u00fc\u015f\u00fcms\u00fcz n\u00f6rolojik bozukluklar dahil olmak \u00fczere \u00e7ok da \u00f6nemli hastal\u0131klard\u0131r. \u00d6te yandan iyot fazlal\u0131\u011f\u0131 da toplumda artan otoimm\u00fcn tiroit hastal\u0131klar\u0131 ile birlikte g\u00f6r\u00fclmektedir. Bu durumda, toplumlar\u0131n iyot d\u00fczeylerini belirli s\u0131n\u0131rlarda tutmak b\u00fcy\u00fck \u00f6nem kazanmaktad\u0131r.<\/div>\n<div dir=\"auto\"><\/div>\n<div dir=\"auto\">\u0130yot, beyin geli\u015fimi i\u00e7in gerekli olan tiroit hormonlar\u0131n\u0131n \u00fcretiminde \u00f6nemli bir elementtir. Anne karn\u0131nda ve erken \u00e7ocukluk d\u00f6neminde \u0130E\u2019 ye maruz kalmak, beyin geli\u015fimini olumsuz y\u00f6nde etkilemektedir. \u0130E i\u00e7in en kritik d\u00f6nem, beyin geli\u015fiminin b\u00fcy\u00fck oranda tamamland\u0131\u011f\u0131 gebeli\u011fin ikinci \u00fc\u00e7 ay\u0131 ile \u00fc\u00e7 ya\u015f aral\u0131\u011f\u0131d\u0131r. \u0130yot eksikli\u011fi, t\u00fcm d\u00fcnyada d\u00fczeltilebilir zek\u00e2 gerili\u011finin en \u00f6nemli sebebidir.<\/div>\n<div dir=\"auto\"><\/div>\n<div dir=\"auto\">1960 y\u0131l\u0131nda D\u00fcnya Sa\u011fl\u0131k \u00d6rg\u00fct\u00fc (DS\u00d6), d\u00fcnyada guatr oranlar\u0131n\u0131n y\u00fczde 50 civar\u0131nda oldu\u011funu belirten bir rapor yay\u0131mlam\u0131\u015ft\u0131r. Bu rapordan sonra, 1993 y\u0131l\u0131nda, 110 \u00fclkede, 655 milyon ki\u015fide yap\u0131lan taramalarda, guatr\u0131n g\u00f6r\u00fclme s\u0131kl\u0131\u011f\u0131n\u0131n y\u00fczde 12 oldu\u011fu belirtilmi\u015f ve d\u00fcnyada, \u0130E bir halk sa\u011fl\u0131\u011f\u0131 problemi olarak kabul edilmi\u015ftir. Ulusal d\u00fczeyde, tuzlar\u0131n \u0130yotlanmas\u0131 vas\u0131tas\u0131yla \u0130E ile m\u00fccadeleye ba\u015flanm\u0131\u015ft\u0131r.<\/div>\n<div dir=\"auto\"><\/div>\n<div dir=\"auto\">T\u00fcrkiye i\u00e7in de endemik guatr ve \u0130E, \u00f6nemli bir halk sa\u011fl\u0131\u011f\u0131 problemidir. \u00dclkemizde t\u00fcm sofra tuzlar\u0131n\u0131n zorunlu olarak iyotlanmas\u0131 i\u00e7in gerekli yasal d\u00fczenlemeler Temmuz 1999 tarihinde tamamlanm\u0131\u015f ve 2000\u2019li y\u0131llarda \u00fclkemizde iyotlu tuz kullan\u0131m\u0131 yayg\u0131nla\u015ft\u0131r\u0131lm\u0131\u015ft\u0131r. Eski\u015fehir ilimizde iyotlu tuz kullan\u0131m\u0131 oran\u0131, 1996\u2019da y\u00fczde 12.6 iken, yap\u0131lan \u00e7al\u0131\u015fmalar sonucunda 2002\u2019de y\u00fczde 65,5 olarak belirlenmi\u015ftir. Sofra tuzlar\u0131n\u0131n iyotlanmas\u0131 1999 y\u0131l\u0131nda zorunlu hale geldikten sonra yap\u0131lan \u00e7al\u0131\u015fmalarda ise \u0130E\u2019 nin \u00fclkemizde okul \u00e7a\u011f\u0131 \u00e7ocuklar aras\u0131nda pek \u00e7ok il merkezinde anlaml\u0131 olarak d\u00fczeldi\u011fi, ancak \u00f6zellikle k\u0131rsal a\u011f\u0131rl\u0131kl\u0131 baz\u0131 b\u00f6lgelerde halen hafif orta derecede devam etti\u011fi g\u00f6sterilmi\u015ftir.<\/div>\n<div dir=\"auto\"><\/div>\n<div dir=\"auto\">GEBEL\u0130KTE \u0130YOT ELZEMD\u0130R<\/div>\n<div dir=\"auto\"><\/div>\n<div dir=\"auto\">Gebelikte, emzirme d\u00f6neminde ve erken \u00e7ocukluk d\u00f6neminde (&lt;2 ya\u015f) iyot ihtiyac\u0131 artmaktad\u0131r. DS\u00d6, bu d\u00f6nemlerde g\u00fcnl\u00fck iyot al\u0131m\u0131n\u0131 s\u0131ras\u0131yla; 250, 250 ve 90 \u00b5g\/g\u00fcn olarak \u00f6nermektedir. Gebelik boyunca ciddi \u0130E olmas\u0131; \u00f6l\u00fc do\u011fum, abortus (d\u00fc\u015f\u00fck), plasenta (kordon) anomalileri, preeklampsi \u00a0(gebelik zehirlenmesi), postpartum hemoraji (do\u011fum sonras\u0131 a\u015f\u0131r\u0131 kanama), anemi (kans\u0131zl\u0131k), bebekte hipotiroidi (tiroit hormon yetmezli\u011fi), artm\u0131\u015f bebek \u00f6l\u00fcm h\u0131z\u0131, preterm (erken) do\u011fum, d\u00fc\u015f\u00fck do\u011fum a\u011f\u0131rl\u0131\u011f\u0131, yenido\u011fan\u0131n solunum stresi sendromu riskini artt\u0131rmaktad\u0131r. Annede ciddi \u0130E olmas\u0131 \u00e7ocukta zeka gerili\u011fi, boy k\u0131sal\u0131\u011f\u0131, sa\u011f\u0131rl\u0131k ve spastisite (kaslar\u0131n devaml\u0131 kas\u0131l\u0131 halde kalmas\u0131) \u00a0ile karakterize \u201ckretenizm\u201d \u00a0denilen bir hastal\u0131\u011fa sebep olabilir. Ciddi \u0130E olan b\u00f6lgelerde kretenizmin n\u00fcfusun y\u00fczde 5-15\u2019ini etkiledi\u011fi bilinmektedir. Annede g\u00f6r\u00fclen hafif-orta derecedeki \u0130E\u2019nin bile \u00e7ocuklar\u0131n zek\u00e2 geli\u015fimini etkileyebilece\u011fi g\u00f6sterilmi\u015ftir. Gebeli\u011finde hafif hipotiroidizm olan annelerin yedi-dokuz ya\u015f aras\u0131 \u00e7ocuklar\u0131n\u0131n IQ seviyelerinin, tiroit fonksiyonu normal olan annelerin \u00e7ocuklar\u0131ndan ortalama yedi puan daha d\u00fc\u015f\u00fck oldu\u011fu b\u00fcy\u00fck bir \u00e7al\u0131\u015fma ile ortaya konmu\u015ftur. D\u00fc\u015f\u00fck anne T4 d\u00fczeylerinin de bebe\u011fin psikomotor geli\u015fimini olumsuz etkiledi\u011fi g\u00f6sterilmi\u015ftir. Bu sebeple d\u00fcnyadaki t\u00fcm \u0130E b\u00f6lgelerindeki gebelerde ve emzirme d\u00f6nemindeki kad\u0131nlarda \u00f6nerildi\u011fi gibi, \u00fclkemizde de iyotlu tuza ilave olarak gebelerin 100-200 \u00b5g\/g\u00fcn civar\u0131nda bir iyot deste\u011fi almas\u0131 gebenin kendisi, fet\u00fcs ve yenido\u011fan\u0131n motor geli\u015fimi i\u00e7in \u00f6nemlidir. Emzirme tamamlan\u0131ncaya kadar bebe\u011fin tek iyot kayna\u011f\u0131n\u0131n anne s\u00fct\u00fc oldu\u011fu unutulmay\u0131p, iyotlu tuza ilave iyot deste\u011fine devam edilmesi \u00f6nerilmektedir. E\u011fer anne sigara i\u00e7erse s\u00fctle bebe\u011fe iyot ge\u00e7i\u015fi azalmaktad\u0131r. Bu nedenle emzirirken sigara i\u00e7mek sizin kadar \u00e7ocu\u011funuz i\u00e7in de zararl\u0131d\u0131r. E\u011fer sigara i\u00e7iliyorsa iyodun fazla al\u0131nmas\u0131 gerekir. S\u00fct veremeyen anneler i\u00e7in bebek iyotlu form\u00fcllerle desteklenmelidir. Anne s\u00fct veriyor, ancak hipertiroidi (tiroit hormon \u00fcretim fazlal\u0131l\u0131\u011f\u0131) sebebi ile iyot al\u0131m\u0131 k\u0131s\u0131tlanm\u0131\u015f ise bebek iyot deste\u011fi almal\u0131d\u0131r.<\/div>\n<div dir=\"auto\"><\/div>\n<div dir=\"auto\">K\u0130MLER \u0130YOTLU TUZ KULLANMAMALIDIR?<\/div>\n<div dir=\"auto\"><\/div>\n<div dir=\"auto\">Tuzlar\u0131n iyotlanmas\u0131 guatr hastal\u0131\u011f\u0131n\u0131n ortaya \u00e7\u0131k\u0131\u015f\u0131n\u0131 engellemekte ancak baz\u0131 ki\u015filerde a\u015f\u0131r\u0131 iyot al\u0131nmas\u0131 nedeniyle zararl\u0131 yan etkilere veya hastal\u0131klara neden olmaktad\u0131r. Piyasadaki tuzlar\u0131n iyotland\u0131\u011f\u0131 1999\u2019dan bu yana hipertiroidi dedi\u011fimiz tiroit bezinin a\u015f\u0131r\u0131 \u00e7al\u0131\u015fmas\u0131yla karakterize olan hastal\u0131k (halk aras\u0131nda buna zehirli guatr da denmektedir), giderek artan s\u0131kl\u0131kla kar\u015f\u0131m\u0131za \u00e7\u0131kmaya ba\u015flam\u0131\u015ft\u0131r. \u00a0Tiroit bezi az \u00e7al\u0131\u015fan hastalarda da (Hipotiroidisi olanlarda) iyotlu tuz bu hastal\u0131\u011f\u0131n daha da \u015fiddetlenmesine neden olmaktad\u0131r. Bu nedenle yemeklerimizde kullan\u0131lan tuzun iyotlu veya iyotsuz olmas\u0131 baz\u0131 hastalar veya ki\u015filer i\u00e7in b\u00fcy\u00fck \u00f6nem ta\u015f\u0131maktad\u0131r. Hipertiroidisi (tiroit bezi \u00e7ok \u00e7al\u0131\u015fanlar) olanlar ya da hipotiroidisi (tiroit bezi az \u00e7al\u0131\u015fanlar) olup otoimmun hastal\u0131\u011fa ba\u011fl\u0131 olan hastalar kesinlikle iyotsuz tuz t\u00fcketmelidirler. Bu t\u00fcr hastalar iyotlu tuz yedikleri takdirde hastal\u0131klar\u0131 \u015fiddetlenmektedir.<\/div>\n<div dir=\"auto\"><\/div>\n<div dir=\"auto\">Son s\u00f6z: Guatr hastal\u0131\u011f\u0131n\u0131 \u00f6nlemek i\u00e7in \u00f6nceden bilinen bir tiroit hastal\u0131\u011f\u0131 olmayan \u00e7ocuklar, eri\u015fkinler ve gebe kad\u0131nlar iyotlu tuz yemelidir. Hipertiroidisi (tiroit bezi \u00e7ok \u00e7al\u0131\u015fanlar) olanlar ya da hipotiroidisi (tiroit bezi az \u00e7al\u0131\u015fanlar) olup otoimmun hastal\u0131\u011fa ba\u011fl\u0131 olan hastalar kesinlikle iyotsuz tuz t\u00fcketmelidirler. \u0130yotsuz tuz, kendili\u011finden tuzluklu bir \u015fekilde sat\u0131lmaktad\u0131r. Bu tuzlar\u0131n \u00fczerinde veya etiketinde iyotsuz oldu\u011fu yazmaktad\u0131r. Sat\u0131n al\u0131rken buna dikkat etmek gerekir. Bu tuzlar\u0131 bulamayanlar ise kaya tuzu yemelidirler. Ailede bir ki\u015fi iyotsuz tuz yiyecekse yemekler tuzsuz pi\u015firilmeli ve herkes kendi tuzunu kullanmal\u0131d\u0131r. \u015een ve esen kal\u0131n\u0131z.<\/div>\n<div dir=\"auto\"><\/div>\n<div dir=\"auto\"><strong>Op. Dr. Kay\u0131han \u00c7A\u011eLAR (\u00dcNL\u00dc CERRAH)- Genel Cerrahi Uzman\u0131 | \u00d6zel Eski\u015fehir Anadolu Hastanesi 0.(222) 221 4848 \/ 320\u2026\u2026ESK\u0130\u015eEH\u0130R<\/strong><\/div>\n<div dir=\"auto\"><img loading=\"lazy\" decoding=\"async\" class=\"alignnone size-medium wp-image-27870\" src=\"https:\/\/avrupapress.com\/main\/wp-content\/uploads\/2025\/01\/thumbnail_IMG-20250102-WA0017-298x300.jpg\" alt=\"\" width=\"298\" height=\"300\" \/><\/div>\n<div dir=\"auto\"><\/div>\n<p><strong>HABER \/ FOTO\u011eRAF: ERTU\u011eRUL ALTINEL -B\u0130LG\u0130N \u00d6Z\u00c7\u0130FT\u00c7\u0130 \u2013 AVRUPA PRESS \u2013 BEL\u00c7\u0130KA.<\/strong><\/p>\n<\/div>\n<div id=\"x_ms-outlook-mobile-signature\" dir=\"auto\">\n<div><\/div>\n<\/div>\n","protected":false},"excerpt":{"rendered":"<p>HABER \/ FOTO\u011eRAF: ERTU\u011eRUL ALTINEL -B\u0130LG\u0130N \u00d6Z\u00c7\u0130FT\u00c7\u0130 \u2013 AVRUPA PRESS \u2013 BEL\u00c7\u0130KA. Op. Dr. Kay\u0131han \u00c7a\u011flar (\u00dcnl\u00fc Cerrah) ANADOLU HASTANES\u0130- ESK\u0130\u015eEH\u0130R \u0130YOT; insan hayat\u0131 i\u00e7in \u00f6nemli bir eser elementtir. V\u00fccudumuzda boynumuzun \u00f6n taraf\u0131nda bulunan tiroit bezinin yeterli hormon salg\u0131layabilmesi i\u00e7in g\u00fcnl\u00fck en az 150 mikrogram (bir \u00e7ay ka\u015f\u0131\u011f\u0131) iyodun g\u0131dalar ve suyla al\u0131nmas\u0131 gerekir. T\u00fcrkiye&rsquo;de [&hellip;]<\/p>\n","protected":false},"author":3,"featured_media":27870,"comment_status":"closed","ping_status":"open","sticky":false,"template":"","format":"standard","meta":{"footnotes":""},"categories":[14,16,3,17,18,15,19,2,1],"tags":[],"class_list":["post-27869","post","type-post","status-publish","format-standard","has-post-thumbnail","hentry","category-avrupa","category-belcika","category-dunya","category-ekonomi","category-kultur-sanat","category-spor","category-tanitim","category-turkiye","category-uncategorized"],"yoast_head":"<!-- This site is optimized with the Yoast SEO plugin v26.9 - https:\/\/yoast.com\/product\/yoast-seo-wordpress\/ -->\n<title>\u2018\u2019T\u0130RO\u0130T ve \u0130YOT \u0130L\u0130\u015eK\u0130S\u0130\u2019\u2019 SA\u011eLI\u011eIMIZ \u0130\u00c7\u0130N \u00c7OK \u00d6NEML\u0130D\u0130R - AvrupaPress<\/title>\n<meta name=\"robots\" content=\"index, follow, max-snippet:-1, max-image-preview:large, max-video-preview:-1\" \/>\n<link rel=\"canonical\" href=\"https:\/\/avrupapress.com\/main\/2025\/01\/03\/tiroit-ve-iyot-iliskisi-sagligimiz-icin-cok-onemlidir\/\" \/>\n<meta property=\"og:locale\" content=\"fr_FR\" \/>\n<meta property=\"og:type\" content=\"article\" \/>\n<meta property=\"og:title\" content=\"\u2018\u2019T\u0130RO\u0130T ve \u0130YOT \u0130L\u0130\u015eK\u0130S\u0130\u2019\u2019 SA\u011eLI\u011eIMIZ \u0130\u00c7\u0130N \u00c7OK \u00d6NEML\u0130D\u0130R - AvrupaPress\" \/>\n<meta property=\"og:description\" content=\"HABER \/ FOTO\u011eRAF: ERTU\u011eRUL ALTINEL -B\u0130LG\u0130N \u00d6Z\u00c7\u0130FT\u00c7\u0130 \u2013 AVRUPA PRESS \u2013 BEL\u00c7\u0130KA. Op. Dr. Kay\u0131han \u00c7a\u011flar (\u00dcnl\u00fc Cerrah) ANADOLU HASTANES\u0130- ESK\u0130\u015eEH\u0130R \u0130YOT; insan hayat\u0131 i\u00e7in \u00f6nemli bir eser elementtir. V\u00fccudumuzda boynumuzun \u00f6n taraf\u0131nda bulunan tiroit bezinin yeterli hormon salg\u0131layabilmesi i\u00e7in g\u00fcnl\u00fck en az 150 mikrogram (bir \u00e7ay ka\u015f\u0131\u011f\u0131) iyodun g\u0131dalar ve suyla al\u0131nmas\u0131 gerekir. T\u00fcrkiye&rsquo;de [&hellip;]\" \/>\n<meta property=\"og:url\" content=\"https:\/\/avrupapress.com\/main\/2025\/01\/03\/tiroit-ve-iyot-iliskisi-sagligimiz-icin-cok-onemlidir\/\" \/>\n<meta property=\"og:site_name\" content=\"AvrupaPress\" \/>\n<meta property=\"article:published_time\" content=\"2025-01-03T21:00:20+00:00\" \/>\n<meta property=\"article:modified_time\" content=\"2025-01-03T21:00:27+00:00\" \/>\n<meta property=\"og:image\" content=\"https:\/\/avrupapress.com\/main\/wp-content\/uploads\/2025\/01\/thumbnail_IMG-20250102-WA0017-e1735938012809.jpg\" \/>\n\t<meta property=\"og:image:width\" content=\"1587\" \/>\n\t<meta property=\"og:image:height\" content=\"1310\" \/>\n\t<meta property=\"og:image:type\" content=\"image\/jpeg\" \/>\n<meta name=\"author\" content=\"Edit\u00f6r\" \/>\n<meta name=\"twitter:card\" content=\"summary_large_image\" \/>\n<meta name=\"twitter:label1\" content=\"\u00c9crit par\" \/>\n\t<meta name=\"twitter:data1\" content=\"Edit\u00f6r\" \/>\n\t<meta name=\"twitter:label2\" content=\"Dur\u00e9e de lecture est.\" \/>\n\t<meta name=\"twitter:data2\" content=\"4 minutes\" \/>\n<script type=\"application\/ld+json\" class=\"yoast-schema-graph\">{\"@context\":\"https:\/\/schema.org\",\"@graph\":[{\"@type\":\"Article\",\"@id\":\"https:\/\/avrupapress.com\/main\/2025\/01\/03\/tiroit-ve-iyot-iliskisi-sagligimiz-icin-cok-onemlidir\/#article\",\"isPartOf\":{\"@id\":\"https:\/\/avrupapress.com\/main\/2025\/01\/03\/tiroit-ve-iyot-iliskisi-sagligimiz-icin-cok-onemlidir\/\"},\"author\":{\"name\":\"Edit\u00f6r\",\"@id\":\"https:\/\/avrupapress.com\/#\/schema\/person\/68428444ec60970d1e1b700cf4ca1e8f\"},\"headline\":\"\u2018\u2019T\u0130RO\u0130T ve \u0130YOT \u0130L\u0130\u015eK\u0130S\u0130\u2019\u2019 SA\u011eLI\u011eIMIZ \u0130\u00c7\u0130N \u00c7OK \u00d6NEML\u0130D\u0130R\",\"datePublished\":\"2025-01-03T21:00:20+00:00\",\"dateModified\":\"2025-01-03T21:00:27+00:00\",\"mainEntityOfPage\":{\"@id\":\"https:\/\/avrupapress.com\/main\/2025\/01\/03\/tiroit-ve-iyot-iliskisi-sagligimiz-icin-cok-onemlidir\/\"},\"wordCount\":1247,\"publisher\":{\"@id\":\"https:\/\/avrupapress.com\/#\/schema\/person\/0223dca19c72c43575bf30d1a2d8f4fa\"},\"image\":{\"@id\":\"https:\/\/avrupapress.com\/main\/2025\/01\/03\/tiroit-ve-iyot-iliskisi-sagligimiz-icin-cok-onemlidir\/#primaryimage\"},\"thumbnailUrl\":\"https:\/\/avrupapress.com\/main\/wp-content\/uploads\/2025\/01\/thumbnail_IMG-20250102-WA0017-e1735938012809.jpg\",\"articleSection\":[\"Avrupa\",\"Bel\u00e7ika\",\"D\u00fcnya\",\"Ekonomi\",\"K\u00fclt\u00fcr-Sanat\",\"Spor\",\"Tan\u0131t\u0131m\",\"T\u00fcrkiye\",\"Uncategorized\"],\"inLanguage\":\"fr-BE\"},{\"@type\":\"WebPage\",\"@id\":\"https:\/\/avrupapress.com\/main\/2025\/01\/03\/tiroit-ve-iyot-iliskisi-sagligimiz-icin-cok-onemlidir\/\",\"url\":\"https:\/\/avrupapress.com\/main\/2025\/01\/03\/tiroit-ve-iyot-iliskisi-sagligimiz-icin-cok-onemlidir\/\",\"name\":\"\u2018\u2019T\u0130RO\u0130T ve \u0130YOT \u0130L\u0130\u015eK\u0130S\u0130\u2019\u2019 SA\u011eLI\u011eIMIZ \u0130\u00c7\u0130N \u00c7OK \u00d6NEML\u0130D\u0130R - AvrupaPress\",\"isPartOf\":{\"@id\":\"https:\/\/avrupapress.com\/#website\"},\"primaryImageOfPage\":{\"@id\":\"https:\/\/avrupapress.com\/main\/2025\/01\/03\/tiroit-ve-iyot-iliskisi-sagligimiz-icin-cok-onemlidir\/#primaryimage\"},\"image\":{\"@id\":\"https:\/\/avrupapress.com\/main\/2025\/01\/03\/tiroit-ve-iyot-iliskisi-sagligimiz-icin-cok-onemlidir\/#primaryimage\"},\"thumbnailUrl\":\"https:\/\/avrupapress.com\/main\/wp-content\/uploads\/2025\/01\/thumbnail_IMG-20250102-WA0017-e1735938012809.jpg\",\"datePublished\":\"2025-01-03T21:00:20+00:00\",\"dateModified\":\"2025-01-03T21:00:27+00:00\",\"breadcrumb\":{\"@id\":\"https:\/\/avrupapress.com\/main\/2025\/01\/03\/tiroit-ve-iyot-iliskisi-sagligimiz-icin-cok-onemlidir\/#breadcrumb\"},\"inLanguage\":\"fr-BE\",\"potentialAction\":[{\"@type\":\"ReadAction\",\"target\":[\"https:\/\/avrupapress.com\/main\/2025\/01\/03\/tiroit-ve-iyot-iliskisi-sagligimiz-icin-cok-onemlidir\/\"]}]},{\"@type\":\"ImageObject\",\"inLanguage\":\"fr-BE\",\"@id\":\"https:\/\/avrupapress.com\/main\/2025\/01\/03\/tiroit-ve-iyot-iliskisi-sagligimiz-icin-cok-onemlidir\/#primaryimage\",\"url\":\"https:\/\/avrupapress.com\/main\/wp-content\/uploads\/2025\/01\/thumbnail_IMG-20250102-WA0017-e1735938012809.jpg\",\"contentUrl\":\"https:\/\/avrupapress.com\/main\/wp-content\/uploads\/2025\/01\/thumbnail_IMG-20250102-WA0017-e1735938012809.jpg\",\"width\":1587,\"height\":1310},{\"@type\":\"BreadcrumbList\",\"@id\":\"https:\/\/avrupapress.com\/main\/2025\/01\/03\/tiroit-ve-iyot-iliskisi-sagligimiz-icin-cok-onemlidir\/#breadcrumb\",\"itemListElement\":[{\"@type\":\"ListItem\",\"position\":1,\"name\":\"Anasayfa\",\"item\":\"https:\/\/avrupapress.com\/\"},{\"@type\":\"ListItem\",\"position\":2,\"name\":\"\u2018\u2019T\u0130RO\u0130T ve \u0130YOT \u0130L\u0130\u015eK\u0130S\u0130\u2019\u2019 SA\u011eLI\u011eIMIZ \u0130\u00c7\u0130N \u00c7OK \u00d6NEML\u0130D\u0130R\"}]},{\"@type\":\"WebSite\",\"@id\":\"https:\/\/avrupapress.com\/#website\",\"url\":\"https:\/\/avrupapress.com\/\",\"name\":\"AvrupaPress\",\"description\":\"Haberin Adresi\",\"publisher\":{\"@id\":\"https:\/\/avrupapress.com\/#\/schema\/person\/0223dca19c72c43575bf30d1a2d8f4fa\"},\"potentialAction\":[{\"@type\":\"SearchAction\",\"target\":{\"@type\":\"EntryPoint\",\"urlTemplate\":\"https:\/\/avrupapress.com\/?s={search_term_string}\"},\"query-input\":{\"@type\":\"PropertyValueSpecification\",\"valueRequired\":true,\"valueName\":\"search_term_string\"}}],\"inLanguage\":\"fr-BE\"},{\"@type\":[\"Person\",\"Organization\"],\"@id\":\"https:\/\/avrupapress.com\/#\/schema\/person\/0223dca19c72c43575bf30d1a2d8f4fa\",\"name\":\"Bilgin \u00d6z\u00e7ift\u00e7i\",\"image\":{\"@type\":\"ImageObject\",\"inLanguage\":\"fr-BE\",\"@id\":\"https:\/\/avrupapress.com\/#\/schema\/person\/image\/\",\"url\":\"https:\/\/secure.gravatar.com\/avatar\/0f23b280433a21e1ea7a0adcc46ed0ad16afe3ad8e630fd13d8a017dcbd54ef3?s=96&d=mm&r=g\",\"contentUrl\":\"https:\/\/secure.gravatar.com\/avatar\/0f23b280433a21e1ea7a0adcc46ed0ad16afe3ad8e630fd13d8a017dcbd54ef3?s=96&d=mm&r=g\",\"caption\":\"Bilgin \u00d6z\u00e7ift\u00e7i\"},\"logo\":{\"@id\":\"https:\/\/avrupapress.com\/#\/schema\/person\/image\/\"},\"description\":\"Ne ben, nede sen... Biz ancak \\\"biz\\\" olursak g\u00fc\u00e7l\u00fc olabiliriz\"},{\"@type\":\"Person\",\"@id\":\"https:\/\/avrupapress.com\/#\/schema\/person\/68428444ec60970d1e1b700cf4ca1e8f\",\"name\":\"Edit\u00f6r\",\"image\":{\"@type\":\"ImageObject\",\"inLanguage\":\"fr-BE\",\"@id\":\"https:\/\/avrupapress.com\/#\/schema\/person\/image\/\",\"url\":\"https:\/\/secure.gravatar.com\/avatar\/74996b0977aa5f1559ba9883776652508b229005c0d78fb2597897f0bd651c09?s=96&d=mm&r=g\",\"contentUrl\":\"https:\/\/secure.gravatar.com\/avatar\/74996b0977aa5f1559ba9883776652508b229005c0d78fb2597897f0bd651c09?s=96&d=mm&r=g\",\"caption\":\"Edit\u00f6r\"},\"sameAs\":[\"http:\/\/www.avrupapress.com\"],\"url\":\"https:\/\/avrupapress.com\/main\/author\/editor\/\"}]}<\/script>\n<!-- \/ Yoast SEO plugin. -->","yoast_head_json":{"title":"\u2018\u2019T\u0130RO\u0130T ve \u0130YOT \u0130L\u0130\u015eK\u0130S\u0130\u2019\u2019 SA\u011eLI\u011eIMIZ \u0130\u00c7\u0130N \u00c7OK \u00d6NEML\u0130D\u0130R - AvrupaPress","robots":{"index":"index","follow":"follow","max-snippet":"max-snippet:-1","max-image-preview":"max-image-preview:large","max-video-preview":"max-video-preview:-1"},"canonical":"https:\/\/avrupapress.com\/main\/2025\/01\/03\/tiroit-ve-iyot-iliskisi-sagligimiz-icin-cok-onemlidir\/","og_locale":"fr_FR","og_type":"article","og_title":"\u2018\u2019T\u0130RO\u0130T ve \u0130YOT \u0130L\u0130\u015eK\u0130S\u0130\u2019\u2019 SA\u011eLI\u011eIMIZ \u0130\u00c7\u0130N \u00c7OK \u00d6NEML\u0130D\u0130R - AvrupaPress","og_description":"HABER \/ FOTO\u011eRAF: ERTU\u011eRUL ALTINEL -B\u0130LG\u0130N \u00d6Z\u00c7\u0130FT\u00c7\u0130 \u2013 AVRUPA PRESS \u2013 BEL\u00c7\u0130KA. Op. Dr. Kay\u0131han \u00c7a\u011flar (\u00dcnl\u00fc Cerrah) ANADOLU HASTANES\u0130- ESK\u0130\u015eEH\u0130R \u0130YOT; insan hayat\u0131 i\u00e7in \u00f6nemli bir eser elementtir. V\u00fccudumuzda boynumuzun \u00f6n taraf\u0131nda bulunan tiroit bezinin yeterli hormon salg\u0131layabilmesi i\u00e7in g\u00fcnl\u00fck en az 150 mikrogram (bir \u00e7ay ka\u015f\u0131\u011f\u0131) iyodun g\u0131dalar ve suyla al\u0131nmas\u0131 gerekir. T\u00fcrkiye&rsquo;de [&hellip;]","og_url":"https:\/\/avrupapress.com\/main\/2025\/01\/03\/tiroit-ve-iyot-iliskisi-sagligimiz-icin-cok-onemlidir\/","og_site_name":"AvrupaPress","article_published_time":"2025-01-03T21:00:20+00:00","article_modified_time":"2025-01-03T21:00:27+00:00","og_image":[{"width":1587,"height":1310,"url":"https:\/\/avrupapress.com\/main\/wp-content\/uploads\/2025\/01\/thumbnail_IMG-20250102-WA0017-e1735938012809.jpg","type":"image\/jpeg"}],"author":"Edit\u00f6r","twitter_card":"summary_large_image","twitter_misc":{"\u00c9crit par":"Edit\u00f6r","Dur\u00e9e de lecture est.":"4 minutes"},"schema":{"@context":"https:\/\/schema.org","@graph":[{"@type":"Article","@id":"https:\/\/avrupapress.com\/main\/2025\/01\/03\/tiroit-ve-iyot-iliskisi-sagligimiz-icin-cok-onemlidir\/#article","isPartOf":{"@id":"https:\/\/avrupapress.com\/main\/2025\/01\/03\/tiroit-ve-iyot-iliskisi-sagligimiz-icin-cok-onemlidir\/"},"author":{"name":"Edit\u00f6r","@id":"https:\/\/avrupapress.com\/#\/schema\/person\/68428444ec60970d1e1b700cf4ca1e8f"},"headline":"\u2018\u2019T\u0130RO\u0130T ve \u0130YOT \u0130L\u0130\u015eK\u0130S\u0130\u2019\u2019 SA\u011eLI\u011eIMIZ \u0130\u00c7\u0130N \u00c7OK \u00d6NEML\u0130D\u0130R","datePublished":"2025-01-03T21:00:20+00:00","dateModified":"2025-01-03T21:00:27+00:00","mainEntityOfPage":{"@id":"https:\/\/avrupapress.com\/main\/2025\/01\/03\/tiroit-ve-iyot-iliskisi-sagligimiz-icin-cok-onemlidir\/"},"wordCount":1247,"publisher":{"@id":"https:\/\/avrupapress.com\/#\/schema\/person\/0223dca19c72c43575bf30d1a2d8f4fa"},"image":{"@id":"https:\/\/avrupapress.com\/main\/2025\/01\/03\/tiroit-ve-iyot-iliskisi-sagligimiz-icin-cok-onemlidir\/#primaryimage"},"thumbnailUrl":"https:\/\/avrupapress.com\/main\/wp-content\/uploads\/2025\/01\/thumbnail_IMG-20250102-WA0017-e1735938012809.jpg","articleSection":["Avrupa","Bel\u00e7ika","D\u00fcnya","Ekonomi","K\u00fclt\u00fcr-Sanat","Spor","Tan\u0131t\u0131m","T\u00fcrkiye","Uncategorized"],"inLanguage":"fr-BE"},{"@type":"WebPage","@id":"https:\/\/avrupapress.com\/main\/2025\/01\/03\/tiroit-ve-iyot-iliskisi-sagligimiz-icin-cok-onemlidir\/","url":"https:\/\/avrupapress.com\/main\/2025\/01\/03\/tiroit-ve-iyot-iliskisi-sagligimiz-icin-cok-onemlidir\/","name":"\u2018\u2019T\u0130RO\u0130T ve \u0130YOT \u0130L\u0130\u015eK\u0130S\u0130\u2019\u2019 SA\u011eLI\u011eIMIZ \u0130\u00c7\u0130N \u00c7OK \u00d6NEML\u0130D\u0130R - AvrupaPress","isPartOf":{"@id":"https:\/\/avrupapress.com\/#website"},"primaryImageOfPage":{"@id":"https:\/\/avrupapress.com\/main\/2025\/01\/03\/tiroit-ve-iyot-iliskisi-sagligimiz-icin-cok-onemlidir\/#primaryimage"},"image":{"@id":"https:\/\/avrupapress.com\/main\/2025\/01\/03\/tiroit-ve-iyot-iliskisi-sagligimiz-icin-cok-onemlidir\/#primaryimage"},"thumbnailUrl":"https:\/\/avrupapress.com\/main\/wp-content\/uploads\/2025\/01\/thumbnail_IMG-20250102-WA0017-e1735938012809.jpg","datePublished":"2025-01-03T21:00:20+00:00","dateModified":"2025-01-03T21:00:27+00:00","breadcrumb":{"@id":"https:\/\/avrupapress.com\/main\/2025\/01\/03\/tiroit-ve-iyot-iliskisi-sagligimiz-icin-cok-onemlidir\/#breadcrumb"},"inLanguage":"fr-BE","potentialAction":[{"@type":"ReadAction","target":["https:\/\/avrupapress.com\/main\/2025\/01\/03\/tiroit-ve-iyot-iliskisi-sagligimiz-icin-cok-onemlidir\/"]}]},{"@type":"ImageObject","inLanguage":"fr-BE","@id":"https:\/\/avrupapress.com\/main\/2025\/01\/03\/tiroit-ve-iyot-iliskisi-sagligimiz-icin-cok-onemlidir\/#primaryimage","url":"https:\/\/avrupapress.com\/main\/wp-content\/uploads\/2025\/01\/thumbnail_IMG-20250102-WA0017-e1735938012809.jpg","contentUrl":"https:\/\/avrupapress.com\/main\/wp-content\/uploads\/2025\/01\/thumbnail_IMG-20250102-WA0017-e1735938012809.jpg","width":1587,"height":1310},{"@type":"BreadcrumbList","@id":"https:\/\/avrupapress.com\/main\/2025\/01\/03\/tiroit-ve-iyot-iliskisi-sagligimiz-icin-cok-onemlidir\/#breadcrumb","itemListElement":[{"@type":"ListItem","position":1,"name":"Anasayfa","item":"https:\/\/avrupapress.com\/"},{"@type":"ListItem","position":2,"name":"\u2018\u2019T\u0130RO\u0130T ve \u0130YOT \u0130L\u0130\u015eK\u0130S\u0130\u2019\u2019 SA\u011eLI\u011eIMIZ \u0130\u00c7\u0130N \u00c7OK \u00d6NEML\u0130D\u0130R"}]},{"@type":"WebSite","@id":"https:\/\/avrupapress.com\/#website","url":"https:\/\/avrupapress.com\/","name":"AvrupaPress","description":"Haberin Adresi","publisher":{"@id":"https:\/\/avrupapress.com\/#\/schema\/person\/0223dca19c72c43575bf30d1a2d8f4fa"},"potentialAction":[{"@type":"SearchAction","target":{"@type":"EntryPoint","urlTemplate":"https:\/\/avrupapress.com\/?s={search_term_string}"},"query-input":{"@type":"PropertyValueSpecification","valueRequired":true,"valueName":"search_term_string"}}],"inLanguage":"fr-BE"},{"@type":["Person","Organization"],"@id":"https:\/\/avrupapress.com\/#\/schema\/person\/0223dca19c72c43575bf30d1a2d8f4fa","name":"Bilgin \u00d6z\u00e7ift\u00e7i","image":{"@type":"ImageObject","inLanguage":"fr-BE","@id":"https:\/\/avrupapress.com\/#\/schema\/person\/image\/","url":"https:\/\/secure.gravatar.com\/avatar\/0f23b280433a21e1ea7a0adcc46ed0ad16afe3ad8e630fd13d8a017dcbd54ef3?s=96&d=mm&r=g","contentUrl":"https:\/\/secure.gravatar.com\/avatar\/0f23b280433a21e1ea7a0adcc46ed0ad16afe3ad8e630fd13d8a017dcbd54ef3?s=96&d=mm&r=g","caption":"Bilgin \u00d6z\u00e7ift\u00e7i"},"logo":{"@id":"https:\/\/avrupapress.com\/#\/schema\/person\/image\/"},"description":"Ne ben, nede sen... Biz ancak \"biz\" olursak g\u00fc\u00e7l\u00fc olabiliriz"},{"@type":"Person","@id":"https:\/\/avrupapress.com\/#\/schema\/person\/68428444ec60970d1e1b700cf4ca1e8f","name":"Edit\u00f6r","image":{"@type":"ImageObject","inLanguage":"fr-BE","@id":"https:\/\/avrupapress.com\/#\/schema\/person\/image\/","url":"https:\/\/secure.gravatar.com\/avatar\/74996b0977aa5f1559ba9883776652508b229005c0d78fb2597897f0bd651c09?s=96&d=mm&r=g","contentUrl":"https:\/\/secure.gravatar.com\/avatar\/74996b0977aa5f1559ba9883776652508b229005c0d78fb2597897f0bd651c09?s=96&d=mm&r=g","caption":"Edit\u00f6r"},"sameAs":["http:\/\/www.avrupapress.com"],"url":"https:\/\/avrupapress.com\/main\/author\/editor\/"}]}},"_links":{"self":[{"href":"https:\/\/avrupapress.com\/main\/wp-json\/wp\/v2\/posts\/27869","targetHints":{"allow":["GET"]}}],"collection":[{"href":"https:\/\/avrupapress.com\/main\/wp-json\/wp\/v2\/posts"}],"about":[{"href":"https:\/\/avrupapress.com\/main\/wp-json\/wp\/v2\/types\/post"}],"author":[{"embeddable":true,"href":"https:\/\/avrupapress.com\/main\/wp-json\/wp\/v2\/users\/3"}],"replies":[{"embeddable":true,"href":"https:\/\/avrupapress.com\/main\/wp-json\/wp\/v2\/comments?post=27869"}],"version-history":[{"count":2,"href":"https:\/\/avrupapress.com\/main\/wp-json\/wp\/v2\/posts\/27869\/revisions"}],"predecessor-version":[{"id":27872,"href":"https:\/\/avrupapress.com\/main\/wp-json\/wp\/v2\/posts\/27869\/revisions\/27872"}],"wp:featuredmedia":[{"embeddable":true,"href":"https:\/\/avrupapress.com\/main\/wp-json\/wp\/v2\/media\/27870"}],"wp:attachment":[{"href":"https:\/\/avrupapress.com\/main\/wp-json\/wp\/v2\/media?parent=27869"}],"wp:term":[{"taxonomy":"category","embeddable":true,"href":"https:\/\/avrupapress.com\/main\/wp-json\/wp\/v2\/categories?post=27869"},{"taxonomy":"post_tag","embeddable":true,"href":"https:\/\/avrupapress.com\/main\/wp-json\/wp\/v2\/tags?post=27869"}],"curies":[{"name":"wp","href":"https:\/\/api.w.org\/{rel}","templated":true}]}}