{"id":27866,"date":"2025-01-03T20:57:31","date_gmt":"2025-01-03T20:57:31","guid":{"rendered":"https:\/\/avrupapress.com\/main\/?p=27866"},"modified":"2025-01-03T20:57:35","modified_gmt":"2025-01-03T20:57:35","slug":"eskisehir-orgeneral-halil-sozer-ortaokulu-kick-boks-musabakalarinda-4-madalya-kazandi","status":"publish","type":"post","link":"https:\/\/avrupapress.com\/main\/2025\/01\/03\/eskisehir-orgeneral-halil-sozer-ortaokulu-kick-boks-musabakalarinda-4-madalya-kazandi\/","title":{"rendered":"Eski\u015fehir Orgeneral Halil S\u00f6zer Ortaokulu \u2018Kick Boks\u2019 m\u00fcsabakalar\u0131nda 4 madalya kazand\u0131"},"content":{"rendered":"<div dir=\"auto\" data-olk-copy-source=\"MessageBody\"><strong>HABER \/ FOTO\u011eRAF: ERTU\u011eRUL ALTINEL \u2013 B\u0130LG\u0130N \u00d6Z\u00c7\u0130FT\u00c7\u0130 \u2013 AVRUPA PRESS \u2013 BEL\u00c7\u0130KA.<\/strong><\/div>\n<div dir=\"auto\"><\/div>\n<div dir=\"auto\">Eski\u015fehir Orgeneral Halil S\u00f6zer Ortaokulu \u2018Kick Boks\u2019 m\u00fcsabakalar\u0131nda 4 madalya kazand\u0131.<\/div>\n<div dir=\"auto\"><\/div>\n<div dir=\"auto\">Okul Sporlar\u0131 kapsam\u0131nda; \u2018Kick Boks\u2019 Eski\u015fehir \u0130l birincili\u011fi m\u00fcsabakalar\u0131nda, Eski\u015fehir Orgeneral Halil S\u00f6zer Ortaokulu \u00f6\u011frencileri k\u00fc\u00e7\u00fck ve y\u0131ld\u0131zlar kategorilerinde \u00fc\u00e7 alt\u0131n, bir bronz olmak \u00fczere toplam d\u00f6rt madalya ile b\u00fcy\u00fck bir ba\u015far\u0131ya imza att\u0131. 2024-2025 E\u011fitim ve \u00d6\u011fretim y\u0131l\u0131 \u2018Okul Spor Faaliyetleri\u2019 program\u0131 kapsam\u0131nda yer alan \u2018Kick Boks\u2019 Eski\u015fehir \u0130l birincili\u011fi m\u00fcsabakalar\u0131, Eski\u015fehir G\u00f6kmeydan Kapal\u0131 Spor Salonu\u2019nda yap\u0131ld\u0131. Rakipleri kar\u015f\u0131s\u0131nda k\u00fc\u00e7\u00fck k\u0131zlar kategorisinde 5\/A s\u0131n\u0131f\u0131 \u00f6\u011frencisi Ravzanur Ka\u00e7an 47 kiloda, 5\/C s\u0131n\u0131f\u0131ndan Nehir Alper +47 kiloda \u2018Point Fight\u2019 dal\u0131nda il birincisi oldular. Y\u0131ld\u0131z k\u0131zlar kategorisinde 8\/D s\u0131n\u0131f\u0131ndan Z\u00fcleyha Da\u011fdelen \u2018Kick Light\u2019 dal\u0131nda il birincisi olurken, yine 8\/D s\u0131n\u0131f\u0131ndan y\u0131ld\u0131z erkekler kategorisinde Or\u00e7un Y\u0131ld\u0131r\u0131m \u2018Kick Boks\u2019 il \u00fc\u00e7\u00fcnc\u00fcs\u00fc oldu.<\/div>\n<div dir=\"auto\"><\/div>\n<div dir=\"auto\">Eski\u015fehir Orgeneral Halil S\u00f6zer Ortaokulu M\u00fcd\u00fcr\u00fc Oktay Turinay d\u00fczenlenen t\u00f6rende yapt\u0131\u011f\u0131 konu\u015fmas\u0131nda, \u2018\u2019\u015eampiyon olan ve okulumuza 2Kick Boks\u2019 alan\u0131nda madalya kazand\u0131ran \u00f6\u011frencilerimizi ve antren\u00f6rlerini g\u00f6stermi\u015f olduklar\u0131 ba\u015far\u0131dan dolay\u0131 tebrik ediyorum. Okulda da k\u00fc\u00e7\u00fck bir t\u00f6ren d\u00fczenlendik ve \u015fampiyon \u00f6\u011frencilerimiz \u00f6d\u00fcllendirdik\u2019\u2019 dedi.<\/div>\n<div dir=\"auto\"><\/div>\n<div dir=\"auto\"><img loading=\"lazy\" decoding=\"async\" class=\"alignnone size-medium wp-image-27867\" src=\"https:\/\/avrupapress.com\/main\/wp-content\/uploads\/2025\/01\/thumbnail_IMG-20250102-WA0050-300x216.jpg\" alt=\"\" width=\"300\" height=\"216\" srcset=\"https:\/\/avrupapress.com\/main\/wp-content\/uploads\/2025\/01\/thumbnail_IMG-20250102-WA0050-300x216.jpg 300w, https:\/\/avrupapress.com\/main\/wp-content\/uploads\/2025\/01\/thumbnail_IMG-20250102-WA0050-1024x737.jpg 1024w, https:\/\/avrupapress.com\/main\/wp-content\/uploads\/2025\/01\/thumbnail_IMG-20250102-WA0050-768x553.jpg 768w, https:\/\/avrupapress.com\/main\/wp-content\/uploads\/2025\/01\/thumbnail_IMG-20250102-WA0050-1536x1106.jpg 1536w, https:\/\/avrupapress.com\/main\/wp-content\/uploads\/2025\/01\/thumbnail_IMG-20250102-WA0050.jpg 1600w\" sizes=\"auto, (max-width: 300px) 100vw, 300px\" \/><\/div>\n<div dir=\"auto\"><strong>HABER \/ FOTO\u011eRAF: ERTU\u011eRUL ALTINEL \u2013 B\u0130LG\u0130N \u00d6Z\u00c7\u0130FT\u00c7\u0130 \u2013 AVRUPA<\/strong><strong>PRESS \u2013 BEL\u00c7\u0130KA.<\/strong><\/div>\n","protected":false},"excerpt":{"rendered":"<p>HABER \/ FOTO\u011eRAF: ERTU\u011eRUL ALTINEL \u2013 B\u0130LG\u0130N \u00d6Z\u00c7\u0130FT\u00c7\u0130 \u2013 AVRUPA PRESS \u2013 BEL\u00c7\u0130KA. Eski\u015fehir Orgeneral Halil S\u00f6zer Ortaokulu \u2018Kick Boks\u2019 m\u00fcsabakalar\u0131nda 4 madalya kazand\u0131. Okul Sporlar\u0131 kapsam\u0131nda; \u2018Kick Boks\u2019 Eski\u015fehir \u0130l birincili\u011fi m\u00fcsabakalar\u0131nda, Eski\u015fehir Orgeneral Halil S\u00f6zer Ortaokulu \u00f6\u011frencileri k\u00fc\u00e7\u00fck ve y\u0131ld\u0131zlar kategorilerinde \u00fc\u00e7 alt\u0131n, bir bronz olmak \u00fczere toplam d\u00f6rt madalya ile b\u00fcy\u00fck bir [&hellip;]<\/p>\n","protected":false},"author":3,"featured_media":27867,"comment_status":"closed","ping_status":"open","sticky":false,"template":"","format":"standard","meta":{"footnotes":""},"categories":[14,16,3,17,18,15,19,2,1],"tags":[],"class_list":["post-27866","post","type-post","status-publish","format-standard","has-post-thumbnail","hentry","category-avrupa","category-belcika","category-dunya","category-ekonomi","category-kultur-sanat","category-spor","category-tanitim","category-turkiye","category-uncategorized"],"yoast_head":"<!-- This site is optimized with the Yoast SEO plugin v26.9 - https:\/\/yoast.com\/product\/yoast-seo-wordpress\/ -->\n<title>Eski\u015fehir Orgeneral Halil S\u00f6zer Ortaokulu \u2018Kick Boks\u2019 m\u00fcsabakalar\u0131nda 4 madalya kazand\u0131 - AvrupaPress<\/title>\n<meta name=\"robots\" content=\"index, follow, max-snippet:-1, max-image-preview:large, max-video-preview:-1\" \/>\n<link rel=\"canonical\" href=\"https:\/\/avrupapress.com\/main\/2025\/01\/03\/eskisehir-orgeneral-halil-sozer-ortaokulu-kick-boks-musabakalarinda-4-madalya-kazandi\/\" \/>\n<meta property=\"og:locale\" content=\"fr_FR\" \/>\n<meta property=\"og:type\" content=\"article\" \/>\n<meta property=\"og:title\" content=\"Eski\u015fehir Orgeneral Halil S\u00f6zer Ortaokulu \u2018Kick Boks\u2019 m\u00fcsabakalar\u0131nda 4 madalya kazand\u0131 - AvrupaPress\" \/>\n<meta property=\"og:description\" content=\"HABER \/ FOTO\u011eRAF: ERTU\u011eRUL ALTINEL \u2013 B\u0130LG\u0130N \u00d6Z\u00c7\u0130FT\u00c7\u0130 \u2013 AVRUPA PRESS \u2013 BEL\u00c7\u0130KA. Eski\u015fehir Orgeneral Halil S\u00f6zer Ortaokulu \u2018Kick Boks\u2019 m\u00fcsabakalar\u0131nda 4 madalya kazand\u0131. Okul Sporlar\u0131 kapsam\u0131nda; \u2018Kick Boks\u2019 Eski\u015fehir \u0130l birincili\u011fi m\u00fcsabakalar\u0131nda, Eski\u015fehir Orgeneral Halil S\u00f6zer Ortaokulu \u00f6\u011frencileri k\u00fc\u00e7\u00fck ve y\u0131ld\u0131zlar kategorilerinde \u00fc\u00e7 alt\u0131n, bir bronz olmak \u00fczere toplam d\u00f6rt madalya ile b\u00fcy\u00fck bir [&hellip;]\" \/>\n<meta property=\"og:url\" content=\"https:\/\/avrupapress.com\/main\/2025\/01\/03\/eskisehir-orgeneral-halil-sozer-ortaokulu-kick-boks-musabakalarinda-4-madalya-kazandi\/\" \/>\n<meta property=\"og:site_name\" content=\"AvrupaPress\" \/>\n<meta property=\"article:published_time\" content=\"2025-01-03T20:57:31+00:00\" \/>\n<meta property=\"article:modified_time\" content=\"2025-01-03T20:57:35+00:00\" \/>\n<meta property=\"og:image\" content=\"https:\/\/avrupapress.com\/main\/wp-content\/uploads\/2025\/01\/thumbnail_IMG-20250102-WA0050.jpg\" \/>\n\t<meta property=\"og:image:width\" content=\"1600\" \/>\n\t<meta property=\"og:image:height\" content=\"1152\" \/>\n\t<meta property=\"og:image:type\" content=\"image\/jpeg\" \/>\n<meta name=\"author\" content=\"Edit\u00f6r\" \/>\n<meta name=\"twitter:card\" content=\"summary_large_image\" \/>\n<meta name=\"twitter:label1\" content=\"\u00c9crit par\" \/>\n\t<meta name=\"twitter:data1\" content=\"Edit\u00f6r\" \/>\n\t<meta name=\"twitter:label2\" content=\"Dur\u00e9e de lecture est.\" \/>\n\t<meta name=\"twitter:data2\" content=\"2 minutes\" \/>\n<script type=\"application\/ld+json\" class=\"yoast-schema-graph\">{\"@context\":\"https:\/\/schema.org\",\"@graph\":[{\"@type\":\"Article\",\"@id\":\"https:\/\/avrupapress.com\/main\/2025\/01\/03\/eskisehir-orgeneral-halil-sozer-ortaokulu-kick-boks-musabakalarinda-4-madalya-kazandi\/#article\",\"isPartOf\":{\"@id\":\"https:\/\/avrupapress.com\/main\/2025\/01\/03\/eskisehir-orgeneral-halil-sozer-ortaokulu-kick-boks-musabakalarinda-4-madalya-kazandi\/\"},\"author\":{\"name\":\"Edit\u00f6r\",\"@id\":\"https:\/\/avrupapress.com\/#\/schema\/person\/68428444ec60970d1e1b700cf4ca1e8f\"},\"headline\":\"Eski\u015fehir Orgeneral Halil S\u00f6zer Ortaokulu \u2018Kick Boks\u2019 m\u00fcsabakalar\u0131nda 4 madalya kazand\u0131\",\"datePublished\":\"2025-01-03T20:57:31+00:00\",\"dateModified\":\"2025-01-03T20:57:35+00:00\",\"mainEntityOfPage\":{\"@id\":\"https:\/\/avrupapress.com\/main\/2025\/01\/03\/eskisehir-orgeneral-halil-sozer-ortaokulu-kick-boks-musabakalarinda-4-madalya-kazandi\/\"},\"wordCount\":278,\"publisher\":{\"@id\":\"https:\/\/avrupapress.com\/#\/schema\/person\/0223dca19c72c43575bf30d1a2d8f4fa\"},\"image\":{\"@id\":\"https:\/\/avrupapress.com\/main\/2025\/01\/03\/eskisehir-orgeneral-halil-sozer-ortaokulu-kick-boks-musabakalarinda-4-madalya-kazandi\/#primaryimage\"},\"thumbnailUrl\":\"https:\/\/avrupapress.com\/main\/wp-content\/uploads\/2025\/01\/thumbnail_IMG-20250102-WA0050.jpg\",\"articleSection\":[\"Avrupa\",\"Bel\u00e7ika\",\"D\u00fcnya\",\"Ekonomi\",\"K\u00fclt\u00fcr-Sanat\",\"Spor\",\"Tan\u0131t\u0131m\",\"T\u00fcrkiye\",\"Uncategorized\"],\"inLanguage\":\"fr-BE\"},{\"@type\":\"WebPage\",\"@id\":\"https:\/\/avrupapress.com\/main\/2025\/01\/03\/eskisehir-orgeneral-halil-sozer-ortaokulu-kick-boks-musabakalarinda-4-madalya-kazandi\/\",\"url\":\"https:\/\/avrupapress.com\/main\/2025\/01\/03\/eskisehir-orgeneral-halil-sozer-ortaokulu-kick-boks-musabakalarinda-4-madalya-kazandi\/\",\"name\":\"Eski\u015fehir Orgeneral Halil S\u00f6zer Ortaokulu \u2018Kick Boks\u2019 m\u00fcsabakalar\u0131nda 4 madalya kazand\u0131 - AvrupaPress\",\"isPartOf\":{\"@id\":\"https:\/\/avrupapress.com\/#website\"},\"primaryImageOfPage\":{\"@id\":\"https:\/\/avrupapress.com\/main\/2025\/01\/03\/eskisehir-orgeneral-halil-sozer-ortaokulu-kick-boks-musabakalarinda-4-madalya-kazandi\/#primaryimage\"},\"image\":{\"@id\":\"https:\/\/avrupapress.com\/main\/2025\/01\/03\/eskisehir-orgeneral-halil-sozer-ortaokulu-kick-boks-musabakalarinda-4-madalya-kazandi\/#primaryimage\"},\"thumbnailUrl\":\"https:\/\/avrupapress.com\/main\/wp-content\/uploads\/2025\/01\/thumbnail_IMG-20250102-WA0050.jpg\",\"datePublished\":\"2025-01-03T20:57:31+00:00\",\"dateModified\":\"2025-01-03T20:57:35+00:00\",\"breadcrumb\":{\"@id\":\"https:\/\/avrupapress.com\/main\/2025\/01\/03\/eskisehir-orgeneral-halil-sozer-ortaokulu-kick-boks-musabakalarinda-4-madalya-kazandi\/#breadcrumb\"},\"inLanguage\":\"fr-BE\",\"potentialAction\":[{\"@type\":\"ReadAction\",\"target\":[\"https:\/\/avrupapress.com\/main\/2025\/01\/03\/eskisehir-orgeneral-halil-sozer-ortaokulu-kick-boks-musabakalarinda-4-madalya-kazandi\/\"]}]},{\"@type\":\"ImageObject\",\"inLanguage\":\"fr-BE\",\"@id\":\"https:\/\/avrupapress.com\/main\/2025\/01\/03\/eskisehir-orgeneral-halil-sozer-ortaokulu-kick-boks-musabakalarinda-4-madalya-kazandi\/#primaryimage\",\"url\":\"https:\/\/avrupapress.com\/main\/wp-content\/uploads\/2025\/01\/thumbnail_IMG-20250102-WA0050.jpg\",\"contentUrl\":\"https:\/\/avrupapress.com\/main\/wp-content\/uploads\/2025\/01\/thumbnail_IMG-20250102-WA0050.jpg\",\"width\":1600,\"height\":1152},{\"@type\":\"BreadcrumbList\",\"@id\":\"https:\/\/avrupapress.com\/main\/2025\/01\/03\/eskisehir-orgeneral-halil-sozer-ortaokulu-kick-boks-musabakalarinda-4-madalya-kazandi\/#breadcrumb\",\"itemListElement\":[{\"@type\":\"ListItem\",\"position\":1,\"name\":\"Anasayfa\",\"item\":\"https:\/\/avrupapress.com\/\"},{\"@type\":\"ListItem\",\"position\":2,\"name\":\"Eski\u015fehir Orgeneral Halil S\u00f6zer Ortaokulu \u2018Kick Boks\u2019 m\u00fcsabakalar\u0131nda 4 madalya kazand\u0131\"}]},{\"@type\":\"WebSite\",\"@id\":\"https:\/\/avrupapress.com\/#website\",\"url\":\"https:\/\/avrupapress.com\/\",\"name\":\"AvrupaPress\",\"description\":\"Haberin Adresi\",\"publisher\":{\"@id\":\"https:\/\/avrupapress.com\/#\/schema\/person\/0223dca19c72c43575bf30d1a2d8f4fa\"},\"potentialAction\":[{\"@type\":\"SearchAction\",\"target\":{\"@type\":\"EntryPoint\",\"urlTemplate\":\"https:\/\/avrupapress.com\/?s={search_term_string}\"},\"query-input\":{\"@type\":\"PropertyValueSpecification\",\"valueRequired\":true,\"valueName\":\"search_term_string\"}}],\"inLanguage\":\"fr-BE\"},{\"@type\":[\"Person\",\"Organization\"],\"@id\":\"https:\/\/avrupapress.com\/#\/schema\/person\/0223dca19c72c43575bf30d1a2d8f4fa\",\"name\":\"Bilgin \u00d6z\u00e7ift\u00e7i\",\"image\":{\"@type\":\"ImageObject\",\"inLanguage\":\"fr-BE\",\"@id\":\"https:\/\/avrupapress.com\/#\/schema\/person\/image\/\",\"url\":\"https:\/\/secure.gravatar.com\/avatar\/0f23b280433a21e1ea7a0adcc46ed0ad16afe3ad8e630fd13d8a017dcbd54ef3?s=96&d=mm&r=g\",\"contentUrl\":\"https:\/\/secure.gravatar.com\/avatar\/0f23b280433a21e1ea7a0adcc46ed0ad16afe3ad8e630fd13d8a017dcbd54ef3?s=96&d=mm&r=g\",\"caption\":\"Bilgin \u00d6z\u00e7ift\u00e7i\"},\"logo\":{\"@id\":\"https:\/\/avrupapress.com\/#\/schema\/person\/image\/\"},\"description\":\"Ne ben, nede sen... Biz ancak \\\"biz\\\" olursak g\u00fc\u00e7l\u00fc olabiliriz\"},{\"@type\":\"Person\",\"@id\":\"https:\/\/avrupapress.com\/#\/schema\/person\/68428444ec60970d1e1b700cf4ca1e8f\",\"name\":\"Edit\u00f6r\",\"image\":{\"@type\":\"ImageObject\",\"inLanguage\":\"fr-BE\",\"@id\":\"https:\/\/avrupapress.com\/#\/schema\/person\/image\/\",\"url\":\"https:\/\/secure.gravatar.com\/avatar\/74996b0977aa5f1559ba9883776652508b229005c0d78fb2597897f0bd651c09?s=96&d=mm&r=g\",\"contentUrl\":\"https:\/\/secure.gravatar.com\/avatar\/74996b0977aa5f1559ba9883776652508b229005c0d78fb2597897f0bd651c09?s=96&d=mm&r=g\",\"caption\":\"Edit\u00f6r\"},\"sameAs\":[\"http:\/\/www.avrupapress.com\"],\"url\":\"https:\/\/avrupapress.com\/main\/author\/editor\/\"}]}<\/script>\n<!-- \/ Yoast SEO plugin. -->","yoast_head_json":{"title":"Eski\u015fehir Orgeneral Halil S\u00f6zer Ortaokulu \u2018Kick Boks\u2019 m\u00fcsabakalar\u0131nda 4 madalya kazand\u0131 - AvrupaPress","robots":{"index":"index","follow":"follow","max-snippet":"max-snippet:-1","max-image-preview":"max-image-preview:large","max-video-preview":"max-video-preview:-1"},"canonical":"https:\/\/avrupapress.com\/main\/2025\/01\/03\/eskisehir-orgeneral-halil-sozer-ortaokulu-kick-boks-musabakalarinda-4-madalya-kazandi\/","og_locale":"fr_FR","og_type":"article","og_title":"Eski\u015fehir Orgeneral Halil S\u00f6zer Ortaokulu \u2018Kick Boks\u2019 m\u00fcsabakalar\u0131nda 4 madalya kazand\u0131 - AvrupaPress","og_description":"HABER \/ FOTO\u011eRAF: ERTU\u011eRUL ALTINEL \u2013 B\u0130LG\u0130N \u00d6Z\u00c7\u0130FT\u00c7\u0130 \u2013 AVRUPA PRESS \u2013 BEL\u00c7\u0130KA. Eski\u015fehir Orgeneral Halil S\u00f6zer Ortaokulu \u2018Kick Boks\u2019 m\u00fcsabakalar\u0131nda 4 madalya kazand\u0131. Okul Sporlar\u0131 kapsam\u0131nda; \u2018Kick Boks\u2019 Eski\u015fehir \u0130l birincili\u011fi m\u00fcsabakalar\u0131nda, Eski\u015fehir Orgeneral Halil S\u00f6zer Ortaokulu \u00f6\u011frencileri k\u00fc\u00e7\u00fck ve y\u0131ld\u0131zlar kategorilerinde \u00fc\u00e7 alt\u0131n, bir bronz olmak \u00fczere toplam d\u00f6rt madalya ile b\u00fcy\u00fck bir [&hellip;]","og_url":"https:\/\/avrupapress.com\/main\/2025\/01\/03\/eskisehir-orgeneral-halil-sozer-ortaokulu-kick-boks-musabakalarinda-4-madalya-kazandi\/","og_site_name":"AvrupaPress","article_published_time":"2025-01-03T20:57:31+00:00","article_modified_time":"2025-01-03T20:57:35+00:00","og_image":[{"width":1600,"height":1152,"url":"https:\/\/avrupapress.com\/main\/wp-content\/uploads\/2025\/01\/thumbnail_IMG-20250102-WA0050.jpg","type":"image\/jpeg"}],"author":"Edit\u00f6r","twitter_card":"summary_large_image","twitter_misc":{"\u00c9crit par":"Edit\u00f6r","Dur\u00e9e de lecture est.":"2 minutes"},"schema":{"@context":"https:\/\/schema.org","@graph":[{"@type":"Article","@id":"https:\/\/avrupapress.com\/main\/2025\/01\/03\/eskisehir-orgeneral-halil-sozer-ortaokulu-kick-boks-musabakalarinda-4-madalya-kazandi\/#article","isPartOf":{"@id":"https:\/\/avrupapress.com\/main\/2025\/01\/03\/eskisehir-orgeneral-halil-sozer-ortaokulu-kick-boks-musabakalarinda-4-madalya-kazandi\/"},"author":{"name":"Edit\u00f6r","@id":"https:\/\/avrupapress.com\/#\/schema\/person\/68428444ec60970d1e1b700cf4ca1e8f"},"headline":"Eski\u015fehir Orgeneral Halil S\u00f6zer Ortaokulu \u2018Kick Boks\u2019 m\u00fcsabakalar\u0131nda 4 madalya kazand\u0131","datePublished":"2025-01-03T20:57:31+00:00","dateModified":"2025-01-03T20:57:35+00:00","mainEntityOfPage":{"@id":"https:\/\/avrupapress.com\/main\/2025\/01\/03\/eskisehir-orgeneral-halil-sozer-ortaokulu-kick-boks-musabakalarinda-4-madalya-kazandi\/"},"wordCount":278,"publisher":{"@id":"https:\/\/avrupapress.com\/#\/schema\/person\/0223dca19c72c43575bf30d1a2d8f4fa"},"image":{"@id":"https:\/\/avrupapress.com\/main\/2025\/01\/03\/eskisehir-orgeneral-halil-sozer-ortaokulu-kick-boks-musabakalarinda-4-madalya-kazandi\/#primaryimage"},"thumbnailUrl":"https:\/\/avrupapress.com\/main\/wp-content\/uploads\/2025\/01\/thumbnail_IMG-20250102-WA0050.jpg","articleSection":["Avrupa","Bel\u00e7ika","D\u00fcnya","Ekonomi","K\u00fclt\u00fcr-Sanat","Spor","Tan\u0131t\u0131m","T\u00fcrkiye","Uncategorized"],"inLanguage":"fr-BE"},{"@type":"WebPage","@id":"https:\/\/avrupapress.com\/main\/2025\/01\/03\/eskisehir-orgeneral-halil-sozer-ortaokulu-kick-boks-musabakalarinda-4-madalya-kazandi\/","url":"https:\/\/avrupapress.com\/main\/2025\/01\/03\/eskisehir-orgeneral-halil-sozer-ortaokulu-kick-boks-musabakalarinda-4-madalya-kazandi\/","name":"Eski\u015fehir Orgeneral Halil S\u00f6zer Ortaokulu \u2018Kick Boks\u2019 m\u00fcsabakalar\u0131nda 4 madalya kazand\u0131 - AvrupaPress","isPartOf":{"@id":"https:\/\/avrupapress.com\/#website"},"primaryImageOfPage":{"@id":"https:\/\/avrupapress.com\/main\/2025\/01\/03\/eskisehir-orgeneral-halil-sozer-ortaokulu-kick-boks-musabakalarinda-4-madalya-kazandi\/#primaryimage"},"image":{"@id":"https:\/\/avrupapress.com\/main\/2025\/01\/03\/eskisehir-orgeneral-halil-sozer-ortaokulu-kick-boks-musabakalarinda-4-madalya-kazandi\/#primaryimage"},"thumbnailUrl":"https:\/\/avrupapress.com\/main\/wp-content\/uploads\/2025\/01\/thumbnail_IMG-20250102-WA0050.jpg","datePublished":"2025-01-03T20:57:31+00:00","dateModified":"2025-01-03T20:57:35+00:00","breadcrumb":{"@id":"https:\/\/avrupapress.com\/main\/2025\/01\/03\/eskisehir-orgeneral-halil-sozer-ortaokulu-kick-boks-musabakalarinda-4-madalya-kazandi\/#breadcrumb"},"inLanguage":"fr-BE","potentialAction":[{"@type":"ReadAction","target":["https:\/\/avrupapress.com\/main\/2025\/01\/03\/eskisehir-orgeneral-halil-sozer-ortaokulu-kick-boks-musabakalarinda-4-madalya-kazandi\/"]}]},{"@type":"ImageObject","inLanguage":"fr-BE","@id":"https:\/\/avrupapress.com\/main\/2025\/01\/03\/eskisehir-orgeneral-halil-sozer-ortaokulu-kick-boks-musabakalarinda-4-madalya-kazandi\/#primaryimage","url":"https:\/\/avrupapress.com\/main\/wp-content\/uploads\/2025\/01\/thumbnail_IMG-20250102-WA0050.jpg","contentUrl":"https:\/\/avrupapress.com\/main\/wp-content\/uploads\/2025\/01\/thumbnail_IMG-20250102-WA0050.jpg","width":1600,"height":1152},{"@type":"BreadcrumbList","@id":"https:\/\/avrupapress.com\/main\/2025\/01\/03\/eskisehir-orgeneral-halil-sozer-ortaokulu-kick-boks-musabakalarinda-4-madalya-kazandi\/#breadcrumb","itemListElement":[{"@type":"ListItem","position":1,"name":"Anasayfa","item":"https:\/\/avrupapress.com\/"},{"@type":"ListItem","position":2,"name":"Eski\u015fehir Orgeneral Halil S\u00f6zer Ortaokulu \u2018Kick Boks\u2019 m\u00fcsabakalar\u0131nda 4 madalya kazand\u0131"}]},{"@type":"WebSite","@id":"https:\/\/avrupapress.com\/#website","url":"https:\/\/avrupapress.com\/","name":"AvrupaPress","description":"Haberin Adresi","publisher":{"@id":"https:\/\/avrupapress.com\/#\/schema\/person\/0223dca19c72c43575bf30d1a2d8f4fa"},"potentialAction":[{"@type":"SearchAction","target":{"@type":"EntryPoint","urlTemplate":"https:\/\/avrupapress.com\/?s={search_term_string}"},"query-input":{"@type":"PropertyValueSpecification","valueRequired":true,"valueName":"search_term_string"}}],"inLanguage":"fr-BE"},{"@type":["Person","Organization"],"@id":"https:\/\/avrupapress.com\/#\/schema\/person\/0223dca19c72c43575bf30d1a2d8f4fa","name":"Bilgin \u00d6z\u00e7ift\u00e7i","image":{"@type":"ImageObject","inLanguage":"fr-BE","@id":"https:\/\/avrupapress.com\/#\/schema\/person\/image\/","url":"https:\/\/secure.gravatar.com\/avatar\/0f23b280433a21e1ea7a0adcc46ed0ad16afe3ad8e630fd13d8a017dcbd54ef3?s=96&d=mm&r=g","contentUrl":"https:\/\/secure.gravatar.com\/avatar\/0f23b280433a21e1ea7a0adcc46ed0ad16afe3ad8e630fd13d8a017dcbd54ef3?s=96&d=mm&r=g","caption":"Bilgin \u00d6z\u00e7ift\u00e7i"},"logo":{"@id":"https:\/\/avrupapress.com\/#\/schema\/person\/image\/"},"description":"Ne ben, nede sen... Biz ancak \"biz\" olursak g\u00fc\u00e7l\u00fc olabiliriz"},{"@type":"Person","@id":"https:\/\/avrupapress.com\/#\/schema\/person\/68428444ec60970d1e1b700cf4ca1e8f","name":"Edit\u00f6r","image":{"@type":"ImageObject","inLanguage":"fr-BE","@id":"https:\/\/avrupapress.com\/#\/schema\/person\/image\/","url":"https:\/\/secure.gravatar.com\/avatar\/74996b0977aa5f1559ba9883776652508b229005c0d78fb2597897f0bd651c09?s=96&d=mm&r=g","contentUrl":"https:\/\/secure.gravatar.com\/avatar\/74996b0977aa5f1559ba9883776652508b229005c0d78fb2597897f0bd651c09?s=96&d=mm&r=g","caption":"Edit\u00f6r"},"sameAs":["http:\/\/www.avrupapress.com"],"url":"https:\/\/avrupapress.com\/main\/author\/editor\/"}]}},"_links":{"self":[{"href":"https:\/\/avrupapress.com\/main\/wp-json\/wp\/v2\/posts\/27866","targetHints":{"allow":["GET"]}}],"collection":[{"href":"https:\/\/avrupapress.com\/main\/wp-json\/wp\/v2\/posts"}],"about":[{"href":"https:\/\/avrupapress.com\/main\/wp-json\/wp\/v2\/types\/post"}],"author":[{"embeddable":true,"href":"https:\/\/avrupapress.com\/main\/wp-json\/wp\/v2\/users\/3"}],"replies":[{"embeddable":true,"href":"https:\/\/avrupapress.com\/main\/wp-json\/wp\/v2\/comments?post=27866"}],"version-history":[{"count":1,"href":"https:\/\/avrupapress.com\/main\/wp-json\/wp\/v2\/posts\/27866\/revisions"}],"predecessor-version":[{"id":27868,"href":"https:\/\/avrupapress.com\/main\/wp-json\/wp\/v2\/posts\/27866\/revisions\/27868"}],"wp:featuredmedia":[{"embeddable":true,"href":"https:\/\/avrupapress.com\/main\/wp-json\/wp\/v2\/media\/27867"}],"wp:attachment":[{"href":"https:\/\/avrupapress.com\/main\/wp-json\/wp\/v2\/media?parent=27866"}],"wp:term":[{"taxonomy":"category","embeddable":true,"href":"https:\/\/avrupapress.com\/main\/wp-json\/wp\/v2\/categories?post=27866"},{"taxonomy":"post_tag","embeddable":true,"href":"https:\/\/avrupapress.com\/main\/wp-json\/wp\/v2\/tags?post=27866"}],"curies":[{"name":"wp","href":"https:\/\/api.w.org\/{rel}","templated":true}]}}