{"id":27863,"date":"2025-01-03T20:14:26","date_gmt":"2025-01-03T20:14:26","guid":{"rendered":"https:\/\/avrupapress.com\/main\/?p=27863"},"modified":"2025-01-03T20:14:35","modified_gmt":"2025-01-03T20:14:35","slug":"turkiyede-memur-ve-emekli-zammi-belli-oldu-iste-en-dusuk-emekli-ve-memur-maasi","status":"publish","type":"post","link":"https:\/\/avrupapress.com\/main\/2025\/01\/03\/turkiyede-memur-ve-emekli-zammi-belli-oldu-iste-en-dusuk-emekli-ve-memur-maasi\/","title":{"rendered":"T\u00fcrkiye&rsquo;de Memur ve emekli zamm\u0131 belli oldu! \u0130\u015fte en d\u00fc\u015f\u00fck emekli ve memur maa\u015f\u0131&#8230;"},"content":{"rendered":"<p>T\u00fcrkiye&rsquo;de Milyonlarca emekli ve memurun merakla bekledi\u011fi zam oranlar\u0131 Aral\u0131k ay\u0131 enflasyonunun a\u00e7\u0131klanmas\u0131yla birlikte belli oldu. 2025 y\u0131l\u0131 i\u00e7in ge\u00e7erli olacak olan zam oran\u0131 y\u00fczde ka\u00e7 oldu? En d\u00fc\u015f\u00fck memur ve emekli maa\u015f\u0131 ka\u00e7 TL?<\/p>\n<p>T\u00fcrkiye \u0130statistik Kurumu (T\u00dc\u0130K) taraf\u0131ndan a\u00e7\u0131klanan Aral\u0131k ay\u0131 enflasyon verileri ile birlikte memur ve emekli maa\u015flar\u0131na yap\u0131lacak olan zam oran\u0131 belli oldu.<\/p>\n<h3>ARALIK AYI ENFASYON RAKAMLARI<\/h3>\n<p>T\u00fcrkiye \u0130statistik Kurumu&rsquo;ndan (T\u00dc\u0130K) yap\u0131lan a\u00e7\u0131klamada ayl\u0131k enflasyon y\u00fczde 1.03 olurken y\u0131ll\u0131k enflasyon y\u00fczde 44,38 seviyesinde ger\u00e7ekle\u015fti.<\/p>\n<p><img loading=\"lazy\" decoding=\"async\" class=\"img-fluid\" src=\"https:\/\/www.trhaber.com\/uploads\/1735889074_vergi.jpg\" alt=\"\" width=\"796\" height=\"475\" \/><\/p>\n<h3>MEMUR VE EMEKL\u0130 MAA\u015eI NE KADAR OLDU 2025?<\/h3>\n<p>Memur ve memur emeklilerinin maa\u015flar\u0131na y\u00fczde 11.54 oran\u0131nda zam yap\u0131ld\u0131.<\/p>\n<p>SSK, Ba\u011f-Kur, tar\u0131m emeklisi olanlar\u0131n maa\u015flar\u0131na da y\u00fczde 15.74 oran\u0131nda zam yap\u0131ld\u0131.<\/p>\n<h3>HANG\u0130 MEMUR NE KADAR MAA\u015e ALACAK?<\/h3>\n<p>2025 y\u0131l\u0131nda uygulanacak memur maa\u015flar\u0131 \u015fu \u015fekilde ger\u00e7ekle\u015fti:<\/p>\n<p>(Hesaplama yap\u0131l\u0131rken aile ve \u00e7ocuk \u00f6demeleri ile di\u011fer \u00f6demeler dahil edilmemi\u015ftir &#8211; Veriler g\u00fcncellenecek)<\/p>\n<p><strong>\u015eube M\u00fcd\u00fcr\u00fc (1\/4)<\/strong><\/p>\n<p>2024 (Temmuz-Aral\u0131k) &#8211; 56.950 TL<\/p>\n<p>2025 (Ocak-Haziran) &#8211;\u00a0 63527 TL<\/p>\n<p><img loading=\"lazy\" decoding=\"async\" class=\"img-fluid\" src=\"https:\/\/www.trhaber.com\/uploads\/1735889087_PARA.jpg\" alt=\"\" width=\"1280\" height=\"768\" \/><\/p>\n<p><strong>Memur (9\/1)\u00a0<\/strong><\/p>\n<p>2024 (Temmuz-Aral\u0131k)- 38.300 TL<\/p>\n<p>2025 (Ocak-Haziran) &#8211;<\/p>\n<p><strong>Uzman \u00d6\u011fretmen (1\/4)<\/strong><\/p>\n<p>2024 (Temmuz-Aral\u0131k) &#8211; 50.051 TL<\/p>\n<p>2025 (Ocak-Haziran) &#8211;\u00a0 42723 TL<\/p>\n<p><strong>\u00d6\u011fretmen (1\/4)<\/strong><\/p>\n<p>2024 (Temmuz-Aral\u0131k) &#8211; 44.916 TL<\/p>\n<p>2025 (Ocak-Haziran) &#8211;\u00a0 50104 TL<\/p>\n<p><strong>Ba\u015fkomiser (3\/1)<\/strong><\/p>\n<p>2024 (Temmuz-Aral\u0131k) &#8211; 55.821 TL<\/p>\n<p>2025 (Ocak-Haziran) &#8211;\u00a0 62268 TL<\/p>\n<p><strong>Polis Memuru (8\/1)<\/strong><\/p>\n<p>2024 (Temmuz-Aral\u0131k) &#8211; 55.821 TL<\/p>\n<p>2025 (Ocak-Haziran) &#8211;\u00a0 62268 TL<\/p>\n<p><strong>Uzman doktor (1\/4)<\/strong><\/p>\n<p>2024 (Temmuz-Aral\u0131k) &#8211; 95.319 TL<\/p>\n<p>2025 (Ocak-Haziran) &#8211;\u00a0 106.328 TL<\/p>\n<p><img loading=\"lazy\" decoding=\"async\" class=\"img-fluid\" src=\"https:\/\/www.trhaber.com\/uploads\/1735889116_emekl%C4%B1-2024-para-maas.jpg\" alt=\"\" width=\"1280\" height=\"768\" \/><\/p>\n<p><strong>Hem\u015fire (5\/1)<\/strong><\/p>\n<p>2024 (Temmuz-Aral\u0131k) &#8211; 45.392 TL<\/p>\n<p>2025 (Ocak-Haziran) &#8211;\u00a0 50634 TL<\/p>\n<p><strong>M\u00fchendis (1\/4)<\/strong><\/p>\n<p>2024 (Temmuz-Aral\u0131k) &#8211; 58.146 TL<\/p>\n<p>2025 (Ocak-Haziran) &#8211;\u00a0 64861 TL<\/p>\n<p>Teknisyen (lise mezunu) (11\/1)<\/p>\n<p>2024 (Temmuz-Aral\u0131k) &#8211; 39.796 TL<\/p>\n<p>2025 (Ocak-Haziran) &#8211;\u00a0 44392 TL<\/p>\n<p><strong>Profes\u00f6r (1\/4)<\/strong><\/p>\n<p>2024 (Temmuz-Aral\u0131k) &#8211; 83.681 TL<\/p>\n<p>2025 (Ocak-Haziran) &#8211;\u00a0 93546 TL<\/p>\n<p>Ara\u015ft\u0131rma g\u00f6revlisi (7\/1)<\/p>\n<p>2024 (Temmuz-Aral\u0131k) &#8211; 54.726 TL<\/p>\n<p>2025 (Ocak-Haziran) &#8211;\u00a0 61046 TL<\/p>\n<p><img loading=\"lazy\" decoding=\"async\" class=\"img-fluid\" src=\"https:\/\/www.trhaber.com\/uploads\/1735889128_2025-emekl%C4%B1-maas.jpg\" alt=\"\" width=\"1280\" height=\"768\" \/><\/p>\n<p><strong>Vaiz (1\/4)\u00a0<\/strong><\/p>\n<p>2024 (Temmuz-Aral\u0131k) &#8211; 47.065 TL<\/p>\n<p>2025 (Ocak-Haziran) &#8211;\u00a0 52501 TL<\/p>\n<p><strong>Avukat (1\/4)<\/strong><\/p>\n<p>2024 (Temmuz-Aral\u0131k) &#8211; 54.511 TL<\/p>\n<p>2025 (Ocak-Haziran) &#8211;\u00a0 60807 TL<\/p>\n<h3>ZAMLI MAA\u015eLAR HESAPLARA GE\u00c7ECEK<\/h3>\n<p>A\u00e7\u0131klanan zam oranlar\u0131yla birlikte maa\u015f alacak olan memur ve emekliler yeni maa\u015flar\u0131n\u0131 hesaplar\u0131nda bu ay g\u00f6recekler.<\/p>\n<h3>REFAH PAYI ARTI\u015eI OLUR MU?<\/h3>\n<p>2025 y\u0131l\u0131nda ge\u00e7erli olacak emekli maa\u015flar\u0131na ili\u015fkin de\u011ferlendirmelerde bulunan Ankara Y\u0131ld\u0131r\u0131m Beyaz\u0131t \u00dcniversitesi \u00d6\u011fretim G\u00f6revlisi Tarkan Zengin, \u00ab\u00a0Burada bir refah pay\u0131 olarak \u015funu kastediyoruz. \u2018Ge\u00e7mi\u015f d\u00f6nemde mevzuat\u0131n ve toplu s\u00f6zle\u015fmenin \u00fczerinde art\u0131\u015f olur mu?\u2019 beklentisi. Kamuoyunda buna refah pay\u0131 art\u0131\u015f\u0131 deniyor. Ben bu d\u00f6nemde bir refah pay\u0131 art\u0131\u015f\u0131n\u0131n olma ihtimalini zay\u0131f buluyorum.\u00a0\u00bb dedi.<\/p>\n<p>&nbsp;<\/p>\n<p><strong>Bilgin\u00a0 Ozciftcii\u00a0 \u00a0 \u00a0\/\u00a0 \u00a0 \u00a0AVRUPAPRESS<\/strong><\/p>\n","protected":false},"excerpt":{"rendered":"<p>T\u00fcrkiye&rsquo;de Milyonlarca emekli ve memurun merakla bekledi\u011fi zam oranlar\u0131 Aral\u0131k ay\u0131 enflasyonunun a\u00e7\u0131klanmas\u0131yla birlikte belli oldu. 2025 y\u0131l\u0131 i\u00e7in ge\u00e7erli olacak olan zam oran\u0131 y\u00fczde ka\u00e7 oldu? En d\u00fc\u015f\u00fck memur ve emekli maa\u015f\u0131 ka\u00e7 TL? T\u00fcrkiye \u0130statistik Kurumu (T\u00dc\u0130K) taraf\u0131ndan a\u00e7\u0131klanan Aral\u0131k ay\u0131 enflasyon verileri ile birlikte memur ve emekli maa\u015flar\u0131na yap\u0131lacak olan zam oran\u0131 [&hellip;]<\/p>\n","protected":false},"author":3,"featured_media":27864,"comment_status":"closed","ping_status":"open","sticky":false,"template":"","format":"standard","meta":{"footnotes":""},"categories":[14,16,3,17,18,15,19,2,1],"tags":[],"class_list":["post-27863","post","type-post","status-publish","format-standard","has-post-thumbnail","hentry","category-avrupa","category-belcika","category-dunya","category-ekonomi","category-kultur-sanat","category-spor","category-tanitim","category-turkiye","category-uncategorized"],"yoast_head":"<!-- This site is optimized with the Yoast SEO plugin v26.9 - https:\/\/yoast.com\/product\/yoast-seo-wordpress\/ -->\n<title>T\u00fcrkiye&#039;de Memur ve emekli zamm\u0131 belli oldu! \u0130\u015fte en d\u00fc\u015f\u00fck emekli ve memur maa\u015f\u0131... - AvrupaPress<\/title>\n<meta name=\"robots\" content=\"index, follow, max-snippet:-1, max-image-preview:large, max-video-preview:-1\" \/>\n<link rel=\"canonical\" href=\"https:\/\/avrupapress.com\/main\/2025\/01\/03\/turkiyede-memur-ve-emekli-zammi-belli-oldu-iste-en-dusuk-emekli-ve-memur-maasi\/\" \/>\n<meta property=\"og:locale\" content=\"fr_FR\" \/>\n<meta property=\"og:type\" content=\"article\" \/>\n<meta property=\"og:title\" content=\"T\u00fcrkiye&#039;de Memur ve emekli zamm\u0131 belli oldu! \u0130\u015fte en d\u00fc\u015f\u00fck emekli ve memur maa\u015f\u0131... - AvrupaPress\" \/>\n<meta property=\"og:description\" content=\"T\u00fcrkiye&rsquo;de Milyonlarca emekli ve memurun merakla bekledi\u011fi zam oranlar\u0131 Aral\u0131k ay\u0131 enflasyonunun a\u00e7\u0131klanmas\u0131yla birlikte belli oldu. 2025 y\u0131l\u0131 i\u00e7in ge\u00e7erli olacak olan zam oran\u0131 y\u00fczde ka\u00e7 oldu? En d\u00fc\u015f\u00fck memur ve emekli maa\u015f\u0131 ka\u00e7 TL? T\u00fcrkiye \u0130statistik Kurumu (T\u00dc\u0130K) taraf\u0131ndan a\u00e7\u0131klanan Aral\u0131k ay\u0131 enflasyon verileri ile birlikte memur ve emekli maa\u015flar\u0131na yap\u0131lacak olan zam oran\u0131 [&hellip;]\" \/>\n<meta property=\"og:url\" content=\"https:\/\/avrupapress.com\/main\/2025\/01\/03\/turkiyede-memur-ve-emekli-zammi-belli-oldu-iste-en-dusuk-emekli-ve-memur-maasi\/\" \/>\n<meta property=\"og:site_name\" content=\"AvrupaPress\" \/>\n<meta property=\"article:published_time\" content=\"2025-01-03T20:14:26+00:00\" \/>\n<meta property=\"article:modified_time\" content=\"2025-01-03T20:14:35+00:00\" \/>\n<meta property=\"og:image\" content=\"https:\/\/avrupapress.com\/main\/wp-content\/uploads\/2025\/01\/1735889074_vergi.jpg\" \/>\n\t<meta property=\"og:image:width\" content=\"796\" \/>\n\t<meta property=\"og:image:height\" content=\"475\" \/>\n\t<meta property=\"og:image:type\" content=\"image\/jpeg\" \/>\n<meta name=\"author\" content=\"Edit\u00f6r\" \/>\n<meta name=\"twitter:card\" content=\"summary_large_image\" \/>\n<meta name=\"twitter:label1\" content=\"\u00c9crit par\" \/>\n\t<meta name=\"twitter:data1\" content=\"Edit\u00f6r\" \/>\n\t<meta name=\"twitter:label2\" content=\"Dur\u00e9e de lecture est.\" \/>\n\t<meta name=\"twitter:data2\" content=\"3 minutes\" \/>\n<script type=\"application\/ld+json\" class=\"yoast-schema-graph\">{\"@context\":\"https:\/\/schema.org\",\"@graph\":[{\"@type\":\"Article\",\"@id\":\"https:\/\/avrupapress.com\/main\/2025\/01\/03\/turkiyede-memur-ve-emekli-zammi-belli-oldu-iste-en-dusuk-emekli-ve-memur-maasi\/#article\",\"isPartOf\":{\"@id\":\"https:\/\/avrupapress.com\/main\/2025\/01\/03\/turkiyede-memur-ve-emekli-zammi-belli-oldu-iste-en-dusuk-emekli-ve-memur-maasi\/\"},\"author\":{\"name\":\"Edit\u00f6r\",\"@id\":\"https:\/\/avrupapress.com\/#\/schema\/person\/68428444ec60970d1e1b700cf4ca1e8f\"},\"headline\":\"T\u00fcrkiye&rsquo;de Memur ve emekli zamm\u0131 belli oldu! \u0130\u015fte en d\u00fc\u015f\u00fck emekli ve memur maa\u015f\u0131&#8230;\",\"datePublished\":\"2025-01-03T20:14:26+00:00\",\"dateModified\":\"2025-01-03T20:14:35+00:00\",\"mainEntityOfPage\":{\"@id\":\"https:\/\/avrupapress.com\/main\/2025\/01\/03\/turkiyede-memur-ve-emekli-zammi-belli-oldu-iste-en-dusuk-emekli-ve-memur-maasi\/\"},\"wordCount\":436,\"publisher\":{\"@id\":\"https:\/\/avrupapress.com\/#\/schema\/person\/0223dca19c72c43575bf30d1a2d8f4fa\"},\"image\":{\"@id\":\"https:\/\/avrupapress.com\/main\/2025\/01\/03\/turkiyede-memur-ve-emekli-zammi-belli-oldu-iste-en-dusuk-emekli-ve-memur-maasi\/#primaryimage\"},\"thumbnailUrl\":\"https:\/\/avrupapress.com\/main\/wp-content\/uploads\/2025\/01\/1735889074_vergi.jpg\",\"articleSection\":[\"Avrupa\",\"Bel\u00e7ika\",\"D\u00fcnya\",\"Ekonomi\",\"K\u00fclt\u00fcr-Sanat\",\"Spor\",\"Tan\u0131t\u0131m\",\"T\u00fcrkiye\",\"Uncategorized\"],\"inLanguage\":\"fr-BE\"},{\"@type\":\"WebPage\",\"@id\":\"https:\/\/avrupapress.com\/main\/2025\/01\/03\/turkiyede-memur-ve-emekli-zammi-belli-oldu-iste-en-dusuk-emekli-ve-memur-maasi\/\",\"url\":\"https:\/\/avrupapress.com\/main\/2025\/01\/03\/turkiyede-memur-ve-emekli-zammi-belli-oldu-iste-en-dusuk-emekli-ve-memur-maasi\/\",\"name\":\"T\u00fcrkiye'de Memur ve emekli zamm\u0131 belli oldu! \u0130\u015fte en d\u00fc\u015f\u00fck emekli ve memur maa\u015f\u0131... - AvrupaPress\",\"isPartOf\":{\"@id\":\"https:\/\/avrupapress.com\/#website\"},\"primaryImageOfPage\":{\"@id\":\"https:\/\/avrupapress.com\/main\/2025\/01\/03\/turkiyede-memur-ve-emekli-zammi-belli-oldu-iste-en-dusuk-emekli-ve-memur-maasi\/#primaryimage\"},\"image\":{\"@id\":\"https:\/\/avrupapress.com\/main\/2025\/01\/03\/turkiyede-memur-ve-emekli-zammi-belli-oldu-iste-en-dusuk-emekli-ve-memur-maasi\/#primaryimage\"},\"thumbnailUrl\":\"https:\/\/avrupapress.com\/main\/wp-content\/uploads\/2025\/01\/1735889074_vergi.jpg\",\"datePublished\":\"2025-01-03T20:14:26+00:00\",\"dateModified\":\"2025-01-03T20:14:35+00:00\",\"breadcrumb\":{\"@id\":\"https:\/\/avrupapress.com\/main\/2025\/01\/03\/turkiyede-memur-ve-emekli-zammi-belli-oldu-iste-en-dusuk-emekli-ve-memur-maasi\/#breadcrumb\"},\"inLanguage\":\"fr-BE\",\"potentialAction\":[{\"@type\":\"ReadAction\",\"target\":[\"https:\/\/avrupapress.com\/main\/2025\/01\/03\/turkiyede-memur-ve-emekli-zammi-belli-oldu-iste-en-dusuk-emekli-ve-memur-maasi\/\"]}]},{\"@type\":\"ImageObject\",\"inLanguage\":\"fr-BE\",\"@id\":\"https:\/\/avrupapress.com\/main\/2025\/01\/03\/turkiyede-memur-ve-emekli-zammi-belli-oldu-iste-en-dusuk-emekli-ve-memur-maasi\/#primaryimage\",\"url\":\"https:\/\/avrupapress.com\/main\/wp-content\/uploads\/2025\/01\/1735889074_vergi.jpg\",\"contentUrl\":\"https:\/\/avrupapress.com\/main\/wp-content\/uploads\/2025\/01\/1735889074_vergi.jpg\",\"width\":796,\"height\":475},{\"@type\":\"BreadcrumbList\",\"@id\":\"https:\/\/avrupapress.com\/main\/2025\/01\/03\/turkiyede-memur-ve-emekli-zammi-belli-oldu-iste-en-dusuk-emekli-ve-memur-maasi\/#breadcrumb\",\"itemListElement\":[{\"@type\":\"ListItem\",\"position\":1,\"name\":\"Anasayfa\",\"item\":\"https:\/\/avrupapress.com\/\"},{\"@type\":\"ListItem\",\"position\":2,\"name\":\"T\u00fcrkiye&rsquo;de Memur ve emekli zamm\u0131 belli oldu! \u0130\u015fte en d\u00fc\u015f\u00fck emekli ve memur maa\u015f\u0131&#8230;\"}]},{\"@type\":\"WebSite\",\"@id\":\"https:\/\/avrupapress.com\/#website\",\"url\":\"https:\/\/avrupapress.com\/\",\"name\":\"AvrupaPress\",\"description\":\"Haberin Adresi\",\"publisher\":{\"@id\":\"https:\/\/avrupapress.com\/#\/schema\/person\/0223dca19c72c43575bf30d1a2d8f4fa\"},\"potentialAction\":[{\"@type\":\"SearchAction\",\"target\":{\"@type\":\"EntryPoint\",\"urlTemplate\":\"https:\/\/avrupapress.com\/?s={search_term_string}\"},\"query-input\":{\"@type\":\"PropertyValueSpecification\",\"valueRequired\":true,\"valueName\":\"search_term_string\"}}],\"inLanguage\":\"fr-BE\"},{\"@type\":[\"Person\",\"Organization\"],\"@id\":\"https:\/\/avrupapress.com\/#\/schema\/person\/0223dca19c72c43575bf30d1a2d8f4fa\",\"name\":\"Bilgin \u00d6z\u00e7ift\u00e7i\",\"image\":{\"@type\":\"ImageObject\",\"inLanguage\":\"fr-BE\",\"@id\":\"https:\/\/avrupapress.com\/#\/schema\/person\/image\/\",\"url\":\"https:\/\/secure.gravatar.com\/avatar\/0f23b280433a21e1ea7a0adcc46ed0ad16afe3ad8e630fd13d8a017dcbd54ef3?s=96&d=mm&r=g\",\"contentUrl\":\"https:\/\/secure.gravatar.com\/avatar\/0f23b280433a21e1ea7a0adcc46ed0ad16afe3ad8e630fd13d8a017dcbd54ef3?s=96&d=mm&r=g\",\"caption\":\"Bilgin \u00d6z\u00e7ift\u00e7i\"},\"logo\":{\"@id\":\"https:\/\/avrupapress.com\/#\/schema\/person\/image\/\"},\"description\":\"Ne ben, nede sen... Biz ancak \\\"biz\\\" olursak g\u00fc\u00e7l\u00fc olabiliriz\"},{\"@type\":\"Person\",\"@id\":\"https:\/\/avrupapress.com\/#\/schema\/person\/68428444ec60970d1e1b700cf4ca1e8f\",\"name\":\"Edit\u00f6r\",\"image\":{\"@type\":\"ImageObject\",\"inLanguage\":\"fr-BE\",\"@id\":\"https:\/\/avrupapress.com\/#\/schema\/person\/image\/\",\"url\":\"https:\/\/secure.gravatar.com\/avatar\/74996b0977aa5f1559ba9883776652508b229005c0d78fb2597897f0bd651c09?s=96&d=mm&r=g\",\"contentUrl\":\"https:\/\/secure.gravatar.com\/avatar\/74996b0977aa5f1559ba9883776652508b229005c0d78fb2597897f0bd651c09?s=96&d=mm&r=g\",\"caption\":\"Edit\u00f6r\"},\"sameAs\":[\"http:\/\/www.avrupapress.com\"],\"url\":\"https:\/\/avrupapress.com\/main\/author\/editor\/\"}]}<\/script>\n<!-- \/ Yoast SEO plugin. -->","yoast_head_json":{"title":"T\u00fcrkiye'de Memur ve emekli zamm\u0131 belli oldu! \u0130\u015fte en d\u00fc\u015f\u00fck emekli ve memur maa\u015f\u0131... - AvrupaPress","robots":{"index":"index","follow":"follow","max-snippet":"max-snippet:-1","max-image-preview":"max-image-preview:large","max-video-preview":"max-video-preview:-1"},"canonical":"https:\/\/avrupapress.com\/main\/2025\/01\/03\/turkiyede-memur-ve-emekli-zammi-belli-oldu-iste-en-dusuk-emekli-ve-memur-maasi\/","og_locale":"fr_FR","og_type":"article","og_title":"T\u00fcrkiye'de Memur ve emekli zamm\u0131 belli oldu! \u0130\u015fte en d\u00fc\u015f\u00fck emekli ve memur maa\u015f\u0131... - AvrupaPress","og_description":"T\u00fcrkiye&rsquo;de Milyonlarca emekli ve memurun merakla bekledi\u011fi zam oranlar\u0131 Aral\u0131k ay\u0131 enflasyonunun a\u00e7\u0131klanmas\u0131yla birlikte belli oldu. 2025 y\u0131l\u0131 i\u00e7in ge\u00e7erli olacak olan zam oran\u0131 y\u00fczde ka\u00e7 oldu? En d\u00fc\u015f\u00fck memur ve emekli maa\u015f\u0131 ka\u00e7 TL? T\u00fcrkiye \u0130statistik Kurumu (T\u00dc\u0130K) taraf\u0131ndan a\u00e7\u0131klanan Aral\u0131k ay\u0131 enflasyon verileri ile birlikte memur ve emekli maa\u015flar\u0131na yap\u0131lacak olan zam oran\u0131 [&hellip;]","og_url":"https:\/\/avrupapress.com\/main\/2025\/01\/03\/turkiyede-memur-ve-emekli-zammi-belli-oldu-iste-en-dusuk-emekli-ve-memur-maasi\/","og_site_name":"AvrupaPress","article_published_time":"2025-01-03T20:14:26+00:00","article_modified_time":"2025-01-03T20:14:35+00:00","og_image":[{"width":796,"height":475,"url":"https:\/\/avrupapress.com\/main\/wp-content\/uploads\/2025\/01\/1735889074_vergi.jpg","type":"image\/jpeg"}],"author":"Edit\u00f6r","twitter_card":"summary_large_image","twitter_misc":{"\u00c9crit par":"Edit\u00f6r","Dur\u00e9e de lecture est.":"3 minutes"},"schema":{"@context":"https:\/\/schema.org","@graph":[{"@type":"Article","@id":"https:\/\/avrupapress.com\/main\/2025\/01\/03\/turkiyede-memur-ve-emekli-zammi-belli-oldu-iste-en-dusuk-emekli-ve-memur-maasi\/#article","isPartOf":{"@id":"https:\/\/avrupapress.com\/main\/2025\/01\/03\/turkiyede-memur-ve-emekli-zammi-belli-oldu-iste-en-dusuk-emekli-ve-memur-maasi\/"},"author":{"name":"Edit\u00f6r","@id":"https:\/\/avrupapress.com\/#\/schema\/person\/68428444ec60970d1e1b700cf4ca1e8f"},"headline":"T\u00fcrkiye&rsquo;de Memur ve emekli zamm\u0131 belli oldu! \u0130\u015fte en d\u00fc\u015f\u00fck emekli ve memur maa\u015f\u0131&#8230;","datePublished":"2025-01-03T20:14:26+00:00","dateModified":"2025-01-03T20:14:35+00:00","mainEntityOfPage":{"@id":"https:\/\/avrupapress.com\/main\/2025\/01\/03\/turkiyede-memur-ve-emekli-zammi-belli-oldu-iste-en-dusuk-emekli-ve-memur-maasi\/"},"wordCount":436,"publisher":{"@id":"https:\/\/avrupapress.com\/#\/schema\/person\/0223dca19c72c43575bf30d1a2d8f4fa"},"image":{"@id":"https:\/\/avrupapress.com\/main\/2025\/01\/03\/turkiyede-memur-ve-emekli-zammi-belli-oldu-iste-en-dusuk-emekli-ve-memur-maasi\/#primaryimage"},"thumbnailUrl":"https:\/\/avrupapress.com\/main\/wp-content\/uploads\/2025\/01\/1735889074_vergi.jpg","articleSection":["Avrupa","Bel\u00e7ika","D\u00fcnya","Ekonomi","K\u00fclt\u00fcr-Sanat","Spor","Tan\u0131t\u0131m","T\u00fcrkiye","Uncategorized"],"inLanguage":"fr-BE"},{"@type":"WebPage","@id":"https:\/\/avrupapress.com\/main\/2025\/01\/03\/turkiyede-memur-ve-emekli-zammi-belli-oldu-iste-en-dusuk-emekli-ve-memur-maasi\/","url":"https:\/\/avrupapress.com\/main\/2025\/01\/03\/turkiyede-memur-ve-emekli-zammi-belli-oldu-iste-en-dusuk-emekli-ve-memur-maasi\/","name":"T\u00fcrkiye'de Memur ve emekli zamm\u0131 belli oldu! \u0130\u015fte en d\u00fc\u015f\u00fck emekli ve memur maa\u015f\u0131... - AvrupaPress","isPartOf":{"@id":"https:\/\/avrupapress.com\/#website"},"primaryImageOfPage":{"@id":"https:\/\/avrupapress.com\/main\/2025\/01\/03\/turkiyede-memur-ve-emekli-zammi-belli-oldu-iste-en-dusuk-emekli-ve-memur-maasi\/#primaryimage"},"image":{"@id":"https:\/\/avrupapress.com\/main\/2025\/01\/03\/turkiyede-memur-ve-emekli-zammi-belli-oldu-iste-en-dusuk-emekli-ve-memur-maasi\/#primaryimage"},"thumbnailUrl":"https:\/\/avrupapress.com\/main\/wp-content\/uploads\/2025\/01\/1735889074_vergi.jpg","datePublished":"2025-01-03T20:14:26+00:00","dateModified":"2025-01-03T20:14:35+00:00","breadcrumb":{"@id":"https:\/\/avrupapress.com\/main\/2025\/01\/03\/turkiyede-memur-ve-emekli-zammi-belli-oldu-iste-en-dusuk-emekli-ve-memur-maasi\/#breadcrumb"},"inLanguage":"fr-BE","potentialAction":[{"@type":"ReadAction","target":["https:\/\/avrupapress.com\/main\/2025\/01\/03\/turkiyede-memur-ve-emekli-zammi-belli-oldu-iste-en-dusuk-emekli-ve-memur-maasi\/"]}]},{"@type":"ImageObject","inLanguage":"fr-BE","@id":"https:\/\/avrupapress.com\/main\/2025\/01\/03\/turkiyede-memur-ve-emekli-zammi-belli-oldu-iste-en-dusuk-emekli-ve-memur-maasi\/#primaryimage","url":"https:\/\/avrupapress.com\/main\/wp-content\/uploads\/2025\/01\/1735889074_vergi.jpg","contentUrl":"https:\/\/avrupapress.com\/main\/wp-content\/uploads\/2025\/01\/1735889074_vergi.jpg","width":796,"height":475},{"@type":"BreadcrumbList","@id":"https:\/\/avrupapress.com\/main\/2025\/01\/03\/turkiyede-memur-ve-emekli-zammi-belli-oldu-iste-en-dusuk-emekli-ve-memur-maasi\/#breadcrumb","itemListElement":[{"@type":"ListItem","position":1,"name":"Anasayfa","item":"https:\/\/avrupapress.com\/"},{"@type":"ListItem","position":2,"name":"T\u00fcrkiye&rsquo;de Memur ve emekli zamm\u0131 belli oldu! \u0130\u015fte en d\u00fc\u015f\u00fck emekli ve memur maa\u015f\u0131&#8230;"}]},{"@type":"WebSite","@id":"https:\/\/avrupapress.com\/#website","url":"https:\/\/avrupapress.com\/","name":"AvrupaPress","description":"Haberin Adresi","publisher":{"@id":"https:\/\/avrupapress.com\/#\/schema\/person\/0223dca19c72c43575bf30d1a2d8f4fa"},"potentialAction":[{"@type":"SearchAction","target":{"@type":"EntryPoint","urlTemplate":"https:\/\/avrupapress.com\/?s={search_term_string}"},"query-input":{"@type":"PropertyValueSpecification","valueRequired":true,"valueName":"search_term_string"}}],"inLanguage":"fr-BE"},{"@type":["Person","Organization"],"@id":"https:\/\/avrupapress.com\/#\/schema\/person\/0223dca19c72c43575bf30d1a2d8f4fa","name":"Bilgin \u00d6z\u00e7ift\u00e7i","image":{"@type":"ImageObject","inLanguage":"fr-BE","@id":"https:\/\/avrupapress.com\/#\/schema\/person\/image\/","url":"https:\/\/secure.gravatar.com\/avatar\/0f23b280433a21e1ea7a0adcc46ed0ad16afe3ad8e630fd13d8a017dcbd54ef3?s=96&d=mm&r=g","contentUrl":"https:\/\/secure.gravatar.com\/avatar\/0f23b280433a21e1ea7a0adcc46ed0ad16afe3ad8e630fd13d8a017dcbd54ef3?s=96&d=mm&r=g","caption":"Bilgin \u00d6z\u00e7ift\u00e7i"},"logo":{"@id":"https:\/\/avrupapress.com\/#\/schema\/person\/image\/"},"description":"Ne ben, nede sen... Biz ancak \"biz\" olursak g\u00fc\u00e7l\u00fc olabiliriz"},{"@type":"Person","@id":"https:\/\/avrupapress.com\/#\/schema\/person\/68428444ec60970d1e1b700cf4ca1e8f","name":"Edit\u00f6r","image":{"@type":"ImageObject","inLanguage":"fr-BE","@id":"https:\/\/avrupapress.com\/#\/schema\/person\/image\/","url":"https:\/\/secure.gravatar.com\/avatar\/74996b0977aa5f1559ba9883776652508b229005c0d78fb2597897f0bd651c09?s=96&d=mm&r=g","contentUrl":"https:\/\/secure.gravatar.com\/avatar\/74996b0977aa5f1559ba9883776652508b229005c0d78fb2597897f0bd651c09?s=96&d=mm&r=g","caption":"Edit\u00f6r"},"sameAs":["http:\/\/www.avrupapress.com"],"url":"https:\/\/avrupapress.com\/main\/author\/editor\/"}]}},"_links":{"self":[{"href":"https:\/\/avrupapress.com\/main\/wp-json\/wp\/v2\/posts\/27863","targetHints":{"allow":["GET"]}}],"collection":[{"href":"https:\/\/avrupapress.com\/main\/wp-json\/wp\/v2\/posts"}],"about":[{"href":"https:\/\/avrupapress.com\/main\/wp-json\/wp\/v2\/types\/post"}],"author":[{"embeddable":true,"href":"https:\/\/avrupapress.com\/main\/wp-json\/wp\/v2\/users\/3"}],"replies":[{"embeddable":true,"href":"https:\/\/avrupapress.com\/main\/wp-json\/wp\/v2\/comments?post=27863"}],"version-history":[{"count":1,"href":"https:\/\/avrupapress.com\/main\/wp-json\/wp\/v2\/posts\/27863\/revisions"}],"predecessor-version":[{"id":27865,"href":"https:\/\/avrupapress.com\/main\/wp-json\/wp\/v2\/posts\/27863\/revisions\/27865"}],"wp:featuredmedia":[{"embeddable":true,"href":"https:\/\/avrupapress.com\/main\/wp-json\/wp\/v2\/media\/27864"}],"wp:attachment":[{"href":"https:\/\/avrupapress.com\/main\/wp-json\/wp\/v2\/media?parent=27863"}],"wp:term":[{"taxonomy":"category","embeddable":true,"href":"https:\/\/avrupapress.com\/main\/wp-json\/wp\/v2\/categories?post=27863"},{"taxonomy":"post_tag","embeddable":true,"href":"https:\/\/avrupapress.com\/main\/wp-json\/wp\/v2\/tags?post=27863"}],"curies":[{"name":"wp","href":"https:\/\/api.w.org\/{rel}","templated":true}]}}