{"id":27854,"date":"2025-01-02T20:22:05","date_gmt":"2025-01-02T20:22:05","guid":{"rendered":"https:\/\/avrupapress.com\/main\/?p=27854"},"modified":"2025-01-02T20:22:19","modified_gmt":"2025-01-02T20:22:19","slug":"birlikte-rahmet-ayrilikta-azap-vardir-regaip-gecemiz-kandilimiz-mubarek-olsun","status":"publish","type":"post","link":"https:\/\/avrupapress.com\/main\/2025\/01\/02\/birlikte-rahmet-ayrilikta-azap-vardir-regaip-gecemiz-kandilimiz-mubarek-olsun\/","title":{"rendered":"B\u0130RL\u0130KTE RAHMET AYRILIKTA AZAP VARDIR  REGA\u0130P GECEM\u0130Z \/ KAND\u0130L\u0130M\u0130Z M\u00dcBAREK OLSUN&#8230;"},"content":{"rendered":"<div dir=\"auto\">\n<div dir=\"auto\" data-olk-copy-source=\"MessageBody\">Biz de davam\u0131z\u0131n delisiyiz i\u015fte buraday\u0131z.<\/div>\n<div dir=\"auto\"><\/div>\n<div dir=\"auto\">Cihat ibadetini yapal\u0131m diye, ilim farz\u0131n\u0131 yerine getirmeliyiz. Cihat konu\u015fulacak bir ibadet de\u011fildir Peygamberimiz buyuruyor:<\/div>\n<div dir=\"auto\"><\/div>\n<div dir=\"auto\">\u00ab\u00a0Benim sanat\u0131m cihatt\u0131r, \u00fcmmetimde cihat edecek.\u00a0\u00bb<\/div>\n<div dir=\"auto\"><\/div>\n<div dir=\"auto\">Cenab-\u0131 Hak bize ahiret i\u00e7in bir mesaj g\u00f6ndermi.<\/div>\n<div dir=\"auto\"><\/div>\n<div dir=\"auto\">\u00ab\u00a0Cihat&rsquo;a \u00e7a\u011fr\u0131ld\u0131\u011f\u0131n\u0131z zama ko\u015funuz.\u00a0\u00bb<\/div>\n<div dir=\"auto\"><\/div>\n<div dir=\"auto\">G\u00f6rev taksimat\u0131 tedavisi de var Cuma hutbesi cihat talimat\u0131d\u0131r. \u00ab\u00a0Cum&rsquo;a namaz\u0131na \u00e7a\u011fr\u0131ld\u0131\u011f\u0131n\u0131z zaman i\u015finizi b\u0131rak\u0131p ko\u015fun. \u00c7\u00fcnk\u00fc Cum&rsquo;a namaz\u0131 cihad namaz\u0131d\u0131r.<\/div>\n<div dir=\"auto\"><\/div>\n<div dir=\"auto\">\u00ab\u00a0Ey iman edenler cuma g\u00fcn\u00fc namaz i\u00e7in \u00e7a\u011fr\u0131ld\u0131\u011f\u0131n\u0131z zaman Allah&rsquo;\u0131 anmay\u0131 Allah&rsquo;\u0131n zikrine ko\u015fun al\u0131m sat\u0131m\u0131 b\u0131rak\u0131n e\u011fer biliyorsan\u0131z bu sizin i\u00e7in daha hay\u0131rl\u0131d\u0131r.\u00a0\u00bb Cuma Suresi 9 ayet<\/div>\n<div dir=\"auto\"><\/div>\n<div dir=\"auto\">\u00ab\u00a0Cihada \u00e7a\u011fr\u0131ld\u0131\u011f\u0131n\u0131z zaman ko\u015funuz. Ey m\u00fcminler gerek hafif gerek a\u011f\u0131rl\u0131kl\u0131 olarak ( infuru ) sefere \u00e7\u0131k\u0131n ve mallar\u0131n\u0131zla ve canlar\u0131n\u0131zla cihad edin. E\u011fer bilirseniz bu sizin i\u00e7in hay\u0131rl\u0131d\u0131r.\u00a0\u00bb Tevbe Suresi 41 ayet<\/div>\n<div dir=\"auto\"><\/div>\n<div dir=\"auto\">Cihad ayd\u0131nl\u0131kt\u0131r, cihad\u0131 terk zillettir.<\/div>\n<div dir=\"auto\"><\/div>\n<div dir=\"auto\">\u0130nan\u0131yorsan\u0131z \u00fcst\u00fcns\u00fcn\u00fcz.<\/div>\n<div dir=\"auto\"><\/div>\n<div dir=\"auto\">Zafer inananlar\u0131nd\u0131r ve zafer yak\u0131nd\u0131r.<\/div>\n<div dir=\"auto\"><\/div>\n<div dir=\"auto\">Zafere giden seferimiz m\u00fcbarek olsun.<\/div>\n<div dir=\"auto\"><\/div>\n<div dir=\"auto\">Biz hak hakim olsun diye \u00e7al\u0131\u015f\u0131yoruz.<\/div>\n<div dir=\"auto\"><\/div>\n<div dir=\"auto\">Demek ki maksat budur.<\/div>\n<div dir=\"auto\"><\/div>\n<div dir=\"auto\">Cenab\u0131 Allah, Zilzal Suresi&rsquo;nde zerre miktar\u0131 hayr\u0131n ve \u015ferrin hakk\u0131n\u0131n hesab\u0131n\u0131n verilece\u011fi bir g\u00fcn var. \u00a0buyuruyor.<\/div>\n<div dir=\"auto\"><\/div>\n<div dir=\"auto\">Ona do\u011fru gidiyoruz i\u015fte ona do\u011fru gidiyoruz.<\/div>\n<div dir=\"auto\"><\/div>\n<div dir=\"auto\">\u00a0Allah hepimize hay\u0131rl\u0131 uzun \u00f6m\u00fcrler versin.<\/div>\n<div dir=\"auto\"><\/div>\n<div dir=\"auto\">Allah Celle Celal\u00fch\u00fc&rsquo;n\u00fcn takdir etti\u011fi ve tayin etti\u011fi zaman geldi\u011finde bu \u00f6m\u00fcr bitecek, \u00f6yleyse Allah&rsquo;\u0131n raz\u0131 oldu\u011fu bir d\u00fczeni, Allah&rsquo;\u0131n raz\u0131 oldu\u011fu bir hayat\u0131 ailemizde, toplumumuzda, ya\u015fad\u0131\u011f\u0131m\u0131z toplumlarda ve \u00fclkelerde nas\u0131l ya\u015fanabilir hale getirebiliriz gayreti i\u00e7erisindeyiz.<\/div>\n<div dir=\"auto\"><\/div>\n<div dir=\"auto\">Bizim i\u00e7ine girdi\u011fimiz bu 54 y\u0131ll\u0131k Milli G\u00f6r\u00fc\u015f Hareketinin \u00f6zg\u00fcn, bug\u00fcn T\u00fcrkiye&rsquo;de ve Avrupa&rsquo;da di\u011fer \u00fclkelerde \u0130slam D\u00fcnyas\u0131&rsquo;nda olu\u015fturdu\u011fu etkiye bakt\u0131\u011f\u0131m\u0131zda do\u011fru bir iz \u00fczerine oldu\u011fumuzu hep birlikte g\u00f6r\u00fcyoruz<\/div>\n<div dir=\"auto\"><\/div>\n<div dir=\"auto\">\u0130\u015fte bu do\u011fru istikamette \u00e7al\u0131\u015fmaya b\u00fct\u00fcn azim ve kararl\u0131l\u0131\u011f\u0131m\u0131zla devam etmeliyiz.<\/div>\n<div dir=\"auto\"><\/div>\n<div dir=\"auto\">De\u011ferli Karde\u015flerim, Milli G\u00f6r\u00fc\u015f davam\u0131za \u0130lim ve gayret dolu hayat\u0131n\u0131 vakfeden ge\u00e7mi\u015flerimize Allah rahmet eylesin. Mekanlar\u0131 cennet, makamlar\u0131 \u00e2li olsun.<\/div>\n<div dir=\"auto\"><\/div>\n<div dir=\"auto\">Onlar\u0131 minnetle yad ediyoruz.<\/div>\n<div dir=\"auto\"><\/div>\n<div dir=\"auto\">Onlar\u0131 bize hep uyard\u0131lar \u00ab\u00a0T\u00fcrkiye&rsquo;ye Sevri uygulayacaklar \u00a0\u00bb diye uyard\u0131lar.<\/div>\n<div dir=\"auto\"><\/div>\n<div dir=\"auto\">Bunlara kalsa, bug\u00fcnk\u00fc \u015fuursuz i\u015fbirlik\u00e7i h\u00fck\u00fcmete kalsa, \u0130ran&rsquo;la sava\u015fmaya da kalkar.<\/div>\n<div dir=\"auto\"><\/div>\n<div dir=\"auto\">Bunlar onlarla beraber olur \u0130ran&rsquo;la da sava\u015fmaya kalkarlar.<\/div>\n<div dir=\"auto\"><\/div>\n<div dir=\"auto\">B\u00f6ylece \u0130sl\u00e2m alemini darbederler, insanl\u0131\u011f\u0131 mahvederler.<\/div>\n<div dir=\"auto\"><\/div>\n<div dir=\"auto\">B\u00f6yle olmasa dahi arkadan hedef T\u00fcrkiye&rsquo;dir.<\/div>\n<div dir=\"auto\"><\/div>\n<div dir=\"auto\">T\u00fcrkiye&rsquo;ye \u00a0h\u00fccum edecekler.<\/div>\n<div dir=\"auto\"><\/div>\n<div dir=\"auto\">Sevri uygulayacaklar.<\/div>\n<div dir=\"auto\"><\/div>\n<div dir=\"auto\">\u0130\u015fte De\u011ferli Karde\u015flerim bizler \u00fczerimize d\u00fc\u015fenleri yapmak ile mesul\u00fcz.<\/div>\n<div dir=\"auto\"><\/div>\n<div dir=\"auto\">Durum ortadad\u0131r.<\/div>\n<div dir=\"auto\"><\/div>\n<div dir=\"auto\">Hepinizi Allah&rsquo;a emanet ediyorum. Birbirinize Allah&rsquo;\u0131n emretti\u011fi gibi s\u0131ms\u0131k\u0131 sar\u0131l\u0131n ve sevin ve Allah&rsquo;\u0131n yolundan ayr\u0131lmay\u0131n.<\/div>\n<div dir=\"auto\"><\/div>\n<div dir=\"auto\">\u00c7\u00fcnk\u00fc bu yolda Hayat \u0130zzet ve saadet var ve cennet var.<\/div>\n<div dir=\"auto\"><\/div>\n<div dir=\"auto\">De\u011ferli karde\u015flerim, \u00a0 g\u00f6rd\u00fc\u011f\u00fcn\u00fcz gibi \u00fclkemizde kimine bili bili, \u00a0kimine k\u0131\u015f\u0131 k\u0131\u015f\u0131, bizim inanmad\u0131\u011f\u0131m\u0131z \u015feye ba\u015fkas\u0131 niye inans\u0131n.<\/div>\n<div dir=\"auto\"><\/div>\n<div dir=\"auto\">Ayaklar nas\u0131l kay\u0131yor g\u00f6r\u00fcyorsunuz De\u011ferli Karde\u015flerim insanlar\u0131n yasa yapt\u0131\u011f\u0131n\u0131 herkes biliyor da yasalar\u0131n insan yapt\u0131\u011f\u0131n\u0131 pek az ki\u015fi biliyor.<\/div>\n<div dir=\"auto\"><\/div>\n<div dir=\"auto\">Er ge\u00e7 ama er ge\u00e7 mutlaka zafer gelecek.<\/div>\n<div dir=\"auto\"><\/div>\n<div dir=\"auto\">Allah&rsquo;\u0131n yard\u0131m edip de ba\u015far\u0131l\u0131 olmam\u0131\u015f hi\u00e7bir durum yoktur.<\/div>\n<div dir=\"auto\"><\/div>\n<div dir=\"auto\">Yar\u0131m yamalak inanm\u0131\u015f insanlarla bu i\u015f olmaz<\/div>\n<div dir=\"auto\"><\/div>\n<div dir=\"auto\">D\u00fc\u015f\u00fcncesi yar\u0131m yamalak olan, eylemi yar\u0131m yamalak olan insanlarla bu i\u015f olmaz.<\/div>\n<div dir=\"auto\"><\/div>\n<div dir=\"auto\">Yasa, \u00a0yasama yap\u0131land\u0131rmac\u0131d\u0131r.<\/div>\n<div dir=\"auto\"><\/div>\n<div dir=\"auto\">Toplum da s\u00f6ylemlere bak\u0131yor fakat kal\u0131c\u0131 ve \u0130n\u015fa edici olan yasalard\u0131r. Piyasalar etkilidir, meclis etkilidir. Toplum uykudad\u0131r, narkozdad\u0131r.<\/div>\n<div dir=\"auto\"><\/div>\n<div dir=\"auto\">Allah yolunda cihad a\u015f\u0131klar\u0131 \u015funu da unutmay\u0131n\u0131z namaz\u0131 terk edene \u0130sl\u00e2m yoktur.<\/div>\n<div dir=\"auto\"><\/div>\n<div dir=\"auto\">Cihad\u0131 terk eden d\u00fcnya imtihan\u0131n\u0131 kazanamaz.<\/div>\n<div dir=\"auto\"><\/div>\n<div dir=\"auto\">T\u00e2katimizin sonuna kadar cihad edece\u011fiz, onun ad\u0131 a\u015fkt\u0131r, cihad\u0131n ad\u0131 a\u015fkt\u0131r&#8230;<\/div>\n<div dir=\"auto\"><\/div>\n<div dir=\"auto\">Cihat a\u015fk\u0131yla bu \u00e7al\u0131\u015fmalar\u0131 yapaca\u011f\u0131z \u00a0\u0130n\u015faAllah.<\/div>\n<div dir=\"auto\"><\/div>\n<div dir=\"auto\">B\u0130RL\u0130KTE RAHMET AYRILIKTA AZAP VARDIR.<\/div>\n<div dir=\"auto\"><\/div>\n<div dir=\"auto\">BU B\u0130R \u0130MT\u0130HANDIR.<\/div>\n<div dir=\"auto\"><\/div>\n<div dir=\"auto\">BU B\u0130R S\u00dcRE\u00c7T\u0130R.<\/div>\n<div dir=\"auto\"><\/div>\n<div dir=\"auto\">YEN\u0130DEN B\u00dcY\u00dcK T\u00dcRK\u0130YE&rsquo;Y\u0130 VE YEN\u0130 B\u0130R SAADET D\u00dcNYASI&rsquo;NI KURMA S\u00dcREC\u0130D\u0130R. TIPKI ASR-I SAADET G\u0130B\u0130 YEN\u0130 B\u0130R SAADET D\u00dcNYASI KURULACAKTIR. ALLAH&rsquo;IN \u0130ZN\u0130 \u0130LE.<\/div>\n<div dir=\"auto\"><\/div>\n<div dir=\"auto\">Allah(c.c.), g\u00fcn\u00fcn feyzi, bereketini size ve ailenize ihsan eylesin. Sa\u011fl\u0131kl\u0131, hay\u0131rl\u0131 ve m\u00fcreffeh bir hayat ihsan eylesin.<\/div>\n<div dir=\"auto\"><\/div>\n<div dir=\"auto\">Muharrem Boz\u00e7al<\/div>\n<div dir=\"auto\">AvrupaPress<\/div>\n<div dir=\"auto\">Makale Yaz\u0131s\u0131<\/div>\n<p>2 Ocak 2025<\/p>\n<\/div>\n<div dir=\"auto\"><\/div>\n<div dir=\"auto\"><\/div>\n<div dir=\"auto\"><strong>Muharrem Boz\u00e7al\u00a0 \u00a0 \u00a0\/\u00a0 \u00a0 \u00a0AVRUPAPRESS<\/strong><\/div>\n<div id=\"x_ms-outlook-mobile-signature\" dir=\"auto\">\n<div><\/div>\n<\/div>\n","protected":false},"excerpt":{"rendered":"<p>Biz de davam\u0131z\u0131n delisiyiz i\u015fte buraday\u0131z. Cihat ibadetini yapal\u0131m diye, ilim farz\u0131n\u0131 yerine getirmeliyiz. Cihat konu\u015fulacak bir ibadet de\u011fildir Peygamberimiz buyuruyor: \u00ab\u00a0Benim sanat\u0131m cihatt\u0131r, \u00fcmmetimde cihat edecek.\u00a0\u00bb Cenab-\u0131 Hak bize ahiret i\u00e7in bir mesaj g\u00f6ndermi. \u00ab\u00a0Cihat&rsquo;a \u00e7a\u011fr\u0131ld\u0131\u011f\u0131n\u0131z zama ko\u015funuz.\u00a0\u00bb G\u00f6rev taksimat\u0131 tedavisi de var Cuma hutbesi cihat talimat\u0131d\u0131r. \u00ab\u00a0Cum&rsquo;a namaz\u0131na \u00e7a\u011fr\u0131ld\u0131\u011f\u0131n\u0131z zaman i\u015finizi b\u0131rak\u0131p ko\u015fun. [&hellip;]<\/p>\n","protected":false},"author":3,"featured_media":26649,"comment_status":"closed","ping_status":"open","sticky":false,"template":"","format":"standard","meta":{"footnotes":""},"categories":[14,16,3,17,18,15,19,2,1],"tags":[],"class_list":["post-27854","post","type-post","status-publish","format-standard","has-post-thumbnail","hentry","category-avrupa","category-belcika","category-dunya","category-ekonomi","category-kultur-sanat","category-spor","category-tanitim","category-turkiye","category-uncategorized"],"yoast_head":"<!-- This site is optimized with the Yoast SEO plugin v26.9 - https:\/\/yoast.com\/product\/yoast-seo-wordpress\/ -->\n<title>B\u0130RL\u0130KTE RAHMET AYRILIKTA AZAP VARDIR REGA\u0130P GECEM\u0130Z \/ KAND\u0130L\u0130M\u0130Z M\u00dcBAREK OLSUN... - AvrupaPress<\/title>\n<meta name=\"robots\" content=\"index, follow, max-snippet:-1, max-image-preview:large, max-video-preview:-1\" \/>\n<link rel=\"canonical\" href=\"https:\/\/avrupapress.com\/main\/2025\/01\/02\/birlikte-rahmet-ayrilikta-azap-vardir-regaip-gecemiz-kandilimiz-mubarek-olsun\/\" \/>\n<meta property=\"og:locale\" content=\"fr_FR\" \/>\n<meta property=\"og:type\" content=\"article\" \/>\n<meta property=\"og:title\" content=\"B\u0130RL\u0130KTE RAHMET AYRILIKTA AZAP VARDIR REGA\u0130P GECEM\u0130Z \/ KAND\u0130L\u0130M\u0130Z M\u00dcBAREK OLSUN... - AvrupaPress\" \/>\n<meta property=\"og:description\" content=\"Biz de davam\u0131z\u0131n delisiyiz i\u015fte buraday\u0131z. Cihat ibadetini yapal\u0131m diye, ilim farz\u0131n\u0131 yerine getirmeliyiz. Cihat konu\u015fulacak bir ibadet de\u011fildir Peygamberimiz buyuruyor: \u00ab\u00a0Benim sanat\u0131m cihatt\u0131r, \u00fcmmetimde cihat edecek.\u00a0\u00bb Cenab-\u0131 Hak bize ahiret i\u00e7in bir mesaj g\u00f6ndermi. \u00ab\u00a0Cihat&rsquo;a \u00e7a\u011fr\u0131ld\u0131\u011f\u0131n\u0131z zama ko\u015funuz.\u00a0\u00bb G\u00f6rev taksimat\u0131 tedavisi de var Cuma hutbesi cihat talimat\u0131d\u0131r. \u00ab\u00a0Cum&rsquo;a namaz\u0131na \u00e7a\u011fr\u0131ld\u0131\u011f\u0131n\u0131z zaman i\u015finizi b\u0131rak\u0131p ko\u015fun. [&hellip;]\" \/>\n<meta property=\"og:url\" content=\"https:\/\/avrupapress.com\/main\/2025\/01\/02\/birlikte-rahmet-ayrilikta-azap-vardir-regaip-gecemiz-kandilimiz-mubarek-olsun\/\" \/>\n<meta property=\"og:site_name\" content=\"AvrupaPress\" \/>\n<meta property=\"article:published_time\" content=\"2025-01-02T20:22:05+00:00\" \/>\n<meta property=\"article:modified_time\" content=\"2025-01-02T20:22:19+00:00\" \/>\n<meta property=\"og:image\" content=\"https:\/\/avrupapress.com\/main\/wp-content\/uploads\/2024\/09\/thumbnail_IMG-20240902-WA0016-e1725309702481.jpg\" \/>\n\t<meta property=\"og:image:width\" content=\"1079\" \/>\n\t<meta property=\"og:image:height\" content=\"744\" \/>\n\t<meta property=\"og:image:type\" content=\"image\/jpeg\" \/>\n<meta name=\"author\" content=\"Edit\u00f6r\" \/>\n<meta name=\"twitter:card\" content=\"summary_large_image\" \/>\n<meta name=\"twitter:label1\" content=\"\u00c9crit par\" \/>\n\t<meta name=\"twitter:data1\" content=\"Edit\u00f6r\" \/>\n\t<meta name=\"twitter:label2\" content=\"Dur\u00e9e de lecture est.\" \/>\n\t<meta name=\"twitter:data2\" content=\"4 minutes\" \/>\n<script type=\"application\/ld+json\" class=\"yoast-schema-graph\">{\"@context\":\"https:\/\/schema.org\",\"@graph\":[{\"@type\":\"Article\",\"@id\":\"https:\/\/avrupapress.com\/main\/2025\/01\/02\/birlikte-rahmet-ayrilikta-azap-vardir-regaip-gecemiz-kandilimiz-mubarek-olsun\/#article\",\"isPartOf\":{\"@id\":\"https:\/\/avrupapress.com\/main\/2025\/01\/02\/birlikte-rahmet-ayrilikta-azap-vardir-regaip-gecemiz-kandilimiz-mubarek-olsun\/\"},\"author\":{\"name\":\"Edit\u00f6r\",\"@id\":\"https:\/\/avrupapress.com\/#\/schema\/person\/68428444ec60970d1e1b700cf4ca1e8f\"},\"headline\":\"B\u0130RL\u0130KTE RAHMET AYRILIKTA AZAP VARDIR REGA\u0130P GECEM\u0130Z \/ KAND\u0130L\u0130M\u0130Z M\u00dcBAREK OLSUN&#8230;\",\"datePublished\":\"2025-01-02T20:22:05+00:00\",\"dateModified\":\"2025-01-02T20:22:19+00:00\",\"mainEntityOfPage\":{\"@id\":\"https:\/\/avrupapress.com\/main\/2025\/01\/02\/birlikte-rahmet-ayrilikta-azap-vardir-regaip-gecemiz-kandilimiz-mubarek-olsun\/\"},\"wordCount\":823,\"publisher\":{\"@id\":\"https:\/\/avrupapress.com\/#\/schema\/person\/0223dca19c72c43575bf30d1a2d8f4fa\"},\"image\":{\"@id\":\"https:\/\/avrupapress.com\/main\/2025\/01\/02\/birlikte-rahmet-ayrilikta-azap-vardir-regaip-gecemiz-kandilimiz-mubarek-olsun\/#primaryimage\"},\"thumbnailUrl\":\"https:\/\/avrupapress.com\/main\/wp-content\/uploads\/2024\/09\/thumbnail_IMG-20240902-WA0016-e1725309702481.jpg\",\"articleSection\":[\"Avrupa\",\"Bel\u00e7ika\",\"D\u00fcnya\",\"Ekonomi\",\"K\u00fclt\u00fcr-Sanat\",\"Spor\",\"Tan\u0131t\u0131m\",\"T\u00fcrkiye\",\"Uncategorized\"],\"inLanguage\":\"fr-BE\"},{\"@type\":\"WebPage\",\"@id\":\"https:\/\/avrupapress.com\/main\/2025\/01\/02\/birlikte-rahmet-ayrilikta-azap-vardir-regaip-gecemiz-kandilimiz-mubarek-olsun\/\",\"url\":\"https:\/\/avrupapress.com\/main\/2025\/01\/02\/birlikte-rahmet-ayrilikta-azap-vardir-regaip-gecemiz-kandilimiz-mubarek-olsun\/\",\"name\":\"B\u0130RL\u0130KTE RAHMET AYRILIKTA AZAP VARDIR REGA\u0130P GECEM\u0130Z \/ KAND\u0130L\u0130M\u0130Z M\u00dcBAREK OLSUN... - AvrupaPress\",\"isPartOf\":{\"@id\":\"https:\/\/avrupapress.com\/#website\"},\"primaryImageOfPage\":{\"@id\":\"https:\/\/avrupapress.com\/main\/2025\/01\/02\/birlikte-rahmet-ayrilikta-azap-vardir-regaip-gecemiz-kandilimiz-mubarek-olsun\/#primaryimage\"},\"image\":{\"@id\":\"https:\/\/avrupapress.com\/main\/2025\/01\/02\/birlikte-rahmet-ayrilikta-azap-vardir-regaip-gecemiz-kandilimiz-mubarek-olsun\/#primaryimage\"},\"thumbnailUrl\":\"https:\/\/avrupapress.com\/main\/wp-content\/uploads\/2024\/09\/thumbnail_IMG-20240902-WA0016-e1725309702481.jpg\",\"datePublished\":\"2025-01-02T20:22:05+00:00\",\"dateModified\":\"2025-01-02T20:22:19+00:00\",\"breadcrumb\":{\"@id\":\"https:\/\/avrupapress.com\/main\/2025\/01\/02\/birlikte-rahmet-ayrilikta-azap-vardir-regaip-gecemiz-kandilimiz-mubarek-olsun\/#breadcrumb\"},\"inLanguage\":\"fr-BE\",\"potentialAction\":[{\"@type\":\"ReadAction\",\"target\":[\"https:\/\/avrupapress.com\/main\/2025\/01\/02\/birlikte-rahmet-ayrilikta-azap-vardir-regaip-gecemiz-kandilimiz-mubarek-olsun\/\"]}]},{\"@type\":\"ImageObject\",\"inLanguage\":\"fr-BE\",\"@id\":\"https:\/\/avrupapress.com\/main\/2025\/01\/02\/birlikte-rahmet-ayrilikta-azap-vardir-regaip-gecemiz-kandilimiz-mubarek-olsun\/#primaryimage\",\"url\":\"https:\/\/avrupapress.com\/main\/wp-content\/uploads\/2024\/09\/thumbnail_IMG-20240902-WA0016-e1725309702481.jpg\",\"contentUrl\":\"https:\/\/avrupapress.com\/main\/wp-content\/uploads\/2024\/09\/thumbnail_IMG-20240902-WA0016-e1725309702481.jpg\",\"width\":1079,\"height\":744},{\"@type\":\"BreadcrumbList\",\"@id\":\"https:\/\/avrupapress.com\/main\/2025\/01\/02\/birlikte-rahmet-ayrilikta-azap-vardir-regaip-gecemiz-kandilimiz-mubarek-olsun\/#breadcrumb\",\"itemListElement\":[{\"@type\":\"ListItem\",\"position\":1,\"name\":\"Anasayfa\",\"item\":\"https:\/\/avrupapress.com\/\"},{\"@type\":\"ListItem\",\"position\":2,\"name\":\"B\u0130RL\u0130KTE RAHMET AYRILIKTA AZAP VARDIR REGA\u0130P GECEM\u0130Z \/ KAND\u0130L\u0130M\u0130Z M\u00dcBAREK OLSUN&#8230;\"}]},{\"@type\":\"WebSite\",\"@id\":\"https:\/\/avrupapress.com\/#website\",\"url\":\"https:\/\/avrupapress.com\/\",\"name\":\"AvrupaPress\",\"description\":\"Haberin Adresi\",\"publisher\":{\"@id\":\"https:\/\/avrupapress.com\/#\/schema\/person\/0223dca19c72c43575bf30d1a2d8f4fa\"},\"potentialAction\":[{\"@type\":\"SearchAction\",\"target\":{\"@type\":\"EntryPoint\",\"urlTemplate\":\"https:\/\/avrupapress.com\/?s={search_term_string}\"},\"query-input\":{\"@type\":\"PropertyValueSpecification\",\"valueRequired\":true,\"valueName\":\"search_term_string\"}}],\"inLanguage\":\"fr-BE\"},{\"@type\":[\"Person\",\"Organization\"],\"@id\":\"https:\/\/avrupapress.com\/#\/schema\/person\/0223dca19c72c43575bf30d1a2d8f4fa\",\"name\":\"Bilgin \u00d6z\u00e7ift\u00e7i\",\"image\":{\"@type\":\"ImageObject\",\"inLanguage\":\"fr-BE\",\"@id\":\"https:\/\/avrupapress.com\/#\/schema\/person\/image\/\",\"url\":\"https:\/\/secure.gravatar.com\/avatar\/0f23b280433a21e1ea7a0adcc46ed0ad16afe3ad8e630fd13d8a017dcbd54ef3?s=96&d=mm&r=g\",\"contentUrl\":\"https:\/\/secure.gravatar.com\/avatar\/0f23b280433a21e1ea7a0adcc46ed0ad16afe3ad8e630fd13d8a017dcbd54ef3?s=96&d=mm&r=g\",\"caption\":\"Bilgin \u00d6z\u00e7ift\u00e7i\"},\"logo\":{\"@id\":\"https:\/\/avrupapress.com\/#\/schema\/person\/image\/\"},\"description\":\"Ne ben, nede sen... Biz ancak \\\"biz\\\" olursak g\u00fc\u00e7l\u00fc olabiliriz\"},{\"@type\":\"Person\",\"@id\":\"https:\/\/avrupapress.com\/#\/schema\/person\/68428444ec60970d1e1b700cf4ca1e8f\",\"name\":\"Edit\u00f6r\",\"image\":{\"@type\":\"ImageObject\",\"inLanguage\":\"fr-BE\",\"@id\":\"https:\/\/avrupapress.com\/#\/schema\/person\/image\/\",\"url\":\"https:\/\/secure.gravatar.com\/avatar\/74996b0977aa5f1559ba9883776652508b229005c0d78fb2597897f0bd651c09?s=96&d=mm&r=g\",\"contentUrl\":\"https:\/\/secure.gravatar.com\/avatar\/74996b0977aa5f1559ba9883776652508b229005c0d78fb2597897f0bd651c09?s=96&d=mm&r=g\",\"caption\":\"Edit\u00f6r\"},\"sameAs\":[\"http:\/\/www.avrupapress.com\"],\"url\":\"https:\/\/avrupapress.com\/main\/author\/editor\/\"}]}<\/script>\n<!-- \/ Yoast SEO plugin. -->","yoast_head_json":{"title":"B\u0130RL\u0130KTE RAHMET AYRILIKTA AZAP VARDIR REGA\u0130P GECEM\u0130Z \/ KAND\u0130L\u0130M\u0130Z M\u00dcBAREK OLSUN... - AvrupaPress","robots":{"index":"index","follow":"follow","max-snippet":"max-snippet:-1","max-image-preview":"max-image-preview:large","max-video-preview":"max-video-preview:-1"},"canonical":"https:\/\/avrupapress.com\/main\/2025\/01\/02\/birlikte-rahmet-ayrilikta-azap-vardir-regaip-gecemiz-kandilimiz-mubarek-olsun\/","og_locale":"fr_FR","og_type":"article","og_title":"B\u0130RL\u0130KTE RAHMET AYRILIKTA AZAP VARDIR REGA\u0130P GECEM\u0130Z \/ KAND\u0130L\u0130M\u0130Z M\u00dcBAREK OLSUN... - AvrupaPress","og_description":"Biz de davam\u0131z\u0131n delisiyiz i\u015fte buraday\u0131z. Cihat ibadetini yapal\u0131m diye, ilim farz\u0131n\u0131 yerine getirmeliyiz. Cihat konu\u015fulacak bir ibadet de\u011fildir Peygamberimiz buyuruyor: \u00ab\u00a0Benim sanat\u0131m cihatt\u0131r, \u00fcmmetimde cihat edecek.\u00a0\u00bb Cenab-\u0131 Hak bize ahiret i\u00e7in bir mesaj g\u00f6ndermi. \u00ab\u00a0Cihat&rsquo;a \u00e7a\u011fr\u0131ld\u0131\u011f\u0131n\u0131z zama ko\u015funuz.\u00a0\u00bb G\u00f6rev taksimat\u0131 tedavisi de var Cuma hutbesi cihat talimat\u0131d\u0131r. \u00ab\u00a0Cum&rsquo;a namaz\u0131na \u00e7a\u011fr\u0131ld\u0131\u011f\u0131n\u0131z zaman i\u015finizi b\u0131rak\u0131p ko\u015fun. [&hellip;]","og_url":"https:\/\/avrupapress.com\/main\/2025\/01\/02\/birlikte-rahmet-ayrilikta-azap-vardir-regaip-gecemiz-kandilimiz-mubarek-olsun\/","og_site_name":"AvrupaPress","article_published_time":"2025-01-02T20:22:05+00:00","article_modified_time":"2025-01-02T20:22:19+00:00","og_image":[{"width":1079,"height":744,"url":"https:\/\/avrupapress.com\/main\/wp-content\/uploads\/2024\/09\/thumbnail_IMG-20240902-WA0016-e1725309702481.jpg","type":"image\/jpeg"}],"author":"Edit\u00f6r","twitter_card":"summary_large_image","twitter_misc":{"\u00c9crit par":"Edit\u00f6r","Dur\u00e9e de lecture est.":"4 minutes"},"schema":{"@context":"https:\/\/schema.org","@graph":[{"@type":"Article","@id":"https:\/\/avrupapress.com\/main\/2025\/01\/02\/birlikte-rahmet-ayrilikta-azap-vardir-regaip-gecemiz-kandilimiz-mubarek-olsun\/#article","isPartOf":{"@id":"https:\/\/avrupapress.com\/main\/2025\/01\/02\/birlikte-rahmet-ayrilikta-azap-vardir-regaip-gecemiz-kandilimiz-mubarek-olsun\/"},"author":{"name":"Edit\u00f6r","@id":"https:\/\/avrupapress.com\/#\/schema\/person\/68428444ec60970d1e1b700cf4ca1e8f"},"headline":"B\u0130RL\u0130KTE RAHMET AYRILIKTA AZAP VARDIR REGA\u0130P GECEM\u0130Z \/ KAND\u0130L\u0130M\u0130Z M\u00dcBAREK OLSUN&#8230;","datePublished":"2025-01-02T20:22:05+00:00","dateModified":"2025-01-02T20:22:19+00:00","mainEntityOfPage":{"@id":"https:\/\/avrupapress.com\/main\/2025\/01\/02\/birlikte-rahmet-ayrilikta-azap-vardir-regaip-gecemiz-kandilimiz-mubarek-olsun\/"},"wordCount":823,"publisher":{"@id":"https:\/\/avrupapress.com\/#\/schema\/person\/0223dca19c72c43575bf30d1a2d8f4fa"},"image":{"@id":"https:\/\/avrupapress.com\/main\/2025\/01\/02\/birlikte-rahmet-ayrilikta-azap-vardir-regaip-gecemiz-kandilimiz-mubarek-olsun\/#primaryimage"},"thumbnailUrl":"https:\/\/avrupapress.com\/main\/wp-content\/uploads\/2024\/09\/thumbnail_IMG-20240902-WA0016-e1725309702481.jpg","articleSection":["Avrupa","Bel\u00e7ika","D\u00fcnya","Ekonomi","K\u00fclt\u00fcr-Sanat","Spor","Tan\u0131t\u0131m","T\u00fcrkiye","Uncategorized"],"inLanguage":"fr-BE"},{"@type":"WebPage","@id":"https:\/\/avrupapress.com\/main\/2025\/01\/02\/birlikte-rahmet-ayrilikta-azap-vardir-regaip-gecemiz-kandilimiz-mubarek-olsun\/","url":"https:\/\/avrupapress.com\/main\/2025\/01\/02\/birlikte-rahmet-ayrilikta-azap-vardir-regaip-gecemiz-kandilimiz-mubarek-olsun\/","name":"B\u0130RL\u0130KTE RAHMET AYRILIKTA AZAP VARDIR REGA\u0130P GECEM\u0130Z \/ KAND\u0130L\u0130M\u0130Z M\u00dcBAREK OLSUN... - AvrupaPress","isPartOf":{"@id":"https:\/\/avrupapress.com\/#website"},"primaryImageOfPage":{"@id":"https:\/\/avrupapress.com\/main\/2025\/01\/02\/birlikte-rahmet-ayrilikta-azap-vardir-regaip-gecemiz-kandilimiz-mubarek-olsun\/#primaryimage"},"image":{"@id":"https:\/\/avrupapress.com\/main\/2025\/01\/02\/birlikte-rahmet-ayrilikta-azap-vardir-regaip-gecemiz-kandilimiz-mubarek-olsun\/#primaryimage"},"thumbnailUrl":"https:\/\/avrupapress.com\/main\/wp-content\/uploads\/2024\/09\/thumbnail_IMG-20240902-WA0016-e1725309702481.jpg","datePublished":"2025-01-02T20:22:05+00:00","dateModified":"2025-01-02T20:22:19+00:00","breadcrumb":{"@id":"https:\/\/avrupapress.com\/main\/2025\/01\/02\/birlikte-rahmet-ayrilikta-azap-vardir-regaip-gecemiz-kandilimiz-mubarek-olsun\/#breadcrumb"},"inLanguage":"fr-BE","potentialAction":[{"@type":"ReadAction","target":["https:\/\/avrupapress.com\/main\/2025\/01\/02\/birlikte-rahmet-ayrilikta-azap-vardir-regaip-gecemiz-kandilimiz-mubarek-olsun\/"]}]},{"@type":"ImageObject","inLanguage":"fr-BE","@id":"https:\/\/avrupapress.com\/main\/2025\/01\/02\/birlikte-rahmet-ayrilikta-azap-vardir-regaip-gecemiz-kandilimiz-mubarek-olsun\/#primaryimage","url":"https:\/\/avrupapress.com\/main\/wp-content\/uploads\/2024\/09\/thumbnail_IMG-20240902-WA0016-e1725309702481.jpg","contentUrl":"https:\/\/avrupapress.com\/main\/wp-content\/uploads\/2024\/09\/thumbnail_IMG-20240902-WA0016-e1725309702481.jpg","width":1079,"height":744},{"@type":"BreadcrumbList","@id":"https:\/\/avrupapress.com\/main\/2025\/01\/02\/birlikte-rahmet-ayrilikta-azap-vardir-regaip-gecemiz-kandilimiz-mubarek-olsun\/#breadcrumb","itemListElement":[{"@type":"ListItem","position":1,"name":"Anasayfa","item":"https:\/\/avrupapress.com\/"},{"@type":"ListItem","position":2,"name":"B\u0130RL\u0130KTE RAHMET AYRILIKTA AZAP VARDIR REGA\u0130P GECEM\u0130Z \/ KAND\u0130L\u0130M\u0130Z M\u00dcBAREK OLSUN&#8230;"}]},{"@type":"WebSite","@id":"https:\/\/avrupapress.com\/#website","url":"https:\/\/avrupapress.com\/","name":"AvrupaPress","description":"Haberin Adresi","publisher":{"@id":"https:\/\/avrupapress.com\/#\/schema\/person\/0223dca19c72c43575bf30d1a2d8f4fa"},"potentialAction":[{"@type":"SearchAction","target":{"@type":"EntryPoint","urlTemplate":"https:\/\/avrupapress.com\/?s={search_term_string}"},"query-input":{"@type":"PropertyValueSpecification","valueRequired":true,"valueName":"search_term_string"}}],"inLanguage":"fr-BE"},{"@type":["Person","Organization"],"@id":"https:\/\/avrupapress.com\/#\/schema\/person\/0223dca19c72c43575bf30d1a2d8f4fa","name":"Bilgin \u00d6z\u00e7ift\u00e7i","image":{"@type":"ImageObject","inLanguage":"fr-BE","@id":"https:\/\/avrupapress.com\/#\/schema\/person\/image\/","url":"https:\/\/secure.gravatar.com\/avatar\/0f23b280433a21e1ea7a0adcc46ed0ad16afe3ad8e630fd13d8a017dcbd54ef3?s=96&d=mm&r=g","contentUrl":"https:\/\/secure.gravatar.com\/avatar\/0f23b280433a21e1ea7a0adcc46ed0ad16afe3ad8e630fd13d8a017dcbd54ef3?s=96&d=mm&r=g","caption":"Bilgin \u00d6z\u00e7ift\u00e7i"},"logo":{"@id":"https:\/\/avrupapress.com\/#\/schema\/person\/image\/"},"description":"Ne ben, nede sen... Biz ancak \"biz\" olursak g\u00fc\u00e7l\u00fc olabiliriz"},{"@type":"Person","@id":"https:\/\/avrupapress.com\/#\/schema\/person\/68428444ec60970d1e1b700cf4ca1e8f","name":"Edit\u00f6r","image":{"@type":"ImageObject","inLanguage":"fr-BE","@id":"https:\/\/avrupapress.com\/#\/schema\/person\/image\/","url":"https:\/\/secure.gravatar.com\/avatar\/74996b0977aa5f1559ba9883776652508b229005c0d78fb2597897f0bd651c09?s=96&d=mm&r=g","contentUrl":"https:\/\/secure.gravatar.com\/avatar\/74996b0977aa5f1559ba9883776652508b229005c0d78fb2597897f0bd651c09?s=96&d=mm&r=g","caption":"Edit\u00f6r"},"sameAs":["http:\/\/www.avrupapress.com"],"url":"https:\/\/avrupapress.com\/main\/author\/editor\/"}]}},"_links":{"self":[{"href":"https:\/\/avrupapress.com\/main\/wp-json\/wp\/v2\/posts\/27854","targetHints":{"allow":["GET"]}}],"collection":[{"href":"https:\/\/avrupapress.com\/main\/wp-json\/wp\/v2\/posts"}],"about":[{"href":"https:\/\/avrupapress.com\/main\/wp-json\/wp\/v2\/types\/post"}],"author":[{"embeddable":true,"href":"https:\/\/avrupapress.com\/main\/wp-json\/wp\/v2\/users\/3"}],"replies":[{"embeddable":true,"href":"https:\/\/avrupapress.com\/main\/wp-json\/wp\/v2\/comments?post=27854"}],"version-history":[{"count":2,"href":"https:\/\/avrupapress.com\/main\/wp-json\/wp\/v2\/posts\/27854\/revisions"}],"predecessor-version":[{"id":27856,"href":"https:\/\/avrupapress.com\/main\/wp-json\/wp\/v2\/posts\/27854\/revisions\/27856"}],"wp:featuredmedia":[{"embeddable":true,"href":"https:\/\/avrupapress.com\/main\/wp-json\/wp\/v2\/media\/26649"}],"wp:attachment":[{"href":"https:\/\/avrupapress.com\/main\/wp-json\/wp\/v2\/media?parent=27854"}],"wp:term":[{"taxonomy":"category","embeddable":true,"href":"https:\/\/avrupapress.com\/main\/wp-json\/wp\/v2\/categories?post=27854"},{"taxonomy":"post_tag","embeddable":true,"href":"https:\/\/avrupapress.com\/main\/wp-json\/wp\/v2\/tags?post=27854"}],"curies":[{"name":"wp","href":"https:\/\/api.w.org\/{rel}","templated":true}]}}