{"id":27851,"date":"2025-01-02T19:27:10","date_gmt":"2025-01-02T19:27:10","guid":{"rendered":"https:\/\/avrupapress.com\/main\/?p=27851"},"modified":"2025-01-02T19:27:17","modified_gmt":"2025-01-02T19:27:17","slug":"1995-secimleri-ve-erbakan-basbakan","status":"publish","type":"post","link":"https:\/\/avrupapress.com\/main\/2025\/01\/02\/1995-secimleri-ve-erbakan-basbakan\/","title":{"rendered":"1995 SE\u00c7\u0130MLER\u0130 VE ERBAKAN BA\u015eBAKAN"},"content":{"rendered":"<p>1995 SE\u00c7\u0130MLER\u0130 VE ERBAKAN BA\u015eBAKAN<\/p>\n<div dir=\"auto\">1995 se\u00e7imleri, \u00fclkemizde 100 senedir devam eden Bat\u0131c\u0131 ve i\u015fbirlik\u00e7i partilerin h\u00fck\u00fcmranl\u0131\u011f\u0131na bir yerde son vermi\u015f ve milli de\u011ferlerimize ba\u011fl\u0131 milli G\u00f6r\u00fc\u015f\u2019\u00fcn tek partisi olan Refah Partisini koalisyonlarla da olsa iktidara ta\u015f\u0131m\u0131\u015ft\u0131.<\/div>\n<div dir=\"auto\"><\/div>\n<div dir=\"auto\">RP o se\u00e7imlerde 6 milyondan fazla oy alarak % 22 oy ile birinci parti olmu\u015f ve 142 milletvekili \u00e7\u0131karm\u0131\u015ft\u0131. Hemen arkas\u0131ndan % 19\u2019ar oy alarak ANAP ve DYP gelmektedir ve bu partilerin 126 \u015far milletvekili bulunmaktad\u0131r.<\/div>\n<div dir=\"auto\"><\/div>\n<div dir=\"auto\">550 ki\u015filik meclis \u00e7o\u011funlu\u011fu g\u00f6z \u00f6n\u00fcne al\u0131n\u0131rsa h\u00fck\u00fcmet kurmaya yetkili iki parti olacak ve kurulan yeni h\u00fckumet meclisten g\u00fcvenoyu alabilecektir. Sonunda REFAH-YOL h\u00fckumeti kurulur ve Refah Partisi Genel Ba\u015fkan\u0131 Prof. Dr. Necmettin Erbakan Ba\u015fbakan olur. Do\u011fru Yol partisi Genel Ba\u015fkan\u0131 Tansu \u00c7iller ise Ba\u015fbakan yard\u0131mc\u0131s\u0131.<\/div>\n<div dir=\"auto\"><\/div>\n<div dir=\"auto\">H\u00fckumet daha g\u00fcvenoyu bile almadan ilk s\u0131nav\u0131 ile kar\u015f\u0131la\u015f\u0131r. \u00a0Asgari \u00fccret komisyonu kurulmu\u015f, i\u015f\u00e7i, memur, emekli, BA\u011eKUR emeklisi maa\u015f ve \u00fccretlerine zam beklemektedirler.<\/div>\n<div dir=\"auto\" aria-hidden=\"true\"><\/div>\n<div dir=\"auto\">Bir evvelki h\u00fckumetin Ba\u015fbakan\u0131 ANAP Genel Ba\u015fkan\u0131 Mesut Y\u0131lmaz, yeni h\u00fckumeti m\u00fc\u015fk\u00fcl duruma d\u00fc\u015f\u00fcrmek i\u00e7in bir beyanat vererek. Asgari \u00fccretin en az % 30 olmas\u0131 gerekti\u011fini s\u00f6yler. Sendikalar ise y\u0131llarca al\u0131\u015ft\u0131klar\u0131 gibi asgari \u00fccretin % 25 olmas\u0131n\u0131 isterler.<\/div>\n<div dir=\"auto\">Bu talepler kar\u015f\u0131s\u0131nda Ba\u015fbakan; \u201cSiz ne diyorsunuz? Asgari \u00fccretteki bu zam talebinizle memur ve i\u015f\u00e7ilerimiz a\u00e7 kal\u0131rlar\u201d der ve gere\u011fini de yapar.<\/div>\n<div dir=\"auto\"><\/div>\n<div dir=\"auto\">NASIL TESP\u0130T ED\u0130LD\u0130<\/div>\n<div dir=\"auto\">Asgari \u00fccretin tespiti ve kamuoyuna ilan\u0131n yap\u0131lmas\u0131 i\u00e7in bir Bakanlar Kurulu toplant\u0131s\u0131 yap\u0131l\u0131r. Toplant\u0131ya girmeden \u00f6nce de Maliye Bakan\u0131 Abd\u00fcllatif \u015eener\u2019i yan\u0131na \u00e7a\u011f\u0131ran Ba\u015fbakan Erbakan; \u201cAbd\u00fcllatif, biraz sonra yapaca\u011f\u0131m\u0131z Bakanlar Kurulu toplant\u0131s\u0131nda ben sana \u201cAbd\u00fcllatif param\u0131z var m\u0131?\u201d diye sorarsam, sen \u201cVar Hocam\u201d diyeceksin diye tembih eder.<\/div>\n<div dir=\"auto\">\u00c7\u00fcnk\u00fc daha \u00f6nceki koalisyon H\u00fckumetlerinden de bilmektedir ki \u201cMilli g\u00f6r\u00fc\u015f\u00fcn h\u00fckm\u00fcn\u00fcn eri\u015fti\u011fi yere di\u011fer partilerin hayalleri bile eri\u015fememektedir\u201d<\/div>\n<div dir=\"auto\"><\/div>\n<div dir=\"auto\">Nitekim Ba\u015fbakan maa\u015f ve \u00fccret zamm\u0131n\u0131 % 50 olarak ortaya at\u0131nca \u00f6zellikle Do\u011fru yol partisi Bakanlar\u0131 bu zam miktar\u0131n\u0131n fazla oldu\u011funu bu kadar paray\u0131 bulup veremeyiz, derler. Ama Maliye Bakan\u0131 Abd\u00fcllatif \u015eener, \u201cParam\u0131z vard\u0131r, Hocam\u201d deyince itirazlar kesilir.<\/div>\n<div dir=\"auto\" aria-hidden=\"true\"><\/div>\n<div dir=\"auto\">Ancak 1996 y\u0131l\u0131 B\u00fct\u00e7esi bir evvelki H\u00fckumet taraf\u0131ndan kanunla\u015ft\u0131r\u0131ld\u0131\u011f\u0131 i\u00e7in kanunun kalemleri i\u00e7inde maa\u015f ve \u00fccretler i\u00e7in bu kadar para bulunmamaktad\u0131r. Bu sefer de itiraz, \u201c\u00d6nce kayna\u011f\u0131 bulal\u0131m sonra bu kadar zamm\u0131 verelim\u201d olarak yap\u0131l\u0131r. Ba\u015fbakan Erbakan bu itiraz\u0131 da \u201cHay\u0131r \u00f6nce verece\u011fiz sonra kayna\u011f\u0131 bulaca\u011f\u0131z\u201d diyerek keser.<\/div>\n<div dir=\"auto\"><\/div>\n<div dir=\"auto\">CUMHUR\u0130YET TAR\u0130H\u0130N\u0130N \u0130LK B\u00dcY\u00dcK ZAMMI<\/div>\n<div dir=\"auto\">Ba\u015fbakan Erbakan bir bas\u0131n toplant\u0131s\u0131 yapar ve Asgari \u00fccretin % 50 art\u0131r\u0131ld\u0131\u011f\u0131n\u0131 ilan eder. \u0130ki ay kadar sonra asgari \u00fccrete bir kere daha % 50 zam yap\u0131l\u0131r. Bu arada emeklilere ve BA\u011eKUR emeklisine ise % 300\u2019e varan zamlar yap\u0131lm\u0131\u015ft\u0131r.<\/div>\n<div dir=\"auto\"><\/div>\n<div dir=\"auto\">Bu y\u00fcksek oranda zamlar yap\u0131l\u0131rken ekmek, elektrik, su, do\u011fal gaz gibi temel ihtiya\u00e7 mallar\u0131na bir kuru\u015f zam yap\u0131lmaz, yeni vergiler konmaz.<\/div>\n<div dir=\"auto\"><\/div>\n<div dir=\"auto\">Vatanda\u015f\u0131n eline y\u00fcksek zaml\u0131 maa\u015f ve \u00fccretleri ge\u00e7ince bu para ile piyasadan ihtiya\u00e7lar\u0131n\u0131 al\u0131r, bor\u00e7lar\u0131n\u0131 \u00f6der. B\u00f6ylece piyasada bir canlanma olur. Para piyasaya s\u00fcr\u00fcl\u00fcnce (dikkat edilirse faizsiz parad\u0131r bu) enflasyon y\u00fckselmez, vatanda\u015f mutlu olur. O\u011flunu evlendirir, k\u0131z\u0131n\u0131 gelin eder.<\/div>\n<div dir=\"auto\"><\/div>\n<div dir=\"auto\">H\u00fckumet \u00fccret ve maa\u015flara yapt\u0131\u011f\u0131 bu y\u00fcksek zamm\u0131 nas\u0131l kar\u015f\u0131lad\u0131 dersiniz?<\/div>\n<div dir=\"auto\"><\/div>\n<div dir=\"auto\">\u00d6nce Kamuda yap\u0131lan israf\u0131 kesti. Oradan milyarlar elde etti. Sonra o zamana kadar zarar eden K\u0130T Kamu \u0130ktisadi Te\u015fekk\u00fcllerini kara ge\u00e7irdi, oradan milyarlar elde etti. Havuz sistemini kurarak devletin faizle soyulmas\u0131n\u0131 \u00f6nledi, oradan milyarlar elde etti. Piyasa hareketlendi\u011fi i\u00e7in hem vergi matrah\u0131 artt\u0131 hem de toplanan vergiler y\u00fckseldi.<\/div>\n<div dir=\"auto\"><\/div>\n<p>Not: Bu yaz\u0131 yay\u0131na haz\u0131rlanmakta olan \u201cA\u011eIR SANAY\u0130 \u2013 YAPANLAR VE SATANLAR\u201d kitab\u0131ndan al\u0131nm\u0131\u015ft\u0131r. Nevzat Laleli 2.1.2025<\/p>\n<p>&nbsp;<\/p>\n<p>&nbsp;<\/p>\n<p><strong> Nevzat Laleli\u00a0 \u00a0 \u00a0\/\u00a0 \u00a0 \u00a0AVRUPAPRESS<\/strong><\/p>\n","protected":false},"excerpt":{"rendered":"<p>1995 SE\u00c7\u0130MLER\u0130 VE ERBAKAN BA\u015eBAKAN 1995 se\u00e7imleri, \u00fclkemizde 100 senedir devam eden Bat\u0131c\u0131 ve i\u015fbirlik\u00e7i partilerin h\u00fck\u00fcmranl\u0131\u011f\u0131na bir yerde son vermi\u015f ve milli de\u011ferlerimize ba\u011fl\u0131 milli G\u00f6r\u00fc\u015f\u2019\u00fcn tek partisi olan Refah Partisini koalisyonlarla da olsa iktidara ta\u015f\u0131m\u0131\u015ft\u0131. RP o se\u00e7imlerde 6 milyondan fazla oy alarak % 22 oy ile birinci parti olmu\u015f ve 142 milletvekili [&hellip;]<\/p>\n","protected":false},"author":3,"featured_media":27852,"comment_status":"closed","ping_status":"open","sticky":false,"template":"","format":"standard","meta":{"footnotes":""},"categories":[14,16,3,17,18,15,19,2,1],"tags":[],"class_list":["post-27851","post","type-post","status-publish","format-standard","has-post-thumbnail","hentry","category-avrupa","category-belcika","category-dunya","category-ekonomi","category-kultur-sanat","category-spor","category-tanitim","category-turkiye","category-uncategorized"],"yoast_head":"<!-- This site is optimized with the Yoast SEO plugin v26.9 - https:\/\/yoast.com\/product\/yoast-seo-wordpress\/ -->\n<title>1995 SE\u00c7\u0130MLER\u0130 VE ERBAKAN BA\u015eBAKAN - AvrupaPress<\/title>\n<meta name=\"robots\" content=\"index, follow, max-snippet:-1, max-image-preview:large, max-video-preview:-1\" \/>\n<link rel=\"canonical\" href=\"https:\/\/avrupapress.com\/main\/2025\/01\/02\/1995-secimleri-ve-erbakan-basbakan\/\" \/>\n<meta property=\"og:locale\" content=\"fr_FR\" \/>\n<meta property=\"og:type\" content=\"article\" \/>\n<meta property=\"og:title\" content=\"1995 SE\u00c7\u0130MLER\u0130 VE ERBAKAN BA\u015eBAKAN - AvrupaPress\" \/>\n<meta property=\"og:description\" content=\"1995 SE\u00c7\u0130MLER\u0130 VE ERBAKAN BA\u015eBAKAN 1995 se\u00e7imleri, \u00fclkemizde 100 senedir devam eden Bat\u0131c\u0131 ve i\u015fbirlik\u00e7i partilerin h\u00fck\u00fcmranl\u0131\u011f\u0131na bir yerde son vermi\u015f ve milli de\u011ferlerimize ba\u011fl\u0131 milli G\u00f6r\u00fc\u015f\u2019\u00fcn tek partisi olan Refah Partisini koalisyonlarla da olsa iktidara ta\u015f\u0131m\u0131\u015ft\u0131. RP o se\u00e7imlerde 6 milyondan fazla oy alarak % 22 oy ile birinci parti olmu\u015f ve 142 milletvekili [&hellip;]\" \/>\n<meta property=\"og:url\" content=\"https:\/\/avrupapress.com\/main\/2025\/01\/02\/1995-secimleri-ve-erbakan-basbakan\/\" \/>\n<meta property=\"og:site_name\" content=\"AvrupaPress\" \/>\n<meta property=\"article:published_time\" content=\"2025-01-02T19:27:10+00:00\" \/>\n<meta property=\"article:modified_time\" content=\"2025-01-02T19:27:17+00:00\" \/>\n<meta property=\"og:image\" content=\"https:\/\/avrupapress.com\/main\/wp-content\/uploads\/2025\/01\/thumbnail_9.Nevzat-Laleli-606x420-1.jpg\" \/>\n\t<meta property=\"og:image:width\" content=\"606\" \/>\n\t<meta property=\"og:image:height\" content=\"420\" \/>\n\t<meta property=\"og:image:type\" content=\"image\/jpeg\" \/>\n<meta name=\"author\" content=\"Edit\u00f6r\" \/>\n<meta name=\"twitter:card\" content=\"summary_large_image\" \/>\n<meta name=\"twitter:label1\" content=\"\u00c9crit par\" \/>\n\t<meta name=\"twitter:data1\" content=\"Edit\u00f6r\" \/>\n\t<meta name=\"twitter:label2\" content=\"Dur\u00e9e de lecture est.\" \/>\n\t<meta name=\"twitter:data2\" content=\"3 minutes\" \/>\n<script type=\"application\/ld+json\" class=\"yoast-schema-graph\">{\"@context\":\"https:\/\/schema.org\",\"@graph\":[{\"@type\":\"Article\",\"@id\":\"https:\/\/avrupapress.com\/main\/2025\/01\/02\/1995-secimleri-ve-erbakan-basbakan\/#article\",\"isPartOf\":{\"@id\":\"https:\/\/avrupapress.com\/main\/2025\/01\/02\/1995-secimleri-ve-erbakan-basbakan\/\"},\"author\":{\"name\":\"Edit\u00f6r\",\"@id\":\"https:\/\/avrupapress.com\/#\/schema\/person\/68428444ec60970d1e1b700cf4ca1e8f\"},\"headline\":\"1995 SE\u00c7\u0130MLER\u0130 VE ERBAKAN BA\u015eBAKAN\",\"datePublished\":\"2025-01-02T19:27:10+00:00\",\"dateModified\":\"2025-01-02T19:27:17+00:00\",\"mainEntityOfPage\":{\"@id\":\"https:\/\/avrupapress.com\/main\/2025\/01\/02\/1995-secimleri-ve-erbakan-basbakan\/\"},\"wordCount\":710,\"publisher\":{\"@id\":\"https:\/\/avrupapress.com\/#\/schema\/person\/0223dca19c72c43575bf30d1a2d8f4fa\"},\"image\":{\"@id\":\"https:\/\/avrupapress.com\/main\/2025\/01\/02\/1995-secimleri-ve-erbakan-basbakan\/#primaryimage\"},\"thumbnailUrl\":\"https:\/\/avrupapress.com\/main\/wp-content\/uploads\/2025\/01\/thumbnail_9.Nevzat-Laleli-606x420-1.jpg\",\"articleSection\":[\"Avrupa\",\"Bel\u00e7ika\",\"D\u00fcnya\",\"Ekonomi\",\"K\u00fclt\u00fcr-Sanat\",\"Spor\",\"Tan\u0131t\u0131m\",\"T\u00fcrkiye\",\"Uncategorized\"],\"inLanguage\":\"fr-BE\"},{\"@type\":\"WebPage\",\"@id\":\"https:\/\/avrupapress.com\/main\/2025\/01\/02\/1995-secimleri-ve-erbakan-basbakan\/\",\"url\":\"https:\/\/avrupapress.com\/main\/2025\/01\/02\/1995-secimleri-ve-erbakan-basbakan\/\",\"name\":\"1995 SE\u00c7\u0130MLER\u0130 VE ERBAKAN BA\u015eBAKAN - AvrupaPress\",\"isPartOf\":{\"@id\":\"https:\/\/avrupapress.com\/#website\"},\"primaryImageOfPage\":{\"@id\":\"https:\/\/avrupapress.com\/main\/2025\/01\/02\/1995-secimleri-ve-erbakan-basbakan\/#primaryimage\"},\"image\":{\"@id\":\"https:\/\/avrupapress.com\/main\/2025\/01\/02\/1995-secimleri-ve-erbakan-basbakan\/#primaryimage\"},\"thumbnailUrl\":\"https:\/\/avrupapress.com\/main\/wp-content\/uploads\/2025\/01\/thumbnail_9.Nevzat-Laleli-606x420-1.jpg\",\"datePublished\":\"2025-01-02T19:27:10+00:00\",\"dateModified\":\"2025-01-02T19:27:17+00:00\",\"breadcrumb\":{\"@id\":\"https:\/\/avrupapress.com\/main\/2025\/01\/02\/1995-secimleri-ve-erbakan-basbakan\/#breadcrumb\"},\"inLanguage\":\"fr-BE\",\"potentialAction\":[{\"@type\":\"ReadAction\",\"target\":[\"https:\/\/avrupapress.com\/main\/2025\/01\/02\/1995-secimleri-ve-erbakan-basbakan\/\"]}]},{\"@type\":\"ImageObject\",\"inLanguage\":\"fr-BE\",\"@id\":\"https:\/\/avrupapress.com\/main\/2025\/01\/02\/1995-secimleri-ve-erbakan-basbakan\/#primaryimage\",\"url\":\"https:\/\/avrupapress.com\/main\/wp-content\/uploads\/2025\/01\/thumbnail_9.Nevzat-Laleli-606x420-1.jpg\",\"contentUrl\":\"https:\/\/avrupapress.com\/main\/wp-content\/uploads\/2025\/01\/thumbnail_9.Nevzat-Laleli-606x420-1.jpg\",\"width\":606,\"height\":420},{\"@type\":\"BreadcrumbList\",\"@id\":\"https:\/\/avrupapress.com\/main\/2025\/01\/02\/1995-secimleri-ve-erbakan-basbakan\/#breadcrumb\",\"itemListElement\":[{\"@type\":\"ListItem\",\"position\":1,\"name\":\"Anasayfa\",\"item\":\"https:\/\/avrupapress.com\/\"},{\"@type\":\"ListItem\",\"position\":2,\"name\":\"1995 SE\u00c7\u0130MLER\u0130 VE ERBAKAN BA\u015eBAKAN\"}]},{\"@type\":\"WebSite\",\"@id\":\"https:\/\/avrupapress.com\/#website\",\"url\":\"https:\/\/avrupapress.com\/\",\"name\":\"AvrupaPress\",\"description\":\"Haberin Adresi\",\"publisher\":{\"@id\":\"https:\/\/avrupapress.com\/#\/schema\/person\/0223dca19c72c43575bf30d1a2d8f4fa\"},\"potentialAction\":[{\"@type\":\"SearchAction\",\"target\":{\"@type\":\"EntryPoint\",\"urlTemplate\":\"https:\/\/avrupapress.com\/?s={search_term_string}\"},\"query-input\":{\"@type\":\"PropertyValueSpecification\",\"valueRequired\":true,\"valueName\":\"search_term_string\"}}],\"inLanguage\":\"fr-BE\"},{\"@type\":[\"Person\",\"Organization\"],\"@id\":\"https:\/\/avrupapress.com\/#\/schema\/person\/0223dca19c72c43575bf30d1a2d8f4fa\",\"name\":\"Bilgin \u00d6z\u00e7ift\u00e7i\",\"image\":{\"@type\":\"ImageObject\",\"inLanguage\":\"fr-BE\",\"@id\":\"https:\/\/avrupapress.com\/#\/schema\/person\/image\/\",\"url\":\"https:\/\/secure.gravatar.com\/avatar\/0f23b280433a21e1ea7a0adcc46ed0ad16afe3ad8e630fd13d8a017dcbd54ef3?s=96&d=mm&r=g\",\"contentUrl\":\"https:\/\/secure.gravatar.com\/avatar\/0f23b280433a21e1ea7a0adcc46ed0ad16afe3ad8e630fd13d8a017dcbd54ef3?s=96&d=mm&r=g\",\"caption\":\"Bilgin \u00d6z\u00e7ift\u00e7i\"},\"logo\":{\"@id\":\"https:\/\/avrupapress.com\/#\/schema\/person\/image\/\"},\"description\":\"Ne ben, nede sen... Biz ancak \\\"biz\\\" olursak g\u00fc\u00e7l\u00fc olabiliriz\"},{\"@type\":\"Person\",\"@id\":\"https:\/\/avrupapress.com\/#\/schema\/person\/68428444ec60970d1e1b700cf4ca1e8f\",\"name\":\"Edit\u00f6r\",\"image\":{\"@type\":\"ImageObject\",\"inLanguage\":\"fr-BE\",\"@id\":\"https:\/\/avrupapress.com\/#\/schema\/person\/image\/\",\"url\":\"https:\/\/secure.gravatar.com\/avatar\/74996b0977aa5f1559ba9883776652508b229005c0d78fb2597897f0bd651c09?s=96&d=mm&r=g\",\"contentUrl\":\"https:\/\/secure.gravatar.com\/avatar\/74996b0977aa5f1559ba9883776652508b229005c0d78fb2597897f0bd651c09?s=96&d=mm&r=g\",\"caption\":\"Edit\u00f6r\"},\"sameAs\":[\"http:\/\/www.avrupapress.com\"],\"url\":\"https:\/\/avrupapress.com\/main\/author\/editor\/\"}]}<\/script>\n<!-- \/ Yoast SEO plugin. -->","yoast_head_json":{"title":"1995 SE\u00c7\u0130MLER\u0130 VE ERBAKAN BA\u015eBAKAN - AvrupaPress","robots":{"index":"index","follow":"follow","max-snippet":"max-snippet:-1","max-image-preview":"max-image-preview:large","max-video-preview":"max-video-preview:-1"},"canonical":"https:\/\/avrupapress.com\/main\/2025\/01\/02\/1995-secimleri-ve-erbakan-basbakan\/","og_locale":"fr_FR","og_type":"article","og_title":"1995 SE\u00c7\u0130MLER\u0130 VE ERBAKAN BA\u015eBAKAN - AvrupaPress","og_description":"1995 SE\u00c7\u0130MLER\u0130 VE ERBAKAN BA\u015eBAKAN 1995 se\u00e7imleri, \u00fclkemizde 100 senedir devam eden Bat\u0131c\u0131 ve i\u015fbirlik\u00e7i partilerin h\u00fck\u00fcmranl\u0131\u011f\u0131na bir yerde son vermi\u015f ve milli de\u011ferlerimize ba\u011fl\u0131 milli G\u00f6r\u00fc\u015f\u2019\u00fcn tek partisi olan Refah Partisini koalisyonlarla da olsa iktidara ta\u015f\u0131m\u0131\u015ft\u0131. RP o se\u00e7imlerde 6 milyondan fazla oy alarak % 22 oy ile birinci parti olmu\u015f ve 142 milletvekili [&hellip;]","og_url":"https:\/\/avrupapress.com\/main\/2025\/01\/02\/1995-secimleri-ve-erbakan-basbakan\/","og_site_name":"AvrupaPress","article_published_time":"2025-01-02T19:27:10+00:00","article_modified_time":"2025-01-02T19:27:17+00:00","og_image":[{"width":606,"height":420,"url":"https:\/\/avrupapress.com\/main\/wp-content\/uploads\/2025\/01\/thumbnail_9.Nevzat-Laleli-606x420-1.jpg","type":"image\/jpeg"}],"author":"Edit\u00f6r","twitter_card":"summary_large_image","twitter_misc":{"\u00c9crit par":"Edit\u00f6r","Dur\u00e9e de lecture est.":"3 minutes"},"schema":{"@context":"https:\/\/schema.org","@graph":[{"@type":"Article","@id":"https:\/\/avrupapress.com\/main\/2025\/01\/02\/1995-secimleri-ve-erbakan-basbakan\/#article","isPartOf":{"@id":"https:\/\/avrupapress.com\/main\/2025\/01\/02\/1995-secimleri-ve-erbakan-basbakan\/"},"author":{"name":"Edit\u00f6r","@id":"https:\/\/avrupapress.com\/#\/schema\/person\/68428444ec60970d1e1b700cf4ca1e8f"},"headline":"1995 SE\u00c7\u0130MLER\u0130 VE ERBAKAN BA\u015eBAKAN","datePublished":"2025-01-02T19:27:10+00:00","dateModified":"2025-01-02T19:27:17+00:00","mainEntityOfPage":{"@id":"https:\/\/avrupapress.com\/main\/2025\/01\/02\/1995-secimleri-ve-erbakan-basbakan\/"},"wordCount":710,"publisher":{"@id":"https:\/\/avrupapress.com\/#\/schema\/person\/0223dca19c72c43575bf30d1a2d8f4fa"},"image":{"@id":"https:\/\/avrupapress.com\/main\/2025\/01\/02\/1995-secimleri-ve-erbakan-basbakan\/#primaryimage"},"thumbnailUrl":"https:\/\/avrupapress.com\/main\/wp-content\/uploads\/2025\/01\/thumbnail_9.Nevzat-Laleli-606x420-1.jpg","articleSection":["Avrupa","Bel\u00e7ika","D\u00fcnya","Ekonomi","K\u00fclt\u00fcr-Sanat","Spor","Tan\u0131t\u0131m","T\u00fcrkiye","Uncategorized"],"inLanguage":"fr-BE"},{"@type":"WebPage","@id":"https:\/\/avrupapress.com\/main\/2025\/01\/02\/1995-secimleri-ve-erbakan-basbakan\/","url":"https:\/\/avrupapress.com\/main\/2025\/01\/02\/1995-secimleri-ve-erbakan-basbakan\/","name":"1995 SE\u00c7\u0130MLER\u0130 VE ERBAKAN BA\u015eBAKAN - AvrupaPress","isPartOf":{"@id":"https:\/\/avrupapress.com\/#website"},"primaryImageOfPage":{"@id":"https:\/\/avrupapress.com\/main\/2025\/01\/02\/1995-secimleri-ve-erbakan-basbakan\/#primaryimage"},"image":{"@id":"https:\/\/avrupapress.com\/main\/2025\/01\/02\/1995-secimleri-ve-erbakan-basbakan\/#primaryimage"},"thumbnailUrl":"https:\/\/avrupapress.com\/main\/wp-content\/uploads\/2025\/01\/thumbnail_9.Nevzat-Laleli-606x420-1.jpg","datePublished":"2025-01-02T19:27:10+00:00","dateModified":"2025-01-02T19:27:17+00:00","breadcrumb":{"@id":"https:\/\/avrupapress.com\/main\/2025\/01\/02\/1995-secimleri-ve-erbakan-basbakan\/#breadcrumb"},"inLanguage":"fr-BE","potentialAction":[{"@type":"ReadAction","target":["https:\/\/avrupapress.com\/main\/2025\/01\/02\/1995-secimleri-ve-erbakan-basbakan\/"]}]},{"@type":"ImageObject","inLanguage":"fr-BE","@id":"https:\/\/avrupapress.com\/main\/2025\/01\/02\/1995-secimleri-ve-erbakan-basbakan\/#primaryimage","url":"https:\/\/avrupapress.com\/main\/wp-content\/uploads\/2025\/01\/thumbnail_9.Nevzat-Laleli-606x420-1.jpg","contentUrl":"https:\/\/avrupapress.com\/main\/wp-content\/uploads\/2025\/01\/thumbnail_9.Nevzat-Laleli-606x420-1.jpg","width":606,"height":420},{"@type":"BreadcrumbList","@id":"https:\/\/avrupapress.com\/main\/2025\/01\/02\/1995-secimleri-ve-erbakan-basbakan\/#breadcrumb","itemListElement":[{"@type":"ListItem","position":1,"name":"Anasayfa","item":"https:\/\/avrupapress.com\/"},{"@type":"ListItem","position":2,"name":"1995 SE\u00c7\u0130MLER\u0130 VE ERBAKAN BA\u015eBAKAN"}]},{"@type":"WebSite","@id":"https:\/\/avrupapress.com\/#website","url":"https:\/\/avrupapress.com\/","name":"AvrupaPress","description":"Haberin Adresi","publisher":{"@id":"https:\/\/avrupapress.com\/#\/schema\/person\/0223dca19c72c43575bf30d1a2d8f4fa"},"potentialAction":[{"@type":"SearchAction","target":{"@type":"EntryPoint","urlTemplate":"https:\/\/avrupapress.com\/?s={search_term_string}"},"query-input":{"@type":"PropertyValueSpecification","valueRequired":true,"valueName":"search_term_string"}}],"inLanguage":"fr-BE"},{"@type":["Person","Organization"],"@id":"https:\/\/avrupapress.com\/#\/schema\/person\/0223dca19c72c43575bf30d1a2d8f4fa","name":"Bilgin \u00d6z\u00e7ift\u00e7i","image":{"@type":"ImageObject","inLanguage":"fr-BE","@id":"https:\/\/avrupapress.com\/#\/schema\/person\/image\/","url":"https:\/\/secure.gravatar.com\/avatar\/0f23b280433a21e1ea7a0adcc46ed0ad16afe3ad8e630fd13d8a017dcbd54ef3?s=96&d=mm&r=g","contentUrl":"https:\/\/secure.gravatar.com\/avatar\/0f23b280433a21e1ea7a0adcc46ed0ad16afe3ad8e630fd13d8a017dcbd54ef3?s=96&d=mm&r=g","caption":"Bilgin \u00d6z\u00e7ift\u00e7i"},"logo":{"@id":"https:\/\/avrupapress.com\/#\/schema\/person\/image\/"},"description":"Ne ben, nede sen... Biz ancak \"biz\" olursak g\u00fc\u00e7l\u00fc olabiliriz"},{"@type":"Person","@id":"https:\/\/avrupapress.com\/#\/schema\/person\/68428444ec60970d1e1b700cf4ca1e8f","name":"Edit\u00f6r","image":{"@type":"ImageObject","inLanguage":"fr-BE","@id":"https:\/\/avrupapress.com\/#\/schema\/person\/image\/","url":"https:\/\/secure.gravatar.com\/avatar\/74996b0977aa5f1559ba9883776652508b229005c0d78fb2597897f0bd651c09?s=96&d=mm&r=g","contentUrl":"https:\/\/secure.gravatar.com\/avatar\/74996b0977aa5f1559ba9883776652508b229005c0d78fb2597897f0bd651c09?s=96&d=mm&r=g","caption":"Edit\u00f6r"},"sameAs":["http:\/\/www.avrupapress.com"],"url":"https:\/\/avrupapress.com\/main\/author\/editor\/"}]}},"_links":{"self":[{"href":"https:\/\/avrupapress.com\/main\/wp-json\/wp\/v2\/posts\/27851","targetHints":{"allow":["GET"]}}],"collection":[{"href":"https:\/\/avrupapress.com\/main\/wp-json\/wp\/v2\/posts"}],"about":[{"href":"https:\/\/avrupapress.com\/main\/wp-json\/wp\/v2\/types\/post"}],"author":[{"embeddable":true,"href":"https:\/\/avrupapress.com\/main\/wp-json\/wp\/v2\/users\/3"}],"replies":[{"embeddable":true,"href":"https:\/\/avrupapress.com\/main\/wp-json\/wp\/v2\/comments?post=27851"}],"version-history":[{"count":1,"href":"https:\/\/avrupapress.com\/main\/wp-json\/wp\/v2\/posts\/27851\/revisions"}],"predecessor-version":[{"id":27853,"href":"https:\/\/avrupapress.com\/main\/wp-json\/wp\/v2\/posts\/27851\/revisions\/27853"}],"wp:featuredmedia":[{"embeddable":true,"href":"https:\/\/avrupapress.com\/main\/wp-json\/wp\/v2\/media\/27852"}],"wp:attachment":[{"href":"https:\/\/avrupapress.com\/main\/wp-json\/wp\/v2\/media?parent=27851"}],"wp:term":[{"taxonomy":"category","embeddable":true,"href":"https:\/\/avrupapress.com\/main\/wp-json\/wp\/v2\/categories?post=27851"},{"taxonomy":"post_tag","embeddable":true,"href":"https:\/\/avrupapress.com\/main\/wp-json\/wp\/v2\/tags?post=27851"}],"curies":[{"name":"wp","href":"https:\/\/api.w.org\/{rel}","templated":true}]}}