{"id":2718,"date":"2017-12-10T21:18:16","date_gmt":"2017-12-10T21:18:16","guid":{"rendered":"http:\/\/avrupapress.com\/main\/?p=2718"},"modified":"2017-12-10T21:18:16","modified_gmt":"2017-12-10T21:18:16","slug":"akcayda-duzenlenecek-emirdag-gecesine-yogun-talep-olduilk-otel-dolduprogramda-degisiklige-gidildi","status":"publish","type":"post","link":"https:\/\/avrupapress.com\/main\/2017\/12\/10\/akcayda-duzenlenecek-emirdag-gecesine-yogun-talep-olduilk-otel-dolduprogramda-degisiklige-gidildi\/","title":{"rendered":"AK\u00c7AY\u2019da D\u00fczenlenecek EM\u0130RDA\u011e GECES\u0130\u2019ne Yo\u011fun Talep Oldu\u2026\u0130lk Otel Doldu\u2026Pro\u011framda De\u011fi\u015fikli\u011fe Gidildi\u2026"},"content":{"rendered":"<p>T\u00fcrkiye\u2019nin turistik cennet k\u00f6\u015felerinden, oksijeni bol diyarlar\u0131ndan AK\u00c7AY\u2019da d\u00fczenlenecek EM\u0130RDA\u011e\u2019l\u0131lar GECES\u0130NE b\u00fcy\u00fck talep oldu. \u0130lk defa Eski\u015fehir ve di\u011fer yap\u0131lan yerler d\u0131\u015f\u0131nda yap\u0131lacak olan GECEYE b\u00fcy\u00fck yo\u011fun talep ile t\u00fcm rezervasyon yap\u0131lan yerler doldu. Bu geceyi d\u00fczenleyen Nusret \u00d6zkan ve Mustafa Tahir Ereno\u011flu, bu geceye daha \u00e7ok talep olunca, geleceklerin isteklerini k\u0131rmamak i\u00e7in daha b\u00fcy\u00fck bir otel tutarak herkesin kat\u0131l\u0131m\u0131 kolayla\u015ft\u0131rd\u0131lar.<\/p>\n<p>AK\u00c7AY\u2019daki \u201cEM\u0130RDA\u011eLILAR GECES\u0130\u201d anla\u015f\u0131l\u0131yor ki art\u0131k b\u00fcy\u00fck ilgi \u00e7ekmeye ba\u015flad\u0131.<\/p>\n<p>Emirda\u011fl\u0131lar\u0131n yo\u011fun talepleri g\u00f6steriyor ki muhte\u015fem bir gece olacak gibi&#8230;<\/p>\n<p>Organizasyonun merkezleri olu\u015fmu\u015f, Emirda\u011f, Eski\u015fehir, Antalya, \u0130stanbul, \u0130zmir, Ankara ve Bel\u00e7ika\u2019da gruplar kurulmu\u015f vaziyette\u2026<\/p>\n<p>Ak\u00e7ay \u2013 Alt\u0131noluk\u2019ta bu g\u00f6rkemli geceye olan b\u00fcy\u00fck talep \u00fczerine, organizat\u00f6r Nusret \u00d6zkan\u2019da bu yo\u011fun talep \u00fczerine, daha g\u00fczel a\u011f\u0131rlama yapmak i\u00e7in ertesi g\u00fcne toplu gezi pro\u011fram\u0131 yaparak, gece pro\u011fram\u0131nda de\u011fi\u015filikler yapt\u0131. \u00d6zel s\u00fcpriz sanat\u00e7\u0131lar, doyulmaz e\u011flence pro\u011fram\u0131\u2026Birbirinden de\u011ferli Emirda\u011f\u2019l\u0131 ki\u015filikler\u2026<\/p>\n<p>\u0130lk de\u011fi\u015fiklik daha b\u00fcy\u00fck ve ihtiya\u00e7lar\u0131na cevap verebilecekleri bir otel\u2019le anla\u015ft\u0131lar. Heramis Termal Tatil K\u00f6y\u00fc\u2019nde konaklanacak. Dallas D\u00fc\u011f\u00fcn Salonunda e\u011flence yap\u0131lacak. Ayr\u0131ca daha \u00f6nceki pro\u011framda e\u011flence sonu sabah kahvalt\u0131s\u0131nda pro\u011fram sona erecekti. Bir de\u011fi\u015fiklikte burada yap\u0131ld\u0131. B\u00fcy\u00fck talep \u00fczerine daha g\u00fczel bir pro\u011fram yapma zorunlulu\u011fu hissseden Nusret \u00d6zkan, kahvalt\u0131 sonunda Kaz Da\u011flar\u0131 gezisi ile Kaz Da\u011flar\u0131nda me\u015fhur olan \u201cKAZ DA\u011eINDA KAR \u00dcZER\u0130NDE SUCUK MANGAL PART\u0130S\u0130\u201dni d\u00fczenleyecek.<\/p>\n<p>\u0130\u015fte bu duygularla, ilk defa T\u00fcrkiye\u2019nin cennet k\u00f6\u015felerinden \u201cAK\u00c7AY\u201d da \u201cEM\u0130RDA\u011eLILAR GECES\u0130\u201d d\u00fczenleniyor\u2026<\/p>\n<p>Emirda\u011fl\u0131lardan yo\u011fun talep oldu\u011fu, yurt i\u00e7i ve yurt d\u0131\u015f\u0131ndan teyit ederek \u00f6demelerini yapanlar ile ilk kapasitelerinin full doldu\u011fu GECE\u2019de yer almak isteyenlerin fazla olmas\u0131 nedeniyle bu de\u011fi\u015fikli\u011fe gidildi\u2026Yine acele edin\u2026Otel kapasitesi doldu\u011funda ne yaz\u0131k ki kay\u0131t yapamayacaklar\u0131n\u0131 bildiren say\u0131n Nusret \u00d6zkan, bu kez bu de\u011fi\u015fikli\u011fin son oldu\u011funu, kat\u0131lacaklar\u0131n acele etmelerini istedi\u2026 SON BA\u015eVURU 25 ARALIK 2017\u2026<\/p>\n<p>Kat\u0131lmak isteyenlerin \u00f6n rezervasyon yapt\u0131rmalar\u0131 gerekiyor\u2026<\/p>\n<p>&#8212;&#8212;&#8212;&#8212;Evet EM\u0130RDA\u011eLILAR GECES\u0130 Pro\u011fram\u0131 \u015f\u00f6yle;<\/p>\n<p>Alt\u0131noluk\u2019ta bulunan g\u00fczel turistik termal otellerinden Heramis Termal Tatil K\u00f6y\u00fc &lsquo;de 24-25 Ocak 2018&rsquo;de yap\u0131lacak olan EM\u0130RDA\u011eLILAR GECES\u0130&rsquo;nin pro\u011fram\u0131:<\/p>\n<p>&#8212;&#8212;-OTEL KONAKLAMA + YEMEK + GEZ\u0130 KAZ DA\u011eLARI ve \u00c7EVRE GEZ\u0130S\u0130 TURU<\/p>\n<p>1-) OTELE G\u0130R\u0130\u015e: 24 OCAK 2018 \u00f6\u011fleden sonra&#8230;(\u0130lk giri\u015fte resepsiyonda oda kay\u0131tlar\u0131 yapt\u0131r\u0131lacak&#8230;)<\/p>\n<p>2-)Ak\u015fam yeme\u011fi 19.00-01.00 saatleri aras\u0131 verilecek olup,<\/p>\n<p>*Ord\u00f6v Taba\u011f\u0131<br \/>\n*Et sote + Pilav + P\u00fcre<br \/>\n*Ara s\u0131cak (Pa\u00e7anga B\u00f6rek)<br \/>\n*Ye\u015fil salata 2X1<br \/>\n*Mevsim salata 2X1<br \/>\n*Canl\u0131 M\u00fczik<br \/>\n*Me\u015frubat her masaya 1lt Cola \u2013 Fanta<br \/>\n*Ekmek<br \/>\n*Su<br \/>\n*Sabah Kahvalt\u0131 a\u00e7\u0131k b\u00fcfe<br \/>\n*Kaz da\u011flar\u0131nda Hanlarda Kar \u00fczerinde sucuk mangal partisi<br \/>\n*K\u0130\u015e\u0130 BA\u015eI 175 tl<\/p>\n<p>EM\u0130RDA\u011eLILAR GECES\u0130<\/p>\n<p>D\u00fczenleyenler:<br \/>\nNusret \u00d6zkan ve Mustafa Tahir Ereno\u011flu<\/p>\n<p>ADRES:<br \/>\nHeramis Termal Tatil K\u00f6y\u00fc \/ Alt\u0131noluk &#8211; EDREM\u0130T<br \/>\nTAR\u0130H:<br \/>\n24-25 Ocak 2018<br \/>\nBilgi i\u00e7in Tel (Nusret \u00d6zkan)<br \/>\n(+90)0533 452 50 62<\/p>\n<h4>Foto\u011fraflar<\/h4>\n<div class=\"row img-gallery\">\n<div class=\"col-lg-3\"><a title=\"AK\u00c7AY\u2019da D\u00fczenlenecek EM\u0130RDA\u011e GECES\u0130\u2019ne Yo\u011fun Talep Oldu\u2026\u0130lk Otel Doldu\u2026Pro\u011framda De\u011fi\u015fikli\u011fe Gidildi\u2026\" href=\"http:\/\/gazeteturk.be\/assets\/images\/content\/akcayda-duezenlenecek-emirdag-gecesine-yogun-talep-olduilk-otel-dolduprogramda-degisiklige-gidildi-1512863590.jpg\" rel=\"gallery\"><img decoding=\"async\" src=\"http:\/\/gazeteturk.be\/assets\/images\/content\/akcayda-duezenlenecek-emirdag-gecesine-yogun-talep-olduilk-otel-dolduprogramda-degisiklige-gidildi-1512863590.jpg\" alt=\"AK\u00c7AY\u2019da D\u00fczenlenecek EM\u0130RDA\u011e GECES\u0130\u2019ne Yo\u011fun Talep Oldu\u2026\u0130lk Otel Doldu\u2026Pro\u011framda De\u011fi\u015fikli\u011fe Gidildi\u2026\" \/><\/a><\/div>\n<div class=\"col-lg-3\"><a title=\"AK\u00c7AY\u2019da D\u00fczenlenecek EM\u0130RDA\u011e GECES\u0130\u2019ne Yo\u011fun Talep Oldu\u2026\u0130lk Otel Doldu\u2026Pro\u011framda De\u011fi\u015fikli\u011fe Gidildi\u2026\" href=\"http:\/\/gazeteturk.be\/assets\/images\/content\/akcayda-duezenlenecek-emirdag-gecesine-yogun-talep-olduilk-otel-dolduprogramda-degisiklige-gidildi-1512863601.jpg\" rel=\"gallery\"><img decoding=\"async\" src=\"http:\/\/gazeteturk.be\/assets\/images\/content\/akcayda-duezenlenecek-emirdag-gecesine-yogun-talep-olduilk-otel-dolduprogramda-degisiklige-gidildi-1512863601.jpg\" alt=\"AK\u00c7AY\u2019da D\u00fczenlenecek EM\u0130RDA\u011e GECES\u0130\u2019ne Yo\u011fun Talep Oldu\u2026\u0130lk Otel Doldu\u2026Pro\u011framda De\u011fi\u015fikli\u011fe Gidildi\u2026\" \/><\/a><\/div>\n<div class=\"col-lg-3\"><a title=\"AK\u00c7AY\u2019da D\u00fczenlenecek EM\u0130RDA\u011e GECES\u0130\u2019ne Yo\u011fun Talep Oldu\u2026\u0130lk Otel Doldu\u2026Pro\u011framda De\u011fi\u015fikli\u011fe Gidildi\u2026\" href=\"http:\/\/gazeteturk.be\/assets\/images\/content\/akcayda-duezenlenecek-emirdag-gecesine-yogun-talep-olduilk-otel-dolduprogramda-degisiklige-gidildi-1512863615.jpg\" rel=\"gallery\"><img decoding=\"async\" src=\"http:\/\/gazeteturk.be\/assets\/images\/content\/akcayda-duezenlenecek-emirdag-gecesine-yogun-talep-olduilk-otel-dolduprogramda-degisiklige-gidildi-1512863615.jpg\" alt=\"AK\u00c7AY\u2019da D\u00fczenlenecek EM\u0130RDA\u011e GECES\u0130\u2019ne Yo\u011fun Talep Oldu\u2026\u0130lk Otel Doldu\u2026Pro\u011framda De\u011fi\u015fikli\u011fe Gidildi\u2026\" \/><\/a><\/div>\n<div class=\"col-lg-3\"><a title=\"AK\u00c7AY\u2019da D\u00fczenlenecek EM\u0130RDA\u011e GECES\u0130\u2019ne Yo\u011fun Talep Oldu\u2026\u0130lk Otel Doldu\u2026Pro\u011framda De\u011fi\u015fikli\u011fe Gidildi\u2026\" href=\"http:\/\/gazeteturk.be\/assets\/images\/content\/akcayda-duezenlenecek-emirdag-gecesine-yogun-talep-olduilk-otel-dolduprogramda-degisiklige-gidildi-1512863626.jpg\" rel=\"gallery\"><img decoding=\"async\" src=\"http:\/\/gazeteturk.be\/assets\/images\/content\/akcayda-duezenlenecek-emirdag-gecesine-yogun-talep-olduilk-otel-dolduprogramda-degisiklige-gidildi-1512863626.jpg\" alt=\"AK\u00c7AY\u2019da D\u00fczenlenecek EM\u0130RDA\u011e GECES\u0130\u2019ne Yo\u011fun Talep Oldu\u2026\u0130lk Otel Doldu\u2026Pro\u011framda De\u011fi\u015fikli\u011fe Gidildi\u2026\" \/><\/a><\/div>\n<\/div>\n<div class=\"row img-gallery\">\n<div class=\"col-lg-3\"><a title=\"AK\u00c7AY\u2019da D\u00fczenlenecek EM\u0130RDA\u011e GECES\u0130\u2019ne Yo\u011fun Talep Oldu\u2026\u0130lk Otel Doldu\u2026Pro\u011framda De\u011fi\u015fikli\u011fe Gidildi\u2026\" href=\"http:\/\/gazeteturk.be\/assets\/images\/content\/akcayda-duezenlenecek-emirdag-gecesine-yogun-talep-olduilk-otel-dolduprogramda-degisiklige-gidildi-1512863650.jpg\" rel=\"gallery\"><img decoding=\"async\" src=\"http:\/\/gazeteturk.be\/assets\/images\/content\/akcayda-duezenlenecek-emirdag-gecesine-yogun-talep-olduilk-otel-dolduprogramda-degisiklige-gidildi-1512863650.jpg\" alt=\"AK\u00c7AY\u2019da D\u00fczenlenecek EM\u0130RDA\u011e GECES\u0130\u2019ne Yo\u011fun Talep Oldu\u2026\u0130lk Otel Doldu\u2026Pro\u011framda De\u011fi\u015fikli\u011fe Gidildi\u2026\" \/><\/a><\/div>\n<div class=\"col-lg-3\"><a title=\"AK\u00c7AY\u2019da D\u00fczenlenecek EM\u0130RDA\u011e GECES\u0130\u2019ne Yo\u011fun Talep Oldu\u2026\u0130lk Otel Doldu\u2026Pro\u011framda De\u011fi\u015fikli\u011fe Gidildi\u2026\" href=\"http:\/\/gazeteturk.be\/assets\/images\/content\/akcayda-duezenlenecek-emirdag-gecesine-yogun-talep-olduilk-otel-dolduprogramda-degisiklige-gidildi-1512863644.jpg\" rel=\"gallery\"><img decoding=\"async\" src=\"http:\/\/gazeteturk.be\/assets\/images\/content\/akcayda-duezenlenecek-emirdag-gecesine-yogun-talep-olduilk-otel-dolduprogramda-degisiklige-gidildi-1512863644.jpg\" alt=\"AK\u00c7AY\u2019da D\u00fczenlenecek EM\u0130RDA\u011e GECES\u0130\u2019ne Yo\u011fun Talep Oldu\u2026\u0130lk Otel Doldu\u2026Pro\u011framda De\u011fi\u015fikli\u011fe Gidildi\u2026\" \/><\/a><\/div>\n<div class=\"col-lg-3\"><a title=\"AK\u00c7AY\u2019da D\u00fczenlenecek EM\u0130RDA\u011e GECES\u0130\u2019ne Yo\u011fun Talep Oldu\u2026\u0130lk Otel Doldu\u2026Pro\u011framda De\u011fi\u015fikli\u011fe Gidildi\u2026\" href=\"http:\/\/gazeteturk.be\/assets\/images\/content\/akcayda-duezenlenecek-emirdag-gecesine-yogun-talep-olduilk-otel-dolduprogramda-degisiklige-gidildi-1512863634.jpg\" rel=\"gallery\"><img decoding=\"async\" src=\"http:\/\/gazeteturk.be\/assets\/images\/content\/akcayda-duezenlenecek-emirdag-gecesine-yogun-talep-olduilk-otel-dolduprogramda-degisiklige-gidildi-1512863634.jpg\" alt=\"AK\u00c7AY\u2019da D\u00fczenlenecek EM\u0130RDA\u011e GECES\u0130\u2019ne Yo\u011fun Talep Oldu\u2026\u0130lk Otel Doldu\u2026Pro\u011framda De\u011fi\u015fikli\u011fe Gidildi\u2026\" \/><\/a><\/div>\n<div class=\"col-lg-3\"><a title=\"AK\u00c7AY\u2019da D\u00fczenlenecek EM\u0130RDA\u011e GECES\u0130\u2019ne Yo\u011fun Talep Oldu\u2026\u0130lk Otel Doldu\u2026Pro\u011framda De\u011fi\u015fikli\u011fe Gidildi\u2026\" href=\"http:\/\/gazeteturk.be\/assets\/images\/content\/akcayda-duezenlenecek-emirdag-gecesine-yogun-talep-olduilk-otel-dolduprogramda-degisiklige-gidildi-1512863674.jpg\" rel=\"gallery\"><img decoding=\"async\" src=\"http:\/\/gazeteturk.be\/assets\/images\/content\/akcayda-duezenlenecek-emirdag-gecesine-yogun-talep-olduilk-otel-dolduprogramda-degisiklige-gidildi-1512863674.jpg\" alt=\"AK\u00c7AY\u2019da D\u00fczenlenecek EM\u0130RDA\u011e GECES\u0130\u2019ne Yo\u011fun Talep Oldu\u2026\u0130lk Otel Doldu\u2026Pro\u011framda De\u011fi\u015fikli\u011fe Gidildi\u2026\" \/><\/a><\/div>\n<\/div>\n<div class=\"row img-gallery\">\n<div class=\"col-lg-3\"><a title=\"AK\u00c7AY\u2019da D\u00fczenlenecek EM\u0130RDA\u011e GECES\u0130\u2019ne Yo\u011fun Talep Oldu\u2026\u0130lk Otel Doldu\u2026Pro\u011framda De\u011fi\u015fikli\u011fe Gidildi\u2026\" href=\"http:\/\/gazeteturk.be\/assets\/images\/content\/akcayda-duezenlenecek-emirdag-gecesine-yogun-talep-olduilk-otel-dolduprogramda-degisiklige-gidildi-1512863665.jpg\" rel=\"gallery\"><img decoding=\"async\" src=\"http:\/\/gazeteturk.be\/assets\/images\/content\/akcayda-duezenlenecek-emirdag-gecesine-yogun-talep-olduilk-otel-dolduprogramda-degisiklige-gidildi-1512863665.jpg\" alt=\"AK\u00c7AY\u2019da D\u00fczenlenecek EM\u0130RDA\u011e GECES\u0130\u2019ne Yo\u011fun Talep Oldu\u2026\u0130lk Otel Doldu\u2026Pro\u011framda De\u011fi\u015fikli\u011fe Gidildi\u2026\" \/><\/a><\/div>\n<div class=\"col-lg-3\"><a title=\"AK\u00c7AY\u2019da D\u00fczenlenecek EM\u0130RDA\u011e GECES\u0130\u2019ne Yo\u011fun Talep Oldu\u2026\u0130lk Otel Doldu\u2026Pro\u011framda De\u011fi\u015fikli\u011fe Gidildi\u2026\" href=\"http:\/\/gazeteturk.be\/assets\/images\/content\/akcayda-duezenlenecek-emirdag-gecesine-yogun-talep-olduilk-otel-dolduprogramda-degisiklige-gidildi-1512863656.jpg\" rel=\"gallery\"><img decoding=\"async\" src=\"http:\/\/gazeteturk.be\/assets\/images\/content\/akcayda-duezenlenecek-emirdag-gecesine-yogun-talep-olduilk-otel-dolduprogramda-degisiklige-gidildi-1512863656.jpg\" alt=\"AK\u00c7AY\u2019da D\u00fczenlenecek EM\u0130RDA\u011e GECES\u0130\u2019ne Yo\u011fun Talep Oldu\u2026\u0130lk Otel Doldu\u2026Pro\u011framda De\u011fi\u015fikli\u011fe Gidildi\u2026\" \/><\/a><\/div>\n<div class=\"col-lg-3\"><a title=\"AK\u00c7AY\u2019da D\u00fczenlenecek EM\u0130RDA\u011e GECES\u0130\u2019ne Yo\u011fun Talep Oldu\u2026\u0130lk Otel Doldu\u2026Pro\u011framda De\u011fi\u015fikli\u011fe Gidildi\u2026\" href=\"http:\/\/gazeteturk.be\/assets\/images\/content\/akcayda-duezenlenecek-emirdag-gecesine-yogun-talep-olduilk-otel-dolduprogramda-degisiklige-gidildi-1512863696.jpg\" rel=\"gallery\"><img decoding=\"async\" src=\"http:\/\/gazeteturk.be\/assets\/images\/content\/akcayda-duezenlenecek-emirdag-gecesine-yogun-talep-olduilk-otel-dolduprogramda-degisiklige-gidildi-1512863696.jpg\" alt=\"AK\u00c7AY\u2019da D\u00fczenlenecek EM\u0130RDA\u011e GECES\u0130\u2019ne Yo\u011fun Talep Oldu\u2026\u0130lk Otel Doldu\u2026Pro\u011framda De\u011fi\u015fikli\u011fe Gidildi\u2026\" \/><\/a><\/div>\n<div class=\"col-lg-3\"><a title=\"AK\u00c7AY\u2019da D\u00fczenlenecek EM\u0130RDA\u011e GECES\u0130\u2019ne Yo\u011fun Talep Oldu\u2026\u0130lk Otel Doldu\u2026Pro\u011framda De\u011fi\u015fikli\u011fe Gidildi\u2026\" href=\"http:\/\/gazeteturk.be\/assets\/images\/content\/akcayda-duezenlenecek-emirdag-gecesine-yogun-talep-olduilk-otel-dolduprogramda-degisiklige-gidildi-1512863685.jpg\" rel=\"gallery\"><img decoding=\"async\" src=\"http:\/\/gazeteturk.be\/assets\/images\/content\/akcayda-duezenlenecek-emirdag-gecesine-yogun-talep-olduilk-otel-dolduprogramda-degisiklige-gidildi-1512863685.jpg\" alt=\"AK\u00c7AY\u2019da D\u00fczenlenecek EM\u0130RDA\u011e GECES\u0130\u2019ne Yo\u011fun Talep Oldu\u2026\u0130lk Otel Doldu\u2026Pro\u011framda De\u011fi\u015fikli\u011fe Gidildi\u2026\" \/><\/a><\/div>\n<\/div>\n","protected":false},"excerpt":{"rendered":"<p>T\u00fcrkiye\u2019nin turistik cennet k\u00f6\u015felerinden, oksijeni bol diyarlar\u0131ndan AK\u00c7AY\u2019da d\u00fczenlenecek EM\u0130RDA\u011e\u2019l\u0131lar GECES\u0130NE b\u00fcy\u00fck talep oldu. \u0130lk defa Eski\u015fehir ve di\u011fer yap\u0131lan yerler d\u0131\u015f\u0131nda yap\u0131lacak olan GECEYE b\u00fcy\u00fck yo\u011fun talep ile t\u00fcm rezervasyon yap\u0131lan yerler doldu. Bu geceyi d\u00fczenleyen Nusret \u00d6zkan ve Mustafa Tahir Ereno\u011flu, bu geceye daha \u00e7ok talep olunca, geleceklerin isteklerini k\u0131rmamak i\u00e7in daha b\u00fcy\u00fck [&hellip;]<\/p>\n","protected":false},"author":3,"featured_media":2719,"comment_status":"open","ping_status":"open","sticky":false,"template":"","format":"standard","meta":{"footnotes":""},"categories":[17,18,19,2],"tags":[1517,2146,2141,2142,2144,2145,2143],"class_list":["post-2718","post","type-post","status-publish","format-standard","has-post-thumbnail","hentry","category-ekonomi","category-kultur-sanat","category-tanitim","category-turkiye","tag-akcayda","tag-degisiklige-gidildi","tag-duzenlenecek","tag-emirdag-gecesine","tag-ilk-otel-dold","tag-programda","tag-yogun-talep-oldu"],"yoast_head":"<!-- This site is optimized with the Yoast SEO plugin v26.9 - https:\/\/yoast.com\/product\/yoast-seo-wordpress\/ -->\n<title>AK\u00c7AY\u2019da D\u00fczenlenecek EM\u0130RDA\u011e GECES\u0130\u2019ne Yo\u011fun Talep Oldu\u2026\u0130lk Otel Doldu\u2026Pro\u011framda De\u011fi\u015fikli\u011fe Gidildi\u2026 - AvrupaPress<\/title>\n<meta name=\"robots\" content=\"index, follow, max-snippet:-1, max-image-preview:large, max-video-preview:-1\" \/>\n<link rel=\"canonical\" href=\"https:\/\/avrupapress.com\/2017\/12\/10\/akcayda-duzenlenecek-emirdag-gecesine-yogun-talep-olduilk-otel-dolduprogramda-degisiklige-gidildi\/\" \/>\n<meta property=\"og:locale\" content=\"fr_FR\" \/>\n<meta property=\"og:type\" content=\"article\" \/>\n<meta property=\"og:title\" content=\"AK\u00c7AY\u2019da D\u00fczenlenecek EM\u0130RDA\u011e GECES\u0130\u2019ne Yo\u011fun Talep Oldu\u2026\u0130lk Otel Doldu\u2026Pro\u011framda De\u011fi\u015fikli\u011fe Gidildi\u2026 - AvrupaPress\" \/>\n<meta property=\"og:description\" content=\"T\u00fcrkiye\u2019nin turistik cennet k\u00f6\u015felerinden, oksijeni bol diyarlar\u0131ndan AK\u00c7AY\u2019da d\u00fczenlenecek EM\u0130RDA\u011e\u2019l\u0131lar GECES\u0130NE b\u00fcy\u00fck talep oldu. \u0130lk defa Eski\u015fehir ve di\u011fer yap\u0131lan yerler d\u0131\u015f\u0131nda yap\u0131lacak olan GECEYE b\u00fcy\u00fck yo\u011fun talep ile t\u00fcm rezervasyon yap\u0131lan yerler doldu. Bu geceyi d\u00fczenleyen Nusret \u00d6zkan ve Mustafa Tahir Ereno\u011flu, bu geceye daha \u00e7ok talep olunca, geleceklerin isteklerini k\u0131rmamak i\u00e7in daha b\u00fcy\u00fck [&hellip;]\" \/>\n<meta property=\"og:url\" content=\"https:\/\/avrupapress.com\/2017\/12\/10\/akcayda-duzenlenecek-emirdag-gecesine-yogun-talep-olduilk-otel-dolduprogramda-degisiklige-gidildi\/\" \/>\n<meta property=\"og:site_name\" content=\"AvrupaPress\" \/>\n<meta property=\"article:published_time\" content=\"2017-12-10T21:18:16+00:00\" \/>\n<meta property=\"og:image\" content=\"https:\/\/avrupapress.com\/wp-content\/uploads\/2017\/12\/akcayda-duezenlenecek-emirdag-gecesine-yogun-talep-olduilk-otel-dolduprogramda-degisiklige-gidildi-5954.jpg\" \/>\n\t<meta property=\"og:image:width\" content=\"640\" \/>\n\t<meta property=\"og:image:height\" content=\"427\" \/>\n\t<meta property=\"og:image:type\" content=\"image\/jpeg\" \/>\n<meta name=\"author\" content=\"Edit\u00f6r\" \/>\n<meta name=\"twitter:card\" content=\"summary_large_image\" \/>\n<meta name=\"twitter:label1\" content=\"\u00c9crit par\" \/>\n\t<meta name=\"twitter:data1\" content=\"Edit\u00f6r\" \/>\n\t<meta name=\"twitter:label2\" content=\"Dur\u00e9e de lecture est.\" \/>\n\t<meta name=\"twitter:data2\" content=\"3 minutes\" \/>\n<script type=\"application\/ld+json\" class=\"yoast-schema-graph\">{\"@context\":\"https:\/\/schema.org\",\"@graph\":[{\"@type\":\"Article\",\"@id\":\"https:\/\/avrupapress.com\/2017\/12\/10\/akcayda-duzenlenecek-emirdag-gecesine-yogun-talep-olduilk-otel-dolduprogramda-degisiklige-gidildi\/#article\",\"isPartOf\":{\"@id\":\"https:\/\/avrupapress.com\/2017\/12\/10\/akcayda-duzenlenecek-emirdag-gecesine-yogun-talep-olduilk-otel-dolduprogramda-degisiklige-gidildi\/\"},\"author\":{\"name\":\"Edit\u00f6r\",\"@id\":\"https:\/\/avrupapress.com\/#\/schema\/person\/68428444ec60970d1e1b700cf4ca1e8f\"},\"headline\":\"AK\u00c7AY\u2019da D\u00fczenlenecek EM\u0130RDA\u011e GECES\u0130\u2019ne Yo\u011fun Talep Oldu\u2026\u0130lk Otel Doldu\u2026Pro\u011framda De\u011fi\u015fikli\u011fe Gidildi\u2026\",\"datePublished\":\"2017-12-10T21:18:16+00:00\",\"mainEntityOfPage\":{\"@id\":\"https:\/\/avrupapress.com\/2017\/12\/10\/akcayda-duzenlenecek-emirdag-gecesine-yogun-talep-olduilk-otel-dolduprogramda-degisiklige-gidildi\/\"},\"wordCount\":613,\"commentCount\":0,\"publisher\":{\"@id\":\"https:\/\/avrupapress.com\/#\/schema\/person\/0223dca19c72c43575bf30d1a2d8f4fa\"},\"image\":{\"@id\":\"https:\/\/avrupapress.com\/2017\/12\/10\/akcayda-duzenlenecek-emirdag-gecesine-yogun-talep-olduilk-otel-dolduprogramda-degisiklige-gidildi\/#primaryimage\"},\"thumbnailUrl\":\"https:\/\/avrupapress.com\/main\/wp-content\/uploads\/2017\/12\/akcayda-duezenlenecek-emirdag-gecesine-yogun-talep-olduilk-otel-dolduprogramda-degisiklige-gidildi-5954.jpg\",\"keywords\":[\"AK\u00c7AY\u2019da\",\"De\u011fi\u015fikli\u011fe Gidildi\u2026\",\"D\u00fczenlenecek\",\"EM\u0130RDA\u011e GECES\u0130\u2019ne\",\"\u0130lk Otel Dold\",\"Pro\u011framda\",\"Yo\u011fun Talep Oldu\"],\"articleSection\":[\"Ekonomi\",\"K\u00fclt\u00fcr-Sanat\",\"Tan\u0131t\u0131m\",\"T\u00fcrkiye\"],\"inLanguage\":\"fr-BE\",\"potentialAction\":[{\"@type\":\"CommentAction\",\"name\":\"Comment\",\"target\":[\"https:\/\/avrupapress.com\/2017\/12\/10\/akcayda-duzenlenecek-emirdag-gecesine-yogun-talep-olduilk-otel-dolduprogramda-degisiklige-gidildi\/#respond\"]}]},{\"@type\":\"WebPage\",\"@id\":\"https:\/\/avrupapress.com\/2017\/12\/10\/akcayda-duzenlenecek-emirdag-gecesine-yogun-talep-olduilk-otel-dolduprogramda-degisiklige-gidildi\/\",\"url\":\"https:\/\/avrupapress.com\/2017\/12\/10\/akcayda-duzenlenecek-emirdag-gecesine-yogun-talep-olduilk-otel-dolduprogramda-degisiklige-gidildi\/\",\"name\":\"AK\u00c7AY\u2019da D\u00fczenlenecek EM\u0130RDA\u011e GECES\u0130\u2019ne Yo\u011fun Talep Oldu\u2026\u0130lk Otel Doldu\u2026Pro\u011framda De\u011fi\u015fikli\u011fe Gidildi\u2026 - AvrupaPress\",\"isPartOf\":{\"@id\":\"https:\/\/avrupapress.com\/#website\"},\"primaryImageOfPage\":{\"@id\":\"https:\/\/avrupapress.com\/2017\/12\/10\/akcayda-duzenlenecek-emirdag-gecesine-yogun-talep-olduilk-otel-dolduprogramda-degisiklige-gidildi\/#primaryimage\"},\"image\":{\"@id\":\"https:\/\/avrupapress.com\/2017\/12\/10\/akcayda-duzenlenecek-emirdag-gecesine-yogun-talep-olduilk-otel-dolduprogramda-degisiklige-gidildi\/#primaryimage\"},\"thumbnailUrl\":\"https:\/\/avrupapress.com\/main\/wp-content\/uploads\/2017\/12\/akcayda-duezenlenecek-emirdag-gecesine-yogun-talep-olduilk-otel-dolduprogramda-degisiklige-gidildi-5954.jpg\",\"datePublished\":\"2017-12-10T21:18:16+00:00\",\"breadcrumb\":{\"@id\":\"https:\/\/avrupapress.com\/2017\/12\/10\/akcayda-duzenlenecek-emirdag-gecesine-yogun-talep-olduilk-otel-dolduprogramda-degisiklige-gidildi\/#breadcrumb\"},\"inLanguage\":\"fr-BE\",\"potentialAction\":[{\"@type\":\"ReadAction\",\"target\":[\"https:\/\/avrupapress.com\/2017\/12\/10\/akcayda-duzenlenecek-emirdag-gecesine-yogun-talep-olduilk-otel-dolduprogramda-degisiklige-gidildi\/\"]}]},{\"@type\":\"ImageObject\",\"inLanguage\":\"fr-BE\",\"@id\":\"https:\/\/avrupapress.com\/2017\/12\/10\/akcayda-duzenlenecek-emirdag-gecesine-yogun-talep-olduilk-otel-dolduprogramda-degisiklige-gidildi\/#primaryimage\",\"url\":\"https:\/\/avrupapress.com\/main\/wp-content\/uploads\/2017\/12\/akcayda-duezenlenecek-emirdag-gecesine-yogun-talep-olduilk-otel-dolduprogramda-degisiklige-gidildi-5954.jpg\",\"contentUrl\":\"https:\/\/avrupapress.com\/main\/wp-content\/uploads\/2017\/12\/akcayda-duezenlenecek-emirdag-gecesine-yogun-talep-olduilk-otel-dolduprogramda-degisiklige-gidildi-5954.jpg\",\"width\":640,\"height\":427},{\"@type\":\"BreadcrumbList\",\"@id\":\"https:\/\/avrupapress.com\/2017\/12\/10\/akcayda-duzenlenecek-emirdag-gecesine-yogun-talep-olduilk-otel-dolduprogramda-degisiklige-gidildi\/#breadcrumb\",\"itemListElement\":[{\"@type\":\"ListItem\",\"position\":1,\"name\":\"Anasayfa\",\"item\":\"https:\/\/avrupapress.com\/\"},{\"@type\":\"ListItem\",\"position\":2,\"name\":\"AK\u00c7AY\u2019da D\u00fczenlenecek EM\u0130RDA\u011e GECES\u0130\u2019ne Yo\u011fun Talep Oldu\u2026\u0130lk Otel Doldu\u2026Pro\u011framda De\u011fi\u015fikli\u011fe Gidildi\u2026\"}]},{\"@type\":\"WebSite\",\"@id\":\"https:\/\/avrupapress.com\/#website\",\"url\":\"https:\/\/avrupapress.com\/\",\"name\":\"AvrupaPress\",\"description\":\"Haberin Adresi\",\"publisher\":{\"@id\":\"https:\/\/avrupapress.com\/#\/schema\/person\/0223dca19c72c43575bf30d1a2d8f4fa\"},\"potentialAction\":[{\"@type\":\"SearchAction\",\"target\":{\"@type\":\"EntryPoint\",\"urlTemplate\":\"https:\/\/avrupapress.com\/?s={search_term_string}\"},\"query-input\":{\"@type\":\"PropertyValueSpecification\",\"valueRequired\":true,\"valueName\":\"search_term_string\"}}],\"inLanguage\":\"fr-BE\"},{\"@type\":[\"Person\",\"Organization\"],\"@id\":\"https:\/\/avrupapress.com\/#\/schema\/person\/0223dca19c72c43575bf30d1a2d8f4fa\",\"name\":\"Bilgin \u00d6z\u00e7ift\u00e7i\",\"image\":{\"@type\":\"ImageObject\",\"inLanguage\":\"fr-BE\",\"@id\":\"https:\/\/avrupapress.com\/#\/schema\/person\/image\/\",\"url\":\"https:\/\/secure.gravatar.com\/avatar\/0f23b280433a21e1ea7a0adcc46ed0ad16afe3ad8e630fd13d8a017dcbd54ef3?s=96&d=mm&r=g\",\"contentUrl\":\"https:\/\/secure.gravatar.com\/avatar\/0f23b280433a21e1ea7a0adcc46ed0ad16afe3ad8e630fd13d8a017dcbd54ef3?s=96&d=mm&r=g\",\"caption\":\"Bilgin \u00d6z\u00e7ift\u00e7i\"},\"logo\":{\"@id\":\"https:\/\/avrupapress.com\/#\/schema\/person\/image\/\"},\"description\":\"Ne ben, nede sen... Biz ancak \\\"biz\\\" olursak g\u00fc\u00e7l\u00fc olabiliriz\"},{\"@type\":\"Person\",\"@id\":\"https:\/\/avrupapress.com\/#\/schema\/person\/68428444ec60970d1e1b700cf4ca1e8f\",\"name\":\"Edit\u00f6r\",\"image\":{\"@type\":\"ImageObject\",\"inLanguage\":\"fr-BE\",\"@id\":\"https:\/\/avrupapress.com\/#\/schema\/person\/image\/\",\"url\":\"https:\/\/secure.gravatar.com\/avatar\/74996b0977aa5f1559ba9883776652508b229005c0d78fb2597897f0bd651c09?s=96&d=mm&r=g\",\"contentUrl\":\"https:\/\/secure.gravatar.com\/avatar\/74996b0977aa5f1559ba9883776652508b229005c0d78fb2597897f0bd651c09?s=96&d=mm&r=g\",\"caption\":\"Edit\u00f6r\"},\"sameAs\":[\"http:\/\/www.avrupapress.com\"],\"url\":\"https:\/\/avrupapress.com\/main\/author\/editor\/\"}]}<\/script>\n<!-- \/ Yoast SEO plugin. -->","yoast_head_json":{"title":"AK\u00c7AY\u2019da D\u00fczenlenecek EM\u0130RDA\u011e GECES\u0130\u2019ne Yo\u011fun Talep Oldu\u2026\u0130lk Otel Doldu\u2026Pro\u011framda De\u011fi\u015fikli\u011fe Gidildi\u2026 - AvrupaPress","robots":{"index":"index","follow":"follow","max-snippet":"max-snippet:-1","max-image-preview":"max-image-preview:large","max-video-preview":"max-video-preview:-1"},"canonical":"https:\/\/avrupapress.com\/2017\/12\/10\/akcayda-duzenlenecek-emirdag-gecesine-yogun-talep-olduilk-otel-dolduprogramda-degisiklige-gidildi\/","og_locale":"fr_FR","og_type":"article","og_title":"AK\u00c7AY\u2019da D\u00fczenlenecek EM\u0130RDA\u011e GECES\u0130\u2019ne Yo\u011fun Talep Oldu\u2026\u0130lk Otel Doldu\u2026Pro\u011framda De\u011fi\u015fikli\u011fe Gidildi\u2026 - AvrupaPress","og_description":"T\u00fcrkiye\u2019nin turistik cennet k\u00f6\u015felerinden, oksijeni bol diyarlar\u0131ndan AK\u00c7AY\u2019da d\u00fczenlenecek EM\u0130RDA\u011e\u2019l\u0131lar GECES\u0130NE b\u00fcy\u00fck talep oldu. \u0130lk defa Eski\u015fehir ve di\u011fer yap\u0131lan yerler d\u0131\u015f\u0131nda yap\u0131lacak olan GECEYE b\u00fcy\u00fck yo\u011fun talep ile t\u00fcm rezervasyon yap\u0131lan yerler doldu. Bu geceyi d\u00fczenleyen Nusret \u00d6zkan ve Mustafa Tahir Ereno\u011flu, bu geceye daha \u00e7ok talep olunca, geleceklerin isteklerini k\u0131rmamak i\u00e7in daha b\u00fcy\u00fck [&hellip;]","og_url":"https:\/\/avrupapress.com\/2017\/12\/10\/akcayda-duzenlenecek-emirdag-gecesine-yogun-talep-olduilk-otel-dolduprogramda-degisiklige-gidildi\/","og_site_name":"AvrupaPress","article_published_time":"2017-12-10T21:18:16+00:00","og_image":[{"width":640,"height":427,"url":"https:\/\/avrupapress.com\/wp-content\/uploads\/2017\/12\/akcayda-duezenlenecek-emirdag-gecesine-yogun-talep-olduilk-otel-dolduprogramda-degisiklige-gidildi-5954.jpg","type":"image\/jpeg"}],"author":"Edit\u00f6r","twitter_card":"summary_large_image","twitter_misc":{"\u00c9crit par":"Edit\u00f6r","Dur\u00e9e de lecture est.":"3 minutes"},"schema":{"@context":"https:\/\/schema.org","@graph":[{"@type":"Article","@id":"https:\/\/avrupapress.com\/2017\/12\/10\/akcayda-duzenlenecek-emirdag-gecesine-yogun-talep-olduilk-otel-dolduprogramda-degisiklige-gidildi\/#article","isPartOf":{"@id":"https:\/\/avrupapress.com\/2017\/12\/10\/akcayda-duzenlenecek-emirdag-gecesine-yogun-talep-olduilk-otel-dolduprogramda-degisiklige-gidildi\/"},"author":{"name":"Edit\u00f6r","@id":"https:\/\/avrupapress.com\/#\/schema\/person\/68428444ec60970d1e1b700cf4ca1e8f"},"headline":"AK\u00c7AY\u2019da D\u00fczenlenecek EM\u0130RDA\u011e GECES\u0130\u2019ne Yo\u011fun Talep Oldu\u2026\u0130lk Otel Doldu\u2026Pro\u011framda De\u011fi\u015fikli\u011fe Gidildi\u2026","datePublished":"2017-12-10T21:18:16+00:00","mainEntityOfPage":{"@id":"https:\/\/avrupapress.com\/2017\/12\/10\/akcayda-duzenlenecek-emirdag-gecesine-yogun-talep-olduilk-otel-dolduprogramda-degisiklige-gidildi\/"},"wordCount":613,"commentCount":0,"publisher":{"@id":"https:\/\/avrupapress.com\/#\/schema\/person\/0223dca19c72c43575bf30d1a2d8f4fa"},"image":{"@id":"https:\/\/avrupapress.com\/2017\/12\/10\/akcayda-duzenlenecek-emirdag-gecesine-yogun-talep-olduilk-otel-dolduprogramda-degisiklige-gidildi\/#primaryimage"},"thumbnailUrl":"https:\/\/avrupapress.com\/main\/wp-content\/uploads\/2017\/12\/akcayda-duezenlenecek-emirdag-gecesine-yogun-talep-olduilk-otel-dolduprogramda-degisiklige-gidildi-5954.jpg","keywords":["AK\u00c7AY\u2019da","De\u011fi\u015fikli\u011fe Gidildi\u2026","D\u00fczenlenecek","EM\u0130RDA\u011e GECES\u0130\u2019ne","\u0130lk Otel Dold","Pro\u011framda","Yo\u011fun Talep Oldu"],"articleSection":["Ekonomi","K\u00fclt\u00fcr-Sanat","Tan\u0131t\u0131m","T\u00fcrkiye"],"inLanguage":"fr-BE","potentialAction":[{"@type":"CommentAction","name":"Comment","target":["https:\/\/avrupapress.com\/2017\/12\/10\/akcayda-duzenlenecek-emirdag-gecesine-yogun-talep-olduilk-otel-dolduprogramda-degisiklige-gidildi\/#respond"]}]},{"@type":"WebPage","@id":"https:\/\/avrupapress.com\/2017\/12\/10\/akcayda-duzenlenecek-emirdag-gecesine-yogun-talep-olduilk-otel-dolduprogramda-degisiklige-gidildi\/","url":"https:\/\/avrupapress.com\/2017\/12\/10\/akcayda-duzenlenecek-emirdag-gecesine-yogun-talep-olduilk-otel-dolduprogramda-degisiklige-gidildi\/","name":"AK\u00c7AY\u2019da D\u00fczenlenecek EM\u0130RDA\u011e GECES\u0130\u2019ne Yo\u011fun Talep Oldu\u2026\u0130lk Otel Doldu\u2026Pro\u011framda De\u011fi\u015fikli\u011fe Gidildi\u2026 - AvrupaPress","isPartOf":{"@id":"https:\/\/avrupapress.com\/#website"},"primaryImageOfPage":{"@id":"https:\/\/avrupapress.com\/2017\/12\/10\/akcayda-duzenlenecek-emirdag-gecesine-yogun-talep-olduilk-otel-dolduprogramda-degisiklige-gidildi\/#primaryimage"},"image":{"@id":"https:\/\/avrupapress.com\/2017\/12\/10\/akcayda-duzenlenecek-emirdag-gecesine-yogun-talep-olduilk-otel-dolduprogramda-degisiklige-gidildi\/#primaryimage"},"thumbnailUrl":"https:\/\/avrupapress.com\/main\/wp-content\/uploads\/2017\/12\/akcayda-duezenlenecek-emirdag-gecesine-yogun-talep-olduilk-otel-dolduprogramda-degisiklige-gidildi-5954.jpg","datePublished":"2017-12-10T21:18:16+00:00","breadcrumb":{"@id":"https:\/\/avrupapress.com\/2017\/12\/10\/akcayda-duzenlenecek-emirdag-gecesine-yogun-talep-olduilk-otel-dolduprogramda-degisiklige-gidildi\/#breadcrumb"},"inLanguage":"fr-BE","potentialAction":[{"@type":"ReadAction","target":["https:\/\/avrupapress.com\/2017\/12\/10\/akcayda-duzenlenecek-emirdag-gecesine-yogun-talep-olduilk-otel-dolduprogramda-degisiklige-gidildi\/"]}]},{"@type":"ImageObject","inLanguage":"fr-BE","@id":"https:\/\/avrupapress.com\/2017\/12\/10\/akcayda-duzenlenecek-emirdag-gecesine-yogun-talep-olduilk-otel-dolduprogramda-degisiklige-gidildi\/#primaryimage","url":"https:\/\/avrupapress.com\/main\/wp-content\/uploads\/2017\/12\/akcayda-duezenlenecek-emirdag-gecesine-yogun-talep-olduilk-otel-dolduprogramda-degisiklige-gidildi-5954.jpg","contentUrl":"https:\/\/avrupapress.com\/main\/wp-content\/uploads\/2017\/12\/akcayda-duezenlenecek-emirdag-gecesine-yogun-talep-olduilk-otel-dolduprogramda-degisiklige-gidildi-5954.jpg","width":640,"height":427},{"@type":"BreadcrumbList","@id":"https:\/\/avrupapress.com\/2017\/12\/10\/akcayda-duzenlenecek-emirdag-gecesine-yogun-talep-olduilk-otel-dolduprogramda-degisiklige-gidildi\/#breadcrumb","itemListElement":[{"@type":"ListItem","position":1,"name":"Anasayfa","item":"https:\/\/avrupapress.com\/"},{"@type":"ListItem","position":2,"name":"AK\u00c7AY\u2019da D\u00fczenlenecek EM\u0130RDA\u011e GECES\u0130\u2019ne Yo\u011fun Talep Oldu\u2026\u0130lk Otel Doldu\u2026Pro\u011framda De\u011fi\u015fikli\u011fe Gidildi\u2026"}]},{"@type":"WebSite","@id":"https:\/\/avrupapress.com\/#website","url":"https:\/\/avrupapress.com\/","name":"AvrupaPress","description":"Haberin Adresi","publisher":{"@id":"https:\/\/avrupapress.com\/#\/schema\/person\/0223dca19c72c43575bf30d1a2d8f4fa"},"potentialAction":[{"@type":"SearchAction","target":{"@type":"EntryPoint","urlTemplate":"https:\/\/avrupapress.com\/?s={search_term_string}"},"query-input":{"@type":"PropertyValueSpecification","valueRequired":true,"valueName":"search_term_string"}}],"inLanguage":"fr-BE"},{"@type":["Person","Organization"],"@id":"https:\/\/avrupapress.com\/#\/schema\/person\/0223dca19c72c43575bf30d1a2d8f4fa","name":"Bilgin \u00d6z\u00e7ift\u00e7i","image":{"@type":"ImageObject","inLanguage":"fr-BE","@id":"https:\/\/avrupapress.com\/#\/schema\/person\/image\/","url":"https:\/\/secure.gravatar.com\/avatar\/0f23b280433a21e1ea7a0adcc46ed0ad16afe3ad8e630fd13d8a017dcbd54ef3?s=96&d=mm&r=g","contentUrl":"https:\/\/secure.gravatar.com\/avatar\/0f23b280433a21e1ea7a0adcc46ed0ad16afe3ad8e630fd13d8a017dcbd54ef3?s=96&d=mm&r=g","caption":"Bilgin \u00d6z\u00e7ift\u00e7i"},"logo":{"@id":"https:\/\/avrupapress.com\/#\/schema\/person\/image\/"},"description":"Ne ben, nede sen... Biz ancak \"biz\" olursak g\u00fc\u00e7l\u00fc olabiliriz"},{"@type":"Person","@id":"https:\/\/avrupapress.com\/#\/schema\/person\/68428444ec60970d1e1b700cf4ca1e8f","name":"Edit\u00f6r","image":{"@type":"ImageObject","inLanguage":"fr-BE","@id":"https:\/\/avrupapress.com\/#\/schema\/person\/image\/","url":"https:\/\/secure.gravatar.com\/avatar\/74996b0977aa5f1559ba9883776652508b229005c0d78fb2597897f0bd651c09?s=96&d=mm&r=g","contentUrl":"https:\/\/secure.gravatar.com\/avatar\/74996b0977aa5f1559ba9883776652508b229005c0d78fb2597897f0bd651c09?s=96&d=mm&r=g","caption":"Edit\u00f6r"},"sameAs":["http:\/\/www.avrupapress.com"],"url":"https:\/\/avrupapress.com\/main\/author\/editor\/"}]}},"_links":{"self":[{"href":"https:\/\/avrupapress.com\/main\/wp-json\/wp\/v2\/posts\/2718","targetHints":{"allow":["GET"]}}],"collection":[{"href":"https:\/\/avrupapress.com\/main\/wp-json\/wp\/v2\/posts"}],"about":[{"href":"https:\/\/avrupapress.com\/main\/wp-json\/wp\/v2\/types\/post"}],"author":[{"embeddable":true,"href":"https:\/\/avrupapress.com\/main\/wp-json\/wp\/v2\/users\/3"}],"replies":[{"embeddable":true,"href":"https:\/\/avrupapress.com\/main\/wp-json\/wp\/v2\/comments?post=2718"}],"version-history":[{"count":1,"href":"https:\/\/avrupapress.com\/main\/wp-json\/wp\/v2\/posts\/2718\/revisions"}],"predecessor-version":[{"id":2720,"href":"https:\/\/avrupapress.com\/main\/wp-json\/wp\/v2\/posts\/2718\/revisions\/2720"}],"wp:featuredmedia":[{"embeddable":true,"href":"https:\/\/avrupapress.com\/main\/wp-json\/wp\/v2\/media\/2719"}],"wp:attachment":[{"href":"https:\/\/avrupapress.com\/main\/wp-json\/wp\/v2\/media?parent=2718"}],"wp:term":[{"taxonomy":"category","embeddable":true,"href":"https:\/\/avrupapress.com\/main\/wp-json\/wp\/v2\/categories?post=2718"},{"taxonomy":"post_tag","embeddable":true,"href":"https:\/\/avrupapress.com\/main\/wp-json\/wp\/v2\/tags?post=2718"}],"curies":[{"name":"wp","href":"https:\/\/api.w.org\/{rel}","templated":true}]}}