{"id":26884,"date":"2024-10-03T20:45:28","date_gmt":"2024-10-03T20:45:28","guid":{"rendered":"https:\/\/avrupapress.com\/main\/?p=26884"},"modified":"2024-10-10T23:21:58","modified_gmt":"2024-10-10T23:21:58","slug":"karamanda-cileli-anne-kizina-kavusmak-icin-mucadele-ediyor","status":"publish","type":"post","link":"https:\/\/avrupapress.com\/main\/2024\/10\/03\/karamanda-cileli-anne-kizina-kavusmak-icin-mucadele-ediyor\/","title":{"rendered":"Karaman&rsquo;da \u00c7ileli Anne, K\u0131z\u0131na Kavu\u015fmak \u0130\u00e7in M\u00fccadele Ediyor"},"content":{"rendered":"<p>Zehra Ceylan k\u0131z\u0131n\u0131 yeniden kazanmak i\u00e7in umut dolu \u00e7abas\u0131n\u0131 Karamandan.com\u2019a anlatt\u0131.<\/p>\n<div style=\"overflow: auto; position: absolute; height: 0pt; width: 0pt;\">\n<a href=\"https:\/\/www.gaziantepgazetesi.com\/\" title=\"Beykent Escort\">Beykent Escort<\/a>\n<\/div>\n<p>Karaman&rsquo;da ya\u015fayan Zehra Ceylan (49), maddi zorluklar nedeniyle 4 ya\u015f\u0131ndaki k\u0131z\u0131n\u0131 Sevgi Evi\u2019ne vermek zorunda kalm\u0131\u015ft\u0131. Ancak Ceylan, k\u0131z\u0131n\u0131 geri almak i\u00e7in y\u0131llard\u0131r s\u00fcren m\u00fccadelesini s\u00fcrd\u00fcr\u00fcyor. Ya\u015fam\u0131 boyunca bir\u00e7ok zorlukla kar\u015f\u0131la\u015fan Ceylan, k\u0131z\u0131na kavu\u015fabilmek i\u00e7in t\u00fcm yasal yollar\u0131 deniyor.<\/p>\n<p>Hen\u00fcz 8 ya\u015f\u0131ndayken annesini kaybeden Zehra Ceylan, \u00fcvey annesi taraf\u0131ndan b\u00fcy\u00fct\u00fcld\u00fc. \u0130lk evlili\u011finden iki \u00e7ocuk sahibi olan Ceylan, e\u015finin alkol ba\u011f\u0131ml\u0131l\u0131\u011f\u0131 ve \u015fiddeti nedeniyle evlili\u011fini bitirmek zorunda kald\u0131. \u00c7ocuklar\u0131n\u0131 babalar\u0131na b\u0131rakmak zorunda kalan Ceylan, bu s\u00fcre\u00e7te ikinci evlili\u011fini yapt\u0131 ve bu evlilikten bir k\u0131z\u0131 d\u00fcnyaya geldi. Ancak ikinci e\u015fi de a\u011f\u0131r bir hastal\u0131k ge\u00e7irip yata\u011fa ba\u011f\u0131ml\u0131 hale gelince, Zehra Ceylan bu sefer de k\u0131z\u0131n\u0131 kaybetme tehlikesiyle kar\u015f\u0131la\u015ft\u0131.<\/p>\n<p>Aslen Bursal\u0131 olan Ceylan, ikinci evlili\u011finden olan k\u00fc\u00e7\u00fck k\u0131z\u0131 H.K.\u2019y\u0131, maddi imkans\u0131zl\u0131klar ve e\u015finin sa\u011fl\u0131k sorunlar\u0131 nedeniyle Adana\u2019da bulunan Sevgi Evi\u2019ne yerle\u015ftirdi. Haftal\u0131k olarak k\u0131z\u0131n\u0131 ziyaret eden anne, bir s\u00fcre sonra k\u0131z\u0131n\u0131 geri ald\u0131. Ancak sorunlar bitmeyince, k\u0131z\u0131n\u0131 tekrar Sevgi Evi\u2019ne vermek zorunda kald\u0131. Bu kez i\u015fler bekledi\u011fi gibi gitmedi ve k\u00fc\u00e7\u00fck H.K. koruyucu bir aileye verildi. O g\u00fcnden sonra anne ve k\u0131z\u0131 bir daha g\u00f6r\u00fc\u015femediler.<\/p>\n<p><strong>Dilek\u00e7e Reddedildi<\/strong><\/p>\n<p>Zehra Ceylan, Karaman\u2019a yerle\u015ferek \u00fc\u00e7\u00fcnc\u00fc evlili\u011fini Ahmet Ceylan ile yapt\u0131. Bu s\u00fcre\u00e7te k\u0131z\u0131na kavu\u015fma \u00e7abalar\u0131ndan vazge\u00e7meyen Ceylan, bir\u00e7ok kez Sevgi Evi\u2019ne gitse de eli bo\u015f d\u00f6nd\u00fc. Maddi durumu d\u00fczelen aile, k\u0131zlar\u0131n\u0131 geri almak i\u00e7in Adana Aile ve Sosyal Hizmetler \u0130l M\u00fcd\u00fcrl\u00fc\u011f\u00fc&rsquo;ne dilek\u00e7e yazd\u0131 ancak olumsuz bir yan\u0131t ald\u0131. \u015eans\u0131n\u0131 Karaman Aile ve Sosyal Hizmetler \u0130l M\u00fcd\u00fcrl\u00fc\u011f\u00fc&rsquo;nde deneyen Ceylan, bu kez \u201cileti\u015fim kopuklu\u011fu\u201d gerek\u00e7esiyle taleplerinin reddedildi\u011fini \u00f6\u011frendi.<\/p>\n<p><strong>Anne Zehra Ceylan\u2019\u0131n Feryad\u0131: \u201c\u0130leti\u015fim Kopuklu\u011fu Yok!\u201d<\/strong><\/p>\n<p>Zehra Ceylan, karar\u0131n do\u011fru olmad\u0131\u011f\u0131n\u0131 belirterek \u015fu ifadeleri kulland\u0131: \u00ab\u00a0Ben k\u0131z\u0131mla ileti\u015fimi asla koparmad\u0131m. Defalarca gidip k\u0131z\u0131m\u0131 g\u00f6rmek istedi\u011fimi s\u00f6yledim ama i\u00e7eri al\u0131nmad\u0131m. Bir kez pencereden bakay\u0131m dedim, onu bile kabul etmediler. Dilek\u00e7em, k\u0131z\u0131m\u0131 hi\u00e7 g\u00f6rmeye gitmedi\u011fim gerek\u00e7esiyle reddedildi. Bu do\u011fru de\u011fil, defalarca gitmeme ra\u011fmen beni hep geri \u00e7evirdiler.\u201d<\/p>\n<p><strong>Ahmet Ceylan: \u00ab\u00a0E\u015fim \u0130\u00e7in Her Yolu Deneyece\u011fim\u00a0\u00bb<\/strong><\/p>\n<p>Ahmet Ceylan ise, e\u015finin ya\u015fad\u0131\u011f\u0131 zorluklar\u0131n kendisini derinden etkiledi\u011fini belirterek \u015fu a\u00e7\u0131klamay\u0131 yapt\u0131: \u00ab\u00a0Zehra Han\u0131m\u2019\u0131n ge\u00e7mi\u015fte ya\u015fad\u0131\u011f\u0131 ac\u0131lar\u0131 unutturmak i\u00e7in elimden geleni yap\u0131yorum. Ancak geceleri onun bu ac\u0131larla nas\u0131l ba\u015fa \u00e7\u0131kt\u0131\u011f\u0131n\u0131 fark ediyorum. Amac\u0131m\u0131z, ikinci e\u015finden olan k\u0131z\u0131n\u0131 geri almak. Maddi s\u0131k\u0131nt\u0131m\u0131z yok, d\u00f6rt \u00e7ocu\u011fumu \u00fcniversiteden mezun ettim. Zehra Han\u0131m\u2019dan olan \u00e7ocu\u011fumu da en iyi \u015fekilde yeti\u015ftirebilirim. Gerekirse insan haklar\u0131 \u00f6rg\u00fctlerine ba\u015fvuraca\u011f\u0131m, devletimizin bu duruma \u00e7\u00f6z\u00fcm bulaca\u011f\u0131na inan\u0131yorum.\u201d<\/p>\n<p><strong>Tek \u0130stekleri K\u0131zlar\u0131na Kavu\u015fmak<\/strong><\/p>\n<p>Zehra ve Ahmet Ceylan \u00e7ifti, k\u0131zlar\u0131na kavu\u015fabilmek i\u00e7in her t\u00fcrl\u00fc yasal yola ba\u015fvurdu. \u00dc\u00e7 y\u0131ld\u0131r k\u0131zlar\u0131n\u0131 g\u00f6rmeyen \u00e7aresiz \u00e7ift, k\u00fc\u00e7\u00fck H.K.&rsquo;y\u0131 tekrar yanlar\u0131na alabilmek i\u00e7in umutla bekliyor.<\/p>\n<p><img loading=\"lazy\" decoding=\"async\" class=\"alignnone size-medium wp-image-26885\" src=\"https:\/\/avrupapress.com\/main\/wp-content\/uploads\/2024\/10\/thumbnail_Screenshot_20241003_135351_Microsoft-365-Office-300x132.jpg\" alt=\"\" width=\"300\" height=\"132\" srcset=\"https:\/\/avrupapress.com\/main\/wp-content\/uploads\/2024\/10\/thumbnail_Screenshot_20241003_135351_Microsoft-365-Office-300x132.jpg 300w, https:\/\/avrupapress.com\/main\/wp-content\/uploads\/2024\/10\/thumbnail_Screenshot_20241003_135351_Microsoft-365-Office-1024x450.jpg 1024w, https:\/\/avrupapress.com\/main\/wp-content\/uploads\/2024\/10\/thumbnail_Screenshot_20241003_135351_Microsoft-365-Office-768x338.jpg 768w, https:\/\/avrupapress.com\/main\/wp-content\/uploads\/2024\/10\/thumbnail_Screenshot_20241003_135351_Microsoft-365-Office.jpg 1080w\" sizes=\"auto, (max-width: 300px) 100vw, 300px\" \/><\/p>\n<p><img loading=\"lazy\" decoding=\"async\" class=\"alignnone size-medium wp-image-26886\" src=\"https:\/\/avrupapress.com\/main\/wp-content\/uploads\/2024\/10\/thumbnail_Screenshot_20241003_135422_Microsoft-365-Office-300x182.jpg\" alt=\"\" width=\"300\" height=\"182\" srcset=\"https:\/\/avrupapress.com\/main\/wp-content\/uploads\/2024\/10\/thumbnail_Screenshot_20241003_135422_Microsoft-365-Office-300x182.jpg 300w, https:\/\/avrupapress.com\/main\/wp-content\/uploads\/2024\/10\/thumbnail_Screenshot_20241003_135422_Microsoft-365-Office-768x467.jpg 768w, https:\/\/avrupapress.com\/main\/wp-content\/uploads\/2024\/10\/thumbnail_Screenshot_20241003_135422_Microsoft-365-Office.jpg 771w\" sizes=\"auto, (max-width: 300px) 100vw, 300px\" \/><\/p>\n<p><img loading=\"lazy\" decoding=\"async\" class=\"alignnone size-medium wp-image-26887\" src=\"https:\/\/avrupapress.com\/main\/wp-content\/uploads\/2024\/10\/thumbnail_Screenshot_20241003_135413_Microsoft-365-Office-300x180.jpg\" alt=\"\" width=\"300\" height=\"180\" srcset=\"https:\/\/avrupapress.com\/main\/wp-content\/uploads\/2024\/10\/thumbnail_Screenshot_20241003_135413_Microsoft-365-Office-300x180.jpg 300w, https:\/\/avrupapress.com\/main\/wp-content\/uploads\/2024\/10\/thumbnail_Screenshot_20241003_135413_Microsoft-365-Office-768x461.jpg 768w, https:\/\/avrupapress.com\/main\/wp-content\/uploads\/2024\/10\/thumbnail_Screenshot_20241003_135413_Microsoft-365-Office.jpg 807w\" sizes=\"auto, (max-width: 300px) 100vw, 300px\" \/><\/p>\n","protected":false},"excerpt":{"rendered":"<p>Zehra Ceylan k\u0131z\u0131n\u0131 yeniden kazanmak i\u00e7in umut dolu \u00e7abas\u0131n\u0131 Karamandan.com\u2019a anlatt\u0131. Beykent Escort Karaman&rsquo;da ya\u015fayan Zehra Ceylan (49), maddi zorluklar nedeniyle 4 ya\u015f\u0131ndaki k\u0131z\u0131n\u0131 Sevgi Evi\u2019ne vermek zorunda kalm\u0131\u015ft\u0131. Ancak Ceylan, k\u0131z\u0131n\u0131 geri almak i\u00e7in y\u0131llard\u0131r s\u00fcren m\u00fccadelesini s\u00fcrd\u00fcr\u00fcyor. Ya\u015fam\u0131 boyunca bir\u00e7ok zorlukla kar\u015f\u0131la\u015fan Ceylan, k\u0131z\u0131na kavu\u015fabilmek i\u00e7in t\u00fcm yasal yollar\u0131 deniyor. Hen\u00fcz 8 ya\u015f\u0131ndayken [&hellip;]<\/p>\n","protected":false},"author":3,"featured_media":26885,"comment_status":"closed","ping_status":"open","sticky":false,"template":"","format":"standard","meta":{"footnotes":""},"categories":[14,16,3,17,18,15,19,2,1],"tags":[],"class_list":["post-26884","post","type-post","status-publish","format-standard","has-post-thumbnail","hentry","category-avrupa","category-belcika","category-dunya","category-ekonomi","category-kultur-sanat","category-spor","category-tanitim","category-turkiye","category-uncategorized"],"yoast_head":"<!-- This site is optimized with the Yoast SEO plugin v26.9 - https:\/\/yoast.com\/product\/yoast-seo-wordpress\/ -->\n<title>Karaman&#039;da \u00c7ileli Anne, K\u0131z\u0131na Kavu\u015fmak \u0130\u00e7in M\u00fccadele Ediyor - AvrupaPress<\/title>\n<meta name=\"robots\" content=\"index, follow, max-snippet:-1, max-image-preview:large, max-video-preview:-1\" \/>\n<link rel=\"canonical\" href=\"https:\/\/avrupapress.com\/main\/2024\/10\/03\/karamanda-cileli-anne-kizina-kavusmak-icin-mucadele-ediyor\/\" \/>\n<meta property=\"og:locale\" content=\"fr_FR\" \/>\n<meta property=\"og:type\" content=\"article\" \/>\n<meta property=\"og:title\" content=\"Karaman&#039;da \u00c7ileli Anne, K\u0131z\u0131na Kavu\u015fmak \u0130\u00e7in M\u00fccadele Ediyor - AvrupaPress\" \/>\n<meta property=\"og:description\" content=\"Zehra Ceylan k\u0131z\u0131n\u0131 yeniden kazanmak i\u00e7in umut dolu \u00e7abas\u0131n\u0131 Karamandan.com\u2019a anlatt\u0131. Beykent Escort Karaman&rsquo;da ya\u015fayan Zehra Ceylan (49), maddi zorluklar nedeniyle 4 ya\u015f\u0131ndaki k\u0131z\u0131n\u0131 Sevgi Evi\u2019ne vermek zorunda kalm\u0131\u015ft\u0131. Ancak Ceylan, k\u0131z\u0131n\u0131 geri almak i\u00e7in y\u0131llard\u0131r s\u00fcren m\u00fccadelesini s\u00fcrd\u00fcr\u00fcyor. Ya\u015fam\u0131 boyunca bir\u00e7ok zorlukla kar\u015f\u0131la\u015fan Ceylan, k\u0131z\u0131na kavu\u015fabilmek i\u00e7in t\u00fcm yasal yollar\u0131 deniyor. Hen\u00fcz 8 ya\u015f\u0131ndayken [&hellip;]\" \/>\n<meta property=\"og:url\" content=\"https:\/\/avrupapress.com\/main\/2024\/10\/03\/karamanda-cileli-anne-kizina-kavusmak-icin-mucadele-ediyor\/\" \/>\n<meta property=\"og:site_name\" content=\"AvrupaPress\" \/>\n<meta property=\"article:published_time\" content=\"2024-10-03T20:45:28+00:00\" \/>\n<meta property=\"article:modified_time\" content=\"2024-10-10T23:21:58+00:00\" \/>\n<meta property=\"og:image\" content=\"https:\/\/avrupapress.com\/main\/wp-content\/uploads\/2024\/10\/thumbnail_Screenshot_20241003_135351_Microsoft-365-Office.jpg\" \/>\n\t<meta property=\"og:image:width\" content=\"1080\" \/>\n\t<meta property=\"og:image:height\" content=\"475\" \/>\n\t<meta property=\"og:image:type\" content=\"image\/jpeg\" \/>\n<meta name=\"author\" content=\"Edit\u00f6r\" \/>\n<meta name=\"twitter:card\" content=\"summary_large_image\" \/>\n<meta name=\"twitter:label1\" content=\"\u00c9crit par\" \/>\n\t<meta name=\"twitter:data1\" content=\"Edit\u00f6r\" \/>\n\t<meta name=\"twitter:label2\" content=\"Dur\u00e9e de lecture est.\" \/>\n\t<meta name=\"twitter:data2\" content=\"3 minutes\" \/>\n<script type=\"application\/ld+json\" class=\"yoast-schema-graph\">{\"@context\":\"https:\/\/schema.org\",\"@graph\":[{\"@type\":\"Article\",\"@id\":\"https:\/\/avrupapress.com\/main\/2024\/10\/03\/karamanda-cileli-anne-kizina-kavusmak-icin-mucadele-ediyor\/#article\",\"isPartOf\":{\"@id\":\"https:\/\/avrupapress.com\/main\/2024\/10\/03\/karamanda-cileli-anne-kizina-kavusmak-icin-mucadele-ediyor\/\"},\"author\":{\"name\":\"Edit\u00f6r\",\"@id\":\"https:\/\/avrupapress.com\/#\/schema\/person\/68428444ec60970d1e1b700cf4ca1e8f\"},\"headline\":\"Karaman&rsquo;da \u00c7ileli Anne, K\u0131z\u0131na Kavu\u015fmak \u0130\u00e7in M\u00fccadele Ediyor\",\"datePublished\":\"2024-10-03T20:45:28+00:00\",\"dateModified\":\"2024-10-10T23:21:58+00:00\",\"mainEntityOfPage\":{\"@id\":\"https:\/\/avrupapress.com\/main\/2024\/10\/03\/karamanda-cileli-anne-kizina-kavusmak-icin-mucadele-ediyor\/\"},\"wordCount\":631,\"publisher\":{\"@id\":\"https:\/\/avrupapress.com\/#\/schema\/person\/0223dca19c72c43575bf30d1a2d8f4fa\"},\"image\":{\"@id\":\"https:\/\/avrupapress.com\/main\/2024\/10\/03\/karamanda-cileli-anne-kizina-kavusmak-icin-mucadele-ediyor\/#primaryimage\"},\"thumbnailUrl\":\"https:\/\/avrupapress.com\/main\/wp-content\/uploads\/2024\/10\/thumbnail_Screenshot_20241003_135351_Microsoft-365-Office.jpg\",\"articleSection\":[\"Avrupa\",\"Bel\u00e7ika\",\"D\u00fcnya\",\"Ekonomi\",\"K\u00fclt\u00fcr-Sanat\",\"Spor\",\"Tan\u0131t\u0131m\",\"T\u00fcrkiye\",\"Uncategorized\"],\"inLanguage\":\"fr-BE\"},{\"@type\":\"WebPage\",\"@id\":\"https:\/\/avrupapress.com\/main\/2024\/10\/03\/karamanda-cileli-anne-kizina-kavusmak-icin-mucadele-ediyor\/\",\"url\":\"https:\/\/avrupapress.com\/main\/2024\/10\/03\/karamanda-cileli-anne-kizina-kavusmak-icin-mucadele-ediyor\/\",\"name\":\"Karaman'da \u00c7ileli Anne, K\u0131z\u0131na Kavu\u015fmak \u0130\u00e7in M\u00fccadele Ediyor - AvrupaPress\",\"isPartOf\":{\"@id\":\"https:\/\/avrupapress.com\/#website\"},\"primaryImageOfPage\":{\"@id\":\"https:\/\/avrupapress.com\/main\/2024\/10\/03\/karamanda-cileli-anne-kizina-kavusmak-icin-mucadele-ediyor\/#primaryimage\"},\"image\":{\"@id\":\"https:\/\/avrupapress.com\/main\/2024\/10\/03\/karamanda-cileli-anne-kizina-kavusmak-icin-mucadele-ediyor\/#primaryimage\"},\"thumbnailUrl\":\"https:\/\/avrupapress.com\/main\/wp-content\/uploads\/2024\/10\/thumbnail_Screenshot_20241003_135351_Microsoft-365-Office.jpg\",\"datePublished\":\"2024-10-03T20:45:28+00:00\",\"dateModified\":\"2024-10-10T23:21:58+00:00\",\"breadcrumb\":{\"@id\":\"https:\/\/avrupapress.com\/main\/2024\/10\/03\/karamanda-cileli-anne-kizina-kavusmak-icin-mucadele-ediyor\/#breadcrumb\"},\"inLanguage\":\"fr-BE\",\"potentialAction\":[{\"@type\":\"ReadAction\",\"target\":[\"https:\/\/avrupapress.com\/main\/2024\/10\/03\/karamanda-cileli-anne-kizina-kavusmak-icin-mucadele-ediyor\/\"]}]},{\"@type\":\"ImageObject\",\"inLanguage\":\"fr-BE\",\"@id\":\"https:\/\/avrupapress.com\/main\/2024\/10\/03\/karamanda-cileli-anne-kizina-kavusmak-icin-mucadele-ediyor\/#primaryimage\",\"url\":\"https:\/\/avrupapress.com\/main\/wp-content\/uploads\/2024\/10\/thumbnail_Screenshot_20241003_135351_Microsoft-365-Office.jpg\",\"contentUrl\":\"https:\/\/avrupapress.com\/main\/wp-content\/uploads\/2024\/10\/thumbnail_Screenshot_20241003_135351_Microsoft-365-Office.jpg\",\"width\":1080,\"height\":475},{\"@type\":\"BreadcrumbList\",\"@id\":\"https:\/\/avrupapress.com\/main\/2024\/10\/03\/karamanda-cileli-anne-kizina-kavusmak-icin-mucadele-ediyor\/#breadcrumb\",\"itemListElement\":[{\"@type\":\"ListItem\",\"position\":1,\"name\":\"Anasayfa\",\"item\":\"https:\/\/avrupapress.com\/\"},{\"@type\":\"ListItem\",\"position\":2,\"name\":\"Karaman&#8217;da \u00c7ileli Anne, K\u0131z\u0131na Kavu\u015fmak \u0130\u00e7in M\u00fccadele Ediyor\"}]},{\"@type\":\"WebSite\",\"@id\":\"https:\/\/avrupapress.com\/#website\",\"url\":\"https:\/\/avrupapress.com\/\",\"name\":\"AvrupaPress\",\"description\":\"Haberin Adresi\",\"publisher\":{\"@id\":\"https:\/\/avrupapress.com\/#\/schema\/person\/0223dca19c72c43575bf30d1a2d8f4fa\"},\"potentialAction\":[{\"@type\":\"SearchAction\",\"target\":{\"@type\":\"EntryPoint\",\"urlTemplate\":\"https:\/\/avrupapress.com\/?s={search_term_string}\"},\"query-input\":{\"@type\":\"PropertyValueSpecification\",\"valueRequired\":true,\"valueName\":\"search_term_string\"}}],\"inLanguage\":\"fr-BE\"},{\"@type\":[\"Person\",\"Organization\"],\"@id\":\"https:\/\/avrupapress.com\/#\/schema\/person\/0223dca19c72c43575bf30d1a2d8f4fa\",\"name\":\"Bilgin \u00d6z\u00e7ift\u00e7i\",\"image\":{\"@type\":\"ImageObject\",\"inLanguage\":\"fr-BE\",\"@id\":\"https:\/\/avrupapress.com\/#\/schema\/person\/image\/\",\"url\":\"https:\/\/secure.gravatar.com\/avatar\/0f23b280433a21e1ea7a0adcc46ed0ad16afe3ad8e630fd13d8a017dcbd54ef3?s=96&d=mm&r=g\",\"contentUrl\":\"https:\/\/secure.gravatar.com\/avatar\/0f23b280433a21e1ea7a0adcc46ed0ad16afe3ad8e630fd13d8a017dcbd54ef3?s=96&d=mm&r=g\",\"caption\":\"Bilgin \u00d6z\u00e7ift\u00e7i\"},\"logo\":{\"@id\":\"https:\/\/avrupapress.com\/#\/schema\/person\/image\/\"},\"description\":\"Ne ben, nede sen... Biz ancak \\\"biz\\\" olursak g\u00fc\u00e7l\u00fc olabiliriz\"},{\"@type\":\"Person\",\"@id\":\"https:\/\/avrupapress.com\/#\/schema\/person\/68428444ec60970d1e1b700cf4ca1e8f\",\"name\":\"Edit\u00f6r\",\"image\":{\"@type\":\"ImageObject\",\"inLanguage\":\"fr-BE\",\"@id\":\"https:\/\/avrupapress.com\/#\/schema\/person\/image\/\",\"url\":\"https:\/\/secure.gravatar.com\/avatar\/74996b0977aa5f1559ba9883776652508b229005c0d78fb2597897f0bd651c09?s=96&d=mm&r=g\",\"contentUrl\":\"https:\/\/secure.gravatar.com\/avatar\/74996b0977aa5f1559ba9883776652508b229005c0d78fb2597897f0bd651c09?s=96&d=mm&r=g\",\"caption\":\"Edit\u00f6r\"},\"sameAs\":[\"http:\/\/www.avrupapress.com\"],\"url\":\"https:\/\/avrupapress.com\/main\/author\/editor\/\"}]}<\/script>\n<!-- \/ Yoast SEO plugin. -->","yoast_head_json":{"title":"Karaman'da \u00c7ileli Anne, K\u0131z\u0131na Kavu\u015fmak \u0130\u00e7in M\u00fccadele Ediyor - AvrupaPress","robots":{"index":"index","follow":"follow","max-snippet":"max-snippet:-1","max-image-preview":"max-image-preview:large","max-video-preview":"max-video-preview:-1"},"canonical":"https:\/\/avrupapress.com\/main\/2024\/10\/03\/karamanda-cileli-anne-kizina-kavusmak-icin-mucadele-ediyor\/","og_locale":"fr_FR","og_type":"article","og_title":"Karaman'da \u00c7ileli Anne, K\u0131z\u0131na Kavu\u015fmak \u0130\u00e7in M\u00fccadele Ediyor - AvrupaPress","og_description":"Zehra Ceylan k\u0131z\u0131n\u0131 yeniden kazanmak i\u00e7in umut dolu \u00e7abas\u0131n\u0131 Karamandan.com\u2019a anlatt\u0131. Beykent Escort Karaman&rsquo;da ya\u015fayan Zehra Ceylan (49), maddi zorluklar nedeniyle 4 ya\u015f\u0131ndaki k\u0131z\u0131n\u0131 Sevgi Evi\u2019ne vermek zorunda kalm\u0131\u015ft\u0131. Ancak Ceylan, k\u0131z\u0131n\u0131 geri almak i\u00e7in y\u0131llard\u0131r s\u00fcren m\u00fccadelesini s\u00fcrd\u00fcr\u00fcyor. Ya\u015fam\u0131 boyunca bir\u00e7ok zorlukla kar\u015f\u0131la\u015fan Ceylan, k\u0131z\u0131na kavu\u015fabilmek i\u00e7in t\u00fcm yasal yollar\u0131 deniyor. Hen\u00fcz 8 ya\u015f\u0131ndayken [&hellip;]","og_url":"https:\/\/avrupapress.com\/main\/2024\/10\/03\/karamanda-cileli-anne-kizina-kavusmak-icin-mucadele-ediyor\/","og_site_name":"AvrupaPress","article_published_time":"2024-10-03T20:45:28+00:00","article_modified_time":"2024-10-10T23:21:58+00:00","og_image":[{"width":1080,"height":475,"url":"https:\/\/avrupapress.com\/main\/wp-content\/uploads\/2024\/10\/thumbnail_Screenshot_20241003_135351_Microsoft-365-Office.jpg","type":"image\/jpeg"}],"author":"Edit\u00f6r","twitter_card":"summary_large_image","twitter_misc":{"\u00c9crit par":"Edit\u00f6r","Dur\u00e9e de lecture est.":"3 minutes"},"schema":{"@context":"https:\/\/schema.org","@graph":[{"@type":"Article","@id":"https:\/\/avrupapress.com\/main\/2024\/10\/03\/karamanda-cileli-anne-kizina-kavusmak-icin-mucadele-ediyor\/#article","isPartOf":{"@id":"https:\/\/avrupapress.com\/main\/2024\/10\/03\/karamanda-cileli-anne-kizina-kavusmak-icin-mucadele-ediyor\/"},"author":{"name":"Edit\u00f6r","@id":"https:\/\/avrupapress.com\/#\/schema\/person\/68428444ec60970d1e1b700cf4ca1e8f"},"headline":"Karaman&rsquo;da \u00c7ileli Anne, K\u0131z\u0131na Kavu\u015fmak \u0130\u00e7in M\u00fccadele Ediyor","datePublished":"2024-10-03T20:45:28+00:00","dateModified":"2024-10-10T23:21:58+00:00","mainEntityOfPage":{"@id":"https:\/\/avrupapress.com\/main\/2024\/10\/03\/karamanda-cileli-anne-kizina-kavusmak-icin-mucadele-ediyor\/"},"wordCount":631,"publisher":{"@id":"https:\/\/avrupapress.com\/#\/schema\/person\/0223dca19c72c43575bf30d1a2d8f4fa"},"image":{"@id":"https:\/\/avrupapress.com\/main\/2024\/10\/03\/karamanda-cileli-anne-kizina-kavusmak-icin-mucadele-ediyor\/#primaryimage"},"thumbnailUrl":"https:\/\/avrupapress.com\/main\/wp-content\/uploads\/2024\/10\/thumbnail_Screenshot_20241003_135351_Microsoft-365-Office.jpg","articleSection":["Avrupa","Bel\u00e7ika","D\u00fcnya","Ekonomi","K\u00fclt\u00fcr-Sanat","Spor","Tan\u0131t\u0131m","T\u00fcrkiye","Uncategorized"],"inLanguage":"fr-BE"},{"@type":"WebPage","@id":"https:\/\/avrupapress.com\/main\/2024\/10\/03\/karamanda-cileli-anne-kizina-kavusmak-icin-mucadele-ediyor\/","url":"https:\/\/avrupapress.com\/main\/2024\/10\/03\/karamanda-cileli-anne-kizina-kavusmak-icin-mucadele-ediyor\/","name":"Karaman'da \u00c7ileli Anne, K\u0131z\u0131na Kavu\u015fmak \u0130\u00e7in M\u00fccadele Ediyor - AvrupaPress","isPartOf":{"@id":"https:\/\/avrupapress.com\/#website"},"primaryImageOfPage":{"@id":"https:\/\/avrupapress.com\/main\/2024\/10\/03\/karamanda-cileli-anne-kizina-kavusmak-icin-mucadele-ediyor\/#primaryimage"},"image":{"@id":"https:\/\/avrupapress.com\/main\/2024\/10\/03\/karamanda-cileli-anne-kizina-kavusmak-icin-mucadele-ediyor\/#primaryimage"},"thumbnailUrl":"https:\/\/avrupapress.com\/main\/wp-content\/uploads\/2024\/10\/thumbnail_Screenshot_20241003_135351_Microsoft-365-Office.jpg","datePublished":"2024-10-03T20:45:28+00:00","dateModified":"2024-10-10T23:21:58+00:00","breadcrumb":{"@id":"https:\/\/avrupapress.com\/main\/2024\/10\/03\/karamanda-cileli-anne-kizina-kavusmak-icin-mucadele-ediyor\/#breadcrumb"},"inLanguage":"fr-BE","potentialAction":[{"@type":"ReadAction","target":["https:\/\/avrupapress.com\/main\/2024\/10\/03\/karamanda-cileli-anne-kizina-kavusmak-icin-mucadele-ediyor\/"]}]},{"@type":"ImageObject","inLanguage":"fr-BE","@id":"https:\/\/avrupapress.com\/main\/2024\/10\/03\/karamanda-cileli-anne-kizina-kavusmak-icin-mucadele-ediyor\/#primaryimage","url":"https:\/\/avrupapress.com\/main\/wp-content\/uploads\/2024\/10\/thumbnail_Screenshot_20241003_135351_Microsoft-365-Office.jpg","contentUrl":"https:\/\/avrupapress.com\/main\/wp-content\/uploads\/2024\/10\/thumbnail_Screenshot_20241003_135351_Microsoft-365-Office.jpg","width":1080,"height":475},{"@type":"BreadcrumbList","@id":"https:\/\/avrupapress.com\/main\/2024\/10\/03\/karamanda-cileli-anne-kizina-kavusmak-icin-mucadele-ediyor\/#breadcrumb","itemListElement":[{"@type":"ListItem","position":1,"name":"Anasayfa","item":"https:\/\/avrupapress.com\/"},{"@type":"ListItem","position":2,"name":"Karaman&#8217;da \u00c7ileli Anne, K\u0131z\u0131na Kavu\u015fmak \u0130\u00e7in M\u00fccadele Ediyor"}]},{"@type":"WebSite","@id":"https:\/\/avrupapress.com\/#website","url":"https:\/\/avrupapress.com\/","name":"AvrupaPress","description":"Haberin Adresi","publisher":{"@id":"https:\/\/avrupapress.com\/#\/schema\/person\/0223dca19c72c43575bf30d1a2d8f4fa"},"potentialAction":[{"@type":"SearchAction","target":{"@type":"EntryPoint","urlTemplate":"https:\/\/avrupapress.com\/?s={search_term_string}"},"query-input":{"@type":"PropertyValueSpecification","valueRequired":true,"valueName":"search_term_string"}}],"inLanguage":"fr-BE"},{"@type":["Person","Organization"],"@id":"https:\/\/avrupapress.com\/#\/schema\/person\/0223dca19c72c43575bf30d1a2d8f4fa","name":"Bilgin \u00d6z\u00e7ift\u00e7i","image":{"@type":"ImageObject","inLanguage":"fr-BE","@id":"https:\/\/avrupapress.com\/#\/schema\/person\/image\/","url":"https:\/\/secure.gravatar.com\/avatar\/0f23b280433a21e1ea7a0adcc46ed0ad16afe3ad8e630fd13d8a017dcbd54ef3?s=96&d=mm&r=g","contentUrl":"https:\/\/secure.gravatar.com\/avatar\/0f23b280433a21e1ea7a0adcc46ed0ad16afe3ad8e630fd13d8a017dcbd54ef3?s=96&d=mm&r=g","caption":"Bilgin \u00d6z\u00e7ift\u00e7i"},"logo":{"@id":"https:\/\/avrupapress.com\/#\/schema\/person\/image\/"},"description":"Ne ben, nede sen... Biz ancak \"biz\" olursak g\u00fc\u00e7l\u00fc olabiliriz"},{"@type":"Person","@id":"https:\/\/avrupapress.com\/#\/schema\/person\/68428444ec60970d1e1b700cf4ca1e8f","name":"Edit\u00f6r","image":{"@type":"ImageObject","inLanguage":"fr-BE","@id":"https:\/\/avrupapress.com\/#\/schema\/person\/image\/","url":"https:\/\/secure.gravatar.com\/avatar\/74996b0977aa5f1559ba9883776652508b229005c0d78fb2597897f0bd651c09?s=96&d=mm&r=g","contentUrl":"https:\/\/secure.gravatar.com\/avatar\/74996b0977aa5f1559ba9883776652508b229005c0d78fb2597897f0bd651c09?s=96&d=mm&r=g","caption":"Edit\u00f6r"},"sameAs":["http:\/\/www.avrupapress.com"],"url":"https:\/\/avrupapress.com\/main\/author\/editor\/"}]}},"_links":{"self":[{"href":"https:\/\/avrupapress.com\/main\/wp-json\/wp\/v2\/posts\/26884","targetHints":{"allow":["GET"]}}],"collection":[{"href":"https:\/\/avrupapress.com\/main\/wp-json\/wp\/v2\/posts"}],"about":[{"href":"https:\/\/avrupapress.com\/main\/wp-json\/wp\/v2\/types\/post"}],"author":[{"embeddable":true,"href":"https:\/\/avrupapress.com\/main\/wp-json\/wp\/v2\/users\/3"}],"replies":[{"embeddable":true,"href":"https:\/\/avrupapress.com\/main\/wp-json\/wp\/v2\/comments?post=26884"}],"version-history":[{"count":2,"href":"https:\/\/avrupapress.com\/main\/wp-json\/wp\/v2\/posts\/26884\/revisions"}],"predecessor-version":[{"id":26917,"href":"https:\/\/avrupapress.com\/main\/wp-json\/wp\/v2\/posts\/26884\/revisions\/26917"}],"wp:featuredmedia":[{"embeddable":true,"href":"https:\/\/avrupapress.com\/main\/wp-json\/wp\/v2\/media\/26885"}],"wp:attachment":[{"href":"https:\/\/avrupapress.com\/main\/wp-json\/wp\/v2\/media?parent=26884"}],"wp:term":[{"taxonomy":"category","embeddable":true,"href":"https:\/\/avrupapress.com\/main\/wp-json\/wp\/v2\/categories?post=26884"},{"taxonomy":"post_tag","embeddable":true,"href":"https:\/\/avrupapress.com\/main\/wp-json\/wp\/v2\/tags?post=26884"}],"curies":[{"name":"wp","href":"https:\/\/api.w.org\/{rel}","templated":true}]}}