{"id":26875,"date":"2024-10-02T20:04:32","date_gmt":"2024-10-02T20:04:32","guid":{"rendered":"https:\/\/avrupapress.com\/main\/?p=26875"},"modified":"2024-10-02T20:06:25","modified_gmt":"2024-10-02T20:06:25","slug":"26875","status":"publish","type":"post","link":"https:\/\/avrupapress.com\/main\/2024\/10\/02\/26875\/","title":{"rendered":""},"content":{"rendered":"<p>Belcikanin Baskenti Bruksel,in 19 Belediyeden biri olan Bruksel Belediyesinden aday olan Ay\u015fe Malcikan iddali konustu&#8230;.<\/p>\n<div dir=\"auto\">\n<div dir=\"auto\">Ay\u015fe Malcikan, Br\u00fcksel Belediyesinde \u00a04. s\u0131ra aday\u0131m, liste 11 Team Fouad Ahidar.<\/div>\n<div dir=\"auto\">Team Fouad Ahidar ile sizlerin sesi olmak i\u00e7in yola \u00e7\u0131kt\u0131m. T\u00fcrk k\u00f6kenli bir gen\u00e7 olarak Br\u00fcksel&rsquo;de do\u011fdum ve b\u00fcy\u00fcd\u00fcm, bu g\u00fczel \u015fehrin sorunlar\u0131n\u0131 ve ihtiya\u00e7lar\u0131n\u0131 yak\u0131ndan biliyorum.<\/div>\n<div dir=\"auto\">Sizlerin deste\u011fiyle daha g\u00fc\u00e7l\u00fc, daha adil bir Br\u00fcksel i\u00e7in \u00e7al\u0131\u015fmaya haz\u0131r\u0131m. Laeken (1020), Haren (1130), Neder-Over-Heembeek (1120) ve Bruxelles (1000) b\u00f6lgelerinde ya\u015fayan herkesin sesini duyurmay\u0131 hedefliyorum.<\/div>\n<div dir=\"auto\"><\/div>\n<div dir=\"auto\">Ba\u015f\u00f6rt\u00fcs\u00fc, bireyin kimli\u011finin, inanc\u0131n\u0131n bir par\u00e7as\u0131d\u0131r ve bu de\u011fere sayg\u0131 g\u00f6stermek hepimizin sorumlulu\u011fudur. Toplumumuzun t\u00fcm kesimlerinin e\u015fit haklara sahip oldu\u011fu, kimsenin inan\u00e7lar\u0131 ya da ya\u015fam tercihleri sebebiyle ayr\u0131mc\u0131l\u0131\u011fa u\u011framad\u0131\u011f\u0131 bir gelecek hayal ediyorum. Birlikte, sevgi, sayg\u0131 ve ho\u015fg\u00f6r\u00fc i\u00e7erisinde ya\u015fayaca\u011f\u0131m\u0131z, kimsenin \u00f6tekile\u015ftirilmedi\u011fi bir toplumu in\u015fa edebiliriz. Dini de\u011ferlerimizin g\u00fcc\u00fcyle daha adil, huzurlu ve birle\u015ftirici bir yar\u0131n i\u00e7in hep birlikte \u00e7al\u0131\u015fal\u0131m.<\/div>\n<div dir=\"auto\"><\/div>\n<div dir=\"auto\">\u27a1\ufe0fGen\u00e7li\u011fimizin sesi olmak i\u00e7in aday\u0131m, \u00e7\u00fcnk\u00fc onlar toplumumuzun gelece\u011fidir. Gen\u00e7lerimize g\u00fc\u00e7l\u00fc bir destek sunmay\u0131, onlara i\u015f imk\u00e2nlar\u0131 ve daha iyi bir gelecek in\u015fa edebilmeleri i\u00e7in f\u0131rsatlar sa\u011flamay\u0131 taahh\u00fct ediyorum.<\/div>\n<div dir=\"auto\"><\/div>\n<div dir=\"auto\">\u27a1\ufe0f\u0130stihdam i\u00e7in m\u00fccadelem net: Her vatanda\u015f\u0131n ba\u015far\u0131l\u0131 olma ve onurlu, s\u00fcrd\u00fcr\u00fclebilir i\u015flere eri\u015fme f\u0131rsat\u0131na sahip olmas\u0131n\u0131 istiyorum.<\/div>\n<div dir=\"auto\"><\/div>\n<div dir=\"auto\">\u27a1\ufe0fG\u00fcvenlik en \u00f6nemli \u00f6nceli\u011fimizdir. Her birey ve her aile, g\u00fcvenli ve huzurlu bir ortamda ya\u015fama ve geli\u015fme hakk\u0131na sahip olmal\u0131d\u0131r.<\/div>\n<div dir=\"auto\"><\/div>\n<div dir=\"auto\">\u27a1\ufe0fSon olarak, her t\u00fcrl\u00fc ayr\u0131mc\u0131l\u0131\u011fa kar\u015f\u0131 amans\u0131z bir m\u00fccadele verece\u011fim. E\u015fitlik, adalet ve insan onuru, taviz vermeden savunaca\u011f\u0131m temel de\u011ferlerdir \u00e7\u00fcnk\u00fc herkes, k\u00f6keni veya inanc\u0131 ne olursa olsun, sayg\u0131yla muamele g\u00f6rmeyi hak eder.<\/div>\n<div dir=\"auto\"><\/div>\n<div dir=\"auto\">????\ufe0fOylar\u0131n\u0131zla birlikte de\u011fi\u015fimi ba\u015flatal\u0131m!<\/div>\n<p>Ay\u015fe Malcikan Sizin sesiniz, sizin aday\u0131n\u0131z.<\/p>\n<\/div>\n<div><\/div>\n<div><\/div>\n<div><img loading=\"lazy\" decoding=\"async\" class=\"alignnone size-medium wp-image-26876\" src=\"https:\/\/avrupapress.com\/main\/wp-content\/uploads\/2024\/10\/thumbnail_facebook_1727897621865_7247327906979926279-199x300.jpg\" alt=\"\" width=\"199\" height=\"300\" \/><\/div>\n<div><\/div>\n<div><strong>Bilgin Ozcifci\u00a0 \u00a0 \u00a0\/\u00a0 \u00a0 \u00a0AVRUPAPRESS<\/strong><\/div>\n","protected":false},"excerpt":{"rendered":"<p>Belcikanin Baskenti Bruksel,in 19 Belediyeden biri olan Bruksel Belediyesinden aday olan Ay\u015fe Malcikan iddali konustu&#8230;. Ay\u015fe Malcikan, Br\u00fcksel Belediyesinde \u00a04. s\u0131ra aday\u0131m, liste 11 Team Fouad Ahidar. Team Fouad Ahidar ile sizlerin sesi olmak i\u00e7in yola \u00e7\u0131kt\u0131m. T\u00fcrk k\u00f6kenli bir gen\u00e7 olarak Br\u00fcksel&rsquo;de do\u011fdum ve b\u00fcy\u00fcd\u00fcm, bu g\u00fczel \u015fehrin sorunlar\u0131n\u0131 ve ihtiya\u00e7lar\u0131n\u0131 yak\u0131ndan biliyorum. Sizlerin [&hellip;]<\/p>\n","protected":false},"author":3,"featured_media":26880,"comment_status":"closed","ping_status":"open","sticky":false,"template":"","format":"standard","meta":{"footnotes":""},"categories":[14,16,3,17,18,15,19,2,1],"tags":[],"class_list":["post-26875","post","type-post","status-publish","format-standard","has-post-thumbnail","hentry","category-avrupa","category-belcika","category-dunya","category-ekonomi","category-kultur-sanat","category-spor","category-tanitim","category-turkiye","category-uncategorized"],"yoast_head":"<!-- This site is optimized with the Yoast SEO plugin v26.9 - https:\/\/yoast.com\/product\/yoast-seo-wordpress\/ -->\n<title>- AvrupaPress<\/title>\n<meta name=\"robots\" content=\"index, follow, max-snippet:-1, max-image-preview:large, max-video-preview:-1\" \/>\n<link rel=\"canonical\" href=\"https:\/\/avrupapress.com\/main\/2024\/10\/02\/26875\/\" \/>\n<meta property=\"og:locale\" content=\"fr_FR\" \/>\n<meta property=\"og:type\" content=\"article\" \/>\n<meta property=\"og:title\" content=\"- AvrupaPress\" \/>\n<meta property=\"og:description\" content=\"Belcikanin Baskenti Bruksel,in 19 Belediyeden biri olan Bruksel Belediyesinden aday olan Ay\u015fe Malcikan iddali konustu&#8230;. Ay\u015fe Malcikan, Br\u00fcksel Belediyesinde \u00a04. s\u0131ra aday\u0131m, liste 11 Team Fouad Ahidar. Team Fouad Ahidar ile sizlerin sesi olmak i\u00e7in yola \u00e7\u0131kt\u0131m. T\u00fcrk k\u00f6kenli bir gen\u00e7 olarak Br\u00fcksel&rsquo;de do\u011fdum ve b\u00fcy\u00fcd\u00fcm, bu g\u00fczel \u015fehrin sorunlar\u0131n\u0131 ve ihtiya\u00e7lar\u0131n\u0131 yak\u0131ndan biliyorum. Sizlerin [&hellip;]\" \/>\n<meta property=\"og:url\" content=\"https:\/\/avrupapress.com\/main\/2024\/10\/02\/26875\/\" \/>\n<meta property=\"og:site_name\" content=\"AvrupaPress\" \/>\n<meta property=\"article:published_time\" content=\"2024-10-02T20:04:32+00:00\" \/>\n<meta property=\"article:modified_time\" content=\"2024-10-02T20:06:25+00:00\" \/>\n<meta property=\"og:image\" content=\"https:\/\/avrupapress.com\/main\/wp-content\/uploads\/2024\/10\/thumbnail_facebook_1727897621865_7247327906979926279-1-e1727899575484.jpg\" \/>\n\t<meta property=\"og:image:width\" content=\"1080\" \/>\n\t<meta property=\"og:image:height\" content=\"959\" \/>\n\t<meta property=\"og:image:type\" content=\"image\/jpeg\" \/>\n<meta name=\"author\" content=\"Edit\u00f6r\" \/>\n<meta name=\"twitter:card\" content=\"summary_large_image\" \/>\n<meta name=\"twitter:label1\" content=\"\u00c9crit par\" \/>\n\t<meta name=\"twitter:data1\" content=\"Edit\u00f6r\" \/>\n\t<meta name=\"twitter:label2\" content=\"Dur\u00e9e de lecture est.\" \/>\n\t<meta name=\"twitter:data2\" content=\"2 minutes\" \/>\n<script type=\"application\/ld+json\" class=\"yoast-schema-graph\">{\"@context\":\"https:\/\/schema.org\",\"@graph\":[{\"@type\":\"Article\",\"@id\":\"https:\/\/avrupapress.com\/main\/2024\/10\/02\/26875\/#article\",\"isPartOf\":{\"@id\":\"https:\/\/avrupapress.com\/main\/2024\/10\/02\/26875\/\"},\"author\":{\"name\":\"Edit\u00f6r\",\"@id\":\"https:\/\/avrupapress.com\/#\/schema\/person\/68428444ec60970d1e1b700cf4ca1e8f\"},\"headline\":\"Aucun titre\",\"datePublished\":\"2024-10-02T20:04:32+00:00\",\"dateModified\":\"2024-10-02T20:06:25+00:00\",\"mainEntityOfPage\":{\"@id\":\"https:\/\/avrupapress.com\/main\/2024\/10\/02\/26875\/\"},\"wordCount\":367,\"publisher\":{\"@id\":\"https:\/\/avrupapress.com\/#\/schema\/person\/0223dca19c72c43575bf30d1a2d8f4fa\"},\"image\":{\"@id\":\"https:\/\/avrupapress.com\/main\/2024\/10\/02\/26875\/#primaryimage\"},\"thumbnailUrl\":\"https:\/\/avrupapress.com\/main\/wp-content\/uploads\/2024\/10\/thumbnail_facebook_1727897621865_7247327906979926279-1-e1727899575484.jpg\",\"articleSection\":[\"Avrupa\",\"Bel\u00e7ika\",\"D\u00fcnya\",\"Ekonomi\",\"K\u00fclt\u00fcr-Sanat\",\"Spor\",\"Tan\u0131t\u0131m\",\"T\u00fcrkiye\",\"Uncategorized\"],\"inLanguage\":\"fr-BE\"},{\"@type\":\"WebPage\",\"@id\":\"https:\/\/avrupapress.com\/main\/2024\/10\/02\/26875\/\",\"url\":\"https:\/\/avrupapress.com\/main\/2024\/10\/02\/26875\/\",\"name\":\"- AvrupaPress\",\"isPartOf\":{\"@id\":\"https:\/\/avrupapress.com\/#website\"},\"primaryImageOfPage\":{\"@id\":\"https:\/\/avrupapress.com\/main\/2024\/10\/02\/26875\/#primaryimage\"},\"image\":{\"@id\":\"https:\/\/avrupapress.com\/main\/2024\/10\/02\/26875\/#primaryimage\"},\"thumbnailUrl\":\"https:\/\/avrupapress.com\/main\/wp-content\/uploads\/2024\/10\/thumbnail_facebook_1727897621865_7247327906979926279-1-e1727899575484.jpg\",\"datePublished\":\"2024-10-02T20:04:32+00:00\",\"dateModified\":\"2024-10-02T20:06:25+00:00\",\"inLanguage\":\"fr-BE\",\"potentialAction\":[{\"@type\":\"ReadAction\",\"target\":[\"https:\/\/avrupapress.com\/main\/2024\/10\/02\/26875\/\"]}]},{\"@type\":\"ImageObject\",\"inLanguage\":\"fr-BE\",\"@id\":\"https:\/\/avrupapress.com\/main\/2024\/10\/02\/26875\/#primaryimage\",\"url\":\"https:\/\/avrupapress.com\/main\/wp-content\/uploads\/2024\/10\/thumbnail_facebook_1727897621865_7247327906979926279-1-e1727899575484.jpg\",\"contentUrl\":\"https:\/\/avrupapress.com\/main\/wp-content\/uploads\/2024\/10\/thumbnail_facebook_1727897621865_7247327906979926279-1-e1727899575484.jpg\",\"width\":1080,\"height\":959},{\"@type\":\"WebSite\",\"@id\":\"https:\/\/avrupapress.com\/#website\",\"url\":\"https:\/\/avrupapress.com\/\",\"name\":\"AvrupaPress\",\"description\":\"Haberin Adresi\",\"publisher\":{\"@id\":\"https:\/\/avrupapress.com\/#\/schema\/person\/0223dca19c72c43575bf30d1a2d8f4fa\"},\"potentialAction\":[{\"@type\":\"SearchAction\",\"target\":{\"@type\":\"EntryPoint\",\"urlTemplate\":\"https:\/\/avrupapress.com\/?s={search_term_string}\"},\"query-input\":{\"@type\":\"PropertyValueSpecification\",\"valueRequired\":true,\"valueName\":\"search_term_string\"}}],\"inLanguage\":\"fr-BE\"},{\"@type\":[\"Person\",\"Organization\"],\"@id\":\"https:\/\/avrupapress.com\/#\/schema\/person\/0223dca19c72c43575bf30d1a2d8f4fa\",\"name\":\"Bilgin \u00d6z\u00e7ift\u00e7i\",\"image\":{\"@type\":\"ImageObject\",\"inLanguage\":\"fr-BE\",\"@id\":\"https:\/\/avrupapress.com\/#\/schema\/person\/image\/\",\"url\":\"https:\/\/secure.gravatar.com\/avatar\/0f23b280433a21e1ea7a0adcc46ed0ad16afe3ad8e630fd13d8a017dcbd54ef3?s=96&d=mm&r=g\",\"contentUrl\":\"https:\/\/secure.gravatar.com\/avatar\/0f23b280433a21e1ea7a0adcc46ed0ad16afe3ad8e630fd13d8a017dcbd54ef3?s=96&d=mm&r=g\",\"caption\":\"Bilgin \u00d6z\u00e7ift\u00e7i\"},\"logo\":{\"@id\":\"https:\/\/avrupapress.com\/#\/schema\/person\/image\/\"},\"description\":\"Ne ben, nede sen... Biz ancak \\\"biz\\\" olursak g\u00fc\u00e7l\u00fc olabiliriz\"},{\"@type\":\"Person\",\"@id\":\"https:\/\/avrupapress.com\/#\/schema\/person\/68428444ec60970d1e1b700cf4ca1e8f\",\"name\":\"Edit\u00f6r\",\"image\":{\"@type\":\"ImageObject\",\"inLanguage\":\"fr-BE\",\"@id\":\"https:\/\/avrupapress.com\/#\/schema\/person\/image\/\",\"url\":\"https:\/\/secure.gravatar.com\/avatar\/74996b0977aa5f1559ba9883776652508b229005c0d78fb2597897f0bd651c09?s=96&d=mm&r=g\",\"contentUrl\":\"https:\/\/secure.gravatar.com\/avatar\/74996b0977aa5f1559ba9883776652508b229005c0d78fb2597897f0bd651c09?s=96&d=mm&r=g\",\"caption\":\"Edit\u00f6r\"},\"sameAs\":[\"http:\/\/www.avrupapress.com\"],\"url\":\"https:\/\/avrupapress.com\/main\/author\/editor\/\"}]}<\/script>\n<!-- \/ Yoast SEO plugin. -->","yoast_head_json":{"title":"- AvrupaPress","robots":{"index":"index","follow":"follow","max-snippet":"max-snippet:-1","max-image-preview":"max-image-preview:large","max-video-preview":"max-video-preview:-1"},"canonical":"https:\/\/avrupapress.com\/main\/2024\/10\/02\/26875\/","og_locale":"fr_FR","og_type":"article","og_title":"- AvrupaPress","og_description":"Belcikanin Baskenti Bruksel,in 19 Belediyeden biri olan Bruksel Belediyesinden aday olan Ay\u015fe Malcikan iddali konustu&#8230;. Ay\u015fe Malcikan, Br\u00fcksel Belediyesinde \u00a04. s\u0131ra aday\u0131m, liste 11 Team Fouad Ahidar. Team Fouad Ahidar ile sizlerin sesi olmak i\u00e7in yola \u00e7\u0131kt\u0131m. T\u00fcrk k\u00f6kenli bir gen\u00e7 olarak Br\u00fcksel&rsquo;de do\u011fdum ve b\u00fcy\u00fcd\u00fcm, bu g\u00fczel \u015fehrin sorunlar\u0131n\u0131 ve ihtiya\u00e7lar\u0131n\u0131 yak\u0131ndan biliyorum. Sizlerin [&hellip;]","og_url":"https:\/\/avrupapress.com\/main\/2024\/10\/02\/26875\/","og_site_name":"AvrupaPress","article_published_time":"2024-10-02T20:04:32+00:00","article_modified_time":"2024-10-02T20:06:25+00:00","og_image":[{"width":1080,"height":959,"url":"https:\/\/avrupapress.com\/main\/wp-content\/uploads\/2024\/10\/thumbnail_facebook_1727897621865_7247327906979926279-1-e1727899575484.jpg","type":"image\/jpeg"}],"author":"Edit\u00f6r","twitter_card":"summary_large_image","twitter_misc":{"\u00c9crit par":"Edit\u00f6r","Dur\u00e9e de lecture est.":"2 minutes"},"schema":{"@context":"https:\/\/schema.org","@graph":[{"@type":"Article","@id":"https:\/\/avrupapress.com\/main\/2024\/10\/02\/26875\/#article","isPartOf":{"@id":"https:\/\/avrupapress.com\/main\/2024\/10\/02\/26875\/"},"author":{"name":"Edit\u00f6r","@id":"https:\/\/avrupapress.com\/#\/schema\/person\/68428444ec60970d1e1b700cf4ca1e8f"},"headline":"Aucun titre","datePublished":"2024-10-02T20:04:32+00:00","dateModified":"2024-10-02T20:06:25+00:00","mainEntityOfPage":{"@id":"https:\/\/avrupapress.com\/main\/2024\/10\/02\/26875\/"},"wordCount":367,"publisher":{"@id":"https:\/\/avrupapress.com\/#\/schema\/person\/0223dca19c72c43575bf30d1a2d8f4fa"},"image":{"@id":"https:\/\/avrupapress.com\/main\/2024\/10\/02\/26875\/#primaryimage"},"thumbnailUrl":"https:\/\/avrupapress.com\/main\/wp-content\/uploads\/2024\/10\/thumbnail_facebook_1727897621865_7247327906979926279-1-e1727899575484.jpg","articleSection":["Avrupa","Bel\u00e7ika","D\u00fcnya","Ekonomi","K\u00fclt\u00fcr-Sanat","Spor","Tan\u0131t\u0131m","T\u00fcrkiye","Uncategorized"],"inLanguage":"fr-BE"},{"@type":"WebPage","@id":"https:\/\/avrupapress.com\/main\/2024\/10\/02\/26875\/","url":"https:\/\/avrupapress.com\/main\/2024\/10\/02\/26875\/","name":"- AvrupaPress","isPartOf":{"@id":"https:\/\/avrupapress.com\/#website"},"primaryImageOfPage":{"@id":"https:\/\/avrupapress.com\/main\/2024\/10\/02\/26875\/#primaryimage"},"image":{"@id":"https:\/\/avrupapress.com\/main\/2024\/10\/02\/26875\/#primaryimage"},"thumbnailUrl":"https:\/\/avrupapress.com\/main\/wp-content\/uploads\/2024\/10\/thumbnail_facebook_1727897621865_7247327906979926279-1-e1727899575484.jpg","datePublished":"2024-10-02T20:04:32+00:00","dateModified":"2024-10-02T20:06:25+00:00","inLanguage":"fr-BE","potentialAction":[{"@type":"ReadAction","target":["https:\/\/avrupapress.com\/main\/2024\/10\/02\/26875\/"]}]},{"@type":"ImageObject","inLanguage":"fr-BE","@id":"https:\/\/avrupapress.com\/main\/2024\/10\/02\/26875\/#primaryimage","url":"https:\/\/avrupapress.com\/main\/wp-content\/uploads\/2024\/10\/thumbnail_facebook_1727897621865_7247327906979926279-1-e1727899575484.jpg","contentUrl":"https:\/\/avrupapress.com\/main\/wp-content\/uploads\/2024\/10\/thumbnail_facebook_1727897621865_7247327906979926279-1-e1727899575484.jpg","width":1080,"height":959},{"@type":"WebSite","@id":"https:\/\/avrupapress.com\/#website","url":"https:\/\/avrupapress.com\/","name":"AvrupaPress","description":"Haberin Adresi","publisher":{"@id":"https:\/\/avrupapress.com\/#\/schema\/person\/0223dca19c72c43575bf30d1a2d8f4fa"},"potentialAction":[{"@type":"SearchAction","target":{"@type":"EntryPoint","urlTemplate":"https:\/\/avrupapress.com\/?s={search_term_string}"},"query-input":{"@type":"PropertyValueSpecification","valueRequired":true,"valueName":"search_term_string"}}],"inLanguage":"fr-BE"},{"@type":["Person","Organization"],"@id":"https:\/\/avrupapress.com\/#\/schema\/person\/0223dca19c72c43575bf30d1a2d8f4fa","name":"Bilgin \u00d6z\u00e7ift\u00e7i","image":{"@type":"ImageObject","inLanguage":"fr-BE","@id":"https:\/\/avrupapress.com\/#\/schema\/person\/image\/","url":"https:\/\/secure.gravatar.com\/avatar\/0f23b280433a21e1ea7a0adcc46ed0ad16afe3ad8e630fd13d8a017dcbd54ef3?s=96&d=mm&r=g","contentUrl":"https:\/\/secure.gravatar.com\/avatar\/0f23b280433a21e1ea7a0adcc46ed0ad16afe3ad8e630fd13d8a017dcbd54ef3?s=96&d=mm&r=g","caption":"Bilgin \u00d6z\u00e7ift\u00e7i"},"logo":{"@id":"https:\/\/avrupapress.com\/#\/schema\/person\/image\/"},"description":"Ne ben, nede sen... Biz ancak \"biz\" olursak g\u00fc\u00e7l\u00fc olabiliriz"},{"@type":"Person","@id":"https:\/\/avrupapress.com\/#\/schema\/person\/68428444ec60970d1e1b700cf4ca1e8f","name":"Edit\u00f6r","image":{"@type":"ImageObject","inLanguage":"fr-BE","@id":"https:\/\/avrupapress.com\/#\/schema\/person\/image\/","url":"https:\/\/secure.gravatar.com\/avatar\/74996b0977aa5f1559ba9883776652508b229005c0d78fb2597897f0bd651c09?s=96&d=mm&r=g","contentUrl":"https:\/\/secure.gravatar.com\/avatar\/74996b0977aa5f1559ba9883776652508b229005c0d78fb2597897f0bd651c09?s=96&d=mm&r=g","caption":"Edit\u00f6r"},"sameAs":["http:\/\/www.avrupapress.com"],"url":"https:\/\/avrupapress.com\/main\/author\/editor\/"}]}},"_links":{"self":[{"href":"https:\/\/avrupapress.com\/main\/wp-json\/wp\/v2\/posts\/26875","targetHints":{"allow":["GET"]}}],"collection":[{"href":"https:\/\/avrupapress.com\/main\/wp-json\/wp\/v2\/posts"}],"about":[{"href":"https:\/\/avrupapress.com\/main\/wp-json\/wp\/v2\/types\/post"}],"author":[{"embeddable":true,"href":"https:\/\/avrupapress.com\/main\/wp-json\/wp\/v2\/users\/3"}],"replies":[{"embeddable":true,"href":"https:\/\/avrupapress.com\/main\/wp-json\/wp\/v2\/comments?post=26875"}],"version-history":[{"count":2,"href":"https:\/\/avrupapress.com\/main\/wp-json\/wp\/v2\/posts\/26875\/revisions"}],"predecessor-version":[{"id":26879,"href":"https:\/\/avrupapress.com\/main\/wp-json\/wp\/v2\/posts\/26875\/revisions\/26879"}],"wp:featuredmedia":[{"embeddable":true,"href":"https:\/\/avrupapress.com\/main\/wp-json\/wp\/v2\/media\/26880"}],"wp:attachment":[{"href":"https:\/\/avrupapress.com\/main\/wp-json\/wp\/v2\/media?parent=26875"}],"wp:term":[{"taxonomy":"category","embeddable":true,"href":"https:\/\/avrupapress.com\/main\/wp-json\/wp\/v2\/categories?post=26875"},{"taxonomy":"post_tag","embeddable":true,"href":"https:\/\/avrupapress.com\/main\/wp-json\/wp\/v2\/tags?post=26875"}],"curies":[{"name":"wp","href":"https:\/\/api.w.org\/{rel}","templated":true}]}}