{"id":26855,"date":"2024-09-30T19:50:35","date_gmt":"2024-09-30T19:50:35","guid":{"rendered":"https:\/\/avrupapress.com\/main\/?p=26855"},"modified":"2024-09-30T19:51:04","modified_gmt":"2024-09-30T19:51:04","slug":"turk-mutfak-kulturunun-tasiyicilarindan-somer-sivrioglu-master-sef-eskisehir-turk-ocagi-ni-ziyaret-etti","status":"publish","type":"post","link":"https:\/\/avrupapress.com\/main\/2024\/09\/30\/turk-mutfak-kulturunun-tasiyicilarindan-somer-sivrioglu-master-sef-eskisehir-turk-ocagi-ni-ziyaret-etti\/","title":{"rendered":"T\u00fcrk Mutfak K\u00fclt\u00fcr\u00fcn\u00fcn ta\u015f\u0131y\u0131c\u0131lar\u0131ndan Somer Sivrio\u011flu \u2018Master \u015fef\u2019 Eski\u015fehir T\u00fcrk Oca\u011f\u0131\u2019 n\u0131 ziyaret etti"},"content":{"rendered":"<p><strong>HABER \/ FOTO\u011eRAF: ERTU\u011eRUL ALTINEL &#8211; B\u0130LG\u0130N \u00d6Z\u00c7\u0130FT\u00c7\u0130 &#8211; AVRUPA PRESS &#8211; BEL\u00c7\u0130KA.<\/strong><\/p>\n<div dir=\"auto\">T\u00fcrk Mutfak K\u00fclt\u00fcr\u00fcn\u00fcn ta\u015f\u0131y\u0131c\u0131lar\u0131ndan Somer( Sivrio\u011flu) \u015fef baba yadig\u00e2r\u0131, aile kona\u011f\u0131 Sivrio\u011flu Kona\u011f\u0131n\u0131( Eski\u015fehir) ziyaret etti. Sivrio\u011flu ailesi \u2018B\u00fcy\u00fck Kafkas S\u00fcrg\u00fcn\u00fc\u2019 sonras\u0131 Kafkasya\u2019dan gelen ve Eski\u015fehir\/Odunpazar\u0131\u2019 na yerle\u015fen varl\u0131kl\u0131 bir aile. Aile 5 d\u00f6n\u00fcml\u00fck bir alan al\u0131yor, birisi selaml\u0131k \u015fu anda Eski\u015fehir T\u00fcrk Oca\u011f\u0131, di\u011fer ikisi haremlik \u00fc\u00e7 konak yap\u0131yorlar. \u00c7atakbay\u0131r\u0131 mevkiinden su getiriyor ve bu tatl\u0131 sudan caminin k\u00f6\u015fesine ve \u015eeyh \u015eehabettin Caddesine iki \u00e7e\u015fme (A\u011fa \u00c7e\u015fmesi) yapt\u0131r\u0131yorlar. Mevcut topraktan ve sazdan yap\u0131lm\u0131\u015f olan Sal\u0131 Mescidini imar ediyor ve kendi isimlerini veriyorlar.<\/div>\n<div dir=\"auto\"><\/div>\n<div dir=\"auto\"><\/div>\n<div dir=\"auto\">Aile L\u00fcleta\u015f\u0131 i\u015flemecili\u011fi, ticareti ve ihracat\u0131 ile u\u011fra\u015f\u0131yor. Konaklar 1900\u2019e tarihleniyor. Aile 1950\u2019lerde kona\u011f\u0131 Artvin\/Yusufeli\u2019li bir aileye sat\u0131yor ve \u0130stanbul\u2019a ta\u015f\u0131n\u0131yor. Somer Sivrio\u011flu, Ailenin d\u00f6rd\u00fcnc\u00fc ku\u015fa\u011f\u0131. Aileyi Kafkasya\u2019dan baba dedesi getiriyor. Somer Sivrio\u011flu,\u2018\u2019Aile yadig\u00e2r\u0131m\u0131zda bir abidevi Milli Kurulu\u015fumuzun, T\u00fcrk Ocaklar\u0131n\u0131n faaliyette bulunmas\u0131ndan mutluluk duydum. Hem kona\u011f\u0131m\u0131z, hem de ailemiz Mill\u00ee M\u00fccadelenin i\u00e7erisinde bulunmu\u015f, uzun y\u0131llar kona\u011f\u0131n \u00e7at\u0131s\u0131nda bir hayli m\u00fchimmat saklanm\u0131\u015f\u2019\u2019 dedi.<\/div>\n<div dir=\"auto\"><\/div>\n<div dir=\"auto\"><\/div>\n<p>Sivrio\u011flu, ziyaretten duydu\u011fu mutlulu\u011funu, hislendi\u011fini ifade ederek, konakta do\u011fan ve 10 ya\u015f\u0131n\u0131 bu konakta ge\u00e7iren babas\u0131 ile tekrar ziyarete gelece\u011fini ifade etti. Sonras\u0131nda Dede Mahallesinde bulunan ailenin ad\u0131n\u0131 ta\u015f\u0131yan Sivrio\u011flu camii ve soka\u011f\u0131 ziyaret edildi.<\/p>\n<p><img loading=\"lazy\" decoding=\"async\" class=\"alignnone size-medium wp-image-26856\" src=\"https:\/\/avrupapress.com\/main\/wp-content\/uploads\/2024\/09\/IMG-20240930-WA0060-225x300.jpg\" alt=\"\" width=\"225\" height=\"300\" \/><\/p>\n<p><strong>HABER \/ FOTO\u011eRAF: ERTU\u011eRUL ALTINEL &#8211; B\u0130LG\u0130N \u00d6Z\u00c7\u0130FT\u00c7\u0130 &#8211; AVRUPA PRESS &#8211; BEL\u00c7\u0130KA.<\/strong><\/p>\n","protected":false},"excerpt":{"rendered":"<p>HABER \/ FOTO\u011eRAF: ERTU\u011eRUL ALTINEL &#8211; B\u0130LG\u0130N \u00d6Z\u00c7\u0130FT\u00c7\u0130 &#8211; AVRUPA PRESS &#8211; BEL\u00c7\u0130KA. T\u00fcrk Mutfak K\u00fclt\u00fcr\u00fcn\u00fcn ta\u015f\u0131y\u0131c\u0131lar\u0131ndan Somer( Sivrio\u011flu) \u015fef baba yadig\u00e2r\u0131, aile kona\u011f\u0131 Sivrio\u011flu Kona\u011f\u0131n\u0131( Eski\u015fehir) ziyaret etti. Sivrio\u011flu ailesi \u2018B\u00fcy\u00fck Kafkas S\u00fcrg\u00fcn\u00fc\u2019 sonras\u0131 Kafkasya\u2019dan gelen ve Eski\u015fehir\/Odunpazar\u0131\u2019 na yerle\u015fen varl\u0131kl\u0131 bir aile. Aile 5 d\u00f6n\u00fcml\u00fck bir alan al\u0131yor, birisi selaml\u0131k \u015fu anda Eski\u015fehir [&hellip;]<\/p>\n","protected":false},"author":3,"featured_media":26856,"comment_status":"closed","ping_status":"open","sticky":false,"template":"","format":"standard","meta":{"footnotes":""},"categories":[14,16,3,17,18,15,19,2,1],"tags":[],"class_list":["post-26855","post","type-post","status-publish","format-standard","has-post-thumbnail","hentry","category-avrupa","category-belcika","category-dunya","category-ekonomi","category-kultur-sanat","category-spor","category-tanitim","category-turkiye","category-uncategorized"],"yoast_head":"<!-- This site is optimized with the Yoast SEO plugin v26.9 - https:\/\/yoast.com\/product\/yoast-seo-wordpress\/ -->\n<title>T\u00fcrk Mutfak K\u00fclt\u00fcr\u00fcn\u00fcn ta\u015f\u0131y\u0131c\u0131lar\u0131ndan Somer Sivrio\u011flu \u2018Master \u015fef\u2019 Eski\u015fehir T\u00fcrk Oca\u011f\u0131\u2019 n\u0131 ziyaret etti - AvrupaPress<\/title>\n<meta name=\"robots\" content=\"index, follow, max-snippet:-1, max-image-preview:large, max-video-preview:-1\" \/>\n<link rel=\"canonical\" href=\"https:\/\/avrupapress.com\/main\/2024\/09\/30\/turk-mutfak-kulturunun-tasiyicilarindan-somer-sivrioglu-master-sef-eskisehir-turk-ocagi-ni-ziyaret-etti\/\" \/>\n<meta property=\"og:locale\" content=\"fr_FR\" \/>\n<meta property=\"og:type\" content=\"article\" \/>\n<meta property=\"og:title\" content=\"T\u00fcrk Mutfak K\u00fclt\u00fcr\u00fcn\u00fcn ta\u015f\u0131y\u0131c\u0131lar\u0131ndan Somer Sivrio\u011flu \u2018Master \u015fef\u2019 Eski\u015fehir T\u00fcrk Oca\u011f\u0131\u2019 n\u0131 ziyaret etti - AvrupaPress\" \/>\n<meta property=\"og:description\" content=\"HABER \/ FOTO\u011eRAF: ERTU\u011eRUL ALTINEL &#8211; B\u0130LG\u0130N \u00d6Z\u00c7\u0130FT\u00c7\u0130 &#8211; AVRUPA PRESS &#8211; BEL\u00c7\u0130KA. T\u00fcrk Mutfak K\u00fclt\u00fcr\u00fcn\u00fcn ta\u015f\u0131y\u0131c\u0131lar\u0131ndan Somer( Sivrio\u011flu) \u015fef baba yadig\u00e2r\u0131, aile kona\u011f\u0131 Sivrio\u011flu Kona\u011f\u0131n\u0131( Eski\u015fehir) ziyaret etti. Sivrio\u011flu ailesi \u2018B\u00fcy\u00fck Kafkas S\u00fcrg\u00fcn\u00fc\u2019 sonras\u0131 Kafkasya\u2019dan gelen ve Eski\u015fehir\/Odunpazar\u0131\u2019 na yerle\u015fen varl\u0131kl\u0131 bir aile. Aile 5 d\u00f6n\u00fcml\u00fck bir alan al\u0131yor, birisi selaml\u0131k \u015fu anda Eski\u015fehir [&hellip;]\" \/>\n<meta property=\"og:url\" content=\"https:\/\/avrupapress.com\/main\/2024\/09\/30\/turk-mutfak-kulturunun-tasiyicilarindan-somer-sivrioglu-master-sef-eskisehir-turk-ocagi-ni-ziyaret-etti\/\" \/>\n<meta property=\"og:site_name\" content=\"AvrupaPress\" \/>\n<meta property=\"article:published_time\" content=\"2024-09-30T19:50:35+00:00\" \/>\n<meta property=\"article:modified_time\" content=\"2024-09-30T19:51:04+00:00\" \/>\n<meta property=\"og:image\" content=\"https:\/\/avrupapress.com\/main\/wp-content\/uploads\/2024\/09\/IMG-20240930-WA0060-e1727725821772.jpg\" \/>\n\t<meta property=\"og:image:width\" content=\"1200\" \/>\n\t<meta property=\"og:image:height\" content=\"850\" \/>\n\t<meta property=\"og:image:type\" content=\"image\/jpeg\" \/>\n<meta name=\"author\" content=\"Edit\u00f6r\" \/>\n<meta name=\"twitter:card\" content=\"summary_large_image\" \/>\n<meta name=\"twitter:label1\" content=\"\u00c9crit par\" \/>\n\t<meta name=\"twitter:data1\" content=\"Edit\u00f6r\" \/>\n\t<meta name=\"twitter:label2\" content=\"Dur\u00e9e de lecture est.\" \/>\n\t<meta name=\"twitter:data2\" content=\"2 minutes\" \/>\n<script type=\"application\/ld+json\" class=\"yoast-schema-graph\">{\"@context\":\"https:\/\/schema.org\",\"@graph\":[{\"@type\":\"Article\",\"@id\":\"https:\/\/avrupapress.com\/main\/2024\/09\/30\/turk-mutfak-kulturunun-tasiyicilarindan-somer-sivrioglu-master-sef-eskisehir-turk-ocagi-ni-ziyaret-etti\/#article\",\"isPartOf\":{\"@id\":\"https:\/\/avrupapress.com\/main\/2024\/09\/30\/turk-mutfak-kulturunun-tasiyicilarindan-somer-sivrioglu-master-sef-eskisehir-turk-ocagi-ni-ziyaret-etti\/\"},\"author\":{\"name\":\"Edit\u00f6r\",\"@id\":\"https:\/\/avrupapress.com\/#\/schema\/person\/68428444ec60970d1e1b700cf4ca1e8f\"},\"headline\":\"T\u00fcrk Mutfak K\u00fclt\u00fcr\u00fcn\u00fcn ta\u015f\u0131y\u0131c\u0131lar\u0131ndan Somer Sivrio\u011flu \u2018Master \u015fef\u2019 Eski\u015fehir T\u00fcrk Oca\u011f\u0131\u2019 n\u0131 ziyaret etti\",\"datePublished\":\"2024-09-30T19:50:35+00:00\",\"dateModified\":\"2024-09-30T19:51:04+00:00\",\"mainEntityOfPage\":{\"@id\":\"https:\/\/avrupapress.com\/main\/2024\/09\/30\/turk-mutfak-kulturunun-tasiyicilarindan-somer-sivrioglu-master-sef-eskisehir-turk-ocagi-ni-ziyaret-etti\/\"},\"wordCount\":327,\"publisher\":{\"@id\":\"https:\/\/avrupapress.com\/#\/schema\/person\/0223dca19c72c43575bf30d1a2d8f4fa\"},\"image\":{\"@id\":\"https:\/\/avrupapress.com\/main\/2024\/09\/30\/turk-mutfak-kulturunun-tasiyicilarindan-somer-sivrioglu-master-sef-eskisehir-turk-ocagi-ni-ziyaret-etti\/#primaryimage\"},\"thumbnailUrl\":\"https:\/\/avrupapress.com\/main\/wp-content\/uploads\/2024\/09\/IMG-20240930-WA0060-e1727725821772.jpg\",\"articleSection\":[\"Avrupa\",\"Bel\u00e7ika\",\"D\u00fcnya\",\"Ekonomi\",\"K\u00fclt\u00fcr-Sanat\",\"Spor\",\"Tan\u0131t\u0131m\",\"T\u00fcrkiye\",\"Uncategorized\"],\"inLanguage\":\"fr-BE\"},{\"@type\":\"WebPage\",\"@id\":\"https:\/\/avrupapress.com\/main\/2024\/09\/30\/turk-mutfak-kulturunun-tasiyicilarindan-somer-sivrioglu-master-sef-eskisehir-turk-ocagi-ni-ziyaret-etti\/\",\"url\":\"https:\/\/avrupapress.com\/main\/2024\/09\/30\/turk-mutfak-kulturunun-tasiyicilarindan-somer-sivrioglu-master-sef-eskisehir-turk-ocagi-ni-ziyaret-etti\/\",\"name\":\"T\u00fcrk Mutfak K\u00fclt\u00fcr\u00fcn\u00fcn ta\u015f\u0131y\u0131c\u0131lar\u0131ndan Somer Sivrio\u011flu \u2018Master \u015fef\u2019 Eski\u015fehir T\u00fcrk Oca\u011f\u0131\u2019 n\u0131 ziyaret etti - AvrupaPress\",\"isPartOf\":{\"@id\":\"https:\/\/avrupapress.com\/#website\"},\"primaryImageOfPage\":{\"@id\":\"https:\/\/avrupapress.com\/main\/2024\/09\/30\/turk-mutfak-kulturunun-tasiyicilarindan-somer-sivrioglu-master-sef-eskisehir-turk-ocagi-ni-ziyaret-etti\/#primaryimage\"},\"image\":{\"@id\":\"https:\/\/avrupapress.com\/main\/2024\/09\/30\/turk-mutfak-kulturunun-tasiyicilarindan-somer-sivrioglu-master-sef-eskisehir-turk-ocagi-ni-ziyaret-etti\/#primaryimage\"},\"thumbnailUrl\":\"https:\/\/avrupapress.com\/main\/wp-content\/uploads\/2024\/09\/IMG-20240930-WA0060-e1727725821772.jpg\",\"datePublished\":\"2024-09-30T19:50:35+00:00\",\"dateModified\":\"2024-09-30T19:51:04+00:00\",\"breadcrumb\":{\"@id\":\"https:\/\/avrupapress.com\/main\/2024\/09\/30\/turk-mutfak-kulturunun-tasiyicilarindan-somer-sivrioglu-master-sef-eskisehir-turk-ocagi-ni-ziyaret-etti\/#breadcrumb\"},\"inLanguage\":\"fr-BE\",\"potentialAction\":[{\"@type\":\"ReadAction\",\"target\":[\"https:\/\/avrupapress.com\/main\/2024\/09\/30\/turk-mutfak-kulturunun-tasiyicilarindan-somer-sivrioglu-master-sef-eskisehir-turk-ocagi-ni-ziyaret-etti\/\"]}]},{\"@type\":\"ImageObject\",\"inLanguage\":\"fr-BE\",\"@id\":\"https:\/\/avrupapress.com\/main\/2024\/09\/30\/turk-mutfak-kulturunun-tasiyicilarindan-somer-sivrioglu-master-sef-eskisehir-turk-ocagi-ni-ziyaret-etti\/#primaryimage\",\"url\":\"https:\/\/avrupapress.com\/main\/wp-content\/uploads\/2024\/09\/IMG-20240930-WA0060-e1727725821772.jpg\",\"contentUrl\":\"https:\/\/avrupapress.com\/main\/wp-content\/uploads\/2024\/09\/IMG-20240930-WA0060-e1727725821772.jpg\",\"width\":1200,\"height\":850},{\"@type\":\"BreadcrumbList\",\"@id\":\"https:\/\/avrupapress.com\/main\/2024\/09\/30\/turk-mutfak-kulturunun-tasiyicilarindan-somer-sivrioglu-master-sef-eskisehir-turk-ocagi-ni-ziyaret-etti\/#breadcrumb\",\"itemListElement\":[{\"@type\":\"ListItem\",\"position\":1,\"name\":\"Anasayfa\",\"item\":\"https:\/\/avrupapress.com\/\"},{\"@type\":\"ListItem\",\"position\":2,\"name\":\"T\u00fcrk Mutfak K\u00fclt\u00fcr\u00fcn\u00fcn ta\u015f\u0131y\u0131c\u0131lar\u0131ndan Somer Sivrio\u011flu \u2018Master \u015fef\u2019 Eski\u015fehir T\u00fcrk Oca\u011f\u0131\u2019 n\u0131 ziyaret etti\"}]},{\"@type\":\"WebSite\",\"@id\":\"https:\/\/avrupapress.com\/#website\",\"url\":\"https:\/\/avrupapress.com\/\",\"name\":\"AvrupaPress\",\"description\":\"Haberin Adresi\",\"publisher\":{\"@id\":\"https:\/\/avrupapress.com\/#\/schema\/person\/0223dca19c72c43575bf30d1a2d8f4fa\"},\"potentialAction\":[{\"@type\":\"SearchAction\",\"target\":{\"@type\":\"EntryPoint\",\"urlTemplate\":\"https:\/\/avrupapress.com\/?s={search_term_string}\"},\"query-input\":{\"@type\":\"PropertyValueSpecification\",\"valueRequired\":true,\"valueName\":\"search_term_string\"}}],\"inLanguage\":\"fr-BE\"},{\"@type\":[\"Person\",\"Organization\"],\"@id\":\"https:\/\/avrupapress.com\/#\/schema\/person\/0223dca19c72c43575bf30d1a2d8f4fa\",\"name\":\"Bilgin \u00d6z\u00e7ift\u00e7i\",\"image\":{\"@type\":\"ImageObject\",\"inLanguage\":\"fr-BE\",\"@id\":\"https:\/\/avrupapress.com\/#\/schema\/person\/image\/\",\"url\":\"https:\/\/secure.gravatar.com\/avatar\/0f23b280433a21e1ea7a0adcc46ed0ad16afe3ad8e630fd13d8a017dcbd54ef3?s=96&d=mm&r=g\",\"contentUrl\":\"https:\/\/secure.gravatar.com\/avatar\/0f23b280433a21e1ea7a0adcc46ed0ad16afe3ad8e630fd13d8a017dcbd54ef3?s=96&d=mm&r=g\",\"caption\":\"Bilgin \u00d6z\u00e7ift\u00e7i\"},\"logo\":{\"@id\":\"https:\/\/avrupapress.com\/#\/schema\/person\/image\/\"},\"description\":\"Ne ben, nede sen... Biz ancak \\\"biz\\\" olursak g\u00fc\u00e7l\u00fc olabiliriz\"},{\"@type\":\"Person\",\"@id\":\"https:\/\/avrupapress.com\/#\/schema\/person\/68428444ec60970d1e1b700cf4ca1e8f\",\"name\":\"Edit\u00f6r\",\"image\":{\"@type\":\"ImageObject\",\"inLanguage\":\"fr-BE\",\"@id\":\"https:\/\/avrupapress.com\/#\/schema\/person\/image\/\",\"url\":\"https:\/\/secure.gravatar.com\/avatar\/74996b0977aa5f1559ba9883776652508b229005c0d78fb2597897f0bd651c09?s=96&d=mm&r=g\",\"contentUrl\":\"https:\/\/secure.gravatar.com\/avatar\/74996b0977aa5f1559ba9883776652508b229005c0d78fb2597897f0bd651c09?s=96&d=mm&r=g\",\"caption\":\"Edit\u00f6r\"},\"sameAs\":[\"http:\/\/www.avrupapress.com\"],\"url\":\"https:\/\/avrupapress.com\/main\/author\/editor\/\"}]}<\/script>\n<!-- \/ Yoast SEO plugin. -->","yoast_head_json":{"title":"T\u00fcrk Mutfak K\u00fclt\u00fcr\u00fcn\u00fcn ta\u015f\u0131y\u0131c\u0131lar\u0131ndan Somer Sivrio\u011flu \u2018Master \u015fef\u2019 Eski\u015fehir T\u00fcrk Oca\u011f\u0131\u2019 n\u0131 ziyaret etti - AvrupaPress","robots":{"index":"index","follow":"follow","max-snippet":"max-snippet:-1","max-image-preview":"max-image-preview:large","max-video-preview":"max-video-preview:-1"},"canonical":"https:\/\/avrupapress.com\/main\/2024\/09\/30\/turk-mutfak-kulturunun-tasiyicilarindan-somer-sivrioglu-master-sef-eskisehir-turk-ocagi-ni-ziyaret-etti\/","og_locale":"fr_FR","og_type":"article","og_title":"T\u00fcrk Mutfak K\u00fclt\u00fcr\u00fcn\u00fcn ta\u015f\u0131y\u0131c\u0131lar\u0131ndan Somer Sivrio\u011flu \u2018Master \u015fef\u2019 Eski\u015fehir T\u00fcrk Oca\u011f\u0131\u2019 n\u0131 ziyaret etti - AvrupaPress","og_description":"HABER \/ FOTO\u011eRAF: ERTU\u011eRUL ALTINEL &#8211; B\u0130LG\u0130N \u00d6Z\u00c7\u0130FT\u00c7\u0130 &#8211; AVRUPA PRESS &#8211; BEL\u00c7\u0130KA. T\u00fcrk Mutfak K\u00fclt\u00fcr\u00fcn\u00fcn ta\u015f\u0131y\u0131c\u0131lar\u0131ndan Somer( Sivrio\u011flu) \u015fef baba yadig\u00e2r\u0131, aile kona\u011f\u0131 Sivrio\u011flu Kona\u011f\u0131n\u0131( Eski\u015fehir) ziyaret etti. Sivrio\u011flu ailesi \u2018B\u00fcy\u00fck Kafkas S\u00fcrg\u00fcn\u00fc\u2019 sonras\u0131 Kafkasya\u2019dan gelen ve Eski\u015fehir\/Odunpazar\u0131\u2019 na yerle\u015fen varl\u0131kl\u0131 bir aile. Aile 5 d\u00f6n\u00fcml\u00fck bir alan al\u0131yor, birisi selaml\u0131k \u015fu anda Eski\u015fehir [&hellip;]","og_url":"https:\/\/avrupapress.com\/main\/2024\/09\/30\/turk-mutfak-kulturunun-tasiyicilarindan-somer-sivrioglu-master-sef-eskisehir-turk-ocagi-ni-ziyaret-etti\/","og_site_name":"AvrupaPress","article_published_time":"2024-09-30T19:50:35+00:00","article_modified_time":"2024-09-30T19:51:04+00:00","og_image":[{"width":1200,"height":850,"url":"https:\/\/avrupapress.com\/main\/wp-content\/uploads\/2024\/09\/IMG-20240930-WA0060-e1727725821772.jpg","type":"image\/jpeg"}],"author":"Edit\u00f6r","twitter_card":"summary_large_image","twitter_misc":{"\u00c9crit par":"Edit\u00f6r","Dur\u00e9e de lecture est.":"2 minutes"},"schema":{"@context":"https:\/\/schema.org","@graph":[{"@type":"Article","@id":"https:\/\/avrupapress.com\/main\/2024\/09\/30\/turk-mutfak-kulturunun-tasiyicilarindan-somer-sivrioglu-master-sef-eskisehir-turk-ocagi-ni-ziyaret-etti\/#article","isPartOf":{"@id":"https:\/\/avrupapress.com\/main\/2024\/09\/30\/turk-mutfak-kulturunun-tasiyicilarindan-somer-sivrioglu-master-sef-eskisehir-turk-ocagi-ni-ziyaret-etti\/"},"author":{"name":"Edit\u00f6r","@id":"https:\/\/avrupapress.com\/#\/schema\/person\/68428444ec60970d1e1b700cf4ca1e8f"},"headline":"T\u00fcrk Mutfak K\u00fclt\u00fcr\u00fcn\u00fcn ta\u015f\u0131y\u0131c\u0131lar\u0131ndan Somer Sivrio\u011flu \u2018Master \u015fef\u2019 Eski\u015fehir T\u00fcrk Oca\u011f\u0131\u2019 n\u0131 ziyaret etti","datePublished":"2024-09-30T19:50:35+00:00","dateModified":"2024-09-30T19:51:04+00:00","mainEntityOfPage":{"@id":"https:\/\/avrupapress.com\/main\/2024\/09\/30\/turk-mutfak-kulturunun-tasiyicilarindan-somer-sivrioglu-master-sef-eskisehir-turk-ocagi-ni-ziyaret-etti\/"},"wordCount":327,"publisher":{"@id":"https:\/\/avrupapress.com\/#\/schema\/person\/0223dca19c72c43575bf30d1a2d8f4fa"},"image":{"@id":"https:\/\/avrupapress.com\/main\/2024\/09\/30\/turk-mutfak-kulturunun-tasiyicilarindan-somer-sivrioglu-master-sef-eskisehir-turk-ocagi-ni-ziyaret-etti\/#primaryimage"},"thumbnailUrl":"https:\/\/avrupapress.com\/main\/wp-content\/uploads\/2024\/09\/IMG-20240930-WA0060-e1727725821772.jpg","articleSection":["Avrupa","Bel\u00e7ika","D\u00fcnya","Ekonomi","K\u00fclt\u00fcr-Sanat","Spor","Tan\u0131t\u0131m","T\u00fcrkiye","Uncategorized"],"inLanguage":"fr-BE"},{"@type":"WebPage","@id":"https:\/\/avrupapress.com\/main\/2024\/09\/30\/turk-mutfak-kulturunun-tasiyicilarindan-somer-sivrioglu-master-sef-eskisehir-turk-ocagi-ni-ziyaret-etti\/","url":"https:\/\/avrupapress.com\/main\/2024\/09\/30\/turk-mutfak-kulturunun-tasiyicilarindan-somer-sivrioglu-master-sef-eskisehir-turk-ocagi-ni-ziyaret-etti\/","name":"T\u00fcrk Mutfak K\u00fclt\u00fcr\u00fcn\u00fcn ta\u015f\u0131y\u0131c\u0131lar\u0131ndan Somer Sivrio\u011flu \u2018Master \u015fef\u2019 Eski\u015fehir T\u00fcrk Oca\u011f\u0131\u2019 n\u0131 ziyaret etti - AvrupaPress","isPartOf":{"@id":"https:\/\/avrupapress.com\/#website"},"primaryImageOfPage":{"@id":"https:\/\/avrupapress.com\/main\/2024\/09\/30\/turk-mutfak-kulturunun-tasiyicilarindan-somer-sivrioglu-master-sef-eskisehir-turk-ocagi-ni-ziyaret-etti\/#primaryimage"},"image":{"@id":"https:\/\/avrupapress.com\/main\/2024\/09\/30\/turk-mutfak-kulturunun-tasiyicilarindan-somer-sivrioglu-master-sef-eskisehir-turk-ocagi-ni-ziyaret-etti\/#primaryimage"},"thumbnailUrl":"https:\/\/avrupapress.com\/main\/wp-content\/uploads\/2024\/09\/IMG-20240930-WA0060-e1727725821772.jpg","datePublished":"2024-09-30T19:50:35+00:00","dateModified":"2024-09-30T19:51:04+00:00","breadcrumb":{"@id":"https:\/\/avrupapress.com\/main\/2024\/09\/30\/turk-mutfak-kulturunun-tasiyicilarindan-somer-sivrioglu-master-sef-eskisehir-turk-ocagi-ni-ziyaret-etti\/#breadcrumb"},"inLanguage":"fr-BE","potentialAction":[{"@type":"ReadAction","target":["https:\/\/avrupapress.com\/main\/2024\/09\/30\/turk-mutfak-kulturunun-tasiyicilarindan-somer-sivrioglu-master-sef-eskisehir-turk-ocagi-ni-ziyaret-etti\/"]}]},{"@type":"ImageObject","inLanguage":"fr-BE","@id":"https:\/\/avrupapress.com\/main\/2024\/09\/30\/turk-mutfak-kulturunun-tasiyicilarindan-somer-sivrioglu-master-sef-eskisehir-turk-ocagi-ni-ziyaret-etti\/#primaryimage","url":"https:\/\/avrupapress.com\/main\/wp-content\/uploads\/2024\/09\/IMG-20240930-WA0060-e1727725821772.jpg","contentUrl":"https:\/\/avrupapress.com\/main\/wp-content\/uploads\/2024\/09\/IMG-20240930-WA0060-e1727725821772.jpg","width":1200,"height":850},{"@type":"BreadcrumbList","@id":"https:\/\/avrupapress.com\/main\/2024\/09\/30\/turk-mutfak-kulturunun-tasiyicilarindan-somer-sivrioglu-master-sef-eskisehir-turk-ocagi-ni-ziyaret-etti\/#breadcrumb","itemListElement":[{"@type":"ListItem","position":1,"name":"Anasayfa","item":"https:\/\/avrupapress.com\/"},{"@type":"ListItem","position":2,"name":"T\u00fcrk Mutfak K\u00fclt\u00fcr\u00fcn\u00fcn ta\u015f\u0131y\u0131c\u0131lar\u0131ndan Somer Sivrio\u011flu \u2018Master \u015fef\u2019 Eski\u015fehir T\u00fcrk Oca\u011f\u0131\u2019 n\u0131 ziyaret etti"}]},{"@type":"WebSite","@id":"https:\/\/avrupapress.com\/#website","url":"https:\/\/avrupapress.com\/","name":"AvrupaPress","description":"Haberin Adresi","publisher":{"@id":"https:\/\/avrupapress.com\/#\/schema\/person\/0223dca19c72c43575bf30d1a2d8f4fa"},"potentialAction":[{"@type":"SearchAction","target":{"@type":"EntryPoint","urlTemplate":"https:\/\/avrupapress.com\/?s={search_term_string}"},"query-input":{"@type":"PropertyValueSpecification","valueRequired":true,"valueName":"search_term_string"}}],"inLanguage":"fr-BE"},{"@type":["Person","Organization"],"@id":"https:\/\/avrupapress.com\/#\/schema\/person\/0223dca19c72c43575bf30d1a2d8f4fa","name":"Bilgin \u00d6z\u00e7ift\u00e7i","image":{"@type":"ImageObject","inLanguage":"fr-BE","@id":"https:\/\/avrupapress.com\/#\/schema\/person\/image\/","url":"https:\/\/secure.gravatar.com\/avatar\/0f23b280433a21e1ea7a0adcc46ed0ad16afe3ad8e630fd13d8a017dcbd54ef3?s=96&d=mm&r=g","contentUrl":"https:\/\/secure.gravatar.com\/avatar\/0f23b280433a21e1ea7a0adcc46ed0ad16afe3ad8e630fd13d8a017dcbd54ef3?s=96&d=mm&r=g","caption":"Bilgin \u00d6z\u00e7ift\u00e7i"},"logo":{"@id":"https:\/\/avrupapress.com\/#\/schema\/person\/image\/"},"description":"Ne ben, nede sen... Biz ancak \"biz\" olursak g\u00fc\u00e7l\u00fc olabiliriz"},{"@type":"Person","@id":"https:\/\/avrupapress.com\/#\/schema\/person\/68428444ec60970d1e1b700cf4ca1e8f","name":"Edit\u00f6r","image":{"@type":"ImageObject","inLanguage":"fr-BE","@id":"https:\/\/avrupapress.com\/#\/schema\/person\/image\/","url":"https:\/\/secure.gravatar.com\/avatar\/74996b0977aa5f1559ba9883776652508b229005c0d78fb2597897f0bd651c09?s=96&d=mm&r=g","contentUrl":"https:\/\/secure.gravatar.com\/avatar\/74996b0977aa5f1559ba9883776652508b229005c0d78fb2597897f0bd651c09?s=96&d=mm&r=g","caption":"Edit\u00f6r"},"sameAs":["http:\/\/www.avrupapress.com"],"url":"https:\/\/avrupapress.com\/main\/author\/editor\/"}]}},"_links":{"self":[{"href":"https:\/\/avrupapress.com\/main\/wp-json\/wp\/v2\/posts\/26855","targetHints":{"allow":["GET"]}}],"collection":[{"href":"https:\/\/avrupapress.com\/main\/wp-json\/wp\/v2\/posts"}],"about":[{"href":"https:\/\/avrupapress.com\/main\/wp-json\/wp\/v2\/types\/post"}],"author":[{"embeddable":true,"href":"https:\/\/avrupapress.com\/main\/wp-json\/wp\/v2\/users\/3"}],"replies":[{"embeddable":true,"href":"https:\/\/avrupapress.com\/main\/wp-json\/wp\/v2\/comments?post=26855"}],"version-history":[{"count":1,"href":"https:\/\/avrupapress.com\/main\/wp-json\/wp\/v2\/posts\/26855\/revisions"}],"predecessor-version":[{"id":26857,"href":"https:\/\/avrupapress.com\/main\/wp-json\/wp\/v2\/posts\/26855\/revisions\/26857"}],"wp:featuredmedia":[{"embeddable":true,"href":"https:\/\/avrupapress.com\/main\/wp-json\/wp\/v2\/media\/26856"}],"wp:attachment":[{"href":"https:\/\/avrupapress.com\/main\/wp-json\/wp\/v2\/media?parent=26855"}],"wp:term":[{"taxonomy":"category","embeddable":true,"href":"https:\/\/avrupapress.com\/main\/wp-json\/wp\/v2\/categories?post=26855"},{"taxonomy":"post_tag","embeddable":true,"href":"https:\/\/avrupapress.com\/main\/wp-json\/wp\/v2\/tags?post=26855"}],"curies":[{"name":"wp","href":"https:\/\/api.w.org\/{rel}","templated":true}]}}