{"id":26848,"date":"2024-09-29T20:03:55","date_gmt":"2024-09-29T20:03:55","guid":{"rendered":"https:\/\/avrupapress.com\/main\/?p=26848"},"modified":"2025-02-26T17:43:55","modified_gmt":"2025-02-26T17:43:55","slug":"emirdagda-esi-ve-oglunu-vurduktan-sonra-yasamina-son-verdi","status":"publish","type":"post","link":"https:\/\/avrupapress.com\/main\/2024\/09\/29\/emirdagda-esi-ve-oglunu-vurduktan-sonra-yasamina-son-verdi\/","title":{"rendered":"Emirdag,da E\u015fi ve o\u011flunu vurduktan sonra ya\u015fam\u0131na son verdi"},"content":{"rendered":"<h2 class=\"spot\">Afyonkarahisar&rsquo;in Emirdag ilcesi\u00a0 Eski Kacerli mahallesinde esi ile tartisan Seydi.A Once esi Sati.A ve 24 ya\u015f\u0131ndaki o\u011flunu silahla vurduktan sonra intihar etti.<\/h2>\n<h3 class=\"spot\">Afyonkarahisar&rsquo;in\u00a0 Emirda\u011f il\u00e7e Eski Kacerli mahellesinde meydana geldi. Edinilen bilgilere g\u00f6re, Kacerli Mahallesi&rsquo;nde ya\u015fayan S.A., bilinmeyen bir nedenle e\u015fi S.A. ile tart\u0131\u015ft\u0131. Tart\u0131\u015fman\u0131n kavgaya d\u00f6n\u00fc\u015ft\u00fc\u011f\u00fc olayda S.A., kar\u0131s\u0131n\u0131n \u00fczerine t\u00fcfekle ate\u015f a\u00e7t\u0131.<\/h3>\n<p>A\u00e7\u0131lan ate\u015f sonucu kar\u0131s\u0131 ve kavgay\u0131 ay\u0131rmaya \u00e7al\u0131\u015fan o\u011flu yaralan\u0131rken, S.A. ard\u0131ndan ayn\u0131 t\u00fcfekle intihar etti. Olay\u0131n duyulmas\u0131 \u00fczerine b\u00f6lgeye \u00e7ok say\u0131da polis ve sa\u011fl\u0131k ekibi sevk edildi. B\u00f6lgeye gelen ekipler, yaralanan kadin ve o\u011flunu ambulansla hastaneye kald\u0131rd\u0131.\u00a0 Sati .A Emirdag devlet hastanesinde hayatini kaybederken T\u00fcfe\u011fi ate\u015fleyen S.A.&rsquo;n\u0131n ise olay yerinde \u00f6ld\u00fc\u011f\u00fc belirlendi. Ekiplerin olay yerindeki incelemeleri devam ediyor.<br \/>\n<a href=\"https:\/\/www.tacotacosa.com\/\" title=\"bonus veren siteler\">bonus veren siteler<\/a><br \/>\n<img loading=\"lazy\" decoding=\"async\" class=\"alignnone size-medium wp-image-26849\" src=\"https:\/\/avrupapress.com\/main\/wp-content\/uploads\/2024\/09\/esi_ve_oglunu_vurduktan_sonra_yasamina_son_verdi_1727637402_2929-300x169.webp\" alt=\"\" width=\"300\" height=\"169\" srcset=\"https:\/\/avrupapress.com\/main\/wp-content\/uploads\/2024\/09\/esi_ve_oglunu_vurduktan_sonra_yasamina_son_verdi_1727637402_2929-300x169.webp 300w, https:\/\/avrupapress.com\/main\/wp-content\/uploads\/2024\/09\/esi_ve_oglunu_vurduktan_sonra_yasamina_son_verdi_1727637402_2929-1024x576.webp 1024w, https:\/\/avrupapress.com\/main\/wp-content\/uploads\/2024\/09\/esi_ve_oglunu_vurduktan_sonra_yasamina_son_verdi_1727637402_2929-768x432.webp 768w, https:\/\/avrupapress.com\/main\/wp-content\/uploads\/2024\/09\/esi_ve_oglunu_vurduktan_sonra_yasamina_son_verdi_1727637402_2929-740x420.webp 740w, https:\/\/avrupapress.com\/main\/wp-content\/uploads\/2024\/09\/esi_ve_oglunu_vurduktan_sonra_yasamina_son_verdi_1727637402_2929.webp 1280w\" sizes=\"auto, (max-width: 300px) 100vw, 300px\" \/><\/p>\n<p><img loading=\"lazy\" decoding=\"async\" class=\"alignnone size-medium wp-image-26850\" src=\"https:\/\/avrupapress.com\/main\/wp-content\/uploads\/2024\/09\/thumbnail_facebook_1727639182194_7246243932433899180-300x272.jpg\" alt=\"\" width=\"300\" height=\"272\" srcset=\"https:\/\/avrupapress.com\/main\/wp-content\/uploads\/2024\/09\/thumbnail_facebook_1727639182194_7246243932433899180-300x272.jpg 300w, https:\/\/avrupapress.com\/main\/wp-content\/uploads\/2024\/09\/thumbnail_facebook_1727639182194_7246243932433899180.jpg 444w\" sizes=\"auto, (max-width: 300px) 100vw, 300px\" \/><\/p>\n<p><img loading=\"lazy\" decoding=\"async\" class=\"alignnone size-medium wp-image-26851\" src=\"https:\/\/avrupapress.com\/main\/wp-content\/uploads\/2024\/09\/thumbnail_facebook_1727639066114_7246243445561442269-300x176.jpg\" alt=\"\" width=\"300\" height=\"176\" srcset=\"https:\/\/avrupapress.com\/main\/wp-content\/uploads\/2024\/09\/thumbnail_facebook_1727639066114_7246243445561442269-300x176.jpg 300w, https:\/\/avrupapress.com\/main\/wp-content\/uploads\/2024\/09\/thumbnail_facebook_1727639066114_7246243445561442269-768x451.jpg 768w, https:\/\/avrupapress.com\/main\/wp-content\/uploads\/2024\/09\/thumbnail_facebook_1727639066114_7246243445561442269-394x230.jpg 394w, https:\/\/avrupapress.com\/main\/wp-content\/uploads\/2024\/09\/thumbnail_facebook_1727639066114_7246243445561442269.jpg 860w\" sizes=\"auto, (max-width: 300px) 100vw, 300px\" \/><\/p>\n<p>&nbsp;<\/p>\n","protected":false},"excerpt":{"rendered":"<p>Afyonkarahisar&rsquo;in Emirdag ilcesi\u00a0 Eski Kacerli mahallesinde esi ile tartisan Seydi.A Once esi Sati.A ve 24 ya\u015f\u0131ndaki o\u011flunu silahla vurduktan sonra intihar etti. Afyonkarahisar&rsquo;in\u00a0 Emirda\u011f il\u00e7e Eski Kacerli mahellesinde meydana geldi. Edinilen bilgilere g\u00f6re, Kacerli Mahallesi&rsquo;nde ya\u015fayan S.A., bilinmeyen bir nedenle e\u015fi S.A. ile tart\u0131\u015ft\u0131. Tart\u0131\u015fman\u0131n kavgaya d\u00f6n\u00fc\u015ft\u00fc\u011f\u00fc olayda S.A., kar\u0131s\u0131n\u0131n \u00fczerine t\u00fcfekle ate\u015f a\u00e7t\u0131. A\u00e7\u0131lan [&hellip;]<\/p>\n","protected":false},"author":3,"featured_media":26851,"comment_status":"closed","ping_status":"open","sticky":false,"template":"","format":"standard","meta":{"footnotes":""},"categories":[14,16,3,17,18,15,19,2,1],"tags":[],"class_list":["post-26848","post","type-post","status-publish","format-standard","has-post-thumbnail","hentry","category-avrupa","category-belcika","category-dunya","category-ekonomi","category-kultur-sanat","category-spor","category-tanitim","category-turkiye","category-uncategorized"],"yoast_head":"<!-- This site is optimized with the Yoast SEO plugin v26.9 - https:\/\/yoast.com\/product\/yoast-seo-wordpress\/ -->\n<title>Emirdag,da E\u015fi ve o\u011flunu vurduktan sonra ya\u015fam\u0131na son verdi - AvrupaPress<\/title>\n<meta name=\"robots\" content=\"index, follow, max-snippet:-1, max-image-preview:large, max-video-preview:-1\" \/>\n<link rel=\"canonical\" href=\"https:\/\/avrupapress.com\/main\/2024\/09\/29\/emirdagda-esi-ve-oglunu-vurduktan-sonra-yasamina-son-verdi\/\" \/>\n<meta property=\"og:locale\" content=\"fr_FR\" \/>\n<meta property=\"og:type\" content=\"article\" \/>\n<meta property=\"og:title\" content=\"Emirdag,da E\u015fi ve o\u011flunu vurduktan sonra ya\u015fam\u0131na son verdi - AvrupaPress\" \/>\n<meta property=\"og:description\" content=\"Afyonkarahisar&rsquo;in Emirdag ilcesi\u00a0 Eski Kacerli mahallesinde esi ile tartisan Seydi.A Once esi Sati.A ve 24 ya\u015f\u0131ndaki o\u011flunu silahla vurduktan sonra intihar etti. Afyonkarahisar&rsquo;in\u00a0 Emirda\u011f il\u00e7e Eski Kacerli mahellesinde meydana geldi. Edinilen bilgilere g\u00f6re, Kacerli Mahallesi&rsquo;nde ya\u015fayan S.A., bilinmeyen bir nedenle e\u015fi S.A. ile tart\u0131\u015ft\u0131. Tart\u0131\u015fman\u0131n kavgaya d\u00f6n\u00fc\u015ft\u00fc\u011f\u00fc olayda S.A., kar\u0131s\u0131n\u0131n \u00fczerine t\u00fcfekle ate\u015f a\u00e7t\u0131. A\u00e7\u0131lan [&hellip;]\" \/>\n<meta property=\"og:url\" content=\"https:\/\/avrupapress.com\/main\/2024\/09\/29\/emirdagda-esi-ve-oglunu-vurduktan-sonra-yasamina-son-verdi\/\" \/>\n<meta property=\"og:site_name\" content=\"AvrupaPress\" \/>\n<meta property=\"article:published_time\" content=\"2024-09-29T20:03:55+00:00\" \/>\n<meta property=\"article:modified_time\" content=\"2025-02-26T17:43:55+00:00\" \/>\n<meta property=\"og:image\" content=\"https:\/\/avrupapress.com\/main\/wp-content\/uploads\/2024\/09\/thumbnail_facebook_1727639066114_7246243445561442269.jpg\" \/>\n\t<meta property=\"og:image:width\" content=\"860\" \/>\n\t<meta property=\"og:image:height\" content=\"505\" \/>\n\t<meta property=\"og:image:type\" content=\"image\/jpeg\" \/>\n<meta name=\"author\" content=\"Edit\u00f6r\" \/>\n<meta name=\"twitter:card\" content=\"summary_large_image\" \/>\n<meta name=\"twitter:label1\" content=\"\u00c9crit par\" \/>\n\t<meta name=\"twitter:data1\" content=\"Edit\u00f6r\" \/>\n\t<meta name=\"twitter:label2\" content=\"Dur\u00e9e de lecture est.\" \/>\n\t<meta name=\"twitter:data2\" content=\"2 minutes\" \/>\n<script type=\"application\/ld+json\" class=\"yoast-schema-graph\">{\"@context\":\"https:\/\/schema.org\",\"@graph\":[{\"@type\":\"Article\",\"@id\":\"https:\/\/avrupapress.com\/main\/2024\/09\/29\/emirdagda-esi-ve-oglunu-vurduktan-sonra-yasamina-son-verdi\/#article\",\"isPartOf\":{\"@id\":\"https:\/\/avrupapress.com\/main\/2024\/09\/29\/emirdagda-esi-ve-oglunu-vurduktan-sonra-yasamina-son-verdi\/\"},\"author\":{\"name\":\"Edit\u00f6r\",\"@id\":\"https:\/\/avrupapress.com\/#\/schema\/person\/68428444ec60970d1e1b700cf4ca1e8f\"},\"headline\":\"Emirdag,da E\u015fi ve o\u011flunu vurduktan sonra ya\u015fam\u0131na son verdi\",\"datePublished\":\"2024-09-29T20:03:55+00:00\",\"dateModified\":\"2025-02-26T17:43:55+00:00\",\"mainEntityOfPage\":{\"@id\":\"https:\/\/avrupapress.com\/main\/2024\/09\/29\/emirdagda-esi-ve-oglunu-vurduktan-sonra-yasamina-son-verdi\/\"},\"wordCount\":174,\"publisher\":{\"@id\":\"https:\/\/avrupapress.com\/#\/schema\/person\/0223dca19c72c43575bf30d1a2d8f4fa\"},\"image\":{\"@id\":\"https:\/\/avrupapress.com\/main\/2024\/09\/29\/emirdagda-esi-ve-oglunu-vurduktan-sonra-yasamina-son-verdi\/#primaryimage\"},\"thumbnailUrl\":\"https:\/\/avrupapress.com\/main\/wp-content\/uploads\/2024\/09\/thumbnail_facebook_1727639066114_7246243445561442269.jpg\",\"articleSection\":[\"Avrupa\",\"Bel\u00e7ika\",\"D\u00fcnya\",\"Ekonomi\",\"K\u00fclt\u00fcr-Sanat\",\"Spor\",\"Tan\u0131t\u0131m\",\"T\u00fcrkiye\",\"Uncategorized\"],\"inLanguage\":\"fr-BE\"},{\"@type\":\"WebPage\",\"@id\":\"https:\/\/avrupapress.com\/main\/2024\/09\/29\/emirdagda-esi-ve-oglunu-vurduktan-sonra-yasamina-son-verdi\/\",\"url\":\"https:\/\/avrupapress.com\/main\/2024\/09\/29\/emirdagda-esi-ve-oglunu-vurduktan-sonra-yasamina-son-verdi\/\",\"name\":\"Emirdag,da E\u015fi ve o\u011flunu vurduktan sonra ya\u015fam\u0131na son verdi - AvrupaPress\",\"isPartOf\":{\"@id\":\"https:\/\/avrupapress.com\/#website\"},\"primaryImageOfPage\":{\"@id\":\"https:\/\/avrupapress.com\/main\/2024\/09\/29\/emirdagda-esi-ve-oglunu-vurduktan-sonra-yasamina-son-verdi\/#primaryimage\"},\"image\":{\"@id\":\"https:\/\/avrupapress.com\/main\/2024\/09\/29\/emirdagda-esi-ve-oglunu-vurduktan-sonra-yasamina-son-verdi\/#primaryimage\"},\"thumbnailUrl\":\"https:\/\/avrupapress.com\/main\/wp-content\/uploads\/2024\/09\/thumbnail_facebook_1727639066114_7246243445561442269.jpg\",\"datePublished\":\"2024-09-29T20:03:55+00:00\",\"dateModified\":\"2025-02-26T17:43:55+00:00\",\"breadcrumb\":{\"@id\":\"https:\/\/avrupapress.com\/main\/2024\/09\/29\/emirdagda-esi-ve-oglunu-vurduktan-sonra-yasamina-son-verdi\/#breadcrumb\"},\"inLanguage\":\"fr-BE\",\"potentialAction\":[{\"@type\":\"ReadAction\",\"target\":[\"https:\/\/avrupapress.com\/main\/2024\/09\/29\/emirdagda-esi-ve-oglunu-vurduktan-sonra-yasamina-son-verdi\/\"]}]},{\"@type\":\"ImageObject\",\"inLanguage\":\"fr-BE\",\"@id\":\"https:\/\/avrupapress.com\/main\/2024\/09\/29\/emirdagda-esi-ve-oglunu-vurduktan-sonra-yasamina-son-verdi\/#primaryimage\",\"url\":\"https:\/\/avrupapress.com\/main\/wp-content\/uploads\/2024\/09\/thumbnail_facebook_1727639066114_7246243445561442269.jpg\",\"contentUrl\":\"https:\/\/avrupapress.com\/main\/wp-content\/uploads\/2024\/09\/thumbnail_facebook_1727639066114_7246243445561442269.jpg\",\"width\":860,\"height\":505},{\"@type\":\"BreadcrumbList\",\"@id\":\"https:\/\/avrupapress.com\/main\/2024\/09\/29\/emirdagda-esi-ve-oglunu-vurduktan-sonra-yasamina-son-verdi\/#breadcrumb\",\"itemListElement\":[{\"@type\":\"ListItem\",\"position\":1,\"name\":\"Anasayfa\",\"item\":\"https:\/\/avrupapress.com\/\"},{\"@type\":\"ListItem\",\"position\":2,\"name\":\"Emirdag,da E\u015fi ve o\u011flunu vurduktan sonra ya\u015fam\u0131na son verdi\"}]},{\"@type\":\"WebSite\",\"@id\":\"https:\/\/avrupapress.com\/#website\",\"url\":\"https:\/\/avrupapress.com\/\",\"name\":\"AvrupaPress\",\"description\":\"Haberin Adresi\",\"publisher\":{\"@id\":\"https:\/\/avrupapress.com\/#\/schema\/person\/0223dca19c72c43575bf30d1a2d8f4fa\"},\"potentialAction\":[{\"@type\":\"SearchAction\",\"target\":{\"@type\":\"EntryPoint\",\"urlTemplate\":\"https:\/\/avrupapress.com\/?s={search_term_string}\"},\"query-input\":{\"@type\":\"PropertyValueSpecification\",\"valueRequired\":true,\"valueName\":\"search_term_string\"}}],\"inLanguage\":\"fr-BE\"},{\"@type\":[\"Person\",\"Organization\"],\"@id\":\"https:\/\/avrupapress.com\/#\/schema\/person\/0223dca19c72c43575bf30d1a2d8f4fa\",\"name\":\"Bilgin \u00d6z\u00e7ift\u00e7i\",\"image\":{\"@type\":\"ImageObject\",\"inLanguage\":\"fr-BE\",\"@id\":\"https:\/\/avrupapress.com\/#\/schema\/person\/image\/\",\"url\":\"https:\/\/secure.gravatar.com\/avatar\/0f23b280433a21e1ea7a0adcc46ed0ad16afe3ad8e630fd13d8a017dcbd54ef3?s=96&d=mm&r=g\",\"contentUrl\":\"https:\/\/secure.gravatar.com\/avatar\/0f23b280433a21e1ea7a0adcc46ed0ad16afe3ad8e630fd13d8a017dcbd54ef3?s=96&d=mm&r=g\",\"caption\":\"Bilgin \u00d6z\u00e7ift\u00e7i\"},\"logo\":{\"@id\":\"https:\/\/avrupapress.com\/#\/schema\/person\/image\/\"},\"description\":\"Ne ben, nede sen... Biz ancak \\\"biz\\\" olursak g\u00fc\u00e7l\u00fc olabiliriz\"},{\"@type\":\"Person\",\"@id\":\"https:\/\/avrupapress.com\/#\/schema\/person\/68428444ec60970d1e1b700cf4ca1e8f\",\"name\":\"Edit\u00f6r\",\"image\":{\"@type\":\"ImageObject\",\"inLanguage\":\"fr-BE\",\"@id\":\"https:\/\/avrupapress.com\/#\/schema\/person\/image\/\",\"url\":\"https:\/\/secure.gravatar.com\/avatar\/74996b0977aa5f1559ba9883776652508b229005c0d78fb2597897f0bd651c09?s=96&d=mm&r=g\",\"contentUrl\":\"https:\/\/secure.gravatar.com\/avatar\/74996b0977aa5f1559ba9883776652508b229005c0d78fb2597897f0bd651c09?s=96&d=mm&r=g\",\"caption\":\"Edit\u00f6r\"},\"sameAs\":[\"http:\/\/www.avrupapress.com\"],\"url\":\"https:\/\/avrupapress.com\/main\/author\/editor\/\"}]}<\/script>\n<!-- \/ Yoast SEO plugin. -->","yoast_head_json":{"title":"Emirdag,da E\u015fi ve o\u011flunu vurduktan sonra ya\u015fam\u0131na son verdi - AvrupaPress","robots":{"index":"index","follow":"follow","max-snippet":"max-snippet:-1","max-image-preview":"max-image-preview:large","max-video-preview":"max-video-preview:-1"},"canonical":"https:\/\/avrupapress.com\/main\/2024\/09\/29\/emirdagda-esi-ve-oglunu-vurduktan-sonra-yasamina-son-verdi\/","og_locale":"fr_FR","og_type":"article","og_title":"Emirdag,da E\u015fi ve o\u011flunu vurduktan sonra ya\u015fam\u0131na son verdi - AvrupaPress","og_description":"Afyonkarahisar&rsquo;in Emirdag ilcesi\u00a0 Eski Kacerli mahallesinde esi ile tartisan Seydi.A Once esi Sati.A ve 24 ya\u015f\u0131ndaki o\u011flunu silahla vurduktan sonra intihar etti. Afyonkarahisar&rsquo;in\u00a0 Emirda\u011f il\u00e7e Eski Kacerli mahellesinde meydana geldi. Edinilen bilgilere g\u00f6re, Kacerli Mahallesi&rsquo;nde ya\u015fayan S.A., bilinmeyen bir nedenle e\u015fi S.A. ile tart\u0131\u015ft\u0131. Tart\u0131\u015fman\u0131n kavgaya d\u00f6n\u00fc\u015ft\u00fc\u011f\u00fc olayda S.A., kar\u0131s\u0131n\u0131n \u00fczerine t\u00fcfekle ate\u015f a\u00e7t\u0131. A\u00e7\u0131lan [&hellip;]","og_url":"https:\/\/avrupapress.com\/main\/2024\/09\/29\/emirdagda-esi-ve-oglunu-vurduktan-sonra-yasamina-son-verdi\/","og_site_name":"AvrupaPress","article_published_time":"2024-09-29T20:03:55+00:00","article_modified_time":"2025-02-26T17:43:55+00:00","og_image":[{"width":860,"height":505,"url":"https:\/\/avrupapress.com\/main\/wp-content\/uploads\/2024\/09\/thumbnail_facebook_1727639066114_7246243445561442269.jpg","type":"image\/jpeg"}],"author":"Edit\u00f6r","twitter_card":"summary_large_image","twitter_misc":{"\u00c9crit par":"Edit\u00f6r","Dur\u00e9e de lecture est.":"2 minutes"},"schema":{"@context":"https:\/\/schema.org","@graph":[{"@type":"Article","@id":"https:\/\/avrupapress.com\/main\/2024\/09\/29\/emirdagda-esi-ve-oglunu-vurduktan-sonra-yasamina-son-verdi\/#article","isPartOf":{"@id":"https:\/\/avrupapress.com\/main\/2024\/09\/29\/emirdagda-esi-ve-oglunu-vurduktan-sonra-yasamina-son-verdi\/"},"author":{"name":"Edit\u00f6r","@id":"https:\/\/avrupapress.com\/#\/schema\/person\/68428444ec60970d1e1b700cf4ca1e8f"},"headline":"Emirdag,da E\u015fi ve o\u011flunu vurduktan sonra ya\u015fam\u0131na son verdi","datePublished":"2024-09-29T20:03:55+00:00","dateModified":"2025-02-26T17:43:55+00:00","mainEntityOfPage":{"@id":"https:\/\/avrupapress.com\/main\/2024\/09\/29\/emirdagda-esi-ve-oglunu-vurduktan-sonra-yasamina-son-verdi\/"},"wordCount":174,"publisher":{"@id":"https:\/\/avrupapress.com\/#\/schema\/person\/0223dca19c72c43575bf30d1a2d8f4fa"},"image":{"@id":"https:\/\/avrupapress.com\/main\/2024\/09\/29\/emirdagda-esi-ve-oglunu-vurduktan-sonra-yasamina-son-verdi\/#primaryimage"},"thumbnailUrl":"https:\/\/avrupapress.com\/main\/wp-content\/uploads\/2024\/09\/thumbnail_facebook_1727639066114_7246243445561442269.jpg","articleSection":["Avrupa","Bel\u00e7ika","D\u00fcnya","Ekonomi","K\u00fclt\u00fcr-Sanat","Spor","Tan\u0131t\u0131m","T\u00fcrkiye","Uncategorized"],"inLanguage":"fr-BE"},{"@type":"WebPage","@id":"https:\/\/avrupapress.com\/main\/2024\/09\/29\/emirdagda-esi-ve-oglunu-vurduktan-sonra-yasamina-son-verdi\/","url":"https:\/\/avrupapress.com\/main\/2024\/09\/29\/emirdagda-esi-ve-oglunu-vurduktan-sonra-yasamina-son-verdi\/","name":"Emirdag,da E\u015fi ve o\u011flunu vurduktan sonra ya\u015fam\u0131na son verdi - AvrupaPress","isPartOf":{"@id":"https:\/\/avrupapress.com\/#website"},"primaryImageOfPage":{"@id":"https:\/\/avrupapress.com\/main\/2024\/09\/29\/emirdagda-esi-ve-oglunu-vurduktan-sonra-yasamina-son-verdi\/#primaryimage"},"image":{"@id":"https:\/\/avrupapress.com\/main\/2024\/09\/29\/emirdagda-esi-ve-oglunu-vurduktan-sonra-yasamina-son-verdi\/#primaryimage"},"thumbnailUrl":"https:\/\/avrupapress.com\/main\/wp-content\/uploads\/2024\/09\/thumbnail_facebook_1727639066114_7246243445561442269.jpg","datePublished":"2024-09-29T20:03:55+00:00","dateModified":"2025-02-26T17:43:55+00:00","breadcrumb":{"@id":"https:\/\/avrupapress.com\/main\/2024\/09\/29\/emirdagda-esi-ve-oglunu-vurduktan-sonra-yasamina-son-verdi\/#breadcrumb"},"inLanguage":"fr-BE","potentialAction":[{"@type":"ReadAction","target":["https:\/\/avrupapress.com\/main\/2024\/09\/29\/emirdagda-esi-ve-oglunu-vurduktan-sonra-yasamina-son-verdi\/"]}]},{"@type":"ImageObject","inLanguage":"fr-BE","@id":"https:\/\/avrupapress.com\/main\/2024\/09\/29\/emirdagda-esi-ve-oglunu-vurduktan-sonra-yasamina-son-verdi\/#primaryimage","url":"https:\/\/avrupapress.com\/main\/wp-content\/uploads\/2024\/09\/thumbnail_facebook_1727639066114_7246243445561442269.jpg","contentUrl":"https:\/\/avrupapress.com\/main\/wp-content\/uploads\/2024\/09\/thumbnail_facebook_1727639066114_7246243445561442269.jpg","width":860,"height":505},{"@type":"BreadcrumbList","@id":"https:\/\/avrupapress.com\/main\/2024\/09\/29\/emirdagda-esi-ve-oglunu-vurduktan-sonra-yasamina-son-verdi\/#breadcrumb","itemListElement":[{"@type":"ListItem","position":1,"name":"Anasayfa","item":"https:\/\/avrupapress.com\/"},{"@type":"ListItem","position":2,"name":"Emirdag,da E\u015fi ve o\u011flunu vurduktan sonra ya\u015fam\u0131na son verdi"}]},{"@type":"WebSite","@id":"https:\/\/avrupapress.com\/#website","url":"https:\/\/avrupapress.com\/","name":"AvrupaPress","description":"Haberin Adresi","publisher":{"@id":"https:\/\/avrupapress.com\/#\/schema\/person\/0223dca19c72c43575bf30d1a2d8f4fa"},"potentialAction":[{"@type":"SearchAction","target":{"@type":"EntryPoint","urlTemplate":"https:\/\/avrupapress.com\/?s={search_term_string}"},"query-input":{"@type":"PropertyValueSpecification","valueRequired":true,"valueName":"search_term_string"}}],"inLanguage":"fr-BE"},{"@type":["Person","Organization"],"@id":"https:\/\/avrupapress.com\/#\/schema\/person\/0223dca19c72c43575bf30d1a2d8f4fa","name":"Bilgin \u00d6z\u00e7ift\u00e7i","image":{"@type":"ImageObject","inLanguage":"fr-BE","@id":"https:\/\/avrupapress.com\/#\/schema\/person\/image\/","url":"https:\/\/secure.gravatar.com\/avatar\/0f23b280433a21e1ea7a0adcc46ed0ad16afe3ad8e630fd13d8a017dcbd54ef3?s=96&d=mm&r=g","contentUrl":"https:\/\/secure.gravatar.com\/avatar\/0f23b280433a21e1ea7a0adcc46ed0ad16afe3ad8e630fd13d8a017dcbd54ef3?s=96&d=mm&r=g","caption":"Bilgin \u00d6z\u00e7ift\u00e7i"},"logo":{"@id":"https:\/\/avrupapress.com\/#\/schema\/person\/image\/"},"description":"Ne ben, nede sen... Biz ancak \"biz\" olursak g\u00fc\u00e7l\u00fc olabiliriz"},{"@type":"Person","@id":"https:\/\/avrupapress.com\/#\/schema\/person\/68428444ec60970d1e1b700cf4ca1e8f","name":"Edit\u00f6r","image":{"@type":"ImageObject","inLanguage":"fr-BE","@id":"https:\/\/avrupapress.com\/#\/schema\/person\/image\/","url":"https:\/\/secure.gravatar.com\/avatar\/74996b0977aa5f1559ba9883776652508b229005c0d78fb2597897f0bd651c09?s=96&d=mm&r=g","contentUrl":"https:\/\/secure.gravatar.com\/avatar\/74996b0977aa5f1559ba9883776652508b229005c0d78fb2597897f0bd651c09?s=96&d=mm&r=g","caption":"Edit\u00f6r"},"sameAs":["http:\/\/www.avrupapress.com"],"url":"https:\/\/avrupapress.com\/main\/author\/editor\/"}]}},"_links":{"self":[{"href":"https:\/\/avrupapress.com\/main\/wp-json\/wp\/v2\/posts\/26848","targetHints":{"allow":["GET"]}}],"collection":[{"href":"https:\/\/avrupapress.com\/main\/wp-json\/wp\/v2\/posts"}],"about":[{"href":"https:\/\/avrupapress.com\/main\/wp-json\/wp\/v2\/types\/post"}],"author":[{"embeddable":true,"href":"https:\/\/avrupapress.com\/main\/wp-json\/wp\/v2\/users\/3"}],"replies":[{"embeddable":true,"href":"https:\/\/avrupapress.com\/main\/wp-json\/wp\/v2\/comments?post=26848"}],"version-history":[{"count":3,"href":"https:\/\/avrupapress.com\/main\/wp-json\/wp\/v2\/posts\/26848\/revisions"}],"predecessor-version":[{"id":28302,"href":"https:\/\/avrupapress.com\/main\/wp-json\/wp\/v2\/posts\/26848\/revisions\/28302"}],"wp:featuredmedia":[{"embeddable":true,"href":"https:\/\/avrupapress.com\/main\/wp-json\/wp\/v2\/media\/26851"}],"wp:attachment":[{"href":"https:\/\/avrupapress.com\/main\/wp-json\/wp\/v2\/media?parent=26848"}],"wp:term":[{"taxonomy":"category","embeddable":true,"href":"https:\/\/avrupapress.com\/main\/wp-json\/wp\/v2\/categories?post=26848"},{"taxonomy":"post_tag","embeddable":true,"href":"https:\/\/avrupapress.com\/main\/wp-json\/wp\/v2\/tags?post=26848"}],"curies":[{"name":"wp","href":"https:\/\/api.w.org\/{rel}","templated":true}]}}