{"id":26841,"date":"2024-09-28T19:34:54","date_gmt":"2024-09-28T19:34:54","guid":{"rendered":"https:\/\/avrupapress.com\/main\/?p=26841"},"modified":"2024-09-28T19:35:09","modified_gmt":"2024-09-28T19:35:09","slug":"hak-ve-adalet-nizamini-kuracagiz-insanlara-yapilacak-en-buyuk-iyilik-bugun-dunyada-buyuk-zulumler-facialar-yasanirken-gecmiste-defalarca-saadet-medeniyetini-kurmus-ecdadin-afadi-olarak-bizim-cok-et","status":"publish","type":"post","link":"https:\/\/avrupapress.com\/main\/2024\/09\/28\/hak-ve-adalet-nizamini-kuracagiz-insanlara-yapilacak-en-buyuk-iyilik-bugun-dunyada-buyuk-zulumler-facialar-yasanirken-gecmiste-defalarca-saadet-medeniyetini-kurmus-ecdadin-afadi-olarak-bizim-cok-et\/","title":{"rendered":"HAK VE ADALET N\u0130ZAMINI KURACA\u011eIZ \u0130NSANLARA YAPILACAK EN B\u00dcY\u00dcK \u0130Y\u0130L\u0130K BUG\u00dcN D\u00dcNYADA B\u00dcY\u00dcK ZUL\u00dcMLER, FAC\u0130ALAR YA\u015eANIRKEN, GE\u00c7M\u0130\u015eTE DEFALARCA  SAADET MEDEN\u0130YET\u0130N\u0130 KURMU\u015e ECDADIN AFADI OLARAK B\u0130Z\u0130M \u00c7OK ETK\u0130L\u0130 \u00c7ALI\u015eARAK YERY\u00dcZ\u00dcNDE HAK VE ADALET N\u0130ZAMI KURMAMIZ GEREK\u0130YOR"},"content":{"rendered":"<div dir=\"auto\">Ecdad\u0131n afad\u0131 olarak bizim canla ba\u015fla \u00e7al\u0131\u015farak yeniden yery\u00fcz\u00fcnde Hak ve Adalet Nizam\u0131&rsquo;n\u0131 kurmam\u0131z gerekiyor.<\/div>\n<div dir=\"auto\">\u00ab\u00a0Cihad etmek ne demektir ?<\/div>\n<div dir=\"auto\">Tarifime dikkat buyurun:<\/div>\n<div dir=\"auto\">B\u00fct\u00fcn insanl\u0131\u011f\u0131n saadeti i\u00e7in, sadece M\u00fcsl\u00fcmanlar\u0131n de\u011fil, b\u00fct\u00fcn insanlar\u0131n saadeti i\u00e7in,<\/div>\n<div dir=\"auto\">yery\u00fcz\u00fcnde Hak ve Adalet Nizam\u0131&rsquo;n\u0131n kurulmas\u0131 gayesi ile hep beraber, disiplinli bir topluluk olarak, \u00e7al\u0131\u015fma farz\u0131n\u0131n ad\u0131na Cihat Farz\u0131 derler.<\/div>\n<div dir=\"auto\">Kur&rsquo;an-\u0131 Kerim&rsquo;de Namaz 50 yerde emredilmi\u015fse Cihat da 100&rsquo;den fazla yerde emredilmi\u015ftir. Yani Rabbimize \u015f\u00fckretmek i\u00e7in Cihat edece\u011fiz. Cihat edece\u011fiz. Cihat edece\u011fiz. Cihat edece\u011fiz. B\u00fct\u00fcn insanl\u0131\u011f\u0131n saadeti i\u00e7in \u00e7al\u0131\u015faca\u011f\u0131z. Bundan dolay\u0131 bizim \u015fu yapt\u0131\u011f\u0131m\u0131z bu \u00e7al\u0131\u015fmalar\u0131 keyfi olarak yapm\u0131yoruz, ald\u0131\u011f\u0131m\u0131z nimetlere \u015f\u00fck\u00fcr olsun diye yap\u0131yoruz , yapmaya mecbur oldu\u011fumuz i\u00e7in yap\u0131yoruz. Bu inan\u00e7la yapt\u0131\u011f\u0131m\u0131z i\u00e7indir k;i Biz insanl\u0131\u011f\u0131n saadeti i\u00e7in \u00e7al\u0131\u015fan, ibadet eden kimseleriz.<\/div>\n<div dir=\"auto\">\u00d6b\u00fcrlerinden farkl\u0131y\u0131z. Milletvekili olay\u0131m diye de\u011fil, ihale alay\u0131m diye de\u011fil, o\u011flumu i\u015fe yerle\u015ftireyim diye de\u011fil, Allah&rsquo;\u0131m b\u00fct\u00fcn kullar\u0131 saadet bulsun diye bu \u00e7al\u0131\u015fma yapt\u0131\u011f\u0131m\u0131zdan dolay\u0131 bu \u00e7al\u0131\u015fman\u0131n yeri ba\u015fkad\u0131r, k\u0131ymeti ba\u015fkad\u0131r, \u00f6b\u00fcrleri ile mukayese kabul etmez.<\/div>\n<div dir=\"auto\">Bundan dolay\u0131 Milli G\u00f6r\u00fc\u015f ba\u015fka \u0130\u015fbirlik\u00e7i ve Taklit\u00e7i G\u00f6r\u00fc\u015fler ba\u015fka. Onlardan hay\u0131r gelmez, onlar saadet getiremezler. Tarih, Co\u011frafya, akl\u0131m\u0131z, bizzat Cenab-\u0131 Hakk&rsquo;\u0131n kendi ayetleri, bu ger\u00e7e\u011fi apa\u00e7\u0131k g\u00f6stermektedir. Bundan dolay\u0131d\u0131r ki saadet i\u00e7in mutlaka Hak ve Adalet Nizam\u0131&rsquo;n\u0131n kurulmas\u0131 ve insanlar\u0131n hepsinin mesut olmas\u0131 i\u00e7in yery\u00fcz\u00fcnde Adil Bir D\u00fczenin kurulmas\u0131 laz\u0131md\u0131r. Bu da insanlar\u0131n \u00e7al\u0131\u015fmas\u0131yla m\u00fcmk\u00fcnd\u00fcr, \u00a0Cihat etmesi ile m\u00fcmk\u00fcnd\u00fcr. \u0130\u015fte bu g\u00f6revin ifas\u0131 en b\u00fcy\u00fck ibadettir, insanlara yap\u0131lacak en b\u00fcy\u00fck iyiliktir.<\/div>\n<div dir=\"auto\">Bizim kliplerimiz var. Afrika&rsquo;daki a\u00e7lar\u0131 g\u00f6steriyor. Faizci Kapitalist Nizam a\u00e7lar \u00f6ylesine s\u00f6m\u00fcrm\u00fc\u015f ki: Adam a\u00e7l\u0131ktan kolu kalkm\u0131yor. Biz o insan da insan gibi ya\u015fas\u0131n diye \u00e7al\u0131\u015f\u0131yoruz. Sadece kendi \u00fclkemizde \u00e7\u00f6pl\u00fckten yiyecek toplayanlar kurtulsun diye de\u011fil, b\u00fct\u00fcn insanl\u0131k kurtulsun diye \u00e7al\u0131\u015f\u0131yoruz.<\/div>\n<div dir=\"auto\">Ecdad\u0131m\u0131z da b\u00f6yle \u00e7al\u0131\u015f\u0131yordu. Ecdad\u0131m\u0131z Mo\u011fol istilas\u0131ndan \u00f6nce bu Saadet Medeniyetini kurmu\u015ftu. Bu istila ile her \u015fey tarumar oldu. Yeniden tekrar kurdu.Timur istilas\u0131ndan sonra bir kere daha kurdu. Cihan harbinden sonra bir kere daha kurdu. \u00a0\u015eimdi tekrar Irk\u00e7\u0131 Emperyalizm , Siyonizm insanlara zulmediyor, ba\u015fta M\u00fcsl\u00fcmanlar olmak \u00fczere her yerde en b\u00fcy\u00fck facialar ya\u015fan\u0131yor. B\u00fct\u00fcn insanl\u0131k bunlardan kurtulmak i\u00e7in o ecdad\u0131n af\u00e2d\u0131 olarak bizim \u00e7al\u0131\u015farak yeniden yery\u00fcz\u00fcnde Hak ve Adalet Nizam\u0131&rsquo;n\u0131 kurmam\u0131z gerekiyor. \u0130\u015fte biz bundan dolay\u0131 \u00e7al\u0131\u015f\u0131yoruz. Bndan dolay\u0131 \u00f6b\u00fcrlerinden bir tanesi de\u011filiz. Biz b\u00fct\u00fcn insanl\u0131k i\u00e7in \u00e7al\u0131\u015f\u0131yoruz .\u0130badet a\u015fk\u0131 ile \u00e7al\u0131\u015f\u0131yoruz, en b\u00fcy\u00fck hayr\u0131 i\u015fliyoruz Allah bizi bu yoldan ay\u0131rmas\u0131n. Amin.\u00a0\u00bb<\/div>\n<div dir=\"auto\">Asr\u0131n lLderi<\/div>\n<div dir=\"auto\">Milli G\u00f6r\u00fc\u015f Saadet Partisi Genel Ba\u015fkan\u0131<\/div>\n<div dir=\"auto\">Efsane Ba\u015fbakan<\/div>\n<div dir=\"auto\">Cennet Mekan<\/div>\n<div dir=\"auto\">Prof. Dr. Necmettin Erbakan<\/div>\n<div dir=\"auto\"><\/div>\n<div dir=\"auto\">\u0130\u015fte bu do\u011fru istikamette \u00e7al\u0131\u015fmaya b\u00fct\u00fcn azim ve kararl\u0131l\u0131\u011f\u0131m\u0131zla devam etmeliyiz.<\/div>\n<div dir=\"auto\">De\u011ferli Karde\u015flerim, Milli G\u00f6r\u00fc\u015f davam\u0131za \u0130lim ve gayret dolu hayat\u0131n\u0131 vakfeden ge\u00e7mi\u015flerimize Allah rahmet eylesin. Mekanlar\u0131 cennet, makamlar\u0131 \u00e2li olsun.<\/div>\n<div dir=\"auto\">Onlar\u0131 minnetle yad ediyoruz.<\/div>\n<div dir=\"auto\">Onlar\u0131 bize hep uyard\u0131lar \u00ab\u00a0T\u00fcrkiye&rsquo;ye Sevri uygulayacaklar \u00a0\u00bb diye uyard\u0131lar.<\/div>\n<div dir=\"auto\">Bunlara kalsa, bug\u00fcnk\u00fc \u015fuursuz i\u015fbirlik\u00e7i h\u00fck\u00fcmete kalsa, \u0130ran&rsquo;la sava\u015fmaya da kalkar.<\/div>\n<div dir=\"auto\">Bunlar onlarla beraber olur \u0130ran&rsquo;la da sava\u015fmaya kalkarlar.<\/div>\n<div dir=\"auto\">B\u00f6ylece \u0130sl\u00e2m alemini darbederler, insanl\u0131\u011f\u0131 mahvederler.<\/div>\n<div dir=\"auto\">B\u00f6yle olmasa dahi arkadan hedef T\u00fcrkiye&rsquo;dir.<\/div>\n<div dir=\"auto\">T\u00fcrkiye&rsquo;ye \u00a0h\u00fccum edecekler.<\/div>\n<div dir=\"auto\">Sevri uygulayacaklar.<\/div>\n<div dir=\"auto\">\u0130\u015fte De\u011ferli Karde\u015flerim bizler \u00fczerimize d\u00fc\u015fenleri yapmak ile mesul\u00fcz.<\/div>\n<div dir=\"auto\">Durum ortadad\u0131r.<\/div>\n<div dir=\"auto\">Hepinizi Allah&rsquo;a emanet ediyorum. Birbirinize Allah&rsquo;\u0131n emretti\u011fi gibi s\u0131ms\u0131k\u0131 sar\u0131l\u0131n ve sevin ve Allah&rsquo;\u0131n yolundan ayr\u0131lmay\u0131n.<\/div>\n<div dir=\"auto\">\u00c7\u00fcnk\u00fc bu yolda Hayat \u0130zzet ve saadet var ve cennet var.<\/div>\n<div dir=\"auto\">De\u011ferli Karde\u015flerim insanlar\u0131n yasa yapt\u0131\u011f\u0131n\u0131 herkes biliyor da yasalar\u0131n insan yapt\u0131\u011f\u0131n\u0131 pek az ki\u015fi biliyor.<\/div>\n<div dir=\"auto\">Er ge\u00e7 ama er ge\u00e7 mutlaka zafer gelecek.<\/div>\n<div dir=\"auto\">Allah&rsquo;\u0131n yard\u0131m edip de ba\u015far\u0131l\u0131 olmam\u0131\u015f hi\u00e7bir durum yoktur.<\/div>\n<div dir=\"auto\">Yar\u0131m yamalak inanm\u0131\u015f insanlarla bu i\u015f olmaz<\/div>\n<div dir=\"auto\">D\u00fc\u015f\u00fcncesi yar\u0131m yamalak olan, eylemi yar\u0131m yamalak olan insanlarla bu i\u015f olmaz.<\/div>\n<div dir=\"auto\">Yasa, \u00a0yasama yap\u0131land\u0131rmac\u0131d\u0131r.<\/div>\n<div dir=\"auto\">Toplum da s\u00f6ylemlere bak\u0131yor fakat kal\u0131c\u0131 ve \u0130n\u015fa edici olan yasalard\u0131r. Piyasalar etkilidir, meclis etkilidir. Toplum uykudad\u0131r, narkozdad\u0131r.<\/div>\n<div dir=\"auto\">Allah yolunda cihad a\u015f\u0131klar\u0131 \u015funu da unutmay\u0131n\u0131z namaz\u0131 terk edene \u0130sl\u00e2m yoktur.<\/div>\n<div dir=\"auto\">Cihad\u0131 terk eden d\u00fcnya imtihan\u0131n\u0131 kazanamaz.<\/div>\n<div dir=\"auto\">T\u00e2katimizin sonuna kadar cihad edece\u011fiz, onun ad\u0131 a\u015fkt\u0131r, cihad\u0131n ad\u0131 a\u015fkt\u0131r&#8230;<\/div>\n<div dir=\"auto\">Cihat a\u015fk\u0131yla bu \u00e7al\u0131\u015fmalar\u0131 yapaca\u011f\u0131z \u00a0\u0130n\u015faAllah.<\/div>\n<div dir=\"auto\"><\/div>\n<div dir=\"auto\">Siyonizmin Koyu K\u00f6lelik D\u00fczeni i\u00e7in, Faizci Kapitalist Sistemin y\u00fcr\u00fct\u00fcc\u00fcs\u00fc, K\u00f6le D\u00fczeninin y\u00fcr\u00fct\u00fcc\u00fcs\u00fc, yard\u0131m ve yatak\u00e7\u0131lar\u0131 BM&rsquo;de hayk\u0131rarak Gazze&rsquo;deki Soyk\u0131r\u0131m\u0131 durduramazlar !<\/div>\n<div dir=\"auto\">Zaten Birle\u015fmi\u015f Milletlerde 1948&rsquo;de \u0130sraili kurmak i\u00e7in kurulmu\u015ftu.<\/div>\n<div dir=\"auto\">Bu Birle\u015fmi\u015f Milletlerden kimseye fayda gelmez.<\/div>\n<div dir=\"auto\">BM h\u00e2yr i\u00e7in de\u011fil, zaman kazan\u0131p \u0130sraili ayakta tutmak, Mutlak \u015eer i\u00e7in \u00e7al\u0131\u015fmaktad\u0131r.<\/div>\n<div dir=\"auto\"><\/div>\n<div dir=\"auto\">Biz yery\u00fcz\u00fcnde D8&rsquo;ler ile \u0130sl\u00e2m Natosunu, \u0130sl\u00e2m Birle\u015fmi\u015f Milletlerini er yada ge\u00e7 kuraca\u011f\u0131z \u0130n\u015faAllah.<\/div>\n<div dir=\"auto\"><\/div>\n<div dir=\"auto\">Mill\u00ee G\u00f6r\u00fc\u015f Saadet Partisi olarak, \u015euurlu M\u00fcsl\u00fcmanlar olarak, Direni\u015f Cephemiz olarak<\/div>\n<div dir=\"auto\">biz gere\u011fini yapt\u0131\u011f\u0131m\u0131zda<\/div>\n<div dir=\"auto\">\u0130sraille beraber \u0130\u015fbirlik\u00e7ileri de y\u0131k\u0131lacaklard\u0131r.<\/div>\n<div dir=\"auto\">\u0130nan\u0131yorsan\u0131z \u00fcst\u00fcns\u00fcn\u00fcz.<\/div>\n<div dir=\"auto\">Zafere giden seferimiz \u00a0m\u00fcbarek olsun.<\/div>\n<div dir=\"auto\">Biz kuvveti de\u011fil hakk\u0131 \u00fcst\u00fcn tutan bir medeniyyetiz.<\/div>\n<div dir=\"auto\">Biz b\u00fct\u00fcn insanl\u0131\u011f\u0131n mutlulu\u011fu i\u00e7in \u00e7al\u0131\u015f\u0131yoruz.<\/div>\n<div dir=\"auto\">B\u00fct\u00fcn insanl\u0131k huzur ve mutlulu\u011fu \u0130sl\u00e2mla bulacak.<\/div>\n<div dir=\"auto\">\u0130sl\u00e2ms\u0131z saadet olmaz.<\/div>\n<div dir=\"auto\">Zafer yak\u0131nd\u0131r.<\/div>\n<div dir=\"auto\"><\/div>\n<div dir=\"auto\">B\u0130RL\u0130KTE RAHMET AYRILIKTA AZAP VARDIR.<\/div>\n<div dir=\"auto\">BU B\u0130R \u0130MT\u0130HANDIR.<\/div>\n<div dir=\"auto\">BU B\u0130R S\u00dcRE\u00c7T\u0130R.<\/div>\n<div dir=\"auto\">YEN\u0130DEN B\u00dcY\u00dcK T\u00dcRK\u0130YE&rsquo;Y\u0130 VE YEN\u0130 B\u0130R SAADET D\u00dcNYASI&rsquo;NI KURMA S\u00dcREC\u0130D\u0130R. TIPKI ASR-I SAADET G\u0130B\u0130 YEN\u0130 B\u0130R SAADET D\u00dcNYASI KURULACAKTIR. ALLAH&rsquo;IN \u0130ZN\u0130 \u0130LE.<\/div>\n<div dir=\"auto\">Allah(c.c.), g\u00fcn\u00fcn feyzi, bereketini size ve ailenize ihsan eylesin. Sa\u011fl\u0131kl\u0131, hay\u0131rl\u0131 ve m\u00fcreffeh bir hayat ihsan eylesin.<\/div>\n<div dir=\"auto\"><\/div>\n<div dir=\"auto\">\u00ab\u00a0Hilafet Bayra\u011f\u0131 Kud\u00fcste kald\u0131r\u0131lacakt\u0131r.\u00a0\u00bb<\/div>\n<div dir=\"auto\">Erbakan Hocam\u0131z\u0131n Yak\u0131n Dostu ve Malezya \u0130sl\u00e2m Partisi Genel Ba\u015fkan\u0131 Abdul Hadi Awang<\/div>\n<div dir=\"auto\">Malezya&rsquo;da \u0130ktidardaki Parti<\/div>\n<div dir=\"auto\">Mill\u00ee Gazete&rsquo;ye konu\u015ftu.<\/div>\n<div dir=\"auto\"><\/div>\n<div dir=\"auto\"><\/div>\n<div dir=\"auto\"><\/div>\n<div dir=\"auto\"><strong>Muharrem Boz\u00e7al\u00a0 \u00a0 \u00a0\/\u00a0 \u00a0 \u00a0AVRUPAPRESS<\/strong><\/div>\n<div dir=\"auto\"><\/div>\n<div dir=\"auto\"><\/div>\n","protected":false},"excerpt":{"rendered":"<p>Ecdad\u0131n afad\u0131 olarak bizim canla ba\u015fla \u00e7al\u0131\u015farak yeniden yery\u00fcz\u00fcnde Hak ve Adalet Nizam\u0131&rsquo;n\u0131 kurmam\u0131z gerekiyor. \u00ab\u00a0Cihad etmek ne demektir ? Tarifime dikkat buyurun: B\u00fct\u00fcn insanl\u0131\u011f\u0131n saadeti i\u00e7in, sadece M\u00fcsl\u00fcmanlar\u0131n de\u011fil, b\u00fct\u00fcn insanlar\u0131n saadeti i\u00e7in, yery\u00fcz\u00fcnde Hak ve Adalet Nizam\u0131&rsquo;n\u0131n kurulmas\u0131 gayesi ile hep beraber, disiplinli bir topluluk olarak, \u00e7al\u0131\u015fma farz\u0131n\u0131n ad\u0131na Cihat Farz\u0131 derler. Kur&rsquo;an-\u0131 [&hellip;]<\/p>\n","protected":false},"author":3,"featured_media":25980,"comment_status":"closed","ping_status":"open","sticky":false,"template":"","format":"standard","meta":{"footnotes":""},"categories":[14,16,3,17,18,15,19,2,1],"tags":[],"class_list":["post-26841","post","type-post","status-publish","format-standard","has-post-thumbnail","hentry","category-avrupa","category-belcika","category-dunya","category-ekonomi","category-kultur-sanat","category-spor","category-tanitim","category-turkiye","category-uncategorized"],"yoast_head":"<!-- This site is optimized with the Yoast SEO plugin v26.9 - https:\/\/yoast.com\/product\/yoast-seo-wordpress\/ -->\n<title>HAK VE ADALET N\u0130ZAMINI KURACA\u011eIZ \u0130NSANLARA YAPILACAK EN B\u00dcY\u00dcK \u0130Y\u0130L\u0130K BUG\u00dcN D\u00dcNYADA B\u00dcY\u00dcK ZUL\u00dcMLER, FAC\u0130ALAR YA\u015eANIRKEN, GE\u00c7M\u0130\u015eTE DEFALARCA SAADET MEDEN\u0130YET\u0130N\u0130 KURMU\u015e ECDADIN AFADI OLARAK B\u0130Z\u0130M \u00c7OK ETK\u0130L\u0130 \u00c7ALI\u015eARAK YERY\u00dcZ\u00dcNDE HAK VE ADALET N\u0130ZAMI KURMAMIZ GEREK\u0130YOR - AvrupaPress<\/title>\n<meta name=\"robots\" content=\"index, follow, max-snippet:-1, max-image-preview:large, max-video-preview:-1\" \/>\n<link rel=\"canonical\" href=\"https:\/\/avrupapress.com\/main\/2024\/09\/28\/hak-ve-adalet-nizamini-kuracagiz-insanlara-yapilacak-en-buyuk-iyilik-bugun-dunyada-buyuk-zulumler-facialar-yasanirken-gecmiste-defalarca-saadet-medeniyetini-kurmus-ecdadin-afadi-olarak-bizim-cok-et\/\" \/>\n<meta property=\"og:locale\" content=\"fr_FR\" \/>\n<meta property=\"og:type\" content=\"article\" \/>\n<meta property=\"og:title\" content=\"HAK VE ADALET N\u0130ZAMINI KURACA\u011eIZ \u0130NSANLARA YAPILACAK EN B\u00dcY\u00dcK \u0130Y\u0130L\u0130K BUG\u00dcN D\u00dcNYADA B\u00dcY\u00dcK ZUL\u00dcMLER, FAC\u0130ALAR YA\u015eANIRKEN, GE\u00c7M\u0130\u015eTE DEFALARCA SAADET MEDEN\u0130YET\u0130N\u0130 KURMU\u015e ECDADIN AFADI OLARAK B\u0130Z\u0130M \u00c7OK ETK\u0130L\u0130 \u00c7ALI\u015eARAK YERY\u00dcZ\u00dcNDE HAK VE ADALET N\u0130ZAMI KURMAMIZ GEREK\u0130YOR - AvrupaPress\" \/>\n<meta property=\"og:description\" content=\"Ecdad\u0131n afad\u0131 olarak bizim canla ba\u015fla \u00e7al\u0131\u015farak yeniden yery\u00fcz\u00fcnde Hak ve Adalet Nizam\u0131&rsquo;n\u0131 kurmam\u0131z gerekiyor. \u00ab\u00a0Cihad etmek ne demektir ? Tarifime dikkat buyurun: B\u00fct\u00fcn insanl\u0131\u011f\u0131n saadeti i\u00e7in, sadece M\u00fcsl\u00fcmanlar\u0131n de\u011fil, b\u00fct\u00fcn insanlar\u0131n saadeti i\u00e7in, yery\u00fcz\u00fcnde Hak ve Adalet Nizam\u0131&rsquo;n\u0131n kurulmas\u0131 gayesi ile hep beraber, disiplinli bir topluluk olarak, \u00e7al\u0131\u015fma farz\u0131n\u0131n ad\u0131na Cihat Farz\u0131 derler. Kur&rsquo;an-\u0131 [&hellip;]\" \/>\n<meta property=\"og:url\" content=\"https:\/\/avrupapress.com\/main\/2024\/09\/28\/hak-ve-adalet-nizamini-kuracagiz-insanlara-yapilacak-en-buyuk-iyilik-bugun-dunyada-buyuk-zulumler-facialar-yasanirken-gecmiste-defalarca-saadet-medeniyetini-kurmus-ecdadin-afadi-olarak-bizim-cok-et\/\" \/>\n<meta property=\"og:site_name\" content=\"AvrupaPress\" \/>\n<meta property=\"article:published_time\" content=\"2024-09-28T19:34:54+00:00\" \/>\n<meta property=\"article:modified_time\" content=\"2024-09-28T19:35:09+00:00\" \/>\n<meta property=\"og:image\" content=\"https:\/\/avrupapress.com\/main\/wp-content\/uploads\/2024\/05\/thumbnail_IMG-20240516-WA0016-e1715887012983-590x420-1.jpg\" \/>\n\t<meta property=\"og:image:width\" content=\"590\" \/>\n\t<meta property=\"og:image:height\" content=\"420\" \/>\n\t<meta property=\"og:image:type\" content=\"image\/jpeg\" \/>\n<meta name=\"author\" content=\"Edit\u00f6r\" \/>\n<meta name=\"twitter:card\" content=\"summary_large_image\" \/>\n<meta name=\"twitter:label1\" content=\"\u00c9crit par\" \/>\n\t<meta name=\"twitter:data1\" content=\"Edit\u00f6r\" \/>\n\t<meta name=\"twitter:label2\" content=\"Dur\u00e9e de lecture est.\" \/>\n\t<meta name=\"twitter:data2\" content=\"5 minutes\" \/>\n<script type=\"application\/ld+json\" class=\"yoast-schema-graph\">{\"@context\":\"https:\/\/schema.org\",\"@graph\":[{\"@type\":\"Article\",\"@id\":\"https:\/\/avrupapress.com\/main\/2024\/09\/28\/hak-ve-adalet-nizamini-kuracagiz-insanlara-yapilacak-en-buyuk-iyilik-bugun-dunyada-buyuk-zulumler-facialar-yasanirken-gecmiste-defalarca-saadet-medeniyetini-kurmus-ecdadin-afadi-olarak-bizim-cok-et\/#article\",\"isPartOf\":{\"@id\":\"https:\/\/avrupapress.com\/main\/2024\/09\/28\/hak-ve-adalet-nizamini-kuracagiz-insanlara-yapilacak-en-buyuk-iyilik-bugun-dunyada-buyuk-zulumler-facialar-yasanirken-gecmiste-defalarca-saadet-medeniyetini-kurmus-ecdadin-afadi-olarak-bizim-cok-et\/\"},\"author\":{\"name\":\"Edit\u00f6r\",\"@id\":\"https:\/\/avrupapress.com\/#\/schema\/person\/68428444ec60970d1e1b700cf4ca1e8f\"},\"headline\":\"HAK VE ADALET N\u0130ZAMINI KURACA\u011eIZ \u0130NSANLARA YAPILACAK EN B\u00dcY\u00dcK \u0130Y\u0130L\u0130K BUG\u00dcN D\u00dcNYADA B\u00dcY\u00dcK ZUL\u00dcMLER, FAC\u0130ALAR YA\u015eANIRKEN, GE\u00c7M\u0130\u015eTE DEFALARCA SAADET MEDEN\u0130YET\u0130N\u0130 KURMU\u015e ECDADIN AFADI OLARAK B\u0130Z\u0130M \u00c7OK ETK\u0130L\u0130 \u00c7ALI\u015eARAK YERY\u00dcZ\u00dcNDE HAK VE ADALET N\u0130ZAMI KURMAMIZ GEREK\u0130YOR\",\"datePublished\":\"2024-09-28T19:34:54+00:00\",\"dateModified\":\"2024-09-28T19:35:09+00:00\",\"mainEntityOfPage\":{\"@id\":\"https:\/\/avrupapress.com\/main\/2024\/09\/28\/hak-ve-adalet-nizamini-kuracagiz-insanlara-yapilacak-en-buyuk-iyilik-bugun-dunyada-buyuk-zulumler-facialar-yasanirken-gecmiste-defalarca-saadet-medeniyetini-kurmus-ecdadin-afadi-olarak-bizim-cok-et\/\"},\"wordCount\":1245,\"publisher\":{\"@id\":\"https:\/\/avrupapress.com\/#\/schema\/person\/0223dca19c72c43575bf30d1a2d8f4fa\"},\"image\":{\"@id\":\"https:\/\/avrupapress.com\/main\/2024\/09\/28\/hak-ve-adalet-nizamini-kuracagiz-insanlara-yapilacak-en-buyuk-iyilik-bugun-dunyada-buyuk-zulumler-facialar-yasanirken-gecmiste-defalarca-saadet-medeniyetini-kurmus-ecdadin-afadi-olarak-bizim-cok-et\/#primaryimage\"},\"thumbnailUrl\":\"https:\/\/avrupapress.com\/main\/wp-content\/uploads\/2024\/05\/thumbnail_IMG-20240516-WA0016-e1715887012983-590x420-1.jpg\",\"articleSection\":[\"Avrupa\",\"Bel\u00e7ika\",\"D\u00fcnya\",\"Ekonomi\",\"K\u00fclt\u00fcr-Sanat\",\"Spor\",\"Tan\u0131t\u0131m\",\"T\u00fcrkiye\",\"Uncategorized\"],\"inLanguage\":\"fr-BE\"},{\"@type\":\"WebPage\",\"@id\":\"https:\/\/avrupapress.com\/main\/2024\/09\/28\/hak-ve-adalet-nizamini-kuracagiz-insanlara-yapilacak-en-buyuk-iyilik-bugun-dunyada-buyuk-zulumler-facialar-yasanirken-gecmiste-defalarca-saadet-medeniyetini-kurmus-ecdadin-afadi-olarak-bizim-cok-et\/\",\"url\":\"https:\/\/avrupapress.com\/main\/2024\/09\/28\/hak-ve-adalet-nizamini-kuracagiz-insanlara-yapilacak-en-buyuk-iyilik-bugun-dunyada-buyuk-zulumler-facialar-yasanirken-gecmiste-defalarca-saadet-medeniyetini-kurmus-ecdadin-afadi-olarak-bizim-cok-et\/\",\"name\":\"HAK VE ADALET N\u0130ZAMINI KURACA\u011eIZ \u0130NSANLARA YAPILACAK EN B\u00dcY\u00dcK \u0130Y\u0130L\u0130K BUG\u00dcN D\u00dcNYADA B\u00dcY\u00dcK ZUL\u00dcMLER, FAC\u0130ALAR YA\u015eANIRKEN, GE\u00c7M\u0130\u015eTE DEFALARCA SAADET MEDEN\u0130YET\u0130N\u0130 KURMU\u015e ECDADIN AFADI OLARAK B\u0130Z\u0130M \u00c7OK ETK\u0130L\u0130 \u00c7ALI\u015eARAK YERY\u00dcZ\u00dcNDE HAK VE ADALET N\u0130ZAMI KURMAMIZ GEREK\u0130YOR - AvrupaPress\",\"isPartOf\":{\"@id\":\"https:\/\/avrupapress.com\/#website\"},\"primaryImageOfPage\":{\"@id\":\"https:\/\/avrupapress.com\/main\/2024\/09\/28\/hak-ve-adalet-nizamini-kuracagiz-insanlara-yapilacak-en-buyuk-iyilik-bugun-dunyada-buyuk-zulumler-facialar-yasanirken-gecmiste-defalarca-saadet-medeniyetini-kurmus-ecdadin-afadi-olarak-bizim-cok-et\/#primaryimage\"},\"image\":{\"@id\":\"https:\/\/avrupapress.com\/main\/2024\/09\/28\/hak-ve-adalet-nizamini-kuracagiz-insanlara-yapilacak-en-buyuk-iyilik-bugun-dunyada-buyuk-zulumler-facialar-yasanirken-gecmiste-defalarca-saadet-medeniyetini-kurmus-ecdadin-afadi-olarak-bizim-cok-et\/#primaryimage\"},\"thumbnailUrl\":\"https:\/\/avrupapress.com\/main\/wp-content\/uploads\/2024\/05\/thumbnail_IMG-20240516-WA0016-e1715887012983-590x420-1.jpg\",\"datePublished\":\"2024-09-28T19:34:54+00:00\",\"dateModified\":\"2024-09-28T19:35:09+00:00\",\"breadcrumb\":{\"@id\":\"https:\/\/avrupapress.com\/main\/2024\/09\/28\/hak-ve-adalet-nizamini-kuracagiz-insanlara-yapilacak-en-buyuk-iyilik-bugun-dunyada-buyuk-zulumler-facialar-yasanirken-gecmiste-defalarca-saadet-medeniyetini-kurmus-ecdadin-afadi-olarak-bizim-cok-et\/#breadcrumb\"},\"inLanguage\":\"fr-BE\",\"potentialAction\":[{\"@type\":\"ReadAction\",\"target\":[\"https:\/\/avrupapress.com\/main\/2024\/09\/28\/hak-ve-adalet-nizamini-kuracagiz-insanlara-yapilacak-en-buyuk-iyilik-bugun-dunyada-buyuk-zulumler-facialar-yasanirken-gecmiste-defalarca-saadet-medeniyetini-kurmus-ecdadin-afadi-olarak-bizim-cok-et\/\"]}]},{\"@type\":\"ImageObject\",\"inLanguage\":\"fr-BE\",\"@id\":\"https:\/\/avrupapress.com\/main\/2024\/09\/28\/hak-ve-adalet-nizamini-kuracagiz-insanlara-yapilacak-en-buyuk-iyilik-bugun-dunyada-buyuk-zulumler-facialar-yasanirken-gecmiste-defalarca-saadet-medeniyetini-kurmus-ecdadin-afadi-olarak-bizim-cok-et\/#primaryimage\",\"url\":\"https:\/\/avrupapress.com\/main\/wp-content\/uploads\/2024\/05\/thumbnail_IMG-20240516-WA0016-e1715887012983-590x420-1.jpg\",\"contentUrl\":\"https:\/\/avrupapress.com\/main\/wp-content\/uploads\/2024\/05\/thumbnail_IMG-20240516-WA0016-e1715887012983-590x420-1.jpg\",\"width\":590,\"height\":420},{\"@type\":\"BreadcrumbList\",\"@id\":\"https:\/\/avrupapress.com\/main\/2024\/09\/28\/hak-ve-adalet-nizamini-kuracagiz-insanlara-yapilacak-en-buyuk-iyilik-bugun-dunyada-buyuk-zulumler-facialar-yasanirken-gecmiste-defalarca-saadet-medeniyetini-kurmus-ecdadin-afadi-olarak-bizim-cok-et\/#breadcrumb\",\"itemListElement\":[{\"@type\":\"ListItem\",\"position\":1,\"name\":\"Anasayfa\",\"item\":\"https:\/\/avrupapress.com\/\"},{\"@type\":\"ListItem\",\"position\":2,\"name\":\"HAK VE ADALET N\u0130ZAMINI KURACA\u011eIZ \u0130NSANLARA YAPILACAK EN B\u00dcY\u00dcK \u0130Y\u0130L\u0130K BUG\u00dcN D\u00dcNYADA B\u00dcY\u00dcK ZUL\u00dcMLER, FAC\u0130ALAR YA\u015eANIRKEN, GE\u00c7M\u0130\u015eTE DEFALARCA SAADET MEDEN\u0130YET\u0130N\u0130 KURMU\u015e ECDADIN AFADI OLARAK B\u0130Z\u0130M \u00c7OK ETK\u0130L\u0130 \u00c7ALI\u015eARAK YERY\u00dcZ\u00dcNDE HAK VE ADALET N\u0130ZAMI KURMAMIZ GEREK\u0130YOR\"}]},{\"@type\":\"WebSite\",\"@id\":\"https:\/\/avrupapress.com\/#website\",\"url\":\"https:\/\/avrupapress.com\/\",\"name\":\"AvrupaPress\",\"description\":\"Haberin Adresi\",\"publisher\":{\"@id\":\"https:\/\/avrupapress.com\/#\/schema\/person\/0223dca19c72c43575bf30d1a2d8f4fa\"},\"potentialAction\":[{\"@type\":\"SearchAction\",\"target\":{\"@type\":\"EntryPoint\",\"urlTemplate\":\"https:\/\/avrupapress.com\/?s={search_term_string}\"},\"query-input\":{\"@type\":\"PropertyValueSpecification\",\"valueRequired\":true,\"valueName\":\"search_term_string\"}}],\"inLanguage\":\"fr-BE\"},{\"@type\":[\"Person\",\"Organization\"],\"@id\":\"https:\/\/avrupapress.com\/#\/schema\/person\/0223dca19c72c43575bf30d1a2d8f4fa\",\"name\":\"Bilgin \u00d6z\u00e7ift\u00e7i\",\"image\":{\"@type\":\"ImageObject\",\"inLanguage\":\"fr-BE\",\"@id\":\"https:\/\/avrupapress.com\/#\/schema\/person\/image\/\",\"url\":\"https:\/\/secure.gravatar.com\/avatar\/0f23b280433a21e1ea7a0adcc46ed0ad16afe3ad8e630fd13d8a017dcbd54ef3?s=96&d=mm&r=g\",\"contentUrl\":\"https:\/\/secure.gravatar.com\/avatar\/0f23b280433a21e1ea7a0adcc46ed0ad16afe3ad8e630fd13d8a017dcbd54ef3?s=96&d=mm&r=g\",\"caption\":\"Bilgin \u00d6z\u00e7ift\u00e7i\"},\"logo\":{\"@id\":\"https:\/\/avrupapress.com\/#\/schema\/person\/image\/\"},\"description\":\"Ne ben, nede sen... Biz ancak \\\"biz\\\" olursak g\u00fc\u00e7l\u00fc olabiliriz\"},{\"@type\":\"Person\",\"@id\":\"https:\/\/avrupapress.com\/#\/schema\/person\/68428444ec60970d1e1b700cf4ca1e8f\",\"name\":\"Edit\u00f6r\",\"image\":{\"@type\":\"ImageObject\",\"inLanguage\":\"fr-BE\",\"@id\":\"https:\/\/avrupapress.com\/#\/schema\/person\/image\/\",\"url\":\"https:\/\/secure.gravatar.com\/avatar\/74996b0977aa5f1559ba9883776652508b229005c0d78fb2597897f0bd651c09?s=96&d=mm&r=g\",\"contentUrl\":\"https:\/\/secure.gravatar.com\/avatar\/74996b0977aa5f1559ba9883776652508b229005c0d78fb2597897f0bd651c09?s=96&d=mm&r=g\",\"caption\":\"Edit\u00f6r\"},\"sameAs\":[\"http:\/\/www.avrupapress.com\"],\"url\":\"https:\/\/avrupapress.com\/main\/author\/editor\/\"}]}<\/script>\n<!-- \/ Yoast SEO plugin. -->","yoast_head_json":{"title":"HAK VE ADALET N\u0130ZAMINI KURACA\u011eIZ \u0130NSANLARA YAPILACAK EN B\u00dcY\u00dcK \u0130Y\u0130L\u0130K BUG\u00dcN D\u00dcNYADA B\u00dcY\u00dcK ZUL\u00dcMLER, FAC\u0130ALAR YA\u015eANIRKEN, GE\u00c7M\u0130\u015eTE DEFALARCA SAADET MEDEN\u0130YET\u0130N\u0130 KURMU\u015e ECDADIN AFADI OLARAK B\u0130Z\u0130M \u00c7OK ETK\u0130L\u0130 \u00c7ALI\u015eARAK YERY\u00dcZ\u00dcNDE HAK VE ADALET N\u0130ZAMI KURMAMIZ GEREK\u0130YOR - AvrupaPress","robots":{"index":"index","follow":"follow","max-snippet":"max-snippet:-1","max-image-preview":"max-image-preview:large","max-video-preview":"max-video-preview:-1"},"canonical":"https:\/\/avrupapress.com\/main\/2024\/09\/28\/hak-ve-adalet-nizamini-kuracagiz-insanlara-yapilacak-en-buyuk-iyilik-bugun-dunyada-buyuk-zulumler-facialar-yasanirken-gecmiste-defalarca-saadet-medeniyetini-kurmus-ecdadin-afadi-olarak-bizim-cok-et\/","og_locale":"fr_FR","og_type":"article","og_title":"HAK VE ADALET N\u0130ZAMINI KURACA\u011eIZ \u0130NSANLARA YAPILACAK EN B\u00dcY\u00dcK \u0130Y\u0130L\u0130K BUG\u00dcN D\u00dcNYADA B\u00dcY\u00dcK ZUL\u00dcMLER, FAC\u0130ALAR YA\u015eANIRKEN, GE\u00c7M\u0130\u015eTE DEFALARCA SAADET MEDEN\u0130YET\u0130N\u0130 KURMU\u015e ECDADIN AFADI OLARAK B\u0130Z\u0130M \u00c7OK ETK\u0130L\u0130 \u00c7ALI\u015eARAK YERY\u00dcZ\u00dcNDE HAK VE ADALET N\u0130ZAMI KURMAMIZ GEREK\u0130YOR - AvrupaPress","og_description":"Ecdad\u0131n afad\u0131 olarak bizim canla ba\u015fla \u00e7al\u0131\u015farak yeniden yery\u00fcz\u00fcnde Hak ve Adalet Nizam\u0131&rsquo;n\u0131 kurmam\u0131z gerekiyor. \u00ab\u00a0Cihad etmek ne demektir ? Tarifime dikkat buyurun: B\u00fct\u00fcn insanl\u0131\u011f\u0131n saadeti i\u00e7in, sadece M\u00fcsl\u00fcmanlar\u0131n de\u011fil, b\u00fct\u00fcn insanlar\u0131n saadeti i\u00e7in, yery\u00fcz\u00fcnde Hak ve Adalet Nizam\u0131&rsquo;n\u0131n kurulmas\u0131 gayesi ile hep beraber, disiplinli bir topluluk olarak, \u00e7al\u0131\u015fma farz\u0131n\u0131n ad\u0131na Cihat Farz\u0131 derler. Kur&rsquo;an-\u0131 [&hellip;]","og_url":"https:\/\/avrupapress.com\/main\/2024\/09\/28\/hak-ve-adalet-nizamini-kuracagiz-insanlara-yapilacak-en-buyuk-iyilik-bugun-dunyada-buyuk-zulumler-facialar-yasanirken-gecmiste-defalarca-saadet-medeniyetini-kurmus-ecdadin-afadi-olarak-bizim-cok-et\/","og_site_name":"AvrupaPress","article_published_time":"2024-09-28T19:34:54+00:00","article_modified_time":"2024-09-28T19:35:09+00:00","og_image":[{"width":590,"height":420,"url":"https:\/\/avrupapress.com\/main\/wp-content\/uploads\/2024\/05\/thumbnail_IMG-20240516-WA0016-e1715887012983-590x420-1.jpg","type":"image\/jpeg"}],"author":"Edit\u00f6r","twitter_card":"summary_large_image","twitter_misc":{"\u00c9crit par":"Edit\u00f6r","Dur\u00e9e de lecture est.":"5 minutes"},"schema":{"@context":"https:\/\/schema.org","@graph":[{"@type":"Article","@id":"https:\/\/avrupapress.com\/main\/2024\/09\/28\/hak-ve-adalet-nizamini-kuracagiz-insanlara-yapilacak-en-buyuk-iyilik-bugun-dunyada-buyuk-zulumler-facialar-yasanirken-gecmiste-defalarca-saadet-medeniyetini-kurmus-ecdadin-afadi-olarak-bizim-cok-et\/#article","isPartOf":{"@id":"https:\/\/avrupapress.com\/main\/2024\/09\/28\/hak-ve-adalet-nizamini-kuracagiz-insanlara-yapilacak-en-buyuk-iyilik-bugun-dunyada-buyuk-zulumler-facialar-yasanirken-gecmiste-defalarca-saadet-medeniyetini-kurmus-ecdadin-afadi-olarak-bizim-cok-et\/"},"author":{"name":"Edit\u00f6r","@id":"https:\/\/avrupapress.com\/#\/schema\/person\/68428444ec60970d1e1b700cf4ca1e8f"},"headline":"HAK VE ADALET N\u0130ZAMINI KURACA\u011eIZ \u0130NSANLARA YAPILACAK EN B\u00dcY\u00dcK \u0130Y\u0130L\u0130K BUG\u00dcN D\u00dcNYADA B\u00dcY\u00dcK ZUL\u00dcMLER, FAC\u0130ALAR YA\u015eANIRKEN, GE\u00c7M\u0130\u015eTE DEFALARCA SAADET MEDEN\u0130YET\u0130N\u0130 KURMU\u015e ECDADIN AFADI OLARAK B\u0130Z\u0130M \u00c7OK ETK\u0130L\u0130 \u00c7ALI\u015eARAK YERY\u00dcZ\u00dcNDE HAK VE ADALET N\u0130ZAMI KURMAMIZ GEREK\u0130YOR","datePublished":"2024-09-28T19:34:54+00:00","dateModified":"2024-09-28T19:35:09+00:00","mainEntityOfPage":{"@id":"https:\/\/avrupapress.com\/main\/2024\/09\/28\/hak-ve-adalet-nizamini-kuracagiz-insanlara-yapilacak-en-buyuk-iyilik-bugun-dunyada-buyuk-zulumler-facialar-yasanirken-gecmiste-defalarca-saadet-medeniyetini-kurmus-ecdadin-afadi-olarak-bizim-cok-et\/"},"wordCount":1245,"publisher":{"@id":"https:\/\/avrupapress.com\/#\/schema\/person\/0223dca19c72c43575bf30d1a2d8f4fa"},"image":{"@id":"https:\/\/avrupapress.com\/main\/2024\/09\/28\/hak-ve-adalet-nizamini-kuracagiz-insanlara-yapilacak-en-buyuk-iyilik-bugun-dunyada-buyuk-zulumler-facialar-yasanirken-gecmiste-defalarca-saadet-medeniyetini-kurmus-ecdadin-afadi-olarak-bizim-cok-et\/#primaryimage"},"thumbnailUrl":"https:\/\/avrupapress.com\/main\/wp-content\/uploads\/2024\/05\/thumbnail_IMG-20240516-WA0016-e1715887012983-590x420-1.jpg","articleSection":["Avrupa","Bel\u00e7ika","D\u00fcnya","Ekonomi","K\u00fclt\u00fcr-Sanat","Spor","Tan\u0131t\u0131m","T\u00fcrkiye","Uncategorized"],"inLanguage":"fr-BE"},{"@type":"WebPage","@id":"https:\/\/avrupapress.com\/main\/2024\/09\/28\/hak-ve-adalet-nizamini-kuracagiz-insanlara-yapilacak-en-buyuk-iyilik-bugun-dunyada-buyuk-zulumler-facialar-yasanirken-gecmiste-defalarca-saadet-medeniyetini-kurmus-ecdadin-afadi-olarak-bizim-cok-et\/","url":"https:\/\/avrupapress.com\/main\/2024\/09\/28\/hak-ve-adalet-nizamini-kuracagiz-insanlara-yapilacak-en-buyuk-iyilik-bugun-dunyada-buyuk-zulumler-facialar-yasanirken-gecmiste-defalarca-saadet-medeniyetini-kurmus-ecdadin-afadi-olarak-bizim-cok-et\/","name":"HAK VE ADALET N\u0130ZAMINI KURACA\u011eIZ \u0130NSANLARA YAPILACAK EN B\u00dcY\u00dcK \u0130Y\u0130L\u0130K BUG\u00dcN D\u00dcNYADA B\u00dcY\u00dcK ZUL\u00dcMLER, FAC\u0130ALAR YA\u015eANIRKEN, GE\u00c7M\u0130\u015eTE DEFALARCA SAADET MEDEN\u0130YET\u0130N\u0130 KURMU\u015e ECDADIN AFADI OLARAK B\u0130Z\u0130M \u00c7OK ETK\u0130L\u0130 \u00c7ALI\u015eARAK YERY\u00dcZ\u00dcNDE HAK VE ADALET N\u0130ZAMI KURMAMIZ GEREK\u0130YOR - AvrupaPress","isPartOf":{"@id":"https:\/\/avrupapress.com\/#website"},"primaryImageOfPage":{"@id":"https:\/\/avrupapress.com\/main\/2024\/09\/28\/hak-ve-adalet-nizamini-kuracagiz-insanlara-yapilacak-en-buyuk-iyilik-bugun-dunyada-buyuk-zulumler-facialar-yasanirken-gecmiste-defalarca-saadet-medeniyetini-kurmus-ecdadin-afadi-olarak-bizim-cok-et\/#primaryimage"},"image":{"@id":"https:\/\/avrupapress.com\/main\/2024\/09\/28\/hak-ve-adalet-nizamini-kuracagiz-insanlara-yapilacak-en-buyuk-iyilik-bugun-dunyada-buyuk-zulumler-facialar-yasanirken-gecmiste-defalarca-saadet-medeniyetini-kurmus-ecdadin-afadi-olarak-bizim-cok-et\/#primaryimage"},"thumbnailUrl":"https:\/\/avrupapress.com\/main\/wp-content\/uploads\/2024\/05\/thumbnail_IMG-20240516-WA0016-e1715887012983-590x420-1.jpg","datePublished":"2024-09-28T19:34:54+00:00","dateModified":"2024-09-28T19:35:09+00:00","breadcrumb":{"@id":"https:\/\/avrupapress.com\/main\/2024\/09\/28\/hak-ve-adalet-nizamini-kuracagiz-insanlara-yapilacak-en-buyuk-iyilik-bugun-dunyada-buyuk-zulumler-facialar-yasanirken-gecmiste-defalarca-saadet-medeniyetini-kurmus-ecdadin-afadi-olarak-bizim-cok-et\/#breadcrumb"},"inLanguage":"fr-BE","potentialAction":[{"@type":"ReadAction","target":["https:\/\/avrupapress.com\/main\/2024\/09\/28\/hak-ve-adalet-nizamini-kuracagiz-insanlara-yapilacak-en-buyuk-iyilik-bugun-dunyada-buyuk-zulumler-facialar-yasanirken-gecmiste-defalarca-saadet-medeniyetini-kurmus-ecdadin-afadi-olarak-bizim-cok-et\/"]}]},{"@type":"ImageObject","inLanguage":"fr-BE","@id":"https:\/\/avrupapress.com\/main\/2024\/09\/28\/hak-ve-adalet-nizamini-kuracagiz-insanlara-yapilacak-en-buyuk-iyilik-bugun-dunyada-buyuk-zulumler-facialar-yasanirken-gecmiste-defalarca-saadet-medeniyetini-kurmus-ecdadin-afadi-olarak-bizim-cok-et\/#primaryimage","url":"https:\/\/avrupapress.com\/main\/wp-content\/uploads\/2024\/05\/thumbnail_IMG-20240516-WA0016-e1715887012983-590x420-1.jpg","contentUrl":"https:\/\/avrupapress.com\/main\/wp-content\/uploads\/2024\/05\/thumbnail_IMG-20240516-WA0016-e1715887012983-590x420-1.jpg","width":590,"height":420},{"@type":"BreadcrumbList","@id":"https:\/\/avrupapress.com\/main\/2024\/09\/28\/hak-ve-adalet-nizamini-kuracagiz-insanlara-yapilacak-en-buyuk-iyilik-bugun-dunyada-buyuk-zulumler-facialar-yasanirken-gecmiste-defalarca-saadet-medeniyetini-kurmus-ecdadin-afadi-olarak-bizim-cok-et\/#breadcrumb","itemListElement":[{"@type":"ListItem","position":1,"name":"Anasayfa","item":"https:\/\/avrupapress.com\/"},{"@type":"ListItem","position":2,"name":"HAK VE ADALET N\u0130ZAMINI KURACA\u011eIZ \u0130NSANLARA YAPILACAK EN B\u00dcY\u00dcK \u0130Y\u0130L\u0130K BUG\u00dcN D\u00dcNYADA B\u00dcY\u00dcK ZUL\u00dcMLER, FAC\u0130ALAR YA\u015eANIRKEN, GE\u00c7M\u0130\u015eTE DEFALARCA SAADET MEDEN\u0130YET\u0130N\u0130 KURMU\u015e ECDADIN AFADI OLARAK B\u0130Z\u0130M \u00c7OK ETK\u0130L\u0130 \u00c7ALI\u015eARAK YERY\u00dcZ\u00dcNDE HAK VE ADALET N\u0130ZAMI KURMAMIZ GEREK\u0130YOR"}]},{"@type":"WebSite","@id":"https:\/\/avrupapress.com\/#website","url":"https:\/\/avrupapress.com\/","name":"AvrupaPress","description":"Haberin Adresi","publisher":{"@id":"https:\/\/avrupapress.com\/#\/schema\/person\/0223dca19c72c43575bf30d1a2d8f4fa"},"potentialAction":[{"@type":"SearchAction","target":{"@type":"EntryPoint","urlTemplate":"https:\/\/avrupapress.com\/?s={search_term_string}"},"query-input":{"@type":"PropertyValueSpecification","valueRequired":true,"valueName":"search_term_string"}}],"inLanguage":"fr-BE"},{"@type":["Person","Organization"],"@id":"https:\/\/avrupapress.com\/#\/schema\/person\/0223dca19c72c43575bf30d1a2d8f4fa","name":"Bilgin \u00d6z\u00e7ift\u00e7i","image":{"@type":"ImageObject","inLanguage":"fr-BE","@id":"https:\/\/avrupapress.com\/#\/schema\/person\/image\/","url":"https:\/\/secure.gravatar.com\/avatar\/0f23b280433a21e1ea7a0adcc46ed0ad16afe3ad8e630fd13d8a017dcbd54ef3?s=96&d=mm&r=g","contentUrl":"https:\/\/secure.gravatar.com\/avatar\/0f23b280433a21e1ea7a0adcc46ed0ad16afe3ad8e630fd13d8a017dcbd54ef3?s=96&d=mm&r=g","caption":"Bilgin \u00d6z\u00e7ift\u00e7i"},"logo":{"@id":"https:\/\/avrupapress.com\/#\/schema\/person\/image\/"},"description":"Ne ben, nede sen... Biz ancak \"biz\" olursak g\u00fc\u00e7l\u00fc olabiliriz"},{"@type":"Person","@id":"https:\/\/avrupapress.com\/#\/schema\/person\/68428444ec60970d1e1b700cf4ca1e8f","name":"Edit\u00f6r","image":{"@type":"ImageObject","inLanguage":"fr-BE","@id":"https:\/\/avrupapress.com\/#\/schema\/person\/image\/","url":"https:\/\/secure.gravatar.com\/avatar\/74996b0977aa5f1559ba9883776652508b229005c0d78fb2597897f0bd651c09?s=96&d=mm&r=g","contentUrl":"https:\/\/secure.gravatar.com\/avatar\/74996b0977aa5f1559ba9883776652508b229005c0d78fb2597897f0bd651c09?s=96&d=mm&r=g","caption":"Edit\u00f6r"},"sameAs":["http:\/\/www.avrupapress.com"],"url":"https:\/\/avrupapress.com\/main\/author\/editor\/"}]}},"_links":{"self":[{"href":"https:\/\/avrupapress.com\/main\/wp-json\/wp\/v2\/posts\/26841","targetHints":{"allow":["GET"]}}],"collection":[{"href":"https:\/\/avrupapress.com\/main\/wp-json\/wp\/v2\/posts"}],"about":[{"href":"https:\/\/avrupapress.com\/main\/wp-json\/wp\/v2\/types\/post"}],"author":[{"embeddable":true,"href":"https:\/\/avrupapress.com\/main\/wp-json\/wp\/v2\/users\/3"}],"replies":[{"embeddable":true,"href":"https:\/\/avrupapress.com\/main\/wp-json\/wp\/v2\/comments?post=26841"}],"version-history":[{"count":1,"href":"https:\/\/avrupapress.com\/main\/wp-json\/wp\/v2\/posts\/26841\/revisions"}],"predecessor-version":[{"id":26842,"href":"https:\/\/avrupapress.com\/main\/wp-json\/wp\/v2\/posts\/26841\/revisions\/26842"}],"wp:featuredmedia":[{"embeddable":true,"href":"https:\/\/avrupapress.com\/main\/wp-json\/wp\/v2\/media\/25980"}],"wp:attachment":[{"href":"https:\/\/avrupapress.com\/main\/wp-json\/wp\/v2\/media?parent=26841"}],"wp:term":[{"taxonomy":"category","embeddable":true,"href":"https:\/\/avrupapress.com\/main\/wp-json\/wp\/v2\/categories?post=26841"},{"taxonomy":"post_tag","embeddable":true,"href":"https:\/\/avrupapress.com\/main\/wp-json\/wp\/v2\/tags?post=26841"}],"curies":[{"name":"wp","href":"https:\/\/api.w.org\/{rel}","templated":true}]}}