{"id":26835,"date":"2024-09-27T20:37:23","date_gmt":"2024-09-27T20:37:23","guid":{"rendered":"https:\/\/avrupapress.com\/main\/?p=26835"},"modified":"2025-02-26T18:58:55","modified_gmt":"2025-02-26T18:58:55","slug":"ibrahim-dankus-saint-josse-ten-noode-belediye-baskanligina-aday-oldu","status":"publish","type":"post","link":"https:\/\/avrupapress.com\/main\/2024\/09\/27\/ibrahim-dankus-saint-josse-ten-noode-belediye-baskanligina-aday-oldu\/","title":{"rendered":"\u0130brahim Danku\u015f, Saint-Josse-Ten-Noode Belediye Ba\u015fkanl\u0131\u011f\u0131na Aday Oldu"},"content":{"rendered":"<div dir=\"auto\">Bel\u00e7ika&rsquo;n\u0131n ba\u015fkenti Br\u00fcksel&rsquo;e ba\u011fl\u0131 1210 Saint-Josse-Ten-Noode belediyesine ba\u015fkan aday\u0131 olan \u0130brahim Danku\u015f, 50 y\u0131ld\u0131r bu belediyede ya\u015fad\u0131\u011f\u0131n\u0131 belirterek, halk\u0131n kar\u015f\u0131s\u0131na aday olarak \u00e7\u0131kt\u0131\u011f\u0131n\u0131 a\u00e7\u0131klad\u0131. Danku\u015f, belediye ba\u015fkanl\u0131\u011f\u0131na aday olma amac\u0131n\u0131n halka hizmet etmek oldu\u011funu vurgulad\u0131.<\/div>\n<div dir=\"auto\"><\/div>\n<div dir=\"auto\">Danku\u015f, b\u00f6lgede ya\u015fayan \u00e7ok say\u0131da T\u00fcrk n\u00fcfusunun varl\u0131\u011f\u0131na dikkat \u00e7ekerek, ba\u015fta T\u00fcrkler olmak \u00fczere herkesin oyuna talip oldu\u011funu ifade etti. \u00ab\u00a0Hizmet i\u00e7in ve belediyede ya\u015fayan herkesin haklar\u0131n\u0131 korumak i\u00e7in aday\u0131m,\u00a0\u00bb dedi.<\/div>\n<div dir=\"auto\"><\/div>\n<p> <a href=\"https:\/\/leysieffer.com\/\" title=\"bonus veren siteler\">bonus veren siteler<\/a><\/p>\n<div dir=\"auto\">Saint-Josse-Ten-Noode, Br\u00fcksel&rsquo;in en kozmopolit b\u00f6lgelerinden biri olup, farkl\u0131 k\u00fclt\u00fcrlerin ve milletlerin bir arada ya\u015fad\u0131\u011f\u0131 bir yerdir. \u0130brahim Danku\u015f, belediye ba\u015fkanl\u0131\u011f\u0131na aday olarak, bu \u00e7e\u015fitlili\u011fi bir zenginlik olarak g\u00f6rd\u00fc\u011f\u00fcn\u00fc ve herkesin e\u015fit haklara sahip oldu\u011fu bir y\u00f6netim anlay\u0131\u015f\u0131yla hareket edece\u011fini belirtti. Danku\u015f, \u00ab\u00a0Belediyemizde ya\u015fayan her bireyin sesi olmak, ihtiya\u00e7lar\u0131na kulak vermek ve sorunlar\u0131na \u00e7\u00f6z\u00fcm \u00fcretmek i\u00e7in buraday\u0131m,\u00a0\u00bb dedi.<\/div>\n<div dir=\"auto\"><\/div>\n<div dir=\"auto\">TEAM FOUAD AHIDAR partisinden aday olan \u0130brahim Danku\u015f, se\u00e7im kampanyas\u0131nda \u00f6zellikle sosyal hizmetlerin art\u0131r\u0131lmas\u0131, altyap\u0131 projelerinin geli\u015ftirilmesi ve gen\u00e7lere y\u00f6nelik e\u011fitim ve istihdam f\u0131rsatlar\u0131n\u0131n \u00e7o\u011falt\u0131lmas\u0131 gibi konulara odaklanaca\u011f\u0131n\u0131 s\u00f6yledi. Danku\u015f, \u00ab\u00a0Belediyemizde ya\u015fayan her vatanda\u015f\u0131m\u0131z\u0131n daha iyi bir ya\u015fam s\u00fcrmesi i\u00e7in \u00e7al\u0131\u015faca\u011f\u0131z. E\u011fitimden sa\u011fl\u0131\u011fa, g\u00fcvenlikten \u00e7evreye her alanda geli\u015fim sa\u011flayacak projelerimizle kar\u015f\u0131n\u0131zday\u0131z,\u00a0\u00bb diye konu\u015ftu.<\/div>\n<div dir=\"auto\"><\/div>\n<div dir=\"auto\">\u0130brahim Danku\u015f, se\u00e7menlere y\u00f6nelik mesaj\u0131nda ise \u015funlar\u0131 s\u00f6yledi: \u00ab\u00a0De\u011ferli Saint-Josse-Ten-Noode halk\u0131, 50 y\u0131l boyunca bu g\u00fczel belediyede sizlerle birlikte ya\u015fad\u0131m, sorunlar\u0131n\u0131z\u0131 ve ihtiya\u00e7lar\u0131n\u0131z\u0131 yak\u0131ndan biliyorum. Belediye ba\u015fkan\u0131 olarak, t\u00fcm enerjimi ve tecr\u00fcbemi sizlerin hizmetine sunmak istiyorum. Sizlerin deste\u011fi ile daha g\u00fc\u00e7l\u00fc, daha adil ve daha ya\u015fanabilir bir Saint-Josse-Ten-Noode in\u015fa edece\u011fiz. Gelin, birlikte ba\u015faral\u0131m.\u00a0\u00bb<\/div>\n<div dir=\"auto\"><\/div>\n<p>Danku\u015f&rsquo;un adayl\u0131\u011f\u0131, b\u00f6lgede b\u00fcy\u00fck bir heyecan yaratm\u0131\u015f durumda. \u00d6zellikle T\u00fcrk toplumu ve di\u011fer etnik gruplar aras\u0131nda geni\u015f bir destek g\u00f6ren Danku\u015f, se\u00e7im kampanyas\u0131nda kararl\u0131l\u0131kla yoluna devam ediyor. Se\u00e7imlere k\u0131sa bir s\u00fcre kala, Danku\u015f&rsquo;un vaatleri ve projeleri merakla bekleniyor.<\/p>\n<p>&nbsp;<\/p>\n<p><img loading=\"lazy\" decoding=\"async\" class=\"alignnone size-medium wp-image-26838\" src=\"https:\/\/avrupapress.com\/main\/wp-content\/uploads\/2024\/09\/1727469148224-1-1-212x300.webp\" alt=\"\" width=\"212\" height=\"300\" \/><\/p>\n<p><strong>Bilgin Ozcifci\u00a0 \u00a0 \u00a0\/\u00a0 \u00a0 \u00a0 AVRUPAPRESS<\/strong><\/p>\n","protected":false},"excerpt":{"rendered":"<p>Bel\u00e7ika&rsquo;n\u0131n ba\u015fkenti Br\u00fcksel&rsquo;e ba\u011fl\u0131 1210 Saint-Josse-Ten-Noode belediyesine ba\u015fkan aday\u0131 olan \u0130brahim Danku\u015f, 50 y\u0131ld\u0131r bu belediyede ya\u015fad\u0131\u011f\u0131n\u0131 belirterek, halk\u0131n kar\u015f\u0131s\u0131na aday olarak \u00e7\u0131kt\u0131\u011f\u0131n\u0131 a\u00e7\u0131klad\u0131. Danku\u015f, belediye ba\u015fkanl\u0131\u011f\u0131na aday olma amac\u0131n\u0131n halka hizmet etmek oldu\u011funu vurgulad\u0131. Danku\u015f, b\u00f6lgede ya\u015fayan \u00e7ok say\u0131da T\u00fcrk n\u00fcfusunun varl\u0131\u011f\u0131na dikkat \u00e7ekerek, ba\u015fta T\u00fcrkler olmak \u00fczere herkesin oyuna talip oldu\u011funu ifade etti. [&hellip;]<\/p>\n","protected":false},"author":3,"featured_media":26838,"comment_status":"closed","ping_status":"open","sticky":false,"template":"","format":"standard","meta":{"footnotes":""},"categories":[14,16,3,17,18,15,19,2,1],"tags":[],"class_list":["post-26835","post","type-post","status-publish","format-standard","has-post-thumbnail","hentry","category-avrupa","category-belcika","category-dunya","category-ekonomi","category-kultur-sanat","category-spor","category-tanitim","category-turkiye","category-uncategorized"],"yoast_head":"<!-- This site is optimized with the Yoast SEO plugin v26.9 - https:\/\/yoast.com\/product\/yoast-seo-wordpress\/ -->\n<title>\u0130brahim Danku\u015f, Saint-Josse-Ten-Noode Belediye Ba\u015fkanl\u0131\u011f\u0131na Aday Oldu - AvrupaPress<\/title>\n<meta name=\"robots\" content=\"index, follow, max-snippet:-1, max-image-preview:large, max-video-preview:-1\" \/>\n<link rel=\"canonical\" href=\"https:\/\/avrupapress.com\/main\/2024\/09\/27\/ibrahim-dankus-saint-josse-ten-noode-belediye-baskanligina-aday-oldu\/\" \/>\n<meta property=\"og:locale\" content=\"fr_FR\" \/>\n<meta property=\"og:type\" content=\"article\" \/>\n<meta property=\"og:title\" content=\"\u0130brahim Danku\u015f, Saint-Josse-Ten-Noode Belediye Ba\u015fkanl\u0131\u011f\u0131na Aday Oldu - AvrupaPress\" \/>\n<meta property=\"og:description\" content=\"Bel\u00e7ika&rsquo;n\u0131n ba\u015fkenti Br\u00fcksel&rsquo;e ba\u011fl\u0131 1210 Saint-Josse-Ten-Noode belediyesine ba\u015fkan aday\u0131 olan \u0130brahim Danku\u015f, 50 y\u0131ld\u0131r bu belediyede ya\u015fad\u0131\u011f\u0131n\u0131 belirterek, halk\u0131n kar\u015f\u0131s\u0131na aday olarak \u00e7\u0131kt\u0131\u011f\u0131n\u0131 a\u00e7\u0131klad\u0131. Danku\u015f, belediye ba\u015fkanl\u0131\u011f\u0131na aday olma amac\u0131n\u0131n halka hizmet etmek oldu\u011funu vurgulad\u0131. Danku\u015f, b\u00f6lgede ya\u015fayan \u00e7ok say\u0131da T\u00fcrk n\u00fcfusunun varl\u0131\u011f\u0131na dikkat \u00e7ekerek, ba\u015fta T\u00fcrkler olmak \u00fczere herkesin oyuna talip oldu\u011funu ifade etti. [&hellip;]\" \/>\n<meta property=\"og:url\" content=\"https:\/\/avrupapress.com\/main\/2024\/09\/27\/ibrahim-dankus-saint-josse-ten-noode-belediye-baskanligina-aday-oldu\/\" \/>\n<meta property=\"og:site_name\" content=\"AvrupaPress\" \/>\n<meta property=\"article:published_time\" content=\"2024-09-27T20:37:23+00:00\" \/>\n<meta property=\"article:modified_time\" content=\"2025-02-26T18:58:55+00:00\" \/>\n<meta property=\"og:image\" content=\"https:\/\/avrupapress.com\/main\/wp-content\/uploads\/2024\/09\/1727469148224-1-1-e1727470465310.webp\" \/>\n\t<meta property=\"og:image:width\" content=\"657\" \/>\n\t<meta property=\"og:image:height\" content=\"365\" \/>\n\t<meta property=\"og:image:type\" content=\"image\/webp\" \/>\n<meta name=\"author\" content=\"Edit\u00f6r\" \/>\n<meta name=\"twitter:card\" content=\"summary_large_image\" \/>\n<meta name=\"twitter:label1\" content=\"\u00c9crit par\" \/>\n\t<meta name=\"twitter:data1\" content=\"Edit\u00f6r\" \/>\n\t<meta name=\"twitter:label2\" content=\"Dur\u00e9e de lecture est.\" \/>\n\t<meta name=\"twitter:data2\" content=\"2 minutes\" \/>\n<script type=\"application\/ld+json\" class=\"yoast-schema-graph\">{\"@context\":\"https:\/\/schema.org\",\"@graph\":[{\"@type\":\"Article\",\"@id\":\"https:\/\/avrupapress.com\/main\/2024\/09\/27\/ibrahim-dankus-saint-josse-ten-noode-belediye-baskanligina-aday-oldu\/#article\",\"isPartOf\":{\"@id\":\"https:\/\/avrupapress.com\/main\/2024\/09\/27\/ibrahim-dankus-saint-josse-ten-noode-belediye-baskanligina-aday-oldu\/\"},\"author\":{\"name\":\"Edit\u00f6r\",\"@id\":\"https:\/\/avrupapress.com\/#\/schema\/person\/68428444ec60970d1e1b700cf4ca1e8f\"},\"headline\":\"\u0130brahim Danku\u015f, Saint-Josse-Ten-Noode Belediye Ba\u015fkanl\u0131\u011f\u0131na Aday Oldu\",\"datePublished\":\"2024-09-27T20:37:23+00:00\",\"dateModified\":\"2025-02-26T18:58:55+00:00\",\"mainEntityOfPage\":{\"@id\":\"https:\/\/avrupapress.com\/main\/2024\/09\/27\/ibrahim-dankus-saint-josse-ten-noode-belediye-baskanligina-aday-oldu\/\"},\"wordCount\":412,\"publisher\":{\"@id\":\"https:\/\/avrupapress.com\/#\/schema\/person\/0223dca19c72c43575bf30d1a2d8f4fa\"},\"image\":{\"@id\":\"https:\/\/avrupapress.com\/main\/2024\/09\/27\/ibrahim-dankus-saint-josse-ten-noode-belediye-baskanligina-aday-oldu\/#primaryimage\"},\"thumbnailUrl\":\"https:\/\/avrupapress.com\/main\/wp-content\/uploads\/2024\/09\/1727469148224-1-1-e1727470465310.webp\",\"articleSection\":[\"Avrupa\",\"Bel\u00e7ika\",\"D\u00fcnya\",\"Ekonomi\",\"K\u00fclt\u00fcr-Sanat\",\"Spor\",\"Tan\u0131t\u0131m\",\"T\u00fcrkiye\",\"Uncategorized\"],\"inLanguage\":\"fr-BE\"},{\"@type\":\"WebPage\",\"@id\":\"https:\/\/avrupapress.com\/main\/2024\/09\/27\/ibrahim-dankus-saint-josse-ten-noode-belediye-baskanligina-aday-oldu\/\",\"url\":\"https:\/\/avrupapress.com\/main\/2024\/09\/27\/ibrahim-dankus-saint-josse-ten-noode-belediye-baskanligina-aday-oldu\/\",\"name\":\"\u0130brahim Danku\u015f, Saint-Josse-Ten-Noode Belediye Ba\u015fkanl\u0131\u011f\u0131na Aday Oldu - AvrupaPress\",\"isPartOf\":{\"@id\":\"https:\/\/avrupapress.com\/#website\"},\"primaryImageOfPage\":{\"@id\":\"https:\/\/avrupapress.com\/main\/2024\/09\/27\/ibrahim-dankus-saint-josse-ten-noode-belediye-baskanligina-aday-oldu\/#primaryimage\"},\"image\":{\"@id\":\"https:\/\/avrupapress.com\/main\/2024\/09\/27\/ibrahim-dankus-saint-josse-ten-noode-belediye-baskanligina-aday-oldu\/#primaryimage\"},\"thumbnailUrl\":\"https:\/\/avrupapress.com\/main\/wp-content\/uploads\/2024\/09\/1727469148224-1-1-e1727470465310.webp\",\"datePublished\":\"2024-09-27T20:37:23+00:00\",\"dateModified\":\"2025-02-26T18:58:55+00:00\",\"breadcrumb\":{\"@id\":\"https:\/\/avrupapress.com\/main\/2024\/09\/27\/ibrahim-dankus-saint-josse-ten-noode-belediye-baskanligina-aday-oldu\/#breadcrumb\"},\"inLanguage\":\"fr-BE\",\"potentialAction\":[{\"@type\":\"ReadAction\",\"target\":[\"https:\/\/avrupapress.com\/main\/2024\/09\/27\/ibrahim-dankus-saint-josse-ten-noode-belediye-baskanligina-aday-oldu\/\"]}]},{\"@type\":\"ImageObject\",\"inLanguage\":\"fr-BE\",\"@id\":\"https:\/\/avrupapress.com\/main\/2024\/09\/27\/ibrahim-dankus-saint-josse-ten-noode-belediye-baskanligina-aday-oldu\/#primaryimage\",\"url\":\"https:\/\/avrupapress.com\/main\/wp-content\/uploads\/2024\/09\/1727469148224-1-1-e1727470465310.webp\",\"contentUrl\":\"https:\/\/avrupapress.com\/main\/wp-content\/uploads\/2024\/09\/1727469148224-1-1-e1727470465310.webp\",\"width\":657,\"height\":365},{\"@type\":\"BreadcrumbList\",\"@id\":\"https:\/\/avrupapress.com\/main\/2024\/09\/27\/ibrahim-dankus-saint-josse-ten-noode-belediye-baskanligina-aday-oldu\/#breadcrumb\",\"itemListElement\":[{\"@type\":\"ListItem\",\"position\":1,\"name\":\"Anasayfa\",\"item\":\"https:\/\/avrupapress.com\/\"},{\"@type\":\"ListItem\",\"position\":2,\"name\":\"\u0130brahim Danku\u015f, Saint-Josse-Ten-Noode Belediye Ba\u015fkanl\u0131\u011f\u0131na Aday Oldu\"}]},{\"@type\":\"WebSite\",\"@id\":\"https:\/\/avrupapress.com\/#website\",\"url\":\"https:\/\/avrupapress.com\/\",\"name\":\"AvrupaPress\",\"description\":\"Haberin Adresi\",\"publisher\":{\"@id\":\"https:\/\/avrupapress.com\/#\/schema\/person\/0223dca19c72c43575bf30d1a2d8f4fa\"},\"potentialAction\":[{\"@type\":\"SearchAction\",\"target\":{\"@type\":\"EntryPoint\",\"urlTemplate\":\"https:\/\/avrupapress.com\/?s={search_term_string}\"},\"query-input\":{\"@type\":\"PropertyValueSpecification\",\"valueRequired\":true,\"valueName\":\"search_term_string\"}}],\"inLanguage\":\"fr-BE\"},{\"@type\":[\"Person\",\"Organization\"],\"@id\":\"https:\/\/avrupapress.com\/#\/schema\/person\/0223dca19c72c43575bf30d1a2d8f4fa\",\"name\":\"Bilgin \u00d6z\u00e7ift\u00e7i\",\"image\":{\"@type\":\"ImageObject\",\"inLanguage\":\"fr-BE\",\"@id\":\"https:\/\/avrupapress.com\/#\/schema\/person\/image\/\",\"url\":\"https:\/\/secure.gravatar.com\/avatar\/0f23b280433a21e1ea7a0adcc46ed0ad16afe3ad8e630fd13d8a017dcbd54ef3?s=96&d=mm&r=g\",\"contentUrl\":\"https:\/\/secure.gravatar.com\/avatar\/0f23b280433a21e1ea7a0adcc46ed0ad16afe3ad8e630fd13d8a017dcbd54ef3?s=96&d=mm&r=g\",\"caption\":\"Bilgin \u00d6z\u00e7ift\u00e7i\"},\"logo\":{\"@id\":\"https:\/\/avrupapress.com\/#\/schema\/person\/image\/\"},\"description\":\"Ne ben, nede sen... Biz ancak \\\"biz\\\" olursak g\u00fc\u00e7l\u00fc olabiliriz\"},{\"@type\":\"Person\",\"@id\":\"https:\/\/avrupapress.com\/#\/schema\/person\/68428444ec60970d1e1b700cf4ca1e8f\",\"name\":\"Edit\u00f6r\",\"image\":{\"@type\":\"ImageObject\",\"inLanguage\":\"fr-BE\",\"@id\":\"https:\/\/avrupapress.com\/#\/schema\/person\/image\/\",\"url\":\"https:\/\/secure.gravatar.com\/avatar\/74996b0977aa5f1559ba9883776652508b229005c0d78fb2597897f0bd651c09?s=96&d=mm&r=g\",\"contentUrl\":\"https:\/\/secure.gravatar.com\/avatar\/74996b0977aa5f1559ba9883776652508b229005c0d78fb2597897f0bd651c09?s=96&d=mm&r=g\",\"caption\":\"Edit\u00f6r\"},\"sameAs\":[\"http:\/\/www.avrupapress.com\"],\"url\":\"https:\/\/avrupapress.com\/main\/author\/editor\/\"}]}<\/script>\n<!-- \/ Yoast SEO plugin. -->","yoast_head_json":{"title":"\u0130brahim Danku\u015f, Saint-Josse-Ten-Noode Belediye Ba\u015fkanl\u0131\u011f\u0131na Aday Oldu - AvrupaPress","robots":{"index":"index","follow":"follow","max-snippet":"max-snippet:-1","max-image-preview":"max-image-preview:large","max-video-preview":"max-video-preview:-1"},"canonical":"https:\/\/avrupapress.com\/main\/2024\/09\/27\/ibrahim-dankus-saint-josse-ten-noode-belediye-baskanligina-aday-oldu\/","og_locale":"fr_FR","og_type":"article","og_title":"\u0130brahim Danku\u015f, Saint-Josse-Ten-Noode Belediye Ba\u015fkanl\u0131\u011f\u0131na Aday Oldu - AvrupaPress","og_description":"Bel\u00e7ika&rsquo;n\u0131n ba\u015fkenti Br\u00fcksel&rsquo;e ba\u011fl\u0131 1210 Saint-Josse-Ten-Noode belediyesine ba\u015fkan aday\u0131 olan \u0130brahim Danku\u015f, 50 y\u0131ld\u0131r bu belediyede ya\u015fad\u0131\u011f\u0131n\u0131 belirterek, halk\u0131n kar\u015f\u0131s\u0131na aday olarak \u00e7\u0131kt\u0131\u011f\u0131n\u0131 a\u00e7\u0131klad\u0131. Danku\u015f, belediye ba\u015fkanl\u0131\u011f\u0131na aday olma amac\u0131n\u0131n halka hizmet etmek oldu\u011funu vurgulad\u0131. Danku\u015f, b\u00f6lgede ya\u015fayan \u00e7ok say\u0131da T\u00fcrk n\u00fcfusunun varl\u0131\u011f\u0131na dikkat \u00e7ekerek, ba\u015fta T\u00fcrkler olmak \u00fczere herkesin oyuna talip oldu\u011funu ifade etti. [&hellip;]","og_url":"https:\/\/avrupapress.com\/main\/2024\/09\/27\/ibrahim-dankus-saint-josse-ten-noode-belediye-baskanligina-aday-oldu\/","og_site_name":"AvrupaPress","article_published_time":"2024-09-27T20:37:23+00:00","article_modified_time":"2025-02-26T18:58:55+00:00","og_image":[{"width":657,"height":365,"url":"https:\/\/avrupapress.com\/main\/wp-content\/uploads\/2024\/09\/1727469148224-1-1-e1727470465310.webp","type":"image\/webp"}],"author":"Edit\u00f6r","twitter_card":"summary_large_image","twitter_misc":{"\u00c9crit par":"Edit\u00f6r","Dur\u00e9e de lecture est.":"2 minutes"},"schema":{"@context":"https:\/\/schema.org","@graph":[{"@type":"Article","@id":"https:\/\/avrupapress.com\/main\/2024\/09\/27\/ibrahim-dankus-saint-josse-ten-noode-belediye-baskanligina-aday-oldu\/#article","isPartOf":{"@id":"https:\/\/avrupapress.com\/main\/2024\/09\/27\/ibrahim-dankus-saint-josse-ten-noode-belediye-baskanligina-aday-oldu\/"},"author":{"name":"Edit\u00f6r","@id":"https:\/\/avrupapress.com\/#\/schema\/person\/68428444ec60970d1e1b700cf4ca1e8f"},"headline":"\u0130brahim Danku\u015f, Saint-Josse-Ten-Noode Belediye Ba\u015fkanl\u0131\u011f\u0131na Aday Oldu","datePublished":"2024-09-27T20:37:23+00:00","dateModified":"2025-02-26T18:58:55+00:00","mainEntityOfPage":{"@id":"https:\/\/avrupapress.com\/main\/2024\/09\/27\/ibrahim-dankus-saint-josse-ten-noode-belediye-baskanligina-aday-oldu\/"},"wordCount":412,"publisher":{"@id":"https:\/\/avrupapress.com\/#\/schema\/person\/0223dca19c72c43575bf30d1a2d8f4fa"},"image":{"@id":"https:\/\/avrupapress.com\/main\/2024\/09\/27\/ibrahim-dankus-saint-josse-ten-noode-belediye-baskanligina-aday-oldu\/#primaryimage"},"thumbnailUrl":"https:\/\/avrupapress.com\/main\/wp-content\/uploads\/2024\/09\/1727469148224-1-1-e1727470465310.webp","articleSection":["Avrupa","Bel\u00e7ika","D\u00fcnya","Ekonomi","K\u00fclt\u00fcr-Sanat","Spor","Tan\u0131t\u0131m","T\u00fcrkiye","Uncategorized"],"inLanguage":"fr-BE"},{"@type":"WebPage","@id":"https:\/\/avrupapress.com\/main\/2024\/09\/27\/ibrahim-dankus-saint-josse-ten-noode-belediye-baskanligina-aday-oldu\/","url":"https:\/\/avrupapress.com\/main\/2024\/09\/27\/ibrahim-dankus-saint-josse-ten-noode-belediye-baskanligina-aday-oldu\/","name":"\u0130brahim Danku\u015f, Saint-Josse-Ten-Noode Belediye Ba\u015fkanl\u0131\u011f\u0131na Aday Oldu - AvrupaPress","isPartOf":{"@id":"https:\/\/avrupapress.com\/#website"},"primaryImageOfPage":{"@id":"https:\/\/avrupapress.com\/main\/2024\/09\/27\/ibrahim-dankus-saint-josse-ten-noode-belediye-baskanligina-aday-oldu\/#primaryimage"},"image":{"@id":"https:\/\/avrupapress.com\/main\/2024\/09\/27\/ibrahim-dankus-saint-josse-ten-noode-belediye-baskanligina-aday-oldu\/#primaryimage"},"thumbnailUrl":"https:\/\/avrupapress.com\/main\/wp-content\/uploads\/2024\/09\/1727469148224-1-1-e1727470465310.webp","datePublished":"2024-09-27T20:37:23+00:00","dateModified":"2025-02-26T18:58:55+00:00","breadcrumb":{"@id":"https:\/\/avrupapress.com\/main\/2024\/09\/27\/ibrahim-dankus-saint-josse-ten-noode-belediye-baskanligina-aday-oldu\/#breadcrumb"},"inLanguage":"fr-BE","potentialAction":[{"@type":"ReadAction","target":["https:\/\/avrupapress.com\/main\/2024\/09\/27\/ibrahim-dankus-saint-josse-ten-noode-belediye-baskanligina-aday-oldu\/"]}]},{"@type":"ImageObject","inLanguage":"fr-BE","@id":"https:\/\/avrupapress.com\/main\/2024\/09\/27\/ibrahim-dankus-saint-josse-ten-noode-belediye-baskanligina-aday-oldu\/#primaryimage","url":"https:\/\/avrupapress.com\/main\/wp-content\/uploads\/2024\/09\/1727469148224-1-1-e1727470465310.webp","contentUrl":"https:\/\/avrupapress.com\/main\/wp-content\/uploads\/2024\/09\/1727469148224-1-1-e1727470465310.webp","width":657,"height":365},{"@type":"BreadcrumbList","@id":"https:\/\/avrupapress.com\/main\/2024\/09\/27\/ibrahim-dankus-saint-josse-ten-noode-belediye-baskanligina-aday-oldu\/#breadcrumb","itemListElement":[{"@type":"ListItem","position":1,"name":"Anasayfa","item":"https:\/\/avrupapress.com\/"},{"@type":"ListItem","position":2,"name":"\u0130brahim Danku\u015f, Saint-Josse-Ten-Noode Belediye Ba\u015fkanl\u0131\u011f\u0131na Aday Oldu"}]},{"@type":"WebSite","@id":"https:\/\/avrupapress.com\/#website","url":"https:\/\/avrupapress.com\/","name":"AvrupaPress","description":"Haberin Adresi","publisher":{"@id":"https:\/\/avrupapress.com\/#\/schema\/person\/0223dca19c72c43575bf30d1a2d8f4fa"},"potentialAction":[{"@type":"SearchAction","target":{"@type":"EntryPoint","urlTemplate":"https:\/\/avrupapress.com\/?s={search_term_string}"},"query-input":{"@type":"PropertyValueSpecification","valueRequired":true,"valueName":"search_term_string"}}],"inLanguage":"fr-BE"},{"@type":["Person","Organization"],"@id":"https:\/\/avrupapress.com\/#\/schema\/person\/0223dca19c72c43575bf30d1a2d8f4fa","name":"Bilgin \u00d6z\u00e7ift\u00e7i","image":{"@type":"ImageObject","inLanguage":"fr-BE","@id":"https:\/\/avrupapress.com\/#\/schema\/person\/image\/","url":"https:\/\/secure.gravatar.com\/avatar\/0f23b280433a21e1ea7a0adcc46ed0ad16afe3ad8e630fd13d8a017dcbd54ef3?s=96&d=mm&r=g","contentUrl":"https:\/\/secure.gravatar.com\/avatar\/0f23b280433a21e1ea7a0adcc46ed0ad16afe3ad8e630fd13d8a017dcbd54ef3?s=96&d=mm&r=g","caption":"Bilgin \u00d6z\u00e7ift\u00e7i"},"logo":{"@id":"https:\/\/avrupapress.com\/#\/schema\/person\/image\/"},"description":"Ne ben, nede sen... Biz ancak \"biz\" olursak g\u00fc\u00e7l\u00fc olabiliriz"},{"@type":"Person","@id":"https:\/\/avrupapress.com\/#\/schema\/person\/68428444ec60970d1e1b700cf4ca1e8f","name":"Edit\u00f6r","image":{"@type":"ImageObject","inLanguage":"fr-BE","@id":"https:\/\/avrupapress.com\/#\/schema\/person\/image\/","url":"https:\/\/secure.gravatar.com\/avatar\/74996b0977aa5f1559ba9883776652508b229005c0d78fb2597897f0bd651c09?s=96&d=mm&r=g","contentUrl":"https:\/\/secure.gravatar.com\/avatar\/74996b0977aa5f1559ba9883776652508b229005c0d78fb2597897f0bd651c09?s=96&d=mm&r=g","caption":"Edit\u00f6r"},"sameAs":["http:\/\/www.avrupapress.com"],"url":"https:\/\/avrupapress.com\/main\/author\/editor\/"}]}},"_links":{"self":[{"href":"https:\/\/avrupapress.com\/main\/wp-json\/wp\/v2\/posts\/26835","targetHints":{"allow":["GET"]}}],"collection":[{"href":"https:\/\/avrupapress.com\/main\/wp-json\/wp\/v2\/posts"}],"about":[{"href":"https:\/\/avrupapress.com\/main\/wp-json\/wp\/v2\/types\/post"}],"author":[{"embeddable":true,"href":"https:\/\/avrupapress.com\/main\/wp-json\/wp\/v2\/users\/3"}],"replies":[{"embeddable":true,"href":"https:\/\/avrupapress.com\/main\/wp-json\/wp\/v2\/comments?post=26835"}],"version-history":[{"count":2,"href":"https:\/\/avrupapress.com\/main\/wp-json\/wp\/v2\/posts\/26835\/revisions"}],"predecessor-version":[{"id":28305,"href":"https:\/\/avrupapress.com\/main\/wp-json\/wp\/v2\/posts\/26835\/revisions\/28305"}],"wp:featuredmedia":[{"embeddable":true,"href":"https:\/\/avrupapress.com\/main\/wp-json\/wp\/v2\/media\/26838"}],"wp:attachment":[{"href":"https:\/\/avrupapress.com\/main\/wp-json\/wp\/v2\/media?parent=26835"}],"wp:term":[{"taxonomy":"category","embeddable":true,"href":"https:\/\/avrupapress.com\/main\/wp-json\/wp\/v2\/categories?post=26835"},{"taxonomy":"post_tag","embeddable":true,"href":"https:\/\/avrupapress.com\/main\/wp-json\/wp\/v2\/tags?post=26835"}],"curies":[{"name":"wp","href":"https:\/\/api.w.org\/{rel}","templated":true}]}}