{"id":26830,"date":"2024-09-27T20:28:16","date_gmt":"2024-09-27T20:28:16","guid":{"rendered":"https:\/\/avrupapress.com\/main\/?p=26830"},"modified":"2024-09-27T20:28:24","modified_gmt":"2024-09-27T20:28:24","slug":"the-walking-dead-daryl-dixonin-ikinci-sezonu-carolin-kitabi-basligiyla-30-eylulde-turkce-dublaj-ve-altyazi-secenegiyle-amerika-birlesik-devletleri-ile-es","status":"publish","type":"post","link":"https:\/\/avrupapress.com\/main\/2024\/09\/27\/the-walking-dead-daryl-dixonin-ikinci-sezonu-carolin-kitabi-basligiyla-30-eylulde-turkce-dublaj-ve-altyazi-secenegiyle-amerika-birlesik-devletleri-ile-es\/","title":{"rendered":"THE WALKING DEAD: DARYL DIXON\u2019IN \u0130K\u0130NC\u0130 SEZONU \u2018CAROL\u2019IN K\u0130TABI\u2019 BA\u015eLI\u011eIYLA, 30 EYL\u00dcL\u2019DE T\u00dcRK\u00c7E DUBLAJ VE ALTYAZI SE\u00c7ENE\u011e\u0130YLE AMER\u0130KA B\u0130RLE\u015e\u0130K DEVLETLER\u0130 \u0130LE E\u015e ZAMANLI OLARAK, SADECE TV+\u2019TA."},"content":{"rendered":"<p class=\"x_MsoNormal\" align=\"center\"><b><span lang=\"TR\">THE WALKING DEAD: DARYL DIXON NEFES KESEN 2. SEZONUYLA SADECE TV+\u2019TA<\/span><\/b><\/p>\n<p class=\"x_MsoNormal\" align=\"center\"><b><span lang=\"TR\">\u00a0<\/span><\/b><\/p>\n<p class=\"x_MsoNormal\" align=\"center\"><b><span lang=\"TR\">THE WALKING DEAD: DARYL DIXON\u2019IN \u0130K\u0130NC\u0130 SEZONU \u2018CAROL\u2019IN K\u0130TABI\u2019 BA\u015eLI\u011eIYLA, 30 EYL\u00dcL\u2019DE T\u00dcRK\u00c7E DUBLAJ VE ALTYAZI SE\u00c7ENE\u011e\u0130YLE AMER\u0130KA B\u0130RLE\u015e\u0130K DEVLETLER\u0130 \u0130LE E\u015e ZAMANLI OLARAK, SADECE TV+\u2019TA.<\/span><\/b><\/p>\n<p class=\"x_MsoNormal\"><span lang=\"TR\">The Walking Dead: Daryl Dixon, yeni sezonuyla izleyicileri ekrana kilitlemeye haz\u0131rlan\u0131yor. \u0130kinci sezon, Carol\u2019un Kitab\u0131 ba\u015fl\u0131\u011f\u0131yla heyecan\u0131 bir \u00fcst seviyeye ta\u015f\u0131rken, 30 Eyl\u00fcl&rsquo;de Amerika Birle\u015fik Devletleri ile e\u015f zamanl\u0131 olarak T\u00fcrk\u00e7e altyaz\u0131 ve dublaj se\u00e7enekleriyle sadece TV+\u2019ta yay\u0131nlanacak. Alt\u0131 b\u00f6l\u00fcmden olu\u015fan sezonun her bir b\u00f6l\u00fcm\u00fc 60 dakikal\u0131k soluksuz bir macera sunacak.<\/span><\/p>\n<p class=\"x_MsoNormal\"><span lang=\"TR\">\u00a0<\/span><\/p>\n<p class=\"x_MsoNormal\"><span lang=\"TR\">Bu sezon, Daryl\u2019in Fransa\u2019da kalma karar\u0131, onu geri d\u00f6n\u00fclmez bir yola sokuyor. \u00d6zellikle \u201cNest\u201d adl\u0131 yerde, di\u011fer karakterlerle ya\u015fad\u0131\u011f\u0131 gerilimler, izleyicileri b\u00fcy\u00fclemeye aday. Daryl\u2019in karar\u0131 sadece kendisini de\u011fil, hik\u00e2yeye yeniden dahil olan Carol\u2019\u0131 da etkiliyor. Carol, eski dostunu bulma misyonuyla tehlikelerle dolu bir ser\u00fcvene at\u0131l\u0131yor.<\/span><\/p>\n<p class=\"x_MsoNormal\"><span lang=\"TR\">\u00a0<\/span><\/p>\n<p class=\"x_MsoNormal\"><span lang=\"TR\">Ancak as\u0131l b\u00fcy\u00fck \u00e7at\u0131\u015fma, Genet\u2019in y\u00fckselen g\u00fcc\u00fc ile ba\u015f g\u00f6steriyor. Fransa, Pouvoir ve Union of Hope adl\u0131 iki grup aras\u0131nda adeta bir sava\u015f meydan\u0131na d\u00f6n\u00fc\u015f\u00fcyor. Bu iki grubun \u00fclkenin gelece\u011fi i\u00e7in verdikleri m\u00fccadele, dizinin temposunu art\u0131r\u0131rken izleyicilere yo\u011fun aksiyon sahneleri vaat ediyor. Daryl ve Carol, hem d\u00fc\u015fmanlar\u0131yla hem de i\u00e7sel travmalar\u0131yla y\u00fczle\u015firken, derin karakter geli\u015fimleri ya\u015fanacak ve hangi yolu se\u00e7eceklerine karar vermek zorunda kalacaklar.<\/span><\/p>\n<p class=\"x_MsoNormal\"><span lang=\"TR\">\u00a0<\/span><\/p>\n<p class=\"x_MsoNormal\"><span lang=\"TR\">Dizinin oyuncu kadrosu ise g\u00fc\u00e7l\u00fc isimlerle dikkat \u00e7ekiyor. Ba\u015frolde\u00a0<b>Norman Reedus<\/b>, Daryl Dixon karakterine hayat vermeye devam ediyor. Ona e\u015flik eden\u00a0<b>Melissa McBride<\/b>, Carol Peletier karakteriyle hik\u00e2yeye bu sezonda yeniden dahil oluyor. Di\u011fer \u00f6nemli oyuncular aras\u0131nda,\u00a0<b>Cl\u00e9mence Po\u00e9sy<\/b>\u00a0(Isabelle karakteriyle),\u00a0<b>Adam Nagaitis<\/b>\u00a0(Genet hareketinin kilit ismi Quinn rol\u00fcnde) ve\u00a0<b>Anne Charrier<\/b>, Daryl\u2019in Fransa\u2019daki m\u00fccadelesine y\u00f6n veren karakterlerden biri olarak yer al\u0131yor.<\/span><\/p>\n<p class=\"x_MsoNormal\"><span lang=\"TR\">\u00a0<\/span><\/p>\n<p class=\"x_MsoNormal\"><span lang=\"TR\">Bu sezon, hik\u00e2yenin s\u0131n\u0131rlar\u0131n\u0131 geni\u015fletirken Daryl ve Carol\u2019\u0131n duygusal derinli\u011fi ve ge\u00e7mi\u015fleriyle y\u00fczle\u015fmeleri, izleyicileri duygusal bir yolculu\u011fa \u00e7\u0131karacak. The Walking Dead: Daryl Dixon, yaln\u0131zca hayranlar\u0131n\u0131 de\u011fil, dram ve aksiyon tutkunlar\u0131n\u0131 da ekrana ba\u011flayacak.<\/span><\/p>\n<p class=\"x_MsoNormal\"><span lang=\"TR\"> <img loading=\"lazy\" decoding=\"async\" class=\"alignnone size-medium wp-image-26832\" src=\"https:\/\/avrupapress.com\/main\/wp-content\/uploads\/2024\/09\/thumbnail_TWDDDMediaLogosuz-300x169.jpg\" alt=\"\" width=\"300\" height=\"169\" srcset=\"https:\/\/avrupapress.com\/main\/wp-content\/uploads\/2024\/09\/thumbnail_TWDDDMediaLogosuz-300x169.jpg 300w, https:\/\/avrupapress.com\/main\/wp-content\/uploads\/2024\/09\/thumbnail_TWDDDMediaLogosuz-1024x576.jpg 1024w, https:\/\/avrupapress.com\/main\/wp-content\/uploads\/2024\/09\/thumbnail_TWDDDMediaLogosuz-768x432.jpg 768w, https:\/\/avrupapress.com\/main\/wp-content\/uploads\/2024\/09\/thumbnail_TWDDDMediaLogosuz-1536x864.jpg 1536w, https:\/\/avrupapress.com\/main\/wp-content\/uploads\/2024\/09\/thumbnail_TWDDDMediaLogosuz-740x420.jpg 740w, https:\/\/avrupapress.com\/main\/wp-content\/uploads\/2024\/09\/thumbnail_TWDDDMediaLogosuz.jpg 1920w\" sizes=\"auto, (max-width: 300px) 100vw, 300px\" \/><\/span><\/p>\n<p class=\"x_MsoNormal\"><b><span lang=\"TR\"> <img loading=\"lazy\" decoding=\"async\" class=\"alignnone size-medium wp-image-26831\" src=\"https:\/\/avrupapress.com\/main\/wp-content\/uploads\/2024\/09\/thumbnail_TWDDDMediaLogo-300x169.jpg\" alt=\"\" width=\"300\" height=\"169\" srcset=\"https:\/\/avrupapress.com\/main\/wp-content\/uploads\/2024\/09\/thumbnail_TWDDDMediaLogo-300x169.jpg 300w, https:\/\/avrupapress.com\/main\/wp-content\/uploads\/2024\/09\/thumbnail_TWDDDMediaLogo-1024x576.jpg 1024w, https:\/\/avrupapress.com\/main\/wp-content\/uploads\/2024\/09\/thumbnail_TWDDDMediaLogo-768x432.jpg 768w, https:\/\/avrupapress.com\/main\/wp-content\/uploads\/2024\/09\/thumbnail_TWDDDMediaLogo-1536x864.jpg 1536w, https:\/\/avrupapress.com\/main\/wp-content\/uploads\/2024\/09\/thumbnail_TWDDDMediaLogo-740x420.jpg 740w, https:\/\/avrupapress.com\/main\/wp-content\/uploads\/2024\/09\/thumbnail_TWDDDMediaLogo.jpg 1920w\" sizes=\"auto, (max-width: 300px) 100vw, 300px\" \/><\/span><\/b><\/p>\n<p class=\"x_MsoNormal\"><b><span lang=\"EN-US\">Pelin Ate\u015f\u00a0 \u00a0 \u00a0\/\u00a0 \u00a0 \u00a0AVRUPAPRESS<\/span><\/b><\/p>\n","protected":false},"excerpt":{"rendered":"<p>THE WALKING DEAD: DARYL DIXON NEFES KESEN 2. SEZONUYLA SADECE TV+\u2019TA \u00a0 THE WALKING DEAD: DARYL DIXON\u2019IN \u0130K\u0130NC\u0130 SEZONU \u2018CAROL\u2019IN K\u0130TABI\u2019 BA\u015eLI\u011eIYLA, 30 EYL\u00dcL\u2019DE T\u00dcRK\u00c7E DUBLAJ VE ALTYAZI SE\u00c7ENE\u011e\u0130YLE AMER\u0130KA B\u0130RLE\u015e\u0130K DEVLETLER\u0130 \u0130LE E\u015e ZAMANLI OLARAK, SADECE TV+\u2019TA. The Walking Dead: Daryl Dixon, yeni sezonuyla izleyicileri ekrana kilitlemeye haz\u0131rlan\u0131yor. \u0130kinci sezon, Carol\u2019un Kitab\u0131 ba\u015fl\u0131\u011f\u0131yla heyecan\u0131 [&hellip;]<\/p>\n","protected":false},"author":3,"featured_media":26831,"comment_status":"closed","ping_status":"open","sticky":false,"template":"","format":"standard","meta":{"footnotes":""},"categories":[14,16,3,17,18,15,19,2,1],"tags":[],"class_list":["post-26830","post","type-post","status-publish","format-standard","has-post-thumbnail","hentry","category-avrupa","category-belcika","category-dunya","category-ekonomi","category-kultur-sanat","category-spor","category-tanitim","category-turkiye","category-uncategorized"],"yoast_head":"<!-- This site is optimized with the Yoast SEO plugin v26.9 - https:\/\/yoast.com\/product\/yoast-seo-wordpress\/ -->\n<title>THE WALKING DEAD: DARYL DIXON\u2019IN \u0130K\u0130NC\u0130 SEZONU \u2018CAROL\u2019IN K\u0130TABI\u2019 BA\u015eLI\u011eIYLA, 30 EYL\u00dcL\u2019DE T\u00dcRK\u00c7E DUBLAJ VE ALTYAZI SE\u00c7ENE\u011e\u0130YLE AMER\u0130KA B\u0130RLE\u015e\u0130K DEVLETLER\u0130 \u0130LE E\u015e ZAMANLI OLARAK, SADECE TV+\u2019TA. - AvrupaPress<\/title>\n<meta name=\"robots\" content=\"index, follow, max-snippet:-1, max-image-preview:large, max-video-preview:-1\" \/>\n<link rel=\"canonical\" href=\"https:\/\/avrupapress.com\/main\/2024\/09\/27\/the-walking-dead-daryl-dixonin-ikinci-sezonu-carolin-kitabi-basligiyla-30-eylulde-turkce-dublaj-ve-altyazi-secenegiyle-amerika-birlesik-devletleri-ile-es\/\" \/>\n<meta property=\"og:locale\" content=\"fr_FR\" \/>\n<meta property=\"og:type\" content=\"article\" \/>\n<meta property=\"og:title\" content=\"THE WALKING DEAD: DARYL DIXON\u2019IN \u0130K\u0130NC\u0130 SEZONU \u2018CAROL\u2019IN K\u0130TABI\u2019 BA\u015eLI\u011eIYLA, 30 EYL\u00dcL\u2019DE T\u00dcRK\u00c7E DUBLAJ VE ALTYAZI SE\u00c7ENE\u011e\u0130YLE AMER\u0130KA B\u0130RLE\u015e\u0130K DEVLETLER\u0130 \u0130LE E\u015e ZAMANLI OLARAK, SADECE TV+\u2019TA. - AvrupaPress\" \/>\n<meta property=\"og:description\" content=\"THE WALKING DEAD: DARYL DIXON NEFES KESEN 2. SEZONUYLA SADECE TV+\u2019TA \u00a0 THE WALKING DEAD: DARYL DIXON\u2019IN \u0130K\u0130NC\u0130 SEZONU \u2018CAROL\u2019IN K\u0130TABI\u2019 BA\u015eLI\u011eIYLA, 30 EYL\u00dcL\u2019DE T\u00dcRK\u00c7E DUBLAJ VE ALTYAZI SE\u00c7ENE\u011e\u0130YLE AMER\u0130KA B\u0130RLE\u015e\u0130K DEVLETLER\u0130 \u0130LE E\u015e ZAMANLI OLARAK, SADECE TV+\u2019TA. The Walking Dead: Daryl Dixon, yeni sezonuyla izleyicileri ekrana kilitlemeye haz\u0131rlan\u0131yor. \u0130kinci sezon, Carol\u2019un Kitab\u0131 ba\u015fl\u0131\u011f\u0131yla heyecan\u0131 [&hellip;]\" \/>\n<meta property=\"og:url\" content=\"https:\/\/avrupapress.com\/main\/2024\/09\/27\/the-walking-dead-daryl-dixonin-ikinci-sezonu-carolin-kitabi-basligiyla-30-eylulde-turkce-dublaj-ve-altyazi-secenegiyle-amerika-birlesik-devletleri-ile-es\/\" \/>\n<meta property=\"og:site_name\" content=\"AvrupaPress\" \/>\n<meta property=\"article:published_time\" content=\"2024-09-27T20:28:16+00:00\" \/>\n<meta property=\"article:modified_time\" content=\"2024-09-27T20:28:24+00:00\" \/>\n<meta property=\"og:image\" content=\"https:\/\/avrupapress.com\/main\/wp-content\/uploads\/2024\/09\/thumbnail_TWDDDMediaLogo.jpg\" \/>\n\t<meta property=\"og:image:width\" content=\"1920\" \/>\n\t<meta property=\"og:image:height\" content=\"1080\" \/>\n\t<meta property=\"og:image:type\" content=\"image\/jpeg\" \/>\n<meta name=\"author\" content=\"Edit\u00f6r\" \/>\n<meta name=\"twitter:card\" content=\"summary_large_image\" \/>\n<meta name=\"twitter:label1\" content=\"\u00c9crit par\" \/>\n\t<meta name=\"twitter:data1\" content=\"Edit\u00f6r\" \/>\n\t<meta name=\"twitter:label2\" content=\"Dur\u00e9e de lecture est.\" \/>\n\t<meta name=\"twitter:data2\" content=\"3 minutes\" \/>\n<script type=\"application\/ld+json\" class=\"yoast-schema-graph\">{\"@context\":\"https:\/\/schema.org\",\"@graph\":[{\"@type\":\"Article\",\"@id\":\"https:\/\/avrupapress.com\/main\/2024\/09\/27\/the-walking-dead-daryl-dixonin-ikinci-sezonu-carolin-kitabi-basligiyla-30-eylulde-turkce-dublaj-ve-altyazi-secenegiyle-amerika-birlesik-devletleri-ile-es\/#article\",\"isPartOf\":{\"@id\":\"https:\/\/avrupapress.com\/main\/2024\/09\/27\/the-walking-dead-daryl-dixonin-ikinci-sezonu-carolin-kitabi-basligiyla-30-eylulde-turkce-dublaj-ve-altyazi-secenegiyle-amerika-birlesik-devletleri-ile-es\/\"},\"author\":{\"name\":\"Edit\u00f6r\",\"@id\":\"https:\/\/avrupapress.com\/#\/schema\/person\/68428444ec60970d1e1b700cf4ca1e8f\"},\"headline\":\"THE WALKING DEAD: DARYL DIXON\u2019IN \u0130K\u0130NC\u0130 SEZONU \u2018CAROL\u2019IN K\u0130TABI\u2019 BA\u015eLI\u011eIYLA, 30 EYL\u00dcL\u2019DE T\u00dcRK\u00c7E DUBLAJ VE ALTYAZI SE\u00c7ENE\u011e\u0130YLE AMER\u0130KA B\u0130RLE\u015e\u0130K DEVLETLER\u0130 \u0130LE E\u015e ZAMANLI OLARAK, SADECE TV+\u2019TA.\",\"datePublished\":\"2024-09-27T20:28:16+00:00\",\"dateModified\":\"2024-09-27T20:28:24+00:00\",\"mainEntityOfPage\":{\"@id\":\"https:\/\/avrupapress.com\/main\/2024\/09\/27\/the-walking-dead-daryl-dixonin-ikinci-sezonu-carolin-kitabi-basligiyla-30-eylulde-turkce-dublaj-ve-altyazi-secenegiyle-amerika-birlesik-devletleri-ile-es\/\"},\"wordCount\":439,\"publisher\":{\"@id\":\"https:\/\/avrupapress.com\/#\/schema\/person\/0223dca19c72c43575bf30d1a2d8f4fa\"},\"image\":{\"@id\":\"https:\/\/avrupapress.com\/main\/2024\/09\/27\/the-walking-dead-daryl-dixonin-ikinci-sezonu-carolin-kitabi-basligiyla-30-eylulde-turkce-dublaj-ve-altyazi-secenegiyle-amerika-birlesik-devletleri-ile-es\/#primaryimage\"},\"thumbnailUrl\":\"https:\/\/avrupapress.com\/main\/wp-content\/uploads\/2024\/09\/thumbnail_TWDDDMediaLogo.jpg\",\"articleSection\":[\"Avrupa\",\"Bel\u00e7ika\",\"D\u00fcnya\",\"Ekonomi\",\"K\u00fclt\u00fcr-Sanat\",\"Spor\",\"Tan\u0131t\u0131m\",\"T\u00fcrkiye\",\"Uncategorized\"],\"inLanguage\":\"fr-BE\"},{\"@type\":\"WebPage\",\"@id\":\"https:\/\/avrupapress.com\/main\/2024\/09\/27\/the-walking-dead-daryl-dixonin-ikinci-sezonu-carolin-kitabi-basligiyla-30-eylulde-turkce-dublaj-ve-altyazi-secenegiyle-amerika-birlesik-devletleri-ile-es\/\",\"url\":\"https:\/\/avrupapress.com\/main\/2024\/09\/27\/the-walking-dead-daryl-dixonin-ikinci-sezonu-carolin-kitabi-basligiyla-30-eylulde-turkce-dublaj-ve-altyazi-secenegiyle-amerika-birlesik-devletleri-ile-es\/\",\"name\":\"THE WALKING DEAD: DARYL DIXON\u2019IN \u0130K\u0130NC\u0130 SEZONU \u2018CAROL\u2019IN K\u0130TABI\u2019 BA\u015eLI\u011eIYLA, 30 EYL\u00dcL\u2019DE T\u00dcRK\u00c7E DUBLAJ VE ALTYAZI SE\u00c7ENE\u011e\u0130YLE AMER\u0130KA B\u0130RLE\u015e\u0130K DEVLETLER\u0130 \u0130LE E\u015e ZAMANLI OLARAK, SADECE TV+\u2019TA. - AvrupaPress\",\"isPartOf\":{\"@id\":\"https:\/\/avrupapress.com\/#website\"},\"primaryImageOfPage\":{\"@id\":\"https:\/\/avrupapress.com\/main\/2024\/09\/27\/the-walking-dead-daryl-dixonin-ikinci-sezonu-carolin-kitabi-basligiyla-30-eylulde-turkce-dublaj-ve-altyazi-secenegiyle-amerika-birlesik-devletleri-ile-es\/#primaryimage\"},\"image\":{\"@id\":\"https:\/\/avrupapress.com\/main\/2024\/09\/27\/the-walking-dead-daryl-dixonin-ikinci-sezonu-carolin-kitabi-basligiyla-30-eylulde-turkce-dublaj-ve-altyazi-secenegiyle-amerika-birlesik-devletleri-ile-es\/#primaryimage\"},\"thumbnailUrl\":\"https:\/\/avrupapress.com\/main\/wp-content\/uploads\/2024\/09\/thumbnail_TWDDDMediaLogo.jpg\",\"datePublished\":\"2024-09-27T20:28:16+00:00\",\"dateModified\":\"2024-09-27T20:28:24+00:00\",\"breadcrumb\":{\"@id\":\"https:\/\/avrupapress.com\/main\/2024\/09\/27\/the-walking-dead-daryl-dixonin-ikinci-sezonu-carolin-kitabi-basligiyla-30-eylulde-turkce-dublaj-ve-altyazi-secenegiyle-amerika-birlesik-devletleri-ile-es\/#breadcrumb\"},\"inLanguage\":\"fr-BE\",\"potentialAction\":[{\"@type\":\"ReadAction\",\"target\":[\"https:\/\/avrupapress.com\/main\/2024\/09\/27\/the-walking-dead-daryl-dixonin-ikinci-sezonu-carolin-kitabi-basligiyla-30-eylulde-turkce-dublaj-ve-altyazi-secenegiyle-amerika-birlesik-devletleri-ile-es\/\"]}]},{\"@type\":\"ImageObject\",\"inLanguage\":\"fr-BE\",\"@id\":\"https:\/\/avrupapress.com\/main\/2024\/09\/27\/the-walking-dead-daryl-dixonin-ikinci-sezonu-carolin-kitabi-basligiyla-30-eylulde-turkce-dublaj-ve-altyazi-secenegiyle-amerika-birlesik-devletleri-ile-es\/#primaryimage\",\"url\":\"https:\/\/avrupapress.com\/main\/wp-content\/uploads\/2024\/09\/thumbnail_TWDDDMediaLogo.jpg\",\"contentUrl\":\"https:\/\/avrupapress.com\/main\/wp-content\/uploads\/2024\/09\/thumbnail_TWDDDMediaLogo.jpg\",\"width\":1920,\"height\":1080},{\"@type\":\"BreadcrumbList\",\"@id\":\"https:\/\/avrupapress.com\/main\/2024\/09\/27\/the-walking-dead-daryl-dixonin-ikinci-sezonu-carolin-kitabi-basligiyla-30-eylulde-turkce-dublaj-ve-altyazi-secenegiyle-amerika-birlesik-devletleri-ile-es\/#breadcrumb\",\"itemListElement\":[{\"@type\":\"ListItem\",\"position\":1,\"name\":\"Anasayfa\",\"item\":\"https:\/\/avrupapress.com\/\"},{\"@type\":\"ListItem\",\"position\":2,\"name\":\"THE WALKING DEAD: DARYL DIXON\u2019IN \u0130K\u0130NC\u0130 SEZONU \u2018CAROL\u2019IN K\u0130TABI\u2019 BA\u015eLI\u011eIYLA, 30 EYL\u00dcL\u2019DE T\u00dcRK\u00c7E DUBLAJ VE ALTYAZI SE\u00c7ENE\u011e\u0130YLE AMER\u0130KA B\u0130RLE\u015e\u0130K DEVLETLER\u0130 \u0130LE E\u015e ZAMANLI OLARAK, SADECE TV+\u2019TA.\"}]},{\"@type\":\"WebSite\",\"@id\":\"https:\/\/avrupapress.com\/#website\",\"url\":\"https:\/\/avrupapress.com\/\",\"name\":\"AvrupaPress\",\"description\":\"Haberin Adresi\",\"publisher\":{\"@id\":\"https:\/\/avrupapress.com\/#\/schema\/person\/0223dca19c72c43575bf30d1a2d8f4fa\"},\"potentialAction\":[{\"@type\":\"SearchAction\",\"target\":{\"@type\":\"EntryPoint\",\"urlTemplate\":\"https:\/\/avrupapress.com\/?s={search_term_string}\"},\"query-input\":{\"@type\":\"PropertyValueSpecification\",\"valueRequired\":true,\"valueName\":\"search_term_string\"}}],\"inLanguage\":\"fr-BE\"},{\"@type\":[\"Person\",\"Organization\"],\"@id\":\"https:\/\/avrupapress.com\/#\/schema\/person\/0223dca19c72c43575bf30d1a2d8f4fa\",\"name\":\"Bilgin \u00d6z\u00e7ift\u00e7i\",\"image\":{\"@type\":\"ImageObject\",\"inLanguage\":\"fr-BE\",\"@id\":\"https:\/\/avrupapress.com\/#\/schema\/person\/image\/\",\"url\":\"https:\/\/secure.gravatar.com\/avatar\/0f23b280433a21e1ea7a0adcc46ed0ad16afe3ad8e630fd13d8a017dcbd54ef3?s=96&d=mm&r=g\",\"contentUrl\":\"https:\/\/secure.gravatar.com\/avatar\/0f23b280433a21e1ea7a0adcc46ed0ad16afe3ad8e630fd13d8a017dcbd54ef3?s=96&d=mm&r=g\",\"caption\":\"Bilgin \u00d6z\u00e7ift\u00e7i\"},\"logo\":{\"@id\":\"https:\/\/avrupapress.com\/#\/schema\/person\/image\/\"},\"description\":\"Ne ben, nede sen... Biz ancak \\\"biz\\\" olursak g\u00fc\u00e7l\u00fc olabiliriz\"},{\"@type\":\"Person\",\"@id\":\"https:\/\/avrupapress.com\/#\/schema\/person\/68428444ec60970d1e1b700cf4ca1e8f\",\"name\":\"Edit\u00f6r\",\"image\":{\"@type\":\"ImageObject\",\"inLanguage\":\"fr-BE\",\"@id\":\"https:\/\/avrupapress.com\/#\/schema\/person\/image\/\",\"url\":\"https:\/\/secure.gravatar.com\/avatar\/74996b0977aa5f1559ba9883776652508b229005c0d78fb2597897f0bd651c09?s=96&d=mm&r=g\",\"contentUrl\":\"https:\/\/secure.gravatar.com\/avatar\/74996b0977aa5f1559ba9883776652508b229005c0d78fb2597897f0bd651c09?s=96&d=mm&r=g\",\"caption\":\"Edit\u00f6r\"},\"sameAs\":[\"http:\/\/www.avrupapress.com\"],\"url\":\"https:\/\/avrupapress.com\/main\/author\/editor\/\"}]}<\/script>\n<!-- \/ Yoast SEO plugin. -->","yoast_head_json":{"title":"THE WALKING DEAD: DARYL DIXON\u2019IN \u0130K\u0130NC\u0130 SEZONU \u2018CAROL\u2019IN K\u0130TABI\u2019 BA\u015eLI\u011eIYLA, 30 EYL\u00dcL\u2019DE T\u00dcRK\u00c7E DUBLAJ VE ALTYAZI SE\u00c7ENE\u011e\u0130YLE AMER\u0130KA B\u0130RLE\u015e\u0130K DEVLETLER\u0130 \u0130LE E\u015e ZAMANLI OLARAK, SADECE TV+\u2019TA. - AvrupaPress","robots":{"index":"index","follow":"follow","max-snippet":"max-snippet:-1","max-image-preview":"max-image-preview:large","max-video-preview":"max-video-preview:-1"},"canonical":"https:\/\/avrupapress.com\/main\/2024\/09\/27\/the-walking-dead-daryl-dixonin-ikinci-sezonu-carolin-kitabi-basligiyla-30-eylulde-turkce-dublaj-ve-altyazi-secenegiyle-amerika-birlesik-devletleri-ile-es\/","og_locale":"fr_FR","og_type":"article","og_title":"THE WALKING DEAD: DARYL DIXON\u2019IN \u0130K\u0130NC\u0130 SEZONU \u2018CAROL\u2019IN K\u0130TABI\u2019 BA\u015eLI\u011eIYLA, 30 EYL\u00dcL\u2019DE T\u00dcRK\u00c7E DUBLAJ VE ALTYAZI SE\u00c7ENE\u011e\u0130YLE AMER\u0130KA B\u0130RLE\u015e\u0130K DEVLETLER\u0130 \u0130LE E\u015e ZAMANLI OLARAK, SADECE TV+\u2019TA. - AvrupaPress","og_description":"THE WALKING DEAD: DARYL DIXON NEFES KESEN 2. SEZONUYLA SADECE TV+\u2019TA \u00a0 THE WALKING DEAD: DARYL DIXON\u2019IN \u0130K\u0130NC\u0130 SEZONU \u2018CAROL\u2019IN K\u0130TABI\u2019 BA\u015eLI\u011eIYLA, 30 EYL\u00dcL\u2019DE T\u00dcRK\u00c7E DUBLAJ VE ALTYAZI SE\u00c7ENE\u011e\u0130YLE AMER\u0130KA B\u0130RLE\u015e\u0130K DEVLETLER\u0130 \u0130LE E\u015e ZAMANLI OLARAK, SADECE TV+\u2019TA. The Walking Dead: Daryl Dixon, yeni sezonuyla izleyicileri ekrana kilitlemeye haz\u0131rlan\u0131yor. \u0130kinci sezon, Carol\u2019un Kitab\u0131 ba\u015fl\u0131\u011f\u0131yla heyecan\u0131 [&hellip;]","og_url":"https:\/\/avrupapress.com\/main\/2024\/09\/27\/the-walking-dead-daryl-dixonin-ikinci-sezonu-carolin-kitabi-basligiyla-30-eylulde-turkce-dublaj-ve-altyazi-secenegiyle-amerika-birlesik-devletleri-ile-es\/","og_site_name":"AvrupaPress","article_published_time":"2024-09-27T20:28:16+00:00","article_modified_time":"2024-09-27T20:28:24+00:00","og_image":[{"width":1920,"height":1080,"url":"https:\/\/avrupapress.com\/main\/wp-content\/uploads\/2024\/09\/thumbnail_TWDDDMediaLogo.jpg","type":"image\/jpeg"}],"author":"Edit\u00f6r","twitter_card":"summary_large_image","twitter_misc":{"\u00c9crit par":"Edit\u00f6r","Dur\u00e9e de lecture est.":"3 minutes"},"schema":{"@context":"https:\/\/schema.org","@graph":[{"@type":"Article","@id":"https:\/\/avrupapress.com\/main\/2024\/09\/27\/the-walking-dead-daryl-dixonin-ikinci-sezonu-carolin-kitabi-basligiyla-30-eylulde-turkce-dublaj-ve-altyazi-secenegiyle-amerika-birlesik-devletleri-ile-es\/#article","isPartOf":{"@id":"https:\/\/avrupapress.com\/main\/2024\/09\/27\/the-walking-dead-daryl-dixonin-ikinci-sezonu-carolin-kitabi-basligiyla-30-eylulde-turkce-dublaj-ve-altyazi-secenegiyle-amerika-birlesik-devletleri-ile-es\/"},"author":{"name":"Edit\u00f6r","@id":"https:\/\/avrupapress.com\/#\/schema\/person\/68428444ec60970d1e1b700cf4ca1e8f"},"headline":"THE WALKING DEAD: DARYL DIXON\u2019IN \u0130K\u0130NC\u0130 SEZONU \u2018CAROL\u2019IN K\u0130TABI\u2019 BA\u015eLI\u011eIYLA, 30 EYL\u00dcL\u2019DE T\u00dcRK\u00c7E DUBLAJ VE ALTYAZI SE\u00c7ENE\u011e\u0130YLE AMER\u0130KA B\u0130RLE\u015e\u0130K DEVLETLER\u0130 \u0130LE E\u015e ZAMANLI OLARAK, SADECE TV+\u2019TA.","datePublished":"2024-09-27T20:28:16+00:00","dateModified":"2024-09-27T20:28:24+00:00","mainEntityOfPage":{"@id":"https:\/\/avrupapress.com\/main\/2024\/09\/27\/the-walking-dead-daryl-dixonin-ikinci-sezonu-carolin-kitabi-basligiyla-30-eylulde-turkce-dublaj-ve-altyazi-secenegiyle-amerika-birlesik-devletleri-ile-es\/"},"wordCount":439,"publisher":{"@id":"https:\/\/avrupapress.com\/#\/schema\/person\/0223dca19c72c43575bf30d1a2d8f4fa"},"image":{"@id":"https:\/\/avrupapress.com\/main\/2024\/09\/27\/the-walking-dead-daryl-dixonin-ikinci-sezonu-carolin-kitabi-basligiyla-30-eylulde-turkce-dublaj-ve-altyazi-secenegiyle-amerika-birlesik-devletleri-ile-es\/#primaryimage"},"thumbnailUrl":"https:\/\/avrupapress.com\/main\/wp-content\/uploads\/2024\/09\/thumbnail_TWDDDMediaLogo.jpg","articleSection":["Avrupa","Bel\u00e7ika","D\u00fcnya","Ekonomi","K\u00fclt\u00fcr-Sanat","Spor","Tan\u0131t\u0131m","T\u00fcrkiye","Uncategorized"],"inLanguage":"fr-BE"},{"@type":"WebPage","@id":"https:\/\/avrupapress.com\/main\/2024\/09\/27\/the-walking-dead-daryl-dixonin-ikinci-sezonu-carolin-kitabi-basligiyla-30-eylulde-turkce-dublaj-ve-altyazi-secenegiyle-amerika-birlesik-devletleri-ile-es\/","url":"https:\/\/avrupapress.com\/main\/2024\/09\/27\/the-walking-dead-daryl-dixonin-ikinci-sezonu-carolin-kitabi-basligiyla-30-eylulde-turkce-dublaj-ve-altyazi-secenegiyle-amerika-birlesik-devletleri-ile-es\/","name":"THE WALKING DEAD: DARYL DIXON\u2019IN \u0130K\u0130NC\u0130 SEZONU \u2018CAROL\u2019IN K\u0130TABI\u2019 BA\u015eLI\u011eIYLA, 30 EYL\u00dcL\u2019DE T\u00dcRK\u00c7E DUBLAJ VE ALTYAZI SE\u00c7ENE\u011e\u0130YLE AMER\u0130KA B\u0130RLE\u015e\u0130K DEVLETLER\u0130 \u0130LE E\u015e ZAMANLI OLARAK, SADECE TV+\u2019TA. - AvrupaPress","isPartOf":{"@id":"https:\/\/avrupapress.com\/#website"},"primaryImageOfPage":{"@id":"https:\/\/avrupapress.com\/main\/2024\/09\/27\/the-walking-dead-daryl-dixonin-ikinci-sezonu-carolin-kitabi-basligiyla-30-eylulde-turkce-dublaj-ve-altyazi-secenegiyle-amerika-birlesik-devletleri-ile-es\/#primaryimage"},"image":{"@id":"https:\/\/avrupapress.com\/main\/2024\/09\/27\/the-walking-dead-daryl-dixonin-ikinci-sezonu-carolin-kitabi-basligiyla-30-eylulde-turkce-dublaj-ve-altyazi-secenegiyle-amerika-birlesik-devletleri-ile-es\/#primaryimage"},"thumbnailUrl":"https:\/\/avrupapress.com\/main\/wp-content\/uploads\/2024\/09\/thumbnail_TWDDDMediaLogo.jpg","datePublished":"2024-09-27T20:28:16+00:00","dateModified":"2024-09-27T20:28:24+00:00","breadcrumb":{"@id":"https:\/\/avrupapress.com\/main\/2024\/09\/27\/the-walking-dead-daryl-dixonin-ikinci-sezonu-carolin-kitabi-basligiyla-30-eylulde-turkce-dublaj-ve-altyazi-secenegiyle-amerika-birlesik-devletleri-ile-es\/#breadcrumb"},"inLanguage":"fr-BE","potentialAction":[{"@type":"ReadAction","target":["https:\/\/avrupapress.com\/main\/2024\/09\/27\/the-walking-dead-daryl-dixonin-ikinci-sezonu-carolin-kitabi-basligiyla-30-eylulde-turkce-dublaj-ve-altyazi-secenegiyle-amerika-birlesik-devletleri-ile-es\/"]}]},{"@type":"ImageObject","inLanguage":"fr-BE","@id":"https:\/\/avrupapress.com\/main\/2024\/09\/27\/the-walking-dead-daryl-dixonin-ikinci-sezonu-carolin-kitabi-basligiyla-30-eylulde-turkce-dublaj-ve-altyazi-secenegiyle-amerika-birlesik-devletleri-ile-es\/#primaryimage","url":"https:\/\/avrupapress.com\/main\/wp-content\/uploads\/2024\/09\/thumbnail_TWDDDMediaLogo.jpg","contentUrl":"https:\/\/avrupapress.com\/main\/wp-content\/uploads\/2024\/09\/thumbnail_TWDDDMediaLogo.jpg","width":1920,"height":1080},{"@type":"BreadcrumbList","@id":"https:\/\/avrupapress.com\/main\/2024\/09\/27\/the-walking-dead-daryl-dixonin-ikinci-sezonu-carolin-kitabi-basligiyla-30-eylulde-turkce-dublaj-ve-altyazi-secenegiyle-amerika-birlesik-devletleri-ile-es\/#breadcrumb","itemListElement":[{"@type":"ListItem","position":1,"name":"Anasayfa","item":"https:\/\/avrupapress.com\/"},{"@type":"ListItem","position":2,"name":"THE WALKING DEAD: DARYL DIXON\u2019IN \u0130K\u0130NC\u0130 SEZONU \u2018CAROL\u2019IN K\u0130TABI\u2019 BA\u015eLI\u011eIYLA, 30 EYL\u00dcL\u2019DE T\u00dcRK\u00c7E DUBLAJ VE ALTYAZI SE\u00c7ENE\u011e\u0130YLE AMER\u0130KA B\u0130RLE\u015e\u0130K DEVLETLER\u0130 \u0130LE E\u015e ZAMANLI OLARAK, SADECE TV+\u2019TA."}]},{"@type":"WebSite","@id":"https:\/\/avrupapress.com\/#website","url":"https:\/\/avrupapress.com\/","name":"AvrupaPress","description":"Haberin Adresi","publisher":{"@id":"https:\/\/avrupapress.com\/#\/schema\/person\/0223dca19c72c43575bf30d1a2d8f4fa"},"potentialAction":[{"@type":"SearchAction","target":{"@type":"EntryPoint","urlTemplate":"https:\/\/avrupapress.com\/?s={search_term_string}"},"query-input":{"@type":"PropertyValueSpecification","valueRequired":true,"valueName":"search_term_string"}}],"inLanguage":"fr-BE"},{"@type":["Person","Organization"],"@id":"https:\/\/avrupapress.com\/#\/schema\/person\/0223dca19c72c43575bf30d1a2d8f4fa","name":"Bilgin \u00d6z\u00e7ift\u00e7i","image":{"@type":"ImageObject","inLanguage":"fr-BE","@id":"https:\/\/avrupapress.com\/#\/schema\/person\/image\/","url":"https:\/\/secure.gravatar.com\/avatar\/0f23b280433a21e1ea7a0adcc46ed0ad16afe3ad8e630fd13d8a017dcbd54ef3?s=96&d=mm&r=g","contentUrl":"https:\/\/secure.gravatar.com\/avatar\/0f23b280433a21e1ea7a0adcc46ed0ad16afe3ad8e630fd13d8a017dcbd54ef3?s=96&d=mm&r=g","caption":"Bilgin \u00d6z\u00e7ift\u00e7i"},"logo":{"@id":"https:\/\/avrupapress.com\/#\/schema\/person\/image\/"},"description":"Ne ben, nede sen... Biz ancak \"biz\" olursak g\u00fc\u00e7l\u00fc olabiliriz"},{"@type":"Person","@id":"https:\/\/avrupapress.com\/#\/schema\/person\/68428444ec60970d1e1b700cf4ca1e8f","name":"Edit\u00f6r","image":{"@type":"ImageObject","inLanguage":"fr-BE","@id":"https:\/\/avrupapress.com\/#\/schema\/person\/image\/","url":"https:\/\/secure.gravatar.com\/avatar\/74996b0977aa5f1559ba9883776652508b229005c0d78fb2597897f0bd651c09?s=96&d=mm&r=g","contentUrl":"https:\/\/secure.gravatar.com\/avatar\/74996b0977aa5f1559ba9883776652508b229005c0d78fb2597897f0bd651c09?s=96&d=mm&r=g","caption":"Edit\u00f6r"},"sameAs":["http:\/\/www.avrupapress.com"],"url":"https:\/\/avrupapress.com\/main\/author\/editor\/"}]}},"_links":{"self":[{"href":"https:\/\/avrupapress.com\/main\/wp-json\/wp\/v2\/posts\/26830","targetHints":{"allow":["GET"]}}],"collection":[{"href":"https:\/\/avrupapress.com\/main\/wp-json\/wp\/v2\/posts"}],"about":[{"href":"https:\/\/avrupapress.com\/main\/wp-json\/wp\/v2\/types\/post"}],"author":[{"embeddable":true,"href":"https:\/\/avrupapress.com\/main\/wp-json\/wp\/v2\/users\/3"}],"replies":[{"embeddable":true,"href":"https:\/\/avrupapress.com\/main\/wp-json\/wp\/v2\/comments?post=26830"}],"version-history":[{"count":2,"href":"https:\/\/avrupapress.com\/main\/wp-json\/wp\/v2\/posts\/26830\/revisions"}],"predecessor-version":[{"id":26834,"href":"https:\/\/avrupapress.com\/main\/wp-json\/wp\/v2\/posts\/26830\/revisions\/26834"}],"wp:featuredmedia":[{"embeddable":true,"href":"https:\/\/avrupapress.com\/main\/wp-json\/wp\/v2\/media\/26831"}],"wp:attachment":[{"href":"https:\/\/avrupapress.com\/main\/wp-json\/wp\/v2\/media?parent=26830"}],"wp:term":[{"taxonomy":"category","embeddable":true,"href":"https:\/\/avrupapress.com\/main\/wp-json\/wp\/v2\/categories?post=26830"},{"taxonomy":"post_tag","embeddable":true,"href":"https:\/\/avrupapress.com\/main\/wp-json\/wp\/v2\/tags?post=26830"}],"curies":[{"name":"wp","href":"https:\/\/api.w.org\/{rel}","templated":true}]}}