{"id":26827,"date":"2024-09-27T19:59:00","date_gmt":"2024-09-27T19:59:00","guid":{"rendered":"https:\/\/avrupapress.com\/main\/?p=26827"},"modified":"2025-02-26T18:40:14","modified_gmt":"2025-02-26T18:40:14","slug":"saadet-avrupa-basin-aciklamasi","status":"publish","type":"post","link":"https:\/\/avrupapress.com\/main\/2024\/09\/27\/saadet-avrupa-basin-aciklamasi\/","title":{"rendered":"SAADET AVRUPA BASIN A\u00c7IKLAMASI"},"content":{"rendered":"<p><strong>Yurtd\u0131\u015f\u0131ndaki T\u00fcrklerin Potansiyelini Harekete Ge\u00e7irmek \u0130\u00e7in Yeni Ad\u0131mlar At\u0131lmal\u0131<\/strong><\/p>\n<p>Ula\u015ft\u0131rma ve Altyap\u0131 Bakan\u0131 Abdulkadir Uralo\u011flu, Berlin\u2019de T\u00fcrk sivil toplum kurulu\u015flar\u0131 ve i\u015f insanlar\u0131yla ger\u00e7ekle\u015ftirdi\u011finiz bulu\u015fmada, T\u00fcrkiye\u2019nin stratejik konumunu vurgulayarak, \u00fclkemizin 4 saatlik u\u00e7u\u015f mesafesiyle 67 \u00fclkeye ula\u015fabilen \u00f6nemli bir lokasyonda bulundu\u011funu belirttiniz. Bu kritik avantaj\u0131n, T\u00fcrkiye\u2019ye olan ekonomik ve k\u00fclt\u00fcrel katk\u0131lar a\u00e7\u0131s\u0131ndan ne kadar de\u011ferli oldu\u011funun fark\u0131nday\u0131z dediniz.<br \/>\nAncak, bu stratejik avantaj\u0131 tam anlam\u0131yla de\u011ferlendirebilmek ve yurtd\u0131\u015f\u0131ndaki milyonlarca vatanda\u015f\u0131m\u0131z\u0131n potansiyelini en \u00fcst d\u00fczeye \u00e7\u0131karabilmek i\u00e7in acilen Yurtd\u0131\u015f\u0131ndaki T\u00fcrklerin G\u00fcc\u00fcn\u00fc Harekete Ge\u00e7irmek ve G\u00fc\u00e7lendirmek \u0130\u00e7in Yeni Ad\u0131mlar At\u0131lmal\u0131d\u0131r!<\/p>\n<p>Yurtd\u0131\u015f\u0131 T\u00fcrkler Bakanl\u0131\u011f\u0131 ve 82. Se\u00e7im B\u00f6lgesi T\u00fcrkiye&rsquo;nin G\u00fcc\u00fcn\u00fc Art\u0131racakt\u0131r<\/p>\n<p>Avrupa\u2019da ya\u015fayan yakla\u015f\u0131k 7.5 milyon v<a href=\"https:\/\/www.olmsteadseattle.com\/\" title=\"bonus veren siteler\">bonus veren siteler<\/a> atanda\u015f\u0131m\u0131z ve T\u00fcrkiye\u2019ye gelip giden 3 milyon vatanda\u015f\u0131m\u0131zla birlikte toplamda 10 milyonluk dev bir potansiyel bulunmaktad\u0131r. Yurtd\u0131\u015f\u0131ndaki T\u00fcrklerin olu\u015fturdu\u011fu bu b\u00fcy\u00fck topluluk, T\u00fcrkiye\u2019nin ekonomik ve k\u00fclt\u00fcrel kalk\u0131nmas\u0131nda \u00f6nemli bir rol oynamaktad\u0131r. Almanya\u2019da faaliyet g\u00f6steren T\u00fcrk i\u015fletmelerinin y\u0131ll\u0131k 50 milyar Euro ciroya ula\u015fmas\u0131, yurtd\u0131\u015f\u0131ndaki vatanda\u015flar\u0131m\u0131z\u0131n T\u00fcrkiye\u2019ye sa\u011flad\u0131\u011f\u0131 katk\u0131lar\u0131n en somut g\u00f6stergesidir.<\/p>\n<p>Saadet Avrupa olarak, bu dev potansiyelin daha iyi de\u011ferlendirilmesi ve yurtd\u0131\u015f\u0131ndaki vatanda\u015flar\u0131m\u0131z\u0131n sorunlar\u0131na kal\u0131c\u0131 \u00e7\u00f6z\u00fcmler \u00fcretilmesi gerekti\u011fine inan\u0131yoruz. Bu ba\u011flamda, Yurtd\u0131\u015f\u0131 T\u00fcrkler Bakanl\u0131\u011f\u0131 kurulmas\u0131 ve 82. Se\u00e7im B\u00f6lgesi olarak adland\u0131r\u0131lacak bir temsil b\u00f6lgesinin olu\u015fturulmas\u0131 elzemdir.<\/p>\n<p>Yurtd\u0131\u015f\u0131 T\u00fcrkler Bakanl\u0131\u011f\u0131, yurtd\u0131\u015f\u0131nda ya\u015fayan vatanda\u015flar\u0131m\u0131z\u0131n T\u00fcrkiye ile olan ba\u011flar\u0131n\u0131 g\u00fc\u00e7lendirecek, ekonomik ve k\u00fclt\u00fcrel katk\u0131lar\u0131n\u0131 art\u0131racak projeler geli\u015ftirecek ve ya\u015fad\u0131klar\u0131 \u00fclkelerdeki sorunlar\u0131na \u00e7\u00f6z\u00fcm \u00fcretmek i\u00e7in \u00e7al\u0131\u015facakt\u0131r. Ayn\u0131 zamanda, 82. Se\u00e7im B\u00f6lgesi ile yurtd\u0131\u015f\u0131ndaki vatanda\u015flar\u0131m\u0131z\u0131n T\u00fcrkiye B\u00fcy\u00fck Millet Meclisi\u2019nde daha g\u00fc\u00e7l\u00fc bir \u015fekilde temsil edilmesi sa\u011flanacakt\u0131r.<\/p>\n<p>Saadet Avrupa olarak, bu ad\u0131mlar\u0131n at\u0131lmas\u0131n\u0131n T\u00fcrkiye\u2019nin uluslararas\u0131 alanda daha g\u00fc\u00e7l\u00fc bir konuma gelmesine b\u00fcy\u00fck katk\u0131 sa\u011flayaca\u011f\u0131na inan\u0131yor ve bu iki konunun TBMM g\u00fcndemine bir an \u00f6nce ta\u015f\u0131nmas\u0131n\u0131 talep ediyoruz.<\/p>\n<p>Samet Sami Temel<br \/>\nSaadet Avrupa Ba\u015fkan\u0131<\/p>\n<div>\n<div class=\"x__2pi9 x__2pi2\">\n<div class=\"x_clearfix x__ikh\">\n<div class=\"x__4bl7\">\n<p>Sayg\u0131lar\u0131mla<\/p>\n<p>Adem Aydo\u011fdu<br \/>\nTan\u0131t\u0131m, Medya ve \u0130leti\u015fim Ba\u015fkan\u0131<\/p>\n<\/div>\n<\/div>\n<\/div>\n<\/div>\n<p><img loading=\"lazy\" decoding=\"async\" class=\"alignnone size-medium wp-image-26828\" src=\"https:\/\/avrupapress.com\/main\/wp-content\/uploads\/2024\/09\/thumbnail_Samet-Sami-Temel-300x169.jpg\" alt=\"\" width=\"300\" height=\"169\" srcset=\"https:\/\/avrupapress.com\/main\/wp-content\/uploads\/2024\/09\/thumbnail_Samet-Sami-Temel-300x169.jpg 300w, https:\/\/avrupapress.com\/main\/wp-content\/uploads\/2024\/09\/thumbnail_Samet-Sami-Temel-1024x576.jpg 1024w, https:\/\/avrupapress.com\/main\/wp-content\/uploads\/2024\/09\/thumbnail_Samet-Sami-Temel-768x432.jpg 768w, https:\/\/avrupapress.com\/main\/wp-content\/uploads\/2024\/09\/thumbnail_Samet-Sami-Temel-1536x864.jpg 1536w, https:\/\/avrupapress.com\/main\/wp-content\/uploads\/2024\/09\/thumbnail_Samet-Sami-Temel-740x420.jpg 740w, https:\/\/avrupapress.com\/main\/wp-content\/uploads\/2024\/09\/thumbnail_Samet-Sami-Temel.jpg 1920w\" sizes=\"auto, (max-width: 300px) 100vw, 300px\" \/><\/p>\n<p><strong>Muharrem Bozcal\u00a0 \u00a0 \u00a0\/\u00a0 \u00a0 \u00a0AVRUPAPRESS<\/strong><\/p>\n","protected":false},"excerpt":{"rendered":"<p>Yurtd\u0131\u015f\u0131ndaki T\u00fcrklerin Potansiyelini Harekete Ge\u00e7irmek \u0130\u00e7in Yeni Ad\u0131mlar At\u0131lmal\u0131 Ula\u015ft\u0131rma ve Altyap\u0131 Bakan\u0131 Abdulkadir Uralo\u011flu, Berlin\u2019de T\u00fcrk sivil toplum kurulu\u015flar\u0131 ve i\u015f insanlar\u0131yla ger\u00e7ekle\u015ftirdi\u011finiz bulu\u015fmada, T\u00fcrkiye\u2019nin stratejik konumunu vurgulayarak, \u00fclkemizin 4 saatlik u\u00e7u\u015f mesafesiyle 67 \u00fclkeye ula\u015fabilen \u00f6nemli bir lokasyonda bulundu\u011funu belirttiniz. Bu kritik avantaj\u0131n, T\u00fcrkiye\u2019ye olan ekonomik ve k\u00fclt\u00fcrel katk\u0131lar a\u00e7\u0131s\u0131ndan ne kadar de\u011ferli [&hellip;]<\/p>\n","protected":false},"author":3,"featured_media":26828,"comment_status":"closed","ping_status":"open","sticky":false,"template":"","format":"standard","meta":{"footnotes":""},"categories":[14,16,3,17,18,15,19,2,1],"tags":[],"class_list":["post-26827","post","type-post","status-publish","format-standard","has-post-thumbnail","hentry","category-avrupa","category-belcika","category-dunya","category-ekonomi","category-kultur-sanat","category-spor","category-tanitim","category-turkiye","category-uncategorized"],"yoast_head":"<!-- This site is optimized with the Yoast SEO plugin v26.9 - https:\/\/yoast.com\/product\/yoast-seo-wordpress\/ -->\n<title>SAADET AVRUPA BASIN A\u00c7IKLAMASI - AvrupaPress<\/title>\n<meta name=\"robots\" content=\"index, follow, max-snippet:-1, max-image-preview:large, max-video-preview:-1\" \/>\n<link rel=\"canonical\" href=\"https:\/\/avrupapress.com\/main\/2024\/09\/27\/saadet-avrupa-basin-aciklamasi\/\" \/>\n<meta property=\"og:locale\" content=\"fr_FR\" \/>\n<meta property=\"og:type\" content=\"article\" \/>\n<meta property=\"og:title\" content=\"SAADET AVRUPA BASIN A\u00c7IKLAMASI - AvrupaPress\" \/>\n<meta property=\"og:description\" content=\"Yurtd\u0131\u015f\u0131ndaki T\u00fcrklerin Potansiyelini Harekete Ge\u00e7irmek \u0130\u00e7in Yeni Ad\u0131mlar At\u0131lmal\u0131 Ula\u015ft\u0131rma ve Altyap\u0131 Bakan\u0131 Abdulkadir Uralo\u011flu, Berlin\u2019de T\u00fcrk sivil toplum kurulu\u015flar\u0131 ve i\u015f insanlar\u0131yla ger\u00e7ekle\u015ftirdi\u011finiz bulu\u015fmada, T\u00fcrkiye\u2019nin stratejik konumunu vurgulayarak, \u00fclkemizin 4 saatlik u\u00e7u\u015f mesafesiyle 67 \u00fclkeye ula\u015fabilen \u00f6nemli bir lokasyonda bulundu\u011funu belirttiniz. Bu kritik avantaj\u0131n, T\u00fcrkiye\u2019ye olan ekonomik ve k\u00fclt\u00fcrel katk\u0131lar a\u00e7\u0131s\u0131ndan ne kadar de\u011ferli [&hellip;]\" \/>\n<meta property=\"og:url\" content=\"https:\/\/avrupapress.com\/main\/2024\/09\/27\/saadet-avrupa-basin-aciklamasi\/\" \/>\n<meta property=\"og:site_name\" content=\"AvrupaPress\" \/>\n<meta property=\"article:published_time\" content=\"2024-09-27T19:59:00+00:00\" \/>\n<meta property=\"article:modified_time\" content=\"2025-02-26T18:40:14+00:00\" \/>\n<meta property=\"og:image\" content=\"https:\/\/avrupapress.com\/main\/wp-content\/uploads\/2024\/09\/thumbnail_Samet-Sami-Temel.jpg\" \/>\n\t<meta property=\"og:image:width\" content=\"1920\" \/>\n\t<meta property=\"og:image:height\" content=\"1080\" \/>\n\t<meta property=\"og:image:type\" content=\"image\/jpeg\" \/>\n<meta name=\"author\" content=\"Edit\u00f6r\" \/>\n<meta name=\"twitter:card\" content=\"summary_large_image\" \/>\n<meta name=\"twitter:label1\" content=\"\u00c9crit par\" \/>\n\t<meta name=\"twitter:data1\" content=\"Edit\u00f6r\" \/>\n\t<meta name=\"twitter:label2\" content=\"Dur\u00e9e de lecture est.\" \/>\n\t<meta name=\"twitter:data2\" content=\"2 minutes\" \/>\n<script type=\"application\/ld+json\" class=\"yoast-schema-graph\">{\"@context\":\"https:\/\/schema.org\",\"@graph\":[{\"@type\":\"Article\",\"@id\":\"https:\/\/avrupapress.com\/main\/2024\/09\/27\/saadet-avrupa-basin-aciklamasi\/#article\",\"isPartOf\":{\"@id\":\"https:\/\/avrupapress.com\/main\/2024\/09\/27\/saadet-avrupa-basin-aciklamasi\/\"},\"author\":{\"name\":\"Edit\u00f6r\",\"@id\":\"https:\/\/avrupapress.com\/#\/schema\/person\/68428444ec60970d1e1b700cf4ca1e8f\"},\"headline\":\"SAADET AVRUPA BASIN A\u00c7IKLAMASI\",\"datePublished\":\"2024-09-27T19:59:00+00:00\",\"dateModified\":\"2025-02-26T18:40:14+00:00\",\"mainEntityOfPage\":{\"@id\":\"https:\/\/avrupapress.com\/main\/2024\/09\/27\/saadet-avrupa-basin-aciklamasi\/\"},\"wordCount\":459,\"publisher\":{\"@id\":\"https:\/\/avrupapress.com\/#\/schema\/person\/0223dca19c72c43575bf30d1a2d8f4fa\"},\"image\":{\"@id\":\"https:\/\/avrupapress.com\/main\/2024\/09\/27\/saadet-avrupa-basin-aciklamasi\/#primaryimage\"},\"thumbnailUrl\":\"https:\/\/avrupapress.com\/main\/wp-content\/uploads\/2024\/09\/thumbnail_Samet-Sami-Temel.jpg\",\"articleSection\":[\"Avrupa\",\"Bel\u00e7ika\",\"D\u00fcnya\",\"Ekonomi\",\"K\u00fclt\u00fcr-Sanat\",\"Spor\",\"Tan\u0131t\u0131m\",\"T\u00fcrkiye\",\"Uncategorized\"],\"inLanguage\":\"fr-BE\"},{\"@type\":\"WebPage\",\"@id\":\"https:\/\/avrupapress.com\/main\/2024\/09\/27\/saadet-avrupa-basin-aciklamasi\/\",\"url\":\"https:\/\/avrupapress.com\/main\/2024\/09\/27\/saadet-avrupa-basin-aciklamasi\/\",\"name\":\"SAADET AVRUPA BASIN A\u00c7IKLAMASI - AvrupaPress\",\"isPartOf\":{\"@id\":\"https:\/\/avrupapress.com\/#website\"},\"primaryImageOfPage\":{\"@id\":\"https:\/\/avrupapress.com\/main\/2024\/09\/27\/saadet-avrupa-basin-aciklamasi\/#primaryimage\"},\"image\":{\"@id\":\"https:\/\/avrupapress.com\/main\/2024\/09\/27\/saadet-avrupa-basin-aciklamasi\/#primaryimage\"},\"thumbnailUrl\":\"https:\/\/avrupapress.com\/main\/wp-content\/uploads\/2024\/09\/thumbnail_Samet-Sami-Temel.jpg\",\"datePublished\":\"2024-09-27T19:59:00+00:00\",\"dateModified\":\"2025-02-26T18:40:14+00:00\",\"breadcrumb\":{\"@id\":\"https:\/\/avrupapress.com\/main\/2024\/09\/27\/saadet-avrupa-basin-aciklamasi\/#breadcrumb\"},\"inLanguage\":\"fr-BE\",\"potentialAction\":[{\"@type\":\"ReadAction\",\"target\":[\"https:\/\/avrupapress.com\/main\/2024\/09\/27\/saadet-avrupa-basin-aciklamasi\/\"]}]},{\"@type\":\"ImageObject\",\"inLanguage\":\"fr-BE\",\"@id\":\"https:\/\/avrupapress.com\/main\/2024\/09\/27\/saadet-avrupa-basin-aciklamasi\/#primaryimage\",\"url\":\"https:\/\/avrupapress.com\/main\/wp-content\/uploads\/2024\/09\/thumbnail_Samet-Sami-Temel.jpg\",\"contentUrl\":\"https:\/\/avrupapress.com\/main\/wp-content\/uploads\/2024\/09\/thumbnail_Samet-Sami-Temel.jpg\",\"width\":1920,\"height\":1080},{\"@type\":\"BreadcrumbList\",\"@id\":\"https:\/\/avrupapress.com\/main\/2024\/09\/27\/saadet-avrupa-basin-aciklamasi\/#breadcrumb\",\"itemListElement\":[{\"@type\":\"ListItem\",\"position\":1,\"name\":\"Anasayfa\",\"item\":\"https:\/\/avrupapress.com\/\"},{\"@type\":\"ListItem\",\"position\":2,\"name\":\"SAADET AVRUPA BASIN A\u00c7IKLAMASI\"}]},{\"@type\":\"WebSite\",\"@id\":\"https:\/\/avrupapress.com\/#website\",\"url\":\"https:\/\/avrupapress.com\/\",\"name\":\"AvrupaPress\",\"description\":\"Haberin Adresi\",\"publisher\":{\"@id\":\"https:\/\/avrupapress.com\/#\/schema\/person\/0223dca19c72c43575bf30d1a2d8f4fa\"},\"potentialAction\":[{\"@type\":\"SearchAction\",\"target\":{\"@type\":\"EntryPoint\",\"urlTemplate\":\"https:\/\/avrupapress.com\/?s={search_term_string}\"},\"query-input\":{\"@type\":\"PropertyValueSpecification\",\"valueRequired\":true,\"valueName\":\"search_term_string\"}}],\"inLanguage\":\"fr-BE\"},{\"@type\":[\"Person\",\"Organization\"],\"@id\":\"https:\/\/avrupapress.com\/#\/schema\/person\/0223dca19c72c43575bf30d1a2d8f4fa\",\"name\":\"Bilgin \u00d6z\u00e7ift\u00e7i\",\"image\":{\"@type\":\"ImageObject\",\"inLanguage\":\"fr-BE\",\"@id\":\"https:\/\/avrupapress.com\/#\/schema\/person\/image\/\",\"url\":\"https:\/\/secure.gravatar.com\/avatar\/0f23b280433a21e1ea7a0adcc46ed0ad16afe3ad8e630fd13d8a017dcbd54ef3?s=96&d=mm&r=g\",\"contentUrl\":\"https:\/\/secure.gravatar.com\/avatar\/0f23b280433a21e1ea7a0adcc46ed0ad16afe3ad8e630fd13d8a017dcbd54ef3?s=96&d=mm&r=g\",\"caption\":\"Bilgin \u00d6z\u00e7ift\u00e7i\"},\"logo\":{\"@id\":\"https:\/\/avrupapress.com\/#\/schema\/person\/image\/\"},\"description\":\"Ne ben, nede sen... Biz ancak \\\"biz\\\" olursak g\u00fc\u00e7l\u00fc olabiliriz\"},{\"@type\":\"Person\",\"@id\":\"https:\/\/avrupapress.com\/#\/schema\/person\/68428444ec60970d1e1b700cf4ca1e8f\",\"name\":\"Edit\u00f6r\",\"image\":{\"@type\":\"ImageObject\",\"inLanguage\":\"fr-BE\",\"@id\":\"https:\/\/avrupapress.com\/#\/schema\/person\/image\/\",\"url\":\"https:\/\/secure.gravatar.com\/avatar\/74996b0977aa5f1559ba9883776652508b229005c0d78fb2597897f0bd651c09?s=96&d=mm&r=g\",\"contentUrl\":\"https:\/\/secure.gravatar.com\/avatar\/74996b0977aa5f1559ba9883776652508b229005c0d78fb2597897f0bd651c09?s=96&d=mm&r=g\",\"caption\":\"Edit\u00f6r\"},\"sameAs\":[\"http:\/\/www.avrupapress.com\"],\"url\":\"https:\/\/avrupapress.com\/main\/author\/editor\/\"}]}<\/script>\n<!-- \/ Yoast SEO plugin. -->","yoast_head_json":{"title":"SAADET AVRUPA BASIN A\u00c7IKLAMASI - AvrupaPress","robots":{"index":"index","follow":"follow","max-snippet":"max-snippet:-1","max-image-preview":"max-image-preview:large","max-video-preview":"max-video-preview:-1"},"canonical":"https:\/\/avrupapress.com\/main\/2024\/09\/27\/saadet-avrupa-basin-aciklamasi\/","og_locale":"fr_FR","og_type":"article","og_title":"SAADET AVRUPA BASIN A\u00c7IKLAMASI - AvrupaPress","og_description":"Yurtd\u0131\u015f\u0131ndaki T\u00fcrklerin Potansiyelini Harekete Ge\u00e7irmek \u0130\u00e7in Yeni Ad\u0131mlar At\u0131lmal\u0131 Ula\u015ft\u0131rma ve Altyap\u0131 Bakan\u0131 Abdulkadir Uralo\u011flu, Berlin\u2019de T\u00fcrk sivil toplum kurulu\u015flar\u0131 ve i\u015f insanlar\u0131yla ger\u00e7ekle\u015ftirdi\u011finiz bulu\u015fmada, T\u00fcrkiye\u2019nin stratejik konumunu vurgulayarak, \u00fclkemizin 4 saatlik u\u00e7u\u015f mesafesiyle 67 \u00fclkeye ula\u015fabilen \u00f6nemli bir lokasyonda bulundu\u011funu belirttiniz. Bu kritik avantaj\u0131n, T\u00fcrkiye\u2019ye olan ekonomik ve k\u00fclt\u00fcrel katk\u0131lar a\u00e7\u0131s\u0131ndan ne kadar de\u011ferli [&hellip;]","og_url":"https:\/\/avrupapress.com\/main\/2024\/09\/27\/saadet-avrupa-basin-aciklamasi\/","og_site_name":"AvrupaPress","article_published_time":"2024-09-27T19:59:00+00:00","article_modified_time":"2025-02-26T18:40:14+00:00","og_image":[{"width":1920,"height":1080,"url":"https:\/\/avrupapress.com\/main\/wp-content\/uploads\/2024\/09\/thumbnail_Samet-Sami-Temel.jpg","type":"image\/jpeg"}],"author":"Edit\u00f6r","twitter_card":"summary_large_image","twitter_misc":{"\u00c9crit par":"Edit\u00f6r","Dur\u00e9e de lecture est.":"2 minutes"},"schema":{"@context":"https:\/\/schema.org","@graph":[{"@type":"Article","@id":"https:\/\/avrupapress.com\/main\/2024\/09\/27\/saadet-avrupa-basin-aciklamasi\/#article","isPartOf":{"@id":"https:\/\/avrupapress.com\/main\/2024\/09\/27\/saadet-avrupa-basin-aciklamasi\/"},"author":{"name":"Edit\u00f6r","@id":"https:\/\/avrupapress.com\/#\/schema\/person\/68428444ec60970d1e1b700cf4ca1e8f"},"headline":"SAADET AVRUPA BASIN A\u00c7IKLAMASI","datePublished":"2024-09-27T19:59:00+00:00","dateModified":"2025-02-26T18:40:14+00:00","mainEntityOfPage":{"@id":"https:\/\/avrupapress.com\/main\/2024\/09\/27\/saadet-avrupa-basin-aciklamasi\/"},"wordCount":459,"publisher":{"@id":"https:\/\/avrupapress.com\/#\/schema\/person\/0223dca19c72c43575bf30d1a2d8f4fa"},"image":{"@id":"https:\/\/avrupapress.com\/main\/2024\/09\/27\/saadet-avrupa-basin-aciklamasi\/#primaryimage"},"thumbnailUrl":"https:\/\/avrupapress.com\/main\/wp-content\/uploads\/2024\/09\/thumbnail_Samet-Sami-Temel.jpg","articleSection":["Avrupa","Bel\u00e7ika","D\u00fcnya","Ekonomi","K\u00fclt\u00fcr-Sanat","Spor","Tan\u0131t\u0131m","T\u00fcrkiye","Uncategorized"],"inLanguage":"fr-BE"},{"@type":"WebPage","@id":"https:\/\/avrupapress.com\/main\/2024\/09\/27\/saadet-avrupa-basin-aciklamasi\/","url":"https:\/\/avrupapress.com\/main\/2024\/09\/27\/saadet-avrupa-basin-aciklamasi\/","name":"SAADET AVRUPA BASIN A\u00c7IKLAMASI - AvrupaPress","isPartOf":{"@id":"https:\/\/avrupapress.com\/#website"},"primaryImageOfPage":{"@id":"https:\/\/avrupapress.com\/main\/2024\/09\/27\/saadet-avrupa-basin-aciklamasi\/#primaryimage"},"image":{"@id":"https:\/\/avrupapress.com\/main\/2024\/09\/27\/saadet-avrupa-basin-aciklamasi\/#primaryimage"},"thumbnailUrl":"https:\/\/avrupapress.com\/main\/wp-content\/uploads\/2024\/09\/thumbnail_Samet-Sami-Temel.jpg","datePublished":"2024-09-27T19:59:00+00:00","dateModified":"2025-02-26T18:40:14+00:00","breadcrumb":{"@id":"https:\/\/avrupapress.com\/main\/2024\/09\/27\/saadet-avrupa-basin-aciklamasi\/#breadcrumb"},"inLanguage":"fr-BE","potentialAction":[{"@type":"ReadAction","target":["https:\/\/avrupapress.com\/main\/2024\/09\/27\/saadet-avrupa-basin-aciklamasi\/"]}]},{"@type":"ImageObject","inLanguage":"fr-BE","@id":"https:\/\/avrupapress.com\/main\/2024\/09\/27\/saadet-avrupa-basin-aciklamasi\/#primaryimage","url":"https:\/\/avrupapress.com\/main\/wp-content\/uploads\/2024\/09\/thumbnail_Samet-Sami-Temel.jpg","contentUrl":"https:\/\/avrupapress.com\/main\/wp-content\/uploads\/2024\/09\/thumbnail_Samet-Sami-Temel.jpg","width":1920,"height":1080},{"@type":"BreadcrumbList","@id":"https:\/\/avrupapress.com\/main\/2024\/09\/27\/saadet-avrupa-basin-aciklamasi\/#breadcrumb","itemListElement":[{"@type":"ListItem","position":1,"name":"Anasayfa","item":"https:\/\/avrupapress.com\/"},{"@type":"ListItem","position":2,"name":"SAADET AVRUPA BASIN A\u00c7IKLAMASI"}]},{"@type":"WebSite","@id":"https:\/\/avrupapress.com\/#website","url":"https:\/\/avrupapress.com\/","name":"AvrupaPress","description":"Haberin Adresi","publisher":{"@id":"https:\/\/avrupapress.com\/#\/schema\/person\/0223dca19c72c43575bf30d1a2d8f4fa"},"potentialAction":[{"@type":"SearchAction","target":{"@type":"EntryPoint","urlTemplate":"https:\/\/avrupapress.com\/?s={search_term_string}"},"query-input":{"@type":"PropertyValueSpecification","valueRequired":true,"valueName":"search_term_string"}}],"inLanguage":"fr-BE"},{"@type":["Person","Organization"],"@id":"https:\/\/avrupapress.com\/#\/schema\/person\/0223dca19c72c43575bf30d1a2d8f4fa","name":"Bilgin \u00d6z\u00e7ift\u00e7i","image":{"@type":"ImageObject","inLanguage":"fr-BE","@id":"https:\/\/avrupapress.com\/#\/schema\/person\/image\/","url":"https:\/\/secure.gravatar.com\/avatar\/0f23b280433a21e1ea7a0adcc46ed0ad16afe3ad8e630fd13d8a017dcbd54ef3?s=96&d=mm&r=g","contentUrl":"https:\/\/secure.gravatar.com\/avatar\/0f23b280433a21e1ea7a0adcc46ed0ad16afe3ad8e630fd13d8a017dcbd54ef3?s=96&d=mm&r=g","caption":"Bilgin \u00d6z\u00e7ift\u00e7i"},"logo":{"@id":"https:\/\/avrupapress.com\/#\/schema\/person\/image\/"},"description":"Ne ben, nede sen... Biz ancak \"biz\" olursak g\u00fc\u00e7l\u00fc olabiliriz"},{"@type":"Person","@id":"https:\/\/avrupapress.com\/#\/schema\/person\/68428444ec60970d1e1b700cf4ca1e8f","name":"Edit\u00f6r","image":{"@type":"ImageObject","inLanguage":"fr-BE","@id":"https:\/\/avrupapress.com\/#\/schema\/person\/image\/","url":"https:\/\/secure.gravatar.com\/avatar\/74996b0977aa5f1559ba9883776652508b229005c0d78fb2597897f0bd651c09?s=96&d=mm&r=g","contentUrl":"https:\/\/secure.gravatar.com\/avatar\/74996b0977aa5f1559ba9883776652508b229005c0d78fb2597897f0bd651c09?s=96&d=mm&r=g","caption":"Edit\u00f6r"},"sameAs":["http:\/\/www.avrupapress.com"],"url":"https:\/\/avrupapress.com\/main\/author\/editor\/"}]}},"_links":{"self":[{"href":"https:\/\/avrupapress.com\/main\/wp-json\/wp\/v2\/posts\/26827","targetHints":{"allow":["GET"]}}],"collection":[{"href":"https:\/\/avrupapress.com\/main\/wp-json\/wp\/v2\/posts"}],"about":[{"href":"https:\/\/avrupapress.com\/main\/wp-json\/wp\/v2\/types\/post"}],"author":[{"embeddable":true,"href":"https:\/\/avrupapress.com\/main\/wp-json\/wp\/v2\/users\/3"}],"replies":[{"embeddable":true,"href":"https:\/\/avrupapress.com\/main\/wp-json\/wp\/v2\/comments?post=26827"}],"version-history":[{"count":2,"href":"https:\/\/avrupapress.com\/main\/wp-json\/wp\/v2\/posts\/26827\/revisions"}],"predecessor-version":[{"id":28304,"href":"https:\/\/avrupapress.com\/main\/wp-json\/wp\/v2\/posts\/26827\/revisions\/28304"}],"wp:featuredmedia":[{"embeddable":true,"href":"https:\/\/avrupapress.com\/main\/wp-json\/wp\/v2\/media\/26828"}],"wp:attachment":[{"href":"https:\/\/avrupapress.com\/main\/wp-json\/wp\/v2\/media?parent=26827"}],"wp:term":[{"taxonomy":"category","embeddable":true,"href":"https:\/\/avrupapress.com\/main\/wp-json\/wp\/v2\/categories?post=26827"},{"taxonomy":"post_tag","embeddable":true,"href":"https:\/\/avrupapress.com\/main\/wp-json\/wp\/v2\/tags?post=26827"}],"curies":[{"name":"wp","href":"https:\/\/api.w.org\/{rel}","templated":true}]}}