{"id":26809,"date":"2024-09-26T20:16:03","date_gmt":"2024-09-26T20:16:03","guid":{"rendered":"https:\/\/avrupapress.com\/main\/?p=26809"},"modified":"2024-09-26T20:19:59","modified_gmt":"2024-09-26T20:19:59","slug":"taemfouad-partisi-duayen-siyasetci-halis-koktenin-esliginde-ilk-kez-aday-tanitimini-basin-onunde-yapti","status":"publish","type":"post","link":"https:\/\/avrupapress.com\/main\/2024\/09\/26\/taemfouad-partisi-duayen-siyasetci-halis-koktenin-esliginde-ilk-kez-aday-tanitimini-basin-onunde-yapti\/","title":{"rendered":"TaemFouad partisi  Duayen siyasetci Halis Kokten\u2019in e\u015fliginde ilk kez aday  tanitimini basin \u00f6n\u00fcnde yapti&#8230;.."},"content":{"rendered":"<p><strong>TaemFouad partisi\u00a0 Duayen siyasetci Halis Kokten\u2019in e\u015fliginde ilk kez adaylar\u0131 se\u00e7im tanitimini basin \u00f6n\u00fcnde\u00a0 yapti&#8230;.<\/strong><\/p>\n<p><strong> Br\u00fcksel\u2019in veciz mekanlar\u0131ndan Hanimeli pastanesinde \u00a0Duayen siyasetci Halis Kokten\u00a0 kampanyas\u0131 ve halk\u0131m\u0131z\u0131n tepkileri <\/strong><strong>yan\u0131s\u0131ra beklentilerini masaya yat\u0131r\u0131ld\u0131.<\/strong><\/p>\n<p>TaemFouad partisi Halis Kokten\u00a0 Basin bildirisi yayinladi&#8230;.<\/p>\n<p><strong>Sevgili emektar bas\u0131n \u00fcyesi karde\u015fim.<\/strong><\/p>\n<p>Y\u0131llard\u0131r biz siyaset\u00e7ileri amans\u0131z bir \u015fekilde bizleri takip edip ve zaman zaman g\u00fcndeme ta\u015f\u0131d\u0131nz. Sizlere ne<br \/>\nkadar te\u015fekk\u00fcr etsek azd\u0131r.<br \/>\nMalum.10 y\u0131ldan beri politik arenadan uzak durdum. Ama ya\u015fad\u0131\u011f\u0131m\u0131z \u00fclkenin gidi\u015fat\u0131n\u0131 daima yak\u0131n takipte<br \/>\ntuttum.<br \/>\nBazen toplumsal konular aras\u0131ra \u00e7\u0131k\u0131\u015flar ettim ve politika arenas\u0131nda bulunan i\u00e7imizden se\u00e7ilenleri olumlu<br \/>\ny\u00f6nden tenkit ettim.<br \/>\nGayem,Bel\u00e7ikan\u0131n gidi\u015fat\u0131nda s\u00f6z alan karde\u015flerimi pozitif ve aktif olma y\u00f6n\u00fcnde ele\u015ftirdim.<br \/>\nMalum son genel se\u00e7imlerden sonra \u00f6n\u00fcm\u00fczdeki se\u00e7imlere kat\u0131lma karar\u0131n\u0131 alarak uzun y\u0131llard\u0131r ya\u015fad\u0131\u011f\u0131m<br \/>\nbelediyeme tekrar aday oldum. 18 y\u0131l belediye meclis g\u00f6revini y\u00fcr\u00fctt\u00fcm. 1000 lerce vatanda\u015f\u0131m\u0131z\u0131n<br \/>\nsorunlar\u0131na yak\u0131ndan ilgilendim.<br \/>\nKazand\u0131\u011f\u0131m tecr\u00fcbelerimin 10 y\u0131ld\u0131r benimle aktif olmamams\u0131 beni derinden d\u00fc\u015f\u00fcnd\u00fcrerek sorumluluk<br \/>\nhissiyat\u0131n\u0131n a\u011f\u0131r bast\u0131\u011f\u0131n\u0131 itiraf etmek isterim.<br \/>\nYeni bir heyecanla TAEM FOUAD listesinin lokomotif g\u00f6revini alarak se\u00e7imlere girmi\u015f bulunuyorum.<br \/>\nGen\u00e7 ve dinamik bir ekiple ya\u015fad\u0131\u011f\u0131m\u0131z belediyenin yeniden d\u00fczenlemesi ve daha g\u00fczel bir ya\u015fan\u0131l\u0131r<br \/>\nduruma eri\u015ftirme amac\u0131yla kararl\u0131 bir \u015fekilde se\u00e7im kampanyas\u0131n\u0131 y\u00fcr\u00fct\u00fcyoruz.<br \/>\nK\u0131s\u0131r politik \u00e7ekismelerden uzak ve siyasete at\u0131lan gen\u00e7lerimize duayen bir siyaset\u00e7i olarak fikirler \u00fcretmek<br \/>\nve olumlu tavsiyeler vererek belediyemizde s\u00f6z hakk\u0131 edinmelerini saglamak ba\u015fl\u0131ca misyonumdur.<\/p>\n<p><strong>Basin toplantimiz;<\/strong><\/p>\n<p>Bu \u00c7ar\u015famba 24 Eyl\u00fcl 2024 tarihinde siz de\u011ferli bas\u0131n \u00fcyesi karde\u015flerimizle bulu\u015ftuk.<br \/>\nBr\u00fcksel\u2019in veciz mekanlar\u0131ndan Hanimeli pastanesinde T\u00fcrk k\u00f6kenli TaemFouad partisi adaylar\u0131 bas\u0131n \u00f6n\u00fcne<br \/>\n\u00e7\u0131kt\u0131lar.<br \/>\nSt Josse belediye adaylar\u0131 liste ba\u015f\u0131 \u0130brahim Danku\u015f ve Nesrin Mahmoud<br \/>\nJette belediye adaylar\u0131 Tu\u011frul \u00dclger ve Necdet Akta\u015f<br \/>\n1000 br\u00fcksel merkez belediye aday\u0131 Ay\u015fe Mal\u00e7ikan<br \/>\nVilvoorde belediye aday\u0131 Kadir Duran,Ismet Han ve Bet\u00fcl Kaya<br \/>\nSchaerbeek belediye adaylar\u0131 liste ba\u015f\u0131 Elyas Ammi, Merve Tutar,Mehmet Bilge,\u0130sa Polat ve Halis K\u00f6kten<br \/>\ntoplant\u0131da haz\u0131r bulundular.<br \/>\nMini kongre halinde ger\u00e7ekle\u015fen ve Hqlis K\u00f6kten\u2019in organize etti\u011fi toplant\u0131m\u0131z T\u00fcrk bas\u0131n\u0131n e\u015fli\u011finde<br \/>\nger\u00e7ekle\u015fti ve buda Bel\u00e7ikada bir ilk oldu. \u015eimdiye kadar hep protokolumsu bir \u015fekilde bas\u0131na sadece aday<br \/>\ntan\u0131t\u0131m\u0131 oluyordu.<br \/>\nTaemFouad partisi Halis Kokten\u2019in e\u015fliginde ilk kez adaylar\u0131 se\u00e7im kampanyas\u0131 ve halk\u0131m\u0131z\u0131n tepkileri<br \/>\nyan\u0131s\u0131ra beklentilerini masaya yat\u0131r\u0131ld\u0131.<br \/>\nAdaylar bas\u0131na canl\u0131 bir \u015fekilde partinin ve kendilerine has olan projelerini sunma f\u0131rsat\u0131n\u0131 buldular.<br \/>\nKarde\u015fhane \u015fekilde ge\u00e7en toplant\u0131 bas\u0131n tarafinda yo\u011fun ilgi g\u00f6rd\u00fc. Gazeteci arkada\u015flar\u0131m\u0131z adaylarla tek tek<br \/>\nilgilenerek hem tan\u0131\u015fma hemde adaylar\u0131n bilgi ve kapasitelerini yak\u0131nda \u00f6\u011frenme f\u0131rsat\u0131n\u0131 buldular.<br \/>\nToplan\u0131t\u0131y\u0131 bir aile foto\u011fraf\u0131 ve her belediyeye aday olan ekipleri resimleyek ayr\u0131ld\u0131k.<\/p>\n<p><strong>Ekip olarak \u00f6nc\u00fcl\u00fcklerimiz.<\/strong><\/p>\n<p>G\u00fcvenlik sorunlar\u0131. Ula\u015f\u0131m ve trafik sorunlar\u0131, \u00c7evre kirlili\u011fi sorunlar\u0131, E\u011fitim, Belediye hizmetlerini daha<br \/>\n\u015feffaf ve evraklar\u0131n tedarikindeki noksanl\u0131klar\u0131 d\u00fczeltmek. Okullar\u0131m\u0131z\u0131n daha kaliteli duruma getirilmesi.<br \/>\n\u00c7o\u011fulcu milletlerin ya\u015fad\u0131\u011f\u0131 ortam\u0131n getirmi\u015f oldu\u011fu sorunlar\u0131 bertaraf etmek ba\u015fl\u0131ca hedeflerimizden<br \/>\nbaz\u0131lar\u0131d\u0131r.<br \/>\nEsnaflar\u0131m\u0131z\u0131n yo\u011fun oldu\u011fu mahallelerin sorunlar\u0131n\u0131 gidermek ve desteklerin sa\u011flanmas\u0131.<br \/>\nHer iki ayda d\u00f6n\u00fc\u015f\u00fcml\u00fc olarak \u00e7esitli mahallelerde hantal \u00e7\u00f6plerin sistematik bir \u015fekilde toplan\u0131lmas\u0131.<br \/>\nHer mahelleden temsilciler tespit edilerek,halk meclisini kurarak belediye y\u00f6netimiyle halk\u0131m\u0131z\u0131 her 3 ay<br \/>\nsistemli bir \u015fekilde bulu\u015fturulmas\u0131.<br \/>\nGen\u00e7lerimize y\u00f6nelik \u00e7esitli festivallerin tertip edilmesiyle Sportif alanlar\u0131n \u00e7o\u011falt\u0131lmas\u0131yla aktif duruma<br \/>\ngetirilmesi.<br \/>\nMetro hatt\u0131n\u0131n tekrar canland\u0131r\u0131lmas\u0131 ve ye\u015fil alanlar\u0131n d\u00fczenlemesi ba\u015fl\u0131ca hedeflerimizdir.<br \/>\n13 Ekim se\u00e7imlerinde ba\u015far\u0131yla \u00e7\u0131kma umuduyla ho\u015fcakal\u0131n.<\/p>\n<p><strong>TAEMFOUAD Partisi Aday<\/strong><\/p>\n<p><strong>HAL\u0130S\u00a0 \u00a0 K\u00d6KTEN<\/strong><\/p>\n<p><img loading=\"lazy\" decoding=\"async\" class=\"alignnone size-medium wp-image-26810\" src=\"https:\/\/avrupapress.com\/main\/wp-content\/uploads\/2024\/09\/IMG-20240925-WA0022-300x225.jpg\" alt=\"\" width=\"300\" height=\"225\" srcset=\"https:\/\/avrupapress.com\/main\/wp-content\/uploads\/2024\/09\/IMG-20240925-WA0022-300x225.jpg 300w, https:\/\/avrupapress.com\/main\/wp-content\/uploads\/2024\/09\/IMG-20240925-WA0022-1024x768.jpg 1024w, https:\/\/avrupapress.com\/main\/wp-content\/uploads\/2024\/09\/IMG-20240925-WA0022-768x576.jpg 768w, https:\/\/avrupapress.com\/main\/wp-content\/uploads\/2024\/09\/IMG-20240925-WA0022-1536x1152.jpg 1536w, https:\/\/avrupapress.com\/main\/wp-content\/uploads\/2024\/09\/IMG-20240925-WA0022.jpg 1600w\" sizes=\"auto, (max-width: 300px) 100vw, 300px\" \/><\/p>\n<p><img loading=\"lazy\" decoding=\"async\" class=\"alignnone size-medium wp-image-26811\" src=\"https:\/\/avrupapress.com\/main\/wp-content\/uploads\/2024\/09\/IMG-20240925-WA0068-225x300.jpg\" alt=\"\" width=\"225\" height=\"300\" srcset=\"https:\/\/avrupapress.com\/main\/wp-content\/uploads\/2024\/09\/IMG-20240925-WA0068-225x300.jpg 225w, https:\/\/avrupapress.com\/main\/wp-content\/uploads\/2024\/09\/IMG-20240925-WA0068-768x1024.jpg 768w, https:\/\/avrupapress.com\/main\/wp-content\/uploads\/2024\/09\/IMG-20240925-WA0068-1152x1536.jpg 1152w, https:\/\/avrupapress.com\/main\/wp-content\/uploads\/2024\/09\/IMG-20240925-WA0068.jpg 1200w\" sizes=\"auto, (max-width: 225px) 100vw, 225px\" \/><\/p>\n<p><img loading=\"lazy\" decoding=\"async\" class=\"alignnone size-medium wp-image-26812\" src=\"https:\/\/avrupapress.com\/main\/wp-content\/uploads\/2024\/09\/IMG-20240925-WA0094-225x300.jpg\" alt=\"\" width=\"225\" height=\"300\" srcset=\"https:\/\/avrupapress.com\/main\/wp-content\/uploads\/2024\/09\/IMG-20240925-WA0094-225x300.jpg 225w, https:\/\/avrupapress.com\/main\/wp-content\/uploads\/2024\/09\/IMG-20240925-WA0094-768x1024.jpg 768w, https:\/\/avrupapress.com\/main\/wp-content\/uploads\/2024\/09\/IMG-20240925-WA0094-1152x1536.jpg 1152w, https:\/\/avrupapress.com\/main\/wp-content\/uploads\/2024\/09\/IMG-20240925-WA0094.jpg 1200w\" sizes=\"auto, (max-width: 225px) 100vw, 225px\" \/><\/p>\n<p><img loading=\"lazy\" decoding=\"async\" class=\"alignnone size-medium wp-image-26813\" src=\"https:\/\/avrupapress.com\/main\/wp-content\/uploads\/2024\/09\/IMG-20240925-WA0030-225x300.jpg\" alt=\"\" width=\"225\" height=\"300\" srcset=\"https:\/\/avrupapress.com\/main\/wp-content\/uploads\/2024\/09\/IMG-20240925-WA0030-225x300.jpg 225w, https:\/\/avrupapress.com\/main\/wp-content\/uploads\/2024\/09\/IMG-20240925-WA0030-768x1024.jpg 768w, https:\/\/avrupapress.com\/main\/wp-content\/uploads\/2024\/09\/IMG-20240925-WA0030-1152x1536.jpg 1152w, https:\/\/avrupapress.com\/main\/wp-content\/uploads\/2024\/09\/IMG-20240925-WA0030.jpg 1500w\" sizes=\"auto, (max-width: 225px) 100vw, 225px\" \/><\/p>\n<p><img loading=\"lazy\" decoding=\"async\" class=\"alignnone size-medium wp-image-26814\" src=\"https:\/\/avrupapress.com\/main\/wp-content\/uploads\/2024\/09\/IMG-20240925-WA0071-225x300.jpg\" alt=\"\" width=\"225\" height=\"300\" srcset=\"https:\/\/avrupapress.com\/main\/wp-content\/uploads\/2024\/09\/IMG-20240925-WA0071-225x300.jpg 225w, https:\/\/avrupapress.com\/main\/wp-content\/uploads\/2024\/09\/IMG-20240925-WA0071-768x1024.jpg 768w, https:\/\/avrupapress.com\/main\/wp-content\/uploads\/2024\/09\/IMG-20240925-WA0071-1152x1536.jpg 1152w, https:\/\/avrupapress.com\/main\/wp-content\/uploads\/2024\/09\/IMG-20240925-WA0071.jpg 1200w\" sizes=\"auto, (max-width: 225px) 100vw, 225px\" \/><\/p>\n<p><img loading=\"lazy\" decoding=\"async\" class=\"alignnone size-medium wp-image-26815\" src=\"https:\/\/avrupapress.com\/main\/wp-content\/uploads\/2024\/09\/IMG-20240925-WA0072-225x300.jpg\" alt=\"\" width=\"225\" height=\"300\" srcset=\"https:\/\/avrupapress.com\/main\/wp-content\/uploads\/2024\/09\/IMG-20240925-WA0072-225x300.jpg 225w, https:\/\/avrupapress.com\/main\/wp-content\/uploads\/2024\/09\/IMG-20240925-WA0072-768x1024.jpg 768w, https:\/\/avrupapress.com\/main\/wp-content\/uploads\/2024\/09\/IMG-20240925-WA0072-1152x1536.jpg 1152w, https:\/\/avrupapress.com\/main\/wp-content\/uploads\/2024\/09\/IMG-20240925-WA0072.jpg 1200w\" sizes=\"auto, (max-width: 225px) 100vw, 225px\" \/><\/p>\n<p><img loading=\"lazy\" decoding=\"async\" class=\"alignnone size-medium wp-image-26816\" src=\"https:\/\/avrupapress.com\/main\/wp-content\/uploads\/2024\/09\/IMG-20240925-WA0083-225x300.jpg\" alt=\"\" width=\"225\" height=\"300\" srcset=\"https:\/\/avrupapress.com\/main\/wp-content\/uploads\/2024\/09\/IMG-20240925-WA0083-225x300.jpg 225w, https:\/\/avrupapress.com\/main\/wp-content\/uploads\/2024\/09\/IMG-20240925-WA0083-768x1024.jpg 768w, https:\/\/avrupapress.com\/main\/wp-content\/uploads\/2024\/09\/IMG-20240925-WA0083-1152x1536.jpg 1152w, https:\/\/avrupapress.com\/main\/wp-content\/uploads\/2024\/09\/IMG-20240925-WA0083.jpg 1200w\" sizes=\"auto, (max-width: 225px) 100vw, 225px\" \/><\/p>\n<p><img loading=\"lazy\" decoding=\"async\" class=\"alignnone size-medium wp-image-26817\" src=\"https:\/\/avrupapress.com\/main\/wp-content\/uploads\/2024\/09\/IMG-20240925-WA0081-300x225.jpg\" alt=\"\" width=\"300\" height=\"225\" srcset=\"https:\/\/avrupapress.com\/main\/wp-content\/uploads\/2024\/09\/IMG-20240925-WA0081-300x225.jpg 300w, https:\/\/avrupapress.com\/main\/wp-content\/uploads\/2024\/09\/IMG-20240925-WA0081-1024x768.jpg 1024w, https:\/\/avrupapress.com\/main\/wp-content\/uploads\/2024\/09\/IMG-20240925-WA0081-768x576.jpg 768w, https:\/\/avrupapress.com\/main\/wp-content\/uploads\/2024\/09\/IMG-20240925-WA0081-1536x1152.jpg 1536w, https:\/\/avrupapress.com\/main\/wp-content\/uploads\/2024\/09\/IMG-20240925-WA0081.jpg 1600w\" sizes=\"auto, (max-width: 300px) 100vw, 300px\" \/><img loading=\"lazy\" decoding=\"async\" class=\"alignnone size-medium wp-image-26818\" src=\"https:\/\/avrupapress.com\/main\/wp-content\/uploads\/2024\/09\/IMG-20240925-WA0089-225x300.jpg\" alt=\"\" width=\"225\" height=\"300\" srcset=\"https:\/\/avrupapress.com\/main\/wp-content\/uploads\/2024\/09\/IMG-20240925-WA0089-225x300.jpg 225w, https:\/\/avrupapress.com\/main\/wp-content\/uploads\/2024\/09\/IMG-20240925-WA0089-768x1024.jpg 768w, https:\/\/avrupapress.com\/main\/wp-content\/uploads\/2024\/09\/IMG-20240925-WA0089-1152x1536.jpg 1152w, https:\/\/avrupapress.com\/main\/wp-content\/uploads\/2024\/09\/IMG-20240925-WA0089.jpg 1200w\" sizes=\"auto, (max-width: 225px) 100vw, 225px\" \/><\/p>\n<p><img loading=\"lazy\" decoding=\"async\" class=\"alignnone size-medium wp-image-26819\" src=\"https:\/\/avrupapress.com\/main\/wp-content\/uploads\/2024\/09\/IMG-20240925-WA0041-225x300.jpg\" alt=\"\" width=\"225\" height=\"300\" srcset=\"https:\/\/avrupapress.com\/main\/wp-content\/uploads\/2024\/09\/IMG-20240925-WA0041-225x300.jpg 225w, https:\/\/avrupapress.com\/main\/wp-content\/uploads\/2024\/09\/IMG-20240925-WA0041-768x1024.jpg 768w, https:\/\/avrupapress.com\/main\/wp-content\/uploads\/2024\/09\/IMG-20240925-WA0041-1152x1536.jpg 1152w, https:\/\/avrupapress.com\/main\/wp-content\/uploads\/2024\/09\/IMG-20240925-WA0041.jpg 1500w\" sizes=\"auto, (max-width: 225px) 100vw, 225px\" \/><\/p>\n<p><img loading=\"lazy\" decoding=\"async\" class=\"alignnone size-medium wp-image-26820\" src=\"https:\/\/avrupapress.com\/main\/wp-content\/uploads\/2024\/09\/IMG-20240925-WA0036-225x300.jpg\" alt=\"\" width=\"225\" height=\"300\" srcset=\"https:\/\/avrupapress.com\/main\/wp-content\/uploads\/2024\/09\/IMG-20240925-WA0036-225x300.jpg 225w, https:\/\/avrupapress.com\/main\/wp-content\/uploads\/2024\/09\/IMG-20240925-WA0036-768x1024.jpg 768w, https:\/\/avrupapress.com\/main\/wp-content\/uploads\/2024\/09\/IMG-20240925-WA0036-1152x1536.jpg 1152w, https:\/\/avrupapress.com\/main\/wp-content\/uploads\/2024\/09\/IMG-20240925-WA0036.jpg 1500w\" sizes=\"auto, (max-width: 225px) 100vw, 225px\" \/><\/p>\n<p><img loading=\"lazy\" decoding=\"async\" class=\"alignnone size-medium wp-image-26821\" src=\"https:\/\/avrupapress.com\/main\/wp-content\/uploads\/2024\/09\/IMG-20240925-WA0039-225x300.jpg\" alt=\"\" width=\"225\" height=\"300\" srcset=\"https:\/\/avrupapress.com\/main\/wp-content\/uploads\/2024\/09\/IMG-20240925-WA0039-225x300.jpg 225w, https:\/\/avrupapress.com\/main\/wp-content\/uploads\/2024\/09\/IMG-20240925-WA0039-768x1024.jpg 768w, https:\/\/avrupapress.com\/main\/wp-content\/uploads\/2024\/09\/IMG-20240925-WA0039-1152x1536.jpg 1152w, https:\/\/avrupapress.com\/main\/wp-content\/uploads\/2024\/09\/IMG-20240925-WA0039.jpg 1500w\" sizes=\"auto, (max-width: 225px) 100vw, 225px\" \/><\/p>\n<p><img loading=\"lazy\" decoding=\"async\" class=\"alignnone size-medium wp-image-26822\" src=\"https:\/\/avrupapress.com\/main\/wp-content\/uploads\/2024\/09\/IMG-20240925-WA0053-225x300.jpg\" alt=\"\" width=\"225\" height=\"300\" srcset=\"https:\/\/avrupapress.com\/main\/wp-content\/uploads\/2024\/09\/IMG-20240925-WA0053-225x300.jpg 225w, https:\/\/avrupapress.com\/main\/wp-content\/uploads\/2024\/09\/IMG-20240925-WA0053-768x1024.jpg 768w, https:\/\/avrupapress.com\/main\/wp-content\/uploads\/2024\/09\/IMG-20240925-WA0053-1152x1536.jpg 1152w, https:\/\/avrupapress.com\/main\/wp-content\/uploads\/2024\/09\/IMG-20240925-WA0053.jpg 1500w\" sizes=\"auto, (max-width: 225px) 100vw, 225px\" \/><\/p>\n<p><img loading=\"lazy\" decoding=\"async\" class=\"alignnone size-medium wp-image-26823\" src=\"https:\/\/avrupapress.com\/main\/wp-content\/uploads\/2024\/09\/IMG-20240925-WA0058-225x300.jpg\" alt=\"\" width=\"225\" height=\"300\" srcset=\"https:\/\/avrupapress.com\/main\/wp-content\/uploads\/2024\/09\/IMG-20240925-WA0058-225x300.jpg 225w, https:\/\/avrupapress.com\/main\/wp-content\/uploads\/2024\/09\/IMG-20240925-WA0058-768x1024.jpg 768w, https:\/\/avrupapress.com\/main\/wp-content\/uploads\/2024\/09\/IMG-20240925-WA0058-1152x1536.jpg 1152w, https:\/\/avrupapress.com\/main\/wp-content\/uploads\/2024\/09\/IMG-20240925-WA0058.jpg 1500w\" sizes=\"auto, (max-width: 225px) 100vw, 225px\" \/><\/p>\n<p>&nbsp;<\/p>\n<p><strong>Bilgin Ozcifci\u00a0 \u00a0 \u00a0\/\u00a0 \u00a0 \u00a0AVRUPAPRESS<\/strong><\/p>\n","protected":false},"excerpt":{"rendered":"<p>TaemFouad partisi\u00a0 Duayen siyasetci Halis Kokten\u2019in e\u015fliginde ilk kez adaylar\u0131 se\u00e7im tanitimini basin \u00f6n\u00fcnde\u00a0 yapti&#8230;. Br\u00fcksel\u2019in veciz mekanlar\u0131ndan Hanimeli pastanesinde \u00a0Duayen siyasetci Halis Kokten\u00a0 kampanyas\u0131 ve halk\u0131m\u0131z\u0131n tepkileri yan\u0131s\u0131ra beklentilerini masaya yat\u0131r\u0131ld\u0131. TaemFouad partisi Halis Kokten\u00a0 Basin bildirisi yayinladi&#8230;. Sevgili emektar bas\u0131n \u00fcyesi karde\u015fim. Y\u0131llard\u0131r biz siyaset\u00e7ileri amans\u0131z bir \u015fekilde bizleri takip edip ve zaman [&hellip;]<\/p>\n","protected":false},"author":3,"featured_media":26818,"comment_status":"closed","ping_status":"open","sticky":false,"template":"","format":"standard","meta":{"footnotes":""},"categories":[14,16,3,17,18,15,19,2,1],"tags":[],"class_list":["post-26809","post","type-post","status-publish","format-standard","has-post-thumbnail","hentry","category-avrupa","category-belcika","category-dunya","category-ekonomi","category-kultur-sanat","category-spor","category-tanitim","category-turkiye","category-uncategorized"],"yoast_head":"<!-- This site is optimized with the Yoast SEO plugin v26.9 - https:\/\/yoast.com\/product\/yoast-seo-wordpress\/ -->\n<title>TaemFouad partisi Duayen siyasetci Halis Kokten\u2019in e\u015fliginde ilk kez aday tanitimini basin \u00f6n\u00fcnde yapti..... - AvrupaPress<\/title>\n<meta name=\"robots\" content=\"index, follow, max-snippet:-1, max-image-preview:large, max-video-preview:-1\" \/>\n<link rel=\"canonical\" href=\"https:\/\/avrupapress.com\/main\/2024\/09\/26\/taemfouad-partisi-duayen-siyasetci-halis-koktenin-esliginde-ilk-kez-aday-tanitimini-basin-onunde-yapti\/\" \/>\n<meta property=\"og:locale\" content=\"fr_FR\" \/>\n<meta property=\"og:type\" content=\"article\" \/>\n<meta property=\"og:title\" content=\"TaemFouad partisi Duayen siyasetci Halis Kokten\u2019in e\u015fliginde ilk kez aday tanitimini basin \u00f6n\u00fcnde yapti..... - AvrupaPress\" \/>\n<meta property=\"og:description\" content=\"TaemFouad partisi\u00a0 Duayen siyasetci Halis Kokten\u2019in e\u015fliginde ilk kez adaylar\u0131 se\u00e7im tanitimini basin \u00f6n\u00fcnde\u00a0 yapti&#8230;. Br\u00fcksel\u2019in veciz mekanlar\u0131ndan Hanimeli pastanesinde \u00a0Duayen siyasetci Halis Kokten\u00a0 kampanyas\u0131 ve halk\u0131m\u0131z\u0131n tepkileri yan\u0131s\u0131ra beklentilerini masaya yat\u0131r\u0131ld\u0131. TaemFouad partisi Halis Kokten\u00a0 Basin bildirisi yayinladi&#8230;. Sevgili emektar bas\u0131n \u00fcyesi karde\u015fim. Y\u0131llard\u0131r biz siyaset\u00e7ileri amans\u0131z bir \u015fekilde bizleri takip edip ve zaman [&hellip;]\" \/>\n<meta property=\"og:url\" content=\"https:\/\/avrupapress.com\/main\/2024\/09\/26\/taemfouad-partisi-duayen-siyasetci-halis-koktenin-esliginde-ilk-kez-aday-tanitimini-basin-onunde-yapti\/\" \/>\n<meta property=\"og:site_name\" content=\"AvrupaPress\" \/>\n<meta property=\"article:published_time\" content=\"2024-09-26T20:16:03+00:00\" \/>\n<meta property=\"article:modified_time\" content=\"2024-09-26T20:19:59+00:00\" \/>\n<meta property=\"og:image\" content=\"https:\/\/avrupapress.com\/main\/wp-content\/uploads\/2024\/09\/IMG-20240925-WA0089.jpg\" \/>\n\t<meta property=\"og:image:width\" content=\"1200\" \/>\n\t<meta property=\"og:image:height\" content=\"1600\" \/>\n\t<meta property=\"og:image:type\" content=\"image\/jpeg\" \/>\n<meta name=\"author\" content=\"Edit\u00f6r\" \/>\n<meta name=\"twitter:card\" content=\"summary_large_image\" \/>\n<meta name=\"twitter:label1\" content=\"\u00c9crit par\" \/>\n\t<meta name=\"twitter:data1\" content=\"Edit\u00f6r\" \/>\n\t<meta name=\"twitter:label2\" content=\"Dur\u00e9e de lecture est.\" \/>\n\t<meta name=\"twitter:data2\" content=\"6 minutes\" \/>\n<script type=\"application\/ld+json\" class=\"yoast-schema-graph\">{\"@context\":\"https:\/\/schema.org\",\"@graph\":[{\"@type\":\"Article\",\"@id\":\"https:\/\/avrupapress.com\/main\/2024\/09\/26\/taemfouad-partisi-duayen-siyasetci-halis-koktenin-esliginde-ilk-kez-aday-tanitimini-basin-onunde-yapti\/#article\",\"isPartOf\":{\"@id\":\"https:\/\/avrupapress.com\/main\/2024\/09\/26\/taemfouad-partisi-duayen-siyasetci-halis-koktenin-esliginde-ilk-kez-aday-tanitimini-basin-onunde-yapti\/\"},\"author\":{\"name\":\"Edit\u00f6r\",\"@id\":\"https:\/\/avrupapress.com\/#\/schema\/person\/68428444ec60970d1e1b700cf4ca1e8f\"},\"headline\":\"TaemFouad partisi Duayen siyasetci Halis Kokten\u2019in e\u015fliginde ilk kez aday tanitimini basin \u00f6n\u00fcnde yapti&#8230;..\",\"datePublished\":\"2024-09-26T20:16:03+00:00\",\"dateModified\":\"2024-09-26T20:19:59+00:00\",\"mainEntityOfPage\":{\"@id\":\"https:\/\/avrupapress.com\/main\/2024\/09\/26\/taemfouad-partisi-duayen-siyasetci-halis-koktenin-esliginde-ilk-kez-aday-tanitimini-basin-onunde-yapti\/\"},\"wordCount\":752,\"publisher\":{\"@id\":\"https:\/\/avrupapress.com\/#\/schema\/person\/0223dca19c72c43575bf30d1a2d8f4fa\"},\"image\":{\"@id\":\"https:\/\/avrupapress.com\/main\/2024\/09\/26\/taemfouad-partisi-duayen-siyasetci-halis-koktenin-esliginde-ilk-kez-aday-tanitimini-basin-onunde-yapti\/#primaryimage\"},\"thumbnailUrl\":\"https:\/\/avrupapress.com\/main\/wp-content\/uploads\/2024\/09\/IMG-20240925-WA0089.jpg\",\"articleSection\":[\"Avrupa\",\"Bel\u00e7ika\",\"D\u00fcnya\",\"Ekonomi\",\"K\u00fclt\u00fcr-Sanat\",\"Spor\",\"Tan\u0131t\u0131m\",\"T\u00fcrkiye\",\"Uncategorized\"],\"inLanguage\":\"fr-BE\"},{\"@type\":\"WebPage\",\"@id\":\"https:\/\/avrupapress.com\/main\/2024\/09\/26\/taemfouad-partisi-duayen-siyasetci-halis-koktenin-esliginde-ilk-kez-aday-tanitimini-basin-onunde-yapti\/\",\"url\":\"https:\/\/avrupapress.com\/main\/2024\/09\/26\/taemfouad-partisi-duayen-siyasetci-halis-koktenin-esliginde-ilk-kez-aday-tanitimini-basin-onunde-yapti\/\",\"name\":\"TaemFouad partisi Duayen siyasetci Halis Kokten\u2019in e\u015fliginde ilk kez aday tanitimini basin \u00f6n\u00fcnde yapti..... - AvrupaPress\",\"isPartOf\":{\"@id\":\"https:\/\/avrupapress.com\/#website\"},\"primaryImageOfPage\":{\"@id\":\"https:\/\/avrupapress.com\/main\/2024\/09\/26\/taemfouad-partisi-duayen-siyasetci-halis-koktenin-esliginde-ilk-kez-aday-tanitimini-basin-onunde-yapti\/#primaryimage\"},\"image\":{\"@id\":\"https:\/\/avrupapress.com\/main\/2024\/09\/26\/taemfouad-partisi-duayen-siyasetci-halis-koktenin-esliginde-ilk-kez-aday-tanitimini-basin-onunde-yapti\/#primaryimage\"},\"thumbnailUrl\":\"https:\/\/avrupapress.com\/main\/wp-content\/uploads\/2024\/09\/IMG-20240925-WA0089.jpg\",\"datePublished\":\"2024-09-26T20:16:03+00:00\",\"dateModified\":\"2024-09-26T20:19:59+00:00\",\"breadcrumb\":{\"@id\":\"https:\/\/avrupapress.com\/main\/2024\/09\/26\/taemfouad-partisi-duayen-siyasetci-halis-koktenin-esliginde-ilk-kez-aday-tanitimini-basin-onunde-yapti\/#breadcrumb\"},\"inLanguage\":\"fr-BE\",\"potentialAction\":[{\"@type\":\"ReadAction\",\"target\":[\"https:\/\/avrupapress.com\/main\/2024\/09\/26\/taemfouad-partisi-duayen-siyasetci-halis-koktenin-esliginde-ilk-kez-aday-tanitimini-basin-onunde-yapti\/\"]}]},{\"@type\":\"ImageObject\",\"inLanguage\":\"fr-BE\",\"@id\":\"https:\/\/avrupapress.com\/main\/2024\/09\/26\/taemfouad-partisi-duayen-siyasetci-halis-koktenin-esliginde-ilk-kez-aday-tanitimini-basin-onunde-yapti\/#primaryimage\",\"url\":\"https:\/\/avrupapress.com\/main\/wp-content\/uploads\/2024\/09\/IMG-20240925-WA0089.jpg\",\"contentUrl\":\"https:\/\/avrupapress.com\/main\/wp-content\/uploads\/2024\/09\/IMG-20240925-WA0089.jpg\",\"width\":1200,\"height\":1600},{\"@type\":\"BreadcrumbList\",\"@id\":\"https:\/\/avrupapress.com\/main\/2024\/09\/26\/taemfouad-partisi-duayen-siyasetci-halis-koktenin-esliginde-ilk-kez-aday-tanitimini-basin-onunde-yapti\/#breadcrumb\",\"itemListElement\":[{\"@type\":\"ListItem\",\"position\":1,\"name\":\"Anasayfa\",\"item\":\"https:\/\/avrupapress.com\/\"},{\"@type\":\"ListItem\",\"position\":2,\"name\":\"TaemFouad partisi Duayen siyasetci Halis Kokten\u2019in e\u015fliginde ilk kez aday tanitimini basin \u00f6n\u00fcnde yapti&#8230;..\"}]},{\"@type\":\"WebSite\",\"@id\":\"https:\/\/avrupapress.com\/#website\",\"url\":\"https:\/\/avrupapress.com\/\",\"name\":\"AvrupaPress\",\"description\":\"Haberin Adresi\",\"publisher\":{\"@id\":\"https:\/\/avrupapress.com\/#\/schema\/person\/0223dca19c72c43575bf30d1a2d8f4fa\"},\"potentialAction\":[{\"@type\":\"SearchAction\",\"target\":{\"@type\":\"EntryPoint\",\"urlTemplate\":\"https:\/\/avrupapress.com\/?s={search_term_string}\"},\"query-input\":{\"@type\":\"PropertyValueSpecification\",\"valueRequired\":true,\"valueName\":\"search_term_string\"}}],\"inLanguage\":\"fr-BE\"},{\"@type\":[\"Person\",\"Organization\"],\"@id\":\"https:\/\/avrupapress.com\/#\/schema\/person\/0223dca19c72c43575bf30d1a2d8f4fa\",\"name\":\"Bilgin \u00d6z\u00e7ift\u00e7i\",\"image\":{\"@type\":\"ImageObject\",\"inLanguage\":\"fr-BE\",\"@id\":\"https:\/\/avrupapress.com\/#\/schema\/person\/image\/\",\"url\":\"https:\/\/secure.gravatar.com\/avatar\/0f23b280433a21e1ea7a0adcc46ed0ad16afe3ad8e630fd13d8a017dcbd54ef3?s=96&d=mm&r=g\",\"contentUrl\":\"https:\/\/secure.gravatar.com\/avatar\/0f23b280433a21e1ea7a0adcc46ed0ad16afe3ad8e630fd13d8a017dcbd54ef3?s=96&d=mm&r=g\",\"caption\":\"Bilgin \u00d6z\u00e7ift\u00e7i\"},\"logo\":{\"@id\":\"https:\/\/avrupapress.com\/#\/schema\/person\/image\/\"},\"description\":\"Ne ben, nede sen... Biz ancak \\\"biz\\\" olursak g\u00fc\u00e7l\u00fc olabiliriz\"},{\"@type\":\"Person\",\"@id\":\"https:\/\/avrupapress.com\/#\/schema\/person\/68428444ec60970d1e1b700cf4ca1e8f\",\"name\":\"Edit\u00f6r\",\"image\":{\"@type\":\"ImageObject\",\"inLanguage\":\"fr-BE\",\"@id\":\"https:\/\/avrupapress.com\/#\/schema\/person\/image\/\",\"url\":\"https:\/\/secure.gravatar.com\/avatar\/74996b0977aa5f1559ba9883776652508b229005c0d78fb2597897f0bd651c09?s=96&d=mm&r=g\",\"contentUrl\":\"https:\/\/secure.gravatar.com\/avatar\/74996b0977aa5f1559ba9883776652508b229005c0d78fb2597897f0bd651c09?s=96&d=mm&r=g\",\"caption\":\"Edit\u00f6r\"},\"sameAs\":[\"http:\/\/www.avrupapress.com\"],\"url\":\"https:\/\/avrupapress.com\/main\/author\/editor\/\"}]}<\/script>\n<!-- \/ Yoast SEO plugin. -->","yoast_head_json":{"title":"TaemFouad partisi Duayen siyasetci Halis Kokten\u2019in e\u015fliginde ilk kez aday tanitimini basin \u00f6n\u00fcnde yapti..... - AvrupaPress","robots":{"index":"index","follow":"follow","max-snippet":"max-snippet:-1","max-image-preview":"max-image-preview:large","max-video-preview":"max-video-preview:-1"},"canonical":"https:\/\/avrupapress.com\/main\/2024\/09\/26\/taemfouad-partisi-duayen-siyasetci-halis-koktenin-esliginde-ilk-kez-aday-tanitimini-basin-onunde-yapti\/","og_locale":"fr_FR","og_type":"article","og_title":"TaemFouad partisi Duayen siyasetci Halis Kokten\u2019in e\u015fliginde ilk kez aday tanitimini basin \u00f6n\u00fcnde yapti..... - AvrupaPress","og_description":"TaemFouad partisi\u00a0 Duayen siyasetci Halis Kokten\u2019in e\u015fliginde ilk kez adaylar\u0131 se\u00e7im tanitimini basin \u00f6n\u00fcnde\u00a0 yapti&#8230;. Br\u00fcksel\u2019in veciz mekanlar\u0131ndan Hanimeli pastanesinde \u00a0Duayen siyasetci Halis Kokten\u00a0 kampanyas\u0131 ve halk\u0131m\u0131z\u0131n tepkileri yan\u0131s\u0131ra beklentilerini masaya yat\u0131r\u0131ld\u0131. TaemFouad partisi Halis Kokten\u00a0 Basin bildirisi yayinladi&#8230;. Sevgili emektar bas\u0131n \u00fcyesi karde\u015fim. Y\u0131llard\u0131r biz siyaset\u00e7ileri amans\u0131z bir \u015fekilde bizleri takip edip ve zaman [&hellip;]","og_url":"https:\/\/avrupapress.com\/main\/2024\/09\/26\/taemfouad-partisi-duayen-siyasetci-halis-koktenin-esliginde-ilk-kez-aday-tanitimini-basin-onunde-yapti\/","og_site_name":"AvrupaPress","article_published_time":"2024-09-26T20:16:03+00:00","article_modified_time":"2024-09-26T20:19:59+00:00","og_image":[{"width":1200,"height":1600,"url":"https:\/\/avrupapress.com\/main\/wp-content\/uploads\/2024\/09\/IMG-20240925-WA0089.jpg","type":"image\/jpeg"}],"author":"Edit\u00f6r","twitter_card":"summary_large_image","twitter_misc":{"\u00c9crit par":"Edit\u00f6r","Dur\u00e9e de lecture est.":"6 minutes"},"schema":{"@context":"https:\/\/schema.org","@graph":[{"@type":"Article","@id":"https:\/\/avrupapress.com\/main\/2024\/09\/26\/taemfouad-partisi-duayen-siyasetci-halis-koktenin-esliginde-ilk-kez-aday-tanitimini-basin-onunde-yapti\/#article","isPartOf":{"@id":"https:\/\/avrupapress.com\/main\/2024\/09\/26\/taemfouad-partisi-duayen-siyasetci-halis-koktenin-esliginde-ilk-kez-aday-tanitimini-basin-onunde-yapti\/"},"author":{"name":"Edit\u00f6r","@id":"https:\/\/avrupapress.com\/#\/schema\/person\/68428444ec60970d1e1b700cf4ca1e8f"},"headline":"TaemFouad partisi Duayen siyasetci Halis Kokten\u2019in e\u015fliginde ilk kez aday tanitimini basin \u00f6n\u00fcnde yapti&#8230;..","datePublished":"2024-09-26T20:16:03+00:00","dateModified":"2024-09-26T20:19:59+00:00","mainEntityOfPage":{"@id":"https:\/\/avrupapress.com\/main\/2024\/09\/26\/taemfouad-partisi-duayen-siyasetci-halis-koktenin-esliginde-ilk-kez-aday-tanitimini-basin-onunde-yapti\/"},"wordCount":752,"publisher":{"@id":"https:\/\/avrupapress.com\/#\/schema\/person\/0223dca19c72c43575bf30d1a2d8f4fa"},"image":{"@id":"https:\/\/avrupapress.com\/main\/2024\/09\/26\/taemfouad-partisi-duayen-siyasetci-halis-koktenin-esliginde-ilk-kez-aday-tanitimini-basin-onunde-yapti\/#primaryimage"},"thumbnailUrl":"https:\/\/avrupapress.com\/main\/wp-content\/uploads\/2024\/09\/IMG-20240925-WA0089.jpg","articleSection":["Avrupa","Bel\u00e7ika","D\u00fcnya","Ekonomi","K\u00fclt\u00fcr-Sanat","Spor","Tan\u0131t\u0131m","T\u00fcrkiye","Uncategorized"],"inLanguage":"fr-BE"},{"@type":"WebPage","@id":"https:\/\/avrupapress.com\/main\/2024\/09\/26\/taemfouad-partisi-duayen-siyasetci-halis-koktenin-esliginde-ilk-kez-aday-tanitimini-basin-onunde-yapti\/","url":"https:\/\/avrupapress.com\/main\/2024\/09\/26\/taemfouad-partisi-duayen-siyasetci-halis-koktenin-esliginde-ilk-kez-aday-tanitimini-basin-onunde-yapti\/","name":"TaemFouad partisi Duayen siyasetci Halis Kokten\u2019in e\u015fliginde ilk kez aday tanitimini basin \u00f6n\u00fcnde yapti..... - AvrupaPress","isPartOf":{"@id":"https:\/\/avrupapress.com\/#website"},"primaryImageOfPage":{"@id":"https:\/\/avrupapress.com\/main\/2024\/09\/26\/taemfouad-partisi-duayen-siyasetci-halis-koktenin-esliginde-ilk-kez-aday-tanitimini-basin-onunde-yapti\/#primaryimage"},"image":{"@id":"https:\/\/avrupapress.com\/main\/2024\/09\/26\/taemfouad-partisi-duayen-siyasetci-halis-koktenin-esliginde-ilk-kez-aday-tanitimini-basin-onunde-yapti\/#primaryimage"},"thumbnailUrl":"https:\/\/avrupapress.com\/main\/wp-content\/uploads\/2024\/09\/IMG-20240925-WA0089.jpg","datePublished":"2024-09-26T20:16:03+00:00","dateModified":"2024-09-26T20:19:59+00:00","breadcrumb":{"@id":"https:\/\/avrupapress.com\/main\/2024\/09\/26\/taemfouad-partisi-duayen-siyasetci-halis-koktenin-esliginde-ilk-kez-aday-tanitimini-basin-onunde-yapti\/#breadcrumb"},"inLanguage":"fr-BE","potentialAction":[{"@type":"ReadAction","target":["https:\/\/avrupapress.com\/main\/2024\/09\/26\/taemfouad-partisi-duayen-siyasetci-halis-koktenin-esliginde-ilk-kez-aday-tanitimini-basin-onunde-yapti\/"]}]},{"@type":"ImageObject","inLanguage":"fr-BE","@id":"https:\/\/avrupapress.com\/main\/2024\/09\/26\/taemfouad-partisi-duayen-siyasetci-halis-koktenin-esliginde-ilk-kez-aday-tanitimini-basin-onunde-yapti\/#primaryimage","url":"https:\/\/avrupapress.com\/main\/wp-content\/uploads\/2024\/09\/IMG-20240925-WA0089.jpg","contentUrl":"https:\/\/avrupapress.com\/main\/wp-content\/uploads\/2024\/09\/IMG-20240925-WA0089.jpg","width":1200,"height":1600},{"@type":"BreadcrumbList","@id":"https:\/\/avrupapress.com\/main\/2024\/09\/26\/taemfouad-partisi-duayen-siyasetci-halis-koktenin-esliginde-ilk-kez-aday-tanitimini-basin-onunde-yapti\/#breadcrumb","itemListElement":[{"@type":"ListItem","position":1,"name":"Anasayfa","item":"https:\/\/avrupapress.com\/"},{"@type":"ListItem","position":2,"name":"TaemFouad partisi Duayen siyasetci Halis Kokten\u2019in e\u015fliginde ilk kez aday tanitimini basin \u00f6n\u00fcnde yapti&#8230;.."}]},{"@type":"WebSite","@id":"https:\/\/avrupapress.com\/#website","url":"https:\/\/avrupapress.com\/","name":"AvrupaPress","description":"Haberin Adresi","publisher":{"@id":"https:\/\/avrupapress.com\/#\/schema\/person\/0223dca19c72c43575bf30d1a2d8f4fa"},"potentialAction":[{"@type":"SearchAction","target":{"@type":"EntryPoint","urlTemplate":"https:\/\/avrupapress.com\/?s={search_term_string}"},"query-input":{"@type":"PropertyValueSpecification","valueRequired":true,"valueName":"search_term_string"}}],"inLanguage":"fr-BE"},{"@type":["Person","Organization"],"@id":"https:\/\/avrupapress.com\/#\/schema\/person\/0223dca19c72c43575bf30d1a2d8f4fa","name":"Bilgin \u00d6z\u00e7ift\u00e7i","image":{"@type":"ImageObject","inLanguage":"fr-BE","@id":"https:\/\/avrupapress.com\/#\/schema\/person\/image\/","url":"https:\/\/secure.gravatar.com\/avatar\/0f23b280433a21e1ea7a0adcc46ed0ad16afe3ad8e630fd13d8a017dcbd54ef3?s=96&d=mm&r=g","contentUrl":"https:\/\/secure.gravatar.com\/avatar\/0f23b280433a21e1ea7a0adcc46ed0ad16afe3ad8e630fd13d8a017dcbd54ef3?s=96&d=mm&r=g","caption":"Bilgin \u00d6z\u00e7ift\u00e7i"},"logo":{"@id":"https:\/\/avrupapress.com\/#\/schema\/person\/image\/"},"description":"Ne ben, nede sen... Biz ancak \"biz\" olursak g\u00fc\u00e7l\u00fc olabiliriz"},{"@type":"Person","@id":"https:\/\/avrupapress.com\/#\/schema\/person\/68428444ec60970d1e1b700cf4ca1e8f","name":"Edit\u00f6r","image":{"@type":"ImageObject","inLanguage":"fr-BE","@id":"https:\/\/avrupapress.com\/#\/schema\/person\/image\/","url":"https:\/\/secure.gravatar.com\/avatar\/74996b0977aa5f1559ba9883776652508b229005c0d78fb2597897f0bd651c09?s=96&d=mm&r=g","contentUrl":"https:\/\/secure.gravatar.com\/avatar\/74996b0977aa5f1559ba9883776652508b229005c0d78fb2597897f0bd651c09?s=96&d=mm&r=g","caption":"Edit\u00f6r"},"sameAs":["http:\/\/www.avrupapress.com"],"url":"https:\/\/avrupapress.com\/main\/author\/editor\/"}]}},"_links":{"self":[{"href":"https:\/\/avrupapress.com\/main\/wp-json\/wp\/v2\/posts\/26809","targetHints":{"allow":["GET"]}}],"collection":[{"href":"https:\/\/avrupapress.com\/main\/wp-json\/wp\/v2\/posts"}],"about":[{"href":"https:\/\/avrupapress.com\/main\/wp-json\/wp\/v2\/types\/post"}],"author":[{"embeddable":true,"href":"https:\/\/avrupapress.com\/main\/wp-json\/wp\/v2\/users\/3"}],"replies":[{"embeddable":true,"href":"https:\/\/avrupapress.com\/main\/wp-json\/wp\/v2\/comments?post=26809"}],"version-history":[{"count":3,"href":"https:\/\/avrupapress.com\/main\/wp-json\/wp\/v2\/posts\/26809\/revisions"}],"predecessor-version":[{"id":26826,"href":"https:\/\/avrupapress.com\/main\/wp-json\/wp\/v2\/posts\/26809\/revisions\/26826"}],"wp:featuredmedia":[{"embeddable":true,"href":"https:\/\/avrupapress.com\/main\/wp-json\/wp\/v2\/media\/26818"}],"wp:attachment":[{"href":"https:\/\/avrupapress.com\/main\/wp-json\/wp\/v2\/media?parent=26809"}],"wp:term":[{"taxonomy":"category","embeddable":true,"href":"https:\/\/avrupapress.com\/main\/wp-json\/wp\/v2\/categories?post=26809"},{"taxonomy":"post_tag","embeddable":true,"href":"https:\/\/avrupapress.com\/main\/wp-json\/wp\/v2\/tags?post=26809"}],"curies":[{"name":"wp","href":"https:\/\/api.w.org\/{rel}","templated":true}]}}