{"id":26545,"date":"2024-07-12T18:35:40","date_gmt":"2024-07-12T18:35:40","guid":{"rendered":"https:\/\/avrupapress.com\/main\/?p=26545"},"modified":"2024-07-12T18:37:22","modified_gmt":"2024-07-12T18:37:22","slug":"kerbela-muharrem-ayi-ve-gazze-kerbelayi-anlamak","status":"publish","type":"post","link":"https:\/\/avrupapress.com\/main\/2024\/07\/12\/kerbela-muharrem-ayi-ve-gazze-kerbelayi-anlamak\/","title":{"rendered":"KERBELA, MUHARREM AYI VE GAZZE KERBELA&rsquo;YI ANLAMAK"},"content":{"rendered":"<p>CENNET MEKAN ERBAKAN&rsquo;IN YEN\u0130 B\u0130R D\u00dcNYA PROJES\u0130<\/p>\n<div dir=\"auto\"><\/div>\n<div dir=\"auto\">KERBELA, MUHARREM AYI VE GAZZE<\/div>\n<div dir=\"auto\">KERBELA&rsquo;YI ANLAMAK<\/div>\n<div dir=\"auto\">B\u00e2t\u0131l&rsquo;dan Hak&rsquo;ka Hicret olan Hicri Y\u0131lba\u015f\u0131m\u0131z M\u00fcbarek olsun.<\/div>\n<div dir=\"auto\"><\/div>\n<div dir=\"auto\">Insanlar\u0131n mutlulu\u011fu, halka hizmet hakka hizmettir. Hepimiz bu d\u00fcnyada gelip ge\u00e7iciyiz. \u00a0D\u00fcnya var, ahiret var ve hesap g\u00fcn\u00fc var. Onun i\u00e7in bir insan\u0131n bu d\u00fcnyada b\u00fct\u00fcn di\u011fer insanlar\u0131n saadeti i\u00e7in \u00e7al\u0131\u015fmas\u0131 o insana Allah&rsquo;\u0131n l\u00fctfetti\u011fi en b\u00fcy\u00fck hediyedir. \u00c7\u00fcnk\u00fc o yolda \u00e7al\u0131\u015fan insana Cenab\u0131 Hak mutlaka d\u00fcnyada da ahirette de m\u00fckafat\u0131n\u0131 verir.<\/div>\n<div dir=\"auto\"><\/div>\n<div dir=\"auto\">N\u0130\u00c7\u0130N OLMASIN ?<\/div>\n<div dir=\"auto\">YAPTIK.Y\u0130NE YAPARIZ !<\/div>\n<div dir=\"auto\">ALLAH(C.C.)&rsquo;IN \u0130ZN\u0130 \u0130LE.<\/div>\n<div dir=\"auto\"><\/div>\n<div dir=\"auto\">NASIL BA\u015eARACA\u011eIZ<\/div>\n<div dir=\"auto\">M\u0130LL\u00ce G\u00d6R\u00dc\u015e SAADET \u0130KT\u0130DARINI NASIL GER\u00c7EKLE\u015eT\u0130RECE\u011e\u0130Z !?<\/div>\n<div dir=\"auto\">\u0130ZZETL\u0130 M\u0130LLET\u0130M\u0130ZE NEY\u0130 ANLATACA\u011eIZDA YEN\u0130 B\u0130R D\u00dcNYA&rsquo;YI KURACA\u011eIZ ! \u0130N\u015eAALLAH.<\/div>\n<div dir=\"auto\">\u0130K\u0130 \u00d6NEML\u0130 HUSUS<\/div>\n<div dir=\"auto\"><\/div>\n<div dir=\"auto\">\u00ab\u00a0Bizim sava\u015f\u0131m\u0131z neyin sava\u015f\u0131d\u0131r ?<\/div>\n<div dir=\"auto\">Neyin sava\u015f\u0131 bu ?<\/div>\n<div dir=\"auto\">Hak ve b\u00e2t\u0131l&rsquo;\u0131n sava\u015f\u0131. Kar\u015f\u0131m\u0131zdaki insanlar neye hizmet ettiklerini bilmiyor.<\/div>\n<div dir=\"auto\">\u0130lk vazifemiz ne ?<\/div>\n<div dir=\"auto\">Onlara bu ger\u00e7e\u011fi anlatmak.<\/div>\n<div dir=\"auto\">Nedir bu se\u00e7im ve neyin sava\u015f\u0131n\u0131 veriyoruz ?<\/div>\n<div dir=\"auto\">B\u00f6yle t\u0131ng\u0131r m\u0131ng\u0131r, iki tane anahtar i\u015fi de\u011fil bu , tencerenin kapa\u011f\u0131 ayakkab\u0131n\u0131n sa\u011f\u0131 solu i\u015fi de\u011fil bu, \u00f6yle g\u00fcl sallamak, hadi oradan !<\/div>\n<div dir=\"auto\">\u015eu hallerine bak\u0131n, \u015fu tiyatroya bak\u0131n, \u015fu soytar\u0131l\u0131\u011fa bak\u0131n ! Afedersiniz ! Ne bu ya ! Utanmadan milletin \u00f6n\u00fcne \u00e7\u0131km\u0131\u015flar, hangi meseleyi nas\u0131l \u00e7\u00f6zecekler bir tek fikirleri yok, milletin derdinden alakalar\u0131 yok.<\/div>\n<div dir=\"auto\">O sandalyede kim oturacak sen ineceksin ben oturaca\u011f\u0131m. A\u00e7\u0131kca s\u00f6yledikleri budur.<\/div>\n<div dir=\"auto\">B\u00fct\u00fcn se\u00e7im diye d\u00fc\u015f\u00fcnd\u00fckleri \u015fey milleti nas\u0131l aldataca\u011f\u0131z. Aram\u0131zdaki b\u00fcy\u00fck fark budur.<\/div>\n<div dir=\"auto\">Bizim zorumuz ne ? Millete ger\u00e7ekleri nas\u0131l g\u00f6sterece\u011fiz.<\/div>\n<div dir=\"auto\">Birinci anlataca\u011f\u0131m\u0131z \u015fey.<\/div>\n<div dir=\"auto\">Bu se\u00e7im hak ve b\u00e2t\u0131l&rsquo;\u0131n m\u00fccadelesidir.<\/div>\n<div dir=\"auto\">\u0130nsanl\u0131k tarihinin d\u00f6n\u00fcm noktas\u0131d\u0131r. Bin y\u0131l\u0131n en b\u00fcy\u00fck se\u00e7imidir.<\/div>\n<div dir=\"auto\">\u0130kinci anlataca\u011f\u0131m\u0131z ger\u00e7ek ise bu millete.<\/div>\n<div dir=\"auto\">Bak\u0131n\u0131z 40 sene bu b\u00e2t\u0131llar\u0131 denediniz.<\/div>\n<div dir=\"auto\">Bunlar\u0131n hi\u00e7birisi size saadet getiremezler.<\/div>\n<div dir=\"auto\">Meseleleriniz sadece b\u00fcy\u00fcd\u00fc. Zaten de getiremezler.<\/div>\n<div dir=\"auto\">Ni\u00e7in \u00e7\u00fcnk\u00fc bunlar taklit\u00e7i.<\/div>\n<div dir=\"auto\">Nerenin?<\/div>\n<div dir=\"auto\">Bat\u0131n\u0131n taklit\u00e7isi.<\/div>\n<div dir=\"auto\">\u0130\u015fte \u015fema \u00f6n\u00fcn\u00fczde.<\/div>\n<div dir=\"auto\">Bat\u0131n\u0131n taklit\u00e7i ne demek ?<\/div>\n<div dir=\"auto\">Bat\u0131n\u0131n k\u00f6k\u00fc Eski Roma, kuvveti \u00fcst\u00fcn tutuyor.<\/div>\n<div dir=\"auto\">Eski Roma&rsquo;n\u0131n k\u00f6k\u00fc Eski Yunan kuvveti \u00fcst\u00fcn tutuyor. Eski Yunan&rsquo;\u0131n k\u00f6k\u00fc Eski M\u0131s\u0131r, firavunlara gidiyor bunlar\u0131n k\u00f6k\u00fc.\u00a0\u00bb<\/div>\n<div dir=\"auto\">Asrin Lideri,<\/div>\n<div dir=\"auto\">Mill\u00ee G\u00f6r\u00fc\u015f Lideri,<\/div>\n<div dir=\"auto\">Saadet Partisi Genel Ba\u015fkan\u0131,<\/div>\n<div dir=\"auto\">Efsane Ba\u015fbakan<\/div>\n<div dir=\"auto\">Cennet Mekan<\/div>\n<div dir=\"auto\">Prof. Dr. Necmettin Erbakan<\/div>\n<div dir=\"auto\"><\/div>\n<div dir=\"auto\">SADIKLAR BURADA<\/div>\n<div dir=\"auto\">BU YAZI<\/div>\n<div dir=\"auto\">\u0130Y\u0130LERDEN OLMAMIZA VES\u0130LE OLSUN \u0130N\u015eALLAH<\/div>\n<div dir=\"auto\">\u00c2l-i Imr\u00e2n S\u00fbresi \/ 142.Ayet<\/div>\n<div dir=\"auto\">Yoksa Allah i\u00e7inizden cihad edenleri ay\u0131rt edip ortaya koymadan, sab\u0131r edenleri belirleyip meydana \u00e7\u0131karmadan (kolayca) cennete girece\u011finizi mi sand\u0131n\u0131z?<\/div>\n<div dir=\"auto\">Ahz\u00e2b S\u00fbresi \/ 23.Ayet<\/div>\n<div dir=\"auto\">23. M\u00fc\u2019minlerden \u00f6yle yi\u011fitler vard\u0131r ki Allah\u2019a verdikleri s\u00f6zde durdular. Onlardan kimi (can) ada\u011f\u0131n\u0131 \u00f6dedi, kimi de (\u015fehitli\u011fi) beklemektedir. Onlar (verdikleri s\u00f6z\u00fc) hi\u00e7bir \u015fekilde (asla) de\u011fi\u015ftirmediler.<\/div>\n<div dir=\"auto\">Ankeb\u00fbt S\u00fbresi \/ 64.Ayet<\/div>\n<div dir=\"auto\">64. Bu d\u00fcnya hayat\u0131, bir e\u011flence ve oyundan ba\u015fka bir \u015fey de\u011fildir. \u00c2hiret yurdu (oradaki hayat) ise elbette (as\u0131l ya\u015fanacak) ebed\u00ee hayat odur; ke\u015fke bunu bilselerdi.<\/div>\n<div dir=\"auto\">Anneler ve Babalar evlatlar\u0131n\u0131 yeti\u015ftirirken, bizim evlad\u0131m\u0131z nas\u0131l olurda Allah&rsquo;\u0131n (c.c) ve Peygamberimiz (sas)&rsquo;nin emretti\u011fi istikamette hareket eder, derdinde olur ve bu do\u011frultuda evlatlar\u0131n\u0131 yeti\u015ftirme gayretinde olurlarsa, Allah (c.c) o aileyide, o toplumuda, Rahmetiyle ku\u015fat\u0131r! Fakat ailelerin, \u00d6ncelikli amac\u0131 evlatlar\u0131n\u0131n d\u00fcnyal\u0131klar\u0131n\u0131 sa\u011flama almak i\u00e7in hareket etmek olurda, d\u00fcnya imtihan\u0131n\u0131n gereklerini yerine getirmek hesaba kat\u0131lmazsa, yeti\u015fen nesillerin d\u00fcnyas\u0131da bozulur, ahiret hayat\u0131da s\u0131k\u0131nt\u0131ya girer!<\/div>\n<div dir=\"auto\">Milli G\u00f6r\u00fc\u015f davas\u0131 nas\u0131l ba\u015flam\u0131\u015f ve Milli G\u00f6r\u00fc\u015f\u00fc temsil eden, Milli Nizam, Milli Selamet, Refah, Fazilet ve Saadet partisi hangi ama\u00e7la kurulmu\u015ftur?<\/div>\n<div dir=\"auto\">\u00d6ncelikle Milli G\u00f6r\u00fc\u015f demek bizim inanc\u0131m\u0131z\u0131n emretti\u011fi g\u00f6r\u00fc\u015f demektir! Milli G\u00f6r\u00fc\u015f hakk\u0131, di\u011fer g\u00f6r\u00fc\u015fler ise bat\u0131l\u0131 temsil eder!<\/div>\n<div dir=\"auto\">Ahz\u00e2b S\u00fbresi \/ 36.Ayet<\/div>\n<div dir=\"auto\">36. Allah ve Res\u00fbl\u00fc bir meselede h\u00fck\u00fcm verdi\u011fi zaman, inanan bir erkek ve kad\u0131na, art\u0131k o i\u015fte, kendi (arzu ve heves)lerine g\u00f6re (ba\u015fka) tercih hakk\u0131 yoktur. Kim Allah\u2019a ve Res\u00fbl\u00fc\u2019ne kar\u015f\u0131 gelir (onlar taraf\u0131ndan verilmi\u015f h\u00fck\u00fcmleri be\u011fenmez, kendi tercihlerine \u00f6nem verir)se, kesinlikle o, apa\u00e7\u0131k bir sap\u0131kl\u0131kla sapm\u0131\u015f olur.<\/div>\n<div dir=\"auto\">Allah ve Res\u00fbl\u00fc\u2019n\u00fcn, herhangi bir konuda koydu\u011fu bir h\u00fck\u00fcm varken hi\u00e7 kimse onun aksine bir tercih yapamayaca\u011f\u0131 gibi, ba\u015fkas\u0131 i\u00e7in de \u201c\u0130steyen yaps\u0131n istemeyen yapmas\u0131n.\u201d diye bir serbesti tan\u0131yamaz, bir ideolojik fikri dayatamaz. \u00c7\u00fcnk\u00fc ideolojiler hev\u00e2 ve heves putunun2 s\u00f6ylem \u015fekilleridir. \u00c7\u00fcnk\u00fc bu durumda yeni bir din icat etmi\u015f ve sap\u0131tm\u0131\u015f olur ki Allah ve Res\u00fbl\u00fc\u2019n\u00fcn h\u00fck\u00fcmlerine ba\u011fl\u0131 m\u00fc\u2019minlerce itibar g\u00f6rmezler.<\/div>\n<div dir=\"auto\">\u00c2l-i Imr\u00e2n S\u00fbresi \/ 103. \/ 105.Ayet<\/div>\n<div dir=\"auto\">103. Hepiniz toptan Allah&rsquo;\u0131n ipine (Kur&rsquo;an&rsquo;a) (cemaat halinde) s\u0131ms\u0131k\u0131 sar\u0131l\u0131n, (onu hayata h\u00e2kim k\u0131l\u0131n, ihtilaf ve tefrikaya d\u00fc\u015f\u00fcp fert fert, grup grup) par\u00e7alan\u0131p ayr\u0131lmay\u0131n.<\/div>\n<div dir=\"auto\">105. (Ey m\u00fc&rsquo;minler! Siz,) kendilerine apa\u00e7\u0131k deliller geldikten sonra par\u00e7alan\u0131p ayr\u0131lan ve ihtilafa d\u00fc\u015fenler gibi olmay\u0131n. \u0130\u015fte onlar i\u00e7in (k\u0131yamette) \u00e7ok b\u00fcy\u00fck bir azap vard\u0131r.<\/div>\n<div dir=\"auto\">S\u0130YASET KUR&rsquo;AN N\u0130ZAMINI KURMAK VE Y\u00dcR\u00dcTMEK \u0130\u00c7\u0130N YAPILIR! BUNUN DI\u015eINDAK\u0130LER S\u0130YASET DE\u011e\u0130L! NEFSAN\u0130YETT\u0130R! DOLAYISIYLA, BEN\u0130M S\u0130YASETLE \u0130\u015e\u0130M OLMAZ DEMEK, BEN\u0130M KUR&rsquo;AN N\u0130ZAMIYLA \u0130\u015e\u0130M OLMAZ DEMEKT\u0130R! S\u0130YON\u0130ST YAHUD\u0130LER\u0130N EN SEVD\u0130G\u0130 M\u00dcSM\u00dcMAN T\u0130P\u0130, S\u0130YASETE, YAN\u0130 D\u00dcZENE KARI\u015eMAYAN, SADECE \u015eAHS\u0130 \u0130BADETLERLE ME\u015eGUL OLANLARDIR!<\/div>\n<div dir=\"auto\">PART\u0130 MESELES\u0130NE GEL\u0130NCE!<\/div>\n<div dir=\"auto\">Parti Frans\u0131zca bir kelimedir!<\/div>\n<div dir=\"auto\">T\u00fcrk\u00e7esi taraftar, Arap\u00e7as\u0131 Hizb demektir!<\/div>\n<div dir=\"auto\">Yani anlayaca\u011f\u0131m\u0131z parti deyince belli bir ama\u00e7 u\u011frunda bir araya gelmi\u015f bir grup insan demektir!<\/div>\n<div dir=\"auto\">Baz\u0131 karde\u015flerimiz M\u00fcsl\u00fcman\u0131n partiyle falan i\u015fi olmaz diyor!<\/div>\n<div dir=\"auto\">Peki neyle olur dedi\u011fin zaman, sen \u0130slam&rsquo;\u0131 anlat, su akar yolunu bulur diyor!<\/div>\n<div dir=\"auto\">Peki o zaman Efendimiz (sas) neden Medine&rsquo;ye hicret edince devlet sistemini kurdu! Sadece anlat\u0131r ge\u00e7erdi \u00f6yle olsayd\u0131!<\/div>\n<div dir=\"auto\">\u00c7\u00fcnk\u00fc k\u00f6t\u00fcl\u00fckleri konu\u015farak kald\u0131ramazs\u0131n\u0131z! Elinizde iktidar, yani devlet g\u00fcc\u00fc olursa iyilikleri emreder, k\u00f6t\u00fcl\u00fckleri engelleyebilirsiniz!<\/div>\n<div dir=\"auto\">\u00c2l-i Imr\u00e2n S\u00fbresi \/ 104.Ayet<\/div>\n<div dir=\"auto\">\u0130\u00e7inizden herkesi hayra \u00e7a\u011f\u0131ran, iyili\u011fi tevhidi ve s\u00e2lih ameli emreden ve k\u00f6t\u00fc olandan men eden bir \u00fcmmet bir topluluk olsun i\u015fte onlar kurtulu\u015fa erenlerdir.<\/div>\n<div dir=\"auto\">Ancak baz\u0131 karde\u015flerimiz kulland\u0131klar\u0131 kavramlar\u0131n ne manaya geldi\u011fini bilmedikleri ve etkisinde kald\u0131klar\u0131 baz\u0131 ki\u015filerden dolay\u0131 cahilane hareket etmektedir!<\/div>\n<div dir=\"auto\">Parti, bir araya gelmek demektir demi\u015ftik! Dolay\u0131s\u0131yla hakk\u0131 Hakim k\u0131lmak, k\u00f6t\u00fcl\u00fckleri engelliyecek bir d\u00fczen kurmak i\u00e7in bir araya gelindiyse bunun neresi g\u00fcnah?<\/div>\n<div dir=\"auto\">\u0130\u015fte Ger\u00e7ek Allah dostlar\u0131 bu meseleyi iyi bildikleri i\u00e7in 1969&rsquo;da bir araya gelmi\u015f ve m\u00fcsl\u00fcmanlar\u0131n yeniden aya\u011fa kalkmas\u0131 i\u00e7in siyasete girilmesi karar\u0131n\u0131 alm\u0131\u015f ve Mehmet Zahid Kotku (R.aleyh) hocam\u0131z\u0131n, Necmettin Erbakan (R.aleyh) hocam\u0131za verdi\u011fi talimat do\u011frultusunda<\/div>\n<div dir=\"auto\">Milli G\u00f6r\u00fc\u015f partileri kurulmu\u015f ve hakk\u0131n hakim olmas\u0131, bat\u0131l\u0131n yok olmas\u0131 Rabbimizin Cihad emrinin yerine getirilmesi i\u00e7in siyasi m\u00fccadele ba\u015flam\u0131\u015ft\u0131r!<\/div>\n<div dir=\"auto\">Furk\u00e2n S\u00fbresi \/ 30.Ayet<\/div>\n<div dir=\"auto\">30. Peygamber de (\u015fik\u00e2yetle): \u201cY\u00e2 Rabbi! Benim kavmim bu Kur\u2019an\u2019\u0131 (okumay\u0131 ve h\u00fck\u00fcmlerine uymay\u0131 b\u0131rak\u0131p hatta men edip onu) terk ettiler.\u201d dedi.<\/div>\n<div dir=\"auto\">Benden sonra yak\u0131nda \u00fcmmetimden bir taife zuhur eder ki, Kur&rsquo;an&rsquo;\u0131 okurlar ama bo\u011fazlar\u0131n\u0131 ge\u00e7mez. Dinden de okun yaydan \u00e7\u0131kt\u0131\u011f\u0131 gibi \u00e7\u0131karlar ve avdet de etmezler. Onlar, halk\u0131n ve mahlukat\u0131n en \u015ferlisidirler. Alametleri de y\u00fcz\u00fcn\u00fc g\u00f6z\u00fcn\u00fc tra\u015f etmeleridir.<\/div>\n<div dir=\"auto\">Ravi: Hz. Eb\u00fb Zerr (r.a.)<\/div>\n<div dir=\"auto\">Sayfa: 302 \/ No: 12<\/div>\n<div dir=\"auto\">Ramuz El-Ehadis<\/div>\n<div dir=\"auto\">Tevbe S\u00fbresi \/ 119.Ayet<\/div>\n<div dir=\"auto\">119. Ey iman edenler! Allah\u2019\u0131n emirlerine uygun ya\u015fay\u0131n\/ayk\u0131r\u0131 davranmaktan sak\u0131n\u0131n ve do\u011fru (s\u00e2d\u0131k) olanlarla beraber olun.<\/div>\n<div dir=\"auto\">\u00c2l-i Imr\u00e2n S\u00fbresi \/ 142.Ayet<\/div>\n<div dir=\"auto\">142. Yoksa Allah i\u00e7inizden cihad edenleri ay\u0131rt edip ortaya koymadan, sab\u0131r edenleri belirleyip meydana \u00e7\u0131karmadan cennete girece\u011finizi mi sand\u0131n\u0131z?<\/div>\n<div dir=\"auto\">Cihad 5 s\u0131n\u0131fl\u0131 bir okul gibidir!<\/div>\n<div dir=\"auto\">1. Tebli\u011f<\/div>\n<div dir=\"auto\">2. Davet<\/div>\n<div dir=\"auto\">3. \u0130yili\u011fi emretmek, K\u00f6t\u00fcl\u00fc\u011f\u00fc engellemek<\/div>\n<div dir=\"auto\">4. Kit\u00e2l \u00a0(Millet olarak asker ve ordu ile d\u0131\u015f d\u00fc\u015fmanla sava\u015fmakt\u0131r. Dahilde harp olmaz. M\u00fcsl\u00fcman m\u00fcsl\u00fcman ile sava\u015famaz.)<\/div>\n<div dir=\"auto\">5. \u0130\u011fla-i Kelimetullah (Hakimiyet: D\u00fcnyadaki b\u00fct\u00fcn insanlara h\u00fcr iradeleri ile b\u00e2t\u0131ldan ka\u00e7acaklar\u0131 ve kendilerini yaratan Rablerinin istedi\u011fini yapacaklar\u0131 dini, \u00a0Hakk\u0131 se\u00e7ecekleri, \u0130sl\u00e2m&rsquo;\u0131 se\u00e7ecekleri uygun ortam\u0131 olu\u015fturmak)<\/div>\n<div dir=\"auto\">Bu vazifesinin hakk\u0131yla yap\u0131labilmesi i\u00e7in M\u00fcsl\u00fcmanlar\u0131n siyasi bir \u00f6rg\u00fct olmas\u0131 \u015fartt\u0131r! \u00c7\u00fcnk\u00fc ancak devlet g\u00fcc\u00fc ile bu vazife yerine getirilmesi m\u00fcmk\u00fcn olacakt\u0131r! Bundan dolay\u0131 Efendimiz (sas) Medine&rsquo;de \u0130slam devleti kurmu\u015ftur ve ecdad\u0131m\u0131zda bu devleti ileriye g\u00f6t\u00fcrmek i\u00e7in m\u00fccadele etmistir! Allah&rsquo;\u0131n izniyle zalimler istemesede \u0130slam&rsquo;\u0131n devleti \u015fuurlu Milli G\u00f6r\u00fc\u015f&rsquo;c\u00fclerin gayretiyle yeniden kurulacakt\u0131r!<\/div>\n<div dir=\"auto\">Tevbe (Ber\u00e2e) S\u00fbresi \/ 19.20.41.Ayet<\/div>\n<div dir=\"auto\">19. Hac\u0131lara su vermeyi ve Mescid-i Haram\u2019\u0131n im\u00e2r\u0131n\u0131, Allah\u2019a ve \u00e2hiret g\u00fcn\u00fcne iman eden ve Allah yolunda cihad eden kimse gibi mi tuttunuz? Allah kat\u0131nda (bunlar asla) e\u015fit olamazlar. Allah, (kendisini b\u0131rak\u0131p ba\u015fkalar\u0131na ba\u011flanarak m\u00fc\u015frik olan) zalimler toplulu\u011funu do\u011fru yola eri\u015ftirmez.<\/div>\n<div dir=\"auto\">20. \u0130man edenler, (Allah ve Res\u00fbl\u00fc\u2019n\u00fcn g\u00f6sterdi\u011fi y\u00f6n ve y\u00f6nteme) hicret edenler ve Allah yolunda mallar\u0131yla ve canlar\u0131yla cihad eden\/gayret g\u00f6sterenler, Allah kat\u0131nda derece bak\u0131m\u0131ndan daha b\u00fcy\u00fckt\u00fcr. \u0130\u015fte onlar, kurtulu\u015fa erenlerin ta kendileridir.<\/div>\n<div dir=\"auto\">41. (Ey m\u00fc\u2019minler!) Gerek hafif, gerek a\u011f\u0131r olarak (kolay zor; silahl\u0131 silahs\u0131z; binekli yaya; gen\u00e7 ya\u015fl\u0131, hangi halde olursan\u0131z olun) hep birlikte seferber olun, mallar\u0131n\u0131zla ve canlar\u0131n\u0131zla Allah yolunda cihad edin. E\u011fer bilirseniz sizin i\u00e7in bu daha hay\u0131rl\u0131d\u0131r.<\/div>\n<div dir=\"auto\">Bakara S\u00fbresi \/ 278.Ayet<\/div>\n<div dir=\"auto\">278. Ey iman edenler! \u201cAllah\u2019\u0131n emrine uygun ya\u015fay\u0131n\/ayk\u0131r\u0131 davranmaktan sak\u0131n\u0131n.\u201d (E\u011fer ger\u00e7ek) m\u00fc\u2019minlerseniz, art\u0131k kalan faizi de b\u0131rak\u0131n.<\/div>\n<div dir=\"auto\">G\u00f6r\u00fcld\u00fc\u011f\u00fc gibi, Allahu Te\u00e2l\u00e2 faizi imanla irtibatland\u0131rm\u0131\u015ft\u0131r. Bu durumda inanan bir m\u00fc\u2019minin faize devam\u0131 imk\u00e2ns\u0131zd\u0131r; \u00e7\u00fcnk\u00fc bu, bir ba\u015fka y\u00f6n\u00fcyle, Allah\u2019\u0131n emrini tan\u0131mama hastal\u0131\u011f\u0131d\u0131r. Bu \u00e2yetten hareketle \u0130sl\u00e2m\u2019da r\u00fc\u015fvet, ihtik\u00e2r, rant ve \u015fans oyunlar\u0131 gibi yollarla kazan\u0131lan her t\u00fcrl\u00fc haks\u0131z kazan\u00e7lar faiz gibi haram k\u0131l\u0131nm\u0131\u015f, haram yerlere harcamalarla l\u00fcks, israf ve maddeperestlik de yasaklanm\u0131\u015ft\u0131r. Helal yolla emek kar\u015f\u0131l\u0131\u011f\u0131 olan \u00fccretler, kazan\u00e7lar; zek\u00e2t, sadaka, sosyal yard\u0131m, ba\u011f\u0131\u015f ve miras yoluyla elde edilenler de helal k\u0131l\u0131nm\u0131\u015f, Allah r\u0131zas\u0131na dayal\u0131 her t\u00fcrl\u00fc infak\/harcama, yard\u0131m ve yat\u0131r\u0131mlar te\u015fvik edilmi\u015ftir. B\u00f6ylece \u0130sl\u00e2m, \u00f6nce Allah\u2019a iman ve O\u2019na kulluk esas\u0131na, sonra \u0130sl\u00e2m\u2019\u0131n emretti\u011fi din\u00ee k\u00fclt\u00fcre, ahl\u00e2ka ve iktis\u00e2d\u00ee nizam\u0131 uygulamaya dayan\u0131r. Netice olarak \u0130sl\u00e2m, hem d\u00fcnya ve \u00e2hiret saadeti i\u00e7in helal yolla \u00e7al\u0131\u015fmay\u0131 hem de ferd\u00ee ve i\u00e7tim\u00e2\u00ee kazan\u00e7 ve m\u00fclkiyet felsefesini esas al\u0131r.<\/div>\n<div dir=\"auto\">Bakara S\u00fbresi \/ 278.Ayet<\/div>\n<div dir=\"auto\">278. Ey iman edenler! \u201cAllah\u2019\u0131n emrine uygun ya\u015fay\u0131n\/ayk\u0131r\u0131 davranmaktan sak\u0131n\u0131n.\u201d (E\u011fer ger\u00e7ek) m\u00fc\u2019minlerseniz, art\u0131k kalan faizi de b\u0131rak\u0131n.<\/div>\n<div dir=\"auto\">G\u00f6r\u00fcld\u00fc\u011f\u00fc gibi, Allahu Te\u00e2l\u00e2 faizi imanla irtibatland\u0131rm\u0131\u015ft\u0131r. Bu durumda inanan bir m\u00fc\u2019minin faize devam\u0131 imk\u00e2ns\u0131zd\u0131r; \u00e7\u00fcnk\u00fc bu, bir ba\u015fka y\u00f6n\u00fcyle, Allah\u2019\u0131n emrini tan\u0131mama hastal\u0131\u011f\u0131d\u0131r.<\/div>\n<div dir=\"auto\">Peygamberimiz (sas) faiz alanda, verende lanetlenmi\u015ftir buyurmaktad\u0131r! Hz. Ali (r.a)<\/div>\n<div dir=\"auto\">Muhammed (Kit\u00e2l) S\u00fbresi \/ 7.Ayet<\/div>\n<div dir=\"auto\">7. Ey iman edenler! E\u011fer siz Allah\u2019a (O\u2019nun dininin yay\u0131lmas\u0131na ve hayata ge\u00e7mesine) yard\u0131m ederseniz (O da) size yard\u0131m eder ve ayaklar\u0131n\u0131z\u0131 sabit\/sa\u011flam tutar (g\u00fc\u00e7 ve sebat verir).<\/div>\n<div dir=\"auto\">TEVBE ETMEK!<\/div>\n<div dir=\"auto\">Tahr\u00eem S\u00fbresi \/ 8.Ayet<\/div>\n<div dir=\"auto\">8. Ey iman edenler! Tam ve kesin (\u00f6rnek olacak) bir tevbe ile Allah\u2019a y\u00f6nelin.<\/div>\n<div dir=\"auto\">Bu tevbeye, \u201cnas\u00fbh tevbesi\u201d denilir ki bir daha asla g\u00fcnaha d\u00f6nmemek ve bunu asla arzu etmemek \u00fczere yap\u0131lan tevbedir. Hasan-\u0131 Basr\u00ee \u015f\u00f6yle der: \u201cTevbe, g\u00fcnaha kin tutmak ve her hat\u0131r\u0131na geldik\u00e7e isti\u011ff\u00e2r etmektir.\u201d<\/div>\n<div dir=\"auto\">(B\u00f6yle yaparsan\u0131z) umulur ki Rabbiniz sizin k\u00f6t\u00fcl\u00fcklerinizi \u00f6rter ve sizi alt taraf\u0131ndan \u0131rmaklar akan cennetlere koyar. O g\u00fcn Allah, Peygamberi(\u2019ni) ve onunla beraber olan m\u00fc\u2019minleri utand\u0131rmayacakt\u0131r. Onlar\u0131n nuru (o g\u00fcn S\u0131rat\u2019ta) \u00f6nlerinde ve sa\u011flar\u0131nda ko\u015facak (ayd\u0131nlatacak)t\u0131r. (M\u00fc\u2019minlerin nurlar\u0131 birbirlerinden farkl\u0131 olduklar\u0131ndan) diyecekler ki: \u201cEy Rabbimiz! Bizim nurumuzu tamamla (cennete kadar devam ettir, s\u00f6nd\u00fcrme) ve bizi ba\u011f\u0131\u015fla, do\u011frusu sen her \u015feye k\u00e2dirsin.\u201d<\/div>\n<div dir=\"auto\">Tevbenin alt\u0131 \u015fart\u0131 oldu\u011fu a\u00e7\u0131klanm\u0131\u015ft\u0131r:<\/div>\n<div dir=\"auto\">1. Ge\u00e7mi\u015f g\u00fcnahlardan pi\u015fmanl\u0131k.<\/div>\n<div dir=\"auto\">2. Terk edilen farzlar\u0131 yapmak.<\/div>\n<div dir=\"auto\">3. Kul haklar\u0131n\u0131 yerine getirmek.<\/div>\n<div dir=\"auto\">4. Has\u0131mlarla helalle\u015fmek.<\/div>\n<div dir=\"auto\">5. Bir daha g\u00fcnaha d\u00f6nmemek.<\/div>\n<div dir=\"auto\">6. Nefsini m\u00e2siyet i\u00e7inde terbiye etti\u011fi gibi Allah\u2019a itaatle de e\u011fitmek.<\/div>\n<div dir=\"auto\">Fussilet S\u00fbresi \/ 34.35.Ayet<\/div>\n<div dir=\"auto\">34. \u0130yilikler de e\u015fit de\u011fildir, k\u00f6t\u00fcl\u00fckler de.Sen k\u00f6t\u00fcl\u00fc\u011f\u00fc en g\u00fczel olan hareketle sav. O zaman g\u00f6r\u00fcrs\u00fcn ki seninle kendisi aras\u0131nda bir d\u00fc\u015fmanl\u0131k olan kimse, sanki yak\u0131n\/candan bir dost oluvermi\u015ftir.<\/div>\n<div dir=\"auto\">35. Bu k\u00f6t\u00fcl\u00fc\u011f\u00fc iyilikle \u00f6nleme \u00f6zelli\u011fine, ancak sabredenler kavu\u015fturulur. Ayr\u0131ca, buna, sevaptan b\u00fcy\u00fck pay sahibi olandan ba\u015fkas\u0131 da kavu\u015fturulmaz.<\/div>\n<div dir=\"auto\">Bat\u0131l partilere, bat\u0131l ittifaklara verilen her oy, Yarabbi ben belam\u0131 istiyorum diye verilen oydur!<\/div>\n<div dir=\"auto\">\u015e\u00fbr\u00e2 S\u00fbresi \/ 30.Ayet<\/div>\n<div dir=\"auto\">30. Sizin ba\u015f\u0131n\u0131za gelen herhangi bir musibet kendi ellerinizle kazand\u0131\u011f\u0131n\u0131z (g\u00fcnahlar) y\u00fcz\u00fcndendir.<\/div>\n<div dir=\"auto\">Toplumlara gelen zelzele, sel bask\u0131n\u0131, t\u00fbfan, kas\u0131rga, k\u0131tl\u0131k ve benzeri afetler birer musibet oldu\u011fu gibi; ahl\u00e2k\u00ee \u00e7\u00f6k\u00fc\u015fler, ge\u00e7im s\u0131k\u0131nt\u0131s\u0131, sevgisizlik, sayg\u0131s\u0131zl\u0131k, g\u00fcvensizlik, beceriksiz idareciler, ekonomik bozukluklar, haks\u0131zl\u0131k, adaletsizlik ve benzerleri de toplum i\u00e7in birer musibettir!<\/div>\n<div dir=\"auto\">ZAL\u0130MLER&#8230;<\/div>\n<div dir=\"auto\">Hayat\u0131n\u0131n her alan\u0131nda, Allah (c.c) ve Efendimiz (sas)&rsquo;nin emretti\u011fi istikamete g\u00f6re ya\u015famayan, nefsi, hissi, i\u015fine geldi\u011fi gibi hareket edenler, Kuran&rsquo;\u0131 Kerim&rsquo;de de bildirildi\u011fi \u00fczere, zalimlerdir! Zalimlerle bir arada olanlar, onlara sevgi besleyenler, h\u00fcrmet edenler, destek verenlerde zalimdir! Allah (c.c) zalim bir \u015fahsa, topluma, yard\u0131m etmez! Rahmet elini onlar\u0131n \u00fczerinden \u00e7eker! Zalimlere yard\u0131m edenler, zulme u\u011framaya mahkumdurlar!<\/div>\n<div dir=\"auto\">H\u00fbd S\u00fbresi \/ 113.Ayet<\/div>\n<div dir=\"auto\">113. Zul\u00fcm (ve haks\u0131zl\u0131k) edenlere de sak\u0131n meyletmeyin\/g\u00fcvenip dayanmay\u0131n! Sonra size de ate\u015f dokunur. Sizin Allah\u2019tan ba\u015fka dostunuz yoktur. Sonra size yard\u0131m da edilmez.<\/div>\n<div dir=\"auto\">\u00c2yet-i ker\u00eemede ge\u00e7ti\u011fi \u00fczere zulmeden, hakk\u0131 hukuku g\u00f6zetmeyen zalimlere, Allah\u2019tan ba\u015fkas\u0131n\u0131n otoritesine kul olmaya zorlayan t\u00e2\u011f\u00fbtlara meyletmek, yapt\u0131klar\u0131n\u0131 g\u00f6zard\u0131 edip onlar\u0131 korumak, aklamak ve desteklemek onlara ortakl\u0131k oldu\u011fundan ceza da ayn\u0131d\u0131r.<\/div>\n<div dir=\"auto\">M\u00e2ide S\u00fbresi \/ 45.Ayet<\/div>\n<div dir=\"auto\">Kim (ink\u00e2r etmese bile) Allah\u2019\u0131n indirdi\u011fi\/bildirdi\u011fi (h\u00fck\u00fcmleri) ile (veya ona uygun olarak) h\u00fckmetmezse i\u015fte onlar zalimlerin ta kendileridir!<\/div>\n<div dir=\"auto\">Kehf S\u00fbresi \/ 57.Ayet<\/div>\n<div dir=\"auto\">57. Rabbinin \u00e2yetleriyle (kendine) nasihat edildi\u011fi halde, onlardan y\u00fcz \u00e7eviren ve kendi yapt\u0131\u011f\u0131 (g\u00fcnahlar\u0131)n\u0131 unutan kimseden daha zalim kim vard\u0131r?<\/div>\n<div dir=\"auto\"><\/div>\n<div dir=\"auto\">B\u0130RL\u0130KTE RAHMET AYRILIKTA AZAP VARDIR.<\/div>\n<div dir=\"auto\">BU B\u0130R \u0130MT\u0130HANDIR.<\/div>\n<div dir=\"auto\">BJ B\u0130R S\u00dcRE\u00c7T\u0130R.<\/div>\n<div dir=\"auto\">YEN\u0130DEN B\u00dcY\u00dcK T\u00dcRK\u0130YE&rsquo;Y\u0130 VE YEN\u0130 B\u0130R SAADET D\u00dcNYASI&rsquo;NI KURMA S\u00dcREC\u0130D\u0130R. TIPKI ASR-I SAADET G\u0130B\u0130 YEN\u0130 B\u0130R SAADET D\u00dcNYASI KURULACAKTIR. ALLAH&rsquo;IN \u0130ZN\u0130 \u0130LE.<\/div>\n<div dir=\"auto\">Allah(c.c.), g\u00fcn\u00fcn feyzi, bereketini size ve ailenize ihsan eylesin. Sa\u011fl\u0131kl\u0131, hay\u0131rl\u0131 ve m\u00fcreffeh bir hayat ihsan eylesin.<\/div>\n<div dir=\"auto\"><\/div>\n<div dir=\"auto\">Muharrem Boz\u00e7al<\/div>\n<div dir=\"auto\">Makale Yaz\u0131s\u0131<\/div>\n<div dir=\"auto\">AvrupaPress<\/div>\n<div dir=\"auto\">9 Temmuz 2024<\/div>\n<p>Yeniden B\u00fcy\u00fckT\u00fcrkiye Yaz\u0131 Serisi<\/p>\n<p>&nbsp;<\/p>\n<p>&nbsp;<\/p>\n<p><strong>Muharrem Boz\u00e7al\u00a0 \u00a0 \/\u00a0 \u00a0 AVRUPAPRESS<\/strong><\/p>\n","protected":false},"excerpt":{"rendered":"<p>CENNET MEKAN ERBAKAN&rsquo;IN YEN\u0130 B\u0130R D\u00dcNYA PROJES\u0130 KERBELA, MUHARREM AYI VE GAZZE KERBELA&rsquo;YI ANLAMAK B\u00e2t\u0131l&rsquo;dan Hak&rsquo;ka Hicret olan Hicri Y\u0131lba\u015f\u0131m\u0131z M\u00fcbarek olsun. Insanlar\u0131n mutlulu\u011fu, halka hizmet hakka hizmettir. Hepimiz bu d\u00fcnyada gelip ge\u00e7iciyiz. \u00a0D\u00fcnya var, ahiret var ve hesap g\u00fcn\u00fc var. Onun i\u00e7in bir insan\u0131n bu d\u00fcnyada b\u00fct\u00fcn di\u011fer insanlar\u0131n saadeti i\u00e7in \u00e7al\u0131\u015fmas\u0131 o insana [&hellip;]<\/p>\n","protected":false},"author":3,"featured_media":25922,"comment_status":"closed","ping_status":"open","sticky":false,"template":"","format":"standard","meta":{"footnotes":""},"categories":[14,16,3,17,18,15,19,2,1],"tags":[],"class_list":["post-26545","post","type-post","status-publish","format-standard","has-post-thumbnail","hentry","category-avrupa","category-belcika","category-dunya","category-ekonomi","category-kultur-sanat","category-spor","category-tanitim","category-turkiye","category-uncategorized"],"yoast_head":"<!-- This site is optimized with the Yoast SEO plugin v26.9 - https:\/\/yoast.com\/product\/yoast-seo-wordpress\/ -->\n<title>KERBELA, MUHARREM AYI VE GAZZE KERBELA&#039;YI ANLAMAK - AvrupaPress<\/title>\n<meta name=\"robots\" content=\"index, follow, max-snippet:-1, max-image-preview:large, max-video-preview:-1\" \/>\n<link rel=\"canonical\" href=\"https:\/\/avrupapress.com\/main\/2024\/07\/12\/kerbela-muharrem-ayi-ve-gazze-kerbelayi-anlamak\/\" \/>\n<meta property=\"og:locale\" content=\"fr_FR\" \/>\n<meta property=\"og:type\" content=\"article\" \/>\n<meta property=\"og:title\" content=\"KERBELA, MUHARREM AYI VE GAZZE KERBELA&#039;YI ANLAMAK - AvrupaPress\" \/>\n<meta property=\"og:description\" content=\"CENNET MEKAN ERBAKAN&rsquo;IN YEN\u0130 B\u0130R D\u00dcNYA PROJES\u0130 KERBELA, MUHARREM AYI VE GAZZE KERBELA&rsquo;YI ANLAMAK B\u00e2t\u0131l&rsquo;dan Hak&rsquo;ka Hicret olan Hicri Y\u0131lba\u015f\u0131m\u0131z M\u00fcbarek olsun. Insanlar\u0131n mutlulu\u011fu, halka hizmet hakka hizmettir. Hepimiz bu d\u00fcnyada gelip ge\u00e7iciyiz. \u00a0D\u00fcnya var, ahiret var ve hesap g\u00fcn\u00fc var. Onun i\u00e7in bir insan\u0131n bu d\u00fcnyada b\u00fct\u00fcn di\u011fer insanlar\u0131n saadeti i\u00e7in \u00e7al\u0131\u015fmas\u0131 o insana [&hellip;]\" \/>\n<meta property=\"og:url\" content=\"https:\/\/avrupapress.com\/main\/2024\/07\/12\/kerbela-muharrem-ayi-ve-gazze-kerbelayi-anlamak\/\" \/>\n<meta property=\"og:site_name\" content=\"AvrupaPress\" \/>\n<meta property=\"article:published_time\" content=\"2024-07-12T18:35:40+00:00\" \/>\n<meta property=\"article:modified_time\" content=\"2024-07-12T18:37:22+00:00\" \/>\n<meta property=\"og:image\" content=\"https:\/\/avrupapress.com\/main\/wp-content\/uploads\/2024\/05\/thumbnail_IMG-20240516-WA0016-e1715887012983.jpg\" \/>\n\t<meta property=\"og:image:width\" content=\"590\" \/>\n\t<meta property=\"og:image:height\" content=\"547\" \/>\n\t<meta property=\"og:image:type\" content=\"image\/jpeg\" \/>\n<meta name=\"author\" content=\"Edit\u00f6r\" \/>\n<meta name=\"twitter:card\" content=\"summary_large_image\" \/>\n<meta name=\"twitter:label1\" content=\"\u00c9crit par\" \/>\n\t<meta name=\"twitter:data1\" content=\"Edit\u00f6r\" \/>\n\t<meta name=\"twitter:label2\" content=\"Dur\u00e9e de lecture est.\" \/>\n\t<meta name=\"twitter:data2\" content=\"11 minutes\" \/>\n<script type=\"application\/ld+json\" class=\"yoast-schema-graph\">{\"@context\":\"https:\/\/schema.org\",\"@graph\":[{\"@type\":\"Article\",\"@id\":\"https:\/\/avrupapress.com\/main\/2024\/07\/12\/kerbela-muharrem-ayi-ve-gazze-kerbelayi-anlamak\/#article\",\"isPartOf\":{\"@id\":\"https:\/\/avrupapress.com\/main\/2024\/07\/12\/kerbela-muharrem-ayi-ve-gazze-kerbelayi-anlamak\/\"},\"author\":{\"name\":\"Edit\u00f6r\",\"@id\":\"https:\/\/avrupapress.com\/#\/schema\/person\/68428444ec60970d1e1b700cf4ca1e8f\"},\"headline\":\"KERBELA, MUHARREM AYI VE GAZZE KERBELA&rsquo;YI ANLAMAK\",\"datePublished\":\"2024-07-12T18:35:40+00:00\",\"dateModified\":\"2024-07-12T18:37:22+00:00\",\"mainEntityOfPage\":{\"@id\":\"https:\/\/avrupapress.com\/main\/2024\/07\/12\/kerbela-muharrem-ayi-ve-gazze-kerbelayi-anlamak\/\"},\"wordCount\":2847,\"publisher\":{\"@id\":\"https:\/\/avrupapress.com\/#\/schema\/person\/0223dca19c72c43575bf30d1a2d8f4fa\"},\"image\":{\"@id\":\"https:\/\/avrupapress.com\/main\/2024\/07\/12\/kerbela-muharrem-ayi-ve-gazze-kerbelayi-anlamak\/#primaryimage\"},\"thumbnailUrl\":\"https:\/\/avrupapress.com\/main\/wp-content\/uploads\/2024\/05\/thumbnail_IMG-20240516-WA0016-e1715887012983.jpg\",\"articleSection\":[\"Avrupa\",\"Bel\u00e7ika\",\"D\u00fcnya\",\"Ekonomi\",\"K\u00fclt\u00fcr-Sanat\",\"Spor\",\"Tan\u0131t\u0131m\",\"T\u00fcrkiye\",\"Uncategorized\"],\"inLanguage\":\"fr-BE\"},{\"@type\":\"WebPage\",\"@id\":\"https:\/\/avrupapress.com\/main\/2024\/07\/12\/kerbela-muharrem-ayi-ve-gazze-kerbelayi-anlamak\/\",\"url\":\"https:\/\/avrupapress.com\/main\/2024\/07\/12\/kerbela-muharrem-ayi-ve-gazze-kerbelayi-anlamak\/\",\"name\":\"KERBELA, MUHARREM AYI VE GAZZE KERBELA'YI ANLAMAK - AvrupaPress\",\"isPartOf\":{\"@id\":\"https:\/\/avrupapress.com\/#website\"},\"primaryImageOfPage\":{\"@id\":\"https:\/\/avrupapress.com\/main\/2024\/07\/12\/kerbela-muharrem-ayi-ve-gazze-kerbelayi-anlamak\/#primaryimage\"},\"image\":{\"@id\":\"https:\/\/avrupapress.com\/main\/2024\/07\/12\/kerbela-muharrem-ayi-ve-gazze-kerbelayi-anlamak\/#primaryimage\"},\"thumbnailUrl\":\"https:\/\/avrupapress.com\/main\/wp-content\/uploads\/2024\/05\/thumbnail_IMG-20240516-WA0016-e1715887012983.jpg\",\"datePublished\":\"2024-07-12T18:35:40+00:00\",\"dateModified\":\"2024-07-12T18:37:22+00:00\",\"breadcrumb\":{\"@id\":\"https:\/\/avrupapress.com\/main\/2024\/07\/12\/kerbela-muharrem-ayi-ve-gazze-kerbelayi-anlamak\/#breadcrumb\"},\"inLanguage\":\"fr-BE\",\"potentialAction\":[{\"@type\":\"ReadAction\",\"target\":[\"https:\/\/avrupapress.com\/main\/2024\/07\/12\/kerbela-muharrem-ayi-ve-gazze-kerbelayi-anlamak\/\"]}]},{\"@type\":\"ImageObject\",\"inLanguage\":\"fr-BE\",\"@id\":\"https:\/\/avrupapress.com\/main\/2024\/07\/12\/kerbela-muharrem-ayi-ve-gazze-kerbelayi-anlamak\/#primaryimage\",\"url\":\"https:\/\/avrupapress.com\/main\/wp-content\/uploads\/2024\/05\/thumbnail_IMG-20240516-WA0016-e1715887012983.jpg\",\"contentUrl\":\"https:\/\/avrupapress.com\/main\/wp-content\/uploads\/2024\/05\/thumbnail_IMG-20240516-WA0016-e1715887012983.jpg\",\"width\":590,\"height\":547},{\"@type\":\"BreadcrumbList\",\"@id\":\"https:\/\/avrupapress.com\/main\/2024\/07\/12\/kerbela-muharrem-ayi-ve-gazze-kerbelayi-anlamak\/#breadcrumb\",\"itemListElement\":[{\"@type\":\"ListItem\",\"position\":1,\"name\":\"Anasayfa\",\"item\":\"https:\/\/avrupapress.com\/\"},{\"@type\":\"ListItem\",\"position\":2,\"name\":\"KERBELA, MUHARREM AYI VE GAZZE KERBELA&rsquo;YI ANLAMAK\"}]},{\"@type\":\"WebSite\",\"@id\":\"https:\/\/avrupapress.com\/#website\",\"url\":\"https:\/\/avrupapress.com\/\",\"name\":\"AvrupaPress\",\"description\":\"Haberin Adresi\",\"publisher\":{\"@id\":\"https:\/\/avrupapress.com\/#\/schema\/person\/0223dca19c72c43575bf30d1a2d8f4fa\"},\"potentialAction\":[{\"@type\":\"SearchAction\",\"target\":{\"@type\":\"EntryPoint\",\"urlTemplate\":\"https:\/\/avrupapress.com\/?s={search_term_string}\"},\"query-input\":{\"@type\":\"PropertyValueSpecification\",\"valueRequired\":true,\"valueName\":\"search_term_string\"}}],\"inLanguage\":\"fr-BE\"},{\"@type\":[\"Person\",\"Organization\"],\"@id\":\"https:\/\/avrupapress.com\/#\/schema\/person\/0223dca19c72c43575bf30d1a2d8f4fa\",\"name\":\"Bilgin \u00d6z\u00e7ift\u00e7i\",\"image\":{\"@type\":\"ImageObject\",\"inLanguage\":\"fr-BE\",\"@id\":\"https:\/\/avrupapress.com\/#\/schema\/person\/image\/\",\"url\":\"https:\/\/secure.gravatar.com\/avatar\/0f23b280433a21e1ea7a0adcc46ed0ad16afe3ad8e630fd13d8a017dcbd54ef3?s=96&d=mm&r=g\",\"contentUrl\":\"https:\/\/secure.gravatar.com\/avatar\/0f23b280433a21e1ea7a0adcc46ed0ad16afe3ad8e630fd13d8a017dcbd54ef3?s=96&d=mm&r=g\",\"caption\":\"Bilgin \u00d6z\u00e7ift\u00e7i\"},\"logo\":{\"@id\":\"https:\/\/avrupapress.com\/#\/schema\/person\/image\/\"},\"description\":\"Ne ben, nede sen... Biz ancak \\\"biz\\\" olursak g\u00fc\u00e7l\u00fc olabiliriz\"},{\"@type\":\"Person\",\"@id\":\"https:\/\/avrupapress.com\/#\/schema\/person\/68428444ec60970d1e1b700cf4ca1e8f\",\"name\":\"Edit\u00f6r\",\"image\":{\"@type\":\"ImageObject\",\"inLanguage\":\"fr-BE\",\"@id\":\"https:\/\/avrupapress.com\/#\/schema\/person\/image\/\",\"url\":\"https:\/\/secure.gravatar.com\/avatar\/74996b0977aa5f1559ba9883776652508b229005c0d78fb2597897f0bd651c09?s=96&d=mm&r=g\",\"contentUrl\":\"https:\/\/secure.gravatar.com\/avatar\/74996b0977aa5f1559ba9883776652508b229005c0d78fb2597897f0bd651c09?s=96&d=mm&r=g\",\"caption\":\"Edit\u00f6r\"},\"sameAs\":[\"http:\/\/www.avrupapress.com\"],\"url\":\"https:\/\/avrupapress.com\/main\/author\/editor\/\"}]}<\/script>\n<!-- \/ Yoast SEO plugin. -->","yoast_head_json":{"title":"KERBELA, MUHARREM AYI VE GAZZE KERBELA'YI ANLAMAK - AvrupaPress","robots":{"index":"index","follow":"follow","max-snippet":"max-snippet:-1","max-image-preview":"max-image-preview:large","max-video-preview":"max-video-preview:-1"},"canonical":"https:\/\/avrupapress.com\/main\/2024\/07\/12\/kerbela-muharrem-ayi-ve-gazze-kerbelayi-anlamak\/","og_locale":"fr_FR","og_type":"article","og_title":"KERBELA, MUHARREM AYI VE GAZZE KERBELA'YI ANLAMAK - AvrupaPress","og_description":"CENNET MEKAN ERBAKAN&rsquo;IN YEN\u0130 B\u0130R D\u00dcNYA PROJES\u0130 KERBELA, MUHARREM AYI VE GAZZE KERBELA&rsquo;YI ANLAMAK B\u00e2t\u0131l&rsquo;dan Hak&rsquo;ka Hicret olan Hicri Y\u0131lba\u015f\u0131m\u0131z M\u00fcbarek olsun. Insanlar\u0131n mutlulu\u011fu, halka hizmet hakka hizmettir. Hepimiz bu d\u00fcnyada gelip ge\u00e7iciyiz. \u00a0D\u00fcnya var, ahiret var ve hesap g\u00fcn\u00fc var. Onun i\u00e7in bir insan\u0131n bu d\u00fcnyada b\u00fct\u00fcn di\u011fer insanlar\u0131n saadeti i\u00e7in \u00e7al\u0131\u015fmas\u0131 o insana [&hellip;]","og_url":"https:\/\/avrupapress.com\/main\/2024\/07\/12\/kerbela-muharrem-ayi-ve-gazze-kerbelayi-anlamak\/","og_site_name":"AvrupaPress","article_published_time":"2024-07-12T18:35:40+00:00","article_modified_time":"2024-07-12T18:37:22+00:00","og_image":[{"width":590,"height":547,"url":"https:\/\/avrupapress.com\/main\/wp-content\/uploads\/2024\/05\/thumbnail_IMG-20240516-WA0016-e1715887012983.jpg","type":"image\/jpeg"}],"author":"Edit\u00f6r","twitter_card":"summary_large_image","twitter_misc":{"\u00c9crit par":"Edit\u00f6r","Dur\u00e9e de lecture est.":"11 minutes"},"schema":{"@context":"https:\/\/schema.org","@graph":[{"@type":"Article","@id":"https:\/\/avrupapress.com\/main\/2024\/07\/12\/kerbela-muharrem-ayi-ve-gazze-kerbelayi-anlamak\/#article","isPartOf":{"@id":"https:\/\/avrupapress.com\/main\/2024\/07\/12\/kerbela-muharrem-ayi-ve-gazze-kerbelayi-anlamak\/"},"author":{"name":"Edit\u00f6r","@id":"https:\/\/avrupapress.com\/#\/schema\/person\/68428444ec60970d1e1b700cf4ca1e8f"},"headline":"KERBELA, MUHARREM AYI VE GAZZE KERBELA&rsquo;YI ANLAMAK","datePublished":"2024-07-12T18:35:40+00:00","dateModified":"2024-07-12T18:37:22+00:00","mainEntityOfPage":{"@id":"https:\/\/avrupapress.com\/main\/2024\/07\/12\/kerbela-muharrem-ayi-ve-gazze-kerbelayi-anlamak\/"},"wordCount":2847,"publisher":{"@id":"https:\/\/avrupapress.com\/#\/schema\/person\/0223dca19c72c43575bf30d1a2d8f4fa"},"image":{"@id":"https:\/\/avrupapress.com\/main\/2024\/07\/12\/kerbela-muharrem-ayi-ve-gazze-kerbelayi-anlamak\/#primaryimage"},"thumbnailUrl":"https:\/\/avrupapress.com\/main\/wp-content\/uploads\/2024\/05\/thumbnail_IMG-20240516-WA0016-e1715887012983.jpg","articleSection":["Avrupa","Bel\u00e7ika","D\u00fcnya","Ekonomi","K\u00fclt\u00fcr-Sanat","Spor","Tan\u0131t\u0131m","T\u00fcrkiye","Uncategorized"],"inLanguage":"fr-BE"},{"@type":"WebPage","@id":"https:\/\/avrupapress.com\/main\/2024\/07\/12\/kerbela-muharrem-ayi-ve-gazze-kerbelayi-anlamak\/","url":"https:\/\/avrupapress.com\/main\/2024\/07\/12\/kerbela-muharrem-ayi-ve-gazze-kerbelayi-anlamak\/","name":"KERBELA, MUHARREM AYI VE GAZZE KERBELA'YI ANLAMAK - AvrupaPress","isPartOf":{"@id":"https:\/\/avrupapress.com\/#website"},"primaryImageOfPage":{"@id":"https:\/\/avrupapress.com\/main\/2024\/07\/12\/kerbela-muharrem-ayi-ve-gazze-kerbelayi-anlamak\/#primaryimage"},"image":{"@id":"https:\/\/avrupapress.com\/main\/2024\/07\/12\/kerbela-muharrem-ayi-ve-gazze-kerbelayi-anlamak\/#primaryimage"},"thumbnailUrl":"https:\/\/avrupapress.com\/main\/wp-content\/uploads\/2024\/05\/thumbnail_IMG-20240516-WA0016-e1715887012983.jpg","datePublished":"2024-07-12T18:35:40+00:00","dateModified":"2024-07-12T18:37:22+00:00","breadcrumb":{"@id":"https:\/\/avrupapress.com\/main\/2024\/07\/12\/kerbela-muharrem-ayi-ve-gazze-kerbelayi-anlamak\/#breadcrumb"},"inLanguage":"fr-BE","potentialAction":[{"@type":"ReadAction","target":["https:\/\/avrupapress.com\/main\/2024\/07\/12\/kerbela-muharrem-ayi-ve-gazze-kerbelayi-anlamak\/"]}]},{"@type":"ImageObject","inLanguage":"fr-BE","@id":"https:\/\/avrupapress.com\/main\/2024\/07\/12\/kerbela-muharrem-ayi-ve-gazze-kerbelayi-anlamak\/#primaryimage","url":"https:\/\/avrupapress.com\/main\/wp-content\/uploads\/2024\/05\/thumbnail_IMG-20240516-WA0016-e1715887012983.jpg","contentUrl":"https:\/\/avrupapress.com\/main\/wp-content\/uploads\/2024\/05\/thumbnail_IMG-20240516-WA0016-e1715887012983.jpg","width":590,"height":547},{"@type":"BreadcrumbList","@id":"https:\/\/avrupapress.com\/main\/2024\/07\/12\/kerbela-muharrem-ayi-ve-gazze-kerbelayi-anlamak\/#breadcrumb","itemListElement":[{"@type":"ListItem","position":1,"name":"Anasayfa","item":"https:\/\/avrupapress.com\/"},{"@type":"ListItem","position":2,"name":"KERBELA, MUHARREM AYI VE GAZZE KERBELA&rsquo;YI ANLAMAK"}]},{"@type":"WebSite","@id":"https:\/\/avrupapress.com\/#website","url":"https:\/\/avrupapress.com\/","name":"AvrupaPress","description":"Haberin Adresi","publisher":{"@id":"https:\/\/avrupapress.com\/#\/schema\/person\/0223dca19c72c43575bf30d1a2d8f4fa"},"potentialAction":[{"@type":"SearchAction","target":{"@type":"EntryPoint","urlTemplate":"https:\/\/avrupapress.com\/?s={search_term_string}"},"query-input":{"@type":"PropertyValueSpecification","valueRequired":true,"valueName":"search_term_string"}}],"inLanguage":"fr-BE"},{"@type":["Person","Organization"],"@id":"https:\/\/avrupapress.com\/#\/schema\/person\/0223dca19c72c43575bf30d1a2d8f4fa","name":"Bilgin \u00d6z\u00e7ift\u00e7i","image":{"@type":"ImageObject","inLanguage":"fr-BE","@id":"https:\/\/avrupapress.com\/#\/schema\/person\/image\/","url":"https:\/\/secure.gravatar.com\/avatar\/0f23b280433a21e1ea7a0adcc46ed0ad16afe3ad8e630fd13d8a017dcbd54ef3?s=96&d=mm&r=g","contentUrl":"https:\/\/secure.gravatar.com\/avatar\/0f23b280433a21e1ea7a0adcc46ed0ad16afe3ad8e630fd13d8a017dcbd54ef3?s=96&d=mm&r=g","caption":"Bilgin \u00d6z\u00e7ift\u00e7i"},"logo":{"@id":"https:\/\/avrupapress.com\/#\/schema\/person\/image\/"},"description":"Ne ben, nede sen... Biz ancak \"biz\" olursak g\u00fc\u00e7l\u00fc olabiliriz"},{"@type":"Person","@id":"https:\/\/avrupapress.com\/#\/schema\/person\/68428444ec60970d1e1b700cf4ca1e8f","name":"Edit\u00f6r","image":{"@type":"ImageObject","inLanguage":"fr-BE","@id":"https:\/\/avrupapress.com\/#\/schema\/person\/image\/","url":"https:\/\/secure.gravatar.com\/avatar\/74996b0977aa5f1559ba9883776652508b229005c0d78fb2597897f0bd651c09?s=96&d=mm&r=g","contentUrl":"https:\/\/secure.gravatar.com\/avatar\/74996b0977aa5f1559ba9883776652508b229005c0d78fb2597897f0bd651c09?s=96&d=mm&r=g","caption":"Edit\u00f6r"},"sameAs":["http:\/\/www.avrupapress.com"],"url":"https:\/\/avrupapress.com\/main\/author\/editor\/"}]}},"_links":{"self":[{"href":"https:\/\/avrupapress.com\/main\/wp-json\/wp\/v2\/posts\/26545","targetHints":{"allow":["GET"]}}],"collection":[{"href":"https:\/\/avrupapress.com\/main\/wp-json\/wp\/v2\/posts"}],"about":[{"href":"https:\/\/avrupapress.com\/main\/wp-json\/wp\/v2\/types\/post"}],"author":[{"embeddable":true,"href":"https:\/\/avrupapress.com\/main\/wp-json\/wp\/v2\/users\/3"}],"replies":[{"embeddable":true,"href":"https:\/\/avrupapress.com\/main\/wp-json\/wp\/v2\/comments?post=26545"}],"version-history":[{"count":1,"href":"https:\/\/avrupapress.com\/main\/wp-json\/wp\/v2\/posts\/26545\/revisions"}],"predecessor-version":[{"id":26546,"href":"https:\/\/avrupapress.com\/main\/wp-json\/wp\/v2\/posts\/26545\/revisions\/26546"}],"wp:featuredmedia":[{"embeddable":true,"href":"https:\/\/avrupapress.com\/main\/wp-json\/wp\/v2\/media\/25922"}],"wp:attachment":[{"href":"https:\/\/avrupapress.com\/main\/wp-json\/wp\/v2\/media?parent=26545"}],"wp:term":[{"taxonomy":"category","embeddable":true,"href":"https:\/\/avrupapress.com\/main\/wp-json\/wp\/v2\/categories?post=26545"},{"taxonomy":"post_tag","embeddable":true,"href":"https:\/\/avrupapress.com\/main\/wp-json\/wp\/v2\/tags?post=26545"}],"curies":[{"name":"wp","href":"https:\/\/api.w.org\/{rel}","templated":true}]}}