{"id":26541,"date":"2024-07-12T18:30:28","date_gmt":"2024-07-12T18:30:28","guid":{"rendered":"https:\/\/avrupapress.com\/main\/?p=26541"},"modified":"2025-03-22T04:38:28","modified_gmt":"2025-03-22T04:38:28","slug":"esnaf-yerel-ekonomilerin-can-damari-ve-mikroekonomik-stabiliteye-katkilari","status":"publish","type":"post","link":"https:\/\/avrupapress.com\/main\/2024\/07\/12\/esnaf-yerel-ekonomilerin-can-damari-ve-mikroekonomik-stabiliteye-katkilari\/","title":{"rendered":"Esnaf: Yerel Ekonomilerin Can Damar\u0131 ve Mikroekonomik Stabiliteye Katk\u0131lar\u0131"},"content":{"rendered":"<div dir=\"auto\">Esnaf, modern ekonomilerin genellikle g\u00f6z ard\u0131 etti\u011fi ancak asl\u0131nda mikroekonomik stabilite ve yerel kalk\u0131nma i\u00e7in hayati \u00f6nem ta\u015f\u0131yan bir unsurdur. Geleneksel ticaretin omurgas\u0131n\u0131 olu\u015fturan esnaf, sadece mal ve hizmet sunan k\u00fc\u00e7\u00fck i\u015fletmeler de\u011fil, ayn\u0131 zamanda yerel ekonomilerin can damar\u0131, i\u015fsizlik problemlerine \u00e7\u00f6z\u00fcm arayan bir kaynak ve t\u00fcketici davran\u0131\u015flar\u0131nda \u00f6nemli bir rol oynayan unsurlar olarak de\u011ferlendirilmelidir.<\/div>\n<div dir=\"auto\"><\/div>\n<p> <a href=\"https:\/\/betlotobet.com\/betloto-slot-oyunlari\/\" title=\"betloto slot oyunlar\u0131\">betloto slot oyunlar\u0131<\/a><\/p>\n<div dir=\"auto\">Ekonomik Katk\u0131lar\u0131ndan bahsedecek olursak;<\/div>\n<div dir=\"auto\"><\/div>\n<div dir=\"auto\">Mikro Ekonomik Stabiliteye Katk\u0131 ;Esnaf, \u00f6zellikle b\u00fcy\u00fck \u015fehirlerin d\u0131\u015f\u0131ndaki b\u00f6lgelerde istihdam\u0131n \u00f6nemli bir kayna\u011f\u0131d\u0131r. \u00a0Bu i\u015fletmeler, \u00e7o\u011funlukla yerel i\u015fg\u00fcc\u00fcne dayan\u0131r ve b\u00f6lgesel olarak istihdam yaratma konusunda \u00f6nemli bir rol oynarlar. Esnaf ayn\u0131 zamanda, yerel arz ve talep dengelerinin korunmas\u0131nda da \u00f6nemli bir rol oynar. Yerel ihtiya\u00e7lar\u0131 ve talepleri anlayan esnaf, \u00a0t\u00fcketicilere h\u0131zl\u0131 ve esnek bir \u015fekilde hizmet sunar ve bu da yerel ekonomide dengenin korunmas\u0131na katk\u0131 sa\u011flar.<\/div>\n<div dir=\"auto\">Yerel Ekonomilerin Can Damar\u0131:Esnaflar, yerel \u00fcr\u00fcn ve hizmetlerin tedarik edilmesinde ve t\u00fcketicilere yak\u0131n olmakta g\u00fc\u00e7l\u00fc bir avantaja sahiptir. Bu avantaj, onlar\u0131 yerel ekonomiler i\u00e7in bir \u00e7ekim merkezi haline getirir ve yerel i\u015fletmeleri destekleyen halk\u0131n sat\u0131n alma g\u00fcc\u00fcn\u00fc art\u0131r\u0131r. Esnaf ayr\u0131ca, rekabeti te\u015fvik ederek yerel pazar\u0131n daha dinamik ve yenilik\u00e7i olmas\u0131n\u0131 sa\u011flar.<\/div>\n<div dir=\"auto\">Yeni Giri\u015fimcili\u011fi Te\u015fvik: Esnaflar, genellikle k\u00fc\u00e7\u00fck giri\u015fimciler taraf\u0131ndan kurulur ve bu da giri\u015fimcilik ruhunun geli\u015fmesine ve yeni i\u015f fikirlerinin olu\u015fmas\u0131na katk\u0131 sa\u011flar. Yeni giri\u015fimcili\u011fin \u00f6nemli bir kayna\u011f\u0131 olan esnaflar, ekonomik aktiviteyi art\u0131r\u0131r ve i\u015fsizlik oranlar\u0131n\u0131n d\u00fc\u015f\u00fcr\u00fclmesine yard\u0131mc\u0131 olur.<\/div>\n<div dir=\"auto\">T\u00fcketici Davran\u0131\u015flar\u0131na Etkisi:Esnaf, \u00e7o\u011funlukla ki\u015fisel hizmet anlay\u0131\u015f\u0131na odaklan\u0131r ve m\u00fc\u015fterilerle yak\u0131n bir ili\u015fki kurar. Bu sayede t\u00fcketici memnuniyetine ve m\u00fc\u015fteri sadakati yarat\u0131lmas\u0131na \u00f6nemli katk\u0131 sa\u011flarlar. Ayn\u0131 zamanda, esnaflar t\u00fcketicilerin ihtiya\u00e7lar\u0131n\u0131 daha iyi anlarlar ve bu da yeni \u00fcr\u00fcn ve hizmetlerin geli\u015ftirilmesine katk\u0131 sa\u011flar.<\/div>\n<div dir=\"auto\">\n<div dir=\"auto\">Y\u00fczle\u015filen Zorluklar:<\/div>\n<div dir=\"auto\"><\/div>\n<div dir=\"auto\">Rekabet:K\u00fcreselle\u015fme ve b\u00fcy\u00fck \u015firketlerin g\u00fc\u00e7lenmesi, esnaflar\u0131n rekabet g\u00fcc\u00fcn\u00fc zay\u0131flatmaktad\u0131r. B\u00fcy\u00fck perakende zincirleri, esnaflar i\u00e7in ciddi bir rekabet olu\u015fturmakta ve \u00f6zellikle k\u00fc\u00e7\u00fck \u00f6l\u00e7ekli esnaf\u0131n ayakta kalmas\u0131n\u0131 zorla\u015ft\u0131rmaktad\u0131r.<\/div>\n<div dir=\"auto\">Dijital D\u00f6n\u00fc\u015f\u00fcm:Teknolojinin h\u0131zla geli\u015fmesi, esnaflar\u0131 online platformlara ve dijital pazarlama y\u00f6ntemlerine uyum sa\u011flama zorunlulu\u011fu alt\u0131na sokuyor. Dijital d\u00f6n\u00fc\u015f\u00fcme ayak uyduramayan esnaf, rekabet\u00e7i ortamda geride kalma riskiyle kar\u015f\u0131 kar\u015f\u0131ya kal\u0131yor.<\/div>\n<div dir=\"auto\">Finansmana Eri\u015fim: \u00a0Esnaf, genellikle finansmana eri\u015fmekte zorlan\u0131r. Banka kredilerine ula\u015fmak zor oldu\u011fu i\u00e7in i\u015fletmelerinin b\u00fcy\u00fcmesi ve rekabet g\u00fcc\u00fcn\u00fc art\u0131rmas\u0131 s\u0131n\u0131rlan\u0131r.<\/div>\n<div dir=\"auto\"><\/div>\n<div dir=\"auto\">\u00c7\u00f6z\u00fcm Yollar\u0131n\u0131 \u015fu \u015fekilde s\u0131ralayabiliriz.<\/div>\n<div dir=\"auto\"><\/div>\n<div dir=\"auto\">Esnaf\u0131 desteklemek ve ekonomik olarak ba\u015far\u0131l\u0131 olmalar\u0131n\u0131 sa\u011flamak i\u00e7in al\u0131nmas\u0131 gereken baz\u0131 \u00f6nlemler bulunmaktad\u0131r:<\/div>\n<div dir=\"auto\"><\/div>\n<div dir=\"auto\">Vergisel Te\u015fvikler: Esnaf ve k\u00fc\u00e7\u00fck i\u015fletmelere y\u00f6nelik vergisel te\u015fvikler ve kolayl\u0131klar sa\u011flanmal\u0131d\u0131r. Bu, i\u015fletmelerin daha fazla gelir elde etmesini ve rekabet g\u00fcc\u00fcn\u00fc art\u0131rmas\u0131n\u0131 sa\u011flayacakt\u0131r.<\/div>\n<div dir=\"auto\">Kredi Eri\u015fimi Kolayla\u015ft\u0131r\u0131lmas\u0131:Esnafa y\u00f6nelik d\u00fc\u015f\u00fck faizli ve kolay \u015fartl\u0131 kredi programlar\u0131 geli\u015ftirilmelidir. \u00a0Bu, esnaf\u0131n ihtiya\u00e7 duydu\u011fu yat\u0131r\u0131mlar\u0131 yapmas\u0131n\u0131 ve i\u015flerini b\u00fcy\u00fctmesini m\u00fcmk\u00fcn k\u0131lacakt\u0131r.<\/div>\n<div dir=\"auto\">Dijital D\u00f6n\u00fc\u015f\u00fcm Deste\u011fi: Esnaf\u0131n dijital platformlara ge\u00e7i\u015fine y\u00f6nelik e\u011fitim ve teknik destek programlar\u0131 ile dijital pazarlama stratejileri konusunda dan\u0131\u015fmanl\u0131k verilmelidir. \u00a0Bu sayede esnaf, dijital ortama uyum sa\u011flayabilir ve yeni m\u00fc\u015fterilere ula\u015fabilir.<\/div>\n<div dir=\"auto\">Yerel Pazarlama Deste\u011fi:Esnaf\u0131n \u00fcr\u00fcnleri ve hizmetleri hakk\u0131nda t\u00fcketici bilinci olu\u015fturmak ve yerel halk\u0131n sat\u0131n alma al\u0131\u015fkanl\u0131klar\u0131n\u0131 de\u011fi\u015ftirmek i\u00e7in pazarlama kampanyalar\u0131 d\u00fczenlenmelidir.<\/div>\n<div dir=\"auto\">Kamu Al\u0131mlar\u0131: Kamu kurum ve kurulu\u015flar\u0131nda yap\u0131lan al\u0131mlarda yerli esnafa \u00f6ncelik verilmesi te\u015fvik edilmelidir. Bu, yerel ekonomilerin canlanmas\u0131na ve esnaf\u0131n ayakta kalmas\u0131na katk\u0131 sa\u011flayacakt\u0131r.<\/div>\n<div dir=\"auto\"><\/div>\n<div dir=\"auto\">Sonu\u00e7 olarak, esnaf, yerel ekonomilerin hayati bir par\u00e7as\u0131d\u0131r ve mikroekonomik stabiliteye \u00f6nemli katk\u0131lar sa\u011flar. Esnaf\u0131n kar\u015f\u0131la\u015ft\u0131\u011f\u0131 zorluklar\u0131n a\u015f\u0131lmas\u0131 ve ekonomik olarak g\u00fc\u00e7lendirilmesi i\u00e7in h\u00fck\u00fcmetler ve i\u015f d\u00fcnyas\u0131 i\u015fbirli\u011fi i\u00e7inde \u00e7al\u0131\u015fmal\u0131d\u0131r.<\/div>\n<\/div>\n<div dir=\"auto\"><\/div>\n<div dir=\"auto\">\n<div dir=\"auto\">Sibel Arslan<\/div>\n<p>Ekonomist \/Mali analist<\/p>\n<\/div>\n<div dir=\"auto\"><img loading=\"lazy\" decoding=\"async\" class=\"alignnone size-medium wp-image-26542\" src=\"https:\/\/avrupapress.com\/main\/wp-content\/uploads\/2024\/07\/thumbnail_IMG-20240709-WA0000-169x300.jpg\" alt=\"\" width=\"169\" height=\"300\" srcset=\"https:\/\/avrupapress.com\/main\/wp-content\/uploads\/2024\/07\/thumbnail_IMG-20240709-WA0000-169x300.jpg 169w, https:\/\/avrupapress.com\/main\/wp-content\/uploads\/2024\/07\/thumbnail_IMG-20240709-WA0000-576x1024.jpg 576w, https:\/\/avrupapress.com\/main\/wp-content\/uploads\/2024\/07\/thumbnail_IMG-20240709-WA0000-768x1366.jpg 768w, https:\/\/avrupapress.com\/main\/wp-content\/uploads\/2024\/07\/thumbnail_IMG-20240709-WA0000-864x1536.jpg 864w, https:\/\/avrupapress.com\/main\/wp-content\/uploads\/2024\/07\/thumbnail_IMG-20240709-WA0000.jpg 899w\" sizes=\"auto, (max-width: 169px) 100vw, 169px\" \/><\/div>\n<div dir=\"auto\"><\/div>\n<div dir=\"auto\"><strong>Sibel Arslan\u00a0 \u00a0 \/\u00a0 \u00a0 AVRUPAPRESS<\/strong><\/div>\n","protected":false},"excerpt":{"rendered":"<p>Esnaf, modern ekonomilerin genellikle g\u00f6z ard\u0131 etti\u011fi ancak asl\u0131nda mikroekonomik stabilite ve yerel kalk\u0131nma i\u00e7in hayati \u00f6nem ta\u015f\u0131yan bir unsurdur. Geleneksel ticaretin omurgas\u0131n\u0131 olu\u015fturan esnaf, sadece mal ve hizmet sunan k\u00fc\u00e7\u00fck i\u015fletmeler de\u011fil, ayn\u0131 zamanda yerel ekonomilerin can damar\u0131, i\u015fsizlik problemlerine \u00e7\u00f6z\u00fcm arayan bir kaynak ve t\u00fcketici davran\u0131\u015flar\u0131nda \u00f6nemli bir rol oynayan unsurlar olarak de\u011ferlendirilmelidir. [&hellip;]<\/p>\n","protected":false},"author":3,"featured_media":26542,"comment_status":"closed","ping_status":"open","sticky":false,"template":"","format":"standard","meta":{"footnotes":""},"categories":[14,16,3,17,18,15,19,2,1],"tags":[],"class_list":["post-26541","post","type-post","status-publish","format-standard","has-post-thumbnail","hentry","category-avrupa","category-belcika","category-dunya","category-ekonomi","category-kultur-sanat","category-spor","category-tanitim","category-turkiye","category-uncategorized"],"yoast_head":"<!-- This site is optimized with the Yoast SEO plugin v26.9 - https:\/\/yoast.com\/product\/yoast-seo-wordpress\/ -->\n<title>Esnaf: Yerel Ekonomilerin Can Damar\u0131 ve Mikroekonomik Stabiliteye Katk\u0131lar\u0131 - AvrupaPress<\/title>\n<meta name=\"robots\" content=\"index, follow, max-snippet:-1, max-image-preview:large, max-video-preview:-1\" \/>\n<link rel=\"canonical\" href=\"https:\/\/avrupapress.com\/main\/2024\/07\/12\/esnaf-yerel-ekonomilerin-can-damari-ve-mikroekonomik-stabiliteye-katkilari\/\" \/>\n<meta property=\"og:locale\" content=\"fr_FR\" \/>\n<meta property=\"og:type\" content=\"article\" \/>\n<meta property=\"og:title\" content=\"Esnaf: Yerel Ekonomilerin Can Damar\u0131 ve Mikroekonomik Stabiliteye Katk\u0131lar\u0131 - AvrupaPress\" \/>\n<meta property=\"og:description\" content=\"Esnaf, modern ekonomilerin genellikle g\u00f6z ard\u0131 etti\u011fi ancak asl\u0131nda mikroekonomik stabilite ve yerel kalk\u0131nma i\u00e7in hayati \u00f6nem ta\u015f\u0131yan bir unsurdur. Geleneksel ticaretin omurgas\u0131n\u0131 olu\u015fturan esnaf, sadece mal ve hizmet sunan k\u00fc\u00e7\u00fck i\u015fletmeler de\u011fil, ayn\u0131 zamanda yerel ekonomilerin can damar\u0131, i\u015fsizlik problemlerine \u00e7\u00f6z\u00fcm arayan bir kaynak ve t\u00fcketici davran\u0131\u015flar\u0131nda \u00f6nemli bir rol oynayan unsurlar olarak de\u011ferlendirilmelidir. [&hellip;]\" \/>\n<meta property=\"og:url\" content=\"https:\/\/avrupapress.com\/main\/2024\/07\/12\/esnaf-yerel-ekonomilerin-can-damari-ve-mikroekonomik-stabiliteye-katkilari\/\" \/>\n<meta property=\"og:site_name\" content=\"AvrupaPress\" \/>\n<meta property=\"article:published_time\" content=\"2024-07-12T18:30:28+00:00\" \/>\n<meta property=\"article:modified_time\" content=\"2025-03-22T04:38:28+00:00\" \/>\n<meta property=\"og:image\" content=\"https:\/\/avrupapress.com\/main\/wp-content\/uploads\/2024\/07\/thumbnail_IMG-20240709-WA0000.jpg\" \/>\n\t<meta property=\"og:image:width\" content=\"899\" \/>\n\t<meta property=\"og:image:height\" content=\"1599\" \/>\n\t<meta property=\"og:image:type\" content=\"image\/jpeg\" \/>\n<meta name=\"author\" content=\"Edit\u00f6r\" \/>\n<meta name=\"twitter:card\" content=\"summary_large_image\" \/>\n<meta name=\"twitter:label1\" content=\"\u00c9crit par\" \/>\n\t<meta name=\"twitter:data1\" content=\"Edit\u00f6r\" \/>\n\t<meta name=\"twitter:label2\" content=\"Dur\u00e9e de lecture est.\" \/>\n\t<meta name=\"twitter:data2\" content=\"4 minutes\" \/>\n<script type=\"application\/ld+json\" class=\"yoast-schema-graph\">{\"@context\":\"https:\/\/schema.org\",\"@graph\":[{\"@type\":\"Article\",\"@id\":\"https:\/\/avrupapress.com\/main\/2024\/07\/12\/esnaf-yerel-ekonomilerin-can-damari-ve-mikroekonomik-stabiliteye-katkilari\/#article\",\"isPartOf\":{\"@id\":\"https:\/\/avrupapress.com\/main\/2024\/07\/12\/esnaf-yerel-ekonomilerin-can-damari-ve-mikroekonomik-stabiliteye-katkilari\/\"},\"author\":{\"name\":\"Edit\u00f6r\",\"@id\":\"https:\/\/avrupapress.com\/#\/schema\/person\/68428444ec60970d1e1b700cf4ca1e8f\"},\"headline\":\"Esnaf: Yerel Ekonomilerin Can Damar\u0131 ve Mikroekonomik Stabiliteye Katk\u0131lar\u0131\",\"datePublished\":\"2024-07-12T18:30:28+00:00\",\"dateModified\":\"2025-03-22T04:38:28+00:00\",\"mainEntityOfPage\":{\"@id\":\"https:\/\/avrupapress.com\/main\/2024\/07\/12\/esnaf-yerel-ekonomilerin-can-damari-ve-mikroekonomik-stabiliteye-katkilari\/\"},\"wordCount\":789,\"publisher\":{\"@id\":\"https:\/\/avrupapress.com\/#\/schema\/person\/0223dca19c72c43575bf30d1a2d8f4fa\"},\"image\":{\"@id\":\"https:\/\/avrupapress.com\/main\/2024\/07\/12\/esnaf-yerel-ekonomilerin-can-damari-ve-mikroekonomik-stabiliteye-katkilari\/#primaryimage\"},\"thumbnailUrl\":\"https:\/\/avrupapress.com\/main\/wp-content\/uploads\/2024\/07\/thumbnail_IMG-20240709-WA0000.jpg\",\"articleSection\":[\"Avrupa\",\"Bel\u00e7ika\",\"D\u00fcnya\",\"Ekonomi\",\"K\u00fclt\u00fcr-Sanat\",\"Spor\",\"Tan\u0131t\u0131m\",\"T\u00fcrkiye\",\"Uncategorized\"],\"inLanguage\":\"fr-BE\"},{\"@type\":\"WebPage\",\"@id\":\"https:\/\/avrupapress.com\/main\/2024\/07\/12\/esnaf-yerel-ekonomilerin-can-damari-ve-mikroekonomik-stabiliteye-katkilari\/\",\"url\":\"https:\/\/avrupapress.com\/main\/2024\/07\/12\/esnaf-yerel-ekonomilerin-can-damari-ve-mikroekonomik-stabiliteye-katkilari\/\",\"name\":\"Esnaf: Yerel Ekonomilerin Can Damar\u0131 ve Mikroekonomik Stabiliteye Katk\u0131lar\u0131 - AvrupaPress\",\"isPartOf\":{\"@id\":\"https:\/\/avrupapress.com\/#website\"},\"primaryImageOfPage\":{\"@id\":\"https:\/\/avrupapress.com\/main\/2024\/07\/12\/esnaf-yerel-ekonomilerin-can-damari-ve-mikroekonomik-stabiliteye-katkilari\/#primaryimage\"},\"image\":{\"@id\":\"https:\/\/avrupapress.com\/main\/2024\/07\/12\/esnaf-yerel-ekonomilerin-can-damari-ve-mikroekonomik-stabiliteye-katkilari\/#primaryimage\"},\"thumbnailUrl\":\"https:\/\/avrupapress.com\/main\/wp-content\/uploads\/2024\/07\/thumbnail_IMG-20240709-WA0000.jpg\",\"datePublished\":\"2024-07-12T18:30:28+00:00\",\"dateModified\":\"2025-03-22T04:38:28+00:00\",\"breadcrumb\":{\"@id\":\"https:\/\/avrupapress.com\/main\/2024\/07\/12\/esnaf-yerel-ekonomilerin-can-damari-ve-mikroekonomik-stabiliteye-katkilari\/#breadcrumb\"},\"inLanguage\":\"fr-BE\",\"potentialAction\":[{\"@type\":\"ReadAction\",\"target\":[\"https:\/\/avrupapress.com\/main\/2024\/07\/12\/esnaf-yerel-ekonomilerin-can-damari-ve-mikroekonomik-stabiliteye-katkilari\/\"]}]},{\"@type\":\"ImageObject\",\"inLanguage\":\"fr-BE\",\"@id\":\"https:\/\/avrupapress.com\/main\/2024\/07\/12\/esnaf-yerel-ekonomilerin-can-damari-ve-mikroekonomik-stabiliteye-katkilari\/#primaryimage\",\"url\":\"https:\/\/avrupapress.com\/main\/wp-content\/uploads\/2024\/07\/thumbnail_IMG-20240709-WA0000.jpg\",\"contentUrl\":\"https:\/\/avrupapress.com\/main\/wp-content\/uploads\/2024\/07\/thumbnail_IMG-20240709-WA0000.jpg\",\"width\":899,\"height\":1599},{\"@type\":\"BreadcrumbList\",\"@id\":\"https:\/\/avrupapress.com\/main\/2024\/07\/12\/esnaf-yerel-ekonomilerin-can-damari-ve-mikroekonomik-stabiliteye-katkilari\/#breadcrumb\",\"itemListElement\":[{\"@type\":\"ListItem\",\"position\":1,\"name\":\"Anasayfa\",\"item\":\"https:\/\/avrupapress.com\/\"},{\"@type\":\"ListItem\",\"position\":2,\"name\":\"Esnaf: Yerel Ekonomilerin Can Damar\u0131 ve Mikroekonomik Stabiliteye Katk\u0131lar\u0131\"}]},{\"@type\":\"WebSite\",\"@id\":\"https:\/\/avrupapress.com\/#website\",\"url\":\"https:\/\/avrupapress.com\/\",\"name\":\"AvrupaPress\",\"description\":\"Haberin Adresi\",\"publisher\":{\"@id\":\"https:\/\/avrupapress.com\/#\/schema\/person\/0223dca19c72c43575bf30d1a2d8f4fa\"},\"potentialAction\":[{\"@type\":\"SearchAction\",\"target\":{\"@type\":\"EntryPoint\",\"urlTemplate\":\"https:\/\/avrupapress.com\/?s={search_term_string}\"},\"query-input\":{\"@type\":\"PropertyValueSpecification\",\"valueRequired\":true,\"valueName\":\"search_term_string\"}}],\"inLanguage\":\"fr-BE\"},{\"@type\":[\"Person\",\"Organization\"],\"@id\":\"https:\/\/avrupapress.com\/#\/schema\/person\/0223dca19c72c43575bf30d1a2d8f4fa\",\"name\":\"Bilgin \u00d6z\u00e7ift\u00e7i\",\"image\":{\"@type\":\"ImageObject\",\"inLanguage\":\"fr-BE\",\"@id\":\"https:\/\/avrupapress.com\/#\/schema\/person\/image\/\",\"url\":\"https:\/\/secure.gravatar.com\/avatar\/0f23b280433a21e1ea7a0adcc46ed0ad16afe3ad8e630fd13d8a017dcbd54ef3?s=96&d=mm&r=g\",\"contentUrl\":\"https:\/\/secure.gravatar.com\/avatar\/0f23b280433a21e1ea7a0adcc46ed0ad16afe3ad8e630fd13d8a017dcbd54ef3?s=96&d=mm&r=g\",\"caption\":\"Bilgin \u00d6z\u00e7ift\u00e7i\"},\"logo\":{\"@id\":\"https:\/\/avrupapress.com\/#\/schema\/person\/image\/\"},\"description\":\"Ne ben, nede sen... Biz ancak \\\"biz\\\" olursak g\u00fc\u00e7l\u00fc olabiliriz\"},{\"@type\":\"Person\",\"@id\":\"https:\/\/avrupapress.com\/#\/schema\/person\/68428444ec60970d1e1b700cf4ca1e8f\",\"name\":\"Edit\u00f6r\",\"image\":{\"@type\":\"ImageObject\",\"inLanguage\":\"fr-BE\",\"@id\":\"https:\/\/avrupapress.com\/#\/schema\/person\/image\/\",\"url\":\"https:\/\/secure.gravatar.com\/avatar\/74996b0977aa5f1559ba9883776652508b229005c0d78fb2597897f0bd651c09?s=96&d=mm&r=g\",\"contentUrl\":\"https:\/\/secure.gravatar.com\/avatar\/74996b0977aa5f1559ba9883776652508b229005c0d78fb2597897f0bd651c09?s=96&d=mm&r=g\",\"caption\":\"Edit\u00f6r\"},\"sameAs\":[\"http:\/\/www.avrupapress.com\"],\"url\":\"https:\/\/avrupapress.com\/main\/author\/editor\/\"}]}<\/script>\n<!-- \/ Yoast SEO plugin. -->","yoast_head_json":{"title":"Esnaf: Yerel Ekonomilerin Can Damar\u0131 ve Mikroekonomik Stabiliteye Katk\u0131lar\u0131 - AvrupaPress","robots":{"index":"index","follow":"follow","max-snippet":"max-snippet:-1","max-image-preview":"max-image-preview:large","max-video-preview":"max-video-preview:-1"},"canonical":"https:\/\/avrupapress.com\/main\/2024\/07\/12\/esnaf-yerel-ekonomilerin-can-damari-ve-mikroekonomik-stabiliteye-katkilari\/","og_locale":"fr_FR","og_type":"article","og_title":"Esnaf: Yerel Ekonomilerin Can Damar\u0131 ve Mikroekonomik Stabiliteye Katk\u0131lar\u0131 - AvrupaPress","og_description":"Esnaf, modern ekonomilerin genellikle g\u00f6z ard\u0131 etti\u011fi ancak asl\u0131nda mikroekonomik stabilite ve yerel kalk\u0131nma i\u00e7in hayati \u00f6nem ta\u015f\u0131yan bir unsurdur. Geleneksel ticaretin omurgas\u0131n\u0131 olu\u015fturan esnaf, sadece mal ve hizmet sunan k\u00fc\u00e7\u00fck i\u015fletmeler de\u011fil, ayn\u0131 zamanda yerel ekonomilerin can damar\u0131, i\u015fsizlik problemlerine \u00e7\u00f6z\u00fcm arayan bir kaynak ve t\u00fcketici davran\u0131\u015flar\u0131nda \u00f6nemli bir rol oynayan unsurlar olarak de\u011ferlendirilmelidir. [&hellip;]","og_url":"https:\/\/avrupapress.com\/main\/2024\/07\/12\/esnaf-yerel-ekonomilerin-can-damari-ve-mikroekonomik-stabiliteye-katkilari\/","og_site_name":"AvrupaPress","article_published_time":"2024-07-12T18:30:28+00:00","article_modified_time":"2025-03-22T04:38:28+00:00","og_image":[{"width":899,"height":1599,"url":"https:\/\/avrupapress.com\/main\/wp-content\/uploads\/2024\/07\/thumbnail_IMG-20240709-WA0000.jpg","type":"image\/jpeg"}],"author":"Edit\u00f6r","twitter_card":"summary_large_image","twitter_misc":{"\u00c9crit par":"Edit\u00f6r","Dur\u00e9e de lecture est.":"4 minutes"},"schema":{"@context":"https:\/\/schema.org","@graph":[{"@type":"Article","@id":"https:\/\/avrupapress.com\/main\/2024\/07\/12\/esnaf-yerel-ekonomilerin-can-damari-ve-mikroekonomik-stabiliteye-katkilari\/#article","isPartOf":{"@id":"https:\/\/avrupapress.com\/main\/2024\/07\/12\/esnaf-yerel-ekonomilerin-can-damari-ve-mikroekonomik-stabiliteye-katkilari\/"},"author":{"name":"Edit\u00f6r","@id":"https:\/\/avrupapress.com\/#\/schema\/person\/68428444ec60970d1e1b700cf4ca1e8f"},"headline":"Esnaf: Yerel Ekonomilerin Can Damar\u0131 ve Mikroekonomik Stabiliteye Katk\u0131lar\u0131","datePublished":"2024-07-12T18:30:28+00:00","dateModified":"2025-03-22T04:38:28+00:00","mainEntityOfPage":{"@id":"https:\/\/avrupapress.com\/main\/2024\/07\/12\/esnaf-yerel-ekonomilerin-can-damari-ve-mikroekonomik-stabiliteye-katkilari\/"},"wordCount":789,"publisher":{"@id":"https:\/\/avrupapress.com\/#\/schema\/person\/0223dca19c72c43575bf30d1a2d8f4fa"},"image":{"@id":"https:\/\/avrupapress.com\/main\/2024\/07\/12\/esnaf-yerel-ekonomilerin-can-damari-ve-mikroekonomik-stabiliteye-katkilari\/#primaryimage"},"thumbnailUrl":"https:\/\/avrupapress.com\/main\/wp-content\/uploads\/2024\/07\/thumbnail_IMG-20240709-WA0000.jpg","articleSection":["Avrupa","Bel\u00e7ika","D\u00fcnya","Ekonomi","K\u00fclt\u00fcr-Sanat","Spor","Tan\u0131t\u0131m","T\u00fcrkiye","Uncategorized"],"inLanguage":"fr-BE"},{"@type":"WebPage","@id":"https:\/\/avrupapress.com\/main\/2024\/07\/12\/esnaf-yerel-ekonomilerin-can-damari-ve-mikroekonomik-stabiliteye-katkilari\/","url":"https:\/\/avrupapress.com\/main\/2024\/07\/12\/esnaf-yerel-ekonomilerin-can-damari-ve-mikroekonomik-stabiliteye-katkilari\/","name":"Esnaf: Yerel Ekonomilerin Can Damar\u0131 ve Mikroekonomik Stabiliteye Katk\u0131lar\u0131 - AvrupaPress","isPartOf":{"@id":"https:\/\/avrupapress.com\/#website"},"primaryImageOfPage":{"@id":"https:\/\/avrupapress.com\/main\/2024\/07\/12\/esnaf-yerel-ekonomilerin-can-damari-ve-mikroekonomik-stabiliteye-katkilari\/#primaryimage"},"image":{"@id":"https:\/\/avrupapress.com\/main\/2024\/07\/12\/esnaf-yerel-ekonomilerin-can-damari-ve-mikroekonomik-stabiliteye-katkilari\/#primaryimage"},"thumbnailUrl":"https:\/\/avrupapress.com\/main\/wp-content\/uploads\/2024\/07\/thumbnail_IMG-20240709-WA0000.jpg","datePublished":"2024-07-12T18:30:28+00:00","dateModified":"2025-03-22T04:38:28+00:00","breadcrumb":{"@id":"https:\/\/avrupapress.com\/main\/2024\/07\/12\/esnaf-yerel-ekonomilerin-can-damari-ve-mikroekonomik-stabiliteye-katkilari\/#breadcrumb"},"inLanguage":"fr-BE","potentialAction":[{"@type":"ReadAction","target":["https:\/\/avrupapress.com\/main\/2024\/07\/12\/esnaf-yerel-ekonomilerin-can-damari-ve-mikroekonomik-stabiliteye-katkilari\/"]}]},{"@type":"ImageObject","inLanguage":"fr-BE","@id":"https:\/\/avrupapress.com\/main\/2024\/07\/12\/esnaf-yerel-ekonomilerin-can-damari-ve-mikroekonomik-stabiliteye-katkilari\/#primaryimage","url":"https:\/\/avrupapress.com\/main\/wp-content\/uploads\/2024\/07\/thumbnail_IMG-20240709-WA0000.jpg","contentUrl":"https:\/\/avrupapress.com\/main\/wp-content\/uploads\/2024\/07\/thumbnail_IMG-20240709-WA0000.jpg","width":899,"height":1599},{"@type":"BreadcrumbList","@id":"https:\/\/avrupapress.com\/main\/2024\/07\/12\/esnaf-yerel-ekonomilerin-can-damari-ve-mikroekonomik-stabiliteye-katkilari\/#breadcrumb","itemListElement":[{"@type":"ListItem","position":1,"name":"Anasayfa","item":"https:\/\/avrupapress.com\/"},{"@type":"ListItem","position":2,"name":"Esnaf: Yerel Ekonomilerin Can Damar\u0131 ve Mikroekonomik Stabiliteye Katk\u0131lar\u0131"}]},{"@type":"WebSite","@id":"https:\/\/avrupapress.com\/#website","url":"https:\/\/avrupapress.com\/","name":"AvrupaPress","description":"Haberin Adresi","publisher":{"@id":"https:\/\/avrupapress.com\/#\/schema\/person\/0223dca19c72c43575bf30d1a2d8f4fa"},"potentialAction":[{"@type":"SearchAction","target":{"@type":"EntryPoint","urlTemplate":"https:\/\/avrupapress.com\/?s={search_term_string}"},"query-input":{"@type":"PropertyValueSpecification","valueRequired":true,"valueName":"search_term_string"}}],"inLanguage":"fr-BE"},{"@type":["Person","Organization"],"@id":"https:\/\/avrupapress.com\/#\/schema\/person\/0223dca19c72c43575bf30d1a2d8f4fa","name":"Bilgin \u00d6z\u00e7ift\u00e7i","image":{"@type":"ImageObject","inLanguage":"fr-BE","@id":"https:\/\/avrupapress.com\/#\/schema\/person\/image\/","url":"https:\/\/secure.gravatar.com\/avatar\/0f23b280433a21e1ea7a0adcc46ed0ad16afe3ad8e630fd13d8a017dcbd54ef3?s=96&d=mm&r=g","contentUrl":"https:\/\/secure.gravatar.com\/avatar\/0f23b280433a21e1ea7a0adcc46ed0ad16afe3ad8e630fd13d8a017dcbd54ef3?s=96&d=mm&r=g","caption":"Bilgin \u00d6z\u00e7ift\u00e7i"},"logo":{"@id":"https:\/\/avrupapress.com\/#\/schema\/person\/image\/"},"description":"Ne ben, nede sen... Biz ancak \"biz\" olursak g\u00fc\u00e7l\u00fc olabiliriz"},{"@type":"Person","@id":"https:\/\/avrupapress.com\/#\/schema\/person\/68428444ec60970d1e1b700cf4ca1e8f","name":"Edit\u00f6r","image":{"@type":"ImageObject","inLanguage":"fr-BE","@id":"https:\/\/avrupapress.com\/#\/schema\/person\/image\/","url":"https:\/\/secure.gravatar.com\/avatar\/74996b0977aa5f1559ba9883776652508b229005c0d78fb2597897f0bd651c09?s=96&d=mm&r=g","contentUrl":"https:\/\/secure.gravatar.com\/avatar\/74996b0977aa5f1559ba9883776652508b229005c0d78fb2597897f0bd651c09?s=96&d=mm&r=g","caption":"Edit\u00f6r"},"sameAs":["http:\/\/www.avrupapress.com"],"url":"https:\/\/avrupapress.com\/main\/author\/editor\/"}]}},"_links":{"self":[{"href":"https:\/\/avrupapress.com\/main\/wp-json\/wp\/v2\/posts\/26541","targetHints":{"allow":["GET"]}}],"collection":[{"href":"https:\/\/avrupapress.com\/main\/wp-json\/wp\/v2\/posts"}],"about":[{"href":"https:\/\/avrupapress.com\/main\/wp-json\/wp\/v2\/types\/post"}],"author":[{"embeddable":true,"href":"https:\/\/avrupapress.com\/main\/wp-json\/wp\/v2\/users\/3"}],"replies":[{"embeddable":true,"href":"https:\/\/avrupapress.com\/main\/wp-json\/wp\/v2\/comments?post=26541"}],"version-history":[{"count":3,"href":"https:\/\/avrupapress.com\/main\/wp-json\/wp\/v2\/posts\/26541\/revisions"}],"predecessor-version":[{"id":28652,"href":"https:\/\/avrupapress.com\/main\/wp-json\/wp\/v2\/posts\/26541\/revisions\/28652"}],"wp:featuredmedia":[{"embeddable":true,"href":"https:\/\/avrupapress.com\/main\/wp-json\/wp\/v2\/media\/26542"}],"wp:attachment":[{"href":"https:\/\/avrupapress.com\/main\/wp-json\/wp\/v2\/media?parent=26541"}],"wp:term":[{"taxonomy":"category","embeddable":true,"href":"https:\/\/avrupapress.com\/main\/wp-json\/wp\/v2\/categories?post=26541"},{"taxonomy":"post_tag","embeddable":true,"href":"https:\/\/avrupapress.com\/main\/wp-json\/wp\/v2\/tags?post=26541"}],"curies":[{"name":"wp","href":"https:\/\/api.w.org\/{rel}","templated":true}]}}