{"id":25609,"date":"2024-03-25T21:24:00","date_gmt":"2024-03-25T21:24:00","guid":{"rendered":"https:\/\/avrupapress.com\/main\/?p=25609"},"modified":"2024-04-04T01:09:38","modified_gmt":"2024-04-04T01:09:38","slug":"kgk-ucuncu-iftar-bulusmasi-osmaniyedeydi","status":"publish","type":"post","link":"https:\/\/avrupapress.com\/main\/2024\/03\/25\/kgk-ucuncu-iftar-bulusmasi-osmaniyedeydi\/","title":{"rendered":"KGK, \u00fc\u00e7\u00fcnc\u00fc iftar bulu\u015fmas\u0131 Osmaniye\u2019deydi"},"content":{"rendered":"<p><strong>K\u00fcresel Gazeteciler Konseyi (KGK) Do\u011fu Akdeniz b\u00f6lgesinden 7 il temsilcisi ve bas\u0131n mensuplar\u0131n\u0131 Osmaniye\u2019deki iftar program\u0131nda bulu\u015fturdu<\/strong>.<\/p>\n<div dir=\"auto\">\n<div dir=\"auto\"><strong>K\u00dcRESEL<\/strong> Gazeteciler Konseyi (KGK)\u2018nin geleneksel olarak d\u00fczenledi\u011fi b\u00f6lgesel iftar yeme\u011fine bu y\u0131l Osmaniye Gazeteciler Cemiyeti ev sahipli\u011finde yapt\u0131. \u0130ftara, K\u00fcresel Gazeteciler Konseyi Genel Ba\u015fkan\u0131 Mehmet Ali Dim, Osmaniye Gazeteciler Cemiyeti Ba\u015fkan\u0131 ve KGK \u0130l Temsilcisi \u0130srafil Avc\u0131, T\u00fcrk D\u00fcnyas\u0131 Gazeteciler Federasyonu Genel Ba\u015fkan\u0131 Menderes Demir, il temsilcileri Meral Ay (Gaziantep), Faruk Aytemur (K. Mara\u015f), Abdullah Bi\u00e7er (Mersin) ile Adana, Mersin, Hatay, Kahramanmara\u015f, Gaziantep ve Kilis\u2019ten \u00fcye ve medya mensuplar\u0131n\u0131n yan\u0131 s\u0131ra Osmaniye\u2019deki gazete sahipleri de kat\u0131ld\u0131.<\/div>\n<div dir=\"auto\">\u0130ftar sonras\u0131 bir konu\u015fma yapan Osmaniye Gazeteciler Cemiyeti Ba\u015fkan\u0131 ve KGK \u0130l Temsilcisi \u0130srafil Avc\u0131,\u2019\u20196 \u015eubat Kahramanmara\u015f merkezi depremde en \u00e7ok etkilenen illerden bir tanesi de Osmaniye&rsquo;miz, maalesef bir\u00e7ok y\u0131k\u0131m\u0131 ger\u00e7ekle\u015fen bina oldu, bir\u00e7ok can kayb\u0131m\u0131z oldu. 31 Mart&rsquo;ta yap\u0131lacak mahalli idareler se\u00e7imleri nedeniyle siyasilerin de Ramazan nedeniyle iftar vermesi m\u00fcnasebetiyle salonlar\u0131m\u0131z biraz dar olsa da g\u00f6nl\u00fcm\u00fcz kalbimiz sizlere her zaman a\u00e7\u0131k ve \u00e7ok geni\u015f her zaman sizleri misafir etmekten onur duyar\u0131z. Ramazan ay\u0131 birlik beraberli\u011fimizin peki\u015fti\u011fi, karde\u015flik duygular\u0131n\u0131n artt\u0131\u011f\u0131 \u00f6zel bir ay sizleri Osmaniye&rsquo;de misafir etmek bizim i\u00e7in bir onur.\u2019\u2019 diye konu\u015ftu.<\/div>\n<div style=\"overflow: auto; position: absolute; height: 0pt; width: 0pt;\">\n<a href=\"http:\/\/www.ankaraaltin.com\/\" title=\"ankara escort\">ankara escort<\/a><br \/>\n<a href=\"http:\/\/www.adanashell.com\/\" title=\"adana escort\">adana escort<\/a><br \/>\n<a href=\"http:\/\/www.eryamanrentacar.com\/\" title=\"eryaman escort\">eryaman escort<\/a><br \/>\n<a href=\"http:\/\/www.cankayadans.com\/\" title=\"\u00e7ankaya escort\">\u00e7ankaya escort<\/a>\n<\/div>\n<div dir=\"auto\" aria-hidden=\"true\"><\/div>\n<div dir=\"auto\"><strong>D\u0130M: SANCILI B\u0130R S\u00dcRE\u00c7<\/strong><\/div>\n<div dir=\"auto\" aria-hidden=\"true\"><\/div>\n<div dir=\"auto\">\u201cAnadolu bas\u0131n\u0131n\u0131 etkileyen dijital d\u00f6n\u00fc\u015f\u00fcm\u00fc birlikte ya\u015f\u0131yoruz bunun sanc\u0131lar\u0131n\u0131 da birlikte \u00e7ekiyoruz\u201d diyerek konu\u015fmas\u0131na ba\u015flayan K\u00fcresel Gazeteciler Konseyi Genel Ba\u015fkan\u0131 Mehmet Ali Dim \u00ab\u00a0\u015eu anda dijitalle\u015fme ile birlikte bas\u0131n sekt\u00f6r\u00fcnde de\u011fi\u015fimler ya\u015fand\u0131. Bu de\u011fi\u015fim bir reform niteli\u011finde ve sanc\u0131l\u0131 olaca\u011f\u0131 belliydi. Bunun b\u00f6yle olaca\u011f\u0131n\u0131 \u00e7ok \u00f6nceden \u00f6n g\u00f6rebiliyorduk. Daha adil ve k\u00fc\u00e7\u00fck-b\u00fcy\u00fck herkesin can suyu ald\u0131\u011f\u0131 bir resmi ilan da\u011f\u0131t\u0131m sistemi elbette olabilir. Bunun i\u00e7in gayretimiz s\u00fcr\u00fcyor. \u00dcz\u00fclerek ifade edeyim, yaz\u0131l\u0131 bas\u0131n\u0131n da devam\u0131 olmayacak. E-gazete denilen elektronik ortamda yay\u0131nlanan gazeteler yayg\u0131nla\u015facak.\u00a0\u00bb dedi.<\/div>\n<div dir=\"auto\" aria-hidden=\"true\"><\/div>\n<div dir=\"auto\"><strong>\u201cSOSYAL MEDYA SORUNU\u201d<\/strong><\/div>\n<div dir=\"auto\" aria-hidden=\"true\"><\/div>\n<div dir=\"auto\">Bas\u0131n \u0130lan Kurumu Genel Kurul \u00fcyesi olarak dijital d\u00f6n\u00fc\u015f\u00fcmle ilgili ya\u015fan\u0131lan sorunlar\u0131 genel kurulda dile getirdi\u011fini s\u00f6yleyen Dim,\u2019\u2019 Genel kurulu \u00fcyesi olarak sizleri temsil eden, orada bulunan ki\u015fi olarak, ki oylar\u0131n\u0131zla destek verdiniz bana, sizler se\u00e7tiniz, g\u00f6nderdiniz. Ben de orada bulundu\u011fum s\u00fcre i\u00e7erisinde tabii ki sizlerin \u00f6zellikle bu dijital d\u00f6n\u00fc\u015f\u00fcmle ilgili ya\u015fad\u0131\u011f\u0131n\u0131z sorunlar\u0131 en yak\u0131ndan bilen ki\u015fi olarak her genel kurulda taleplerinizi ilgilisine iletiyorum. Bu konudaki \u015fikayetleri dile getiriyorum, talepleri dile getiriyorum. Bu s\u00fcrecin sanc\u0131s\u0131z atlat\u0131lmas\u0131n\u0131n m\u00fcmk\u00fcn olmad\u0131\u011f\u0131n\u0131 da \u00e7ok iyi biliyorum. Bunun \u00f6ncesinde \u00f6zellikle \u015fu an geleneksel medyay\u0131 tehdit eden ba\u015fka bir fakt\u00f6rden bahsetmek istiyorum. Bildi\u011finiz gibi sosyal medya \u015fu anda geleneksel medyan\u0131n \u00f6n\u00fcne ge\u00e7mi\u015f durumda, e\u011fer sizler de sosyal medya kullan\u0131yorsan\u0131z bunu \u00e7ok iyi g\u00f6zlemliyorsunuzdur. Bir tweet at\u0131yorsunuz ya da bir Facebook payla\u015f\u0131m\u0131 yap\u0131yorsunuz ya da Instagram payla\u015f\u0131m\u0131 yap\u0131yorsunuz, binlerce ki\u015fiye ula\u015f\u0131yorsunuz ama geleneksel medyada bir haber yazmak, o haberi olu\u015fturmak, haberi payla\u015fmak bunlar elbette me\u015fakkatli bir s\u00fcre\u00e7 ama sosyal medyada bunu birka\u00e7 saniye i\u00e7inde veya dakikalar i\u00e7inde yapabiliyorsunuz.\u2019\u2019 dedi.<\/div>\n<div dir=\"auto\" aria-hidden=\"true\"><\/div>\n<div dir=\"auto\"><strong>\u201cSOSYAL MEDYA FAST FOOD G\u0130B\u0130\u201d<\/strong><\/div>\n<div dir=\"auto\" aria-hidden=\"true\"><\/div>\n<div dir=\"auto\">Sosyal medyan\u0131n etkisini kendi haber sitenize trafik olarak aktarmal\u0131s\u0131n\u0131z diyen Dim,\u2019\u2019McDonald&rsquo;s&rsquo;a gidip hamburger almak, yan\u0131nda cips almak gibi. Ama geleneksel medya bir restorana gidip, ona alakart diyoruz, masaya oturup men\u00fcy\u00fc isteyip, garsonu \u00e7a\u011f\u0131r\u0131p i\u015fte hangisini yiyeyim, garsona fikir sormak, gerekirse a\u015f\u00e7\u0131y\u0131 \u00e7a\u011f\u0131r\u0131p, ya a\u015f\u00e7\u0131ya \u201cen g\u00fczel neyi yapars\u0131n\u201d demek de\u011fil mi. B\u00f6yle daha \u00e7ok zamana ihtiya\u00e7 olan bir \u015fey. Geleneksel medya olmazsa olmaz\u0131m\u0131z ama sosyal medya \u015fu anda geleneksel medyay\u0131 tehdit eden bir unsur haline geldi. Benim \u00fcz\u00fcld\u00fc\u011f\u00fcm bir \u015fey var ve bir\u00e7ok meslekta\u015f\u0131m\u0131za da bunu s\u00f6yl\u00fcyorum. Meslekta\u015flar\u0131m\u0131z da sosyal medya kullan\u0131c\u0131lar\u0131 ama g\u00f6r\u00fcyorum ki bizim meslekta\u015flar\u0131m\u0131z da belki sizin i\u00e7inizde de vard\u0131r, bunlar ki bunu yapmay\u0131n diyece\u011fim, rica edece\u011fim sizden, sosyal medyada haber payla\u015f\u0131m\u0131 yapmay\u0131n. Haberlerinizi l\u00fctfen kendi sitenize haber olarak kullan\u0131n, gazetenize kullan\u0131n. M\u00fcmk\u00fcnse sosyal medyada k\u00fc\u00e7\u00fck bir ba\u015fl\u0131kla link payla\u015f\u0131m\u0131 yap\u0131n. Sosyal medyan\u0131n etkisini kendi sitenize, haber sitenize trafik olarak alabilmelisiniz. Bizim arkada\u015flar\u0131m\u0131z maalesef haberi direkt sosyal medyada yaz\u0131yorlar. Twitter&rsquo;da \u00f6zellikle eski ad\u0131yla Twitter, X&rsquo;te ve Facebook\u2019ta s\u0131n\u0131rlama da yok istedi\u011finiz kadar metni oraya koyabiliyorsunuz. Facebook\u2019ta veya X&rsquo;te yay\u0131nlanan haberin, size ne gibi bir katk\u0131s\u0131 var arkada\u015flar, maddi olarak bir getirisi var m\u0131? Birinde Elon Musk al\u0131yor, di\u011ferinde Mark Zuckerberg al\u0131yor paray\u0131 ve sizin \u00fczerinizden para kazan\u0131yorlar.\u2019\u2019 dedi.<\/div>\n<p>Son b\u00f6l\u00fcmde kat\u0131l\u0131mc\u0131lardan gelen sorunlar\u0131 cevaplayan Dim, \u201cZor da olsa bu s\u00fcreci atlataca\u011f\u0131z. Bizim bir araya gelmemize vesile olan Ramazan ay\u0131 i\u00e7in Cenab-\u0131 Hak\u2019ka \u015f\u00fckredelim. Ev sahipli\u011fi i\u00e7in \u0130srafil Avc\u0131 ba\u015fkan\u0131m\u0131za da ayr\u0131ca \u00e7ok te\u015fekk\u00fcr ederim\u201d diyerek s\u00f6zlerini tamamlad\u0131.<\/p>\n<\/div>\n<div dir=\"auto\"><img loading=\"lazy\" decoding=\"async\" class=\"alignnone size-medium wp-image-25614\" src=\"https:\/\/avrupapress.com\/main\/wp-content\/uploads\/2024\/03\/IMG-20240325-WA0008-300x225.jpg\" alt=\"\" width=\"300\" height=\"225\" srcset=\"https:\/\/avrupapress.com\/main\/wp-content\/uploads\/2024\/03\/IMG-20240325-WA0008-300x225.jpg 300w, https:\/\/avrupapress.com\/main\/wp-content\/uploads\/2024\/03\/IMG-20240325-WA0008-768x576.jpg 768w, https:\/\/avrupapress.com\/main\/wp-content\/uploads\/2024\/03\/IMG-20240325-WA0008.jpg 1024w\" sizes=\"auto, (max-width: 300px) 100vw, 300px\" \/><\/div>\n<div dir=\"auto\"><img loading=\"lazy\" decoding=\"async\" class=\"alignnone size-medium wp-image-25613\" src=\"https:\/\/avrupapress.com\/main\/wp-content\/uploads\/2024\/03\/IMG-20240325-WA0009-300x172.jpg\" alt=\"\" width=\"300\" height=\"172\" srcset=\"https:\/\/avrupapress.com\/main\/wp-content\/uploads\/2024\/03\/IMG-20240325-WA0009-300x172.jpg 300w, https:\/\/avrupapress.com\/main\/wp-content\/uploads\/2024\/03\/IMG-20240325-WA0009-768x440.jpg 768w, https:\/\/avrupapress.com\/main\/wp-content\/uploads\/2024\/03\/IMG-20240325-WA0009.jpg 1024w\" sizes=\"auto, (max-width: 300px) 100vw, 300px\" \/><\/div>\n<div dir=\"auto\"><\/div>\n<div dir=\"auto\"><\/div>\n<div dir=\"auto\"><img loading=\"lazy\" decoding=\"async\" class=\"alignnone size-medium wp-image-25610\" src=\"https:\/\/avrupapress.com\/main\/wp-content\/uploads\/2024\/03\/IMG-20240325-WA0002-300x225.jpg\" alt=\"\" width=\"300\" height=\"225\" srcset=\"https:\/\/avrupapress.com\/main\/wp-content\/uploads\/2024\/03\/IMG-20240325-WA0002-300x225.jpg 300w, https:\/\/avrupapress.com\/main\/wp-content\/uploads\/2024\/03\/IMG-20240325-WA0002-1024x768.jpg 1024w, https:\/\/avrupapress.com\/main\/wp-content\/uploads\/2024\/03\/IMG-20240325-WA0002-768x576.jpg 768w, https:\/\/avrupapress.com\/main\/wp-content\/uploads\/2024\/03\/IMG-20240325-WA0002-1536x1152.jpg 1536w, https:\/\/avrupapress.com\/main\/wp-content\/uploads\/2024\/03\/IMG-20240325-WA0002.jpg 1600w\" sizes=\"auto, (max-width: 300px) 100vw, 300px\" \/><img loading=\"lazy\" decoding=\"async\" class=\"alignnone size-medium wp-image-25611\" src=\"https:\/\/avrupapress.com\/main\/wp-content\/uploads\/2024\/03\/IMG-20240325-WA0011-300x225.jpg\" alt=\"\" width=\"300\" height=\"225\" srcset=\"https:\/\/avrupapress.com\/main\/wp-content\/uploads\/2024\/03\/IMG-20240325-WA0011-300x225.jpg 300w, https:\/\/avrupapress.com\/main\/wp-content\/uploads\/2024\/03\/IMG-20240325-WA0011-768x576.jpg 768w, https:\/\/avrupapress.com\/main\/wp-content\/uploads\/2024\/03\/IMG-20240325-WA0011.jpg 1024w\" sizes=\"auto, (max-width: 300px) 100vw, 300px\" \/><\/div>\n<div dir=\"auto\"><img loading=\"lazy\" decoding=\"async\" class=\"alignnone size-medium wp-image-25615\" src=\"https:\/\/avrupapress.com\/main\/wp-content\/uploads\/2024\/03\/IMG-20240325-WA0007-300x225.jpg\" alt=\"\" width=\"300\" height=\"225\" srcset=\"https:\/\/avrupapress.com\/main\/wp-content\/uploads\/2024\/03\/IMG-20240325-WA0007-300x225.jpg 300w, https:\/\/avrupapress.com\/main\/wp-content\/uploads\/2024\/03\/IMG-20240325-WA0007-1024x768.jpg 1024w, https:\/\/avrupapress.com\/main\/wp-content\/uploads\/2024\/03\/IMG-20240325-WA0007-768x576.jpg 768w, https:\/\/avrupapress.com\/main\/wp-content\/uploads\/2024\/03\/IMG-20240325-WA0007-1536x1152.jpg 1536w, https:\/\/avrupapress.com\/main\/wp-content\/uploads\/2024\/03\/IMG-20240325-WA0007.jpg 1600w\" sizes=\"auto, (max-width: 300px) 100vw, 300px\" \/><\/div>\n<div dir=\"auto\"><img loading=\"lazy\" decoding=\"async\" class=\"alignnone size-medium wp-image-25616\" src=\"https:\/\/avrupapress.com\/main\/wp-content\/uploads\/2024\/03\/IMG-20240325-WA0003-300x225.jpg\" alt=\"\" width=\"300\" height=\"225\" srcset=\"https:\/\/avrupapress.com\/main\/wp-content\/uploads\/2024\/03\/IMG-20240325-WA0003-300x225.jpg 300w, https:\/\/avrupapress.com\/main\/wp-content\/uploads\/2024\/03\/IMG-20240325-WA0003-1024x768.jpg 1024w, https:\/\/avrupapress.com\/main\/wp-content\/uploads\/2024\/03\/IMG-20240325-WA0003-768x576.jpg 768w, https:\/\/avrupapress.com\/main\/wp-content\/uploads\/2024\/03\/IMG-20240325-WA0003-1536x1152.jpg 1536w, https:\/\/avrupapress.com\/main\/wp-content\/uploads\/2024\/03\/IMG-20240325-WA0003.jpg 2048w\" sizes=\"auto, (max-width: 300px) 100vw, 300px\" \/><\/div>\n<div dir=\"auto\"><\/div>\n<div dir=\"auto\"><\/div>\n<div dir=\"auto\"><strong>Dortyol\u00a0 Dogus Gazetesi\u00a0\u00a0<\/strong><\/div>\n<div dir=\"auto\"><\/div>\n<div dir=\"auto\"><strong>Esma Koral\u00a0 \u00a0 \u00a0\/\u00a0 \u00a0 \u00a0AVEUPAPRESS<\/strong><\/div>\n<div id=\"x_ms-outlook-mobile-signature\" dir=\"auto\">\n<div><\/div>\n<\/div>\n","protected":false},"excerpt":{"rendered":"<p>K\u00fcresel Gazeteciler Konseyi (KGK) Do\u011fu Akdeniz b\u00f6lgesinden 7 il temsilcisi ve bas\u0131n mensuplar\u0131n\u0131 Osmaniye\u2019deki iftar program\u0131nda bulu\u015fturdu. K\u00dcRESEL Gazeteciler Konseyi (KGK)\u2018nin geleneksel olarak d\u00fczenledi\u011fi b\u00f6lgesel iftar yeme\u011fine bu y\u0131l Osmaniye Gazeteciler Cemiyeti ev sahipli\u011finde yapt\u0131. \u0130ftara, K\u00fcresel Gazeteciler Konseyi Genel Ba\u015fkan\u0131 Mehmet Ali Dim, Osmaniye Gazeteciler Cemiyeti Ba\u015fkan\u0131 ve KGK \u0130l Temsilcisi \u0130srafil Avc\u0131, T\u00fcrk [&hellip;]<\/p>\n","protected":false},"author":3,"featured_media":25612,"comment_status":"closed","ping_status":"open","sticky":false,"template":"","format":"standard","meta":{"footnotes":""},"categories":[14,16,3,17,18,15,19,2,1],"tags":[],"class_list":["post-25609","post","type-post","status-publish","format-standard","has-post-thumbnail","hentry","category-avrupa","category-belcika","category-dunya","category-ekonomi","category-kultur-sanat","category-spor","category-tanitim","category-turkiye","category-uncategorized"],"yoast_head":"<!-- This site is optimized with the Yoast SEO plugin v26.9 - https:\/\/yoast.com\/product\/yoast-seo-wordpress\/ -->\n<title>KGK, \u00fc\u00e7\u00fcnc\u00fc iftar bulu\u015fmas\u0131 Osmaniye\u2019deydi - AvrupaPress<\/title>\n<meta name=\"robots\" content=\"index, follow, max-snippet:-1, max-image-preview:large, max-video-preview:-1\" \/>\n<link rel=\"canonical\" href=\"https:\/\/avrupapress.com\/main\/2024\/03\/25\/kgk-ucuncu-iftar-bulusmasi-osmaniyedeydi\/\" \/>\n<meta property=\"og:locale\" content=\"fr_FR\" \/>\n<meta property=\"og:type\" content=\"article\" \/>\n<meta property=\"og:title\" content=\"KGK, \u00fc\u00e7\u00fcnc\u00fc iftar bulu\u015fmas\u0131 Osmaniye\u2019deydi - AvrupaPress\" \/>\n<meta property=\"og:description\" content=\"K\u00fcresel Gazeteciler Konseyi (KGK) Do\u011fu Akdeniz b\u00f6lgesinden 7 il temsilcisi ve bas\u0131n mensuplar\u0131n\u0131 Osmaniye\u2019deki iftar program\u0131nda bulu\u015fturdu. K\u00dcRESEL Gazeteciler Konseyi (KGK)\u2018nin geleneksel olarak d\u00fczenledi\u011fi b\u00f6lgesel iftar yeme\u011fine bu y\u0131l Osmaniye Gazeteciler Cemiyeti ev sahipli\u011finde yapt\u0131. \u0130ftara, K\u00fcresel Gazeteciler Konseyi Genel Ba\u015fkan\u0131 Mehmet Ali Dim, Osmaniye Gazeteciler Cemiyeti Ba\u015fkan\u0131 ve KGK \u0130l Temsilcisi \u0130srafil Avc\u0131, T\u00fcrk [&hellip;]\" \/>\n<meta property=\"og:url\" content=\"https:\/\/avrupapress.com\/main\/2024\/03\/25\/kgk-ucuncu-iftar-bulusmasi-osmaniyedeydi\/\" \/>\n<meta property=\"og:site_name\" content=\"AvrupaPress\" \/>\n<meta property=\"article:published_time\" content=\"2024-03-25T21:24:00+00:00\" \/>\n<meta property=\"article:modified_time\" content=\"2024-04-04T01:09:38+00:00\" \/>\n<meta property=\"og:image\" content=\"https:\/\/avrupapress.com\/main\/wp-content\/uploads\/2024\/03\/IMG-20240325-WA0010.jpg\" \/>\n\t<meta property=\"og:image:width\" content=\"1024\" \/>\n\t<meta property=\"og:image:height\" content=\"768\" \/>\n\t<meta property=\"og:image:type\" content=\"image\/jpeg\" \/>\n<meta name=\"author\" content=\"Edit\u00f6r\" \/>\n<meta name=\"twitter:card\" content=\"summary_large_image\" \/>\n<meta name=\"twitter:label1\" content=\"\u00c9crit par\" \/>\n\t<meta name=\"twitter:data1\" content=\"Edit\u00f6r\" \/>\n\t<meta name=\"twitter:label2\" content=\"Dur\u00e9e de lecture est.\" \/>\n\t<meta name=\"twitter:data2\" content=\"5 minutes\" \/>\n<script type=\"application\/ld+json\" class=\"yoast-schema-graph\">{\"@context\":\"https:\/\/schema.org\",\"@graph\":[{\"@type\":\"Article\",\"@id\":\"https:\/\/avrupapress.com\/main\/2024\/03\/25\/kgk-ucuncu-iftar-bulusmasi-osmaniyedeydi\/#article\",\"isPartOf\":{\"@id\":\"https:\/\/avrupapress.com\/main\/2024\/03\/25\/kgk-ucuncu-iftar-bulusmasi-osmaniyedeydi\/\"},\"author\":{\"name\":\"Edit\u00f6r\",\"@id\":\"https:\/\/avrupapress.com\/#\/schema\/person\/68428444ec60970d1e1b700cf4ca1e8f\"},\"headline\":\"KGK, \u00fc\u00e7\u00fcnc\u00fc iftar bulu\u015fmas\u0131 Osmaniye\u2019deydi\",\"datePublished\":\"2024-03-25T21:24:00+00:00\",\"dateModified\":\"2024-04-04T01:09:38+00:00\",\"mainEntityOfPage\":{\"@id\":\"https:\/\/avrupapress.com\/main\/2024\/03\/25\/kgk-ucuncu-iftar-bulusmasi-osmaniyedeydi\/\"},\"wordCount\":948,\"publisher\":{\"@id\":\"https:\/\/avrupapress.com\/#\/schema\/person\/0223dca19c72c43575bf30d1a2d8f4fa\"},\"image\":{\"@id\":\"https:\/\/avrupapress.com\/main\/2024\/03\/25\/kgk-ucuncu-iftar-bulusmasi-osmaniyedeydi\/#primaryimage\"},\"thumbnailUrl\":\"https:\/\/avrupapress.com\/main\/wp-content\/uploads\/2024\/03\/IMG-20240325-WA0010.jpg\",\"articleSection\":[\"Avrupa\",\"Bel\u00e7ika\",\"D\u00fcnya\",\"Ekonomi\",\"K\u00fclt\u00fcr-Sanat\",\"Spor\",\"Tan\u0131t\u0131m\",\"T\u00fcrkiye\",\"Uncategorized\"],\"inLanguage\":\"fr-BE\"},{\"@type\":\"WebPage\",\"@id\":\"https:\/\/avrupapress.com\/main\/2024\/03\/25\/kgk-ucuncu-iftar-bulusmasi-osmaniyedeydi\/\",\"url\":\"https:\/\/avrupapress.com\/main\/2024\/03\/25\/kgk-ucuncu-iftar-bulusmasi-osmaniyedeydi\/\",\"name\":\"KGK, \u00fc\u00e7\u00fcnc\u00fc iftar bulu\u015fmas\u0131 Osmaniye\u2019deydi - AvrupaPress\",\"isPartOf\":{\"@id\":\"https:\/\/avrupapress.com\/#website\"},\"primaryImageOfPage\":{\"@id\":\"https:\/\/avrupapress.com\/main\/2024\/03\/25\/kgk-ucuncu-iftar-bulusmasi-osmaniyedeydi\/#primaryimage\"},\"image\":{\"@id\":\"https:\/\/avrupapress.com\/main\/2024\/03\/25\/kgk-ucuncu-iftar-bulusmasi-osmaniyedeydi\/#primaryimage\"},\"thumbnailUrl\":\"https:\/\/avrupapress.com\/main\/wp-content\/uploads\/2024\/03\/IMG-20240325-WA0010.jpg\",\"datePublished\":\"2024-03-25T21:24:00+00:00\",\"dateModified\":\"2024-04-04T01:09:38+00:00\",\"breadcrumb\":{\"@id\":\"https:\/\/avrupapress.com\/main\/2024\/03\/25\/kgk-ucuncu-iftar-bulusmasi-osmaniyedeydi\/#breadcrumb\"},\"inLanguage\":\"fr-BE\",\"potentialAction\":[{\"@type\":\"ReadAction\",\"target\":[\"https:\/\/avrupapress.com\/main\/2024\/03\/25\/kgk-ucuncu-iftar-bulusmasi-osmaniyedeydi\/\"]}]},{\"@type\":\"ImageObject\",\"inLanguage\":\"fr-BE\",\"@id\":\"https:\/\/avrupapress.com\/main\/2024\/03\/25\/kgk-ucuncu-iftar-bulusmasi-osmaniyedeydi\/#primaryimage\",\"url\":\"https:\/\/avrupapress.com\/main\/wp-content\/uploads\/2024\/03\/IMG-20240325-WA0010.jpg\",\"contentUrl\":\"https:\/\/avrupapress.com\/main\/wp-content\/uploads\/2024\/03\/IMG-20240325-WA0010.jpg\",\"width\":1024,\"height\":768},{\"@type\":\"BreadcrumbList\",\"@id\":\"https:\/\/avrupapress.com\/main\/2024\/03\/25\/kgk-ucuncu-iftar-bulusmasi-osmaniyedeydi\/#breadcrumb\",\"itemListElement\":[{\"@type\":\"ListItem\",\"position\":1,\"name\":\"Anasayfa\",\"item\":\"https:\/\/avrupapress.com\/\"},{\"@type\":\"ListItem\",\"position\":2,\"name\":\"KGK, \u00fc\u00e7\u00fcnc\u00fc iftar bulu\u015fmas\u0131 Osmaniye\u2019deydi\"}]},{\"@type\":\"WebSite\",\"@id\":\"https:\/\/avrupapress.com\/#website\",\"url\":\"https:\/\/avrupapress.com\/\",\"name\":\"AvrupaPress\",\"description\":\"Haberin Adresi\",\"publisher\":{\"@id\":\"https:\/\/avrupapress.com\/#\/schema\/person\/0223dca19c72c43575bf30d1a2d8f4fa\"},\"potentialAction\":[{\"@type\":\"SearchAction\",\"target\":{\"@type\":\"EntryPoint\",\"urlTemplate\":\"https:\/\/avrupapress.com\/?s={search_term_string}\"},\"query-input\":{\"@type\":\"PropertyValueSpecification\",\"valueRequired\":true,\"valueName\":\"search_term_string\"}}],\"inLanguage\":\"fr-BE\"},{\"@type\":[\"Person\",\"Organization\"],\"@id\":\"https:\/\/avrupapress.com\/#\/schema\/person\/0223dca19c72c43575bf30d1a2d8f4fa\",\"name\":\"Bilgin \u00d6z\u00e7ift\u00e7i\",\"image\":{\"@type\":\"ImageObject\",\"inLanguage\":\"fr-BE\",\"@id\":\"https:\/\/avrupapress.com\/#\/schema\/person\/image\/\",\"url\":\"https:\/\/secure.gravatar.com\/avatar\/0f23b280433a21e1ea7a0adcc46ed0ad16afe3ad8e630fd13d8a017dcbd54ef3?s=96&d=mm&r=g\",\"contentUrl\":\"https:\/\/secure.gravatar.com\/avatar\/0f23b280433a21e1ea7a0adcc46ed0ad16afe3ad8e630fd13d8a017dcbd54ef3?s=96&d=mm&r=g\",\"caption\":\"Bilgin \u00d6z\u00e7ift\u00e7i\"},\"logo\":{\"@id\":\"https:\/\/avrupapress.com\/#\/schema\/person\/image\/\"},\"description\":\"Ne ben, nede sen... Biz ancak \\\"biz\\\" olursak g\u00fc\u00e7l\u00fc olabiliriz\"},{\"@type\":\"Person\",\"@id\":\"https:\/\/avrupapress.com\/#\/schema\/person\/68428444ec60970d1e1b700cf4ca1e8f\",\"name\":\"Edit\u00f6r\",\"image\":{\"@type\":\"ImageObject\",\"inLanguage\":\"fr-BE\",\"@id\":\"https:\/\/avrupapress.com\/#\/schema\/person\/image\/\",\"url\":\"https:\/\/secure.gravatar.com\/avatar\/74996b0977aa5f1559ba9883776652508b229005c0d78fb2597897f0bd651c09?s=96&d=mm&r=g\",\"contentUrl\":\"https:\/\/secure.gravatar.com\/avatar\/74996b0977aa5f1559ba9883776652508b229005c0d78fb2597897f0bd651c09?s=96&d=mm&r=g\",\"caption\":\"Edit\u00f6r\"},\"sameAs\":[\"http:\/\/www.avrupapress.com\"],\"url\":\"https:\/\/avrupapress.com\/main\/author\/editor\/\"}]}<\/script>\n<!-- \/ Yoast SEO plugin. -->","yoast_head_json":{"title":"KGK, \u00fc\u00e7\u00fcnc\u00fc iftar bulu\u015fmas\u0131 Osmaniye\u2019deydi - AvrupaPress","robots":{"index":"index","follow":"follow","max-snippet":"max-snippet:-1","max-image-preview":"max-image-preview:large","max-video-preview":"max-video-preview:-1"},"canonical":"https:\/\/avrupapress.com\/main\/2024\/03\/25\/kgk-ucuncu-iftar-bulusmasi-osmaniyedeydi\/","og_locale":"fr_FR","og_type":"article","og_title":"KGK, \u00fc\u00e7\u00fcnc\u00fc iftar bulu\u015fmas\u0131 Osmaniye\u2019deydi - AvrupaPress","og_description":"K\u00fcresel Gazeteciler Konseyi (KGK) Do\u011fu Akdeniz b\u00f6lgesinden 7 il temsilcisi ve bas\u0131n mensuplar\u0131n\u0131 Osmaniye\u2019deki iftar program\u0131nda bulu\u015fturdu. K\u00dcRESEL Gazeteciler Konseyi (KGK)\u2018nin geleneksel olarak d\u00fczenledi\u011fi b\u00f6lgesel iftar yeme\u011fine bu y\u0131l Osmaniye Gazeteciler Cemiyeti ev sahipli\u011finde yapt\u0131. \u0130ftara, K\u00fcresel Gazeteciler Konseyi Genel Ba\u015fkan\u0131 Mehmet Ali Dim, Osmaniye Gazeteciler Cemiyeti Ba\u015fkan\u0131 ve KGK \u0130l Temsilcisi \u0130srafil Avc\u0131, T\u00fcrk [&hellip;]","og_url":"https:\/\/avrupapress.com\/main\/2024\/03\/25\/kgk-ucuncu-iftar-bulusmasi-osmaniyedeydi\/","og_site_name":"AvrupaPress","article_published_time":"2024-03-25T21:24:00+00:00","article_modified_time":"2024-04-04T01:09:38+00:00","og_image":[{"width":1024,"height":768,"url":"https:\/\/avrupapress.com\/main\/wp-content\/uploads\/2024\/03\/IMG-20240325-WA0010.jpg","type":"image\/jpeg"}],"author":"Edit\u00f6r","twitter_card":"summary_large_image","twitter_misc":{"\u00c9crit par":"Edit\u00f6r","Dur\u00e9e de lecture est.":"5 minutes"},"schema":{"@context":"https:\/\/schema.org","@graph":[{"@type":"Article","@id":"https:\/\/avrupapress.com\/main\/2024\/03\/25\/kgk-ucuncu-iftar-bulusmasi-osmaniyedeydi\/#article","isPartOf":{"@id":"https:\/\/avrupapress.com\/main\/2024\/03\/25\/kgk-ucuncu-iftar-bulusmasi-osmaniyedeydi\/"},"author":{"name":"Edit\u00f6r","@id":"https:\/\/avrupapress.com\/#\/schema\/person\/68428444ec60970d1e1b700cf4ca1e8f"},"headline":"KGK, \u00fc\u00e7\u00fcnc\u00fc iftar bulu\u015fmas\u0131 Osmaniye\u2019deydi","datePublished":"2024-03-25T21:24:00+00:00","dateModified":"2024-04-04T01:09:38+00:00","mainEntityOfPage":{"@id":"https:\/\/avrupapress.com\/main\/2024\/03\/25\/kgk-ucuncu-iftar-bulusmasi-osmaniyedeydi\/"},"wordCount":948,"publisher":{"@id":"https:\/\/avrupapress.com\/#\/schema\/person\/0223dca19c72c43575bf30d1a2d8f4fa"},"image":{"@id":"https:\/\/avrupapress.com\/main\/2024\/03\/25\/kgk-ucuncu-iftar-bulusmasi-osmaniyedeydi\/#primaryimage"},"thumbnailUrl":"https:\/\/avrupapress.com\/main\/wp-content\/uploads\/2024\/03\/IMG-20240325-WA0010.jpg","articleSection":["Avrupa","Bel\u00e7ika","D\u00fcnya","Ekonomi","K\u00fclt\u00fcr-Sanat","Spor","Tan\u0131t\u0131m","T\u00fcrkiye","Uncategorized"],"inLanguage":"fr-BE"},{"@type":"WebPage","@id":"https:\/\/avrupapress.com\/main\/2024\/03\/25\/kgk-ucuncu-iftar-bulusmasi-osmaniyedeydi\/","url":"https:\/\/avrupapress.com\/main\/2024\/03\/25\/kgk-ucuncu-iftar-bulusmasi-osmaniyedeydi\/","name":"KGK, \u00fc\u00e7\u00fcnc\u00fc iftar bulu\u015fmas\u0131 Osmaniye\u2019deydi - AvrupaPress","isPartOf":{"@id":"https:\/\/avrupapress.com\/#website"},"primaryImageOfPage":{"@id":"https:\/\/avrupapress.com\/main\/2024\/03\/25\/kgk-ucuncu-iftar-bulusmasi-osmaniyedeydi\/#primaryimage"},"image":{"@id":"https:\/\/avrupapress.com\/main\/2024\/03\/25\/kgk-ucuncu-iftar-bulusmasi-osmaniyedeydi\/#primaryimage"},"thumbnailUrl":"https:\/\/avrupapress.com\/main\/wp-content\/uploads\/2024\/03\/IMG-20240325-WA0010.jpg","datePublished":"2024-03-25T21:24:00+00:00","dateModified":"2024-04-04T01:09:38+00:00","breadcrumb":{"@id":"https:\/\/avrupapress.com\/main\/2024\/03\/25\/kgk-ucuncu-iftar-bulusmasi-osmaniyedeydi\/#breadcrumb"},"inLanguage":"fr-BE","potentialAction":[{"@type":"ReadAction","target":["https:\/\/avrupapress.com\/main\/2024\/03\/25\/kgk-ucuncu-iftar-bulusmasi-osmaniyedeydi\/"]}]},{"@type":"ImageObject","inLanguage":"fr-BE","@id":"https:\/\/avrupapress.com\/main\/2024\/03\/25\/kgk-ucuncu-iftar-bulusmasi-osmaniyedeydi\/#primaryimage","url":"https:\/\/avrupapress.com\/main\/wp-content\/uploads\/2024\/03\/IMG-20240325-WA0010.jpg","contentUrl":"https:\/\/avrupapress.com\/main\/wp-content\/uploads\/2024\/03\/IMG-20240325-WA0010.jpg","width":1024,"height":768},{"@type":"BreadcrumbList","@id":"https:\/\/avrupapress.com\/main\/2024\/03\/25\/kgk-ucuncu-iftar-bulusmasi-osmaniyedeydi\/#breadcrumb","itemListElement":[{"@type":"ListItem","position":1,"name":"Anasayfa","item":"https:\/\/avrupapress.com\/"},{"@type":"ListItem","position":2,"name":"KGK, \u00fc\u00e7\u00fcnc\u00fc iftar bulu\u015fmas\u0131 Osmaniye\u2019deydi"}]},{"@type":"WebSite","@id":"https:\/\/avrupapress.com\/#website","url":"https:\/\/avrupapress.com\/","name":"AvrupaPress","description":"Haberin Adresi","publisher":{"@id":"https:\/\/avrupapress.com\/#\/schema\/person\/0223dca19c72c43575bf30d1a2d8f4fa"},"potentialAction":[{"@type":"SearchAction","target":{"@type":"EntryPoint","urlTemplate":"https:\/\/avrupapress.com\/?s={search_term_string}"},"query-input":{"@type":"PropertyValueSpecification","valueRequired":true,"valueName":"search_term_string"}}],"inLanguage":"fr-BE"},{"@type":["Person","Organization"],"@id":"https:\/\/avrupapress.com\/#\/schema\/person\/0223dca19c72c43575bf30d1a2d8f4fa","name":"Bilgin \u00d6z\u00e7ift\u00e7i","image":{"@type":"ImageObject","inLanguage":"fr-BE","@id":"https:\/\/avrupapress.com\/#\/schema\/person\/image\/","url":"https:\/\/secure.gravatar.com\/avatar\/0f23b280433a21e1ea7a0adcc46ed0ad16afe3ad8e630fd13d8a017dcbd54ef3?s=96&d=mm&r=g","contentUrl":"https:\/\/secure.gravatar.com\/avatar\/0f23b280433a21e1ea7a0adcc46ed0ad16afe3ad8e630fd13d8a017dcbd54ef3?s=96&d=mm&r=g","caption":"Bilgin \u00d6z\u00e7ift\u00e7i"},"logo":{"@id":"https:\/\/avrupapress.com\/#\/schema\/person\/image\/"},"description":"Ne ben, nede sen... Biz ancak \"biz\" olursak g\u00fc\u00e7l\u00fc olabiliriz"},{"@type":"Person","@id":"https:\/\/avrupapress.com\/#\/schema\/person\/68428444ec60970d1e1b700cf4ca1e8f","name":"Edit\u00f6r","image":{"@type":"ImageObject","inLanguage":"fr-BE","@id":"https:\/\/avrupapress.com\/#\/schema\/person\/image\/","url":"https:\/\/secure.gravatar.com\/avatar\/74996b0977aa5f1559ba9883776652508b229005c0d78fb2597897f0bd651c09?s=96&d=mm&r=g","contentUrl":"https:\/\/secure.gravatar.com\/avatar\/74996b0977aa5f1559ba9883776652508b229005c0d78fb2597897f0bd651c09?s=96&d=mm&r=g","caption":"Edit\u00f6r"},"sameAs":["http:\/\/www.avrupapress.com"],"url":"https:\/\/avrupapress.com\/main\/author\/editor\/"}]}},"_links":{"self":[{"href":"https:\/\/avrupapress.com\/main\/wp-json\/wp\/v2\/posts\/25609","targetHints":{"allow":["GET"]}}],"collection":[{"href":"https:\/\/avrupapress.com\/main\/wp-json\/wp\/v2\/posts"}],"about":[{"href":"https:\/\/avrupapress.com\/main\/wp-json\/wp\/v2\/types\/post"}],"author":[{"embeddable":true,"href":"https:\/\/avrupapress.com\/main\/wp-json\/wp\/v2\/users\/3"}],"replies":[{"embeddable":true,"href":"https:\/\/avrupapress.com\/main\/wp-json\/wp\/v2\/comments?post=25609"}],"version-history":[{"count":5,"href":"https:\/\/avrupapress.com\/main\/wp-json\/wp\/v2\/posts\/25609\/revisions"}],"predecessor-version":[{"id":25670,"href":"https:\/\/avrupapress.com\/main\/wp-json\/wp\/v2\/posts\/25609\/revisions\/25670"}],"wp:featuredmedia":[{"embeddable":true,"href":"https:\/\/avrupapress.com\/main\/wp-json\/wp\/v2\/media\/25612"}],"wp:attachment":[{"href":"https:\/\/avrupapress.com\/main\/wp-json\/wp\/v2\/media?parent=25609"}],"wp:term":[{"taxonomy":"category","embeddable":true,"href":"https:\/\/avrupapress.com\/main\/wp-json\/wp\/v2\/categories?post=25609"},{"taxonomy":"post_tag","embeddable":true,"href":"https:\/\/avrupapress.com\/main\/wp-json\/wp\/v2\/tags?post=25609"}],"curies":[{"name":"wp","href":"https:\/\/api.w.org\/{rel}","templated":true}]}}