{"id":25604,"date":"2024-03-25T18:23:51","date_gmt":"2024-03-25T18:23:51","guid":{"rendered":"https:\/\/avrupapress.com\/main\/?p=25604"},"modified":"2024-03-25T18:24:15","modified_gmt":"2024-03-25T18:24:15","slug":"belcika-limburgdaki-olaylarin-isiginda-sagduyuya-davet","status":"publish","type":"post","link":"https:\/\/avrupapress.com\/main\/2024\/03\/25\/belcika-limburgdaki-olaylarin-isiginda-sagduyuya-davet\/","title":{"rendered":"BEL\u00c7\u0130KA L\u0130MBURG&rsquo;DAK\u0130 OLAYLARIN I\u015eI\u011eINDA, SA\u011eDUYUYA DAVET"},"content":{"rendered":"<p><em> <strong>Bel\u00e7ika<\/strong> <strong>Cumhuriyet Halk Partisi Bel\u00e7ika Birli\u011fi<\/strong><strong> Baskani Derya Bulduk Belcika \u00bbnin Heusden-Zolder\u2019de \u00e7\u0131kan olaylar ilgili sagduyu\u00a0 Mesaji Yayinladi<\/strong><\/em><\/p>\n<p><strong>CHP<\/strong> <em><strong>Bel\u00e7ika Birli\u011fi<\/strong><strong> Baskani Derya Bulduk <\/strong><\/em><\/p>\n<div dir=\"auto\">24 Mart limburg b\u00f6lgesi Heusden-Zolder merkezli olaylar \u00fczerine,<\/div>\n<div dir=\"auto\"><\/div>\n<div dir=\"auto\">\u00d6\u011flen saatlerinde ba\u015flayan ve Bel\u00e7ika T\u00fcrk Toplumunun \u015fiddet sarmal\u0131na \u00e7ekilmek istenildi\u011fi bu huzursuzluk ortam\u0131nda;<\/div>\n<div dir=\"auto\"><\/div>\n<div dir=\"auto\">\u00dcyelerimiz ve vatanda\u015flar\u0131m\u0131z\u0131 \u015fiddet eylemlerinden uzak durmaya, sa\u011fduyuya ve kendi g\u00fcvenliklerini sa\u011flamalar\u0131n\u0131 \u00f6neriyoruz.<\/div>\n<div dir=\"auto\"><\/div>\n<div dir=\"auto\">PKK ter\u00f6r\u00fcn\u00fc bu vesileyle tekrar lanetliyoruz.<\/div>\n<div dir=\"auto\"><\/div>\n<div dir=\"auto\">T\u00fcrkiye\u2019nin uluslararas\u0131 alanda sayg\u0131nl\u0131\u011f\u0131n\u0131n korunmas\u0131 g\u00f6zetilerek, olaylara dahil olan ki\u015fileri yerel g\u00fcvenlik g\u00fc\u00e7leriyle i\u015fbirli\u011fine ve s\u00fckunete davet ediyoruz.<\/div>\n<div dir=\"auto\"><\/div>\n<div dir=\"auto\">Hi\u00e7 kimsenin burnu kanamadan olaylar\u0131n sonlanmas\u0131 temennimizdir.<\/div>\n<div dir=\"auto\"><\/div>\n<div dir=\"auto\">Kamuoyuna sayg\u0131 ile duyurulur,<\/div>\n<div dir=\"auto\"><\/div>\n<div dir=\"auto\">Cumhuriyet Halk Partisi Bel\u00e7ika Birli\u011fi<\/div>\n<p><em>Br\u00fcksel, 24 Mart 2024<\/em><\/p>\n<p><img loading=\"lazy\" decoding=\"async\" class=\"alignnone size-medium wp-image-25606\" src=\"https:\/\/avrupapress.com\/main\/wp-content\/uploads\/2024\/03\/thumbnail_IMG-20240325-WA0000-1-213x300.jpg\" alt=\"\" width=\"213\" height=\"300\" srcset=\"https:\/\/avrupapress.com\/main\/wp-content\/uploads\/2024\/03\/thumbnail_IMG-20240325-WA0000-1-213x300.jpg 213w, https:\/\/avrupapress.com\/main\/wp-content\/uploads\/2024\/03\/thumbnail_IMG-20240325-WA0000-1-726x1024.jpg 726w, https:\/\/avrupapress.com\/main\/wp-content\/uploads\/2024\/03\/thumbnail_IMG-20240325-WA0000-1-768x1084.jpg 768w, https:\/\/avrupapress.com\/main\/wp-content\/uploads\/2024\/03\/thumbnail_IMG-20240325-WA0000-1.jpg 1080w\" sizes=\"auto, (max-width: 213px) 100vw, 213px\" \/><\/p>\n","protected":false},"excerpt":{"rendered":"<p>Bel\u00e7ika Cumhuriyet Halk Partisi Bel\u00e7ika Birli\u011fi Baskani Derya Bulduk Belcika \u00bbnin Heusden-Zolder\u2019de \u00e7\u0131kan olaylar ilgili sagduyu\u00a0 Mesaji Yayinladi CHP Bel\u00e7ika Birli\u011fi Baskani Derya Bulduk 24 Mart limburg b\u00f6lgesi Heusden-Zolder merkezli olaylar \u00fczerine, \u00d6\u011flen saatlerinde ba\u015flayan ve Bel\u00e7ika T\u00fcrk Toplumunun \u015fiddet sarmal\u0131na \u00e7ekilmek istenildi\u011fi bu huzursuzluk ortam\u0131nda; \u00dcyelerimiz ve vatanda\u015flar\u0131m\u0131z\u0131 \u015fiddet eylemlerinden uzak durmaya, sa\u011fduyuya ve [&hellip;]<\/p>\n","protected":false},"author":3,"featured_media":25607,"comment_status":"closed","ping_status":"open","sticky":false,"template":"","format":"standard","meta":{"footnotes":""},"categories":[14,16,3,17,18,15,19,2,1],"tags":[],"class_list":["post-25604","post","type-post","status-publish","format-standard","has-post-thumbnail","hentry","category-avrupa","category-belcika","category-dunya","category-ekonomi","category-kultur-sanat","category-spor","category-tanitim","category-turkiye","category-uncategorized"],"yoast_head":"<!-- This site is optimized with the Yoast SEO plugin v26.9 - https:\/\/yoast.com\/product\/yoast-seo-wordpress\/ -->\n<title>BEL\u00c7\u0130KA L\u0130MBURG&#039;DAK\u0130 OLAYLARIN I\u015eI\u011eINDA, SA\u011eDUYUYA DAVET - AvrupaPress<\/title>\n<meta name=\"robots\" content=\"index, follow, max-snippet:-1, max-image-preview:large, max-video-preview:-1\" \/>\n<link rel=\"canonical\" href=\"https:\/\/avrupapress.com\/main\/2024\/03\/25\/belcika-limburgdaki-olaylarin-isiginda-sagduyuya-davet\/\" \/>\n<meta property=\"og:locale\" content=\"fr_FR\" \/>\n<meta property=\"og:type\" content=\"article\" \/>\n<meta property=\"og:title\" content=\"BEL\u00c7\u0130KA L\u0130MBURG&#039;DAK\u0130 OLAYLARIN I\u015eI\u011eINDA, SA\u011eDUYUYA DAVET - AvrupaPress\" \/>\n<meta property=\"og:description\" content=\"Bel\u00e7ika Cumhuriyet Halk Partisi Bel\u00e7ika Birli\u011fi Baskani Derya Bulduk Belcika \u00bbnin Heusden-Zolder\u2019de \u00e7\u0131kan olaylar ilgili sagduyu\u00a0 Mesaji Yayinladi CHP Bel\u00e7ika Birli\u011fi Baskani Derya Bulduk 24 Mart limburg b\u00f6lgesi Heusden-Zolder merkezli olaylar \u00fczerine, \u00d6\u011flen saatlerinde ba\u015flayan ve Bel\u00e7ika T\u00fcrk Toplumunun \u015fiddet sarmal\u0131na \u00e7ekilmek istenildi\u011fi bu huzursuzluk ortam\u0131nda; \u00dcyelerimiz ve vatanda\u015flar\u0131m\u0131z\u0131 \u015fiddet eylemlerinden uzak durmaya, sa\u011fduyuya ve [&hellip;]\" \/>\n<meta property=\"og:url\" content=\"https:\/\/avrupapress.com\/main\/2024\/03\/25\/belcika-limburgdaki-olaylarin-isiginda-sagduyuya-davet\/\" \/>\n<meta property=\"og:site_name\" content=\"AvrupaPress\" \/>\n<meta property=\"article:published_time\" content=\"2024-03-25T18:23:51+00:00\" \/>\n<meta property=\"article:modified_time\" content=\"2024-03-25T18:24:15+00:00\" \/>\n<meta property=\"og:image\" content=\"https:\/\/avrupapress.com\/main\/wp-content\/uploads\/2024\/03\/thumbnail_IMG-20240325-WA0012.jpg\" \/>\n\t<meta property=\"og:image:width\" content=\"329\" \/>\n\t<meta property=\"og:image:height\" content=\"339\" \/>\n\t<meta property=\"og:image:type\" content=\"image\/jpeg\" \/>\n<meta name=\"author\" content=\"Edit\u00f6r\" \/>\n<meta name=\"twitter:card\" content=\"summary_large_image\" \/>\n<meta name=\"twitter:label1\" content=\"\u00c9crit par\" \/>\n\t<meta name=\"twitter:data1\" content=\"Edit\u00f6r\" \/>\n\t<meta name=\"twitter:label2\" content=\"Dur\u00e9e de lecture est.\" \/>\n\t<meta name=\"twitter:data2\" content=\"1 minute\" \/>\n<script type=\"application\/ld+json\" class=\"yoast-schema-graph\">{\"@context\":\"https:\/\/schema.org\",\"@graph\":[{\"@type\":\"Article\",\"@id\":\"https:\/\/avrupapress.com\/main\/2024\/03\/25\/belcika-limburgdaki-olaylarin-isiginda-sagduyuya-davet\/#article\",\"isPartOf\":{\"@id\":\"https:\/\/avrupapress.com\/main\/2024\/03\/25\/belcika-limburgdaki-olaylarin-isiginda-sagduyuya-davet\/\"},\"author\":{\"name\":\"Edit\u00f6r\",\"@id\":\"https:\/\/avrupapress.com\/#\/schema\/person\/68428444ec60970d1e1b700cf4ca1e8f\"},\"headline\":\"BEL\u00c7\u0130KA L\u0130MBURG&rsquo;DAK\u0130 OLAYLARIN I\u015eI\u011eINDA, SA\u011eDUYUYA DAVET\",\"datePublished\":\"2024-03-25T18:23:51+00:00\",\"dateModified\":\"2024-03-25T18:24:15+00:00\",\"mainEntityOfPage\":{\"@id\":\"https:\/\/avrupapress.com\/main\/2024\/03\/25\/belcika-limburgdaki-olaylarin-isiginda-sagduyuya-davet\/\"},\"wordCount\":149,\"publisher\":{\"@id\":\"https:\/\/avrupapress.com\/#\/schema\/person\/0223dca19c72c43575bf30d1a2d8f4fa\"},\"image\":{\"@id\":\"https:\/\/avrupapress.com\/main\/2024\/03\/25\/belcika-limburgdaki-olaylarin-isiginda-sagduyuya-davet\/#primaryimage\"},\"thumbnailUrl\":\"https:\/\/avrupapress.com\/main\/wp-content\/uploads\/2024\/03\/thumbnail_IMG-20240325-WA0012.jpg\",\"articleSection\":[\"Avrupa\",\"Bel\u00e7ika\",\"D\u00fcnya\",\"Ekonomi\",\"K\u00fclt\u00fcr-Sanat\",\"Spor\",\"Tan\u0131t\u0131m\",\"T\u00fcrkiye\",\"Uncategorized\"],\"inLanguage\":\"fr-BE\"},{\"@type\":\"WebPage\",\"@id\":\"https:\/\/avrupapress.com\/main\/2024\/03\/25\/belcika-limburgdaki-olaylarin-isiginda-sagduyuya-davet\/\",\"url\":\"https:\/\/avrupapress.com\/main\/2024\/03\/25\/belcika-limburgdaki-olaylarin-isiginda-sagduyuya-davet\/\",\"name\":\"BEL\u00c7\u0130KA L\u0130MBURG'DAK\u0130 OLAYLARIN I\u015eI\u011eINDA, SA\u011eDUYUYA DAVET - AvrupaPress\",\"isPartOf\":{\"@id\":\"https:\/\/avrupapress.com\/#website\"},\"primaryImageOfPage\":{\"@id\":\"https:\/\/avrupapress.com\/main\/2024\/03\/25\/belcika-limburgdaki-olaylarin-isiginda-sagduyuya-davet\/#primaryimage\"},\"image\":{\"@id\":\"https:\/\/avrupapress.com\/main\/2024\/03\/25\/belcika-limburgdaki-olaylarin-isiginda-sagduyuya-davet\/#primaryimage\"},\"thumbnailUrl\":\"https:\/\/avrupapress.com\/main\/wp-content\/uploads\/2024\/03\/thumbnail_IMG-20240325-WA0012.jpg\",\"datePublished\":\"2024-03-25T18:23:51+00:00\",\"dateModified\":\"2024-03-25T18:24:15+00:00\",\"breadcrumb\":{\"@id\":\"https:\/\/avrupapress.com\/main\/2024\/03\/25\/belcika-limburgdaki-olaylarin-isiginda-sagduyuya-davet\/#breadcrumb\"},\"inLanguage\":\"fr-BE\",\"potentialAction\":[{\"@type\":\"ReadAction\",\"target\":[\"https:\/\/avrupapress.com\/main\/2024\/03\/25\/belcika-limburgdaki-olaylarin-isiginda-sagduyuya-davet\/\"]}]},{\"@type\":\"ImageObject\",\"inLanguage\":\"fr-BE\",\"@id\":\"https:\/\/avrupapress.com\/main\/2024\/03\/25\/belcika-limburgdaki-olaylarin-isiginda-sagduyuya-davet\/#primaryimage\",\"url\":\"https:\/\/avrupapress.com\/main\/wp-content\/uploads\/2024\/03\/thumbnail_IMG-20240325-WA0012.jpg\",\"contentUrl\":\"https:\/\/avrupapress.com\/main\/wp-content\/uploads\/2024\/03\/thumbnail_IMG-20240325-WA0012.jpg\",\"width\":329,\"height\":339},{\"@type\":\"BreadcrumbList\",\"@id\":\"https:\/\/avrupapress.com\/main\/2024\/03\/25\/belcika-limburgdaki-olaylarin-isiginda-sagduyuya-davet\/#breadcrumb\",\"itemListElement\":[{\"@type\":\"ListItem\",\"position\":1,\"name\":\"Anasayfa\",\"item\":\"https:\/\/avrupapress.com\/\"},{\"@type\":\"ListItem\",\"position\":2,\"name\":\"BEL\u00c7\u0130KA L\u0130MBURG&rsquo;DAK\u0130 OLAYLARIN I\u015eI\u011eINDA, SA\u011eDUYUYA DAVET\"}]},{\"@type\":\"WebSite\",\"@id\":\"https:\/\/avrupapress.com\/#website\",\"url\":\"https:\/\/avrupapress.com\/\",\"name\":\"AvrupaPress\",\"description\":\"Haberin Adresi\",\"publisher\":{\"@id\":\"https:\/\/avrupapress.com\/#\/schema\/person\/0223dca19c72c43575bf30d1a2d8f4fa\"},\"potentialAction\":[{\"@type\":\"SearchAction\",\"target\":{\"@type\":\"EntryPoint\",\"urlTemplate\":\"https:\/\/avrupapress.com\/?s={search_term_string}\"},\"query-input\":{\"@type\":\"PropertyValueSpecification\",\"valueRequired\":true,\"valueName\":\"search_term_string\"}}],\"inLanguage\":\"fr-BE\"},{\"@type\":[\"Person\",\"Organization\"],\"@id\":\"https:\/\/avrupapress.com\/#\/schema\/person\/0223dca19c72c43575bf30d1a2d8f4fa\",\"name\":\"Bilgin \u00d6z\u00e7ift\u00e7i\",\"image\":{\"@type\":\"ImageObject\",\"inLanguage\":\"fr-BE\",\"@id\":\"https:\/\/avrupapress.com\/#\/schema\/person\/image\/\",\"url\":\"https:\/\/secure.gravatar.com\/avatar\/0f23b280433a21e1ea7a0adcc46ed0ad16afe3ad8e630fd13d8a017dcbd54ef3?s=96&d=mm&r=g\",\"contentUrl\":\"https:\/\/secure.gravatar.com\/avatar\/0f23b280433a21e1ea7a0adcc46ed0ad16afe3ad8e630fd13d8a017dcbd54ef3?s=96&d=mm&r=g\",\"caption\":\"Bilgin \u00d6z\u00e7ift\u00e7i\"},\"logo\":{\"@id\":\"https:\/\/avrupapress.com\/#\/schema\/person\/image\/\"},\"description\":\"Ne ben, nede sen... Biz ancak \\\"biz\\\" olursak g\u00fc\u00e7l\u00fc olabiliriz\"},{\"@type\":\"Person\",\"@id\":\"https:\/\/avrupapress.com\/#\/schema\/person\/68428444ec60970d1e1b700cf4ca1e8f\",\"name\":\"Edit\u00f6r\",\"image\":{\"@type\":\"ImageObject\",\"inLanguage\":\"fr-BE\",\"@id\":\"https:\/\/avrupapress.com\/#\/schema\/person\/image\/\",\"url\":\"https:\/\/secure.gravatar.com\/avatar\/74996b0977aa5f1559ba9883776652508b229005c0d78fb2597897f0bd651c09?s=96&d=mm&r=g\",\"contentUrl\":\"https:\/\/secure.gravatar.com\/avatar\/74996b0977aa5f1559ba9883776652508b229005c0d78fb2597897f0bd651c09?s=96&d=mm&r=g\",\"caption\":\"Edit\u00f6r\"},\"sameAs\":[\"http:\/\/www.avrupapress.com\"],\"url\":\"https:\/\/avrupapress.com\/main\/author\/editor\/\"}]}<\/script>\n<!-- \/ Yoast SEO plugin. -->","yoast_head_json":{"title":"BEL\u00c7\u0130KA L\u0130MBURG'DAK\u0130 OLAYLARIN I\u015eI\u011eINDA, SA\u011eDUYUYA DAVET - AvrupaPress","robots":{"index":"index","follow":"follow","max-snippet":"max-snippet:-1","max-image-preview":"max-image-preview:large","max-video-preview":"max-video-preview:-1"},"canonical":"https:\/\/avrupapress.com\/main\/2024\/03\/25\/belcika-limburgdaki-olaylarin-isiginda-sagduyuya-davet\/","og_locale":"fr_FR","og_type":"article","og_title":"BEL\u00c7\u0130KA L\u0130MBURG'DAK\u0130 OLAYLARIN I\u015eI\u011eINDA, SA\u011eDUYUYA DAVET - AvrupaPress","og_description":"Bel\u00e7ika Cumhuriyet Halk Partisi Bel\u00e7ika Birli\u011fi Baskani Derya Bulduk Belcika \u00bbnin Heusden-Zolder\u2019de \u00e7\u0131kan olaylar ilgili sagduyu\u00a0 Mesaji Yayinladi CHP Bel\u00e7ika Birli\u011fi Baskani Derya Bulduk 24 Mart limburg b\u00f6lgesi Heusden-Zolder merkezli olaylar \u00fczerine, \u00d6\u011flen saatlerinde ba\u015flayan ve Bel\u00e7ika T\u00fcrk Toplumunun \u015fiddet sarmal\u0131na \u00e7ekilmek istenildi\u011fi bu huzursuzluk ortam\u0131nda; \u00dcyelerimiz ve vatanda\u015flar\u0131m\u0131z\u0131 \u015fiddet eylemlerinden uzak durmaya, sa\u011fduyuya ve [&hellip;]","og_url":"https:\/\/avrupapress.com\/main\/2024\/03\/25\/belcika-limburgdaki-olaylarin-isiginda-sagduyuya-davet\/","og_site_name":"AvrupaPress","article_published_time":"2024-03-25T18:23:51+00:00","article_modified_time":"2024-03-25T18:24:15+00:00","og_image":[{"width":329,"height":339,"url":"https:\/\/avrupapress.com\/main\/wp-content\/uploads\/2024\/03\/thumbnail_IMG-20240325-WA0012.jpg","type":"image\/jpeg"}],"author":"Edit\u00f6r","twitter_card":"summary_large_image","twitter_misc":{"\u00c9crit par":"Edit\u00f6r","Dur\u00e9e de lecture est.":"1 minute"},"schema":{"@context":"https:\/\/schema.org","@graph":[{"@type":"Article","@id":"https:\/\/avrupapress.com\/main\/2024\/03\/25\/belcika-limburgdaki-olaylarin-isiginda-sagduyuya-davet\/#article","isPartOf":{"@id":"https:\/\/avrupapress.com\/main\/2024\/03\/25\/belcika-limburgdaki-olaylarin-isiginda-sagduyuya-davet\/"},"author":{"name":"Edit\u00f6r","@id":"https:\/\/avrupapress.com\/#\/schema\/person\/68428444ec60970d1e1b700cf4ca1e8f"},"headline":"BEL\u00c7\u0130KA L\u0130MBURG&rsquo;DAK\u0130 OLAYLARIN I\u015eI\u011eINDA, SA\u011eDUYUYA DAVET","datePublished":"2024-03-25T18:23:51+00:00","dateModified":"2024-03-25T18:24:15+00:00","mainEntityOfPage":{"@id":"https:\/\/avrupapress.com\/main\/2024\/03\/25\/belcika-limburgdaki-olaylarin-isiginda-sagduyuya-davet\/"},"wordCount":149,"publisher":{"@id":"https:\/\/avrupapress.com\/#\/schema\/person\/0223dca19c72c43575bf30d1a2d8f4fa"},"image":{"@id":"https:\/\/avrupapress.com\/main\/2024\/03\/25\/belcika-limburgdaki-olaylarin-isiginda-sagduyuya-davet\/#primaryimage"},"thumbnailUrl":"https:\/\/avrupapress.com\/main\/wp-content\/uploads\/2024\/03\/thumbnail_IMG-20240325-WA0012.jpg","articleSection":["Avrupa","Bel\u00e7ika","D\u00fcnya","Ekonomi","K\u00fclt\u00fcr-Sanat","Spor","Tan\u0131t\u0131m","T\u00fcrkiye","Uncategorized"],"inLanguage":"fr-BE"},{"@type":"WebPage","@id":"https:\/\/avrupapress.com\/main\/2024\/03\/25\/belcika-limburgdaki-olaylarin-isiginda-sagduyuya-davet\/","url":"https:\/\/avrupapress.com\/main\/2024\/03\/25\/belcika-limburgdaki-olaylarin-isiginda-sagduyuya-davet\/","name":"BEL\u00c7\u0130KA L\u0130MBURG'DAK\u0130 OLAYLARIN I\u015eI\u011eINDA, SA\u011eDUYUYA DAVET - AvrupaPress","isPartOf":{"@id":"https:\/\/avrupapress.com\/#website"},"primaryImageOfPage":{"@id":"https:\/\/avrupapress.com\/main\/2024\/03\/25\/belcika-limburgdaki-olaylarin-isiginda-sagduyuya-davet\/#primaryimage"},"image":{"@id":"https:\/\/avrupapress.com\/main\/2024\/03\/25\/belcika-limburgdaki-olaylarin-isiginda-sagduyuya-davet\/#primaryimage"},"thumbnailUrl":"https:\/\/avrupapress.com\/main\/wp-content\/uploads\/2024\/03\/thumbnail_IMG-20240325-WA0012.jpg","datePublished":"2024-03-25T18:23:51+00:00","dateModified":"2024-03-25T18:24:15+00:00","breadcrumb":{"@id":"https:\/\/avrupapress.com\/main\/2024\/03\/25\/belcika-limburgdaki-olaylarin-isiginda-sagduyuya-davet\/#breadcrumb"},"inLanguage":"fr-BE","potentialAction":[{"@type":"ReadAction","target":["https:\/\/avrupapress.com\/main\/2024\/03\/25\/belcika-limburgdaki-olaylarin-isiginda-sagduyuya-davet\/"]}]},{"@type":"ImageObject","inLanguage":"fr-BE","@id":"https:\/\/avrupapress.com\/main\/2024\/03\/25\/belcika-limburgdaki-olaylarin-isiginda-sagduyuya-davet\/#primaryimage","url":"https:\/\/avrupapress.com\/main\/wp-content\/uploads\/2024\/03\/thumbnail_IMG-20240325-WA0012.jpg","contentUrl":"https:\/\/avrupapress.com\/main\/wp-content\/uploads\/2024\/03\/thumbnail_IMG-20240325-WA0012.jpg","width":329,"height":339},{"@type":"BreadcrumbList","@id":"https:\/\/avrupapress.com\/main\/2024\/03\/25\/belcika-limburgdaki-olaylarin-isiginda-sagduyuya-davet\/#breadcrumb","itemListElement":[{"@type":"ListItem","position":1,"name":"Anasayfa","item":"https:\/\/avrupapress.com\/"},{"@type":"ListItem","position":2,"name":"BEL\u00c7\u0130KA L\u0130MBURG&rsquo;DAK\u0130 OLAYLARIN I\u015eI\u011eINDA, SA\u011eDUYUYA DAVET"}]},{"@type":"WebSite","@id":"https:\/\/avrupapress.com\/#website","url":"https:\/\/avrupapress.com\/","name":"AvrupaPress","description":"Haberin Adresi","publisher":{"@id":"https:\/\/avrupapress.com\/#\/schema\/person\/0223dca19c72c43575bf30d1a2d8f4fa"},"potentialAction":[{"@type":"SearchAction","target":{"@type":"EntryPoint","urlTemplate":"https:\/\/avrupapress.com\/?s={search_term_string}"},"query-input":{"@type":"PropertyValueSpecification","valueRequired":true,"valueName":"search_term_string"}}],"inLanguage":"fr-BE"},{"@type":["Person","Organization"],"@id":"https:\/\/avrupapress.com\/#\/schema\/person\/0223dca19c72c43575bf30d1a2d8f4fa","name":"Bilgin \u00d6z\u00e7ift\u00e7i","image":{"@type":"ImageObject","inLanguage":"fr-BE","@id":"https:\/\/avrupapress.com\/#\/schema\/person\/image\/","url":"https:\/\/secure.gravatar.com\/avatar\/0f23b280433a21e1ea7a0adcc46ed0ad16afe3ad8e630fd13d8a017dcbd54ef3?s=96&d=mm&r=g","contentUrl":"https:\/\/secure.gravatar.com\/avatar\/0f23b280433a21e1ea7a0adcc46ed0ad16afe3ad8e630fd13d8a017dcbd54ef3?s=96&d=mm&r=g","caption":"Bilgin \u00d6z\u00e7ift\u00e7i"},"logo":{"@id":"https:\/\/avrupapress.com\/#\/schema\/person\/image\/"},"description":"Ne ben, nede sen... Biz ancak \"biz\" olursak g\u00fc\u00e7l\u00fc olabiliriz"},{"@type":"Person","@id":"https:\/\/avrupapress.com\/#\/schema\/person\/68428444ec60970d1e1b700cf4ca1e8f","name":"Edit\u00f6r","image":{"@type":"ImageObject","inLanguage":"fr-BE","@id":"https:\/\/avrupapress.com\/#\/schema\/person\/image\/","url":"https:\/\/secure.gravatar.com\/avatar\/74996b0977aa5f1559ba9883776652508b229005c0d78fb2597897f0bd651c09?s=96&d=mm&r=g","contentUrl":"https:\/\/secure.gravatar.com\/avatar\/74996b0977aa5f1559ba9883776652508b229005c0d78fb2597897f0bd651c09?s=96&d=mm&r=g","caption":"Edit\u00f6r"},"sameAs":["http:\/\/www.avrupapress.com"],"url":"https:\/\/avrupapress.com\/main\/author\/editor\/"}]}},"_links":{"self":[{"href":"https:\/\/avrupapress.com\/main\/wp-json\/wp\/v2\/posts\/25604","targetHints":{"allow":["GET"]}}],"collection":[{"href":"https:\/\/avrupapress.com\/main\/wp-json\/wp\/v2\/posts"}],"about":[{"href":"https:\/\/avrupapress.com\/main\/wp-json\/wp\/v2\/types\/post"}],"author":[{"embeddable":true,"href":"https:\/\/avrupapress.com\/main\/wp-json\/wp\/v2\/users\/3"}],"replies":[{"embeddable":true,"href":"https:\/\/avrupapress.com\/main\/wp-json\/wp\/v2\/comments?post=25604"}],"version-history":[{"count":1,"href":"https:\/\/avrupapress.com\/main\/wp-json\/wp\/v2\/posts\/25604\/revisions"}],"predecessor-version":[{"id":25608,"href":"https:\/\/avrupapress.com\/main\/wp-json\/wp\/v2\/posts\/25604\/revisions\/25608"}],"wp:featuredmedia":[{"embeddable":true,"href":"https:\/\/avrupapress.com\/main\/wp-json\/wp\/v2\/media\/25607"}],"wp:attachment":[{"href":"https:\/\/avrupapress.com\/main\/wp-json\/wp\/v2\/media?parent=25604"}],"wp:term":[{"taxonomy":"category","embeddable":true,"href":"https:\/\/avrupapress.com\/main\/wp-json\/wp\/v2\/categories?post=25604"},{"taxonomy":"post_tag","embeddable":true,"href":"https:\/\/avrupapress.com\/main\/wp-json\/wp\/v2\/tags?post=25604"}],"curies":[{"name":"wp","href":"https:\/\/api.w.org\/{rel}","templated":true}]}}