{"id":25592,"date":"2024-03-25T17:22:58","date_gmt":"2024-03-25T17:22:58","guid":{"rendered":"https:\/\/avrupapress.com\/main\/?p=25592"},"modified":"2024-03-25T17:23:08","modified_gmt":"2024-03-25T17:23:08","slug":"belcikada-pkk-yandaslarinin-provokasyonuna-turk-vatandaslari-tepki-gosterdi","status":"publish","type":"post","link":"https:\/\/avrupapress.com\/main\/2024\/03\/25\/belcikada-pkk-yandaslarinin-provokasyonuna-turk-vatandaslari-tepki-gosterdi\/","title":{"rendered":"Bel\u00e7ika&rsquo;da PKK yanda\u015flar\u0131n\u0131n provokasyonuna T\u00fcrk vatanda\u015flar\u0131 tepki g\u00f6sterdi&#8230;."},"content":{"rendered":"<p>Belcika\u00a0\u00bbnin Heusden-Zolder&rsquo;de nevruz kutlamalar\u0131ndan d\u00f6nen PKK yanda\u015flar\u0131, arabalar\u0131nda ter\u00f6r \u00f6rg\u00fct\u00fc PKK&rsquo;y\u0131 simgeleyen pa\u00e7avralar ve eleba\u015f\u0131 Abdullah \u00d6calan&rsquo;\u0131n posterleriyle T\u00fcrk as\u0131ll\u0131 vatanda\u015flar\u0131n yo\u011funluklu ya\u015fad\u0131\u011f\u0131 caddede tur att\u0131.<\/p>\n<div dir=\"auto\"><\/div>\n<div dir=\"auto\">T\u00fcrklerin gruba tepki g\u00f6stermesi sonucu arbede ya\u015fand\u0131. Baz\u0131 ara\u00e7lar\u0131n ate\u015fe verildi\u011fi olay mahalline \u00e7ok say\u0131da polis ekibi sevk edildi. Polis, olaylar\u0131n s\u0131\u00e7rad\u0131\u011f\u0131 Houthalen-Helchteren il\u00e7esinde gruba tazyikli suyla m\u00fcdahale etti.<\/div>\n<div dir=\"auto\"><\/div>\n<div dir=\"auto\">Heusden-Zolder Belediye Ba\u015fkan Yard\u0131mc\u0131s\u0131 Yasin G\u00fcl, provokasyon ama\u00e7l\u0131 konvoya kat\u0131lanlar\u0131n T\u00fcrk as\u0131ll\u0131 bir vatanda\u015f\u0131 darbetti\u011fini s\u00f6yledi. G\u00fcl, &rsquo;60 y\u0131ld\u0131r burada Bat\u0131 Avrupa T\u00fcrkleri olarak ya\u015f\u0131yoruz. Daha \u00f6nce belediyemizde b\u00f6yle bir olaya rastlamad\u0131k. Belediyemizin n\u00fcfusunun hemen hemen d\u00f6rtte biri T\u00fcrk k\u00f6kenli vatanda\u015flar\u0131m\u0131zdan olu\u015fuyor.&rsquo; diye konu\u015ftu. Devlet yetkililerinin olaylar\u0131n ba\u015flamas\u0131 \u00fczerine gerekli ehemmiyeti g\u00f6sterdi\u011fini dile getiren G\u00fcl, civar kent ve \u00fclkelerden ter\u00f6r \u00f6rg\u00fct\u00fc yanda\u015flar\u0131n\u0131n da gelerek olaylara kar\u0131\u015faca\u011f\u0131 s\u00f6ylentileri \u00fczerine polisin ilgili yollar\u0131 kesti\u011fini, giri\u015fleri kapatt\u0131\u011f\u0131n\u0131 aktard\u0131.<\/div>\n<div dir=\"auto\"><\/div>\n<div dir=\"auto\">Houthalen-Helchteren Belediye Ba\u015fkan\u0131 Alain Yzermans, yerel bas\u0131na yapt\u0131\u011f\u0131 a\u00e7\u0131klamada, olaylar\u0131n, PKK yanda\u015flar\u0131n\u0131n konvoyu s\u0131ras\u0131nda bir T\u00fcrk gencin sald\u0131r\u0131ya u\u011framas\u0131 sonucunda ba\u015flad\u0131\u011f\u0131n\u0131, bunun sosyal medyadan h\u0131zla yay\u0131lmas\u0131 \u00fczerine olaylar\u0131n b\u00fcy\u00fcd\u00fc\u011f\u00fcn\u00fc anlatt\u0131. Yzermans, durumun halihaz\u0131rda<\/div>\n<div dir=\"auto\">\n<div dir=\"auto\">sosyal medyadan h\u0131zla yay\u0131lmas\u0131 \u00fczerine olaylar\u0131n b\u00fcy\u00fcd\u00fc\u011f\u00fcn\u00fc anlatt\u0131. Yzermans, durumun halihaz\u0131rda kontrol alt\u0131na al\u0131nd\u0131\u011f\u0131n\u0131, polisin sabaha kadar devriye gezerek teyakkuzda kalaca\u011f\u0131n\u0131 kaydetti.<\/div>\n<div dir=\"auto\"><img loading=\"lazy\" decoding=\"async\" class=\"alignnone size-medium wp-image-25593\" src=\"https:\/\/avrupapress.com\/main\/wp-content\/uploads\/2024\/03\/PKK-5-275x300.jpg\" alt=\"\" width=\"275\" height=\"300\" srcset=\"https:\/\/avrupapress.com\/main\/wp-content\/uploads\/2024\/03\/PKK-5-275x300.jpg 275w, https:\/\/avrupapress.com\/main\/wp-content\/uploads\/2024\/03\/PKK-5.jpg 640w\" sizes=\"auto, (max-width: 275px) 100vw, 275px\" \/><\/div>\n<\/div>\n<div dir=\"auto\"><img loading=\"lazy\" decoding=\"async\" class=\"alignnone size-medium wp-image-25594\" src=\"https:\/\/avrupapress.com\/main\/wp-content\/uploads\/2024\/03\/PKK-3-Kopya-300x164.jpg\" alt=\"\" width=\"300\" height=\"164\" srcset=\"https:\/\/avrupapress.com\/main\/wp-content\/uploads\/2024\/03\/PKK-3-Kopya-300x164.jpg 300w, https:\/\/avrupapress.com\/main\/wp-content\/uploads\/2024\/03\/PKK-3-Kopya.jpg 640w\" sizes=\"auto, (max-width: 300px) 100vw, 300px\" \/><\/div>\n<div dir=\"auto\"><img loading=\"lazy\" decoding=\"async\" class=\"alignnone size-medium wp-image-25595\" src=\"https:\/\/avrupapress.com\/main\/wp-content\/uploads\/2024\/03\/PKK-1-300x287.jpg\" alt=\"\" width=\"300\" height=\"287\" srcset=\"https:\/\/avrupapress.com\/main\/wp-content\/uploads\/2024\/03\/PKK-1-300x287.jpg 300w, https:\/\/avrupapress.com\/main\/wp-content\/uploads\/2024\/03\/PKK-1.jpg 640w\" sizes=\"auto, (max-width: 300px) 100vw, 300px\" \/><\/div>\n<div dir=\"auto\">\n<div dir=\"auto\"><\/div>\n<\/div>\n","protected":false},"excerpt":{"rendered":"<p>Belcika\u00a0\u00bbnin Heusden-Zolder&rsquo;de nevruz kutlamalar\u0131ndan d\u00f6nen PKK yanda\u015flar\u0131, arabalar\u0131nda ter\u00f6r \u00f6rg\u00fct\u00fc PKK&rsquo;y\u0131 simgeleyen pa\u00e7avralar ve eleba\u015f\u0131 Abdullah \u00d6calan&rsquo;\u0131n posterleriyle T\u00fcrk as\u0131ll\u0131 vatanda\u015flar\u0131n yo\u011funluklu ya\u015fad\u0131\u011f\u0131 caddede tur att\u0131. T\u00fcrklerin gruba tepki g\u00f6stermesi sonucu arbede ya\u015fand\u0131. Baz\u0131 ara\u00e7lar\u0131n ate\u015fe verildi\u011fi olay mahalline \u00e7ok say\u0131da polis ekibi sevk edildi. Polis, olaylar\u0131n s\u0131\u00e7rad\u0131\u011f\u0131 Houthalen-Helchteren il\u00e7esinde gruba tazyikli suyla m\u00fcdahale etti. [&hellip;]<\/p>\n","protected":false},"author":3,"featured_media":25593,"comment_status":"closed","ping_status":"open","sticky":false,"template":"","format":"standard","meta":{"footnotes":""},"categories":[14,16,3,17,18,15,19,2,1],"tags":[],"class_list":["post-25592","post","type-post","status-publish","format-standard","has-post-thumbnail","hentry","category-avrupa","category-belcika","category-dunya","category-ekonomi","category-kultur-sanat","category-spor","category-tanitim","category-turkiye","category-uncategorized"],"yoast_head":"<!-- This site is optimized with the Yoast SEO plugin v26.9 - https:\/\/yoast.com\/product\/yoast-seo-wordpress\/ -->\n<title>Bel\u00e7ika&#039;da PKK yanda\u015flar\u0131n\u0131n provokasyonuna T\u00fcrk vatanda\u015flar\u0131 tepki g\u00f6sterdi.... - AvrupaPress<\/title>\n<meta name=\"robots\" content=\"index, follow, max-snippet:-1, max-image-preview:large, max-video-preview:-1\" \/>\n<link rel=\"canonical\" href=\"https:\/\/avrupapress.com\/main\/2024\/03\/25\/belcikada-pkk-yandaslarinin-provokasyonuna-turk-vatandaslari-tepki-gosterdi\/\" \/>\n<meta property=\"og:locale\" content=\"fr_FR\" \/>\n<meta property=\"og:type\" content=\"article\" \/>\n<meta property=\"og:title\" content=\"Bel\u00e7ika&#039;da PKK yanda\u015flar\u0131n\u0131n provokasyonuna T\u00fcrk vatanda\u015flar\u0131 tepki g\u00f6sterdi.... - AvrupaPress\" \/>\n<meta property=\"og:description\" content=\"Belcika\u00a0\u00bbnin Heusden-Zolder&rsquo;de nevruz kutlamalar\u0131ndan d\u00f6nen PKK yanda\u015flar\u0131, arabalar\u0131nda ter\u00f6r \u00f6rg\u00fct\u00fc PKK&rsquo;y\u0131 simgeleyen pa\u00e7avralar ve eleba\u015f\u0131 Abdullah \u00d6calan&rsquo;\u0131n posterleriyle T\u00fcrk as\u0131ll\u0131 vatanda\u015flar\u0131n yo\u011funluklu ya\u015fad\u0131\u011f\u0131 caddede tur att\u0131. T\u00fcrklerin gruba tepki g\u00f6stermesi sonucu arbede ya\u015fand\u0131. Baz\u0131 ara\u00e7lar\u0131n ate\u015fe verildi\u011fi olay mahalline \u00e7ok say\u0131da polis ekibi sevk edildi. Polis, olaylar\u0131n s\u0131\u00e7rad\u0131\u011f\u0131 Houthalen-Helchteren il\u00e7esinde gruba tazyikli suyla m\u00fcdahale etti. [&hellip;]\" \/>\n<meta property=\"og:url\" content=\"https:\/\/avrupapress.com\/main\/2024\/03\/25\/belcikada-pkk-yandaslarinin-provokasyonuna-turk-vatandaslari-tepki-gosterdi\/\" \/>\n<meta property=\"og:site_name\" content=\"AvrupaPress\" \/>\n<meta property=\"article:published_time\" content=\"2024-03-25T17:22:58+00:00\" \/>\n<meta property=\"article:modified_time\" content=\"2024-03-25T17:23:08+00:00\" \/>\n<meta property=\"og:image\" content=\"https:\/\/avrupapress.com\/main\/wp-content\/uploads\/2024\/03\/PKK-5.jpg\" \/>\n\t<meta property=\"og:image:width\" content=\"640\" \/>\n\t<meta property=\"og:image:height\" content=\"698\" \/>\n\t<meta property=\"og:image:type\" content=\"image\/jpeg\" \/>\n<meta name=\"author\" content=\"Edit\u00f6r\" \/>\n<meta name=\"twitter:card\" content=\"summary_large_image\" \/>\n<meta name=\"twitter:label1\" content=\"\u00c9crit par\" \/>\n\t<meta name=\"twitter:data1\" content=\"Edit\u00f6r\" \/>\n\t<meta name=\"twitter:label2\" content=\"Dur\u00e9e de lecture est.\" \/>\n\t<meta name=\"twitter:data2\" content=\"2 minutes\" \/>\n<script type=\"application\/ld+json\" class=\"yoast-schema-graph\">{\"@context\":\"https:\/\/schema.org\",\"@graph\":[{\"@type\":\"Article\",\"@id\":\"https:\/\/avrupapress.com\/main\/2024\/03\/25\/belcikada-pkk-yandaslarinin-provokasyonuna-turk-vatandaslari-tepki-gosterdi\/#article\",\"isPartOf\":{\"@id\":\"https:\/\/avrupapress.com\/main\/2024\/03\/25\/belcikada-pkk-yandaslarinin-provokasyonuna-turk-vatandaslari-tepki-gosterdi\/\"},\"author\":{\"name\":\"Edit\u00f6r\",\"@id\":\"https:\/\/avrupapress.com\/#\/schema\/person\/68428444ec60970d1e1b700cf4ca1e8f\"},\"headline\":\"Bel\u00e7ika&rsquo;da PKK yanda\u015flar\u0131n\u0131n provokasyonuna T\u00fcrk vatanda\u015flar\u0131 tepki g\u00f6sterdi&#8230;.\",\"datePublished\":\"2024-03-25T17:22:58+00:00\",\"dateModified\":\"2024-03-25T17:23:08+00:00\",\"mainEntityOfPage\":{\"@id\":\"https:\/\/avrupapress.com\/main\/2024\/03\/25\/belcikada-pkk-yandaslarinin-provokasyonuna-turk-vatandaslari-tepki-gosterdi\/\"},\"wordCount\":303,\"publisher\":{\"@id\":\"https:\/\/avrupapress.com\/#\/schema\/person\/0223dca19c72c43575bf30d1a2d8f4fa\"},\"image\":{\"@id\":\"https:\/\/avrupapress.com\/main\/2024\/03\/25\/belcikada-pkk-yandaslarinin-provokasyonuna-turk-vatandaslari-tepki-gosterdi\/#primaryimage\"},\"thumbnailUrl\":\"https:\/\/avrupapress.com\/main\/wp-content\/uploads\/2024\/03\/PKK-5.jpg\",\"articleSection\":[\"Avrupa\",\"Bel\u00e7ika\",\"D\u00fcnya\",\"Ekonomi\",\"K\u00fclt\u00fcr-Sanat\",\"Spor\",\"Tan\u0131t\u0131m\",\"T\u00fcrkiye\",\"Uncategorized\"],\"inLanguage\":\"fr-BE\"},{\"@type\":\"WebPage\",\"@id\":\"https:\/\/avrupapress.com\/main\/2024\/03\/25\/belcikada-pkk-yandaslarinin-provokasyonuna-turk-vatandaslari-tepki-gosterdi\/\",\"url\":\"https:\/\/avrupapress.com\/main\/2024\/03\/25\/belcikada-pkk-yandaslarinin-provokasyonuna-turk-vatandaslari-tepki-gosterdi\/\",\"name\":\"Bel\u00e7ika'da PKK yanda\u015flar\u0131n\u0131n provokasyonuna T\u00fcrk vatanda\u015flar\u0131 tepki g\u00f6sterdi.... - AvrupaPress\",\"isPartOf\":{\"@id\":\"https:\/\/avrupapress.com\/#website\"},\"primaryImageOfPage\":{\"@id\":\"https:\/\/avrupapress.com\/main\/2024\/03\/25\/belcikada-pkk-yandaslarinin-provokasyonuna-turk-vatandaslari-tepki-gosterdi\/#primaryimage\"},\"image\":{\"@id\":\"https:\/\/avrupapress.com\/main\/2024\/03\/25\/belcikada-pkk-yandaslarinin-provokasyonuna-turk-vatandaslari-tepki-gosterdi\/#primaryimage\"},\"thumbnailUrl\":\"https:\/\/avrupapress.com\/main\/wp-content\/uploads\/2024\/03\/PKK-5.jpg\",\"datePublished\":\"2024-03-25T17:22:58+00:00\",\"dateModified\":\"2024-03-25T17:23:08+00:00\",\"breadcrumb\":{\"@id\":\"https:\/\/avrupapress.com\/main\/2024\/03\/25\/belcikada-pkk-yandaslarinin-provokasyonuna-turk-vatandaslari-tepki-gosterdi\/#breadcrumb\"},\"inLanguage\":\"fr-BE\",\"potentialAction\":[{\"@type\":\"ReadAction\",\"target\":[\"https:\/\/avrupapress.com\/main\/2024\/03\/25\/belcikada-pkk-yandaslarinin-provokasyonuna-turk-vatandaslari-tepki-gosterdi\/\"]}]},{\"@type\":\"ImageObject\",\"inLanguage\":\"fr-BE\",\"@id\":\"https:\/\/avrupapress.com\/main\/2024\/03\/25\/belcikada-pkk-yandaslarinin-provokasyonuna-turk-vatandaslari-tepki-gosterdi\/#primaryimage\",\"url\":\"https:\/\/avrupapress.com\/main\/wp-content\/uploads\/2024\/03\/PKK-5.jpg\",\"contentUrl\":\"https:\/\/avrupapress.com\/main\/wp-content\/uploads\/2024\/03\/PKK-5.jpg\",\"width\":640,\"height\":698},{\"@type\":\"BreadcrumbList\",\"@id\":\"https:\/\/avrupapress.com\/main\/2024\/03\/25\/belcikada-pkk-yandaslarinin-provokasyonuna-turk-vatandaslari-tepki-gosterdi\/#breadcrumb\",\"itemListElement\":[{\"@type\":\"ListItem\",\"position\":1,\"name\":\"Anasayfa\",\"item\":\"https:\/\/avrupapress.com\/\"},{\"@type\":\"ListItem\",\"position\":2,\"name\":\"Bel\u00e7ika&rsquo;da PKK yanda\u015flar\u0131n\u0131n provokasyonuna T\u00fcrk vatanda\u015flar\u0131 tepki g\u00f6sterdi&#8230;.\"}]},{\"@type\":\"WebSite\",\"@id\":\"https:\/\/avrupapress.com\/#website\",\"url\":\"https:\/\/avrupapress.com\/\",\"name\":\"AvrupaPress\",\"description\":\"Haberin Adresi\",\"publisher\":{\"@id\":\"https:\/\/avrupapress.com\/#\/schema\/person\/0223dca19c72c43575bf30d1a2d8f4fa\"},\"potentialAction\":[{\"@type\":\"SearchAction\",\"target\":{\"@type\":\"EntryPoint\",\"urlTemplate\":\"https:\/\/avrupapress.com\/?s={search_term_string}\"},\"query-input\":{\"@type\":\"PropertyValueSpecification\",\"valueRequired\":true,\"valueName\":\"search_term_string\"}}],\"inLanguage\":\"fr-BE\"},{\"@type\":[\"Person\",\"Organization\"],\"@id\":\"https:\/\/avrupapress.com\/#\/schema\/person\/0223dca19c72c43575bf30d1a2d8f4fa\",\"name\":\"Bilgin \u00d6z\u00e7ift\u00e7i\",\"image\":{\"@type\":\"ImageObject\",\"inLanguage\":\"fr-BE\",\"@id\":\"https:\/\/avrupapress.com\/#\/schema\/person\/image\/\",\"url\":\"https:\/\/secure.gravatar.com\/avatar\/0f23b280433a21e1ea7a0adcc46ed0ad16afe3ad8e630fd13d8a017dcbd54ef3?s=96&d=mm&r=g\",\"contentUrl\":\"https:\/\/secure.gravatar.com\/avatar\/0f23b280433a21e1ea7a0adcc46ed0ad16afe3ad8e630fd13d8a017dcbd54ef3?s=96&d=mm&r=g\",\"caption\":\"Bilgin \u00d6z\u00e7ift\u00e7i\"},\"logo\":{\"@id\":\"https:\/\/avrupapress.com\/#\/schema\/person\/image\/\"},\"description\":\"Ne ben, nede sen... Biz ancak \\\"biz\\\" olursak g\u00fc\u00e7l\u00fc olabiliriz\"},{\"@type\":\"Person\",\"@id\":\"https:\/\/avrupapress.com\/#\/schema\/person\/68428444ec60970d1e1b700cf4ca1e8f\",\"name\":\"Edit\u00f6r\",\"image\":{\"@type\":\"ImageObject\",\"inLanguage\":\"fr-BE\",\"@id\":\"https:\/\/avrupapress.com\/#\/schema\/person\/image\/\",\"url\":\"https:\/\/secure.gravatar.com\/avatar\/74996b0977aa5f1559ba9883776652508b229005c0d78fb2597897f0bd651c09?s=96&d=mm&r=g\",\"contentUrl\":\"https:\/\/secure.gravatar.com\/avatar\/74996b0977aa5f1559ba9883776652508b229005c0d78fb2597897f0bd651c09?s=96&d=mm&r=g\",\"caption\":\"Edit\u00f6r\"},\"sameAs\":[\"http:\/\/www.avrupapress.com\"],\"url\":\"https:\/\/avrupapress.com\/main\/author\/editor\/\"}]}<\/script>\n<!-- \/ Yoast SEO plugin. -->","yoast_head_json":{"title":"Bel\u00e7ika'da PKK yanda\u015flar\u0131n\u0131n provokasyonuna T\u00fcrk vatanda\u015flar\u0131 tepki g\u00f6sterdi.... - AvrupaPress","robots":{"index":"index","follow":"follow","max-snippet":"max-snippet:-1","max-image-preview":"max-image-preview:large","max-video-preview":"max-video-preview:-1"},"canonical":"https:\/\/avrupapress.com\/main\/2024\/03\/25\/belcikada-pkk-yandaslarinin-provokasyonuna-turk-vatandaslari-tepki-gosterdi\/","og_locale":"fr_FR","og_type":"article","og_title":"Bel\u00e7ika'da PKK yanda\u015flar\u0131n\u0131n provokasyonuna T\u00fcrk vatanda\u015flar\u0131 tepki g\u00f6sterdi.... - AvrupaPress","og_description":"Belcika\u00a0\u00bbnin Heusden-Zolder&rsquo;de nevruz kutlamalar\u0131ndan d\u00f6nen PKK yanda\u015flar\u0131, arabalar\u0131nda ter\u00f6r \u00f6rg\u00fct\u00fc PKK&rsquo;y\u0131 simgeleyen pa\u00e7avralar ve eleba\u015f\u0131 Abdullah \u00d6calan&rsquo;\u0131n posterleriyle T\u00fcrk as\u0131ll\u0131 vatanda\u015flar\u0131n yo\u011funluklu ya\u015fad\u0131\u011f\u0131 caddede tur att\u0131. T\u00fcrklerin gruba tepki g\u00f6stermesi sonucu arbede ya\u015fand\u0131. Baz\u0131 ara\u00e7lar\u0131n ate\u015fe verildi\u011fi olay mahalline \u00e7ok say\u0131da polis ekibi sevk edildi. Polis, olaylar\u0131n s\u0131\u00e7rad\u0131\u011f\u0131 Houthalen-Helchteren il\u00e7esinde gruba tazyikli suyla m\u00fcdahale etti. [&hellip;]","og_url":"https:\/\/avrupapress.com\/main\/2024\/03\/25\/belcikada-pkk-yandaslarinin-provokasyonuna-turk-vatandaslari-tepki-gosterdi\/","og_site_name":"AvrupaPress","article_published_time":"2024-03-25T17:22:58+00:00","article_modified_time":"2024-03-25T17:23:08+00:00","og_image":[{"width":640,"height":698,"url":"https:\/\/avrupapress.com\/main\/wp-content\/uploads\/2024\/03\/PKK-5.jpg","type":"image\/jpeg"}],"author":"Edit\u00f6r","twitter_card":"summary_large_image","twitter_misc":{"\u00c9crit par":"Edit\u00f6r","Dur\u00e9e de lecture est.":"2 minutes"},"schema":{"@context":"https:\/\/schema.org","@graph":[{"@type":"Article","@id":"https:\/\/avrupapress.com\/main\/2024\/03\/25\/belcikada-pkk-yandaslarinin-provokasyonuna-turk-vatandaslari-tepki-gosterdi\/#article","isPartOf":{"@id":"https:\/\/avrupapress.com\/main\/2024\/03\/25\/belcikada-pkk-yandaslarinin-provokasyonuna-turk-vatandaslari-tepki-gosterdi\/"},"author":{"name":"Edit\u00f6r","@id":"https:\/\/avrupapress.com\/#\/schema\/person\/68428444ec60970d1e1b700cf4ca1e8f"},"headline":"Bel\u00e7ika&rsquo;da PKK yanda\u015flar\u0131n\u0131n provokasyonuna T\u00fcrk vatanda\u015flar\u0131 tepki g\u00f6sterdi&#8230;.","datePublished":"2024-03-25T17:22:58+00:00","dateModified":"2024-03-25T17:23:08+00:00","mainEntityOfPage":{"@id":"https:\/\/avrupapress.com\/main\/2024\/03\/25\/belcikada-pkk-yandaslarinin-provokasyonuna-turk-vatandaslari-tepki-gosterdi\/"},"wordCount":303,"publisher":{"@id":"https:\/\/avrupapress.com\/#\/schema\/person\/0223dca19c72c43575bf30d1a2d8f4fa"},"image":{"@id":"https:\/\/avrupapress.com\/main\/2024\/03\/25\/belcikada-pkk-yandaslarinin-provokasyonuna-turk-vatandaslari-tepki-gosterdi\/#primaryimage"},"thumbnailUrl":"https:\/\/avrupapress.com\/main\/wp-content\/uploads\/2024\/03\/PKK-5.jpg","articleSection":["Avrupa","Bel\u00e7ika","D\u00fcnya","Ekonomi","K\u00fclt\u00fcr-Sanat","Spor","Tan\u0131t\u0131m","T\u00fcrkiye","Uncategorized"],"inLanguage":"fr-BE"},{"@type":"WebPage","@id":"https:\/\/avrupapress.com\/main\/2024\/03\/25\/belcikada-pkk-yandaslarinin-provokasyonuna-turk-vatandaslari-tepki-gosterdi\/","url":"https:\/\/avrupapress.com\/main\/2024\/03\/25\/belcikada-pkk-yandaslarinin-provokasyonuna-turk-vatandaslari-tepki-gosterdi\/","name":"Bel\u00e7ika'da PKK yanda\u015flar\u0131n\u0131n provokasyonuna T\u00fcrk vatanda\u015flar\u0131 tepki g\u00f6sterdi.... - AvrupaPress","isPartOf":{"@id":"https:\/\/avrupapress.com\/#website"},"primaryImageOfPage":{"@id":"https:\/\/avrupapress.com\/main\/2024\/03\/25\/belcikada-pkk-yandaslarinin-provokasyonuna-turk-vatandaslari-tepki-gosterdi\/#primaryimage"},"image":{"@id":"https:\/\/avrupapress.com\/main\/2024\/03\/25\/belcikada-pkk-yandaslarinin-provokasyonuna-turk-vatandaslari-tepki-gosterdi\/#primaryimage"},"thumbnailUrl":"https:\/\/avrupapress.com\/main\/wp-content\/uploads\/2024\/03\/PKK-5.jpg","datePublished":"2024-03-25T17:22:58+00:00","dateModified":"2024-03-25T17:23:08+00:00","breadcrumb":{"@id":"https:\/\/avrupapress.com\/main\/2024\/03\/25\/belcikada-pkk-yandaslarinin-provokasyonuna-turk-vatandaslari-tepki-gosterdi\/#breadcrumb"},"inLanguage":"fr-BE","potentialAction":[{"@type":"ReadAction","target":["https:\/\/avrupapress.com\/main\/2024\/03\/25\/belcikada-pkk-yandaslarinin-provokasyonuna-turk-vatandaslari-tepki-gosterdi\/"]}]},{"@type":"ImageObject","inLanguage":"fr-BE","@id":"https:\/\/avrupapress.com\/main\/2024\/03\/25\/belcikada-pkk-yandaslarinin-provokasyonuna-turk-vatandaslari-tepki-gosterdi\/#primaryimage","url":"https:\/\/avrupapress.com\/main\/wp-content\/uploads\/2024\/03\/PKK-5.jpg","contentUrl":"https:\/\/avrupapress.com\/main\/wp-content\/uploads\/2024\/03\/PKK-5.jpg","width":640,"height":698},{"@type":"BreadcrumbList","@id":"https:\/\/avrupapress.com\/main\/2024\/03\/25\/belcikada-pkk-yandaslarinin-provokasyonuna-turk-vatandaslari-tepki-gosterdi\/#breadcrumb","itemListElement":[{"@type":"ListItem","position":1,"name":"Anasayfa","item":"https:\/\/avrupapress.com\/"},{"@type":"ListItem","position":2,"name":"Bel\u00e7ika&rsquo;da PKK yanda\u015flar\u0131n\u0131n provokasyonuna T\u00fcrk vatanda\u015flar\u0131 tepki g\u00f6sterdi&#8230;."}]},{"@type":"WebSite","@id":"https:\/\/avrupapress.com\/#website","url":"https:\/\/avrupapress.com\/","name":"AvrupaPress","description":"Haberin Adresi","publisher":{"@id":"https:\/\/avrupapress.com\/#\/schema\/person\/0223dca19c72c43575bf30d1a2d8f4fa"},"potentialAction":[{"@type":"SearchAction","target":{"@type":"EntryPoint","urlTemplate":"https:\/\/avrupapress.com\/?s={search_term_string}"},"query-input":{"@type":"PropertyValueSpecification","valueRequired":true,"valueName":"search_term_string"}}],"inLanguage":"fr-BE"},{"@type":["Person","Organization"],"@id":"https:\/\/avrupapress.com\/#\/schema\/person\/0223dca19c72c43575bf30d1a2d8f4fa","name":"Bilgin \u00d6z\u00e7ift\u00e7i","image":{"@type":"ImageObject","inLanguage":"fr-BE","@id":"https:\/\/avrupapress.com\/#\/schema\/person\/image\/","url":"https:\/\/secure.gravatar.com\/avatar\/0f23b280433a21e1ea7a0adcc46ed0ad16afe3ad8e630fd13d8a017dcbd54ef3?s=96&d=mm&r=g","contentUrl":"https:\/\/secure.gravatar.com\/avatar\/0f23b280433a21e1ea7a0adcc46ed0ad16afe3ad8e630fd13d8a017dcbd54ef3?s=96&d=mm&r=g","caption":"Bilgin \u00d6z\u00e7ift\u00e7i"},"logo":{"@id":"https:\/\/avrupapress.com\/#\/schema\/person\/image\/"},"description":"Ne ben, nede sen... Biz ancak \"biz\" olursak g\u00fc\u00e7l\u00fc olabiliriz"},{"@type":"Person","@id":"https:\/\/avrupapress.com\/#\/schema\/person\/68428444ec60970d1e1b700cf4ca1e8f","name":"Edit\u00f6r","image":{"@type":"ImageObject","inLanguage":"fr-BE","@id":"https:\/\/avrupapress.com\/#\/schema\/person\/image\/","url":"https:\/\/secure.gravatar.com\/avatar\/74996b0977aa5f1559ba9883776652508b229005c0d78fb2597897f0bd651c09?s=96&d=mm&r=g","contentUrl":"https:\/\/secure.gravatar.com\/avatar\/74996b0977aa5f1559ba9883776652508b229005c0d78fb2597897f0bd651c09?s=96&d=mm&r=g","caption":"Edit\u00f6r"},"sameAs":["http:\/\/www.avrupapress.com"],"url":"https:\/\/avrupapress.com\/main\/author\/editor\/"}]}},"_links":{"self":[{"href":"https:\/\/avrupapress.com\/main\/wp-json\/wp\/v2\/posts\/25592","targetHints":{"allow":["GET"]}}],"collection":[{"href":"https:\/\/avrupapress.com\/main\/wp-json\/wp\/v2\/posts"}],"about":[{"href":"https:\/\/avrupapress.com\/main\/wp-json\/wp\/v2\/types\/post"}],"author":[{"embeddable":true,"href":"https:\/\/avrupapress.com\/main\/wp-json\/wp\/v2\/users\/3"}],"replies":[{"embeddable":true,"href":"https:\/\/avrupapress.com\/main\/wp-json\/wp\/v2\/comments?post=25592"}],"version-history":[{"count":1,"href":"https:\/\/avrupapress.com\/main\/wp-json\/wp\/v2\/posts\/25592\/revisions"}],"predecessor-version":[{"id":25596,"href":"https:\/\/avrupapress.com\/main\/wp-json\/wp\/v2\/posts\/25592\/revisions\/25596"}],"wp:featuredmedia":[{"embeddable":true,"href":"https:\/\/avrupapress.com\/main\/wp-json\/wp\/v2\/media\/25593"}],"wp:attachment":[{"href":"https:\/\/avrupapress.com\/main\/wp-json\/wp\/v2\/media?parent=25592"}],"wp:term":[{"taxonomy":"category","embeddable":true,"href":"https:\/\/avrupapress.com\/main\/wp-json\/wp\/v2\/categories?post=25592"},{"taxonomy":"post_tag","embeddable":true,"href":"https:\/\/avrupapress.com\/main\/wp-json\/wp\/v2\/tags?post=25592"}],"curies":[{"name":"wp","href":"https:\/\/api.w.org\/{rel}","templated":true}]}}