{"id":25587,"date":"2024-03-25T17:09:22","date_gmt":"2024-03-25T17:09:22","guid":{"rendered":"https:\/\/avrupapress.com\/main\/?p=25587"},"modified":"2024-03-25T17:09:54","modified_gmt":"2024-03-25T17:09:54","slug":"bahattin-gemicinin-yeni-kitabi-yunus-emre-destani-bana-seni-gerek-seni-yunus-emre-destani","status":"publish","type":"post","link":"https:\/\/avrupapress.com\/main\/2024\/03\/25\/bahattin-gemicinin-yeni-kitabi-yunus-emre-destani-bana-seni-gerek-seni-yunus-emre-destani\/","title":{"rendered":"BAHATT\u0130N GEM\u0130C\u0130&rsquo;N\u0130N YEN\u0130 K\u0130TABI &#8211; YUNUS EMRE DESTANI  \u201cBANA SEN\u0130 GEREK SEN\u0130 &#8211; Yunus Emre Destan\u0131\u201d"},"content":{"rendered":"<p class=\"x_yiv8905614241msonormal\"><span lang=\"TR\">E\u011fitimci -yazar Bahattin Gemici\u2019nin yirmi birinci kitab\u0131,\u00a0<b>\u201cBana Seni Gerek Seni &#8211; Yunus Emre Destan\u0131\u201d<\/b>\u00a0Ankara\u2019da, \u00dcr\u00fcn Yay\u0131nlar\u0131 aras\u0131nda \u00e7\u0131kt\u0131.<\/span><\/p>\n<p class=\"x_yiv8905614241msonormal\"><span lang=\"TR\">Gemici, \u201cBu kitab\u0131n Yunus Emre\u2019ye, onun \u015fiirlerine ilgiyi art\u0131raca\u011f\u0131na; toplumumuzda sevgi, sayg\u0131, bar\u0131\u015f ve ho\u015fg\u00f6r\u00fc k\u00fclt\u00fcr\u00fcn\u00fcn ye\u015fermesine katk\u0131da bulunaca\u011f\u0131na inan\u0131yorum.\u201d dedi.\u00a0<\/span><\/p>\n<p><b><span lang=\"TR\">Herten- Almanya<\/span><\/b><\/p>\n<p class=\"x_yiv8905614241msonormal\"><span lang=\"TR\">\u00a0\u00a0E\u011fitimci- yazar Bahattin Gemici, Dede Korkut\u2019tan ba\u015flayarak Anadolu\u2019nun sosyo &#8211; k\u00fclt\u00fcrel tarihine; erenlerine, ozanlar\u0131na ve yi\u011fitlerine de\u011finerek giri\u015f yapt\u0131\u011f\u0131\u00a0<b><i>\u201cBana Seni Gerek Seni- Yunus Emre Destan\u0131\u201d\u00a0<\/i><\/b>nda Hac\u0131 Bekta\u015f Veli\u2019yi, Mevl\u00e2na\u2019y\u0131, Tabduk Emre\u2019yi ve onun yan\u0131nda pi\u015fen tasavvuf ve halk \u015fairi Yunus\u2019un ya\u015fam\u0131n\u0131, onun ge\u00e7ti\u011fi dikenli yollar\u0131 ak\u0131c\u0131, duru bir dille anlat\u0131yor<i>.<\/i><\/span><\/p>\n<p class=\"x_yiv8905614241msonormal\"><span lang=\"TR\">\u00a0\u00a0\u00a0Gemici, Yunus\u2019un,\u00a0<i>\u201cGelin tan\u0131\u015f olal\u0131m \/ \u0130\u015fi kolay k\u0131lal\u0131m \/ Sevelim, sevilelim \/ D\u00fcnya kimseye kalmaz\u201d<\/i>\u00a0dizeleriyle insanlar\u0131 sevgiye, bar\u0131\u015fa, karde\u015fli\u011fe ve birli\u011fe davet etti\u011fini, bu y\u00fczden y\u00fczy\u0131llar \u00f6tesinden g\u00fcn\u00fcm\u00fcze geldi\u011fini ve g\u00fcncelli\u011fini korudu\u011funu s\u00f6yledi. Yunus\u2019un, \u00e7a\u011f\u0131n\u0131n k\u00fclt\u00fcr\u00fcn\u00fc, d\u00fc\u015f\u00fcn\u00fc\u015f bi\u00e7imini konu\u015fulan O\u011fuz T\u00fcrk\u00e7esiyle s\u00f6yledi\u011fi \u015fiirlerinde insan\u0131n kendisiyle, varl\u0131klarla ve Allah ile olan ili\u015fkilerini; do\u011fum, \u00f6l\u00fcm, ya\u015fam ve adalet konular\u0131n\u0131 ele ald\u0131\u011f\u0131n\u0131 ifade etti.<\/span><\/p>\n<p><b><span lang=\"TR\">YARADILANI HO\u015e G\u00d6RD\u00dcK<\/span><\/b><\/p>\n<p class=\"x_yiv8905614241msonormal\"><span lang=\"TR\">\u00a0\u201cYunus Emre, y\u00fcre\u011fi a\u015fkla, insan ve do\u011fa sevgisiyle dolu; c\u00fcmle yarat\u0131lm\u0131\u015fa bir g\u00f6z ile bakan, kin ve nefretten uzak; \u201c<i>Hakk\u2019\u0131 ger\u00e7ek sevenlere \/ C\u00fcmle alem karda\u015f gelir\u201d, \u201cYarad\u0131lan\u0131 ho\u015f g\u00f6rd\u00fck \/ Yaradandan \u00f6t\u00fcr\u00fc\u201d<\/i>\u00a0diyen ulu bir ozand\u0131r.\u201d dedi. Gemici, kitab\u0131n\u0131n ad\u0131n\u0131 Yunus\u2019un\u00a0<i>\u201cA\u015fk\u0131n ald\u0131 benden beni \/ Bana seni gerek seni \/ Ben yanar\u0131m d\u00fcn\u00fc g\u00fcn\u00fc \/ Bana seni gerek seni\u201d\u00a0<\/i>dizelerinden ald\u0131\u011f\u0131n\u0131 s\u00f6yledi.<\/span><\/p>\n<p class=\"x_yiv8905614241msonormal\"><span lang=\"TR\">\u00a0\u00a0 Yunus\u2019un 700 y\u0131l \u00f6nce Anadolu\u2019da i\u00e7 kar\u0131\u015f\u0131kl\u0131klar ve Mo\u011fol bask\u0131nlar\u0131 d\u00f6neminde ya\u015fad\u0131\u011f\u0131n\u0131, Ankara\u2019n\u0131n Nall\u0131han- Emremsultan k\u00f6y\u00fcnde t\u00fcrbesi olan Tabduk Emre\u2019nin derg\u00e2h\u0131nda yeti\u015fti\u011fini ve tekkeye k\u0131rk y\u0131l odun ta\u015f\u0131d\u0131\u011f\u0131n\u0131, mezar\u0131n\u0131n Eski\u015fehir\u2019in Mihal\u0131\u00e7\u00e7\u0131k il\u00e7esinin Sar\u0131k\u00f6y\u2019\u00fcnde bulundu\u011funu belirten Gemici, \u201cOnun \u015fiirleri manevi d\u00fcnyam\u0131z\u0131 zenginle\u015ftirmektedir.\u201d dedi.<\/span><\/p>\n<p><b><span lang=\"TR\">ANADOLU\u2019DAN D\u00dcNYAYA B\u0130R SEVG\u0130 SELAMI<\/span><\/b><\/p>\n<p class=\"x_yiv8905614241msonormal\"><span lang=\"TR\">\u015eair- yazar Ahmet \u00d6zer, kitaba yazd\u0131\u011f\u0131 \u00f6ns\u00f6zde \u015fu g\u00f6r\u00fc\u015flere yer verdi:<i>\u00a0\u201c\u0130nsanl\u0131k, onca teknolojiyle tan\u0131\u015f\u0131p onu i\u00e7selle\u015ftirse de insani \u00f6z\u00fcn\u00fc e\u011fitemedi\u011fi i\u00e7in bu alanda yeterli yol alamad\u0131. Sava\u015flar\u0131n, y\u0131k\u0131mlar\u0131n, \u00f6l\u00fcmlerin, bozgunlar\u0131n biri \u00f6b\u00fcr\u00fcn\u00fc haz\u0131rlad\u0131. \u0130nsanl\u0131k bu karma\u015fa i\u00e7inde bar\u0131\u015f\u0131, sevgiyi, huzuru, dostlu\u011fu, g\u00fczelli\u011fi arad\u0131 durdu. Bulamad\u0131 da\u2026 Yunus Emre, bu de\u011ferleri ya\u015fam\u0131nda, varl\u0131\u011f\u0131nda, s\u00f6z\u00fcnde, \u00f6z\u00fcnde \u015fiirinde ta\u015f\u0131d\u0131\u011f\u0131 i\u00e7in salt \u00fclkemizin d\u00f6rt bir yan\u0131nda de\u011fil d\u00fcnyaca da seviliyor, say\u0131l\u0131yor, \u00f6nemseniyor, benimseniyor.<\/i><\/span><\/p>\n<p class=\"x_yiv8905614241msonormal\"><i><span lang=\"TR\">\u00a0\u00a0\u00a0Bahattin Gemici,\u00a0<b>Bana Seni Gerek Seni &#8211;<\/b>\u00a0<b>Yunus Emre Destan\u0131<\/b>\u00a0yap\u0131t\u0131yla \u00e7a\u011f\u0131m\u0131z insan\u0131n\u0131n bar\u0131\u015fa ne denli gereksiniminin oldu\u011fu d\u00fc\u015f\u00fcncesini \u00f6nde tutarak Anadolu\u2019dan d\u00fcnyaya bir sevgi selam\u0131 g\u00f6ndermeyi ama\u00e7l\u0131yor. Yunus Emre\u2019yi aram\u0131zda ya\u015fayan, bizi ard\u0131na takarak sonsuz g\u00fczelli\u011fe g\u00f6t\u00fcren bir de\u011fer olarak yorumluyor.\u201d<\/span><\/i><\/p>\n<p><b><span lang=\"TR\">YUNUS EVRENSELD\u0130R<\/span><\/b><\/p>\n<p class=\"x_yiv8905614241msonormal\"><span lang=\"TR\">Bilindi\u011fi gibi<\/span><span lang=\"TR\">\u00a0Birle\u015fmi\u015f Milletler E\u011fitim, Bilim ve K\u00fclt\u00fcr \u00d6rg\u00fct\u00fc UNESCO 1991 y\u0131l\u0131n\u0131\u00a0<i>\u201cYunus Emre Sevgi Y\u0131l\u0131\u201d<\/i>\u00a0ilan etmi\u015f, onu d\u00fcnya geneline tan\u0131tmak i\u00e7in etkinlikler d\u00fczenlemi\u015fti. 2021 y\u0131l\u0131 da vefat\u0131n\u0131n 700. Y\u0131ld\u00f6n\u00fcm\u00fc dolay\u0131s\u0131yla UNESCO taraf\u0131ndan anma ve kutlama y\u0131ld\u00f6n\u00fcmleri izlencesine al\u0131nm\u0131\u015ft\u0131. 2021 y\u0131l\u0131 da \u00fclkemizde\u00a0<i>\u201cYunus Emre ve T\u00fcrk\u00e7e Y\u0131l\u0131\u201d<\/i>\u00a0olarak kutlanm\u0131\u015ft\u0131.<\/span><\/p>\n<p class=\"x_yiv8905614241msonormal\"><i><span lang=\"TR\">\u00a0<\/span><\/i><span lang=\"TR\">\u00a0\u00a0\u00a0<\/span><span lang=\"TR\">\u0130lgi duyanlar kitab\u0131\u00a0<a id=\"LPlnk467776\" href=\"mailto:BGemici@aol.com\" data-linkindex=\"0\">BGemici@aol.com<\/a>\u00a0adresinden \u0131smarlayabilir.\u00a0\u00a0\u00a0 146 sayfa, 9.80 Euro.<\/span><\/p>\n<p><img loading=\"lazy\" decoding=\"async\" class=\"alignnone size-medium wp-image-25588\" src=\"https:\/\/avrupapress.com\/main\/wp-content\/uploads\/2024\/03\/thumbnail_Screenshot_20230719_134141_Gallery-300x290.jpg\" alt=\"\" width=\"300\" height=\"290\" srcset=\"https:\/\/avrupapress.com\/main\/wp-content\/uploads\/2024\/03\/thumbnail_Screenshot_20230719_134141_Gallery-300x290.jpg 300w, https:\/\/avrupapress.com\/main\/wp-content\/uploads\/2024\/03\/thumbnail_Screenshot_20230719_134141_Gallery.jpg 720w\" sizes=\"auto, (max-width: 300px) 100vw, 300px\" \/><\/p>\n<p><img loading=\"lazy\" decoding=\"async\" class=\"alignnone size-medium wp-image-25589\" src=\"https:\/\/avrupapress.com\/main\/wp-content\/uploads\/2024\/03\/thumbnail_FB_IMG_1710575272338-207x300.jpg\" alt=\"\" width=\"207\" height=\"300\" srcset=\"https:\/\/avrupapress.com\/main\/wp-content\/uploads\/2024\/03\/thumbnail_FB_IMG_1710575272338-207x300.jpg 207w, https:\/\/avrupapress.com\/main\/wp-content\/uploads\/2024\/03\/thumbnail_FB_IMG_1710575272338.jpg 661w\" sizes=\"auto, (max-width: 207px) 100vw, 207px\" \/><\/p>\n<p><strong>Bilgin Ozcifci\u00a0 \u00a0 \u00a0 \u00a0\/\u00a0 \u00a0 \u00a0 \u00a0AVRUPAPRESS<\/strong><\/p>\n<p class=\"x_yiv8905614241msonormal\" align=\"center\">\n","protected":false},"excerpt":{"rendered":"<p>E\u011fitimci -yazar Bahattin Gemici\u2019nin yirmi birinci kitab\u0131,\u00a0\u201cBana Seni Gerek Seni &#8211; Yunus Emre Destan\u0131\u201d\u00a0Ankara\u2019da, \u00dcr\u00fcn Yay\u0131nlar\u0131 aras\u0131nda \u00e7\u0131kt\u0131. Gemici, \u201cBu kitab\u0131n Yunus Emre\u2019ye, onun \u015fiirlerine ilgiyi art\u0131raca\u011f\u0131na; toplumumuzda sevgi, sayg\u0131, bar\u0131\u015f ve ho\u015fg\u00f6r\u00fc k\u00fclt\u00fcr\u00fcn\u00fcn ye\u015fermesine katk\u0131da bulunaca\u011f\u0131na inan\u0131yorum.\u201d dedi.\u00a0 Herten- Almanya \u00a0\u00a0E\u011fitimci- yazar Bahattin Gemici, Dede Korkut\u2019tan ba\u015flayarak Anadolu\u2019nun sosyo &#8211; k\u00fclt\u00fcrel tarihine; erenlerine, ozanlar\u0131na [&hellip;]<\/p>\n","protected":false},"author":3,"featured_media":25588,"comment_status":"closed","ping_status":"open","sticky":false,"template":"","format":"standard","meta":{"footnotes":""},"categories":[14,16,3,17,18,15,19,2,1],"tags":[],"class_list":["post-25587","post","type-post","status-publish","format-standard","has-post-thumbnail","hentry","category-avrupa","category-belcika","category-dunya","category-ekonomi","category-kultur-sanat","category-spor","category-tanitim","category-turkiye","category-uncategorized"],"yoast_head":"<!-- This site is optimized with the Yoast SEO plugin v26.9 - https:\/\/yoast.com\/product\/yoast-seo-wordpress\/ -->\n<title>BAHATT\u0130N GEM\u0130C\u0130&#039;N\u0130N YEN\u0130 K\u0130TABI - YUNUS EMRE DESTANI \u201cBANA SEN\u0130 GEREK SEN\u0130 - Yunus Emre Destan\u0131\u201d - AvrupaPress<\/title>\n<meta name=\"robots\" content=\"index, follow, max-snippet:-1, max-image-preview:large, max-video-preview:-1\" \/>\n<link rel=\"canonical\" href=\"https:\/\/avrupapress.com\/main\/2024\/03\/25\/bahattin-gemicinin-yeni-kitabi-yunus-emre-destani-bana-seni-gerek-seni-yunus-emre-destani\/\" \/>\n<meta property=\"og:locale\" content=\"fr_FR\" \/>\n<meta property=\"og:type\" content=\"article\" \/>\n<meta property=\"og:title\" content=\"BAHATT\u0130N GEM\u0130C\u0130&#039;N\u0130N YEN\u0130 K\u0130TABI - YUNUS EMRE DESTANI \u201cBANA SEN\u0130 GEREK SEN\u0130 - Yunus Emre Destan\u0131\u201d - AvrupaPress\" \/>\n<meta property=\"og:description\" content=\"E\u011fitimci -yazar Bahattin Gemici\u2019nin yirmi birinci kitab\u0131,\u00a0\u201cBana Seni Gerek Seni &#8211; Yunus Emre Destan\u0131\u201d\u00a0Ankara\u2019da, \u00dcr\u00fcn Yay\u0131nlar\u0131 aras\u0131nda \u00e7\u0131kt\u0131. Gemici, \u201cBu kitab\u0131n Yunus Emre\u2019ye, onun \u015fiirlerine ilgiyi art\u0131raca\u011f\u0131na; toplumumuzda sevgi, sayg\u0131, bar\u0131\u015f ve ho\u015fg\u00f6r\u00fc k\u00fclt\u00fcr\u00fcn\u00fcn ye\u015fermesine katk\u0131da bulunaca\u011f\u0131na inan\u0131yorum.\u201d dedi.\u00a0 Herten- Almanya \u00a0\u00a0E\u011fitimci- yazar Bahattin Gemici, Dede Korkut\u2019tan ba\u015flayarak Anadolu\u2019nun sosyo &#8211; k\u00fclt\u00fcrel tarihine; erenlerine, ozanlar\u0131na [&hellip;]\" \/>\n<meta property=\"og:url\" content=\"https:\/\/avrupapress.com\/main\/2024\/03\/25\/bahattin-gemicinin-yeni-kitabi-yunus-emre-destani-bana-seni-gerek-seni-yunus-emre-destani\/\" \/>\n<meta property=\"og:site_name\" content=\"AvrupaPress\" \/>\n<meta property=\"article:published_time\" content=\"2024-03-25T17:09:22+00:00\" \/>\n<meta property=\"article:modified_time\" content=\"2024-03-25T17:09:54+00:00\" \/>\n<meta property=\"og:image\" content=\"https:\/\/avrupapress.com\/main\/wp-content\/uploads\/2024\/03\/thumbnail_Screenshot_20230719_134141_Gallery.jpg\" \/>\n\t<meta property=\"og:image:width\" content=\"720\" \/>\n\t<meta property=\"og:image:height\" content=\"696\" \/>\n\t<meta property=\"og:image:type\" content=\"image\/jpeg\" \/>\n<meta name=\"author\" content=\"Edit\u00f6r\" \/>\n<meta name=\"twitter:card\" content=\"summary_large_image\" \/>\n<meta name=\"twitter:label1\" content=\"\u00c9crit par\" \/>\n\t<meta name=\"twitter:data1\" content=\"Edit\u00f6r\" \/>\n\t<meta name=\"twitter:label2\" content=\"Dur\u00e9e de lecture est.\" \/>\n\t<meta name=\"twitter:data2\" content=\"3 minutes\" \/>\n<script type=\"application\/ld+json\" class=\"yoast-schema-graph\">{\"@context\":\"https:\/\/schema.org\",\"@graph\":[{\"@type\":\"Article\",\"@id\":\"https:\/\/avrupapress.com\/main\/2024\/03\/25\/bahattin-gemicinin-yeni-kitabi-yunus-emre-destani-bana-seni-gerek-seni-yunus-emre-destani\/#article\",\"isPartOf\":{\"@id\":\"https:\/\/avrupapress.com\/main\/2024\/03\/25\/bahattin-gemicinin-yeni-kitabi-yunus-emre-destani-bana-seni-gerek-seni-yunus-emre-destani\/\"},\"author\":{\"name\":\"Edit\u00f6r\",\"@id\":\"https:\/\/avrupapress.com\/#\/schema\/person\/68428444ec60970d1e1b700cf4ca1e8f\"},\"headline\":\"BAHATT\u0130N GEM\u0130C\u0130&rsquo;N\u0130N YEN\u0130 K\u0130TABI &#8211; YUNUS EMRE DESTANI \u201cBANA SEN\u0130 GEREK SEN\u0130 &#8211; Yunus Emre Destan\u0131\u201d\",\"datePublished\":\"2024-03-25T17:09:22+00:00\",\"dateModified\":\"2024-03-25T17:09:54+00:00\",\"mainEntityOfPage\":{\"@id\":\"https:\/\/avrupapress.com\/main\/2024\/03\/25\/bahattin-gemicinin-yeni-kitabi-yunus-emre-destani-bana-seni-gerek-seni-yunus-emre-destani\/\"},\"wordCount\":711,\"publisher\":{\"@id\":\"https:\/\/avrupapress.com\/#\/schema\/person\/0223dca19c72c43575bf30d1a2d8f4fa\"},\"image\":{\"@id\":\"https:\/\/avrupapress.com\/main\/2024\/03\/25\/bahattin-gemicinin-yeni-kitabi-yunus-emre-destani-bana-seni-gerek-seni-yunus-emre-destani\/#primaryimage\"},\"thumbnailUrl\":\"https:\/\/avrupapress.com\/main\/wp-content\/uploads\/2024\/03\/thumbnail_Screenshot_20230719_134141_Gallery.jpg\",\"articleSection\":[\"Avrupa\",\"Bel\u00e7ika\",\"D\u00fcnya\",\"Ekonomi\",\"K\u00fclt\u00fcr-Sanat\",\"Spor\",\"Tan\u0131t\u0131m\",\"T\u00fcrkiye\",\"Uncategorized\"],\"inLanguage\":\"fr-BE\"},{\"@type\":\"WebPage\",\"@id\":\"https:\/\/avrupapress.com\/main\/2024\/03\/25\/bahattin-gemicinin-yeni-kitabi-yunus-emre-destani-bana-seni-gerek-seni-yunus-emre-destani\/\",\"url\":\"https:\/\/avrupapress.com\/main\/2024\/03\/25\/bahattin-gemicinin-yeni-kitabi-yunus-emre-destani-bana-seni-gerek-seni-yunus-emre-destani\/\",\"name\":\"BAHATT\u0130N GEM\u0130C\u0130'N\u0130N YEN\u0130 K\u0130TABI - YUNUS EMRE DESTANI \u201cBANA SEN\u0130 GEREK SEN\u0130 - Yunus Emre Destan\u0131\u201d - AvrupaPress\",\"isPartOf\":{\"@id\":\"https:\/\/avrupapress.com\/#website\"},\"primaryImageOfPage\":{\"@id\":\"https:\/\/avrupapress.com\/main\/2024\/03\/25\/bahattin-gemicinin-yeni-kitabi-yunus-emre-destani-bana-seni-gerek-seni-yunus-emre-destani\/#primaryimage\"},\"image\":{\"@id\":\"https:\/\/avrupapress.com\/main\/2024\/03\/25\/bahattin-gemicinin-yeni-kitabi-yunus-emre-destani-bana-seni-gerek-seni-yunus-emre-destani\/#primaryimage\"},\"thumbnailUrl\":\"https:\/\/avrupapress.com\/main\/wp-content\/uploads\/2024\/03\/thumbnail_Screenshot_20230719_134141_Gallery.jpg\",\"datePublished\":\"2024-03-25T17:09:22+00:00\",\"dateModified\":\"2024-03-25T17:09:54+00:00\",\"breadcrumb\":{\"@id\":\"https:\/\/avrupapress.com\/main\/2024\/03\/25\/bahattin-gemicinin-yeni-kitabi-yunus-emre-destani-bana-seni-gerek-seni-yunus-emre-destani\/#breadcrumb\"},\"inLanguage\":\"fr-BE\",\"potentialAction\":[{\"@type\":\"ReadAction\",\"target\":[\"https:\/\/avrupapress.com\/main\/2024\/03\/25\/bahattin-gemicinin-yeni-kitabi-yunus-emre-destani-bana-seni-gerek-seni-yunus-emre-destani\/\"]}]},{\"@type\":\"ImageObject\",\"inLanguage\":\"fr-BE\",\"@id\":\"https:\/\/avrupapress.com\/main\/2024\/03\/25\/bahattin-gemicinin-yeni-kitabi-yunus-emre-destani-bana-seni-gerek-seni-yunus-emre-destani\/#primaryimage\",\"url\":\"https:\/\/avrupapress.com\/main\/wp-content\/uploads\/2024\/03\/thumbnail_Screenshot_20230719_134141_Gallery.jpg\",\"contentUrl\":\"https:\/\/avrupapress.com\/main\/wp-content\/uploads\/2024\/03\/thumbnail_Screenshot_20230719_134141_Gallery.jpg\",\"width\":720,\"height\":696},{\"@type\":\"BreadcrumbList\",\"@id\":\"https:\/\/avrupapress.com\/main\/2024\/03\/25\/bahattin-gemicinin-yeni-kitabi-yunus-emre-destani-bana-seni-gerek-seni-yunus-emre-destani\/#breadcrumb\",\"itemListElement\":[{\"@type\":\"ListItem\",\"position\":1,\"name\":\"Anasayfa\",\"item\":\"https:\/\/avrupapress.com\/\"},{\"@type\":\"ListItem\",\"position\":2,\"name\":\"BAHATT\u0130N GEM\u0130C\u0130&rsquo;N\u0130N YEN\u0130 K\u0130TABI &#8211; YUNUS EMRE DESTANI \u201cBANA SEN\u0130 GEREK SEN\u0130 &#8211; Yunus Emre Destan\u0131\u201d\"}]},{\"@type\":\"WebSite\",\"@id\":\"https:\/\/avrupapress.com\/#website\",\"url\":\"https:\/\/avrupapress.com\/\",\"name\":\"AvrupaPress\",\"description\":\"Haberin Adresi\",\"publisher\":{\"@id\":\"https:\/\/avrupapress.com\/#\/schema\/person\/0223dca19c72c43575bf30d1a2d8f4fa\"},\"potentialAction\":[{\"@type\":\"SearchAction\",\"target\":{\"@type\":\"EntryPoint\",\"urlTemplate\":\"https:\/\/avrupapress.com\/?s={search_term_string}\"},\"query-input\":{\"@type\":\"PropertyValueSpecification\",\"valueRequired\":true,\"valueName\":\"search_term_string\"}}],\"inLanguage\":\"fr-BE\"},{\"@type\":[\"Person\",\"Organization\"],\"@id\":\"https:\/\/avrupapress.com\/#\/schema\/person\/0223dca19c72c43575bf30d1a2d8f4fa\",\"name\":\"Bilgin \u00d6z\u00e7ift\u00e7i\",\"image\":{\"@type\":\"ImageObject\",\"inLanguage\":\"fr-BE\",\"@id\":\"https:\/\/avrupapress.com\/#\/schema\/person\/image\/\",\"url\":\"https:\/\/secure.gravatar.com\/avatar\/0f23b280433a21e1ea7a0adcc46ed0ad16afe3ad8e630fd13d8a017dcbd54ef3?s=96&d=mm&r=g\",\"contentUrl\":\"https:\/\/secure.gravatar.com\/avatar\/0f23b280433a21e1ea7a0adcc46ed0ad16afe3ad8e630fd13d8a017dcbd54ef3?s=96&d=mm&r=g\",\"caption\":\"Bilgin \u00d6z\u00e7ift\u00e7i\"},\"logo\":{\"@id\":\"https:\/\/avrupapress.com\/#\/schema\/person\/image\/\"},\"description\":\"Ne ben, nede sen... Biz ancak \\\"biz\\\" olursak g\u00fc\u00e7l\u00fc olabiliriz\"},{\"@type\":\"Person\",\"@id\":\"https:\/\/avrupapress.com\/#\/schema\/person\/68428444ec60970d1e1b700cf4ca1e8f\",\"name\":\"Edit\u00f6r\",\"image\":{\"@type\":\"ImageObject\",\"inLanguage\":\"fr-BE\",\"@id\":\"https:\/\/avrupapress.com\/#\/schema\/person\/image\/\",\"url\":\"https:\/\/secure.gravatar.com\/avatar\/74996b0977aa5f1559ba9883776652508b229005c0d78fb2597897f0bd651c09?s=96&d=mm&r=g\",\"contentUrl\":\"https:\/\/secure.gravatar.com\/avatar\/74996b0977aa5f1559ba9883776652508b229005c0d78fb2597897f0bd651c09?s=96&d=mm&r=g\",\"caption\":\"Edit\u00f6r\"},\"sameAs\":[\"http:\/\/www.avrupapress.com\"],\"url\":\"https:\/\/avrupapress.com\/main\/author\/editor\/\"}]}<\/script>\n<!-- \/ Yoast SEO plugin. -->","yoast_head_json":{"title":"BAHATT\u0130N GEM\u0130C\u0130'N\u0130N YEN\u0130 K\u0130TABI - YUNUS EMRE DESTANI \u201cBANA SEN\u0130 GEREK SEN\u0130 - Yunus Emre Destan\u0131\u201d - AvrupaPress","robots":{"index":"index","follow":"follow","max-snippet":"max-snippet:-1","max-image-preview":"max-image-preview:large","max-video-preview":"max-video-preview:-1"},"canonical":"https:\/\/avrupapress.com\/main\/2024\/03\/25\/bahattin-gemicinin-yeni-kitabi-yunus-emre-destani-bana-seni-gerek-seni-yunus-emre-destani\/","og_locale":"fr_FR","og_type":"article","og_title":"BAHATT\u0130N GEM\u0130C\u0130'N\u0130N YEN\u0130 K\u0130TABI - YUNUS EMRE DESTANI \u201cBANA SEN\u0130 GEREK SEN\u0130 - Yunus Emre Destan\u0131\u201d - AvrupaPress","og_description":"E\u011fitimci -yazar Bahattin Gemici\u2019nin yirmi birinci kitab\u0131,\u00a0\u201cBana Seni Gerek Seni &#8211; Yunus Emre Destan\u0131\u201d\u00a0Ankara\u2019da, \u00dcr\u00fcn Yay\u0131nlar\u0131 aras\u0131nda \u00e7\u0131kt\u0131. Gemici, \u201cBu kitab\u0131n Yunus Emre\u2019ye, onun \u015fiirlerine ilgiyi art\u0131raca\u011f\u0131na; toplumumuzda sevgi, sayg\u0131, bar\u0131\u015f ve ho\u015fg\u00f6r\u00fc k\u00fclt\u00fcr\u00fcn\u00fcn ye\u015fermesine katk\u0131da bulunaca\u011f\u0131na inan\u0131yorum.\u201d dedi.\u00a0 Herten- Almanya \u00a0\u00a0E\u011fitimci- yazar Bahattin Gemici, Dede Korkut\u2019tan ba\u015flayarak Anadolu\u2019nun sosyo &#8211; k\u00fclt\u00fcrel tarihine; erenlerine, ozanlar\u0131na [&hellip;]","og_url":"https:\/\/avrupapress.com\/main\/2024\/03\/25\/bahattin-gemicinin-yeni-kitabi-yunus-emre-destani-bana-seni-gerek-seni-yunus-emre-destani\/","og_site_name":"AvrupaPress","article_published_time":"2024-03-25T17:09:22+00:00","article_modified_time":"2024-03-25T17:09:54+00:00","og_image":[{"width":720,"height":696,"url":"https:\/\/avrupapress.com\/main\/wp-content\/uploads\/2024\/03\/thumbnail_Screenshot_20230719_134141_Gallery.jpg","type":"image\/jpeg"}],"author":"Edit\u00f6r","twitter_card":"summary_large_image","twitter_misc":{"\u00c9crit par":"Edit\u00f6r","Dur\u00e9e de lecture est.":"3 minutes"},"schema":{"@context":"https:\/\/schema.org","@graph":[{"@type":"Article","@id":"https:\/\/avrupapress.com\/main\/2024\/03\/25\/bahattin-gemicinin-yeni-kitabi-yunus-emre-destani-bana-seni-gerek-seni-yunus-emre-destani\/#article","isPartOf":{"@id":"https:\/\/avrupapress.com\/main\/2024\/03\/25\/bahattin-gemicinin-yeni-kitabi-yunus-emre-destani-bana-seni-gerek-seni-yunus-emre-destani\/"},"author":{"name":"Edit\u00f6r","@id":"https:\/\/avrupapress.com\/#\/schema\/person\/68428444ec60970d1e1b700cf4ca1e8f"},"headline":"BAHATT\u0130N GEM\u0130C\u0130&rsquo;N\u0130N YEN\u0130 K\u0130TABI &#8211; YUNUS EMRE DESTANI \u201cBANA SEN\u0130 GEREK SEN\u0130 &#8211; Yunus Emre Destan\u0131\u201d","datePublished":"2024-03-25T17:09:22+00:00","dateModified":"2024-03-25T17:09:54+00:00","mainEntityOfPage":{"@id":"https:\/\/avrupapress.com\/main\/2024\/03\/25\/bahattin-gemicinin-yeni-kitabi-yunus-emre-destani-bana-seni-gerek-seni-yunus-emre-destani\/"},"wordCount":711,"publisher":{"@id":"https:\/\/avrupapress.com\/#\/schema\/person\/0223dca19c72c43575bf30d1a2d8f4fa"},"image":{"@id":"https:\/\/avrupapress.com\/main\/2024\/03\/25\/bahattin-gemicinin-yeni-kitabi-yunus-emre-destani-bana-seni-gerek-seni-yunus-emre-destani\/#primaryimage"},"thumbnailUrl":"https:\/\/avrupapress.com\/main\/wp-content\/uploads\/2024\/03\/thumbnail_Screenshot_20230719_134141_Gallery.jpg","articleSection":["Avrupa","Bel\u00e7ika","D\u00fcnya","Ekonomi","K\u00fclt\u00fcr-Sanat","Spor","Tan\u0131t\u0131m","T\u00fcrkiye","Uncategorized"],"inLanguage":"fr-BE"},{"@type":"WebPage","@id":"https:\/\/avrupapress.com\/main\/2024\/03\/25\/bahattin-gemicinin-yeni-kitabi-yunus-emre-destani-bana-seni-gerek-seni-yunus-emre-destani\/","url":"https:\/\/avrupapress.com\/main\/2024\/03\/25\/bahattin-gemicinin-yeni-kitabi-yunus-emre-destani-bana-seni-gerek-seni-yunus-emre-destani\/","name":"BAHATT\u0130N GEM\u0130C\u0130'N\u0130N YEN\u0130 K\u0130TABI - YUNUS EMRE DESTANI \u201cBANA SEN\u0130 GEREK SEN\u0130 - Yunus Emre Destan\u0131\u201d - AvrupaPress","isPartOf":{"@id":"https:\/\/avrupapress.com\/#website"},"primaryImageOfPage":{"@id":"https:\/\/avrupapress.com\/main\/2024\/03\/25\/bahattin-gemicinin-yeni-kitabi-yunus-emre-destani-bana-seni-gerek-seni-yunus-emre-destani\/#primaryimage"},"image":{"@id":"https:\/\/avrupapress.com\/main\/2024\/03\/25\/bahattin-gemicinin-yeni-kitabi-yunus-emre-destani-bana-seni-gerek-seni-yunus-emre-destani\/#primaryimage"},"thumbnailUrl":"https:\/\/avrupapress.com\/main\/wp-content\/uploads\/2024\/03\/thumbnail_Screenshot_20230719_134141_Gallery.jpg","datePublished":"2024-03-25T17:09:22+00:00","dateModified":"2024-03-25T17:09:54+00:00","breadcrumb":{"@id":"https:\/\/avrupapress.com\/main\/2024\/03\/25\/bahattin-gemicinin-yeni-kitabi-yunus-emre-destani-bana-seni-gerek-seni-yunus-emre-destani\/#breadcrumb"},"inLanguage":"fr-BE","potentialAction":[{"@type":"ReadAction","target":["https:\/\/avrupapress.com\/main\/2024\/03\/25\/bahattin-gemicinin-yeni-kitabi-yunus-emre-destani-bana-seni-gerek-seni-yunus-emre-destani\/"]}]},{"@type":"ImageObject","inLanguage":"fr-BE","@id":"https:\/\/avrupapress.com\/main\/2024\/03\/25\/bahattin-gemicinin-yeni-kitabi-yunus-emre-destani-bana-seni-gerek-seni-yunus-emre-destani\/#primaryimage","url":"https:\/\/avrupapress.com\/main\/wp-content\/uploads\/2024\/03\/thumbnail_Screenshot_20230719_134141_Gallery.jpg","contentUrl":"https:\/\/avrupapress.com\/main\/wp-content\/uploads\/2024\/03\/thumbnail_Screenshot_20230719_134141_Gallery.jpg","width":720,"height":696},{"@type":"BreadcrumbList","@id":"https:\/\/avrupapress.com\/main\/2024\/03\/25\/bahattin-gemicinin-yeni-kitabi-yunus-emre-destani-bana-seni-gerek-seni-yunus-emre-destani\/#breadcrumb","itemListElement":[{"@type":"ListItem","position":1,"name":"Anasayfa","item":"https:\/\/avrupapress.com\/"},{"@type":"ListItem","position":2,"name":"BAHATT\u0130N GEM\u0130C\u0130&rsquo;N\u0130N YEN\u0130 K\u0130TABI &#8211; YUNUS EMRE DESTANI \u201cBANA SEN\u0130 GEREK SEN\u0130 &#8211; Yunus Emre Destan\u0131\u201d"}]},{"@type":"WebSite","@id":"https:\/\/avrupapress.com\/#website","url":"https:\/\/avrupapress.com\/","name":"AvrupaPress","description":"Haberin Adresi","publisher":{"@id":"https:\/\/avrupapress.com\/#\/schema\/person\/0223dca19c72c43575bf30d1a2d8f4fa"},"potentialAction":[{"@type":"SearchAction","target":{"@type":"EntryPoint","urlTemplate":"https:\/\/avrupapress.com\/?s={search_term_string}"},"query-input":{"@type":"PropertyValueSpecification","valueRequired":true,"valueName":"search_term_string"}}],"inLanguage":"fr-BE"},{"@type":["Person","Organization"],"@id":"https:\/\/avrupapress.com\/#\/schema\/person\/0223dca19c72c43575bf30d1a2d8f4fa","name":"Bilgin \u00d6z\u00e7ift\u00e7i","image":{"@type":"ImageObject","inLanguage":"fr-BE","@id":"https:\/\/avrupapress.com\/#\/schema\/person\/image\/","url":"https:\/\/secure.gravatar.com\/avatar\/0f23b280433a21e1ea7a0adcc46ed0ad16afe3ad8e630fd13d8a017dcbd54ef3?s=96&d=mm&r=g","contentUrl":"https:\/\/secure.gravatar.com\/avatar\/0f23b280433a21e1ea7a0adcc46ed0ad16afe3ad8e630fd13d8a017dcbd54ef3?s=96&d=mm&r=g","caption":"Bilgin \u00d6z\u00e7ift\u00e7i"},"logo":{"@id":"https:\/\/avrupapress.com\/#\/schema\/person\/image\/"},"description":"Ne ben, nede sen... Biz ancak \"biz\" olursak g\u00fc\u00e7l\u00fc olabiliriz"},{"@type":"Person","@id":"https:\/\/avrupapress.com\/#\/schema\/person\/68428444ec60970d1e1b700cf4ca1e8f","name":"Edit\u00f6r","image":{"@type":"ImageObject","inLanguage":"fr-BE","@id":"https:\/\/avrupapress.com\/#\/schema\/person\/image\/","url":"https:\/\/secure.gravatar.com\/avatar\/74996b0977aa5f1559ba9883776652508b229005c0d78fb2597897f0bd651c09?s=96&d=mm&r=g","contentUrl":"https:\/\/secure.gravatar.com\/avatar\/74996b0977aa5f1559ba9883776652508b229005c0d78fb2597897f0bd651c09?s=96&d=mm&r=g","caption":"Edit\u00f6r"},"sameAs":["http:\/\/www.avrupapress.com"],"url":"https:\/\/avrupapress.com\/main\/author\/editor\/"}]}},"_links":{"self":[{"href":"https:\/\/avrupapress.com\/main\/wp-json\/wp\/v2\/posts\/25587","targetHints":{"allow":["GET"]}}],"collection":[{"href":"https:\/\/avrupapress.com\/main\/wp-json\/wp\/v2\/posts"}],"about":[{"href":"https:\/\/avrupapress.com\/main\/wp-json\/wp\/v2\/types\/post"}],"author":[{"embeddable":true,"href":"https:\/\/avrupapress.com\/main\/wp-json\/wp\/v2\/users\/3"}],"replies":[{"embeddable":true,"href":"https:\/\/avrupapress.com\/main\/wp-json\/wp\/v2\/comments?post=25587"}],"version-history":[{"count":2,"href":"https:\/\/avrupapress.com\/main\/wp-json\/wp\/v2\/posts\/25587\/revisions"}],"predecessor-version":[{"id":25591,"href":"https:\/\/avrupapress.com\/main\/wp-json\/wp\/v2\/posts\/25587\/revisions\/25591"}],"wp:featuredmedia":[{"embeddable":true,"href":"https:\/\/avrupapress.com\/main\/wp-json\/wp\/v2\/media\/25588"}],"wp:attachment":[{"href":"https:\/\/avrupapress.com\/main\/wp-json\/wp\/v2\/media?parent=25587"}],"wp:term":[{"taxonomy":"category","embeddable":true,"href":"https:\/\/avrupapress.com\/main\/wp-json\/wp\/v2\/categories?post=25587"},{"taxonomy":"post_tag","embeddable":true,"href":"https:\/\/avrupapress.com\/main\/wp-json\/wp\/v2\/tags?post=25587"}],"curies":[{"name":"wp","href":"https:\/\/api.w.org\/{rel}","templated":true}]}}