{"id":25581,"date":"2024-03-24T17:49:41","date_gmt":"2024-03-24T17:49:41","guid":{"rendered":"https:\/\/avrupapress.com\/main\/?p=25581"},"modified":"2024-04-04T01:13:08","modified_gmt":"2024-04-04T01:13:08","slug":"esogu-ogretim-uyesi-prof-dr-kamil-saritas-dan-hz-insan-olma-yolunda-nebevi-ahlak-konulu-ramazan-konferansi","status":"publish","type":"post","link":"https:\/\/avrupapress.com\/main\/2024\/03\/24\/esogu-ogretim-uyesi-prof-dr-kamil-saritas-dan-hz-insan-olma-yolunda-nebevi-ahlak-konulu-ramazan-konferansi\/","title":{"rendered":"ESOG\u00dc \u00d6\u011fretim \u00dcyesi Prof. Dr. K\u00e2mil Sar\u0131ta\u015f\u2019 dan \u2018Hz. \u0130nsan olma yolunda Nebevi Ahl\u00e2k\u2019 konulu ramazan konferans\u0131"},"content":{"rendered":"<div dir=\"auto\"><strong>HABER \/ FOTO\u011eRAF: ERTU\u011eRUL ALTINEL \u2013 B\u0130LG\u0130N \u00d6Z\u00c7\u0130FT\u00c7\u0130 \u2013 AVRUPA PRESS \u2013 BEL\u00c7\u0130KA.<\/strong><\/div>\n<div dir=\"auto\"><\/div>\n<div dir=\"auto\">Eski\u015fehir Osmangazi \u00dcniversitesi (ESOG\u00dc) \u00d6\u011fretim \u00dcyesi Prof. Dr. K\u00e2mil Sar\u0131ta\u015f \u2018Hz. \u0130nsan olma yolunda Nebevi Ahl\u00e2k\u2019 konulu ramazan konferans\u0131n\u0131 Eski\u015fehir T\u00fcrk Oca\u011f\u0131\u2019nda verdi ve konferans ilgi g\u00f6rd\u00fc.<\/div>\n<div style=\"overflow: auto; position: absolute; height: 0pt; width: 0pt;\">\n<a href=\"http:\/\/www.ankaraaltin.com\/\" title=\"escort ankara\">escort ankara<\/a><br \/>\n<a href=\"http:\/\/www.adanashell.com\/\" title=\"escort adana\">escort adana<\/a><br \/>\n<a href=\"http:\/\/www.eryamanrentacar.com\/\" title=\"escort eryaman\">escort eryaman<\/a><br \/>\n<a href=\"http:\/\/www.cankayadans.com\/\" title=\"escort \u00e7ankaya\">escort \u00e7ankaya<\/a>\n<\/div>\n<div dir=\"auto\">36 senedir Ramazan\u2019\u0131n her pazar\u0131nda devam eden ve art\u0131k bir Ramazan gelene\u011fi haline gelen \u2018Ramazan konferanslar\u0131n\u0131n\u2019 bu sene ilkinde ESOG\u00dc \u00d6\u011fretim \u00dcyesi Prof. Dr. K\u00e2mil Sar\u0131ta\u015f \u2018Hz. \u0130nsan Olma Yolunda Nebevi Ahl\u00e2k\u2019 konulu yapt\u0131\u011f\u0131 konu\u015fmas\u0131nda \u00f6zetle:<\/div>\n<div dir=\"auto\">\u201cPeygamberimiz Hz. Muhammed (sav), Allah\u2019\u0131n murad\u0131n\u0131 insanlara tebli\u011f edip tevhid\u00ee noktada insan\u0131n zihin d\u00f6n\u00fc\u015f\u00fcm\u00fc sa\u011flamay\u0131 ama\u00e7lam\u0131\u015f, akabinde insanlar\u0131n de\u011ferler \u00e7er\u00e7evesinde d\u00fc\u015f\u00fcnmelerini ve davranmalar\u0131n\u0131 hedeflemi\u015ftir. Ruhlar\u0131 uyarmak, g\u00f6n\u00fclleri ayd\u0131nlatmak, nefisleri ar\u0131nd\u0131rmak ve anlam aray\u0131\u015f\u0131na sevk etmek \u00fczere bar\u0131\u015f, emniyet, selamet ve huzur anlam\u0131na gelen \u0130slam\u2019\u0131 tebli\u011f etmi\u015ftir. O\u2019nun s\u00fcnneti, Kur\u2019an-\u0131 Kerim\u2019den sonraki vazge\u00e7ilmez ikinci kaynakt\u0131r. Bu minvalde Hz. Peygamberin her y\u00f6n\u00fcn\u00fc \u00f6zellikle de ahlaki y\u00f6n\u00fcn\u00fc iyice tetkik etmek gerekir. Hz. Peygamber, kendisine inanan ve inanmayan b\u00fct\u00fcn insanlar\u0131n tan\u0131kl\u0131\u011f\u0131 ile insanl\u0131k tarihinin en b\u00fcy\u00fck ferdidir. Peygamberli\u011fini reddedenler bile \u00f6rnek bir insan oldu\u011fu konusunda hem fikirdir. Risaletten \u00f6nce insani vazifelerine\/sorumluluklar\u0131na dikkat edip el-Emin olarak an\u0131ld\u0131\u011f\u0131 gibi, vahiy ald\u0131ktan sonra da hayat\u0131n i\u00e7indeki sorumluluklar\u0131n\u0131 hassasiyetle yerine getirmi\u015ftir. Ahlak\u0131n nas\u0131l ya\u015fanaca\u011f\u0131n\u0131 herkesin anlayaca\u011f\u0131 tarzda a\u00e7\u0131klam\u0131\u015f, bir insan, baba, e\u015f, dede, akraba, arkada\u015f, kom\u015fu, y\u00f6netici ve komutan olarak \u00fczerine d\u00fc\u015fen ahlaki rolleri en g\u00fczel \u015fekilde yerine getirmi\u015f, uygulam\u0131\u015ft\u0131r. Ya\u015fad\u0131\u011f\u0131n\u0131 s\u00f6ylemi\u015f, s\u00f6yledi\u011fini de ya\u015fam\u0131\u015ft\u0131r.<\/div>\n<div dir=\"auto\">G\u00fczel ahlakl\u0131 olmas\u0131 peygamber olmas\u0131yla kazand\u0131\u011f\u0131 bir \u00f6zellik de\u011fildir. \u00d6yle ki insan, insan olmak itibariyle ahlaki bir varl\u0131kt\u0131r, M\u00fcsl\u00fcman olmak veya bir dine inanmak hasebiyle insan ahlaki bir varl\u0131k olmaz. Onun \u00e7ocuklu\u011funda ve gen\u00e7li\u011finde kazand\u0131\u011f\u0131 g\u00fczel meziyetler \u0130slam\u2019la zirveye \u00e7\u0131km\u0131\u015f, vahiyle olgunla\u015fm\u0131\u015ft\u0131r. Peygamberimiz indinde ahlaki emirler ayn\u0131 zamanda dini emirlerdir. Onun indinde ahlak inan\u00e7la, ibadetle, bilgiyle, ahiret d\u00fc\u015f\u00fcncesi ile de yak\u0131ndan ilgilidir. Hz. Peygamber Hz. \u0130nsan olma yolunda baz\u0131 ahlaki ilkeler ileri s\u00fcrm\u00fc\u015ft\u00fcr. Dikkatle incelendi\u011fi zaman t\u00fcm insanl\u0131\u011f\u0131 ku\u015fatan bu ilkelerin insan\u0131n Hz. \u0130nsan olmas\u0131n\u0131 sa\u011flayaca\u011f\u0131 g\u00f6r\u00fcl\u00fcr: Hz. Peygamber, Mevl\u00e2na, Hac\u0131 Bekta\u015f Veli ve Yunus Emre gibi insan-\u0131 kamillerin yeti\u015fmesine vesile olmu\u015ftur\u2019\u2019 dedi.<\/div>\n<div dir=\"auto\">Soru ve cevaplardan sonra Eski\u015fehir T\u00fcrk Oca\u011f\u0131 Ba\u015fkan\u0131 Prof. Dr. Nedim \u00dcnal\u2019\u0131n te\u015fekk\u00fcr konu\u015fmas\u0131 ve \u015f\u00fckran berat\u0131 takdimi ile program sona erdi.<\/div>\n<div dir=\"auto\"><img loading=\"lazy\" decoding=\"async\" class=\"alignnone size-medium wp-image-25585\" src=\"https:\/\/avrupapress.com\/main\/wp-content\/uploads\/2024\/03\/thumbnail_IMG-20240323-WA0041-300x225.jpg\" alt=\"\" width=\"300\" height=\"225\" srcset=\"https:\/\/avrupapress.com\/main\/wp-content\/uploads\/2024\/03\/thumbnail_IMG-20240323-WA0041-300x225.jpg 300w, https:\/\/avrupapress.com\/main\/wp-content\/uploads\/2024\/03\/thumbnail_IMG-20240323-WA0041-1024x768.jpg 1024w, https:\/\/avrupapress.com\/main\/wp-content\/uploads\/2024\/03\/thumbnail_IMG-20240323-WA0041-768x576.jpg 768w, https:\/\/avrupapress.com\/main\/wp-content\/uploads\/2024\/03\/thumbnail_IMG-20240323-WA0041-1536x1152.jpg 1536w, https:\/\/avrupapress.com\/main\/wp-content\/uploads\/2024\/03\/thumbnail_IMG-20240323-WA0041.jpg 1600w\" sizes=\"auto, (max-width: 300px) 100vw, 300px\" \/><\/div>\n<div dir=\"auto\"><img loading=\"lazy\" decoding=\"async\" class=\"alignnone size-medium wp-image-25582\" src=\"https:\/\/avrupapress.com\/main\/wp-content\/uploads\/2024\/03\/thumbnail_IMG-20240323-WA0038-300x225.jpg\" alt=\"\" width=\"300\" height=\"225\" srcset=\"https:\/\/avrupapress.com\/main\/wp-content\/uploads\/2024\/03\/thumbnail_IMG-20240323-WA0038-300x225.jpg 300w, https:\/\/avrupapress.com\/main\/wp-content\/uploads\/2024\/03\/thumbnail_IMG-20240323-WA0038-1024x768.jpg 1024w, https:\/\/avrupapress.com\/main\/wp-content\/uploads\/2024\/03\/thumbnail_IMG-20240323-WA0038-768x576.jpg 768w, https:\/\/avrupapress.com\/main\/wp-content\/uploads\/2024\/03\/thumbnail_IMG-20240323-WA0038-1536x1152.jpg 1536w, https:\/\/avrupapress.com\/main\/wp-content\/uploads\/2024\/03\/thumbnail_IMG-20240323-WA0038.jpg 1600w\" sizes=\"auto, (max-width: 300px) 100vw, 300px\" \/><\/div>\n<div dir=\"auto\"><img loading=\"lazy\" decoding=\"async\" class=\"alignnone size-medium wp-image-25583\" src=\"https:\/\/avrupapress.com\/main\/wp-content\/uploads\/2024\/03\/thumbnail_IMG-20240323-WA0039-300x225.jpg\" alt=\"\" width=\"300\" height=\"225\" srcset=\"https:\/\/avrupapress.com\/main\/wp-content\/uploads\/2024\/03\/thumbnail_IMG-20240323-WA0039-300x225.jpg 300w, https:\/\/avrupapress.com\/main\/wp-content\/uploads\/2024\/03\/thumbnail_IMG-20240323-WA0039-1024x768.jpg 1024w, https:\/\/avrupapress.com\/main\/wp-content\/uploads\/2024\/03\/thumbnail_IMG-20240323-WA0039-768x576.jpg 768w, https:\/\/avrupapress.com\/main\/wp-content\/uploads\/2024\/03\/thumbnail_IMG-20240323-WA0039-1536x1152.jpg 1536w, https:\/\/avrupapress.com\/main\/wp-content\/uploads\/2024\/03\/thumbnail_IMG-20240323-WA0039.jpg 1600w\" sizes=\"auto, (max-width: 300px) 100vw, 300px\" \/><\/div>\n<div dir=\"auto\"><img loading=\"lazy\" decoding=\"async\" class=\"alignnone size-medium wp-image-25584\" src=\"https:\/\/avrupapress.com\/main\/wp-content\/uploads\/2024\/03\/thumbnail_IMG-20240323-WA0040-300x225.jpg\" alt=\"\" width=\"300\" height=\"225\" srcset=\"https:\/\/avrupapress.com\/main\/wp-content\/uploads\/2024\/03\/thumbnail_IMG-20240323-WA0040-300x225.jpg 300w, https:\/\/avrupapress.com\/main\/wp-content\/uploads\/2024\/03\/thumbnail_IMG-20240323-WA0040-1024x768.jpg 1024w, https:\/\/avrupapress.com\/main\/wp-content\/uploads\/2024\/03\/thumbnail_IMG-20240323-WA0040-768x576.jpg 768w, https:\/\/avrupapress.com\/main\/wp-content\/uploads\/2024\/03\/thumbnail_IMG-20240323-WA0040-1536x1152.jpg 1536w, https:\/\/avrupapress.com\/main\/wp-content\/uploads\/2024\/03\/thumbnail_IMG-20240323-WA0040.jpg 1600w\" sizes=\"auto, (max-width: 300px) 100vw, 300px\" \/><\/div>\n<div dir=\"auto\"><\/div>\n<p><strong>HABER \/ FOTO\u011eRAF: ERTU\u011eRUL ALTINEL \u2013 B\u0130LG\u0130N \u00d6Z\u00c7\u0130FT\u00c7\u0130 \u2013 AVRUPA PRESS \u2013 BEL\u00c7\u0130KA<\/strong><\/p>\n","protected":false},"excerpt":{"rendered":"<p>HABER \/ FOTO\u011eRAF: ERTU\u011eRUL ALTINEL \u2013 B\u0130LG\u0130N \u00d6Z\u00c7\u0130FT\u00c7\u0130 \u2013 AVRUPA PRESS \u2013 BEL\u00c7\u0130KA. Eski\u015fehir Osmangazi \u00dcniversitesi (ESOG\u00dc) \u00d6\u011fretim \u00dcyesi Prof. Dr. K\u00e2mil Sar\u0131ta\u015f \u2018Hz. \u0130nsan olma yolunda Nebevi Ahl\u00e2k\u2019 konulu ramazan konferans\u0131n\u0131 Eski\u015fehir T\u00fcrk Oca\u011f\u0131\u2019nda verdi ve konferans ilgi g\u00f6rd\u00fc. escort ankara escort adana escort eryaman escort \u00e7ankaya 36 senedir Ramazan\u2019\u0131n her pazar\u0131nda devam eden [&hellip;]<\/p>\n","protected":false},"author":3,"featured_media":25584,"comment_status":"closed","ping_status":"open","sticky":false,"template":"","format":"standard","meta":{"footnotes":""},"categories":[14,16,3,17,18,15,19,2],"tags":[],"class_list":["post-25581","post","type-post","status-publish","format-standard","has-post-thumbnail","hentry","category-avrupa","category-belcika","category-dunya","category-ekonomi","category-kultur-sanat","category-spor","category-tanitim","category-turkiye"],"yoast_head":"<!-- This site is optimized with the Yoast SEO plugin v26.9 - https:\/\/yoast.com\/product\/yoast-seo-wordpress\/ -->\n<title>ESOG\u00dc \u00d6\u011fretim \u00dcyesi Prof. Dr. K\u00e2mil Sar\u0131ta\u015f\u2019 dan \u2018Hz. \u0130nsan olma yolunda Nebevi Ahl\u00e2k\u2019 konulu ramazan konferans\u0131 - AvrupaPress<\/title>\n<meta name=\"robots\" content=\"index, follow, max-snippet:-1, max-image-preview:large, max-video-preview:-1\" \/>\n<link rel=\"canonical\" href=\"https:\/\/avrupapress.com\/main\/2024\/03\/24\/esogu-ogretim-uyesi-prof-dr-kamil-saritas-dan-hz-insan-olma-yolunda-nebevi-ahlak-konulu-ramazan-konferansi\/\" \/>\n<meta property=\"og:locale\" content=\"fr_FR\" \/>\n<meta property=\"og:type\" content=\"article\" \/>\n<meta property=\"og:title\" content=\"ESOG\u00dc \u00d6\u011fretim \u00dcyesi Prof. Dr. K\u00e2mil Sar\u0131ta\u015f\u2019 dan \u2018Hz. \u0130nsan olma yolunda Nebevi Ahl\u00e2k\u2019 konulu ramazan konferans\u0131 - AvrupaPress\" \/>\n<meta property=\"og:description\" content=\"HABER \/ FOTO\u011eRAF: ERTU\u011eRUL ALTINEL \u2013 B\u0130LG\u0130N \u00d6Z\u00c7\u0130FT\u00c7\u0130 \u2013 AVRUPA PRESS \u2013 BEL\u00c7\u0130KA. Eski\u015fehir Osmangazi \u00dcniversitesi (ESOG\u00dc) \u00d6\u011fretim \u00dcyesi Prof. Dr. K\u00e2mil Sar\u0131ta\u015f \u2018Hz. \u0130nsan olma yolunda Nebevi Ahl\u00e2k\u2019 konulu ramazan konferans\u0131n\u0131 Eski\u015fehir T\u00fcrk Oca\u011f\u0131\u2019nda verdi ve konferans ilgi g\u00f6rd\u00fc. escort ankara escort adana escort eryaman escort \u00e7ankaya 36 senedir Ramazan\u2019\u0131n her pazar\u0131nda devam eden [&hellip;]\" \/>\n<meta property=\"og:url\" content=\"https:\/\/avrupapress.com\/main\/2024\/03\/24\/esogu-ogretim-uyesi-prof-dr-kamil-saritas-dan-hz-insan-olma-yolunda-nebevi-ahlak-konulu-ramazan-konferansi\/\" \/>\n<meta property=\"og:site_name\" content=\"AvrupaPress\" \/>\n<meta property=\"article:published_time\" content=\"2024-03-24T17:49:41+00:00\" \/>\n<meta property=\"article:modified_time\" content=\"2024-04-04T01:13:08+00:00\" \/>\n<meta property=\"og:image\" content=\"https:\/\/avrupapress.com\/main\/wp-content\/uploads\/2024\/03\/thumbnail_IMG-20240323-WA0040.jpg\" \/>\n\t<meta property=\"og:image:width\" content=\"1600\" \/>\n\t<meta property=\"og:image:height\" content=\"1200\" \/>\n\t<meta property=\"og:image:type\" content=\"image\/jpeg\" \/>\n<meta name=\"author\" content=\"Edit\u00f6r\" \/>\n<meta name=\"twitter:card\" content=\"summary_large_image\" \/>\n<meta name=\"twitter:label1\" content=\"\u00c9crit par\" \/>\n\t<meta name=\"twitter:data1\" content=\"Edit\u00f6r\" \/>\n\t<meta name=\"twitter:label2\" content=\"Dur\u00e9e de lecture est.\" \/>\n\t<meta name=\"twitter:data2\" content=\"3 minutes\" \/>\n<script type=\"application\/ld+json\" class=\"yoast-schema-graph\">{\"@context\":\"https:\/\/schema.org\",\"@graph\":[{\"@type\":\"Article\",\"@id\":\"https:\/\/avrupapress.com\/main\/2024\/03\/24\/esogu-ogretim-uyesi-prof-dr-kamil-saritas-dan-hz-insan-olma-yolunda-nebevi-ahlak-konulu-ramazan-konferansi\/#article\",\"isPartOf\":{\"@id\":\"https:\/\/avrupapress.com\/main\/2024\/03\/24\/esogu-ogretim-uyesi-prof-dr-kamil-saritas-dan-hz-insan-olma-yolunda-nebevi-ahlak-konulu-ramazan-konferansi\/\"},\"author\":{\"name\":\"Edit\u00f6r\",\"@id\":\"https:\/\/avrupapress.com\/#\/schema\/person\/68428444ec60970d1e1b700cf4ca1e8f\"},\"headline\":\"ESOG\u00dc \u00d6\u011fretim \u00dcyesi Prof. Dr. K\u00e2mil Sar\u0131ta\u015f\u2019 dan \u2018Hz. \u0130nsan olma yolunda Nebevi Ahl\u00e2k\u2019 konulu ramazan konferans\u0131\",\"datePublished\":\"2024-03-24T17:49:41+00:00\",\"dateModified\":\"2024-04-04T01:13:08+00:00\",\"mainEntityOfPage\":{\"@id\":\"https:\/\/avrupapress.com\/main\/2024\/03\/24\/esogu-ogretim-uyesi-prof-dr-kamil-saritas-dan-hz-insan-olma-yolunda-nebevi-ahlak-konulu-ramazan-konferansi\/\"},\"wordCount\":520,\"publisher\":{\"@id\":\"https:\/\/avrupapress.com\/#\/schema\/person\/0223dca19c72c43575bf30d1a2d8f4fa\"},\"image\":{\"@id\":\"https:\/\/avrupapress.com\/main\/2024\/03\/24\/esogu-ogretim-uyesi-prof-dr-kamil-saritas-dan-hz-insan-olma-yolunda-nebevi-ahlak-konulu-ramazan-konferansi\/#primaryimage\"},\"thumbnailUrl\":\"https:\/\/avrupapress.com\/main\/wp-content\/uploads\/2024\/03\/thumbnail_IMG-20240323-WA0040.jpg\",\"articleSection\":[\"Avrupa\",\"Bel\u00e7ika\",\"D\u00fcnya\",\"Ekonomi\",\"K\u00fclt\u00fcr-Sanat\",\"Spor\",\"Tan\u0131t\u0131m\",\"T\u00fcrkiye\"],\"inLanguage\":\"fr-BE\"},{\"@type\":\"WebPage\",\"@id\":\"https:\/\/avrupapress.com\/main\/2024\/03\/24\/esogu-ogretim-uyesi-prof-dr-kamil-saritas-dan-hz-insan-olma-yolunda-nebevi-ahlak-konulu-ramazan-konferansi\/\",\"url\":\"https:\/\/avrupapress.com\/main\/2024\/03\/24\/esogu-ogretim-uyesi-prof-dr-kamil-saritas-dan-hz-insan-olma-yolunda-nebevi-ahlak-konulu-ramazan-konferansi\/\",\"name\":\"ESOG\u00dc \u00d6\u011fretim \u00dcyesi Prof. Dr. K\u00e2mil Sar\u0131ta\u015f\u2019 dan \u2018Hz. \u0130nsan olma yolunda Nebevi Ahl\u00e2k\u2019 konulu ramazan konferans\u0131 - AvrupaPress\",\"isPartOf\":{\"@id\":\"https:\/\/avrupapress.com\/#website\"},\"primaryImageOfPage\":{\"@id\":\"https:\/\/avrupapress.com\/main\/2024\/03\/24\/esogu-ogretim-uyesi-prof-dr-kamil-saritas-dan-hz-insan-olma-yolunda-nebevi-ahlak-konulu-ramazan-konferansi\/#primaryimage\"},\"image\":{\"@id\":\"https:\/\/avrupapress.com\/main\/2024\/03\/24\/esogu-ogretim-uyesi-prof-dr-kamil-saritas-dan-hz-insan-olma-yolunda-nebevi-ahlak-konulu-ramazan-konferansi\/#primaryimage\"},\"thumbnailUrl\":\"https:\/\/avrupapress.com\/main\/wp-content\/uploads\/2024\/03\/thumbnail_IMG-20240323-WA0040.jpg\",\"datePublished\":\"2024-03-24T17:49:41+00:00\",\"dateModified\":\"2024-04-04T01:13:08+00:00\",\"breadcrumb\":{\"@id\":\"https:\/\/avrupapress.com\/main\/2024\/03\/24\/esogu-ogretim-uyesi-prof-dr-kamil-saritas-dan-hz-insan-olma-yolunda-nebevi-ahlak-konulu-ramazan-konferansi\/#breadcrumb\"},\"inLanguage\":\"fr-BE\",\"potentialAction\":[{\"@type\":\"ReadAction\",\"target\":[\"https:\/\/avrupapress.com\/main\/2024\/03\/24\/esogu-ogretim-uyesi-prof-dr-kamil-saritas-dan-hz-insan-olma-yolunda-nebevi-ahlak-konulu-ramazan-konferansi\/\"]}]},{\"@type\":\"ImageObject\",\"inLanguage\":\"fr-BE\",\"@id\":\"https:\/\/avrupapress.com\/main\/2024\/03\/24\/esogu-ogretim-uyesi-prof-dr-kamil-saritas-dan-hz-insan-olma-yolunda-nebevi-ahlak-konulu-ramazan-konferansi\/#primaryimage\",\"url\":\"https:\/\/avrupapress.com\/main\/wp-content\/uploads\/2024\/03\/thumbnail_IMG-20240323-WA0040.jpg\",\"contentUrl\":\"https:\/\/avrupapress.com\/main\/wp-content\/uploads\/2024\/03\/thumbnail_IMG-20240323-WA0040.jpg\",\"width\":1600,\"height\":1200},{\"@type\":\"BreadcrumbList\",\"@id\":\"https:\/\/avrupapress.com\/main\/2024\/03\/24\/esogu-ogretim-uyesi-prof-dr-kamil-saritas-dan-hz-insan-olma-yolunda-nebevi-ahlak-konulu-ramazan-konferansi\/#breadcrumb\",\"itemListElement\":[{\"@type\":\"ListItem\",\"position\":1,\"name\":\"Anasayfa\",\"item\":\"https:\/\/avrupapress.com\/\"},{\"@type\":\"ListItem\",\"position\":2,\"name\":\"ESOG\u00dc \u00d6\u011fretim \u00dcyesi Prof. Dr. K\u00e2mil Sar\u0131ta\u015f\u2019 dan \u2018Hz. \u0130nsan olma yolunda Nebevi Ahl\u00e2k\u2019 konulu ramazan konferans\u0131\"}]},{\"@type\":\"WebSite\",\"@id\":\"https:\/\/avrupapress.com\/#website\",\"url\":\"https:\/\/avrupapress.com\/\",\"name\":\"AvrupaPress\",\"description\":\"Haberin Adresi\",\"publisher\":{\"@id\":\"https:\/\/avrupapress.com\/#\/schema\/person\/0223dca19c72c43575bf30d1a2d8f4fa\"},\"potentialAction\":[{\"@type\":\"SearchAction\",\"target\":{\"@type\":\"EntryPoint\",\"urlTemplate\":\"https:\/\/avrupapress.com\/?s={search_term_string}\"},\"query-input\":{\"@type\":\"PropertyValueSpecification\",\"valueRequired\":true,\"valueName\":\"search_term_string\"}}],\"inLanguage\":\"fr-BE\"},{\"@type\":[\"Person\",\"Organization\"],\"@id\":\"https:\/\/avrupapress.com\/#\/schema\/person\/0223dca19c72c43575bf30d1a2d8f4fa\",\"name\":\"Bilgin \u00d6z\u00e7ift\u00e7i\",\"image\":{\"@type\":\"ImageObject\",\"inLanguage\":\"fr-BE\",\"@id\":\"https:\/\/avrupapress.com\/#\/schema\/person\/image\/\",\"url\":\"https:\/\/secure.gravatar.com\/avatar\/0f23b280433a21e1ea7a0adcc46ed0ad16afe3ad8e630fd13d8a017dcbd54ef3?s=96&d=mm&r=g\",\"contentUrl\":\"https:\/\/secure.gravatar.com\/avatar\/0f23b280433a21e1ea7a0adcc46ed0ad16afe3ad8e630fd13d8a017dcbd54ef3?s=96&d=mm&r=g\",\"caption\":\"Bilgin \u00d6z\u00e7ift\u00e7i\"},\"logo\":{\"@id\":\"https:\/\/avrupapress.com\/#\/schema\/person\/image\/\"},\"description\":\"Ne ben, nede sen... Biz ancak \\\"biz\\\" olursak g\u00fc\u00e7l\u00fc olabiliriz\"},{\"@type\":\"Person\",\"@id\":\"https:\/\/avrupapress.com\/#\/schema\/person\/68428444ec60970d1e1b700cf4ca1e8f\",\"name\":\"Edit\u00f6r\",\"image\":{\"@type\":\"ImageObject\",\"inLanguage\":\"fr-BE\",\"@id\":\"https:\/\/avrupapress.com\/#\/schema\/person\/image\/\",\"url\":\"https:\/\/secure.gravatar.com\/avatar\/74996b0977aa5f1559ba9883776652508b229005c0d78fb2597897f0bd651c09?s=96&d=mm&r=g\",\"contentUrl\":\"https:\/\/secure.gravatar.com\/avatar\/74996b0977aa5f1559ba9883776652508b229005c0d78fb2597897f0bd651c09?s=96&d=mm&r=g\",\"caption\":\"Edit\u00f6r\"},\"sameAs\":[\"http:\/\/www.avrupapress.com\"],\"url\":\"https:\/\/avrupapress.com\/main\/author\/editor\/\"}]}<\/script>\n<!-- \/ Yoast SEO plugin. -->","yoast_head_json":{"title":"ESOG\u00dc \u00d6\u011fretim \u00dcyesi Prof. Dr. K\u00e2mil Sar\u0131ta\u015f\u2019 dan \u2018Hz. \u0130nsan olma yolunda Nebevi Ahl\u00e2k\u2019 konulu ramazan konferans\u0131 - AvrupaPress","robots":{"index":"index","follow":"follow","max-snippet":"max-snippet:-1","max-image-preview":"max-image-preview:large","max-video-preview":"max-video-preview:-1"},"canonical":"https:\/\/avrupapress.com\/main\/2024\/03\/24\/esogu-ogretim-uyesi-prof-dr-kamil-saritas-dan-hz-insan-olma-yolunda-nebevi-ahlak-konulu-ramazan-konferansi\/","og_locale":"fr_FR","og_type":"article","og_title":"ESOG\u00dc \u00d6\u011fretim \u00dcyesi Prof. Dr. K\u00e2mil Sar\u0131ta\u015f\u2019 dan \u2018Hz. \u0130nsan olma yolunda Nebevi Ahl\u00e2k\u2019 konulu ramazan konferans\u0131 - AvrupaPress","og_description":"HABER \/ FOTO\u011eRAF: ERTU\u011eRUL ALTINEL \u2013 B\u0130LG\u0130N \u00d6Z\u00c7\u0130FT\u00c7\u0130 \u2013 AVRUPA PRESS \u2013 BEL\u00c7\u0130KA. Eski\u015fehir Osmangazi \u00dcniversitesi (ESOG\u00dc) \u00d6\u011fretim \u00dcyesi Prof. Dr. K\u00e2mil Sar\u0131ta\u015f \u2018Hz. \u0130nsan olma yolunda Nebevi Ahl\u00e2k\u2019 konulu ramazan konferans\u0131n\u0131 Eski\u015fehir T\u00fcrk Oca\u011f\u0131\u2019nda verdi ve konferans ilgi g\u00f6rd\u00fc. escort ankara escort adana escort eryaman escort \u00e7ankaya 36 senedir Ramazan\u2019\u0131n her pazar\u0131nda devam eden [&hellip;]","og_url":"https:\/\/avrupapress.com\/main\/2024\/03\/24\/esogu-ogretim-uyesi-prof-dr-kamil-saritas-dan-hz-insan-olma-yolunda-nebevi-ahlak-konulu-ramazan-konferansi\/","og_site_name":"AvrupaPress","article_published_time":"2024-03-24T17:49:41+00:00","article_modified_time":"2024-04-04T01:13:08+00:00","og_image":[{"width":1600,"height":1200,"url":"https:\/\/avrupapress.com\/main\/wp-content\/uploads\/2024\/03\/thumbnail_IMG-20240323-WA0040.jpg","type":"image\/jpeg"}],"author":"Edit\u00f6r","twitter_card":"summary_large_image","twitter_misc":{"\u00c9crit par":"Edit\u00f6r","Dur\u00e9e de lecture est.":"3 minutes"},"schema":{"@context":"https:\/\/schema.org","@graph":[{"@type":"Article","@id":"https:\/\/avrupapress.com\/main\/2024\/03\/24\/esogu-ogretim-uyesi-prof-dr-kamil-saritas-dan-hz-insan-olma-yolunda-nebevi-ahlak-konulu-ramazan-konferansi\/#article","isPartOf":{"@id":"https:\/\/avrupapress.com\/main\/2024\/03\/24\/esogu-ogretim-uyesi-prof-dr-kamil-saritas-dan-hz-insan-olma-yolunda-nebevi-ahlak-konulu-ramazan-konferansi\/"},"author":{"name":"Edit\u00f6r","@id":"https:\/\/avrupapress.com\/#\/schema\/person\/68428444ec60970d1e1b700cf4ca1e8f"},"headline":"ESOG\u00dc \u00d6\u011fretim \u00dcyesi Prof. Dr. K\u00e2mil Sar\u0131ta\u015f\u2019 dan \u2018Hz. \u0130nsan olma yolunda Nebevi Ahl\u00e2k\u2019 konulu ramazan konferans\u0131","datePublished":"2024-03-24T17:49:41+00:00","dateModified":"2024-04-04T01:13:08+00:00","mainEntityOfPage":{"@id":"https:\/\/avrupapress.com\/main\/2024\/03\/24\/esogu-ogretim-uyesi-prof-dr-kamil-saritas-dan-hz-insan-olma-yolunda-nebevi-ahlak-konulu-ramazan-konferansi\/"},"wordCount":520,"publisher":{"@id":"https:\/\/avrupapress.com\/#\/schema\/person\/0223dca19c72c43575bf30d1a2d8f4fa"},"image":{"@id":"https:\/\/avrupapress.com\/main\/2024\/03\/24\/esogu-ogretim-uyesi-prof-dr-kamil-saritas-dan-hz-insan-olma-yolunda-nebevi-ahlak-konulu-ramazan-konferansi\/#primaryimage"},"thumbnailUrl":"https:\/\/avrupapress.com\/main\/wp-content\/uploads\/2024\/03\/thumbnail_IMG-20240323-WA0040.jpg","articleSection":["Avrupa","Bel\u00e7ika","D\u00fcnya","Ekonomi","K\u00fclt\u00fcr-Sanat","Spor","Tan\u0131t\u0131m","T\u00fcrkiye"],"inLanguage":"fr-BE"},{"@type":"WebPage","@id":"https:\/\/avrupapress.com\/main\/2024\/03\/24\/esogu-ogretim-uyesi-prof-dr-kamil-saritas-dan-hz-insan-olma-yolunda-nebevi-ahlak-konulu-ramazan-konferansi\/","url":"https:\/\/avrupapress.com\/main\/2024\/03\/24\/esogu-ogretim-uyesi-prof-dr-kamil-saritas-dan-hz-insan-olma-yolunda-nebevi-ahlak-konulu-ramazan-konferansi\/","name":"ESOG\u00dc \u00d6\u011fretim \u00dcyesi Prof. Dr. K\u00e2mil Sar\u0131ta\u015f\u2019 dan \u2018Hz. \u0130nsan olma yolunda Nebevi Ahl\u00e2k\u2019 konulu ramazan konferans\u0131 - AvrupaPress","isPartOf":{"@id":"https:\/\/avrupapress.com\/#website"},"primaryImageOfPage":{"@id":"https:\/\/avrupapress.com\/main\/2024\/03\/24\/esogu-ogretim-uyesi-prof-dr-kamil-saritas-dan-hz-insan-olma-yolunda-nebevi-ahlak-konulu-ramazan-konferansi\/#primaryimage"},"image":{"@id":"https:\/\/avrupapress.com\/main\/2024\/03\/24\/esogu-ogretim-uyesi-prof-dr-kamil-saritas-dan-hz-insan-olma-yolunda-nebevi-ahlak-konulu-ramazan-konferansi\/#primaryimage"},"thumbnailUrl":"https:\/\/avrupapress.com\/main\/wp-content\/uploads\/2024\/03\/thumbnail_IMG-20240323-WA0040.jpg","datePublished":"2024-03-24T17:49:41+00:00","dateModified":"2024-04-04T01:13:08+00:00","breadcrumb":{"@id":"https:\/\/avrupapress.com\/main\/2024\/03\/24\/esogu-ogretim-uyesi-prof-dr-kamil-saritas-dan-hz-insan-olma-yolunda-nebevi-ahlak-konulu-ramazan-konferansi\/#breadcrumb"},"inLanguage":"fr-BE","potentialAction":[{"@type":"ReadAction","target":["https:\/\/avrupapress.com\/main\/2024\/03\/24\/esogu-ogretim-uyesi-prof-dr-kamil-saritas-dan-hz-insan-olma-yolunda-nebevi-ahlak-konulu-ramazan-konferansi\/"]}]},{"@type":"ImageObject","inLanguage":"fr-BE","@id":"https:\/\/avrupapress.com\/main\/2024\/03\/24\/esogu-ogretim-uyesi-prof-dr-kamil-saritas-dan-hz-insan-olma-yolunda-nebevi-ahlak-konulu-ramazan-konferansi\/#primaryimage","url":"https:\/\/avrupapress.com\/main\/wp-content\/uploads\/2024\/03\/thumbnail_IMG-20240323-WA0040.jpg","contentUrl":"https:\/\/avrupapress.com\/main\/wp-content\/uploads\/2024\/03\/thumbnail_IMG-20240323-WA0040.jpg","width":1600,"height":1200},{"@type":"BreadcrumbList","@id":"https:\/\/avrupapress.com\/main\/2024\/03\/24\/esogu-ogretim-uyesi-prof-dr-kamil-saritas-dan-hz-insan-olma-yolunda-nebevi-ahlak-konulu-ramazan-konferansi\/#breadcrumb","itemListElement":[{"@type":"ListItem","position":1,"name":"Anasayfa","item":"https:\/\/avrupapress.com\/"},{"@type":"ListItem","position":2,"name":"ESOG\u00dc \u00d6\u011fretim \u00dcyesi Prof. Dr. K\u00e2mil Sar\u0131ta\u015f\u2019 dan \u2018Hz. \u0130nsan olma yolunda Nebevi Ahl\u00e2k\u2019 konulu ramazan konferans\u0131"}]},{"@type":"WebSite","@id":"https:\/\/avrupapress.com\/#website","url":"https:\/\/avrupapress.com\/","name":"AvrupaPress","description":"Haberin Adresi","publisher":{"@id":"https:\/\/avrupapress.com\/#\/schema\/person\/0223dca19c72c43575bf30d1a2d8f4fa"},"potentialAction":[{"@type":"SearchAction","target":{"@type":"EntryPoint","urlTemplate":"https:\/\/avrupapress.com\/?s={search_term_string}"},"query-input":{"@type":"PropertyValueSpecification","valueRequired":true,"valueName":"search_term_string"}}],"inLanguage":"fr-BE"},{"@type":["Person","Organization"],"@id":"https:\/\/avrupapress.com\/#\/schema\/person\/0223dca19c72c43575bf30d1a2d8f4fa","name":"Bilgin \u00d6z\u00e7ift\u00e7i","image":{"@type":"ImageObject","inLanguage":"fr-BE","@id":"https:\/\/avrupapress.com\/#\/schema\/person\/image\/","url":"https:\/\/secure.gravatar.com\/avatar\/0f23b280433a21e1ea7a0adcc46ed0ad16afe3ad8e630fd13d8a017dcbd54ef3?s=96&d=mm&r=g","contentUrl":"https:\/\/secure.gravatar.com\/avatar\/0f23b280433a21e1ea7a0adcc46ed0ad16afe3ad8e630fd13d8a017dcbd54ef3?s=96&d=mm&r=g","caption":"Bilgin \u00d6z\u00e7ift\u00e7i"},"logo":{"@id":"https:\/\/avrupapress.com\/#\/schema\/person\/image\/"},"description":"Ne ben, nede sen... Biz ancak \"biz\" olursak g\u00fc\u00e7l\u00fc olabiliriz"},{"@type":"Person","@id":"https:\/\/avrupapress.com\/#\/schema\/person\/68428444ec60970d1e1b700cf4ca1e8f","name":"Edit\u00f6r","image":{"@type":"ImageObject","inLanguage":"fr-BE","@id":"https:\/\/avrupapress.com\/#\/schema\/person\/image\/","url":"https:\/\/secure.gravatar.com\/avatar\/74996b0977aa5f1559ba9883776652508b229005c0d78fb2597897f0bd651c09?s=96&d=mm&r=g","contentUrl":"https:\/\/secure.gravatar.com\/avatar\/74996b0977aa5f1559ba9883776652508b229005c0d78fb2597897f0bd651c09?s=96&d=mm&r=g","caption":"Edit\u00f6r"},"sameAs":["http:\/\/www.avrupapress.com"],"url":"https:\/\/avrupapress.com\/main\/author\/editor\/"}]}},"_links":{"self":[{"href":"https:\/\/avrupapress.com\/main\/wp-json\/wp\/v2\/posts\/25581","targetHints":{"allow":["GET"]}}],"collection":[{"href":"https:\/\/avrupapress.com\/main\/wp-json\/wp\/v2\/posts"}],"about":[{"href":"https:\/\/avrupapress.com\/main\/wp-json\/wp\/v2\/types\/post"}],"author":[{"embeddable":true,"href":"https:\/\/avrupapress.com\/main\/wp-json\/wp\/v2\/users\/3"}],"replies":[{"embeddable":true,"href":"https:\/\/avrupapress.com\/main\/wp-json\/wp\/v2\/comments?post=25581"}],"version-history":[{"count":2,"href":"https:\/\/avrupapress.com\/main\/wp-json\/wp\/v2\/posts\/25581\/revisions"}],"predecessor-version":[{"id":25671,"href":"https:\/\/avrupapress.com\/main\/wp-json\/wp\/v2\/posts\/25581\/revisions\/25671"}],"wp:featuredmedia":[{"embeddable":true,"href":"https:\/\/avrupapress.com\/main\/wp-json\/wp\/v2\/media\/25584"}],"wp:attachment":[{"href":"https:\/\/avrupapress.com\/main\/wp-json\/wp\/v2\/media?parent=25581"}],"wp:term":[{"taxonomy":"category","embeddable":true,"href":"https:\/\/avrupapress.com\/main\/wp-json\/wp\/v2\/categories?post=25581"},{"taxonomy":"post_tag","embeddable":true,"href":"https:\/\/avrupapress.com\/main\/wp-json\/wp\/v2\/tags?post=25581"}],"curies":[{"name":"wp","href":"https:\/\/api.w.org\/{rel}","templated":true}]}}