{"id":25562,"date":"2024-03-24T17:34:32","date_gmt":"2024-03-24T17:34:32","guid":{"rendered":"https:\/\/avrupapress.com\/main\/?p=25562"},"modified":"2024-03-24T17:34:49","modified_gmt":"2024-03-24T17:34:49","slug":"8-mart-dunya-kadinlar-gunu-eskisehirli-ressam-kadin-sanatcilarin-karma-resim-sergisi-yogun-ilgi-gordu","status":"publish","type":"post","link":"https:\/\/avrupapress.com\/main\/2024\/03\/24\/8-mart-dunya-kadinlar-gunu-eskisehirli-ressam-kadin-sanatcilarin-karma-resim-sergisi-yogun-ilgi-gordu\/","title":{"rendered":"8 Mart D\u00fcnya Kad\u0131nlar G\u00fcn\u00fc Eski\u015fehirli ressam kad\u0131n sanat\u00e7\u0131lar\u0131n karma resim sergisi yo\u011fun ilgi g\u00f6rd\u00fc"},"content":{"rendered":"<div dir=\"auto\"><strong>HABER \/ FOTO\u011eRAF: ERTU\u011eRUL ALTINEL \u2013 B\u0130LG\u0130N \u00d6Z\u00c7\u0130FT\u00c7\u0130 \u2013 AVRUPA PRESS- BEL\u00c7\u0130KA<\/strong><\/div>\n<div dir=\"auto\"><\/div>\n<div dir=\"auto\">8 Mart D\u00fcnya Kad\u0131nlar G\u00fcn\u00fc Eski\u015fehirli ressam kad\u0131n sanat\u00e7\u0131lar\u0131n karma resim sergisi, sergiyi gezen sanat\u00e7\u0131lar taraf\u0131ndan yo\u011fun ilgi g\u00f6rd\u00fc. Sergide: Eski\u015fehirli 48 kad\u0131n ressam sanat\u00e7\u0131n\u0131n b\u00fcy\u00fck emekle haz\u0131rlad\u0131klar\u0131 48 resim tablolar\u0131 sergide d\u00fczenli olarak sergilendi.<\/div>\n<div dir=\"auto\">Eski\u015fehir Sanat Derne\u011fi\u2019nin karma resim tablolar\u0131 sergisi, Eski\u015fehir Turgut \u00d6zakman Sergi Salonu\u2019nda Eski\u015fehirli kad\u0131n ressam sanat\u00e7\u0131lar\u0131n\u0131n kat\u0131lmas\u0131 ile a\u00e7\u0131ld\u0131. Sergide: Eski\u015fehirli 48 kad\u0131n ressam sanat\u00e7\u0131n\u0131n resim, foto\u011fraf, r\u00f6lyef, seramik kalem gibi ya\u011fl\u0131 boya resim tablolar\u0131 eserleri yer ald\u0131. K\u00fcrat\u00f6rl\u00fc\u011f\u00fcn\u00fc ressam T\u00fclin Onar\u2019\u0131n yapt\u0131\u011f\u0131 sergiye, 48 ressam sanat\u00e7\u0131 kat\u0131ld\u0131 ve 48 resim tablolar\u0131 sergilendi. Serginin a\u00e7\u0131l\u0131\u015f\u0131nda; Eski\u015fehir Sanat Derne\u011fi\u2019nin her y\u0131l d\u00fczenledi\u011fi 2024 y\u0131l\u0131 \u2018Kad\u0131n Sanat\u00e7\u0131lar \u00d6d\u00fcl\u00fc\u2019, geleneksel sanatlar\u0131m\u0131zda yer alan k\u00e2\u011f\u0131t kesme sanat\u0131 da denilen Kaat-\u0131 sanat\u0131m\u0131z\u0131n Eski\u015fehir\u2019deki temsilcisi Nagihan Y\u0131lmaz Sezgin\u2019e verildi.<\/div>\n<div dir=\"auto\">Sergi a\u00e7\u0131l\u0131\u015f\u0131nda konu\u015fan Eski\u015fehir Sanat Derne\u011fi Ba\u015fkan\u0131 \u015eahabeddin Tosuner, \u2018\u2019Eski\u015fehir Sanat Derne\u011fi\u2019mizin kuruldu\u011fu 2002 y\u0131l\u0131ndan beri, \u20188 Mart Kad\u0131n Sanat\u00e7\u0131lar\u2019 sergimize b\u00fcy\u00fck \u00f6nem verdi\u011fimiz sergilerinden birisidir. Bu so\u011fuk k\u0131\u015f g\u00fcn\u00fc yollara d\u00f6k\u00fcl\u00fcp gelen konuk kad\u0131n sanat\u00e7\u0131lar\u0131m\u0131za te\u015fekk\u00fcr ediyorum. Bu sergide, Eski\u015fehirli kad\u0131n ressam sanat\u00e7\u0131lar\u0131n\u0131 bir araya getirdik. Sergimiz, 13. Mart g\u00fcn\u00fcne kadar a\u00e7\u0131k kalacakt\u0131r\u2019\u2019 dedi.<\/div>\n<div dir=\"auto\">Serginin a\u00e7\u0131l\u0131\u015f\u0131na: Odunpazar\u0131 Belediye Ba\u015fkan\u0131 Kaz\u0131m Kurt ve kad\u0131n ressam sanat\u00e7\u0131lar kat\u0131ld\u0131. Belediye Ba\u015fkan\u0131 Kaz\u0131m Kurt sergide yapt\u0131\u011f\u0131 konu\u015fmas\u0131nda, \u2018\u2019 Eski\u015fehir sanat \u015fehridir. Sergide eme\u011fi ge\u00e7en kad\u0131n ressam sanat\u00e7\u0131lar\u0131m\u0131z\u0131 kutluyorum\u2019\u2019 dedi.<\/div>\n<div dir=\"auto\"><img loading=\"lazy\" decoding=\"async\" class=\"alignnone size-medium wp-image-25563\" src=\"https:\/\/avrupapress.com\/main\/wp-content\/uploads\/2024\/03\/thumbnail_IMG-20240323-WA0003-300x225.jpg\" alt=\"\" width=\"300\" height=\"225\" srcset=\"https:\/\/avrupapress.com\/main\/wp-content\/uploads\/2024\/03\/thumbnail_IMG-20240323-WA0003-300x225.jpg 300w, https:\/\/avrupapress.com\/main\/wp-content\/uploads\/2024\/03\/thumbnail_IMG-20240323-WA0003-1024x768.jpg 1024w, https:\/\/avrupapress.com\/main\/wp-content\/uploads\/2024\/03\/thumbnail_IMG-20240323-WA0003-768x576.jpg 768w, https:\/\/avrupapress.com\/main\/wp-content\/uploads\/2024\/03\/thumbnail_IMG-20240323-WA0003-1536x1152.jpg 1536w, https:\/\/avrupapress.com\/main\/wp-content\/uploads\/2024\/03\/thumbnail_IMG-20240323-WA0003.jpg 1600w\" sizes=\"auto, (max-width: 300px) 100vw, 300px\" \/><img loading=\"lazy\" decoding=\"async\" class=\"alignnone size-medium wp-image-25564\" src=\"https:\/\/avrupapress.com\/main\/wp-content\/uploads\/2024\/03\/thumbnail_IMG-20240323-WA0016-300x225.jpg\" alt=\"\" width=\"300\" height=\"225\" srcset=\"https:\/\/avrupapress.com\/main\/wp-content\/uploads\/2024\/03\/thumbnail_IMG-20240323-WA0016-300x225.jpg 300w, https:\/\/avrupapress.com\/main\/wp-content\/uploads\/2024\/03\/thumbnail_IMG-20240323-WA0016-1024x768.jpg 1024w, https:\/\/avrupapress.com\/main\/wp-content\/uploads\/2024\/03\/thumbnail_IMG-20240323-WA0016-768x576.jpg 768w, https:\/\/avrupapress.com\/main\/wp-content\/uploads\/2024\/03\/thumbnail_IMG-20240323-WA0016-1536x1152.jpg 1536w, https:\/\/avrupapress.com\/main\/wp-content\/uploads\/2024\/03\/thumbnail_IMG-20240323-WA0016.jpg 1600w\" sizes=\"auto, (max-width: 300px) 100vw, 300px\" \/><\/div>\n<div dir=\"auto\"><img loading=\"lazy\" decoding=\"async\" class=\"alignnone size-medium wp-image-25565\" src=\"https:\/\/avrupapress.com\/main\/wp-content\/uploads\/2024\/03\/thumbnail_IMG-20240323-WA0004-300x225.jpg\" alt=\"\" width=\"300\" height=\"225\" srcset=\"https:\/\/avrupapress.com\/main\/wp-content\/uploads\/2024\/03\/thumbnail_IMG-20240323-WA0004-300x225.jpg 300w, https:\/\/avrupapress.com\/main\/wp-content\/uploads\/2024\/03\/thumbnail_IMG-20240323-WA0004-1024x768.jpg 1024w, https:\/\/avrupapress.com\/main\/wp-content\/uploads\/2024\/03\/thumbnail_IMG-20240323-WA0004-768x576.jpg 768w, https:\/\/avrupapress.com\/main\/wp-content\/uploads\/2024\/03\/thumbnail_IMG-20240323-WA0004-1536x1152.jpg 1536w, https:\/\/avrupapress.com\/main\/wp-content\/uploads\/2024\/03\/thumbnail_IMG-20240323-WA0004.jpg 1600w\" sizes=\"auto, (max-width: 300px) 100vw, 300px\" \/><\/div>\n<div dir=\"auto\"><img loading=\"lazy\" decoding=\"async\" class=\"alignnone size-medium wp-image-25566\" src=\"https:\/\/avrupapress.com\/main\/wp-content\/uploads\/2024\/03\/thumbnail_IMG-20240323-WA0015-300x225.jpg\" alt=\"\" width=\"300\" height=\"225\" srcset=\"https:\/\/avrupapress.com\/main\/wp-content\/uploads\/2024\/03\/thumbnail_IMG-20240323-WA0015-300x225.jpg 300w, https:\/\/avrupapress.com\/main\/wp-content\/uploads\/2024\/03\/thumbnail_IMG-20240323-WA0015-1024x768.jpg 1024w, https:\/\/avrupapress.com\/main\/wp-content\/uploads\/2024\/03\/thumbnail_IMG-20240323-WA0015-768x576.jpg 768w, https:\/\/avrupapress.com\/main\/wp-content\/uploads\/2024\/03\/thumbnail_IMG-20240323-WA0015-1536x1152.jpg 1536w, https:\/\/avrupapress.com\/main\/wp-content\/uploads\/2024\/03\/thumbnail_IMG-20240323-WA0015.jpg 1600w\" sizes=\"auto, (max-width: 300px) 100vw, 300px\" \/><\/div>\n<div dir=\"auto\"><img loading=\"lazy\" decoding=\"async\" class=\"alignnone size-medium wp-image-25567\" src=\"https:\/\/avrupapress.com\/main\/wp-content\/uploads\/2024\/03\/thumbnail_IMG-20240323-WA0013-240x300.jpg\" alt=\"\" width=\"240\" height=\"300\" srcset=\"https:\/\/avrupapress.com\/main\/wp-content\/uploads\/2024\/03\/thumbnail_IMG-20240323-WA0013-240x300.jpg 240w, https:\/\/avrupapress.com\/main\/wp-content\/uploads\/2024\/03\/thumbnail_IMG-20240323-WA0013.jpg 576w\" sizes=\"auto, (max-width: 240px) 100vw, 240px\" \/><\/div>\n<div dir=\"auto\"><img loading=\"lazy\" decoding=\"async\" class=\"alignnone size-medium wp-image-25568\" src=\"https:\/\/avrupapress.com\/main\/wp-content\/uploads\/2024\/03\/thumbnail_IMG-20240323-WA0014-300x225.jpg\" alt=\"\" width=\"300\" height=\"225\" srcset=\"https:\/\/avrupapress.com\/main\/wp-content\/uploads\/2024\/03\/thumbnail_IMG-20240323-WA0014-300x225.jpg 300w, https:\/\/avrupapress.com\/main\/wp-content\/uploads\/2024\/03\/thumbnail_IMG-20240323-WA0014-1024x768.jpg 1024w, https:\/\/avrupapress.com\/main\/wp-content\/uploads\/2024\/03\/thumbnail_IMG-20240323-WA0014-768x576.jpg 768w, https:\/\/avrupapress.com\/main\/wp-content\/uploads\/2024\/03\/thumbnail_IMG-20240323-WA0014-1536x1152.jpg 1536w, https:\/\/avrupapress.com\/main\/wp-content\/uploads\/2024\/03\/thumbnail_IMG-20240323-WA0014.jpg 1600w\" sizes=\"auto, (max-width: 300px) 100vw, 300px\" \/><\/div>\n<p><strong>HABER \/ FOTO\u011eRAF: ERTU\u011eRUL ALTINEL \u2013 B\u0130LG\u0130N \u00d6Z\u00c7\u0130FT\u00c7\u0130 \u2013 AVRUPA PRESS- BEL\u00c7\u0130KA<\/strong><\/p>\n","protected":false},"excerpt":{"rendered":"<p>HABER \/ FOTO\u011eRAF: ERTU\u011eRUL ALTINEL \u2013 B\u0130LG\u0130N \u00d6Z\u00c7\u0130FT\u00c7\u0130 \u2013 AVRUPA PRESS- BEL\u00c7\u0130KA 8 Mart D\u00fcnya Kad\u0131nlar G\u00fcn\u00fc Eski\u015fehirli ressam kad\u0131n sanat\u00e7\u0131lar\u0131n karma resim sergisi, sergiyi gezen sanat\u00e7\u0131lar taraf\u0131ndan yo\u011fun ilgi g\u00f6rd\u00fc. Sergide: Eski\u015fehirli 48 kad\u0131n ressam sanat\u00e7\u0131n\u0131n b\u00fcy\u00fck emekle haz\u0131rlad\u0131klar\u0131 48 resim tablolar\u0131 sergide d\u00fczenli olarak sergilendi. Eski\u015fehir Sanat Derne\u011fi\u2019nin karma resim tablolar\u0131 sergisi, Eski\u015fehir [&hellip;]<\/p>\n","protected":false},"author":3,"featured_media":25568,"comment_status":"closed","ping_status":"open","sticky":false,"template":"","format":"standard","meta":{"footnotes":""},"categories":[14,16,3,17,18,15,19,2,1],"tags":[],"class_list":["post-25562","post","type-post","status-publish","format-standard","has-post-thumbnail","hentry","category-avrupa","category-belcika","category-dunya","category-ekonomi","category-kultur-sanat","category-spor","category-tanitim","category-turkiye","category-uncategorized"],"yoast_head":"<!-- This site is optimized with the Yoast SEO plugin v26.9 - https:\/\/yoast.com\/product\/yoast-seo-wordpress\/ -->\n<title>8 Mart D\u00fcnya Kad\u0131nlar G\u00fcn\u00fc Eski\u015fehirli ressam kad\u0131n sanat\u00e7\u0131lar\u0131n karma resim sergisi yo\u011fun ilgi g\u00f6rd\u00fc - AvrupaPress<\/title>\n<meta name=\"robots\" content=\"index, follow, max-snippet:-1, max-image-preview:large, max-video-preview:-1\" \/>\n<link rel=\"canonical\" href=\"https:\/\/avrupapress.com\/main\/2024\/03\/24\/8-mart-dunya-kadinlar-gunu-eskisehirli-ressam-kadin-sanatcilarin-karma-resim-sergisi-yogun-ilgi-gordu\/\" \/>\n<meta property=\"og:locale\" content=\"fr_FR\" \/>\n<meta property=\"og:type\" content=\"article\" \/>\n<meta property=\"og:title\" content=\"8 Mart D\u00fcnya Kad\u0131nlar G\u00fcn\u00fc Eski\u015fehirli ressam kad\u0131n sanat\u00e7\u0131lar\u0131n karma resim sergisi yo\u011fun ilgi g\u00f6rd\u00fc - AvrupaPress\" \/>\n<meta property=\"og:description\" content=\"HABER \/ FOTO\u011eRAF: ERTU\u011eRUL ALTINEL \u2013 B\u0130LG\u0130N \u00d6Z\u00c7\u0130FT\u00c7\u0130 \u2013 AVRUPA PRESS- BEL\u00c7\u0130KA 8 Mart D\u00fcnya Kad\u0131nlar G\u00fcn\u00fc Eski\u015fehirli ressam kad\u0131n sanat\u00e7\u0131lar\u0131n karma resim sergisi, sergiyi gezen sanat\u00e7\u0131lar taraf\u0131ndan yo\u011fun ilgi g\u00f6rd\u00fc. Sergide: Eski\u015fehirli 48 kad\u0131n ressam sanat\u00e7\u0131n\u0131n b\u00fcy\u00fck emekle haz\u0131rlad\u0131klar\u0131 48 resim tablolar\u0131 sergide d\u00fczenli olarak sergilendi. Eski\u015fehir Sanat Derne\u011fi\u2019nin karma resim tablolar\u0131 sergisi, Eski\u015fehir [&hellip;]\" \/>\n<meta property=\"og:url\" content=\"https:\/\/avrupapress.com\/main\/2024\/03\/24\/8-mart-dunya-kadinlar-gunu-eskisehirli-ressam-kadin-sanatcilarin-karma-resim-sergisi-yogun-ilgi-gordu\/\" \/>\n<meta property=\"og:site_name\" content=\"AvrupaPress\" \/>\n<meta property=\"article:published_time\" content=\"2024-03-24T17:34:32+00:00\" \/>\n<meta property=\"article:modified_time\" content=\"2024-03-24T17:34:49+00:00\" \/>\n<meta property=\"og:image\" content=\"https:\/\/avrupapress.com\/main\/wp-content\/uploads\/2024\/03\/thumbnail_IMG-20240323-WA0014.jpg\" \/>\n\t<meta property=\"og:image:width\" content=\"1600\" \/>\n\t<meta property=\"og:image:height\" content=\"1200\" \/>\n\t<meta property=\"og:image:type\" content=\"image\/jpeg\" \/>\n<meta name=\"author\" content=\"Edit\u00f6r\" \/>\n<meta name=\"twitter:card\" content=\"summary_large_image\" \/>\n<meta name=\"twitter:label1\" content=\"\u00c9crit par\" \/>\n\t<meta name=\"twitter:data1\" content=\"Edit\u00f6r\" \/>\n\t<meta name=\"twitter:label2\" content=\"Dur\u00e9e de lecture est.\" \/>\n\t<meta name=\"twitter:data2\" content=\"3 minutes\" \/>\n<script type=\"application\/ld+json\" class=\"yoast-schema-graph\">{\"@context\":\"https:\/\/schema.org\",\"@graph\":[{\"@type\":\"Article\",\"@id\":\"https:\/\/avrupapress.com\/main\/2024\/03\/24\/8-mart-dunya-kadinlar-gunu-eskisehirli-ressam-kadin-sanatcilarin-karma-resim-sergisi-yogun-ilgi-gordu\/#article\",\"isPartOf\":{\"@id\":\"https:\/\/avrupapress.com\/main\/2024\/03\/24\/8-mart-dunya-kadinlar-gunu-eskisehirli-ressam-kadin-sanatcilarin-karma-resim-sergisi-yogun-ilgi-gordu\/\"},\"author\":{\"name\":\"Edit\u00f6r\",\"@id\":\"https:\/\/avrupapress.com\/#\/schema\/person\/68428444ec60970d1e1b700cf4ca1e8f\"},\"headline\":\"8 Mart D\u00fcnya Kad\u0131nlar G\u00fcn\u00fc Eski\u015fehirli ressam kad\u0131n sanat\u00e7\u0131lar\u0131n karma resim sergisi yo\u011fun ilgi g\u00f6rd\u00fc\",\"datePublished\":\"2024-03-24T17:34:32+00:00\",\"dateModified\":\"2024-03-24T17:34:49+00:00\",\"mainEntityOfPage\":{\"@id\":\"https:\/\/avrupapress.com\/main\/2024\/03\/24\/8-mart-dunya-kadinlar-gunu-eskisehirli-ressam-kadin-sanatcilarin-karma-resim-sergisi-yogun-ilgi-gordu\/\"},\"wordCount\":367,\"publisher\":{\"@id\":\"https:\/\/avrupapress.com\/#\/schema\/person\/0223dca19c72c43575bf30d1a2d8f4fa\"},\"image\":{\"@id\":\"https:\/\/avrupapress.com\/main\/2024\/03\/24\/8-mart-dunya-kadinlar-gunu-eskisehirli-ressam-kadin-sanatcilarin-karma-resim-sergisi-yogun-ilgi-gordu\/#primaryimage\"},\"thumbnailUrl\":\"https:\/\/avrupapress.com\/main\/wp-content\/uploads\/2024\/03\/thumbnail_IMG-20240323-WA0014.jpg\",\"articleSection\":[\"Avrupa\",\"Bel\u00e7ika\",\"D\u00fcnya\",\"Ekonomi\",\"K\u00fclt\u00fcr-Sanat\",\"Spor\",\"Tan\u0131t\u0131m\",\"T\u00fcrkiye\",\"Uncategorized\"],\"inLanguage\":\"fr-BE\"},{\"@type\":\"WebPage\",\"@id\":\"https:\/\/avrupapress.com\/main\/2024\/03\/24\/8-mart-dunya-kadinlar-gunu-eskisehirli-ressam-kadin-sanatcilarin-karma-resim-sergisi-yogun-ilgi-gordu\/\",\"url\":\"https:\/\/avrupapress.com\/main\/2024\/03\/24\/8-mart-dunya-kadinlar-gunu-eskisehirli-ressam-kadin-sanatcilarin-karma-resim-sergisi-yogun-ilgi-gordu\/\",\"name\":\"8 Mart D\u00fcnya Kad\u0131nlar G\u00fcn\u00fc Eski\u015fehirli ressam kad\u0131n sanat\u00e7\u0131lar\u0131n karma resim sergisi yo\u011fun ilgi g\u00f6rd\u00fc - AvrupaPress\",\"isPartOf\":{\"@id\":\"https:\/\/avrupapress.com\/#website\"},\"primaryImageOfPage\":{\"@id\":\"https:\/\/avrupapress.com\/main\/2024\/03\/24\/8-mart-dunya-kadinlar-gunu-eskisehirli-ressam-kadin-sanatcilarin-karma-resim-sergisi-yogun-ilgi-gordu\/#primaryimage\"},\"image\":{\"@id\":\"https:\/\/avrupapress.com\/main\/2024\/03\/24\/8-mart-dunya-kadinlar-gunu-eskisehirli-ressam-kadin-sanatcilarin-karma-resim-sergisi-yogun-ilgi-gordu\/#primaryimage\"},\"thumbnailUrl\":\"https:\/\/avrupapress.com\/main\/wp-content\/uploads\/2024\/03\/thumbnail_IMG-20240323-WA0014.jpg\",\"datePublished\":\"2024-03-24T17:34:32+00:00\",\"dateModified\":\"2024-03-24T17:34:49+00:00\",\"breadcrumb\":{\"@id\":\"https:\/\/avrupapress.com\/main\/2024\/03\/24\/8-mart-dunya-kadinlar-gunu-eskisehirli-ressam-kadin-sanatcilarin-karma-resim-sergisi-yogun-ilgi-gordu\/#breadcrumb\"},\"inLanguage\":\"fr-BE\",\"potentialAction\":[{\"@type\":\"ReadAction\",\"target\":[\"https:\/\/avrupapress.com\/main\/2024\/03\/24\/8-mart-dunya-kadinlar-gunu-eskisehirli-ressam-kadin-sanatcilarin-karma-resim-sergisi-yogun-ilgi-gordu\/\"]}]},{\"@type\":\"ImageObject\",\"inLanguage\":\"fr-BE\",\"@id\":\"https:\/\/avrupapress.com\/main\/2024\/03\/24\/8-mart-dunya-kadinlar-gunu-eskisehirli-ressam-kadin-sanatcilarin-karma-resim-sergisi-yogun-ilgi-gordu\/#primaryimage\",\"url\":\"https:\/\/avrupapress.com\/main\/wp-content\/uploads\/2024\/03\/thumbnail_IMG-20240323-WA0014.jpg\",\"contentUrl\":\"https:\/\/avrupapress.com\/main\/wp-content\/uploads\/2024\/03\/thumbnail_IMG-20240323-WA0014.jpg\",\"width\":1600,\"height\":1200},{\"@type\":\"BreadcrumbList\",\"@id\":\"https:\/\/avrupapress.com\/main\/2024\/03\/24\/8-mart-dunya-kadinlar-gunu-eskisehirli-ressam-kadin-sanatcilarin-karma-resim-sergisi-yogun-ilgi-gordu\/#breadcrumb\",\"itemListElement\":[{\"@type\":\"ListItem\",\"position\":1,\"name\":\"Anasayfa\",\"item\":\"https:\/\/avrupapress.com\/\"},{\"@type\":\"ListItem\",\"position\":2,\"name\":\"8 Mart D\u00fcnya Kad\u0131nlar G\u00fcn\u00fc Eski\u015fehirli ressam kad\u0131n sanat\u00e7\u0131lar\u0131n karma resim sergisi yo\u011fun ilgi g\u00f6rd\u00fc\"}]},{\"@type\":\"WebSite\",\"@id\":\"https:\/\/avrupapress.com\/#website\",\"url\":\"https:\/\/avrupapress.com\/\",\"name\":\"AvrupaPress\",\"description\":\"Haberin Adresi\",\"publisher\":{\"@id\":\"https:\/\/avrupapress.com\/#\/schema\/person\/0223dca19c72c43575bf30d1a2d8f4fa\"},\"potentialAction\":[{\"@type\":\"SearchAction\",\"target\":{\"@type\":\"EntryPoint\",\"urlTemplate\":\"https:\/\/avrupapress.com\/?s={search_term_string}\"},\"query-input\":{\"@type\":\"PropertyValueSpecification\",\"valueRequired\":true,\"valueName\":\"search_term_string\"}}],\"inLanguage\":\"fr-BE\"},{\"@type\":[\"Person\",\"Organization\"],\"@id\":\"https:\/\/avrupapress.com\/#\/schema\/person\/0223dca19c72c43575bf30d1a2d8f4fa\",\"name\":\"Bilgin \u00d6z\u00e7ift\u00e7i\",\"image\":{\"@type\":\"ImageObject\",\"inLanguage\":\"fr-BE\",\"@id\":\"https:\/\/avrupapress.com\/#\/schema\/person\/image\/\",\"url\":\"https:\/\/secure.gravatar.com\/avatar\/0f23b280433a21e1ea7a0adcc46ed0ad16afe3ad8e630fd13d8a017dcbd54ef3?s=96&d=mm&r=g\",\"contentUrl\":\"https:\/\/secure.gravatar.com\/avatar\/0f23b280433a21e1ea7a0adcc46ed0ad16afe3ad8e630fd13d8a017dcbd54ef3?s=96&d=mm&r=g\",\"caption\":\"Bilgin \u00d6z\u00e7ift\u00e7i\"},\"logo\":{\"@id\":\"https:\/\/avrupapress.com\/#\/schema\/person\/image\/\"},\"description\":\"Ne ben, nede sen... Biz ancak \\\"biz\\\" olursak g\u00fc\u00e7l\u00fc olabiliriz\"},{\"@type\":\"Person\",\"@id\":\"https:\/\/avrupapress.com\/#\/schema\/person\/68428444ec60970d1e1b700cf4ca1e8f\",\"name\":\"Edit\u00f6r\",\"image\":{\"@type\":\"ImageObject\",\"inLanguage\":\"fr-BE\",\"@id\":\"https:\/\/avrupapress.com\/#\/schema\/person\/image\/\",\"url\":\"https:\/\/secure.gravatar.com\/avatar\/74996b0977aa5f1559ba9883776652508b229005c0d78fb2597897f0bd651c09?s=96&d=mm&r=g\",\"contentUrl\":\"https:\/\/secure.gravatar.com\/avatar\/74996b0977aa5f1559ba9883776652508b229005c0d78fb2597897f0bd651c09?s=96&d=mm&r=g\",\"caption\":\"Edit\u00f6r\"},\"sameAs\":[\"http:\/\/www.avrupapress.com\"],\"url\":\"https:\/\/avrupapress.com\/main\/author\/editor\/\"}]}<\/script>\n<!-- \/ Yoast SEO plugin. -->","yoast_head_json":{"title":"8 Mart D\u00fcnya Kad\u0131nlar G\u00fcn\u00fc Eski\u015fehirli ressam kad\u0131n sanat\u00e7\u0131lar\u0131n karma resim sergisi yo\u011fun ilgi g\u00f6rd\u00fc - AvrupaPress","robots":{"index":"index","follow":"follow","max-snippet":"max-snippet:-1","max-image-preview":"max-image-preview:large","max-video-preview":"max-video-preview:-1"},"canonical":"https:\/\/avrupapress.com\/main\/2024\/03\/24\/8-mart-dunya-kadinlar-gunu-eskisehirli-ressam-kadin-sanatcilarin-karma-resim-sergisi-yogun-ilgi-gordu\/","og_locale":"fr_FR","og_type":"article","og_title":"8 Mart D\u00fcnya Kad\u0131nlar G\u00fcn\u00fc Eski\u015fehirli ressam kad\u0131n sanat\u00e7\u0131lar\u0131n karma resim sergisi yo\u011fun ilgi g\u00f6rd\u00fc - AvrupaPress","og_description":"HABER \/ FOTO\u011eRAF: ERTU\u011eRUL ALTINEL \u2013 B\u0130LG\u0130N \u00d6Z\u00c7\u0130FT\u00c7\u0130 \u2013 AVRUPA PRESS- BEL\u00c7\u0130KA 8 Mart D\u00fcnya Kad\u0131nlar G\u00fcn\u00fc Eski\u015fehirli ressam kad\u0131n sanat\u00e7\u0131lar\u0131n karma resim sergisi, sergiyi gezen sanat\u00e7\u0131lar taraf\u0131ndan yo\u011fun ilgi g\u00f6rd\u00fc. Sergide: Eski\u015fehirli 48 kad\u0131n ressam sanat\u00e7\u0131n\u0131n b\u00fcy\u00fck emekle haz\u0131rlad\u0131klar\u0131 48 resim tablolar\u0131 sergide d\u00fczenli olarak sergilendi. Eski\u015fehir Sanat Derne\u011fi\u2019nin karma resim tablolar\u0131 sergisi, Eski\u015fehir [&hellip;]","og_url":"https:\/\/avrupapress.com\/main\/2024\/03\/24\/8-mart-dunya-kadinlar-gunu-eskisehirli-ressam-kadin-sanatcilarin-karma-resim-sergisi-yogun-ilgi-gordu\/","og_site_name":"AvrupaPress","article_published_time":"2024-03-24T17:34:32+00:00","article_modified_time":"2024-03-24T17:34:49+00:00","og_image":[{"width":1600,"height":1200,"url":"https:\/\/avrupapress.com\/main\/wp-content\/uploads\/2024\/03\/thumbnail_IMG-20240323-WA0014.jpg","type":"image\/jpeg"}],"author":"Edit\u00f6r","twitter_card":"summary_large_image","twitter_misc":{"\u00c9crit par":"Edit\u00f6r","Dur\u00e9e de lecture est.":"3 minutes"},"schema":{"@context":"https:\/\/schema.org","@graph":[{"@type":"Article","@id":"https:\/\/avrupapress.com\/main\/2024\/03\/24\/8-mart-dunya-kadinlar-gunu-eskisehirli-ressam-kadin-sanatcilarin-karma-resim-sergisi-yogun-ilgi-gordu\/#article","isPartOf":{"@id":"https:\/\/avrupapress.com\/main\/2024\/03\/24\/8-mart-dunya-kadinlar-gunu-eskisehirli-ressam-kadin-sanatcilarin-karma-resim-sergisi-yogun-ilgi-gordu\/"},"author":{"name":"Edit\u00f6r","@id":"https:\/\/avrupapress.com\/#\/schema\/person\/68428444ec60970d1e1b700cf4ca1e8f"},"headline":"8 Mart D\u00fcnya Kad\u0131nlar G\u00fcn\u00fc Eski\u015fehirli ressam kad\u0131n sanat\u00e7\u0131lar\u0131n karma resim sergisi yo\u011fun ilgi g\u00f6rd\u00fc","datePublished":"2024-03-24T17:34:32+00:00","dateModified":"2024-03-24T17:34:49+00:00","mainEntityOfPage":{"@id":"https:\/\/avrupapress.com\/main\/2024\/03\/24\/8-mart-dunya-kadinlar-gunu-eskisehirli-ressam-kadin-sanatcilarin-karma-resim-sergisi-yogun-ilgi-gordu\/"},"wordCount":367,"publisher":{"@id":"https:\/\/avrupapress.com\/#\/schema\/person\/0223dca19c72c43575bf30d1a2d8f4fa"},"image":{"@id":"https:\/\/avrupapress.com\/main\/2024\/03\/24\/8-mart-dunya-kadinlar-gunu-eskisehirli-ressam-kadin-sanatcilarin-karma-resim-sergisi-yogun-ilgi-gordu\/#primaryimage"},"thumbnailUrl":"https:\/\/avrupapress.com\/main\/wp-content\/uploads\/2024\/03\/thumbnail_IMG-20240323-WA0014.jpg","articleSection":["Avrupa","Bel\u00e7ika","D\u00fcnya","Ekonomi","K\u00fclt\u00fcr-Sanat","Spor","Tan\u0131t\u0131m","T\u00fcrkiye","Uncategorized"],"inLanguage":"fr-BE"},{"@type":"WebPage","@id":"https:\/\/avrupapress.com\/main\/2024\/03\/24\/8-mart-dunya-kadinlar-gunu-eskisehirli-ressam-kadin-sanatcilarin-karma-resim-sergisi-yogun-ilgi-gordu\/","url":"https:\/\/avrupapress.com\/main\/2024\/03\/24\/8-mart-dunya-kadinlar-gunu-eskisehirli-ressam-kadin-sanatcilarin-karma-resim-sergisi-yogun-ilgi-gordu\/","name":"8 Mart D\u00fcnya Kad\u0131nlar G\u00fcn\u00fc Eski\u015fehirli ressam kad\u0131n sanat\u00e7\u0131lar\u0131n karma resim sergisi yo\u011fun ilgi g\u00f6rd\u00fc - AvrupaPress","isPartOf":{"@id":"https:\/\/avrupapress.com\/#website"},"primaryImageOfPage":{"@id":"https:\/\/avrupapress.com\/main\/2024\/03\/24\/8-mart-dunya-kadinlar-gunu-eskisehirli-ressam-kadin-sanatcilarin-karma-resim-sergisi-yogun-ilgi-gordu\/#primaryimage"},"image":{"@id":"https:\/\/avrupapress.com\/main\/2024\/03\/24\/8-mart-dunya-kadinlar-gunu-eskisehirli-ressam-kadin-sanatcilarin-karma-resim-sergisi-yogun-ilgi-gordu\/#primaryimage"},"thumbnailUrl":"https:\/\/avrupapress.com\/main\/wp-content\/uploads\/2024\/03\/thumbnail_IMG-20240323-WA0014.jpg","datePublished":"2024-03-24T17:34:32+00:00","dateModified":"2024-03-24T17:34:49+00:00","breadcrumb":{"@id":"https:\/\/avrupapress.com\/main\/2024\/03\/24\/8-mart-dunya-kadinlar-gunu-eskisehirli-ressam-kadin-sanatcilarin-karma-resim-sergisi-yogun-ilgi-gordu\/#breadcrumb"},"inLanguage":"fr-BE","potentialAction":[{"@type":"ReadAction","target":["https:\/\/avrupapress.com\/main\/2024\/03\/24\/8-mart-dunya-kadinlar-gunu-eskisehirli-ressam-kadin-sanatcilarin-karma-resim-sergisi-yogun-ilgi-gordu\/"]}]},{"@type":"ImageObject","inLanguage":"fr-BE","@id":"https:\/\/avrupapress.com\/main\/2024\/03\/24\/8-mart-dunya-kadinlar-gunu-eskisehirli-ressam-kadin-sanatcilarin-karma-resim-sergisi-yogun-ilgi-gordu\/#primaryimage","url":"https:\/\/avrupapress.com\/main\/wp-content\/uploads\/2024\/03\/thumbnail_IMG-20240323-WA0014.jpg","contentUrl":"https:\/\/avrupapress.com\/main\/wp-content\/uploads\/2024\/03\/thumbnail_IMG-20240323-WA0014.jpg","width":1600,"height":1200},{"@type":"BreadcrumbList","@id":"https:\/\/avrupapress.com\/main\/2024\/03\/24\/8-mart-dunya-kadinlar-gunu-eskisehirli-ressam-kadin-sanatcilarin-karma-resim-sergisi-yogun-ilgi-gordu\/#breadcrumb","itemListElement":[{"@type":"ListItem","position":1,"name":"Anasayfa","item":"https:\/\/avrupapress.com\/"},{"@type":"ListItem","position":2,"name":"8 Mart D\u00fcnya Kad\u0131nlar G\u00fcn\u00fc Eski\u015fehirli ressam kad\u0131n sanat\u00e7\u0131lar\u0131n karma resim sergisi yo\u011fun ilgi g\u00f6rd\u00fc"}]},{"@type":"WebSite","@id":"https:\/\/avrupapress.com\/#website","url":"https:\/\/avrupapress.com\/","name":"AvrupaPress","description":"Haberin Adresi","publisher":{"@id":"https:\/\/avrupapress.com\/#\/schema\/person\/0223dca19c72c43575bf30d1a2d8f4fa"},"potentialAction":[{"@type":"SearchAction","target":{"@type":"EntryPoint","urlTemplate":"https:\/\/avrupapress.com\/?s={search_term_string}"},"query-input":{"@type":"PropertyValueSpecification","valueRequired":true,"valueName":"search_term_string"}}],"inLanguage":"fr-BE"},{"@type":["Person","Organization"],"@id":"https:\/\/avrupapress.com\/#\/schema\/person\/0223dca19c72c43575bf30d1a2d8f4fa","name":"Bilgin \u00d6z\u00e7ift\u00e7i","image":{"@type":"ImageObject","inLanguage":"fr-BE","@id":"https:\/\/avrupapress.com\/#\/schema\/person\/image\/","url":"https:\/\/secure.gravatar.com\/avatar\/0f23b280433a21e1ea7a0adcc46ed0ad16afe3ad8e630fd13d8a017dcbd54ef3?s=96&d=mm&r=g","contentUrl":"https:\/\/secure.gravatar.com\/avatar\/0f23b280433a21e1ea7a0adcc46ed0ad16afe3ad8e630fd13d8a017dcbd54ef3?s=96&d=mm&r=g","caption":"Bilgin \u00d6z\u00e7ift\u00e7i"},"logo":{"@id":"https:\/\/avrupapress.com\/#\/schema\/person\/image\/"},"description":"Ne ben, nede sen... Biz ancak \"biz\" olursak g\u00fc\u00e7l\u00fc olabiliriz"},{"@type":"Person","@id":"https:\/\/avrupapress.com\/#\/schema\/person\/68428444ec60970d1e1b700cf4ca1e8f","name":"Edit\u00f6r","image":{"@type":"ImageObject","inLanguage":"fr-BE","@id":"https:\/\/avrupapress.com\/#\/schema\/person\/image\/","url":"https:\/\/secure.gravatar.com\/avatar\/74996b0977aa5f1559ba9883776652508b229005c0d78fb2597897f0bd651c09?s=96&d=mm&r=g","contentUrl":"https:\/\/secure.gravatar.com\/avatar\/74996b0977aa5f1559ba9883776652508b229005c0d78fb2597897f0bd651c09?s=96&d=mm&r=g","caption":"Edit\u00f6r"},"sameAs":["http:\/\/www.avrupapress.com"],"url":"https:\/\/avrupapress.com\/main\/author\/editor\/"}]}},"_links":{"self":[{"href":"https:\/\/avrupapress.com\/main\/wp-json\/wp\/v2\/posts\/25562","targetHints":{"allow":["GET"]}}],"collection":[{"href":"https:\/\/avrupapress.com\/main\/wp-json\/wp\/v2\/posts"}],"about":[{"href":"https:\/\/avrupapress.com\/main\/wp-json\/wp\/v2\/types\/post"}],"author":[{"embeddable":true,"href":"https:\/\/avrupapress.com\/main\/wp-json\/wp\/v2\/users\/3"}],"replies":[{"embeddable":true,"href":"https:\/\/avrupapress.com\/main\/wp-json\/wp\/v2\/comments?post=25562"}],"version-history":[{"count":1,"href":"https:\/\/avrupapress.com\/main\/wp-json\/wp\/v2\/posts\/25562\/revisions"}],"predecessor-version":[{"id":25569,"href":"https:\/\/avrupapress.com\/main\/wp-json\/wp\/v2\/posts\/25562\/revisions\/25569"}],"wp:featuredmedia":[{"embeddable":true,"href":"https:\/\/avrupapress.com\/main\/wp-json\/wp\/v2\/media\/25568"}],"wp:attachment":[{"href":"https:\/\/avrupapress.com\/main\/wp-json\/wp\/v2\/media?parent=25562"}],"wp:term":[{"taxonomy":"category","embeddable":true,"href":"https:\/\/avrupapress.com\/main\/wp-json\/wp\/v2\/categories?post=25562"},{"taxonomy":"post_tag","embeddable":true,"href":"https:\/\/avrupapress.com\/main\/wp-json\/wp\/v2\/tags?post=25562"}],"curies":[{"name":"wp","href":"https:\/\/api.w.org\/{rel}","templated":true}]}}