{"id":25534,"date":"2024-03-24T09:06:41","date_gmt":"2024-03-24T09:06:41","guid":{"rendered":"https:\/\/avrupapress.com\/main\/?p=25534"},"modified":"2024-04-04T01:16:33","modified_gmt":"2024-04-04T01:16:33","slug":"eskisehirde-yasayan-bilecikliler-iftar-yemeginde-bir-araya-geldiler","status":"publish","type":"post","link":"https:\/\/avrupapress.com\/main\/2024\/03\/24\/eskisehirde-yasayan-bilecikliler-iftar-yemeginde-bir-araya-geldiler\/","title":{"rendered":"Eski\u015fehir\u2019de Ya\u015fayan Bilecikliler iftar yeme\u011finde bir araya geldiler"},"content":{"rendered":"<div dir=\"auto\"><\/div>\n<div id=\"x_ms-outlook-mobile-signature\" dir=\"auto\">\n<div dir=\"auto\"><strong>HABER \/ FOTO\u011eRAF: ERTU\u011eRUL ALTINEL \u2013 B\u0130LG\u0130N \u00d6Z\u00c7\u0130FT\u00c7\u0130 \u2013 AVRUPA PRESS \u2013 BEL\u00c7\u0130KA<\/strong><\/div>\n<div dir=\"auto\"><\/div>\n<div dir=\"auto\">Eski\u015fehir\u2019de Ya\u015fayan Bilecikliler Derne\u011fi (EYB\u0130LDER)\u2019nin d\u00fczenledi\u011fi iftar yeme\u011fine; \u00e7ok say\u0131da Eski\u015fehir\u2019de ya\u015fayan Bilecikliler kat\u0131ld\u0131. \u0130ftar yeme\u011finde Bilecikliler bir araya geldiler.<\/div>\n<div dir=\"auto\"><\/div>\n<div style=\"overflow: auto; position: absolute; height: 0pt; width: 0pt;\">\n<a href=\"http:\/\/www.ankaraaltin.com\/\" title=\"ankara escort bayan\">ankara escort bayan<\/a><br \/>\n<a href=\"http:\/\/www.adanashell.com\/\" title=\"adana escort bayan\">adana escort bayan<\/a><br \/>\n<a href=\"http:\/\/www.eryamanrentacar.com\/\" title=\"eryaman escort bayan\">eryaman escort bayan<\/a><br \/>\n<a href=\"http:\/\/www.cankayadans.com\/\" title=\"\u00e7ankaya escort bayan\">\u00e7ankaya escort bayan<\/a>\n<\/div>\n<div dir=\"auto\">Eski\u015fehir iline ba\u011fl\u0131 Ye\u015filtepe mahallesinde bulunan bir d\u00fc\u011f\u00fcn salonunda ger\u00e7ekle\u015ftirilen iftar yeme\u011finde; Eski\u015fehir\u2019de ya\u015fayan \u00e7ok say\u0131da Bilecikliler bir araya gelerek kayna\u015ft\u0131lar. Programa; Tepeba\u015f\u0131 Belediye Ba\u015fkan\u0131 Ahmet Ata\u00e7 da kat\u0131larak yapt\u0131\u011f\u0131 konu\u015fmas\u0131nda, \u2018\u2019Ramazan ay\u0131 herkese hay\u0131rlara vesile olsun. Eski\u015fehir\u2019de \u00e7ok say\u0131da ya\u015fayan Bilecikli vatanda\u015f\u0131m\u0131z var. Bu iftar yeme\u011finde Eski\u015fehir\u2019de ya\u015fayan Bilecikliler, bu m\u00fcbarek g\u00fcnde bir araya gelmesinden ve kayna\u015fmas\u0131ndan mutluluklar duydum\u2019\u2019 dedi.<\/div>\n<div dir=\"auto\"><\/div>\n<div dir=\"auto\">EYB\u0130LDER Ba\u015fkan\u0131 Davut M\u00fclayim iftarda yapt\u0131\u011f\u0131 konu\u015fmas\u0131nda, \u2018\u2019Rahmet ve bereketin bol oldu\u011fu, nefsin terbiye edildi\u011fi ve dayan\u0131\u015fman\u0131n g\u00fc\u00e7lendi\u011fi m\u00fcbarek Ramazan ay\u0131 dolay\u0131s\u0131 ile d\u00fczenledi\u011fimiz iftar yeme\u011fine ho\u015f geldiniz. Amac\u0131m\u0131z; d\u00fczenledi\u011fimiz iftar yeme\u011fi etkinli\u011finde, bu m\u00fcbarek g\u00fcnde Bileciklileri bir araya getirmek ve kayna\u015ft\u0131rmakt\u0131r. Bu iftar yeme\u011finde; Eski\u015fehir\u2019de ya\u015fayan \u00e7ok say\u0131da Bilecikli hem\u015ferilerimiz hem iftarlar\u0131n\u0131 birlikte a\u00e7t\u0131lar hem de birbirleri ile kayna\u015ft\u0131lar ve sohbet ettiler. Eski\u015fehir\u2019de ya\u015fayan Bileciklilerin; iftar yeme\u011finde dayan\u0131\u015fmas\u0131 ve kayna\u015fmas\u0131 ve birlikte oru\u00e7 a\u00e7malar\u0131 son derece Eski\u015fehir\u2019de sevindirici geli\u015fmedir. Allah\u2019\u0131m \u015fu m\u00fcbarek g\u00fcnde, orucumuzu ve ibadetlerimizi kabul eylesin\u2019\u2019 dedi.<\/div>\n<div dir=\"auto\"><\/div>\n<div dir=\"auto\">\u0130ftar yeme\u011fine; Eski\u015fehir\u2019de ya\u015fayan \u00e7ok say\u0131da Bilecikliler ve davetliler kat\u0131ld\u0131. \u0130ftar yeme\u011finin ard\u0131ndan yemek duas\u0131 yap\u0131ld\u0131.<\/div>\n<div dir=\"auto\"><img loading=\"lazy\" decoding=\"async\" class=\"alignnone size-medium wp-image-25558\" src=\"https:\/\/avrupapress.com\/main\/wp-content\/uploads\/2024\/03\/thumbnail_IMG-20240323-WA0022-300x225.jpg\" alt=\"\" width=\"300\" height=\"225\" srcset=\"https:\/\/avrupapress.com\/main\/wp-content\/uploads\/2024\/03\/thumbnail_IMG-20240323-WA0022-300x225.jpg 300w, https:\/\/avrupapress.com\/main\/wp-content\/uploads\/2024\/03\/thumbnail_IMG-20240323-WA0022-1024x768.jpg 1024w, https:\/\/avrupapress.com\/main\/wp-content\/uploads\/2024\/03\/thumbnail_IMG-20240323-WA0022-768x576.jpg 768w, https:\/\/avrupapress.com\/main\/wp-content\/uploads\/2024\/03\/thumbnail_IMG-20240323-WA0022-1536x1152.jpg 1536w, https:\/\/avrupapress.com\/main\/wp-content\/uploads\/2024\/03\/thumbnail_IMG-20240323-WA0022.jpg 1600w\" sizes=\"auto, (max-width: 300px) 100vw, 300px\" \/><\/div>\n<div dir=\"auto\"><img loading=\"lazy\" decoding=\"async\" class=\"alignnone size-medium wp-image-25559\" src=\"https:\/\/avrupapress.com\/main\/wp-content\/uploads\/2024\/03\/IMG-20240323-WA0021-300x199.jpg\" alt=\"\" width=\"300\" height=\"199\" srcset=\"https:\/\/avrupapress.com\/main\/wp-content\/uploads\/2024\/03\/IMG-20240323-WA0021-300x199.jpg 300w, https:\/\/avrupapress.com\/main\/wp-content\/uploads\/2024\/03\/IMG-20240323-WA0021-1024x680.jpg 1024w, https:\/\/avrupapress.com\/main\/wp-content\/uploads\/2024\/03\/IMG-20240323-WA0021-768x510.jpg 768w, https:\/\/avrupapress.com\/main\/wp-content\/uploads\/2024\/03\/IMG-20240323-WA0021.jpg 1215w\" sizes=\"auto, (max-width: 300px) 100vw, 300px\" \/><\/div>\n<div dir=\"auto\"><img loading=\"lazy\" decoding=\"async\" class=\"alignnone size-medium wp-image-25560\" src=\"https:\/\/avrupapress.com\/main\/wp-content\/uploads\/2024\/03\/IMG-20240323-WA0002-300x225.jpg\" alt=\"\" width=\"300\" height=\"225\" srcset=\"https:\/\/avrupapress.com\/main\/wp-content\/uploads\/2024\/03\/IMG-20240323-WA0002-300x225.jpg 300w, https:\/\/avrupapress.com\/main\/wp-content\/uploads\/2024\/03\/IMG-20240323-WA0002-1024x768.jpg 1024w, https:\/\/avrupapress.com\/main\/wp-content\/uploads\/2024\/03\/IMG-20240323-WA0002-768x576.jpg 768w, https:\/\/avrupapress.com\/main\/wp-content\/uploads\/2024\/03\/IMG-20240323-WA0002-1536x1153.jpg 1536w, https:\/\/avrupapress.com\/main\/wp-content\/uploads\/2024\/03\/IMG-20240323-WA0002.jpg 1599w\" sizes=\"auto, (max-width: 300px) 100vw, 300px\" \/><\/div>\n<\/div>\n<div dir=\"auto\"><\/div>\n<div id=\"x_ms-outlook-mobile-signature\" dir=\"auto\"><strong>HABER \/ FOTO\u011eRAF: ERTU\u011eRUL ALTINEL \u2013 B\u0130LG\u0130N \u00d6Z\u00c7\u0130FT\u00c7\u0130 \u2013 AVRUPA PRESS \u2013 BEL\u00c7\u0130KA<\/strong><\/div>\n","protected":false},"excerpt":{"rendered":"<p>HABER \/ FOTO\u011eRAF: ERTU\u011eRUL ALTINEL \u2013 B\u0130LG\u0130N \u00d6Z\u00c7\u0130FT\u00c7\u0130 \u2013 AVRUPA PRESS \u2013 BEL\u00c7\u0130KA Eski\u015fehir\u2019de Ya\u015fayan Bilecikliler Derne\u011fi (EYB\u0130LDER)\u2019nin d\u00fczenledi\u011fi iftar yeme\u011fine; \u00e7ok say\u0131da Eski\u015fehir\u2019de ya\u015fayan Bilecikliler kat\u0131ld\u0131. \u0130ftar yeme\u011finde Bilecikliler bir araya geldiler. ankara escort bayan adana escort bayan eryaman escort bayan \u00e7ankaya escort bayan Eski\u015fehir iline ba\u011fl\u0131 Ye\u015filtepe mahallesinde bulunan bir d\u00fc\u011f\u00fcn salonunda ger\u00e7ekle\u015ftirilen [&hellip;]<\/p>\n","protected":false},"author":3,"featured_media":25560,"comment_status":"closed","ping_status":"open","sticky":false,"template":"","format":"standard","meta":{"footnotes":""},"categories":[14,16,3,17,18,15,19,2,1],"tags":[],"class_list":["post-25534","post","type-post","status-publish","format-standard","has-post-thumbnail","hentry","category-avrupa","category-belcika","category-dunya","category-ekonomi","category-kultur-sanat","category-spor","category-tanitim","category-turkiye","category-uncategorized"],"yoast_head":"<!-- This site is optimized with the Yoast SEO plugin v26.9 - https:\/\/yoast.com\/product\/yoast-seo-wordpress\/ -->\n<title>Eski\u015fehir\u2019de Ya\u015fayan Bilecikliler iftar yeme\u011finde bir araya geldiler - AvrupaPress<\/title>\n<meta name=\"robots\" content=\"index, follow, max-snippet:-1, max-image-preview:large, max-video-preview:-1\" \/>\n<link rel=\"canonical\" href=\"https:\/\/avrupapress.com\/main\/2024\/03\/24\/eskisehirde-yasayan-bilecikliler-iftar-yemeginde-bir-araya-geldiler\/\" \/>\n<meta property=\"og:locale\" content=\"fr_FR\" \/>\n<meta property=\"og:type\" content=\"article\" \/>\n<meta property=\"og:title\" content=\"Eski\u015fehir\u2019de Ya\u015fayan Bilecikliler iftar yeme\u011finde bir araya geldiler - AvrupaPress\" \/>\n<meta property=\"og:description\" content=\"HABER \/ FOTO\u011eRAF: ERTU\u011eRUL ALTINEL \u2013 B\u0130LG\u0130N \u00d6Z\u00c7\u0130FT\u00c7\u0130 \u2013 AVRUPA PRESS \u2013 BEL\u00c7\u0130KA Eski\u015fehir\u2019de Ya\u015fayan Bilecikliler Derne\u011fi (EYB\u0130LDER)\u2019nin d\u00fczenledi\u011fi iftar yeme\u011fine; \u00e7ok say\u0131da Eski\u015fehir\u2019de ya\u015fayan Bilecikliler kat\u0131ld\u0131. \u0130ftar yeme\u011finde Bilecikliler bir araya geldiler. ankara escort bayan adana escort bayan eryaman escort bayan \u00e7ankaya escort bayan Eski\u015fehir iline ba\u011fl\u0131 Ye\u015filtepe mahallesinde bulunan bir d\u00fc\u011f\u00fcn salonunda ger\u00e7ekle\u015ftirilen [&hellip;]\" \/>\n<meta property=\"og:url\" content=\"https:\/\/avrupapress.com\/main\/2024\/03\/24\/eskisehirde-yasayan-bilecikliler-iftar-yemeginde-bir-araya-geldiler\/\" \/>\n<meta property=\"og:site_name\" content=\"AvrupaPress\" \/>\n<meta property=\"article:published_time\" content=\"2024-03-24T09:06:41+00:00\" \/>\n<meta property=\"article:modified_time\" content=\"2024-04-04T01:16:33+00:00\" \/>\n<meta property=\"og:image\" content=\"https:\/\/avrupapress.com\/main\/wp-content\/uploads\/2024\/03\/IMG-20240323-WA0002.jpg\" \/>\n\t<meta property=\"og:image:width\" content=\"1599\" \/>\n\t<meta property=\"og:image:height\" content=\"1200\" \/>\n\t<meta property=\"og:image:type\" content=\"image\/jpeg\" \/>\n<meta name=\"author\" content=\"Edit\u00f6r\" \/>\n<meta name=\"twitter:card\" content=\"summary_large_image\" \/>\n<meta name=\"twitter:label1\" content=\"\u00c9crit par\" \/>\n\t<meta name=\"twitter:data1\" content=\"Edit\u00f6r\" \/>\n\t<meta name=\"twitter:label2\" content=\"Dur\u00e9e de lecture est.\" \/>\n\t<meta name=\"twitter:data2\" content=\"2 minutes\" \/>\n<script type=\"application\/ld+json\" class=\"yoast-schema-graph\">{\"@context\":\"https:\/\/schema.org\",\"@graph\":[{\"@type\":\"Article\",\"@id\":\"https:\/\/avrupapress.com\/main\/2024\/03\/24\/eskisehirde-yasayan-bilecikliler-iftar-yemeginde-bir-araya-geldiler\/#article\",\"isPartOf\":{\"@id\":\"https:\/\/avrupapress.com\/main\/2024\/03\/24\/eskisehirde-yasayan-bilecikliler-iftar-yemeginde-bir-araya-geldiler\/\"},\"author\":{\"name\":\"Edit\u00f6r\",\"@id\":\"https:\/\/avrupapress.com\/#\/schema\/person\/68428444ec60970d1e1b700cf4ca1e8f\"},\"headline\":\"Eski\u015fehir\u2019de Ya\u015fayan Bilecikliler iftar yeme\u011finde bir araya geldiler\",\"datePublished\":\"2024-03-24T09:06:41+00:00\",\"dateModified\":\"2024-04-04T01:16:33+00:00\",\"mainEntityOfPage\":{\"@id\":\"https:\/\/avrupapress.com\/main\/2024\/03\/24\/eskisehirde-yasayan-bilecikliler-iftar-yemeginde-bir-araya-geldiler\/\"},\"wordCount\":348,\"publisher\":{\"@id\":\"https:\/\/avrupapress.com\/#\/schema\/person\/0223dca19c72c43575bf30d1a2d8f4fa\"},\"image\":{\"@id\":\"https:\/\/avrupapress.com\/main\/2024\/03\/24\/eskisehirde-yasayan-bilecikliler-iftar-yemeginde-bir-araya-geldiler\/#primaryimage\"},\"thumbnailUrl\":\"https:\/\/avrupapress.com\/main\/wp-content\/uploads\/2024\/03\/IMG-20240323-WA0002.jpg\",\"articleSection\":[\"Avrupa\",\"Bel\u00e7ika\",\"D\u00fcnya\",\"Ekonomi\",\"K\u00fclt\u00fcr-Sanat\",\"Spor\",\"Tan\u0131t\u0131m\",\"T\u00fcrkiye\",\"Uncategorized\"],\"inLanguage\":\"fr-BE\"},{\"@type\":\"WebPage\",\"@id\":\"https:\/\/avrupapress.com\/main\/2024\/03\/24\/eskisehirde-yasayan-bilecikliler-iftar-yemeginde-bir-araya-geldiler\/\",\"url\":\"https:\/\/avrupapress.com\/main\/2024\/03\/24\/eskisehirde-yasayan-bilecikliler-iftar-yemeginde-bir-araya-geldiler\/\",\"name\":\"Eski\u015fehir\u2019de Ya\u015fayan Bilecikliler iftar yeme\u011finde bir araya geldiler - AvrupaPress\",\"isPartOf\":{\"@id\":\"https:\/\/avrupapress.com\/#website\"},\"primaryImageOfPage\":{\"@id\":\"https:\/\/avrupapress.com\/main\/2024\/03\/24\/eskisehirde-yasayan-bilecikliler-iftar-yemeginde-bir-araya-geldiler\/#primaryimage\"},\"image\":{\"@id\":\"https:\/\/avrupapress.com\/main\/2024\/03\/24\/eskisehirde-yasayan-bilecikliler-iftar-yemeginde-bir-araya-geldiler\/#primaryimage\"},\"thumbnailUrl\":\"https:\/\/avrupapress.com\/main\/wp-content\/uploads\/2024\/03\/IMG-20240323-WA0002.jpg\",\"datePublished\":\"2024-03-24T09:06:41+00:00\",\"dateModified\":\"2024-04-04T01:16:33+00:00\",\"breadcrumb\":{\"@id\":\"https:\/\/avrupapress.com\/main\/2024\/03\/24\/eskisehirde-yasayan-bilecikliler-iftar-yemeginde-bir-araya-geldiler\/#breadcrumb\"},\"inLanguage\":\"fr-BE\",\"potentialAction\":[{\"@type\":\"ReadAction\",\"target\":[\"https:\/\/avrupapress.com\/main\/2024\/03\/24\/eskisehirde-yasayan-bilecikliler-iftar-yemeginde-bir-araya-geldiler\/\"]}]},{\"@type\":\"ImageObject\",\"inLanguage\":\"fr-BE\",\"@id\":\"https:\/\/avrupapress.com\/main\/2024\/03\/24\/eskisehirde-yasayan-bilecikliler-iftar-yemeginde-bir-araya-geldiler\/#primaryimage\",\"url\":\"https:\/\/avrupapress.com\/main\/wp-content\/uploads\/2024\/03\/IMG-20240323-WA0002.jpg\",\"contentUrl\":\"https:\/\/avrupapress.com\/main\/wp-content\/uploads\/2024\/03\/IMG-20240323-WA0002.jpg\",\"width\":1599,\"height\":1200},{\"@type\":\"BreadcrumbList\",\"@id\":\"https:\/\/avrupapress.com\/main\/2024\/03\/24\/eskisehirde-yasayan-bilecikliler-iftar-yemeginde-bir-araya-geldiler\/#breadcrumb\",\"itemListElement\":[{\"@type\":\"ListItem\",\"position\":1,\"name\":\"Anasayfa\",\"item\":\"https:\/\/avrupapress.com\/\"},{\"@type\":\"ListItem\",\"position\":2,\"name\":\"Eski\u015fehir\u2019de Ya\u015fayan Bilecikliler iftar yeme\u011finde bir araya geldiler\"}]},{\"@type\":\"WebSite\",\"@id\":\"https:\/\/avrupapress.com\/#website\",\"url\":\"https:\/\/avrupapress.com\/\",\"name\":\"AvrupaPress\",\"description\":\"Haberin Adresi\",\"publisher\":{\"@id\":\"https:\/\/avrupapress.com\/#\/schema\/person\/0223dca19c72c43575bf30d1a2d8f4fa\"},\"potentialAction\":[{\"@type\":\"SearchAction\",\"target\":{\"@type\":\"EntryPoint\",\"urlTemplate\":\"https:\/\/avrupapress.com\/?s={search_term_string}\"},\"query-input\":{\"@type\":\"PropertyValueSpecification\",\"valueRequired\":true,\"valueName\":\"search_term_string\"}}],\"inLanguage\":\"fr-BE\"},{\"@type\":[\"Person\",\"Organization\"],\"@id\":\"https:\/\/avrupapress.com\/#\/schema\/person\/0223dca19c72c43575bf30d1a2d8f4fa\",\"name\":\"Bilgin \u00d6z\u00e7ift\u00e7i\",\"image\":{\"@type\":\"ImageObject\",\"inLanguage\":\"fr-BE\",\"@id\":\"https:\/\/avrupapress.com\/#\/schema\/person\/image\/\",\"url\":\"https:\/\/secure.gravatar.com\/avatar\/0f23b280433a21e1ea7a0adcc46ed0ad16afe3ad8e630fd13d8a017dcbd54ef3?s=96&d=mm&r=g\",\"contentUrl\":\"https:\/\/secure.gravatar.com\/avatar\/0f23b280433a21e1ea7a0adcc46ed0ad16afe3ad8e630fd13d8a017dcbd54ef3?s=96&d=mm&r=g\",\"caption\":\"Bilgin \u00d6z\u00e7ift\u00e7i\"},\"logo\":{\"@id\":\"https:\/\/avrupapress.com\/#\/schema\/person\/image\/\"},\"description\":\"Ne ben, nede sen... Biz ancak \\\"biz\\\" olursak g\u00fc\u00e7l\u00fc olabiliriz\"},{\"@type\":\"Person\",\"@id\":\"https:\/\/avrupapress.com\/#\/schema\/person\/68428444ec60970d1e1b700cf4ca1e8f\",\"name\":\"Edit\u00f6r\",\"image\":{\"@type\":\"ImageObject\",\"inLanguage\":\"fr-BE\",\"@id\":\"https:\/\/avrupapress.com\/#\/schema\/person\/image\/\",\"url\":\"https:\/\/secure.gravatar.com\/avatar\/74996b0977aa5f1559ba9883776652508b229005c0d78fb2597897f0bd651c09?s=96&d=mm&r=g\",\"contentUrl\":\"https:\/\/secure.gravatar.com\/avatar\/74996b0977aa5f1559ba9883776652508b229005c0d78fb2597897f0bd651c09?s=96&d=mm&r=g\",\"caption\":\"Edit\u00f6r\"},\"sameAs\":[\"http:\/\/www.avrupapress.com\"],\"url\":\"https:\/\/avrupapress.com\/main\/author\/editor\/\"}]}<\/script>\n<!-- \/ Yoast SEO plugin. -->","yoast_head_json":{"title":"Eski\u015fehir\u2019de Ya\u015fayan Bilecikliler iftar yeme\u011finde bir araya geldiler - AvrupaPress","robots":{"index":"index","follow":"follow","max-snippet":"max-snippet:-1","max-image-preview":"max-image-preview:large","max-video-preview":"max-video-preview:-1"},"canonical":"https:\/\/avrupapress.com\/main\/2024\/03\/24\/eskisehirde-yasayan-bilecikliler-iftar-yemeginde-bir-araya-geldiler\/","og_locale":"fr_FR","og_type":"article","og_title":"Eski\u015fehir\u2019de Ya\u015fayan Bilecikliler iftar yeme\u011finde bir araya geldiler - AvrupaPress","og_description":"HABER \/ FOTO\u011eRAF: ERTU\u011eRUL ALTINEL \u2013 B\u0130LG\u0130N \u00d6Z\u00c7\u0130FT\u00c7\u0130 \u2013 AVRUPA PRESS \u2013 BEL\u00c7\u0130KA Eski\u015fehir\u2019de Ya\u015fayan Bilecikliler Derne\u011fi (EYB\u0130LDER)\u2019nin d\u00fczenledi\u011fi iftar yeme\u011fine; \u00e7ok say\u0131da Eski\u015fehir\u2019de ya\u015fayan Bilecikliler kat\u0131ld\u0131. \u0130ftar yeme\u011finde Bilecikliler bir araya geldiler. ankara escort bayan adana escort bayan eryaman escort bayan \u00e7ankaya escort bayan Eski\u015fehir iline ba\u011fl\u0131 Ye\u015filtepe mahallesinde bulunan bir d\u00fc\u011f\u00fcn salonunda ger\u00e7ekle\u015ftirilen [&hellip;]","og_url":"https:\/\/avrupapress.com\/main\/2024\/03\/24\/eskisehirde-yasayan-bilecikliler-iftar-yemeginde-bir-araya-geldiler\/","og_site_name":"AvrupaPress","article_published_time":"2024-03-24T09:06:41+00:00","article_modified_time":"2024-04-04T01:16:33+00:00","og_image":[{"width":1599,"height":1200,"url":"https:\/\/avrupapress.com\/main\/wp-content\/uploads\/2024\/03\/IMG-20240323-WA0002.jpg","type":"image\/jpeg"}],"author":"Edit\u00f6r","twitter_card":"summary_large_image","twitter_misc":{"\u00c9crit par":"Edit\u00f6r","Dur\u00e9e de lecture est.":"2 minutes"},"schema":{"@context":"https:\/\/schema.org","@graph":[{"@type":"Article","@id":"https:\/\/avrupapress.com\/main\/2024\/03\/24\/eskisehirde-yasayan-bilecikliler-iftar-yemeginde-bir-araya-geldiler\/#article","isPartOf":{"@id":"https:\/\/avrupapress.com\/main\/2024\/03\/24\/eskisehirde-yasayan-bilecikliler-iftar-yemeginde-bir-araya-geldiler\/"},"author":{"name":"Edit\u00f6r","@id":"https:\/\/avrupapress.com\/#\/schema\/person\/68428444ec60970d1e1b700cf4ca1e8f"},"headline":"Eski\u015fehir\u2019de Ya\u015fayan Bilecikliler iftar yeme\u011finde bir araya geldiler","datePublished":"2024-03-24T09:06:41+00:00","dateModified":"2024-04-04T01:16:33+00:00","mainEntityOfPage":{"@id":"https:\/\/avrupapress.com\/main\/2024\/03\/24\/eskisehirde-yasayan-bilecikliler-iftar-yemeginde-bir-araya-geldiler\/"},"wordCount":348,"publisher":{"@id":"https:\/\/avrupapress.com\/#\/schema\/person\/0223dca19c72c43575bf30d1a2d8f4fa"},"image":{"@id":"https:\/\/avrupapress.com\/main\/2024\/03\/24\/eskisehirde-yasayan-bilecikliler-iftar-yemeginde-bir-araya-geldiler\/#primaryimage"},"thumbnailUrl":"https:\/\/avrupapress.com\/main\/wp-content\/uploads\/2024\/03\/IMG-20240323-WA0002.jpg","articleSection":["Avrupa","Bel\u00e7ika","D\u00fcnya","Ekonomi","K\u00fclt\u00fcr-Sanat","Spor","Tan\u0131t\u0131m","T\u00fcrkiye","Uncategorized"],"inLanguage":"fr-BE"},{"@type":"WebPage","@id":"https:\/\/avrupapress.com\/main\/2024\/03\/24\/eskisehirde-yasayan-bilecikliler-iftar-yemeginde-bir-araya-geldiler\/","url":"https:\/\/avrupapress.com\/main\/2024\/03\/24\/eskisehirde-yasayan-bilecikliler-iftar-yemeginde-bir-araya-geldiler\/","name":"Eski\u015fehir\u2019de Ya\u015fayan Bilecikliler iftar yeme\u011finde bir araya geldiler - AvrupaPress","isPartOf":{"@id":"https:\/\/avrupapress.com\/#website"},"primaryImageOfPage":{"@id":"https:\/\/avrupapress.com\/main\/2024\/03\/24\/eskisehirde-yasayan-bilecikliler-iftar-yemeginde-bir-araya-geldiler\/#primaryimage"},"image":{"@id":"https:\/\/avrupapress.com\/main\/2024\/03\/24\/eskisehirde-yasayan-bilecikliler-iftar-yemeginde-bir-araya-geldiler\/#primaryimage"},"thumbnailUrl":"https:\/\/avrupapress.com\/main\/wp-content\/uploads\/2024\/03\/IMG-20240323-WA0002.jpg","datePublished":"2024-03-24T09:06:41+00:00","dateModified":"2024-04-04T01:16:33+00:00","breadcrumb":{"@id":"https:\/\/avrupapress.com\/main\/2024\/03\/24\/eskisehirde-yasayan-bilecikliler-iftar-yemeginde-bir-araya-geldiler\/#breadcrumb"},"inLanguage":"fr-BE","potentialAction":[{"@type":"ReadAction","target":["https:\/\/avrupapress.com\/main\/2024\/03\/24\/eskisehirde-yasayan-bilecikliler-iftar-yemeginde-bir-araya-geldiler\/"]}]},{"@type":"ImageObject","inLanguage":"fr-BE","@id":"https:\/\/avrupapress.com\/main\/2024\/03\/24\/eskisehirde-yasayan-bilecikliler-iftar-yemeginde-bir-araya-geldiler\/#primaryimage","url":"https:\/\/avrupapress.com\/main\/wp-content\/uploads\/2024\/03\/IMG-20240323-WA0002.jpg","contentUrl":"https:\/\/avrupapress.com\/main\/wp-content\/uploads\/2024\/03\/IMG-20240323-WA0002.jpg","width":1599,"height":1200},{"@type":"BreadcrumbList","@id":"https:\/\/avrupapress.com\/main\/2024\/03\/24\/eskisehirde-yasayan-bilecikliler-iftar-yemeginde-bir-araya-geldiler\/#breadcrumb","itemListElement":[{"@type":"ListItem","position":1,"name":"Anasayfa","item":"https:\/\/avrupapress.com\/"},{"@type":"ListItem","position":2,"name":"Eski\u015fehir\u2019de Ya\u015fayan Bilecikliler iftar yeme\u011finde bir araya geldiler"}]},{"@type":"WebSite","@id":"https:\/\/avrupapress.com\/#website","url":"https:\/\/avrupapress.com\/","name":"AvrupaPress","description":"Haberin Adresi","publisher":{"@id":"https:\/\/avrupapress.com\/#\/schema\/person\/0223dca19c72c43575bf30d1a2d8f4fa"},"potentialAction":[{"@type":"SearchAction","target":{"@type":"EntryPoint","urlTemplate":"https:\/\/avrupapress.com\/?s={search_term_string}"},"query-input":{"@type":"PropertyValueSpecification","valueRequired":true,"valueName":"search_term_string"}}],"inLanguage":"fr-BE"},{"@type":["Person","Organization"],"@id":"https:\/\/avrupapress.com\/#\/schema\/person\/0223dca19c72c43575bf30d1a2d8f4fa","name":"Bilgin \u00d6z\u00e7ift\u00e7i","image":{"@type":"ImageObject","inLanguage":"fr-BE","@id":"https:\/\/avrupapress.com\/#\/schema\/person\/image\/","url":"https:\/\/secure.gravatar.com\/avatar\/0f23b280433a21e1ea7a0adcc46ed0ad16afe3ad8e630fd13d8a017dcbd54ef3?s=96&d=mm&r=g","contentUrl":"https:\/\/secure.gravatar.com\/avatar\/0f23b280433a21e1ea7a0adcc46ed0ad16afe3ad8e630fd13d8a017dcbd54ef3?s=96&d=mm&r=g","caption":"Bilgin \u00d6z\u00e7ift\u00e7i"},"logo":{"@id":"https:\/\/avrupapress.com\/#\/schema\/person\/image\/"},"description":"Ne ben, nede sen... Biz ancak \"biz\" olursak g\u00fc\u00e7l\u00fc olabiliriz"},{"@type":"Person","@id":"https:\/\/avrupapress.com\/#\/schema\/person\/68428444ec60970d1e1b700cf4ca1e8f","name":"Edit\u00f6r","image":{"@type":"ImageObject","inLanguage":"fr-BE","@id":"https:\/\/avrupapress.com\/#\/schema\/person\/image\/","url":"https:\/\/secure.gravatar.com\/avatar\/74996b0977aa5f1559ba9883776652508b229005c0d78fb2597897f0bd651c09?s=96&d=mm&r=g","contentUrl":"https:\/\/secure.gravatar.com\/avatar\/74996b0977aa5f1559ba9883776652508b229005c0d78fb2597897f0bd651c09?s=96&d=mm&r=g","caption":"Edit\u00f6r"},"sameAs":["http:\/\/www.avrupapress.com"],"url":"https:\/\/avrupapress.com\/main\/author\/editor\/"}]}},"_links":{"self":[{"href":"https:\/\/avrupapress.com\/main\/wp-json\/wp\/v2\/posts\/25534","targetHints":{"allow":["GET"]}}],"collection":[{"href":"https:\/\/avrupapress.com\/main\/wp-json\/wp\/v2\/posts"}],"about":[{"href":"https:\/\/avrupapress.com\/main\/wp-json\/wp\/v2\/types\/post"}],"author":[{"embeddable":true,"href":"https:\/\/avrupapress.com\/main\/wp-json\/wp\/v2\/users\/3"}],"replies":[{"embeddable":true,"href":"https:\/\/avrupapress.com\/main\/wp-json\/wp\/v2\/comments?post=25534"}],"version-history":[{"count":2,"href":"https:\/\/avrupapress.com\/main\/wp-json\/wp\/v2\/posts\/25534\/revisions"}],"predecessor-version":[{"id":25672,"href":"https:\/\/avrupapress.com\/main\/wp-json\/wp\/v2\/posts\/25534\/revisions\/25672"}],"wp:featuredmedia":[{"embeddable":true,"href":"https:\/\/avrupapress.com\/main\/wp-json\/wp\/v2\/media\/25560"}],"wp:attachment":[{"href":"https:\/\/avrupapress.com\/main\/wp-json\/wp\/v2\/media?parent=25534"}],"wp:term":[{"taxonomy":"category","embeddable":true,"href":"https:\/\/avrupapress.com\/main\/wp-json\/wp\/v2\/categories?post=25534"},{"taxonomy":"post_tag","embeddable":true,"href":"https:\/\/avrupapress.com\/main\/wp-json\/wp\/v2\/tags?post=25534"}],"curies":[{"name":"wp","href":"https:\/\/api.w.org\/{rel}","templated":true}]}}