{"id":25530,"date":"2024-03-23T21:44:38","date_gmt":"2024-03-23T21:44:38","guid":{"rendered":"https:\/\/avrupapress.com\/main\/?p=25530"},"modified":"2024-03-24T08:58:09","modified_gmt":"2024-03-24T08:58:09","slug":"vous-soyagaci","status":"publish","type":"post","link":"https:\/\/avrupapress.com\/main\/2024\/03\/23\/vous-soyagaci\/","title":{"rendered":"\u200b \u200b \u201cSOYA\u011eACI\u201d"},"content":{"rendered":"<div dir=\"auto\"><strong>HABER \/ FOTO\u011eRAF: ERTU\u011eRUL ALTINEL \u2013 B\u0130LG\u0130N \u00d6Z\u00c7\u0130FT\u00c7\u0130 \u2013 AVRUPA PRESS- BEL\u00c7\u0130KA<\/strong><\/div>\n<div dir=\"auto\"><\/div>\n<div dir=\"auto\">\n<div dir=\"auto\">Hilmi \u00d6zden<\/div>\n<div dir=\"auto\" aria-hidden=\"true\"><\/div>\n<div dir=\"auto\">Giri\u015f<\/div>\n<div dir=\"auto\">\u201cSoya\u011fac\u0131\u201d \u201cEmekli K\u0131demli Albay Mak. M\u00fch. \u00d6znur YILMAZ\u201d\u0131n \u201cT\u00fcrk Toplumuna Ayna Tutan\u201d romanlar\u0131ndan birinin ad\u0131d\u0131r. Eser \u015fu ithafla ba\u015flamaktad\u0131r: \u201c Bir yat\u0131l\u0131 yurtta 45 erkek \u00e7ocu\u011funun istismar edilmesine \u201cbir kereden bir \u015fey olmaz\u201d diyen b\u00fct\u00fcn \u015fuursuzlara ithaf edilmi\u015ftir. Neslin nas\u0131l bozuldu\u011fu ile ilgili bilin\u00e7lenmek \u201ctek seferin \u00e7ok sefer oldu\u011funun\u201d fark\u0131na var\u0131labilmesi i\u00e7in bo\u011faz\u0131m\u0131za d\u00fc\u011f\u00fcmlenen hadiselerin \u00e7o\u011fu yok say\u0131larak yaz\u0131lm\u0131\u015ft\u0131r. \u00c7\u00fcnk\u00fc \u201cVatan\u0131 korumak \u00e7ocuklar\u0131 korumakla ba\u015flar\u201d \u00a0Gazi Mustafa Kemal Atat\u00fcrk.<\/div>\n<div dir=\"auto\">Roman \u201cWelcome to Soya\u011fac\u0131\u201dn\u0131n \u015femas\u0131yla devam etmektedir:<\/div>\n<div dir=\"auto\">\u00a0\u2002\u2002\u2002\u2002\u2002\u201cFerman\u201dla evli olan \u201cHanife\u201dnin \u201cWelcome to \u201cMissouri\u201d ABD z\u0131rhl\u0131s\u0131ndan ismi bilinmeyen bir Amerika askeri ile tek gecelik ili\u015fkisinin sonu\u00e7lar\u0131n\u0131 anlat\u0131r. Ailenin birinci ku\u015fa\u011f\u0131 1946 y\u0131l\u0131 ile temsil edilmektedir. Bundan sonraki gelecek ku\u015faklar\u0131n \u201cb\u00fcy\u00fck dedesi\u201d ismi bilinmeyen bu \u201cAmerikan askeri\u201d olacakt\u0131r. \u00a0E\u015fi taraf\u0131ndan aldat\u0131lan \u201cFerman\u201ddan herhangi bir \u00e7ocuk d\u00fcnyaya gelmeyecektir. Burada anlat\u0131lmak istenen ister kad\u0131n\u0131n e\u015fini isterse erke\u011fin e\u015fini aldatmas\u0131n\u0131n ilerleyen ku\u015faklarda nas\u0131l korkun\u00e7 sonu\u00e7lar do\u011furaca\u011f\u0131n\u0131n ortaya \u00e7\u0131kmas\u0131d\u0131r. Romanda i\u015flenen ana fikir \u201ctek seferin \u00e7ok sefer oldu\u011fu\u201d ve bununla \u201ctoplumun en kutsal kurumu olan ailenin\u201d nas\u0131l bir girdab\u0131n i\u00e7ine s\u00fcr\u00fcklenme \u201cihtimalinin\u201d(!) (soya\u011fac\u0131-pedigri-akrabal\u0131k ili\u015fkileri) korkun\u00e7 sonu\u00e7lar\u0131n\u0131n ortaya konulmas\u0131d\u0131r.<\/div>\n<div dir=\"auto\">Roman, biyolojik, psikolojik, sosyolojik ve patolojik bir ili\u015fkiler a\u011f\u0131n\u0131n herhangi bir ailedeki soy a\u011fac\u0131 ile \u201ckorkun\u00e7 y\u00fczle\u015fmesi\u201dni anlatmaktad\u0131r. Hanife\u2019nin Amerikan askeri ile tek gecelik e\u015fini aldatmas\u0131ndan sonra ailenin 1968-1969 y\u0131llar\u0131 aras\u0131nda 2. ku\u015fa\u011f\u0131 diyebilece\u011fimiz Amerikal\u0131 babadan do\u011fan \u201c\u015e\u00f6hret\u201d isimli k\u0131zlar\u0131n\u0131n 68 ku\u015fa\u011f\u0131ndan erkek arkada\u015f\u0131 \u201cMurat\u201dtan bir \u00e7ocuklar\u0131 d\u00fcnyaya gelmesidir. \u201cMurat\u201d din\u00ee ibadetlerini aksatmayan bir devrimci ve Amerikan Emperyalizmine kar\u015f\u0131 6. filo&rsquo;nun T\u00fcrkiye&rsquo;ye gelmesinde gen\u00e7lik olaylar\u0131na kar\u0131\u015fan bir delikanl\u0131d\u0131r. \u201cMurat\u201d ve \u201c\u015e\u00f6hret\u201din \u00f6\u011frenci iken ili\u015fkisinden d\u00fcnyaya gelen bebekleri \u0130ranl\u0131 arkada\u015flar\u0131na teslim edilmi\u015ftir. \u0130ranl\u0131 arkada\u015flar\u0131 devrimci g\u00f6r\u00fcnmelerine ra\u011fmen istihbarat te\u015fkilatlar\u0131na \u00e7al\u0131\u015fmaktad\u0131rlar. \u00a0Olaylar s\u0131ras\u0131nda \u201cMurat\u201d \u00f6ld\u00fcr\u00fcl\u00fcrken \u201c\u015e\u00f6hret\u201d onu korkak\u00e7a terk eder.<\/div>\n<div dir=\"auto\">\u201cMurat\u201d ve \u201c\u015e\u00f6hret\u201din \u00e7ocuklar\u0131 Meryem (Mary) bebekken ka\u00e7\u0131r\u0131l\u0131r ve Londra&rsquo;da b\u00fcy\u00fcr. \u201c\u015e\u00f6hret\u201din okul arkada\u015f\u0131 ve sevgilisi \u201cMurat\u201d\u0131n \u00f6ld\u00fcr\u00fclmesinden sonra \u201c\u015e\u00f6hret\u201d \u201cKudret\u201d isimli biri ile evlenmi\u015ftir. \u015e\u00f6hret ve Kudret\u2019ten ise \u201cSadi\u201d isimli \u015f\u0131mar\u0131k bir \u00e7ocuk d\u00fcnyaya gelmi\u015ftir. Ka\u00e7\u0131r\u0131lm\u0131\u015f ve Londra\u2019da b\u00fcy\u00fcyen Meryem&rsquo;in ba\u015f\u0131ndan bir evlilik ge\u00e7mi\u015ftir. Meryem\u2019in David isimli ki\u015fiden Adam (Adem) isimli bir \u00e7ocu\u011fu vard\u0131r. Yani \u201cAdam\u201d, \u201c\u015e\u00f6hret\u201din torunu \u201cSadi\u201dnin ye\u011fenidir. Sadi ile Meryem (Mary) sosyal medyadan tan\u0131\u015f\u0131r. \u201cSadi\u201d sosyal medyadan k\u00fc\u00e7\u00fck \u00e7ocuklu kad\u0131nlar\u0131 kand\u0131ran bir pedofildir. Kad\u0131nlara d\u00fc\u015fk\u00fcn ve pedofili (cinsel anlamda \u00e7ocuk istismarc\u0131s\u0131) olan \u201cSadi\u201d Londra&rsquo;da \u201cMeryem\u201dle karde\u015fi oldu\u011funu bilmeden evlenir.<\/div>\n<p>\u201cMeryem\u201d Londra&rsquo;da \u201cSadi\u201d T\u00fcrkiye&rsquo;de b\u00fcy\u00fcm\u00fc\u015ft\u00fcr. Fakat \u201cbir gecelik aldatmadan bir \u015fey olmaz\u201d diyen d\u00fc\u015f\u00fcncenin 1990&rsquo;lardaki 3. ku\u015fa\u011f\u0131 ensest (genetik, ahlaki, hukuki ve dini bak\u0131mdan evlenmeleri yasak olan yak\u0131n akraba konumundaki bireylerin cinsel ili\u015fkide bulunmalar\u0131) bir evlilikle sonu\u00e7lanm\u0131\u015ft\u0131r. 4. ku\u015fak 2000&rsquo;lerde bir pedofili olan day\u0131s\u0131 taraf\u0131ndan istismar edilen masum ve korumas\u0131z \u201cAdem\u201dle devam edecektir. \u201cHanife\u201d \u201cFerman\u201d ve ismi bilinmeyen \u201cAmerikal\u0131 asker\u201d birinci ku\u015fa\u011f\u0131 olu\u015fturduktan sonra \u201cKudret\u201d ve \u201c\u015e\u00f6hret\u201dten devam eden \u201cSoya\u011fac\u0131\u201dnda hastanede bebeklerin kar\u0131\u015fmas\u0131 d\u00e2hil farkl\u0131 ailelerde b\u00fcy\u00fcyen \u00e7ocuklar da romanda g\u00f6r\u00fclecektir. Bu romanda bir insan anne veya baba olsun kutsal de\u011ferlerini korumak i\u00e7in bir hassasiyet g\u00f6stermezse meydana gelecek sonu\u00e7lar\u0131n gelecek ku\u015faklarda ensest ihtimalinin ne kadar y\u00fcksek oldu\u011funu ortaya koymaktad\u0131r.<\/p>\n<\/div>\n<div><img loading=\"lazy\" decoding=\"async\" class=\"alignnone size-medium wp-image-25531\" src=\"https:\/\/avrupapress.com\/main\/wp-content\/uploads\/2024\/03\/thumbnail_IMG-20240323-WA0023-269x300.jpg\" alt=\"\" width=\"269\" height=\"300\" srcset=\"https:\/\/avrupapress.com\/main\/wp-content\/uploads\/2024\/03\/thumbnail_IMG-20240323-WA0023-269x300.jpg 269w, https:\/\/avrupapress.com\/main\/wp-content\/uploads\/2024\/03\/thumbnail_IMG-20240323-WA0023.jpg 571w\" sizes=\"auto, (max-width: 269px) 100vw, 269px\" \/><img loading=\"lazy\" decoding=\"async\" class=\"alignnone size-medium wp-image-25555\" src=\"https:\/\/avrupapress.com\/main\/wp-content\/uploads\/2024\/03\/thumbnail_IMG-20240323-WA0001-1-72x300.jpg\" alt=\"\" width=\"72\" height=\"300\" srcset=\"https:\/\/avrupapress.com\/main\/wp-content\/uploads\/2024\/03\/thumbnail_IMG-20240323-WA0001-1-72x300.jpg 72w, https:\/\/avrupapress.com\/main\/wp-content\/uploads\/2024\/03\/thumbnail_IMG-20240323-WA0001-1.jpg 109w\" sizes=\"auto, (max-width: 72px) 100vw, 72px\" \/><\/div>\n<div><img loading=\"lazy\" decoding=\"async\" class=\"alignnone size-full wp-image-25553\" src=\"https:\/\/avrupapress.com\/main\/wp-content\/uploads\/2024\/03\/thumbnail_IMG-20240323-WA0000-1.jpg\" alt=\"\" width=\"255\" height=\"195\" \/><\/div>\n<div>PROF. DR. H\u0130LM\u0130 \u00d6ZDEN.<\/div>\n<div>\n<div id=\"app\">\n<div id=\"appContainer\" class=\"QdrUx body-156\">\n<div class=\"Flvp1 customScrollBar\">\n<div id=\"mainApp\" class=\"NzIuH\">\n<div class=\"gU1Tf\">\n<div class=\"I3sS5\">\n<div id=\"MainModule\" class=\"FJ4hV\">\n<div class=\"SW7A6\">\n<div class=\"LBktY\">\n<div class=\"q9iRC css-291\" data-max-width=\"2400\">\n<div class=\"HOVUa\">\n<div class=\"nbmyu FkPdL czwRD LCprM\">\n<div id=\"Acc\u00e9der au message-region\" class=\"Mq3cC css-453\" tabindex=\"-1\" role=\"main\" data-app-section=\"MailReadCompose\" aria-label=\"Volet de lecture\" data-skip-link-name=\"Acc\u00e9der au message\">\n<div id=\"ReadingPaneContainerId\" class=\"Xsklh VJZZC\">\n<div class=\"g_zET\">\n<div class=\"Pzn2X\">\n<div id=\"ItemReadingPaneContainer\" class=\"KD9CV\">\n<div class=\"Q8TCC yyYQP customScrollBar\" tabindex=\"-1\" data-app-section=\"ItemContainer\" data-is-scrollable=\"true\">\n<div class=\"wide-content-host\">\n<div class=\"Vm3e5 pinIo\">\n<div id=\"UniqueMessageBody\" class=\"ulb23 GNqVo allowTextSelection OuGoX\" tabindex=\"-1\" role=\"document\" aria-label=\"Corps du message\">\n<div class=\"rps_b396\">\n<div dir=\"auto\">\n<p>Uluslaras\u0131 bir bilim adam\u0131 olan 1959 do\u011fumlu Hilmi \u00d6zden, Konya ve Eski\u015fehir\u2019de \u0130lk ve Orta \u00f6\u011frenimini tamamlad\u0131. Ankara \u00dcniversitesi T\u0131p Fak\u00fcltesini bitirdikten sonra, iki y\u0131l mecburi hizmet ve on alt\u0131 ay askerlik g\u00f6revlerini takiben Sa\u011fl\u0131k Ocaklar\u0131nda, K\u00f6y Hizmetleri 14. B\u00f6lge M\u00fcd\u00fcrl\u00fc\u011f\u00fcnde tabip olarak \u00e7al\u0131\u015ft\u0131.<\/p>\n<div dir=\"auto\"><\/div>\n<div dir=\"auto\">1995 y\u0131l\u0131nda Eski\u015fehir Osmangazi \u00dcniversitesi T\u0131p Fak\u00fcltesi Anatomi Anabilim Dal\u0131nda Prof. Dr. G\u00fcrsel ORTU\u011e ve Prof. Dr. Nedim \u00dcNAL dan\u0131\u015fmanl\u0131klar\u0131nda \u201cOmurgan\u0131n Torakal B\u00f6l\u00fcm\u00fc\u2019nde Medulla Spinalis \u00c7aplar\u0131n\u0131n Manyetik Rezonans Tekni\u011fi \u0130le \u00d6l\u00e7\u00fcm\u00fc ve De\u011ferlendirilmesi\u201d isimli tezi tamamlayarak Anatomi doktoru unvan\u0131 ald\u0131.<\/div>\n<div dir=\"auto\"><\/div>\n<div dir=\"auto\">2005 y\u0131l\u0131nda ESOG\u00dc taraf\u0131ndan Nottingham \u00dcniversitesine g\u00f6nderildi ve Dr. Lopa Leach\u2019in yan\u0131nda angiogenesis \u00fczerine \u00e7al\u0131\u015ft\u0131. Yurt i\u00e7inde s\u0131\u00e7an ve farelerde transplantasyon, embriyonik k\u00f6k h\u00fccre ve mikrocerrahi \u00fczerine \u00e7al\u0131\u015fmalar yapan ekiplerde g\u00f6rev ald\u0131.<\/div>\n<div dir=\"auto\"><\/div>\n<div dir=\"auto\">Anatomi profes\u00f6r\u00fc ve t\u0131p doktoru olan Hilmi \u00d6zden, ayr\u0131ca farkl\u0131 alanlarda lisans ve doktora sahibidir.<\/div>\n<div dir=\"auto\"><\/div>\n<div dir=\"auto\">Dr. \u00d6zden, 2002 y\u0131l\u0131nda ESOG\u00dc T\u0131p Fak\u00fcltesi Deontoloji Anabilim Dal\u0131nda Prof. Dr. \u00d6m\u00fcr El\u00e7io\u011flu\u2019nun \u00f6\u011frencisi olarak \u201cKutadgu Bilig\u2019de Ahl\u00e2k Kavram\u0131 ve T\u0131p Eti\u011fine Katk\u0131s\u0131\u201d isimli tezini tamamlad\u0131.<\/div>\n<div dir=\"auto\"><\/div>\n<div dir=\"auto\" aria-hidden=\"true\"><\/div>\n<div dir=\"auto\"><\/div>\n<div dir=\"auto\">Son olarak Anadolu \u00dcniversitesi A\u00e7\u0131k \u00d6\u011fretim Fak\u00fcltesi Felsefe B\u00f6l\u00fcm\u00fcn\u00fc bitirdi.<\/div>\n<div dir=\"auto\"><\/div>\n<div dir=\"auto\">T\u00fcrk kavimleri \u00fczerine ara\u015ft\u0131rmalar\u0131 olan Hilmi \u00d6zden, 2013 y\u0131l\u0131nda, Eski\u015fehir T\u00fcrk D\u00fcnyas\u0131 Ba\u015fkenti Ajans\u0131 Dan\u0131\u015fma Kurulunda ESOG\u00dc temsilcisi oldu. \u015eu anda EST\u00dcDAM (ESOG\u00dc T\u00fcrk D\u00fcnyas\u0131 Uygulama ve Ara\u015ft\u0131rma Merkezi) m\u00fcd\u00fcr\u00fc olarak da g\u00f6rev yapmaktad\u0131r. Anatomi sahas\u0131nda yurt i\u00e7i ve yurt d\u0131\u015f\u0131 \u00e7al\u0131\u015fmalar\u0131 bulunan yazar Hilmi \u00d6zden\u2019in T\u00fcrk k\u00fclt\u00fcr\u00fc \u00fczerine yay\u0131nlanm\u0131\u015f kitaplar\u0131 ve \u00e7ok say\u0131da makalesi vard\u0131r.<\/div>\n<div dir=\"auto\"><\/div>\n<p>Anatomi, T\u0131p Tarihi ve T\u0131p Eti\u011fi \u00fczerine yurt i\u00e7i ve yurt d\u0131\u015f\u0131 \u00e7al\u0131\u015fmalar\u0131 bulunan Dr. \u00d6zden ESOG\u00dc T\u0131p Fak\u00fcltesi Anatomi Anabilim Dal\u0131\u2019nda \u00f6\u011fretim \u00fcyesidir. Evli ve iki \u00e7ocuk babas\u0131d\u0131r.<\/p>\n<\/div>\n<div id=\"x_ms-outlook-mobile-signature\" dir=\"auto\">\n<div><\/div>\n<\/div>\n<\/div>\n<\/div>\n<div class=\"g4Y3U\"><\/div>\n<div class=\"th6py HJy2l\" tabindex=\"-1\"><strong>HABER \/ FOTO\u011eRAF: ERTU\u011eRUL ALTINEL \u2013 B\u0130LG\u0130N \u00d6Z\u00c7\u0130FT\u00c7\u0130 \u2013 AVRUPA PRESS- BEL\u00c7\u0130KA<\/strong><\/div>\n<\/div>\n<\/div>\n<\/div>\n<\/div>\n<\/div>\n<\/div>\n<\/div>\n<\/div>\n<div class=\"W_cTa false\"><\/div>\n<div id=\"notificationBarText\" class=\"screenReaderOnly\" role=\"alert\" aria-relevant=\"additions\" aria-live=\"assertive\"><\/div>\n<\/div>\n<\/div>\n<\/div>\n<\/div>\n<\/div>\n<\/div>\n<\/div>\n<div class=\"\" role=\"status\" aria-live=\"off\">\n<div class=\"screenReaderText-164\"><\/div>\n<\/div>\n<\/div>\n<\/div>\n<\/div>\n<\/div>\n<\/div>\n<div id=\"fluent-default-layer-host\">\n<div class=\"ms-Layer ms-Layer--fixed root-289\" data-portal-element=\"true\">\n<div class=\"ms-Fabric ms-Layer-content content-302\"><\/div>\n<\/div>\n<div id=\"LivePersonaCardRootElement\" class=\"lpc_ip_root_class LivePersonaCardScrollBar\" data-tabster=\"{&quot;root&quot;: {}, &quot;focusable&quot;: { &quot;ignoreKeydown&quot;: { &quot;Tab&quot;: true } } }\"><\/div>\n<\/div>\n<\/div>\n","protected":false},"excerpt":{"rendered":"<p>HABER \/ FOTO\u011eRAF: ERTU\u011eRUL ALTINEL \u2013 B\u0130LG\u0130N \u00d6Z\u00c7\u0130FT\u00c7\u0130 \u2013 AVRUPA PRESS- BEL\u00c7\u0130KA Hilmi \u00d6zden Giri\u015f \u201cSoya\u011fac\u0131\u201d \u201cEmekli K\u0131demli Albay Mak. M\u00fch. \u00d6znur YILMAZ\u201d\u0131n \u201cT\u00fcrk Toplumuna Ayna Tutan\u201d romanlar\u0131ndan birinin ad\u0131d\u0131r. Eser \u015fu ithafla ba\u015flamaktad\u0131r: \u201c Bir yat\u0131l\u0131 yurtta 45 erkek \u00e7ocu\u011funun istismar edilmesine \u201cbir kereden bir \u015fey olmaz\u201d diyen b\u00fct\u00fcn \u015fuursuzlara ithaf edilmi\u015ftir. Neslin nas\u0131l [&hellip;]<\/p>\n","protected":false},"author":3,"featured_media":25531,"comment_status":"closed","ping_status":"open","sticky":false,"template":"","format":"standard","meta":{"footnotes":""},"categories":[14,16,3,17,18,15,19,2],"tags":[],"class_list":["post-25530","post","type-post","status-publish","format-standard","has-post-thumbnail","hentry","category-avrupa","category-belcika","category-dunya","category-ekonomi","category-kultur-sanat","category-spor","category-tanitim","category-turkiye"],"yoast_head":"<!-- This site is optimized with the Yoast SEO plugin v26.9 - https:\/\/yoast.com\/product\/yoast-seo-wordpress\/ -->\n<title>\u200b \u200b \u201cSOYA\u011eACI\u201d - AvrupaPress<\/title>\n<meta name=\"robots\" content=\"index, follow, max-snippet:-1, max-image-preview:large, max-video-preview:-1\" \/>\n<link rel=\"canonical\" href=\"https:\/\/avrupapress.com\/main\/2024\/03\/23\/vous-soyagaci\/\" \/>\n<meta property=\"og:locale\" content=\"fr_FR\" \/>\n<meta property=\"og:type\" content=\"article\" \/>\n<meta property=\"og:title\" content=\"\u200b \u200b \u201cSOYA\u011eACI\u201d - AvrupaPress\" \/>\n<meta property=\"og:description\" content=\"HABER \/ FOTO\u011eRAF: ERTU\u011eRUL ALTINEL \u2013 B\u0130LG\u0130N \u00d6Z\u00c7\u0130FT\u00c7\u0130 \u2013 AVRUPA PRESS- BEL\u00c7\u0130KA Hilmi \u00d6zden Giri\u015f \u201cSoya\u011fac\u0131\u201d \u201cEmekli K\u0131demli Albay Mak. M\u00fch. \u00d6znur YILMAZ\u201d\u0131n \u201cT\u00fcrk Toplumuna Ayna Tutan\u201d romanlar\u0131ndan birinin ad\u0131d\u0131r. Eser \u015fu ithafla ba\u015flamaktad\u0131r: \u201c Bir yat\u0131l\u0131 yurtta 45 erkek \u00e7ocu\u011funun istismar edilmesine \u201cbir kereden bir \u015fey olmaz\u201d diyen b\u00fct\u00fcn \u015fuursuzlara ithaf edilmi\u015ftir. Neslin nas\u0131l [&hellip;]\" \/>\n<meta property=\"og:url\" content=\"https:\/\/avrupapress.com\/main\/2024\/03\/23\/vous-soyagaci\/\" \/>\n<meta property=\"og:site_name\" content=\"AvrupaPress\" \/>\n<meta property=\"article:published_time\" content=\"2024-03-23T21:44:38+00:00\" \/>\n<meta property=\"article:modified_time\" content=\"2024-03-24T08:58:09+00:00\" \/>\n<meta property=\"og:image\" content=\"https:\/\/avrupapress.com\/main\/wp-content\/uploads\/2024\/03\/thumbnail_IMG-20240323-WA0023.jpg\" \/>\n\t<meta property=\"og:image:width\" content=\"571\" \/>\n\t<meta property=\"og:image:height\" content=\"636\" \/>\n\t<meta property=\"og:image:type\" content=\"image\/jpeg\" \/>\n<meta name=\"author\" content=\"Edit\u00f6r\" \/>\n<meta name=\"twitter:card\" content=\"summary_large_image\" \/>\n<meta name=\"twitter:label1\" content=\"\u00c9crit par\" \/>\n\t<meta name=\"twitter:data1\" content=\"Edit\u00f6r\" \/>\n\t<meta name=\"twitter:label2\" content=\"Dur\u00e9e de lecture est.\" \/>\n\t<meta name=\"twitter:data2\" content=\"5 minutes\" \/>\n<script type=\"application\/ld+json\" class=\"yoast-schema-graph\">{\"@context\":\"https:\/\/schema.org\",\"@graph\":[{\"@type\":\"Article\",\"@id\":\"https:\/\/avrupapress.com\/main\/2024\/03\/23\/vous-soyagaci\/#article\",\"isPartOf\":{\"@id\":\"https:\/\/avrupapress.com\/main\/2024\/03\/23\/vous-soyagaci\/\"},\"author\":{\"name\":\"Edit\u00f6r\",\"@id\":\"https:\/\/avrupapress.com\/#\/schema\/person\/68428444ec60970d1e1b700cf4ca1e8f\"},\"headline\":\"\u200b \u200b \u201cSOYA\u011eACI\u201d\",\"datePublished\":\"2024-03-23T21:44:38+00:00\",\"dateModified\":\"2024-03-24T08:58:09+00:00\",\"mainEntityOfPage\":{\"@id\":\"https:\/\/avrupapress.com\/main\/2024\/03\/23\/vous-soyagaci\/\"},\"wordCount\":1078,\"publisher\":{\"@id\":\"https:\/\/avrupapress.com\/#\/schema\/person\/0223dca19c72c43575bf30d1a2d8f4fa\"},\"image\":{\"@id\":\"https:\/\/avrupapress.com\/main\/2024\/03\/23\/vous-soyagaci\/#primaryimage\"},\"thumbnailUrl\":\"https:\/\/avrupapress.com\/main\/wp-content\/uploads\/2024\/03\/thumbnail_IMG-20240323-WA0023.jpg\",\"articleSection\":[\"Avrupa\",\"Bel\u00e7ika\",\"D\u00fcnya\",\"Ekonomi\",\"K\u00fclt\u00fcr-Sanat\",\"Spor\",\"Tan\u0131t\u0131m\",\"T\u00fcrkiye\"],\"inLanguage\":\"fr-BE\"},{\"@type\":\"WebPage\",\"@id\":\"https:\/\/avrupapress.com\/main\/2024\/03\/23\/vous-soyagaci\/\",\"url\":\"https:\/\/avrupapress.com\/main\/2024\/03\/23\/vous-soyagaci\/\",\"name\":\"\u200b \u200b \u201cSOYA\u011eACI\u201d - AvrupaPress\",\"isPartOf\":{\"@id\":\"https:\/\/avrupapress.com\/#website\"},\"primaryImageOfPage\":{\"@id\":\"https:\/\/avrupapress.com\/main\/2024\/03\/23\/vous-soyagaci\/#primaryimage\"},\"image\":{\"@id\":\"https:\/\/avrupapress.com\/main\/2024\/03\/23\/vous-soyagaci\/#primaryimage\"},\"thumbnailUrl\":\"https:\/\/avrupapress.com\/main\/wp-content\/uploads\/2024\/03\/thumbnail_IMG-20240323-WA0023.jpg\",\"datePublished\":\"2024-03-23T21:44:38+00:00\",\"dateModified\":\"2024-03-24T08:58:09+00:00\",\"breadcrumb\":{\"@id\":\"https:\/\/avrupapress.com\/main\/2024\/03\/23\/vous-soyagaci\/#breadcrumb\"},\"inLanguage\":\"fr-BE\",\"potentialAction\":[{\"@type\":\"ReadAction\",\"target\":[\"https:\/\/avrupapress.com\/main\/2024\/03\/23\/vous-soyagaci\/\"]}]},{\"@type\":\"ImageObject\",\"inLanguage\":\"fr-BE\",\"@id\":\"https:\/\/avrupapress.com\/main\/2024\/03\/23\/vous-soyagaci\/#primaryimage\",\"url\":\"https:\/\/avrupapress.com\/main\/wp-content\/uploads\/2024\/03\/thumbnail_IMG-20240323-WA0023.jpg\",\"contentUrl\":\"https:\/\/avrupapress.com\/main\/wp-content\/uploads\/2024\/03\/thumbnail_IMG-20240323-WA0023.jpg\",\"width\":571,\"height\":636},{\"@type\":\"BreadcrumbList\",\"@id\":\"https:\/\/avrupapress.com\/main\/2024\/03\/23\/vous-soyagaci\/#breadcrumb\",\"itemListElement\":[{\"@type\":\"ListItem\",\"position\":1,\"name\":\"Anasayfa\",\"item\":\"https:\/\/avrupapress.com\/\"},{\"@type\":\"ListItem\",\"position\":2,\"name\":\"\u200b \u200b \u201cSOYA\u011eACI\u201d\"}]},{\"@type\":\"WebSite\",\"@id\":\"https:\/\/avrupapress.com\/#website\",\"url\":\"https:\/\/avrupapress.com\/\",\"name\":\"AvrupaPress\",\"description\":\"Haberin Adresi\",\"publisher\":{\"@id\":\"https:\/\/avrupapress.com\/#\/schema\/person\/0223dca19c72c43575bf30d1a2d8f4fa\"},\"potentialAction\":[{\"@type\":\"SearchAction\",\"target\":{\"@type\":\"EntryPoint\",\"urlTemplate\":\"https:\/\/avrupapress.com\/?s={search_term_string}\"},\"query-input\":{\"@type\":\"PropertyValueSpecification\",\"valueRequired\":true,\"valueName\":\"search_term_string\"}}],\"inLanguage\":\"fr-BE\"},{\"@type\":[\"Person\",\"Organization\"],\"@id\":\"https:\/\/avrupapress.com\/#\/schema\/person\/0223dca19c72c43575bf30d1a2d8f4fa\",\"name\":\"Bilgin \u00d6z\u00e7ift\u00e7i\",\"image\":{\"@type\":\"ImageObject\",\"inLanguage\":\"fr-BE\",\"@id\":\"https:\/\/avrupapress.com\/#\/schema\/person\/image\/\",\"url\":\"https:\/\/secure.gravatar.com\/avatar\/0f23b280433a21e1ea7a0adcc46ed0ad16afe3ad8e630fd13d8a017dcbd54ef3?s=96&d=mm&r=g\",\"contentUrl\":\"https:\/\/secure.gravatar.com\/avatar\/0f23b280433a21e1ea7a0adcc46ed0ad16afe3ad8e630fd13d8a017dcbd54ef3?s=96&d=mm&r=g\",\"caption\":\"Bilgin \u00d6z\u00e7ift\u00e7i\"},\"logo\":{\"@id\":\"https:\/\/avrupapress.com\/#\/schema\/person\/image\/\"},\"description\":\"Ne ben, nede sen... Biz ancak \\\"biz\\\" olursak g\u00fc\u00e7l\u00fc olabiliriz\"},{\"@type\":\"Person\",\"@id\":\"https:\/\/avrupapress.com\/#\/schema\/person\/68428444ec60970d1e1b700cf4ca1e8f\",\"name\":\"Edit\u00f6r\",\"image\":{\"@type\":\"ImageObject\",\"inLanguage\":\"fr-BE\",\"@id\":\"https:\/\/avrupapress.com\/#\/schema\/person\/image\/\",\"url\":\"https:\/\/secure.gravatar.com\/avatar\/74996b0977aa5f1559ba9883776652508b229005c0d78fb2597897f0bd651c09?s=96&d=mm&r=g\",\"contentUrl\":\"https:\/\/secure.gravatar.com\/avatar\/74996b0977aa5f1559ba9883776652508b229005c0d78fb2597897f0bd651c09?s=96&d=mm&r=g\",\"caption\":\"Edit\u00f6r\"},\"sameAs\":[\"http:\/\/www.avrupapress.com\"],\"url\":\"https:\/\/avrupapress.com\/main\/author\/editor\/\"}]}<\/script>\n<!-- \/ Yoast SEO plugin. -->","yoast_head_json":{"title":"\u200b \u200b \u201cSOYA\u011eACI\u201d - AvrupaPress","robots":{"index":"index","follow":"follow","max-snippet":"max-snippet:-1","max-image-preview":"max-image-preview:large","max-video-preview":"max-video-preview:-1"},"canonical":"https:\/\/avrupapress.com\/main\/2024\/03\/23\/vous-soyagaci\/","og_locale":"fr_FR","og_type":"article","og_title":"\u200b \u200b \u201cSOYA\u011eACI\u201d - AvrupaPress","og_description":"HABER \/ FOTO\u011eRAF: ERTU\u011eRUL ALTINEL \u2013 B\u0130LG\u0130N \u00d6Z\u00c7\u0130FT\u00c7\u0130 \u2013 AVRUPA PRESS- BEL\u00c7\u0130KA Hilmi \u00d6zden Giri\u015f \u201cSoya\u011fac\u0131\u201d \u201cEmekli K\u0131demli Albay Mak. M\u00fch. \u00d6znur YILMAZ\u201d\u0131n \u201cT\u00fcrk Toplumuna Ayna Tutan\u201d romanlar\u0131ndan birinin ad\u0131d\u0131r. Eser \u015fu ithafla ba\u015flamaktad\u0131r: \u201c Bir yat\u0131l\u0131 yurtta 45 erkek \u00e7ocu\u011funun istismar edilmesine \u201cbir kereden bir \u015fey olmaz\u201d diyen b\u00fct\u00fcn \u015fuursuzlara ithaf edilmi\u015ftir. Neslin nas\u0131l [&hellip;]","og_url":"https:\/\/avrupapress.com\/main\/2024\/03\/23\/vous-soyagaci\/","og_site_name":"AvrupaPress","article_published_time":"2024-03-23T21:44:38+00:00","article_modified_time":"2024-03-24T08:58:09+00:00","og_image":[{"width":571,"height":636,"url":"https:\/\/avrupapress.com\/main\/wp-content\/uploads\/2024\/03\/thumbnail_IMG-20240323-WA0023.jpg","type":"image\/jpeg"}],"author":"Edit\u00f6r","twitter_card":"summary_large_image","twitter_misc":{"\u00c9crit par":"Edit\u00f6r","Dur\u00e9e de lecture est.":"5 minutes"},"schema":{"@context":"https:\/\/schema.org","@graph":[{"@type":"Article","@id":"https:\/\/avrupapress.com\/main\/2024\/03\/23\/vous-soyagaci\/#article","isPartOf":{"@id":"https:\/\/avrupapress.com\/main\/2024\/03\/23\/vous-soyagaci\/"},"author":{"name":"Edit\u00f6r","@id":"https:\/\/avrupapress.com\/#\/schema\/person\/68428444ec60970d1e1b700cf4ca1e8f"},"headline":"\u200b \u200b \u201cSOYA\u011eACI\u201d","datePublished":"2024-03-23T21:44:38+00:00","dateModified":"2024-03-24T08:58:09+00:00","mainEntityOfPage":{"@id":"https:\/\/avrupapress.com\/main\/2024\/03\/23\/vous-soyagaci\/"},"wordCount":1078,"publisher":{"@id":"https:\/\/avrupapress.com\/#\/schema\/person\/0223dca19c72c43575bf30d1a2d8f4fa"},"image":{"@id":"https:\/\/avrupapress.com\/main\/2024\/03\/23\/vous-soyagaci\/#primaryimage"},"thumbnailUrl":"https:\/\/avrupapress.com\/main\/wp-content\/uploads\/2024\/03\/thumbnail_IMG-20240323-WA0023.jpg","articleSection":["Avrupa","Bel\u00e7ika","D\u00fcnya","Ekonomi","K\u00fclt\u00fcr-Sanat","Spor","Tan\u0131t\u0131m","T\u00fcrkiye"],"inLanguage":"fr-BE"},{"@type":"WebPage","@id":"https:\/\/avrupapress.com\/main\/2024\/03\/23\/vous-soyagaci\/","url":"https:\/\/avrupapress.com\/main\/2024\/03\/23\/vous-soyagaci\/","name":"\u200b \u200b \u201cSOYA\u011eACI\u201d - AvrupaPress","isPartOf":{"@id":"https:\/\/avrupapress.com\/#website"},"primaryImageOfPage":{"@id":"https:\/\/avrupapress.com\/main\/2024\/03\/23\/vous-soyagaci\/#primaryimage"},"image":{"@id":"https:\/\/avrupapress.com\/main\/2024\/03\/23\/vous-soyagaci\/#primaryimage"},"thumbnailUrl":"https:\/\/avrupapress.com\/main\/wp-content\/uploads\/2024\/03\/thumbnail_IMG-20240323-WA0023.jpg","datePublished":"2024-03-23T21:44:38+00:00","dateModified":"2024-03-24T08:58:09+00:00","breadcrumb":{"@id":"https:\/\/avrupapress.com\/main\/2024\/03\/23\/vous-soyagaci\/#breadcrumb"},"inLanguage":"fr-BE","potentialAction":[{"@type":"ReadAction","target":["https:\/\/avrupapress.com\/main\/2024\/03\/23\/vous-soyagaci\/"]}]},{"@type":"ImageObject","inLanguage":"fr-BE","@id":"https:\/\/avrupapress.com\/main\/2024\/03\/23\/vous-soyagaci\/#primaryimage","url":"https:\/\/avrupapress.com\/main\/wp-content\/uploads\/2024\/03\/thumbnail_IMG-20240323-WA0023.jpg","contentUrl":"https:\/\/avrupapress.com\/main\/wp-content\/uploads\/2024\/03\/thumbnail_IMG-20240323-WA0023.jpg","width":571,"height":636},{"@type":"BreadcrumbList","@id":"https:\/\/avrupapress.com\/main\/2024\/03\/23\/vous-soyagaci\/#breadcrumb","itemListElement":[{"@type":"ListItem","position":1,"name":"Anasayfa","item":"https:\/\/avrupapress.com\/"},{"@type":"ListItem","position":2,"name":"\u200b \u200b \u201cSOYA\u011eACI\u201d"}]},{"@type":"WebSite","@id":"https:\/\/avrupapress.com\/#website","url":"https:\/\/avrupapress.com\/","name":"AvrupaPress","description":"Haberin Adresi","publisher":{"@id":"https:\/\/avrupapress.com\/#\/schema\/person\/0223dca19c72c43575bf30d1a2d8f4fa"},"potentialAction":[{"@type":"SearchAction","target":{"@type":"EntryPoint","urlTemplate":"https:\/\/avrupapress.com\/?s={search_term_string}"},"query-input":{"@type":"PropertyValueSpecification","valueRequired":true,"valueName":"search_term_string"}}],"inLanguage":"fr-BE"},{"@type":["Person","Organization"],"@id":"https:\/\/avrupapress.com\/#\/schema\/person\/0223dca19c72c43575bf30d1a2d8f4fa","name":"Bilgin \u00d6z\u00e7ift\u00e7i","image":{"@type":"ImageObject","inLanguage":"fr-BE","@id":"https:\/\/avrupapress.com\/#\/schema\/person\/image\/","url":"https:\/\/secure.gravatar.com\/avatar\/0f23b280433a21e1ea7a0adcc46ed0ad16afe3ad8e630fd13d8a017dcbd54ef3?s=96&d=mm&r=g","contentUrl":"https:\/\/secure.gravatar.com\/avatar\/0f23b280433a21e1ea7a0adcc46ed0ad16afe3ad8e630fd13d8a017dcbd54ef3?s=96&d=mm&r=g","caption":"Bilgin \u00d6z\u00e7ift\u00e7i"},"logo":{"@id":"https:\/\/avrupapress.com\/#\/schema\/person\/image\/"},"description":"Ne ben, nede sen... Biz ancak \"biz\" olursak g\u00fc\u00e7l\u00fc olabiliriz"},{"@type":"Person","@id":"https:\/\/avrupapress.com\/#\/schema\/person\/68428444ec60970d1e1b700cf4ca1e8f","name":"Edit\u00f6r","image":{"@type":"ImageObject","inLanguage":"fr-BE","@id":"https:\/\/avrupapress.com\/#\/schema\/person\/image\/","url":"https:\/\/secure.gravatar.com\/avatar\/74996b0977aa5f1559ba9883776652508b229005c0d78fb2597897f0bd651c09?s=96&d=mm&r=g","contentUrl":"https:\/\/secure.gravatar.com\/avatar\/74996b0977aa5f1559ba9883776652508b229005c0d78fb2597897f0bd651c09?s=96&d=mm&r=g","caption":"Edit\u00f6r"},"sameAs":["http:\/\/www.avrupapress.com"],"url":"https:\/\/avrupapress.com\/main\/author\/editor\/"}]}},"_links":{"self":[{"href":"https:\/\/avrupapress.com\/main\/wp-json\/wp\/v2\/posts\/25530","targetHints":{"allow":["GET"]}}],"collection":[{"href":"https:\/\/avrupapress.com\/main\/wp-json\/wp\/v2\/posts"}],"about":[{"href":"https:\/\/avrupapress.com\/main\/wp-json\/wp\/v2\/types\/post"}],"author":[{"embeddable":true,"href":"https:\/\/avrupapress.com\/main\/wp-json\/wp\/v2\/users\/3"}],"replies":[{"embeddable":true,"href":"https:\/\/avrupapress.com\/main\/wp-json\/wp\/v2\/comments?post=25530"}],"version-history":[{"count":6,"href":"https:\/\/avrupapress.com\/main\/wp-json\/wp\/v2\/posts\/25530\/revisions"}],"predecessor-version":[{"id":25557,"href":"https:\/\/avrupapress.com\/main\/wp-json\/wp\/v2\/posts\/25530\/revisions\/25557"}],"wp:featuredmedia":[{"embeddable":true,"href":"https:\/\/avrupapress.com\/main\/wp-json\/wp\/v2\/media\/25531"}],"wp:attachment":[{"href":"https:\/\/avrupapress.com\/main\/wp-json\/wp\/v2\/media?parent=25530"}],"wp:term":[{"taxonomy":"category","embeddable":true,"href":"https:\/\/avrupapress.com\/main\/wp-json\/wp\/v2\/categories?post=25530"},{"taxonomy":"post_tag","embeddable":true,"href":"https:\/\/avrupapress.com\/main\/wp-json\/wp\/v2\/tags?post=25530"}],"curies":[{"name":"wp","href":"https:\/\/api.w.org\/{rel}","templated":true}]}}