{"id":25429,"date":"2024-03-08T18:29:58","date_gmt":"2024-03-08T18:29:58","guid":{"rendered":"https:\/\/avrupapress.com\/main\/?p=25429"},"modified":"2024-03-08T18:31:36","modified_gmt":"2024-03-08T18:31:36","slug":"tigad-genel-baskani-gecgel-kadinlarin-bir-gunu-degil-her-gunu-kutlanmali","status":"publish","type":"post","link":"https:\/\/avrupapress.com\/main\/2024\/03\/08\/tigad-genel-baskani-gecgel-kadinlarin-bir-gunu-degil-her-gunu-kutlanmali\/","title":{"rendered":"T\u0130GAD Genel Ba\u015fkan\u0131 Ge\u00e7gel: Kad\u0131nlar\u0131n bir g\u00fcn\u00fc de\u011fil her g\u00fcn\u00fc kutlanmal\u0131"},"content":{"rendered":"<div dir=\"auto\"><strong>T\u00fcrkiye \u0130nternet Gazetecili\u011fi Derne\u011fi (T\u0130GAD) Genel Ba\u015fkan\u0131 Okan Ge\u00e7gel, \u201cKad\u0131nlar\u0131n sadece bir g\u00fcn\u00fcn\u00fcn de\u011fil her g\u00fcn\u00fcn\u00fcn kutlanmas\u0131 gerekir. Kad\u0131nlar toplumun her alan\u0131nda hak ettikleri pozisyonlarda s\u00f6z sahibi olmal\u0131d\u0131r.\u201d dedi.<\/strong><\/div>\n<div dir=\"auto\">\n<div dir=\"auto\">T\u0130GAD Genel Ba\u015fkan\u0131 Okan Ge\u00e7gel, Kad\u0131nlar G\u00fcn\u00fc m\u00fcnasebetiyle bir kutlama mesaj\u0131 yay\u0131nlad\u0131. 1977 y\u0131l\u0131nda Birle\u015fmi\u015f Milletler Genel Kurulu\u2019nda 8 Mart&rsquo;\u0131n D\u00fcnya Kad\u0131nlar G\u00fcn\u00fc olarak kutlanmas\u0131n\u0131n kararla\u015ft\u0131r\u0131ld\u0131\u011f\u0131n\u0131 an\u0131msatan Ge\u00e7gel, kad\u0131nlar\u0131n, toplumlar\u0131n temelini olu\u015fturdu\u011funu s\u00f6yledi. Kad\u0131nlar\u0131n toplumda hak ettikleri de\u011feri g\u00f6rmesi ve e\u015fitlik ilkesinin sa\u011flanmas\u0131 gerekti\u011fini vurgulayan Ge\u00e7gel, \u015funlar\u0131 ifade etti: \u201cKad\u0131nlar\u0131n sadece bir g\u00fcn\u00fcn\u00fcn de\u011fil her g\u00fcn\u00fcn\u00fcn kutlanmas\u0131 gerekir. Kad\u0131nlar toplumun her alan\u0131nda hak ettikleri pozisyonlarda s\u00f6z sahibi olmal\u0131d\u0131r.\u201d<\/div>\n<div dir=\"auto\"><\/div>\n<div dir=\"auto\">\u201cKad\u0131n haklar\u0131 i\u00e7in hukuki d\u00fczenlemeler g\u00fc\u00e7lendirilmeli\u201d<\/div>\n<div dir=\"auto\"><\/div>\n<p>Kad\u0131na y\u00f6nelik \u015fiddetin ve ayr\u0131mc\u0131l\u0131\u011f\u0131n son bulmas\u0131 i\u00e7in daha fazla \u00e7aba harcanmas\u0131 gerekti\u011fini vurgulayan Ge\u00e7gel, kad\u0131nlar\u0131n ekonomik, sosyal ve siyasi alanda daha g\u00fc\u00e7l\u00fc bir konuma gelmeleri i\u00e7in gereken ad\u0131mlar\u0131n at\u0131lmas\u0131 gerekti\u011fini kaydetti. Ayr\u0131ca, \u201cKad\u0131nlar\u0131n karar alma s\u00fcre\u00e7lerine daha fazla kat\u0131l\u0131m\u0131n\u0131n te\u015fvik edilmesi ve kad\u0131n haklar\u0131n\u0131n korunmas\u0131 i\u00e7in hukuki d\u00fczenlemeler g\u00fc\u00e7lendirilmelidir.\u201d dedi. Ge\u00e7gel, kad\u0131nlar\u0131n her alanda ba\u015far\u0131ya ula\u015fmalar\u0131 i\u00e7in desteklenmelerinin \u00f6nemine i\u015faret ederek, \u201c8 Mart sadece bir kutlama g\u00fcn\u00fc de\u011fil, kad\u0131n haklar\u0131 m\u00fccadelesinin devam etti\u011fi bir g\u00fcnd\u00fcr. Bu bilin\u00e7le hayat\u0131m\u0131z\u0131 \u00f6zel k\u0131lan t\u00fcm kad\u0131nlar\u0131m\u0131z\u0131n 8 Mart D\u00fcnya Kad\u0131nlar G\u00fcn\u00fc\u2019n\u00fc en i\u00e7ten dileklerimle kutluyorum.\u201d ifadelerini kulland\u0131.<\/p>\n<\/div>\n<div dir=\"auto\"><img loading=\"lazy\" decoding=\"async\" class=\"alignnone size-medium wp-image-25430\" src=\"https:\/\/avrupapress.com\/main\/wp-content\/uploads\/2024\/03\/IMG-20240308-WA0011-263x300.jpg\" alt=\"\" width=\"263\" height=\"300\" \/><\/div>\n<div dir=\"auto\"><\/div>\n<div dir=\"auto\"><strong>Bilgin Ozcifci\u00a0 \u00a0 \u00a0\/\u00a0 \u00a0 \u00a0AVRUPAPRESS<\/strong><\/div>\n<div dir=\"auto\"><\/div>\n","protected":false},"excerpt":{"rendered":"<p>T\u00fcrkiye \u0130nternet Gazetecili\u011fi Derne\u011fi (T\u0130GAD) Genel Ba\u015fkan\u0131 Okan Ge\u00e7gel, \u201cKad\u0131nlar\u0131n sadece bir g\u00fcn\u00fcn\u00fcn de\u011fil her g\u00fcn\u00fcn\u00fcn kutlanmas\u0131 gerekir. Kad\u0131nlar toplumun her alan\u0131nda hak ettikleri pozisyonlarda s\u00f6z sahibi olmal\u0131d\u0131r.\u201d dedi. T\u0130GAD Genel Ba\u015fkan\u0131 Okan Ge\u00e7gel, Kad\u0131nlar G\u00fcn\u00fc m\u00fcnasebetiyle bir kutlama mesaj\u0131 yay\u0131nlad\u0131. 1977 y\u0131l\u0131nda Birle\u015fmi\u015f Milletler Genel Kurulu\u2019nda 8 Mart&rsquo;\u0131n D\u00fcnya Kad\u0131nlar G\u00fcn\u00fc olarak kutlanmas\u0131n\u0131n kararla\u015ft\u0131r\u0131ld\u0131\u011f\u0131n\u0131 [&hellip;]<\/p>\n","protected":false},"author":3,"featured_media":25430,"comment_status":"closed","ping_status":"open","sticky":false,"template":"","format":"standard","meta":{"footnotes":""},"categories":[14,16,3,17,18,15,19,2,1],"tags":[],"class_list":["post-25429","post","type-post","status-publish","format-standard","has-post-thumbnail","hentry","category-avrupa","category-belcika","category-dunya","category-ekonomi","category-kultur-sanat","category-spor","category-tanitim","category-turkiye","category-uncategorized"],"yoast_head":"<!-- This site is optimized with the Yoast SEO plugin v26.9 - https:\/\/yoast.com\/product\/yoast-seo-wordpress\/ -->\n<title>T\u0130GAD Genel Ba\u015fkan\u0131 Ge\u00e7gel: Kad\u0131nlar\u0131n bir g\u00fcn\u00fc de\u011fil her g\u00fcn\u00fc kutlanmal\u0131 - AvrupaPress<\/title>\n<meta name=\"robots\" content=\"index, follow, max-snippet:-1, max-image-preview:large, max-video-preview:-1\" \/>\n<link rel=\"canonical\" href=\"https:\/\/avrupapress.com\/main\/2024\/03\/08\/tigad-genel-baskani-gecgel-kadinlarin-bir-gunu-degil-her-gunu-kutlanmali\/\" \/>\n<meta property=\"og:locale\" content=\"fr_FR\" \/>\n<meta property=\"og:type\" content=\"article\" \/>\n<meta property=\"og:title\" content=\"T\u0130GAD Genel Ba\u015fkan\u0131 Ge\u00e7gel: Kad\u0131nlar\u0131n bir g\u00fcn\u00fc de\u011fil her g\u00fcn\u00fc kutlanmal\u0131 - AvrupaPress\" \/>\n<meta property=\"og:description\" content=\"T\u00fcrkiye \u0130nternet Gazetecili\u011fi Derne\u011fi (T\u0130GAD) Genel Ba\u015fkan\u0131 Okan Ge\u00e7gel, \u201cKad\u0131nlar\u0131n sadece bir g\u00fcn\u00fcn\u00fcn de\u011fil her g\u00fcn\u00fcn\u00fcn kutlanmas\u0131 gerekir. Kad\u0131nlar toplumun her alan\u0131nda hak ettikleri pozisyonlarda s\u00f6z sahibi olmal\u0131d\u0131r.\u201d dedi. T\u0130GAD Genel Ba\u015fkan\u0131 Okan Ge\u00e7gel, Kad\u0131nlar G\u00fcn\u00fc m\u00fcnasebetiyle bir kutlama mesaj\u0131 yay\u0131nlad\u0131. 1977 y\u0131l\u0131nda Birle\u015fmi\u015f Milletler Genel Kurulu\u2019nda 8 Mart&rsquo;\u0131n D\u00fcnya Kad\u0131nlar G\u00fcn\u00fc olarak kutlanmas\u0131n\u0131n kararla\u015ft\u0131r\u0131ld\u0131\u011f\u0131n\u0131 [&hellip;]\" \/>\n<meta property=\"og:url\" content=\"https:\/\/avrupapress.com\/main\/2024\/03\/08\/tigad-genel-baskani-gecgel-kadinlarin-bir-gunu-degil-her-gunu-kutlanmali\/\" \/>\n<meta property=\"og:site_name\" content=\"AvrupaPress\" \/>\n<meta property=\"article:published_time\" content=\"2024-03-08T18:29:58+00:00\" \/>\n<meta property=\"article:modified_time\" content=\"2024-03-08T18:31:36+00:00\" \/>\n<meta property=\"og:image\" content=\"https:\/\/avrupapress.com\/main\/wp-content\/uploads\/2024\/03\/IMG-20240308-WA0011-e1709922683266.jpg\" \/>\n\t<meta property=\"og:image:width\" content=\"1204\" \/>\n\t<meta property=\"og:image:height\" content=\"960\" \/>\n\t<meta property=\"og:image:type\" content=\"image\/jpeg\" \/>\n<meta name=\"author\" content=\"Edit\u00f6r\" \/>\n<meta name=\"twitter:card\" content=\"summary_large_image\" \/>\n<meta name=\"twitter:label1\" content=\"\u00c9crit par\" \/>\n\t<meta name=\"twitter:data1\" content=\"Edit\u00f6r\" \/>\n\t<meta name=\"twitter:label2\" content=\"Dur\u00e9e de lecture est.\" \/>\n\t<meta name=\"twitter:data2\" content=\"2 minutes\" \/>\n<script type=\"application\/ld+json\" class=\"yoast-schema-graph\">{\"@context\":\"https:\/\/schema.org\",\"@graph\":[{\"@type\":\"Article\",\"@id\":\"https:\/\/avrupapress.com\/main\/2024\/03\/08\/tigad-genel-baskani-gecgel-kadinlarin-bir-gunu-degil-her-gunu-kutlanmali\/#article\",\"isPartOf\":{\"@id\":\"https:\/\/avrupapress.com\/main\/2024\/03\/08\/tigad-genel-baskani-gecgel-kadinlarin-bir-gunu-degil-her-gunu-kutlanmali\/\"},\"author\":{\"name\":\"Edit\u00f6r\",\"@id\":\"https:\/\/avrupapress.com\/#\/schema\/person\/68428444ec60970d1e1b700cf4ca1e8f\"},\"headline\":\"T\u0130GAD Genel Ba\u015fkan\u0131 Ge\u00e7gel: Kad\u0131nlar\u0131n bir g\u00fcn\u00fc de\u011fil her g\u00fcn\u00fc kutlanmal\u0131\",\"datePublished\":\"2024-03-08T18:29:58+00:00\",\"dateModified\":\"2024-03-08T18:31:36+00:00\",\"mainEntityOfPage\":{\"@id\":\"https:\/\/avrupapress.com\/main\/2024\/03\/08\/tigad-genel-baskani-gecgel-kadinlarin-bir-gunu-degil-her-gunu-kutlanmali\/\"},\"wordCount\":351,\"publisher\":{\"@id\":\"https:\/\/avrupapress.com\/#\/schema\/person\/0223dca19c72c43575bf30d1a2d8f4fa\"},\"image\":{\"@id\":\"https:\/\/avrupapress.com\/main\/2024\/03\/08\/tigad-genel-baskani-gecgel-kadinlarin-bir-gunu-degil-her-gunu-kutlanmali\/#primaryimage\"},\"thumbnailUrl\":\"https:\/\/avrupapress.com\/main\/wp-content\/uploads\/2024\/03\/IMG-20240308-WA0011-e1709922683266.jpg\",\"articleSection\":[\"Avrupa\",\"Bel\u00e7ika\",\"D\u00fcnya\",\"Ekonomi\",\"K\u00fclt\u00fcr-Sanat\",\"Spor\",\"Tan\u0131t\u0131m\",\"T\u00fcrkiye\",\"Uncategorized\"],\"inLanguage\":\"fr-BE\"},{\"@type\":\"WebPage\",\"@id\":\"https:\/\/avrupapress.com\/main\/2024\/03\/08\/tigad-genel-baskani-gecgel-kadinlarin-bir-gunu-degil-her-gunu-kutlanmali\/\",\"url\":\"https:\/\/avrupapress.com\/main\/2024\/03\/08\/tigad-genel-baskani-gecgel-kadinlarin-bir-gunu-degil-her-gunu-kutlanmali\/\",\"name\":\"T\u0130GAD Genel Ba\u015fkan\u0131 Ge\u00e7gel: Kad\u0131nlar\u0131n bir g\u00fcn\u00fc de\u011fil her g\u00fcn\u00fc kutlanmal\u0131 - AvrupaPress\",\"isPartOf\":{\"@id\":\"https:\/\/avrupapress.com\/#website\"},\"primaryImageOfPage\":{\"@id\":\"https:\/\/avrupapress.com\/main\/2024\/03\/08\/tigad-genel-baskani-gecgel-kadinlarin-bir-gunu-degil-her-gunu-kutlanmali\/#primaryimage\"},\"image\":{\"@id\":\"https:\/\/avrupapress.com\/main\/2024\/03\/08\/tigad-genel-baskani-gecgel-kadinlarin-bir-gunu-degil-her-gunu-kutlanmali\/#primaryimage\"},\"thumbnailUrl\":\"https:\/\/avrupapress.com\/main\/wp-content\/uploads\/2024\/03\/IMG-20240308-WA0011-e1709922683266.jpg\",\"datePublished\":\"2024-03-08T18:29:58+00:00\",\"dateModified\":\"2024-03-08T18:31:36+00:00\",\"breadcrumb\":{\"@id\":\"https:\/\/avrupapress.com\/main\/2024\/03\/08\/tigad-genel-baskani-gecgel-kadinlarin-bir-gunu-degil-her-gunu-kutlanmali\/#breadcrumb\"},\"inLanguage\":\"fr-BE\",\"potentialAction\":[{\"@type\":\"ReadAction\",\"target\":[\"https:\/\/avrupapress.com\/main\/2024\/03\/08\/tigad-genel-baskani-gecgel-kadinlarin-bir-gunu-degil-her-gunu-kutlanmali\/\"]}]},{\"@type\":\"ImageObject\",\"inLanguage\":\"fr-BE\",\"@id\":\"https:\/\/avrupapress.com\/main\/2024\/03\/08\/tigad-genel-baskani-gecgel-kadinlarin-bir-gunu-degil-her-gunu-kutlanmali\/#primaryimage\",\"url\":\"https:\/\/avrupapress.com\/main\/wp-content\/uploads\/2024\/03\/IMG-20240308-WA0011-e1709922683266.jpg\",\"contentUrl\":\"https:\/\/avrupapress.com\/main\/wp-content\/uploads\/2024\/03\/IMG-20240308-WA0011-e1709922683266.jpg\",\"width\":1204,\"height\":960},{\"@type\":\"BreadcrumbList\",\"@id\":\"https:\/\/avrupapress.com\/main\/2024\/03\/08\/tigad-genel-baskani-gecgel-kadinlarin-bir-gunu-degil-her-gunu-kutlanmali\/#breadcrumb\",\"itemListElement\":[{\"@type\":\"ListItem\",\"position\":1,\"name\":\"Anasayfa\",\"item\":\"https:\/\/avrupapress.com\/\"},{\"@type\":\"ListItem\",\"position\":2,\"name\":\"T\u0130GAD Genel Ba\u015fkan\u0131 Ge\u00e7gel: Kad\u0131nlar\u0131n bir g\u00fcn\u00fc de\u011fil her g\u00fcn\u00fc kutlanmal\u0131\"}]},{\"@type\":\"WebSite\",\"@id\":\"https:\/\/avrupapress.com\/#website\",\"url\":\"https:\/\/avrupapress.com\/\",\"name\":\"AvrupaPress\",\"description\":\"Haberin Adresi\",\"publisher\":{\"@id\":\"https:\/\/avrupapress.com\/#\/schema\/person\/0223dca19c72c43575bf30d1a2d8f4fa\"},\"potentialAction\":[{\"@type\":\"SearchAction\",\"target\":{\"@type\":\"EntryPoint\",\"urlTemplate\":\"https:\/\/avrupapress.com\/?s={search_term_string}\"},\"query-input\":{\"@type\":\"PropertyValueSpecification\",\"valueRequired\":true,\"valueName\":\"search_term_string\"}}],\"inLanguage\":\"fr-BE\"},{\"@type\":[\"Person\",\"Organization\"],\"@id\":\"https:\/\/avrupapress.com\/#\/schema\/person\/0223dca19c72c43575bf30d1a2d8f4fa\",\"name\":\"Bilgin \u00d6z\u00e7ift\u00e7i\",\"image\":{\"@type\":\"ImageObject\",\"inLanguage\":\"fr-BE\",\"@id\":\"https:\/\/avrupapress.com\/#\/schema\/person\/image\/\",\"url\":\"https:\/\/secure.gravatar.com\/avatar\/0f23b280433a21e1ea7a0adcc46ed0ad16afe3ad8e630fd13d8a017dcbd54ef3?s=96&d=mm&r=g\",\"contentUrl\":\"https:\/\/secure.gravatar.com\/avatar\/0f23b280433a21e1ea7a0adcc46ed0ad16afe3ad8e630fd13d8a017dcbd54ef3?s=96&d=mm&r=g\",\"caption\":\"Bilgin \u00d6z\u00e7ift\u00e7i\"},\"logo\":{\"@id\":\"https:\/\/avrupapress.com\/#\/schema\/person\/image\/\"},\"description\":\"Ne ben, nede sen... Biz ancak \\\"biz\\\" olursak g\u00fc\u00e7l\u00fc olabiliriz\"},{\"@type\":\"Person\",\"@id\":\"https:\/\/avrupapress.com\/#\/schema\/person\/68428444ec60970d1e1b700cf4ca1e8f\",\"name\":\"Edit\u00f6r\",\"image\":{\"@type\":\"ImageObject\",\"inLanguage\":\"fr-BE\",\"@id\":\"https:\/\/avrupapress.com\/#\/schema\/person\/image\/\",\"url\":\"https:\/\/secure.gravatar.com\/avatar\/74996b0977aa5f1559ba9883776652508b229005c0d78fb2597897f0bd651c09?s=96&d=mm&r=g\",\"contentUrl\":\"https:\/\/secure.gravatar.com\/avatar\/74996b0977aa5f1559ba9883776652508b229005c0d78fb2597897f0bd651c09?s=96&d=mm&r=g\",\"caption\":\"Edit\u00f6r\"},\"sameAs\":[\"http:\/\/www.avrupapress.com\"],\"url\":\"https:\/\/avrupapress.com\/main\/author\/editor\/\"}]}<\/script>\n<!-- \/ Yoast SEO plugin. -->","yoast_head_json":{"title":"T\u0130GAD Genel Ba\u015fkan\u0131 Ge\u00e7gel: Kad\u0131nlar\u0131n bir g\u00fcn\u00fc de\u011fil her g\u00fcn\u00fc kutlanmal\u0131 - AvrupaPress","robots":{"index":"index","follow":"follow","max-snippet":"max-snippet:-1","max-image-preview":"max-image-preview:large","max-video-preview":"max-video-preview:-1"},"canonical":"https:\/\/avrupapress.com\/main\/2024\/03\/08\/tigad-genel-baskani-gecgel-kadinlarin-bir-gunu-degil-her-gunu-kutlanmali\/","og_locale":"fr_FR","og_type":"article","og_title":"T\u0130GAD Genel Ba\u015fkan\u0131 Ge\u00e7gel: Kad\u0131nlar\u0131n bir g\u00fcn\u00fc de\u011fil her g\u00fcn\u00fc kutlanmal\u0131 - AvrupaPress","og_description":"T\u00fcrkiye \u0130nternet Gazetecili\u011fi Derne\u011fi (T\u0130GAD) Genel Ba\u015fkan\u0131 Okan Ge\u00e7gel, \u201cKad\u0131nlar\u0131n sadece bir g\u00fcn\u00fcn\u00fcn de\u011fil her g\u00fcn\u00fcn\u00fcn kutlanmas\u0131 gerekir. Kad\u0131nlar toplumun her alan\u0131nda hak ettikleri pozisyonlarda s\u00f6z sahibi olmal\u0131d\u0131r.\u201d dedi. T\u0130GAD Genel Ba\u015fkan\u0131 Okan Ge\u00e7gel, Kad\u0131nlar G\u00fcn\u00fc m\u00fcnasebetiyle bir kutlama mesaj\u0131 yay\u0131nlad\u0131. 1977 y\u0131l\u0131nda Birle\u015fmi\u015f Milletler Genel Kurulu\u2019nda 8 Mart&rsquo;\u0131n D\u00fcnya Kad\u0131nlar G\u00fcn\u00fc olarak kutlanmas\u0131n\u0131n kararla\u015ft\u0131r\u0131ld\u0131\u011f\u0131n\u0131 [&hellip;]","og_url":"https:\/\/avrupapress.com\/main\/2024\/03\/08\/tigad-genel-baskani-gecgel-kadinlarin-bir-gunu-degil-her-gunu-kutlanmali\/","og_site_name":"AvrupaPress","article_published_time":"2024-03-08T18:29:58+00:00","article_modified_time":"2024-03-08T18:31:36+00:00","og_image":[{"width":1204,"height":960,"url":"https:\/\/avrupapress.com\/main\/wp-content\/uploads\/2024\/03\/IMG-20240308-WA0011-e1709922683266.jpg","type":"image\/jpeg"}],"author":"Edit\u00f6r","twitter_card":"summary_large_image","twitter_misc":{"\u00c9crit par":"Edit\u00f6r","Dur\u00e9e de lecture est.":"2 minutes"},"schema":{"@context":"https:\/\/schema.org","@graph":[{"@type":"Article","@id":"https:\/\/avrupapress.com\/main\/2024\/03\/08\/tigad-genel-baskani-gecgel-kadinlarin-bir-gunu-degil-her-gunu-kutlanmali\/#article","isPartOf":{"@id":"https:\/\/avrupapress.com\/main\/2024\/03\/08\/tigad-genel-baskani-gecgel-kadinlarin-bir-gunu-degil-her-gunu-kutlanmali\/"},"author":{"name":"Edit\u00f6r","@id":"https:\/\/avrupapress.com\/#\/schema\/person\/68428444ec60970d1e1b700cf4ca1e8f"},"headline":"T\u0130GAD Genel Ba\u015fkan\u0131 Ge\u00e7gel: Kad\u0131nlar\u0131n bir g\u00fcn\u00fc de\u011fil her g\u00fcn\u00fc kutlanmal\u0131","datePublished":"2024-03-08T18:29:58+00:00","dateModified":"2024-03-08T18:31:36+00:00","mainEntityOfPage":{"@id":"https:\/\/avrupapress.com\/main\/2024\/03\/08\/tigad-genel-baskani-gecgel-kadinlarin-bir-gunu-degil-her-gunu-kutlanmali\/"},"wordCount":351,"publisher":{"@id":"https:\/\/avrupapress.com\/#\/schema\/person\/0223dca19c72c43575bf30d1a2d8f4fa"},"image":{"@id":"https:\/\/avrupapress.com\/main\/2024\/03\/08\/tigad-genel-baskani-gecgel-kadinlarin-bir-gunu-degil-her-gunu-kutlanmali\/#primaryimage"},"thumbnailUrl":"https:\/\/avrupapress.com\/main\/wp-content\/uploads\/2024\/03\/IMG-20240308-WA0011-e1709922683266.jpg","articleSection":["Avrupa","Bel\u00e7ika","D\u00fcnya","Ekonomi","K\u00fclt\u00fcr-Sanat","Spor","Tan\u0131t\u0131m","T\u00fcrkiye","Uncategorized"],"inLanguage":"fr-BE"},{"@type":"WebPage","@id":"https:\/\/avrupapress.com\/main\/2024\/03\/08\/tigad-genel-baskani-gecgel-kadinlarin-bir-gunu-degil-her-gunu-kutlanmali\/","url":"https:\/\/avrupapress.com\/main\/2024\/03\/08\/tigad-genel-baskani-gecgel-kadinlarin-bir-gunu-degil-her-gunu-kutlanmali\/","name":"T\u0130GAD Genel Ba\u015fkan\u0131 Ge\u00e7gel: Kad\u0131nlar\u0131n bir g\u00fcn\u00fc de\u011fil her g\u00fcn\u00fc kutlanmal\u0131 - AvrupaPress","isPartOf":{"@id":"https:\/\/avrupapress.com\/#website"},"primaryImageOfPage":{"@id":"https:\/\/avrupapress.com\/main\/2024\/03\/08\/tigad-genel-baskani-gecgel-kadinlarin-bir-gunu-degil-her-gunu-kutlanmali\/#primaryimage"},"image":{"@id":"https:\/\/avrupapress.com\/main\/2024\/03\/08\/tigad-genel-baskani-gecgel-kadinlarin-bir-gunu-degil-her-gunu-kutlanmali\/#primaryimage"},"thumbnailUrl":"https:\/\/avrupapress.com\/main\/wp-content\/uploads\/2024\/03\/IMG-20240308-WA0011-e1709922683266.jpg","datePublished":"2024-03-08T18:29:58+00:00","dateModified":"2024-03-08T18:31:36+00:00","breadcrumb":{"@id":"https:\/\/avrupapress.com\/main\/2024\/03\/08\/tigad-genel-baskani-gecgel-kadinlarin-bir-gunu-degil-her-gunu-kutlanmali\/#breadcrumb"},"inLanguage":"fr-BE","potentialAction":[{"@type":"ReadAction","target":["https:\/\/avrupapress.com\/main\/2024\/03\/08\/tigad-genel-baskani-gecgel-kadinlarin-bir-gunu-degil-her-gunu-kutlanmali\/"]}]},{"@type":"ImageObject","inLanguage":"fr-BE","@id":"https:\/\/avrupapress.com\/main\/2024\/03\/08\/tigad-genel-baskani-gecgel-kadinlarin-bir-gunu-degil-her-gunu-kutlanmali\/#primaryimage","url":"https:\/\/avrupapress.com\/main\/wp-content\/uploads\/2024\/03\/IMG-20240308-WA0011-e1709922683266.jpg","contentUrl":"https:\/\/avrupapress.com\/main\/wp-content\/uploads\/2024\/03\/IMG-20240308-WA0011-e1709922683266.jpg","width":1204,"height":960},{"@type":"BreadcrumbList","@id":"https:\/\/avrupapress.com\/main\/2024\/03\/08\/tigad-genel-baskani-gecgel-kadinlarin-bir-gunu-degil-her-gunu-kutlanmali\/#breadcrumb","itemListElement":[{"@type":"ListItem","position":1,"name":"Anasayfa","item":"https:\/\/avrupapress.com\/"},{"@type":"ListItem","position":2,"name":"T\u0130GAD Genel Ba\u015fkan\u0131 Ge\u00e7gel: Kad\u0131nlar\u0131n bir g\u00fcn\u00fc de\u011fil her g\u00fcn\u00fc kutlanmal\u0131"}]},{"@type":"WebSite","@id":"https:\/\/avrupapress.com\/#website","url":"https:\/\/avrupapress.com\/","name":"AvrupaPress","description":"Haberin Adresi","publisher":{"@id":"https:\/\/avrupapress.com\/#\/schema\/person\/0223dca19c72c43575bf30d1a2d8f4fa"},"potentialAction":[{"@type":"SearchAction","target":{"@type":"EntryPoint","urlTemplate":"https:\/\/avrupapress.com\/?s={search_term_string}"},"query-input":{"@type":"PropertyValueSpecification","valueRequired":true,"valueName":"search_term_string"}}],"inLanguage":"fr-BE"},{"@type":["Person","Organization"],"@id":"https:\/\/avrupapress.com\/#\/schema\/person\/0223dca19c72c43575bf30d1a2d8f4fa","name":"Bilgin \u00d6z\u00e7ift\u00e7i","image":{"@type":"ImageObject","inLanguage":"fr-BE","@id":"https:\/\/avrupapress.com\/#\/schema\/person\/image\/","url":"https:\/\/secure.gravatar.com\/avatar\/0f23b280433a21e1ea7a0adcc46ed0ad16afe3ad8e630fd13d8a017dcbd54ef3?s=96&d=mm&r=g","contentUrl":"https:\/\/secure.gravatar.com\/avatar\/0f23b280433a21e1ea7a0adcc46ed0ad16afe3ad8e630fd13d8a017dcbd54ef3?s=96&d=mm&r=g","caption":"Bilgin \u00d6z\u00e7ift\u00e7i"},"logo":{"@id":"https:\/\/avrupapress.com\/#\/schema\/person\/image\/"},"description":"Ne ben, nede sen... Biz ancak \"biz\" olursak g\u00fc\u00e7l\u00fc olabiliriz"},{"@type":"Person","@id":"https:\/\/avrupapress.com\/#\/schema\/person\/68428444ec60970d1e1b700cf4ca1e8f","name":"Edit\u00f6r","image":{"@type":"ImageObject","inLanguage":"fr-BE","@id":"https:\/\/avrupapress.com\/#\/schema\/person\/image\/","url":"https:\/\/secure.gravatar.com\/avatar\/74996b0977aa5f1559ba9883776652508b229005c0d78fb2597897f0bd651c09?s=96&d=mm&r=g","contentUrl":"https:\/\/secure.gravatar.com\/avatar\/74996b0977aa5f1559ba9883776652508b229005c0d78fb2597897f0bd651c09?s=96&d=mm&r=g","caption":"Edit\u00f6r"},"sameAs":["http:\/\/www.avrupapress.com"],"url":"https:\/\/avrupapress.com\/main\/author\/editor\/"}]}},"_links":{"self":[{"href":"https:\/\/avrupapress.com\/main\/wp-json\/wp\/v2\/posts\/25429","targetHints":{"allow":["GET"]}}],"collection":[{"href":"https:\/\/avrupapress.com\/main\/wp-json\/wp\/v2\/posts"}],"about":[{"href":"https:\/\/avrupapress.com\/main\/wp-json\/wp\/v2\/types\/post"}],"author":[{"embeddable":true,"href":"https:\/\/avrupapress.com\/main\/wp-json\/wp\/v2\/users\/3"}],"replies":[{"embeddable":true,"href":"https:\/\/avrupapress.com\/main\/wp-json\/wp\/v2\/comments?post=25429"}],"version-history":[{"count":2,"href":"https:\/\/avrupapress.com\/main\/wp-json\/wp\/v2\/posts\/25429\/revisions"}],"predecessor-version":[{"id":25432,"href":"https:\/\/avrupapress.com\/main\/wp-json\/wp\/v2\/posts\/25429\/revisions\/25432"}],"wp:featuredmedia":[{"embeddable":true,"href":"https:\/\/avrupapress.com\/main\/wp-json\/wp\/v2\/media\/25430"}],"wp:attachment":[{"href":"https:\/\/avrupapress.com\/main\/wp-json\/wp\/v2\/media?parent=25429"}],"wp:term":[{"taxonomy":"category","embeddable":true,"href":"https:\/\/avrupapress.com\/main\/wp-json\/wp\/v2\/categories?post=25429"},{"taxonomy":"post_tag","embeddable":true,"href":"https:\/\/avrupapress.com\/main\/wp-json\/wp\/v2\/tags?post=25429"}],"curies":[{"name":"wp","href":"https:\/\/api.w.org\/{rel}","templated":true}]}}