{"id":25424,"date":"2024-03-08T08:23:29","date_gmt":"2024-03-08T08:23:29","guid":{"rendered":"https:\/\/avrupapress.com\/main\/?p=25424"},"modified":"2024-03-08T08:26:15","modified_gmt":"2024-03-08T08:26:15","slug":"8-mart-dunya-kadinlar-gunu-kutlu-olsun-5","status":"publish","type":"post","link":"https:\/\/avrupapress.com\/main\/2024\/03\/08\/8-mart-dunya-kadinlar-gunu-kutlu-olsun-5\/","title":{"rendered":"8 Mart D\u00fcnya Kad\u0131nlar G\u00fcn\u00fc Kutlu Olsun&#8230;."},"content":{"rendered":"<h2 class=\"text-base mb-4 ml-5 text-red-600\">D\u00fcnya Kad\u0131nlar G\u00fcn\u00fc 8 Mart tarih\u00e7esi ile anlam\u0131 ve \u00f6nemi merak ediliyor. 8 Mart D\u00fcnya Kad\u0131nlar G\u00fcn\u00fc, kad\u0131nlar\u0131n toplumda e\u015fitlik, adalet ve g\u00fc\u00e7l\u00fc bir ses olmas\u0131na dikkat \u00e7ekiyor. Bu \u00f6zel g\u00fcnde D\u00fcnya Kad\u0131nlar G\u00fcn\u00fc&rsquo;n\u00fcn ne zaman ilan edildi\u011fi ve nas\u0131l ortaya \u00e7\u0131kt\u0131\u011f\u0131 sorgulan\u0131yor. \u0130\u015fte, 8 Mart D\u00fcnya Kad\u0131nlar G\u00fcn\u00fc tarih\u00e7esi&#8230;<\/h2>\n<p><strong>T\u00dcRK\u0130YE\u2019DE KADINLAR G\u00dcN\u00dc<\/strong><\/p>\n<p>T\u00fcrkiye&rsquo;de 1921 tarihinde 8 Mart D\u00fcnya Emek\u00e7i Kad\u0131nlar G\u00fcn\u00fc olarak kutlanmaya ba\u015fland\u0131. 1980 darbesi d\u00f6neminde d\u00f6rt y\u0131l kutlama yap\u0131lmad\u0131. 1984&rsquo;ten itibaren her ge\u00e7en g\u00fcn daha da geni\u015f kitlelerle kutlanmaya devam ediliyor.<\/p>\n<div class=\"relative mb-8\">\n<div class=\"block aspect-w-16 aspect-h-9 bg-gray-200 dark:bg-gray-700\"><img decoding=\"async\" class=\"object-contain medium-zoom-image b-loaded\" src=\"https:\/\/im.haberturk.com\/2024\/03\/08\/3667428_d19b6b2aefd6423b3facb8e33318d15b_640x640.jpg\" alt=\" \" data-zoomable=\"\" data-big-src=\"https:\/\/im.haberturk.com\/2024\/03\/08\/3667428_d19b6b2aefd6423b3facb8e33318d15b_1366x1366.jpg\" \/><i class=\"ht-icon-full-screen-max w-10 h-10 absolute bottom-auto left-auto text-xs bg-white dark:bg-gray-900 cursor-pointer right-0 top-12\"><\/i><\/div>\n<\/div>\n<div class=\"cms-container\">\n<p>Birle\u015fmi\u015f Milletler taraf\u0131ndan kabul edilen ve 1921&rsquo;den bu yana \u00fclkemizde de kutlanan D\u00fcnya Kad\u0131nlar G\u00fcn\u00fc&rsquo;n\u00fcn tarih\u00e7esi ara\u015ft\u0131r\u0131l\u0131yor. Her sene t\u00fcm d\u00fcnyada \u00e7e\u015fitli etkinlikler ve y\u00fcr\u00fcy\u00fc\u015fler yap\u0131lan 8 Mart D\u00fcnya Kad\u0131nlar G\u00fcn\u00fc,<\/p>\n<div class=\"section-divided flex justify-between\">\n<div class=\"list w-[calc(100%-320px)]\">\n<div class=\"block mb-5 bg-gray-50 dark:bg-gray-800 p-5 \" data-order=\"1\" data-id=\"3444177\" data-it=\"{&quot;index&quot;:1,&quot;id&quot;:3667428,&quot;title&quot;:&quot;8 Mart D\\u00fcnya Kad\\u0131nlar G\\u00fcn\\u00fc tarih\\u00e7esi: Kad\\u0131nlar G\\u00fcn\\u00fc nas\\u0131l ortaya \\u00e7\\u0131kt\\u0131, ne zaman ilan edildi?&quot;,&quot;tracker&quot;:[{&quot;type&quot;:&quot;history&quot;,&quot;parameter&quot;:&quot;\\\/&quot;,&quot;url&quot;:1},{&quot;type&quot;:&quot;google&quot;,&quot;id&quot;:3444177,&quot;url&quot;:&quot;\\\/8-mart-dunya-kadinlar-gunu-tarihcesi-kadinlar-gunu-nasil-ortaya-cikti-ne-zaman-ilan-edildi-3667428&quot;},{&quot;type&quot;:&quot;gemius&quot;,&quot;variable&quot;:&quot;gemiusID&quot;,&quot;id&quot;:&quot;&quot;},{&quot;type&quot;:&quot;ogezio&quot;,&quot;id&quot;:3444177,&quot;order&quot;:1}]}\">\n<div class=\"cms-container\">\n<p>kad\u0131nlar\u0131n hayat\u0131n her alan\u0131nda var olmas\u0131n\u0131na vurgu yap\u0131yor. Peki, Kad\u0131nlar G\u00fcn\u00fc ne zaman ilan edildi ve nas\u0131l ortaya \u00e7\u0131kt\u0131? \u0130\u015fte 8 Mart D\u00fcnya Kad\u0131nlar G\u00fcn\u00fc tarih\u00e7esi&#8230;<\/p>\n<\/div>\n<\/div>\n<div class=\"block mb-5 bg-gray-50 dark:bg-gray-800 p-5 it-item\" data-order=\"2\" data-id=\"3444178\" data-it=\"{&quot;index&quot;:2,&quot;id&quot;:3667428,&quot;title&quot;:&quot;8 Mart D\\u00fcnya Kad\\u0131nlar G\\u00fcn\\u00fc tarih\\u00e7esi: Kad\\u0131nlar G\\u00fcn\\u00fc nas\\u0131l ortaya \\u00e7\\u0131kt\\u0131, ne zaman ilan edildi?&quot;,&quot;tracker&quot;:[{&quot;type&quot;:&quot;history&quot;,&quot;parameter&quot;:&quot;\\\/&quot;,&quot;url&quot;:2},{&quot;type&quot;:&quot;google&quot;,&quot;id&quot;:3444178,&quot;url&quot;:&quot;\\\/8-mart-dunya-kadinlar-gunu-tarihcesi-kadinlar-gunu-nasil-ortaya-cikti-ne-zaman-ilan-edildi-3667428&quot;},{&quot;type&quot;:&quot;gemius&quot;,&quot;variable&quot;:&quot;gemiusID&quot;,&quot;id&quot;:&quot;&quot;},{&quot;type&quot;:&quot;ogezio&quot;,&quot;id&quot;:3444178,&quot;order&quot;:2}]}\">\n<div class=\"relative mb-8\">\n<div class=\"absolute top-0 left-0 p-2.5 z-10 bg-white dark:bg-gray-900\">2<\/div>\n<div class=\"absolute top-0 right-0 z-10\"><\/div>\n<div class=\"block aspect-w-16 aspect-h-9 bg-gray-200 dark:bg-gray-700\"><img decoding=\"async\" class=\"object-contain medium-zoom-image b-loaded\" src=\"https:\/\/im.haberturk.com\/2024\/03\/08\/3667428_cff69fb85eeb653c9023c65a4cf75c5d_640x640.jpg\" alt=\" \" data-zoomable=\"\" data-big-src=\"https:\/\/im.haberturk.com\/2024\/03\/08\/3667428_cff69fb85eeb653c9023c65a4cf75c5d_1366x1366.jpg\" \/><\/div>\n<\/div>\n<div class=\"cms-container\">\n<p><strong>8 MART D\u00dcNYA KADINLAR G\u00dcN\u00dc TAR\u0130H\u00c7ES\u0130 \u0130LE ANLAMI VE \u00d6NEM\u0130<\/strong><\/p>\n<p>Kad\u0131nlar G\u00fcn\u00fc&rsquo;n\u00fcn \u00e7\u0131k\u0131\u015f noktas\u0131, ABD&rsquo;de 8 Mart 1857&rsquo;de ya\u015fanan olaylara dayan\u0131yor. Daha iyi \u00e7al\u0131\u015fma ko\u015fullar\u0131 talep eden 40 bin kad\u0131n i\u015f\u00e7inin grevi s\u0131ras\u0131nda polisin i\u015f\u00e7ileri tekstil fabrikas\u0131na kilitlemesinin ard\u0131ndan \u00e7\u0131kan yang\u0131nda 120&rsquo;den fazla kad\u0131n i\u015f\u00e7i hayat\u0131n\u0131 kaybetti.<\/p>\n<\/div>\n<\/div>\n<div class=\"block mb-5 bg-gray-50 dark:bg-gray-800 p-5 it-item\" data-order=\"3\" data-id=\"3444181\" data-it=\"{&quot;index&quot;:3,&quot;id&quot;:3667428,&quot;title&quot;:&quot;8 Mart D\\u00fcnya Kad\\u0131nlar G\\u00fcn\\u00fc tarih\\u00e7esi: Kad\\u0131nlar G\\u00fcn\\u00fc nas\\u0131l ortaya \\u00e7\\u0131kt\\u0131, ne zaman ilan edildi?&quot;,&quot;tracker&quot;:[{&quot;type&quot;:&quot;history&quot;,&quot;parameter&quot;:&quot;\\\/&quot;,&quot;url&quot;:3},{&quot;type&quot;:&quot;google&quot;,&quot;id&quot;:3444181,&quot;url&quot;:&quot;\\\/8-mart-dunya-kadinlar-gunu-tarihcesi-kadinlar-gunu-nasil-ortaya-cikti-ne-zaman-ilan-edildi-3667428&quot;},{&quot;type&quot;:&quot;gemius&quot;,&quot;variable&quot;:&quot;gemiusID&quot;,&quot;id&quot;:&quot;&quot;},{&quot;type&quot;:&quot;ogezio&quot;,&quot;id&quot;:3444181,&quot;order&quot;:3}]}\">\n<div class=\"relative mb-8\">\n<div class=\"absolute top-0 left-0 p-2.5 z-10 bg-white dark:bg-gray-900\">3<\/div>\n<div class=\"absolute top-0 right-0 z-10\"><\/div>\n<div class=\"block aspect-w-16 aspect-h-9 bg-gray-200 dark:bg-gray-700\"><img decoding=\"async\" class=\"object-contain medium-zoom-image b-loaded\" src=\"https:\/\/im.haberturk.com\/2024\/03\/08\/3667428_915f2a0bf250e83acb83d95fc34da16b_640x640.jpg\" alt=\" \" data-zoomable=\"\" data-big-src=\"https:\/\/im.haberturk.com\/2024\/03\/08\/3667428_915f2a0bf250e83acb83d95fc34da16b_1366x1366.jpg\" \/><\/div>\n<\/div>\n<div class=\"cms-container\">\n<p><strong>KADINLAR G\u00dcN\u00dc NASIL ORTAYA \u00c7IKTI?<\/strong><\/p>\n<p>Olay\u0131n ard\u0131ndan, 8 Mart 1908&rsquo;den ba\u015flayarak her y\u0131l New York&rsquo;ta bir\u00e7ok kad\u0131n i\u015f\u00e7i, i\u015f hayatlar\u0131nda haklar\u0131n\u0131n art\u0131r\u0131lmas\u0131n\u0131 ve kad\u0131nlara oy hakk\u0131 verilmesini talep eden g\u00f6steriler d\u00fczenledi.<\/p>\n<p>G\u00f6sterilerin ba\u015flamas\u0131ndan 2 y\u0131l sonra 26-27 A\u011fustos 1910&rsquo;da kad\u0131n haklar\u0131 savunucular\u0131ndan Alman Clara Zetkin ve Kate Duncker, Danimarka&rsquo;n\u0131n ba\u015fkenti Kopenhag&rsquo;daki \u00ab\u00a0Uluslararas\u0131 Sosyalist Kad\u0131nlar Konferans\u0131\u00a0\u00bbnda 1857&rsquo;de hayat\u0131n\u0131 kaybeden i\u015f\u00e7ilerin an\u0131s\u0131na 8 Mart&rsquo;\u0131n Kad\u0131nlar G\u00fcn\u00fc olarak kutlanmas\u0131na ili\u015fkin \u00f6neri sundu ve bu \u00f6neri oybirli\u011fiyle kabul edildi.<\/p>\n<\/div>\n<\/div>\n<\/div>\n<aside class=\"w-[300px] z-[1]\">\n<div class=\"sidebar wrapper sticky top-14 mb-5 init\" data-sidebar-type=\"photo\" data-sidebar=\"{&quot;id&quot;:&quot;sidebar-65eaaf0fe3427&quot;}\">\n<div class=\"sidebar-content-infinite flex flex-col w-full\">\n<section class=\"mb-5\" data-type=\"authors\">\n<div class=\" overflow-hidden w-full flex justify-between items-center mb-2.5 py-2.5 bg-white dark:bg-gray-900\" data-type=\"type1\">D\u00fcnya Kad\u0131nlar G\u00fcn\u00fc<\/div>\n<\/section>\n<\/div>\n<\/div>\n<\/aside>\n<\/div>\n<div class=\"section-divided flex justify-between\">\n<div class=\"list w-[calc(100%-320px)]\">\n<div class=\"block mb-5 bg-gray-50 dark:bg-gray-800 p-5 it-item\" data-order=\"4\" data-id=\"3444179\" data-it=\"{&quot;index&quot;:4,&quot;id&quot;:3667428,&quot;title&quot;:&quot;8 Mart D\\u00fcnya Kad\\u0131nlar G\\u00fcn\\u00fc tarih\\u00e7esi: Kad\\u0131nlar G\\u00fcn\\u00fc nas\\u0131l ortaya \\u00e7\\u0131kt\\u0131, ne zaman ilan edildi?&quot;,&quot;tracker&quot;:[{&quot;type&quot;:&quot;history&quot;,&quot;parameter&quot;:&quot;\\\/&quot;,&quot;url&quot;:4},{&quot;type&quot;:&quot;google&quot;,&quot;id&quot;:3444179,&quot;url&quot;:&quot;\\\/8-mart-dunya-kadinlar-gunu-tarihcesi-kadinlar-gunu-nasil-ortaya-cikti-ne-zaman-ilan-edildi-3667428&quot;},{&quot;type&quot;:&quot;gemius&quot;,&quot;variable&quot;:&quot;gemiusID&quot;,&quot;id&quot;:&quot;&quot;},{&quot;type&quot;:&quot;ogezio&quot;,&quot;id&quot;:3444179,&quot;order&quot;:4}]}\">\n<div class=\"relative mb-8\">\n<div class=\"absolute top-0 right-0 z-10\"><\/div>\n<div class=\"block aspect-w-16 aspect-h-9 bg-gray-200 dark:bg-gray-700\"><img decoding=\"async\" class=\"object-contain medium-zoom-image b-loaded\" src=\"https:\/\/im.haberturk.com\/2024\/03\/08\/3667428_2f3eda12c3757705edf3f40e89c86981_640x640.jpg\" alt=\" \" data-zoomable=\"\" data-big-src=\"https:\/\/im.haberturk.com\/2024\/03\/08\/3667428_2f3eda12c3757705edf3f40e89c86981_1366x1366.jpg\" \/><\/div>\n<\/div>\n<div class=\"cms-container\">\n<p><strong>D\u00dcNYA KADINLAR G\u00dcN\u00dc NE ZAMAN \u0130LAN ED\u0130LD\u0130?<\/strong><\/p>\n<p>Kad\u0131nlar G\u00fcn\u00fc ilk olarak 19 Mart 1911&rsquo;de Avusturya, Danimarka, Almanya ve \u0130svi\u00e7re&rsquo;de yap\u0131lan etkinliklerle kutlanmaya ba\u015fland\u0131.<\/p>\n<p>\u0130kinci D\u00fcnya Sava\u015f\u0131 sonras\u0131 di\u011fer \u00fclkelerde de kutlanmaya ba\u015flayan D\u00fcnya Kad\u0131nlar G\u00fcn\u00fc, BM taraf\u0131ndan resmiyet kazand\u0131ktan sonra da baz\u0131 \u00fclkelerde resmi tatil ilan edildi.<\/p>\n<\/div>\n<\/div>\n<div class=\"block mb-5 bg-gray-50 dark:bg-gray-800 p-5 it-item it-active\" data-order=\"5\" data-id=\"3444180\" data-it=\"{&quot;index&quot;:5,&quot;id&quot;:3667428,&quot;title&quot;:&quot;8 Mart D\\u00fcnya Kad\\u0131nlar G\\u00fcn\\u00fc tarih\\u00e7esi: Kad\\u0131nlar G\\u00fcn\\u00fc nas\\u0131l ortaya \\u00e7\\u0131kt\\u0131, ne zaman ilan edildi?&quot;,&quot;tracker&quot;:[{&quot;type&quot;:&quot;history&quot;,&quot;parameter&quot;:&quot;\\\/&quot;,&quot;url&quot;:5},{&quot;type&quot;:&quot;google&quot;,&quot;id&quot;:3444180,&quot;url&quot;:&quot;\\\/8-mart-dunya-kadinlar-gunu-tarihcesi-kadinlar-gunu-nasil-ortaya-cikti-ne-zaman-ilan-edildi-3667428&quot;},{&quot;type&quot;:&quot;gemius&quot;,&quot;variable&quot;:&quot;gemiusID&quot;,&quot;id&quot;:&quot;&quot;},{&quot;type&quot;:&quot;ogezio&quot;,&quot;id&quot;:3444180,&quot;order&quot;:5}]}\">\n<div class=\"relative mb-8\">\n<div class=\"absolute top-0 left-0 p-2.5 z-10 bg-white dark:bg-gray-900\">5<\/div>\n<div class=\"absolute top-0 right-0 z-10\"><\/div>\n<div class=\"block aspect-w-16 aspect-h-9 bg-gray-200 dark:bg-gray-700\"><img decoding=\"async\" class=\"object-contain medium-zoom-image b-loaded\" src=\"https:\/\/im.haberturk.com\/2024\/03\/08\/3667428_823987ae6bfd45987ee63baf561d74bc_640x640.jpg\" alt=\" \" data-zoomable=\"\" data-big-src=\"https:\/\/im.haberturk.com\/2024\/03\/08\/3667428_823987ae6bfd45987ee63baf561d74bc_1366x1366.jpg\" \/><\/div>\n<\/div>\n<div class=\"cms-container\">\n<p><strong>T\u00dcRK\u0130YE\u2019DE KADINLAR G\u00dcN\u00dc<\/strong><\/p>\n<p>T\u00fcrkiye&rsquo;de 1921 tarihinde 8 Mart D\u00fcnya Emek\u00e7i Kad\u0131nlar G\u00fcn\u00fc olarak kutlanmaya ba\u015fland\u0131. 1980 darbesi d\u00f6neminde d\u00f6rt y\u0131l kutlama yap\u0131lmad\u0131. 1984&rsquo;ten itibaren her ge\u00e7en g\u00fcn daha da geni\u015f kitlelerle kutlanmaya devam ediliyor.<\/p>\n<\/div>\n<\/div>\n<\/div>\n<\/div>\n<\/div>\n<p>&nbsp;<\/p>\n<p><strong>Bilgin Ozcifci\u00a0 \u00a0 \/\u00a0 \u00a0 AVRUPAPRESS<\/strong><\/p>\n","protected":false},"excerpt":{"rendered":"<p>D\u00fcnya Kad\u0131nlar G\u00fcn\u00fc 8 Mart tarih\u00e7esi ile anlam\u0131 ve \u00f6nemi merak ediliyor. 8 Mart D\u00fcnya Kad\u0131nlar G\u00fcn\u00fc, kad\u0131nlar\u0131n toplumda e\u015fitlik, adalet ve g\u00fc\u00e7l\u00fc bir ses olmas\u0131na dikkat \u00e7ekiyor. Bu \u00f6zel g\u00fcnde D\u00fcnya Kad\u0131nlar G\u00fcn\u00fc&rsquo;n\u00fcn ne zaman ilan edildi\u011fi ve nas\u0131l ortaya \u00e7\u0131kt\u0131\u011f\u0131 sorgulan\u0131yor. \u0130\u015fte, 8 Mart D\u00fcnya Kad\u0131nlar G\u00fcn\u00fc tarih\u00e7esi&#8230; T\u00dcRK\u0130YE\u2019DE KADINLAR G\u00dcN\u00dc T\u00fcrkiye&rsquo;de 1921 [&hellip;]<\/p>\n","protected":false},"author":3,"featured_media":25425,"comment_status":"closed","ping_status":"open","sticky":false,"template":"","format":"standard","meta":{"footnotes":""},"categories":[14,16,3,17,18,15,19,2,1],"tags":[],"class_list":["post-25424","post","type-post","status-publish","format-standard","has-post-thumbnail","hentry","category-avrupa","category-belcika","category-dunya","category-ekonomi","category-kultur-sanat","category-spor","category-tanitim","category-turkiye","category-uncategorized"],"yoast_head":"<!-- This site is optimized with the Yoast SEO plugin v26.9 - https:\/\/yoast.com\/product\/yoast-seo-wordpress\/ -->\n<title>8 Mart D\u00fcnya Kad\u0131nlar G\u00fcn\u00fc Kutlu Olsun.... - AvrupaPress<\/title>\n<meta name=\"robots\" content=\"index, follow, max-snippet:-1, max-image-preview:large, max-video-preview:-1\" \/>\n<link rel=\"canonical\" href=\"https:\/\/avrupapress.com\/main\/2024\/03\/08\/8-mart-dunya-kadinlar-gunu-kutlu-olsun-5\/\" \/>\n<meta property=\"og:locale\" content=\"fr_FR\" \/>\n<meta property=\"og:type\" content=\"article\" \/>\n<meta property=\"og:title\" content=\"8 Mart D\u00fcnya Kad\u0131nlar G\u00fcn\u00fc Kutlu Olsun.... - AvrupaPress\" \/>\n<meta property=\"og:description\" content=\"D\u00fcnya Kad\u0131nlar G\u00fcn\u00fc 8 Mart tarih\u00e7esi ile anlam\u0131 ve \u00f6nemi merak ediliyor. 8 Mart D\u00fcnya Kad\u0131nlar G\u00fcn\u00fc, kad\u0131nlar\u0131n toplumda e\u015fitlik, adalet ve g\u00fc\u00e7l\u00fc bir ses olmas\u0131na dikkat \u00e7ekiyor. Bu \u00f6zel g\u00fcnde D\u00fcnya Kad\u0131nlar G\u00fcn\u00fc&rsquo;n\u00fcn ne zaman ilan edildi\u011fi ve nas\u0131l ortaya \u00e7\u0131kt\u0131\u011f\u0131 sorgulan\u0131yor. \u0130\u015fte, 8 Mart D\u00fcnya Kad\u0131nlar G\u00fcn\u00fc tarih\u00e7esi&#8230; T\u00dcRK\u0130YE\u2019DE KADINLAR G\u00dcN\u00dc T\u00fcrkiye&rsquo;de 1921 [&hellip;]\" \/>\n<meta property=\"og:url\" content=\"https:\/\/avrupapress.com\/main\/2024\/03\/08\/8-mart-dunya-kadinlar-gunu-kutlu-olsun-5\/\" \/>\n<meta property=\"og:site_name\" content=\"AvrupaPress\" \/>\n<meta property=\"article:published_time\" content=\"2024-03-08T08:23:29+00:00\" \/>\n<meta property=\"article:modified_time\" content=\"2024-03-08T08:26:15+00:00\" \/>\n<meta property=\"og:image\" content=\"https:\/\/avrupapress.com\/main\/wp-content\/uploads\/2024\/03\/8_mart832017_092601-scaled.jpg\" \/>\n\t<meta property=\"og:image:width\" content=\"2560\" \/>\n\t<meta property=\"og:image:height\" content=\"1048\" \/>\n\t<meta property=\"og:image:type\" content=\"image\/jpeg\" \/>\n<meta name=\"author\" content=\"Edit\u00f6r\" \/>\n<meta name=\"twitter:card\" content=\"summary_large_image\" \/>\n<meta name=\"twitter:label1\" content=\"\u00c9crit par\" \/>\n\t<meta name=\"twitter:data1\" content=\"Edit\u00f6r\" \/>\n\t<meta name=\"twitter:label2\" content=\"Dur\u00e9e de lecture est.\" \/>\n\t<meta name=\"twitter:data2\" content=\"3 minutes\" \/>\n<script type=\"application\/ld+json\" class=\"yoast-schema-graph\">{\"@context\":\"https:\/\/schema.org\",\"@graph\":[{\"@type\":\"Article\",\"@id\":\"https:\/\/avrupapress.com\/main\/2024\/03\/08\/8-mart-dunya-kadinlar-gunu-kutlu-olsun-5\/#article\",\"isPartOf\":{\"@id\":\"https:\/\/avrupapress.com\/main\/2024\/03\/08\/8-mart-dunya-kadinlar-gunu-kutlu-olsun-5\/\"},\"author\":{\"name\":\"Edit\u00f6r\",\"@id\":\"https:\/\/avrupapress.com\/#\/schema\/person\/68428444ec60970d1e1b700cf4ca1e8f\"},\"headline\":\"8 Mart D\u00fcnya Kad\u0131nlar G\u00fcn\u00fc Kutlu Olsun&#8230;.\",\"datePublished\":\"2024-03-08T08:23:29+00:00\",\"dateModified\":\"2024-03-08T08:26:15+00:00\",\"mainEntityOfPage\":{\"@id\":\"https:\/\/avrupapress.com\/main\/2024\/03\/08\/8-mart-dunya-kadinlar-gunu-kutlu-olsun-5\/\"},\"wordCount\":515,\"publisher\":{\"@id\":\"https:\/\/avrupapress.com\/#\/schema\/person\/0223dca19c72c43575bf30d1a2d8f4fa\"},\"image\":{\"@id\":\"https:\/\/avrupapress.com\/main\/2024\/03\/08\/8-mart-dunya-kadinlar-gunu-kutlu-olsun-5\/#primaryimage\"},\"thumbnailUrl\":\"https:\/\/avrupapress.com\/main\/wp-content\/uploads\/2024\/03\/8_mart832017_092601-scaled.jpg\",\"articleSection\":[\"Avrupa\",\"Bel\u00e7ika\",\"D\u00fcnya\",\"Ekonomi\",\"K\u00fclt\u00fcr-Sanat\",\"Spor\",\"Tan\u0131t\u0131m\",\"T\u00fcrkiye\",\"Uncategorized\"],\"inLanguage\":\"fr-BE\"},{\"@type\":\"WebPage\",\"@id\":\"https:\/\/avrupapress.com\/main\/2024\/03\/08\/8-mart-dunya-kadinlar-gunu-kutlu-olsun-5\/\",\"url\":\"https:\/\/avrupapress.com\/main\/2024\/03\/08\/8-mart-dunya-kadinlar-gunu-kutlu-olsun-5\/\",\"name\":\"8 Mart D\u00fcnya Kad\u0131nlar G\u00fcn\u00fc Kutlu Olsun.... - AvrupaPress\",\"isPartOf\":{\"@id\":\"https:\/\/avrupapress.com\/#website\"},\"primaryImageOfPage\":{\"@id\":\"https:\/\/avrupapress.com\/main\/2024\/03\/08\/8-mart-dunya-kadinlar-gunu-kutlu-olsun-5\/#primaryimage\"},\"image\":{\"@id\":\"https:\/\/avrupapress.com\/main\/2024\/03\/08\/8-mart-dunya-kadinlar-gunu-kutlu-olsun-5\/#primaryimage\"},\"thumbnailUrl\":\"https:\/\/avrupapress.com\/main\/wp-content\/uploads\/2024\/03\/8_mart832017_092601-scaled.jpg\",\"datePublished\":\"2024-03-08T08:23:29+00:00\",\"dateModified\":\"2024-03-08T08:26:15+00:00\",\"breadcrumb\":{\"@id\":\"https:\/\/avrupapress.com\/main\/2024\/03\/08\/8-mart-dunya-kadinlar-gunu-kutlu-olsun-5\/#breadcrumb\"},\"inLanguage\":\"fr-BE\",\"potentialAction\":[{\"@type\":\"ReadAction\",\"target\":[\"https:\/\/avrupapress.com\/main\/2024\/03\/08\/8-mart-dunya-kadinlar-gunu-kutlu-olsun-5\/\"]}]},{\"@type\":\"ImageObject\",\"inLanguage\":\"fr-BE\",\"@id\":\"https:\/\/avrupapress.com\/main\/2024\/03\/08\/8-mart-dunya-kadinlar-gunu-kutlu-olsun-5\/#primaryimage\",\"url\":\"https:\/\/avrupapress.com\/main\/wp-content\/uploads\/2024\/03\/8_mart832017_092601-scaled.jpg\",\"contentUrl\":\"https:\/\/avrupapress.com\/main\/wp-content\/uploads\/2024\/03\/8_mart832017_092601-scaled.jpg\",\"width\":2560,\"height\":1048},{\"@type\":\"BreadcrumbList\",\"@id\":\"https:\/\/avrupapress.com\/main\/2024\/03\/08\/8-mart-dunya-kadinlar-gunu-kutlu-olsun-5\/#breadcrumb\",\"itemListElement\":[{\"@type\":\"ListItem\",\"position\":1,\"name\":\"Anasayfa\",\"item\":\"https:\/\/avrupapress.com\/\"},{\"@type\":\"ListItem\",\"position\":2,\"name\":\"8 Mart D\u00fcnya Kad\u0131nlar G\u00fcn\u00fc Kutlu Olsun&#8230;.\"}]},{\"@type\":\"WebSite\",\"@id\":\"https:\/\/avrupapress.com\/#website\",\"url\":\"https:\/\/avrupapress.com\/\",\"name\":\"AvrupaPress\",\"description\":\"Haberin Adresi\",\"publisher\":{\"@id\":\"https:\/\/avrupapress.com\/#\/schema\/person\/0223dca19c72c43575bf30d1a2d8f4fa\"},\"potentialAction\":[{\"@type\":\"SearchAction\",\"target\":{\"@type\":\"EntryPoint\",\"urlTemplate\":\"https:\/\/avrupapress.com\/?s={search_term_string}\"},\"query-input\":{\"@type\":\"PropertyValueSpecification\",\"valueRequired\":true,\"valueName\":\"search_term_string\"}}],\"inLanguage\":\"fr-BE\"},{\"@type\":[\"Person\",\"Organization\"],\"@id\":\"https:\/\/avrupapress.com\/#\/schema\/person\/0223dca19c72c43575bf30d1a2d8f4fa\",\"name\":\"Bilgin \u00d6z\u00e7ift\u00e7i\",\"image\":{\"@type\":\"ImageObject\",\"inLanguage\":\"fr-BE\",\"@id\":\"https:\/\/avrupapress.com\/#\/schema\/person\/image\/\",\"url\":\"https:\/\/secure.gravatar.com\/avatar\/0f23b280433a21e1ea7a0adcc46ed0ad16afe3ad8e630fd13d8a017dcbd54ef3?s=96&d=mm&r=g\",\"contentUrl\":\"https:\/\/secure.gravatar.com\/avatar\/0f23b280433a21e1ea7a0adcc46ed0ad16afe3ad8e630fd13d8a017dcbd54ef3?s=96&d=mm&r=g\",\"caption\":\"Bilgin \u00d6z\u00e7ift\u00e7i\"},\"logo\":{\"@id\":\"https:\/\/avrupapress.com\/#\/schema\/person\/image\/\"},\"description\":\"Ne ben, nede sen... Biz ancak \\\"biz\\\" olursak g\u00fc\u00e7l\u00fc olabiliriz\"},{\"@type\":\"Person\",\"@id\":\"https:\/\/avrupapress.com\/#\/schema\/person\/68428444ec60970d1e1b700cf4ca1e8f\",\"name\":\"Edit\u00f6r\",\"image\":{\"@type\":\"ImageObject\",\"inLanguage\":\"fr-BE\",\"@id\":\"https:\/\/avrupapress.com\/#\/schema\/person\/image\/\",\"url\":\"https:\/\/secure.gravatar.com\/avatar\/74996b0977aa5f1559ba9883776652508b229005c0d78fb2597897f0bd651c09?s=96&d=mm&r=g\",\"contentUrl\":\"https:\/\/secure.gravatar.com\/avatar\/74996b0977aa5f1559ba9883776652508b229005c0d78fb2597897f0bd651c09?s=96&d=mm&r=g\",\"caption\":\"Edit\u00f6r\"},\"sameAs\":[\"http:\/\/www.avrupapress.com\"],\"url\":\"https:\/\/avrupapress.com\/main\/author\/editor\/\"}]}<\/script>\n<!-- \/ Yoast SEO plugin. -->","yoast_head_json":{"title":"8 Mart D\u00fcnya Kad\u0131nlar G\u00fcn\u00fc Kutlu Olsun.... - AvrupaPress","robots":{"index":"index","follow":"follow","max-snippet":"max-snippet:-1","max-image-preview":"max-image-preview:large","max-video-preview":"max-video-preview:-1"},"canonical":"https:\/\/avrupapress.com\/main\/2024\/03\/08\/8-mart-dunya-kadinlar-gunu-kutlu-olsun-5\/","og_locale":"fr_FR","og_type":"article","og_title":"8 Mart D\u00fcnya Kad\u0131nlar G\u00fcn\u00fc Kutlu Olsun.... - AvrupaPress","og_description":"D\u00fcnya Kad\u0131nlar G\u00fcn\u00fc 8 Mart tarih\u00e7esi ile anlam\u0131 ve \u00f6nemi merak ediliyor. 8 Mart D\u00fcnya Kad\u0131nlar G\u00fcn\u00fc, kad\u0131nlar\u0131n toplumda e\u015fitlik, adalet ve g\u00fc\u00e7l\u00fc bir ses olmas\u0131na dikkat \u00e7ekiyor. Bu \u00f6zel g\u00fcnde D\u00fcnya Kad\u0131nlar G\u00fcn\u00fc&rsquo;n\u00fcn ne zaman ilan edildi\u011fi ve nas\u0131l ortaya \u00e7\u0131kt\u0131\u011f\u0131 sorgulan\u0131yor. \u0130\u015fte, 8 Mart D\u00fcnya Kad\u0131nlar G\u00fcn\u00fc tarih\u00e7esi&#8230; T\u00dcRK\u0130YE\u2019DE KADINLAR G\u00dcN\u00dc T\u00fcrkiye&rsquo;de 1921 [&hellip;]","og_url":"https:\/\/avrupapress.com\/main\/2024\/03\/08\/8-mart-dunya-kadinlar-gunu-kutlu-olsun-5\/","og_site_name":"AvrupaPress","article_published_time":"2024-03-08T08:23:29+00:00","article_modified_time":"2024-03-08T08:26:15+00:00","og_image":[{"width":2560,"height":1048,"url":"https:\/\/avrupapress.com\/main\/wp-content\/uploads\/2024\/03\/8_mart832017_092601-scaled.jpg","type":"image\/jpeg"}],"author":"Edit\u00f6r","twitter_card":"summary_large_image","twitter_misc":{"\u00c9crit par":"Edit\u00f6r","Dur\u00e9e de lecture est.":"3 minutes"},"schema":{"@context":"https:\/\/schema.org","@graph":[{"@type":"Article","@id":"https:\/\/avrupapress.com\/main\/2024\/03\/08\/8-mart-dunya-kadinlar-gunu-kutlu-olsun-5\/#article","isPartOf":{"@id":"https:\/\/avrupapress.com\/main\/2024\/03\/08\/8-mart-dunya-kadinlar-gunu-kutlu-olsun-5\/"},"author":{"name":"Edit\u00f6r","@id":"https:\/\/avrupapress.com\/#\/schema\/person\/68428444ec60970d1e1b700cf4ca1e8f"},"headline":"8 Mart D\u00fcnya Kad\u0131nlar G\u00fcn\u00fc Kutlu Olsun&#8230;.","datePublished":"2024-03-08T08:23:29+00:00","dateModified":"2024-03-08T08:26:15+00:00","mainEntityOfPage":{"@id":"https:\/\/avrupapress.com\/main\/2024\/03\/08\/8-mart-dunya-kadinlar-gunu-kutlu-olsun-5\/"},"wordCount":515,"publisher":{"@id":"https:\/\/avrupapress.com\/#\/schema\/person\/0223dca19c72c43575bf30d1a2d8f4fa"},"image":{"@id":"https:\/\/avrupapress.com\/main\/2024\/03\/08\/8-mart-dunya-kadinlar-gunu-kutlu-olsun-5\/#primaryimage"},"thumbnailUrl":"https:\/\/avrupapress.com\/main\/wp-content\/uploads\/2024\/03\/8_mart832017_092601-scaled.jpg","articleSection":["Avrupa","Bel\u00e7ika","D\u00fcnya","Ekonomi","K\u00fclt\u00fcr-Sanat","Spor","Tan\u0131t\u0131m","T\u00fcrkiye","Uncategorized"],"inLanguage":"fr-BE"},{"@type":"WebPage","@id":"https:\/\/avrupapress.com\/main\/2024\/03\/08\/8-mart-dunya-kadinlar-gunu-kutlu-olsun-5\/","url":"https:\/\/avrupapress.com\/main\/2024\/03\/08\/8-mart-dunya-kadinlar-gunu-kutlu-olsun-5\/","name":"8 Mart D\u00fcnya Kad\u0131nlar G\u00fcn\u00fc Kutlu Olsun.... - AvrupaPress","isPartOf":{"@id":"https:\/\/avrupapress.com\/#website"},"primaryImageOfPage":{"@id":"https:\/\/avrupapress.com\/main\/2024\/03\/08\/8-mart-dunya-kadinlar-gunu-kutlu-olsun-5\/#primaryimage"},"image":{"@id":"https:\/\/avrupapress.com\/main\/2024\/03\/08\/8-mart-dunya-kadinlar-gunu-kutlu-olsun-5\/#primaryimage"},"thumbnailUrl":"https:\/\/avrupapress.com\/main\/wp-content\/uploads\/2024\/03\/8_mart832017_092601-scaled.jpg","datePublished":"2024-03-08T08:23:29+00:00","dateModified":"2024-03-08T08:26:15+00:00","breadcrumb":{"@id":"https:\/\/avrupapress.com\/main\/2024\/03\/08\/8-mart-dunya-kadinlar-gunu-kutlu-olsun-5\/#breadcrumb"},"inLanguage":"fr-BE","potentialAction":[{"@type":"ReadAction","target":["https:\/\/avrupapress.com\/main\/2024\/03\/08\/8-mart-dunya-kadinlar-gunu-kutlu-olsun-5\/"]}]},{"@type":"ImageObject","inLanguage":"fr-BE","@id":"https:\/\/avrupapress.com\/main\/2024\/03\/08\/8-mart-dunya-kadinlar-gunu-kutlu-olsun-5\/#primaryimage","url":"https:\/\/avrupapress.com\/main\/wp-content\/uploads\/2024\/03\/8_mart832017_092601-scaled.jpg","contentUrl":"https:\/\/avrupapress.com\/main\/wp-content\/uploads\/2024\/03\/8_mart832017_092601-scaled.jpg","width":2560,"height":1048},{"@type":"BreadcrumbList","@id":"https:\/\/avrupapress.com\/main\/2024\/03\/08\/8-mart-dunya-kadinlar-gunu-kutlu-olsun-5\/#breadcrumb","itemListElement":[{"@type":"ListItem","position":1,"name":"Anasayfa","item":"https:\/\/avrupapress.com\/"},{"@type":"ListItem","position":2,"name":"8 Mart D\u00fcnya Kad\u0131nlar G\u00fcn\u00fc Kutlu Olsun&#8230;."}]},{"@type":"WebSite","@id":"https:\/\/avrupapress.com\/#website","url":"https:\/\/avrupapress.com\/","name":"AvrupaPress","description":"Haberin Adresi","publisher":{"@id":"https:\/\/avrupapress.com\/#\/schema\/person\/0223dca19c72c43575bf30d1a2d8f4fa"},"potentialAction":[{"@type":"SearchAction","target":{"@type":"EntryPoint","urlTemplate":"https:\/\/avrupapress.com\/?s={search_term_string}"},"query-input":{"@type":"PropertyValueSpecification","valueRequired":true,"valueName":"search_term_string"}}],"inLanguage":"fr-BE"},{"@type":["Person","Organization"],"@id":"https:\/\/avrupapress.com\/#\/schema\/person\/0223dca19c72c43575bf30d1a2d8f4fa","name":"Bilgin \u00d6z\u00e7ift\u00e7i","image":{"@type":"ImageObject","inLanguage":"fr-BE","@id":"https:\/\/avrupapress.com\/#\/schema\/person\/image\/","url":"https:\/\/secure.gravatar.com\/avatar\/0f23b280433a21e1ea7a0adcc46ed0ad16afe3ad8e630fd13d8a017dcbd54ef3?s=96&d=mm&r=g","contentUrl":"https:\/\/secure.gravatar.com\/avatar\/0f23b280433a21e1ea7a0adcc46ed0ad16afe3ad8e630fd13d8a017dcbd54ef3?s=96&d=mm&r=g","caption":"Bilgin \u00d6z\u00e7ift\u00e7i"},"logo":{"@id":"https:\/\/avrupapress.com\/#\/schema\/person\/image\/"},"description":"Ne ben, nede sen... Biz ancak \"biz\" olursak g\u00fc\u00e7l\u00fc olabiliriz"},{"@type":"Person","@id":"https:\/\/avrupapress.com\/#\/schema\/person\/68428444ec60970d1e1b700cf4ca1e8f","name":"Edit\u00f6r","image":{"@type":"ImageObject","inLanguage":"fr-BE","@id":"https:\/\/avrupapress.com\/#\/schema\/person\/image\/","url":"https:\/\/secure.gravatar.com\/avatar\/74996b0977aa5f1559ba9883776652508b229005c0d78fb2597897f0bd651c09?s=96&d=mm&r=g","contentUrl":"https:\/\/secure.gravatar.com\/avatar\/74996b0977aa5f1559ba9883776652508b229005c0d78fb2597897f0bd651c09?s=96&d=mm&r=g","caption":"Edit\u00f6r"},"sameAs":["http:\/\/www.avrupapress.com"],"url":"https:\/\/avrupapress.com\/main\/author\/editor\/"}]}},"_links":{"self":[{"href":"https:\/\/avrupapress.com\/main\/wp-json\/wp\/v2\/posts\/25424","targetHints":{"allow":["GET"]}}],"collection":[{"href":"https:\/\/avrupapress.com\/main\/wp-json\/wp\/v2\/posts"}],"about":[{"href":"https:\/\/avrupapress.com\/main\/wp-json\/wp\/v2\/types\/post"}],"author":[{"embeddable":true,"href":"https:\/\/avrupapress.com\/main\/wp-json\/wp\/v2\/users\/3"}],"replies":[{"embeddable":true,"href":"https:\/\/avrupapress.com\/main\/wp-json\/wp\/v2\/comments?post=25424"}],"version-history":[{"count":2,"href":"https:\/\/avrupapress.com\/main\/wp-json\/wp\/v2\/posts\/25424\/revisions"}],"predecessor-version":[{"id":25427,"href":"https:\/\/avrupapress.com\/main\/wp-json\/wp\/v2\/posts\/25424\/revisions\/25427"}],"wp:featuredmedia":[{"embeddable":true,"href":"https:\/\/avrupapress.com\/main\/wp-json\/wp\/v2\/media\/25425"}],"wp:attachment":[{"href":"https:\/\/avrupapress.com\/main\/wp-json\/wp\/v2\/media?parent=25424"}],"wp:term":[{"taxonomy":"category","embeddable":true,"href":"https:\/\/avrupapress.com\/main\/wp-json\/wp\/v2\/categories?post=25424"},{"taxonomy":"post_tag","embeddable":true,"href":"https:\/\/avrupapress.com\/main\/wp-json\/wp\/v2\/tags?post=25424"}],"curies":[{"name":"wp","href":"https:\/\/api.w.org\/{rel}","templated":true}]}}