{"id":25415,"date":"2024-03-06T18:45:58","date_gmt":"2024-03-06T18:45:58","guid":{"rendered":"https:\/\/avrupapress.com\/main\/?p=25415"},"modified":"2024-03-06T18:46:23","modified_gmt":"2024-03-06T18:46:23","slug":"alman-vatandasligi-icin-basvurumuzu-yapalim","status":"publish","type":"post","link":"https:\/\/avrupapress.com\/main\/2024\/03\/06\/alman-vatandasligi-icin-basvurumuzu-yapalim\/","title":{"rendered":"ALMAN VATANDA\u015eLI\u011eI \u0130\u00c7\u0130N BA\u015eVURUMUZU YAPALIM&#8230;."},"content":{"rendered":"<p><strong>\u00c7ifte vatanda\u015fl\u0131k yasas\u0131n\u0131n May\u0131s ay\u0131nda y\u00fcr\u00fcrl\u00fc\u011fe girece\u011fini belirten KRV- Se\u00e7im Hakk\u0131 Giri\u015fimi Ba\u015fkan\u0131, yazar Bahattin Gemici yurtta\u015flar\u0131m\u0131za seslendi: \u201c\u015eimdiden gerekli evraklar\u0131 haz\u0131rlay\u0131n\u0131z. Alman vatanda\u015fl\u0131\u011f\u0131na ge\u00e7mek i\u00e7in ba\u015fvurunuzu yap\u0131n\u0131z.\u201d dedi.<\/strong><\/p>\n<p><strong>Herten- Almanya<\/strong><\/p>\n<p>Yeni yasaya g\u00f6re ko\u015fullar\u0131 yerine getiren yurtta\u015flar\u0131m\u0131z\u0131 Alman vatanda\u015fl\u0131\u011f\u0131 i\u00e7in ba\u015fvuru yapmaya \u00e7a\u011f\u0131ran KRV- Se\u00e7im Hakk\u0131 Giri\u015fimi ba\u015fkan\u0131 Bahattin Gemici; \u201c\u00c7ifte vatanda\u015fl\u0131k hakk\u0131n\u0131 elde etmek i\u00e7in zorlu bir m\u00fccadele verdik. Yasaya g\u00f6re kendi vatanda\u015fl\u0131\u011f\u0131m\u0131zdan vazge\u00e7mek zorunda de\u011filiz. Bu \u00fclkede se\u00e7imlere kat\u0131lmak, haklar\u0131m\u0131z\u0131 g\u00fcvence alt\u0131na almak istiyorsak Alman vatanda\u015fl\u0131\u011f\u0131 i\u00e7in ba\u015fvurmal\u0131y\u0131z. Ancak bu \u015fekilde \u00fclke siyasetine a\u011f\u0131rl\u0131k koyabilir; sesimizi duyurabilir, sorunlar\u0131m\u0131za \u00e7\u00f6z\u00fcm bulabiliriz. Belediyelerde, eyalet meclislerinde ve Federal Meclis\u2019te daha \u00e7ok yurtta\u015f\u0131m\u0131z\u0131n temsil edilmesi bu \u015fekilde m\u00fcmk\u00fcn olacakt\u0131r.\u201d dedi.<\/p>\n<p>\u0130\u00e7inde ya\u015fad\u0131\u011f\u0131m\u0131z \u00fclkenin b\u00fct\u00fcn sorunlar\u0131 ile daha yak\u0131ndan ilgilenmek ve toplumsal ya\u015fam\u0131n i\u00e7inde yer almak zaman\u0131n\u0131n geldi\u011fini belirten Gemici, daha \u00f6nceleri Alman vatanda\u015fl\u0131\u011fna ge\u00e7tikleri i\u00e7in T\u00fcrk vatanda\u015fl\u0131\u011f\u0131ndan \u00e7\u0131kan yurtta\u015flar\u0131m\u0131z\u0131n yeniden T\u00fcrk vatanda\u015f\u0131 olmak i\u00e7in bir dilek\u00e7e ile T\u00fcrk konsolosluklar\u0131na ba\u015fvurmalar\u0131n\u0131 istedi.<\/p>\n<p><strong>\u00c7\u0130FTE VATANDA\u015eLIK NELER GET\u0130RECEK?<\/strong><\/p>\n<p>Yurtta\u015flar\u0131m\u0131z\u0131n kendisine, \u201cBizim oturma iznimiz var. Alman vatanda\u015fl\u0131\u011f\u0131 bize ne faydas\u0131 olacak?\u201d \u015feklinde sorular y\u00f6neltti\u011fini belirten Gemici \u015funlar\u0131 s\u00f6yledi:<\/p>\n<p>\u25a0 \u00c7ifte vatanda\u015fl\u0131k sayesinde Almanya&rsquo;da ya\u015fayan yurtta\u015flar\u0131m\u0131z\u0131n sosyal haklar\u0131 g\u00fcvence alt\u0131na al\u0131nacak, geleceklerini daha iyi planlayabilecektir.<\/p>\n<p>\u25a0 G\u00f6\u00e7menlerin siyasette s\u00f6z sahibi olmalar\u0131n\u0131n \u00f6n\u00fc a\u00e7\u0131lacak, ya\u015fad\u0131klar\u0131 \u00fclkenin sorunlar\u0131na daha \u00e7ok ilgi duyacakt\u0131r.<\/p>\n<p>\u25a0 Yerel ve genel se\u00e7imlerde oy kullanma hakk\u0131na sahip olan g\u00f6\u00e7menler Alman siyasetine canl\u0131l\u0131k katacak, belediyelerde ve meclislerde daha \u00e7ok temsil edilecektir.<\/p>\n<p>\u25a0 Alman siyaset\u00e7iler g\u00f6\u00e7menlerin taleplerine kulak verecek, sorunlar\u0131na \u00e7\u00f6z\u00fcm arama yolu a\u00e7\u0131lacakt\u0131r.<\/p>\n<p>\u25a0 Irk\u00e7\u0131l\u0131k ve yabanc\u0131 d\u00fc\u015fmanl\u0131\u011f\u0131 azalacak, \u0131rk\u00e7\u0131 partilerin oy oran\u0131 d\u00fc\u015fecektir.<\/p>\n<p>\u25a0 G\u00f6\u00e7menler Almanya\u2019ya daha iyi uyum sa\u011flayacak, \u00fclkenin dilini ve k\u00fclt\u00fcr\u00fcn\u00fc \u00f6\u011frenmeye y\u00f6neleceklerdir.<\/p>\n<p>\u25a0 \u0130\u015f ve \u00f6\u011frenim nedeniyle de\u011fi\u015fik \u00fclkelere seyahat etmek zorunda olan yurtta\u015flar\u0131m\u0131z vize sorunundan kurtulacakt\u0131r.<\/p>\n<p>\u25a0 Alman ekonomisi canlanacak, \u00fclkeye gelen nitelikli elemanlar\u0131n say\u0131s\u0131 artacakt\u0131r.<\/p>\n<p>\u25a0 Mevcut yasa nedeniyle T\u00fcrk vatanda\u015fl\u0131\u011f\u0131ndan \u00e7\u0131kmak zorunda kalan 800 bin yurtta\u015f\u0131m\u0131z yeniden T\u00fcrk vatanda\u015fl\u0131\u011f\u0131na ge\u00e7ebilecektir.<\/p>\n<p>\u25a0 \u00c7ifte vatanda\u015f olan insanlar\u0131m\u0131z T\u00fcrk- Alman dostlu\u011funa, turizme ve ekonomiye \u00f6nemli katk\u0131lar yapacakt\u0131r<\/p>\n<p><strong>ALMAN VATANDA\u015eLI\u011eINA BA\u015eVURMAK \u0130\u00c7\u0130N GEREKL\u0130 BELGELER<\/strong><\/p>\n<p>16 ya\u015f\u0131n\u0131 doldurmu\u015f her g\u00f6\u00e7menin Alman vatanda\u015fl\u0131\u011f\u0131na ge\u00e7mek i\u00e7in dilek\u00e7e verebilece\u011fini s\u00f6yleyen Bahattin Gemici, \u201cBu ki\u015filer ik\u00e2met ettikleri yerin Vatanda\u015fl\u0131k Dairesine ba\u015fvurarak dilek\u00e7e formunu (Antrag auf Einb\u00fcrgerung) \u015fahsen almal\u0131d\u0131r.\u201d dedi.<\/p>\n<p><strong>Dilek\u00e7eye eklenecek belgeler: <\/strong>Do\u011fum belgesi, kazan\u00e7 belgeleri, son \u00fc\u00e7 y\u0131ll\u0131k maa\u015f k\u00e2\u011f\u0131d\u0131 ve fotokopisi, i\u015fsiz ise i\u015fsizlik paras\u0131 ya da yard\u0131m\u0131 ald\u0131\u011f\u0131na dair belge ve fotokopisi, pasaport ve pasaportunda kay\u0131t bulunan sayfalar\u0131n birer fotokopisi, evlenme c\u00fczdan\u0131 ve \u00fczerlerinde kay\u0131t bulunan sayfalar\u0131n birer fotokopisi, daha \u00f6nce bo\u015fanm\u0131\u015fsa buna ili\u015fkin mahkeme karar\u0131 ve Almanca \u00e7evirisi, yeterli Almanca bilgisini kan\u0131tlayan diploma veya okul belgesi, \u00e7ocuklar\u0131n okul karneleri.<\/p>\n<p><img loading=\"lazy\" decoding=\"async\" class=\"alignnone size-medium wp-image-25416\" src=\"https:\/\/avrupapress.com\/main\/wp-content\/uploads\/2024\/03\/thumbnail__20181014_104231-255x300.jpg\" alt=\"\" width=\"255\" height=\"300\" srcset=\"https:\/\/avrupapress.com\/main\/wp-content\/uploads\/2024\/03\/thumbnail__20181014_104231-255x300.jpg 255w, https:\/\/avrupapress.com\/main\/wp-content\/uploads\/2024\/03\/thumbnail__20181014_104231-768x904.jpg 768w, https:\/\/avrupapress.com\/main\/wp-content\/uploads\/2024\/03\/thumbnail__20181014_104231.jpg 810w\" sizes=\"auto, (max-width: 255px) 100vw, 255px\" \/><\/p>\n<p><strong>Bahattin Gemici\u00a0 \u00a0 \u00a0\/\u00a0 \u00a0 \u00a0AVRUPAPRESS<\/strong><\/p>\n","protected":false},"excerpt":{"rendered":"<p>\u00c7ifte vatanda\u015fl\u0131k yasas\u0131n\u0131n May\u0131s ay\u0131nda y\u00fcr\u00fcrl\u00fc\u011fe girece\u011fini belirten KRV- Se\u00e7im Hakk\u0131 Giri\u015fimi Ba\u015fkan\u0131, yazar Bahattin Gemici yurtta\u015flar\u0131m\u0131za seslendi: \u201c\u015eimdiden gerekli evraklar\u0131 haz\u0131rlay\u0131n\u0131z. Alman vatanda\u015fl\u0131\u011f\u0131na ge\u00e7mek i\u00e7in ba\u015fvurunuzu yap\u0131n\u0131z.\u201d dedi. Herten- Almanya Yeni yasaya g\u00f6re ko\u015fullar\u0131 yerine getiren yurtta\u015flar\u0131m\u0131z\u0131 Alman vatanda\u015fl\u0131\u011f\u0131 i\u00e7in ba\u015fvuru yapmaya \u00e7a\u011f\u0131ran KRV- Se\u00e7im Hakk\u0131 Giri\u015fimi ba\u015fkan\u0131 Bahattin Gemici; \u201c\u00c7ifte vatanda\u015fl\u0131k hakk\u0131n\u0131 elde [&hellip;]<\/p>\n","protected":false},"author":3,"featured_media":25416,"comment_status":"closed","ping_status":"open","sticky":false,"template":"","format":"standard","meta":{"footnotes":""},"categories":[14,16,3,17,18,15,19,2,1],"tags":[],"class_list":["post-25415","post","type-post","status-publish","format-standard","has-post-thumbnail","hentry","category-avrupa","category-belcika","category-dunya","category-ekonomi","category-kultur-sanat","category-spor","category-tanitim","category-turkiye","category-uncategorized"],"yoast_head":"<!-- This site is optimized with the Yoast SEO plugin v26.9 - https:\/\/yoast.com\/product\/yoast-seo-wordpress\/ -->\n<title>ALMAN VATANDA\u015eLI\u011eI \u0130\u00c7\u0130N BA\u015eVURUMUZU YAPALIM.... - AvrupaPress<\/title>\n<meta name=\"robots\" content=\"index, follow, max-snippet:-1, max-image-preview:large, max-video-preview:-1\" \/>\n<link rel=\"canonical\" href=\"https:\/\/avrupapress.com\/main\/2024\/03\/06\/alman-vatandasligi-icin-basvurumuzu-yapalim\/\" \/>\n<meta property=\"og:locale\" content=\"fr_FR\" \/>\n<meta property=\"og:type\" content=\"article\" \/>\n<meta property=\"og:title\" content=\"ALMAN VATANDA\u015eLI\u011eI \u0130\u00c7\u0130N BA\u015eVURUMUZU YAPALIM.... - AvrupaPress\" \/>\n<meta property=\"og:description\" content=\"\u00c7ifte vatanda\u015fl\u0131k yasas\u0131n\u0131n May\u0131s ay\u0131nda y\u00fcr\u00fcrl\u00fc\u011fe girece\u011fini belirten KRV- Se\u00e7im Hakk\u0131 Giri\u015fimi Ba\u015fkan\u0131, yazar Bahattin Gemici yurtta\u015flar\u0131m\u0131za seslendi: \u201c\u015eimdiden gerekli evraklar\u0131 haz\u0131rlay\u0131n\u0131z. Alman vatanda\u015fl\u0131\u011f\u0131na ge\u00e7mek i\u00e7in ba\u015fvurunuzu yap\u0131n\u0131z.\u201d dedi. Herten- Almanya Yeni yasaya g\u00f6re ko\u015fullar\u0131 yerine getiren yurtta\u015flar\u0131m\u0131z\u0131 Alman vatanda\u015fl\u0131\u011f\u0131 i\u00e7in ba\u015fvuru yapmaya \u00e7a\u011f\u0131ran KRV- Se\u00e7im Hakk\u0131 Giri\u015fimi ba\u015fkan\u0131 Bahattin Gemici; \u201c\u00c7ifte vatanda\u015fl\u0131k hakk\u0131n\u0131 elde [&hellip;]\" \/>\n<meta property=\"og:url\" content=\"https:\/\/avrupapress.com\/main\/2024\/03\/06\/alman-vatandasligi-icin-basvurumuzu-yapalim\/\" \/>\n<meta property=\"og:site_name\" content=\"AvrupaPress\" \/>\n<meta property=\"article:published_time\" content=\"2024-03-06T18:45:58+00:00\" \/>\n<meta property=\"article:modified_time\" content=\"2024-03-06T18:46:23+00:00\" \/>\n<meta property=\"og:image\" content=\"https:\/\/avrupapress.com\/main\/wp-content\/uploads\/2024\/03\/thumbnail__20181014_104231.jpg\" \/>\n\t<meta property=\"og:image:width\" content=\"810\" \/>\n\t<meta property=\"og:image:height\" content=\"953\" \/>\n\t<meta property=\"og:image:type\" content=\"image\/jpeg\" \/>\n<meta name=\"author\" content=\"Edit\u00f6r\" \/>\n<meta name=\"twitter:card\" content=\"summary_large_image\" \/>\n<meta name=\"twitter:label1\" content=\"\u00c9crit par\" \/>\n\t<meta name=\"twitter:data1\" content=\"Edit\u00f6r\" \/>\n\t<meta name=\"twitter:label2\" content=\"Dur\u00e9e de lecture est.\" \/>\n\t<meta name=\"twitter:data2\" content=\"3 minutes\" \/>\n<script type=\"application\/ld+json\" class=\"yoast-schema-graph\">{\"@context\":\"https:\/\/schema.org\",\"@graph\":[{\"@type\":\"Article\",\"@id\":\"https:\/\/avrupapress.com\/main\/2024\/03\/06\/alman-vatandasligi-icin-basvurumuzu-yapalim\/#article\",\"isPartOf\":{\"@id\":\"https:\/\/avrupapress.com\/main\/2024\/03\/06\/alman-vatandasligi-icin-basvurumuzu-yapalim\/\"},\"author\":{\"name\":\"Edit\u00f6r\",\"@id\":\"https:\/\/avrupapress.com\/#\/schema\/person\/68428444ec60970d1e1b700cf4ca1e8f\"},\"headline\":\"ALMAN VATANDA\u015eLI\u011eI \u0130\u00c7\u0130N BA\u015eVURUMUZU YAPALIM&#8230;.\",\"datePublished\":\"2024-03-06T18:45:58+00:00\",\"dateModified\":\"2024-03-06T18:46:23+00:00\",\"mainEntityOfPage\":{\"@id\":\"https:\/\/avrupapress.com\/main\/2024\/03\/06\/alman-vatandasligi-icin-basvurumuzu-yapalim\/\"},\"wordCount\":631,\"publisher\":{\"@id\":\"https:\/\/avrupapress.com\/#\/schema\/person\/0223dca19c72c43575bf30d1a2d8f4fa\"},\"image\":{\"@id\":\"https:\/\/avrupapress.com\/main\/2024\/03\/06\/alman-vatandasligi-icin-basvurumuzu-yapalim\/#primaryimage\"},\"thumbnailUrl\":\"https:\/\/avrupapress.com\/main\/wp-content\/uploads\/2024\/03\/thumbnail__20181014_104231.jpg\",\"articleSection\":[\"Avrupa\",\"Bel\u00e7ika\",\"D\u00fcnya\",\"Ekonomi\",\"K\u00fclt\u00fcr-Sanat\",\"Spor\",\"Tan\u0131t\u0131m\",\"T\u00fcrkiye\",\"Uncategorized\"],\"inLanguage\":\"fr-BE\"},{\"@type\":\"WebPage\",\"@id\":\"https:\/\/avrupapress.com\/main\/2024\/03\/06\/alman-vatandasligi-icin-basvurumuzu-yapalim\/\",\"url\":\"https:\/\/avrupapress.com\/main\/2024\/03\/06\/alman-vatandasligi-icin-basvurumuzu-yapalim\/\",\"name\":\"ALMAN VATANDA\u015eLI\u011eI \u0130\u00c7\u0130N BA\u015eVURUMUZU YAPALIM.... - AvrupaPress\",\"isPartOf\":{\"@id\":\"https:\/\/avrupapress.com\/#website\"},\"primaryImageOfPage\":{\"@id\":\"https:\/\/avrupapress.com\/main\/2024\/03\/06\/alman-vatandasligi-icin-basvurumuzu-yapalim\/#primaryimage\"},\"image\":{\"@id\":\"https:\/\/avrupapress.com\/main\/2024\/03\/06\/alman-vatandasligi-icin-basvurumuzu-yapalim\/#primaryimage\"},\"thumbnailUrl\":\"https:\/\/avrupapress.com\/main\/wp-content\/uploads\/2024\/03\/thumbnail__20181014_104231.jpg\",\"datePublished\":\"2024-03-06T18:45:58+00:00\",\"dateModified\":\"2024-03-06T18:46:23+00:00\",\"breadcrumb\":{\"@id\":\"https:\/\/avrupapress.com\/main\/2024\/03\/06\/alman-vatandasligi-icin-basvurumuzu-yapalim\/#breadcrumb\"},\"inLanguage\":\"fr-BE\",\"potentialAction\":[{\"@type\":\"ReadAction\",\"target\":[\"https:\/\/avrupapress.com\/main\/2024\/03\/06\/alman-vatandasligi-icin-basvurumuzu-yapalim\/\"]}]},{\"@type\":\"ImageObject\",\"inLanguage\":\"fr-BE\",\"@id\":\"https:\/\/avrupapress.com\/main\/2024\/03\/06\/alman-vatandasligi-icin-basvurumuzu-yapalim\/#primaryimage\",\"url\":\"https:\/\/avrupapress.com\/main\/wp-content\/uploads\/2024\/03\/thumbnail__20181014_104231.jpg\",\"contentUrl\":\"https:\/\/avrupapress.com\/main\/wp-content\/uploads\/2024\/03\/thumbnail__20181014_104231.jpg\",\"width\":810,\"height\":953},{\"@type\":\"BreadcrumbList\",\"@id\":\"https:\/\/avrupapress.com\/main\/2024\/03\/06\/alman-vatandasligi-icin-basvurumuzu-yapalim\/#breadcrumb\",\"itemListElement\":[{\"@type\":\"ListItem\",\"position\":1,\"name\":\"Anasayfa\",\"item\":\"https:\/\/avrupapress.com\/\"},{\"@type\":\"ListItem\",\"position\":2,\"name\":\"ALMAN VATANDA\u015eLI\u011eI \u0130\u00c7\u0130N BA\u015eVURUMUZU YAPALIM&#8230;.\"}]},{\"@type\":\"WebSite\",\"@id\":\"https:\/\/avrupapress.com\/#website\",\"url\":\"https:\/\/avrupapress.com\/\",\"name\":\"AvrupaPress\",\"description\":\"Haberin Adresi\",\"publisher\":{\"@id\":\"https:\/\/avrupapress.com\/#\/schema\/person\/0223dca19c72c43575bf30d1a2d8f4fa\"},\"potentialAction\":[{\"@type\":\"SearchAction\",\"target\":{\"@type\":\"EntryPoint\",\"urlTemplate\":\"https:\/\/avrupapress.com\/?s={search_term_string}\"},\"query-input\":{\"@type\":\"PropertyValueSpecification\",\"valueRequired\":true,\"valueName\":\"search_term_string\"}}],\"inLanguage\":\"fr-BE\"},{\"@type\":[\"Person\",\"Organization\"],\"@id\":\"https:\/\/avrupapress.com\/#\/schema\/person\/0223dca19c72c43575bf30d1a2d8f4fa\",\"name\":\"Bilgin \u00d6z\u00e7ift\u00e7i\",\"image\":{\"@type\":\"ImageObject\",\"inLanguage\":\"fr-BE\",\"@id\":\"https:\/\/avrupapress.com\/#\/schema\/person\/image\/\",\"url\":\"https:\/\/secure.gravatar.com\/avatar\/0f23b280433a21e1ea7a0adcc46ed0ad16afe3ad8e630fd13d8a017dcbd54ef3?s=96&d=mm&r=g\",\"contentUrl\":\"https:\/\/secure.gravatar.com\/avatar\/0f23b280433a21e1ea7a0adcc46ed0ad16afe3ad8e630fd13d8a017dcbd54ef3?s=96&d=mm&r=g\",\"caption\":\"Bilgin \u00d6z\u00e7ift\u00e7i\"},\"logo\":{\"@id\":\"https:\/\/avrupapress.com\/#\/schema\/person\/image\/\"},\"description\":\"Ne ben, nede sen... Biz ancak \\\"biz\\\" olursak g\u00fc\u00e7l\u00fc olabiliriz\"},{\"@type\":\"Person\",\"@id\":\"https:\/\/avrupapress.com\/#\/schema\/person\/68428444ec60970d1e1b700cf4ca1e8f\",\"name\":\"Edit\u00f6r\",\"image\":{\"@type\":\"ImageObject\",\"inLanguage\":\"fr-BE\",\"@id\":\"https:\/\/avrupapress.com\/#\/schema\/person\/image\/\",\"url\":\"https:\/\/secure.gravatar.com\/avatar\/74996b0977aa5f1559ba9883776652508b229005c0d78fb2597897f0bd651c09?s=96&d=mm&r=g\",\"contentUrl\":\"https:\/\/secure.gravatar.com\/avatar\/74996b0977aa5f1559ba9883776652508b229005c0d78fb2597897f0bd651c09?s=96&d=mm&r=g\",\"caption\":\"Edit\u00f6r\"},\"sameAs\":[\"http:\/\/www.avrupapress.com\"],\"url\":\"https:\/\/avrupapress.com\/main\/author\/editor\/\"}]}<\/script>\n<!-- \/ Yoast SEO plugin. -->","yoast_head_json":{"title":"ALMAN VATANDA\u015eLI\u011eI \u0130\u00c7\u0130N BA\u015eVURUMUZU YAPALIM.... - AvrupaPress","robots":{"index":"index","follow":"follow","max-snippet":"max-snippet:-1","max-image-preview":"max-image-preview:large","max-video-preview":"max-video-preview:-1"},"canonical":"https:\/\/avrupapress.com\/main\/2024\/03\/06\/alman-vatandasligi-icin-basvurumuzu-yapalim\/","og_locale":"fr_FR","og_type":"article","og_title":"ALMAN VATANDA\u015eLI\u011eI \u0130\u00c7\u0130N BA\u015eVURUMUZU YAPALIM.... - AvrupaPress","og_description":"\u00c7ifte vatanda\u015fl\u0131k yasas\u0131n\u0131n May\u0131s ay\u0131nda y\u00fcr\u00fcrl\u00fc\u011fe girece\u011fini belirten KRV- Se\u00e7im Hakk\u0131 Giri\u015fimi Ba\u015fkan\u0131, yazar Bahattin Gemici yurtta\u015flar\u0131m\u0131za seslendi: \u201c\u015eimdiden gerekli evraklar\u0131 haz\u0131rlay\u0131n\u0131z. Alman vatanda\u015fl\u0131\u011f\u0131na ge\u00e7mek i\u00e7in ba\u015fvurunuzu yap\u0131n\u0131z.\u201d dedi. Herten- Almanya Yeni yasaya g\u00f6re ko\u015fullar\u0131 yerine getiren yurtta\u015flar\u0131m\u0131z\u0131 Alman vatanda\u015fl\u0131\u011f\u0131 i\u00e7in ba\u015fvuru yapmaya \u00e7a\u011f\u0131ran KRV- Se\u00e7im Hakk\u0131 Giri\u015fimi ba\u015fkan\u0131 Bahattin Gemici; \u201c\u00c7ifte vatanda\u015fl\u0131k hakk\u0131n\u0131 elde [&hellip;]","og_url":"https:\/\/avrupapress.com\/main\/2024\/03\/06\/alman-vatandasligi-icin-basvurumuzu-yapalim\/","og_site_name":"AvrupaPress","article_published_time":"2024-03-06T18:45:58+00:00","article_modified_time":"2024-03-06T18:46:23+00:00","og_image":[{"width":810,"height":953,"url":"https:\/\/avrupapress.com\/main\/wp-content\/uploads\/2024\/03\/thumbnail__20181014_104231.jpg","type":"image\/jpeg"}],"author":"Edit\u00f6r","twitter_card":"summary_large_image","twitter_misc":{"\u00c9crit par":"Edit\u00f6r","Dur\u00e9e de lecture est.":"3 minutes"},"schema":{"@context":"https:\/\/schema.org","@graph":[{"@type":"Article","@id":"https:\/\/avrupapress.com\/main\/2024\/03\/06\/alman-vatandasligi-icin-basvurumuzu-yapalim\/#article","isPartOf":{"@id":"https:\/\/avrupapress.com\/main\/2024\/03\/06\/alman-vatandasligi-icin-basvurumuzu-yapalim\/"},"author":{"name":"Edit\u00f6r","@id":"https:\/\/avrupapress.com\/#\/schema\/person\/68428444ec60970d1e1b700cf4ca1e8f"},"headline":"ALMAN VATANDA\u015eLI\u011eI \u0130\u00c7\u0130N BA\u015eVURUMUZU YAPALIM&#8230;.","datePublished":"2024-03-06T18:45:58+00:00","dateModified":"2024-03-06T18:46:23+00:00","mainEntityOfPage":{"@id":"https:\/\/avrupapress.com\/main\/2024\/03\/06\/alman-vatandasligi-icin-basvurumuzu-yapalim\/"},"wordCount":631,"publisher":{"@id":"https:\/\/avrupapress.com\/#\/schema\/person\/0223dca19c72c43575bf30d1a2d8f4fa"},"image":{"@id":"https:\/\/avrupapress.com\/main\/2024\/03\/06\/alman-vatandasligi-icin-basvurumuzu-yapalim\/#primaryimage"},"thumbnailUrl":"https:\/\/avrupapress.com\/main\/wp-content\/uploads\/2024\/03\/thumbnail__20181014_104231.jpg","articleSection":["Avrupa","Bel\u00e7ika","D\u00fcnya","Ekonomi","K\u00fclt\u00fcr-Sanat","Spor","Tan\u0131t\u0131m","T\u00fcrkiye","Uncategorized"],"inLanguage":"fr-BE"},{"@type":"WebPage","@id":"https:\/\/avrupapress.com\/main\/2024\/03\/06\/alman-vatandasligi-icin-basvurumuzu-yapalim\/","url":"https:\/\/avrupapress.com\/main\/2024\/03\/06\/alman-vatandasligi-icin-basvurumuzu-yapalim\/","name":"ALMAN VATANDA\u015eLI\u011eI \u0130\u00c7\u0130N BA\u015eVURUMUZU YAPALIM.... - AvrupaPress","isPartOf":{"@id":"https:\/\/avrupapress.com\/#website"},"primaryImageOfPage":{"@id":"https:\/\/avrupapress.com\/main\/2024\/03\/06\/alman-vatandasligi-icin-basvurumuzu-yapalim\/#primaryimage"},"image":{"@id":"https:\/\/avrupapress.com\/main\/2024\/03\/06\/alman-vatandasligi-icin-basvurumuzu-yapalim\/#primaryimage"},"thumbnailUrl":"https:\/\/avrupapress.com\/main\/wp-content\/uploads\/2024\/03\/thumbnail__20181014_104231.jpg","datePublished":"2024-03-06T18:45:58+00:00","dateModified":"2024-03-06T18:46:23+00:00","breadcrumb":{"@id":"https:\/\/avrupapress.com\/main\/2024\/03\/06\/alman-vatandasligi-icin-basvurumuzu-yapalim\/#breadcrumb"},"inLanguage":"fr-BE","potentialAction":[{"@type":"ReadAction","target":["https:\/\/avrupapress.com\/main\/2024\/03\/06\/alman-vatandasligi-icin-basvurumuzu-yapalim\/"]}]},{"@type":"ImageObject","inLanguage":"fr-BE","@id":"https:\/\/avrupapress.com\/main\/2024\/03\/06\/alman-vatandasligi-icin-basvurumuzu-yapalim\/#primaryimage","url":"https:\/\/avrupapress.com\/main\/wp-content\/uploads\/2024\/03\/thumbnail__20181014_104231.jpg","contentUrl":"https:\/\/avrupapress.com\/main\/wp-content\/uploads\/2024\/03\/thumbnail__20181014_104231.jpg","width":810,"height":953},{"@type":"BreadcrumbList","@id":"https:\/\/avrupapress.com\/main\/2024\/03\/06\/alman-vatandasligi-icin-basvurumuzu-yapalim\/#breadcrumb","itemListElement":[{"@type":"ListItem","position":1,"name":"Anasayfa","item":"https:\/\/avrupapress.com\/"},{"@type":"ListItem","position":2,"name":"ALMAN VATANDA\u015eLI\u011eI \u0130\u00c7\u0130N BA\u015eVURUMUZU YAPALIM&#8230;."}]},{"@type":"WebSite","@id":"https:\/\/avrupapress.com\/#website","url":"https:\/\/avrupapress.com\/","name":"AvrupaPress","description":"Haberin Adresi","publisher":{"@id":"https:\/\/avrupapress.com\/#\/schema\/person\/0223dca19c72c43575bf30d1a2d8f4fa"},"potentialAction":[{"@type":"SearchAction","target":{"@type":"EntryPoint","urlTemplate":"https:\/\/avrupapress.com\/?s={search_term_string}"},"query-input":{"@type":"PropertyValueSpecification","valueRequired":true,"valueName":"search_term_string"}}],"inLanguage":"fr-BE"},{"@type":["Person","Organization"],"@id":"https:\/\/avrupapress.com\/#\/schema\/person\/0223dca19c72c43575bf30d1a2d8f4fa","name":"Bilgin \u00d6z\u00e7ift\u00e7i","image":{"@type":"ImageObject","inLanguage":"fr-BE","@id":"https:\/\/avrupapress.com\/#\/schema\/person\/image\/","url":"https:\/\/secure.gravatar.com\/avatar\/0f23b280433a21e1ea7a0adcc46ed0ad16afe3ad8e630fd13d8a017dcbd54ef3?s=96&d=mm&r=g","contentUrl":"https:\/\/secure.gravatar.com\/avatar\/0f23b280433a21e1ea7a0adcc46ed0ad16afe3ad8e630fd13d8a017dcbd54ef3?s=96&d=mm&r=g","caption":"Bilgin \u00d6z\u00e7ift\u00e7i"},"logo":{"@id":"https:\/\/avrupapress.com\/#\/schema\/person\/image\/"},"description":"Ne ben, nede sen... Biz ancak \"biz\" olursak g\u00fc\u00e7l\u00fc olabiliriz"},{"@type":"Person","@id":"https:\/\/avrupapress.com\/#\/schema\/person\/68428444ec60970d1e1b700cf4ca1e8f","name":"Edit\u00f6r","image":{"@type":"ImageObject","inLanguage":"fr-BE","@id":"https:\/\/avrupapress.com\/#\/schema\/person\/image\/","url":"https:\/\/secure.gravatar.com\/avatar\/74996b0977aa5f1559ba9883776652508b229005c0d78fb2597897f0bd651c09?s=96&d=mm&r=g","contentUrl":"https:\/\/secure.gravatar.com\/avatar\/74996b0977aa5f1559ba9883776652508b229005c0d78fb2597897f0bd651c09?s=96&d=mm&r=g","caption":"Edit\u00f6r"},"sameAs":["http:\/\/www.avrupapress.com"],"url":"https:\/\/avrupapress.com\/main\/author\/editor\/"}]}},"_links":{"self":[{"href":"https:\/\/avrupapress.com\/main\/wp-json\/wp\/v2\/posts\/25415","targetHints":{"allow":["GET"]}}],"collection":[{"href":"https:\/\/avrupapress.com\/main\/wp-json\/wp\/v2\/posts"}],"about":[{"href":"https:\/\/avrupapress.com\/main\/wp-json\/wp\/v2\/types\/post"}],"author":[{"embeddable":true,"href":"https:\/\/avrupapress.com\/main\/wp-json\/wp\/v2\/users\/3"}],"replies":[{"embeddable":true,"href":"https:\/\/avrupapress.com\/main\/wp-json\/wp\/v2\/comments?post=25415"}],"version-history":[{"count":1,"href":"https:\/\/avrupapress.com\/main\/wp-json\/wp\/v2\/posts\/25415\/revisions"}],"predecessor-version":[{"id":25417,"href":"https:\/\/avrupapress.com\/main\/wp-json\/wp\/v2\/posts\/25415\/revisions\/25417"}],"wp:featuredmedia":[{"embeddable":true,"href":"https:\/\/avrupapress.com\/main\/wp-json\/wp\/v2\/media\/25416"}],"wp:attachment":[{"href":"https:\/\/avrupapress.com\/main\/wp-json\/wp\/v2\/media?parent=25415"}],"wp:term":[{"taxonomy":"category","embeddable":true,"href":"https:\/\/avrupapress.com\/main\/wp-json\/wp\/v2\/categories?post=25415"},{"taxonomy":"post_tag","embeddable":true,"href":"https:\/\/avrupapress.com\/main\/wp-json\/wp\/v2\/tags?post=25415"}],"curies":[{"name":"wp","href":"https:\/\/api.w.org\/{rel}","templated":true}]}}