{"id":25267,"date":"2024-02-17T22:15:12","date_gmt":"2024-02-17T22:15:12","guid":{"rendered":"https:\/\/avrupapress.com\/main\/?p=25267"},"modified":"2024-03-28T22:49:40","modified_gmt":"2024-03-28T22:49:40","slug":"kirgizistan-dag-severler-icin-yeni-destinasyon","status":"publish","type":"post","link":"https:\/\/avrupapress.com\/main\/2024\/02\/17\/kirgizistan-dag-severler-icin-yeni-destinasyon\/","title":{"rendered":"K\u0131rg\u0131zistan, da\u011f severler i\u00e7in yeni destinasyon"},"content":{"rendered":"<p><img loading=\"lazy\" decoding=\"async\" class=\"alignnone size-medium wp-image-25268\" src=\"https:\/\/avrupapress.com\/main\/wp-content\/uploads\/2024\/02\/thumbnail_IMG-20240217-WA0013-200x300.jpg\" alt=\"\" width=\"200\" height=\"300\" srcset=\"https:\/\/avrupapress.com\/main\/wp-content\/uploads\/2024\/02\/thumbnail_IMG-20240217-WA0013-200x300.jpg 200w, https:\/\/avrupapress.com\/main\/wp-content\/uploads\/2024\/02\/thumbnail_IMG-20240217-WA0013.jpg 666w\" sizes=\"auto, (max-width: 200px) 100vw, 200px\" \/><\/p>\n<p><span style=\"vertical-align: inherit;\"><span style=\"vertical-align: inherit;\">Orta Asya tarihi ve co\u011frafyas\u0131na odaklanan tarih\u00e7i ve \u00e7evre uzman\u0131.<\/span><\/span><\/p>\n<p><img loading=\"lazy\" decoding=\"async\" class=\"alignnone size-medium wp-image-25269\" src=\"https:\/\/avrupapress.com\/main\/wp-content\/uploads\/2024\/02\/thumbnail_Screenshot_20240217_223334_WhatsApp-214x300.jpg\" alt=\"\" width=\"214\" height=\"300\" srcset=\"https:\/\/avrupapress.com\/main\/wp-content\/uploads\/2024\/02\/thumbnail_Screenshot_20240217_223334_WhatsApp-214x300.jpg 214w, https:\/\/avrupapress.com\/main\/wp-content\/uploads\/2024\/02\/thumbnail_Screenshot_20240217_223334_WhatsApp-732x1024.jpg 732w, https:\/\/avrupapress.com\/main\/wp-content\/uploads\/2024\/02\/thumbnail_Screenshot_20240217_223334_WhatsApp-768x1074.jpg 768w, https:\/\/avrupapress.com\/main\/wp-content\/uploads\/2024\/02\/thumbnail_Screenshot_20240217_223334_WhatsApp.jpg 1071w\" sizes=\"auto, (max-width: 214px) 100vw, 214px\" \/><br \/>\n<a href=\"https:\/\/ooslobet.com\/\" title=\"oslobet\" rel=\"dofollow\">oslobet<\/a><br \/>\n<span style=\"vertical-align: inherit;\"><span style=\"vertical-align: inherit;\">K\u0131rg\u0131zistan Da\u011flar\u0131 | G\u00fczel foto\u011fraf, G\u00fczel (pinterest.fr)<\/span><\/span><\/p>\n<p>&nbsp;<\/p>\n<p>&nbsp;<\/p>\n<p>&nbsp;<\/p>\n<p><span style=\"vertical-align: inherit;\"><span style=\"vertical-align: inherit;\">Ancak herhangi bir sorun ya\u015fam\u0131yorsan\u0131z do\u011fru destinasyonu se\u00e7ebileceksiniz. Ancak \u015funu unutmamak gerekir ki on yedinci g\u00fcn \u00fclkenize var\u0131\u015f noktas\u0131d\u0131r.<\/span><\/span><\/p>\n<p>&nbsp;<\/p>\n<p><span style=\"vertical-align: inherit;\"><span style=\"vertical-align: inherit;\">Pabion-Mouri\u00e8s (2013), K\u0131rg\u0131zistan&rsquo;\u0131n K\u0131rg\u0131z&rsquo;daki k\u00fclt\u00fcrel par\u00e7ac\u0131klar\u0131n yan\u0131 s\u0131ra s\u0131ra d\u0131\u015f\u0131 do\u011fal g\u00fczellikleriyle de \u00f6ne \u00e7\u0131kt\u0131\u011f\u0131n\u0131 belirtiyor. K\u0131rg\u0131zistan topraklar\u0131n\u0131n yakla\u015f\u0131k %87&rsquo;sinin 2.500 metre \u00fczerinde bir rak\u0131mda olmas\u0131 (Abazov, 2004: 2), \u00fclkenin da\u011f turizmine uygun bir co\u011frafya haline geldi\u011fini belirtmektedir.<\/span><\/span><\/p>\n<p>&nbsp;<\/p>\n<p><span style=\"vertical-align: inherit;\"><span style=\"vertical-align: inherit;\">K\u0131rg\u0131zistan eski bir Sovyet sosyalist cumhuriyetidir. Bunu yapmak istiyorsan\u0131z bunu demokratik bir ara\u00e7 olarak kullanmak zorunda kalacaks\u0131n\u0131z.<\/span><\/span><\/p>\n<p>&nbsp;<\/p>\n<p>&nbsp;<\/p>\n<p><span style=\"vertical-align: inherit;\"><span style=\"vertical-align: inherit;\">K\u0131rg\u0131zlar eski g\u00f6\u00e7ebeler olarak bilinir ve onlar\u0131n \u00f6zg\u00fcrl\u00fc\u011fe bu kadar ba\u011fl\u0131 k\u0131lan da bu g\u00f6\u00e7ebe k\u00fclt\u00fcr\u00fcd\u00fcr. \u00dclkede hala yar\u0131 g\u00f6\u00e7ebe aileler ya\u015famaktad\u0131r. K\u0131rg\u0131zistan&rsquo;\u0131 mutlaka g\u00f6r\u00fclmesi gereken bir yer haline getiren de bu g\u00f6\u00e7ebe k\u00fclt\u00fcrd\u00fcr. Pabion-Mouri\u00e8s (2013) K\u0131rg\u0131zistan&rsquo;\u0131n Orta Asya&rsquo;daki en demokratik \u00fclke olarak kabul edilebilece\u011fini yazmaktad\u0131r.<\/span><\/span><\/p>\n<p><img loading=\"lazy\" decoding=\"async\" class=\"alignnone size-medium wp-image-25270\" src=\"https:\/\/avrupapress.com\/main\/wp-content\/uploads\/2024\/02\/thumbnail_Screenshot_20240217_223341_WhatsApp-300x204.jpg\" alt=\"\" width=\"300\" height=\"204\" srcset=\"https:\/\/avrupapress.com\/main\/wp-content\/uploads\/2024\/02\/thumbnail_Screenshot_20240217_223341_WhatsApp-300x204.jpg 300w, https:\/\/avrupapress.com\/main\/wp-content\/uploads\/2024\/02\/thumbnail_Screenshot_20240217_223341_WhatsApp-1024x698.jpg 1024w, https:\/\/avrupapress.com\/main\/wp-content\/uploads\/2024\/02\/thumbnail_Screenshot_20240217_223341_WhatsApp-768x523.jpg 768w, https:\/\/avrupapress.com\/main\/wp-content\/uploads\/2024\/02\/thumbnail_Screenshot_20240217_223341_WhatsApp.jpg 1080w\" sizes=\"auto, (max-width: 300px) 100vw, 300px\" \/><\/p>\n<p><span style=\"vertical-align: inherit;\"><span style=\"vertical-align: inherit;\">K\u0131rg\u0131zistan Ke\u015fif Turu: Online rezervasyon yap\u0131n | \u0130ncelemeler ve Fiyatlar | TUI Fransa<\/span><\/span><\/p>\n<p>&nbsp;<\/p>\n<p>&nbsp;<\/p>\n<p>&nbsp;<\/p>\n<p><span style=\"vertical-align: inherit;\"><span style=\"vertical-align: inherit;\">\u00dclkenizin g\u00fcvenli\u011fi hakk\u0131nda bilgi edinmek istiyorsan\u0131z turistik bilgiden yararlanabileceksiniz. Ancak tur tek bir yerde kapat\u0131lacakt\u0131r. Da\u011fc\u0131l\u0131k ve da\u011f turizmi faaliyetleri kitle turizminin u\u011frak yeri olmaya ba\u015flam\u0131\u015ft\u0131r (\u015eENOL ve di\u011ferleri, 2016).<\/span><\/span><\/p>\n<p>&nbsp;<\/p>\n<p><span style=\"vertical-align: inherit;\"><span style=\"vertical-align: inherit;\">Bu nedenle ekologlar taraf\u0131ndan Bat\u0131&rsquo;da kay\u0131tl\u0131 bir g\u00f6\u00e7ebe konutu olan yurt, K\u0131rg\u0131zistan&rsquo;da ortaya \u00e7\u0131kt\u0131. Yurt, K\u0131rg\u0131zistan&rsquo;\u0131n \u00f6yle bir sembol\u00fcd\u00fcr ki, k\u0131rm\u0131z\u0131 ve sar\u0131 K\u0131rg\u0131z bayra\u011f\u0131nda geleneksel K\u0131rg\u0131z yurdunun tepesinde (tunduk) yer almaktad\u0131r. Hall\u00e9 &amp; Passavant (2012) \u00e7e yap\u0131m\u0131 (\u015f\u0131rdak: ke\u00e7e hal\u0131), ferments k\u0131srak y\u00f6ntemi olan kymys (koumis), boorsok (k\u00fc\u00e7\u00fck yap\u0131lm\u0131\u015f hamur par\u00e7alar\u0131) veya kuruts (kurutulmu\u015f yo\u011furt k\u00f6ftesi) gibi mutfak spesiyaliteleri)\u00a0\u00bb.<\/span><\/span><\/p>\n<p>&nbsp;<\/p>\n<p>&nbsp;<\/p>\n<p>&nbsp;<\/p>\n<p><span style=\"vertical-align: inherit;\"><span style=\"vertical-align: inherit;\">G\u00fczel manzaralar\u0131n\u0131n yan\u0131 s\u0131ra K\u0131rg\u0131zistan, Antik \u0130pek Yolu \u00fczerindeki kilitli konumu sayesinde tarihin sunumu nedeniyle de ayr\u0131lmas\u0131n\u0131n izlenmiyor. A\u015fa\u011f\u0131daki \u00f6rnekler \u015funlard\u0131r: antik kervan \u015fehirleri (\u00f6rne\u011fin Ta\u015f Rabat Kervansaray\u0131, 15. y\u00fczy\u0131l), minareler (\u00f6rne\u011fin Burana Kulesi, 11. y\u00fczy\u0131l), camiler vb. (Hall\u00e9 ve Passavant, 2012).<\/span><\/span><\/p>\n<p><img loading=\"lazy\" decoding=\"async\" class=\"alignnone size-medium wp-image-25271\" src=\"https:\/\/avrupapress.com\/main\/wp-content\/uploads\/2024\/02\/thumbnail_Screenshot_20240217_223346_WhatsApp-300x208.jpg\" alt=\"\" width=\"300\" height=\"208\" srcset=\"https:\/\/avrupapress.com\/main\/wp-content\/uploads\/2024\/02\/thumbnail_Screenshot_20240217_223346_WhatsApp-300x208.jpg 300w, https:\/\/avrupapress.com\/main\/wp-content\/uploads\/2024\/02\/thumbnail_Screenshot_20240217_223346_WhatsApp-1024x710.jpg 1024w, https:\/\/avrupapress.com\/main\/wp-content\/uploads\/2024\/02\/thumbnail_Screenshot_20240217_223346_WhatsApp-768x533.jpg 768w, https:\/\/avrupapress.com\/main\/wp-content\/uploads\/2024\/02\/thumbnail_Screenshot_20240217_223346_WhatsApp.jpg 1080w\" sizes=\"auto, (max-width: 300px) 100vw, 300px\" \/><\/p>\n<p><span style=\"vertical-align: inherit;\"><span style=\"vertical-align: inherit;\">Burana Kulesi, K\u0131rg\u0131zistan | Gezi Efsanesi<\/span><\/span><\/p>\n<p>&nbsp;<\/p>\n<p>&nbsp;<\/p>\n<p>&nbsp;<\/p>\n<p>&nbsp;<\/p>\n<p><span style=\"vertical-align: inherit;\"><span style=\"vertical-align: inherit;\">B\u00fcy\u00fck tarihi \u015fahsiyetlerin do\u011fdu\u011fu b\u00f6lge olmas\u0131 ve tarihi \u015fahsiyetler taraf\u0131ndan tutkuyla anlat\u0131lmas\u0131 \u00e7antan\u0131n. \u00dclke, Cengiz Han, Manas, B\u00fcy\u00fck \u0130skender (Terres d&rsquo;Aventure, 2011) ve Marco Polo (Explorator, 2010) gibi simgesel fig\u00fcrler etraf\u0131nda ama bir sembolik evreni harekete ge\u00e7irmektedir.<\/span><\/span><\/p>\n<p>&nbsp;<\/p>\n<p>&nbsp;<\/p>\n<p><span style=\"vertical-align: inherit;\"><span style=\"vertical-align: inherit;\">Bug\u00fcn K\u0131rg\u0131zistan&rsquo;\u0131 de\u011fi\u015ftirmek i\u00e7in pop\u00fcler bir destinasyon ve \u00fcnl\u00fc youtuber Seblafrite destinasyonu hakk\u0131nda dikkat \u00e7ekici bir vlog haz\u0131rland\u0131. Ancak durum b\u00f6yle de\u011fil ama buras\u0131 pop\u00fcler bir turizm merkezi. Bir g\u00f6z atmak iyi bir fikir, iyi bir fikir olup olmad\u0131\u011f\u0131n\u0131 bilmek iyi bir \u015fey, yap\u0131lacak en iyi yol oldu\u011funu bilmek g\u00fczel. Asl\u0131nda Sovyetler Birli\u011fi d\u00f6neminden beri bu b\u00f6lge, Sovyetler Birli\u011fi&rsquo;nin en g\u00f6zde sahil beldesi oldu\u011fu i\u00e7in \u00f6zellikle termal kapl\u0131calar\u0131 nedeniyle ayr\u0131lmak i\u00e7in bir kez olmu\u015ftur. K\u0131rg\u0131zistan Cumhuriyeti H\u00fck\u00fcmeti, sat\u0131n ald\u0131\u011f\u0131 Rus ve Kazaklardan olu\u015fan, neredeyse sadece SSCB&rsquo;den gelen \u00e7ok say\u0131da turisti a\u011f\u0131rlam\u0131\u015ft\u0131r. Berenaliev (2014), \u201cIss\u0131k G\u00f6l, Orta Asya&rsquo;da plaj turizmi i\u00e7in \u00f6nde gelen destinasyondur. Tercih edilen bir destinasyondur; bir yer almaktad\u0131r. G\u00f6l, b\u00f6lgenin can damar\u0131d\u0131r\u00a0\u00bb. \u00dclkenin resmi istatistiklerine g\u00f6re Iss\u0131k G\u00f6l, K\u0131rg\u0131zistan&rsquo;da en \u00e7ok ziyaret edilen turistik yer. K\u00fclt\u00fcr, Enformasyon ve Turizm Bakanl\u0131\u011f\u0131 Turizm Dairesi M\u00fcd\u00fcr\u00fc&rsquo;ne g\u00f6re g\u00f6l plajlar\u0131 \u00e7ok say\u0131da turisti kendine \u00e7ekiyor.<\/span><\/span><\/p>\n<p><img loading=\"lazy\" decoding=\"async\" class=\"alignnone size-medium wp-image-25272\" src=\"https:\/\/avrupapress.com\/main\/wp-content\/uploads\/2024\/02\/thumbnail_Screenshot_20240217_223350_WhatsApp-300x174.jpg\" alt=\"\" width=\"300\" height=\"174\" srcset=\"https:\/\/avrupapress.com\/main\/wp-content\/uploads\/2024\/02\/thumbnail_Screenshot_20240217_223350_WhatsApp-300x174.jpg 300w, https:\/\/avrupapress.com\/main\/wp-content\/uploads\/2024\/02\/thumbnail_Screenshot_20240217_223350_WhatsApp-1024x594.jpg 1024w, https:\/\/avrupapress.com\/main\/wp-content\/uploads\/2024\/02\/thumbnail_Screenshot_20240217_223350_WhatsApp-768x446.jpg 768w, https:\/\/avrupapress.com\/main\/wp-content\/uploads\/2024\/02\/thumbnail_Screenshot_20240217_223350_WhatsApp-394x230.jpg 394w, https:\/\/avrupapress.com\/main\/wp-content\/uploads\/2024\/02\/thumbnail_Screenshot_20240217_223350_WhatsApp.jpg 1080w\" sizes=\"auto, (max-width: 300px) 100vw, 300px\" \/><\/p>\n<p><span style=\"vertical-align: inherit;\"><span style=\"vertical-align: inherit;\">K\u0131rg\u0131zistan&rsquo;a seyahat edin, Iss\u0131k Kul G\u00f6l\u00fc&rsquo;n\u00fc ke\u015ffedin | Asya.fr<\/span><\/span><\/p>\n<p>&nbsp;<\/p>\n<p>&nbsp;<\/p>\n<p><span style=\"vertical-align: inherit;\"><span style=\"vertical-align: inherit;\">B\u00f6ylesine b\u00fcy\u00fck bir g\u00f6l\u00fcn varl\u0131\u011f\u0131 (178 km uzunlu\u011funda, 60 km uzanabilir) daha \u0131l\u0131man bir k\u0131\u015f mevsimiyle birlikte uygun bir mikro iklim yaratmaktad\u0131r. Ancak ertesi g\u00fcn kat\u0131lmaya motive oldu\u011funuz ger\u00e7e\u011finden yararlanmal\u0131s\u0131n\u0131z: golf sahas\u0131na bir g\u00f6z atmak istiyorsan\u0131z, plaj\u0131n keyfini \u00e7\u0131karabileceksiniz, f\u0131rsatlardan yararlanabileceksiniz. ondan muhte\u015fem duygular yaratmaktad\u0131r. Iss\u0131k G\u00f6l&rsquo;\u00fcn sahil beldeleri ve sanatoryumlar\u0131 bir dizi otel, restoran, e\u011flence, spor, terap\u00f6tik tedavi ve gezi tipi yan\u0131 sira dinlenme tesisleri sunmaktad\u0131r. Turistler genellikle deniz turizmini da\u011flarda piknikle birle\u015ftirmektedir (Berenaliev, 2014). Iss\u0131k<\/span><\/span><\/p>\n<p><span style=\"vertical-align: inherit;\"><span style=\"vertical-align: inherit;\">G\u00f6l b\u00f6lgesi, 2001 y\u0131l\u0131ndan bu yana UNESCO&rsquo;nun \u0130nsan ve Biyosfer program\u0131 kapsam\u0131nda d\u00fcnya rezerv a\u011f\u0131na dahil edilmesiyle uluslararas\u0131 tan\u0131n\u0131rl\u0131\u011fa sahip olmu\u015ftur.<\/span><\/span><\/p>\n<p>&nbsp;<\/p>\n<p>&nbsp;<\/p>\n<p><span style=\"vertical-align: inherit;\"><span style=\"vertical-align: inherit;\">Hall\u00e9 &amp; Passavant (2012), K\u0131rg\u0131zistan&rsquo;\u0131n macera turizminin kendine \u00f6zg\u00fc mant\u0131\u011f\u0131 i\u00e7inde de\u011ferlendirilen \u00fcr\u00fcn t\u00fcm \u00f6zellikleri bir araya getirilmi\u015fni yazmaktad\u0131r. \u00dclkenin Orta Asya b\u00f6lgesindeki en \u00f6nemli do\u011fal ve k\u00fclt\u00fcrel zenginliklere sahip oldu\u011fu da eklenmektedir.<\/span><\/span><\/p>\n<p>&nbsp;<\/p>\n<p><span style=\"vertical-align: inherit;\"><span style=\"vertical-align: inherit;\">K\u0131rg\u0131zistan d\u00fczenli olarak Orta Asya&rsquo;n\u0131n \u0130svi\u00e7re&rsquo;si ile uyumludur. E\u011fer turistik bir destinasyon almak istiyorsan\u0131z, turistik destinasyonun gidece\u011finiz destinasyon oldu\u011funu ve turistik destinasyonun avantajlar\u0131ndan yararlanabilece\u011finizi bilmelisiniz.<\/span><\/span><\/p>\n<p><img loading=\"lazy\" decoding=\"async\" class=\"alignnone size-medium wp-image-25273\" src=\"https:\/\/avrupapress.com\/main\/wp-content\/uploads\/2024\/02\/thumbnail_Screenshot_20240217_230939_All-PDF-Reader-202x300.jpg\" alt=\"\" width=\"202\" height=\"300\" srcset=\"https:\/\/avrupapress.com\/main\/wp-content\/uploads\/2024\/02\/thumbnail_Screenshot_20240217_230939_All-PDF-Reader-202x300.jpg 202w, https:\/\/avrupapress.com\/main\/wp-content\/uploads\/2024\/02\/thumbnail_Screenshot_20240217_230939_All-PDF-Reader-689x1024.jpg 689w, https:\/\/avrupapress.com\/main\/wp-content\/uploads\/2024\/02\/thumbnail_Screenshot_20240217_230939_All-PDF-Reader-768x1141.jpg 768w, https:\/\/avrupapress.com\/main\/wp-content\/uploads\/2024\/02\/thumbnail_Screenshot_20240217_230939_All-PDF-Reader-1034x1536.jpg 1034w, https:\/\/avrupapress.com\/main\/wp-content\/uploads\/2024\/02\/thumbnail_Screenshot_20240217_230939_All-PDF-Reader.jpg 1080w\" sizes=\"auto, (max-width: 202px) 100vw, 202px\" \/><\/p>\n<p><span style=\"vertical-align: inherit;\"><span style=\"vertical-align: inherit;\">Resimlerle: K\u0131rg\u0131zistan&rsquo;\u0131n en g\u00fczel manzaralar\u0131 | Odysway Blogu &#8211; Odysway<\/span><\/span><\/p>\n<p>&nbsp;<\/p>\n<p>&nbsp;<\/p>\n<p><span style=\"vertical-align: inherit;\"><span style=\"vertical-align: inherit;\">D\u00fc\u015f\u00fck n\u00fcfus yo\u011funlu\u011funa sahip k\u00fc\u00e7\u00fck bir \u00fclkedir: 198.000 km\u00b2 ve \u200b\u200b7,5 milyon n\u00fcfusa sahiptir. Topografya zaten da\u011fl\u0131kt\u0131r; en y\u00fcksek oran %94&rsquo;\u00fc s\u0131rada\u011flarla kapl\u0131d\u0131r ve ortalama rak\u0131m\u0131 2.750 metredir. Ayr\u0131ca Tien Shan s\u0131ralar\u0131nda (Pobedy Zirvesi, 7.439 m; Kan Tengri Zirvesi, 7.010 m) ve Pamir Altay&rsquo;dad\u0131r (Lenin Zirvesi, 7.134 m). Bu zirveler geni\u015f vadileri, y\u00fcksek platolar\u0131 ve Peru&rsquo;daki Titicaca G\u00f6l\u00fc&rsquo;nden sonra d\u00fcnyan\u0131n en y\u00fcksek ikinci vadisi olan Issyk Kul G\u00f6l\u00fc&rsquo;n\u00fc \u00e7evrelemektedir (Hall\u00e9 ve Passavant, 2012).<\/span><\/span><\/p>\n<p>&nbsp;<\/p>\n<p><span style=\"vertical-align: inherit;\"><span style=\"vertical-align: inherit;\">Art\u0131k WIFI kullanabilirsiniz, WIFI kullanabilirsiniz ve kullanabilirsiniz. E\u011fer uzun bir s\u00fcre gitmek istiyorsan\u0131z turist bunun yaz\u0131 sanat\u0131 oldu\u011funu s\u00f6yleyecektir.<\/span><\/span><\/p>\n<p>&nbsp;<\/p>\n<p><span style=\"vertical-align: inherit;\"><span style=\"vertical-align: inherit;\">K\u0131sacas\u0131 g\u00fczel da\u011flar\u0131, nefes kesen par\u00e7alar\u0131, benzersiz g\u00f6\u00e7ebe k\u00fclt\u00fcr\u00fc, sava\u015f ge\u00e7mi\u015fine tan\u0131kl\u0131k eden prestijli tarihi hikayeler ve \u0130pek Yolu \u00fczerindeki \u00f6nemi ile K\u0131rg\u0131zistan, da\u011fc\u0131l Bunu yaparsan\u0131z yedilileri kapatmak zorunda kalacaks\u0131n\u0131z.<\/span><\/span><\/p>\n<p>&nbsp;<\/p>\n<p>&nbsp;<\/p>\n<p>&nbsp;<\/p>\n<p>&nbsp;<\/p>\n<p><span style=\"vertical-align: inherit;\"><span style=\"vertical-align: inherit;\">kaynaklar:<\/span><\/span><\/p>\n<p>&nbsp;<\/p>\n<p>&nbsp;<\/p>\n<p><span style=\"vertical-align: inherit;\"><span style=\"vertical-align: inherit;\">ABAZOV, Rafis (2004). K\u0131rg\u0131zistan Tarihi S\u00f6zl\u00fc\u011f\u00fc, The Scarecrow Press, Inc., Lanham, Maryland ve Oxford.<\/span><\/span><\/p>\n<p>&nbsp;<\/p>\n<p><span style=\"vertical-align: inherit;\"><span style=\"vertical-align: inherit;\">Berenaliev, Y. (2014). K\u0131rg\u0131zistan&rsquo;da Turizm: S\u00fcrd\u00fcr\u00fclebilir kalk\u0131nman\u0131n zorluklar\u0131 (Doktora tezi, Grenoble).<\/span><\/span><\/p>\n<p><span style=\"vertical-align: inherit;\"><span style=\"vertical-align: inherit;\">Hall\u00e9, J. ve Passavant, E. (2012). Uzaktan kontrol: K\u0131rg\u0131zistan&rsquo;da Frans\u0131z macera turizmi acentelerinin ta\u015feronluk y\u00f6netimi. Teoros, 31(1), 103-114.<\/span><\/span><\/p>\n<p>&nbsp;<\/p>\n<p>&nbsp;<\/p>\n<p><span style=\"vertical-align: inherit;\"><span style=\"vertical-align: inherit;\">Pabion-Mouri\u00e8s, J. (2013). Topluluk turizmi ve k\u00fclt\u00fcrel miras. Sovyet sonras\u0131 ve \u00e7ok etnik gruptan olu\u015fan K\u0131rg\u0131zistan \u00f6rne\u011fi. EDYTEM koleksiyonu. Co\u011frafya Defterleri, 14(1), 91-100.<\/span><\/span><\/p>\n<p>&nbsp;<\/p>\n<p>&nbsp;<\/p>\n<p><span style=\"vertical-align: inherit;\"><span style=\"vertical-align: inherit;\">\u015eENOL, F., TOKMAK, C. ve GN\u0130RA, M. (2016). DA\u011e TURizmi VE GEli\u015fmesinin \u00d6N\u00dcNDEki ENGELLER: KIRGIZ\u0130STAN \u00d6RNE\u011ei. MANAS Sosyal Ara\u015ft\u0131rmalar Dergisi, 5(2), 139-156.<\/span><\/span><\/p>\n<p>&nbsp;<\/p>\n<p><strong><span style=\"vertical-align: inherit;\"><span style=\"vertical-align: inherit;\">Derya Sosyal \/ AVRUPAPREES<\/span><\/span><\/strong><\/p>\n","protected":false},"excerpt":{"rendered":"<p>Orta Asya tarihi ve co\u011frafyas\u0131na odaklanan tarih\u00e7i ve \u00e7evre uzman\u0131. oslobet K\u0131rg\u0131zistan Da\u011flar\u0131 | G\u00fczel foto\u011fraf, G\u00fczel (pinterest.fr) &nbsp; &nbsp; &nbsp; Ancak herhangi bir sorun ya\u015fam\u0131yorsan\u0131z do\u011fru destinasyonu se\u00e7ebileceksiniz. Ancak \u015funu unutmamak gerekir ki on yedinci g\u00fcn \u00fclkenize var\u0131\u015f noktas\u0131d\u0131r. &nbsp; Pabion-Mouri\u00e8s (2013), K\u0131rg\u0131zistan&rsquo;\u0131n K\u0131rg\u0131z&rsquo;daki k\u00fclt\u00fcrel par\u00e7ac\u0131klar\u0131n yan\u0131 s\u0131ra s\u0131ra d\u0131\u015f\u0131 do\u011fal g\u00fczellikleriyle de \u00f6ne [&hellip;]<\/p>\n","protected":false},"author":3,"featured_media":25268,"comment_status":"closed","ping_status":"open","sticky":false,"template":"","format":"standard","meta":{"footnotes":""},"categories":[14,16,3,17,18,15,19,2,1],"tags":[],"class_list":["post-25267","post","type-post","status-publish","format-standard","has-post-thumbnail","hentry","category-avrupa","category-belcika","category-dunya","category-ekonomi","category-kultur-sanat","category-spor","category-tanitim","category-turkiye","category-uncategorized"],"yoast_head":"<!-- This site is optimized with the Yoast SEO plugin v26.9 - https:\/\/yoast.com\/product\/yoast-seo-wordpress\/ -->\n<title>K\u0131rg\u0131zistan, da\u011f severler i\u00e7in yeni destinasyon - AvrupaPress<\/title>\n<meta name=\"robots\" content=\"index, follow, max-snippet:-1, max-image-preview:large, max-video-preview:-1\" \/>\n<link rel=\"canonical\" href=\"https:\/\/avrupapress.com\/main\/2024\/02\/17\/kirgizistan-dag-severler-icin-yeni-destinasyon\/\" \/>\n<meta property=\"og:locale\" content=\"fr_FR\" \/>\n<meta property=\"og:type\" content=\"article\" \/>\n<meta property=\"og:title\" content=\"K\u0131rg\u0131zistan, da\u011f severler i\u00e7in yeni destinasyon - AvrupaPress\" \/>\n<meta property=\"og:description\" content=\"Orta Asya tarihi ve co\u011frafyas\u0131na odaklanan tarih\u00e7i ve \u00e7evre uzman\u0131. oslobet K\u0131rg\u0131zistan Da\u011flar\u0131 | G\u00fczel foto\u011fraf, G\u00fczel (pinterest.fr) &nbsp; &nbsp; &nbsp; Ancak herhangi bir sorun ya\u015fam\u0131yorsan\u0131z do\u011fru destinasyonu se\u00e7ebileceksiniz. Ancak \u015funu unutmamak gerekir ki on yedinci g\u00fcn \u00fclkenize var\u0131\u015f noktas\u0131d\u0131r. &nbsp; Pabion-Mouri\u00e8s (2013), K\u0131rg\u0131zistan&rsquo;\u0131n K\u0131rg\u0131z&rsquo;daki k\u00fclt\u00fcrel par\u00e7ac\u0131klar\u0131n yan\u0131 s\u0131ra s\u0131ra d\u0131\u015f\u0131 do\u011fal g\u00fczellikleriyle de \u00f6ne [&hellip;]\" \/>\n<meta property=\"og:url\" content=\"https:\/\/avrupapress.com\/main\/2024\/02\/17\/kirgizistan-dag-severler-icin-yeni-destinasyon\/\" \/>\n<meta property=\"og:site_name\" content=\"AvrupaPress\" \/>\n<meta property=\"article:published_time\" content=\"2024-02-17T22:15:12+00:00\" \/>\n<meta property=\"article:modified_time\" content=\"2024-03-28T22:49:40+00:00\" \/>\n<meta property=\"og:image\" content=\"https:\/\/avrupapress.com\/main\/wp-content\/uploads\/2024\/02\/thumbnail_IMG-20240217-WA0013.jpg\" \/>\n\t<meta property=\"og:image:width\" content=\"666\" \/>\n\t<meta property=\"og:image:height\" content=\"1000\" \/>\n\t<meta property=\"og:image:type\" content=\"image\/jpeg\" \/>\n<meta name=\"author\" content=\"Edit\u00f6r\" \/>\n<meta name=\"twitter:card\" content=\"summary_large_image\" \/>\n<meta name=\"twitter:label1\" content=\"\u00c9crit par\" \/>\n\t<meta name=\"twitter:data1\" content=\"Edit\u00f6r\" \/>\n\t<meta name=\"twitter:label2\" content=\"Dur\u00e9e de lecture est.\" \/>\n\t<meta name=\"twitter:data2\" content=\"6 minutes\" \/>\n<script type=\"application\/ld+json\" class=\"yoast-schema-graph\">{\"@context\":\"https:\/\/schema.org\",\"@graph\":[{\"@type\":\"Article\",\"@id\":\"https:\/\/avrupapress.com\/main\/2024\/02\/17\/kirgizistan-dag-severler-icin-yeni-destinasyon\/#article\",\"isPartOf\":{\"@id\":\"https:\/\/avrupapress.com\/main\/2024\/02\/17\/kirgizistan-dag-severler-icin-yeni-destinasyon\/\"},\"author\":{\"name\":\"Edit\u00f6r\",\"@id\":\"https:\/\/avrupapress.com\/#\/schema\/person\/68428444ec60970d1e1b700cf4ca1e8f\"},\"headline\":\"K\u0131rg\u0131zistan, da\u011f severler i\u00e7in yeni destinasyon\",\"datePublished\":\"2024-02-17T22:15:12+00:00\",\"dateModified\":\"2024-03-28T22:49:40+00:00\",\"mainEntityOfPage\":{\"@id\":\"https:\/\/avrupapress.com\/main\/2024\/02\/17\/kirgizistan-dag-severler-icin-yeni-destinasyon\/\"},\"wordCount\":1245,\"publisher\":{\"@id\":\"https:\/\/avrupapress.com\/#\/schema\/person\/0223dca19c72c43575bf30d1a2d8f4fa\"},\"image\":{\"@id\":\"https:\/\/avrupapress.com\/main\/2024\/02\/17\/kirgizistan-dag-severler-icin-yeni-destinasyon\/#primaryimage\"},\"thumbnailUrl\":\"https:\/\/avrupapress.com\/main\/wp-content\/uploads\/2024\/02\/thumbnail_IMG-20240217-WA0013.jpg\",\"articleSection\":[\"Avrupa\",\"Bel\u00e7ika\",\"D\u00fcnya\",\"Ekonomi\",\"K\u00fclt\u00fcr-Sanat\",\"Spor\",\"Tan\u0131t\u0131m\",\"T\u00fcrkiye\",\"Uncategorized\"],\"inLanguage\":\"fr-BE\"},{\"@type\":\"WebPage\",\"@id\":\"https:\/\/avrupapress.com\/main\/2024\/02\/17\/kirgizistan-dag-severler-icin-yeni-destinasyon\/\",\"url\":\"https:\/\/avrupapress.com\/main\/2024\/02\/17\/kirgizistan-dag-severler-icin-yeni-destinasyon\/\",\"name\":\"K\u0131rg\u0131zistan, da\u011f severler i\u00e7in yeni destinasyon - AvrupaPress\",\"isPartOf\":{\"@id\":\"https:\/\/avrupapress.com\/#website\"},\"primaryImageOfPage\":{\"@id\":\"https:\/\/avrupapress.com\/main\/2024\/02\/17\/kirgizistan-dag-severler-icin-yeni-destinasyon\/#primaryimage\"},\"image\":{\"@id\":\"https:\/\/avrupapress.com\/main\/2024\/02\/17\/kirgizistan-dag-severler-icin-yeni-destinasyon\/#primaryimage\"},\"thumbnailUrl\":\"https:\/\/avrupapress.com\/main\/wp-content\/uploads\/2024\/02\/thumbnail_IMG-20240217-WA0013.jpg\",\"datePublished\":\"2024-02-17T22:15:12+00:00\",\"dateModified\":\"2024-03-28T22:49:40+00:00\",\"breadcrumb\":{\"@id\":\"https:\/\/avrupapress.com\/main\/2024\/02\/17\/kirgizistan-dag-severler-icin-yeni-destinasyon\/#breadcrumb\"},\"inLanguage\":\"fr-BE\",\"potentialAction\":[{\"@type\":\"ReadAction\",\"target\":[\"https:\/\/avrupapress.com\/main\/2024\/02\/17\/kirgizistan-dag-severler-icin-yeni-destinasyon\/\"]}]},{\"@type\":\"ImageObject\",\"inLanguage\":\"fr-BE\",\"@id\":\"https:\/\/avrupapress.com\/main\/2024\/02\/17\/kirgizistan-dag-severler-icin-yeni-destinasyon\/#primaryimage\",\"url\":\"https:\/\/avrupapress.com\/main\/wp-content\/uploads\/2024\/02\/thumbnail_IMG-20240217-WA0013.jpg\",\"contentUrl\":\"https:\/\/avrupapress.com\/main\/wp-content\/uploads\/2024\/02\/thumbnail_IMG-20240217-WA0013.jpg\",\"width\":666,\"height\":1000},{\"@type\":\"BreadcrumbList\",\"@id\":\"https:\/\/avrupapress.com\/main\/2024\/02\/17\/kirgizistan-dag-severler-icin-yeni-destinasyon\/#breadcrumb\",\"itemListElement\":[{\"@type\":\"ListItem\",\"position\":1,\"name\":\"Anasayfa\",\"item\":\"https:\/\/avrupapress.com\/\"},{\"@type\":\"ListItem\",\"position\":2,\"name\":\"K\u0131rg\u0131zistan, da\u011f severler i\u00e7in yeni destinasyon\"}]},{\"@type\":\"WebSite\",\"@id\":\"https:\/\/avrupapress.com\/#website\",\"url\":\"https:\/\/avrupapress.com\/\",\"name\":\"AvrupaPress\",\"description\":\"Haberin Adresi\",\"publisher\":{\"@id\":\"https:\/\/avrupapress.com\/#\/schema\/person\/0223dca19c72c43575bf30d1a2d8f4fa\"},\"potentialAction\":[{\"@type\":\"SearchAction\",\"target\":{\"@type\":\"EntryPoint\",\"urlTemplate\":\"https:\/\/avrupapress.com\/?s={search_term_string}\"},\"query-input\":{\"@type\":\"PropertyValueSpecification\",\"valueRequired\":true,\"valueName\":\"search_term_string\"}}],\"inLanguage\":\"fr-BE\"},{\"@type\":[\"Person\",\"Organization\"],\"@id\":\"https:\/\/avrupapress.com\/#\/schema\/person\/0223dca19c72c43575bf30d1a2d8f4fa\",\"name\":\"Bilgin \u00d6z\u00e7ift\u00e7i\",\"image\":{\"@type\":\"ImageObject\",\"inLanguage\":\"fr-BE\",\"@id\":\"https:\/\/avrupapress.com\/#\/schema\/person\/image\/\",\"url\":\"https:\/\/secure.gravatar.com\/avatar\/0f23b280433a21e1ea7a0adcc46ed0ad16afe3ad8e630fd13d8a017dcbd54ef3?s=96&d=mm&r=g\",\"contentUrl\":\"https:\/\/secure.gravatar.com\/avatar\/0f23b280433a21e1ea7a0adcc46ed0ad16afe3ad8e630fd13d8a017dcbd54ef3?s=96&d=mm&r=g\",\"caption\":\"Bilgin \u00d6z\u00e7ift\u00e7i\"},\"logo\":{\"@id\":\"https:\/\/avrupapress.com\/#\/schema\/person\/image\/\"},\"description\":\"Ne ben, nede sen... Biz ancak \\\"biz\\\" olursak g\u00fc\u00e7l\u00fc olabiliriz\"},{\"@type\":\"Person\",\"@id\":\"https:\/\/avrupapress.com\/#\/schema\/person\/68428444ec60970d1e1b700cf4ca1e8f\",\"name\":\"Edit\u00f6r\",\"image\":{\"@type\":\"ImageObject\",\"inLanguage\":\"fr-BE\",\"@id\":\"https:\/\/avrupapress.com\/#\/schema\/person\/image\/\",\"url\":\"https:\/\/secure.gravatar.com\/avatar\/74996b0977aa5f1559ba9883776652508b229005c0d78fb2597897f0bd651c09?s=96&d=mm&r=g\",\"contentUrl\":\"https:\/\/secure.gravatar.com\/avatar\/74996b0977aa5f1559ba9883776652508b229005c0d78fb2597897f0bd651c09?s=96&d=mm&r=g\",\"caption\":\"Edit\u00f6r\"},\"sameAs\":[\"http:\/\/www.avrupapress.com\"],\"url\":\"https:\/\/avrupapress.com\/main\/author\/editor\/\"}]}<\/script>\n<!-- \/ Yoast SEO plugin. -->","yoast_head_json":{"title":"K\u0131rg\u0131zistan, da\u011f severler i\u00e7in yeni destinasyon - AvrupaPress","robots":{"index":"index","follow":"follow","max-snippet":"max-snippet:-1","max-image-preview":"max-image-preview:large","max-video-preview":"max-video-preview:-1"},"canonical":"https:\/\/avrupapress.com\/main\/2024\/02\/17\/kirgizistan-dag-severler-icin-yeni-destinasyon\/","og_locale":"fr_FR","og_type":"article","og_title":"K\u0131rg\u0131zistan, da\u011f severler i\u00e7in yeni destinasyon - AvrupaPress","og_description":"Orta Asya tarihi ve co\u011frafyas\u0131na odaklanan tarih\u00e7i ve \u00e7evre uzman\u0131. oslobet K\u0131rg\u0131zistan Da\u011flar\u0131 | G\u00fczel foto\u011fraf, G\u00fczel (pinterest.fr) &nbsp; &nbsp; &nbsp; Ancak herhangi bir sorun ya\u015fam\u0131yorsan\u0131z do\u011fru destinasyonu se\u00e7ebileceksiniz. Ancak \u015funu unutmamak gerekir ki on yedinci g\u00fcn \u00fclkenize var\u0131\u015f noktas\u0131d\u0131r. &nbsp; Pabion-Mouri\u00e8s (2013), K\u0131rg\u0131zistan&rsquo;\u0131n K\u0131rg\u0131z&rsquo;daki k\u00fclt\u00fcrel par\u00e7ac\u0131klar\u0131n yan\u0131 s\u0131ra s\u0131ra d\u0131\u015f\u0131 do\u011fal g\u00fczellikleriyle de \u00f6ne [&hellip;]","og_url":"https:\/\/avrupapress.com\/main\/2024\/02\/17\/kirgizistan-dag-severler-icin-yeni-destinasyon\/","og_site_name":"AvrupaPress","article_published_time":"2024-02-17T22:15:12+00:00","article_modified_time":"2024-03-28T22:49:40+00:00","og_image":[{"width":666,"height":1000,"url":"https:\/\/avrupapress.com\/main\/wp-content\/uploads\/2024\/02\/thumbnail_IMG-20240217-WA0013.jpg","type":"image\/jpeg"}],"author":"Edit\u00f6r","twitter_card":"summary_large_image","twitter_misc":{"\u00c9crit par":"Edit\u00f6r","Dur\u00e9e de lecture est.":"6 minutes"},"schema":{"@context":"https:\/\/schema.org","@graph":[{"@type":"Article","@id":"https:\/\/avrupapress.com\/main\/2024\/02\/17\/kirgizistan-dag-severler-icin-yeni-destinasyon\/#article","isPartOf":{"@id":"https:\/\/avrupapress.com\/main\/2024\/02\/17\/kirgizistan-dag-severler-icin-yeni-destinasyon\/"},"author":{"name":"Edit\u00f6r","@id":"https:\/\/avrupapress.com\/#\/schema\/person\/68428444ec60970d1e1b700cf4ca1e8f"},"headline":"K\u0131rg\u0131zistan, da\u011f severler i\u00e7in yeni destinasyon","datePublished":"2024-02-17T22:15:12+00:00","dateModified":"2024-03-28T22:49:40+00:00","mainEntityOfPage":{"@id":"https:\/\/avrupapress.com\/main\/2024\/02\/17\/kirgizistan-dag-severler-icin-yeni-destinasyon\/"},"wordCount":1245,"publisher":{"@id":"https:\/\/avrupapress.com\/#\/schema\/person\/0223dca19c72c43575bf30d1a2d8f4fa"},"image":{"@id":"https:\/\/avrupapress.com\/main\/2024\/02\/17\/kirgizistan-dag-severler-icin-yeni-destinasyon\/#primaryimage"},"thumbnailUrl":"https:\/\/avrupapress.com\/main\/wp-content\/uploads\/2024\/02\/thumbnail_IMG-20240217-WA0013.jpg","articleSection":["Avrupa","Bel\u00e7ika","D\u00fcnya","Ekonomi","K\u00fclt\u00fcr-Sanat","Spor","Tan\u0131t\u0131m","T\u00fcrkiye","Uncategorized"],"inLanguage":"fr-BE"},{"@type":"WebPage","@id":"https:\/\/avrupapress.com\/main\/2024\/02\/17\/kirgizistan-dag-severler-icin-yeni-destinasyon\/","url":"https:\/\/avrupapress.com\/main\/2024\/02\/17\/kirgizistan-dag-severler-icin-yeni-destinasyon\/","name":"K\u0131rg\u0131zistan, da\u011f severler i\u00e7in yeni destinasyon - AvrupaPress","isPartOf":{"@id":"https:\/\/avrupapress.com\/#website"},"primaryImageOfPage":{"@id":"https:\/\/avrupapress.com\/main\/2024\/02\/17\/kirgizistan-dag-severler-icin-yeni-destinasyon\/#primaryimage"},"image":{"@id":"https:\/\/avrupapress.com\/main\/2024\/02\/17\/kirgizistan-dag-severler-icin-yeni-destinasyon\/#primaryimage"},"thumbnailUrl":"https:\/\/avrupapress.com\/main\/wp-content\/uploads\/2024\/02\/thumbnail_IMG-20240217-WA0013.jpg","datePublished":"2024-02-17T22:15:12+00:00","dateModified":"2024-03-28T22:49:40+00:00","breadcrumb":{"@id":"https:\/\/avrupapress.com\/main\/2024\/02\/17\/kirgizistan-dag-severler-icin-yeni-destinasyon\/#breadcrumb"},"inLanguage":"fr-BE","potentialAction":[{"@type":"ReadAction","target":["https:\/\/avrupapress.com\/main\/2024\/02\/17\/kirgizistan-dag-severler-icin-yeni-destinasyon\/"]}]},{"@type":"ImageObject","inLanguage":"fr-BE","@id":"https:\/\/avrupapress.com\/main\/2024\/02\/17\/kirgizistan-dag-severler-icin-yeni-destinasyon\/#primaryimage","url":"https:\/\/avrupapress.com\/main\/wp-content\/uploads\/2024\/02\/thumbnail_IMG-20240217-WA0013.jpg","contentUrl":"https:\/\/avrupapress.com\/main\/wp-content\/uploads\/2024\/02\/thumbnail_IMG-20240217-WA0013.jpg","width":666,"height":1000},{"@type":"BreadcrumbList","@id":"https:\/\/avrupapress.com\/main\/2024\/02\/17\/kirgizistan-dag-severler-icin-yeni-destinasyon\/#breadcrumb","itemListElement":[{"@type":"ListItem","position":1,"name":"Anasayfa","item":"https:\/\/avrupapress.com\/"},{"@type":"ListItem","position":2,"name":"K\u0131rg\u0131zistan, da\u011f severler i\u00e7in yeni destinasyon"}]},{"@type":"WebSite","@id":"https:\/\/avrupapress.com\/#website","url":"https:\/\/avrupapress.com\/","name":"AvrupaPress","description":"Haberin Adresi","publisher":{"@id":"https:\/\/avrupapress.com\/#\/schema\/person\/0223dca19c72c43575bf30d1a2d8f4fa"},"potentialAction":[{"@type":"SearchAction","target":{"@type":"EntryPoint","urlTemplate":"https:\/\/avrupapress.com\/?s={search_term_string}"},"query-input":{"@type":"PropertyValueSpecification","valueRequired":true,"valueName":"search_term_string"}}],"inLanguage":"fr-BE"},{"@type":["Person","Organization"],"@id":"https:\/\/avrupapress.com\/#\/schema\/person\/0223dca19c72c43575bf30d1a2d8f4fa","name":"Bilgin \u00d6z\u00e7ift\u00e7i","image":{"@type":"ImageObject","inLanguage":"fr-BE","@id":"https:\/\/avrupapress.com\/#\/schema\/person\/image\/","url":"https:\/\/secure.gravatar.com\/avatar\/0f23b280433a21e1ea7a0adcc46ed0ad16afe3ad8e630fd13d8a017dcbd54ef3?s=96&d=mm&r=g","contentUrl":"https:\/\/secure.gravatar.com\/avatar\/0f23b280433a21e1ea7a0adcc46ed0ad16afe3ad8e630fd13d8a017dcbd54ef3?s=96&d=mm&r=g","caption":"Bilgin \u00d6z\u00e7ift\u00e7i"},"logo":{"@id":"https:\/\/avrupapress.com\/#\/schema\/person\/image\/"},"description":"Ne ben, nede sen... Biz ancak \"biz\" olursak g\u00fc\u00e7l\u00fc olabiliriz"},{"@type":"Person","@id":"https:\/\/avrupapress.com\/#\/schema\/person\/68428444ec60970d1e1b700cf4ca1e8f","name":"Edit\u00f6r","image":{"@type":"ImageObject","inLanguage":"fr-BE","@id":"https:\/\/avrupapress.com\/#\/schema\/person\/image\/","url":"https:\/\/secure.gravatar.com\/avatar\/74996b0977aa5f1559ba9883776652508b229005c0d78fb2597897f0bd651c09?s=96&d=mm&r=g","contentUrl":"https:\/\/secure.gravatar.com\/avatar\/74996b0977aa5f1559ba9883776652508b229005c0d78fb2597897f0bd651c09?s=96&d=mm&r=g","caption":"Edit\u00f6r"},"sameAs":["http:\/\/www.avrupapress.com"],"url":"https:\/\/avrupapress.com\/main\/author\/editor\/"}]}},"_links":{"self":[{"href":"https:\/\/avrupapress.com\/main\/wp-json\/wp\/v2\/posts\/25267","targetHints":{"allow":["GET"]}}],"collection":[{"href":"https:\/\/avrupapress.com\/main\/wp-json\/wp\/v2\/posts"}],"about":[{"href":"https:\/\/avrupapress.com\/main\/wp-json\/wp\/v2\/types\/post"}],"author":[{"embeddable":true,"href":"https:\/\/avrupapress.com\/main\/wp-json\/wp\/v2\/users\/3"}],"replies":[{"embeddable":true,"href":"https:\/\/avrupapress.com\/main\/wp-json\/wp\/v2\/comments?post=25267"}],"version-history":[{"count":3,"href":"https:\/\/avrupapress.com\/main\/wp-json\/wp\/v2\/posts\/25267\/revisions"}],"predecessor-version":[{"id":25634,"href":"https:\/\/avrupapress.com\/main\/wp-json\/wp\/v2\/posts\/25267\/revisions\/25634"}],"wp:featuredmedia":[{"embeddable":true,"href":"https:\/\/avrupapress.com\/main\/wp-json\/wp\/v2\/media\/25268"}],"wp:attachment":[{"href":"https:\/\/avrupapress.com\/main\/wp-json\/wp\/v2\/media?parent=25267"}],"wp:term":[{"taxonomy":"category","embeddable":true,"href":"https:\/\/avrupapress.com\/main\/wp-json\/wp\/v2\/categories?post=25267"},{"taxonomy":"post_tag","embeddable":true,"href":"https:\/\/avrupapress.com\/main\/wp-json\/wp\/v2\/tags?post=25267"}],"curies":[{"name":"wp","href":"https:\/\/api.w.org\/{rel}","templated":true}]}}