{"id":25264,"date":"2024-02-16T22:11:06","date_gmt":"2024-02-16T22:11:06","guid":{"rendered":"https:\/\/avrupapress.com\/main\/?p=25264"},"modified":"2024-02-16T22:11:18","modified_gmt":"2024-02-16T22:11:18","slug":"pegasus-yonetimi-yeni-aldigi-kararla-pegasus-hava-yollarinda-kabin-bagaji-artik-parali","status":"publish","type":"post","link":"https:\/\/avrupapress.com\/main\/2024\/02\/16\/pegasus-yonetimi-yeni-aldigi-kararla-pegasus-hava-yollarinda-kabin-bagaji-artik-parali\/","title":{"rendered":"Pegasus yonetimi yeni ald\u0131\u011f\u0131 kararla Pegasus Hava Yollar\u0131nda Kabin bagaj\u0131 art\u0131k paral\u0131&#8230;."},"content":{"rendered":"<h2>Ekonomi s\u0131n\u0131f\u0131 i\u00e7in \u00fccretsiz kabin bagaj\u0131 hizmetini kald\u0131ran Pegasus, yeni \u00fccret tarifesinde bagaja neredeyse yolcunun ta\u015f\u0131nmas\u0131ndan daha fazla \u00fccret belirledi.<\/h2>\n<p>&nbsp;<\/p>\n<p>Pegasus\u00a0Hava Yollar\u0131, yurt d\u0131\u015f\u0131nda yayg\u0131n olan bir uygulamay\u0131 T\u00fcrk havac\u0131l\u0131k sekt\u00f6r\u00fcne ta\u015f\u0131d\u0131.<\/p>\n<p>Pegasus, yeni ald\u0131\u011f\u0131 kararla ekonomi s\u0131n\u0131f\u0131 i\u00e7in \u00fccretsiz bagaj hizmetini kald\u0131rd\u0131.<\/p>\n<p>Yap\u0131lan a\u00e7\u0131klamada, yurt d\u0131\u015f\u0131 ve K\u0131br\u0131s u\u00e7u\u015flar\u0131nda\u00a0u\u00e7ak\u00a0i\u00e7ine getirebilecek bagaj haklar\u0131n\u0131n g\u00fcncellendi\u011fi belirtildi.<\/p>\n<p>Buna g\u00f6re, \u015firketin u\u00e7u\u015flar\u0131nda kabin bagaj\u0131 hakk\u0131 sat\u0131n almayan yolcular, bundan b\u00f6yle sadece koltuk alt\u0131na s\u0131\u011fabilecek \u00e7antalar\u0131 ile u\u00e7a\u011fa binebilecek.<\/p>\n<p><strong>Ekstra \u00fccret tahsil edilecek<\/strong><\/p>\n<p>14 \u015eubat 2024 itibari ile al\u0131nan biletlerde ge\u00e7erli olan bu d\u00fczenleme kapsam\u0131nda, u\u00e7ak i\u00e7ine \u00f6l\u00e7\u00fc s\u0131n\u0131r\u0131n\u0131n \u00fczerinde veya ek par\u00e7a getirilmesi durumunda, her ek par\u00e7a i\u00e7in u\u00e7a\u011fa bini\u015f esnas\u0131nda ekstra \u00fccret tahsil edilecek.<\/p>\n<p><strong>Oturdu\u011fu koltu\u011fun \u00f6demesini yapacak<\/strong><\/p>\n<p>Bundan sonra ekonomi s\u0131n\u0131f\u0131ndan bilet alan yolcular, kabin bagaj\u0131 hizmeti alamay\u0131p sadece oturdu\u011fu koltu\u011fun \u00f6demesini yapm\u0131\u015f olacak.<\/p>\n<p><strong>U\u00e7u\u015f paketinin ad\u0131 &lsquo;Light&rsquo;<\/strong><\/p>\n<p>Pegasus&rsquo;tan yap\u0131lan a\u00e7\u0131klamaya g\u00f6re, 1 adet koltuk alt\u0131na s\u0131\u011facak \u00e7antay\u0131 kapsayan u\u00e7u\u015f paketinin ad\u0131 &lsquo;Light&rsquo; oldu.<\/p>\n<p>Light paket kapsam\u0131nda u\u00e7a\u011fa en fazla 40x30x15 cm boyutlar\u0131nda ve 3 kg a\u011f\u0131rl\u0131\u011f\u0131nda \u00e7anta al\u0131nabilecek.<\/p>\n<p><strong>\u0130ki paket tercih edilecek<\/strong><\/p>\n<p>Yolcular, bilet al\u0131rken iki paket aras\u0131nda se\u00e7im yapabilecekler. Light paket ve s\u00fcper eko paket.<\/p>\n<p>Light paket, kabin bagaj\u0131 ihtiyac\u0131 olmayan ve daha ekonomik bir se\u00e7enek arayan yolcular i\u00e7in uygun bir alternatif sunuyor.<\/p>\n<p>\u00d6rnek olarak, A noktas\u0131ndan B noktas\u0131na light paket 2 bin lira, s\u00fcper eko paket ise 2 bin 400 lira olacak \u015fekilde fiyatland\u0131r\u0131lacak.<\/p>\n<p><strong>14 \u015eubat&rsquo;tan \u00f6nce al\u0131nan biletlerde ge\u00e7erli olmayacak<\/strong><\/p>\n<p>14 \u015eubat\u2019tan \u00f6nce sat\u0131n al\u0131nan biletlerde, eski uygulaman\u0131n ve kurallar\u0131n ge\u00e7erli olaca\u011f\u0131 hat\u0131rlat\u0131ld\u0131.<\/p>\n<p><strong>Karara tepki ya\u011fd\u0131<\/strong><\/p>\n<p>Pegasus yolcular\u0131n\u0131n kabin bagaj\u0131 hizmetinden yararlanamayacak olmas\u0131 tepkilere yol a\u00e7t\u0131.<\/p>\n<p>Skandal karara ili\u015fkin sosyal medya kullan\u0131c\u0131lar\u0131 taraf\u0131ndan, Pegasus y\u00f6netimine s\u0131kl\u0131kla yorum yap\u0131ld\u0131.<\/p>\n<p><strong>Biletten daha pahal\u0131<\/strong><\/p>\n<p>Kullan\u0131c\u0131lar yorumlar\u0131nda, bagajlar\u0131n\u0131n ald\u0131klar\u0131 biletten daha pahal\u0131 oldu\u011fu y\u00f6n\u00fcnde payla\u015f\u0131mda bulundu.<\/p>\n<p><strong>8 kilogram \u00fccretsiz bagaj hakk\u0131 vard\u0131<\/strong><\/p>\n<p>\u00d6nceki uygulamada, ekonomi s\u0131n\u0131f\u0131ndan bilet sat\u0131n alan yolculara ki\u015fi ba\u015f\u0131na 8 kilogram \u00fccretsiz bagaj hakk\u0131 sunulmaktayd\u0131.<\/p>\n<div id=\"adpro-2\" class=\"adpro text-center mb-3\" data-page=\"270\" data-region=\"1970\" data-category=\"-1\" data-loaded=\"true\">\n<div>\n<div class=\"empower-ad\" data-empower-zone=\"159339\" data-empower-id=\"e170812105584120038\" data-empower-inited=\"true\">\n<div id=\"vrgdiv657318a7e4b02140b1299f8b\" class=\"virgul-ad imaj\" data-id=\"657318a7e4b02140b1299f8b___159339-124463359\" data-resource=\"159339@site_geneli@f5haber:site_geneli\"><\/div>\n<\/div>\n<\/div>\n<\/div>\n<p>Ekonomi s\u0131n\u0131f\u0131 bileti sat\u0131n alan bir yolcu, \u00fccretsiz bagaj hakk\u0131 d\u0131\u015f\u0131nda yemek hizmeti almak i\u00e7in ekstra \u00fccret \u00f6demek zorundayd\u0131.<\/p>\n<p>Ancak, bu yeni ad\u0131mla birlikte ekonomi s\u0131n\u0131f\u0131ndan bilet alan bir yolcu art\u0131k sadece koltu\u011fu i\u00e7in \u00f6deme yapacak.<\/p>\n<p><img loading=\"lazy\" decoding=\"async\" class=\"alignnone size-medium wp-image-25265\" src=\"https:\/\/avrupapress.com\/main\/wp-content\/uploads\/2024\/02\/f5haber-wrjs_cover.jpg-300x169.webp\" alt=\"\" width=\"300\" height=\"169\" srcset=\"https:\/\/avrupapress.com\/main\/wp-content\/uploads\/2024\/02\/f5haber-wrjs_cover.jpg-300x169.webp 300w, https:\/\/avrupapress.com\/main\/wp-content\/uploads\/2024\/02\/f5haber-wrjs_cover.jpg-768x432.webp 768w, https:\/\/avrupapress.com\/main\/wp-content\/uploads\/2024\/02\/f5haber-wrjs_cover.jpg-740x420.webp 740w, https:\/\/avrupapress.com\/main\/wp-content\/uploads\/2024\/02\/f5haber-wrjs_cover.jpg.webp 850w\" sizes=\"auto, (max-width: 300px) 100vw, 300px\" \/><\/p>\n<p>Bilgin Ozciftcii\u00a0 \u00a0 \/\u00a0 \u00a0 AVRUPAPRESS<\/p>\n","protected":false},"excerpt":{"rendered":"<p>Ekonomi s\u0131n\u0131f\u0131 i\u00e7in \u00fccretsiz kabin bagaj\u0131 hizmetini kald\u0131ran Pegasus, yeni \u00fccret tarifesinde bagaja neredeyse yolcunun ta\u015f\u0131nmas\u0131ndan daha fazla \u00fccret belirledi. &nbsp; Pegasus\u00a0Hava Yollar\u0131, yurt d\u0131\u015f\u0131nda yayg\u0131n olan bir uygulamay\u0131 T\u00fcrk havac\u0131l\u0131k sekt\u00f6r\u00fcne ta\u015f\u0131d\u0131. Pegasus, yeni ald\u0131\u011f\u0131 kararla ekonomi s\u0131n\u0131f\u0131 i\u00e7in \u00fccretsiz bagaj hizmetini kald\u0131rd\u0131. Yap\u0131lan a\u00e7\u0131klamada, yurt d\u0131\u015f\u0131 ve K\u0131br\u0131s u\u00e7u\u015flar\u0131nda\u00a0u\u00e7ak\u00a0i\u00e7ine getirebilecek bagaj haklar\u0131n\u0131n g\u00fcncellendi\u011fi [&hellip;]<\/p>\n","protected":false},"author":3,"featured_media":25265,"comment_status":"closed","ping_status":"open","sticky":false,"template":"","format":"standard","meta":{"footnotes":""},"categories":[14,16,3,17,18,15,19,2,1],"tags":[],"class_list":["post-25264","post","type-post","status-publish","format-standard","has-post-thumbnail","hentry","category-avrupa","category-belcika","category-dunya","category-ekonomi","category-kultur-sanat","category-spor","category-tanitim","category-turkiye","category-uncategorized"],"yoast_head":"<!-- This site is optimized with the Yoast SEO plugin v26.9 - https:\/\/yoast.com\/product\/yoast-seo-wordpress\/ -->\n<title>Pegasus yonetimi yeni ald\u0131\u011f\u0131 kararla Pegasus Hava Yollar\u0131nda Kabin bagaj\u0131 art\u0131k paral\u0131.... - AvrupaPress<\/title>\n<meta name=\"robots\" content=\"index, follow, max-snippet:-1, max-image-preview:large, max-video-preview:-1\" \/>\n<link rel=\"canonical\" href=\"https:\/\/avrupapress.com\/main\/2024\/02\/16\/pegasus-yonetimi-yeni-aldigi-kararla-pegasus-hava-yollarinda-kabin-bagaji-artik-parali\/\" \/>\n<meta property=\"og:locale\" content=\"fr_FR\" \/>\n<meta property=\"og:type\" content=\"article\" \/>\n<meta property=\"og:title\" content=\"Pegasus yonetimi yeni ald\u0131\u011f\u0131 kararla Pegasus Hava Yollar\u0131nda Kabin bagaj\u0131 art\u0131k paral\u0131.... - AvrupaPress\" \/>\n<meta property=\"og:description\" content=\"Ekonomi s\u0131n\u0131f\u0131 i\u00e7in \u00fccretsiz kabin bagaj\u0131 hizmetini kald\u0131ran Pegasus, yeni \u00fccret tarifesinde bagaja neredeyse yolcunun ta\u015f\u0131nmas\u0131ndan daha fazla \u00fccret belirledi. &nbsp; Pegasus\u00a0Hava Yollar\u0131, yurt d\u0131\u015f\u0131nda yayg\u0131n olan bir uygulamay\u0131 T\u00fcrk havac\u0131l\u0131k sekt\u00f6r\u00fcne ta\u015f\u0131d\u0131. Pegasus, yeni ald\u0131\u011f\u0131 kararla ekonomi s\u0131n\u0131f\u0131 i\u00e7in \u00fccretsiz bagaj hizmetini kald\u0131rd\u0131. Yap\u0131lan a\u00e7\u0131klamada, yurt d\u0131\u015f\u0131 ve K\u0131br\u0131s u\u00e7u\u015flar\u0131nda\u00a0u\u00e7ak\u00a0i\u00e7ine getirebilecek bagaj haklar\u0131n\u0131n g\u00fcncellendi\u011fi [&hellip;]\" \/>\n<meta property=\"og:url\" content=\"https:\/\/avrupapress.com\/main\/2024\/02\/16\/pegasus-yonetimi-yeni-aldigi-kararla-pegasus-hava-yollarinda-kabin-bagaji-artik-parali\/\" \/>\n<meta property=\"og:site_name\" content=\"AvrupaPress\" \/>\n<meta property=\"article:published_time\" content=\"2024-02-16T22:11:06+00:00\" \/>\n<meta property=\"article:modified_time\" content=\"2024-02-16T22:11:18+00:00\" \/>\n<meta property=\"og:image\" content=\"https:\/\/avrupapress.com\/main\/wp-content\/uploads\/2024\/02\/f5haber-wrjs_cover.jpg.webp\" \/>\n\t<meta property=\"og:image:width\" content=\"850\" \/>\n\t<meta property=\"og:image:height\" content=\"478\" \/>\n\t<meta property=\"og:image:type\" content=\"image\/webp\" \/>\n<meta name=\"author\" content=\"Edit\u00f6r\" \/>\n<meta name=\"twitter:card\" content=\"summary_large_image\" \/>\n<meta name=\"twitter:label1\" content=\"\u00c9crit par\" \/>\n\t<meta name=\"twitter:data1\" content=\"Edit\u00f6r\" \/>\n\t<meta name=\"twitter:label2\" content=\"Dur\u00e9e de lecture est.\" \/>\n\t<meta name=\"twitter:data2\" content=\"2 minutes\" \/>\n<script type=\"application\/ld+json\" class=\"yoast-schema-graph\">{\"@context\":\"https:\/\/schema.org\",\"@graph\":[{\"@type\":\"Article\",\"@id\":\"https:\/\/avrupapress.com\/main\/2024\/02\/16\/pegasus-yonetimi-yeni-aldigi-kararla-pegasus-hava-yollarinda-kabin-bagaji-artik-parali\/#article\",\"isPartOf\":{\"@id\":\"https:\/\/avrupapress.com\/main\/2024\/02\/16\/pegasus-yonetimi-yeni-aldigi-kararla-pegasus-hava-yollarinda-kabin-bagaji-artik-parali\/\"},\"author\":{\"name\":\"Edit\u00f6r\",\"@id\":\"https:\/\/avrupapress.com\/#\/schema\/person\/68428444ec60970d1e1b700cf4ca1e8f\"},\"headline\":\"Pegasus yonetimi yeni ald\u0131\u011f\u0131 kararla Pegasus Hava Yollar\u0131nda Kabin bagaj\u0131 art\u0131k paral\u0131&#8230;.\",\"datePublished\":\"2024-02-16T22:11:06+00:00\",\"dateModified\":\"2024-02-16T22:11:18+00:00\",\"mainEntityOfPage\":{\"@id\":\"https:\/\/avrupapress.com\/main\/2024\/02\/16\/pegasus-yonetimi-yeni-aldigi-kararla-pegasus-hava-yollarinda-kabin-bagaji-artik-parali\/\"},\"wordCount\":494,\"publisher\":{\"@id\":\"https:\/\/avrupapress.com\/#\/schema\/person\/0223dca19c72c43575bf30d1a2d8f4fa\"},\"image\":{\"@id\":\"https:\/\/avrupapress.com\/main\/2024\/02\/16\/pegasus-yonetimi-yeni-aldigi-kararla-pegasus-hava-yollarinda-kabin-bagaji-artik-parali\/#primaryimage\"},\"thumbnailUrl\":\"https:\/\/avrupapress.com\/main\/wp-content\/uploads\/2024\/02\/f5haber-wrjs_cover.jpg.webp\",\"articleSection\":[\"Avrupa\",\"Bel\u00e7ika\",\"D\u00fcnya\",\"Ekonomi\",\"K\u00fclt\u00fcr-Sanat\",\"Spor\",\"Tan\u0131t\u0131m\",\"T\u00fcrkiye\",\"Uncategorized\"],\"inLanguage\":\"fr-BE\"},{\"@type\":\"WebPage\",\"@id\":\"https:\/\/avrupapress.com\/main\/2024\/02\/16\/pegasus-yonetimi-yeni-aldigi-kararla-pegasus-hava-yollarinda-kabin-bagaji-artik-parali\/\",\"url\":\"https:\/\/avrupapress.com\/main\/2024\/02\/16\/pegasus-yonetimi-yeni-aldigi-kararla-pegasus-hava-yollarinda-kabin-bagaji-artik-parali\/\",\"name\":\"Pegasus yonetimi yeni ald\u0131\u011f\u0131 kararla Pegasus Hava Yollar\u0131nda Kabin bagaj\u0131 art\u0131k paral\u0131.... - AvrupaPress\",\"isPartOf\":{\"@id\":\"https:\/\/avrupapress.com\/#website\"},\"primaryImageOfPage\":{\"@id\":\"https:\/\/avrupapress.com\/main\/2024\/02\/16\/pegasus-yonetimi-yeni-aldigi-kararla-pegasus-hava-yollarinda-kabin-bagaji-artik-parali\/#primaryimage\"},\"image\":{\"@id\":\"https:\/\/avrupapress.com\/main\/2024\/02\/16\/pegasus-yonetimi-yeni-aldigi-kararla-pegasus-hava-yollarinda-kabin-bagaji-artik-parali\/#primaryimage\"},\"thumbnailUrl\":\"https:\/\/avrupapress.com\/main\/wp-content\/uploads\/2024\/02\/f5haber-wrjs_cover.jpg.webp\",\"datePublished\":\"2024-02-16T22:11:06+00:00\",\"dateModified\":\"2024-02-16T22:11:18+00:00\",\"breadcrumb\":{\"@id\":\"https:\/\/avrupapress.com\/main\/2024\/02\/16\/pegasus-yonetimi-yeni-aldigi-kararla-pegasus-hava-yollarinda-kabin-bagaji-artik-parali\/#breadcrumb\"},\"inLanguage\":\"fr-BE\",\"potentialAction\":[{\"@type\":\"ReadAction\",\"target\":[\"https:\/\/avrupapress.com\/main\/2024\/02\/16\/pegasus-yonetimi-yeni-aldigi-kararla-pegasus-hava-yollarinda-kabin-bagaji-artik-parali\/\"]}]},{\"@type\":\"ImageObject\",\"inLanguage\":\"fr-BE\",\"@id\":\"https:\/\/avrupapress.com\/main\/2024\/02\/16\/pegasus-yonetimi-yeni-aldigi-kararla-pegasus-hava-yollarinda-kabin-bagaji-artik-parali\/#primaryimage\",\"url\":\"https:\/\/avrupapress.com\/main\/wp-content\/uploads\/2024\/02\/f5haber-wrjs_cover.jpg.webp\",\"contentUrl\":\"https:\/\/avrupapress.com\/main\/wp-content\/uploads\/2024\/02\/f5haber-wrjs_cover.jpg.webp\",\"width\":850,\"height\":478},{\"@type\":\"BreadcrumbList\",\"@id\":\"https:\/\/avrupapress.com\/main\/2024\/02\/16\/pegasus-yonetimi-yeni-aldigi-kararla-pegasus-hava-yollarinda-kabin-bagaji-artik-parali\/#breadcrumb\",\"itemListElement\":[{\"@type\":\"ListItem\",\"position\":1,\"name\":\"Anasayfa\",\"item\":\"https:\/\/avrupapress.com\/\"},{\"@type\":\"ListItem\",\"position\":2,\"name\":\"Pegasus yonetimi yeni ald\u0131\u011f\u0131 kararla Pegasus Hava Yollar\u0131nda Kabin bagaj\u0131 art\u0131k paral\u0131&#8230;.\"}]},{\"@type\":\"WebSite\",\"@id\":\"https:\/\/avrupapress.com\/#website\",\"url\":\"https:\/\/avrupapress.com\/\",\"name\":\"AvrupaPress\",\"description\":\"Haberin Adresi\",\"publisher\":{\"@id\":\"https:\/\/avrupapress.com\/#\/schema\/person\/0223dca19c72c43575bf30d1a2d8f4fa\"},\"potentialAction\":[{\"@type\":\"SearchAction\",\"target\":{\"@type\":\"EntryPoint\",\"urlTemplate\":\"https:\/\/avrupapress.com\/?s={search_term_string}\"},\"query-input\":{\"@type\":\"PropertyValueSpecification\",\"valueRequired\":true,\"valueName\":\"search_term_string\"}}],\"inLanguage\":\"fr-BE\"},{\"@type\":[\"Person\",\"Organization\"],\"@id\":\"https:\/\/avrupapress.com\/#\/schema\/person\/0223dca19c72c43575bf30d1a2d8f4fa\",\"name\":\"Bilgin \u00d6z\u00e7ift\u00e7i\",\"image\":{\"@type\":\"ImageObject\",\"inLanguage\":\"fr-BE\",\"@id\":\"https:\/\/avrupapress.com\/#\/schema\/person\/image\/\",\"url\":\"https:\/\/secure.gravatar.com\/avatar\/0f23b280433a21e1ea7a0adcc46ed0ad16afe3ad8e630fd13d8a017dcbd54ef3?s=96&d=mm&r=g\",\"contentUrl\":\"https:\/\/secure.gravatar.com\/avatar\/0f23b280433a21e1ea7a0adcc46ed0ad16afe3ad8e630fd13d8a017dcbd54ef3?s=96&d=mm&r=g\",\"caption\":\"Bilgin \u00d6z\u00e7ift\u00e7i\"},\"logo\":{\"@id\":\"https:\/\/avrupapress.com\/#\/schema\/person\/image\/\"},\"description\":\"Ne ben, nede sen... Biz ancak \\\"biz\\\" olursak g\u00fc\u00e7l\u00fc olabiliriz\"},{\"@type\":\"Person\",\"@id\":\"https:\/\/avrupapress.com\/#\/schema\/person\/68428444ec60970d1e1b700cf4ca1e8f\",\"name\":\"Edit\u00f6r\",\"image\":{\"@type\":\"ImageObject\",\"inLanguage\":\"fr-BE\",\"@id\":\"https:\/\/avrupapress.com\/#\/schema\/person\/image\/\",\"url\":\"https:\/\/secure.gravatar.com\/avatar\/74996b0977aa5f1559ba9883776652508b229005c0d78fb2597897f0bd651c09?s=96&d=mm&r=g\",\"contentUrl\":\"https:\/\/secure.gravatar.com\/avatar\/74996b0977aa5f1559ba9883776652508b229005c0d78fb2597897f0bd651c09?s=96&d=mm&r=g\",\"caption\":\"Edit\u00f6r\"},\"sameAs\":[\"http:\/\/www.avrupapress.com\"],\"url\":\"https:\/\/avrupapress.com\/main\/author\/editor\/\"}]}<\/script>\n<!-- \/ Yoast SEO plugin. -->","yoast_head_json":{"title":"Pegasus yonetimi yeni ald\u0131\u011f\u0131 kararla Pegasus Hava Yollar\u0131nda Kabin bagaj\u0131 art\u0131k paral\u0131.... - AvrupaPress","robots":{"index":"index","follow":"follow","max-snippet":"max-snippet:-1","max-image-preview":"max-image-preview:large","max-video-preview":"max-video-preview:-1"},"canonical":"https:\/\/avrupapress.com\/main\/2024\/02\/16\/pegasus-yonetimi-yeni-aldigi-kararla-pegasus-hava-yollarinda-kabin-bagaji-artik-parali\/","og_locale":"fr_FR","og_type":"article","og_title":"Pegasus yonetimi yeni ald\u0131\u011f\u0131 kararla Pegasus Hava Yollar\u0131nda Kabin bagaj\u0131 art\u0131k paral\u0131.... - AvrupaPress","og_description":"Ekonomi s\u0131n\u0131f\u0131 i\u00e7in \u00fccretsiz kabin bagaj\u0131 hizmetini kald\u0131ran Pegasus, yeni \u00fccret tarifesinde bagaja neredeyse yolcunun ta\u015f\u0131nmas\u0131ndan daha fazla \u00fccret belirledi. &nbsp; Pegasus\u00a0Hava Yollar\u0131, yurt d\u0131\u015f\u0131nda yayg\u0131n olan bir uygulamay\u0131 T\u00fcrk havac\u0131l\u0131k sekt\u00f6r\u00fcne ta\u015f\u0131d\u0131. Pegasus, yeni ald\u0131\u011f\u0131 kararla ekonomi s\u0131n\u0131f\u0131 i\u00e7in \u00fccretsiz bagaj hizmetini kald\u0131rd\u0131. Yap\u0131lan a\u00e7\u0131klamada, yurt d\u0131\u015f\u0131 ve K\u0131br\u0131s u\u00e7u\u015flar\u0131nda\u00a0u\u00e7ak\u00a0i\u00e7ine getirebilecek bagaj haklar\u0131n\u0131n g\u00fcncellendi\u011fi [&hellip;]","og_url":"https:\/\/avrupapress.com\/main\/2024\/02\/16\/pegasus-yonetimi-yeni-aldigi-kararla-pegasus-hava-yollarinda-kabin-bagaji-artik-parali\/","og_site_name":"AvrupaPress","article_published_time":"2024-02-16T22:11:06+00:00","article_modified_time":"2024-02-16T22:11:18+00:00","og_image":[{"width":850,"height":478,"url":"https:\/\/avrupapress.com\/main\/wp-content\/uploads\/2024\/02\/f5haber-wrjs_cover.jpg.webp","type":"image\/webp"}],"author":"Edit\u00f6r","twitter_card":"summary_large_image","twitter_misc":{"\u00c9crit par":"Edit\u00f6r","Dur\u00e9e de lecture est.":"2 minutes"},"schema":{"@context":"https:\/\/schema.org","@graph":[{"@type":"Article","@id":"https:\/\/avrupapress.com\/main\/2024\/02\/16\/pegasus-yonetimi-yeni-aldigi-kararla-pegasus-hava-yollarinda-kabin-bagaji-artik-parali\/#article","isPartOf":{"@id":"https:\/\/avrupapress.com\/main\/2024\/02\/16\/pegasus-yonetimi-yeni-aldigi-kararla-pegasus-hava-yollarinda-kabin-bagaji-artik-parali\/"},"author":{"name":"Edit\u00f6r","@id":"https:\/\/avrupapress.com\/#\/schema\/person\/68428444ec60970d1e1b700cf4ca1e8f"},"headline":"Pegasus yonetimi yeni ald\u0131\u011f\u0131 kararla Pegasus Hava Yollar\u0131nda Kabin bagaj\u0131 art\u0131k paral\u0131&#8230;.","datePublished":"2024-02-16T22:11:06+00:00","dateModified":"2024-02-16T22:11:18+00:00","mainEntityOfPage":{"@id":"https:\/\/avrupapress.com\/main\/2024\/02\/16\/pegasus-yonetimi-yeni-aldigi-kararla-pegasus-hava-yollarinda-kabin-bagaji-artik-parali\/"},"wordCount":494,"publisher":{"@id":"https:\/\/avrupapress.com\/#\/schema\/person\/0223dca19c72c43575bf30d1a2d8f4fa"},"image":{"@id":"https:\/\/avrupapress.com\/main\/2024\/02\/16\/pegasus-yonetimi-yeni-aldigi-kararla-pegasus-hava-yollarinda-kabin-bagaji-artik-parali\/#primaryimage"},"thumbnailUrl":"https:\/\/avrupapress.com\/main\/wp-content\/uploads\/2024\/02\/f5haber-wrjs_cover.jpg.webp","articleSection":["Avrupa","Bel\u00e7ika","D\u00fcnya","Ekonomi","K\u00fclt\u00fcr-Sanat","Spor","Tan\u0131t\u0131m","T\u00fcrkiye","Uncategorized"],"inLanguage":"fr-BE"},{"@type":"WebPage","@id":"https:\/\/avrupapress.com\/main\/2024\/02\/16\/pegasus-yonetimi-yeni-aldigi-kararla-pegasus-hava-yollarinda-kabin-bagaji-artik-parali\/","url":"https:\/\/avrupapress.com\/main\/2024\/02\/16\/pegasus-yonetimi-yeni-aldigi-kararla-pegasus-hava-yollarinda-kabin-bagaji-artik-parali\/","name":"Pegasus yonetimi yeni ald\u0131\u011f\u0131 kararla Pegasus Hava Yollar\u0131nda Kabin bagaj\u0131 art\u0131k paral\u0131.... - AvrupaPress","isPartOf":{"@id":"https:\/\/avrupapress.com\/#website"},"primaryImageOfPage":{"@id":"https:\/\/avrupapress.com\/main\/2024\/02\/16\/pegasus-yonetimi-yeni-aldigi-kararla-pegasus-hava-yollarinda-kabin-bagaji-artik-parali\/#primaryimage"},"image":{"@id":"https:\/\/avrupapress.com\/main\/2024\/02\/16\/pegasus-yonetimi-yeni-aldigi-kararla-pegasus-hava-yollarinda-kabin-bagaji-artik-parali\/#primaryimage"},"thumbnailUrl":"https:\/\/avrupapress.com\/main\/wp-content\/uploads\/2024\/02\/f5haber-wrjs_cover.jpg.webp","datePublished":"2024-02-16T22:11:06+00:00","dateModified":"2024-02-16T22:11:18+00:00","breadcrumb":{"@id":"https:\/\/avrupapress.com\/main\/2024\/02\/16\/pegasus-yonetimi-yeni-aldigi-kararla-pegasus-hava-yollarinda-kabin-bagaji-artik-parali\/#breadcrumb"},"inLanguage":"fr-BE","potentialAction":[{"@type":"ReadAction","target":["https:\/\/avrupapress.com\/main\/2024\/02\/16\/pegasus-yonetimi-yeni-aldigi-kararla-pegasus-hava-yollarinda-kabin-bagaji-artik-parali\/"]}]},{"@type":"ImageObject","inLanguage":"fr-BE","@id":"https:\/\/avrupapress.com\/main\/2024\/02\/16\/pegasus-yonetimi-yeni-aldigi-kararla-pegasus-hava-yollarinda-kabin-bagaji-artik-parali\/#primaryimage","url":"https:\/\/avrupapress.com\/main\/wp-content\/uploads\/2024\/02\/f5haber-wrjs_cover.jpg.webp","contentUrl":"https:\/\/avrupapress.com\/main\/wp-content\/uploads\/2024\/02\/f5haber-wrjs_cover.jpg.webp","width":850,"height":478},{"@type":"BreadcrumbList","@id":"https:\/\/avrupapress.com\/main\/2024\/02\/16\/pegasus-yonetimi-yeni-aldigi-kararla-pegasus-hava-yollarinda-kabin-bagaji-artik-parali\/#breadcrumb","itemListElement":[{"@type":"ListItem","position":1,"name":"Anasayfa","item":"https:\/\/avrupapress.com\/"},{"@type":"ListItem","position":2,"name":"Pegasus yonetimi yeni ald\u0131\u011f\u0131 kararla Pegasus Hava Yollar\u0131nda Kabin bagaj\u0131 art\u0131k paral\u0131&#8230;."}]},{"@type":"WebSite","@id":"https:\/\/avrupapress.com\/#website","url":"https:\/\/avrupapress.com\/","name":"AvrupaPress","description":"Haberin Adresi","publisher":{"@id":"https:\/\/avrupapress.com\/#\/schema\/person\/0223dca19c72c43575bf30d1a2d8f4fa"},"potentialAction":[{"@type":"SearchAction","target":{"@type":"EntryPoint","urlTemplate":"https:\/\/avrupapress.com\/?s={search_term_string}"},"query-input":{"@type":"PropertyValueSpecification","valueRequired":true,"valueName":"search_term_string"}}],"inLanguage":"fr-BE"},{"@type":["Person","Organization"],"@id":"https:\/\/avrupapress.com\/#\/schema\/person\/0223dca19c72c43575bf30d1a2d8f4fa","name":"Bilgin \u00d6z\u00e7ift\u00e7i","image":{"@type":"ImageObject","inLanguage":"fr-BE","@id":"https:\/\/avrupapress.com\/#\/schema\/person\/image\/","url":"https:\/\/secure.gravatar.com\/avatar\/0f23b280433a21e1ea7a0adcc46ed0ad16afe3ad8e630fd13d8a017dcbd54ef3?s=96&d=mm&r=g","contentUrl":"https:\/\/secure.gravatar.com\/avatar\/0f23b280433a21e1ea7a0adcc46ed0ad16afe3ad8e630fd13d8a017dcbd54ef3?s=96&d=mm&r=g","caption":"Bilgin \u00d6z\u00e7ift\u00e7i"},"logo":{"@id":"https:\/\/avrupapress.com\/#\/schema\/person\/image\/"},"description":"Ne ben, nede sen... Biz ancak \"biz\" olursak g\u00fc\u00e7l\u00fc olabiliriz"},{"@type":"Person","@id":"https:\/\/avrupapress.com\/#\/schema\/person\/68428444ec60970d1e1b700cf4ca1e8f","name":"Edit\u00f6r","image":{"@type":"ImageObject","inLanguage":"fr-BE","@id":"https:\/\/avrupapress.com\/#\/schema\/person\/image\/","url":"https:\/\/secure.gravatar.com\/avatar\/74996b0977aa5f1559ba9883776652508b229005c0d78fb2597897f0bd651c09?s=96&d=mm&r=g","contentUrl":"https:\/\/secure.gravatar.com\/avatar\/74996b0977aa5f1559ba9883776652508b229005c0d78fb2597897f0bd651c09?s=96&d=mm&r=g","caption":"Edit\u00f6r"},"sameAs":["http:\/\/www.avrupapress.com"],"url":"https:\/\/avrupapress.com\/main\/author\/editor\/"}]}},"_links":{"self":[{"href":"https:\/\/avrupapress.com\/main\/wp-json\/wp\/v2\/posts\/25264","targetHints":{"allow":["GET"]}}],"collection":[{"href":"https:\/\/avrupapress.com\/main\/wp-json\/wp\/v2\/posts"}],"about":[{"href":"https:\/\/avrupapress.com\/main\/wp-json\/wp\/v2\/types\/post"}],"author":[{"embeddable":true,"href":"https:\/\/avrupapress.com\/main\/wp-json\/wp\/v2\/users\/3"}],"replies":[{"embeddable":true,"href":"https:\/\/avrupapress.com\/main\/wp-json\/wp\/v2\/comments?post=25264"}],"version-history":[{"count":1,"href":"https:\/\/avrupapress.com\/main\/wp-json\/wp\/v2\/posts\/25264\/revisions"}],"predecessor-version":[{"id":25266,"href":"https:\/\/avrupapress.com\/main\/wp-json\/wp\/v2\/posts\/25264\/revisions\/25266"}],"wp:featuredmedia":[{"embeddable":true,"href":"https:\/\/avrupapress.com\/main\/wp-json\/wp\/v2\/media\/25265"}],"wp:attachment":[{"href":"https:\/\/avrupapress.com\/main\/wp-json\/wp\/v2\/media?parent=25264"}],"wp:term":[{"taxonomy":"category","embeddable":true,"href":"https:\/\/avrupapress.com\/main\/wp-json\/wp\/v2\/categories?post=25264"},{"taxonomy":"post_tag","embeddable":true,"href":"https:\/\/avrupapress.com\/main\/wp-json\/wp\/v2\/tags?post=25264"}],"curies":[{"name":"wp","href":"https:\/\/api.w.org\/{rel}","templated":true}]}}