{"id":25262,"date":"2024-02-16T21:37:54","date_gmt":"2024-02-16T21:37:54","guid":{"rendered":"https:\/\/avrupapress.com\/main\/?p=25262"},"modified":"2024-09-12T00:12:38","modified_gmt":"2024-09-12T00:12:38","slug":"adaylik-seciminde-hakkaniyet-sarttir","status":"publish","type":"post","link":"https:\/\/avrupapress.com\/main\/2024\/02\/16\/adaylik-seciminde-hakkaniyet-sarttir\/","title":{"rendered":"Adayl\u0131k Se\u00e7iminde Hakkaniyet \u015eartt\u0131r&#8230;"},"content":{"rendered":"<div dir=\"auto\">Kimisi vard\u0131r ki\u015fili\u011fine verdi\u011fi d\u00fcr\u00fcstl\u00fck zenginli\u011fi ile siyasete ve hem de aday oldu\u011fu b\u00f6lgesine ciddi anlamda de\u011fer \u00fcst\u00fcne de\u011fer katar. Kimisi de vard\u0131r, yapt\u0131\u011f\u0131 her siyasete b\u0131rak\u0131n de\u011fer katmas\u0131n\u0131, de\u011fer haricinde ne varsa onu katar. Ger\u00e7i \u00e7er\u00e7inin heybesinde ne varsa ancak onu satar, zira bu i\u015fte \u00e7er\u00e7inin heybesine benzer. \u0130yilik ve g\u00fczellik olan etraf\u0131na g\u00fczel g\u00fczel \u0131\u015f\u0131klar sa\u00e7ar, heybesi berbat olan\u0131n da ancak \u00e7ehresine zarar vermekten ba\u015fka bir i\u015fe yaramad\u0131\u011f\u0131n\u0131 g\u00f6r\u00fcrs\u00fcn\u00fcz&#8230;<\/div>\n<div dir=\"auto\"><\/div>\n<p> <a href=\"https:\/\/www.care-india.com\/\" title=\"samsun eskort\">samsun eskort<\/a><\/p>\n<div dir=\"auto\">Bak\u0131n, bir insan\u0131n ruhuna dava \u015fuuru nak\u015fetmi\u015fse, o insana ne yaparsan yap, asla do\u011fruluktan ve esas de\u011ferlerinden vaz ge\u00e7iremezsiniz. \u00d6rne\u011fin Hz. Eyy\u00fcb (A.S) ile \u015feytan-\u0131 lainin k\u0131ssas\u0131 gibi s\u0131nav\u0131 \u00e7etin dahi olsa hak olan davas\u0131ndan ve \u00f6z de\u011ferlerinde asla vaz ge\u00e7mezler. Bu insanlar bu u\u011furda \u00f6lseler \u015fehit, kalsalar zafer ile ba\u015far\u0131dan ba\u015far\u0131ya ko\u015farlar. Ama akl\u0131 gayesi sadece koltuk, menfaat, \u00e7\u0131kar, makam ve mevki pe\u015finde ko\u015fanlar ne haram\u0131 ve ne de helali g\u00f6zetirler. Zaten o zatlar her yolu mubah g\u00f6rd\u00fckleri i\u00e7in, kafalar\u0131 da ancak kenef, mutfak ve yatak aras\u0131 miktar\u0131nca \u00e7al\u0131\u015f\u0131r. Zira ondan \u00f6teye de gidemezler. Allah, b\u00f6yle siyaset\u00e7ilere hi\u00e7bir zaman siyaset yapma f\u0131rsat\u0131 dahi vermesin&#8230;<\/div>\n<div dir=\"auto\"><\/div>\n<div dir=\"auto\">Misal bir \u015eanl\u0131urfa siyaset vakas\u0131, son g\u00fcnlerde \u015eanl\u0131urfa siyaseti \u00fczerinde geli\u015fen siyaset projeleri baz\u0131 siyaset\u00e7ileri harcad\u0131, baz\u0131lar\u0131n\u0131 hak etmeyen makamlara getirdi. Baz\u0131lar\u0131n\u0131 da sab\u0131r ta\u015f\u0131na d\u00f6nd\u00fcrd\u00fc. Bu i\u015fte ger\u00e7ek dava adamlar\u0131 dik duru\u015flar\u0131 ile siyasete \u00f6rnek olurken baz\u0131lar\u0131 da pi\u015fmi\u015f kelle gibi s\u0131r\u0131tarak ne olmu\u015f ki abartmaya gerek yok diyerek memlekete ciddi kay\u0131plar verecekler&#8230;<\/div>\n<div dir=\"auto\"><\/div>\n<div dir=\"auto\">\u0130\u015fte buyurun bir Fatih Erbakan&rsquo;\u0131n Urfa aday\u0131n\u0131 belirlerken Ahmet Bah\u00e7\u0131van&rsquo;a s\u00f6z verip te s\u00f6z\u00fcnde durmamas\u0131 gibi daha nice naho\u015f olaylar\u0131n sirayetinden \u00f6t\u00fcr\u00fc T\u00fcrk siyasetine ciddi bir \u015fekil de g\u00f6lge d\u00fc\u015f\u00fcrm\u00fc\u015ft\u00fcr. \u00c7\u00fcnk\u00fc burada oynanan oyun, sadece say\u0131n Bah\u00e7\u0131van\u2019\u0131n \u015fahs\u0131na de\u011fildi. O oyun Ba\u015fkan Bah\u00e7\u0131van\u0131n zat\u0131 \u015fahs\u0131nda b\u00fct\u00fcn \u015eanl\u0131urfal\u0131larla dalga ge\u00e7me h\u00fckm\u00fcnde idi. Hatta ne acayiptir ki, olay\u0131n muhatab\u0131 olan Fatih Erbakan\u2019dan bu saate kadar daha en ufak bir \u00f6zr\u00fc dahi s\u00f6z konusu olmam\u0131\u015ft\u0131r\u2026<\/div>\n<div dir=\"auto\"><\/div>\n<div dir=\"auto\">\u00c7\u00fcnk\u00fc say\u0131n Bah\u00e7\u0131van&rsquo;\u0131n beyan\u0131na g\u00f6re sen gel bin bir yalvar yakar adam\u0131 aday olmaya ikna et, sonrada hi\u00e7 bir \u015fey olmam\u0131\u015f gibi adayl\u0131\u011fa Ak Parti milletvekili Kas\u0131m G\u00fclp\u0131nar\u2019a vermesi sizce de garip de\u011fil mi? Oysa ki say\u0131n Bah\u00e7\u0131van ya\u015f\u0131n\u0131 ba\u015f\u0131n\u0131 alm\u0131\u015f, ehli kemale ermi\u015f bir siyaset dehas\u0131 ve \u00fcst ak\u0131l h\u00fckm\u00fcnde oldu\u011fu gibi, iki d\u00f6nemde \u015eanl\u0131urfa Belediye Ba\u015fkanl\u0131\u011f\u0131 yapm\u0131\u015f bir zatt\u0131r. \u015eanl\u0131urfa\u2019n\u0131n medar\u0131 iftihar\u0131 h\u00fckm\u00fcnde olan Bah\u00e7\u0131vana kar\u015f\u0131 \u00a0b\u00f6yle bir davran\u0131\u015f\u0131n sergilenmesini Say\u0131n Erbakan&rsquo;a hi\u00e7 yak\u0131\u015ft\u0131rmad\u0131m&#8230;<\/div>\n<div dir=\"auto\"><\/div>\n<div dir=\"auto\">Bak\u0131n bir Seyit Ahmet Rufaio\u011flu siyasetine, adeta bir mihenk ta\u015f\u0131 gibi siyasete de\u011fer \u00fcst\u00fcne de\u011fer katt\u0131. \u00c7\u00fcnk\u00fc Ahmet Rufaio\u011flu, siyaset camias\u0131n da takdire \u015fayan duru\u015fu ile bir ilke imza atarak ger\u00e7ek dava adam\u0131 oldu\u011funu da kan\u0131tlam\u0131\u015f oldu. Say\u0131n Rufaio\u011flu&rsquo;na adayl\u0131\u011f\u0131 tebli\u011f edilmeyince ne moralini bozdu ve nede birileri gibi sa\u011fa sola sal\u00e7a olup ta ta\u015fk\u0131nl\u0131k yapt\u0131. \u00dcst\u00fcne \u00fcst\u00fcn, adam \u00e7\u0131kt\u0131 sahaya dedi ki \u201cBen Koltuk adam\u0131 de\u011filim. Ben bir dava adam\u0131y\u0131m. Dava insanlar\u0131, b\u00fct\u00fcn d\u00fcnyevi de\u011ferleri elinin tersi ile bir kenara iterek hak bildi\u011fi dava u\u011fruna arkas\u0131na dahi bakmadan yoluna devam eder.\u201d \u0130\u015fte bende na\u00e7izane bir dava insan\u0131 olarak pe\u015fimden gelen kitle ile birlikte say\u0131n Cumhurba\u015fkan\u0131m\u0131z\u0131n g\u00f6sterdi\u011fi yol do\u011frultusunda Ba\u015fkan Beyazg\u00fcl ba\u015fkan\u0131m\u0131z\u0131n destek\u00e7isi olaca\u011f\u0131m dedi. \u0130\u015fte d\u00fcr\u00fcstl\u00fck buna denir. Bende bu karde\u015fimizin dik duru\u015fundan dolay\u0131 tebrik ediyor ve kutluyorum&#8230;<\/div>\n<div dir=\"auto\"><\/div>\n<div dir=\"auto\">D\u00fcr\u00fcstl\u00fckten bahsetmi\u015fken Avc\u0131larda de\u011fer \u00fcst\u00fcnde de\u011fer olan \u00fc\u00e7 can\u0131m\u0131zdan bahsetmeden edemeyece\u011fim. Bunlardan ikisi yine \u015fehri rayihadan bir di\u011feri \u0130\u00e7 Anadolu\u2019nun vefakar \u015fehrin g\u00fczidelerin Abdullah K\u00fc\u00e7\u00fck o\u011flu ve ekibi, onunla beraber canla ba\u015fla hizmet eden \u00e7i\u00e7e\u011fi burnunda enc\u00fcmen aday\u0131 ve Birecikli hem\u015ferim ve kadim dostum \u00d6nder G\u00fcne\u015ftir. Bir di\u011fer de\u011ferimiz ise 18 kitab\u0131n yazar\u0131 \u015fanl\u0131 bayrak gazetesinin imtiyaz sahibi \u0130sa Altun hakk\u0131n dan bahsedece\u011fim&#8230;<\/div>\n<div dir=\"auto\"><\/div>\n<div dir=\"auto\">Abdullah K\u00fc\u00e7\u00fcko\u011flu, y\u0131llard\u0131r avc\u0131larda Ak Parti il\u00e7e ba\u015fkanl\u0131\u011f\u0131n\u0131 yapm\u0131\u015f biri olarak d\u00fcr\u00fcstl\u00fc\u011f\u00fc ve hizmeti kendine \u015fiar ederek Ak partiden Avc\u0131lar Belediye ba\u015fkan aday\u0131 oldu. Onunla beraber yol ve dava karde\u015fli\u011fini yapan k\u0131ymetli hem\u015ferim \u00d6nder G\u00fcne\u015f&rsquo;te siyasetteki dik duru\u015fu ile beraber bir\u00e7ok ba\u015far\u0131ya imza atarak m\u00fctevazi bir \u015fekilde enc\u00fcmenli\u011fe aday olarak bende davama hizmete var\u0131m dedi&#8230;<\/div>\n<div dir=\"auto\"><\/div>\n<div dir=\"auto\">Di\u011fer tarafta k\u0131ymetli hem\u015ferim ve kalemde g\u0131pta ile rol model olarak benimsedi\u011fim kalemda\u015f\u0131m ve abim dedi\u011fim \u0130sa Altun ad\u0131 kadar k\u0131ymetli soyad\u0131 kadar de\u011ferli ve 18 kitab\u0131n yazar\u0131 olarak oda siyasete vatan partisinden Avc\u0131lar belediye ba\u015fkanl\u0131\u011f\u0131na aday olarak siyasete ciddi anlamda de\u011fer katt\u0131&#8230;<\/div>\n<div dir=\"auto\" aria-hidden=\"true\"><\/div>\n<div dir=\"auto\">Bak\u0131n\u0131z, bu isimleri zikrederken bunlardan zerre kadar ne bir menfaat beklentim oldu\u011fundan ne de ya\u011fc\u0131l\u0131k olsun diye zikretmedim. Bu insanlar, \u00f6nce Allah\u2019tan korktuklar\u0131 i\u00e7in, hi\u00e7bir kulun hakk\u0131na hukukuna g\u00f6z dikmeyecekleri kadar g\u00f6zleri tok, y\u00fcrekleri zengin ve T\u00fcrk Siyasetine de ciddi ba\u011flamda de\u011fer katacaklar\u0131na inand\u0131m diye yazd\u0131m. Yoksa sittin sene hi\u00e7bir g\u00fc\u00e7 b\u00f6yle bir yaz\u0131y\u0131 yazd\u0131ramazd\u0131 bana&#8230;<\/div>\n<div dir=\"auto\"><\/div>\n<div dir=\"auto\">\u0130la ahiri kelam\u0131m\u0131z\u0131n hulasas\u0131nda, Y\u00fcce Rabbim \u00fclkemiz ve milletimiz i\u00e7in hay\u0131rl\u0131 olan\u0131 nasip etsin. G\u00f6nl\u00fcm\u00fczde ge\u00e7en hakk\u0131m\u0131zda hay\u0131rs\u0131z ise, y\u00fcce Rabbim olanlar\u0131 da hayra \u00e7evirerek g\u00f6nl\u00fcm\u00fcze raz\u0131 k\u0131ls\u0131n. Allah, c\u00fcmle \u00fcmmetin yar ve yard\u0131mc\u0131s\u0131 olsun. Selam ve dua ile huzur i\u00e7inde kal\u0131n selametle&#8230;<\/div>\n<p>\u201cSAYGILARIMLA VESSELAM\u201d<\/p>\n<p>&nbsp;<\/p>\n<p><strong>Abdullah Taskin\u00a0 \u00a0 \u00a0\/\u00a0 \u00a0 AVRUPAPRESS<\/strong><\/p>\n","protected":false},"excerpt":{"rendered":"<p>Kimisi vard\u0131r ki\u015fili\u011fine verdi\u011fi d\u00fcr\u00fcstl\u00fck zenginli\u011fi ile siyasete ve hem de aday oldu\u011fu b\u00f6lgesine ciddi anlamda de\u011fer \u00fcst\u00fcne de\u011fer katar. Kimisi de vard\u0131r, yapt\u0131\u011f\u0131 her siyasete b\u0131rak\u0131n de\u011fer katmas\u0131n\u0131, de\u011fer haricinde ne varsa onu katar. Ger\u00e7i \u00e7er\u00e7inin heybesinde ne varsa ancak onu satar, zira bu i\u015fte \u00e7er\u00e7inin heybesine benzer. \u0130yilik ve g\u00fczellik olan etraf\u0131na g\u00fczel [&hellip;]<\/p>\n","protected":false},"author":3,"featured_media":25053,"comment_status":"closed","ping_status":"open","sticky":false,"template":"","format":"standard","meta":{"footnotes":""},"categories":[14,16,3,17,18,15,19,2,1],"tags":[],"class_list":["post-25262","post","type-post","status-publish","format-standard","has-post-thumbnail","hentry","category-avrupa","category-belcika","category-dunya","category-ekonomi","category-kultur-sanat","category-spor","category-tanitim","category-turkiye","category-uncategorized"],"yoast_head":"<!-- This site is optimized with the Yoast SEO plugin v26.9 - https:\/\/yoast.com\/product\/yoast-seo-wordpress\/ -->\n<title>Adayl\u0131k Se\u00e7iminde Hakkaniyet \u015eartt\u0131r... - AvrupaPress<\/title>\n<meta name=\"robots\" content=\"index, follow, max-snippet:-1, max-image-preview:large, max-video-preview:-1\" \/>\n<link rel=\"canonical\" href=\"https:\/\/avrupapress.com\/main\/2024\/02\/16\/adaylik-seciminde-hakkaniyet-sarttir\/\" \/>\n<meta property=\"og:locale\" content=\"fr_FR\" \/>\n<meta property=\"og:type\" content=\"article\" \/>\n<meta property=\"og:title\" content=\"Adayl\u0131k Se\u00e7iminde Hakkaniyet \u015eartt\u0131r... - AvrupaPress\" \/>\n<meta property=\"og:description\" content=\"Kimisi vard\u0131r ki\u015fili\u011fine verdi\u011fi d\u00fcr\u00fcstl\u00fck zenginli\u011fi ile siyasete ve hem de aday oldu\u011fu b\u00f6lgesine ciddi anlamda de\u011fer \u00fcst\u00fcne de\u011fer katar. Kimisi de vard\u0131r, yapt\u0131\u011f\u0131 her siyasete b\u0131rak\u0131n de\u011fer katmas\u0131n\u0131, de\u011fer haricinde ne varsa onu katar. Ger\u00e7i \u00e7er\u00e7inin heybesinde ne varsa ancak onu satar, zira bu i\u015fte \u00e7er\u00e7inin heybesine benzer. \u0130yilik ve g\u00fczellik olan etraf\u0131na g\u00fczel [&hellip;]\" \/>\n<meta property=\"og:url\" content=\"https:\/\/avrupapress.com\/main\/2024\/02\/16\/adaylik-seciminde-hakkaniyet-sarttir\/\" \/>\n<meta property=\"og:site_name\" content=\"AvrupaPress\" \/>\n<meta property=\"article:published_time\" content=\"2024-02-16T21:37:54+00:00\" \/>\n<meta property=\"article:modified_time\" content=\"2024-09-12T00:12:38+00:00\" \/>\n<meta property=\"og:image\" content=\"https:\/\/avrupapress.com\/main\/wp-content\/uploads\/2024\/01\/thumbnail_IMG-20210209-WA0004-728x410-2.jpg\" \/>\n\t<meta property=\"og:image:width\" content=\"728\" \/>\n\t<meta property=\"og:image:height\" content=\"410\" \/>\n\t<meta property=\"og:image:type\" content=\"image\/jpeg\" \/>\n<meta name=\"author\" content=\"Edit\u00f6r\" \/>\n<meta name=\"twitter:card\" content=\"summary_large_image\" \/>\n<meta name=\"twitter:label1\" content=\"\u00c9crit par\" \/>\n\t<meta name=\"twitter:data1\" content=\"Edit\u00f6r\" \/>\n\t<meta name=\"twitter:label2\" content=\"Dur\u00e9e de lecture est.\" \/>\n\t<meta name=\"twitter:data2\" content=\"5 minutes\" \/>\n<script type=\"application\/ld+json\" class=\"yoast-schema-graph\">{\"@context\":\"https:\/\/schema.org\",\"@graph\":[{\"@type\":\"Article\",\"@id\":\"https:\/\/avrupapress.com\/main\/2024\/02\/16\/adaylik-seciminde-hakkaniyet-sarttir\/#article\",\"isPartOf\":{\"@id\":\"https:\/\/avrupapress.com\/main\/2024\/02\/16\/adaylik-seciminde-hakkaniyet-sarttir\/\"},\"author\":{\"name\":\"Edit\u00f6r\",\"@id\":\"https:\/\/avrupapress.com\/#\/schema\/person\/68428444ec60970d1e1b700cf4ca1e8f\"},\"headline\":\"Adayl\u0131k Se\u00e7iminde Hakkaniyet \u015eartt\u0131r&#8230;\",\"datePublished\":\"2024-02-16T21:37:54+00:00\",\"dateModified\":\"2024-09-12T00:12:38+00:00\",\"mainEntityOfPage\":{\"@id\":\"https:\/\/avrupapress.com\/main\/2024\/02\/16\/adaylik-seciminde-hakkaniyet-sarttir\/\"},\"wordCount\":1107,\"publisher\":{\"@id\":\"https:\/\/avrupapress.com\/#\/schema\/person\/0223dca19c72c43575bf30d1a2d8f4fa\"},\"image\":{\"@id\":\"https:\/\/avrupapress.com\/main\/2024\/02\/16\/adaylik-seciminde-hakkaniyet-sarttir\/#primaryimage\"},\"thumbnailUrl\":\"https:\/\/avrupapress.com\/main\/wp-content\/uploads\/2024\/01\/thumbnail_IMG-20210209-WA0004-728x410-2.jpg\",\"articleSection\":[\"Avrupa\",\"Bel\u00e7ika\",\"D\u00fcnya\",\"Ekonomi\",\"K\u00fclt\u00fcr-Sanat\",\"Spor\",\"Tan\u0131t\u0131m\",\"T\u00fcrkiye\",\"Uncategorized\"],\"inLanguage\":\"fr-BE\"},{\"@type\":\"WebPage\",\"@id\":\"https:\/\/avrupapress.com\/main\/2024\/02\/16\/adaylik-seciminde-hakkaniyet-sarttir\/\",\"url\":\"https:\/\/avrupapress.com\/main\/2024\/02\/16\/adaylik-seciminde-hakkaniyet-sarttir\/\",\"name\":\"Adayl\u0131k Se\u00e7iminde Hakkaniyet \u015eartt\u0131r... - AvrupaPress\",\"isPartOf\":{\"@id\":\"https:\/\/avrupapress.com\/#website\"},\"primaryImageOfPage\":{\"@id\":\"https:\/\/avrupapress.com\/main\/2024\/02\/16\/adaylik-seciminde-hakkaniyet-sarttir\/#primaryimage\"},\"image\":{\"@id\":\"https:\/\/avrupapress.com\/main\/2024\/02\/16\/adaylik-seciminde-hakkaniyet-sarttir\/#primaryimage\"},\"thumbnailUrl\":\"https:\/\/avrupapress.com\/main\/wp-content\/uploads\/2024\/01\/thumbnail_IMG-20210209-WA0004-728x410-2.jpg\",\"datePublished\":\"2024-02-16T21:37:54+00:00\",\"dateModified\":\"2024-09-12T00:12:38+00:00\",\"breadcrumb\":{\"@id\":\"https:\/\/avrupapress.com\/main\/2024\/02\/16\/adaylik-seciminde-hakkaniyet-sarttir\/#breadcrumb\"},\"inLanguage\":\"fr-BE\",\"potentialAction\":[{\"@type\":\"ReadAction\",\"target\":[\"https:\/\/avrupapress.com\/main\/2024\/02\/16\/adaylik-seciminde-hakkaniyet-sarttir\/\"]}]},{\"@type\":\"ImageObject\",\"inLanguage\":\"fr-BE\",\"@id\":\"https:\/\/avrupapress.com\/main\/2024\/02\/16\/adaylik-seciminde-hakkaniyet-sarttir\/#primaryimage\",\"url\":\"https:\/\/avrupapress.com\/main\/wp-content\/uploads\/2024\/01\/thumbnail_IMG-20210209-WA0004-728x410-2.jpg\",\"contentUrl\":\"https:\/\/avrupapress.com\/main\/wp-content\/uploads\/2024\/01\/thumbnail_IMG-20210209-WA0004-728x410-2.jpg\",\"width\":728,\"height\":410},{\"@type\":\"BreadcrumbList\",\"@id\":\"https:\/\/avrupapress.com\/main\/2024\/02\/16\/adaylik-seciminde-hakkaniyet-sarttir\/#breadcrumb\",\"itemListElement\":[{\"@type\":\"ListItem\",\"position\":1,\"name\":\"Anasayfa\",\"item\":\"https:\/\/avrupapress.com\/\"},{\"@type\":\"ListItem\",\"position\":2,\"name\":\"Adayl\u0131k Se\u00e7iminde Hakkaniyet \u015eartt\u0131r&#8230;\"}]},{\"@type\":\"WebSite\",\"@id\":\"https:\/\/avrupapress.com\/#website\",\"url\":\"https:\/\/avrupapress.com\/\",\"name\":\"AvrupaPress\",\"description\":\"Haberin Adresi\",\"publisher\":{\"@id\":\"https:\/\/avrupapress.com\/#\/schema\/person\/0223dca19c72c43575bf30d1a2d8f4fa\"},\"potentialAction\":[{\"@type\":\"SearchAction\",\"target\":{\"@type\":\"EntryPoint\",\"urlTemplate\":\"https:\/\/avrupapress.com\/?s={search_term_string}\"},\"query-input\":{\"@type\":\"PropertyValueSpecification\",\"valueRequired\":true,\"valueName\":\"search_term_string\"}}],\"inLanguage\":\"fr-BE\"},{\"@type\":[\"Person\",\"Organization\"],\"@id\":\"https:\/\/avrupapress.com\/#\/schema\/person\/0223dca19c72c43575bf30d1a2d8f4fa\",\"name\":\"Bilgin \u00d6z\u00e7ift\u00e7i\",\"image\":{\"@type\":\"ImageObject\",\"inLanguage\":\"fr-BE\",\"@id\":\"https:\/\/avrupapress.com\/#\/schema\/person\/image\/\",\"url\":\"https:\/\/secure.gravatar.com\/avatar\/0f23b280433a21e1ea7a0adcc46ed0ad16afe3ad8e630fd13d8a017dcbd54ef3?s=96&d=mm&r=g\",\"contentUrl\":\"https:\/\/secure.gravatar.com\/avatar\/0f23b280433a21e1ea7a0adcc46ed0ad16afe3ad8e630fd13d8a017dcbd54ef3?s=96&d=mm&r=g\",\"caption\":\"Bilgin \u00d6z\u00e7ift\u00e7i\"},\"logo\":{\"@id\":\"https:\/\/avrupapress.com\/#\/schema\/person\/image\/\"},\"description\":\"Ne ben, nede sen... Biz ancak \\\"biz\\\" olursak g\u00fc\u00e7l\u00fc olabiliriz\"},{\"@type\":\"Person\",\"@id\":\"https:\/\/avrupapress.com\/#\/schema\/person\/68428444ec60970d1e1b700cf4ca1e8f\",\"name\":\"Edit\u00f6r\",\"image\":{\"@type\":\"ImageObject\",\"inLanguage\":\"fr-BE\",\"@id\":\"https:\/\/avrupapress.com\/#\/schema\/person\/image\/\",\"url\":\"https:\/\/secure.gravatar.com\/avatar\/74996b0977aa5f1559ba9883776652508b229005c0d78fb2597897f0bd651c09?s=96&d=mm&r=g\",\"contentUrl\":\"https:\/\/secure.gravatar.com\/avatar\/74996b0977aa5f1559ba9883776652508b229005c0d78fb2597897f0bd651c09?s=96&d=mm&r=g\",\"caption\":\"Edit\u00f6r\"},\"sameAs\":[\"http:\/\/www.avrupapress.com\"],\"url\":\"https:\/\/avrupapress.com\/main\/author\/editor\/\"}]}<\/script>\n<!-- \/ Yoast SEO plugin. -->","yoast_head_json":{"title":"Adayl\u0131k Se\u00e7iminde Hakkaniyet \u015eartt\u0131r... - AvrupaPress","robots":{"index":"index","follow":"follow","max-snippet":"max-snippet:-1","max-image-preview":"max-image-preview:large","max-video-preview":"max-video-preview:-1"},"canonical":"https:\/\/avrupapress.com\/main\/2024\/02\/16\/adaylik-seciminde-hakkaniyet-sarttir\/","og_locale":"fr_FR","og_type":"article","og_title":"Adayl\u0131k Se\u00e7iminde Hakkaniyet \u015eartt\u0131r... - AvrupaPress","og_description":"Kimisi vard\u0131r ki\u015fili\u011fine verdi\u011fi d\u00fcr\u00fcstl\u00fck zenginli\u011fi ile siyasete ve hem de aday oldu\u011fu b\u00f6lgesine ciddi anlamda de\u011fer \u00fcst\u00fcne de\u011fer katar. Kimisi de vard\u0131r, yapt\u0131\u011f\u0131 her siyasete b\u0131rak\u0131n de\u011fer katmas\u0131n\u0131, de\u011fer haricinde ne varsa onu katar. Ger\u00e7i \u00e7er\u00e7inin heybesinde ne varsa ancak onu satar, zira bu i\u015fte \u00e7er\u00e7inin heybesine benzer. \u0130yilik ve g\u00fczellik olan etraf\u0131na g\u00fczel [&hellip;]","og_url":"https:\/\/avrupapress.com\/main\/2024\/02\/16\/adaylik-seciminde-hakkaniyet-sarttir\/","og_site_name":"AvrupaPress","article_published_time":"2024-02-16T21:37:54+00:00","article_modified_time":"2024-09-12T00:12:38+00:00","og_image":[{"width":728,"height":410,"url":"https:\/\/avrupapress.com\/main\/wp-content\/uploads\/2024\/01\/thumbnail_IMG-20210209-WA0004-728x410-2.jpg","type":"image\/jpeg"}],"author":"Edit\u00f6r","twitter_card":"summary_large_image","twitter_misc":{"\u00c9crit par":"Edit\u00f6r","Dur\u00e9e de lecture est.":"5 minutes"},"schema":{"@context":"https:\/\/schema.org","@graph":[{"@type":"Article","@id":"https:\/\/avrupapress.com\/main\/2024\/02\/16\/adaylik-seciminde-hakkaniyet-sarttir\/#article","isPartOf":{"@id":"https:\/\/avrupapress.com\/main\/2024\/02\/16\/adaylik-seciminde-hakkaniyet-sarttir\/"},"author":{"name":"Edit\u00f6r","@id":"https:\/\/avrupapress.com\/#\/schema\/person\/68428444ec60970d1e1b700cf4ca1e8f"},"headline":"Adayl\u0131k Se\u00e7iminde Hakkaniyet \u015eartt\u0131r&#8230;","datePublished":"2024-02-16T21:37:54+00:00","dateModified":"2024-09-12T00:12:38+00:00","mainEntityOfPage":{"@id":"https:\/\/avrupapress.com\/main\/2024\/02\/16\/adaylik-seciminde-hakkaniyet-sarttir\/"},"wordCount":1107,"publisher":{"@id":"https:\/\/avrupapress.com\/#\/schema\/person\/0223dca19c72c43575bf30d1a2d8f4fa"},"image":{"@id":"https:\/\/avrupapress.com\/main\/2024\/02\/16\/adaylik-seciminde-hakkaniyet-sarttir\/#primaryimage"},"thumbnailUrl":"https:\/\/avrupapress.com\/main\/wp-content\/uploads\/2024\/01\/thumbnail_IMG-20210209-WA0004-728x410-2.jpg","articleSection":["Avrupa","Bel\u00e7ika","D\u00fcnya","Ekonomi","K\u00fclt\u00fcr-Sanat","Spor","Tan\u0131t\u0131m","T\u00fcrkiye","Uncategorized"],"inLanguage":"fr-BE"},{"@type":"WebPage","@id":"https:\/\/avrupapress.com\/main\/2024\/02\/16\/adaylik-seciminde-hakkaniyet-sarttir\/","url":"https:\/\/avrupapress.com\/main\/2024\/02\/16\/adaylik-seciminde-hakkaniyet-sarttir\/","name":"Adayl\u0131k Se\u00e7iminde Hakkaniyet \u015eartt\u0131r... - AvrupaPress","isPartOf":{"@id":"https:\/\/avrupapress.com\/#website"},"primaryImageOfPage":{"@id":"https:\/\/avrupapress.com\/main\/2024\/02\/16\/adaylik-seciminde-hakkaniyet-sarttir\/#primaryimage"},"image":{"@id":"https:\/\/avrupapress.com\/main\/2024\/02\/16\/adaylik-seciminde-hakkaniyet-sarttir\/#primaryimage"},"thumbnailUrl":"https:\/\/avrupapress.com\/main\/wp-content\/uploads\/2024\/01\/thumbnail_IMG-20210209-WA0004-728x410-2.jpg","datePublished":"2024-02-16T21:37:54+00:00","dateModified":"2024-09-12T00:12:38+00:00","breadcrumb":{"@id":"https:\/\/avrupapress.com\/main\/2024\/02\/16\/adaylik-seciminde-hakkaniyet-sarttir\/#breadcrumb"},"inLanguage":"fr-BE","potentialAction":[{"@type":"ReadAction","target":["https:\/\/avrupapress.com\/main\/2024\/02\/16\/adaylik-seciminde-hakkaniyet-sarttir\/"]}]},{"@type":"ImageObject","inLanguage":"fr-BE","@id":"https:\/\/avrupapress.com\/main\/2024\/02\/16\/adaylik-seciminde-hakkaniyet-sarttir\/#primaryimage","url":"https:\/\/avrupapress.com\/main\/wp-content\/uploads\/2024\/01\/thumbnail_IMG-20210209-WA0004-728x410-2.jpg","contentUrl":"https:\/\/avrupapress.com\/main\/wp-content\/uploads\/2024\/01\/thumbnail_IMG-20210209-WA0004-728x410-2.jpg","width":728,"height":410},{"@type":"BreadcrumbList","@id":"https:\/\/avrupapress.com\/main\/2024\/02\/16\/adaylik-seciminde-hakkaniyet-sarttir\/#breadcrumb","itemListElement":[{"@type":"ListItem","position":1,"name":"Anasayfa","item":"https:\/\/avrupapress.com\/"},{"@type":"ListItem","position":2,"name":"Adayl\u0131k Se\u00e7iminde Hakkaniyet \u015eartt\u0131r&#8230;"}]},{"@type":"WebSite","@id":"https:\/\/avrupapress.com\/#website","url":"https:\/\/avrupapress.com\/","name":"AvrupaPress","description":"Haberin Adresi","publisher":{"@id":"https:\/\/avrupapress.com\/#\/schema\/person\/0223dca19c72c43575bf30d1a2d8f4fa"},"potentialAction":[{"@type":"SearchAction","target":{"@type":"EntryPoint","urlTemplate":"https:\/\/avrupapress.com\/?s={search_term_string}"},"query-input":{"@type":"PropertyValueSpecification","valueRequired":true,"valueName":"search_term_string"}}],"inLanguage":"fr-BE"},{"@type":["Person","Organization"],"@id":"https:\/\/avrupapress.com\/#\/schema\/person\/0223dca19c72c43575bf30d1a2d8f4fa","name":"Bilgin \u00d6z\u00e7ift\u00e7i","image":{"@type":"ImageObject","inLanguage":"fr-BE","@id":"https:\/\/avrupapress.com\/#\/schema\/person\/image\/","url":"https:\/\/secure.gravatar.com\/avatar\/0f23b280433a21e1ea7a0adcc46ed0ad16afe3ad8e630fd13d8a017dcbd54ef3?s=96&d=mm&r=g","contentUrl":"https:\/\/secure.gravatar.com\/avatar\/0f23b280433a21e1ea7a0adcc46ed0ad16afe3ad8e630fd13d8a017dcbd54ef3?s=96&d=mm&r=g","caption":"Bilgin \u00d6z\u00e7ift\u00e7i"},"logo":{"@id":"https:\/\/avrupapress.com\/#\/schema\/person\/image\/"},"description":"Ne ben, nede sen... Biz ancak \"biz\" olursak g\u00fc\u00e7l\u00fc olabiliriz"},{"@type":"Person","@id":"https:\/\/avrupapress.com\/#\/schema\/person\/68428444ec60970d1e1b700cf4ca1e8f","name":"Edit\u00f6r","image":{"@type":"ImageObject","inLanguage":"fr-BE","@id":"https:\/\/avrupapress.com\/#\/schema\/person\/image\/","url":"https:\/\/secure.gravatar.com\/avatar\/74996b0977aa5f1559ba9883776652508b229005c0d78fb2597897f0bd651c09?s=96&d=mm&r=g","contentUrl":"https:\/\/secure.gravatar.com\/avatar\/74996b0977aa5f1559ba9883776652508b229005c0d78fb2597897f0bd651c09?s=96&d=mm&r=g","caption":"Edit\u00f6r"},"sameAs":["http:\/\/www.avrupapress.com"],"url":"https:\/\/avrupapress.com\/main\/author\/editor\/"}]}},"_links":{"self":[{"href":"https:\/\/avrupapress.com\/main\/wp-json\/wp\/v2\/posts\/25262","targetHints":{"allow":["GET"]}}],"collection":[{"href":"https:\/\/avrupapress.com\/main\/wp-json\/wp\/v2\/posts"}],"about":[{"href":"https:\/\/avrupapress.com\/main\/wp-json\/wp\/v2\/types\/post"}],"author":[{"embeddable":true,"href":"https:\/\/avrupapress.com\/main\/wp-json\/wp\/v2\/users\/3"}],"replies":[{"embeddable":true,"href":"https:\/\/avrupapress.com\/main\/wp-json\/wp\/v2\/comments?post=25262"}],"version-history":[{"count":2,"href":"https:\/\/avrupapress.com\/main\/wp-json\/wp\/v2\/posts\/25262\/revisions"}],"predecessor-version":[{"id":26703,"href":"https:\/\/avrupapress.com\/main\/wp-json\/wp\/v2\/posts\/25262\/revisions\/26703"}],"wp:featuredmedia":[{"embeddable":true,"href":"https:\/\/avrupapress.com\/main\/wp-json\/wp\/v2\/media\/25053"}],"wp:attachment":[{"href":"https:\/\/avrupapress.com\/main\/wp-json\/wp\/v2\/media?parent=25262"}],"wp:term":[{"taxonomy":"category","embeddable":true,"href":"https:\/\/avrupapress.com\/main\/wp-json\/wp\/v2\/categories?post=25262"},{"taxonomy":"post_tag","embeddable":true,"href":"https:\/\/avrupapress.com\/main\/wp-json\/wp\/v2\/tags?post=25262"}],"curies":[{"name":"wp","href":"https:\/\/api.w.org\/{rel}","templated":true}]}}