{"id":25231,"date":"2024-02-14T20:06:20","date_gmt":"2024-02-14T20:06:20","guid":{"rendered":"https:\/\/avrupapress.com\/main\/?p=25231"},"modified":"2024-02-14T20:07:16","modified_gmt":"2024-02-14T20:07:16","slug":"avrupa-insan-haklari-mahkemesi-aihm-helal-kesim-olarak-adlandirilan-hayvanlarin-uyutulmadan-kesilmesini-yasaklayan-duzenlemelerin-inanc-ozgurlugune-aykiri-olmadigina-ve-ayrimcil","status":"publish","type":"post","link":"https:\/\/avrupapress.com\/main\/2024\/02\/14\/avrupa-insan-haklari-mahkemesi-aihm-helal-kesim-olarak-adlandirilan-hayvanlarin-uyutulmadan-kesilmesini-yasaklayan-duzenlemelerin-inanc-ozgurlugune-aykiri-olmadigina-ve-ayrimcil\/","title":{"rendered":"Avrupa \u0130nsan Haklar\u0131 Mahkemesi (A\u0130HM), \u201chelal kesim\u201d olarak adland\u0131r\u0131lan, hayvanlar\u0131n uyutulmadan kesilmesini yasaklayan d\u00fczenlemelerin, inan\u00e7 \u00f6zg\u00fcrl\u00fc\u011f\u00fcne ayk\u0131r\u0131 olmad\u0131\u011f\u0131na ve ayr\u0131mc\u0131l\u0131k i\u00e7ermedi\u011fine karar verdi."},"content":{"rendered":"<h2 class=\"description\">Avrupa \u0130nsan Haklar\u0131 Mahkemesi (A\u0130HM), Bel\u00e7ika&rsquo;da hayvanlar\u0131n uyutulmadan kesilmesini yasaklayan d\u00fczenlemelerin inan\u00e7 \u00f6zg\u00fcrl\u00fc\u011f\u00fcne ayk\u0131r\u0131 olmad\u0131\u011f\u0131na ve ayr\u0131mc\u0131l\u0131k i\u00e7ermedi\u011fine karar verdi. A\u0130HM&rsquo;nin karar\u0131, Bel\u00e7ika&rsquo;da helal kesim yasa\u011f\u0131n\u0131n yasal oldu\u011funu do\u011frulad\u0131.<\/h2>\n<p><strong>Avrupa \u0130nsan Haklar\u0131 Mahkemesi (A\u0130HM), \u201chelal kesim\u201d olarak adland\u0131r\u0131lan, hayvanlar\u0131n uyutulmadan kesilmesini yasaklayan d\u00fczenlemelerin, inan\u00e7 \u00f6zg\u00fcrl\u00fc\u011f\u00fcne ayk\u0131r\u0131 olmad\u0131\u011f\u0131na ve ayr\u0131mc\u0131l\u0131k i\u00e7ermedi\u011fine karar verdi.<\/strong><\/p>\n<p>Mahkeme, Bel\u00e7ikal\u0131 M\u00fcsl\u00fcman ve Yahudi kurulu\u015flar\u0131 \u00f6nc\u00fcl\u00fc\u011f\u00fcnde a\u00e7\u0131lan davay\u0131 Sal\u0131 g\u00fcn\u00fc karara ba\u011flad\u0131.<\/p>\n<p>Bel\u00e7ika\u2019n\u0131n Hollandaca konu\u015fulan Flaman b\u00f6lgesi ile Frans\u0131zca konu\u015fulan Valon b\u00f6lgesi, 2019 y\u0131l\u0131nda hayvan refah\u0131 d\u00fczenlemeleri kapsam\u0131nda uyutulmadan hayvan kesimini yasaklam\u0131\u015ft\u0131.<\/p>\n<p>\u00dclkedeki M\u00fcsl\u00fcman ve Yahudi toplumuna ba\u011fl\u0131 13 ki\u015fi ve kurulu\u015f, inan\u00e7lar\u0131na uygun kurban kesiminin engellendi\u011fi gerek\u00e7esiyle konuyu yarg\u0131 g\u00fcndemine ta\u015f\u0131d\u0131.<\/p>\n<p>Bel\u00e7ika Anayasa Mahkemesi, 2021 y\u0131l\u0131nda helal kesim yasa\u011f\u0131n\u0131n anayasaya ayk\u0131r\u0131 olmad\u0131\u011f\u0131na karar verdi.<\/p>\n<p>Bel\u00e7ika\u2019daki yarg\u0131 s\u00fcreci sonucu talepleri reddedilen M\u00fcsl\u00fcman ve Yahudiler, Avrupa \u0130nsan Haklar\u0131 Mahkemesi\u2019ne ba\u015fvurdu.<\/p>\n<p>Dini kurallara g\u00f6re kesimin yasaklanmas\u0131 nedeniyle, kurban ibadetini yerine getiremeyeceklerini ve helal et sat\u0131n alamayacaklar\u0131n\u0131 belirten davac\u0131lar, yasaklar\u0131n Avrupa \u0130nsan Haklar\u0131 S\u00f6zle\u015fmesi&rsquo;ni ihlal etti\u011fini savundu.<\/p>\n<p>Ancak A\u0130HM heyeti, oybirli\u011fiyle, Bel\u00e7ika\u2019da uygulanan helal kesim yasa\u011f\u0131n\u0131n Avrupa yasalar\u0131na ve s\u00f6zle\u015fmelere ayk\u0131r\u0131 olmad\u0131\u011f\u0131na karar verdi.<\/p>\n<p>Mahkemeye g\u00f6re, helal kesim yasa\u011f\u0131, inan\u00e7 \u00f6zg\u00fcrl\u00fc\u011f\u00fcn\u00fc k\u0131s\u0131tlam\u0131yor ve ayr\u0131mc\u0131l\u0131k i\u00e7ermiyor.<\/p>\n<h2>&lsquo;Toplum hayvanlar\u0131n \u00e7ekti\u011fi ac\u0131lara \u00f6nem veriyor&rsquo;<\/h2>\n<p>A\u0130HM karar\u0131nda, bay\u0131ltmadan kesim yap\u0131lmas\u0131n\u0131 yasaklayan d\u00fczenlemelerin, hayvanlar\u0131n refah\u0131 a\u00e7\u0131s\u0131ndan b\u00fcy\u00fck \u00f6nem ta\u015f\u0131d\u0131\u011f\u0131 vurgulanarak, \u201cToplum, hayvanlar\u0131n \u00e7ekti\u011fi ac\u0131lara giderek daha fazla \u00f6nem veriyor ve yasak da bununla uyumlu\u201d denildi.<\/p>\n<p>Bel\u00e7ika\u2019daki d\u00fczenlemelere g\u00f6re, hayvanlar\u0131n kesimden \u00f6nce bilincinin kapal\u0131 olmas\u0131 gerekiyor.<\/p>\n<p>Bel\u00e7ika\u2019n\u0131n Br\u00fcksel b\u00f6lgesinde ise, M\u00fcsl\u00fcman ve Yahudilerin inan\u00e7lar\u0131na uygun \u015fekilde, hayvanlar\u0131 bay\u0131ltmadan kurban kesmelerine izin veriliyor.<\/p>\n<p>Flaman Hayvan Refah\u0131 Bakan\u0131 Ben Weyts, kamu yay\u0131nc\u0131s\u0131 VRT\u2019ye yapt\u0131\u011f\u0131 a\u00e7\u0131klamada, A\u0130HM karar\u0131n\u0131n, sadece Bel\u00e7ika genelinde de\u011fil, t\u00fcm Avrupa&rsquo;da bay\u0131ltmadan kesimin yasaklanmas\u0131na kap\u0131y\u0131 aralad\u0131\u011f\u0131n\u0131 s\u00f6yledi.<\/p>\n<p>Avrupa \u0130nsan Haklar\u0131 Mahkemesi kararlar\u0131 i\u00e7in, taraflar\u0131n \u00fc\u00e7 ay i\u00e7inde temyize ba\u015fvurma hakk\u0131 bulunuyor.<\/p>\n<p>E\u011fer karar temyizde onan\u0131r ya da temyize g\u00f6t\u00fcr\u00fclmezse, A\u0130HM\u2019nin, helal kesim yasa\u011f\u0131n\u0131n yasalara uygun oldu\u011fu y\u00f6n\u00fcndeki karar\u0131, Avrupa Konseyi&rsquo;ne \u00fcye 47 \u00fclkenin tamam\u0131nda ge\u00e7erli olacak.<\/p>\n<p>&nbsp;<\/p>\n","protected":false},"excerpt":{"rendered":"<p>Avrupa \u0130nsan Haklar\u0131 Mahkemesi (A\u0130HM), Bel\u00e7ika&rsquo;da hayvanlar\u0131n uyutulmadan kesilmesini yasaklayan d\u00fczenlemelerin inan\u00e7 \u00f6zg\u00fcrl\u00fc\u011f\u00fcne ayk\u0131r\u0131 olmad\u0131\u011f\u0131na ve ayr\u0131mc\u0131l\u0131k i\u00e7ermedi\u011fine karar verdi. A\u0130HM&rsquo;nin karar\u0131, Bel\u00e7ika&rsquo;da helal kesim yasa\u011f\u0131n\u0131n yasal oldu\u011funu do\u011frulad\u0131. Avrupa \u0130nsan Haklar\u0131 Mahkemesi (A\u0130HM), \u201chelal kesim\u201d olarak adland\u0131r\u0131lan, hayvanlar\u0131n uyutulmadan kesilmesini yasaklayan d\u00fczenlemelerin, inan\u00e7 \u00f6zg\u00fcrl\u00fc\u011f\u00fcne ayk\u0131r\u0131 olmad\u0131\u011f\u0131na ve ayr\u0131mc\u0131l\u0131k i\u00e7ermedi\u011fine karar verdi. Mahkeme, Bel\u00e7ikal\u0131 M\u00fcsl\u00fcman [&hellip;]<\/p>\n","protected":false},"author":3,"featured_media":25234,"comment_status":"closed","ping_status":"open","sticky":false,"template":"","format":"standard","meta":{"footnotes":""},"categories":[14,16,3,17,18,15,19,2,1],"tags":[],"class_list":["post-25231","post","type-post","status-publish","format-standard","has-post-thumbnail","hentry","category-avrupa","category-belcika","category-dunya","category-ekonomi","category-kultur-sanat","category-spor","category-tanitim","category-turkiye","category-uncategorized"],"yoast_head":"<!-- This site is optimized with the Yoast SEO plugin v26.9 - https:\/\/yoast.com\/product\/yoast-seo-wordpress\/ -->\n<title>Avrupa \u0130nsan Haklar\u0131 Mahkemesi (A\u0130HM), \u201chelal kesim\u201d olarak adland\u0131r\u0131lan, hayvanlar\u0131n uyutulmadan kesilmesini yasaklayan d\u00fczenlemelerin, inan\u00e7 \u00f6zg\u00fcrl\u00fc\u011f\u00fcne ayk\u0131r\u0131 olmad\u0131\u011f\u0131na ve ayr\u0131mc\u0131l\u0131k i\u00e7ermedi\u011fine karar verdi. - AvrupaPress<\/title>\n<meta name=\"robots\" content=\"index, follow, max-snippet:-1, max-image-preview:large, max-video-preview:-1\" \/>\n<link rel=\"canonical\" href=\"https:\/\/avrupapress.com\/main\/2024\/02\/14\/avrupa-insan-haklari-mahkemesi-aihm-helal-kesim-olarak-adlandirilan-hayvanlarin-uyutulmadan-kesilmesini-yasaklayan-duzenlemelerin-inanc-ozgurlugune-aykiri-olmadigina-ve-ayrimcil\/\" \/>\n<meta property=\"og:locale\" content=\"fr_FR\" \/>\n<meta property=\"og:type\" content=\"article\" \/>\n<meta property=\"og:title\" content=\"Avrupa \u0130nsan Haklar\u0131 Mahkemesi (A\u0130HM), \u201chelal kesim\u201d olarak adland\u0131r\u0131lan, hayvanlar\u0131n uyutulmadan kesilmesini yasaklayan d\u00fczenlemelerin, inan\u00e7 \u00f6zg\u00fcrl\u00fc\u011f\u00fcne ayk\u0131r\u0131 olmad\u0131\u011f\u0131na ve ayr\u0131mc\u0131l\u0131k i\u00e7ermedi\u011fine karar verdi. - AvrupaPress\" \/>\n<meta property=\"og:description\" content=\"Avrupa \u0130nsan Haklar\u0131 Mahkemesi (A\u0130HM), Bel\u00e7ika&rsquo;da hayvanlar\u0131n uyutulmadan kesilmesini yasaklayan d\u00fczenlemelerin inan\u00e7 \u00f6zg\u00fcrl\u00fc\u011f\u00fcne ayk\u0131r\u0131 olmad\u0131\u011f\u0131na ve ayr\u0131mc\u0131l\u0131k i\u00e7ermedi\u011fine karar verdi. A\u0130HM&rsquo;nin karar\u0131, Bel\u00e7ika&rsquo;da helal kesim yasa\u011f\u0131n\u0131n yasal oldu\u011funu do\u011frulad\u0131. Avrupa \u0130nsan Haklar\u0131 Mahkemesi (A\u0130HM), \u201chelal kesim\u201d olarak adland\u0131r\u0131lan, hayvanlar\u0131n uyutulmadan kesilmesini yasaklayan d\u00fczenlemelerin, inan\u00e7 \u00f6zg\u00fcrl\u00fc\u011f\u00fcne ayk\u0131r\u0131 olmad\u0131\u011f\u0131na ve ayr\u0131mc\u0131l\u0131k i\u00e7ermedi\u011fine karar verdi. Mahkeme, Bel\u00e7ikal\u0131 M\u00fcsl\u00fcman [&hellip;]\" \/>\n<meta property=\"og:url\" content=\"https:\/\/avrupapress.com\/main\/2024\/02\/14\/avrupa-insan-haklari-mahkemesi-aihm-helal-kesim-olarak-adlandirilan-hayvanlarin-uyutulmadan-kesilmesini-yasaklayan-duzenlemelerin-inanc-ozgurlugune-aykiri-olmadigina-ve-ayrimcil\/\" \/>\n<meta property=\"og:site_name\" content=\"AvrupaPress\" \/>\n<meta property=\"article:published_time\" content=\"2024-02-14T20:06:20+00:00\" \/>\n<meta property=\"article:modified_time\" content=\"2024-02-14T20:07:16+00:00\" \/>\n<meta property=\"og:image\" content=\"https:\/\/avrupapress.com\/main\/wp-content\/uploads\/2024\/02\/maxresdefault.jpg\" \/>\n\t<meta property=\"og:image:width\" content=\"1280\" \/>\n\t<meta property=\"og:image:height\" content=\"720\" \/>\n\t<meta property=\"og:image:type\" content=\"image\/jpeg\" \/>\n<meta name=\"author\" content=\"Edit\u00f6r\" \/>\n<meta name=\"twitter:card\" content=\"summary_large_image\" \/>\n<meta name=\"twitter:label1\" content=\"\u00c9crit par\" \/>\n\t<meta name=\"twitter:data1\" content=\"Edit\u00f6r\" \/>\n\t<meta name=\"twitter:label2\" content=\"Dur\u00e9e de lecture est.\" \/>\n\t<meta name=\"twitter:data2\" content=\"2 minutes\" \/>\n<script type=\"application\/ld+json\" class=\"yoast-schema-graph\">{\"@context\":\"https:\/\/schema.org\",\"@graph\":[{\"@type\":\"Article\",\"@id\":\"https:\/\/avrupapress.com\/main\/2024\/02\/14\/avrupa-insan-haklari-mahkemesi-aihm-helal-kesim-olarak-adlandirilan-hayvanlarin-uyutulmadan-kesilmesini-yasaklayan-duzenlemelerin-inanc-ozgurlugune-aykiri-olmadigina-ve-ayrimcil\/#article\",\"isPartOf\":{\"@id\":\"https:\/\/avrupapress.com\/main\/2024\/02\/14\/avrupa-insan-haklari-mahkemesi-aihm-helal-kesim-olarak-adlandirilan-hayvanlarin-uyutulmadan-kesilmesini-yasaklayan-duzenlemelerin-inanc-ozgurlugune-aykiri-olmadigina-ve-ayrimcil\/\"},\"author\":{\"name\":\"Edit\u00f6r\",\"@id\":\"https:\/\/avrupapress.com\/#\/schema\/person\/68428444ec60970d1e1b700cf4ca1e8f\"},\"headline\":\"Avrupa \u0130nsan Haklar\u0131 Mahkemesi (A\u0130HM), \u201chelal kesim\u201d olarak adland\u0131r\u0131lan, hayvanlar\u0131n uyutulmadan kesilmesini yasaklayan d\u00fczenlemelerin, inan\u00e7 \u00f6zg\u00fcrl\u00fc\u011f\u00fcne ayk\u0131r\u0131 olmad\u0131\u011f\u0131na ve ayr\u0131mc\u0131l\u0131k i\u00e7ermedi\u011fine karar verdi.\",\"datePublished\":\"2024-02-14T20:06:20+00:00\",\"dateModified\":\"2024-02-14T20:07:16+00:00\",\"mainEntityOfPage\":{\"@id\":\"https:\/\/avrupapress.com\/main\/2024\/02\/14\/avrupa-insan-haklari-mahkemesi-aihm-helal-kesim-olarak-adlandirilan-hayvanlarin-uyutulmadan-kesilmesini-yasaklayan-duzenlemelerin-inanc-ozgurlugune-aykiri-olmadigina-ve-ayrimcil\/\"},\"wordCount\":517,\"publisher\":{\"@id\":\"https:\/\/avrupapress.com\/#\/schema\/person\/0223dca19c72c43575bf30d1a2d8f4fa\"},\"image\":{\"@id\":\"https:\/\/avrupapress.com\/main\/2024\/02\/14\/avrupa-insan-haklari-mahkemesi-aihm-helal-kesim-olarak-adlandirilan-hayvanlarin-uyutulmadan-kesilmesini-yasaklayan-duzenlemelerin-inanc-ozgurlugune-aykiri-olmadigina-ve-ayrimcil\/#primaryimage\"},\"thumbnailUrl\":\"https:\/\/avrupapress.com\/main\/wp-content\/uploads\/2024\/02\/maxresdefault.jpg\",\"articleSection\":[\"Avrupa\",\"Bel\u00e7ika\",\"D\u00fcnya\",\"Ekonomi\",\"K\u00fclt\u00fcr-Sanat\",\"Spor\",\"Tan\u0131t\u0131m\",\"T\u00fcrkiye\",\"Uncategorized\"],\"inLanguage\":\"fr-BE\"},{\"@type\":\"WebPage\",\"@id\":\"https:\/\/avrupapress.com\/main\/2024\/02\/14\/avrupa-insan-haklari-mahkemesi-aihm-helal-kesim-olarak-adlandirilan-hayvanlarin-uyutulmadan-kesilmesini-yasaklayan-duzenlemelerin-inanc-ozgurlugune-aykiri-olmadigina-ve-ayrimcil\/\",\"url\":\"https:\/\/avrupapress.com\/main\/2024\/02\/14\/avrupa-insan-haklari-mahkemesi-aihm-helal-kesim-olarak-adlandirilan-hayvanlarin-uyutulmadan-kesilmesini-yasaklayan-duzenlemelerin-inanc-ozgurlugune-aykiri-olmadigina-ve-ayrimcil\/\",\"name\":\"Avrupa \u0130nsan Haklar\u0131 Mahkemesi (A\u0130HM), \u201chelal kesim\u201d olarak adland\u0131r\u0131lan, hayvanlar\u0131n uyutulmadan kesilmesini yasaklayan d\u00fczenlemelerin, inan\u00e7 \u00f6zg\u00fcrl\u00fc\u011f\u00fcne ayk\u0131r\u0131 olmad\u0131\u011f\u0131na ve ayr\u0131mc\u0131l\u0131k i\u00e7ermedi\u011fine karar verdi. - AvrupaPress\",\"isPartOf\":{\"@id\":\"https:\/\/avrupapress.com\/#website\"},\"primaryImageOfPage\":{\"@id\":\"https:\/\/avrupapress.com\/main\/2024\/02\/14\/avrupa-insan-haklari-mahkemesi-aihm-helal-kesim-olarak-adlandirilan-hayvanlarin-uyutulmadan-kesilmesini-yasaklayan-duzenlemelerin-inanc-ozgurlugune-aykiri-olmadigina-ve-ayrimcil\/#primaryimage\"},\"image\":{\"@id\":\"https:\/\/avrupapress.com\/main\/2024\/02\/14\/avrupa-insan-haklari-mahkemesi-aihm-helal-kesim-olarak-adlandirilan-hayvanlarin-uyutulmadan-kesilmesini-yasaklayan-duzenlemelerin-inanc-ozgurlugune-aykiri-olmadigina-ve-ayrimcil\/#primaryimage\"},\"thumbnailUrl\":\"https:\/\/avrupapress.com\/main\/wp-content\/uploads\/2024\/02\/maxresdefault.jpg\",\"datePublished\":\"2024-02-14T20:06:20+00:00\",\"dateModified\":\"2024-02-14T20:07:16+00:00\",\"breadcrumb\":{\"@id\":\"https:\/\/avrupapress.com\/main\/2024\/02\/14\/avrupa-insan-haklari-mahkemesi-aihm-helal-kesim-olarak-adlandirilan-hayvanlarin-uyutulmadan-kesilmesini-yasaklayan-duzenlemelerin-inanc-ozgurlugune-aykiri-olmadigina-ve-ayrimcil\/#breadcrumb\"},\"inLanguage\":\"fr-BE\",\"potentialAction\":[{\"@type\":\"ReadAction\",\"target\":[\"https:\/\/avrupapress.com\/main\/2024\/02\/14\/avrupa-insan-haklari-mahkemesi-aihm-helal-kesim-olarak-adlandirilan-hayvanlarin-uyutulmadan-kesilmesini-yasaklayan-duzenlemelerin-inanc-ozgurlugune-aykiri-olmadigina-ve-ayrimcil\/\"]}]},{\"@type\":\"ImageObject\",\"inLanguage\":\"fr-BE\",\"@id\":\"https:\/\/avrupapress.com\/main\/2024\/02\/14\/avrupa-insan-haklari-mahkemesi-aihm-helal-kesim-olarak-adlandirilan-hayvanlarin-uyutulmadan-kesilmesini-yasaklayan-duzenlemelerin-inanc-ozgurlugune-aykiri-olmadigina-ve-ayrimcil\/#primaryimage\",\"url\":\"https:\/\/avrupapress.com\/main\/wp-content\/uploads\/2024\/02\/maxresdefault.jpg\",\"contentUrl\":\"https:\/\/avrupapress.com\/main\/wp-content\/uploads\/2024\/02\/maxresdefault.jpg\",\"width\":1280,\"height\":720},{\"@type\":\"BreadcrumbList\",\"@id\":\"https:\/\/avrupapress.com\/main\/2024\/02\/14\/avrupa-insan-haklari-mahkemesi-aihm-helal-kesim-olarak-adlandirilan-hayvanlarin-uyutulmadan-kesilmesini-yasaklayan-duzenlemelerin-inanc-ozgurlugune-aykiri-olmadigina-ve-ayrimcil\/#breadcrumb\",\"itemListElement\":[{\"@type\":\"ListItem\",\"position\":1,\"name\":\"Anasayfa\",\"item\":\"https:\/\/avrupapress.com\/\"},{\"@type\":\"ListItem\",\"position\":2,\"name\":\"Avrupa \u0130nsan Haklar\u0131 Mahkemesi (A\u0130HM), \u201chelal kesim\u201d olarak adland\u0131r\u0131lan, hayvanlar\u0131n uyutulmadan kesilmesini yasaklayan d\u00fczenlemelerin, inan\u00e7 \u00f6zg\u00fcrl\u00fc\u011f\u00fcne ayk\u0131r\u0131 olmad\u0131\u011f\u0131na ve ayr\u0131mc\u0131l\u0131k i\u00e7ermedi\u011fine karar verdi.\"}]},{\"@type\":\"WebSite\",\"@id\":\"https:\/\/avrupapress.com\/#website\",\"url\":\"https:\/\/avrupapress.com\/\",\"name\":\"AvrupaPress\",\"description\":\"Haberin Adresi\",\"publisher\":{\"@id\":\"https:\/\/avrupapress.com\/#\/schema\/person\/0223dca19c72c43575bf30d1a2d8f4fa\"},\"potentialAction\":[{\"@type\":\"SearchAction\",\"target\":{\"@type\":\"EntryPoint\",\"urlTemplate\":\"https:\/\/avrupapress.com\/?s={search_term_string}\"},\"query-input\":{\"@type\":\"PropertyValueSpecification\",\"valueRequired\":true,\"valueName\":\"search_term_string\"}}],\"inLanguage\":\"fr-BE\"},{\"@type\":[\"Person\",\"Organization\"],\"@id\":\"https:\/\/avrupapress.com\/#\/schema\/person\/0223dca19c72c43575bf30d1a2d8f4fa\",\"name\":\"Bilgin \u00d6z\u00e7ift\u00e7i\",\"image\":{\"@type\":\"ImageObject\",\"inLanguage\":\"fr-BE\",\"@id\":\"https:\/\/avrupapress.com\/#\/schema\/person\/image\/\",\"url\":\"https:\/\/secure.gravatar.com\/avatar\/0f23b280433a21e1ea7a0adcc46ed0ad16afe3ad8e630fd13d8a017dcbd54ef3?s=96&d=mm&r=g\",\"contentUrl\":\"https:\/\/secure.gravatar.com\/avatar\/0f23b280433a21e1ea7a0adcc46ed0ad16afe3ad8e630fd13d8a017dcbd54ef3?s=96&d=mm&r=g\",\"caption\":\"Bilgin \u00d6z\u00e7ift\u00e7i\"},\"logo\":{\"@id\":\"https:\/\/avrupapress.com\/#\/schema\/person\/image\/\"},\"description\":\"Ne ben, nede sen... Biz ancak \\\"biz\\\" olursak g\u00fc\u00e7l\u00fc olabiliriz\"},{\"@type\":\"Person\",\"@id\":\"https:\/\/avrupapress.com\/#\/schema\/person\/68428444ec60970d1e1b700cf4ca1e8f\",\"name\":\"Edit\u00f6r\",\"image\":{\"@type\":\"ImageObject\",\"inLanguage\":\"fr-BE\",\"@id\":\"https:\/\/avrupapress.com\/#\/schema\/person\/image\/\",\"url\":\"https:\/\/secure.gravatar.com\/avatar\/74996b0977aa5f1559ba9883776652508b229005c0d78fb2597897f0bd651c09?s=96&d=mm&r=g\",\"contentUrl\":\"https:\/\/secure.gravatar.com\/avatar\/74996b0977aa5f1559ba9883776652508b229005c0d78fb2597897f0bd651c09?s=96&d=mm&r=g\",\"caption\":\"Edit\u00f6r\"},\"sameAs\":[\"http:\/\/www.avrupapress.com\"],\"url\":\"https:\/\/avrupapress.com\/main\/author\/editor\/\"}]}<\/script>\n<!-- \/ Yoast SEO plugin. -->","yoast_head_json":{"title":"Avrupa \u0130nsan Haklar\u0131 Mahkemesi (A\u0130HM), \u201chelal kesim\u201d olarak adland\u0131r\u0131lan, hayvanlar\u0131n uyutulmadan kesilmesini yasaklayan d\u00fczenlemelerin, inan\u00e7 \u00f6zg\u00fcrl\u00fc\u011f\u00fcne ayk\u0131r\u0131 olmad\u0131\u011f\u0131na ve ayr\u0131mc\u0131l\u0131k i\u00e7ermedi\u011fine karar verdi. - AvrupaPress","robots":{"index":"index","follow":"follow","max-snippet":"max-snippet:-1","max-image-preview":"max-image-preview:large","max-video-preview":"max-video-preview:-1"},"canonical":"https:\/\/avrupapress.com\/main\/2024\/02\/14\/avrupa-insan-haklari-mahkemesi-aihm-helal-kesim-olarak-adlandirilan-hayvanlarin-uyutulmadan-kesilmesini-yasaklayan-duzenlemelerin-inanc-ozgurlugune-aykiri-olmadigina-ve-ayrimcil\/","og_locale":"fr_FR","og_type":"article","og_title":"Avrupa \u0130nsan Haklar\u0131 Mahkemesi (A\u0130HM), \u201chelal kesim\u201d olarak adland\u0131r\u0131lan, hayvanlar\u0131n uyutulmadan kesilmesini yasaklayan d\u00fczenlemelerin, inan\u00e7 \u00f6zg\u00fcrl\u00fc\u011f\u00fcne ayk\u0131r\u0131 olmad\u0131\u011f\u0131na ve ayr\u0131mc\u0131l\u0131k i\u00e7ermedi\u011fine karar verdi. - AvrupaPress","og_description":"Avrupa \u0130nsan Haklar\u0131 Mahkemesi (A\u0130HM), Bel\u00e7ika&rsquo;da hayvanlar\u0131n uyutulmadan kesilmesini yasaklayan d\u00fczenlemelerin inan\u00e7 \u00f6zg\u00fcrl\u00fc\u011f\u00fcne ayk\u0131r\u0131 olmad\u0131\u011f\u0131na ve ayr\u0131mc\u0131l\u0131k i\u00e7ermedi\u011fine karar verdi. A\u0130HM&rsquo;nin karar\u0131, Bel\u00e7ika&rsquo;da helal kesim yasa\u011f\u0131n\u0131n yasal oldu\u011funu do\u011frulad\u0131. Avrupa \u0130nsan Haklar\u0131 Mahkemesi (A\u0130HM), \u201chelal kesim\u201d olarak adland\u0131r\u0131lan, hayvanlar\u0131n uyutulmadan kesilmesini yasaklayan d\u00fczenlemelerin, inan\u00e7 \u00f6zg\u00fcrl\u00fc\u011f\u00fcne ayk\u0131r\u0131 olmad\u0131\u011f\u0131na ve ayr\u0131mc\u0131l\u0131k i\u00e7ermedi\u011fine karar verdi. Mahkeme, Bel\u00e7ikal\u0131 M\u00fcsl\u00fcman [&hellip;]","og_url":"https:\/\/avrupapress.com\/main\/2024\/02\/14\/avrupa-insan-haklari-mahkemesi-aihm-helal-kesim-olarak-adlandirilan-hayvanlarin-uyutulmadan-kesilmesini-yasaklayan-duzenlemelerin-inanc-ozgurlugune-aykiri-olmadigina-ve-ayrimcil\/","og_site_name":"AvrupaPress","article_published_time":"2024-02-14T20:06:20+00:00","article_modified_time":"2024-02-14T20:07:16+00:00","og_image":[{"width":1280,"height":720,"url":"https:\/\/avrupapress.com\/main\/wp-content\/uploads\/2024\/02\/maxresdefault.jpg","type":"image\/jpeg"}],"author":"Edit\u00f6r","twitter_card":"summary_large_image","twitter_misc":{"\u00c9crit par":"Edit\u00f6r","Dur\u00e9e de lecture est.":"2 minutes"},"schema":{"@context":"https:\/\/schema.org","@graph":[{"@type":"Article","@id":"https:\/\/avrupapress.com\/main\/2024\/02\/14\/avrupa-insan-haklari-mahkemesi-aihm-helal-kesim-olarak-adlandirilan-hayvanlarin-uyutulmadan-kesilmesini-yasaklayan-duzenlemelerin-inanc-ozgurlugune-aykiri-olmadigina-ve-ayrimcil\/#article","isPartOf":{"@id":"https:\/\/avrupapress.com\/main\/2024\/02\/14\/avrupa-insan-haklari-mahkemesi-aihm-helal-kesim-olarak-adlandirilan-hayvanlarin-uyutulmadan-kesilmesini-yasaklayan-duzenlemelerin-inanc-ozgurlugune-aykiri-olmadigina-ve-ayrimcil\/"},"author":{"name":"Edit\u00f6r","@id":"https:\/\/avrupapress.com\/#\/schema\/person\/68428444ec60970d1e1b700cf4ca1e8f"},"headline":"Avrupa \u0130nsan Haklar\u0131 Mahkemesi (A\u0130HM), \u201chelal kesim\u201d olarak adland\u0131r\u0131lan, hayvanlar\u0131n uyutulmadan kesilmesini yasaklayan d\u00fczenlemelerin, inan\u00e7 \u00f6zg\u00fcrl\u00fc\u011f\u00fcne ayk\u0131r\u0131 olmad\u0131\u011f\u0131na ve ayr\u0131mc\u0131l\u0131k i\u00e7ermedi\u011fine karar verdi.","datePublished":"2024-02-14T20:06:20+00:00","dateModified":"2024-02-14T20:07:16+00:00","mainEntityOfPage":{"@id":"https:\/\/avrupapress.com\/main\/2024\/02\/14\/avrupa-insan-haklari-mahkemesi-aihm-helal-kesim-olarak-adlandirilan-hayvanlarin-uyutulmadan-kesilmesini-yasaklayan-duzenlemelerin-inanc-ozgurlugune-aykiri-olmadigina-ve-ayrimcil\/"},"wordCount":517,"publisher":{"@id":"https:\/\/avrupapress.com\/#\/schema\/person\/0223dca19c72c43575bf30d1a2d8f4fa"},"image":{"@id":"https:\/\/avrupapress.com\/main\/2024\/02\/14\/avrupa-insan-haklari-mahkemesi-aihm-helal-kesim-olarak-adlandirilan-hayvanlarin-uyutulmadan-kesilmesini-yasaklayan-duzenlemelerin-inanc-ozgurlugune-aykiri-olmadigina-ve-ayrimcil\/#primaryimage"},"thumbnailUrl":"https:\/\/avrupapress.com\/main\/wp-content\/uploads\/2024\/02\/maxresdefault.jpg","articleSection":["Avrupa","Bel\u00e7ika","D\u00fcnya","Ekonomi","K\u00fclt\u00fcr-Sanat","Spor","Tan\u0131t\u0131m","T\u00fcrkiye","Uncategorized"],"inLanguage":"fr-BE"},{"@type":"WebPage","@id":"https:\/\/avrupapress.com\/main\/2024\/02\/14\/avrupa-insan-haklari-mahkemesi-aihm-helal-kesim-olarak-adlandirilan-hayvanlarin-uyutulmadan-kesilmesini-yasaklayan-duzenlemelerin-inanc-ozgurlugune-aykiri-olmadigina-ve-ayrimcil\/","url":"https:\/\/avrupapress.com\/main\/2024\/02\/14\/avrupa-insan-haklari-mahkemesi-aihm-helal-kesim-olarak-adlandirilan-hayvanlarin-uyutulmadan-kesilmesini-yasaklayan-duzenlemelerin-inanc-ozgurlugune-aykiri-olmadigina-ve-ayrimcil\/","name":"Avrupa \u0130nsan Haklar\u0131 Mahkemesi (A\u0130HM), \u201chelal kesim\u201d olarak adland\u0131r\u0131lan, hayvanlar\u0131n uyutulmadan kesilmesini yasaklayan d\u00fczenlemelerin, inan\u00e7 \u00f6zg\u00fcrl\u00fc\u011f\u00fcne ayk\u0131r\u0131 olmad\u0131\u011f\u0131na ve ayr\u0131mc\u0131l\u0131k i\u00e7ermedi\u011fine karar verdi. - AvrupaPress","isPartOf":{"@id":"https:\/\/avrupapress.com\/#website"},"primaryImageOfPage":{"@id":"https:\/\/avrupapress.com\/main\/2024\/02\/14\/avrupa-insan-haklari-mahkemesi-aihm-helal-kesim-olarak-adlandirilan-hayvanlarin-uyutulmadan-kesilmesini-yasaklayan-duzenlemelerin-inanc-ozgurlugune-aykiri-olmadigina-ve-ayrimcil\/#primaryimage"},"image":{"@id":"https:\/\/avrupapress.com\/main\/2024\/02\/14\/avrupa-insan-haklari-mahkemesi-aihm-helal-kesim-olarak-adlandirilan-hayvanlarin-uyutulmadan-kesilmesini-yasaklayan-duzenlemelerin-inanc-ozgurlugune-aykiri-olmadigina-ve-ayrimcil\/#primaryimage"},"thumbnailUrl":"https:\/\/avrupapress.com\/main\/wp-content\/uploads\/2024\/02\/maxresdefault.jpg","datePublished":"2024-02-14T20:06:20+00:00","dateModified":"2024-02-14T20:07:16+00:00","breadcrumb":{"@id":"https:\/\/avrupapress.com\/main\/2024\/02\/14\/avrupa-insan-haklari-mahkemesi-aihm-helal-kesim-olarak-adlandirilan-hayvanlarin-uyutulmadan-kesilmesini-yasaklayan-duzenlemelerin-inanc-ozgurlugune-aykiri-olmadigina-ve-ayrimcil\/#breadcrumb"},"inLanguage":"fr-BE","potentialAction":[{"@type":"ReadAction","target":["https:\/\/avrupapress.com\/main\/2024\/02\/14\/avrupa-insan-haklari-mahkemesi-aihm-helal-kesim-olarak-adlandirilan-hayvanlarin-uyutulmadan-kesilmesini-yasaklayan-duzenlemelerin-inanc-ozgurlugune-aykiri-olmadigina-ve-ayrimcil\/"]}]},{"@type":"ImageObject","inLanguage":"fr-BE","@id":"https:\/\/avrupapress.com\/main\/2024\/02\/14\/avrupa-insan-haklari-mahkemesi-aihm-helal-kesim-olarak-adlandirilan-hayvanlarin-uyutulmadan-kesilmesini-yasaklayan-duzenlemelerin-inanc-ozgurlugune-aykiri-olmadigina-ve-ayrimcil\/#primaryimage","url":"https:\/\/avrupapress.com\/main\/wp-content\/uploads\/2024\/02\/maxresdefault.jpg","contentUrl":"https:\/\/avrupapress.com\/main\/wp-content\/uploads\/2024\/02\/maxresdefault.jpg","width":1280,"height":720},{"@type":"BreadcrumbList","@id":"https:\/\/avrupapress.com\/main\/2024\/02\/14\/avrupa-insan-haklari-mahkemesi-aihm-helal-kesim-olarak-adlandirilan-hayvanlarin-uyutulmadan-kesilmesini-yasaklayan-duzenlemelerin-inanc-ozgurlugune-aykiri-olmadigina-ve-ayrimcil\/#breadcrumb","itemListElement":[{"@type":"ListItem","position":1,"name":"Anasayfa","item":"https:\/\/avrupapress.com\/"},{"@type":"ListItem","position":2,"name":"Avrupa \u0130nsan Haklar\u0131 Mahkemesi (A\u0130HM), \u201chelal kesim\u201d olarak adland\u0131r\u0131lan, hayvanlar\u0131n uyutulmadan kesilmesini yasaklayan d\u00fczenlemelerin, inan\u00e7 \u00f6zg\u00fcrl\u00fc\u011f\u00fcne ayk\u0131r\u0131 olmad\u0131\u011f\u0131na ve ayr\u0131mc\u0131l\u0131k i\u00e7ermedi\u011fine karar verdi."}]},{"@type":"WebSite","@id":"https:\/\/avrupapress.com\/#website","url":"https:\/\/avrupapress.com\/","name":"AvrupaPress","description":"Haberin Adresi","publisher":{"@id":"https:\/\/avrupapress.com\/#\/schema\/person\/0223dca19c72c43575bf30d1a2d8f4fa"},"potentialAction":[{"@type":"SearchAction","target":{"@type":"EntryPoint","urlTemplate":"https:\/\/avrupapress.com\/?s={search_term_string}"},"query-input":{"@type":"PropertyValueSpecification","valueRequired":true,"valueName":"search_term_string"}}],"inLanguage":"fr-BE"},{"@type":["Person","Organization"],"@id":"https:\/\/avrupapress.com\/#\/schema\/person\/0223dca19c72c43575bf30d1a2d8f4fa","name":"Bilgin \u00d6z\u00e7ift\u00e7i","image":{"@type":"ImageObject","inLanguage":"fr-BE","@id":"https:\/\/avrupapress.com\/#\/schema\/person\/image\/","url":"https:\/\/secure.gravatar.com\/avatar\/0f23b280433a21e1ea7a0adcc46ed0ad16afe3ad8e630fd13d8a017dcbd54ef3?s=96&d=mm&r=g","contentUrl":"https:\/\/secure.gravatar.com\/avatar\/0f23b280433a21e1ea7a0adcc46ed0ad16afe3ad8e630fd13d8a017dcbd54ef3?s=96&d=mm&r=g","caption":"Bilgin \u00d6z\u00e7ift\u00e7i"},"logo":{"@id":"https:\/\/avrupapress.com\/#\/schema\/person\/image\/"},"description":"Ne ben, nede sen... Biz ancak \"biz\" olursak g\u00fc\u00e7l\u00fc olabiliriz"},{"@type":"Person","@id":"https:\/\/avrupapress.com\/#\/schema\/person\/68428444ec60970d1e1b700cf4ca1e8f","name":"Edit\u00f6r","image":{"@type":"ImageObject","inLanguage":"fr-BE","@id":"https:\/\/avrupapress.com\/#\/schema\/person\/image\/","url":"https:\/\/secure.gravatar.com\/avatar\/74996b0977aa5f1559ba9883776652508b229005c0d78fb2597897f0bd651c09?s=96&d=mm&r=g","contentUrl":"https:\/\/secure.gravatar.com\/avatar\/74996b0977aa5f1559ba9883776652508b229005c0d78fb2597897f0bd651c09?s=96&d=mm&r=g","caption":"Edit\u00f6r"},"sameAs":["http:\/\/www.avrupapress.com"],"url":"https:\/\/avrupapress.com\/main\/author\/editor\/"}]}},"_links":{"self":[{"href":"https:\/\/avrupapress.com\/main\/wp-json\/wp\/v2\/posts\/25231","targetHints":{"allow":["GET"]}}],"collection":[{"href":"https:\/\/avrupapress.com\/main\/wp-json\/wp\/v2\/posts"}],"about":[{"href":"https:\/\/avrupapress.com\/main\/wp-json\/wp\/v2\/types\/post"}],"author":[{"embeddable":true,"href":"https:\/\/avrupapress.com\/main\/wp-json\/wp\/v2\/users\/3"}],"replies":[{"embeddable":true,"href":"https:\/\/avrupapress.com\/main\/wp-json\/wp\/v2\/comments?post=25231"}],"version-history":[{"count":2,"href":"https:\/\/avrupapress.com\/main\/wp-json\/wp\/v2\/posts\/25231\/revisions"}],"predecessor-version":[{"id":25236,"href":"https:\/\/avrupapress.com\/main\/wp-json\/wp\/v2\/posts\/25231\/revisions\/25236"}],"wp:featuredmedia":[{"embeddable":true,"href":"https:\/\/avrupapress.com\/main\/wp-json\/wp\/v2\/media\/25234"}],"wp:attachment":[{"href":"https:\/\/avrupapress.com\/main\/wp-json\/wp\/v2\/media?parent=25231"}],"wp:term":[{"taxonomy":"category","embeddable":true,"href":"https:\/\/avrupapress.com\/main\/wp-json\/wp\/v2\/categories?post=25231"},{"taxonomy":"post_tag","embeddable":true,"href":"https:\/\/avrupapress.com\/main\/wp-json\/wp\/v2\/tags?post=25231"}],"curies":[{"name":"wp","href":"https:\/\/api.w.org\/{rel}","templated":true}]}}