{"id":25214,"date":"2024-02-12T21:29:19","date_gmt":"2024-02-12T21:29:19","guid":{"rendered":"https:\/\/avrupapress.com\/main\/?p=25214"},"modified":"2024-02-12T21:29:30","modified_gmt":"2024-02-12T21:29:30","slug":"yapay-zeka-firsat-mi-tehdit-mi-yararli-mi-zararli-mi","status":"publish","type":"post","link":"https:\/\/avrupapress.com\/main\/2024\/02\/12\/yapay-zeka-firsat-mi-tehdit-mi-yararli-mi-zararli-mi\/","title":{"rendered":"Yapay Zek\u00e2 F\u0131rsat m\u0131 Tehdit mi? Yararl\u0131 m\u0131 Zararl\u0131 m\u0131?"},"content":{"rendered":"<p>\u0130lk defa duydu\u011fum Uzaktan K\u0131sa K\u0131sa Akademik toplulu\u011funun 7 \u015eubat 2024 ak\u015fam\u0131 zoom \u00fczerinde yapt\u0131\u011f\u0131 etkinlikte Prof. Dr. As\u0131m Egemen Y\u0131lmaz\u2019\u0131n sundu\u011fu \u201cYapay Zek\u00e2 E\u011fitimde Bir F\u0131rsat m\u0131 yoksa Tehdit mi?\u201d 155 no.lu konferans ve sonras\u0131ndaki tart\u0131\u015fma \u00e7ok \u00f6\u011freticiydi. Egemen hoca her d\u00fczeyde insan\u0131n anlayaca\u011f\u0131 bir ifade ile yapay zekan\u0131n neler getirir neler g\u00f6t\u00fcr\u00fcr konusunu \u00e7ok net anlatt\u0131. Yapay zek\u00e2 ile ilgili bilinen ve bilinmeyen y\u00f6nler ve yapay zekan\u0131n ileride olas\u0131 etkilerinin sorgulanmas\u0131 konusu bir\u00e7ok y\u00f6nden ufuk a\u00e7\u0131c\u0131yd\u0131. Sunum sonras\u0131 \u00e7o\u011funlukla e\u011fitim camias\u0131nda konuyu \u00e7al\u0131\u015fan akademisyenlerin sordu\u011fu sorular ayr\u0131ca d\u00fc\u015f\u00fcnce d\u00fcnyam\u0131z\u0131 zenginle\u015ftirdi.<\/p>\n<p aria-hidden=\"true\">\u00a0 \u00a0 <b>Teknolojiden Beklentimiz Nedir?<\/b><\/p>\n<p>Bilimsel bilginin ve teknolojik geli\u015fmelerin toplumun d\u00fc\u015f\u00fcnce d\u00fcnyas\u0131 \u00fczerindeki etkileri mesle\u011fimizden de \u00f6te b\u00fct\u00fcnl\u00fckl\u00fc bir d\u00fcnya analiz i\u00e7in her zaman ilgimi \u00e7ekmi\u015ftir. \u00dcst yap\u0131 kurumlar\u0131 olan sosyolojinin t\u00fcm alanlar\u0131, ba\u015fta y\u00f6netim \u015fekilleri ve tamamen alt yap\u0131 ile ili\u015fkilerini ve bunun e\u011fitim \u00fczerindeki etkilerini ayr\u0131ca \u00e7ok \u00f6nemserim. Bizler e\u011fitimin teknolojik olanaklar ile yayg\u0131nla\u015fmas\u0131 sonucu toplumun daha \u00e7ok bilgi sahibi olaca\u011f\u0131 ve ayd\u0131nlanaca\u011f\u0131n\u0131 bekliyorduk. Ancak beklenildi\u011fi gibi bir etki olmad\u0131\u011f\u0131, d\u00fcnyan\u0131n bug\u00fcnk\u00fc ekonomik ve sosyal olarak ayr\u0131\u015fm\u0131\u015fl\u0131\u011f\u0131n\u0131n a\u015f\u0131lamad\u0131\u011f\u0131, \u00e7at\u0131\u015fmalar\u0131n s\u00fcrd\u00fc\u011f\u00fc g\u00f6r\u00fclmektedir. \u015eu ana kadarki geli\u015fmelerde insanlar\u0131n b\u00fcy\u00fck \u00e7o\u011funlu\u011fu daha \u00e7ok teknolojik aparatlar\u0131 sat\u0131n alarak kulland\u0131lar. Ancak teknolojik aparatlar\u0131n arka yap\u0131s\u0131n\u0131 bilmeden yaln\u0131zca d\u00fc\u011fmelerine basarak ve\/ya geli\u015fmelerden anl\u0131k olarak enformasyon alarak i\u015flerini s\u00fcrd\u00fcrmektedirler. Ancak bu, ki\u015filerin ald\u0131\u011f\u0131 enformasyonu i\u00e7selle\u015ftirerek bilgi da\u011farc\u0131\u011f\u0131n\u0131 artt\u0131rd\u0131\u011f\u0131 anlam\u0131na gelmemektedir. Yapay zek\u00e2n\u0131n da \u00e7ok k\u00fc\u00e7\u00fck fakat y\u00fcksek nitelikli veri kullanan ve bilgiye ihtiya\u00e7 duyan insan\u0131n i\u015fini \u00e7ok kolayla\u015ft\u0131rd\u0131\u011f\u0131 a\u00e7\u0131k bir ger\u00e7ektir. Pandemi, do\u011fal afetler, deprem ve g\u00f6k y\u00fcz\u00fcndeki baz\u0131 geli\u015fmeleri anlamak i\u00e7in yapay zek\u00e2, \u015fimdilik hesaplamalarda b\u00fcy\u00fck destek sundu. B\u00fcy\u00fck verilerin analizi, s\u0131n\u0131fland\u0131rmas\u0131 ve garfikle\u015ftirerek b\u00fct\u00fcn\u00fcn anla\u015f\u0131lmas\u0131n\u0131 sa\u011flad\u0131. \u0130nsan\u0131n biraz hamall\u0131\u011f\u0131n\u0131 alarak farkl\u0131 ki\u015fi ve ortamlarda \u00fcretilen bilgileri derleyerek bilginin \u00e7o\u011falmas\u0131n\u0131 ve i\u015flenmesinin \u00f6n\u00fcn\u00fc a\u00e7t\u0131. Bir\u00e7ok ileri hassa teknoloji, enzim tabii ila\u00e7 vs. \u00fcr\u00fcn\u00fcn \u00fcretilmesini sa\u011flad\u0131. Bu anal\u0131mda bilgi i\u015fleme teknolojileri yapay zek\u00e2 dahil \u00e7ok olumlu kolayl\u0131klar sa\u011flam\u0131\u015f oldu.<\/p>\n<p><b>Yapay Zek\u00e2 \u00d6\u011frenciyi Tembelle\u015ftirir mi?<\/b><\/p>\n<p>En \u00e7ok konu\u015fulan ve tart\u0131\u015f\u0131lan konulardan birisi yapay zek\u00e2n\u0131n insan\u0131n i\u015fini elinden ald\u0131\u011f\u0131, e\u011fitimde \u00f6\u011frencilerin emek sarf etmeden saniyesinde arad\u0131klar\u0131 bilgiye ula\u015ft\u0131klar\u0131 konusuydu. \u00d6\u011frencinin \u00e7al\u0131\u015fmadan bilgiyi elinde g\u00f6rmesi ilerisi i\u00e7in yapay zekan\u0131n e\u011fitimde bir \u00e7\u0131kmaz m\u0131 veya f\u0131rsat m\u0131 olaca\u011f\u0131 tart\u0131\u015fmas\u0131n\u0131 getiriyor. Egemen hoca, yapay zek\u00e2n\u0131n bu anlamda zarar de\u011fil yarar getirdi\u011fini k\u00fc\u00e7\u00fck bir \u00e7ak\u0131 b\u0131\u00e7a\u011f\u0131n\u0131n kullan\u0131m durumu ile fakl\u0131 bir a\u00e7\u0131 ile tan\u0131mlad\u0131. Benim \u015fahsi d\u00fc\u015f\u00fcnceme g\u00f6re de bilimsel geli\u015fmeler ve \u00fcretilmi\u015f olan teknolojinin sonucu insan\u0131n \u00fcretti\u011fi bilginin makinelere \u00f6\u011fretilmesi sonucu yapay zek\u00e2 ger\u00e7e\u011finin art\u0131k ya\u015fam\u0131m\u0131zda ka\u00e7\u0131n\u0131lmaz bir yeri vard\u0131r. Ka\u00e7\u0131n\u0131lmaz olarak yapay zek\u00e2 k\u0131sa s\u00fcre sonra ba\u015fta e\u011fitim alan\u0131nda ders i\u015flemeden, de\u011ferlendirmeye ve sertifikasyondan diplomaya bug\u00fcne kadar bilinen b\u00fct\u00fcn ezberleri bozaca\u011f\u0131 ger\u00e7e\u011fi a\u015fikard\u0131r. Di\u011fer alanlarda hatta bireylerin g\u00fcnl\u00fck ya\u015fam\u0131nda yapay zek\u00e2 ile birlikte ya\u015famak durumunda kalaca\u011f\u0131z. Bu ba\u011flamda yapay zekadan korkmak de\u011fil, geli\u015fmeleri anlamak, kendimizi disipline ederek makine ile yar\u0131\u015fma yerine patronu olarak onu amaca uygun nas\u0131l y\u00f6netirizi ve en \u00fcst d\u00fczeyde yararlan\u0131r\u0131z-\u0131 d\u00fc\u015f\u00fcnmek durumunday\u0131z.<\/p>\n<p><b>\u00a0<\/b><\/p>\n<p><b>\u00dcniversiteler \u00d6ncelikle \u0130leri Teknolojiyi Takip ederek E\u011fitimdeki Yerini S\u00fcrekli G\u00fcncellemeli<\/b><\/p>\n<p>\u0130leti\u015fim teknolojileri \u00e7a\u011f\u0131n \u00f6n\u00fcm\u00fcze koydu\u011fu b\u00fcy\u00fck olgu art\u0131k sanayi \u00e7a\u011f\u0131n\u0131n End\u00fcstri 3 0 ve 4 0 de\u011fil, End\u00fcstri 5 0 oldu\u011fudur, \u00fcst soyutlamalar hen\u00fcz yapamasa da yapay\/yar\u0131 organik zek\u00e2 ve robotik dijital teknoloji ya\u015fam\u0131n her alan\u0131nda \u00e7oklu i\u015flevler g\u00f6r\u00fcyor. Konu paradigma de\u011fi\u015fiminin de \u00f6tesinde geli\u015fen teknolojilerin bir arada bilgisayarlarca kontrol edildi\u011fi ve ko\u015fullara g\u00f6re k\u0131smen kendili\u011finden g\u00fcncellenebilen yeni d\u00f6n\u00fc\u015f\u00fcm durumudur. Konu\/olgu s\u0131radan insanlar\u0131n g\u00fcndeminde olmayabilir, ancak \u00fcniversitelerin do\u011frudan gelece\u011fin temel ekipman\u0131 ve d\u00f6n\u00fc\u015ft\u00fcr\u00fcc\u00fcs\u00fc olarak konunun i\u00e7inde olmalar\u0131 gerekmektedir. Hatta bilimsel ve teknolojik olarak geli\u015fmi\u015f \u00fclkelerin \u00fcniversiteleri gibi kendilerini de ge\u00e7mi\u015fte bu konulara haz\u0131rlamalar\u0131 gerekirdi. Sonu\u00e7ta \u00fcniversitelerin geli\u015fmeleri toplumdan \u00f6nce g\u00f6rmesi ve tart\u0131\u015fmas\u0131 gerekir. \u015eimdilik yapay zekan\u0131n nereye evrilece\u011fi ve ya\u015fam\u0131m\u0131z\u0131 nas\u0131l etkileyece\u011fini tam kestiremiyoruz. Ancak ya\u015fam stilimizin de\u011fi\u015fece\u011fi a\u00e7\u0131k bir ger\u00e7ektir.<\/p>\n<p><b>\u00a0<\/b><\/p>\n<p><b>\u00c7a\u011f\u0131n Gereklerini Adapte Olmam\u0131z, Teknolojiden Yararlanmam\u0131z Gerekiyor<\/b><\/p>\n<p>Bundan sonra bilgiyi iyi kullanan ve insan\u0131n zihin kodlar\u0131n\u0131 de\u015fifre etmi\u015f bir dahi yeni farkl\u0131l\u0131klar yaratabilir. Bunun ne getirip ne g\u00f6t\u00fcrece\u011fini de \u00e7ok bilmiyoruz. Yapay zek\u00e2 yaz\u0131l\u0131m\u0131 ve robot teknolojilerindeki geli\u015fmelerin h\u0131z\u0131 i\u00e7inde bilmemiz \u00e7ok da kolay olmayacakt\u0131r. Ancak \u00fcniversitelerin yani bilginin \u00fcretim ortam\u0131n\u0131; toplumun ve iktidarlar\u0131n \u00f6tesinde izlemesi ve programlar\u0131nda bu konuya \u015fimdiden yer vermesinde b\u00fcy\u00fck yarar vard\u0131r. Yap\u0131lmas\u0131 gereken ka\u00e7\u0131n\u0131lmaz olan teknolojiyle didi\u015fmekten \u00e7ok erken adapte olup kendimizi de disipline ederek yeni geli\u015fmelerden en etkin bi\u00e7imde yararlanmay\u0131 bilmektir. \u0130leri teknolojiden kopan bir toplumun, \u00fclke veya \u00fcniversitenin bir daha ka\u00e7an treni yakalamas\u0131 \u00e7ok zordur; aksine bizzat treni \u00fcretmek, geli\u015ftirmek ve insanl\u0131k yarar\u0131na kullanmak gerekiyor .<\/p>\n<p align=\"right\">9 \u015eubat 2024, Adana<\/p>\n<p>Not: Say\u0131n hocam, bir\u00e7o\u011funuzun e-posta adresi bir \u015fekilde makinemdeki adres defterime yerle\u015fmi\u015ftir. Amac\u0131m kimsenin zaman\u0131n\u0131 almak ve rahats\u0131z etmek de\u011fildir. Hepimizin ortak sorununu bir \u015fekilde dile getirmektir. E-posta bu bak\u0131mdan d\u00fc\u015f\u00fcncelerimizi kolay payla\u015fabildi\u011fimiz bir ortam. Ancak pe\u015finen e\u011fer istenmeden e-posta ald\u0131ysan\u0131z \u00f6z\u00fcr dilerim. E\u011fer geri bildirimde bulunursan\u0131z listeden adresinizi hemen \u00e7\u0131kar\u0131r\u0131m.<\/p>\n<p><img loading=\"lazy\" decoding=\"async\" class=\"alignnone size-medium wp-image-25215\" src=\"https:\/\/avrupapress.com\/main\/wp-content\/uploads\/2024\/02\/th-300x144.jpg\" alt=\"\" width=\"300\" height=\"144\" srcset=\"https:\/\/avrupapress.com\/main\/wp-content\/uploads\/2024\/02\/th-300x144.jpg 300w, https:\/\/avrupapress.com\/main\/wp-content\/uploads\/2024\/02\/th.jpg 374w\" sizes=\"auto, (max-width: 300px) 100vw, 300px\" \/><\/p>\n<p><strong>\u0130brahim Orta\u015f\u00a0 \u00a0 \/\u00a0 \u00a0 AVRUPAPRESS<\/strong><\/p>\n","protected":false},"excerpt":{"rendered":"<p>\u0130lk defa duydu\u011fum Uzaktan K\u0131sa K\u0131sa Akademik toplulu\u011funun 7 \u015eubat 2024 ak\u015fam\u0131 zoom \u00fczerinde yapt\u0131\u011f\u0131 etkinlikte Prof. Dr. As\u0131m Egemen Y\u0131lmaz\u2019\u0131n sundu\u011fu \u201cYapay Zek\u00e2 E\u011fitimde Bir F\u0131rsat m\u0131 yoksa Tehdit mi?\u201d 155 no.lu konferans ve sonras\u0131ndaki tart\u0131\u015fma \u00e7ok \u00f6\u011freticiydi. Egemen hoca her d\u00fczeyde insan\u0131n anlayaca\u011f\u0131 bir ifade ile yapay zekan\u0131n neler getirir neler g\u00f6t\u00fcr\u00fcr konusunu [&hellip;]<\/p>\n","protected":false},"author":3,"featured_media":25215,"comment_status":"closed","ping_status":"open","sticky":false,"template":"","format":"standard","meta":{"footnotes":""},"categories":[14,16,3,17,18,15,19,2,1],"tags":[],"class_list":["post-25214","post","type-post","status-publish","format-standard","has-post-thumbnail","hentry","category-avrupa","category-belcika","category-dunya","category-ekonomi","category-kultur-sanat","category-spor","category-tanitim","category-turkiye","category-uncategorized"],"yoast_head":"<!-- This site is optimized with the Yoast SEO plugin v26.9 - https:\/\/yoast.com\/product\/yoast-seo-wordpress\/ -->\n<title>Yapay Zek\u00e2 F\u0131rsat m\u0131 Tehdit mi? Yararl\u0131 m\u0131 Zararl\u0131 m\u0131? - AvrupaPress<\/title>\n<meta name=\"robots\" content=\"index, follow, max-snippet:-1, max-image-preview:large, max-video-preview:-1\" \/>\n<link rel=\"canonical\" href=\"https:\/\/avrupapress.com\/main\/2024\/02\/12\/yapay-zeka-firsat-mi-tehdit-mi-yararli-mi-zararli-mi\/\" \/>\n<meta property=\"og:locale\" content=\"fr_FR\" \/>\n<meta property=\"og:type\" content=\"article\" \/>\n<meta property=\"og:title\" content=\"Yapay Zek\u00e2 F\u0131rsat m\u0131 Tehdit mi? Yararl\u0131 m\u0131 Zararl\u0131 m\u0131? - AvrupaPress\" \/>\n<meta property=\"og:description\" content=\"\u0130lk defa duydu\u011fum Uzaktan K\u0131sa K\u0131sa Akademik toplulu\u011funun 7 \u015eubat 2024 ak\u015fam\u0131 zoom \u00fczerinde yapt\u0131\u011f\u0131 etkinlikte Prof. Dr. As\u0131m Egemen Y\u0131lmaz\u2019\u0131n sundu\u011fu \u201cYapay Zek\u00e2 E\u011fitimde Bir F\u0131rsat m\u0131 yoksa Tehdit mi?\u201d 155 no.lu konferans ve sonras\u0131ndaki tart\u0131\u015fma \u00e7ok \u00f6\u011freticiydi. Egemen hoca her d\u00fczeyde insan\u0131n anlayaca\u011f\u0131 bir ifade ile yapay zekan\u0131n neler getirir neler g\u00f6t\u00fcr\u00fcr konusunu [&hellip;]\" \/>\n<meta property=\"og:url\" content=\"https:\/\/avrupapress.com\/main\/2024\/02\/12\/yapay-zeka-firsat-mi-tehdit-mi-yararli-mi-zararli-mi\/\" \/>\n<meta property=\"og:site_name\" content=\"AvrupaPress\" \/>\n<meta property=\"article:published_time\" content=\"2024-02-12T21:29:19+00:00\" \/>\n<meta property=\"article:modified_time\" content=\"2024-02-12T21:29:30+00:00\" \/>\n<meta property=\"og:image\" content=\"https:\/\/avrupapress.com\/main\/wp-content\/uploads\/2024\/02\/th.jpg\" \/>\n\t<meta property=\"og:image:width\" content=\"374\" \/>\n\t<meta property=\"og:image:height\" content=\"180\" \/>\n\t<meta property=\"og:image:type\" content=\"image\/jpeg\" \/>\n<meta name=\"author\" content=\"Edit\u00f6r\" \/>\n<meta name=\"twitter:card\" content=\"summary_large_image\" \/>\n<meta name=\"twitter:label1\" content=\"\u00c9crit par\" \/>\n\t<meta name=\"twitter:data1\" content=\"Edit\u00f6r\" \/>\n\t<meta name=\"twitter:label2\" content=\"Dur\u00e9e de lecture est.\" \/>\n\t<meta name=\"twitter:data2\" content=\"5 minutes\" \/>\n<script type=\"application\/ld+json\" class=\"yoast-schema-graph\">{\"@context\":\"https:\/\/schema.org\",\"@graph\":[{\"@type\":\"Article\",\"@id\":\"https:\/\/avrupapress.com\/main\/2024\/02\/12\/yapay-zeka-firsat-mi-tehdit-mi-yararli-mi-zararli-mi\/#article\",\"isPartOf\":{\"@id\":\"https:\/\/avrupapress.com\/main\/2024\/02\/12\/yapay-zeka-firsat-mi-tehdit-mi-yararli-mi-zararli-mi\/\"},\"author\":{\"name\":\"Edit\u00f6r\",\"@id\":\"https:\/\/avrupapress.com\/#\/schema\/person\/68428444ec60970d1e1b700cf4ca1e8f\"},\"headline\":\"Yapay Zek\u00e2 F\u0131rsat m\u0131 Tehdit mi? Yararl\u0131 m\u0131 Zararl\u0131 m\u0131?\",\"datePublished\":\"2024-02-12T21:29:19+00:00\",\"dateModified\":\"2024-02-12T21:29:30+00:00\",\"mainEntityOfPage\":{\"@id\":\"https:\/\/avrupapress.com\/main\/2024\/02\/12\/yapay-zeka-firsat-mi-tehdit-mi-yararli-mi-zararli-mi\/\"},\"wordCount\":1112,\"publisher\":{\"@id\":\"https:\/\/avrupapress.com\/#\/schema\/person\/0223dca19c72c43575bf30d1a2d8f4fa\"},\"image\":{\"@id\":\"https:\/\/avrupapress.com\/main\/2024\/02\/12\/yapay-zeka-firsat-mi-tehdit-mi-yararli-mi-zararli-mi\/#primaryimage\"},\"thumbnailUrl\":\"https:\/\/avrupapress.com\/main\/wp-content\/uploads\/2024\/02\/th.jpg\",\"articleSection\":[\"Avrupa\",\"Bel\u00e7ika\",\"D\u00fcnya\",\"Ekonomi\",\"K\u00fclt\u00fcr-Sanat\",\"Spor\",\"Tan\u0131t\u0131m\",\"T\u00fcrkiye\",\"Uncategorized\"],\"inLanguage\":\"fr-BE\"},{\"@type\":\"WebPage\",\"@id\":\"https:\/\/avrupapress.com\/main\/2024\/02\/12\/yapay-zeka-firsat-mi-tehdit-mi-yararli-mi-zararli-mi\/\",\"url\":\"https:\/\/avrupapress.com\/main\/2024\/02\/12\/yapay-zeka-firsat-mi-tehdit-mi-yararli-mi-zararli-mi\/\",\"name\":\"Yapay Zek\u00e2 F\u0131rsat m\u0131 Tehdit mi? Yararl\u0131 m\u0131 Zararl\u0131 m\u0131? - AvrupaPress\",\"isPartOf\":{\"@id\":\"https:\/\/avrupapress.com\/#website\"},\"primaryImageOfPage\":{\"@id\":\"https:\/\/avrupapress.com\/main\/2024\/02\/12\/yapay-zeka-firsat-mi-tehdit-mi-yararli-mi-zararli-mi\/#primaryimage\"},\"image\":{\"@id\":\"https:\/\/avrupapress.com\/main\/2024\/02\/12\/yapay-zeka-firsat-mi-tehdit-mi-yararli-mi-zararli-mi\/#primaryimage\"},\"thumbnailUrl\":\"https:\/\/avrupapress.com\/main\/wp-content\/uploads\/2024\/02\/th.jpg\",\"datePublished\":\"2024-02-12T21:29:19+00:00\",\"dateModified\":\"2024-02-12T21:29:30+00:00\",\"breadcrumb\":{\"@id\":\"https:\/\/avrupapress.com\/main\/2024\/02\/12\/yapay-zeka-firsat-mi-tehdit-mi-yararli-mi-zararli-mi\/#breadcrumb\"},\"inLanguage\":\"fr-BE\",\"potentialAction\":[{\"@type\":\"ReadAction\",\"target\":[\"https:\/\/avrupapress.com\/main\/2024\/02\/12\/yapay-zeka-firsat-mi-tehdit-mi-yararli-mi-zararli-mi\/\"]}]},{\"@type\":\"ImageObject\",\"inLanguage\":\"fr-BE\",\"@id\":\"https:\/\/avrupapress.com\/main\/2024\/02\/12\/yapay-zeka-firsat-mi-tehdit-mi-yararli-mi-zararli-mi\/#primaryimage\",\"url\":\"https:\/\/avrupapress.com\/main\/wp-content\/uploads\/2024\/02\/th.jpg\",\"contentUrl\":\"https:\/\/avrupapress.com\/main\/wp-content\/uploads\/2024\/02\/th.jpg\",\"width\":374,\"height\":180},{\"@type\":\"BreadcrumbList\",\"@id\":\"https:\/\/avrupapress.com\/main\/2024\/02\/12\/yapay-zeka-firsat-mi-tehdit-mi-yararli-mi-zararli-mi\/#breadcrumb\",\"itemListElement\":[{\"@type\":\"ListItem\",\"position\":1,\"name\":\"Anasayfa\",\"item\":\"https:\/\/avrupapress.com\/\"},{\"@type\":\"ListItem\",\"position\":2,\"name\":\"Yapay Zek\u00e2 F\u0131rsat m\u0131 Tehdit mi? Yararl\u0131 m\u0131 Zararl\u0131 m\u0131?\"}]},{\"@type\":\"WebSite\",\"@id\":\"https:\/\/avrupapress.com\/#website\",\"url\":\"https:\/\/avrupapress.com\/\",\"name\":\"AvrupaPress\",\"description\":\"Haberin Adresi\",\"publisher\":{\"@id\":\"https:\/\/avrupapress.com\/#\/schema\/person\/0223dca19c72c43575bf30d1a2d8f4fa\"},\"potentialAction\":[{\"@type\":\"SearchAction\",\"target\":{\"@type\":\"EntryPoint\",\"urlTemplate\":\"https:\/\/avrupapress.com\/?s={search_term_string}\"},\"query-input\":{\"@type\":\"PropertyValueSpecification\",\"valueRequired\":true,\"valueName\":\"search_term_string\"}}],\"inLanguage\":\"fr-BE\"},{\"@type\":[\"Person\",\"Organization\"],\"@id\":\"https:\/\/avrupapress.com\/#\/schema\/person\/0223dca19c72c43575bf30d1a2d8f4fa\",\"name\":\"Bilgin \u00d6z\u00e7ift\u00e7i\",\"image\":{\"@type\":\"ImageObject\",\"inLanguage\":\"fr-BE\",\"@id\":\"https:\/\/avrupapress.com\/#\/schema\/person\/image\/\",\"url\":\"https:\/\/secure.gravatar.com\/avatar\/0f23b280433a21e1ea7a0adcc46ed0ad16afe3ad8e630fd13d8a017dcbd54ef3?s=96&d=mm&r=g\",\"contentUrl\":\"https:\/\/secure.gravatar.com\/avatar\/0f23b280433a21e1ea7a0adcc46ed0ad16afe3ad8e630fd13d8a017dcbd54ef3?s=96&d=mm&r=g\",\"caption\":\"Bilgin \u00d6z\u00e7ift\u00e7i\"},\"logo\":{\"@id\":\"https:\/\/avrupapress.com\/#\/schema\/person\/image\/\"},\"description\":\"Ne ben, nede sen... Biz ancak \\\"biz\\\" olursak g\u00fc\u00e7l\u00fc olabiliriz\"},{\"@type\":\"Person\",\"@id\":\"https:\/\/avrupapress.com\/#\/schema\/person\/68428444ec60970d1e1b700cf4ca1e8f\",\"name\":\"Edit\u00f6r\",\"image\":{\"@type\":\"ImageObject\",\"inLanguage\":\"fr-BE\",\"@id\":\"https:\/\/avrupapress.com\/#\/schema\/person\/image\/\",\"url\":\"https:\/\/secure.gravatar.com\/avatar\/74996b0977aa5f1559ba9883776652508b229005c0d78fb2597897f0bd651c09?s=96&d=mm&r=g\",\"contentUrl\":\"https:\/\/secure.gravatar.com\/avatar\/74996b0977aa5f1559ba9883776652508b229005c0d78fb2597897f0bd651c09?s=96&d=mm&r=g\",\"caption\":\"Edit\u00f6r\"},\"sameAs\":[\"http:\/\/www.avrupapress.com\"],\"url\":\"https:\/\/avrupapress.com\/main\/author\/editor\/\"}]}<\/script>\n<!-- \/ Yoast SEO plugin. -->","yoast_head_json":{"title":"Yapay Zek\u00e2 F\u0131rsat m\u0131 Tehdit mi? Yararl\u0131 m\u0131 Zararl\u0131 m\u0131? - AvrupaPress","robots":{"index":"index","follow":"follow","max-snippet":"max-snippet:-1","max-image-preview":"max-image-preview:large","max-video-preview":"max-video-preview:-1"},"canonical":"https:\/\/avrupapress.com\/main\/2024\/02\/12\/yapay-zeka-firsat-mi-tehdit-mi-yararli-mi-zararli-mi\/","og_locale":"fr_FR","og_type":"article","og_title":"Yapay Zek\u00e2 F\u0131rsat m\u0131 Tehdit mi? Yararl\u0131 m\u0131 Zararl\u0131 m\u0131? - AvrupaPress","og_description":"\u0130lk defa duydu\u011fum Uzaktan K\u0131sa K\u0131sa Akademik toplulu\u011funun 7 \u015eubat 2024 ak\u015fam\u0131 zoom \u00fczerinde yapt\u0131\u011f\u0131 etkinlikte Prof. Dr. As\u0131m Egemen Y\u0131lmaz\u2019\u0131n sundu\u011fu \u201cYapay Zek\u00e2 E\u011fitimde Bir F\u0131rsat m\u0131 yoksa Tehdit mi?\u201d 155 no.lu konferans ve sonras\u0131ndaki tart\u0131\u015fma \u00e7ok \u00f6\u011freticiydi. Egemen hoca her d\u00fczeyde insan\u0131n anlayaca\u011f\u0131 bir ifade ile yapay zekan\u0131n neler getirir neler g\u00f6t\u00fcr\u00fcr konusunu [&hellip;]","og_url":"https:\/\/avrupapress.com\/main\/2024\/02\/12\/yapay-zeka-firsat-mi-tehdit-mi-yararli-mi-zararli-mi\/","og_site_name":"AvrupaPress","article_published_time":"2024-02-12T21:29:19+00:00","article_modified_time":"2024-02-12T21:29:30+00:00","og_image":[{"width":374,"height":180,"url":"https:\/\/avrupapress.com\/main\/wp-content\/uploads\/2024\/02\/th.jpg","type":"image\/jpeg"}],"author":"Edit\u00f6r","twitter_card":"summary_large_image","twitter_misc":{"\u00c9crit par":"Edit\u00f6r","Dur\u00e9e de lecture est.":"5 minutes"},"schema":{"@context":"https:\/\/schema.org","@graph":[{"@type":"Article","@id":"https:\/\/avrupapress.com\/main\/2024\/02\/12\/yapay-zeka-firsat-mi-tehdit-mi-yararli-mi-zararli-mi\/#article","isPartOf":{"@id":"https:\/\/avrupapress.com\/main\/2024\/02\/12\/yapay-zeka-firsat-mi-tehdit-mi-yararli-mi-zararli-mi\/"},"author":{"name":"Edit\u00f6r","@id":"https:\/\/avrupapress.com\/#\/schema\/person\/68428444ec60970d1e1b700cf4ca1e8f"},"headline":"Yapay Zek\u00e2 F\u0131rsat m\u0131 Tehdit mi? Yararl\u0131 m\u0131 Zararl\u0131 m\u0131?","datePublished":"2024-02-12T21:29:19+00:00","dateModified":"2024-02-12T21:29:30+00:00","mainEntityOfPage":{"@id":"https:\/\/avrupapress.com\/main\/2024\/02\/12\/yapay-zeka-firsat-mi-tehdit-mi-yararli-mi-zararli-mi\/"},"wordCount":1112,"publisher":{"@id":"https:\/\/avrupapress.com\/#\/schema\/person\/0223dca19c72c43575bf30d1a2d8f4fa"},"image":{"@id":"https:\/\/avrupapress.com\/main\/2024\/02\/12\/yapay-zeka-firsat-mi-tehdit-mi-yararli-mi-zararli-mi\/#primaryimage"},"thumbnailUrl":"https:\/\/avrupapress.com\/main\/wp-content\/uploads\/2024\/02\/th.jpg","articleSection":["Avrupa","Bel\u00e7ika","D\u00fcnya","Ekonomi","K\u00fclt\u00fcr-Sanat","Spor","Tan\u0131t\u0131m","T\u00fcrkiye","Uncategorized"],"inLanguage":"fr-BE"},{"@type":"WebPage","@id":"https:\/\/avrupapress.com\/main\/2024\/02\/12\/yapay-zeka-firsat-mi-tehdit-mi-yararli-mi-zararli-mi\/","url":"https:\/\/avrupapress.com\/main\/2024\/02\/12\/yapay-zeka-firsat-mi-tehdit-mi-yararli-mi-zararli-mi\/","name":"Yapay Zek\u00e2 F\u0131rsat m\u0131 Tehdit mi? Yararl\u0131 m\u0131 Zararl\u0131 m\u0131? - AvrupaPress","isPartOf":{"@id":"https:\/\/avrupapress.com\/#website"},"primaryImageOfPage":{"@id":"https:\/\/avrupapress.com\/main\/2024\/02\/12\/yapay-zeka-firsat-mi-tehdit-mi-yararli-mi-zararli-mi\/#primaryimage"},"image":{"@id":"https:\/\/avrupapress.com\/main\/2024\/02\/12\/yapay-zeka-firsat-mi-tehdit-mi-yararli-mi-zararli-mi\/#primaryimage"},"thumbnailUrl":"https:\/\/avrupapress.com\/main\/wp-content\/uploads\/2024\/02\/th.jpg","datePublished":"2024-02-12T21:29:19+00:00","dateModified":"2024-02-12T21:29:30+00:00","breadcrumb":{"@id":"https:\/\/avrupapress.com\/main\/2024\/02\/12\/yapay-zeka-firsat-mi-tehdit-mi-yararli-mi-zararli-mi\/#breadcrumb"},"inLanguage":"fr-BE","potentialAction":[{"@type":"ReadAction","target":["https:\/\/avrupapress.com\/main\/2024\/02\/12\/yapay-zeka-firsat-mi-tehdit-mi-yararli-mi-zararli-mi\/"]}]},{"@type":"ImageObject","inLanguage":"fr-BE","@id":"https:\/\/avrupapress.com\/main\/2024\/02\/12\/yapay-zeka-firsat-mi-tehdit-mi-yararli-mi-zararli-mi\/#primaryimage","url":"https:\/\/avrupapress.com\/main\/wp-content\/uploads\/2024\/02\/th.jpg","contentUrl":"https:\/\/avrupapress.com\/main\/wp-content\/uploads\/2024\/02\/th.jpg","width":374,"height":180},{"@type":"BreadcrumbList","@id":"https:\/\/avrupapress.com\/main\/2024\/02\/12\/yapay-zeka-firsat-mi-tehdit-mi-yararli-mi-zararli-mi\/#breadcrumb","itemListElement":[{"@type":"ListItem","position":1,"name":"Anasayfa","item":"https:\/\/avrupapress.com\/"},{"@type":"ListItem","position":2,"name":"Yapay Zek\u00e2 F\u0131rsat m\u0131 Tehdit mi? Yararl\u0131 m\u0131 Zararl\u0131 m\u0131?"}]},{"@type":"WebSite","@id":"https:\/\/avrupapress.com\/#website","url":"https:\/\/avrupapress.com\/","name":"AvrupaPress","description":"Haberin Adresi","publisher":{"@id":"https:\/\/avrupapress.com\/#\/schema\/person\/0223dca19c72c43575bf30d1a2d8f4fa"},"potentialAction":[{"@type":"SearchAction","target":{"@type":"EntryPoint","urlTemplate":"https:\/\/avrupapress.com\/?s={search_term_string}"},"query-input":{"@type":"PropertyValueSpecification","valueRequired":true,"valueName":"search_term_string"}}],"inLanguage":"fr-BE"},{"@type":["Person","Organization"],"@id":"https:\/\/avrupapress.com\/#\/schema\/person\/0223dca19c72c43575bf30d1a2d8f4fa","name":"Bilgin \u00d6z\u00e7ift\u00e7i","image":{"@type":"ImageObject","inLanguage":"fr-BE","@id":"https:\/\/avrupapress.com\/#\/schema\/person\/image\/","url":"https:\/\/secure.gravatar.com\/avatar\/0f23b280433a21e1ea7a0adcc46ed0ad16afe3ad8e630fd13d8a017dcbd54ef3?s=96&d=mm&r=g","contentUrl":"https:\/\/secure.gravatar.com\/avatar\/0f23b280433a21e1ea7a0adcc46ed0ad16afe3ad8e630fd13d8a017dcbd54ef3?s=96&d=mm&r=g","caption":"Bilgin \u00d6z\u00e7ift\u00e7i"},"logo":{"@id":"https:\/\/avrupapress.com\/#\/schema\/person\/image\/"},"description":"Ne ben, nede sen... Biz ancak \"biz\" olursak g\u00fc\u00e7l\u00fc olabiliriz"},{"@type":"Person","@id":"https:\/\/avrupapress.com\/#\/schema\/person\/68428444ec60970d1e1b700cf4ca1e8f","name":"Edit\u00f6r","image":{"@type":"ImageObject","inLanguage":"fr-BE","@id":"https:\/\/avrupapress.com\/#\/schema\/person\/image\/","url":"https:\/\/secure.gravatar.com\/avatar\/74996b0977aa5f1559ba9883776652508b229005c0d78fb2597897f0bd651c09?s=96&d=mm&r=g","contentUrl":"https:\/\/secure.gravatar.com\/avatar\/74996b0977aa5f1559ba9883776652508b229005c0d78fb2597897f0bd651c09?s=96&d=mm&r=g","caption":"Edit\u00f6r"},"sameAs":["http:\/\/www.avrupapress.com"],"url":"https:\/\/avrupapress.com\/main\/author\/editor\/"}]}},"_links":{"self":[{"href":"https:\/\/avrupapress.com\/main\/wp-json\/wp\/v2\/posts\/25214","targetHints":{"allow":["GET"]}}],"collection":[{"href":"https:\/\/avrupapress.com\/main\/wp-json\/wp\/v2\/posts"}],"about":[{"href":"https:\/\/avrupapress.com\/main\/wp-json\/wp\/v2\/types\/post"}],"author":[{"embeddable":true,"href":"https:\/\/avrupapress.com\/main\/wp-json\/wp\/v2\/users\/3"}],"replies":[{"embeddable":true,"href":"https:\/\/avrupapress.com\/main\/wp-json\/wp\/v2\/comments?post=25214"}],"version-history":[{"count":2,"href":"https:\/\/avrupapress.com\/main\/wp-json\/wp\/v2\/posts\/25214\/revisions"}],"predecessor-version":[{"id":25217,"href":"https:\/\/avrupapress.com\/main\/wp-json\/wp\/v2\/posts\/25214\/revisions\/25217"}],"wp:featuredmedia":[{"embeddable":true,"href":"https:\/\/avrupapress.com\/main\/wp-json\/wp\/v2\/media\/25215"}],"wp:attachment":[{"href":"https:\/\/avrupapress.com\/main\/wp-json\/wp\/v2\/media?parent=25214"}],"wp:term":[{"taxonomy":"category","embeddable":true,"href":"https:\/\/avrupapress.com\/main\/wp-json\/wp\/v2\/categories?post=25214"},{"taxonomy":"post_tag","embeddable":true,"href":"https:\/\/avrupapress.com\/main\/wp-json\/wp\/v2\/tags?post=25214"}],"curies":[{"name":"wp","href":"https:\/\/api.w.org\/{rel}","templated":true}]}}