{"id":25212,"date":"2024-02-12T21:25:10","date_gmt":"2024-02-12T21:25:10","guid":{"rendered":"https:\/\/avrupapress.com\/main\/?p=25212"},"modified":"2024-08-16T20:11:24","modified_gmt":"2024-08-16T20:11:24","slug":"efsane-belediyecilik-ve-milli-gous","status":"publish","type":"post","link":"https:\/\/avrupapress.com\/main\/2024\/02\/12\/efsane-belediyecilik-ve-milli-gous\/","title":{"rendered":"EFSANE BELED\u0130YEC\u0130L\u0130K VE M\u0130LL\u0130 G\u00d6R\u00dc\u015e"},"content":{"rendered":"<p><strong>Nevzat Laleli\u00a0 \u00a0 \/\u00a0 \u00a0 AVRUPAPRESS<\/strong><\/p>\n<p>Belediye hizmeti, halkla i\u00e7 i\u00e7e olan bir kamu kurulu\u015fudur. K\u00f6yler ve mezralar hari\u00e7 B\u00fcy\u00fck\u015fehir, il, il\u00e7e ve belde belediyeleri ile birlikte bu g\u00fcn i\u00e7in halk\u0131n y\u00fczde doksan\u0131n\u0131n kucaklayan bir organizasyonun ad\u0131na belediye denmektedir.<\/p>\n<p>Bunlar bulunduklar\u0131 yerle\u015fim merkezlerinin yolunu, kanalizasyonunu, suyunu, ula\u015f\u0131m\u0131n\u0131, park ve bah\u00e7elerini, \u015fimdilerde do\u011falgaz\u0131n\u0131 temin eden ve halk\u0131n kullan\u0131ma arz eden kurulu\u015flard\u0131r. Baz\u0131 belediyelerimizde g\u00f6ze \u00e7arpan ancak b\u00fcy\u00fck \u00e7o\u011funlu\u011funda yeteri kadar ele al\u0131nmayan bir konu da k\u00fclt\u00fcr \u00e7al\u0131\u015fmalar\u0131d\u0131r.<br \/>\n<a href=\"https:\/\/www.bakirkoyfal.com\/\" title=\"bak\u0131rk\u00f6y escort\">bak\u0131rk\u00f6y escort<\/a><br \/>\nDikkat edilecek olursa nerede \u201cBelediye\u201d kelimesini kullanacak olsak orada hemen \u201chizmet\u201d kelimesini de birlikte terenn\u00fcm ediyoruz. Zira belediyecilik bir ticarethane, kar elde eden bir kurulu\u015f de\u011fildir. Belediyeler, kendilerinin \u00fc\u00e7e mal olan bir \u015feyi be\u015fe satarak kar edemezler, b\u00f6yle bir gaye ile \u00e7al\u0131\u015famazlar.<\/p>\n<p>Belediyelerin tek amac\u0131 ve buna ba\u011fl\u0131 haz\u0131rlad\u0131klar\u0131 programlar\u0131 hep halka ve hizmete d\u00f6n\u00fck olmaya mecburdur. Hizmetini gere\u011fi kadar yapamayan Belediyelerin ba\u015fkan ve meclis \u00fcyeleri bir sonraki se\u00e7imde halk\u0131n tevecc\u00fch\u00fcne mazhar (sevgisine) olamamakta ve se\u00e7ilememekte, belediye hizmetlerinin aksamamas\u0131 i\u00e7in yerlerine bir ba\u015fka ba\u015fkan, meclis \u00fcyeleri se\u00e7ilerek hizmet yar\u0131\u015f\u0131na kat\u0131lmaktad\u0131rlar.<\/p>\n<p>Belediye makam\u0131n\u0131 ve yetkisini kendilerinin, yaran ve yanda\u015flar\u0131n\u0131n palazlanmas\u0131na alet edenler belki bir s\u00fcre bu ama\u00e7lar\u0131n\u0131 s\u00fcrd\u00fcrebilirler ama unutmas\u0131nlar ki \u201ctespit edilmi\u015f istikbal (gelecek) yak\u0131nd\u0131r\u201d atas\u00f6z\u00fc gere\u011fi ikinci se\u00e7imde saltanatlar\u0131 mutlaka sona erdirilir. Yap\u0131lan yolsuzluklar\u0131n hesab\u0131n\u0131 verirler.<\/p>\n<p><strong>M\u0130LL\u0130 G\u00d6R\u00dc\u015e BELED\u0130YEC\u0130L\u0130\u011e\u0130<\/strong><\/p>\n<p>\u201cMilli g\u00f6r\u00fc\u015f\u201d ba\u015fta d\u00fc\u015f\u00fcnce tarz\u0131 sonra icraat ve uygulamalar\u0131nda milletimizin bin y\u0131ll\u0131k d\u00fc\u015f\u00fcnce ve inan\u0131\u015f\u0131n\u0131n uygulanmas\u0131 demektir. Tarihi bir ger\u00e7ektir ki milletimiz inan\u0131\u015fta, d\u00fc\u015f\u00fcncede ve uygulamada \u201cHak\u2019k\u0131n korunmas\u0131na\u201d b\u00fcy\u00fck \u00f6nem vermi\u015f, haks\u0131zl\u0131klar\u0131n giderilmesinde bu makamlar birer vas\u0131ta olarak kullan\u0131lm\u0131\u015flard\u0131r. Mutlu bir toplum olu\u015fturabilmenin tek \u00e7\u00f6z\u00fcm yolunun \u00f6nce mutlulu\u011fa talip bir idareci ile bulunmas\u0131ndan ge\u00e7er.<\/p>\n<p>Polisin, kanunun kendisini g\u00f6remeyece\u011fi, bulamayaca\u011f\u0131 yer ve zamanlarda \u201cyapt\u0131klar\u0131n\u0131, yapmas\u0131 gerekirken yapmad\u0131klar\u0131n\u0131 g\u00f6ren, bilen ve bir g\u00fcn bunlardan hesaba \u00e7ekilece\u011fini bilen\u2026\u201d insanlar, belediye ba\u015fkan\u0131 ve belediye meclisi \u00fcyesi olurlarsa b\u00f6yle insanlardan asla bir zarar gelmeyece\u011fi gibi yapmas\u0131 gereken hizmetler de beklenenin ve \u00fcmit edilenin fevkinde (daha fazlas\u0131) olacakt\u0131r.<\/p>\n<p>Bu makamlar tarihimizde hep hizmete vesile yerler olmu\u015flar, atalar\u0131m\u0131z\u0131n hizmette d\u00fcsturlar\u0131 (prensip) \u201cSizin hay\u0131rl\u0131n\u0131z, insanlara hay\u0131rl\u0131 olan\u0131d\u0131r\u201d esas\u0131 olmu\u015ftur.<\/p>\n<p>Milli g\u00f6r\u00fc\u015f\u2019\u00fc benimsemi\u015f bir belediye ba\u015fkan\u0131 gece uyumak i\u00e7in ba\u015f\u0131n\u0131 yast\u0131\u011fa koyarken, \u201cAcaba, benim \u015fehrimde bir vatanda\u015f\u0131m bile olsa a\u00e7 ve susuz kalm\u0131\u015f m\u0131d\u0131r?\u201d diye d\u00fc\u015f\u00fcnmekte, kendisini uykunun kuca\u011f\u0131na bir t\u00fcrl\u00fc b\u0131rakamamaktad\u0131r.<\/p>\n<p>Milli g\u00f6r\u00fc\u015f belediyecili\u011finde r\u00fc\u015fvet, yolsuzluk, g\u00f6revi k\u00f6t\u00fcye kullanma gibi gayri hukuki ve gayri insan\u0131 davran\u0131\u015flar\u0131n kesinlikle yeri yoktur. Bu gibi a\u015fa\u011f\u0131l\u0131k hareketleri belediye ba\u015fkanlar\u0131 kendileri yapmayacaklar\u0131 gibi kimselere de yapt\u0131rmazlar. Bu g\u00fcnk\u00fc deyimiyle asla \u201cyemezler ve yedirmezler\u201d<\/p>\n<p>Di\u011fer partiler ve adaylar i\u00e7erisinde de ahlakl\u0131 ve ehliyetli kimseler vard\u0131r, denilebilir. Elbette bu do\u011frudur. Ama bunlar\u0131n d\u00fc\u015f\u00fcnce ve inan\u0131\u015f tarzlar\u0131, makam\u0131n ve yetkinin sa\u011flad\u0131\u011f\u0131 imk\u00e2nlar, kadrosunun ve \u00e7evresinin kendisi gibi bir yap\u0131ya sahip olmamas\u0131, \u00fcst makamlar\u0131n yasa d\u0131\u015f\u0131 ve yanl\u0131\u015f istek ve arzular\u0131 gibi hususlar, bu insanlar\u0131, \u201ctuz i\u00e7inde kalan bal\u0131k da tuz olur\u201d kural\u0131nca ayaklar\u0131n\u0131 kayd\u0131rmakta, kendilerinin bile bundan haberleri olmamaktad\u0131r.<\/p>\n<p><strong>\u00d6RNEKLER VE DEVR\u0130MLER<\/strong><\/p>\n<p>\u201cBu kadar emin nas\u0131l yaz\u0131yorsunuz\u201d derseniz, elbette bunun \u00f6l\u00e7\u00fcleri oldu\u011fu gibi \u00f6rnekleri de mevcuttur. Ama \u00f6nce konuyu genel olarak ele alm\u0131\u015f olal\u0131m.<\/p>\n<p>1989 y\u0131l\u0131 mahalli se\u00e7imlerinde Refah Partisi kanal\u0131yla Milli g\u00f6r\u00fc\u015f\u00e7\u00fc Belediye ba\u015fkanlar\u0131 ilk defa halka hizmet etmek i\u00e7in Belediyelerin ba\u015flar\u0131na geldiler. \u00c7ok k\u0131sa bir<\/p>\n<p>zaman sonra yapt\u0131klar\u0131 icraatlarla, ald\u0131klar\u0131 tedbirlerle (\u00f6nemler), halkla kurduklar\u0131 temaslarla b\u00fcy\u00fck bir fark ortaya koydular. Biz buna \u201cEfsane belediyecilik hizmetleri\u201d diyoruz.<\/p>\n<p>Ne yapm\u0131\u015f bu belediye ba\u015fkanlar\u0131m\u0131z, halk\u0131n g\u00f6nl\u00fcnde nas\u0131l taht kurmu\u015flard\u0131r? Devrim niteli\u011findeki bu \u00e7al\u0131\u015fmalar\u0131n bize g\u00f6re belli ba\u015fl\u0131 sebepleri \u015funlard\u0131r. Bunlar;<\/p>\n<p>1. Halkla g\u00fczel ili\u015fkiler devrimi yapm\u0131\u015flard\u0131r. Belediyenin ve ba\u015fkan\u0131n kap\u0131lar\u0131 her<\/p>\n<p>zaman halka a\u00e7\u0131k oldu\u011fu gibi \u201cBeyaz masa\u201d uygulamas\u0131 halk\u0131n dertleriyle yak\u0131ndan ilgilenmi\u015fler, belediye ba\u015fkan\u0131 ve di\u011fer yetkililer zaman zaman halk\u0131n kar\u015f\u0131na \u00e7\u0131karak onlara hesap vermi\u015flerdir.<\/p>\n<p>2. B\u00fct\u00e7e devrimi yapm\u0131\u015flard\u0131r. Asla yememi\u015fler ve yedirmemi\u015flerdir. Belediye imk\u00e2nlar\u0131n\u0131 halka hizmette kullanm\u0131\u015flard\u0131r. B\u00f6ylece verimli hizmetler \u00fcretmi\u015flerdir.<\/p>\n<p>3. \u00c7evre devrimini ger\u00e7ekle\u015ftirdiler. \u00c7\u00fcnk\u00fc insan\u0131yla, havas\u0131yla, suyuyla, a\u011fac\u0131yla, hayvan\u0131yla bir b\u00fct\u00fcn olan \u00e7evre bizlerin mutlulu\u011funun sa\u011flanmas\u0131nda \u00f6nemi ne kadar b\u00fcy\u00fckse, bunun nesillerimize devredilmesi de o kadar \u00f6nemli oldu\u011funa inanarak kendileri \u00e7evreyi koruduklar\u0131 gibi kimseye de \u00e7i\u011fnetmemi\u015flerdir.<\/p>\n<p>4. Yat\u0131r\u0131m devrimi de bunlar\u0131n i\u015fi olmu\u015ftur. \u00dcretime, istihdama ve ihracata d\u00f6n\u00fck yat\u0131r\u0131mlar\u0131n, bulunduklar\u0131 \u015fehre sa\u011flanmas\u0131 i\u00e7in belediye olarak \u00fcstlerine d\u00fc\u015fen g\u00f6revleri yerine getirebilmek i\u00e7in \u00e7\u0131rp\u0131nm\u0131\u015flard\u0131r. Yat\u0131r\u0131m yapmak isteyen ba\u015fta b\u00fcy\u00fck \u015fehirlerde ya\u015fayan hem\u015ferilerini \u015fehirlerine davet ederek onlara kolayl\u0131klar sa\u011flam\u0131\u015flard\u0131r.<\/p>\n<p>5. \u0130nsani devrimi ger\u00e7ekle\u015ftirmi\u015flerdir. Millet olarak sahibi oldu\u011fumuz de\u011ferleri siyasete katm\u0131\u015flard\u0131r. Halk\u0131m\u0131z\u0131n, \u201csiyaset yalans\u0131z olmaz\u201d kanaatini, \u201csiyaset de olsa do\u011fru olmak esast\u0131r\u201d \u015fekline \u00e7evirmi\u015flerdir. Hizmetin ve onun verimlili\u011fini engelleyen \u201cisraf ve savurganl\u0131\u011f\u0131\u201d belediyeden kald\u0131rm\u0131\u015flar, \u201cr\u00fc\u015fvetin k\u00f6k\u00fcn\u00fc kurutmu\u015flard\u0131r\u201d<\/p>\n<p>&nbsp;<\/p>\n<p><strong>Nevzat Laleli\u00a0 \u00a0 \/\u00a0 \u00a0 AVRUPAPRESS<\/strong><\/p>\n","protected":false},"excerpt":{"rendered":"<p>Nevzat Laleli\u00a0 \u00a0 \/\u00a0 \u00a0 AVRUPAPRESS Belediye hizmeti, halkla i\u00e7 i\u00e7e olan bir kamu kurulu\u015fudur. K\u00f6yler ve mezralar hari\u00e7 B\u00fcy\u00fck\u015fehir, il, il\u00e7e ve belde belediyeleri ile birlikte bu g\u00fcn i\u00e7in halk\u0131n y\u00fczde doksan\u0131n\u0131n kucaklayan bir organizasyonun ad\u0131na belediye denmektedir. Bunlar bulunduklar\u0131 yerle\u015fim merkezlerinin yolunu, kanalizasyonunu, suyunu, ula\u015f\u0131m\u0131n\u0131, park ve bah\u00e7elerini, \u015fimdilerde do\u011falgaz\u0131n\u0131 temin eden ve [&hellip;]<\/p>\n","protected":false},"author":3,"featured_media":24701,"comment_status":"closed","ping_status":"open","sticky":false,"template":"","format":"standard","meta":{"footnotes":""},"categories":[14,16,3,17,18,15,19,2,1],"tags":[],"class_list":["post-25212","post","type-post","status-publish","format-standard","has-post-thumbnail","hentry","category-avrupa","category-belcika","category-dunya","category-ekonomi","category-kultur-sanat","category-spor","category-tanitim","category-turkiye","category-uncategorized"],"yoast_head":"<!-- This site is optimized with the Yoast SEO plugin v26.9 - https:\/\/yoast.com\/product\/yoast-seo-wordpress\/ -->\n<title>EFSANE BELED\u0130YEC\u0130L\u0130K VE M\u0130LL\u0130 G\u00d6R\u00dc\u015e - AvrupaPress<\/title>\n<meta name=\"robots\" content=\"index, follow, max-snippet:-1, max-image-preview:large, max-video-preview:-1\" \/>\n<link rel=\"canonical\" href=\"https:\/\/avrupapress.com\/main\/2024\/02\/12\/efsane-belediyecilik-ve-milli-gous\/\" \/>\n<meta property=\"og:locale\" content=\"fr_FR\" \/>\n<meta property=\"og:type\" content=\"article\" \/>\n<meta property=\"og:title\" content=\"EFSANE BELED\u0130YEC\u0130L\u0130K VE M\u0130LL\u0130 G\u00d6R\u00dc\u015e - AvrupaPress\" \/>\n<meta property=\"og:description\" content=\"Nevzat Laleli\u00a0 \u00a0 \/\u00a0 \u00a0 AVRUPAPRESS Belediye hizmeti, halkla i\u00e7 i\u00e7e olan bir kamu kurulu\u015fudur. K\u00f6yler ve mezralar hari\u00e7 B\u00fcy\u00fck\u015fehir, il, il\u00e7e ve belde belediyeleri ile birlikte bu g\u00fcn i\u00e7in halk\u0131n y\u00fczde doksan\u0131n\u0131n kucaklayan bir organizasyonun ad\u0131na belediye denmektedir. Bunlar bulunduklar\u0131 yerle\u015fim merkezlerinin yolunu, kanalizasyonunu, suyunu, ula\u015f\u0131m\u0131n\u0131, park ve bah\u00e7elerini, \u015fimdilerde do\u011falgaz\u0131n\u0131 temin eden ve [&hellip;]\" \/>\n<meta property=\"og:url\" content=\"https:\/\/avrupapress.com\/main\/2024\/02\/12\/efsane-belediyecilik-ve-milli-gous\/\" \/>\n<meta property=\"og:site_name\" content=\"AvrupaPress\" \/>\n<meta property=\"article:published_time\" content=\"2024-02-12T21:25:10+00:00\" \/>\n<meta property=\"article:modified_time\" content=\"2024-08-16T20:11:24+00:00\" \/>\n<meta property=\"og:image\" content=\"https:\/\/avrupapress.com\/main\/wp-content\/uploads\/2023\/12\/thumbnail_9.Nevzat-Laleli-606x420-2.jpg\" \/>\n\t<meta property=\"og:image:width\" content=\"606\" \/>\n\t<meta property=\"og:image:height\" content=\"420\" \/>\n\t<meta property=\"og:image:type\" content=\"image\/jpeg\" \/>\n<meta name=\"author\" content=\"Edit\u00f6r\" \/>\n<meta name=\"twitter:card\" content=\"summary_large_image\" \/>\n<meta name=\"twitter:label1\" content=\"\u00c9crit par\" \/>\n\t<meta name=\"twitter:data1\" content=\"Edit\u00f6r\" \/>\n\t<meta name=\"twitter:label2\" content=\"Dur\u00e9e de lecture est.\" \/>\n\t<meta name=\"twitter:data2\" content=\"4 minutes\" \/>\n<script type=\"application\/ld+json\" class=\"yoast-schema-graph\">{\"@context\":\"https:\/\/schema.org\",\"@graph\":[{\"@type\":\"Article\",\"@id\":\"https:\/\/avrupapress.com\/main\/2024\/02\/12\/efsane-belediyecilik-ve-milli-gous\/#article\",\"isPartOf\":{\"@id\":\"https:\/\/avrupapress.com\/main\/2024\/02\/12\/efsane-belediyecilik-ve-milli-gous\/\"},\"author\":{\"name\":\"Edit\u00f6r\",\"@id\":\"https:\/\/avrupapress.com\/#\/schema\/person\/68428444ec60970d1e1b700cf4ca1e8f\"},\"headline\":\"EFSANE BELED\u0130YEC\u0130L\u0130K VE M\u0130LL\u0130 G\u00d6R\u00dc\u015e\",\"datePublished\":\"2024-02-12T21:25:10+00:00\",\"dateModified\":\"2024-08-16T20:11:24+00:00\",\"mainEntityOfPage\":{\"@id\":\"https:\/\/avrupapress.com\/main\/2024\/02\/12\/efsane-belediyecilik-ve-milli-gous\/\"},\"wordCount\":1036,\"publisher\":{\"@id\":\"https:\/\/avrupapress.com\/#\/schema\/person\/0223dca19c72c43575bf30d1a2d8f4fa\"},\"image\":{\"@id\":\"https:\/\/avrupapress.com\/main\/2024\/02\/12\/efsane-belediyecilik-ve-milli-gous\/#primaryimage\"},\"thumbnailUrl\":\"https:\/\/avrupapress.com\/main\/wp-content\/uploads\/2023\/12\/thumbnail_9.Nevzat-Laleli-606x420-2.jpg\",\"articleSection\":[\"Avrupa\",\"Bel\u00e7ika\",\"D\u00fcnya\",\"Ekonomi\",\"K\u00fclt\u00fcr-Sanat\",\"Spor\",\"Tan\u0131t\u0131m\",\"T\u00fcrkiye\",\"Uncategorized\"],\"inLanguage\":\"fr-BE\"},{\"@type\":\"WebPage\",\"@id\":\"https:\/\/avrupapress.com\/main\/2024\/02\/12\/efsane-belediyecilik-ve-milli-gous\/\",\"url\":\"https:\/\/avrupapress.com\/main\/2024\/02\/12\/efsane-belediyecilik-ve-milli-gous\/\",\"name\":\"EFSANE BELED\u0130YEC\u0130L\u0130K VE M\u0130LL\u0130 G\u00d6R\u00dc\u015e - AvrupaPress\",\"isPartOf\":{\"@id\":\"https:\/\/avrupapress.com\/#website\"},\"primaryImageOfPage\":{\"@id\":\"https:\/\/avrupapress.com\/main\/2024\/02\/12\/efsane-belediyecilik-ve-milli-gous\/#primaryimage\"},\"image\":{\"@id\":\"https:\/\/avrupapress.com\/main\/2024\/02\/12\/efsane-belediyecilik-ve-milli-gous\/#primaryimage\"},\"thumbnailUrl\":\"https:\/\/avrupapress.com\/main\/wp-content\/uploads\/2023\/12\/thumbnail_9.Nevzat-Laleli-606x420-2.jpg\",\"datePublished\":\"2024-02-12T21:25:10+00:00\",\"dateModified\":\"2024-08-16T20:11:24+00:00\",\"breadcrumb\":{\"@id\":\"https:\/\/avrupapress.com\/main\/2024\/02\/12\/efsane-belediyecilik-ve-milli-gous\/#breadcrumb\"},\"inLanguage\":\"fr-BE\",\"potentialAction\":[{\"@type\":\"ReadAction\",\"target\":[\"https:\/\/avrupapress.com\/main\/2024\/02\/12\/efsane-belediyecilik-ve-milli-gous\/\"]}]},{\"@type\":\"ImageObject\",\"inLanguage\":\"fr-BE\",\"@id\":\"https:\/\/avrupapress.com\/main\/2024\/02\/12\/efsane-belediyecilik-ve-milli-gous\/#primaryimage\",\"url\":\"https:\/\/avrupapress.com\/main\/wp-content\/uploads\/2023\/12\/thumbnail_9.Nevzat-Laleli-606x420-2.jpg\",\"contentUrl\":\"https:\/\/avrupapress.com\/main\/wp-content\/uploads\/2023\/12\/thumbnail_9.Nevzat-Laleli-606x420-2.jpg\",\"width\":606,\"height\":420},{\"@type\":\"BreadcrumbList\",\"@id\":\"https:\/\/avrupapress.com\/main\/2024\/02\/12\/efsane-belediyecilik-ve-milli-gous\/#breadcrumb\",\"itemListElement\":[{\"@type\":\"ListItem\",\"position\":1,\"name\":\"Anasayfa\",\"item\":\"https:\/\/avrupapress.com\/\"},{\"@type\":\"ListItem\",\"position\":2,\"name\":\"EFSANE BELED\u0130YEC\u0130L\u0130K VE M\u0130LL\u0130 G\u00d6R\u00dc\u015e\"}]},{\"@type\":\"WebSite\",\"@id\":\"https:\/\/avrupapress.com\/#website\",\"url\":\"https:\/\/avrupapress.com\/\",\"name\":\"AvrupaPress\",\"description\":\"Haberin Adresi\",\"publisher\":{\"@id\":\"https:\/\/avrupapress.com\/#\/schema\/person\/0223dca19c72c43575bf30d1a2d8f4fa\"},\"potentialAction\":[{\"@type\":\"SearchAction\",\"target\":{\"@type\":\"EntryPoint\",\"urlTemplate\":\"https:\/\/avrupapress.com\/?s={search_term_string}\"},\"query-input\":{\"@type\":\"PropertyValueSpecification\",\"valueRequired\":true,\"valueName\":\"search_term_string\"}}],\"inLanguage\":\"fr-BE\"},{\"@type\":[\"Person\",\"Organization\"],\"@id\":\"https:\/\/avrupapress.com\/#\/schema\/person\/0223dca19c72c43575bf30d1a2d8f4fa\",\"name\":\"Bilgin \u00d6z\u00e7ift\u00e7i\",\"image\":{\"@type\":\"ImageObject\",\"inLanguage\":\"fr-BE\",\"@id\":\"https:\/\/avrupapress.com\/#\/schema\/person\/image\/\",\"url\":\"https:\/\/secure.gravatar.com\/avatar\/0f23b280433a21e1ea7a0adcc46ed0ad16afe3ad8e630fd13d8a017dcbd54ef3?s=96&d=mm&r=g\",\"contentUrl\":\"https:\/\/secure.gravatar.com\/avatar\/0f23b280433a21e1ea7a0adcc46ed0ad16afe3ad8e630fd13d8a017dcbd54ef3?s=96&d=mm&r=g\",\"caption\":\"Bilgin \u00d6z\u00e7ift\u00e7i\"},\"logo\":{\"@id\":\"https:\/\/avrupapress.com\/#\/schema\/person\/image\/\"},\"description\":\"Ne ben, nede sen... Biz ancak \\\"biz\\\" olursak g\u00fc\u00e7l\u00fc olabiliriz\"},{\"@type\":\"Person\",\"@id\":\"https:\/\/avrupapress.com\/#\/schema\/person\/68428444ec60970d1e1b700cf4ca1e8f\",\"name\":\"Edit\u00f6r\",\"image\":{\"@type\":\"ImageObject\",\"inLanguage\":\"fr-BE\",\"@id\":\"https:\/\/avrupapress.com\/#\/schema\/person\/image\/\",\"url\":\"https:\/\/secure.gravatar.com\/avatar\/74996b0977aa5f1559ba9883776652508b229005c0d78fb2597897f0bd651c09?s=96&d=mm&r=g\",\"contentUrl\":\"https:\/\/secure.gravatar.com\/avatar\/74996b0977aa5f1559ba9883776652508b229005c0d78fb2597897f0bd651c09?s=96&d=mm&r=g\",\"caption\":\"Edit\u00f6r\"},\"sameAs\":[\"http:\/\/www.avrupapress.com\"],\"url\":\"https:\/\/avrupapress.com\/main\/author\/editor\/\"}]}<\/script>\n<!-- \/ Yoast SEO plugin. -->","yoast_head_json":{"title":"EFSANE BELED\u0130YEC\u0130L\u0130K VE M\u0130LL\u0130 G\u00d6R\u00dc\u015e - AvrupaPress","robots":{"index":"index","follow":"follow","max-snippet":"max-snippet:-1","max-image-preview":"max-image-preview:large","max-video-preview":"max-video-preview:-1"},"canonical":"https:\/\/avrupapress.com\/main\/2024\/02\/12\/efsane-belediyecilik-ve-milli-gous\/","og_locale":"fr_FR","og_type":"article","og_title":"EFSANE BELED\u0130YEC\u0130L\u0130K VE M\u0130LL\u0130 G\u00d6R\u00dc\u015e - AvrupaPress","og_description":"Nevzat Laleli\u00a0 \u00a0 \/\u00a0 \u00a0 AVRUPAPRESS Belediye hizmeti, halkla i\u00e7 i\u00e7e olan bir kamu kurulu\u015fudur. K\u00f6yler ve mezralar hari\u00e7 B\u00fcy\u00fck\u015fehir, il, il\u00e7e ve belde belediyeleri ile birlikte bu g\u00fcn i\u00e7in halk\u0131n y\u00fczde doksan\u0131n\u0131n kucaklayan bir organizasyonun ad\u0131na belediye denmektedir. Bunlar bulunduklar\u0131 yerle\u015fim merkezlerinin yolunu, kanalizasyonunu, suyunu, ula\u015f\u0131m\u0131n\u0131, park ve bah\u00e7elerini, \u015fimdilerde do\u011falgaz\u0131n\u0131 temin eden ve [&hellip;]","og_url":"https:\/\/avrupapress.com\/main\/2024\/02\/12\/efsane-belediyecilik-ve-milli-gous\/","og_site_name":"AvrupaPress","article_published_time":"2024-02-12T21:25:10+00:00","article_modified_time":"2024-08-16T20:11:24+00:00","og_image":[{"width":606,"height":420,"url":"https:\/\/avrupapress.com\/main\/wp-content\/uploads\/2023\/12\/thumbnail_9.Nevzat-Laleli-606x420-2.jpg","type":"image\/jpeg"}],"author":"Edit\u00f6r","twitter_card":"summary_large_image","twitter_misc":{"\u00c9crit par":"Edit\u00f6r","Dur\u00e9e de lecture est.":"4 minutes"},"schema":{"@context":"https:\/\/schema.org","@graph":[{"@type":"Article","@id":"https:\/\/avrupapress.com\/main\/2024\/02\/12\/efsane-belediyecilik-ve-milli-gous\/#article","isPartOf":{"@id":"https:\/\/avrupapress.com\/main\/2024\/02\/12\/efsane-belediyecilik-ve-milli-gous\/"},"author":{"name":"Edit\u00f6r","@id":"https:\/\/avrupapress.com\/#\/schema\/person\/68428444ec60970d1e1b700cf4ca1e8f"},"headline":"EFSANE BELED\u0130YEC\u0130L\u0130K VE M\u0130LL\u0130 G\u00d6R\u00dc\u015e","datePublished":"2024-02-12T21:25:10+00:00","dateModified":"2024-08-16T20:11:24+00:00","mainEntityOfPage":{"@id":"https:\/\/avrupapress.com\/main\/2024\/02\/12\/efsane-belediyecilik-ve-milli-gous\/"},"wordCount":1036,"publisher":{"@id":"https:\/\/avrupapress.com\/#\/schema\/person\/0223dca19c72c43575bf30d1a2d8f4fa"},"image":{"@id":"https:\/\/avrupapress.com\/main\/2024\/02\/12\/efsane-belediyecilik-ve-milli-gous\/#primaryimage"},"thumbnailUrl":"https:\/\/avrupapress.com\/main\/wp-content\/uploads\/2023\/12\/thumbnail_9.Nevzat-Laleli-606x420-2.jpg","articleSection":["Avrupa","Bel\u00e7ika","D\u00fcnya","Ekonomi","K\u00fclt\u00fcr-Sanat","Spor","Tan\u0131t\u0131m","T\u00fcrkiye","Uncategorized"],"inLanguage":"fr-BE"},{"@type":"WebPage","@id":"https:\/\/avrupapress.com\/main\/2024\/02\/12\/efsane-belediyecilik-ve-milli-gous\/","url":"https:\/\/avrupapress.com\/main\/2024\/02\/12\/efsane-belediyecilik-ve-milli-gous\/","name":"EFSANE BELED\u0130YEC\u0130L\u0130K VE M\u0130LL\u0130 G\u00d6R\u00dc\u015e - AvrupaPress","isPartOf":{"@id":"https:\/\/avrupapress.com\/#website"},"primaryImageOfPage":{"@id":"https:\/\/avrupapress.com\/main\/2024\/02\/12\/efsane-belediyecilik-ve-milli-gous\/#primaryimage"},"image":{"@id":"https:\/\/avrupapress.com\/main\/2024\/02\/12\/efsane-belediyecilik-ve-milli-gous\/#primaryimage"},"thumbnailUrl":"https:\/\/avrupapress.com\/main\/wp-content\/uploads\/2023\/12\/thumbnail_9.Nevzat-Laleli-606x420-2.jpg","datePublished":"2024-02-12T21:25:10+00:00","dateModified":"2024-08-16T20:11:24+00:00","breadcrumb":{"@id":"https:\/\/avrupapress.com\/main\/2024\/02\/12\/efsane-belediyecilik-ve-milli-gous\/#breadcrumb"},"inLanguage":"fr-BE","potentialAction":[{"@type":"ReadAction","target":["https:\/\/avrupapress.com\/main\/2024\/02\/12\/efsane-belediyecilik-ve-milli-gous\/"]}]},{"@type":"ImageObject","inLanguage":"fr-BE","@id":"https:\/\/avrupapress.com\/main\/2024\/02\/12\/efsane-belediyecilik-ve-milli-gous\/#primaryimage","url":"https:\/\/avrupapress.com\/main\/wp-content\/uploads\/2023\/12\/thumbnail_9.Nevzat-Laleli-606x420-2.jpg","contentUrl":"https:\/\/avrupapress.com\/main\/wp-content\/uploads\/2023\/12\/thumbnail_9.Nevzat-Laleli-606x420-2.jpg","width":606,"height":420},{"@type":"BreadcrumbList","@id":"https:\/\/avrupapress.com\/main\/2024\/02\/12\/efsane-belediyecilik-ve-milli-gous\/#breadcrumb","itemListElement":[{"@type":"ListItem","position":1,"name":"Anasayfa","item":"https:\/\/avrupapress.com\/"},{"@type":"ListItem","position":2,"name":"EFSANE BELED\u0130YEC\u0130L\u0130K VE M\u0130LL\u0130 G\u00d6R\u00dc\u015e"}]},{"@type":"WebSite","@id":"https:\/\/avrupapress.com\/#website","url":"https:\/\/avrupapress.com\/","name":"AvrupaPress","description":"Haberin Adresi","publisher":{"@id":"https:\/\/avrupapress.com\/#\/schema\/person\/0223dca19c72c43575bf30d1a2d8f4fa"},"potentialAction":[{"@type":"SearchAction","target":{"@type":"EntryPoint","urlTemplate":"https:\/\/avrupapress.com\/?s={search_term_string}"},"query-input":{"@type":"PropertyValueSpecification","valueRequired":true,"valueName":"search_term_string"}}],"inLanguage":"fr-BE"},{"@type":["Person","Organization"],"@id":"https:\/\/avrupapress.com\/#\/schema\/person\/0223dca19c72c43575bf30d1a2d8f4fa","name":"Bilgin \u00d6z\u00e7ift\u00e7i","image":{"@type":"ImageObject","inLanguage":"fr-BE","@id":"https:\/\/avrupapress.com\/#\/schema\/person\/image\/","url":"https:\/\/secure.gravatar.com\/avatar\/0f23b280433a21e1ea7a0adcc46ed0ad16afe3ad8e630fd13d8a017dcbd54ef3?s=96&d=mm&r=g","contentUrl":"https:\/\/secure.gravatar.com\/avatar\/0f23b280433a21e1ea7a0adcc46ed0ad16afe3ad8e630fd13d8a017dcbd54ef3?s=96&d=mm&r=g","caption":"Bilgin \u00d6z\u00e7ift\u00e7i"},"logo":{"@id":"https:\/\/avrupapress.com\/#\/schema\/person\/image\/"},"description":"Ne ben, nede sen... Biz ancak \"biz\" olursak g\u00fc\u00e7l\u00fc olabiliriz"},{"@type":"Person","@id":"https:\/\/avrupapress.com\/#\/schema\/person\/68428444ec60970d1e1b700cf4ca1e8f","name":"Edit\u00f6r","image":{"@type":"ImageObject","inLanguage":"fr-BE","@id":"https:\/\/avrupapress.com\/#\/schema\/person\/image\/","url":"https:\/\/secure.gravatar.com\/avatar\/74996b0977aa5f1559ba9883776652508b229005c0d78fb2597897f0bd651c09?s=96&d=mm&r=g","contentUrl":"https:\/\/secure.gravatar.com\/avatar\/74996b0977aa5f1559ba9883776652508b229005c0d78fb2597897f0bd651c09?s=96&d=mm&r=g","caption":"Edit\u00f6r"},"sameAs":["http:\/\/www.avrupapress.com"],"url":"https:\/\/avrupapress.com\/main\/author\/editor\/"}]}},"_links":{"self":[{"href":"https:\/\/avrupapress.com\/main\/wp-json\/wp\/v2\/posts\/25212","targetHints":{"allow":["GET"]}}],"collection":[{"href":"https:\/\/avrupapress.com\/main\/wp-json\/wp\/v2\/posts"}],"about":[{"href":"https:\/\/avrupapress.com\/main\/wp-json\/wp\/v2\/types\/post"}],"author":[{"embeddable":true,"href":"https:\/\/avrupapress.com\/main\/wp-json\/wp\/v2\/users\/3"}],"replies":[{"embeddable":true,"href":"https:\/\/avrupapress.com\/main\/wp-json\/wp\/v2\/comments?post=25212"}],"version-history":[{"count":3,"href":"https:\/\/avrupapress.com\/main\/wp-json\/wp\/v2\/posts\/25212\/revisions"}],"predecessor-version":[{"id":26628,"href":"https:\/\/avrupapress.com\/main\/wp-json\/wp\/v2\/posts\/25212\/revisions\/26628"}],"wp:featuredmedia":[{"embeddable":true,"href":"https:\/\/avrupapress.com\/main\/wp-json\/wp\/v2\/media\/24701"}],"wp:attachment":[{"href":"https:\/\/avrupapress.com\/main\/wp-json\/wp\/v2\/media?parent=25212"}],"wp:term":[{"taxonomy":"category","embeddable":true,"href":"https:\/\/avrupapress.com\/main\/wp-json\/wp\/v2\/categories?post=25212"},{"taxonomy":"post_tag","embeddable":true,"href":"https:\/\/avrupapress.com\/main\/wp-json\/wp\/v2\/tags?post=25212"}],"curies":[{"name":"wp","href":"https:\/\/api.w.org\/{rel}","templated":true}]}}