{"id":25200,"date":"2024-02-12T21:14:21","date_gmt":"2024-02-12T21:14:21","guid":{"rendered":"https:\/\/avrupapress.com\/main\/?p=25200"},"modified":"2024-02-12T21:14:33","modified_gmt":"2024-02-12T21:14:33","slug":"necmettin-erbakan-vefatinin-sene-i-devriyesinde-belcikada-anildi","status":"publish","type":"post","link":"https:\/\/avrupapress.com\/main\/2024\/02\/12\/necmettin-erbakan-vefatinin-sene-i-devriyesinde-belcikada-anildi\/","title":{"rendered":"Necmettin Erbakan, vefat\u0131n\u0131n sene-i devriyesinde Bel\u00e7ika&rsquo;da an\u0131ld\u0131"},"content":{"rendered":"<p>Bel\u00e7ika&rsquo;da Saadet Anvers ve Br\u00fcksel b\u00f6lgeleri taraf\u0131ndan eski<br aria-hidden=\"true\" \/>ba\u015fbakanlardan merhum Necmettin Erbakan&rsquo;\u0131n vefat\u0131n\u0131n 13. y\u0131l\u0131<br aria-hidden=\"true\" \/>dolay\u0131s\u0131yla \u00ab\u00a0Necmettin Erbakan&rsquo;\u0131\u00a0anma\u00a0ve anlama\u00a0\u00bb program\u0131 d\u00fczenlendi.<br aria-hidden=\"true\" \/><br aria-hidden=\"true\" \/>Houthalen Cultuurhuis Casino Salonu&rsquo;nda d\u00fczenlenen anma program\u0131, Hamdi<br aria-hidden=\"true\" \/>Tabanl\u0131&rsquo;n\u0131n Kur&rsquo;an-\u0131 Kerim tilavetiyle ba\u015flad\u0131.<br aria-hidden=\"true\" \/><br aria-hidden=\"true\" \/>Program, Saadet Br\u00fcksel b\u00f6lge ba\u015fkan\u0131 Hasan Yavuz Uzun, Saadet Anvers<br aria-hidden=\"true\" \/>b\u00f6lge ba\u015fkan\u0131 Safa \u015eenel ve Saadet Avrupa Genel Sekreteri Yakup<br aria-hidden=\"true\" \/>\u00d6zdo\u011fru&rsquo;nun yapt\u0131\u011f\u0131 selamlama konu\u015fmalar\u0131yla devam etti.<br aria-hidden=\"true\" \/><br aria-hidden=\"true\" \/>Erbakan&rsquo;\u0131n hayat\u0131ndan kesitlerin izletildi\u011fi programda konu\u015fan Saadet<br aria-hidden=\"true\" \/>Partisi Genel Ba\u015fkan Yard\u0131mc\u0131s\u0131 Yusuf Sunar, Erbakan&rsquo;\u0131n hayat\u0131n\u0131 amac\u0131,<br aria-hidden=\"true\" \/>nedeni ve hangi usullerle olmak \u00fczere 3 ana ba\u015fl\u0131k alt\u0131nda anlatt\u0131.<br aria-hidden=\"true\" \/><br aria-hidden=\"true\" \/>Erbakan&rsquo;\u0131n Almanya&rsquo;da s\u00fcrd\u00fcrd\u00fc\u011f\u00fc akademik kariyeri y\u0131llar\u0131nda Avrupa&rsquo;n\u0131n<br aria-hidden=\"true\" \/>sanayile\u015fmesine \u015fahid olmas\u0131n\u0131n ard\u0131ndan Milli duygularla vatan\u0131na d\u00f6n\u00fcp<br aria-hidden=\"true\" \/>ayn\u0131 sanayile\u015fmenin kendi topraklar\u0131m\u0131zda da yap\u0131labilece\u011fini g\u00f6stermek<br aria-hidden=\"true\" \/>i\u00e7in kurdu\u011fu G\u00fcm\u00fc\u015f Motor fabrikas\u0131yla ba\u015flayan hayat m\u00fccadelesine<br aria-hidden=\"true\" \/>de\u011finen Sunar, t\u00fcrl\u00fc engellemelere ra\u011fmen y\u0131lmadan ve taviz vermeden<br aria-hidden=\"true\" \/>hedeflerine \u0131srarla ilerledi\u011fini s\u00f6yledi.<br aria-hidden=\"true\" \/>Erbakan olman\u0131n zor oldu\u011funu, herkesin bunu ba\u015faramayaca\u011f\u0131n\u0131 belirten<br aria-hidden=\"true\" \/>Sunar, hi\u00e7 bir makam, mevki, menfaatin Erbakan\u0131 sat\u0131n alamad\u0131\u011f\u0131n\u0131, son<br aria-hidden=\"true\" \/>nefesine kadar Yeni Bir D\u00fcnya d\u00fczeni i\u00e7in m\u00fccadele etti\u011fini ifade etti.<br aria-hidden=\"true\" \/><br aria-hidden=\"true\" \/>Program, Din-Bir-Der Konya \u0130l ba\u015fkan\u0131 Abidin Yalman&rsquo;\u0131n yapt\u0131\u011f\u0131 kapan\u0131\u015f<br aria-hidden=\"true\" \/>duas\u0131yla sona erdi.<\/p>\n<p><strong>Muharrem Bozcal\u00a0 \u00a0 \/\u00a0 \u00a0 AVRUPAPRESS<\/strong><\/p>\n<p><img loading=\"lazy\" decoding=\"async\" class=\"alignnone size-medium wp-image-25204\" src=\"https:\/\/avrupapress.com\/main\/wp-content\/uploads\/2024\/02\/thumbnail_IMG-20240212-WA0023-300x200.jpg\" alt=\"\" width=\"300\" height=\"200\" srcset=\"https:\/\/avrupapress.com\/main\/wp-content\/uploads\/2024\/02\/thumbnail_IMG-20240212-WA0023-300x200.jpg 300w, https:\/\/avrupapress.com\/main\/wp-content\/uploads\/2024\/02\/thumbnail_IMG-20240212-WA0023-1024x682.jpg 1024w, https:\/\/avrupapress.com\/main\/wp-content\/uploads\/2024\/02\/thumbnail_IMG-20240212-WA0023-768x512.jpg 768w, https:\/\/avrupapress.com\/main\/wp-content\/uploads\/2024\/02\/thumbnail_IMG-20240212-WA0023-1536x1023.jpg 1536w, https:\/\/avrupapress.com\/main\/wp-content\/uploads\/2024\/02\/thumbnail_IMG-20240212-WA0023.jpg 1600w\" sizes=\"auto, (max-width: 300px) 100vw, 300px\" \/><\/p>\n<p><img loading=\"lazy\" decoding=\"async\" class=\"alignnone size-medium wp-image-25201\" src=\"https:\/\/avrupapress.com\/main\/wp-content\/uploads\/2024\/02\/thumbnail_IMG-20240212-WA0001-300x200.jpg\" alt=\"\" width=\"300\" height=\"200\" srcset=\"https:\/\/avrupapress.com\/main\/wp-content\/uploads\/2024\/02\/thumbnail_IMG-20240212-WA0001-300x200.jpg 300w, https:\/\/avrupapress.com\/main\/wp-content\/uploads\/2024\/02\/thumbnail_IMG-20240212-WA0001-1024x682.jpg 1024w, https:\/\/avrupapress.com\/main\/wp-content\/uploads\/2024\/02\/thumbnail_IMG-20240212-WA0001-768x512.jpg 768w, https:\/\/avrupapress.com\/main\/wp-content\/uploads\/2024\/02\/thumbnail_IMG-20240212-WA0001-1536x1023.jpg 1536w, https:\/\/avrupapress.com\/main\/wp-content\/uploads\/2024\/02\/thumbnail_IMG-20240212-WA0001.jpg 1600w\" sizes=\"auto, (max-width: 300px) 100vw, 300px\" \/><\/p>\n<p><img loading=\"lazy\" decoding=\"async\" class=\"alignnone size-medium wp-image-25202\" src=\"https:\/\/avrupapress.com\/main\/wp-content\/uploads\/2024\/02\/thumbnail_IMG-20240212-WA0015-300x200.jpg\" alt=\"\" width=\"300\" height=\"200\" srcset=\"https:\/\/avrupapress.com\/main\/wp-content\/uploads\/2024\/02\/thumbnail_IMG-20240212-WA0015-300x200.jpg 300w, https:\/\/avrupapress.com\/main\/wp-content\/uploads\/2024\/02\/thumbnail_IMG-20240212-WA0015-1024x682.jpg 1024w, https:\/\/avrupapress.com\/main\/wp-content\/uploads\/2024\/02\/thumbnail_IMG-20240212-WA0015-768x512.jpg 768w, https:\/\/avrupapress.com\/main\/wp-content\/uploads\/2024\/02\/thumbnail_IMG-20240212-WA0015-1536x1023.jpg 1536w, https:\/\/avrupapress.com\/main\/wp-content\/uploads\/2024\/02\/thumbnail_IMG-20240212-WA0015.jpg 1600w\" sizes=\"auto, (max-width: 300px) 100vw, 300px\" \/><\/p>\n<p><img loading=\"lazy\" decoding=\"async\" class=\"alignnone size-medium wp-image-25203\" src=\"https:\/\/avrupapress.com\/main\/wp-content\/uploads\/2024\/02\/thumbnail_IMG-20240212-WA0019-300x200.jpg\" alt=\"\" width=\"300\" height=\"200\" srcset=\"https:\/\/avrupapress.com\/main\/wp-content\/uploads\/2024\/02\/thumbnail_IMG-20240212-WA0019-300x200.jpg 300w, https:\/\/avrupapress.com\/main\/wp-content\/uploads\/2024\/02\/thumbnail_IMG-20240212-WA0019-1024x682.jpg 1024w, https:\/\/avrupapress.com\/main\/wp-content\/uploads\/2024\/02\/thumbnail_IMG-20240212-WA0019-768x512.jpg 768w, https:\/\/avrupapress.com\/main\/wp-content\/uploads\/2024\/02\/thumbnail_IMG-20240212-WA0019-1536x1023.jpg 1536w, https:\/\/avrupapress.com\/main\/wp-content\/uploads\/2024\/02\/thumbnail_IMG-20240212-WA0019.jpg 1600w\" sizes=\"auto, (max-width: 300px) 100vw, 300px\" \/><\/p>\n<p><img loading=\"lazy\" decoding=\"async\" class=\"alignnone size-medium wp-image-25205\" src=\"https:\/\/avrupapress.com\/main\/wp-content\/uploads\/2024\/02\/thumbnail_IMG-20240212-WA0024-300x143.jpg\" alt=\"\" width=\"300\" height=\"143\" srcset=\"https:\/\/avrupapress.com\/main\/wp-content\/uploads\/2024\/02\/thumbnail_IMG-20240212-WA0024-300x143.jpg 300w, https:\/\/avrupapress.com\/main\/wp-content\/uploads\/2024\/02\/thumbnail_IMG-20240212-WA0024-1024x490.jpg 1024w, https:\/\/avrupapress.com\/main\/wp-content\/uploads\/2024\/02\/thumbnail_IMG-20240212-WA0024-768x367.jpg 768w, https:\/\/avrupapress.com\/main\/wp-content\/uploads\/2024\/02\/thumbnail_IMG-20240212-WA0024-1536x734.jpg 1536w, https:\/\/avrupapress.com\/main\/wp-content\/uploads\/2024\/02\/thumbnail_IMG-20240212-WA0024.jpg 1600w\" sizes=\"auto, (max-width: 300px) 100vw, 300px\" \/><\/p>\n<p><img loading=\"lazy\" decoding=\"async\" class=\"alignnone size-medium wp-image-25206\" src=\"https:\/\/avrupapress.com\/main\/wp-content\/uploads\/2024\/02\/thumbnail_IMG-20240212-WA0028-300x200.jpg\" alt=\"\" width=\"300\" height=\"200\" srcset=\"https:\/\/avrupapress.com\/main\/wp-content\/uploads\/2024\/02\/thumbnail_IMG-20240212-WA0028-300x200.jpg 300w, https:\/\/avrupapress.com\/main\/wp-content\/uploads\/2024\/02\/thumbnail_IMG-20240212-WA0028-1024x682.jpg 1024w, https:\/\/avrupapress.com\/main\/wp-content\/uploads\/2024\/02\/thumbnail_IMG-20240212-WA0028-768x512.jpg 768w, https:\/\/avrupapress.com\/main\/wp-content\/uploads\/2024\/02\/thumbnail_IMG-20240212-WA0028-1536x1023.jpg 1536w, https:\/\/avrupapress.com\/main\/wp-content\/uploads\/2024\/02\/thumbnail_IMG-20240212-WA0028.jpg 1600w\" sizes=\"auto, (max-width: 300px) 100vw, 300px\" \/><\/p>\n<p><img loading=\"lazy\" decoding=\"async\" class=\"alignnone size-medium wp-image-25207\" src=\"https:\/\/avrupapress.com\/main\/wp-content\/uploads\/2024\/02\/thumbnail_IMG-20240212-WA0031-300x200.jpg\" alt=\"\" width=\"300\" height=\"200\" srcset=\"https:\/\/avrupapress.com\/main\/wp-content\/uploads\/2024\/02\/thumbnail_IMG-20240212-WA0031-300x200.jpg 300w, https:\/\/avrupapress.com\/main\/wp-content\/uploads\/2024\/02\/thumbnail_IMG-20240212-WA0031-1024x682.jpg 1024w, https:\/\/avrupapress.com\/main\/wp-content\/uploads\/2024\/02\/thumbnail_IMG-20240212-WA0031-768x512.jpg 768w, https:\/\/avrupapress.com\/main\/wp-content\/uploads\/2024\/02\/thumbnail_IMG-20240212-WA0031-1536x1023.jpg 1536w, https:\/\/avrupapress.com\/main\/wp-content\/uploads\/2024\/02\/thumbnail_IMG-20240212-WA0031.jpg 1600w\" sizes=\"auto, (max-width: 300px) 100vw, 300px\" \/><\/p>\n<p>&nbsp;<\/p>\n<p><img loading=\"lazy\" decoding=\"async\" class=\"alignnone size-medium wp-image-25209\" src=\"https:\/\/avrupapress.com\/main\/wp-content\/uploads\/2024\/02\/thumbnail_IMG-20240212-WA0035-300x200.jpg\" alt=\"\" width=\"300\" height=\"200\" srcset=\"https:\/\/avrupapress.com\/main\/wp-content\/uploads\/2024\/02\/thumbnail_IMG-20240212-WA0035-300x200.jpg 300w, https:\/\/avrupapress.com\/main\/wp-content\/uploads\/2024\/02\/thumbnail_IMG-20240212-WA0035-1024x682.jpg 1024w, https:\/\/avrupapress.com\/main\/wp-content\/uploads\/2024\/02\/thumbnail_IMG-20240212-WA0035-768x512.jpg 768w, https:\/\/avrupapress.com\/main\/wp-content\/uploads\/2024\/02\/thumbnail_IMG-20240212-WA0035-1536x1023.jpg 1536w, https:\/\/avrupapress.com\/main\/wp-content\/uploads\/2024\/02\/thumbnail_IMG-20240212-WA0035.jpg 1600w\" sizes=\"auto, (max-width: 300px) 100vw, 300px\" \/><\/p>\n<p><img loading=\"lazy\" decoding=\"async\" class=\"alignnone size-medium wp-image-25210\" src=\"https:\/\/avrupapress.com\/main\/wp-content\/uploads\/2024\/02\/thumbnail_IMG-20240212-WA0036-300x200.jpg\" alt=\"\" width=\"300\" height=\"200\" srcset=\"https:\/\/avrupapress.com\/main\/wp-content\/uploads\/2024\/02\/thumbnail_IMG-20240212-WA0036-300x200.jpg 300w, https:\/\/avrupapress.com\/main\/wp-content\/uploads\/2024\/02\/thumbnail_IMG-20240212-WA0036-1024x682.jpg 1024w, https:\/\/avrupapress.com\/main\/wp-content\/uploads\/2024\/02\/thumbnail_IMG-20240212-WA0036-768x512.jpg 768w, https:\/\/avrupapress.com\/main\/wp-content\/uploads\/2024\/02\/thumbnail_IMG-20240212-WA0036-1536x1023.jpg 1536w, https:\/\/avrupapress.com\/main\/wp-content\/uploads\/2024\/02\/thumbnail_IMG-20240212-WA0036.jpg 1600w\" sizes=\"auto, (max-width: 300px) 100vw, 300px\" \/><\/p>\n<p>&nbsp;<\/p>\n<p><strong>Muharrem Bozcal\u00a0 \u00a0 \/\u00a0 \u00a0 AVRUPAPRESS<\/strong><\/p>\n","protected":false},"excerpt":{"rendered":"<p>Bel\u00e7ika&rsquo;da Saadet Anvers ve Br\u00fcksel b\u00f6lgeleri taraf\u0131ndan eskiba\u015fbakanlardan merhum Necmettin Erbakan&rsquo;\u0131n vefat\u0131n\u0131n 13. y\u0131l\u0131dolay\u0131s\u0131yla \u00ab\u00a0Necmettin Erbakan&rsquo;\u0131\u00a0anma\u00a0ve anlama\u00a0\u00bb program\u0131 d\u00fczenlendi.Houthalen Cultuurhuis Casino Salonu&rsquo;nda d\u00fczenlenen anma program\u0131, HamdiTabanl\u0131&rsquo;n\u0131n Kur&rsquo;an-\u0131 Kerim tilavetiyle ba\u015flad\u0131.Program, Saadet Br\u00fcksel b\u00f6lge ba\u015fkan\u0131 Hasan Yavuz Uzun, Saadet Anversb\u00f6lge ba\u015fkan\u0131 Safa \u015eenel ve Saadet Avrupa Genel Sekreteri Yakup\u00d6zdo\u011fru&rsquo;nun yapt\u0131\u011f\u0131 selamlama konu\u015fmalar\u0131yla devam etti.Erbakan&rsquo;\u0131n hayat\u0131ndan kesitlerin [&hellip;]<\/p>\n","protected":false},"author":3,"featured_media":25210,"comment_status":"closed","ping_status":"open","sticky":false,"template":"","format":"standard","meta":{"footnotes":""},"categories":[14,16,3,17,18,15,19,2,1],"tags":[],"class_list":["post-25200","post","type-post","status-publish","format-standard","has-post-thumbnail","hentry","category-avrupa","category-belcika","category-dunya","category-ekonomi","category-kultur-sanat","category-spor","category-tanitim","category-turkiye","category-uncategorized"],"yoast_head":"<!-- This site is optimized with the Yoast SEO plugin v26.9 - https:\/\/yoast.com\/product\/yoast-seo-wordpress\/ -->\n<title>Necmettin Erbakan, vefat\u0131n\u0131n sene-i devriyesinde Bel\u00e7ika&#039;da an\u0131ld\u0131 - AvrupaPress<\/title>\n<meta name=\"robots\" content=\"index, follow, max-snippet:-1, max-image-preview:large, max-video-preview:-1\" \/>\n<link rel=\"canonical\" href=\"https:\/\/avrupapress.com\/main\/2024\/02\/12\/necmettin-erbakan-vefatinin-sene-i-devriyesinde-belcikada-anildi\/\" \/>\n<meta property=\"og:locale\" content=\"fr_FR\" \/>\n<meta property=\"og:type\" content=\"article\" \/>\n<meta property=\"og:title\" content=\"Necmettin Erbakan, vefat\u0131n\u0131n sene-i devriyesinde Bel\u00e7ika&#039;da an\u0131ld\u0131 - AvrupaPress\" \/>\n<meta property=\"og:description\" content=\"Bel\u00e7ika&rsquo;da Saadet Anvers ve Br\u00fcksel b\u00f6lgeleri taraf\u0131ndan eskiba\u015fbakanlardan merhum Necmettin Erbakan&rsquo;\u0131n vefat\u0131n\u0131n 13. y\u0131l\u0131dolay\u0131s\u0131yla \u00ab\u00a0Necmettin Erbakan&rsquo;\u0131\u00a0anma\u00a0ve anlama\u00a0\u00bb program\u0131 d\u00fczenlendi.Houthalen Cultuurhuis Casino Salonu&rsquo;nda d\u00fczenlenen anma program\u0131, HamdiTabanl\u0131&rsquo;n\u0131n Kur&rsquo;an-\u0131 Kerim tilavetiyle ba\u015flad\u0131.Program, Saadet Br\u00fcksel b\u00f6lge ba\u015fkan\u0131 Hasan Yavuz Uzun, Saadet Anversb\u00f6lge ba\u015fkan\u0131 Safa \u015eenel ve Saadet Avrupa Genel Sekreteri Yakup\u00d6zdo\u011fru&rsquo;nun yapt\u0131\u011f\u0131 selamlama konu\u015fmalar\u0131yla devam etti.Erbakan&rsquo;\u0131n hayat\u0131ndan kesitlerin [&hellip;]\" \/>\n<meta property=\"og:url\" content=\"https:\/\/avrupapress.com\/main\/2024\/02\/12\/necmettin-erbakan-vefatinin-sene-i-devriyesinde-belcikada-anildi\/\" \/>\n<meta property=\"og:site_name\" content=\"AvrupaPress\" \/>\n<meta property=\"article:published_time\" content=\"2024-02-12T21:14:21+00:00\" \/>\n<meta property=\"article:modified_time\" content=\"2024-02-12T21:14:33+00:00\" \/>\n<meta property=\"og:image\" content=\"https:\/\/avrupapress.com\/main\/wp-content\/uploads\/2024\/02\/thumbnail_IMG-20240212-WA0036.jpg\" \/>\n\t<meta property=\"og:image:width\" content=\"1600\" \/>\n\t<meta property=\"og:image:height\" content=\"1066\" \/>\n\t<meta property=\"og:image:type\" content=\"image\/jpeg\" \/>\n<meta name=\"author\" content=\"Edit\u00f6r\" \/>\n<meta name=\"twitter:card\" content=\"summary_large_image\" \/>\n<meta name=\"twitter:label1\" content=\"\u00c9crit par\" \/>\n\t<meta name=\"twitter:data1\" content=\"Edit\u00f6r\" \/>\n\t<meta name=\"twitter:label2\" content=\"Dur\u00e9e de lecture est.\" \/>\n\t<meta name=\"twitter:data2\" content=\"3 minutes\" \/>\n<script type=\"application\/ld+json\" class=\"yoast-schema-graph\">{\"@context\":\"https:\/\/schema.org\",\"@graph\":[{\"@type\":\"Article\",\"@id\":\"https:\/\/avrupapress.com\/main\/2024\/02\/12\/necmettin-erbakan-vefatinin-sene-i-devriyesinde-belcikada-anildi\/#article\",\"isPartOf\":{\"@id\":\"https:\/\/avrupapress.com\/main\/2024\/02\/12\/necmettin-erbakan-vefatinin-sene-i-devriyesinde-belcikada-anildi\/\"},\"author\":{\"name\":\"Edit\u00f6r\",\"@id\":\"https:\/\/avrupapress.com\/#\/schema\/person\/68428444ec60970d1e1b700cf4ca1e8f\"},\"headline\":\"Necmettin Erbakan, vefat\u0131n\u0131n sene-i devriyesinde Bel\u00e7ika&rsquo;da an\u0131ld\u0131\",\"datePublished\":\"2024-02-12T21:14:21+00:00\",\"dateModified\":\"2024-02-12T21:14:33+00:00\",\"mainEntityOfPage\":{\"@id\":\"https:\/\/avrupapress.com\/main\/2024\/02\/12\/necmettin-erbakan-vefatinin-sene-i-devriyesinde-belcikada-anildi\/\"},\"wordCount\":260,\"publisher\":{\"@id\":\"https:\/\/avrupapress.com\/#\/schema\/person\/0223dca19c72c43575bf30d1a2d8f4fa\"},\"image\":{\"@id\":\"https:\/\/avrupapress.com\/main\/2024\/02\/12\/necmettin-erbakan-vefatinin-sene-i-devriyesinde-belcikada-anildi\/#primaryimage\"},\"thumbnailUrl\":\"https:\/\/avrupapress.com\/main\/wp-content\/uploads\/2024\/02\/thumbnail_IMG-20240212-WA0036.jpg\",\"articleSection\":[\"Avrupa\",\"Bel\u00e7ika\",\"D\u00fcnya\",\"Ekonomi\",\"K\u00fclt\u00fcr-Sanat\",\"Spor\",\"Tan\u0131t\u0131m\",\"T\u00fcrkiye\",\"Uncategorized\"],\"inLanguage\":\"fr-BE\"},{\"@type\":\"WebPage\",\"@id\":\"https:\/\/avrupapress.com\/main\/2024\/02\/12\/necmettin-erbakan-vefatinin-sene-i-devriyesinde-belcikada-anildi\/\",\"url\":\"https:\/\/avrupapress.com\/main\/2024\/02\/12\/necmettin-erbakan-vefatinin-sene-i-devriyesinde-belcikada-anildi\/\",\"name\":\"Necmettin Erbakan, vefat\u0131n\u0131n sene-i devriyesinde Bel\u00e7ika'da an\u0131ld\u0131 - AvrupaPress\",\"isPartOf\":{\"@id\":\"https:\/\/avrupapress.com\/#website\"},\"primaryImageOfPage\":{\"@id\":\"https:\/\/avrupapress.com\/main\/2024\/02\/12\/necmettin-erbakan-vefatinin-sene-i-devriyesinde-belcikada-anildi\/#primaryimage\"},\"image\":{\"@id\":\"https:\/\/avrupapress.com\/main\/2024\/02\/12\/necmettin-erbakan-vefatinin-sene-i-devriyesinde-belcikada-anildi\/#primaryimage\"},\"thumbnailUrl\":\"https:\/\/avrupapress.com\/main\/wp-content\/uploads\/2024\/02\/thumbnail_IMG-20240212-WA0036.jpg\",\"datePublished\":\"2024-02-12T21:14:21+00:00\",\"dateModified\":\"2024-02-12T21:14:33+00:00\",\"breadcrumb\":{\"@id\":\"https:\/\/avrupapress.com\/main\/2024\/02\/12\/necmettin-erbakan-vefatinin-sene-i-devriyesinde-belcikada-anildi\/#breadcrumb\"},\"inLanguage\":\"fr-BE\",\"potentialAction\":[{\"@type\":\"ReadAction\",\"target\":[\"https:\/\/avrupapress.com\/main\/2024\/02\/12\/necmettin-erbakan-vefatinin-sene-i-devriyesinde-belcikada-anildi\/\"]}]},{\"@type\":\"ImageObject\",\"inLanguage\":\"fr-BE\",\"@id\":\"https:\/\/avrupapress.com\/main\/2024\/02\/12\/necmettin-erbakan-vefatinin-sene-i-devriyesinde-belcikada-anildi\/#primaryimage\",\"url\":\"https:\/\/avrupapress.com\/main\/wp-content\/uploads\/2024\/02\/thumbnail_IMG-20240212-WA0036.jpg\",\"contentUrl\":\"https:\/\/avrupapress.com\/main\/wp-content\/uploads\/2024\/02\/thumbnail_IMG-20240212-WA0036.jpg\",\"width\":1600,\"height\":1066},{\"@type\":\"BreadcrumbList\",\"@id\":\"https:\/\/avrupapress.com\/main\/2024\/02\/12\/necmettin-erbakan-vefatinin-sene-i-devriyesinde-belcikada-anildi\/#breadcrumb\",\"itemListElement\":[{\"@type\":\"ListItem\",\"position\":1,\"name\":\"Anasayfa\",\"item\":\"https:\/\/avrupapress.com\/\"},{\"@type\":\"ListItem\",\"position\":2,\"name\":\"Necmettin Erbakan, vefat\u0131n\u0131n sene-i devriyesinde Bel\u00e7ika&rsquo;da an\u0131ld\u0131\"}]},{\"@type\":\"WebSite\",\"@id\":\"https:\/\/avrupapress.com\/#website\",\"url\":\"https:\/\/avrupapress.com\/\",\"name\":\"AvrupaPress\",\"description\":\"Haberin Adresi\",\"publisher\":{\"@id\":\"https:\/\/avrupapress.com\/#\/schema\/person\/0223dca19c72c43575bf30d1a2d8f4fa\"},\"potentialAction\":[{\"@type\":\"SearchAction\",\"target\":{\"@type\":\"EntryPoint\",\"urlTemplate\":\"https:\/\/avrupapress.com\/?s={search_term_string}\"},\"query-input\":{\"@type\":\"PropertyValueSpecification\",\"valueRequired\":true,\"valueName\":\"search_term_string\"}}],\"inLanguage\":\"fr-BE\"},{\"@type\":[\"Person\",\"Organization\"],\"@id\":\"https:\/\/avrupapress.com\/#\/schema\/person\/0223dca19c72c43575bf30d1a2d8f4fa\",\"name\":\"Bilgin \u00d6z\u00e7ift\u00e7i\",\"image\":{\"@type\":\"ImageObject\",\"inLanguage\":\"fr-BE\",\"@id\":\"https:\/\/avrupapress.com\/#\/schema\/person\/image\/\",\"url\":\"https:\/\/secure.gravatar.com\/avatar\/0f23b280433a21e1ea7a0adcc46ed0ad16afe3ad8e630fd13d8a017dcbd54ef3?s=96&d=mm&r=g\",\"contentUrl\":\"https:\/\/secure.gravatar.com\/avatar\/0f23b280433a21e1ea7a0adcc46ed0ad16afe3ad8e630fd13d8a017dcbd54ef3?s=96&d=mm&r=g\",\"caption\":\"Bilgin \u00d6z\u00e7ift\u00e7i\"},\"logo\":{\"@id\":\"https:\/\/avrupapress.com\/#\/schema\/person\/image\/\"},\"description\":\"Ne ben, nede sen... Biz ancak \\\"biz\\\" olursak g\u00fc\u00e7l\u00fc olabiliriz\"},{\"@type\":\"Person\",\"@id\":\"https:\/\/avrupapress.com\/#\/schema\/person\/68428444ec60970d1e1b700cf4ca1e8f\",\"name\":\"Edit\u00f6r\",\"image\":{\"@type\":\"ImageObject\",\"inLanguage\":\"fr-BE\",\"@id\":\"https:\/\/avrupapress.com\/#\/schema\/person\/image\/\",\"url\":\"https:\/\/secure.gravatar.com\/avatar\/74996b0977aa5f1559ba9883776652508b229005c0d78fb2597897f0bd651c09?s=96&d=mm&r=g\",\"contentUrl\":\"https:\/\/secure.gravatar.com\/avatar\/74996b0977aa5f1559ba9883776652508b229005c0d78fb2597897f0bd651c09?s=96&d=mm&r=g\",\"caption\":\"Edit\u00f6r\"},\"sameAs\":[\"http:\/\/www.avrupapress.com\"],\"url\":\"https:\/\/avrupapress.com\/main\/author\/editor\/\"}]}<\/script>\n<!-- \/ Yoast SEO plugin. -->","yoast_head_json":{"title":"Necmettin Erbakan, vefat\u0131n\u0131n sene-i devriyesinde Bel\u00e7ika'da an\u0131ld\u0131 - AvrupaPress","robots":{"index":"index","follow":"follow","max-snippet":"max-snippet:-1","max-image-preview":"max-image-preview:large","max-video-preview":"max-video-preview:-1"},"canonical":"https:\/\/avrupapress.com\/main\/2024\/02\/12\/necmettin-erbakan-vefatinin-sene-i-devriyesinde-belcikada-anildi\/","og_locale":"fr_FR","og_type":"article","og_title":"Necmettin Erbakan, vefat\u0131n\u0131n sene-i devriyesinde Bel\u00e7ika'da an\u0131ld\u0131 - AvrupaPress","og_description":"Bel\u00e7ika&rsquo;da Saadet Anvers ve Br\u00fcksel b\u00f6lgeleri taraf\u0131ndan eskiba\u015fbakanlardan merhum Necmettin Erbakan&rsquo;\u0131n vefat\u0131n\u0131n 13. y\u0131l\u0131dolay\u0131s\u0131yla \u00ab\u00a0Necmettin Erbakan&rsquo;\u0131\u00a0anma\u00a0ve anlama\u00a0\u00bb program\u0131 d\u00fczenlendi.Houthalen Cultuurhuis Casino Salonu&rsquo;nda d\u00fczenlenen anma program\u0131, HamdiTabanl\u0131&rsquo;n\u0131n Kur&rsquo;an-\u0131 Kerim tilavetiyle ba\u015flad\u0131.Program, Saadet Br\u00fcksel b\u00f6lge ba\u015fkan\u0131 Hasan Yavuz Uzun, Saadet Anversb\u00f6lge ba\u015fkan\u0131 Safa \u015eenel ve Saadet Avrupa Genel Sekreteri Yakup\u00d6zdo\u011fru&rsquo;nun yapt\u0131\u011f\u0131 selamlama konu\u015fmalar\u0131yla devam etti.Erbakan&rsquo;\u0131n hayat\u0131ndan kesitlerin [&hellip;]","og_url":"https:\/\/avrupapress.com\/main\/2024\/02\/12\/necmettin-erbakan-vefatinin-sene-i-devriyesinde-belcikada-anildi\/","og_site_name":"AvrupaPress","article_published_time":"2024-02-12T21:14:21+00:00","article_modified_time":"2024-02-12T21:14:33+00:00","og_image":[{"width":1600,"height":1066,"url":"https:\/\/avrupapress.com\/main\/wp-content\/uploads\/2024\/02\/thumbnail_IMG-20240212-WA0036.jpg","type":"image\/jpeg"}],"author":"Edit\u00f6r","twitter_card":"summary_large_image","twitter_misc":{"\u00c9crit par":"Edit\u00f6r","Dur\u00e9e de lecture est.":"3 minutes"},"schema":{"@context":"https:\/\/schema.org","@graph":[{"@type":"Article","@id":"https:\/\/avrupapress.com\/main\/2024\/02\/12\/necmettin-erbakan-vefatinin-sene-i-devriyesinde-belcikada-anildi\/#article","isPartOf":{"@id":"https:\/\/avrupapress.com\/main\/2024\/02\/12\/necmettin-erbakan-vefatinin-sene-i-devriyesinde-belcikada-anildi\/"},"author":{"name":"Edit\u00f6r","@id":"https:\/\/avrupapress.com\/#\/schema\/person\/68428444ec60970d1e1b700cf4ca1e8f"},"headline":"Necmettin Erbakan, vefat\u0131n\u0131n sene-i devriyesinde Bel\u00e7ika&rsquo;da an\u0131ld\u0131","datePublished":"2024-02-12T21:14:21+00:00","dateModified":"2024-02-12T21:14:33+00:00","mainEntityOfPage":{"@id":"https:\/\/avrupapress.com\/main\/2024\/02\/12\/necmettin-erbakan-vefatinin-sene-i-devriyesinde-belcikada-anildi\/"},"wordCount":260,"publisher":{"@id":"https:\/\/avrupapress.com\/#\/schema\/person\/0223dca19c72c43575bf30d1a2d8f4fa"},"image":{"@id":"https:\/\/avrupapress.com\/main\/2024\/02\/12\/necmettin-erbakan-vefatinin-sene-i-devriyesinde-belcikada-anildi\/#primaryimage"},"thumbnailUrl":"https:\/\/avrupapress.com\/main\/wp-content\/uploads\/2024\/02\/thumbnail_IMG-20240212-WA0036.jpg","articleSection":["Avrupa","Bel\u00e7ika","D\u00fcnya","Ekonomi","K\u00fclt\u00fcr-Sanat","Spor","Tan\u0131t\u0131m","T\u00fcrkiye","Uncategorized"],"inLanguage":"fr-BE"},{"@type":"WebPage","@id":"https:\/\/avrupapress.com\/main\/2024\/02\/12\/necmettin-erbakan-vefatinin-sene-i-devriyesinde-belcikada-anildi\/","url":"https:\/\/avrupapress.com\/main\/2024\/02\/12\/necmettin-erbakan-vefatinin-sene-i-devriyesinde-belcikada-anildi\/","name":"Necmettin Erbakan, vefat\u0131n\u0131n sene-i devriyesinde Bel\u00e7ika'da an\u0131ld\u0131 - AvrupaPress","isPartOf":{"@id":"https:\/\/avrupapress.com\/#website"},"primaryImageOfPage":{"@id":"https:\/\/avrupapress.com\/main\/2024\/02\/12\/necmettin-erbakan-vefatinin-sene-i-devriyesinde-belcikada-anildi\/#primaryimage"},"image":{"@id":"https:\/\/avrupapress.com\/main\/2024\/02\/12\/necmettin-erbakan-vefatinin-sene-i-devriyesinde-belcikada-anildi\/#primaryimage"},"thumbnailUrl":"https:\/\/avrupapress.com\/main\/wp-content\/uploads\/2024\/02\/thumbnail_IMG-20240212-WA0036.jpg","datePublished":"2024-02-12T21:14:21+00:00","dateModified":"2024-02-12T21:14:33+00:00","breadcrumb":{"@id":"https:\/\/avrupapress.com\/main\/2024\/02\/12\/necmettin-erbakan-vefatinin-sene-i-devriyesinde-belcikada-anildi\/#breadcrumb"},"inLanguage":"fr-BE","potentialAction":[{"@type":"ReadAction","target":["https:\/\/avrupapress.com\/main\/2024\/02\/12\/necmettin-erbakan-vefatinin-sene-i-devriyesinde-belcikada-anildi\/"]}]},{"@type":"ImageObject","inLanguage":"fr-BE","@id":"https:\/\/avrupapress.com\/main\/2024\/02\/12\/necmettin-erbakan-vefatinin-sene-i-devriyesinde-belcikada-anildi\/#primaryimage","url":"https:\/\/avrupapress.com\/main\/wp-content\/uploads\/2024\/02\/thumbnail_IMG-20240212-WA0036.jpg","contentUrl":"https:\/\/avrupapress.com\/main\/wp-content\/uploads\/2024\/02\/thumbnail_IMG-20240212-WA0036.jpg","width":1600,"height":1066},{"@type":"BreadcrumbList","@id":"https:\/\/avrupapress.com\/main\/2024\/02\/12\/necmettin-erbakan-vefatinin-sene-i-devriyesinde-belcikada-anildi\/#breadcrumb","itemListElement":[{"@type":"ListItem","position":1,"name":"Anasayfa","item":"https:\/\/avrupapress.com\/"},{"@type":"ListItem","position":2,"name":"Necmettin Erbakan, vefat\u0131n\u0131n sene-i devriyesinde Bel\u00e7ika&rsquo;da an\u0131ld\u0131"}]},{"@type":"WebSite","@id":"https:\/\/avrupapress.com\/#website","url":"https:\/\/avrupapress.com\/","name":"AvrupaPress","description":"Haberin Adresi","publisher":{"@id":"https:\/\/avrupapress.com\/#\/schema\/person\/0223dca19c72c43575bf30d1a2d8f4fa"},"potentialAction":[{"@type":"SearchAction","target":{"@type":"EntryPoint","urlTemplate":"https:\/\/avrupapress.com\/?s={search_term_string}"},"query-input":{"@type":"PropertyValueSpecification","valueRequired":true,"valueName":"search_term_string"}}],"inLanguage":"fr-BE"},{"@type":["Person","Organization"],"@id":"https:\/\/avrupapress.com\/#\/schema\/person\/0223dca19c72c43575bf30d1a2d8f4fa","name":"Bilgin \u00d6z\u00e7ift\u00e7i","image":{"@type":"ImageObject","inLanguage":"fr-BE","@id":"https:\/\/avrupapress.com\/#\/schema\/person\/image\/","url":"https:\/\/secure.gravatar.com\/avatar\/0f23b280433a21e1ea7a0adcc46ed0ad16afe3ad8e630fd13d8a017dcbd54ef3?s=96&d=mm&r=g","contentUrl":"https:\/\/secure.gravatar.com\/avatar\/0f23b280433a21e1ea7a0adcc46ed0ad16afe3ad8e630fd13d8a017dcbd54ef3?s=96&d=mm&r=g","caption":"Bilgin \u00d6z\u00e7ift\u00e7i"},"logo":{"@id":"https:\/\/avrupapress.com\/#\/schema\/person\/image\/"},"description":"Ne ben, nede sen... Biz ancak \"biz\" olursak g\u00fc\u00e7l\u00fc olabiliriz"},{"@type":"Person","@id":"https:\/\/avrupapress.com\/#\/schema\/person\/68428444ec60970d1e1b700cf4ca1e8f","name":"Edit\u00f6r","image":{"@type":"ImageObject","inLanguage":"fr-BE","@id":"https:\/\/avrupapress.com\/#\/schema\/person\/image\/","url":"https:\/\/secure.gravatar.com\/avatar\/74996b0977aa5f1559ba9883776652508b229005c0d78fb2597897f0bd651c09?s=96&d=mm&r=g","contentUrl":"https:\/\/secure.gravatar.com\/avatar\/74996b0977aa5f1559ba9883776652508b229005c0d78fb2597897f0bd651c09?s=96&d=mm&r=g","caption":"Edit\u00f6r"},"sameAs":["http:\/\/www.avrupapress.com"],"url":"https:\/\/avrupapress.com\/main\/author\/editor\/"}]}},"_links":{"self":[{"href":"https:\/\/avrupapress.com\/main\/wp-json\/wp\/v2\/posts\/25200","targetHints":{"allow":["GET"]}}],"collection":[{"href":"https:\/\/avrupapress.com\/main\/wp-json\/wp\/v2\/posts"}],"about":[{"href":"https:\/\/avrupapress.com\/main\/wp-json\/wp\/v2\/types\/post"}],"author":[{"embeddable":true,"href":"https:\/\/avrupapress.com\/main\/wp-json\/wp\/v2\/users\/3"}],"replies":[{"embeddable":true,"href":"https:\/\/avrupapress.com\/main\/wp-json\/wp\/v2\/comments?post=25200"}],"version-history":[{"count":1,"href":"https:\/\/avrupapress.com\/main\/wp-json\/wp\/v2\/posts\/25200\/revisions"}],"predecessor-version":[{"id":25211,"href":"https:\/\/avrupapress.com\/main\/wp-json\/wp\/v2\/posts\/25200\/revisions\/25211"}],"wp:featuredmedia":[{"embeddable":true,"href":"https:\/\/avrupapress.com\/main\/wp-json\/wp\/v2\/media\/25210"}],"wp:attachment":[{"href":"https:\/\/avrupapress.com\/main\/wp-json\/wp\/v2\/media?parent=25200"}],"wp:term":[{"taxonomy":"category","embeddable":true,"href":"https:\/\/avrupapress.com\/main\/wp-json\/wp\/v2\/categories?post=25200"},{"taxonomy":"post_tag","embeddable":true,"href":"https:\/\/avrupapress.com\/main\/wp-json\/wp\/v2\/tags?post=25200"}],"curies":[{"name":"wp","href":"https:\/\/api.w.org\/{rel}","templated":true}]}}