{"id":25196,"date":"2024-02-12T21:05:55","date_gmt":"2024-02-12T21:05:55","guid":{"rendered":"https:\/\/avrupapress.com\/main\/?p=25196"},"modified":"2024-02-12T21:53:00","modified_gmt":"2024-02-12T21:53:00","slug":"almanya-siyasetine-agirligimizi-koyalim","status":"publish","type":"post","link":"https:\/\/avrupapress.com\/main\/2024\/02\/12\/almanya-siyasetine-agirligimizi-koyalim\/","title":{"rendered":"ALMANYA S\u0130YASET\u0130NE A\u011eIRLI\u011eIMIZI KOYALIM!"},"content":{"rendered":"<p class=\"x_MsoNormal\"><span lang=\"TR\">Modern Vatanda\u015fl\u0131k Yasas\u0131\u2019n\u0131n Federal Meclis\u2019ten sonra Eyaletler Meclisi\u2019nde de kabul edilmesinden mutluluk duyduklar\u0131n\u0131 belirten Se\u00e7im Hakk\u0131 Giri\u015fimi Ba\u015fkan\u0131 Bahattin Gemici \u015eans\u00f6lye Olaf Scholz\u2019a ve koalisyon partilerine te\u015fekk\u00fcr etti. Yurtta\u015flar\u0131m\u0131za seslenen Gemici, \u201cAlman partilerine \u00fcye olal\u0131m, siyasete a\u011f\u0131rl\u0131\u011f\u0131m\u0131z\u0131 koyal\u0131m.\u201d dedi.<\/span><\/p>\n<p class=\"x_MsoNormal\"><b><span lang=\"TR\">\u00a0\u00a0\u00a0HERTEN<\/span><\/b><\/p>\n<p class=\"x_MsoNormal\"><span lang=\"TR\">\u00a0\u00a0 \u00c7ifte vatanda\u015fl\u0131k yolunu a\u00e7an Almanya \u015eans\u00f6lyesi Olaf Scholz ile koalisyonu olu\u015fturan Sosyal Demokrat Parti SPD, Ye\u015filler ve H\u00fcr Demokrat Parti FDP\u2019ye te\u015fekk\u00fcr eden Kuzey Ren Vestfalya (KRV) Se\u00e7im Hakk\u0131 Giri\u015fimi Ba\u015fkan\u0131- yazar Bahattin Gemici, \u201cYurtta\u015flar\u0131m\u0131z yap\u0131lacak olan se\u00e7imlerde bu partilere destek vererek onlar\u0131 \u00f6d\u00fcllendirecektir.\u201d dedi.<\/span><\/p>\n<p class=\"x_MsoNormal\"><span lang=\"TR\">\u00a0\u00a0 Yurtta\u015flar\u0131 demokratik Alman partilerine \u00fcye olmaya, aktif siyasete kat\u0131lmaya \u00e7a\u011f\u0131ran Gemici \u015funlar\u0131 s\u00f6yledi: \u201cAncak bu \u015fekilde \u00fclke siyasetine a\u011f\u0131rl\u0131k koyabilir; sesimizi duyurabilir, sorunlar\u0131m\u0131za \u00e7\u00f6z\u00fcm bulabiliriz. Belediyelerde, eyalet meclislerinde ve Federal Meclis\u2019te daha \u00e7ok g\u00f6\u00e7men k\u00f6kenli insan\u0131n temsil edilmesini, se\u00e7ilenlerin ise geldikleri toplumu unutmamalar\u0131n\u0131 istiyoruz.\u201d<\/span><\/p>\n<p class=\"x_MsoNormal\" align=\"center\"><b><span lang=\"TR\">ETN\u0130K K\u00d6KENL\u0130 PART\u0130LER\u0130N \u015eANSI YOK<\/span><\/b><\/p>\n<p class=\"x_MsoNormal\"><span lang=\"TR\">\u00a0\u00a0 Bahattin Gemici, etnik k\u00f6kene dayal\u0131 partilerin daha \u00f6nceleri g\u00f6r\u00fcld\u00fc\u011f\u00fc gibi beklenen ba\u015far\u0131ya ula\u015famayaca\u011f\u0131n\u0131, bu t\u00fcr partilerin toplumdaki kutupla\u015fmalar\u0131 ve g\u00f6\u00e7men kar\u015f\u0131tl\u0131\u011f\u0131n\u0131 k\u00f6r\u00fckleyece\u011fine dikkat \u00e7ekti. Gemici; \u201cAlmanya\u2019da \u0131rk\u00e7\u0131 partilerin \u00f6n\u00fcn\u00fc kesmek, sorunlar\u0131m\u0131za \u00e7\u00f6z\u00fcm bulmak istiyorsak bunun yolu Alman partilerinde ve kurumlar\u0131nda aktif g\u00f6rev almaktan ge\u00e7er.\u201d dedi.<\/span><\/p>\n<p class=\"x_MsoNormal\"><span lang=\"TR\">\u00a0\u00a0\u00a0Almanya\u2019daki T\u00fcrk toplumunun oy hakk\u0131 olmad\u0131\u011f\u0131 i\u00e7in Alman siyasetinin d\u0131\u015f\u0131nda kald\u0131\u011f\u0131n\u0131; bu y\u00fczden T\u00fcrkiye siyasetine y\u00f6neldi\u011fini, ancak bunun yurtta\u015flar\u0131m\u0131z aras\u0131nda birlik beraberlik ruhunun azalmas\u0131na ve kutupla\u015fmaya neden oldu\u011funu belirten Bahattin Gemici, \u201c\u0130\u00e7inde ya\u015fad\u0131\u011f\u0131m\u0131z \u00fclkenin b\u00fct\u00fcn sorunlar\u0131 ile yak\u0131ndan ilgilenmeli, toplumsal ya\u015fam\u0131n i\u00e7inde yer almal\u0131y\u0131z.\u201d ifadesini kulland\u0131<\/span><\/p>\n<p class=\"x_MsoNormal\"><span lang=\"TR\">\u00a0\u00a0 Alman partilerine, g\u00f6\u00e7men k\u00f6kenlilere kap\u0131lar\u0131n\u0131 a\u00e7malar\u0131n\u0131, farkl\u0131 g\u00f6r\u00fc\u015flere sayg\u0131l\u0131 olmalar\u0131 \u00e7a\u011fr\u0131s\u0131 yapan Gemici, \u201cSiyaset kurumlar\u0131nda ba\u015far\u0131l\u0131 g\u00f6\u00e7menlerin \u00f6n\u00fc a\u00e7\u0131lmal\u0131, hak ettiklere yerlere gelmelidir. Bu yap\u0131lmazsa insanlar\u0131n etnik k\u00f6kenli partilere y\u00f6nelmesi ka\u00e7\u0131n\u0131lmaz olur.\u201d g\u00f6r\u00fc\u015f\u00fcn\u00fc savundu.<\/span><\/p>\n<p class=\"x_MsoNormal\" align=\"center\"><b><span lang=\"TR\">\u015e\u0130MD\u0130DEN HAZIRLIK YAPILMALI<\/span><\/b><\/p>\n<p class=\"x_MsoNormal\"><span lang=\"TR\">\u00a0\u00a0 Modern Vatanda\u015fl\u0131k Yasas\u0131\u2019n\u0131n Cumhurba\u015fkan\u0131 Frank- Walter Steinmeier\u2019in imzas\u0131ndan sonra y\u00fcr\u00fcrl\u00fc\u011fe girece\u011fini ifade eden Gemici, \u201cVatanda\u015fl\u0131k i\u00e7in ba\u015fvurmak isteyen yurtta\u015flar\u0131m\u0131z \u015fimdiden gerekli evraklar\u0131 haz\u0131rlamaya ba\u015flayabilir. G\u00f6\u00e7men daireleri ba\u015fvuru yo\u011funlu\u011funa kar\u015f\u0131 \u015fimdiden \u00f6nlem almal\u0131, yeni personel al\u0131m\u0131na gitmelidir.\u201d \u00e7a\u011fr\u0131s\u0131nda bulundu.<\/span><\/p>\n<p class=\"x_MsoNormal\"><span lang=\"TR\">\u00a0\u00a0\u00a0Alman vatanda\u015f\u0131 olan yakla\u015f\u0131k 800 bin yurtta\u015f\u0131m\u0131z\u0131n rahatlayaca\u011f\u0131n\u0131 ve b\u00fcy\u00fck bir \u00e7o\u011funlu\u011fun T\u00fcrk vatanda\u015fl\u0131\u011f\u0131na ge\u00e7mek i\u00e7in ba\u015fvuru yapaca\u011f\u0131na dikkat \u00e7eken Gemici, olabilecek y\u0131\u011f\u0131lmalar\u0131 \u00f6nlemek i\u00e7in Almanya\u2019daki konsolosluklar\u0131m\u0131z\u0131n da haz\u0131rl\u0131kl\u0131 olmalar\u0131n\u0131 istedi.<\/span><\/p>\n<p class=\"x_MsoNormal\" align=\"center\"><b><span lang=\"TR\">VATANDA\u015e OLAMAYANLAR YEREL SE\u00c7\u0130MLERE KATILSIN<\/span><\/b><\/p>\n<p class=\"x_MsoNormal\"><span lang=\"TR\">\u00a0\u00a0\u00a0Bahattin Gemici, istenen ko\u015fullar\u0131 yerine getiremeyen g\u00f6\u00e7menlerin Alman vatanda\u015f\u0131 olamayaca\u011f\u0131n\u0131, durumu uygun olanlar\u0131n bir k\u0131sm\u0131n\u0131n da \u00e7e\u015fitli nedenlerden dolay\u0131 vatanda\u015fl\u0131k i\u00e7in ba\u015fvurmayaca\u011f\u0131n\u0131 belirtti. \u201cSay\u0131lar\u0131 milyonlar\u0131 bulan bu g\u00f6\u00e7menler toplumsal ya\u015fam\u0131n, siyasetin d\u0131\u015f\u0131nda tutulamaz. Demokrasiler, halk\u0131n demokratik s\u00fcrece kat\u0131l\u0131m\u0131 ve deste\u011fiyle ayakta kal\u0131r. Bu nedenle Almanya\u2019da be\u015f y\u0131ld\u0131r ya\u015fayan t\u00fcm g\u00f6\u00e7menlere yerel se\u00e7imlere kat\u0131lma hakk\u0131 verilmesini \u0131srarla talep ediyoruz. KRV- Se\u00e7im Hakk\u0131 Giri\u015fimi olarak bu konudaki giri\u015fimlerimizi s\u00fcrd\u00fcrmeye devam edece\u011fiz.\u201d diyen Gemici, yurtta\u015flar\u0131m\u0131z\u0131 birlik olarak m\u00fccadele etmeye \u00e7a\u011f\u0131rd\u0131.<\/span><\/p>\n<p><img loading=\"lazy\" decoding=\"async\" class=\"alignnone size-medium wp-image-25197\" src=\"https:\/\/avrupapress.com\/main\/wp-content\/uploads\/2024\/02\/thumbnail_Screenshot_20240210_165230_WhatsApp-234x300.jpg\" alt=\"\" width=\"234\" height=\"300\" \/><\/p>\n<p><img loading=\"lazy\" decoding=\"async\" class=\"alignnone size-medium wp-image-25198\" src=\"https:\/\/avrupapress.com\/main\/wp-content\/uploads\/2024\/02\/thumbnail_Screenshot_20240127_211231_YouTube-300x135.jpg\" alt=\"\" width=\"300\" height=\"135\" srcset=\"https:\/\/avrupapress.com\/main\/wp-content\/uploads\/2024\/02\/thumbnail_Screenshot_20240127_211231_YouTube-300x135.jpg 300w, https:\/\/avrupapress.com\/main\/wp-content\/uploads\/2024\/02\/thumbnail_Screenshot_20240127_211231_YouTube-1024x461.jpg 1024w, https:\/\/avrupapress.com\/main\/wp-content\/uploads\/2024\/02\/thumbnail_Screenshot_20240127_211231_YouTube-768x346.jpg 768w, https:\/\/avrupapress.com\/main\/wp-content\/uploads\/2024\/02\/thumbnail_Screenshot_20240127_211231_YouTube-1536x691.jpg 1536w, https:\/\/avrupapress.com\/main\/wp-content\/uploads\/2024\/02\/thumbnail_Screenshot_20240127_211231_YouTube.jpg 1600w\" sizes=\"auto, (max-width: 300px) 100vw, 300px\" \/><\/p>\n<p><strong>Bahattin Gemici\u00a0 \u00a0 \/\u00a0 \u00a0 AVRUPARESS<\/strong><\/p>\n","protected":false},"excerpt":{"rendered":"<p>Modern Vatanda\u015fl\u0131k Yasas\u0131\u2019n\u0131n Federal Meclis\u2019ten sonra Eyaletler Meclisi\u2019nde de kabul edilmesinden mutluluk duyduklar\u0131n\u0131 belirten Se\u00e7im Hakk\u0131 Giri\u015fimi Ba\u015fkan\u0131 Bahattin Gemici \u015eans\u00f6lye Olaf Scholz\u2019a ve koalisyon partilerine te\u015fekk\u00fcr etti. Yurtta\u015flar\u0131m\u0131za seslenen Gemici, \u201cAlman partilerine \u00fcye olal\u0131m, siyasete a\u011f\u0131rl\u0131\u011f\u0131m\u0131z\u0131 koyal\u0131m.\u201d dedi. \u00a0\u00a0\u00a0HERTEN \u00a0\u00a0 \u00c7ifte vatanda\u015fl\u0131k yolunu a\u00e7an Almanya \u015eans\u00f6lyesi Olaf Scholz ile koalisyonu olu\u015fturan Sosyal Demokrat Parti [&hellip;]<\/p>\n","protected":false},"author":3,"featured_media":25197,"comment_status":"closed","ping_status":"open","sticky":false,"template":"","format":"standard","meta":{"footnotes":""},"categories":[14,16,3,17,18,15,19,2,1],"tags":[],"class_list":["post-25196","post","type-post","status-publish","format-standard","has-post-thumbnail","hentry","category-avrupa","category-belcika","category-dunya","category-ekonomi","category-kultur-sanat","category-spor","category-tanitim","category-turkiye","category-uncategorized"],"yoast_head":"<!-- This site is optimized with the Yoast SEO plugin v26.9 - https:\/\/yoast.com\/product\/yoast-seo-wordpress\/ -->\n<title>ALMANYA S\u0130YASET\u0130NE A\u011eIRLI\u011eIMIZI KOYALIM! - AvrupaPress<\/title>\n<meta name=\"robots\" content=\"index, follow, max-snippet:-1, max-image-preview:large, max-video-preview:-1\" \/>\n<link rel=\"canonical\" href=\"https:\/\/avrupapress.com\/main\/2024\/02\/12\/almanya-siyasetine-agirligimizi-koyalim\/\" \/>\n<meta property=\"og:locale\" content=\"fr_FR\" \/>\n<meta property=\"og:type\" content=\"article\" \/>\n<meta property=\"og:title\" content=\"ALMANYA S\u0130YASET\u0130NE A\u011eIRLI\u011eIMIZI KOYALIM! - AvrupaPress\" \/>\n<meta property=\"og:description\" content=\"Modern Vatanda\u015fl\u0131k Yasas\u0131\u2019n\u0131n Federal Meclis\u2019ten sonra Eyaletler Meclisi\u2019nde de kabul edilmesinden mutluluk duyduklar\u0131n\u0131 belirten Se\u00e7im Hakk\u0131 Giri\u015fimi Ba\u015fkan\u0131 Bahattin Gemici \u015eans\u00f6lye Olaf Scholz\u2019a ve koalisyon partilerine te\u015fekk\u00fcr etti. Yurtta\u015flar\u0131m\u0131za seslenen Gemici, \u201cAlman partilerine \u00fcye olal\u0131m, siyasete a\u011f\u0131rl\u0131\u011f\u0131m\u0131z\u0131 koyal\u0131m.\u201d dedi. \u00a0\u00a0\u00a0HERTEN \u00a0\u00a0 \u00c7ifte vatanda\u015fl\u0131k yolunu a\u00e7an Almanya \u015eans\u00f6lyesi Olaf Scholz ile koalisyonu olu\u015fturan Sosyal Demokrat Parti [&hellip;]\" \/>\n<meta property=\"og:url\" content=\"https:\/\/avrupapress.com\/main\/2024\/02\/12\/almanya-siyasetine-agirligimizi-koyalim\/\" \/>\n<meta property=\"og:site_name\" content=\"AvrupaPress\" \/>\n<meta property=\"article:published_time\" content=\"2024-02-12T21:05:55+00:00\" \/>\n<meta property=\"article:modified_time\" content=\"2024-02-12T21:53:00+00:00\" \/>\n<meta property=\"og:image\" content=\"https:\/\/avrupapress.com\/main\/wp-content\/uploads\/2024\/02\/thumbnail_Screenshot_20240210_165230_WhatsApp-e1707774768635.jpg\" \/>\n\t<meta property=\"og:image:width\" content=\"703\" \/>\n\t<meta property=\"og:image:height\" content=\"617\" \/>\n\t<meta property=\"og:image:type\" content=\"image\/jpeg\" \/>\n<meta name=\"author\" content=\"Edit\u00f6r\" \/>\n<meta name=\"twitter:card\" content=\"summary_large_image\" \/>\n<meta name=\"twitter:label1\" content=\"\u00c9crit par\" \/>\n\t<meta name=\"twitter:data1\" content=\"Edit\u00f6r\" \/>\n\t<meta name=\"twitter:label2\" content=\"Dur\u00e9e de lecture est.\" \/>\n\t<meta name=\"twitter:data2\" content=\"3 minutes\" \/>\n<script type=\"application\/ld+json\" class=\"yoast-schema-graph\">{\"@context\":\"https:\/\/schema.org\",\"@graph\":[{\"@type\":\"Article\",\"@id\":\"https:\/\/avrupapress.com\/main\/2024\/02\/12\/almanya-siyasetine-agirligimizi-koyalim\/#article\",\"isPartOf\":{\"@id\":\"https:\/\/avrupapress.com\/main\/2024\/02\/12\/almanya-siyasetine-agirligimizi-koyalim\/\"},\"author\":{\"name\":\"Edit\u00f6r\",\"@id\":\"https:\/\/avrupapress.com\/#\/schema\/person\/68428444ec60970d1e1b700cf4ca1e8f\"},\"headline\":\"ALMANYA S\u0130YASET\u0130NE A\u011eIRLI\u011eIMIZI KOYALIM!\",\"datePublished\":\"2024-02-12T21:05:55+00:00\",\"dateModified\":\"2024-02-12T21:53:00+00:00\",\"mainEntityOfPage\":{\"@id\":\"https:\/\/avrupapress.com\/main\/2024\/02\/12\/almanya-siyasetine-agirligimizi-koyalim\/\"},\"wordCount\":657,\"publisher\":{\"@id\":\"https:\/\/avrupapress.com\/#\/schema\/person\/0223dca19c72c43575bf30d1a2d8f4fa\"},\"image\":{\"@id\":\"https:\/\/avrupapress.com\/main\/2024\/02\/12\/almanya-siyasetine-agirligimizi-koyalim\/#primaryimage\"},\"thumbnailUrl\":\"https:\/\/avrupapress.com\/main\/wp-content\/uploads\/2024\/02\/thumbnail_Screenshot_20240210_165230_WhatsApp-e1707774768635.jpg\",\"articleSection\":[\"Avrupa\",\"Bel\u00e7ika\",\"D\u00fcnya\",\"Ekonomi\",\"K\u00fclt\u00fcr-Sanat\",\"Spor\",\"Tan\u0131t\u0131m\",\"T\u00fcrkiye\",\"Uncategorized\"],\"inLanguage\":\"fr-BE\"},{\"@type\":\"WebPage\",\"@id\":\"https:\/\/avrupapress.com\/main\/2024\/02\/12\/almanya-siyasetine-agirligimizi-koyalim\/\",\"url\":\"https:\/\/avrupapress.com\/main\/2024\/02\/12\/almanya-siyasetine-agirligimizi-koyalim\/\",\"name\":\"ALMANYA S\u0130YASET\u0130NE A\u011eIRLI\u011eIMIZI KOYALIM! - AvrupaPress\",\"isPartOf\":{\"@id\":\"https:\/\/avrupapress.com\/#website\"},\"primaryImageOfPage\":{\"@id\":\"https:\/\/avrupapress.com\/main\/2024\/02\/12\/almanya-siyasetine-agirligimizi-koyalim\/#primaryimage\"},\"image\":{\"@id\":\"https:\/\/avrupapress.com\/main\/2024\/02\/12\/almanya-siyasetine-agirligimizi-koyalim\/#primaryimage\"},\"thumbnailUrl\":\"https:\/\/avrupapress.com\/main\/wp-content\/uploads\/2024\/02\/thumbnail_Screenshot_20240210_165230_WhatsApp-e1707774768635.jpg\",\"datePublished\":\"2024-02-12T21:05:55+00:00\",\"dateModified\":\"2024-02-12T21:53:00+00:00\",\"breadcrumb\":{\"@id\":\"https:\/\/avrupapress.com\/main\/2024\/02\/12\/almanya-siyasetine-agirligimizi-koyalim\/#breadcrumb\"},\"inLanguage\":\"fr-BE\",\"potentialAction\":[{\"@type\":\"ReadAction\",\"target\":[\"https:\/\/avrupapress.com\/main\/2024\/02\/12\/almanya-siyasetine-agirligimizi-koyalim\/\"]}]},{\"@type\":\"ImageObject\",\"inLanguage\":\"fr-BE\",\"@id\":\"https:\/\/avrupapress.com\/main\/2024\/02\/12\/almanya-siyasetine-agirligimizi-koyalim\/#primaryimage\",\"url\":\"https:\/\/avrupapress.com\/main\/wp-content\/uploads\/2024\/02\/thumbnail_Screenshot_20240210_165230_WhatsApp-e1707774768635.jpg\",\"contentUrl\":\"https:\/\/avrupapress.com\/main\/wp-content\/uploads\/2024\/02\/thumbnail_Screenshot_20240210_165230_WhatsApp-e1707774768635.jpg\",\"width\":703,\"height\":617},{\"@type\":\"BreadcrumbList\",\"@id\":\"https:\/\/avrupapress.com\/main\/2024\/02\/12\/almanya-siyasetine-agirligimizi-koyalim\/#breadcrumb\",\"itemListElement\":[{\"@type\":\"ListItem\",\"position\":1,\"name\":\"Anasayfa\",\"item\":\"https:\/\/avrupapress.com\/\"},{\"@type\":\"ListItem\",\"position\":2,\"name\":\"ALMANYA S\u0130YASET\u0130NE A\u011eIRLI\u011eIMIZI KOYALIM!\"}]},{\"@type\":\"WebSite\",\"@id\":\"https:\/\/avrupapress.com\/#website\",\"url\":\"https:\/\/avrupapress.com\/\",\"name\":\"AvrupaPress\",\"description\":\"Haberin Adresi\",\"publisher\":{\"@id\":\"https:\/\/avrupapress.com\/#\/schema\/person\/0223dca19c72c43575bf30d1a2d8f4fa\"},\"potentialAction\":[{\"@type\":\"SearchAction\",\"target\":{\"@type\":\"EntryPoint\",\"urlTemplate\":\"https:\/\/avrupapress.com\/?s={search_term_string}\"},\"query-input\":{\"@type\":\"PropertyValueSpecification\",\"valueRequired\":true,\"valueName\":\"search_term_string\"}}],\"inLanguage\":\"fr-BE\"},{\"@type\":[\"Person\",\"Organization\"],\"@id\":\"https:\/\/avrupapress.com\/#\/schema\/person\/0223dca19c72c43575bf30d1a2d8f4fa\",\"name\":\"Bilgin \u00d6z\u00e7ift\u00e7i\",\"image\":{\"@type\":\"ImageObject\",\"inLanguage\":\"fr-BE\",\"@id\":\"https:\/\/avrupapress.com\/#\/schema\/person\/image\/\",\"url\":\"https:\/\/secure.gravatar.com\/avatar\/0f23b280433a21e1ea7a0adcc46ed0ad16afe3ad8e630fd13d8a017dcbd54ef3?s=96&d=mm&r=g\",\"contentUrl\":\"https:\/\/secure.gravatar.com\/avatar\/0f23b280433a21e1ea7a0adcc46ed0ad16afe3ad8e630fd13d8a017dcbd54ef3?s=96&d=mm&r=g\",\"caption\":\"Bilgin \u00d6z\u00e7ift\u00e7i\"},\"logo\":{\"@id\":\"https:\/\/avrupapress.com\/#\/schema\/person\/image\/\"},\"description\":\"Ne ben, nede sen... Biz ancak \\\"biz\\\" olursak g\u00fc\u00e7l\u00fc olabiliriz\"},{\"@type\":\"Person\",\"@id\":\"https:\/\/avrupapress.com\/#\/schema\/person\/68428444ec60970d1e1b700cf4ca1e8f\",\"name\":\"Edit\u00f6r\",\"image\":{\"@type\":\"ImageObject\",\"inLanguage\":\"fr-BE\",\"@id\":\"https:\/\/avrupapress.com\/#\/schema\/person\/image\/\",\"url\":\"https:\/\/secure.gravatar.com\/avatar\/74996b0977aa5f1559ba9883776652508b229005c0d78fb2597897f0bd651c09?s=96&d=mm&r=g\",\"contentUrl\":\"https:\/\/secure.gravatar.com\/avatar\/74996b0977aa5f1559ba9883776652508b229005c0d78fb2597897f0bd651c09?s=96&d=mm&r=g\",\"caption\":\"Edit\u00f6r\"},\"sameAs\":[\"http:\/\/www.avrupapress.com\"],\"url\":\"https:\/\/avrupapress.com\/main\/author\/editor\/\"}]}<\/script>\n<!-- \/ Yoast SEO plugin. -->","yoast_head_json":{"title":"ALMANYA S\u0130YASET\u0130NE A\u011eIRLI\u011eIMIZI KOYALIM! - AvrupaPress","robots":{"index":"index","follow":"follow","max-snippet":"max-snippet:-1","max-image-preview":"max-image-preview:large","max-video-preview":"max-video-preview:-1"},"canonical":"https:\/\/avrupapress.com\/main\/2024\/02\/12\/almanya-siyasetine-agirligimizi-koyalim\/","og_locale":"fr_FR","og_type":"article","og_title":"ALMANYA S\u0130YASET\u0130NE A\u011eIRLI\u011eIMIZI KOYALIM! - AvrupaPress","og_description":"Modern Vatanda\u015fl\u0131k Yasas\u0131\u2019n\u0131n Federal Meclis\u2019ten sonra Eyaletler Meclisi\u2019nde de kabul edilmesinden mutluluk duyduklar\u0131n\u0131 belirten Se\u00e7im Hakk\u0131 Giri\u015fimi Ba\u015fkan\u0131 Bahattin Gemici \u015eans\u00f6lye Olaf Scholz\u2019a ve koalisyon partilerine te\u015fekk\u00fcr etti. Yurtta\u015flar\u0131m\u0131za seslenen Gemici, \u201cAlman partilerine \u00fcye olal\u0131m, siyasete a\u011f\u0131rl\u0131\u011f\u0131m\u0131z\u0131 koyal\u0131m.\u201d dedi. \u00a0\u00a0\u00a0HERTEN \u00a0\u00a0 \u00c7ifte vatanda\u015fl\u0131k yolunu a\u00e7an Almanya \u015eans\u00f6lyesi Olaf Scholz ile koalisyonu olu\u015fturan Sosyal Demokrat Parti [&hellip;]","og_url":"https:\/\/avrupapress.com\/main\/2024\/02\/12\/almanya-siyasetine-agirligimizi-koyalim\/","og_site_name":"AvrupaPress","article_published_time":"2024-02-12T21:05:55+00:00","article_modified_time":"2024-02-12T21:53:00+00:00","og_image":[{"width":703,"height":617,"url":"https:\/\/avrupapress.com\/main\/wp-content\/uploads\/2024\/02\/thumbnail_Screenshot_20240210_165230_WhatsApp-e1707774768635.jpg","type":"image\/jpeg"}],"author":"Edit\u00f6r","twitter_card":"summary_large_image","twitter_misc":{"\u00c9crit par":"Edit\u00f6r","Dur\u00e9e de lecture est.":"3 minutes"},"schema":{"@context":"https:\/\/schema.org","@graph":[{"@type":"Article","@id":"https:\/\/avrupapress.com\/main\/2024\/02\/12\/almanya-siyasetine-agirligimizi-koyalim\/#article","isPartOf":{"@id":"https:\/\/avrupapress.com\/main\/2024\/02\/12\/almanya-siyasetine-agirligimizi-koyalim\/"},"author":{"name":"Edit\u00f6r","@id":"https:\/\/avrupapress.com\/#\/schema\/person\/68428444ec60970d1e1b700cf4ca1e8f"},"headline":"ALMANYA S\u0130YASET\u0130NE A\u011eIRLI\u011eIMIZI KOYALIM!","datePublished":"2024-02-12T21:05:55+00:00","dateModified":"2024-02-12T21:53:00+00:00","mainEntityOfPage":{"@id":"https:\/\/avrupapress.com\/main\/2024\/02\/12\/almanya-siyasetine-agirligimizi-koyalim\/"},"wordCount":657,"publisher":{"@id":"https:\/\/avrupapress.com\/#\/schema\/person\/0223dca19c72c43575bf30d1a2d8f4fa"},"image":{"@id":"https:\/\/avrupapress.com\/main\/2024\/02\/12\/almanya-siyasetine-agirligimizi-koyalim\/#primaryimage"},"thumbnailUrl":"https:\/\/avrupapress.com\/main\/wp-content\/uploads\/2024\/02\/thumbnail_Screenshot_20240210_165230_WhatsApp-e1707774768635.jpg","articleSection":["Avrupa","Bel\u00e7ika","D\u00fcnya","Ekonomi","K\u00fclt\u00fcr-Sanat","Spor","Tan\u0131t\u0131m","T\u00fcrkiye","Uncategorized"],"inLanguage":"fr-BE"},{"@type":"WebPage","@id":"https:\/\/avrupapress.com\/main\/2024\/02\/12\/almanya-siyasetine-agirligimizi-koyalim\/","url":"https:\/\/avrupapress.com\/main\/2024\/02\/12\/almanya-siyasetine-agirligimizi-koyalim\/","name":"ALMANYA S\u0130YASET\u0130NE A\u011eIRLI\u011eIMIZI KOYALIM! - AvrupaPress","isPartOf":{"@id":"https:\/\/avrupapress.com\/#website"},"primaryImageOfPage":{"@id":"https:\/\/avrupapress.com\/main\/2024\/02\/12\/almanya-siyasetine-agirligimizi-koyalim\/#primaryimage"},"image":{"@id":"https:\/\/avrupapress.com\/main\/2024\/02\/12\/almanya-siyasetine-agirligimizi-koyalim\/#primaryimage"},"thumbnailUrl":"https:\/\/avrupapress.com\/main\/wp-content\/uploads\/2024\/02\/thumbnail_Screenshot_20240210_165230_WhatsApp-e1707774768635.jpg","datePublished":"2024-02-12T21:05:55+00:00","dateModified":"2024-02-12T21:53:00+00:00","breadcrumb":{"@id":"https:\/\/avrupapress.com\/main\/2024\/02\/12\/almanya-siyasetine-agirligimizi-koyalim\/#breadcrumb"},"inLanguage":"fr-BE","potentialAction":[{"@type":"ReadAction","target":["https:\/\/avrupapress.com\/main\/2024\/02\/12\/almanya-siyasetine-agirligimizi-koyalim\/"]}]},{"@type":"ImageObject","inLanguage":"fr-BE","@id":"https:\/\/avrupapress.com\/main\/2024\/02\/12\/almanya-siyasetine-agirligimizi-koyalim\/#primaryimage","url":"https:\/\/avrupapress.com\/main\/wp-content\/uploads\/2024\/02\/thumbnail_Screenshot_20240210_165230_WhatsApp-e1707774768635.jpg","contentUrl":"https:\/\/avrupapress.com\/main\/wp-content\/uploads\/2024\/02\/thumbnail_Screenshot_20240210_165230_WhatsApp-e1707774768635.jpg","width":703,"height":617},{"@type":"BreadcrumbList","@id":"https:\/\/avrupapress.com\/main\/2024\/02\/12\/almanya-siyasetine-agirligimizi-koyalim\/#breadcrumb","itemListElement":[{"@type":"ListItem","position":1,"name":"Anasayfa","item":"https:\/\/avrupapress.com\/"},{"@type":"ListItem","position":2,"name":"ALMANYA S\u0130YASET\u0130NE A\u011eIRLI\u011eIMIZI KOYALIM!"}]},{"@type":"WebSite","@id":"https:\/\/avrupapress.com\/#website","url":"https:\/\/avrupapress.com\/","name":"AvrupaPress","description":"Haberin Adresi","publisher":{"@id":"https:\/\/avrupapress.com\/#\/schema\/person\/0223dca19c72c43575bf30d1a2d8f4fa"},"potentialAction":[{"@type":"SearchAction","target":{"@type":"EntryPoint","urlTemplate":"https:\/\/avrupapress.com\/?s={search_term_string}"},"query-input":{"@type":"PropertyValueSpecification","valueRequired":true,"valueName":"search_term_string"}}],"inLanguage":"fr-BE"},{"@type":["Person","Organization"],"@id":"https:\/\/avrupapress.com\/#\/schema\/person\/0223dca19c72c43575bf30d1a2d8f4fa","name":"Bilgin \u00d6z\u00e7ift\u00e7i","image":{"@type":"ImageObject","inLanguage":"fr-BE","@id":"https:\/\/avrupapress.com\/#\/schema\/person\/image\/","url":"https:\/\/secure.gravatar.com\/avatar\/0f23b280433a21e1ea7a0adcc46ed0ad16afe3ad8e630fd13d8a017dcbd54ef3?s=96&d=mm&r=g","contentUrl":"https:\/\/secure.gravatar.com\/avatar\/0f23b280433a21e1ea7a0adcc46ed0ad16afe3ad8e630fd13d8a017dcbd54ef3?s=96&d=mm&r=g","caption":"Bilgin \u00d6z\u00e7ift\u00e7i"},"logo":{"@id":"https:\/\/avrupapress.com\/#\/schema\/person\/image\/"},"description":"Ne ben, nede sen... Biz ancak \"biz\" olursak g\u00fc\u00e7l\u00fc olabiliriz"},{"@type":"Person","@id":"https:\/\/avrupapress.com\/#\/schema\/person\/68428444ec60970d1e1b700cf4ca1e8f","name":"Edit\u00f6r","image":{"@type":"ImageObject","inLanguage":"fr-BE","@id":"https:\/\/avrupapress.com\/#\/schema\/person\/image\/","url":"https:\/\/secure.gravatar.com\/avatar\/74996b0977aa5f1559ba9883776652508b229005c0d78fb2597897f0bd651c09?s=96&d=mm&r=g","contentUrl":"https:\/\/secure.gravatar.com\/avatar\/74996b0977aa5f1559ba9883776652508b229005c0d78fb2597897f0bd651c09?s=96&d=mm&r=g","caption":"Edit\u00f6r"},"sameAs":["http:\/\/www.avrupapress.com"],"url":"https:\/\/avrupapress.com\/main\/author\/editor\/"}]}},"_links":{"self":[{"href":"https:\/\/avrupapress.com\/main\/wp-json\/wp\/v2\/posts\/25196","targetHints":{"allow":["GET"]}}],"collection":[{"href":"https:\/\/avrupapress.com\/main\/wp-json\/wp\/v2\/posts"}],"about":[{"href":"https:\/\/avrupapress.com\/main\/wp-json\/wp\/v2\/types\/post"}],"author":[{"embeddable":true,"href":"https:\/\/avrupapress.com\/main\/wp-json\/wp\/v2\/users\/3"}],"replies":[{"embeddable":true,"href":"https:\/\/avrupapress.com\/main\/wp-json\/wp\/v2\/comments?post=25196"}],"version-history":[{"count":1,"href":"https:\/\/avrupapress.com\/main\/wp-json\/wp\/v2\/posts\/25196\/revisions"}],"predecessor-version":[{"id":25199,"href":"https:\/\/avrupapress.com\/main\/wp-json\/wp\/v2\/posts\/25196\/revisions\/25199"}],"wp:featuredmedia":[{"embeddable":true,"href":"https:\/\/avrupapress.com\/main\/wp-json\/wp\/v2\/media\/25197"}],"wp:attachment":[{"href":"https:\/\/avrupapress.com\/main\/wp-json\/wp\/v2\/media?parent=25196"}],"wp:term":[{"taxonomy":"category","embeddable":true,"href":"https:\/\/avrupapress.com\/main\/wp-json\/wp\/v2\/categories?post=25196"},{"taxonomy":"post_tag","embeddable":true,"href":"https:\/\/avrupapress.com\/main\/wp-json\/wp\/v2\/tags?post=25196"}],"curies":[{"name":"wp","href":"https:\/\/api.w.org\/{rel}","templated":true}]}}