{"id":25193,"date":"2024-02-12T20:58:19","date_gmt":"2024-02-12T20:58:19","guid":{"rendered":"https:\/\/avrupapress.com\/main\/?p=25193"},"modified":"2024-02-12T20:59:11","modified_gmt":"2024-02-12T20:59:11","slug":"turk-medyasinin-23-yil-once-kaybettigi-nezih-demirkent-saygiyla-anildi","status":"publish","type":"post","link":"https:\/\/avrupapress.com\/main\/2024\/02\/12\/turk-medyasinin-23-yil-once-kaybettigi-nezih-demirkent-saygiyla-anildi\/","title":{"rendered":"T\u00dcRK MEDYASININ 23 YIL \u00d6NCE KAYBETT\u0130\u011e\u0130 NEZ\u0130H DEM\u0130RKENT SAYGIYLA ANILDI"},"content":{"rendered":"<h2><strong>T\u00fcrkiye Gazeteciler Cemiyetinin \u00f6nceki ba\u015fkanlar\u0131ndan Demirkent,\u00a0<\/strong><strong>Bab\u0131ali\u2019nin son an\u0131t insan\u0131yd\u0131.<\/strong><\/h2>\n<h2><strong>Sadece gazeteci olarak de\u011fil, insan y\u00f6n\u00fcyle, organizasyon yetene\u011fiyle, y\u00f6netici niteli\u011fiyle de\u00a0 Demirkent, ba\u011f\u0131ms\u0131z gazetecili\u011fin sembol\u00fcyd\u00fc<\/strong>.<\/h2>\n<p><img loading=\"lazy\" decoding=\"async\" class=\"wp-image-12790 lazyautosizes lazyloaded\" src=\"https:\/\/i0.wp.com\/www.ilhankaracay.com\/wp-content\/uploads\/2024\/02\/afbeelding-met-begrafenis-kleding-graf-buitensh.jpeg?resize=785%2C420&amp;ssl=1\" sizes=\"auto, 785px\" srcset=\"https:\/\/i0.wp.com\/www.ilhankaracay.com\/wp-content\/uploads\/2024\/02\/afbeelding-met-begrafenis-kleding-graf-buitensh.jpeg?resize=785%2C420&amp;ssl=1 785w, https:\/\/www.ilhankaracay.com\/wp-content\/uploads\/2024\/02\/afbeelding-met-begrafenis-kleding-graf-buitensh-480x257.jpeg 480w\" alt=\"Afbeelding met begrafenis, kleding, graf, buitenshuis Automatisch gegenereerde beschrijving\" width=\"785\" height=\"420\" data-recalc-dims=\"1\" data-src=\"https:\/\/i0.wp.com\/www.ilhankaracay.com\/wp-content\/uploads\/2024\/02\/afbeelding-met-begrafenis-kleding-graf-buitensh.jpeg?resize=785%2C420&amp;ssl=1\" data-srcset=\"https:\/\/i0.wp.com\/www.ilhankaracay.com\/wp-content\/uploads\/2024\/02\/afbeelding-met-begrafenis-kleding-graf-buitensh.jpeg?resize=785%2C420&amp;ssl=1 785w, https:\/\/www.ilhankaracay.com\/wp-content\/uploads\/2024\/02\/afbeelding-met-begrafenis-kleding-graf-buitensh-480x257.jpeg 480w\" data-sizes=\"auto\" data-eio-rwidth=\"785\" data-eio-rheight=\"420\" \/><\/p>\n<h1><strong>\u0130lhan KARA\u00c7AY<\/strong><\/h1>\n<h4>Benim i\u00e7in s\u00fcper bir baba, a\u011fabey, arkada\u015f ve \u00f6\u011fretmen olan rahmetli Nezih Demirkent, vefat\u0131ndan bu yana 23 y\u0131l ge\u00e7mesine ra\u011fmen, T\u00fcrk medyas\u0131nda hi\u00e7 unutulmayan bir isimdir.<br \/>\nD\u00fcn O\u2019nu mezar\u0131 ba\u015f\u0131nda analar aras\u0131nda bulunan eski m\u00fcd\u00fcr\u00fcm ve sevgili dostum Ertu\u011f Karakulluk\u00e7u, yapm\u0131\u015f oldu\u011fu konu\u015fmada O\u2019nu \u2018Bab\u0131ali\u2019nin son an\u0131t insan\u0131\u2019 olarak nitelemi\u015fti.<\/h4>\n<h4>Karakulluk\u00e7u\u2019nun konu\u015fmas\u0131n\u0131n da i\u00e7inde yer alaca\u011f\u0131 haberi\u00a0<strong>\u015eEHR\u0130-\u0130 HATAY<\/strong>\u2019dan okuyal\u0131m:<\/h4>\n<h4>T\u00fcrkiye Gazeteciler Cemiyeti (TGC) \u00f6nceki ba\u015fkanlar\u0131ndan Nezih Demirkent \u00f6l\u00fcm\u00fcn\u00fcn 23. y\u0131l\u0131nda 11 \u015eubat 2024 Pazar g\u00fcn\u00fc A\u015fiyan Mezarl\u0131\u011f\u0131\u2019nda kabri ba\u015f\u0131nda an\u0131ld\u0131.<br \/>\nT\u00f6rene TGC Genel Sekreteri Sibel G\u00fcne\u015f, TGC Genel Sayman\u0131 ve Ekonomi Gazetesi Y\u00f6netim Kurulu Ba\u015fkan\u0131 Hakan G\u00fclda\u011f, TGC Onursal \u00dcyesi R\u00fc\u015ft\u00fc Bozkurt, TGC k\u0131demli \u00fcyeleri Ertu\u011f Karakulluk\u00e7u, \u015eekip G\u00fcm\u00fc\u015fkanat, Ekonomi Gazetesi Haber Koordinat\u00f6r\u00fc Mustafa Kemal \u00c7olak ve \u00e7ok say\u0131da gazeteci kat\u0131ld\u0131.<\/h4>\n<h4><strong>S\u0130BEL G\u00dcNE\u015e: GAZETEC\u0130L\u0130KTE DAYANI\u015eMANIN S\u0130MGE \u0130SM\u0130YD\u0130<\/strong><\/h4>\n<h4>Anma t\u00f6reninde konu\u015fma yapan TGC Genel Sekreteri Sibel G\u00fcne\u015f 1982 y\u0131l\u0131nda ba\u015fkanl\u0131k g\u00f6revine ba\u015flayan Nezih Demirkent\u2019in gazetelerin dayan\u0131\u015fmas\u0131nda, yerel ve yayg\u0131n medya aras\u0131ndaki ba\u011flar\u0131n g\u00fc\u00e7lenmesine sa\u011flad\u0131\u011f\u0131 b\u00fcy\u00fck katk\u0131ya dikkat \u00e7ekerek \u015f\u00f6yle konu\u015ftu:<\/h4>\n<h4>\u201cNezih Demirkent meslek ya\u015fam\u0131n\u0131 \u00e7al\u0131\u015fan gazetecileri korumaya, meslek \u00f6rg\u00fctlerine destek olmaya adam\u0131\u015f bir gazeteciydi. TGC\u2019nin kurumsalla\u015fmas\u0131na b\u00fcy\u00fck katk\u0131 sa\u011flad\u0131. Onun ba\u015fkanl\u0131k d\u00f6neminde bas\u0131n\u0131n haf\u0131zas\u0131 olan TGC Bas\u0131n M\u00fczesi ve TGC Huzurevi hizmete a\u00e7\u0131ld\u0131. \u0130\u015fsiz gazetecilere yay\u0131n organlar\u0131nda yer a\u00e7t\u0131. Nezih Demirkent\u2019i ve mesleki dayan\u0131\u015fmada simge bir isimdi. \u0130\u015fsiz gazetecilere kap\u0131s\u0131n\u0131 hep a\u00e7\u0131k tuttu. Mesle\u011fimize m\u0131za sa\u011flad\u0131\u011f\u0131 katk\u0131y\u0131 hi\u00e7 unutmuyoruz. 23. \u00f6l\u00fcm y\u0131ld\u00f6n\u00fcm\u00fcnde sevgi ve sayg\u0131yla an\u0131yoruz.\u201c<\/h4>\n<h4><strong>R\u00dc\u015eT\u00dc BOZKURT: NEZ\u0130H DEM\u0130RKENT DE\u011eER \u00dcRETMEK \u0130STERD\u0130<\/strong><\/h4>\n<h4>TGC Onursal \u00dcyesi, Ekonomi Gazetesi Ba\u015fdan\u0131man\u0131 Nezih Demirkent\u2019in yak\u0131n \u00e7al\u0131\u015fma arkada\u015f\u0131 R\u00fc\u015ft\u00fc Bozkurt ise duygular\u0131n\u0131 \u015f\u00f6yle dile getirdi:<\/h4>\n<h4>\u201cGe\u00e7mi\u015fte topluma de\u011fer katm\u0131\u015f insanlar\u0131 anmay\u0131 beceren insanlar toplumsal haf\u0131za olu\u015fturup sa\u011fl\u0131kl\u0131 bir gelecek yarat\u0131yorlar. Ge\u00e7mi\u015fte bir \u015feyler yapm\u0131\u015f insanlar\u0131 g\u00f6rmezden gelenler de birbirini yemekten kurtulam\u0131yorlar. Nezih bey de\u011fer \u00fcretmek isterdi, de\u011fer \u00fcretmeyi kamu g\u00f6revi olarak ele alm\u0131\u015ft\u0131. De\u011fer verdi\u011fi ki\u015fileri siyasi g\u00f6r\u00fc\u015flerini hi\u00e7 dikkate almadan koruyup kollamaya \u00e7al\u0131\u015f\u0131rd\u0131. De\u011fer \u00fcretmenin sivil toplum \u00f6rg\u00fctlerinden ge\u00e7ti\u011fini \u00e7ok iyi bilirdi. Benim kendisiyle 20 y\u0131l \u00e7ok yak\u0131n \u00e7al\u0131\u015ft\u0131m. Nezih Demirkent t\u00fcm ele\u015ftirilere a\u00e7\u0131kt\u0131. Bug\u00fcn de Nezih Demirkent ya\u015fasayd\u0131 umutlar\u0131m\u0131n k\u0131r\u0131ld\u0131\u011f\u0131 noktada bana yol g\u00f6sterirdi diye d\u00fc\u015f\u00fcn\u00fcrd\u00fcm. Yerinde rahat uyusun. Hepimiz onun gibi gelece\u011fe pozitif izler b\u0131rakabilsek ke\u015fke.\u201d<\/h4>\n<h4><img loading=\"lazy\" decoding=\"async\" class=\"wp-image-12791 lazyautosizes ls-is-cached lazyloaded\" src=\"https:\/\/i0.wp.com\/www.ilhankaracay.com\/wp-content\/uploads\/2024\/02\/bir-13-kisi-gorseli-olabilir.jpeg?resize=1080%2C718&amp;ssl=1\" sizes=\"auto, 795px\" srcset=\"https:\/\/i0.wp.com\/www.ilhankaracay.com\/wp-content\/uploads\/2024\/02\/bir-13-kisi-gorseli-olabilir.jpeg?resize=1080%2C718&amp;ssl=1 1444w, https:\/\/www.ilhankaracay.com\/wp-content\/uploads\/2024\/02\/bir-13-kisi-gorseli-olabilir-1280x851.jpeg 1280w, https:\/\/www.ilhankaracay.com\/wp-content\/uploads\/2024\/02\/bir-13-kisi-gorseli-olabilir-980x652.jpeg 980w, https:\/\/www.ilhankaracay.com\/wp-content\/uploads\/2024\/02\/bir-13-kisi-gorseli-olabilir-480x319.jpeg 480w\" alt=\"Bir 13 ki\u015fi g\u00f6rseli olabilir\" width=\"795\" height=\"529\" data-src=\"https:\/\/i0.wp.com\/www.ilhankaracay.com\/wp-content\/uploads\/2024\/02\/bir-13-kisi-gorseli-olabilir.jpeg?resize=1080%2C718&amp;ssl=1\" data-srcset=\"https:\/\/i0.wp.com\/www.ilhankaracay.com\/wp-content\/uploads\/2024\/02\/bir-13-kisi-gorseli-olabilir.jpeg?resize=1080%2C718&amp;ssl=1 1444w, https:\/\/www.ilhankaracay.com\/wp-content\/uploads\/2024\/02\/bir-13-kisi-gorseli-olabilir-1280x851.jpeg 1280w, https:\/\/www.ilhankaracay.com\/wp-content\/uploads\/2024\/02\/bir-13-kisi-gorseli-olabilir-980x652.jpeg 980w, https:\/\/www.ilhankaracay.com\/wp-content\/uploads\/2024\/02\/bir-13-kisi-gorseli-olabilir-480x319.jpeg 480w\" data-sizes=\"auto\" data-eio-rwidth=\"1080\" data-eio-rheight=\"718\" \/><\/h4>\n<h4><strong>ERTU\u011e KARAKULLUK\u00c7U: BABIAL\u0130N\u0130N SON ANIT \u0130NSANIYDI<\/strong><\/h4>\n<h4>Nezih Demirkent\u2019in yak\u0131n \u00e7al\u0131\u015fma arkada\u015flar\u0131ndan gazeteci Ertu\u011f Karakulluk\u00e7u ise \u201cBab\u0131alinin son an\u0131t insan\u0131yd\u0131\u201d diye ba\u015flad\u0131\u011f\u0131 s\u00f6zlerini \u015f\u00f6yle s\u00fcrd\u00fcrd\u00fc:<\/h4>\n<h4>\u201cNezih Demirkent sadece gazeteci olarak de\u011fil, insan y\u00f6n\u00fcyle, organizasyon yetene\u011fiyle, y\u00f6netici niteli\u011fiyle de de\u011ferlendirilmelidir. Ba\u011f\u0131ms\u0131z gazetecilik sembol\u00fcyd\u00fc. Haber do\u011fruysa, kime dokunur, hi\u00e7 d\u00fc\u015f\u00fcnmezdi. Haber do\u011fruysa yazard\u0131n\u0131z ve arkan\u0131zda kap\u0131 gibi Nezih Demirkent\u2019in oldu\u011funu bilirdiniz. T\u00fcrkiye\u2019de yerel gazetecili\u011fi ba\u015flatt\u0131. Gazetenin Anadolu eklerini ba\u015flatt\u0131. D\u00fcnya Gazetesi\u2019nde de Anadolu a\u00e7\u0131l\u0131mlar\u0131yla bunu destekledi. Onun \u00f6\u011frencileri olarak ba\u011f\u0131ms\u0131z gazetecilik ekol\u00fcn\u00fc desteklemeyi s\u00fcrd\u00fcrmeye \u00e7al\u0131\u015f\u0131yoruz.\u201d<\/h4>\n<h2><strong>T\u00dcRK MEDYASININ BA\u015e \u00d6\u011eRETMEN\u0130 OLAN NEZ\u0130H DEM\u0130RKENT \u0130LE YA\u015eADI\u011eIM NOSTALJ\u0130K ANILAR<\/strong><\/h2>\n<h4><img loading=\"lazy\" decoding=\"async\" class=\"wp-image-12792 lazyautosizes lazyloaded\" src=\"https:\/\/i0.wp.com\/www.ilhankaracay.com\/wp-content\/uploads\/2024\/02\/afbeelding-met-persoon-kleding-menselijk-gezicht.jpeg?resize=1080%2C540&amp;ssl=1\" sizes=\"auto, 795px\" srcset=\"https:\/\/i0.wp.com\/www.ilhankaracay.com\/wp-content\/uploads\/2024\/02\/afbeelding-met-persoon-kleding-menselijk-gezicht.jpeg?resize=1080%2C540&amp;ssl=1 1350w, https:\/\/www.ilhankaracay.com\/wp-content\/uploads\/2024\/02\/afbeelding-met-persoon-kleding-menselijk-gezicht-1280x640.jpeg 1280w, https:\/\/www.ilhankaracay.com\/wp-content\/uploads\/2024\/02\/afbeelding-met-persoon-kleding-menselijk-gezicht-980x490.jpeg 980w, https:\/\/www.ilhankaracay.com\/wp-content\/uploads\/2024\/02\/afbeelding-met-persoon-kleding-menselijk-gezicht-480x240.jpeg 480w\" alt=\"Afbeelding met persoon, kleding, Menselijk gezicht, overdekt Automatisch gegenereerde beschrijving\" width=\"795\" height=\"398\" data-src=\"https:\/\/i0.wp.com\/www.ilhankaracay.com\/wp-content\/uploads\/2024\/02\/afbeelding-met-persoon-kleding-menselijk-gezicht.jpeg?resize=1080%2C540&amp;ssl=1\" data-srcset=\"https:\/\/i0.wp.com\/www.ilhankaracay.com\/wp-content\/uploads\/2024\/02\/afbeelding-met-persoon-kleding-menselijk-gezicht.jpeg?resize=1080%2C540&amp;ssl=1 1350w, https:\/\/www.ilhankaracay.com\/wp-content\/uploads\/2024\/02\/afbeelding-met-persoon-kleding-menselijk-gezicht-1280x640.jpeg 1280w, https:\/\/www.ilhankaracay.com\/wp-content\/uploads\/2024\/02\/afbeelding-met-persoon-kleding-menselijk-gezicht-980x490.jpeg 980w, https:\/\/www.ilhankaracay.com\/wp-content\/uploads\/2024\/02\/afbeelding-met-persoon-kleding-menselijk-gezicht-480x240.jpeg 480w\" data-sizes=\"auto\" data-eio-rwidth=\"1080\" data-eio-rheight=\"540\" \/><\/h4>\n<h4>11 \u015eubat 2001 Pazar. Bu tatil g\u00fcn\u00fcn\u00fcn yatak keyfini \u00e7\u0131kar\u00admak i\u00e7in TRT\u2019deki Pazar Pa\u00adnorama\u2019y\u0131 izliyorum. Bu nedenle de hi\u00e7 ka\u00e7\u0131rmad\u0131\u011f\u0131m NTV haberini ka\u00e7\u0131r\u0131yorum. Saat 10.20\u2019de telefon \u00e7ald\u0131. Arkada\u015f\u0131m Erdin\u00e7 \u00d6rg\u00fct aram\u0131\u015ft\u0131. Ani\u00adden \u201cBa\u015f\u0131n sa\u011folsun\u201d dedi\u011fini du\u00adyunca akl\u0131ma ilk gelen Nezih Demir-kent oldu. Zira, arkada\u015f\u0131m Erdin\u00e7, ai\u00adlemden haber alamazd\u0131. Bir devlet b\u00fc\u00ady\u00fc\u011f\u00fc \u00f6lseydi TRT yay\u0131n\u0131 keser ve ya\u00ady\u0131nlard\u0131, Birka\u00e7 saniye i\u00e7inde beynim\u00adde Demirkent ya\u015fad\u0131.<br \/>\nVe Erdin\u00e7\u2019in \u2018Nezih A\u011fabeyi kay\u00adbettik\u2019 deyi\u015fi ile \u00e7\u00f6kt\u00fcm. Hemen is\u00adtanbul\u2019a u\u00e7ma haz\u0131rl\u0131\u011f\u0131na ba\u015flad\u0131m.<\/h4>\n<h4>G\u00fcnboyu mobil telefonum susmad\u0131. Allah hepsinden raz\u0131 olsun. Demir-Halk Bank\u2019\u0131n Genel M\u00fcd\u00fcr\u00fc Merdan Araz, \u0130stanbul Havayollar\u0131n\u0131n eski M\u00fc\u00add\u00fcr\u00fc Berk G\u00fcden, Avrupa T\u00fcrk Telecom\u2019un sahibi Ali Yavuz, gazeteci arkada\u015flar\u0131m \u00dcnal \u00d6zt\u00fcrk ve Ali Ok\u015fak, turizmci dostlanm Refik Selahiye, Ce\u00admal Kap\u0131k\u0131ran ve Nebil Zeytunlu bana ilk teselli verenler oldu. Daha sonra pek \u00e7ok tan\u0131d\u0131k ve okur taziyelerini bil\u00addirdi.<\/h4>\n<h1><strong>Meslek hayat\u0131mda benim babam, a\u011fabeyim ve arkada\u015f\u0131md\u0131 De\u00admirkent.<\/strong><\/h1>\n<h4><img loading=\"lazy\" decoding=\"async\" class=\"wp-image-12793 lazyautosizes lazyloaded\" src=\"https:\/\/i0.wp.com\/www.ilhankaracay.com\/wp-content\/uploads\/2024\/02\/afbeelding-met-begrafenis-graf-begraafplaats-kl.jpeg?resize=1080%2C555&amp;ssl=1\" sizes=\"auto, 795px\" srcset=\"https:\/\/i0.wp.com\/www.ilhankaracay.com\/wp-content\/uploads\/2024\/02\/afbeelding-met-begrafenis-graf-begraafplaats-kl.jpeg?resize=1080%2C555&amp;ssl=1 1260w, https:\/\/www.ilhankaracay.com\/wp-content\/uploads\/2024\/02\/afbeelding-met-begrafenis-graf-begraafplaats-kl-980x503.jpeg 980w, https:\/\/www.ilhankaracay.com\/wp-content\/uploads\/2024\/02\/afbeelding-met-begrafenis-graf-begraafplaats-kl-480x246.jpeg 480w\" alt=\"Afbeelding met begrafenis, graf, begraafplaats, kleding Automatisch gegenereerde beschrijving\" width=\"795\" height=\"409\" data-src=\"https:\/\/i0.wp.com\/www.ilhankaracay.com\/wp-content\/uploads\/2024\/02\/afbeelding-met-begrafenis-graf-begraafplaats-kl.jpeg?resize=1080%2C555&amp;ssl=1\" data-srcset=\"https:\/\/i0.wp.com\/www.ilhankaracay.com\/wp-content\/uploads\/2024\/02\/afbeelding-met-begrafenis-graf-begraafplaats-kl.jpeg?resize=1080%2C555&amp;ssl=1 1260w, https:\/\/www.ilhankaracay.com\/wp-content\/uploads\/2024\/02\/afbeelding-met-begrafenis-graf-begraafplaats-kl-980x503.jpeg 980w, https:\/\/www.ilhankaracay.com\/wp-content\/uploads\/2024\/02\/afbeelding-met-begrafenis-graf-begraafplaats-kl-480x246.jpeg 480w\" data-sizes=\"auto\" data-eio-rwidth=\"1080\" data-eio-rheight=\"555\" \/><\/h4>\n<h4>1969 y\u0131l\u0131nda H\u00fcrriyet\u2019e girdi\u00ad\u011fim zaman Nezih A\u011fabey H\u00fcrriyet\u2019in yan kurulu\u015fu Yeni Gazete\u2019de idi. 1971 y\u0131l\u0131nda H\u00fcrriyet\u2019in ba\u015f\u0131na ge\u00e7ti\u011fi za\u00adman, Garbis Ke\u015fi\u015fo\u011flu y\u00f6netimindeki Avrupa n\u00fcshalar\u0131n bas\u0131m\u0131 i\u00e7in Frank\u00adfurt\u2019ta matbaa kurma \u00e7al\u0131\u015fmalar\u0131n\u0131 ta\u00admamlad\u0131. O zamanki en b\u00fcy\u00fck rakibi\u00admiz Terc\u00fcman idi. Terc\u00fcman\u2019\u0131n tiraj\u0131\u00adna ula\u015fmak bir hayal gibiydi. Ama Av\u00adrupa\u2019da olu\u015fturdu\u011fumuz ekip, her ge\u00ad\u00e7en g\u00fcn tiraj\u0131m\u0131z\u0131n y\u00fckselmesine yet\u00admi\u015fti. Nezih A\u011fabey, bir s\u00fcre sonra Ertu\u011f Karakulluk\u00e7u\u2019yu Avrupa bask\u0131lar\u0131n\u0131n ba\u015f\u0131na getirdi. \u0130\u015fte bu atamadan sonra H\u00fcrriyet\u2019in Avrupa bask\u0131lann\u0131n tiraj\u0131 Terc\u00fcman\u2019\u0131n tiraj\u0131n\u0131 ge\u00e7meye ba\u015flad\u0131.<\/h4>\n<h4>Hollanda ve Bel\u00e7ika benim sorumlu\u00adlu\u011fumda idi. O y\u0131llarda ula\u015ft\u0131\u011f\u0131m\u0131z tiraj rekor olmu\u015ftu. Bug\u00fcn bile o g\u00fcnk\u00fc ti\u00adraja ula\u015f\u0131lam\u0131yor. Nezih Demirkent, gazetecili\u011fin en ince y\u00f6nlerini ke\u015ffet\u00admi\u015f bir y\u00f6netici olarak, tiraj\u0131na ula\u015f\u0131l\u00admas\u0131 bile hayal kabul edilen o zamanki Terc\u00fcman\u2019\u0131 geride b\u0131rakmay\u0131 ba\u015far\u00adm\u0131\u015ft\u0131. Bunun i\u00e7in hepimiz H\u00fcrriyet\u2019i s\u0131rt\u0131m\u0131zda ta\u015f\u0131d\u0131k diyebilirim.<\/h4>\n<h1><strong>\u00c7ok g\u00fc\u00e7l\u00fcyd\u00fc<\/strong><\/h1>\n<h4>\u00c7ok severdi Nezih bey Hollanda ve Bel\u00e7ika\u2019y\u0131. Hollanda\u2019ya geldi\u011fi za\u00adman Van Gogh ve Milli M\u00fcze\u2019yi gez\u00admeden gitmezdi. Onunla Hollan\u00adda\u2019dan Bel\u00e7ika\u2019ya otomobil ile bir se\u00adyahatimiz olmu\u015ftu. Ba\u015fbakan Demirel Br\u00fcksel\u2019e geliyordu. O g\u00fcnk\u00fc yay\u0131n\u00adlar nedeniyle Demirel, H\u00fcrriyet\u2019e so\u00ad\u011fuktu. Demirel\u2019in kalaca\u011f\u0131 otele gel\u00addi\u011fimiz zaman lobinin en uzak k\u00f6\u015fe\u00adsinde oturmu\u015ftuk. Ba\u015fbakan Demirel otele geldi\u011fi zaman etraf\u0131nda, s\u0131k\u0131 bir koruma vard\u0131. Hi\u00e7 kimse yana\u015ft\u0131r\u0131l\u00adm\u0131yordu.<\/h4>\n<h4>Hi\u00e7 unutam\u0131yorum. Demirel\u2019in otel salonuna giri\u00ad\u015fi ve asans\u00f6re bini\u015finden sonra biri kula\u011f\u0131na bir\u015feyler f\u0131s\u0131ldad\u0131. Demirel ellerini iki yana a\u00e7t\u0131 ve asans\u00f6r\u00fcn ha\u00adreketini \u00f6nledi. Asans\u00f6rden \u00e7\u0131kt\u0131 ve bizim oturdu\u011fumuz k\u00f6\u015feye do\u011fru y\u00fcr\u00fcmeye ba\u015flad\u0131. \u0130\u015fte o s\u0131rada De\u00admirkent aya\u011fa kalkt\u0131 ve kendisine do\u011fru gelen Demirel\u2019e el uzatt\u0131. T\u00fcm ba\u00ads\u0131n mensuplar\u0131 Demirel\u2019in yan\u0131na yana\u015famazken, ay\u00adn\u0131 Demirel\u2019in asans\u00f6rden \u00f6zel olarak \u00e7\u0131karak bizim oturdu\u011fumuz yere kadar y\u00fcr\u00fcmesi, Demirel\u2019in H\u00fcrriyet\u2019e ve Demirkent\u2019e verdi\u011fi de\u011feri ortaya ko\u00adyuyordu.<\/h4>\n<h1><strong>Sa\u011flamc\u0131yd\u0131<\/strong><\/h1>\n<h4>Demirkent, muhabirlerine \u00e7ok g\u00fcve\u00adnirdi. Ama bir hata yapmamalar\u0131 i\u00e7in de kontrol mekanizmas\u0131n\u0131 \u00e7al\u0131\u015ft\u0131r\u0131rd\u0131. 1972 y\u0131l\u0131nda Rotterdam\u2019da T\u00fcrkler\u2019e sald\u0131r\u0131lar yap\u0131l\u0131yordu. G\u00fcnlerce s\u00fcren bu sald\u0131nlarda T\u00fcrk evleri yak\u0131l\u0131yordu. Verdi\u011fimiz haberler T\u00fcrkiye\u2019de de man\u015fetlerde idi. \u0130nan\u0131lmas\u0131 \u00e7ok zor olan olaylar\u0131 aktar\u0131yorduk. Nezih A\u011fa\u00adbey, Delft\u2019te ikamet eden ye\u011fenine \u00e7akt\u0131rmadan g\u00f6rev vermi\u015f bizi kontrol ettirmi\u015fti.<\/h4>\n<h4>1976 y\u0131l\u0131nda Beyaz Kelebekler\u2019in\u00a0<strong>\u201cSen gidince bak neler oldu\u201d<\/strong>\u00a0adl\u0131 \u015fark\u0131s\u0131 burada hit olmu\u015ftu. Radyo ve televizyonlar g\u00fcn boyu bu par\u00e7ay\u0131 ya\u00ady\u0131nl\u0131yordu. Ge\u00e7en y\u0131l hit olan Tar\u00adkan\u2019\u0131n\u00a0<strong>\u201c\u015e\u0131mar\u0131k\u201d<\/strong>\u00a0adl\u0131 par\u00e7as\u0131\u00a0<strong>\u201cSen gi\u00addince\u201d<\/strong>\u00a0kadar \u00fcnlenmemi\u015fti. Nezih bey ile\u00a0<strong>\u2018Sen Gidince\u2019yi<\/strong>\u00a0\u00e7ar\u015f\u0131da pazarda da her an du\u00adyuyorduk. Beyaz Kelebekler\u2019i tam \u00fc\u00e7 kez duydu\u011fu zaman bana anlaml\u0131 bir bak\u0131\u015f savurdu. Otelden \u00e7\u0131k\u0131p Zwolle\u2019deki bir matbaay\u0131 ziyarete giderken radyoda bir kez daha Sen Gidince\u2019yi duyan Ne\u00adzih A\u011fabey espriyi patlatt\u0131 \u201cUlan ben gelmeden \u00f6nce radyolara ta\u00adlimat m\u0131 verdin?\u201d<\/h4>\n<h2><strong>AJDA PEKKAN\u2019IN G\u0130ZL\u0130 A\u015eKI<\/strong><\/h2>\n<h4>T\u00fcrkiye\u2019de medyan\u0131n yay\u0131nlayamad\u0131\u011f\u0131 haberler vard\u0131. Baz\u0131 ki\u015filerin aleyhi\u00adne yazmak zordu. Bunlardan biri de, o zaman Ajda Pekkan ile gizli a\u015fk ya\u015fa\u00adyan \u00fcnl\u00fc bir i\u015fadam\u0131yd\u0131. Bu i\u015fadam\u0131n\u0131n Ajda Pekkan ile ili\u015fkisi oldu\u011funu hi\u00e7bir yay\u0131n organ\u0131 yay\u0131nlayamam\u0131\u015ft\u0131. Ajda Pekkan\u2019\u0131n Eurovizyon \u015eark\u0131 Yar\u0131\u015fma-s\u0131\u2019na \u201cPetrol\u201d adl\u0131 \u015fark\u0131 ile Lahey\u2019de kat\u0131ld\u0131\u011f\u0131 haftayd\u0131. Nezih A\u011fabey \u0130stan\u00adbul\u2019dan arad\u0131 ve aynen \u015funlar\u0131 s\u00f6yledi:<\/h4>\n<h4><strong>\u201c\u0130lhan, Ajda\u2019n\u0131n sevgilisi i\u015fada\u00adm\u0131 Erdo\u011fan Demir\u00f6ren bug\u00fcn Amsterdam\u2019a geliyor. Onu havaalan\u0131ndan al, oteline g\u00f6t\u00fcr ve ilgilen. Ama daha sonra da ne yap\u0131p yap, Ajda ile birlikte foto\u011fraflar\u0131n\u0131 \u00e7ek ve bizzat bana g\u00f6nder. Bunu yapamazsan ceke\u00adtini al ve git.\u201d<\/strong><\/h4>\n<h4>Emir b\u00fcy\u00fck yerden ve de \u015faka yollu tehditli gelmi\u015fti. \u00dcnl\u00fc i\u015fadam\u0131n\u0131 hava\u00adalan\u0131nda u\u00e7ak kap\u0131s\u0131ndan ald\u0131m. Aj\u00adda\u2019n\u0131n kald\u0131\u011f\u0131 otele giderken kendisi\u00adne,\u00a0<strong>\u201cBak, Nezih A\u011fabey\u2019den emir geldi. Senin Ajda ile resimlerini \u00e7ekece\u011fim ve g\u00f6nderece\u011fim\u201d<\/strong>\u00a0uyar\u0131s\u0131n\u0131 yapt\u0131m. \u00dcnl\u00fc i\u015fadam\u0131 eliyle i\u015fa\u00adret edip\u00a0<strong>\u201cGe\u00e7\u201d<\/strong>\u00a0dedi. Ben de kendisi\u00adne,\u00a0<strong>\u201cBak ben senin resmini \u00e7eker ve g\u00f6nderirim. Benden g\u00f6nder\u00admek, senden de yay\u0131nlatmamak\u201d<\/strong>\u00a0dedim.<\/h4>\n<h4>Ajda ve \u00fcnl\u00fc i\u015fadam\u0131 ile bir hafta bir\u00adlikte oldum. Bu bir hafta boyunca re\u00adsim \u00e7ekmeye hi\u00e7 yana\u015fmad\u0131m. Taa ki Ajda\u2019n\u0131n Petrol \u015fark\u0131s\u0131 ile fiyasko ya\u015fa\u00adnana kadar. Yar\u0131\u015fma sonras\u0131nda otelin bodrum kat\u0131ndaki bar\u0131na gittik. Yan\u0131m\u00adda e\u015fim de vard\u0131. Ajda ile \u00fcnl\u00fc i\u015fadam\u0131 kederden bol bol alkol al\u0131yorlard\u0131. Ga\u00adzetemizin \u00fcnl\u00fc sosyete foto\u011fraf\u00e7\u0131s\u0131 Zo\u00adzo Toledo da oradayd\u0131. \u0130\u015fadam\u0131na,\u00a0<strong>\u201c\u015eimdi foto\u011fraf \u00e7ekilme zaman\u0131. \u015e\u00f6yle d\u00f6rtl\u00fc bir hat\u0131ra foto\u011fraf\u0131 \u00e7ekilelim\u201d<\/strong>\u00a0deyince hi\u00e7 itiraz gelmedi. \u0130\u015fadam\u0131,\u00a0<strong>\u201c\u00c7ekin anas\u0131n\u0131 satay\u0131m\u201d<\/strong>\u00a0dedi. Zozo\u2019yu \u00e7a\u011f\u0131rd\u0131m ve foto\u011fraf\u0131m\u0131\u00adz\u0131 \u00e7ekmesini istedim. Zozo\u00a0<strong>\u201c\u00c7ekmem abi\u201d<\/strong>\u00a0dedi. Ben de kendisine bunun bi\u00adzim i\u00e7in bir hat\u0131ra foto\u011fraf\u0131 oldu\u011funu, i\u015fadam\u0131n\u0131n da onay verdi\u011fini s\u00f6yledi\u00ad\u011fim Zozo, foto\u011fraf \u00e7ekmemekte \u0131srar etti. \u0130\u015fadam\u0131 bu kez\u00a0<strong>\u201c\u00c7ek ulan Zozo\u201d<\/strong>\u00a0dedi.<\/h4>\n<h4>Bunun \u00fczerine Zozo,\u00a0<strong>\u201cAbi \u015fimdi sarho\u015fsun, ya\u00adr\u0131n ay\u0131l\u0131nca anam\u0131 bellersin\u201d<\/strong>\u00a0deyiverdi.<\/h4>\n<h4>Daha sonra Zozo foto\u011fraf\u0131m\u0131z\u0131 \u00e7ekti ve film makaras\u0131n\u0131 da bana verdi.<\/h4>\n<h4>Otelden ayr\u0131ld\u0131ktan sonra zarf i\u00e7ine koydu\u011fum filmi g\u00f6ndermek i\u00e7in Schiphol Havaalan\u0131\u2019na gittim ve kargo ile g\u00f6nderdim. Ertesi sabah otel odas\u0131nda bulu\u015ftu\u011fum Ajda ile i\u015fadam\u0131 neler ol\u00addu\u011fundan habersiz idiler. \u0130\u015fadam\u0131na filmin gitti\u011finf s\u00f6yledim. Gazete da\u011f\u0131t\u0131\u00adm\u0131nda \u00e7ok etkili olan bu i\u015fadam\u0131 he\u00admen \u0130stanbul\u2019daki sa\u011f kolunu arad\u0131:\u00a0<strong>\u201cGazeteleri dola\u015f, ak\u015fam foto\u011f\u00adraflar \u00e7ekilmi\u015f. Git hepsini topla\u201d<\/strong>\u00a0emrini verdi.<\/h4>\n<h4>Filmi alan Nezih A\u011fabey, Hafta So\u00adnu Gazetesi\u2019nin birinci sayfas\u0131n\u0131n ta\u00admam\u0131n\u0131 bizim foto\u011fraflar\u0131m\u0131z ile doldu\u00adrup,\u00a0<strong>\u201c\u0130\u015fte i\u015fadam\u0131 Erdo\u011fan Demir\u00f6ren ile Ajda\u2019n\u0131n b\u00fcy\u00fck a\u015fk\u0131\u201d<\/strong>\u00a0ba\u015fl\u0131kl\u0131 bir haber koymu\u015f. Bir hafta sonra \u0130stanbul Hilton Oteli\u2019nde kar\u015f\u0131la\u015ft\u0131\u011f\u0131m Zozo, bunun sonras\u0131n\u0131 ba\u00adna \u015f\u00f6yle anlatt\u0131:\u00a0<strong>\u201cAbi sorma yahu. Nezih Baba haberi tam sayfa koymu\u015f. \u0130\u015fadam\u0131 \u00f6nce Erol Bey\u2019i aram\u0131\u015f ve bask\u0131n\u0131n durdurulmas\u0131\u00adn\u0131 istemi\u015f. Erol Bey bask\u0131y\u0131 dur\u00addurmu\u015f. \u0130\u015fadam\u0131 yola \u00e7\u0131kan gaze\u00adte y\u00fckl\u00fc kamyonlar\u0131 da durdurmu\u015f.\u201d<\/strong><\/h4>\n<h2><strong>T\u00fcrk medyas\u0131n\u0131 kar\u0131\u015ft\u0131ran \u00d6zhan Hakant\u00fcrk maceras\u0131n\u0131 sizlere Yavuz Nufel karde\u015fimin kalemi ile aktaray\u0131m:<\/strong><\/h2>\n<h4>Y\u0131l 1980. Aylardan Haziran. \u0130lhan Kara\u00e7ay, Avrupa Futbol \u015eampiyonas\u0131 i\u00e7in \u0130talya\u2019ya gider. \u00c7al\u0131\u015ft\u0131\u011f\u0131 gazetenin o zamanki patronu Erol Simavi, \u00fcnl\u00fc \u015fark\u0131c\u0131 N\u00fckhet Duru ile birlikte Roma\u2019dad\u0131r.<\/h4>\n<h4>Kara\u00e7ay, Frankfurt\u2019tan ald\u0131\u011f\u0131 bir haftal\u0131k H\u00fcrriyet gazetelerini patronuna g\u00f6t\u00fcrm\u00fc\u015f o g\u00fcnlerde \u015f\u00f6hretinin zirvesinde olan N\u00fckhet Duru ile birlikte otelin lobisinde \u00e7aylar\u0131n\u0131 i\u00e7itikten sonra mesle\u011fini icra etmek i\u00e7in kollar\u0131 s\u0131var.<br \/>\nTe\u00e7hizat\u0131n\u0131 ku\u015fan\u0131r ( Foto\u011fraf Makineleri) ba\u015flar spor haberleri i\u00e7in ko\u015fturmaya\u2026<\/h4>\n<h4>T\u00fcrkiye\u2019den gelen meslekta\u015flar\u0131 ile birlikte Avrupa Futbol \u015eampiyonas\u0131\u2019n\u0131 takip eden \u0130lhan Kara\u00e7ay, bir meslekta\u015f\u0131ndan duyduklar\u0131 kar\u015f\u0131s\u0131nda hayretler i\u00e7inde kal\u0131r; Meslekta\u015f\u0131;\u00a0<strong>\u201cBiz b\u00fcy\u00fck bir grupla Hollanda\u2019ya gelece\u011fiz. \u00d6zhan Hakant\u00fcrk ad\u0131nda biri T\u00fcrkiye\u2019den 50 gazeteci-yazar ile s\u00f6zle\u015fme yapt\u0131. Hepimiz Hollanda\u2019ya yerle\u015fece\u011fiz ve \u00e7e\u015fitli yay\u0131n organlar\u0131 \u00e7\u0131karaca\u011f\u0131z\u201d\u00a0<\/strong>diyordu.<\/h4>\n<h4>Duyduklar\u0131ndan k\u0131sa bir s\u00fcre sonra , Kara\u00e7ay\u2019\u0131 Hollanda\u2019daki b\u00fcrosunda \u00e7al\u0131\u015fan Yasemin \u00d6zt\u00fcrk ile Necati \u00c7avu\u015fo\u011flu ararlar ve\u00a0<strong>\u201cAbi burada bir bey var, sizinle g\u00f6r\u00fc\u015fmek istiyor\u201d<\/strong>\u00a0dedikten sonra ahizeyi yeni patron aday\u0131 \u00d6zhan Hakant\u00fcrk\u2019e verirler.<\/h4>\n<h4>Hakant\u00fcrk telefonda,\u00a0<strong>\u201cSize Genel Yay\u0131n Y\u00f6netmenli\u011fi teklifinde bulunaca\u011f\u0131m\u201d<\/strong>\u00a0s\u00f6zleri \u00fczerine \u0130lhan Kara\u00e7ay\u2019\u0131n cevab\u0131 k\u0131sa ve net olur,\u00a0<strong>\u201cHollanda\u2019ya gelince g\u00f6r\u00fc\u015f\u00fcr\u00fcz\u201d<\/strong><\/h4>\n<h4>Kara\u00e7ay\u2019a yap\u0131lan bu teklif ; \u0130stanbul\u2019da Ca\u011flo\u011flu, Frankfurt\u2019ta da Neu Izenburg\u2019da dilden dile dola\u015fmaktakta bas\u0131n camias\u0131ndan g\u00fcnlerce<br \/>\n\u201cG\u00fcndem\u201dden d\u00fc\u015fmeyen konu olur.<\/h4>\n<h4>S\u00f6ylentiler ve Kara\u00e7ay\u2019a yap\u0131lan bu teklif \u00fczrine o d\u00f6nemde H\u00fcrriyet\u2019in Frankfurt Genel M\u00fcd\u00fcr\u00fc Garbis Ke\u015fi\u015fo\u011flu Kara\u00e7ay\u2019\u0131 arar,\u00a0<strong>\u201c\u0130lhan, nedir bu konu\u015fulanlar\u0131n asl\u0131. Sen de H\u00fcrriyet\u2019i brak\u0131p Genel Yay\u0131n Y\u00f6netmeni olacakm\u0131\u015fs\u0131n\u201d<\/strong>\u00a0diye sorar. Kara\u00e7ay yine k\u0131sa ve net konu\u015fur\u00a0<strong>\u201dHollanda\u2019ya d\u00f6n\u00fcnce bilgi verece\u011fim\u201d<\/strong>\u00a0der.<\/h4>\n<h4>1980 Avrupa Futbol \u015eampiyonas\u0131\u2019n\u0131n ard\u0131ndan Hollanda\u2019ya d\u00f6nen Kara\u00e7ay, \u00e7\u0131kacak gazete(ler) i\u00e7in Genel Yay\u0131n Y\u00f6netmenli\u011fi teklifinde bulunan \u00d6zhan Hakant\u00fcrk ile g\u00f6r\u00fc\u015f\u00fcr ve Ca\u011falo\u011flu ile Neu Izenburg\u2019u aya\u011fa kald\u0131ran s\u00f6ylentilerin ger\u00e7eklili\u011fini ara\u015ft\u0131rmaya ba\u015flar. Ba\u015flar ba\u015flamas\u0131na ama Hakant\u00fcrk, Kara\u00e7ay\u2019\u0131n ara\u015ft\u0131rmas\u0131na f\u0131rsat bile vermeden Genel Y\u00f6netmenlik teklifini yapm\u0131\u015ft\u0131r bile.<\/h4>\n<h4>Kara\u00e7ay bu teklife an\u0131nda\u00a0<strong>\u201chay\u0131r\u201d<\/strong>\u00a0der. O s\u0131rada b\u00fcroda bulunan ve Kara\u00e7ay\u2019\u0131n\u00a0<strong>\u201cHay\u0131r\u201d<\/strong>\u00a0cevab\u0131n\u0131 duyan Yasemin \u00d6zt\u00fcrk ile Necati \u00c7avu\u015fo\u011flu biribirlerinin suratlar\u0131na bakarlar; Hakant\u00fcrk\u2019e d\u00f6nerek zafer kazanm\u0131\u015f kumandan edas\u0131 ile\u00a0<strong>\u201cYaaa, biz \u0130lhan abi kabul etmez demedik mi?\u201d<\/strong>\u00a0derler.<\/h4>\n<h4>\u00c7\u00fcnk\u00fc Kara\u00e7ay\u2019\u0131n Genel Yay\u0131n Y\u00f6netmenli\u011fi teklifinine verce\u011fi cevab\u0131n\u00a0<strong>\u201cHay\u0131r \u201c<\/strong>\u00a0olaca\u011f\u0131n\u0131 s\u00f6ylemi\u015fler bu konuda patron aday\u0131 Hakant\u00fcrk ile iddiaya girmi\u015flerdir. O y\u00fczden Kara\u00e7ay\u2019\u0131n\u00a0<strong>\u201cHay\u0131r\u201d<\/strong>\u00a0cevab\u0131n\u0131 duyar duymaz ilk tepkileri\u00a0<strong>\u201cYaaa!\u201d<\/strong>\u00a0olur.<\/h4>\n<h4>Yasemin \u00d6zt\u00fcrk ile Necati \u00c7avu\u015fo\u011flu\u2019na kar\u015f\u0131 iddiay\u0131 kaybeden Hakant\u00fcrk Avrupa\u2019da \u00e7\u0131karmay\u0131 d\u00fc\u015f\u00fcnd\u00fc\u011f\u00fc gazeteler i\u00e7in T\u00fcrkiye\u2019nin en \u00fcnl\u00fc yazar ve \u00e7izerleri ile s\u00f6zle\u015fme yapm\u0131\u015ft\u0131r, \u0130lhan Kara\u00e7ay gibi Avrupa ve Hollanda\u2019y\u0131 \u00e7ok iyi bilen deneyimli bir gazeteciyi de bu yeni i\u015fin ba\u015f\u0131na getirmeye kararl\u0131d\u0131r.<\/h4>\n<h4>Hakant\u00fcrk, Kara\u00e7ay\u2019a ayl\u0131k mebla\u011f\u0131 bo\u015f olan bir mukavele uzat\u0131r ve\u00a0<strong>\u201cHadi kalk notere gidiyoruz\u201d<\/strong>\u00a0demesiyle \u0130lhan Kara\u00e7ay, Yasemin ile Necati\u2019nin y\u00fczlerine bakarak, \u201c<strong>Ben bu maceran\u0131n sonunu merak ediyorum\u201d<\/strong>\u00a0\u015feklinde tepki veriken bir yandan da mukaveleye\u00a0<strong>\u201cAyl\u0131k 20 bin D Mark net ve art\u0131 masraflar\u201d<\/strong>\u00a0diye yazar!<\/h4>\n<h4>Notere gidilir ve s\u00f6zle\u015fme \u0130ngilizce, Hollandaca ve T\u00fcrk\u00e7e olarak \u00fc\u00e7 dilde yap\u0131l\u0131r ve imzalan\u0131r.<\/h4>\n<h4>Bir yandan ne olup bitti\u011fini, bir yandan da bu maceran\u0131n sonunu merak eden Kara\u00e7ay, ilk i\u015f olarak T\u00fcrkiye\u2019deki meslekta\u015flar\u0131 ile g\u00f6r\u00fc\u015fmek i\u00e7in \u0130stanbul\u2019da Hilton\u2019a yerle\u015fir ve Hollanda\u2019da \u00e7al\u0131\u015fmaya aday meslekta\u015flar ile teker teker g\u00f6r\u00fc\u015f\u00fcr.<\/h4>\n<h4>G\u00fcnlerce s\u00fcren g\u00f6r\u00fc\u015fmelere bug\u00fcn\u00fcn \u00e7ok \u00fcnl\u00fc yazar- \u00e7izer tak\u0131m\u0131ndan olanlar bile Kara\u00e7ay ile g\u00f6r\u00fc\u015fmek i\u00e7in s\u0131raya girmi\u015f g\u00fcnlerce s\u0131ra beklemek zorunda kalm\u0131\u015flard\u0131r.<\/h4>\n<h4>Kara\u00e7ay;\u00a0<strong>\u201c\u00c7\u00fcnk\u00fc o y\u0131llarda gazeteciler \u00f6yle ah\u0131m \u015fah\u0131m paralar almazlar k\u0131t kanaat ge\u00e7inirlerdi.\u201d<\/strong>\u00a0diyor.<br \/>\n<strong>\u2018A\u011fabey sizinle g\u00f6r\u00fc\u015fmeye gelen, s\u0131raya giren, bekleyen ve bug\u00fcn burunlar\u0131ndan k\u0131l ald\u0131rmayan isimlerden bir ka\u00e7 isim verseniz\u2019<\/strong>\u00a0\u015feklindeki ricam \u00fczerine, otoriter bir baba edas\u0131yla,\u00a0<strong>\u201dAsla, meslek eti\u011fine yak\u0131\u015fmaz\u201d<\/strong>\u00a0diyor Kara\u00e7ay.<\/h4>\n<h4><strong>\u2018Tamam abi yaz\u0131lmamak kayd\u0131yla bir iki isim\u2019<\/strong>\u00a0diyorum \u0131srarla;\u00a0<strong>\u201c Yavuz!\u2026 ,Yavuz,!\u2026\u201d<\/strong>\u00a0diyor ses tonunu azc\u0131k y\u00fckselterek. \u015eayet Kara\u00e7ay kar\u015f\u0131ndaki ki\u015finin ad\u0131n\u0131 iki kez art arda s\u00f6yl\u00fcyorsa kuraca\u011f\u0131 c\u00fcmlenin ba\u015f\u0131nda :\u00a0<strong>\u201cBu konuda daha fazla soru sorma, tamam\u201d\u00a0<\/strong>demektir.<\/h4>\n<h4>Neyse, konumuza d\u00f6necek olursak \u0130lhan Kara\u00e7ay, Ca\u011falo\u011flu\u2019nu \u00e7alkalayan bu yeni geli\u015fmeler hakk\u0131nda konu\u015fmak , bilgi vermek bilgi almak i\u00e7in H\u00fcrriyet\u2019in ba\u015f\u0131nda bulunan merhum Nezih Demirkent ile g\u00f6r\u00fc\u015fmeye gider.<br \/>\nNezih beye durumu anlatan Kara\u00e7ay, Demirkent\u2019ten, \u201c<strong>Bu tehlikeli bir macerad\u0131r. Hem sen ve hem de buradaki meslekta\u015flar\u0131m\u0131z zor duruma d\u00fc\u015febilir. Sen bu i\u015fe girme.\u201d<\/strong>\u00a0tepkisiyle kar\u015f\u0131la\u015f\u0131r. Ama Kara\u00e7ay, ba\u015flad\u0131\u011f\u0131 i\u015fin sonunun nereye varaca\u011f\u0131n\u0131 bilmek ister. Bunun \u00fczerine Nezih Demirkent, \u015faka yollu da olsa,\u00a0<strong>\u201cH\u00fcrriyet\u2019te, \u2018\u0130lhan Kara\u00e7ay ile hi\u00e7bir ilgimiz kalmam\u0131\u015ft\u0131r\u2019<\/strong>\u00a0<strong>diye yar\u0131m sayfa ilan atar\u0131m\u2019\u00a0<\/strong>tehdidini savurur. Kara\u00e7ay da bunun \u00fczerine,\u00a0<strong>\u201cBen size ne k\u00f6t\u00fcl\u00fck yapt\u0131m ki a\u011fabey\u201d\u00a0<\/strong>deyince, abart\u0131s\u0131z bir \u015fekilde \u015fu yan\u0131t\u0131 al\u0131r Demirkent\u2019ten.<\/h4>\n<h4><strong>\u201cBak \u0130lhan, senin ismin, \u00f6zellikle Avrupa\u2019da H\u00fcrriyet\u2019ten b\u00fcy\u00fck. Bak, G\u00fcnayd\u0131n gazetesi 1 milyon, biz ise 500 bin sat\u0131yoruz de\u011fil mi? Peki, bir milyon satan G\u00fcnayd\u0131n\u2019da, Londra muhabiri Bora Paran m\u0131, yoksa 500 bin satan H\u00fcrriyet\u2019teki \u0130lhan Kara\u00e7ay m\u0131 daha \u00fcnl\u00fc? Senin ad\u0131n\u0131 herkes ezberlemi\u015f. Bunu tabii ki \u00f6nce senin becerine sonra da H\u00fcrriyet\u2019e bor\u00e7lusun. Bu nedenle ben seni b\u0131rakmam.\u201d<\/strong><\/h4>\n<h4>1970\u2019li y\u0131llarda, \u0130lhan Kara\u00e7ay ismi sadece Avrupa\u2019da de\u011fil, T\u00fcrkiye\u2019de de \u00e7ok \u00fcnlenmi\u015fti. Bir zamanlar\u0131n Hikmet Ferudun Es\u2019i gibi \u00fcnlenmi\u015fti Kara\u00e7ay.<br \/>\nZira, Kara\u00e7ay\u2019\u0131n d\u00fcnyan\u0131n d\u00f6rt bir yan\u0131ndan g\u00f6nderdi\u011fi haberler, H\u00fcrriyet\u2019ten ba\u015fka Haftasonu, Kelebek, TV\u2019de 7 G\u00fcn ve Gonk gibi dergilerde man\u015fetlerde yer almaktad\u0131r.<\/h4>\n<h4>Merakl\u0131s\u0131 a\u00e7ar ar\u015fivleri bakar!<br \/>\nD\u00fcnya ve Avrupa Futbol \u015eampiyonalar\u0131 demek \u0130lhan Kara\u00e7ay imzas\u0131 demektir. O g\u00fcnlerde H\u00fcrriyet\u2019de 9 s\u00fctun ( 8 s\u00fct\u00fcn de\u011fil) \u0130lhan Kara\u00e7ay imzas\u0131yla yay\u0131nlanmaktad\u0131r, o d\u00f6nemin en \u00f6nemli d\u0131\u015f d\u00fcnya haberleri, spor haberleri\u2026<\/h4>\n<h4>Rahmetli Demirkent ile g\u00f6r\u00fc\u015fmenin sonunda, \u0130lhan Kara\u00e7ay sayg\u0131y\u0131 ve nezakati elden b\u0131rakmadan \u015f\u00f6yle der:\u00a0<strong>\u201cA\u011fabey, bu bir kariyer meselesidir. \u015eu 50 isme bakar m\u0131s\u0131n? Ben bu 50 \u00fcnl\u00fcn\u00fcn Genel Y\u00f6netmeni olaca\u011f\u0131m. Burada paradan da \u00f6nemli bir konu var.\u201d<\/strong><br \/>\nBunun \u00fczerine Demirkent, \u00f6z bir a\u011fabey tavr\u0131 ile\u00a0<strong>\u201c\u0130stersen H\u00fcrriyet\u2019i b\u0131rakma. Hem bize hem de Hakant\u00fcrk\u2019e \u00e7al\u0131\u015f\u201d\u00a0<\/strong>der; Kara\u00e7ay\u2019\u0131n bu teklife cevab\u0131 \u00e7abucak\u00a0<strong>\u201cEvet\u201d<\/strong>\u00a0olur.<\/h4>\n<h4>Kara\u00e7ay, \u0130stanbul\u2019daki g\u00f6r\u00fc\u015fmelerden sonra Hollanda\u2019ya d\u00f6ner ve yeni patronu Hakant\u00fcrk ile detayl\u0131 bir g\u00f6r\u00fc\u015fme yapar. Bilgi ve fikir teatisinde bulunurlar. Kara\u00e7ay bu g\u00f6r\u00fc\u015fmeden tatmin olmaz. Fakat i\u015fler planlanandan daha h\u0131zl\u0131 ilerlemektedir. T\u00fcrkiye\u2019den 3 meslekta\u015f gelmi\u015ftir ve i\u015fe ba\u015flam\u0131\u015ft\u0131r bile.<br \/>\nBunun i\u00e7in b\u00fcy\u00fck bir b\u00fcro kiralanm\u0131\u015ft\u0131r. T\u00fcrkiye\u2019nin en \u00fcnl\u00fc yazar ve \u00e7izerlerin yer ald\u0131\u011f\u0131 bir ekip taraf\u0131ndan \u0130stanbul\u2019da haz\u0131rlanan\u00a0<strong>BO\u015eVER<\/strong>\u00a0adl\u0131 bir mizah dergisinin kal\u0131plar\u0131 Hollanda\u2019ya gelmi\u015ftir \u00e7oktan\u2026<\/h4>\n<h4>T\u00fcm bu geli\u015fmeler kar\u015f\u0131s\u0131nda Kara\u00e7ay mutlu de\u011fildir. \u0130\u00e7ine sinmeyen bir durumla kar\u015f\u0131 kar\u015f\u0131ya oldu\u011funu hisseder. \u0130\u00e7ini kemiren soruyu sormak i\u00e7in bir g\u00fcn Hakant\u00fcrk\u2019\u00fc kar\u015f\u0131s\u0131na al\u0131r ve aynen \u015f\u00f6yle der:\u00a0<strong>\u201cS\u00f6yle bakal\u0131m Hakan bey, bu de\u011firmenin suyu nereden akacak? Sen CIA\u2019ya m\u0131, KGB\u2019ye mi, Mossad\u2019a m\u0131, Ermenilere veya ayr\u0131l\u0131k\u00e7\u0131lara m\u0131 hizmet edeceksin? S\u00f6yle bakal\u0131m, sen 50 \u00fcnl\u00fc gazeteciyi nas\u0131l besleyeceksin?\u201d<\/strong><\/h4>\n<h4>Hakant\u00fcrk\u2019\u00fcn yan\u0131t\u0131 a\u00e7\u0131kt\u0131r:\u00a0<strong>\u201cSen bu yay\u0131lar\u0131n Genel Y\u00f6netmeni de\u011fil misin? \u0130stedi\u011fin gibi yay\u0131n yap.\u201d<\/strong>\u00a0Yay\u0131nlar\u0131n siyasi boyutu hakk\u0131ndaki yan\u0131t\u0131n olumlu olmas\u0131 bir yana para kayna\u011f\u0131 hakk\u0131nda a\u00e7\u0131k bir cevap alamayan Kara\u00e7ay kararl\u0131 bir \u015fekilde;\u00a0<strong>\u201cBak \u00d6zhan, bana paray\u0131 ve kayna\u011f\u0131n\u0131 g\u00f6stermezsen ben bu i\u015fte yokum.\u201d\u00a0<\/strong>der.<\/h4>\n<h4><strong>Tabii ki para ve kayna\u011f\u0131 g\u00f6sterilemez.<\/strong><\/h4>\n<h4>Bunun \u00fczerine Kara\u00e7ay, Hakant\u00fcrk\u2019\u00fc daha dikkatle takip etmeye ba\u015flar. Kara\u00e7ay\u2019\u0131n b\u00fcrosuna Hakant\u00fcrk i\u00e7in gelen gidenler \u00e7o\u011fal\u0131r. Utrceht\u2019ten bir T\u00fck Hakant\u00fcrk\u2019\u00fcn alt\u0131na bir Mercedes otomobil \u00e7ekmi\u015ftir. Bir y\u0131\u011f\u0131n adam,\u00a0<strong>\u201c\u00d6zhan bey bizi gazeteci yapacak ve ikamet izni alacak\u201d\u00a0<\/strong>diye ortal\u0131klarda dola\u015fmaya konu\u015fmaya ba\u015flam\u0131\u015ft\u0131r.<br \/>\nKara\u00e7ay\u2019\u0131n y\u00fcre\u011fine \u015f\u00fcphe d\u00fc\u015fm\u00fc\u015ft\u00fcr art\u0131k.<\/h4>\n<h4>Kara\u00e7ay derhal \u0130stanbul\u2019a giderek Gazeteciler Cemiyeti\u2019nde toplad\u0131\u011f\u0131 Hollanda\u2019da \u00e7al\u0131\u015fmak i\u00e7in daha \u00f6nce Hiltonda g\u00f6r\u00fc\u015ft\u00fc\u011f\u00fc meslekta\u015flar\u0131na\u00a0<strong>\u201cBen bu i\u015fte yokum. Hollanda\u2019ya kim gelirse beni yok bilsin. Sorumluluk bende de\u011fil, gelendedir.\u201d<\/strong>\u00a0diye a\u00e7\u0131k\u00e7a konu\u015fur, tavr\u0131n\u0131 ortaya koyar. Buna ra\u011fmen ilk etapta \u00fc\u00e7 meslekta\u015f gelmi\u015f ve o arada maketi \u0130stanbul\u2019da haz\u0131rlanm\u0131\u015f olan\u00a0<strong>BO\u015eVER<\/strong>\u00a0isimli dergi Hollanda\u2019da bas\u0131lm\u0131\u015f ve Avrupa\u2019ya da\u011f\u0131t\u0131lm\u0131\u015ft\u0131r \u00e7oktan!.<\/h4>\n<h4>\u0130lhan Kara\u00e7ay, \u00d6zhan Hakant\u00fcrk\u2019\u00fcn ger\u00e7ekleri konu\u015fmayan bir maceraperest oldu\u011funa kanaat getirdi\u011finde bomba patlar. Hakant\u00fcrk\u2019\u00fcn evine bask\u0131n yapan Utrecht polisi 5 sahte pasaport bulmu\u015f ve Hakant\u00fcrk\u2019\u00fc hemen ertesi g\u00fcn s\u0131n\u0131rd\u0131\u015f\u0131 etmi\u015ftir!<\/h4>\n<h4>\u0130lhan Kara\u00e7ay,\u00a0<strong>\u201cSorumlulu\u011fu almam\u201d<\/strong>\u00a0dedi\u011fi halde, Hollanda\u2019ya gelen ve a\u00e7\u0131kta kalan \u00fc\u00e7 meslekta\u015f\u0131na sahip \u00e7\u0131kar ve onlar\u0131 selametle \u0130stanbul\u2019a g\u00f6nderir. (Bu \u00fc\u00e7 gazeteci Naci Yal\u0131nk\u0131l\u0131\u00e7, Zakir Barut\u00e7u ve Ergin Sanver\u2019dir)<\/h4>\n<h4>Gerek Hollanda\u2019ya gelen \u00fc\u00e7 meslekta\u015f ve gerekse \u00e7ok \u00fcnl\u00fc olan 50 yazar \u00e7izerin isimlerini t\u00fcm \u0131srarlar\u0131ma ra\u011fmen \u00f6\u011frenemedim, O 50 ki\u015filik isim listesi \u0130lhan Kara\u00e7ay\u2019da sakl\u0131d\u0131r.<\/h4>\n<h4>Hollanda\u2019daki 50 y\u0131ll\u0131k T\u00fcrk tarihinde, Ca\u011falo\u011flu- Franfurt uzant\u0131l\u0131 g\u00fcnl\u00fck yay\u0131n organlar\u0131n\u0131n yan\u0131 s\u0131ra yerel T\u00fcrk medyas\u0131 ile say\u0131lar\u0131 otuzu bulan, eline foto\u011fraf makinesi ge\u00e7irenin\u00a0<strong>\u201cGazeteciyim\u201d<\/strong>\u00a0pozlar\u0131nda dola\u015ft\u0131\u011f\u0131 g\u00fcn\u00fcm\u00fczde, b\u00f6yle bir an\u0131y\u0131 yazmamak eksiklik olurdu. Hollanda T\u00fcrk Medya tarihince ya\u015fanan ilgin\u00e7 bir an\u0131, bir maceray\u0131 da yine \/ ancak \u0130lhan Kara\u00e7ay gibi bir duayen ya\u015fayabilir ve anlatabilirdi\u2026<\/h4>\n<h1><strong>DEM\u0130RKENT\u2019\u0130N, MUHAB\u0130RLERE \u2018\u00c7\u00d6PE ATILAN HABERLER\u2019 KONUSUNDA VERD\u0130\u011e\u0130 \u0130K\u0130 \u00d6RNEK: MEHMET T\u00dcRKER VE \u0130LHAN KARA\u00c7AY.<\/strong><\/h1>\n<h4><strong>Mehmet T\u00fcrker ile birlikte, muhabir haklar\u0131n\u0131n iki \u2018Y\u0131lmaz Sava\u015f\u00e7\u0131s\u0131 olarak g\u00f6sterilmi\u015ftik.<\/strong><\/h4>\n<h4>Son y\u0131llar\u0131n, demokrasi sava\u015f\u0131nda \u00f6nde gidenler s\u0131n\u0131f\u0131na girmi\u015f olan sevgili dostum Mehmet T\u00fcrker\u2019i kaybetti\u011fimizi \u00f6\u011frendi\u011fim zaman, H\u00fcrriyet gazetesindeki g\u00fcnlerimiz akl\u0131ma geldi.<br \/>\nO zaman Mehmet T\u00fcrker T\u00fcrkiye\u2019de haberler \u00fcretiyor, ben de Hollanda\u2019dan haber \u00fcretip Yaz\u0131 \u0130\u015fleri M\u00fcd\u00fcrl\u00fc\u011f\u00fc\u2019ne aktar\u0131yorduk.<\/h4>\n<h4>\u015eimdi hangi konu oldu\u011funu bilemiyorum ama, Yaz\u0131 \u0130\u015fleri M\u00fcd\u00fcrl\u00fc\u011f\u00fc\u2019ne haber de\u011feri olan bir konuyu foto\u011frafl\u0131 aktarm\u0131\u015ft\u0131m.<br \/>\nHaber yay\u0131nlanmam\u0131\u015ft\u0131. Serviste \u00e7al\u0131\u015fan arkada\u015flara sordu\u011fum zaman,<br \/>\n<strong>\u2018Yaz\u0131 \u0130\u015fleri M\u00fcd\u00fcr\u00fc kulland\u0131rtmad\u0131\u2019<\/strong>\u00a0dediler.<\/h4>\n<h4>Bunun \u00fczerine Yaz\u0131 \u0130\u015fleri M\u00fcd\u00fcr\u00fc\u2019m\u00fcz\u00fc arad\u0131m. Haberin neden kullan\u0131lmad\u0131\u011f\u0131n\u0131 sordu\u011fum zaman,\u00a0<strong>\u2018Bunun karar\u0131n\u0131 ben veririm \u0130lhan\u2019\u00a0<\/strong>diye kesip atmaya \u00e7al\u0131\u015ft\u0131. Ben ise, haberin \u00e7ok ses getirecek bir nitelikte oldu\u011funu, \u00f6zellikle Avrupa \u00fclkelerinde ses verece\u011fini anlatt\u0131m. Ama O yay\u0131nlamamakta direndi. Ben de hakimiyetimi biraz kaybederek \u00fczerine gittim.\u00a0<strong>\u2018Sen buradaki havay\u0131 koklayamazs\u0131n, buradaki havay\u0131 ben daha iyi koklar\u0131m\u2019\u00a0<\/strong>dedim.<br \/>\nO h\u00e2l\u00e2 yay\u0131nlamamakta direnince,\u00a0<strong>\u2018Bak, sen de bu gazete i\u00e7in faydal\u0131 olmaya \u00e7al\u0131\u015f\u0131yorsun, ben de. Bu haber gazeteye \u00e7ok \u015fey kazand\u0131r\u0131r\u2019<\/strong>\u00a0deyince, bana kar\u015f\u0131 yine direndi ve sertle\u015fti. Bunun \u00fczerine ben de sertle\u015ftim.\u00a0<strong>\u2018Bak ben konuyu patrona kadar g\u00f6t\u00fcr\u00fcr\u00fcm\u2019<\/strong>\u00a0dediysem de olmad\u0131. \u00d6yle ya, kilometrelerce yol katederek saatlerce \u00e7al\u0131\u015ft\u0131\u011f\u0131m halde, haber de\u011feri ta\u015f\u0131yan yaz\u0131m kullan\u0131lmam\u0131\u015ft\u0131. Sonunda \u00e7ok sinirlendim ve \u00e7ok kaba say\u0131lacak kelimeler kullanarak telefonu kapad\u0131m.<\/h4>\n<h4>Nas\u0131l olduysa haber ertesi g\u00fcn yay\u0131nland\u0131.<br \/>\n\u015ea\u015f\u0131rm\u0131\u015ft\u0131m ama, bir\u015fey anlamam\u0131\u015ft\u0131m.<\/h4>\n<h4>Aylar sonra, H\u00fcrriyet\u2019in o zamanki hem Genel M\u00fcd\u00fcr\u00fc ve hem de Genel Yay\u0131n M\u00fcd\u00fcr\u00fc olan rahmetli Nezih Demirkent, d\u00fcnyadaki t\u00fcm H\u00fcrriyet muhabirlerini Frankfurt\u2019a \u00e7a\u011f\u0131rm\u0131\u015ft\u0131.<\/h4>\n<h4>Toplant\u0131lar\u0131n birinde, muhabir arkada\u015flar\u0131n \u00e7o\u011fu, g\u00f6nderdikleri haberlerin \u00e7\u00f6p kutusuna at\u0131lmas\u0131ndan \u015fikayet ettiler. Rahmetli Demirkent \u015fikayetleri dinledikten sonra \u015f\u00f6yle konu\u015fmu\u015ftu:\u00a0<strong>\u201d\u015eu, en arkada oturan \u0130lhan Kara\u00e7ay var ya, ona sorun, o size ne yapaca\u011f\u0131n\u0131z\u0131 iyi anlat\u0131r. Ben haberlerinin pe\u015fini b\u0131rakmayan iki adam tan\u0131yorum. Biri Mehmet T\u00fcrker, di\u011feri de \u0130lhan Kara\u00e7ay.\u201d<\/strong><\/h4>\n<h4>Rahmetli Demirkent\u2019in bu s\u00f6zleri beni d\u00fc\u015f\u00fcnd\u00fcrm\u00fc\u015ft\u00fc. Sonra birden akl\u0131ma gelmi\u015fti. Demek ki, benim m\u00fcnaka\u015fa etti\u011fim Yaz\u0131 \u0130\u015fleri M\u00fcd\u00fcr\u00fc, yapt\u0131\u011f\u0131m\u0131z sert tart\u0131\u015fmadan sonra beni \u015fikayete gitmi\u015f. Demirkent de, habere bak\u0131nca,\u00a0<strong>\u2018Sen bu haberi kullan, ben Kara\u00e7ay\u2019a a\u011fz\u0131n\u0131n pay\u0131n\u0131 verir ve cezaland\u0131r\u0131r\u0131m\u201d<\/strong>\u00a0demi\u015f olacak.<\/h4>\n<h4>Rahmetli Mehmet T\u00fcrker ile \u015fahs\u0131m\u0131, haberlerinin yay\u0131nlanmas\u0131 i\u00e7in sava\u015f yapan iki muhabir olarak \u00f6rnekleyen Demirkent\u2019i ve Mehmet T\u00fcrker\u2019i rahmetle an\u0131yorum\u2026<\/h4>\n<h4><strong>KISACA NEZ\u0130H DEM\u0130RKENT<\/strong><\/h4>\n<h4>Nezih Demirkent 1930 y\u0131l\u0131nda \u0130stanbul\u2019da do\u011fdu. F.Sabiha ve A.Nurettin Demirkent\u2019in o\u011fluydu. Haydarpa\u015fa Lisesi\u2019ni ve \u0130\u00dc Hukuk Fak\u00fcltesi bitirdi. Mesle\u011fe 1950 y\u0131l\u0131nda Son Saat Gazetesinde ba\u015flad\u0131. Yeni Sabah, Yeni Gazete ve H\u00fcrriyet\u2019te, mesle\u011fin \u00e7e\u015fitli dallar\u0131nda \u00e7al\u0131\u015ft\u0131. H\u00fcrriyet Gazetesinde Genel Yay\u0131n M\u00fcd\u00fcrl\u00fc\u011f\u00fc yapt\u0131. Daha sonra D\u00fcnya Gazetesi\u2019nin sahipli\u011fini \u00fcstlendi. Frans\u0131zca biliyordu. \u201cSayfa Sayfa Gazetecilik\u201d, \u201cMedya Medya\u201d ve \u201cSal\u0131 Yaz\u0131lar\u0131\u201d isimli kitaplar\u0131 yay\u0131nland\u0131. T\u00fcrkiye Gazeteciler Cemiyeti\u2019nin \u00f6nceki ba\u015fkanlar\u0131ndan Nezih Demirkent, 50 y\u0131l gazetecilik mesle\u011finin i\u00e7inde bulundu. Uzun bir d\u00f6nem TGC\u2018nin Ba\u015fkan Yard\u0131mc\u0131l\u0131\u011f\u0131 g\u00f6revinde hizmet verdikten sonra 18 Kas\u0131m 1982 g\u00fcn\u00fc Ba\u015fkanl\u0131\u011fa se\u00e7ildi. 10 y\u0131l s\u00fcrd\u00fcrd\u00fc\u011f\u00fc bu hizmetten, se\u00e7imde adayl\u0131\u011f\u0131n\u0131 koymayarak \u00e7ekildi. TGC Hikmet Memduh K\u0131z\u0131la\u011fa\u00e7 Huzurevi ile TGC Bas\u0131n M\u00fczesi projelerini ger\u00e7ekle\u015ftirdi. TSYD\u2019nin kurucu \u00fcyesiydi. T\u00fcrkiye Gazete Sahipleri Sendikas\u0131\u2019n\u0131n bir d\u00f6nem ba\u015fkanl\u0131\u011f\u0131n\u0131 yapt\u0131. Bas\u0131n \u015eeref Kart\u0131 ta\u015f\u0131yordu. 11 \u015eubat 2001\u2019de vefat etti. Tarih Profes\u00f6r\u00fc I\u015f\u0131n Demirkent ile evliydi. TGC \u00fcyesi, Demirkent E\u011fitim ve Ara\u015ft\u0131rma Vakf\u0131 Ba\u015fkan\u0131 Didem Demirkent\u2019in babas\u0131yd\u0131.<\/h4>\n","protected":false},"excerpt":{"rendered":"<p>T\u00fcrkiye Gazeteciler Cemiyetinin \u00f6nceki ba\u015fkanlar\u0131ndan Demirkent,\u00a0Bab\u0131ali\u2019nin son an\u0131t insan\u0131yd\u0131. Sadece gazeteci olarak de\u011fil, insan y\u00f6n\u00fcyle, organizasyon yetene\u011fiyle, y\u00f6netici niteli\u011fiyle de\u00a0 Demirkent, ba\u011f\u0131ms\u0131z gazetecili\u011fin sembol\u00fcyd\u00fc. \u0130lhan KARA\u00c7AY Benim i\u00e7in s\u00fcper bir baba, a\u011fabey, arkada\u015f ve \u00f6\u011fretmen olan rahmetli Nezih Demirkent, vefat\u0131ndan bu yana 23 y\u0131l ge\u00e7mesine ra\u011fmen, T\u00fcrk medyas\u0131nda hi\u00e7 unutulmayan bir isimdir. D\u00fcn O\u2019nu mezar\u0131 [&hellip;]<\/p>\n","protected":false},"author":3,"featured_media":25194,"comment_status":"closed","ping_status":"open","sticky":false,"template":"","format":"standard","meta":{"footnotes":""},"categories":[14,16,3,17,18,15,19,2,1],"tags":[],"class_list":["post-25193","post","type-post","status-publish","format-standard","has-post-thumbnail","hentry","category-avrupa","category-belcika","category-dunya","category-ekonomi","category-kultur-sanat","category-spor","category-tanitim","category-turkiye","category-uncategorized"],"yoast_head":"<!-- This site is optimized with the Yoast SEO plugin v26.9 - https:\/\/yoast.com\/product\/yoast-seo-wordpress\/ -->\n<title>T\u00dcRK MEDYASININ 23 YIL \u00d6NCE KAYBETT\u0130\u011e\u0130 NEZ\u0130H DEM\u0130RKENT SAYGIYLA ANILDI - AvrupaPress<\/title>\n<meta name=\"robots\" content=\"index, follow, max-snippet:-1, max-image-preview:large, max-video-preview:-1\" \/>\n<link rel=\"canonical\" href=\"https:\/\/avrupapress.com\/main\/2024\/02\/12\/turk-medyasinin-23-yil-once-kaybettigi-nezih-demirkent-saygiyla-anildi\/\" \/>\n<meta property=\"og:locale\" content=\"fr_FR\" \/>\n<meta property=\"og:type\" content=\"article\" \/>\n<meta property=\"og:title\" content=\"T\u00dcRK MEDYASININ 23 YIL \u00d6NCE KAYBETT\u0130\u011e\u0130 NEZ\u0130H DEM\u0130RKENT SAYGIYLA ANILDI - AvrupaPress\" \/>\n<meta property=\"og:description\" content=\"T\u00fcrkiye Gazeteciler Cemiyetinin \u00f6nceki ba\u015fkanlar\u0131ndan Demirkent,\u00a0Bab\u0131ali\u2019nin son an\u0131t insan\u0131yd\u0131. Sadece gazeteci olarak de\u011fil, insan y\u00f6n\u00fcyle, organizasyon yetene\u011fiyle, y\u00f6netici niteli\u011fiyle de\u00a0 Demirkent, ba\u011f\u0131ms\u0131z gazetecili\u011fin sembol\u00fcyd\u00fc. \u0130lhan KARA\u00c7AY Benim i\u00e7in s\u00fcper bir baba, a\u011fabey, arkada\u015f ve \u00f6\u011fretmen olan rahmetli Nezih Demirkent, vefat\u0131ndan bu yana 23 y\u0131l ge\u00e7mesine ra\u011fmen, T\u00fcrk medyas\u0131nda hi\u00e7 unutulmayan bir isimdir. D\u00fcn O\u2019nu mezar\u0131 [&hellip;]\" \/>\n<meta property=\"og:url\" content=\"https:\/\/avrupapress.com\/main\/2024\/02\/12\/turk-medyasinin-23-yil-once-kaybettigi-nezih-demirkent-saygiyla-anildi\/\" \/>\n<meta property=\"og:site_name\" content=\"AvrupaPress\" \/>\n<meta property=\"article:published_time\" content=\"2024-02-12T20:58:19+00:00\" \/>\n<meta property=\"article:modified_time\" content=\"2024-02-12T20:59:11+00:00\" \/>\n<meta property=\"og:image\" content=\"https:\/\/avrupapress.com\/main\/wp-content\/uploads\/2024\/02\/afbeelding-met-begrafenis-kleding-graf-buitensh.webp\" \/>\n\t<meta property=\"og:image:width\" content=\"785\" \/>\n\t<meta property=\"og:image:height\" content=\"420\" \/>\n\t<meta property=\"og:image:type\" content=\"image\/webp\" \/>\n<meta name=\"author\" content=\"Edit\u00f6r\" \/>\n<meta name=\"twitter:card\" content=\"summary_large_image\" \/>\n<meta name=\"twitter:label1\" content=\"\u00c9crit par\" \/>\n\t<meta name=\"twitter:data1\" content=\"Edit\u00f6r\" \/>\n\t<meta name=\"twitter:label2\" content=\"Dur\u00e9e de lecture est.\" \/>\n\t<meta name=\"twitter:data2\" content=\"18 minutes\" \/>\n<script type=\"application\/ld+json\" class=\"yoast-schema-graph\">{\"@context\":\"https:\/\/schema.org\",\"@graph\":[{\"@type\":\"Article\",\"@id\":\"https:\/\/avrupapress.com\/main\/2024\/02\/12\/turk-medyasinin-23-yil-once-kaybettigi-nezih-demirkent-saygiyla-anildi\/#article\",\"isPartOf\":{\"@id\":\"https:\/\/avrupapress.com\/main\/2024\/02\/12\/turk-medyasinin-23-yil-once-kaybettigi-nezih-demirkent-saygiyla-anildi\/\"},\"author\":{\"name\":\"Edit\u00f6r\",\"@id\":\"https:\/\/avrupapress.com\/#\/schema\/person\/68428444ec60970d1e1b700cf4ca1e8f\"},\"headline\":\"T\u00dcRK MEDYASININ 23 YIL \u00d6NCE KAYBETT\u0130\u011e\u0130 NEZ\u0130H DEM\u0130RKENT SAYGIYLA ANILDI\",\"datePublished\":\"2024-02-12T20:58:19+00:00\",\"dateModified\":\"2024-02-12T20:59:11+00:00\",\"mainEntityOfPage\":{\"@id\":\"https:\/\/avrupapress.com\/main\/2024\/02\/12\/turk-medyasinin-23-yil-once-kaybettigi-nezih-demirkent-saygiyla-anildi\/\"},\"wordCount\":4855,\"publisher\":{\"@id\":\"https:\/\/avrupapress.com\/#\/schema\/person\/0223dca19c72c43575bf30d1a2d8f4fa\"},\"image\":{\"@id\":\"https:\/\/avrupapress.com\/main\/2024\/02\/12\/turk-medyasinin-23-yil-once-kaybettigi-nezih-demirkent-saygiyla-anildi\/#primaryimage\"},\"thumbnailUrl\":\"https:\/\/avrupapress.com\/main\/wp-content\/uploads\/2024\/02\/afbeelding-met-begrafenis-kleding-graf-buitensh.webp\",\"articleSection\":[\"Avrupa\",\"Bel\u00e7ika\",\"D\u00fcnya\",\"Ekonomi\",\"K\u00fclt\u00fcr-Sanat\",\"Spor\",\"Tan\u0131t\u0131m\",\"T\u00fcrkiye\",\"Uncategorized\"],\"inLanguage\":\"fr-BE\"},{\"@type\":\"WebPage\",\"@id\":\"https:\/\/avrupapress.com\/main\/2024\/02\/12\/turk-medyasinin-23-yil-once-kaybettigi-nezih-demirkent-saygiyla-anildi\/\",\"url\":\"https:\/\/avrupapress.com\/main\/2024\/02\/12\/turk-medyasinin-23-yil-once-kaybettigi-nezih-demirkent-saygiyla-anildi\/\",\"name\":\"T\u00dcRK MEDYASININ 23 YIL \u00d6NCE KAYBETT\u0130\u011e\u0130 NEZ\u0130H DEM\u0130RKENT SAYGIYLA ANILDI - AvrupaPress\",\"isPartOf\":{\"@id\":\"https:\/\/avrupapress.com\/#website\"},\"primaryImageOfPage\":{\"@id\":\"https:\/\/avrupapress.com\/main\/2024\/02\/12\/turk-medyasinin-23-yil-once-kaybettigi-nezih-demirkent-saygiyla-anildi\/#primaryimage\"},\"image\":{\"@id\":\"https:\/\/avrupapress.com\/main\/2024\/02\/12\/turk-medyasinin-23-yil-once-kaybettigi-nezih-demirkent-saygiyla-anildi\/#primaryimage\"},\"thumbnailUrl\":\"https:\/\/avrupapress.com\/main\/wp-content\/uploads\/2024\/02\/afbeelding-met-begrafenis-kleding-graf-buitensh.webp\",\"datePublished\":\"2024-02-12T20:58:19+00:00\",\"dateModified\":\"2024-02-12T20:59:11+00:00\",\"breadcrumb\":{\"@id\":\"https:\/\/avrupapress.com\/main\/2024\/02\/12\/turk-medyasinin-23-yil-once-kaybettigi-nezih-demirkent-saygiyla-anildi\/#breadcrumb\"},\"inLanguage\":\"fr-BE\",\"potentialAction\":[{\"@type\":\"ReadAction\",\"target\":[\"https:\/\/avrupapress.com\/main\/2024\/02\/12\/turk-medyasinin-23-yil-once-kaybettigi-nezih-demirkent-saygiyla-anildi\/\"]}]},{\"@type\":\"ImageObject\",\"inLanguage\":\"fr-BE\",\"@id\":\"https:\/\/avrupapress.com\/main\/2024\/02\/12\/turk-medyasinin-23-yil-once-kaybettigi-nezih-demirkent-saygiyla-anildi\/#primaryimage\",\"url\":\"https:\/\/avrupapress.com\/main\/wp-content\/uploads\/2024\/02\/afbeelding-met-begrafenis-kleding-graf-buitensh.webp\",\"contentUrl\":\"https:\/\/avrupapress.com\/main\/wp-content\/uploads\/2024\/02\/afbeelding-met-begrafenis-kleding-graf-buitensh.webp\",\"width\":785,\"height\":420},{\"@type\":\"BreadcrumbList\",\"@id\":\"https:\/\/avrupapress.com\/main\/2024\/02\/12\/turk-medyasinin-23-yil-once-kaybettigi-nezih-demirkent-saygiyla-anildi\/#breadcrumb\",\"itemListElement\":[{\"@type\":\"ListItem\",\"position\":1,\"name\":\"Anasayfa\",\"item\":\"https:\/\/avrupapress.com\/\"},{\"@type\":\"ListItem\",\"position\":2,\"name\":\"T\u00dcRK MEDYASININ 23 YIL \u00d6NCE KAYBETT\u0130\u011e\u0130 NEZ\u0130H DEM\u0130RKENT SAYGIYLA ANILDI\"}]},{\"@type\":\"WebSite\",\"@id\":\"https:\/\/avrupapress.com\/#website\",\"url\":\"https:\/\/avrupapress.com\/\",\"name\":\"AvrupaPress\",\"description\":\"Haberin Adresi\",\"publisher\":{\"@id\":\"https:\/\/avrupapress.com\/#\/schema\/person\/0223dca19c72c43575bf30d1a2d8f4fa\"},\"potentialAction\":[{\"@type\":\"SearchAction\",\"target\":{\"@type\":\"EntryPoint\",\"urlTemplate\":\"https:\/\/avrupapress.com\/?s={search_term_string}\"},\"query-input\":{\"@type\":\"PropertyValueSpecification\",\"valueRequired\":true,\"valueName\":\"search_term_string\"}}],\"inLanguage\":\"fr-BE\"},{\"@type\":[\"Person\",\"Organization\"],\"@id\":\"https:\/\/avrupapress.com\/#\/schema\/person\/0223dca19c72c43575bf30d1a2d8f4fa\",\"name\":\"Bilgin \u00d6z\u00e7ift\u00e7i\",\"image\":{\"@type\":\"ImageObject\",\"inLanguage\":\"fr-BE\",\"@id\":\"https:\/\/avrupapress.com\/#\/schema\/person\/image\/\",\"url\":\"https:\/\/secure.gravatar.com\/avatar\/0f23b280433a21e1ea7a0adcc46ed0ad16afe3ad8e630fd13d8a017dcbd54ef3?s=96&d=mm&r=g\",\"contentUrl\":\"https:\/\/secure.gravatar.com\/avatar\/0f23b280433a21e1ea7a0adcc46ed0ad16afe3ad8e630fd13d8a017dcbd54ef3?s=96&d=mm&r=g\",\"caption\":\"Bilgin \u00d6z\u00e7ift\u00e7i\"},\"logo\":{\"@id\":\"https:\/\/avrupapress.com\/#\/schema\/person\/image\/\"},\"description\":\"Ne ben, nede sen... Biz ancak \\\"biz\\\" olursak g\u00fc\u00e7l\u00fc olabiliriz\"},{\"@type\":\"Person\",\"@id\":\"https:\/\/avrupapress.com\/#\/schema\/person\/68428444ec60970d1e1b700cf4ca1e8f\",\"name\":\"Edit\u00f6r\",\"image\":{\"@type\":\"ImageObject\",\"inLanguage\":\"fr-BE\",\"@id\":\"https:\/\/avrupapress.com\/#\/schema\/person\/image\/\",\"url\":\"https:\/\/secure.gravatar.com\/avatar\/74996b0977aa5f1559ba9883776652508b229005c0d78fb2597897f0bd651c09?s=96&d=mm&r=g\",\"contentUrl\":\"https:\/\/secure.gravatar.com\/avatar\/74996b0977aa5f1559ba9883776652508b229005c0d78fb2597897f0bd651c09?s=96&d=mm&r=g\",\"caption\":\"Edit\u00f6r\"},\"sameAs\":[\"http:\/\/www.avrupapress.com\"],\"url\":\"https:\/\/avrupapress.com\/main\/author\/editor\/\"}]}<\/script>\n<!-- \/ Yoast SEO plugin. -->","yoast_head_json":{"title":"T\u00dcRK MEDYASININ 23 YIL \u00d6NCE KAYBETT\u0130\u011e\u0130 NEZ\u0130H DEM\u0130RKENT SAYGIYLA ANILDI - AvrupaPress","robots":{"index":"index","follow":"follow","max-snippet":"max-snippet:-1","max-image-preview":"max-image-preview:large","max-video-preview":"max-video-preview:-1"},"canonical":"https:\/\/avrupapress.com\/main\/2024\/02\/12\/turk-medyasinin-23-yil-once-kaybettigi-nezih-demirkent-saygiyla-anildi\/","og_locale":"fr_FR","og_type":"article","og_title":"T\u00dcRK MEDYASININ 23 YIL \u00d6NCE KAYBETT\u0130\u011e\u0130 NEZ\u0130H DEM\u0130RKENT SAYGIYLA ANILDI - AvrupaPress","og_description":"T\u00fcrkiye Gazeteciler Cemiyetinin \u00f6nceki ba\u015fkanlar\u0131ndan Demirkent,\u00a0Bab\u0131ali\u2019nin son an\u0131t insan\u0131yd\u0131. Sadece gazeteci olarak de\u011fil, insan y\u00f6n\u00fcyle, organizasyon yetene\u011fiyle, y\u00f6netici niteli\u011fiyle de\u00a0 Demirkent, ba\u011f\u0131ms\u0131z gazetecili\u011fin sembol\u00fcyd\u00fc. \u0130lhan KARA\u00c7AY Benim i\u00e7in s\u00fcper bir baba, a\u011fabey, arkada\u015f ve \u00f6\u011fretmen olan rahmetli Nezih Demirkent, vefat\u0131ndan bu yana 23 y\u0131l ge\u00e7mesine ra\u011fmen, T\u00fcrk medyas\u0131nda hi\u00e7 unutulmayan bir isimdir. D\u00fcn O\u2019nu mezar\u0131 [&hellip;]","og_url":"https:\/\/avrupapress.com\/main\/2024\/02\/12\/turk-medyasinin-23-yil-once-kaybettigi-nezih-demirkent-saygiyla-anildi\/","og_site_name":"AvrupaPress","article_published_time":"2024-02-12T20:58:19+00:00","article_modified_time":"2024-02-12T20:59:11+00:00","og_image":[{"width":785,"height":420,"url":"https:\/\/avrupapress.com\/main\/wp-content\/uploads\/2024\/02\/afbeelding-met-begrafenis-kleding-graf-buitensh.webp","type":"image\/webp"}],"author":"Edit\u00f6r","twitter_card":"summary_large_image","twitter_misc":{"\u00c9crit par":"Edit\u00f6r","Dur\u00e9e de lecture est.":"18 minutes"},"schema":{"@context":"https:\/\/schema.org","@graph":[{"@type":"Article","@id":"https:\/\/avrupapress.com\/main\/2024\/02\/12\/turk-medyasinin-23-yil-once-kaybettigi-nezih-demirkent-saygiyla-anildi\/#article","isPartOf":{"@id":"https:\/\/avrupapress.com\/main\/2024\/02\/12\/turk-medyasinin-23-yil-once-kaybettigi-nezih-demirkent-saygiyla-anildi\/"},"author":{"name":"Edit\u00f6r","@id":"https:\/\/avrupapress.com\/#\/schema\/person\/68428444ec60970d1e1b700cf4ca1e8f"},"headline":"T\u00dcRK MEDYASININ 23 YIL \u00d6NCE KAYBETT\u0130\u011e\u0130 NEZ\u0130H DEM\u0130RKENT SAYGIYLA ANILDI","datePublished":"2024-02-12T20:58:19+00:00","dateModified":"2024-02-12T20:59:11+00:00","mainEntityOfPage":{"@id":"https:\/\/avrupapress.com\/main\/2024\/02\/12\/turk-medyasinin-23-yil-once-kaybettigi-nezih-demirkent-saygiyla-anildi\/"},"wordCount":4855,"publisher":{"@id":"https:\/\/avrupapress.com\/#\/schema\/person\/0223dca19c72c43575bf30d1a2d8f4fa"},"image":{"@id":"https:\/\/avrupapress.com\/main\/2024\/02\/12\/turk-medyasinin-23-yil-once-kaybettigi-nezih-demirkent-saygiyla-anildi\/#primaryimage"},"thumbnailUrl":"https:\/\/avrupapress.com\/main\/wp-content\/uploads\/2024\/02\/afbeelding-met-begrafenis-kleding-graf-buitensh.webp","articleSection":["Avrupa","Bel\u00e7ika","D\u00fcnya","Ekonomi","K\u00fclt\u00fcr-Sanat","Spor","Tan\u0131t\u0131m","T\u00fcrkiye","Uncategorized"],"inLanguage":"fr-BE"},{"@type":"WebPage","@id":"https:\/\/avrupapress.com\/main\/2024\/02\/12\/turk-medyasinin-23-yil-once-kaybettigi-nezih-demirkent-saygiyla-anildi\/","url":"https:\/\/avrupapress.com\/main\/2024\/02\/12\/turk-medyasinin-23-yil-once-kaybettigi-nezih-demirkent-saygiyla-anildi\/","name":"T\u00dcRK MEDYASININ 23 YIL \u00d6NCE KAYBETT\u0130\u011e\u0130 NEZ\u0130H DEM\u0130RKENT SAYGIYLA ANILDI - AvrupaPress","isPartOf":{"@id":"https:\/\/avrupapress.com\/#website"},"primaryImageOfPage":{"@id":"https:\/\/avrupapress.com\/main\/2024\/02\/12\/turk-medyasinin-23-yil-once-kaybettigi-nezih-demirkent-saygiyla-anildi\/#primaryimage"},"image":{"@id":"https:\/\/avrupapress.com\/main\/2024\/02\/12\/turk-medyasinin-23-yil-once-kaybettigi-nezih-demirkent-saygiyla-anildi\/#primaryimage"},"thumbnailUrl":"https:\/\/avrupapress.com\/main\/wp-content\/uploads\/2024\/02\/afbeelding-met-begrafenis-kleding-graf-buitensh.webp","datePublished":"2024-02-12T20:58:19+00:00","dateModified":"2024-02-12T20:59:11+00:00","breadcrumb":{"@id":"https:\/\/avrupapress.com\/main\/2024\/02\/12\/turk-medyasinin-23-yil-once-kaybettigi-nezih-demirkent-saygiyla-anildi\/#breadcrumb"},"inLanguage":"fr-BE","potentialAction":[{"@type":"ReadAction","target":["https:\/\/avrupapress.com\/main\/2024\/02\/12\/turk-medyasinin-23-yil-once-kaybettigi-nezih-demirkent-saygiyla-anildi\/"]}]},{"@type":"ImageObject","inLanguage":"fr-BE","@id":"https:\/\/avrupapress.com\/main\/2024\/02\/12\/turk-medyasinin-23-yil-once-kaybettigi-nezih-demirkent-saygiyla-anildi\/#primaryimage","url":"https:\/\/avrupapress.com\/main\/wp-content\/uploads\/2024\/02\/afbeelding-met-begrafenis-kleding-graf-buitensh.webp","contentUrl":"https:\/\/avrupapress.com\/main\/wp-content\/uploads\/2024\/02\/afbeelding-met-begrafenis-kleding-graf-buitensh.webp","width":785,"height":420},{"@type":"BreadcrumbList","@id":"https:\/\/avrupapress.com\/main\/2024\/02\/12\/turk-medyasinin-23-yil-once-kaybettigi-nezih-demirkent-saygiyla-anildi\/#breadcrumb","itemListElement":[{"@type":"ListItem","position":1,"name":"Anasayfa","item":"https:\/\/avrupapress.com\/"},{"@type":"ListItem","position":2,"name":"T\u00dcRK MEDYASININ 23 YIL \u00d6NCE KAYBETT\u0130\u011e\u0130 NEZ\u0130H DEM\u0130RKENT SAYGIYLA ANILDI"}]},{"@type":"WebSite","@id":"https:\/\/avrupapress.com\/#website","url":"https:\/\/avrupapress.com\/","name":"AvrupaPress","description":"Haberin Adresi","publisher":{"@id":"https:\/\/avrupapress.com\/#\/schema\/person\/0223dca19c72c43575bf30d1a2d8f4fa"},"potentialAction":[{"@type":"SearchAction","target":{"@type":"EntryPoint","urlTemplate":"https:\/\/avrupapress.com\/?s={search_term_string}"},"query-input":{"@type":"PropertyValueSpecification","valueRequired":true,"valueName":"search_term_string"}}],"inLanguage":"fr-BE"},{"@type":["Person","Organization"],"@id":"https:\/\/avrupapress.com\/#\/schema\/person\/0223dca19c72c43575bf30d1a2d8f4fa","name":"Bilgin \u00d6z\u00e7ift\u00e7i","image":{"@type":"ImageObject","inLanguage":"fr-BE","@id":"https:\/\/avrupapress.com\/#\/schema\/person\/image\/","url":"https:\/\/secure.gravatar.com\/avatar\/0f23b280433a21e1ea7a0adcc46ed0ad16afe3ad8e630fd13d8a017dcbd54ef3?s=96&d=mm&r=g","contentUrl":"https:\/\/secure.gravatar.com\/avatar\/0f23b280433a21e1ea7a0adcc46ed0ad16afe3ad8e630fd13d8a017dcbd54ef3?s=96&d=mm&r=g","caption":"Bilgin \u00d6z\u00e7ift\u00e7i"},"logo":{"@id":"https:\/\/avrupapress.com\/#\/schema\/person\/image\/"},"description":"Ne ben, nede sen... Biz ancak \"biz\" olursak g\u00fc\u00e7l\u00fc olabiliriz"},{"@type":"Person","@id":"https:\/\/avrupapress.com\/#\/schema\/person\/68428444ec60970d1e1b700cf4ca1e8f","name":"Edit\u00f6r","image":{"@type":"ImageObject","inLanguage":"fr-BE","@id":"https:\/\/avrupapress.com\/#\/schema\/person\/image\/","url":"https:\/\/secure.gravatar.com\/avatar\/74996b0977aa5f1559ba9883776652508b229005c0d78fb2597897f0bd651c09?s=96&d=mm&r=g","contentUrl":"https:\/\/secure.gravatar.com\/avatar\/74996b0977aa5f1559ba9883776652508b229005c0d78fb2597897f0bd651c09?s=96&d=mm&r=g","caption":"Edit\u00f6r"},"sameAs":["http:\/\/www.avrupapress.com"],"url":"https:\/\/avrupapress.com\/main\/author\/editor\/"}]}},"_links":{"self":[{"href":"https:\/\/avrupapress.com\/main\/wp-json\/wp\/v2\/posts\/25193","targetHints":{"allow":["GET"]}}],"collection":[{"href":"https:\/\/avrupapress.com\/main\/wp-json\/wp\/v2\/posts"}],"about":[{"href":"https:\/\/avrupapress.com\/main\/wp-json\/wp\/v2\/types\/post"}],"author":[{"embeddable":true,"href":"https:\/\/avrupapress.com\/main\/wp-json\/wp\/v2\/users\/3"}],"replies":[{"embeddable":true,"href":"https:\/\/avrupapress.com\/main\/wp-json\/wp\/v2\/comments?post=25193"}],"version-history":[{"count":1,"href":"https:\/\/avrupapress.com\/main\/wp-json\/wp\/v2\/posts\/25193\/revisions"}],"predecessor-version":[{"id":25195,"href":"https:\/\/avrupapress.com\/main\/wp-json\/wp\/v2\/posts\/25193\/revisions\/25195"}],"wp:featuredmedia":[{"embeddable":true,"href":"https:\/\/avrupapress.com\/main\/wp-json\/wp\/v2\/media\/25194"}],"wp:attachment":[{"href":"https:\/\/avrupapress.com\/main\/wp-json\/wp\/v2\/media?parent=25193"}],"wp:term":[{"taxonomy":"category","embeddable":true,"href":"https:\/\/avrupapress.com\/main\/wp-json\/wp\/v2\/categories?post=25193"},{"taxonomy":"post_tag","embeddable":true,"href":"https:\/\/avrupapress.com\/main\/wp-json\/wp\/v2\/tags?post=25193"}],"curies":[{"name":"wp","href":"https:\/\/api.w.org\/{rel}","templated":true}]}}