{"id":25189,"date":"2024-02-10T21:19:45","date_gmt":"2024-02-10T21:19:45","guid":{"rendered":"https:\/\/avrupapress.com\/main\/?p=25189"},"modified":"2024-03-28T23:21:26","modified_gmt":"2024-03-28T23:21:26","slug":"biz-nasil-bir-vurdum-duymaz-toplumuz","status":"publish","type":"post","link":"https:\/\/avrupapress.com\/main\/2024\/02\/10\/biz-nasil-bir-vurdum-duymaz-toplumuz\/","title":{"rendered":"Biz nas\u0131l bir vurdum duymaz toplumuz"},"content":{"rendered":"<p><strong>Biz nas\u0131l bir vurdum duymaz toplumuz<\/strong>.<\/p>\n<div dir=\"auto\">2024 y\u0131l\u0131 el eme\u011fi i\u00e7in Bel\u00e7ikaya gelen \u00a0gurbetteki T\u00fcrk ve Fasl\u0131lar\u0131n g\u00f6\u00e7\u00fcn\u00fcn 60.c\u0131 y\u0131l\u0131n\u0131 kutlamaya ba\u015flad\u0131k.<\/div>\n<div dir=\"auto\">Evet bug\u00fcnlere kolay gelinmedi. Bizlere kap\u0131s\u0131n\u0131 a\u00e7an Bel\u00e7ika&rsquo;n\u0131n kaderini yar\u0131m as\u0131r\u0131 ge\u00e7mi\u015f bir zamanda nice h\u00fcz\u00fcnler,nice umutlar,nice ba\u015far\u0131lar ve nice fedakarl\u0131klar ya\u015fad\u0131k. Bazen Bel\u00e7ika&rsquo;n\u0131n ulusal dertlerini ve bazen toplumsal ba\u015far\u0131lar\u0131n\u0131n sevincini beraberce payla\u015ft\u0131k.<\/div>\n<div dir=\"auto\">2024 y\u0131l\u0131nda bu gurbetlik ser\u00fcveninin 60.c\u0131 senesini kutluyarak ta\u00e7land\u0131raca\u011f\u0131z in\u015fallah.<\/div>\n<div dir=\"auto\">Otokritiklerim:<\/div>\n<div dir=\"auto\">Maalesef bu kutlamalar 50.c\u0131 y\u0131l\u0131nda olundu\u011fu gibi pek farkl\u0131 olmayaca\u011f\u0131n\u0131 g\u00f6rece\u011fiz gibi geliyor bana.<\/div>\n<div dir=\"auto\">Sa\u011fda solda bir iki etkinliklerde <a href=\"https:\/\/trwintr.com\/\" title=\"trwin\" rel=\"dofollow\">trwin<\/a> lay lay lom hareketlerine \u015fahit olaca\u011f\u0131z yine.<\/div>\n<div dir=\"auto\">\u0130\u015fin i\u00e7ine birde Bel\u00e7ika&rsquo;da genel se\u00e7imlerine denk gelmesi bu kutlmalara politik atmosfer ya\u015fataca\u011f\u0131da kesin.<\/div>\n<div dir=\"auto\">Baz\u0131 derneklerimiz s\u00fcbvansiyon kapma tela\u015f\u0131na d\u00fc\u015fm\u00fc\u015f b\u0131le. Baz\u0131 politikac\u0131lar\u0131m\u0131z se\u00e7imlere denk gelen bu kutlamalarda oy kapma pe\u015fine g\u00f6bek atma derdine d\u00fc\u015fm\u00fc\u015fler bile.<\/div>\n<div dir=\"auto\">\u015eimdiden baz\u0131 belediye ba\u015fkanlar\u0131 bunun fark\u0131ndal\u0131\u011f\u0131ndan yararlanarak dernek y\u00f6neticilerini toplamayarak se\u00e7im rant\u0131 pe\u015findeler. Somut bir \u00f6neri olmadan toplan\u0131p da\u011f\u0131lmalar klasik vak\u0131a.<\/div>\n<div dir=\"auto\">G\u00fbya 2024 y\u0131l\u0131nda \u00e7e\u015fitli sekt\u00f6rlerde etkinlikler organize etme tela\u015f\u0131ndalarm\u0131\u015f.<\/div>\n<div dir=\"auto\">Nacizane g\u00f6r\u00fc\u015f\u00fcm bu k\u0131yt\u0131r\u0131k projelerle bir,iki aktivitelerle ge\u00e7i\u015ftirmecilik olaca\u011f\u0131ndan dolay\u0131 \u00e7ok \u00fcz\u00fcc\u00fc bir durum sergilenece\u011finin kanaat\u0131nday\u0131m.<\/div>\n<div dir=\"auto\">G\u00f6n\u00fcl isterdiki ge\u00e7en 60 y\u0131l an\u0131s\u0131na kal\u0131c\u0131 ve etkileyici bir global b\u00fcy\u00fck proje ve etkinlik olmas\u0131d\u0131r.<\/div>\n<div dir=\"auto\">\u00d6nerilerim:<\/div>\n<div dir=\"auto\">G\u00f6\u00e7\u00fcn ad\u0131na bir g\u00f6\u00e7menlik m\u00fczesi olu\u015fturulmas\u0131.<\/div>\n<div dir=\"auto\">G\u00f6\u00e7\u00fcn ad\u0131na T\u00fcrklerin ve Fasl\u0131lar\u0131n yo\u011fun ya\u015fad\u0131\u011f\u0131 belediyeler s\u0131n\u0131rlar\u0131 i\u00e7inde bir caddeye yada bir meydana Emirda\u011f,Ankara, yada \u0130stanbul gibi isim verilebilir.<\/div>\n<div dir=\"auto\">G\u00f6\u00e7\u00fc sembolize edecek bir an\u0131t\u0131n dikilmesi. (\u015eahs\u0131m\u0131m zaman\u0131nda ger\u00e7ekle\u015ftirdi\u011fi Nasreddin hoca heykeli gibi.)<\/div>\n<div dir=\"auto\">Topluma fayda verecek bir merkez binan\u0131n mall\u0131\u011f\u0131na tahsis edilmesi. Bu binada resmi kurumlar\u0131nda i\u015ftirakiyle sosyal alanda \u00e7e\u015fitli faaliyetlerin edinilmesi. Bir T\u00fcrk evi ideal olur.<\/div>\n<div dir=\"auto\">Br\u00fcksel&rsquo;de T\u00fcrklerin yo\u011fun ya\u015fad\u0131\u011f\u0131 belediyelerin ortak \u00e7al\u0131\u015fmas\u0131yla bir spor kompleksin kurulmas\u0131.<\/div>\n<div dir=\"auto\">Anadolumuzun zengin k\u00fclt\u00fcrlerini yans\u0131tan faaliyetler olu\u015fturulmas\u0131. Turk mutfak evi,folklor gruplar\u0131, m\u00fczik akademisi,ata sporumuz g\u00fcre\u015f ve ok\u00e7uluk ekolu ac\u0131lmas\u0131.<\/div>\n<div dir=\"auto\">Toplumun kanayan yaras\u0131 olan gen\u00e7lerimize k\u00f6t\u00fc tuzaklardan koruyacak bir merkezin olu\u015fturulmas\u0131.<\/div>\n<div dir=\"auto\">Ailelerin da\u011f\u0131lmalar\u0131 kar\u015f\u0131l\u0131k bir merkezin olu\u015fturulmas\u0131.<\/div>\n<div dir=\"auto\">\u0130htiyar insanlarimizin bar\u0131naca\u011f\u0131 bir huzur evinin derhal tahsis edinilmesi.<\/div>\n<div dir=\"auto\">60 y\u0131l zaman\u0131nda \u00f6n plana \u00e7\u0131km\u0131\u015f ba\u015far\u0131l\u0131 insanlar\u0131m\u0131z\u0131n yada emek vermi\u015f de\u011ferli b\u00fcy\u00fcklerimizi onore etmek.<\/div>\n<div dir=\"auto\">60 y\u0131l i\u00e7inde ya\u015fanan toplumsal dramlar\u0131 ihya edilmesi.<\/div>\n<div dir=\"auto\">Bu \u00f6nerilerimin bir k\u0131sm\u0131d\u0131r.<\/div>\n<div dir=\"auto\">Bazen i\u011fneyi kendimize bat\u0131rmal\u0131y\u0131z ve topluma y\u00f6nelik sorumlulu\u011fumuzun fark\u0131na varmal\u0131y\u0131z.<\/div>\n<div dir=\"auto\">60 y\u0131l\u0131n\u0131 verdi\u011fimiz bir zaman\u0131n sadece gelip ge\u00e7ici \u015feylerle \u015favu\u015fturmalar\u0131m\u0131za bir anlam vermek ger\u00e7ekten zoruma gidiyor.<\/div>\n<div dir=\"auto\">Bu fikirlerimi sunarken hi\u00e7bir politik rant pe\u015finde olmad\u0131\u011f\u0131m\u0131 kendi b\u00fcnyesinde faal olan emektar derneklerin \u00e7al\u0131\u015fmalar\u0131n\u0131 a\u015f\u015fa\u011f\u0131lamak olmad\u0131\u011f\u0131m\u0131 belirtmek isterim.<\/div>\n<div dir=\"auto\">Amac\u0131m bu \u00fclkede di\u011fer milletlerle beraber ya\u015farken kendi kimli\u011fimizi ta\u015f\u0131yabilecek bir nesil olmas\u0131nda faydal\u0131 olma gayemdir.<\/div>\n<div dir=\"auto\">Ayr\u0131ca 60.c\u0131 y\u0131l a\u015famas\u0131nda nice fedakar vefat etmi\u015f insanlar\u0131m\u0131z\u0131 ihya etmekte bizlerin vicdani g\u00f6revi oldu\u011funuda hat\u0131rlatmak isterim.<\/div>\n<p>Sayg\u0131lar\u0131mla<\/p>\n<p>&nbsp;<\/p>\n<p><strong>Halis Kokten\u00a0 \u00a0 \u00a0\/\u00a0 \u00a0 \u00a0AVRUPAPRESS<\/strong><\/p>\n","protected":false},"excerpt":{"rendered":"<p>Biz nas\u0131l bir vurdum duymaz toplumuz. 2024 y\u0131l\u0131 el eme\u011fi i\u00e7in Bel\u00e7ikaya gelen \u00a0gurbetteki T\u00fcrk ve Fasl\u0131lar\u0131n g\u00f6\u00e7\u00fcn\u00fcn 60.c\u0131 y\u0131l\u0131n\u0131 kutlamaya ba\u015flad\u0131k. Evet bug\u00fcnlere kolay gelinmedi. Bizlere kap\u0131s\u0131n\u0131 a\u00e7an Bel\u00e7ika&rsquo;n\u0131n kaderini yar\u0131m as\u0131r\u0131 ge\u00e7mi\u015f bir zamanda nice h\u00fcz\u00fcnler,nice umutlar,nice ba\u015far\u0131lar ve nice fedakarl\u0131klar ya\u015fad\u0131k. Bazen Bel\u00e7ika&rsquo;n\u0131n ulusal dertlerini ve bazen toplumsal ba\u015far\u0131lar\u0131n\u0131n sevincini beraberce payla\u015ft\u0131k. [&hellip;]<\/p>\n","protected":false},"author":3,"featured_media":25190,"comment_status":"closed","ping_status":"open","sticky":false,"template":"","format":"standard","meta":{"footnotes":""},"categories":[14,16,3,17,18,15,19,2,1],"tags":[],"class_list":["post-25189","post","type-post","status-publish","format-standard","has-post-thumbnail","hentry","category-avrupa","category-belcika","category-dunya","category-ekonomi","category-kultur-sanat","category-spor","category-tanitim","category-turkiye","category-uncategorized"],"yoast_head":"<!-- This site is optimized with the Yoast SEO plugin v26.9 - https:\/\/yoast.com\/product\/yoast-seo-wordpress\/ -->\n<title>Biz nas\u0131l bir vurdum duymaz toplumuz - AvrupaPress<\/title>\n<meta name=\"robots\" content=\"index, follow, max-snippet:-1, max-image-preview:large, max-video-preview:-1\" \/>\n<link rel=\"canonical\" href=\"https:\/\/avrupapress.com\/main\/2024\/02\/10\/biz-nasil-bir-vurdum-duymaz-toplumuz\/\" \/>\n<meta property=\"og:locale\" content=\"fr_FR\" \/>\n<meta property=\"og:type\" content=\"article\" \/>\n<meta property=\"og:title\" content=\"Biz nas\u0131l bir vurdum duymaz toplumuz - AvrupaPress\" \/>\n<meta property=\"og:description\" content=\"Biz nas\u0131l bir vurdum duymaz toplumuz. 2024 y\u0131l\u0131 el eme\u011fi i\u00e7in Bel\u00e7ikaya gelen \u00a0gurbetteki T\u00fcrk ve Fasl\u0131lar\u0131n g\u00f6\u00e7\u00fcn\u00fcn 60.c\u0131 y\u0131l\u0131n\u0131 kutlamaya ba\u015flad\u0131k. Evet bug\u00fcnlere kolay gelinmedi. Bizlere kap\u0131s\u0131n\u0131 a\u00e7an Bel\u00e7ika&rsquo;n\u0131n kaderini yar\u0131m as\u0131r\u0131 ge\u00e7mi\u015f bir zamanda nice h\u00fcz\u00fcnler,nice umutlar,nice ba\u015far\u0131lar ve nice fedakarl\u0131klar ya\u015fad\u0131k. Bazen Bel\u00e7ika&rsquo;n\u0131n ulusal dertlerini ve bazen toplumsal ba\u015far\u0131lar\u0131n\u0131n sevincini beraberce payla\u015ft\u0131k. [&hellip;]\" \/>\n<meta property=\"og:url\" content=\"https:\/\/avrupapress.com\/main\/2024\/02\/10\/biz-nasil-bir-vurdum-duymaz-toplumuz\/\" \/>\n<meta property=\"og:site_name\" content=\"AvrupaPress\" \/>\n<meta property=\"article:published_time\" content=\"2024-02-10T21:19:45+00:00\" \/>\n<meta property=\"article:modified_time\" content=\"2024-03-28T23:21:26+00:00\" \/>\n<meta property=\"og:image\" content=\"https:\/\/avrupapress.com\/main\/wp-content\/uploads\/2024\/02\/74693501_10157550254884360_3638495061068480512_n.jpg\" \/>\n\t<meta property=\"og:image:width\" content=\"279\" \/>\n\t<meta property=\"og:image:height\" content=\"279\" \/>\n\t<meta property=\"og:image:type\" content=\"image\/jpeg\" \/>\n<meta name=\"author\" content=\"Edit\u00f6r\" \/>\n<meta name=\"twitter:card\" content=\"summary_large_image\" \/>\n<meta name=\"twitter:label1\" content=\"\u00c9crit par\" \/>\n\t<meta name=\"twitter:data1\" content=\"Edit\u00f6r\" \/>\n\t<meta name=\"twitter:label2\" content=\"Dur\u00e9e de lecture est.\" \/>\n\t<meta name=\"twitter:data2\" content=\"3 minutes\" \/>\n<script type=\"application\/ld+json\" class=\"yoast-schema-graph\">{\"@context\":\"https:\/\/schema.org\",\"@graph\":[{\"@type\":\"Article\",\"@id\":\"https:\/\/avrupapress.com\/main\/2024\/02\/10\/biz-nasil-bir-vurdum-duymaz-toplumuz\/#article\",\"isPartOf\":{\"@id\":\"https:\/\/avrupapress.com\/main\/2024\/02\/10\/biz-nasil-bir-vurdum-duymaz-toplumuz\/\"},\"author\":{\"name\":\"Edit\u00f6r\",\"@id\":\"https:\/\/avrupapress.com\/#\/schema\/person\/68428444ec60970d1e1b700cf4ca1e8f\"},\"headline\":\"Biz nas\u0131l bir vurdum duymaz toplumuz\",\"datePublished\":\"2024-02-10T21:19:45+00:00\",\"dateModified\":\"2024-03-28T23:21:26+00:00\",\"mainEntityOfPage\":{\"@id\":\"https:\/\/avrupapress.com\/main\/2024\/02\/10\/biz-nasil-bir-vurdum-duymaz-toplumuz\/\"},\"wordCount\":646,\"publisher\":{\"@id\":\"https:\/\/avrupapress.com\/#\/schema\/person\/0223dca19c72c43575bf30d1a2d8f4fa\"},\"image\":{\"@id\":\"https:\/\/avrupapress.com\/main\/2024\/02\/10\/biz-nasil-bir-vurdum-duymaz-toplumuz\/#primaryimage\"},\"thumbnailUrl\":\"https:\/\/avrupapress.com\/main\/wp-content\/uploads\/2024\/02\/74693501_10157550254884360_3638495061068480512_n.jpg\",\"articleSection\":[\"Avrupa\",\"Bel\u00e7ika\",\"D\u00fcnya\",\"Ekonomi\",\"K\u00fclt\u00fcr-Sanat\",\"Spor\",\"Tan\u0131t\u0131m\",\"T\u00fcrkiye\",\"Uncategorized\"],\"inLanguage\":\"fr-BE\"},{\"@type\":\"WebPage\",\"@id\":\"https:\/\/avrupapress.com\/main\/2024\/02\/10\/biz-nasil-bir-vurdum-duymaz-toplumuz\/\",\"url\":\"https:\/\/avrupapress.com\/main\/2024\/02\/10\/biz-nasil-bir-vurdum-duymaz-toplumuz\/\",\"name\":\"Biz nas\u0131l bir vurdum duymaz toplumuz - AvrupaPress\",\"isPartOf\":{\"@id\":\"https:\/\/avrupapress.com\/#website\"},\"primaryImageOfPage\":{\"@id\":\"https:\/\/avrupapress.com\/main\/2024\/02\/10\/biz-nasil-bir-vurdum-duymaz-toplumuz\/#primaryimage\"},\"image\":{\"@id\":\"https:\/\/avrupapress.com\/main\/2024\/02\/10\/biz-nasil-bir-vurdum-duymaz-toplumuz\/#primaryimage\"},\"thumbnailUrl\":\"https:\/\/avrupapress.com\/main\/wp-content\/uploads\/2024\/02\/74693501_10157550254884360_3638495061068480512_n.jpg\",\"datePublished\":\"2024-02-10T21:19:45+00:00\",\"dateModified\":\"2024-03-28T23:21:26+00:00\",\"breadcrumb\":{\"@id\":\"https:\/\/avrupapress.com\/main\/2024\/02\/10\/biz-nasil-bir-vurdum-duymaz-toplumuz\/#breadcrumb\"},\"inLanguage\":\"fr-BE\",\"potentialAction\":[{\"@type\":\"ReadAction\",\"target\":[\"https:\/\/avrupapress.com\/main\/2024\/02\/10\/biz-nasil-bir-vurdum-duymaz-toplumuz\/\"]}]},{\"@type\":\"ImageObject\",\"inLanguage\":\"fr-BE\",\"@id\":\"https:\/\/avrupapress.com\/main\/2024\/02\/10\/biz-nasil-bir-vurdum-duymaz-toplumuz\/#primaryimage\",\"url\":\"https:\/\/avrupapress.com\/main\/wp-content\/uploads\/2024\/02\/74693501_10157550254884360_3638495061068480512_n.jpg\",\"contentUrl\":\"https:\/\/avrupapress.com\/main\/wp-content\/uploads\/2024\/02\/74693501_10157550254884360_3638495061068480512_n.jpg\",\"width\":279,\"height\":279},{\"@type\":\"BreadcrumbList\",\"@id\":\"https:\/\/avrupapress.com\/main\/2024\/02\/10\/biz-nasil-bir-vurdum-duymaz-toplumuz\/#breadcrumb\",\"itemListElement\":[{\"@type\":\"ListItem\",\"position\":1,\"name\":\"Anasayfa\",\"item\":\"https:\/\/avrupapress.com\/\"},{\"@type\":\"ListItem\",\"position\":2,\"name\":\"Biz nas\u0131l bir vurdum duymaz toplumuz\"}]},{\"@type\":\"WebSite\",\"@id\":\"https:\/\/avrupapress.com\/#website\",\"url\":\"https:\/\/avrupapress.com\/\",\"name\":\"AvrupaPress\",\"description\":\"Haberin Adresi\",\"publisher\":{\"@id\":\"https:\/\/avrupapress.com\/#\/schema\/person\/0223dca19c72c43575bf30d1a2d8f4fa\"},\"potentialAction\":[{\"@type\":\"SearchAction\",\"target\":{\"@type\":\"EntryPoint\",\"urlTemplate\":\"https:\/\/avrupapress.com\/?s={search_term_string}\"},\"query-input\":{\"@type\":\"PropertyValueSpecification\",\"valueRequired\":true,\"valueName\":\"search_term_string\"}}],\"inLanguage\":\"fr-BE\"},{\"@type\":[\"Person\",\"Organization\"],\"@id\":\"https:\/\/avrupapress.com\/#\/schema\/person\/0223dca19c72c43575bf30d1a2d8f4fa\",\"name\":\"Bilgin \u00d6z\u00e7ift\u00e7i\",\"image\":{\"@type\":\"ImageObject\",\"inLanguage\":\"fr-BE\",\"@id\":\"https:\/\/avrupapress.com\/#\/schema\/person\/image\/\",\"url\":\"https:\/\/secure.gravatar.com\/avatar\/0f23b280433a21e1ea7a0adcc46ed0ad16afe3ad8e630fd13d8a017dcbd54ef3?s=96&d=mm&r=g\",\"contentUrl\":\"https:\/\/secure.gravatar.com\/avatar\/0f23b280433a21e1ea7a0adcc46ed0ad16afe3ad8e630fd13d8a017dcbd54ef3?s=96&d=mm&r=g\",\"caption\":\"Bilgin \u00d6z\u00e7ift\u00e7i\"},\"logo\":{\"@id\":\"https:\/\/avrupapress.com\/#\/schema\/person\/image\/\"},\"description\":\"Ne ben, nede sen... Biz ancak \\\"biz\\\" olursak g\u00fc\u00e7l\u00fc olabiliriz\"},{\"@type\":\"Person\",\"@id\":\"https:\/\/avrupapress.com\/#\/schema\/person\/68428444ec60970d1e1b700cf4ca1e8f\",\"name\":\"Edit\u00f6r\",\"image\":{\"@type\":\"ImageObject\",\"inLanguage\":\"fr-BE\",\"@id\":\"https:\/\/avrupapress.com\/#\/schema\/person\/image\/\",\"url\":\"https:\/\/secure.gravatar.com\/avatar\/74996b0977aa5f1559ba9883776652508b229005c0d78fb2597897f0bd651c09?s=96&d=mm&r=g\",\"contentUrl\":\"https:\/\/secure.gravatar.com\/avatar\/74996b0977aa5f1559ba9883776652508b229005c0d78fb2597897f0bd651c09?s=96&d=mm&r=g\",\"caption\":\"Edit\u00f6r\"},\"sameAs\":[\"http:\/\/www.avrupapress.com\"],\"url\":\"https:\/\/avrupapress.com\/main\/author\/editor\/\"}]}<\/script>\n<!-- \/ Yoast SEO plugin. -->","yoast_head_json":{"title":"Biz nas\u0131l bir vurdum duymaz toplumuz - AvrupaPress","robots":{"index":"index","follow":"follow","max-snippet":"max-snippet:-1","max-image-preview":"max-image-preview:large","max-video-preview":"max-video-preview:-1"},"canonical":"https:\/\/avrupapress.com\/main\/2024\/02\/10\/biz-nasil-bir-vurdum-duymaz-toplumuz\/","og_locale":"fr_FR","og_type":"article","og_title":"Biz nas\u0131l bir vurdum duymaz toplumuz - AvrupaPress","og_description":"Biz nas\u0131l bir vurdum duymaz toplumuz. 2024 y\u0131l\u0131 el eme\u011fi i\u00e7in Bel\u00e7ikaya gelen \u00a0gurbetteki T\u00fcrk ve Fasl\u0131lar\u0131n g\u00f6\u00e7\u00fcn\u00fcn 60.c\u0131 y\u0131l\u0131n\u0131 kutlamaya ba\u015flad\u0131k. Evet bug\u00fcnlere kolay gelinmedi. Bizlere kap\u0131s\u0131n\u0131 a\u00e7an Bel\u00e7ika&rsquo;n\u0131n kaderini yar\u0131m as\u0131r\u0131 ge\u00e7mi\u015f bir zamanda nice h\u00fcz\u00fcnler,nice umutlar,nice ba\u015far\u0131lar ve nice fedakarl\u0131klar ya\u015fad\u0131k. Bazen Bel\u00e7ika&rsquo;n\u0131n ulusal dertlerini ve bazen toplumsal ba\u015far\u0131lar\u0131n\u0131n sevincini beraberce payla\u015ft\u0131k. [&hellip;]","og_url":"https:\/\/avrupapress.com\/main\/2024\/02\/10\/biz-nasil-bir-vurdum-duymaz-toplumuz\/","og_site_name":"AvrupaPress","article_published_time":"2024-02-10T21:19:45+00:00","article_modified_time":"2024-03-28T23:21:26+00:00","og_image":[{"width":279,"height":279,"url":"https:\/\/avrupapress.com\/main\/wp-content\/uploads\/2024\/02\/74693501_10157550254884360_3638495061068480512_n.jpg","type":"image\/jpeg"}],"author":"Edit\u00f6r","twitter_card":"summary_large_image","twitter_misc":{"\u00c9crit par":"Edit\u00f6r","Dur\u00e9e de lecture est.":"3 minutes"},"schema":{"@context":"https:\/\/schema.org","@graph":[{"@type":"Article","@id":"https:\/\/avrupapress.com\/main\/2024\/02\/10\/biz-nasil-bir-vurdum-duymaz-toplumuz\/#article","isPartOf":{"@id":"https:\/\/avrupapress.com\/main\/2024\/02\/10\/biz-nasil-bir-vurdum-duymaz-toplumuz\/"},"author":{"name":"Edit\u00f6r","@id":"https:\/\/avrupapress.com\/#\/schema\/person\/68428444ec60970d1e1b700cf4ca1e8f"},"headline":"Biz nas\u0131l bir vurdum duymaz toplumuz","datePublished":"2024-02-10T21:19:45+00:00","dateModified":"2024-03-28T23:21:26+00:00","mainEntityOfPage":{"@id":"https:\/\/avrupapress.com\/main\/2024\/02\/10\/biz-nasil-bir-vurdum-duymaz-toplumuz\/"},"wordCount":646,"publisher":{"@id":"https:\/\/avrupapress.com\/#\/schema\/person\/0223dca19c72c43575bf30d1a2d8f4fa"},"image":{"@id":"https:\/\/avrupapress.com\/main\/2024\/02\/10\/biz-nasil-bir-vurdum-duymaz-toplumuz\/#primaryimage"},"thumbnailUrl":"https:\/\/avrupapress.com\/main\/wp-content\/uploads\/2024\/02\/74693501_10157550254884360_3638495061068480512_n.jpg","articleSection":["Avrupa","Bel\u00e7ika","D\u00fcnya","Ekonomi","K\u00fclt\u00fcr-Sanat","Spor","Tan\u0131t\u0131m","T\u00fcrkiye","Uncategorized"],"inLanguage":"fr-BE"},{"@type":"WebPage","@id":"https:\/\/avrupapress.com\/main\/2024\/02\/10\/biz-nasil-bir-vurdum-duymaz-toplumuz\/","url":"https:\/\/avrupapress.com\/main\/2024\/02\/10\/biz-nasil-bir-vurdum-duymaz-toplumuz\/","name":"Biz nas\u0131l bir vurdum duymaz toplumuz - AvrupaPress","isPartOf":{"@id":"https:\/\/avrupapress.com\/#website"},"primaryImageOfPage":{"@id":"https:\/\/avrupapress.com\/main\/2024\/02\/10\/biz-nasil-bir-vurdum-duymaz-toplumuz\/#primaryimage"},"image":{"@id":"https:\/\/avrupapress.com\/main\/2024\/02\/10\/biz-nasil-bir-vurdum-duymaz-toplumuz\/#primaryimage"},"thumbnailUrl":"https:\/\/avrupapress.com\/main\/wp-content\/uploads\/2024\/02\/74693501_10157550254884360_3638495061068480512_n.jpg","datePublished":"2024-02-10T21:19:45+00:00","dateModified":"2024-03-28T23:21:26+00:00","breadcrumb":{"@id":"https:\/\/avrupapress.com\/main\/2024\/02\/10\/biz-nasil-bir-vurdum-duymaz-toplumuz\/#breadcrumb"},"inLanguage":"fr-BE","potentialAction":[{"@type":"ReadAction","target":["https:\/\/avrupapress.com\/main\/2024\/02\/10\/biz-nasil-bir-vurdum-duymaz-toplumuz\/"]}]},{"@type":"ImageObject","inLanguage":"fr-BE","@id":"https:\/\/avrupapress.com\/main\/2024\/02\/10\/biz-nasil-bir-vurdum-duymaz-toplumuz\/#primaryimage","url":"https:\/\/avrupapress.com\/main\/wp-content\/uploads\/2024\/02\/74693501_10157550254884360_3638495061068480512_n.jpg","contentUrl":"https:\/\/avrupapress.com\/main\/wp-content\/uploads\/2024\/02\/74693501_10157550254884360_3638495061068480512_n.jpg","width":279,"height":279},{"@type":"BreadcrumbList","@id":"https:\/\/avrupapress.com\/main\/2024\/02\/10\/biz-nasil-bir-vurdum-duymaz-toplumuz\/#breadcrumb","itemListElement":[{"@type":"ListItem","position":1,"name":"Anasayfa","item":"https:\/\/avrupapress.com\/"},{"@type":"ListItem","position":2,"name":"Biz nas\u0131l bir vurdum duymaz toplumuz"}]},{"@type":"WebSite","@id":"https:\/\/avrupapress.com\/#website","url":"https:\/\/avrupapress.com\/","name":"AvrupaPress","description":"Haberin Adresi","publisher":{"@id":"https:\/\/avrupapress.com\/#\/schema\/person\/0223dca19c72c43575bf30d1a2d8f4fa"},"potentialAction":[{"@type":"SearchAction","target":{"@type":"EntryPoint","urlTemplate":"https:\/\/avrupapress.com\/?s={search_term_string}"},"query-input":{"@type":"PropertyValueSpecification","valueRequired":true,"valueName":"search_term_string"}}],"inLanguage":"fr-BE"},{"@type":["Person","Organization"],"@id":"https:\/\/avrupapress.com\/#\/schema\/person\/0223dca19c72c43575bf30d1a2d8f4fa","name":"Bilgin \u00d6z\u00e7ift\u00e7i","image":{"@type":"ImageObject","inLanguage":"fr-BE","@id":"https:\/\/avrupapress.com\/#\/schema\/person\/image\/","url":"https:\/\/secure.gravatar.com\/avatar\/0f23b280433a21e1ea7a0adcc46ed0ad16afe3ad8e630fd13d8a017dcbd54ef3?s=96&d=mm&r=g","contentUrl":"https:\/\/secure.gravatar.com\/avatar\/0f23b280433a21e1ea7a0adcc46ed0ad16afe3ad8e630fd13d8a017dcbd54ef3?s=96&d=mm&r=g","caption":"Bilgin \u00d6z\u00e7ift\u00e7i"},"logo":{"@id":"https:\/\/avrupapress.com\/#\/schema\/person\/image\/"},"description":"Ne ben, nede sen... Biz ancak \"biz\" olursak g\u00fc\u00e7l\u00fc olabiliriz"},{"@type":"Person","@id":"https:\/\/avrupapress.com\/#\/schema\/person\/68428444ec60970d1e1b700cf4ca1e8f","name":"Edit\u00f6r","image":{"@type":"ImageObject","inLanguage":"fr-BE","@id":"https:\/\/avrupapress.com\/#\/schema\/person\/image\/","url":"https:\/\/secure.gravatar.com\/avatar\/74996b0977aa5f1559ba9883776652508b229005c0d78fb2597897f0bd651c09?s=96&d=mm&r=g","contentUrl":"https:\/\/secure.gravatar.com\/avatar\/74996b0977aa5f1559ba9883776652508b229005c0d78fb2597897f0bd651c09?s=96&d=mm&r=g","caption":"Edit\u00f6r"},"sameAs":["http:\/\/www.avrupapress.com"],"url":"https:\/\/avrupapress.com\/main\/author\/editor\/"}]}},"_links":{"self":[{"href":"https:\/\/avrupapress.com\/main\/wp-json\/wp\/v2\/posts\/25189","targetHints":{"allow":["GET"]}}],"collection":[{"href":"https:\/\/avrupapress.com\/main\/wp-json\/wp\/v2\/posts"}],"about":[{"href":"https:\/\/avrupapress.com\/main\/wp-json\/wp\/v2\/types\/post"}],"author":[{"embeddable":true,"href":"https:\/\/avrupapress.com\/main\/wp-json\/wp\/v2\/users\/3"}],"replies":[{"embeddable":true,"href":"https:\/\/avrupapress.com\/main\/wp-json\/wp\/v2\/comments?post=25189"}],"version-history":[{"count":2,"href":"https:\/\/avrupapress.com\/main\/wp-json\/wp\/v2\/posts\/25189\/revisions"}],"predecessor-version":[{"id":25635,"href":"https:\/\/avrupapress.com\/main\/wp-json\/wp\/v2\/posts\/25189\/revisions\/25635"}],"wp:featuredmedia":[{"embeddable":true,"href":"https:\/\/avrupapress.com\/main\/wp-json\/wp\/v2\/media\/25190"}],"wp:attachment":[{"href":"https:\/\/avrupapress.com\/main\/wp-json\/wp\/v2\/media?parent=25189"}],"wp:term":[{"taxonomy":"category","embeddable":true,"href":"https:\/\/avrupapress.com\/main\/wp-json\/wp\/v2\/categories?post=25189"},{"taxonomy":"post_tag","embeddable":true,"href":"https:\/\/avrupapress.com\/main\/wp-json\/wp\/v2\/tags?post=25189"}],"curies":[{"name":"wp","href":"https:\/\/api.w.org\/{rel}","templated":true}]}}