{"id":25182,"date":"2024-02-08T20:49:41","date_gmt":"2024-02-08T20:49:41","guid":{"rendered":"https:\/\/avrupapress.com\/main\/?p=25182"},"modified":"2024-02-08T21:12:40","modified_gmt":"2024-02-08T21:12:40","slug":"azerbaycanda-secim-cumhurbaskani-ilham-aliyev-kazandi","status":"publish","type":"post","link":"https:\/\/avrupapress.com\/main\/2024\/02\/08\/azerbaycanda-secim-cumhurbaskani-ilham-aliyev-kazandi\/","title":{"rendered":"Azerbaycan&rsquo;da Cumhurba\u015fkanl\u0131g\u0131 se\u00e7imini Cumhurba\u015fkan\u0131 \u0130lham Aliyev Kazandi&#8230;.."},"content":{"rendered":"<p><strong>Azerbaycan&rsquo;da yap\u0131lan cumhurba\u015fkan\u0131 se\u00e7imini \u0130lham Aliyev kazand\u0131. Merkez Se\u00e7im Kurulu Ba\u015fkan\u0131 Penahov, Aliyev&rsquo;in y\u00fczde 92,1 oy ald\u0131\u011f\u0131n\u0131 duyurdu<\/strong><\/p>\n<p>Azerbaycan&rsquo;daki cumhurba\u015fkan\u0131 se\u00e7imide kesin olmayan sonu\u00e7lara g\u00f6re \u0130lham Aliyev zaferini ilan etti.<\/p>\n<p>Azerbaycan Merkezi Se\u00e7im Kurulu Ba\u015fkan\u0131 Mezahir Penahov, Aliyev&rsquo;in cumhurba\u015fkan\u0131 se\u00e7imini y\u00fczde 92,1 oyla kazand\u0131\u011f\u0131n\u0131 duyurdu.<\/p>\n<p>Se\u00e7imde 4 milyon 971 bin se\u00e7menin oy kulland\u0131\u011f\u0131n\u0131 bildiren Penahov, kat\u0131l\u0131m oran\u0131n\u0131n y\u00fczde 76,73 oldu\u011funu belirtti.<\/p>\n<p>Penahov, a\u00e7\u0131lan sand\u0131k oran\u0131n\u0131n y\u00fczde 54,47 oldu\u011funu bildirerek, \u0130lham Aliyev&rsquo;in oylar\u0131n y\u00fczde 92,1&rsquo;ini ald\u0131\u011f\u0131n\u0131 bildirdi.<\/p>\n<p>Aliyev&rsquo;i y\u00fczde 2,2 oyla ba\u011f\u0131ms\u0131z aday Zahid Oru\u00e7&rsquo;un takip etti\u011fini belirten Penahov, B\u00fcy\u00fck Kurulu\u015f Partisi Genel Ba\u015fkan\u0131 Faz\u0131l Mustafa&rsquo;n\u0131n y\u00fczde 1,99, B\u00fct\u00fcn Azerbaycan Halk Cephesi Partisi Genel Ba\u015fkan\u0131 Kudret Hasanguliyev&rsquo;in y\u00fczde 1,78, Milli Cephe Partisi Genel Ba\u015fkan\u0131 Razi Nurullayev&rsquo;in y\u00fczde 0,79, B\u00fcy\u00fck Azerbaycan Partisi Genel Ba\u015fkan\u0131 El\u015fad Musayev&rsquo;in y\u00fczde 0,66, ba\u011f\u0131ms\u0131z aday Fuat Aliyev&rsquo;in ise y\u00fczde 0,48 oy ald\u0131\u011f\u0131n\u0131 aktard\u0131.<\/p>\n<p>Azerbaycanl\u0131lar, 7 y\u0131l \u00fclkeyi y\u00f6netecek yeni cumhurba\u015fkan\u0131n\u0131 se\u00e7mek i\u00e7in sand\u0131k ba\u015f\u0131na gitmi\u015fti.<\/p>\n<p>Sand\u0131k \u00e7\u0131k\u0131\u015f\u0131 anket sonu\u00e7lar\u0131,\u00a020 y\u0131l\u0131 a\u015fk\u0131n bir s\u00fcredir iktidarda bulunan Aliyev&rsquo;in y\u00fczde 93,9 oran\u0131nda oy ald\u0131\u011f\u0131n\u0131 g\u00f6steriyor.<\/p>\n<p>62 ya\u015f\u0131ndaki Aliyev, Azerbaycan birliklerinin Karaba\u011f b\u00f6lgesini otuz y\u0131ld\u0131r kontrol eden etnik Ermeni g\u00fc\u00e7lerinden geri almas\u0131ndan k\u0131sa bir s\u00fcre sonra erken se\u00e7im \u00e7a\u011fr\u0131s\u0131nda bulunmu\u015ftu.<\/p>\n<p>Aliyev&rsquo;in ancak ge\u00e7en ay duyurdu\u011fu se\u00e7im, iki ana muhalefet partisi taraf\u0131ndan boykot edildi.<\/p>\n<h2>Cumhurba\u015fkan\u0131 Erdo\u011fan, Aliyev&rsquo;i kutlad\u0131<\/h2>\n<p>Cumhurba\u015fkan\u0131 Recep Tayyip Erdo\u011fan, telefonla g\u00f6r\u00fc\u015ft\u00fc\u011f\u00fc Aliyev\u2019i Cumhurba\u015fkanl\u0131\u011f\u0131 se\u00e7iminde kazand\u0131\u011f\u0131 zafer nedeniyle tebrik etti.<\/p>\n<p>&nbsp;<\/p>\n<p><strong>Bilgin\u00a0 Ozciftcii\u00a0 \u00a0 \/\u00a0 \u00a0 AVRUPAPRESS<\/strong><\/p>\n","protected":false},"excerpt":{"rendered":"<p>Azerbaycan&rsquo;da yap\u0131lan cumhurba\u015fkan\u0131 se\u00e7imini \u0130lham Aliyev kazand\u0131. Merkez Se\u00e7im Kurulu Ba\u015fkan\u0131 Penahov, Aliyev&rsquo;in y\u00fczde 92,1 oy ald\u0131\u011f\u0131n\u0131 duyurdu Azerbaycan&rsquo;daki cumhurba\u015fkan\u0131 se\u00e7imide kesin olmayan sonu\u00e7lara g\u00f6re \u0130lham Aliyev zaferini ilan etti. Azerbaycan Merkezi Se\u00e7im Kurulu Ba\u015fkan\u0131 Mezahir Penahov, Aliyev&rsquo;in cumhurba\u015fkan\u0131 se\u00e7imini y\u00fczde 92,1 oyla kazand\u0131\u011f\u0131n\u0131 duyurdu. Se\u00e7imde 4 milyon 971 bin se\u00e7menin oy kulland\u0131\u011f\u0131n\u0131 bildiren Penahov, [&hellip;]<\/p>\n","protected":false},"author":3,"featured_media":25183,"comment_status":"closed","ping_status":"open","sticky":false,"template":"","format":"standard","meta":{"footnotes":""},"categories":[14,16,3,17,18,15,19,2,1],"tags":[],"class_list":["post-25182","post","type-post","status-publish","format-standard","has-post-thumbnail","hentry","category-avrupa","category-belcika","category-dunya","category-ekonomi","category-kultur-sanat","category-spor","category-tanitim","category-turkiye","category-uncategorized"],"yoast_head":"<!-- This site is optimized with the Yoast SEO plugin v26.9 - https:\/\/yoast.com\/product\/yoast-seo-wordpress\/ -->\n<title>Azerbaycan&#039;da Cumhurba\u015fkanl\u0131g\u0131 se\u00e7imini Cumhurba\u015fkan\u0131 \u0130lham Aliyev Kazandi..... - AvrupaPress<\/title>\n<meta name=\"robots\" content=\"index, follow, max-snippet:-1, max-image-preview:large, max-video-preview:-1\" \/>\n<link rel=\"canonical\" href=\"https:\/\/avrupapress.com\/main\/2024\/02\/08\/azerbaycanda-secim-cumhurbaskani-ilham-aliyev-kazandi\/\" \/>\n<meta property=\"og:locale\" content=\"fr_FR\" \/>\n<meta property=\"og:type\" content=\"article\" \/>\n<meta property=\"og:title\" content=\"Azerbaycan&#039;da Cumhurba\u015fkanl\u0131g\u0131 se\u00e7imini Cumhurba\u015fkan\u0131 \u0130lham Aliyev Kazandi..... - AvrupaPress\" \/>\n<meta property=\"og:description\" content=\"Azerbaycan&rsquo;da yap\u0131lan cumhurba\u015fkan\u0131 se\u00e7imini \u0130lham Aliyev kazand\u0131. Merkez Se\u00e7im Kurulu Ba\u015fkan\u0131 Penahov, Aliyev&rsquo;in y\u00fczde 92,1 oy ald\u0131\u011f\u0131n\u0131 duyurdu Azerbaycan&rsquo;daki cumhurba\u015fkan\u0131 se\u00e7imide kesin olmayan sonu\u00e7lara g\u00f6re \u0130lham Aliyev zaferini ilan etti. Azerbaycan Merkezi Se\u00e7im Kurulu Ba\u015fkan\u0131 Mezahir Penahov, Aliyev&rsquo;in cumhurba\u015fkan\u0131 se\u00e7imini y\u00fczde 92,1 oyla kazand\u0131\u011f\u0131n\u0131 duyurdu. Se\u00e7imde 4 milyon 971 bin se\u00e7menin oy kulland\u0131\u011f\u0131n\u0131 bildiren Penahov, [&hellip;]\" \/>\n<meta property=\"og:url\" content=\"https:\/\/avrupapress.com\/main\/2024\/02\/08\/azerbaycanda-secim-cumhurbaskani-ilham-aliyev-kazandi\/\" \/>\n<meta property=\"og:site_name\" content=\"AvrupaPress\" \/>\n<meta property=\"article:published_time\" content=\"2024-02-08T20:49:41+00:00\" \/>\n<meta property=\"article:modified_time\" content=\"2024-02-08T21:12:40+00:00\" \/>\n<meta property=\"og:image\" content=\"https:\/\/avrupapress.com\/main\/wp-content\/uploads\/2024\/02\/1920x1080_cmsv2_6bb27b39-1252-5468-a169-e0254f77bbad-8225140.webp\" \/>\n\t<meta property=\"og:image:width\" content=\"1920\" \/>\n\t<meta property=\"og:image:height\" content=\"1080\" \/>\n\t<meta property=\"og:image:type\" content=\"image\/webp\" \/>\n<meta name=\"author\" content=\"Edit\u00f6r\" \/>\n<meta name=\"twitter:card\" content=\"summary_large_image\" \/>\n<meta name=\"twitter:label1\" content=\"\u00c9crit par\" \/>\n\t<meta name=\"twitter:data1\" content=\"Edit\u00f6r\" \/>\n\t<meta name=\"twitter:label2\" content=\"Dur\u00e9e de lecture est.\" \/>\n\t<meta name=\"twitter:data2\" content=\"2 minutes\" \/>\n<script type=\"application\/ld+json\" class=\"yoast-schema-graph\">{\"@context\":\"https:\/\/schema.org\",\"@graph\":[{\"@type\":\"Article\",\"@id\":\"https:\/\/avrupapress.com\/main\/2024\/02\/08\/azerbaycanda-secim-cumhurbaskani-ilham-aliyev-kazandi\/#article\",\"isPartOf\":{\"@id\":\"https:\/\/avrupapress.com\/main\/2024\/02\/08\/azerbaycanda-secim-cumhurbaskani-ilham-aliyev-kazandi\/\"},\"author\":{\"name\":\"Edit\u00f6r\",\"@id\":\"https:\/\/avrupapress.com\/#\/schema\/person\/68428444ec60970d1e1b700cf4ca1e8f\"},\"headline\":\"Azerbaycan&rsquo;da Cumhurba\u015fkanl\u0131g\u0131 se\u00e7imini Cumhurba\u015fkan\u0131 \u0130lham Aliyev Kazandi&#8230;..\",\"datePublished\":\"2024-02-08T20:49:41+00:00\",\"dateModified\":\"2024-02-08T21:12:40+00:00\",\"mainEntityOfPage\":{\"@id\":\"https:\/\/avrupapress.com\/main\/2024\/02\/08\/azerbaycanda-secim-cumhurbaskani-ilham-aliyev-kazandi\/\"},\"wordCount\":327,\"publisher\":{\"@id\":\"https:\/\/avrupapress.com\/#\/schema\/person\/0223dca19c72c43575bf30d1a2d8f4fa\"},\"image\":{\"@id\":\"https:\/\/avrupapress.com\/main\/2024\/02\/08\/azerbaycanda-secim-cumhurbaskani-ilham-aliyev-kazandi\/#primaryimage\"},\"thumbnailUrl\":\"https:\/\/avrupapress.com\/main\/wp-content\/uploads\/2024\/02\/1920x1080_cmsv2_6bb27b39-1252-5468-a169-e0254f77bbad-8225140.webp\",\"articleSection\":[\"Avrupa\",\"Bel\u00e7ika\",\"D\u00fcnya\",\"Ekonomi\",\"K\u00fclt\u00fcr-Sanat\",\"Spor\",\"Tan\u0131t\u0131m\",\"T\u00fcrkiye\",\"Uncategorized\"],\"inLanguage\":\"fr-BE\"},{\"@type\":\"WebPage\",\"@id\":\"https:\/\/avrupapress.com\/main\/2024\/02\/08\/azerbaycanda-secim-cumhurbaskani-ilham-aliyev-kazandi\/\",\"url\":\"https:\/\/avrupapress.com\/main\/2024\/02\/08\/azerbaycanda-secim-cumhurbaskani-ilham-aliyev-kazandi\/\",\"name\":\"Azerbaycan'da Cumhurba\u015fkanl\u0131g\u0131 se\u00e7imini Cumhurba\u015fkan\u0131 \u0130lham Aliyev Kazandi..... - AvrupaPress\",\"isPartOf\":{\"@id\":\"https:\/\/avrupapress.com\/#website\"},\"primaryImageOfPage\":{\"@id\":\"https:\/\/avrupapress.com\/main\/2024\/02\/08\/azerbaycanda-secim-cumhurbaskani-ilham-aliyev-kazandi\/#primaryimage\"},\"image\":{\"@id\":\"https:\/\/avrupapress.com\/main\/2024\/02\/08\/azerbaycanda-secim-cumhurbaskani-ilham-aliyev-kazandi\/#primaryimage\"},\"thumbnailUrl\":\"https:\/\/avrupapress.com\/main\/wp-content\/uploads\/2024\/02\/1920x1080_cmsv2_6bb27b39-1252-5468-a169-e0254f77bbad-8225140.webp\",\"datePublished\":\"2024-02-08T20:49:41+00:00\",\"dateModified\":\"2024-02-08T21:12:40+00:00\",\"breadcrumb\":{\"@id\":\"https:\/\/avrupapress.com\/main\/2024\/02\/08\/azerbaycanda-secim-cumhurbaskani-ilham-aliyev-kazandi\/#breadcrumb\"},\"inLanguage\":\"fr-BE\",\"potentialAction\":[{\"@type\":\"ReadAction\",\"target\":[\"https:\/\/avrupapress.com\/main\/2024\/02\/08\/azerbaycanda-secim-cumhurbaskani-ilham-aliyev-kazandi\/\"]}]},{\"@type\":\"ImageObject\",\"inLanguage\":\"fr-BE\",\"@id\":\"https:\/\/avrupapress.com\/main\/2024\/02\/08\/azerbaycanda-secim-cumhurbaskani-ilham-aliyev-kazandi\/#primaryimage\",\"url\":\"https:\/\/avrupapress.com\/main\/wp-content\/uploads\/2024\/02\/1920x1080_cmsv2_6bb27b39-1252-5468-a169-e0254f77bbad-8225140.webp\",\"contentUrl\":\"https:\/\/avrupapress.com\/main\/wp-content\/uploads\/2024\/02\/1920x1080_cmsv2_6bb27b39-1252-5468-a169-e0254f77bbad-8225140.webp\",\"width\":1920,\"height\":1080},{\"@type\":\"BreadcrumbList\",\"@id\":\"https:\/\/avrupapress.com\/main\/2024\/02\/08\/azerbaycanda-secim-cumhurbaskani-ilham-aliyev-kazandi\/#breadcrumb\",\"itemListElement\":[{\"@type\":\"ListItem\",\"position\":1,\"name\":\"Anasayfa\",\"item\":\"https:\/\/avrupapress.com\/\"},{\"@type\":\"ListItem\",\"position\":2,\"name\":\"Azerbaycan&#8217;da Cumhurba\u015fkanl\u0131g\u0131 se\u00e7imini Cumhurba\u015fkan\u0131 \u0130lham Aliyev Kazandi&#8230;..\"}]},{\"@type\":\"WebSite\",\"@id\":\"https:\/\/avrupapress.com\/#website\",\"url\":\"https:\/\/avrupapress.com\/\",\"name\":\"AvrupaPress\",\"description\":\"Haberin Adresi\",\"publisher\":{\"@id\":\"https:\/\/avrupapress.com\/#\/schema\/person\/0223dca19c72c43575bf30d1a2d8f4fa\"},\"potentialAction\":[{\"@type\":\"SearchAction\",\"target\":{\"@type\":\"EntryPoint\",\"urlTemplate\":\"https:\/\/avrupapress.com\/?s={search_term_string}\"},\"query-input\":{\"@type\":\"PropertyValueSpecification\",\"valueRequired\":true,\"valueName\":\"search_term_string\"}}],\"inLanguage\":\"fr-BE\"},{\"@type\":[\"Person\",\"Organization\"],\"@id\":\"https:\/\/avrupapress.com\/#\/schema\/person\/0223dca19c72c43575bf30d1a2d8f4fa\",\"name\":\"Bilgin \u00d6z\u00e7ift\u00e7i\",\"image\":{\"@type\":\"ImageObject\",\"inLanguage\":\"fr-BE\",\"@id\":\"https:\/\/avrupapress.com\/#\/schema\/person\/image\/\",\"url\":\"https:\/\/secure.gravatar.com\/avatar\/0f23b280433a21e1ea7a0adcc46ed0ad16afe3ad8e630fd13d8a017dcbd54ef3?s=96&d=mm&r=g\",\"contentUrl\":\"https:\/\/secure.gravatar.com\/avatar\/0f23b280433a21e1ea7a0adcc46ed0ad16afe3ad8e630fd13d8a017dcbd54ef3?s=96&d=mm&r=g\",\"caption\":\"Bilgin \u00d6z\u00e7ift\u00e7i\"},\"logo\":{\"@id\":\"https:\/\/avrupapress.com\/#\/schema\/person\/image\/\"},\"description\":\"Ne ben, nede sen... Biz ancak \\\"biz\\\" olursak g\u00fc\u00e7l\u00fc olabiliriz\"},{\"@type\":\"Person\",\"@id\":\"https:\/\/avrupapress.com\/#\/schema\/person\/68428444ec60970d1e1b700cf4ca1e8f\",\"name\":\"Edit\u00f6r\",\"image\":{\"@type\":\"ImageObject\",\"inLanguage\":\"fr-BE\",\"@id\":\"https:\/\/avrupapress.com\/#\/schema\/person\/image\/\",\"url\":\"https:\/\/secure.gravatar.com\/avatar\/74996b0977aa5f1559ba9883776652508b229005c0d78fb2597897f0bd651c09?s=96&d=mm&r=g\",\"contentUrl\":\"https:\/\/secure.gravatar.com\/avatar\/74996b0977aa5f1559ba9883776652508b229005c0d78fb2597897f0bd651c09?s=96&d=mm&r=g\",\"caption\":\"Edit\u00f6r\"},\"sameAs\":[\"http:\/\/www.avrupapress.com\"],\"url\":\"https:\/\/avrupapress.com\/main\/author\/editor\/\"}]}<\/script>\n<!-- \/ Yoast SEO plugin. -->","yoast_head_json":{"title":"Azerbaycan'da Cumhurba\u015fkanl\u0131g\u0131 se\u00e7imini Cumhurba\u015fkan\u0131 \u0130lham Aliyev Kazandi..... - AvrupaPress","robots":{"index":"index","follow":"follow","max-snippet":"max-snippet:-1","max-image-preview":"max-image-preview:large","max-video-preview":"max-video-preview:-1"},"canonical":"https:\/\/avrupapress.com\/main\/2024\/02\/08\/azerbaycanda-secim-cumhurbaskani-ilham-aliyev-kazandi\/","og_locale":"fr_FR","og_type":"article","og_title":"Azerbaycan'da Cumhurba\u015fkanl\u0131g\u0131 se\u00e7imini Cumhurba\u015fkan\u0131 \u0130lham Aliyev Kazandi..... - AvrupaPress","og_description":"Azerbaycan&rsquo;da yap\u0131lan cumhurba\u015fkan\u0131 se\u00e7imini \u0130lham Aliyev kazand\u0131. Merkez Se\u00e7im Kurulu Ba\u015fkan\u0131 Penahov, Aliyev&rsquo;in y\u00fczde 92,1 oy ald\u0131\u011f\u0131n\u0131 duyurdu Azerbaycan&rsquo;daki cumhurba\u015fkan\u0131 se\u00e7imide kesin olmayan sonu\u00e7lara g\u00f6re \u0130lham Aliyev zaferini ilan etti. Azerbaycan Merkezi Se\u00e7im Kurulu Ba\u015fkan\u0131 Mezahir Penahov, Aliyev&rsquo;in cumhurba\u015fkan\u0131 se\u00e7imini y\u00fczde 92,1 oyla kazand\u0131\u011f\u0131n\u0131 duyurdu. Se\u00e7imde 4 milyon 971 bin se\u00e7menin oy kulland\u0131\u011f\u0131n\u0131 bildiren Penahov, [&hellip;]","og_url":"https:\/\/avrupapress.com\/main\/2024\/02\/08\/azerbaycanda-secim-cumhurbaskani-ilham-aliyev-kazandi\/","og_site_name":"AvrupaPress","article_published_time":"2024-02-08T20:49:41+00:00","article_modified_time":"2024-02-08T21:12:40+00:00","og_image":[{"width":1920,"height":1080,"url":"https:\/\/avrupapress.com\/main\/wp-content\/uploads\/2024\/02\/1920x1080_cmsv2_6bb27b39-1252-5468-a169-e0254f77bbad-8225140.webp","type":"image\/webp"}],"author":"Edit\u00f6r","twitter_card":"summary_large_image","twitter_misc":{"\u00c9crit par":"Edit\u00f6r","Dur\u00e9e de lecture est.":"2 minutes"},"schema":{"@context":"https:\/\/schema.org","@graph":[{"@type":"Article","@id":"https:\/\/avrupapress.com\/main\/2024\/02\/08\/azerbaycanda-secim-cumhurbaskani-ilham-aliyev-kazandi\/#article","isPartOf":{"@id":"https:\/\/avrupapress.com\/main\/2024\/02\/08\/azerbaycanda-secim-cumhurbaskani-ilham-aliyev-kazandi\/"},"author":{"name":"Edit\u00f6r","@id":"https:\/\/avrupapress.com\/#\/schema\/person\/68428444ec60970d1e1b700cf4ca1e8f"},"headline":"Azerbaycan&rsquo;da Cumhurba\u015fkanl\u0131g\u0131 se\u00e7imini Cumhurba\u015fkan\u0131 \u0130lham Aliyev Kazandi&#8230;..","datePublished":"2024-02-08T20:49:41+00:00","dateModified":"2024-02-08T21:12:40+00:00","mainEntityOfPage":{"@id":"https:\/\/avrupapress.com\/main\/2024\/02\/08\/azerbaycanda-secim-cumhurbaskani-ilham-aliyev-kazandi\/"},"wordCount":327,"publisher":{"@id":"https:\/\/avrupapress.com\/#\/schema\/person\/0223dca19c72c43575bf30d1a2d8f4fa"},"image":{"@id":"https:\/\/avrupapress.com\/main\/2024\/02\/08\/azerbaycanda-secim-cumhurbaskani-ilham-aliyev-kazandi\/#primaryimage"},"thumbnailUrl":"https:\/\/avrupapress.com\/main\/wp-content\/uploads\/2024\/02\/1920x1080_cmsv2_6bb27b39-1252-5468-a169-e0254f77bbad-8225140.webp","articleSection":["Avrupa","Bel\u00e7ika","D\u00fcnya","Ekonomi","K\u00fclt\u00fcr-Sanat","Spor","Tan\u0131t\u0131m","T\u00fcrkiye","Uncategorized"],"inLanguage":"fr-BE"},{"@type":"WebPage","@id":"https:\/\/avrupapress.com\/main\/2024\/02\/08\/azerbaycanda-secim-cumhurbaskani-ilham-aliyev-kazandi\/","url":"https:\/\/avrupapress.com\/main\/2024\/02\/08\/azerbaycanda-secim-cumhurbaskani-ilham-aliyev-kazandi\/","name":"Azerbaycan'da Cumhurba\u015fkanl\u0131g\u0131 se\u00e7imini Cumhurba\u015fkan\u0131 \u0130lham Aliyev Kazandi..... - AvrupaPress","isPartOf":{"@id":"https:\/\/avrupapress.com\/#website"},"primaryImageOfPage":{"@id":"https:\/\/avrupapress.com\/main\/2024\/02\/08\/azerbaycanda-secim-cumhurbaskani-ilham-aliyev-kazandi\/#primaryimage"},"image":{"@id":"https:\/\/avrupapress.com\/main\/2024\/02\/08\/azerbaycanda-secim-cumhurbaskani-ilham-aliyev-kazandi\/#primaryimage"},"thumbnailUrl":"https:\/\/avrupapress.com\/main\/wp-content\/uploads\/2024\/02\/1920x1080_cmsv2_6bb27b39-1252-5468-a169-e0254f77bbad-8225140.webp","datePublished":"2024-02-08T20:49:41+00:00","dateModified":"2024-02-08T21:12:40+00:00","breadcrumb":{"@id":"https:\/\/avrupapress.com\/main\/2024\/02\/08\/azerbaycanda-secim-cumhurbaskani-ilham-aliyev-kazandi\/#breadcrumb"},"inLanguage":"fr-BE","potentialAction":[{"@type":"ReadAction","target":["https:\/\/avrupapress.com\/main\/2024\/02\/08\/azerbaycanda-secim-cumhurbaskani-ilham-aliyev-kazandi\/"]}]},{"@type":"ImageObject","inLanguage":"fr-BE","@id":"https:\/\/avrupapress.com\/main\/2024\/02\/08\/azerbaycanda-secim-cumhurbaskani-ilham-aliyev-kazandi\/#primaryimage","url":"https:\/\/avrupapress.com\/main\/wp-content\/uploads\/2024\/02\/1920x1080_cmsv2_6bb27b39-1252-5468-a169-e0254f77bbad-8225140.webp","contentUrl":"https:\/\/avrupapress.com\/main\/wp-content\/uploads\/2024\/02\/1920x1080_cmsv2_6bb27b39-1252-5468-a169-e0254f77bbad-8225140.webp","width":1920,"height":1080},{"@type":"BreadcrumbList","@id":"https:\/\/avrupapress.com\/main\/2024\/02\/08\/azerbaycanda-secim-cumhurbaskani-ilham-aliyev-kazandi\/#breadcrumb","itemListElement":[{"@type":"ListItem","position":1,"name":"Anasayfa","item":"https:\/\/avrupapress.com\/"},{"@type":"ListItem","position":2,"name":"Azerbaycan&#8217;da Cumhurba\u015fkanl\u0131g\u0131 se\u00e7imini Cumhurba\u015fkan\u0131 \u0130lham Aliyev Kazandi&#8230;.."}]},{"@type":"WebSite","@id":"https:\/\/avrupapress.com\/#website","url":"https:\/\/avrupapress.com\/","name":"AvrupaPress","description":"Haberin Adresi","publisher":{"@id":"https:\/\/avrupapress.com\/#\/schema\/person\/0223dca19c72c43575bf30d1a2d8f4fa"},"potentialAction":[{"@type":"SearchAction","target":{"@type":"EntryPoint","urlTemplate":"https:\/\/avrupapress.com\/?s={search_term_string}"},"query-input":{"@type":"PropertyValueSpecification","valueRequired":true,"valueName":"search_term_string"}}],"inLanguage":"fr-BE"},{"@type":["Person","Organization"],"@id":"https:\/\/avrupapress.com\/#\/schema\/person\/0223dca19c72c43575bf30d1a2d8f4fa","name":"Bilgin \u00d6z\u00e7ift\u00e7i","image":{"@type":"ImageObject","inLanguage":"fr-BE","@id":"https:\/\/avrupapress.com\/#\/schema\/person\/image\/","url":"https:\/\/secure.gravatar.com\/avatar\/0f23b280433a21e1ea7a0adcc46ed0ad16afe3ad8e630fd13d8a017dcbd54ef3?s=96&d=mm&r=g","contentUrl":"https:\/\/secure.gravatar.com\/avatar\/0f23b280433a21e1ea7a0adcc46ed0ad16afe3ad8e630fd13d8a017dcbd54ef3?s=96&d=mm&r=g","caption":"Bilgin \u00d6z\u00e7ift\u00e7i"},"logo":{"@id":"https:\/\/avrupapress.com\/#\/schema\/person\/image\/"},"description":"Ne ben, nede sen... Biz ancak \"biz\" olursak g\u00fc\u00e7l\u00fc olabiliriz"},{"@type":"Person","@id":"https:\/\/avrupapress.com\/#\/schema\/person\/68428444ec60970d1e1b700cf4ca1e8f","name":"Edit\u00f6r","image":{"@type":"ImageObject","inLanguage":"fr-BE","@id":"https:\/\/avrupapress.com\/#\/schema\/person\/image\/","url":"https:\/\/secure.gravatar.com\/avatar\/74996b0977aa5f1559ba9883776652508b229005c0d78fb2597897f0bd651c09?s=96&d=mm&r=g","contentUrl":"https:\/\/secure.gravatar.com\/avatar\/74996b0977aa5f1559ba9883776652508b229005c0d78fb2597897f0bd651c09?s=96&d=mm&r=g","caption":"Edit\u00f6r"},"sameAs":["http:\/\/www.avrupapress.com"],"url":"https:\/\/avrupapress.com\/main\/author\/editor\/"}]}},"_links":{"self":[{"href":"https:\/\/avrupapress.com\/main\/wp-json\/wp\/v2\/posts\/25182","targetHints":{"allow":["GET"]}}],"collection":[{"href":"https:\/\/avrupapress.com\/main\/wp-json\/wp\/v2\/posts"}],"about":[{"href":"https:\/\/avrupapress.com\/main\/wp-json\/wp\/v2\/types\/post"}],"author":[{"embeddable":true,"href":"https:\/\/avrupapress.com\/main\/wp-json\/wp\/v2\/users\/3"}],"replies":[{"embeddable":true,"href":"https:\/\/avrupapress.com\/main\/wp-json\/wp\/v2\/comments?post=25182"}],"version-history":[{"count":4,"href":"https:\/\/avrupapress.com\/main\/wp-json\/wp\/v2\/posts\/25182\/revisions"}],"predecessor-version":[{"id":25187,"href":"https:\/\/avrupapress.com\/main\/wp-json\/wp\/v2\/posts\/25182\/revisions\/25187"}],"wp:featuredmedia":[{"embeddable":true,"href":"https:\/\/avrupapress.com\/main\/wp-json\/wp\/v2\/media\/25183"}],"wp:attachment":[{"href":"https:\/\/avrupapress.com\/main\/wp-json\/wp\/v2\/media?parent=25182"}],"wp:term":[{"taxonomy":"category","embeddable":true,"href":"https:\/\/avrupapress.com\/main\/wp-json\/wp\/v2\/categories?post=25182"},{"taxonomy":"post_tag","embeddable":true,"href":"https:\/\/avrupapress.com\/main\/wp-json\/wp\/v2\/tags?post=25182"}],"curies":[{"name":"wp","href":"https:\/\/api.w.org\/{rel}","templated":true}]}}